{"id":1030,"date":"2020-05-02T23:04:03","date_gmt":"2020-05-02T21:04:03","guid":{"rendered":"https:\/\/blogg.atl.nu\/abbotnas-sateri\/?p=1030"},"modified":"2020-05-03T21:01:11","modified_gmt":"2020-05-03T19:01:11","slug":"sommardack-till-traktorn","status":"publish","type":"post","link":"https:\/\/blogg.atl.nu\/abbotnas-sateri\/2020\/05\/02\/sommardack-till-traktorn\/","title":{"rendered":"Sommard\u00e4ck till traktorn"},"content":{"rendered":"<p><strong>S\u00e5 var det dags f\u00f6r sommard\u00e4cken f\u00f6r 724:an och sprutan.<\/strong><\/p>\n<p><strong>Veckan som nu<\/strong> kommer verkar bjuda p\u00e5 en hel del bra sprutv\u00e4der och n\u00e4sta kv\u00e4ve-giva n\u00e4rmar sig. N\u00e4r vi d\u00e5 ska ut n\u00e4sta g\u00e5ng p\u00e5 f\u00e4lten vill vi undvika att skada gr\u00f6dan utanf\u00f6r k\u00f6rsp\u00e5ren. Vetet utanf\u00f6r k\u00f6rsp\u00e5ren har ju redan skadats lite vid tidigare g\u00f6dslingar i v\u00e5r, men har repat sig bra fr\u00e5n detta. K\u00f6rskador som nu uppst\u00e5r p\u00e5 vetet f\u00f6rsenar utvecklingen och \u00f6kar risken f\u00f6r att det inte \u00e4r moget n\u00e4r resten av f\u00e4ltet \u00e4r moget. Dessa gr\u00f6nskott f\u00f6rsv\u00e5rar sk\u00f6rde- och torkarbetet, dessa gr\u00f6nskott ska h\u00e5llas undan s\u00e5 gott det g\u00e5r. D\u00e4rf\u00f6r var det idag dags att skifta hjul p\u00e5 724:an och sprutan igen.<\/p>\n<figure id=\"attachment_1057\" aria-describedby=\"caption-attachment-1057\" style=\"width: 4032px\" class=\"wp-caption alignnone\"><img loading=\"lazy\" class=\"wp-image-1057 size-full\" src=\"https:\/\/blogg.atl.nu\/abbotnas-sateri\/wp-content\/uploads\/sites\/41\/2020\/05\/IMG_3102.jpg\" alt=\"\" width=\"4032\" height=\"3024\" \/><figcaption id=\"caption-attachment-1057\" class=\"wp-caption-text\">De tv\u00e5 tidigare nedk\u00f6rda raderna per sp\u00e5r b\u00f6rjar nu \u00e5terh\u00e4mta sig.<\/figcaption><\/figure>\n<p><strong>Detta tog hela<\/strong> f\u00f6rmiddagen f\u00f6r mig och farsan. Sj\u00e4lva hjulskiftena g\u00e5r fort, det \u00e4r allt runtomkring som tar tid. D\u00e4cken ska lyftas fram, sk\u00e4rmar och sk\u00e4rmbreddare bytas, d\u00e4cken man plockar av ska tv\u00e4ttas etc etc. Nu \u00e4r det i alla fall gjort och p\u00e5 traktorn sitter nu 320\/85 R38 fram och 320\/90 R54 bak, p\u00e5 sprutan sitter det nu 300\/95 R 52. Det \u00e4r en viss skillnad i bredd p\u00e5 hjulen som togs av gentemot de som nu sitter p\u00e5.<\/p>\n<figure id=\"attachment_1033\" aria-describedby=\"caption-attachment-1033\" style=\"width: 4032px\" class=\"wp-caption alignnone\"><img loading=\"lazy\" class=\"wp-image-1033 size-full\" src=\"https:\/\/blogg.atl.nu\/abbotnas-sateri\/wp-content\/uploads\/sites\/41\/2020\/05\/IMG_3027.jpg\" alt=\"\" width=\"4032\" height=\"3024\" \/><figcaption id=\"caption-attachment-1033\" class=\"wp-caption-text\">Det \u00e4r en viss skillnad p\u00e5 d\u00e4ckbredden. Det \u00e4r egentligen bara 58 cm men k\u00e4nns som mer.<\/figcaption><\/figure>\n<figure id=\"attachment_1031\" aria-describedby=\"caption-attachment-1031\" style=\"width: 4032px\" class=\"wp-caption alignnone\"><img loading=\"lazy\" class=\"wp-image-1031 size-full\" src=\"https:\/\/blogg.atl.nu\/abbotnas-sateri\/wp-content\/uploads\/sites\/41\/2020\/05\/IMG_3021.jpg\" alt=\"\" width=\"4032\" height=\"3024\" \/><figcaption id=\"caption-attachment-1031\" class=\"wp-caption-text\">Som sagt var stor skillnad.<\/figcaption><\/figure>\n<figure id=\"attachment_1041\" aria-describedby=\"caption-attachment-1041\" style=\"width: 4032px\" class=\"wp-caption alignnone\"><img loading=\"lazy\" class=\"wp-image-1041 size-full\" src=\"https:\/\/blogg.atl.nu\/abbotnas-sateri\/wp-content\/uploads\/sites\/41\/2020\/05\/IMG_3017.jpg\" alt=\"\" width=\"4032\" height=\"3024\" \/><figcaption id=\"caption-attachment-1041\" class=\"wp-caption-text\">P\u00e5 sprutan blev det inte lika stor men ack s\u00e5 viktigt skillnad.<\/figcaption><\/figure>\n<figure id=\"attachment_1034\" aria-describedby=\"caption-attachment-1034\" style=\"width: 4032px\" class=\"wp-caption alignnone\"><img loading=\"lazy\" class=\"wp-image-1034 size-full\" src=\"https:\/\/blogg.atl.nu\/abbotnas-sateri\/wp-content\/uploads\/sites\/41\/2020\/05\/IMG_3031.jpg\" alt=\"\" width=\"4032\" height=\"3024\" \/><figcaption id=\"caption-attachment-1034\" class=\"wp-caption-text\">Balkl\u00e4mman \u00e4r \u00e4ven en bra d\u00e4ckkl\u00e4mma.<\/figcaption><\/figure>\n<figure id=\"attachment_1037\" aria-describedby=\"caption-attachment-1037\" style=\"width: 4032px\" class=\"wp-caption alignnone\"><img loading=\"lazy\" class=\"wp-image-1037 size-full\" src=\"https:\/\/blogg.atl.nu\/abbotnas-sateri\/wp-content\/uploads\/sites\/41\/2020\/05\/IMG_3042.jpg\" alt=\"\" width=\"4032\" height=\"3024\" \/><figcaption id=\"caption-attachment-1037\" class=\"wp-caption-text\">Redo f\u00f6r utryckning, med kort varsel!<\/figcaption><\/figure>\n<p><strong>Vi passade \u00e4ven<\/strong> p\u00e5 att s\u00e4tta p\u00e5 N-sensorn igen. Det gjorde vi inte bara f\u00f6r att n\u00e4sta kv\u00e4verunda n\u00e4rmar sig, utan ocks\u00e5 f\u00f6r att kunna m\u00e4ta kv\u00e4veupptaget i vetet just nu, b\u00e5de i nollrutor och i \u00f6vriga f\u00e4ltet. Vi gjorde n\u00e5gra m\u00e4tningar idag och fick n\u00e5gra intressanta resultat, mer om detta kommer imorgon.<\/p>\n<figure id=\"attachment_1040\" aria-describedby=\"caption-attachment-1040\" style=\"width: 4032px\" class=\"wp-caption alignnone\"><img loading=\"lazy\" class=\"wp-image-1040 size-full\" src=\"https:\/\/blogg.atl.nu\/abbotnas-sateri\/wp-content\/uploads\/sites\/41\/2020\/05\/IMG_3054.jpg\" alt=\"\" width=\"4032\" height=\"3024\" \/><figcaption id=\"caption-attachment-1040\" class=\"wp-caption-text\">Ytterligare ett bra anv\u00e4ndningsomr\u00e5de f\u00f6r balkl\u00e4mman, lyfta upp N-sensorn f\u00f6r montering.<\/figcaption><\/figure>\n<p><strong>Tv\u00e5 iakttagelser fr\u00e5n dagen rapsrunda:<\/strong><\/p>\n<p><strong>1.<\/strong>Rapsbaggarna verkar numera vara f\u00e4rgblinda. De ska ju dras till de gula blommorna, inte h\u00e5lla p\u00e5 i det gr\u00f6na knopparna. H\u00e4r \u00e4r det tv\u00e4rtom, tomt i blommorna men aktivitet i knopparna<\/p>\n<p>&nbsp;<\/p>\n<p><img loading=\"lazy\" class=\"alignnone size-full wp-image-1038\" src=\"https:\/\/blogg.atl.nu\/abbotnas-sateri\/wp-content\/uploads\/sites\/41\/2020\/05\/IMG_3047.jpg\" alt=\"\" width=\"4032\" height=\"3024\" \/><\/p>\n<p><strong>2.<\/strong> N\u00e4r vi gick d\u00e4r i godan ro l\u00e4tt det pl\u00f6tsligt som det kom ett h\u00e4ftigt regn. Jag str\u00e4ckte ut h\u00e4nderna, men k\u00e4nde inget. Det gjorde att jag b\u00f6rjade k\u00e4nna mig lite tokig. Efter kort uteslutningsarbete kom jag fram till att det var n\u00e4r jag gick det l\u00e4t, kollade man d\u00e5 ner p\u00e5 marken s\u00e5 man vad det var som l\u00e4t. Jordloppor i tusentals, som hoppade p\u00e5 de vissna rapsbladen p\u00e5 marken. N\u00e4r man tog ett steg hoppade jordlopporna i n\u00e4rheten, antar att det var n\u00e5got slags flykt beteende. Intressant var det i alla fall, sk\u00f6nt \u00e4ven att dessa inte skadar rapsen just nu.<\/p>\n<figure id=\"attachment_1039\" aria-describedby=\"caption-attachment-1039\" style=\"width: 4032px\" class=\"wp-caption alignnone\"><img loading=\"lazy\" class=\"wp-image-1039 size-full\" src=\"https:\/\/blogg.atl.nu\/abbotnas-sateri\/wp-content\/uploads\/sites\/41\/2020\/05\/IMG_3051.jpg\" alt=\"\" width=\"4032\" height=\"3024\" \/><figcaption id=\"caption-attachment-1039\" class=\"wp-caption-text\">De flesta var v\u00e4ldigt skygga och man fick anstr\u00e4nga sig f\u00f6r att f\u00e5 dem p\u00e5 bild.<\/figcaption><\/figure>\n<p><strong>Imorgon kommer det en liten kv\u00e4veupptags rapport, om inget intressantare dyker upp.<\/strong><\/p>\n","protected":false},"excerpt":{"rendered":"<p>S\u00e5 var det dags f\u00f6r sommard\u00e4cken f\u00f6r 724:an och sprutan. Veckan som nu kommer verkar bjuda p\u00e5 en hel del bra sprutv\u00e4der och n\u00e4sta kv\u00e4ve-giva n\u00e4rmar sig. N\u00e4r vi d\u00e5 ska ut n\u00e4sta g\u00e5ng p\u00e5 f\u00e4lten vill vi undvika att skada gr\u00f6dan utanf\u00f6r k\u00f6rsp\u00e5ren. Vetet utanf\u00f6r k\u00f6rsp\u00e5ren har ju redan skadats lite vid tidigare g\u00f6dslingar&#8230;<\/p>\n","protected":false},"author":361,"featured_media":1035,"comment_status":"open","ping_status":"open","sticky":false,"template":"","format":"standard","meta":[],"categories":[36,20,22,9],"tags":[21,31,17,23],"yoast_head":"<!-- This site is optimized with the Yoast SEO plugin v19.6 - https:\/\/yoast.com\/wordpress\/plugins\/seo\/ -->\n<title>Sommard\u00e4ck till traktorn - Abbotn\u00e4s s\u00e4teri<\/title>\n<meta name=\"robots\" content=\"index, follow, max-snippet:-1, max-image-preview:large, max-video-preview:-1\" \/>\n<link rel=\"canonical\" href=\"https:\/\/blogg.atl.nu\/abbotnas-sateri\/2020\/05\/02\/sommardack-till-traktorn\/\" \/>\n<meta property=\"og:locale\" content=\"sv_SE\" \/>\n<meta property=\"og:type\" content=\"article\" \/>\n<meta property=\"og:title\" content=\"Sommard\u00e4ck till traktorn - Abbotn\u00e4s s\u00e4teri\" \/>\n<meta property=\"og:description\" content=\"S\u00e5 var det dags f\u00f6r sommard\u00e4cken f\u00f6r 724:an och sprutan. Veckan som nu kommer verkar bjuda p\u00e5 en hel del bra sprutv\u00e4der och n\u00e4sta kv\u00e4ve-giva n\u00e4rmar sig. N\u00e4r vi d\u00e5 ska ut n\u00e4sta g\u00e5ng p\u00e5 f\u00e4lten vill vi undvika att skada gr\u00f6dan utanf\u00f6r k\u00f6rsp\u00e5ren. Vetet utanf\u00f6r k\u00f6rsp\u00e5ren har ju redan skadats lite vid tidigare g\u00f6dslingar...\" \/>\n<meta property=\"og:url\" content=\"https:\/\/blogg.atl.nu\/abbotnas-sateri\/2020\/05\/02\/sommardack-till-traktorn\/\" \/>\n<meta property=\"og:site_name\" content=\"Abbotn\u00e4s s\u00e4teri\" \/>\n<meta property=\"article:author\" content=\"facebook.com\/mattiaswlarsson\" \/>\n<meta property=\"article:published_time\" content=\"2020-05-02T21:04:03+00:00\" \/>\n<meta property=\"article:modified_time\" content=\"2020-05-03T19:01:11+00:00\" \/>\n<meta property=\"og:image\" content=\"https:\/\/blogg.atl.nu\/abbotnas-sateri\/wp-content\/uploads\/sites\/41\/2020\/05\/IMG_3034.jpg\" \/>\n\t<meta property=\"og:image:width\" content=\"2048\" \/>\n\t<meta property=\"og:image:height\" content=\"1536\" \/>\n\t<meta property=\"og:image:type\" content=\"image\/jpeg\" \/>\n<meta name=\"author\" content=\"Mattias Larsson\" \/>\n<meta name=\"twitter:card\" content=\"summary_large_image\" \/>\n<meta name=\"twitter:label1\" content=\"Skriven av\" \/>\n\t<meta name=\"twitter:data1\" content=\"Mattias Larsson\" \/>\n\t<meta name=\"twitter:label2\" content=\"Ber\u00e4knad l\u00e4stid\" \/>\n\t<meta name=\"twitter:data2\" content=\"3 minuter\" \/>\n<script type=\"application\/ld+json\" class=\"yoast-schema-graph\">{\"@context\":\"https:\/\/schema.org\",\"@graph\":[{\"@type\":\"WebPage\",\"@id\":\"https:\/\/blogg.atl.nu\/abbotnas-sateri\/2020\/05\/02\/sommardack-till-traktorn\/\",\"url\":\"https:\/\/blogg.atl.nu\/abbotnas-sateri\/2020\/05\/02\/sommardack-till-traktorn\/\",\"name\":\"Sommard\u00e4ck till traktorn - Abbotn\u00e4s s\u00e4teri\",\"isPartOf\":{\"@id\":\"https:\/\/blogg.atl.nu\/abbotnas-sateri\/#website\"},\"datePublished\":\"2020-05-02T21:04:03+00:00\",\"dateModified\":\"2020-05-03T19:01:11+00:00\",\"author\":{\"@id\":\"https:\/\/blogg.atl.nu\/abbotnas-sateri\/#\/schema\/person\/3b681683e8c9711235140b74c4aad714\"},\"breadcrumb\":{\"@id\":\"https:\/\/blogg.atl.nu\/abbotnas-sateri\/2020\/05\/02\/sommardack-till-traktorn\/#breadcrumb\"},\"inLanguage\":\"sv-SE\",\"potentialAction\":[{\"@type\":\"ReadAction\",\"target\":[\"https:\/\/blogg.atl.nu\/abbotnas-sateri\/2020\/05\/02\/sommardack-till-traktorn\/\"]}]},{\"@type\":\"BreadcrumbList\",\"@id\":\"https:\/\/blogg.atl.nu\/abbotnas-sateri\/2020\/05\/02\/sommardack-till-traktorn\/#breadcrumb\",\"itemListElement\":[{\"@type\":\"ListItem\",\"position\":1,\"name\":\"Home\",\"item\":\"https:\/\/blogg.atl.nu\/abbotnas-sateri\/\"},{\"@type\":\"ListItem\",\"position\":2,\"name\":\"Sommard\u00e4ck till traktorn\"}]},{\"@type\":\"WebSite\",\"@id\":\"https:\/\/blogg.atl.nu\/abbotnas-sateri\/#website\",\"url\":\"https:\/\/blogg.atl.nu\/abbotnas-sateri\/\",\"name\":\"Abbotn\u00e4s s\u00e4teri\",\"description\":\"Mattias Larsson\",\"potentialAction\":[{\"@type\":\"SearchAction\",\"target\":{\"@type\":\"EntryPoint\",\"urlTemplate\":\"https:\/\/blogg.atl.nu\/abbotnas-sateri\/?s={search_term_string}\"},\"query-input\":\"required name=search_term_string\"}],\"inLanguage\":\"sv-SE\"},{\"@type\":\"Person\",\"@id\":\"https:\/\/blogg.atl.nu\/abbotnas-sateri\/#\/schema\/person\/3b681683e8c9711235140b74c4aad714\",\"name\":\"Mattias Larsson\",\"image\":{\"@type\":\"ImageObject\",\"inLanguage\":\"sv-SE\",\"@id\":\"https:\/\/blogg.atl.nu\/abbotnas-sateri\/#\/schema\/person\/image\/\",\"url\":\"https:\/\/secure.gravatar.com\/avatar\/ab52d1a4abaa2f256164ccb2caf8dcfb?s=96&d=mm&r=g\",\"contentUrl\":\"https:\/\/secure.gravatar.com\/avatar\/ab52d1a4abaa2f256164ccb2caf8dcfb?s=96&d=mm&r=g\",\"caption\":\"Mattias Larsson\"},\"sameAs\":[\"http:\/\/abbotnas.se\",\"facebook.com\/mattiaswlarsson\"],\"url\":\"https:\/\/blogg.atl.nu\/abbotnas-sateri\/author\/mlarsson\/\"}]}<\/script>\n<!-- \/ Yoast SEO plugin. -->","yoast_head_json":{"title":"Sommard\u00e4ck till traktorn - Abbotn\u00e4s s\u00e4teri","robots":{"index":"index","follow":"follow","max-snippet":"max-snippet:-1","max-image-preview":"max-image-preview:large","max-video-preview":"max-video-preview:-1"},"canonical":"https:\/\/blogg.atl.nu\/abbotnas-sateri\/2020\/05\/02\/sommardack-till-traktorn\/","og_locale":"sv_SE","og_type":"article","og_title":"Sommard\u00e4ck till traktorn - Abbotn\u00e4s s\u00e4teri","og_description":"S\u00e5 var det dags f\u00f6r sommard\u00e4cken f\u00f6r 724:an och sprutan. Veckan som nu kommer verkar bjuda p\u00e5 en hel del bra sprutv\u00e4der och n\u00e4sta kv\u00e4ve-giva n\u00e4rmar sig. N\u00e4r vi d\u00e5 ska ut n\u00e4sta g\u00e5ng p\u00e5 f\u00e4lten vill vi undvika att skada gr\u00f6dan utanf\u00f6r k\u00f6rsp\u00e5ren. Vetet utanf\u00f6r k\u00f6rsp\u00e5ren har ju redan skadats lite vid tidigare g\u00f6dslingar...","og_url":"https:\/\/blogg.atl.nu\/abbotnas-sateri\/2020\/05\/02\/sommardack-till-traktorn\/","og_site_name":"Abbotn\u00e4s s\u00e4teri","article_author":"facebook.com\/mattiaswlarsson","article_published_time":"2020-05-02T21:04:03+00:00","article_modified_time":"2020-05-03T19:01:11+00:00","og_image":[{"width":2048,"height":1536,"url":"https:\/\/blogg.atl.nu\/abbotnas-sateri\/wp-content\/uploads\/sites\/41\/2020\/05\/IMG_3034.jpg","type":"image\/jpeg"}],"author":"Mattias Larsson","twitter_card":"summary_large_image","twitter_misc":{"Skriven av":"Mattias Larsson","Ber\u00e4knad l\u00e4stid":"3 minuter"},"schema":{"@context":"https:\/\/schema.org","@graph":[{"@type":"WebPage","@id":"https:\/\/blogg.atl.nu\/abbotnas-sateri\/2020\/05\/02\/sommardack-till-traktorn\/","url":"https:\/\/blogg.atl.nu\/abbotnas-sateri\/2020\/05\/02\/sommardack-till-traktorn\/","name":"Sommard\u00e4ck till traktorn - Abbotn\u00e4s s\u00e4teri","isPartOf":{"@id":"https:\/\/blogg.atl.nu\/abbotnas-sateri\/#website"},"datePublished":"2020-05-02T21:04:03+00:00","dateModified":"2020-05-03T19:01:11+00:00","author":{"@id":"https:\/\/blogg.atl.nu\/abbotnas-sateri\/#\/schema\/person\/3b681683e8c9711235140b74c4aad714"},"breadcrumb":{"@id":"https:\/\/blogg.atl.nu\/abbotnas-sateri\/2020\/05\/02\/sommardack-till-traktorn\/#breadcrumb"},"inLanguage":"sv-SE","potentialAction":[{"@type":"ReadAction","target":["https:\/\/blogg.atl.nu\/abbotnas-sateri\/2020\/05\/02\/sommardack-till-traktorn\/"]}]},{"@type":"BreadcrumbList","@id":"https:\/\/blogg.atl.nu\/abbotnas-sateri\/2020\/05\/02\/sommardack-till-traktorn\/#breadcrumb","itemListElement":[{"@type":"ListItem","position":1,"name":"Home","item":"https:\/\/blogg.atl.nu\/abbotnas-sateri\/"},{"@type":"ListItem","position":2,"name":"Sommard\u00e4ck till traktorn"}]},{"@type":"WebSite","@id":"https:\/\/blogg.atl.nu\/abbotnas-sateri\/#website","url":"https:\/\/blogg.atl.nu\/abbotnas-sateri\/","name":"Abbotn\u00e4s s\u00e4teri","description":"Mattias Larsson","potentialAction":[{"@type":"SearchAction","target":{"@type":"EntryPoint","urlTemplate":"https:\/\/blogg.atl.nu\/abbotnas-sateri\/?s={search_term_string}"},"query-input":"required name=search_term_string"}],"inLanguage":"sv-SE"},{"@type":"Person","@id":"https:\/\/blogg.atl.nu\/abbotnas-sateri\/#\/schema\/person\/3b681683e8c9711235140b74c4aad714","name":"Mattias Larsson","image":{"@type":"ImageObject","inLanguage":"sv-SE","@id":"https:\/\/blogg.atl.nu\/abbotnas-sateri\/#\/schema\/person\/image\/","url":"https:\/\/secure.gravatar.com\/avatar\/ab52d1a4abaa2f256164ccb2caf8dcfb?s=96&d=mm&r=g","contentUrl":"https:\/\/secure.gravatar.com\/avatar\/ab52d1a4abaa2f256164ccb2caf8dcfb?s=96&d=mm&r=g","caption":"Mattias Larsson"},"sameAs":["http:\/\/abbotnas.se","facebook.com\/mattiaswlarsson"],"url":"https:\/\/blogg.atl.nu\/abbotnas-sateri\/author\/mlarsson\/"}]}},"_links":{"self":[{"href":"https:\/\/blogg.atl.nu\/abbotnas-sateri\/wp-json\/wp\/v2\/posts\/1030"}],"collection":[{"href":"https:\/\/blogg.atl.nu\/abbotnas-sateri\/wp-json\/wp\/v2\/posts"}],"about":[{"href":"https:\/\/blogg.atl.nu\/abbotnas-sateri\/wp-json\/wp\/v2\/types\/post"}],"author":[{"embeddable":true,"href":"https:\/\/blogg.atl.nu\/abbotnas-sateri\/wp-json\/wp\/v2\/users\/361"}],"replies":[{"embeddable":true,"href":"https:\/\/blogg.atl.nu\/abbotnas-sateri\/wp-json\/wp\/v2\/comments?post=1030"}],"version-history":[{"count":8,"href":"https:\/\/blogg.atl.nu\/abbotnas-sateri\/wp-json\/wp\/v2\/posts\/1030\/revisions"}],"predecessor-version":[{"id":1065,"href":"https:\/\/blogg.atl.nu\/abbotnas-sateri\/wp-json\/wp\/v2\/posts\/1030\/revisions\/1065"}],"wp:featuredmedia":[{"embeddable":true,"href":"https:\/\/blogg.atl.nu\/abbotnas-sateri\/wp-json\/wp\/v2\/media\/1035"}],"wp:attachment":[{"href":"https:\/\/blogg.atl.nu\/abbotnas-sateri\/wp-json\/wp\/v2\/media?parent=1030"}],"wp:term":[{"taxonomy":"category","embeddable":true,"href":"https:\/\/blogg.atl.nu\/abbotnas-sateri\/wp-json\/wp\/v2\/categories?post=1030"},{"taxonomy":"post_tag","embeddable":true,"href":"https:\/\/blogg.atl.nu\/abbotnas-sateri\/wp-json\/wp\/v2\/tags?post=1030"}],"curies":[{"name":"wp","href":"https:\/\/api.w.org\/{rel}","templated":true}]}}