{"id":1090,"date":"2020-05-04T22:17:26","date_gmt":"2020-05-04T20:17:26","guid":{"rendered":"https:\/\/blogg.atl.nu\/abbotnas-sateri\/?p=1090"},"modified":"2020-05-04T22:17:26","modified_gmt":"2020-05-04T20:17:26","slug":"nu-ar-vi-antligen-igang","status":"publish","type":"post","link":"https:\/\/blogg.atl.nu\/abbotnas-sateri\/2020\/05\/04\/nu-ar-vi-antligen-igang\/","title":{"rendered":"Nu \u00e4r vi \u00e4ntligen ig\u00e5ng!!"},"content":{"rendered":"<p><strong>S\u00e5 var dagen \u00e4ntligen h\u00e4r! Idag b\u00f6rjade vi att skruva spannm\u00e5lssilo.<\/strong><\/p>\n<p><strong>D\u00e5 var det dags<\/strong>. Idag handlade det inte om f\u00f6rberedelser f\u00f6r siloskruvning l\u00e4ngre, utan idag b\u00f6rjade det handla om sj\u00e4lva siloskruvningen i sig. Jag kommer att avl\u00e4gga dagliga rapporter h\u00e4r t\u00e4nker jag, s\u00e5 kan vi se silon v\u00e4xa ihop. F\u00f6rhoppningsvis s\u00e5 h\u00e4nder det n\u00e5got varje dag.<\/p>\n<figure id=\"attachment_1082\" aria-describedby=\"caption-attachment-1082\" style=\"width: 4032px\" class=\"wp-caption alignnone\"><img loading=\"lazy\" class=\"wp-image-1082 size-full\" src=\"https:\/\/blogg.atl.nu\/abbotnas-sateri\/wp-content\/uploads\/sites\/41\/2020\/05\/IMG_3166.jpg\" alt=\"\" width=\"4032\" height=\"3024\" \/><figcaption id=\"caption-attachment-1082\" class=\"wp-caption-text\">Det h\u00e4r har h\u00e4nt idag.<\/figcaption><\/figure>\n<p><strong>Vi bygger inte<\/strong> den h\u00e4r silon helt sj\u00e4lva, utan har hj\u00e4lp av tv\u00e5 stycken arbetande montageledare. G\u00f6ran och Martin heter dem och \u00e4r N\u00e4rkingar. Det k\u00e4nns v\u00e4ldigt bra att ha tv\u00e5 stycken erfarna med, som ser till att vi vet vad vi ska g\u00f6ra och vet hur allt ska vara. Dem verkar dessutom ha bra fart i b\u00e5de ben, fingrar och i huvudet, det k\u00e4nns extra tryggt.<\/p>\n<p>&nbsp;<\/p>\n<figure id=\"attachment_1086\" aria-describedby=\"caption-attachment-1086\" style=\"width: 4032px\" class=\"wp-caption alignnone\"><img loading=\"lazy\" class=\"wp-image-1086 size-full\" src=\"https:\/\/blogg.atl.nu\/abbotnas-sateri\/wp-content\/uploads\/sites\/41\/2020\/05\/IMG_3138.jpg\" alt=\"\" width=\"4032\" height=\"3024\" \/><figcaption id=\"caption-attachment-1086\" class=\"wp-caption-text\">H\u00e4r st\u00e5r de b\u00e5da montageledarna och Carl och funderar och planerar n\u00e4sta drag. Jag sj\u00e4lv bildar mig lite helikopter perspektiv p\u00e5 l\u00e4get och kollar s\u00e5 att jag inte blivit h\u00f6jdr\u00e4dd \u00f6ver natten.\u00a0<\/figcaption><\/figure>\n<p><strong>\u00c4ven Carl har<\/strong> nu kommit ner ifr\u00e5n Kungs\u00f6r igen f\u00f6r att hj\u00e4lpa till under silobygget. Senare under vecka kommer \u00e4ven flera personer att ansluta till bygget vartefter det finns arbetsuppgifter att utf\u00f6ra. Enligt planeringen kommer det att ske from onsdag. P\u00e5 onsdag kommer det en mobilkran och alla takbalkar ska lyftas p\u00e5 plats.<\/p>\n<figure id=\"attachment_1087\" aria-describedby=\"caption-attachment-1087\" style=\"width: 4032px\" class=\"wp-caption alignnone\"><img loading=\"lazy\" class=\"wp-image-1087 size-full\" src=\"https:\/\/blogg.atl.nu\/abbotnas-sateri\/wp-content\/uploads\/sites\/41\/2020\/05\/IMG_3141.jpg\" alt=\"\" width=\"4032\" height=\"3024\" \/><figcaption id=\"caption-attachment-1087\" class=\"wp-caption-text\">Martin l\u00e4ser monteringsanvisningen och Carl bakar snus. Vi har alla viktiga arbetsuppgifter.<\/figcaption><\/figure>\n<p><strong>Dagen idag b\u00f6rjades<\/strong> med att kolla \u00f6ver att alla grejor dykt upp och vart vi g\u00f6mt alla grejor. Vissa av grejorna vi skulle ha f\u00f6rst stod sj\u00e4lvklart l\u00e4ngst in och var tvungna att plockas fram. Sedan b\u00f6rjade vi med de tv\u00e5 f\u00f6rsta varven av v\u00e4ggarna, f\u00f6r att f\u00f6rbereda takmonteringen. Man b\u00f6rjar ju att bygga silon uppifr\u00e5n och hissar den upp\u00e5t vartefter med hj\u00e4lp av domkrafter, som i detta fall \u00e4r kedjespel. Taket ska allts\u00e5 p\u00e5 plats bland det f\u00f6rsta man g\u00f6r. Tur att v\u00e5rat tak tr\u00f6ttnat p\u00e5 sin Europaturn\u00e9 och kommer hit imorgon f\u00f6rmiddag.<\/p>\n<figure id=\"attachment_1084\" aria-describedby=\"caption-attachment-1084\" style=\"width: 4032px\" class=\"wp-caption alignnone\"><img loading=\"lazy\" class=\"wp-image-1084 size-full\" src=\"https:\/\/blogg.atl.nu\/abbotnas-sateri\/wp-content\/uploads\/sites\/41\/2020\/05\/IMG_3131.jpg\" alt=\"\" width=\"4032\" height=\"3024\" \/><figcaption id=\"caption-attachment-1084\" class=\"wp-caption-text\">Carl letar efter r\u00e4tt grejor. Det \u00e4r m\u00e5nga pallar att leta igenom.<\/figcaption><\/figure>\n<figure id=\"attachment_1078\" aria-describedby=\"caption-attachment-1078\" style=\"width: 4032px\" class=\"wp-caption alignnone\"><img loading=\"lazy\" class=\"wp-image-1078 size-full\" src=\"https:\/\/blogg.atl.nu\/abbotnas-sateri\/wp-content\/uploads\/sites\/41\/2020\/05\/IMG_3149.jpg\" alt=\"\" width=\"4032\" height=\"3024\" \/><figcaption id=\"caption-attachment-1078\" class=\"wp-caption-text\">Jag och Martin fick vara p\u00e5 insidan och G\u00f6ran och Carl p\u00e5 utsidan. I vanliga fall \u00e4r det ju insidan som r\u00e4knas men h\u00e4r \u00e4r det b\u00e5da.<\/figcaption><\/figure>\n<figure id=\"attachment_1077\" aria-describedby=\"caption-attachment-1077\" style=\"width: 4032px\" class=\"wp-caption alignnone\"><img loading=\"lazy\" class=\"wp-image-1077 size-full\" src=\"https:\/\/blogg.atl.nu\/abbotnas-sateri\/wp-content\/uploads\/sites\/41\/2020\/05\/IMG_3143.jpg\" alt=\"\" width=\"4032\" height=\"3024\" \/><figcaption id=\"caption-attachment-1077\" class=\"wp-caption-text\">Det kommer att bli ett antal av dessa skruvar och muttra de n\u00e4rmsta dagarna. Sk\u00f6nt med elektriska verktyg, det skulle bli tufft att h\u00e5lla tempo med bara block eller lednycklar.<\/figcaption><\/figure>\n<p><strong>N\u00e4r detta var<\/strong> klart b\u00f6rjade vi och blev f\u00e4rdiga med att montera de takbalkar som p\u00e5 ska lyftas p\u00e5 plats med mobilkran. Detta fick vi som heml\u00e4xa av mont\u00f6rerna. Vi hann \u00e4ven med lite andra heml\u00e4xor och hoppas vi f\u00e5r godk\u00e4nt imorgon. Vi f\u00f6rs\u00f6ker \u00e4n s\u00e5 l\u00e4nge undvika egna initiativ, ifall det blir fel.<\/p>\n<figure id=\"attachment_1079\" aria-describedby=\"caption-attachment-1079\" style=\"width: 4032px\" class=\"wp-caption alignnone\"><img loading=\"lazy\" class=\"wp-image-1079 size-full\" src=\"https:\/\/blogg.atl.nu\/abbotnas-sateri\/wp-content\/uploads\/sites\/41\/2020\/05\/IMG_3152.jpg\" alt=\"\" width=\"4032\" height=\"3024\" \/><figcaption id=\"caption-attachment-1079\" class=\"wp-caption-text\">Bra yta f\u00f6r byggnationer som ska g\u00f6ras vid sidan av siloplattan.<\/figcaption><\/figure>\n<figure id=\"attachment_1081\" aria-describedby=\"caption-attachment-1081\" style=\"width: 4032px\" class=\"wp-caption alignnone\"><img loading=\"lazy\" class=\"wp-image-1081 size-full\" src=\"https:\/\/blogg.atl.nu\/abbotnas-sateri\/wp-content\/uploads\/sites\/41\/2020\/05\/IMG_3164.jpg\" alt=\"\" width=\"4032\" height=\"3024\" \/><figcaption id=\"caption-attachment-1081\" class=\"wp-caption-text\">Det blev \u00e4ven lite sm\u00e5pill med att klistra lite.<\/figcaption><\/figure>\n<p><strong>Det har h\u00e4nt<\/strong> mycket redan idag och snart \u00e4r g\u00e5rdsbilden rej\u00e4lt f\u00f6r\u00e4ndrad. Ett bra citat fr\u00e5n dagen var fr\u00e5n Carl och l\u00f6d s\u00e5 h\u00e4r: &#8221;Det har h\u00e4nt mycket idag, synd bara att det vi gjort som syns gjordes p\u00e5 tv\u00e5 timmar&#8221;.<\/p>\n<figure id=\"attachment_1088\" aria-describedby=\"caption-attachment-1088\" style=\"width: 4032px\" class=\"wp-caption alignnone\"><img loading=\"lazy\" class=\"wp-image-1088 size-full\" src=\"https:\/\/blogg.atl.nu\/abbotnas-sateri\/wp-content\/uploads\/sites\/41\/2020\/05\/IMG_3142.jpg\" alt=\"\" width=\"4032\" height=\"3024\" \/><figcaption id=\"caption-attachment-1088\" class=\"wp-caption-text\">S\u00e5 h\u00e4r s\u00e5g det ut n\u00e4r vi gick p\u00e5 lunch, sen h\u00e4nde det mycket som inte syns lika tydligt.<\/figcaption><\/figure>\n<p>Det k\u00e4nns v\u00e4ldigt sk\u00f6nt att vara ig\u00e5ng med sj\u00e4lva silon nu. Nu \u00e4r tv\u00e5 varv av tolv n\u00e4stan klara, f\u00e5r se vad som \u00e5terst\u00e5r p\u00e5 fredag kv\u00e4ll.<\/p>\n<p>Sista kalven f\u00f6r i \u00e5r kom \u00e4ven idag, vilket \u00e4ven det k\u00e4nns v\u00e4ldigt sk\u00f6nt.<\/p>\n<p>Nu laddar vi f\u00f6r ytterligare en bra skruvardag imorgon.<\/p>\n<p>&nbsp;<\/p>\n","protected":false},"excerpt":{"rendered":"<p>S\u00e5 var dagen \u00e4ntligen h\u00e4r! Idag b\u00f6rjade vi att skruva spannm\u00e5lssilo. D\u00e5 var det dags. Idag handlade det inte om f\u00f6rberedelser f\u00f6r siloskruvning l\u00e4ngre, utan idag b\u00f6rjade det handla om sj\u00e4lva siloskruvningen i sig. Jag kommer att avl\u00e4gga dagliga rapporter h\u00e4r t\u00e4nker jag, s\u00e5 kan vi se silon v\u00e4xa ihop. F\u00f6rhoppningsvis s\u00e5 h\u00e4nder det n\u00e5got&#8230;<\/p>\n","protected":false},"author":361,"featured_media":1089,"comment_status":"open","ping_status":"open","sticky":false,"template":"","format":"standard","meta":[],"categories":[6,24,1],"tags":[12,10,25,31],"yoast_head":"<!-- This site is optimized with the Yoast SEO plugin v19.6 - https:\/\/yoast.com\/wordpress\/plugins\/seo\/ -->\n<title>Nu \u00e4r vi \u00e4ntligen ig\u00e5ng!! - Abbotn\u00e4s s\u00e4teri<\/title>\n<meta name=\"robots\" content=\"index, follow, max-snippet:-1, max-image-preview:large, max-video-preview:-1\" \/>\n<link rel=\"canonical\" href=\"https:\/\/blogg.atl.nu\/abbotnas-sateri\/2020\/05\/04\/nu-ar-vi-antligen-igang\/\" \/>\n<meta property=\"og:locale\" content=\"sv_SE\" \/>\n<meta property=\"og:type\" content=\"article\" \/>\n<meta property=\"og:title\" content=\"Nu \u00e4r vi \u00e4ntligen ig\u00e5ng!! - Abbotn\u00e4s s\u00e4teri\" \/>\n<meta property=\"og:description\" content=\"S\u00e5 var dagen \u00e4ntligen h\u00e4r! Idag b\u00f6rjade vi att skruva spannm\u00e5lssilo. D\u00e5 var det dags. Idag handlade det inte om f\u00f6rberedelser f\u00f6r siloskruvning l\u00e4ngre, utan idag b\u00f6rjade det handla om sj\u00e4lva siloskruvningen i sig. Jag kommer att avl\u00e4gga dagliga rapporter h\u00e4r t\u00e4nker jag, s\u00e5 kan vi se silon v\u00e4xa ihop. F\u00f6rhoppningsvis s\u00e5 h\u00e4nder det n\u00e5got...\" \/>\n<meta property=\"og:url\" content=\"https:\/\/blogg.atl.nu\/abbotnas-sateri\/2020\/05\/04\/nu-ar-vi-antligen-igang\/\" \/>\n<meta property=\"og:site_name\" content=\"Abbotn\u00e4s s\u00e4teri\" \/>\n<meta property=\"article:author\" content=\"facebook.com\/mattiaswlarsson\" \/>\n<meta property=\"article:published_time\" content=\"2020-05-04T20:17:26+00:00\" \/>\n<meta property=\"og:image\" content=\"https:\/\/blogg.atl.nu\/abbotnas-sateri\/wp-content\/uploads\/sites\/41\/2020\/05\/IMG_3169-1.jpg\" \/>\n\t<meta property=\"og:image:width\" content=\"2048\" \/>\n\t<meta property=\"og:image:height\" content=\"1536\" \/>\n\t<meta property=\"og:image:type\" content=\"image\/jpeg\" \/>\n<meta name=\"author\" content=\"Mattias Larsson\" \/>\n<meta name=\"twitter:card\" content=\"summary_large_image\" \/>\n<meta name=\"twitter:label1\" content=\"Skriven av\" \/>\n\t<meta name=\"twitter:data1\" content=\"Mattias Larsson\" \/>\n\t<meta name=\"twitter:label2\" content=\"Ber\u00e4knad l\u00e4stid\" \/>\n\t<meta name=\"twitter:data2\" content=\"4 minuter\" \/>\n<script type=\"application\/ld+json\" class=\"yoast-schema-graph\">{\"@context\":\"https:\/\/schema.org\",\"@graph\":[{\"@type\":\"WebPage\",\"@id\":\"https:\/\/blogg.atl.nu\/abbotnas-sateri\/2020\/05\/04\/nu-ar-vi-antligen-igang\/\",\"url\":\"https:\/\/blogg.atl.nu\/abbotnas-sateri\/2020\/05\/04\/nu-ar-vi-antligen-igang\/\",\"name\":\"Nu \u00e4r vi \u00e4ntligen ig\u00e5ng!! - Abbotn\u00e4s s\u00e4teri\",\"isPartOf\":{\"@id\":\"https:\/\/blogg.atl.nu\/abbotnas-sateri\/#website\"},\"datePublished\":\"2020-05-04T20:17:26+00:00\",\"dateModified\":\"2020-05-04T20:17:26+00:00\",\"author\":{\"@id\":\"https:\/\/blogg.atl.nu\/abbotnas-sateri\/#\/schema\/person\/3b681683e8c9711235140b74c4aad714\"},\"breadcrumb\":{\"@id\":\"https:\/\/blogg.atl.nu\/abbotnas-sateri\/2020\/05\/04\/nu-ar-vi-antligen-igang\/#breadcrumb\"},\"inLanguage\":\"sv-SE\",\"potentialAction\":[{\"@type\":\"ReadAction\",\"target\":[\"https:\/\/blogg.atl.nu\/abbotnas-sateri\/2020\/05\/04\/nu-ar-vi-antligen-igang\/\"]}]},{\"@type\":\"BreadcrumbList\",\"@id\":\"https:\/\/blogg.atl.nu\/abbotnas-sateri\/2020\/05\/04\/nu-ar-vi-antligen-igang\/#breadcrumb\",\"itemListElement\":[{\"@type\":\"ListItem\",\"position\":1,\"name\":\"Home\",\"item\":\"https:\/\/blogg.atl.nu\/abbotnas-sateri\/\"},{\"@type\":\"ListItem\",\"position\":2,\"name\":\"Nu \u00e4r vi \u00e4ntligen ig\u00e5ng!!\"}]},{\"@type\":\"WebSite\",\"@id\":\"https:\/\/blogg.atl.nu\/abbotnas-sateri\/#website\",\"url\":\"https:\/\/blogg.atl.nu\/abbotnas-sateri\/\",\"name\":\"Abbotn\u00e4s s\u00e4teri\",\"description\":\"Mattias Larsson\",\"potentialAction\":[{\"@type\":\"SearchAction\",\"target\":{\"@type\":\"EntryPoint\",\"urlTemplate\":\"https:\/\/blogg.atl.nu\/abbotnas-sateri\/?s={search_term_string}\"},\"query-input\":\"required name=search_term_string\"}],\"inLanguage\":\"sv-SE\"},{\"@type\":\"Person\",\"@id\":\"https:\/\/blogg.atl.nu\/abbotnas-sateri\/#\/schema\/person\/3b681683e8c9711235140b74c4aad714\",\"name\":\"Mattias Larsson\",\"image\":{\"@type\":\"ImageObject\",\"inLanguage\":\"sv-SE\",\"@id\":\"https:\/\/blogg.atl.nu\/abbotnas-sateri\/#\/schema\/person\/image\/\",\"url\":\"https:\/\/secure.gravatar.com\/avatar\/ab52d1a4abaa2f256164ccb2caf8dcfb?s=96&d=mm&r=g\",\"contentUrl\":\"https:\/\/secure.gravatar.com\/avatar\/ab52d1a4abaa2f256164ccb2caf8dcfb?s=96&d=mm&r=g\",\"caption\":\"Mattias Larsson\"},\"sameAs\":[\"http:\/\/abbotnas.se\",\"facebook.com\/mattiaswlarsson\"],\"url\":\"https:\/\/blogg.atl.nu\/abbotnas-sateri\/author\/mlarsson\/\"}]}<\/script>\n<!-- \/ Yoast SEO plugin. -->","yoast_head_json":{"title":"Nu \u00e4r vi \u00e4ntligen ig\u00e5ng!! - Abbotn\u00e4s s\u00e4teri","robots":{"index":"index","follow":"follow","max-snippet":"max-snippet:-1","max-image-preview":"max-image-preview:large","max-video-preview":"max-video-preview:-1"},"canonical":"https:\/\/blogg.atl.nu\/abbotnas-sateri\/2020\/05\/04\/nu-ar-vi-antligen-igang\/","og_locale":"sv_SE","og_type":"article","og_title":"Nu \u00e4r vi \u00e4ntligen ig\u00e5ng!! - Abbotn\u00e4s s\u00e4teri","og_description":"S\u00e5 var dagen \u00e4ntligen h\u00e4r! Idag b\u00f6rjade vi att skruva spannm\u00e5lssilo. D\u00e5 var det dags. Idag handlade det inte om f\u00f6rberedelser f\u00f6r siloskruvning l\u00e4ngre, utan idag b\u00f6rjade det handla om sj\u00e4lva siloskruvningen i sig. Jag kommer att avl\u00e4gga dagliga rapporter h\u00e4r t\u00e4nker jag, s\u00e5 kan vi se silon v\u00e4xa ihop. F\u00f6rhoppningsvis s\u00e5 h\u00e4nder det n\u00e5got...","og_url":"https:\/\/blogg.atl.nu\/abbotnas-sateri\/2020\/05\/04\/nu-ar-vi-antligen-igang\/","og_site_name":"Abbotn\u00e4s s\u00e4teri","article_author":"facebook.com\/mattiaswlarsson","article_published_time":"2020-05-04T20:17:26+00:00","og_image":[{"width":2048,"height":1536,"url":"https:\/\/blogg.atl.nu\/abbotnas-sateri\/wp-content\/uploads\/sites\/41\/2020\/05\/IMG_3169-1.jpg","type":"image\/jpeg"}],"author":"Mattias Larsson","twitter_card":"summary_large_image","twitter_misc":{"Skriven av":"Mattias Larsson","Ber\u00e4knad l\u00e4stid":"4 minuter"},"schema":{"@context":"https:\/\/schema.org","@graph":[{"@type":"WebPage","@id":"https:\/\/blogg.atl.nu\/abbotnas-sateri\/2020\/05\/04\/nu-ar-vi-antligen-igang\/","url":"https:\/\/blogg.atl.nu\/abbotnas-sateri\/2020\/05\/04\/nu-ar-vi-antligen-igang\/","name":"Nu \u00e4r vi \u00e4ntligen ig\u00e5ng!! - Abbotn\u00e4s s\u00e4teri","isPartOf":{"@id":"https:\/\/blogg.atl.nu\/abbotnas-sateri\/#website"},"datePublished":"2020-05-04T20:17:26+00:00","dateModified":"2020-05-04T20:17:26+00:00","author":{"@id":"https:\/\/blogg.atl.nu\/abbotnas-sateri\/#\/schema\/person\/3b681683e8c9711235140b74c4aad714"},"breadcrumb":{"@id":"https:\/\/blogg.atl.nu\/abbotnas-sateri\/2020\/05\/04\/nu-ar-vi-antligen-igang\/#breadcrumb"},"inLanguage":"sv-SE","potentialAction":[{"@type":"ReadAction","target":["https:\/\/blogg.atl.nu\/abbotnas-sateri\/2020\/05\/04\/nu-ar-vi-antligen-igang\/"]}]},{"@type":"BreadcrumbList","@id":"https:\/\/blogg.atl.nu\/abbotnas-sateri\/2020\/05\/04\/nu-ar-vi-antligen-igang\/#breadcrumb","itemListElement":[{"@type":"ListItem","position":1,"name":"Home","item":"https:\/\/blogg.atl.nu\/abbotnas-sateri\/"},{"@type":"ListItem","position":2,"name":"Nu \u00e4r vi \u00e4ntligen ig\u00e5ng!!"}]},{"@type":"WebSite","@id":"https:\/\/blogg.atl.nu\/abbotnas-sateri\/#website","url":"https:\/\/blogg.atl.nu\/abbotnas-sateri\/","name":"Abbotn\u00e4s s\u00e4teri","description":"Mattias Larsson","potentialAction":[{"@type":"SearchAction","target":{"@type":"EntryPoint","urlTemplate":"https:\/\/blogg.atl.nu\/abbotnas-sateri\/?s={search_term_string}"},"query-input":"required name=search_term_string"}],"inLanguage":"sv-SE"},{"@type":"Person","@id":"https:\/\/blogg.atl.nu\/abbotnas-sateri\/#\/schema\/person\/3b681683e8c9711235140b74c4aad714","name":"Mattias Larsson","image":{"@type":"ImageObject","inLanguage":"sv-SE","@id":"https:\/\/blogg.atl.nu\/abbotnas-sateri\/#\/schema\/person\/image\/","url":"https:\/\/secure.gravatar.com\/avatar\/ab52d1a4abaa2f256164ccb2caf8dcfb?s=96&d=mm&r=g","contentUrl":"https:\/\/secure.gravatar.com\/avatar\/ab52d1a4abaa2f256164ccb2caf8dcfb?s=96&d=mm&r=g","caption":"Mattias Larsson"},"sameAs":["http:\/\/abbotnas.se","facebook.com\/mattiaswlarsson"],"url":"https:\/\/blogg.atl.nu\/abbotnas-sateri\/author\/mlarsson\/"}]}},"_links":{"self":[{"href":"https:\/\/blogg.atl.nu\/abbotnas-sateri\/wp-json\/wp\/v2\/posts\/1090"}],"collection":[{"href":"https:\/\/blogg.atl.nu\/abbotnas-sateri\/wp-json\/wp\/v2\/posts"}],"about":[{"href":"https:\/\/blogg.atl.nu\/abbotnas-sateri\/wp-json\/wp\/v2\/types\/post"}],"author":[{"embeddable":true,"href":"https:\/\/blogg.atl.nu\/abbotnas-sateri\/wp-json\/wp\/v2\/users\/361"}],"replies":[{"embeddable":true,"href":"https:\/\/blogg.atl.nu\/abbotnas-sateri\/wp-json\/wp\/v2\/comments?post=1090"}],"version-history":[{"count":2,"href":"https:\/\/blogg.atl.nu\/abbotnas-sateri\/wp-json\/wp\/v2\/posts\/1090\/revisions"}],"predecessor-version":[{"id":1092,"href":"https:\/\/blogg.atl.nu\/abbotnas-sateri\/wp-json\/wp\/v2\/posts\/1090\/revisions\/1092"}],"wp:featuredmedia":[{"embeddable":true,"href":"https:\/\/blogg.atl.nu\/abbotnas-sateri\/wp-json\/wp\/v2\/media\/1089"}],"wp:attachment":[{"href":"https:\/\/blogg.atl.nu\/abbotnas-sateri\/wp-json\/wp\/v2\/media?parent=1090"}],"wp:term":[{"taxonomy":"category","embeddable":true,"href":"https:\/\/blogg.atl.nu\/abbotnas-sateri\/wp-json\/wp\/v2\/categories?post=1090"},{"taxonomy":"post_tag","embeddable":true,"href":"https:\/\/blogg.atl.nu\/abbotnas-sateri\/wp-json\/wp\/v2\/tags?post=1090"}],"curies":[{"name":"wp","href":"https:\/\/api.w.org\/{rel}","templated":true}]}}