{"id":11583,"date":"2022-01-31T21:21:11","date_gmt":"2022-01-31T20:21:11","guid":{"rendered":"https:\/\/blogg.atl.nu\/abbotnas-sateri\/?p=11583"},"modified":"2022-01-31T21:21:11","modified_gmt":"2022-01-31T20:21:11","slug":"vi-hade-i-alla-fall-trevligt","status":"publish","type":"post","link":"https:\/\/blogg.atl.nu\/abbotnas-sateri\/2022\/01\/31\/vi-hade-i-alla-fall-trevligt\/","title":{"rendered":"&#8221;Vi hade i alla fall trevligt!&#8221;"},"content":{"rendered":"<p><strong>Drevjakts\u00e4songen \u00e4r nu till \u00e4nda och som final var det jakt i l\u00f6rdags och \u00e4ven en snabbis idag. Resultatet av dessa tv\u00e5 dagar var inte mycket att l\u00e4gga p\u00e5 grillen, men vi hade i alla fall trevligt och det tycker jag \u00e4r en viktig del i det hela. Skogsbadning och f\u00e5 tr\u00e4ffa trevligt folk i en combo \u00e4r inte s\u00e5 dumt.\u00a0<\/strong><\/p>\n<h3>Sista rycket<\/h3>\n<p><strong>Nu \u00e4r det gjort sista s\u00e5ten med hund har jagats igenom h\u00e4r f\u00f6r detta jakt\u00e5ret.<\/strong> Det blev ett ryck med tv\u00e5 dagars jakt med en vilodag emellan. Resultatet blev som sagt var att det inte bj\u00f6ds p\u00e5 n\u00e5gra skottl\u00e4gen p\u00e5 lovliga vilt. Vi hade n\u00e5gra kronhjortar och r\u00e5djur som visste var de skulle springa f\u00f6r att synas utan att f\u00e4llas och n\u00e5gra \u00e4lgar som inte var lovliga som retades lite, men annars var det v\u00e4ldigt lugnt. Det var egentligen inte helt f\u00f6rv\u00e5nande att det var ganska s\u00e5 lugnt p\u00e5 djur f\u00f6r vi har haft ett ganska s\u00e5 h\u00e5rt jakttryck i \u00e5r, och djuren \u00e4r smarta och l\u00e4r sig hur de ska g\u00f6ra f\u00f6r att h\u00e5lla sig undan. Djuren \u00e4r inte borta, utan h\u00e5ller sig bara borta fr\u00e5n d\u00e4r vi jagar p\u00e5 dagarna. P\u00e5 n\u00e4tterna s\u00e5 dyker de d\u00e4remot upp och visar att de finns n\u00e4r de kommer ut p\u00e5 f\u00e4lten och betar. Det \u00e4r lite tr\u00e5kigt, men vi g\u00f6r i alla fall vad vi kan p\u00e5 dagarna f\u00f6r att h\u00e5lla dem undan. Nu \u00e4r i alla fall sista rycket med hund gjort p\u00e5 kl\u00f6vvilt tills i h\u00f6st och det har varit en bra s\u00e4song f\u00f6r b\u00e5de husse och hund, vi har \u00e4nd\u00e5 f\u00e5tt n\u00e5gra nyttiga mil i benen.<\/p>\n<figure id=\"attachment_11579\" aria-describedby=\"caption-attachment-11579\" style=\"width: 2048px\" class=\"wp-caption alignnone\"><img loading=\"lazy\" class=\"wp-image-11579 size-full\" src=\"https:\/\/blogg.atl.nu\/abbotnas-sateri\/wp-content\/uploads\/sites\/41\/2022\/01\/6EE58F26-A377-46FF-BCBB-67144B5D7099.jpeg\" alt=\"\" width=\"2048\" height=\"1536\" srcset=\"https:\/\/blogg.atl.nu\/abbotnas-sateri\/wp-content\/uploads\/sites\/41\/2022\/01\/6EE58F26-A377-46FF-BCBB-67144B5D7099.jpeg 2048w, https:\/\/blogg.atl.nu\/abbotnas-sateri\/wp-content\/uploads\/sites\/41\/2022\/01\/6EE58F26-A377-46FF-BCBB-67144B5D7099-300x225.jpeg 300w, https:\/\/blogg.atl.nu\/abbotnas-sateri\/wp-content\/uploads\/sites\/41\/2022\/01\/6EE58F26-A377-46FF-BCBB-67144B5D7099-768x576.jpeg 768w, https:\/\/blogg.atl.nu\/abbotnas-sateri\/wp-content\/uploads\/sites\/41\/2022\/01\/6EE58F26-A377-46FF-BCBB-67144B5D7099-1024x768.jpeg 1024w\" sizes=\"(max-width: 2048px) 100vw, 2048px\" \/><figcaption id=\"caption-attachment-11579\" class=\"wp-caption-text\">Elit redo inf\u00f6r sista sl\u00e4ppet f\u00f6r nu. Jag har inte ber\u00e4ttat att det var sista sl\u00e4ppet tills i h\u00f6st \u00e4n&#8230; Jag tar det vi b\u00e4ttre tillf\u00e4lle.<\/figcaption><\/figure>\n<figure id=\"attachment_11578\" aria-describedby=\"caption-attachment-11578\" style=\"width: 2048px\" class=\"wp-caption alignnone\"><img loading=\"lazy\" class=\"wp-image-11578 size-full\" src=\"https:\/\/blogg.atl.nu\/abbotnas-sateri\/wp-content\/uploads\/sites\/41\/2022\/01\/833C7A1B-1A21-40F9-B51B-A026C258ACDA.jpeg\" alt=\"\" width=\"2048\" height=\"1536\" srcset=\"https:\/\/blogg.atl.nu\/abbotnas-sateri\/wp-content\/uploads\/sites\/41\/2022\/01\/833C7A1B-1A21-40F9-B51B-A026C258ACDA.jpeg 2048w, https:\/\/blogg.atl.nu\/abbotnas-sateri\/wp-content\/uploads\/sites\/41\/2022\/01\/833C7A1B-1A21-40F9-B51B-A026C258ACDA-300x225.jpeg 300w, https:\/\/blogg.atl.nu\/abbotnas-sateri\/wp-content\/uploads\/sites\/41\/2022\/01\/833C7A1B-1A21-40F9-B51B-A026C258ACDA-768x576.jpeg 768w, https:\/\/blogg.atl.nu\/abbotnas-sateri\/wp-content\/uploads\/sites\/41\/2022\/01\/833C7A1B-1A21-40F9-B51B-A026C258ACDA-1024x768.jpeg 1024w\" sizes=\"(max-width: 2048px) 100vw, 2048px\" \/><figcaption id=\"caption-attachment-11578\" class=\"wp-caption-text\">Tur att det finns fin teknik som h\u00e5ller koll p\u00e5 vad som h\u00e4nder i skogen. Att se vart hunden \u00e4r p\u00e5 en klocka \u00e4r kanske inte det n\u00f6dv\u00e4ndigaste, men lite h\u00e4ftigt i alla fall..<\/figcaption><\/figure>\n<figure id=\"attachment_11574\" aria-describedby=\"caption-attachment-11574\" style=\"width: 2048px\" class=\"wp-caption alignnone\"><img loading=\"lazy\" class=\"wp-image-11574 size-full\" src=\"https:\/\/blogg.atl.nu\/abbotnas-sateri\/wp-content\/uploads\/sites\/41\/2022\/01\/F11D1F39-7423-467D-A6F3-3E60C12EB7F8.jpeg\" alt=\"\" width=\"2048\" height=\"1536\" srcset=\"https:\/\/blogg.atl.nu\/abbotnas-sateri\/wp-content\/uploads\/sites\/41\/2022\/01\/F11D1F39-7423-467D-A6F3-3E60C12EB7F8.jpeg 2048w, https:\/\/blogg.atl.nu\/abbotnas-sateri\/wp-content\/uploads\/sites\/41\/2022\/01\/F11D1F39-7423-467D-A6F3-3E60C12EB7F8-300x225.jpeg 300w, https:\/\/blogg.atl.nu\/abbotnas-sateri\/wp-content\/uploads\/sites\/41\/2022\/01\/F11D1F39-7423-467D-A6F3-3E60C12EB7F8-768x576.jpeg 768w, https:\/\/blogg.atl.nu\/abbotnas-sateri\/wp-content\/uploads\/sites\/41\/2022\/01\/F11D1F39-7423-467D-A6F3-3E60C12EB7F8-1024x768.jpeg 1024w\" sizes=\"(max-width: 2048px) 100vw, 2048px\" \/><figcaption id=\"caption-attachment-11574\" class=\"wp-caption-text\">Vackra dagar i skogen. En stor utveckling f\u00f6r Elit i \u00e5r \u00e4r att han har l\u00e4rt sig att tr\u00e4d, buskar, stenar inte flyttar p\u00e5 sig f\u00f6r honom, utan att han m\u00e5ste anpassa sig.<\/figcaption><\/figure>\n<figure id=\"attachment_11576\" aria-describedby=\"caption-attachment-11576\" style=\"width: 2048px\" class=\"wp-caption alignnone\"><img loading=\"lazy\" class=\"wp-image-11576 size-full\" src=\"https:\/\/blogg.atl.nu\/abbotnas-sateri\/wp-content\/uploads\/sites\/41\/2022\/01\/E7089282-E65D-451E-B2BB-997BD3B61EE3.jpeg\" alt=\"\" width=\"2048\" height=\"1536\" srcset=\"https:\/\/blogg.atl.nu\/abbotnas-sateri\/wp-content\/uploads\/sites\/41\/2022\/01\/E7089282-E65D-451E-B2BB-997BD3B61EE3.jpeg 2048w, https:\/\/blogg.atl.nu\/abbotnas-sateri\/wp-content\/uploads\/sites\/41\/2022\/01\/E7089282-E65D-451E-B2BB-997BD3B61EE3-300x225.jpeg 300w, https:\/\/blogg.atl.nu\/abbotnas-sateri\/wp-content\/uploads\/sites\/41\/2022\/01\/E7089282-E65D-451E-B2BB-997BD3B61EE3-768x576.jpeg 768w, https:\/\/blogg.atl.nu\/abbotnas-sateri\/wp-content\/uploads\/sites\/41\/2022\/01\/E7089282-E65D-451E-B2BB-997BD3B61EE3-1024x768.jpeg 1024w\" sizes=\"(max-width: 2048px) 100vw, 2048px\" \/><figcaption id=\"caption-attachment-11576\" class=\"wp-caption-text\">Att djuren finns d\u00e4r, \u00e4ven om inte vi hittar dem d\u00e4r vi letar syns i alla fall. Inte minst p\u00e5 granskogen d\u00e4r barkskadorna fr\u00e5n Kron har \u00f6kat rej\u00e4lt \u00f6ver hela g\u00e5rden. Typiskt, n\u00e4r man var s\u00e5 glad \u00f6ver att slippa mufflonen och deras skador s\u00e5 dyker detta upp och \u00f6kar. Just h\u00e4r har redan mufflonen varit p\u00e5 varenda gran och nu g\u00e5r kronen p\u00e5 dem igen, bara lite h\u00f6gre upp.<\/figcaption><\/figure>\n<figure id=\"attachment_11577\" aria-describedby=\"caption-attachment-11577\" style=\"width: 2048px\" class=\"wp-caption alignnone\"><img loading=\"lazy\" class=\"wp-image-11577 size-full\" src=\"https:\/\/blogg.atl.nu\/abbotnas-sateri\/wp-content\/uploads\/sites\/41\/2022\/01\/EA7E5420-28EB-492F-B093-81B5C8189775.jpeg\" alt=\"\" width=\"2048\" height=\"1536\" srcset=\"https:\/\/blogg.atl.nu\/abbotnas-sateri\/wp-content\/uploads\/sites\/41\/2022\/01\/EA7E5420-28EB-492F-B093-81B5C8189775.jpeg 2048w, https:\/\/blogg.atl.nu\/abbotnas-sateri\/wp-content\/uploads\/sites\/41\/2022\/01\/EA7E5420-28EB-492F-B093-81B5C8189775-300x225.jpeg 300w, https:\/\/blogg.atl.nu\/abbotnas-sateri\/wp-content\/uploads\/sites\/41\/2022\/01\/EA7E5420-28EB-492F-B093-81B5C8189775-768x576.jpeg 768w, https:\/\/blogg.atl.nu\/abbotnas-sateri\/wp-content\/uploads\/sites\/41\/2022\/01\/EA7E5420-28EB-492F-B093-81B5C8189775-1024x768.jpeg 1024w\" sizes=\"(max-width: 2048px) 100vw, 2048px\" \/><figcaption id=\"caption-attachment-11577\" class=\"wp-caption-text\">Gammal mufflon skada lite l\u00e4ngre ner och f\u00e4rsk kronskada lite h\u00f6gre upp..<\/figcaption><\/figure>\n<p>Tyv\u00e4rr, s\u00e5 fick jag g\u00f6ra den h\u00e4r s\u00e4songen med bara en hund, d\u00e5 jag var tvungen att ta bort den andra i somras. Han blev aldrig \u00e5terst\u00e4lld i sitt kn\u00e4 och fick han inte 100 % fysisk fart s\u00e5 m\u00e5dde han inte bra. Det var tungt och tr\u00e5kigt, men det b\u00e4sta f\u00f6r honom&#8230;<\/p>\n<p>&nbsp;<\/p>\n<h3>Stormen<\/h3>\n<p>Det var ju \u00e4ven lite bl\u00e5sigt i helgen p\u00e5 m\u00e5nga h\u00e5ll och \u00e4ven h\u00e4r. Vi klarade oss \u00e4nd\u00e5 undan de v\u00e4rsta vindarna och klarade oss i stort bra (vad jag vet). F\u00f6r omv\u00e4xlingens skull hade vi knappt ens str\u00f6m avbrott, annars brukar det bli ont om str\u00f6m h\u00e4r s\u00e5 fort tr\u00e4den b\u00f6rjar svaja lite k\u00e4nns det som. Skogen verkar ocks\u00e5 ha klarat sig bra i det stora hela, jag tror att jag kan r\u00e4kna antalet nya vindf\u00e4llen i helgen p\u00e5 mina h\u00e4nder och t\u00e5r, s\u00e5 l\u00e5ngt ifr\u00e5n katastrof i alla fall.<\/p>\n<figure id=\"attachment_11580\" aria-describedby=\"caption-attachment-11580\" style=\"width: 2048px\" class=\"wp-caption alignnone\"><img loading=\"lazy\" class=\"wp-image-11580 size-full\" src=\"https:\/\/blogg.atl.nu\/abbotnas-sateri\/wp-content\/uploads\/sites\/41\/2022\/01\/8CB840E0-D143-4E93-87A9-0C459DCD416F.jpeg\" alt=\"\" width=\"2048\" height=\"1536\" srcset=\"https:\/\/blogg.atl.nu\/abbotnas-sateri\/wp-content\/uploads\/sites\/41\/2022\/01\/8CB840E0-D143-4E93-87A9-0C459DCD416F.jpeg 2048w, https:\/\/blogg.atl.nu\/abbotnas-sateri\/wp-content\/uploads\/sites\/41\/2022\/01\/8CB840E0-D143-4E93-87A9-0C459DCD416F-300x225.jpeg 300w, https:\/\/blogg.atl.nu\/abbotnas-sateri\/wp-content\/uploads\/sites\/41\/2022\/01\/8CB840E0-D143-4E93-87A9-0C459DCD416F-768x576.jpeg 768w, https:\/\/blogg.atl.nu\/abbotnas-sateri\/wp-content\/uploads\/sites\/41\/2022\/01\/8CB840E0-D143-4E93-87A9-0C459DCD416F-1024x768.jpeg 1024w\" sizes=\"(max-width: 2048px) 100vw, 2048px\" \/><figcaption id=\"caption-attachment-11580\" class=\"wp-caption-text\">En dag i skogen bj\u00f6d p\u00e5 en bra \u00f6verblick p\u00e5 vad nytt som ramlat omkull. Nu finns det lite att s\u00e5ga i igen&#8230;<\/figcaption><\/figure>\n<figure id=\"attachment_11575\" aria-describedby=\"caption-attachment-11575\" style=\"width: 1024px\" class=\"wp-caption alignnone\"><img loading=\"lazy\" class=\"wp-image-11575 size-large\" src=\"https:\/\/blogg.atl.nu\/abbotnas-sateri\/wp-content\/uploads\/sites\/41\/2022\/01\/71599BAE-243C-4FD4-AFBE-EB67A316F425-1024x768.jpeg\" alt=\"\" width=\"1024\" height=\"768\" srcset=\"https:\/\/blogg.atl.nu\/abbotnas-sateri\/wp-content\/uploads\/sites\/41\/2022\/01\/71599BAE-243C-4FD4-AFBE-EB67A316F425-1024x768.jpeg 1024w, https:\/\/blogg.atl.nu\/abbotnas-sateri\/wp-content\/uploads\/sites\/41\/2022\/01\/71599BAE-243C-4FD4-AFBE-EB67A316F425-300x225.jpeg 300w, https:\/\/blogg.atl.nu\/abbotnas-sateri\/wp-content\/uploads\/sites\/41\/2022\/01\/71599BAE-243C-4FD4-AFBE-EB67A316F425-768x576.jpeg 768w, https:\/\/blogg.atl.nu\/abbotnas-sateri\/wp-content\/uploads\/sites\/41\/2022\/01\/71599BAE-243C-4FD4-AFBE-EB67A316F425.jpeg 2048w\" sizes=\"(max-width: 1024px) 100vw, 1024px\" \/><figcaption id=\"caption-attachment-11575\" class=\"wp-caption-text\">Tur att det h\u00e4romdagen d\u00f6k upp en uppgradering till skogsk\u00e4rran. Nu ska det bara p\u00e5 plats.<\/figcaption><\/figure>\n<p>&nbsp;<\/p>\n<p>S\u00e5d\u00e4r nu b\u00f6rjar den riktiga s\u00e4songen f\u00f6r att f\u00f6rsvara gr\u00f6dorna fr\u00e5n vilt. Det har slutat fodrats p\u00e5 m\u00e5nga h\u00e5ll nu n\u00e4r hundjakten har slutat (smidigt och ansvarsfullt nu n\u00e4r den h\u00e5rdaste m\u00e5naden b\u00f6rjar) och gr\u00f6dorna \u00e4r ett ganska l\u00e4tt\u00e5tkomligt byte f\u00f6r det vilda n\u00e4r ingen skyddande sn\u00f6 finns. Hoppas att det blir lugnt, men jag f\u00e5r f\u00f6r mig att den stigande trenden med stora skador nu p\u00e5 v\u00e5ren kommer forts\u00e4tta. Hoppas att jag har fel&#8230;.<\/p>\n","protected":false},"excerpt":{"rendered":"<p>Drevjakts\u00e4songen \u00e4r nu till \u00e4nda och som final var det jakt i l\u00f6rdags och \u00e4ven en snabbis idag. Resultatet av dessa tv\u00e5 dagar var inte mycket att l\u00e4gga p\u00e5 grillen, men vi hade i alla fall trevligt och det tycker jag \u00e4r en viktig del i det hela. Skogsbadning och f\u00e5 tr\u00e4ffa trevligt folk i&#8230;<\/p>\n","protected":false},"author":361,"featured_media":11574,"comment_status":"open","ping_status":"open","sticky":false,"template":"","format":"standard","meta":[],"categories":[1],"tags":[],"yoast_head":"<!-- This site is optimized with the Yoast SEO plugin v19.6 - https:\/\/yoast.com\/wordpress\/plugins\/seo\/ -->\n<title>&quot;Vi hade i alla fall trevligt!&quot; - Abbotn\u00e4s s\u00e4teri<\/title>\n<meta name=\"robots\" content=\"index, follow, max-snippet:-1, max-image-preview:large, max-video-preview:-1\" \/>\n<link rel=\"canonical\" href=\"https:\/\/blogg.atl.nu\/abbotnas-sateri\/2022\/01\/31\/vi-hade-i-alla-fall-trevligt\/\" \/>\n<meta property=\"og:locale\" content=\"sv_SE\" \/>\n<meta property=\"og:type\" content=\"article\" \/>\n<meta property=\"og:title\" content=\"&quot;Vi hade i alla fall trevligt!&quot; - Abbotn\u00e4s s\u00e4teri\" \/>\n<meta property=\"og:description\" content=\"Drevjakts\u00e4songen \u00e4r nu till \u00e4nda och som final var det jakt i l\u00f6rdags och \u00e4ven en snabbis idag. Resultatet av dessa tv\u00e5 dagar var inte mycket att l\u00e4gga p\u00e5 grillen, men vi hade i alla fall trevligt och det tycker jag \u00e4r en viktig del i det hela. Skogsbadning och f\u00e5 tr\u00e4ffa trevligt folk i...\" \/>\n<meta property=\"og:url\" content=\"https:\/\/blogg.atl.nu\/abbotnas-sateri\/2022\/01\/31\/vi-hade-i-alla-fall-trevligt\/\" \/>\n<meta property=\"og:site_name\" content=\"Abbotn\u00e4s s\u00e4teri\" \/>\n<meta property=\"article:author\" content=\"facebook.com\/mattiaswlarsson\" \/>\n<meta property=\"article:published_time\" content=\"2022-01-31T20:21:11+00:00\" \/>\n<meta property=\"og:image\" content=\"https:\/\/blogg.atl.nu\/abbotnas-sateri\/wp-content\/uploads\/sites\/41\/2022\/01\/F11D1F39-7423-467D-A6F3-3E60C12EB7F8.jpeg\" \/>\n\t<meta property=\"og:image:width\" content=\"2048\" \/>\n\t<meta property=\"og:image:height\" content=\"1536\" \/>\n\t<meta property=\"og:image:type\" content=\"image\/jpeg\" \/>\n<meta name=\"author\" content=\"Mattias Larsson\" \/>\n<meta name=\"twitter:card\" content=\"summary_large_image\" \/>\n<meta name=\"twitter:label1\" content=\"Skriven av\" \/>\n\t<meta name=\"twitter:data1\" content=\"Mattias Larsson\" \/>\n\t<meta name=\"twitter:label2\" content=\"Ber\u00e4knad l\u00e4stid\" \/>\n\t<meta name=\"twitter:data2\" content=\"4 minuter\" \/>\n<script type=\"application\/ld+json\" class=\"yoast-schema-graph\">{\"@context\":\"https:\/\/schema.org\",\"@graph\":[{\"@type\":\"WebPage\",\"@id\":\"https:\/\/blogg.atl.nu\/abbotnas-sateri\/2022\/01\/31\/vi-hade-i-alla-fall-trevligt\/\",\"url\":\"https:\/\/blogg.atl.nu\/abbotnas-sateri\/2022\/01\/31\/vi-hade-i-alla-fall-trevligt\/\",\"name\":\"\\\"Vi hade i alla fall trevligt!\\\" - Abbotn\u00e4s s\u00e4teri\",\"isPartOf\":{\"@id\":\"https:\/\/blogg.atl.nu\/abbotnas-sateri\/#website\"},\"datePublished\":\"2022-01-31T20:21:11+00:00\",\"dateModified\":\"2022-01-31T20:21:11+00:00\",\"author\":{\"@id\":\"https:\/\/blogg.atl.nu\/abbotnas-sateri\/#\/schema\/person\/3b681683e8c9711235140b74c4aad714\"},\"breadcrumb\":{\"@id\":\"https:\/\/blogg.atl.nu\/abbotnas-sateri\/2022\/01\/31\/vi-hade-i-alla-fall-trevligt\/#breadcrumb\"},\"inLanguage\":\"sv-SE\",\"potentialAction\":[{\"@type\":\"ReadAction\",\"target\":[\"https:\/\/blogg.atl.nu\/abbotnas-sateri\/2022\/01\/31\/vi-hade-i-alla-fall-trevligt\/\"]}]},{\"@type\":\"BreadcrumbList\",\"@id\":\"https:\/\/blogg.atl.nu\/abbotnas-sateri\/2022\/01\/31\/vi-hade-i-alla-fall-trevligt\/#breadcrumb\",\"itemListElement\":[{\"@type\":\"ListItem\",\"position\":1,\"name\":\"Home\",\"item\":\"https:\/\/blogg.atl.nu\/abbotnas-sateri\/\"},{\"@type\":\"ListItem\",\"position\":2,\"name\":\"&#8221;Vi hade i alla fall trevligt!&#8221;\"}]},{\"@type\":\"WebSite\",\"@id\":\"https:\/\/blogg.atl.nu\/abbotnas-sateri\/#website\",\"url\":\"https:\/\/blogg.atl.nu\/abbotnas-sateri\/\",\"name\":\"Abbotn\u00e4s s\u00e4teri\",\"description\":\"Mattias Larsson\",\"potentialAction\":[{\"@type\":\"SearchAction\",\"target\":{\"@type\":\"EntryPoint\",\"urlTemplate\":\"https:\/\/blogg.atl.nu\/abbotnas-sateri\/?s={search_term_string}\"},\"query-input\":\"required name=search_term_string\"}],\"inLanguage\":\"sv-SE\"},{\"@type\":\"Person\",\"@id\":\"https:\/\/blogg.atl.nu\/abbotnas-sateri\/#\/schema\/person\/3b681683e8c9711235140b74c4aad714\",\"name\":\"Mattias Larsson\",\"image\":{\"@type\":\"ImageObject\",\"inLanguage\":\"sv-SE\",\"@id\":\"https:\/\/blogg.atl.nu\/abbotnas-sateri\/#\/schema\/person\/image\/\",\"url\":\"https:\/\/secure.gravatar.com\/avatar\/ab52d1a4abaa2f256164ccb2caf8dcfb?s=96&d=mm&r=g\",\"contentUrl\":\"https:\/\/secure.gravatar.com\/avatar\/ab52d1a4abaa2f256164ccb2caf8dcfb?s=96&d=mm&r=g\",\"caption\":\"Mattias Larsson\"},\"sameAs\":[\"http:\/\/abbotnas.se\",\"facebook.com\/mattiaswlarsson\"],\"url\":\"https:\/\/blogg.atl.nu\/abbotnas-sateri\/author\/mlarsson\/\"}]}<\/script>\n<!-- \/ Yoast SEO plugin. -->","yoast_head_json":{"title":"\"Vi hade i alla fall trevligt!\" - Abbotn\u00e4s s\u00e4teri","robots":{"index":"index","follow":"follow","max-snippet":"max-snippet:-1","max-image-preview":"max-image-preview:large","max-video-preview":"max-video-preview:-1"},"canonical":"https:\/\/blogg.atl.nu\/abbotnas-sateri\/2022\/01\/31\/vi-hade-i-alla-fall-trevligt\/","og_locale":"sv_SE","og_type":"article","og_title":"\"Vi hade i alla fall trevligt!\" - Abbotn\u00e4s s\u00e4teri","og_description":"Drevjakts\u00e4songen \u00e4r nu till \u00e4nda och som final var det jakt i l\u00f6rdags och \u00e4ven en snabbis idag. Resultatet av dessa tv\u00e5 dagar var inte mycket att l\u00e4gga p\u00e5 grillen, men vi hade i alla fall trevligt och det tycker jag \u00e4r en viktig del i det hela. Skogsbadning och f\u00e5 tr\u00e4ffa trevligt folk i...","og_url":"https:\/\/blogg.atl.nu\/abbotnas-sateri\/2022\/01\/31\/vi-hade-i-alla-fall-trevligt\/","og_site_name":"Abbotn\u00e4s s\u00e4teri","article_author":"facebook.com\/mattiaswlarsson","article_published_time":"2022-01-31T20:21:11+00:00","og_image":[{"width":2048,"height":1536,"url":"https:\/\/blogg.atl.nu\/abbotnas-sateri\/wp-content\/uploads\/sites\/41\/2022\/01\/F11D1F39-7423-467D-A6F3-3E60C12EB7F8.jpeg","type":"image\/jpeg"}],"author":"Mattias Larsson","twitter_card":"summary_large_image","twitter_misc":{"Skriven av":"Mattias Larsson","Ber\u00e4knad l\u00e4stid":"4 minuter"},"schema":{"@context":"https:\/\/schema.org","@graph":[{"@type":"WebPage","@id":"https:\/\/blogg.atl.nu\/abbotnas-sateri\/2022\/01\/31\/vi-hade-i-alla-fall-trevligt\/","url":"https:\/\/blogg.atl.nu\/abbotnas-sateri\/2022\/01\/31\/vi-hade-i-alla-fall-trevligt\/","name":"\"Vi hade i alla fall trevligt!\" - Abbotn\u00e4s s\u00e4teri","isPartOf":{"@id":"https:\/\/blogg.atl.nu\/abbotnas-sateri\/#website"},"datePublished":"2022-01-31T20:21:11+00:00","dateModified":"2022-01-31T20:21:11+00:00","author":{"@id":"https:\/\/blogg.atl.nu\/abbotnas-sateri\/#\/schema\/person\/3b681683e8c9711235140b74c4aad714"},"breadcrumb":{"@id":"https:\/\/blogg.atl.nu\/abbotnas-sateri\/2022\/01\/31\/vi-hade-i-alla-fall-trevligt\/#breadcrumb"},"inLanguage":"sv-SE","potentialAction":[{"@type":"ReadAction","target":["https:\/\/blogg.atl.nu\/abbotnas-sateri\/2022\/01\/31\/vi-hade-i-alla-fall-trevligt\/"]}]},{"@type":"BreadcrumbList","@id":"https:\/\/blogg.atl.nu\/abbotnas-sateri\/2022\/01\/31\/vi-hade-i-alla-fall-trevligt\/#breadcrumb","itemListElement":[{"@type":"ListItem","position":1,"name":"Home","item":"https:\/\/blogg.atl.nu\/abbotnas-sateri\/"},{"@type":"ListItem","position":2,"name":"&#8221;Vi hade i alla fall trevligt!&#8221;"}]},{"@type":"WebSite","@id":"https:\/\/blogg.atl.nu\/abbotnas-sateri\/#website","url":"https:\/\/blogg.atl.nu\/abbotnas-sateri\/","name":"Abbotn\u00e4s s\u00e4teri","description":"Mattias Larsson","potentialAction":[{"@type":"SearchAction","target":{"@type":"EntryPoint","urlTemplate":"https:\/\/blogg.atl.nu\/abbotnas-sateri\/?s={search_term_string}"},"query-input":"required name=search_term_string"}],"inLanguage":"sv-SE"},{"@type":"Person","@id":"https:\/\/blogg.atl.nu\/abbotnas-sateri\/#\/schema\/person\/3b681683e8c9711235140b74c4aad714","name":"Mattias Larsson","image":{"@type":"ImageObject","inLanguage":"sv-SE","@id":"https:\/\/blogg.atl.nu\/abbotnas-sateri\/#\/schema\/person\/image\/","url":"https:\/\/secure.gravatar.com\/avatar\/ab52d1a4abaa2f256164ccb2caf8dcfb?s=96&d=mm&r=g","contentUrl":"https:\/\/secure.gravatar.com\/avatar\/ab52d1a4abaa2f256164ccb2caf8dcfb?s=96&d=mm&r=g","caption":"Mattias Larsson"},"sameAs":["http:\/\/abbotnas.se","facebook.com\/mattiaswlarsson"],"url":"https:\/\/blogg.atl.nu\/abbotnas-sateri\/author\/mlarsson\/"}]}},"_links":{"self":[{"href":"https:\/\/blogg.atl.nu\/abbotnas-sateri\/wp-json\/wp\/v2\/posts\/11583"}],"collection":[{"href":"https:\/\/blogg.atl.nu\/abbotnas-sateri\/wp-json\/wp\/v2\/posts"}],"about":[{"href":"https:\/\/blogg.atl.nu\/abbotnas-sateri\/wp-json\/wp\/v2\/types\/post"}],"author":[{"embeddable":true,"href":"https:\/\/blogg.atl.nu\/abbotnas-sateri\/wp-json\/wp\/v2\/users\/361"}],"replies":[{"embeddable":true,"href":"https:\/\/blogg.atl.nu\/abbotnas-sateri\/wp-json\/wp\/v2\/comments?post=11583"}],"version-history":[{"count":2,"href":"https:\/\/blogg.atl.nu\/abbotnas-sateri\/wp-json\/wp\/v2\/posts\/11583\/revisions"}],"predecessor-version":[{"id":11588,"href":"https:\/\/blogg.atl.nu\/abbotnas-sateri\/wp-json\/wp\/v2\/posts\/11583\/revisions\/11588"}],"wp:featuredmedia":[{"embeddable":true,"href":"https:\/\/blogg.atl.nu\/abbotnas-sateri\/wp-json\/wp\/v2\/media\/11574"}],"wp:attachment":[{"href":"https:\/\/blogg.atl.nu\/abbotnas-sateri\/wp-json\/wp\/v2\/media?parent=11583"}],"wp:term":[{"taxonomy":"category","embeddable":true,"href":"https:\/\/blogg.atl.nu\/abbotnas-sateri\/wp-json\/wp\/v2\/categories?post=11583"},{"taxonomy":"post_tag","embeddable":true,"href":"https:\/\/blogg.atl.nu\/abbotnas-sateri\/wp-json\/wp\/v2\/tags?post=11583"}],"curies":[{"name":"wp","href":"https:\/\/api.w.org\/{rel}","templated":true}]}}