{"id":11882,"date":"2022-02-25T22:42:20","date_gmt":"2022-02-25T21:42:20","guid":{"rendered":"https:\/\/blogg.atl.nu\/abbotnas-sateri\/?p=11882"},"modified":"2022-02-25T22:47:53","modified_gmt":"2022-02-25T21:47:53","slug":"en-vanlig-fredag","status":"publish","type":"post","link":"https:\/\/blogg.atl.nu\/abbotnas-sateri\/2022\/02\/25\/en-vanlig-fredag\/","title":{"rendered":"En vanlig fredag"},"content":{"rendered":"<p><strong>Jag vet att jag brukar s\u00e4ga att det inte finns n\u00e5gra vanliga dagar i min vardag. Det \u00e4r kanske sant, men det \u00e4r ocks\u00e5 l\u00f6gn. Ingen dag \u00e4r den andra lik och inneh\u00e5llet kan skifta mycket, d\u00e4remot \u00e4r alla dagar vanliga f\u00f6r att allt i vardagen flyter p\u00e5 i trygghet. Jag hoppas verkligen att det kan forts\u00e4tta att g\u00f6ra det, \u00e4ven om det just nu k\u00e4nns mer otryggt. Jag lider verkligen med dem som nu blir drabbade av det som h\u00e4nder i Ukraina, men \u00e4ven alla andra i v\u00e4rlden som inte lever i samma trygghet som vi.\u00a0<\/strong><\/p>\n<h3>Tacksam<\/h3>\n<p><strong>Det h\u00e4nder ju helt klart saker n\u00e4r man f\u00e5r barn, det gjorde det i alla fall f\u00f6r mig.<\/strong> Jag fick en liten annan syn p\u00e5 mycket, s\u00e4rskilt n\u00e4r det g\u00e4ller risker i livet och vad som kan h\u00e4nda. Jag brukar ofta t\u00e4nka hur tacksam jag \u00e4r \u00f6ver att vi faktiskt har det bra h\u00e4r och inte beh\u00f6ver oroa oss f\u00f6r att f\u00e5 d\u00f6rren insparkad eller huset spr\u00e4ngt, det \u00e4r ju en trygghet l\u00e5ngt ifr\u00e5n alla har. Det finns sj\u00e4lvklart saker att oroa sig f\u00f6r, men s\u00e4tter man dem i perspektiv till vad m\u00e5nga andra m\u00e5ste oroa sig f\u00f6r dagligen s\u00e5 \u00e4r det ganska s\u00e5 lindriga grejor jag oroar mig f\u00f6r. Just nu hoppas jag verkligen att vi ska f\u00e5 forts\u00e4tta k\u00e4nna denna trygghet och att fler och fler i v\u00e4rlden med ska f\u00e5 det. Allt hemskt som h\u00e4nder i v\u00e4rlden \u00e4r ju just hemskt, s\u00e4rskilt n\u00e4r barn drabbas och det g\u00f6r de ofta. Det \u00e4r s\u00e5 konstigt&#8230; medans vi f\u00f6rs\u00f6ker l\u00e4ra v\u00e5ra barn att man inte f\u00e5r sl\u00e5ss vill vissa vuxna ha krig&#8230; Som sagt var hoppas att jag f\u00e5r forts\u00e4tta vara tacksam och att s\u00e5 snabbt som m\u00f6jligt alla f\u00e5r det!<\/p>\n<figure id=\"attachment_8991\" aria-describedby=\"caption-attachment-8991\" style=\"width: 5184px\" class=\"wp-caption alignnone\"><img loading=\"lazy\" class=\"wp-image-8991 size-full\" src=\"https:\/\/blogg.atl.nu\/abbotnas-sateri\/wp-content\/uploads\/sites\/41\/2021\/07\/P1100707.jpg\" alt=\"\" width=\"5184\" height=\"3888\" srcset=\"https:\/\/blogg.atl.nu\/abbotnas-sateri\/wp-content\/uploads\/sites\/41\/2021\/07\/P1100707.jpg 2048w, https:\/\/blogg.atl.nu\/abbotnas-sateri\/wp-content\/uploads\/sites\/41\/2021\/07\/P1100707-300x225.jpg 300w, https:\/\/blogg.atl.nu\/abbotnas-sateri\/wp-content\/uploads\/sites\/41\/2021\/07\/P1100707-768x576.jpg 768w, https:\/\/blogg.atl.nu\/abbotnas-sateri\/wp-content\/uploads\/sites\/41\/2021\/07\/P1100707-1024x768.jpg 1024w\" sizes=\"(max-width: 5184px) 100vw, 5184px\" \/><figcaption id=\"caption-attachment-8991\" class=\"wp-caption-text\">Jag t\u00e4nker forts\u00e4tta vara tacksam s\u00e5 l\u00e4nge mina barn m\u00e5r bra. \u00d6nskar alla detta!<\/figcaption><\/figure>\n<figure id=\"attachment_11877\" aria-describedby=\"caption-attachment-11877\" style=\"width: 2048px\" class=\"wp-caption alignnone\"><img loading=\"lazy\" class=\"wp-image-11877 size-full\" src=\"https:\/\/blogg.atl.nu\/abbotnas-sateri\/wp-content\/uploads\/sites\/41\/2022\/02\/B1D92FAE-D4BD-480E-9CD6-0859E5069E72.jpeg\" alt=\"\" width=\"2048\" height=\"1536\" srcset=\"https:\/\/blogg.atl.nu\/abbotnas-sateri\/wp-content\/uploads\/sites\/41\/2022\/02\/B1D92FAE-D4BD-480E-9CD6-0859E5069E72.jpeg 2048w, https:\/\/blogg.atl.nu\/abbotnas-sateri\/wp-content\/uploads\/sites\/41\/2022\/02\/B1D92FAE-D4BD-480E-9CD6-0859E5069E72-300x225.jpeg 300w, https:\/\/blogg.atl.nu\/abbotnas-sateri\/wp-content\/uploads\/sites\/41\/2022\/02\/B1D92FAE-D4BD-480E-9CD6-0859E5069E72-768x576.jpeg 768w, https:\/\/blogg.atl.nu\/abbotnas-sateri\/wp-content\/uploads\/sites\/41\/2022\/02\/B1D92FAE-D4BD-480E-9CD6-0859E5069E72-1024x768.jpeg 1024w\" sizes=\"(max-width: 2048px) 100vw, 2048px\" \/><figcaption id=\"caption-attachment-11877\" class=\"wp-caption-text\">Hoppas detta kan f\u00e5 forts\u00e4tta vara en trygg plats.<\/figcaption><\/figure>\n<h3>Oro<\/h3>\n<p><strong>Samtidigt som jag \u00e4r tacksam f\u00f6r hur vi har det just nu, s\u00e5 \u00e4r jag \u00e4ven orolig f\u00f6r vad som komma skall och vad som h\u00e4nde v\u00e4rlden och jag antar att jag inte \u00e4r helt ensam om detta. <\/strong>F\u00f6r min del s\u00e5 finns det oro p\u00e5 flera olika plan. Det \u00e4r dels vad som h\u00e4nder med s\u00e4kerhetsordningen i hela v\u00e4rlden nu, vart stannar Putins styrkor, vad h\u00e4nder sen och vad triggar det mer? Sen s\u00e5 har vi planet d\u00e4r vi drabbas som f\u00f6retagare med priser och tillg\u00e5ngar som kommer i gungningar. Vart detta ska sluta vet vi inte, men att detta f\u00f6r\u00e4ndrar mycket det vet vi. Samtidigt som jag k\u00e4nner oro inf\u00f6r hur allt nu kommer p\u00e5verkas s\u00e5 k\u00e4nns det p\u00e5 n\u00e5got s\u00e4tt lite tryggt att producera mat, f\u00f6r det \u00e4r ju n\u00e5got som alltid kommer att beh\u00f6vas. Hoppas att den stora oron kan f\u00e5 ta slut snart&#8230;<\/p>\n<figure id=\"attachment_9055\" aria-describedby=\"caption-attachment-9055\" style=\"width: 1024px\" class=\"wp-caption alignnone\"><img loading=\"lazy\" class=\"wp-image-9055 size-large\" src=\"https:\/\/blogg.atl.nu\/abbotnas-sateri\/wp-content\/uploads\/sites\/41\/2021\/07\/F2480A45-58A3-4614-97E2-09A844B8887D-1024x768.jpeg\" alt=\"\" width=\"1024\" height=\"768\" srcset=\"https:\/\/blogg.atl.nu\/abbotnas-sateri\/wp-content\/uploads\/sites\/41\/2021\/07\/F2480A45-58A3-4614-97E2-09A844B8887D-1024x768.jpeg 1024w, https:\/\/blogg.atl.nu\/abbotnas-sateri\/wp-content\/uploads\/sites\/41\/2021\/07\/F2480A45-58A3-4614-97E2-09A844B8887D-300x225.jpeg 300w, https:\/\/blogg.atl.nu\/abbotnas-sateri\/wp-content\/uploads\/sites\/41\/2021\/07\/F2480A45-58A3-4614-97E2-09A844B8887D-768x576.jpeg 768w, https:\/\/blogg.atl.nu\/abbotnas-sateri\/wp-content\/uploads\/sites\/41\/2021\/07\/F2480A45-58A3-4614-97E2-09A844B8887D.jpeg 2048w\" sizes=\"(max-width: 1024px) 100vw, 1024px\" \/><figcaption id=\"caption-attachment-9055\" class=\"wp-caption-text\">Hur vi \u00e4n vrider och v\u00e4nder p\u00e5 oss, s\u00e5 \u00e4r detta n\u00e5got vi alltid m\u00e5ste ha. Min hand h\u00e4r inneh\u00e5ller b\u00e5de mat och energi.<\/figcaption><\/figure>\n<div class=\"mceTemp\"><\/div>\n<h3>Nog om detta nu&#8230;.<\/h3>\n<p><strong>Ja, medans vissas vardag nu kastas omkull s\u00e5 forts\u00e4tter som sagt var livet h\u00e4r p\u00e5 g\u00e5rden<\/strong>. Kalvningarna har tagit fart p\u00e5 riktigt och nu springer det runt 11 pigga kalvar d\u00e4r nere i lag\u00e5rden. \u00c4n s\u00e5 l\u00e4nge leder kvigorna till antal och \u00e4r sju stycken. Vi har \u00e4ven fortsatt med att r\u00f6ja bort buskar och sm\u00e5 tr\u00e4d i \u00e5kerkanter och diken. Jag tycker att det blir fruktansv\u00e4rt bra! Buskar och tr\u00e4d ska absolut f\u00e5 finnas, men p\u00e5 r\u00e4tt platser. Nu finns mer utrymme f\u00f6r att g\u00f6ra skyddszoner med lite trevliga v\u00e4xter f\u00f6r nyttiga djur. Nog om detta med nu h\u00e4r kommer lite bilder:<\/p>\n<figure id=\"attachment_11893\" aria-describedby=\"caption-attachment-11893\" style=\"width: 5184px\" class=\"wp-caption alignnone\"><img loading=\"lazy\" class=\"wp-image-11893 size-full\" src=\"https:\/\/blogg.atl.nu\/abbotnas-sateri\/wp-content\/uploads\/sites\/41\/2022\/02\/P1181140.jpg\" alt=\"\" width=\"5184\" height=\"3888\" srcset=\"https:\/\/blogg.atl.nu\/abbotnas-sateri\/wp-content\/uploads\/sites\/41\/2022\/02\/P1181140.jpg 2048w, https:\/\/blogg.atl.nu\/abbotnas-sateri\/wp-content\/uploads\/sites\/41\/2022\/02\/P1181140-300x225.jpg 300w, https:\/\/blogg.atl.nu\/abbotnas-sateri\/wp-content\/uploads\/sites\/41\/2022\/02\/P1181140-768x576.jpg 768w, https:\/\/blogg.atl.nu\/abbotnas-sateri\/wp-content\/uploads\/sites\/41\/2022\/02\/P1181140-1024x768.jpg 1024w\" sizes=\"(max-width: 5184px) 100vw, 5184px\" \/><figcaption id=\"caption-attachment-11893\" class=\"wp-caption-text\">\u00c4ven om det inte \u00e4r kalvar med p\u00e5 alla bilder fr\u00e5n lag\u00e5rden nu&#8230;<\/figcaption><\/figure>\n<figure id=\"attachment_11890\" aria-describedby=\"caption-attachment-11890\" style=\"width: 5184px\" class=\"wp-caption alignnone\"><img loading=\"lazy\" class=\"wp-image-11890 size-full\" src=\"https:\/\/blogg.atl.nu\/abbotnas-sateri\/wp-content\/uploads\/sites\/41\/2022\/02\/P1181136.jpg\" alt=\"\" width=\"5184\" height=\"3888\" srcset=\"https:\/\/blogg.atl.nu\/abbotnas-sateri\/wp-content\/uploads\/sites\/41\/2022\/02\/P1181136.jpg 2048w, https:\/\/blogg.atl.nu\/abbotnas-sateri\/wp-content\/uploads\/sites\/41\/2022\/02\/P1181136-300x225.jpg 300w, https:\/\/blogg.atl.nu\/abbotnas-sateri\/wp-content\/uploads\/sites\/41\/2022\/02\/P1181136-768x576.jpg 768w, https:\/\/blogg.atl.nu\/abbotnas-sateri\/wp-content\/uploads\/sites\/41\/2022\/02\/P1181136-1024x768.jpg 1024w\" sizes=\"(max-width: 5184px) 100vw, 5184px\" \/><figcaption id=\"caption-attachment-11890\" class=\"wp-caption-text\">s\u00e5 \u00e4r det inte m\u00e5nga bilder d\u00e4r kalvar saknas p\u00e5.<\/figcaption><\/figure>\n<p><img loading=\"lazy\" class=\"alignnone size-full wp-image-11900\" src=\"https:\/\/blogg.atl.nu\/abbotnas-sateri\/wp-content\/uploads\/sites\/41\/2022\/02\/P1181169.jpg\" alt=\"\" width=\"5184\" height=\"3888\" srcset=\"https:\/\/blogg.atl.nu\/abbotnas-sateri\/wp-content\/uploads\/sites\/41\/2022\/02\/P1181169.jpg 2048w, https:\/\/blogg.atl.nu\/abbotnas-sateri\/wp-content\/uploads\/sites\/41\/2022\/02\/P1181169-300x225.jpg 300w, https:\/\/blogg.atl.nu\/abbotnas-sateri\/wp-content\/uploads\/sites\/41\/2022\/02\/P1181169-768x576.jpg 768w, https:\/\/blogg.atl.nu\/abbotnas-sateri\/wp-content\/uploads\/sites\/41\/2022\/02\/P1181169-1024x768.jpg 1024w\" sizes=\"(max-width: 5184px) 100vw, 5184px\" \/> <img loading=\"lazy\" class=\"alignnone size-full wp-image-11898\" src=\"https:\/\/blogg.atl.nu\/abbotnas-sateri\/wp-content\/uploads\/sites\/41\/2022\/02\/P1181159.jpg\" alt=\"\" width=\"5184\" height=\"3888\" srcset=\"https:\/\/blogg.atl.nu\/abbotnas-sateri\/wp-content\/uploads\/sites\/41\/2022\/02\/P1181159.jpg 2048w, https:\/\/blogg.atl.nu\/abbotnas-sateri\/wp-content\/uploads\/sites\/41\/2022\/02\/P1181159-300x225.jpg 300w, https:\/\/blogg.atl.nu\/abbotnas-sateri\/wp-content\/uploads\/sites\/41\/2022\/02\/P1181159-768x576.jpg 768w, https:\/\/blogg.atl.nu\/abbotnas-sateri\/wp-content\/uploads\/sites\/41\/2022\/02\/P1181159-1024x768.jpg 1024w\" sizes=\"(max-width: 5184px) 100vw, 5184px\" \/> <img loading=\"lazy\" class=\"alignnone size-full wp-image-11897\" src=\"https:\/\/blogg.atl.nu\/abbotnas-sateri\/wp-content\/uploads\/sites\/41\/2022\/02\/P1181151.jpg\" alt=\"\" width=\"5184\" height=\"3888\" srcset=\"https:\/\/blogg.atl.nu\/abbotnas-sateri\/wp-content\/uploads\/sites\/41\/2022\/02\/P1181151.jpg 2048w, https:\/\/blogg.atl.nu\/abbotnas-sateri\/wp-content\/uploads\/sites\/41\/2022\/02\/P1181151-300x225.jpg 300w, https:\/\/blogg.atl.nu\/abbotnas-sateri\/wp-content\/uploads\/sites\/41\/2022\/02\/P1181151-768x576.jpg 768w, https:\/\/blogg.atl.nu\/abbotnas-sateri\/wp-content\/uploads\/sites\/41\/2022\/02\/P1181151-1024x768.jpg 1024w\" sizes=\"(max-width: 5184px) 100vw, 5184px\" \/> <img loading=\"lazy\" class=\"alignnone size-full wp-image-11889\" src=\"https:\/\/blogg.atl.nu\/abbotnas-sateri\/wp-content\/uploads\/sites\/41\/2022\/02\/P1181132.jpg\" alt=\"\" width=\"5184\" height=\"3888\" srcset=\"https:\/\/blogg.atl.nu\/abbotnas-sateri\/wp-content\/uploads\/sites\/41\/2022\/02\/P1181132.jpg 2048w, https:\/\/blogg.atl.nu\/abbotnas-sateri\/wp-content\/uploads\/sites\/41\/2022\/02\/P1181132-300x225.jpg 300w, https:\/\/blogg.atl.nu\/abbotnas-sateri\/wp-content\/uploads\/sites\/41\/2022\/02\/P1181132-768x576.jpg 768w, https:\/\/blogg.atl.nu\/abbotnas-sateri\/wp-content\/uploads\/sites\/41\/2022\/02\/P1181132-1024x768.jpg 1024w\" sizes=\"(max-width: 5184px) 100vw, 5184px\" \/><\/p>\n<figure id=\"attachment_11883\" aria-describedby=\"caption-attachment-11883\" style=\"width: 5184px\" class=\"wp-caption alignnone\"><img loading=\"lazy\" class=\"wp-image-11883 size-full\" src=\"https:\/\/blogg.atl.nu\/abbotnas-sateri\/wp-content\/uploads\/sites\/41\/2022\/02\/P1181066.jpg\" alt=\"\" width=\"5184\" height=\"3888\" srcset=\"https:\/\/blogg.atl.nu\/abbotnas-sateri\/wp-content\/uploads\/sites\/41\/2022\/02\/P1181066.jpg 2048w, https:\/\/blogg.atl.nu\/abbotnas-sateri\/wp-content\/uploads\/sites\/41\/2022\/02\/P1181066-300x225.jpg 300w, https:\/\/blogg.atl.nu\/abbotnas-sateri\/wp-content\/uploads\/sites\/41\/2022\/02\/P1181066-768x576.jpg 768w, https:\/\/blogg.atl.nu\/abbotnas-sateri\/wp-content\/uploads\/sites\/41\/2022\/02\/P1181066-1024x768.jpg 1024w\" sizes=\"(max-width: 5184px) 100vw, 5184px\" \/><figcaption id=\"caption-attachment-11883\" class=\"wp-caption-text\">En av v\u00e5ra fj\u00e4llkorsblandningar har nu f\u00e5tt en kalv med.<\/figcaption><\/figure>\n<figure id=\"attachment_11887\" aria-describedby=\"caption-attachment-11887\" style=\"width: 5184px\" class=\"wp-caption alignnone\"><img loading=\"lazy\" class=\"wp-image-11887 size-full\" src=\"https:\/\/blogg.atl.nu\/abbotnas-sateri\/wp-content\/uploads\/sites\/41\/2022\/02\/P1181106.jpg\" alt=\"\" width=\"5184\" height=\"3888\" srcset=\"https:\/\/blogg.atl.nu\/abbotnas-sateri\/wp-content\/uploads\/sites\/41\/2022\/02\/P1181106.jpg 2048w, https:\/\/blogg.atl.nu\/abbotnas-sateri\/wp-content\/uploads\/sites\/41\/2022\/02\/P1181106-300x225.jpg 300w, https:\/\/blogg.atl.nu\/abbotnas-sateri\/wp-content\/uploads\/sites\/41\/2022\/02\/P1181106-768x576.jpg 768w, https:\/\/blogg.atl.nu\/abbotnas-sateri\/wp-content\/uploads\/sites\/41\/2022\/02\/P1181106-1024x768.jpg 1024w\" sizes=\"(max-width: 5184px) 100vw, 5184px\" \/><figcaption id=\"caption-attachment-11887\" class=\"wp-caption-text\">Jag m\u00e5ste erk\u00e4nna att den \u00e4r lite s\u00f6t faktiskt.<\/figcaption><\/figure>\n<figure id=\"attachment_11878\" aria-describedby=\"caption-attachment-11878\" style=\"width: 2048px\" class=\"wp-caption alignnone\"><img loading=\"lazy\" class=\"wp-image-11878 size-full\" src=\"https:\/\/blogg.atl.nu\/abbotnas-sateri\/wp-content\/uploads\/sites\/41\/2022\/02\/B6E3DB26-F285-43AE-BA51-8489A00F1913.jpeg\" alt=\"\" width=\"2048\" height=\"1536\" srcset=\"https:\/\/blogg.atl.nu\/abbotnas-sateri\/wp-content\/uploads\/sites\/41\/2022\/02\/B6E3DB26-F285-43AE-BA51-8489A00F1913.jpeg 2048w, https:\/\/blogg.atl.nu\/abbotnas-sateri\/wp-content\/uploads\/sites\/41\/2022\/02\/B6E3DB26-F285-43AE-BA51-8489A00F1913-300x225.jpeg 300w, https:\/\/blogg.atl.nu\/abbotnas-sateri\/wp-content\/uploads\/sites\/41\/2022\/02\/B6E3DB26-F285-43AE-BA51-8489A00F1913-768x576.jpeg 768w, https:\/\/blogg.atl.nu\/abbotnas-sateri\/wp-content\/uploads\/sites\/41\/2022\/02\/B6E3DB26-F285-43AE-BA51-8489A00F1913-1024x768.jpeg 1024w\" sizes=\"(max-width: 2048px) 100vw, 2048px\" \/><figcaption id=\"caption-attachment-11878\" class=\"wp-caption-text\">Innan klippning.<\/figcaption><\/figure>\n<figure id=\"attachment_11880\" aria-describedby=\"caption-attachment-11880\" style=\"width: 4032px\" class=\"wp-caption alignnone\"><img loading=\"lazy\" class=\"wp-image-11880 size-full\" src=\"https:\/\/blogg.atl.nu\/abbotnas-sateri\/wp-content\/uploads\/sites\/41\/2022\/02\/59B6E4DD-4F88-4BB6-95D6-3C1C941D15E3.jpeg\" alt=\"\" width=\"4032\" height=\"3024\" srcset=\"https:\/\/blogg.atl.nu\/abbotnas-sateri\/wp-content\/uploads\/sites\/41\/2022\/02\/59B6E4DD-4F88-4BB6-95D6-3C1C941D15E3.jpeg 2048w, https:\/\/blogg.atl.nu\/abbotnas-sateri\/wp-content\/uploads\/sites\/41\/2022\/02\/59B6E4DD-4F88-4BB6-95D6-3C1C941D15E3-300x225.jpeg 300w, https:\/\/blogg.atl.nu\/abbotnas-sateri\/wp-content\/uploads\/sites\/41\/2022\/02\/59B6E4DD-4F88-4BB6-95D6-3C1C941D15E3-768x576.jpeg 768w, https:\/\/blogg.atl.nu\/abbotnas-sateri\/wp-content\/uploads\/sites\/41\/2022\/02\/59B6E4DD-4F88-4BB6-95D6-3C1C941D15E3-1024x768.jpeg 1024w\" sizes=\"(max-width: 4032px) 100vw, 4032px\" \/><figcaption id=\"caption-attachment-11880\" class=\"wp-caption-text\">Efter klippning<\/figcaption><\/figure>\n<p>Nu tar jag fredag och hoppas att alla f\u00e5r en trevlig helg!<\/p>\n","protected":false},"excerpt":{"rendered":"<p>Jag vet att jag brukar s\u00e4ga att det inte finns n\u00e5gra vanliga dagar i min vardag. Det \u00e4r kanske sant, men det \u00e4r ocks\u00e5 l\u00f6gn. Ingen dag \u00e4r den andra lik och inneh\u00e5llet kan skifta mycket, d\u00e4remot \u00e4r alla dagar vanliga f\u00f6r att allt i vardagen flyter p\u00e5 i trygghet. Jag hoppas verkligen att det&#8230;<\/p>\n","protected":false},"author":361,"featured_media":11877,"comment_status":"open","ping_status":"open","sticky":false,"template":"","format":"standard","meta":[],"categories":[1],"tags":[],"yoast_head":"<!-- This site is optimized with the Yoast SEO plugin v19.6 - https:\/\/yoast.com\/wordpress\/plugins\/seo\/ -->\n<title>En vanlig fredag - Abbotn\u00e4s s\u00e4teri<\/title>\n<meta name=\"robots\" content=\"index, follow, max-snippet:-1, max-image-preview:large, max-video-preview:-1\" \/>\n<link rel=\"canonical\" href=\"https:\/\/blogg.atl.nu\/abbotnas-sateri\/2022\/02\/25\/en-vanlig-fredag\/\" \/>\n<meta property=\"og:locale\" content=\"sv_SE\" \/>\n<meta property=\"og:type\" content=\"article\" \/>\n<meta property=\"og:title\" content=\"En vanlig fredag - Abbotn\u00e4s s\u00e4teri\" \/>\n<meta property=\"og:description\" content=\"Jag vet att jag brukar s\u00e4ga att det inte finns n\u00e5gra vanliga dagar i min vardag. Det \u00e4r kanske sant, men det \u00e4r ocks\u00e5 l\u00f6gn. Ingen dag \u00e4r den andra lik och inneh\u00e5llet kan skifta mycket, d\u00e4remot \u00e4r alla dagar vanliga f\u00f6r att allt i vardagen flyter p\u00e5 i trygghet. Jag hoppas verkligen att det...\" \/>\n<meta property=\"og:url\" content=\"https:\/\/blogg.atl.nu\/abbotnas-sateri\/2022\/02\/25\/en-vanlig-fredag\/\" \/>\n<meta property=\"og:site_name\" content=\"Abbotn\u00e4s s\u00e4teri\" \/>\n<meta property=\"article:author\" content=\"facebook.com\/mattiaswlarsson\" \/>\n<meta property=\"article:published_time\" content=\"2022-02-25T21:42:20+00:00\" \/>\n<meta property=\"article:modified_time\" content=\"2022-02-25T21:47:53+00:00\" \/>\n<meta property=\"og:image\" content=\"https:\/\/blogg.atl.nu\/abbotnas-sateri\/wp-content\/uploads\/sites\/41\/2022\/02\/B1D92FAE-D4BD-480E-9CD6-0859E5069E72.jpeg\" \/>\n\t<meta property=\"og:image:width\" content=\"2048\" \/>\n\t<meta property=\"og:image:height\" content=\"1536\" \/>\n\t<meta property=\"og:image:type\" content=\"image\/jpeg\" \/>\n<meta name=\"author\" content=\"Mattias Larsson\" \/>\n<meta name=\"twitter:card\" content=\"summary_large_image\" \/>\n<meta name=\"twitter:label1\" content=\"Skriven av\" \/>\n\t<meta name=\"twitter:data1\" content=\"Mattias Larsson\" \/>\n\t<meta name=\"twitter:label2\" content=\"Ber\u00e4knad l\u00e4stid\" \/>\n\t<meta name=\"twitter:data2\" content=\"4 minuter\" \/>\n<script type=\"application\/ld+json\" class=\"yoast-schema-graph\">{\"@context\":\"https:\/\/schema.org\",\"@graph\":[{\"@type\":\"WebPage\",\"@id\":\"https:\/\/blogg.atl.nu\/abbotnas-sateri\/2022\/02\/25\/en-vanlig-fredag\/\",\"url\":\"https:\/\/blogg.atl.nu\/abbotnas-sateri\/2022\/02\/25\/en-vanlig-fredag\/\",\"name\":\"En vanlig fredag - Abbotn\u00e4s s\u00e4teri\",\"isPartOf\":{\"@id\":\"https:\/\/blogg.atl.nu\/abbotnas-sateri\/#website\"},\"datePublished\":\"2022-02-25T21:42:20+00:00\",\"dateModified\":\"2022-02-25T21:47:53+00:00\",\"author\":{\"@id\":\"https:\/\/blogg.atl.nu\/abbotnas-sateri\/#\/schema\/person\/3b681683e8c9711235140b74c4aad714\"},\"breadcrumb\":{\"@id\":\"https:\/\/blogg.atl.nu\/abbotnas-sateri\/2022\/02\/25\/en-vanlig-fredag\/#breadcrumb\"},\"inLanguage\":\"sv-SE\",\"potentialAction\":[{\"@type\":\"ReadAction\",\"target\":[\"https:\/\/blogg.atl.nu\/abbotnas-sateri\/2022\/02\/25\/en-vanlig-fredag\/\"]}]},{\"@type\":\"BreadcrumbList\",\"@id\":\"https:\/\/blogg.atl.nu\/abbotnas-sateri\/2022\/02\/25\/en-vanlig-fredag\/#breadcrumb\",\"itemListElement\":[{\"@type\":\"ListItem\",\"position\":1,\"name\":\"Home\",\"item\":\"https:\/\/blogg.atl.nu\/abbotnas-sateri\/\"},{\"@type\":\"ListItem\",\"position\":2,\"name\":\"En vanlig fredag\"}]},{\"@type\":\"WebSite\",\"@id\":\"https:\/\/blogg.atl.nu\/abbotnas-sateri\/#website\",\"url\":\"https:\/\/blogg.atl.nu\/abbotnas-sateri\/\",\"name\":\"Abbotn\u00e4s s\u00e4teri\",\"description\":\"Mattias Larsson\",\"potentialAction\":[{\"@type\":\"SearchAction\",\"target\":{\"@type\":\"EntryPoint\",\"urlTemplate\":\"https:\/\/blogg.atl.nu\/abbotnas-sateri\/?s={search_term_string}\"},\"query-input\":\"required name=search_term_string\"}],\"inLanguage\":\"sv-SE\"},{\"@type\":\"Person\",\"@id\":\"https:\/\/blogg.atl.nu\/abbotnas-sateri\/#\/schema\/person\/3b681683e8c9711235140b74c4aad714\",\"name\":\"Mattias Larsson\",\"image\":{\"@type\":\"ImageObject\",\"inLanguage\":\"sv-SE\",\"@id\":\"https:\/\/blogg.atl.nu\/abbotnas-sateri\/#\/schema\/person\/image\/\",\"url\":\"https:\/\/secure.gravatar.com\/avatar\/ab52d1a4abaa2f256164ccb2caf8dcfb?s=96&d=mm&r=g\",\"contentUrl\":\"https:\/\/secure.gravatar.com\/avatar\/ab52d1a4abaa2f256164ccb2caf8dcfb?s=96&d=mm&r=g\",\"caption\":\"Mattias Larsson\"},\"sameAs\":[\"http:\/\/abbotnas.se\",\"facebook.com\/mattiaswlarsson\"],\"url\":\"https:\/\/blogg.atl.nu\/abbotnas-sateri\/author\/mlarsson\/\"}]}<\/script>\n<!-- \/ Yoast SEO plugin. -->","yoast_head_json":{"title":"En vanlig fredag - Abbotn\u00e4s s\u00e4teri","robots":{"index":"index","follow":"follow","max-snippet":"max-snippet:-1","max-image-preview":"max-image-preview:large","max-video-preview":"max-video-preview:-1"},"canonical":"https:\/\/blogg.atl.nu\/abbotnas-sateri\/2022\/02\/25\/en-vanlig-fredag\/","og_locale":"sv_SE","og_type":"article","og_title":"En vanlig fredag - Abbotn\u00e4s s\u00e4teri","og_description":"Jag vet att jag brukar s\u00e4ga att det inte finns n\u00e5gra vanliga dagar i min vardag. Det \u00e4r kanske sant, men det \u00e4r ocks\u00e5 l\u00f6gn. Ingen dag \u00e4r den andra lik och inneh\u00e5llet kan skifta mycket, d\u00e4remot \u00e4r alla dagar vanliga f\u00f6r att allt i vardagen flyter p\u00e5 i trygghet. Jag hoppas verkligen att det...","og_url":"https:\/\/blogg.atl.nu\/abbotnas-sateri\/2022\/02\/25\/en-vanlig-fredag\/","og_site_name":"Abbotn\u00e4s s\u00e4teri","article_author":"facebook.com\/mattiaswlarsson","article_published_time":"2022-02-25T21:42:20+00:00","article_modified_time":"2022-02-25T21:47:53+00:00","og_image":[{"width":2048,"height":1536,"url":"https:\/\/blogg.atl.nu\/abbotnas-sateri\/wp-content\/uploads\/sites\/41\/2022\/02\/B1D92FAE-D4BD-480E-9CD6-0859E5069E72.jpeg","type":"image\/jpeg"}],"author":"Mattias Larsson","twitter_card":"summary_large_image","twitter_misc":{"Skriven av":"Mattias Larsson","Ber\u00e4knad l\u00e4stid":"4 minuter"},"schema":{"@context":"https:\/\/schema.org","@graph":[{"@type":"WebPage","@id":"https:\/\/blogg.atl.nu\/abbotnas-sateri\/2022\/02\/25\/en-vanlig-fredag\/","url":"https:\/\/blogg.atl.nu\/abbotnas-sateri\/2022\/02\/25\/en-vanlig-fredag\/","name":"En vanlig fredag - Abbotn\u00e4s s\u00e4teri","isPartOf":{"@id":"https:\/\/blogg.atl.nu\/abbotnas-sateri\/#website"},"datePublished":"2022-02-25T21:42:20+00:00","dateModified":"2022-02-25T21:47:53+00:00","author":{"@id":"https:\/\/blogg.atl.nu\/abbotnas-sateri\/#\/schema\/person\/3b681683e8c9711235140b74c4aad714"},"breadcrumb":{"@id":"https:\/\/blogg.atl.nu\/abbotnas-sateri\/2022\/02\/25\/en-vanlig-fredag\/#breadcrumb"},"inLanguage":"sv-SE","potentialAction":[{"@type":"ReadAction","target":["https:\/\/blogg.atl.nu\/abbotnas-sateri\/2022\/02\/25\/en-vanlig-fredag\/"]}]},{"@type":"BreadcrumbList","@id":"https:\/\/blogg.atl.nu\/abbotnas-sateri\/2022\/02\/25\/en-vanlig-fredag\/#breadcrumb","itemListElement":[{"@type":"ListItem","position":1,"name":"Home","item":"https:\/\/blogg.atl.nu\/abbotnas-sateri\/"},{"@type":"ListItem","position":2,"name":"En vanlig fredag"}]},{"@type":"WebSite","@id":"https:\/\/blogg.atl.nu\/abbotnas-sateri\/#website","url":"https:\/\/blogg.atl.nu\/abbotnas-sateri\/","name":"Abbotn\u00e4s s\u00e4teri","description":"Mattias Larsson","potentialAction":[{"@type":"SearchAction","target":{"@type":"EntryPoint","urlTemplate":"https:\/\/blogg.atl.nu\/abbotnas-sateri\/?s={search_term_string}"},"query-input":"required name=search_term_string"}],"inLanguage":"sv-SE"},{"@type":"Person","@id":"https:\/\/blogg.atl.nu\/abbotnas-sateri\/#\/schema\/person\/3b681683e8c9711235140b74c4aad714","name":"Mattias Larsson","image":{"@type":"ImageObject","inLanguage":"sv-SE","@id":"https:\/\/blogg.atl.nu\/abbotnas-sateri\/#\/schema\/person\/image\/","url":"https:\/\/secure.gravatar.com\/avatar\/ab52d1a4abaa2f256164ccb2caf8dcfb?s=96&d=mm&r=g","contentUrl":"https:\/\/secure.gravatar.com\/avatar\/ab52d1a4abaa2f256164ccb2caf8dcfb?s=96&d=mm&r=g","caption":"Mattias Larsson"},"sameAs":["http:\/\/abbotnas.se","facebook.com\/mattiaswlarsson"],"url":"https:\/\/blogg.atl.nu\/abbotnas-sateri\/author\/mlarsson\/"}]}},"_links":{"self":[{"href":"https:\/\/blogg.atl.nu\/abbotnas-sateri\/wp-json\/wp\/v2\/posts\/11882"}],"collection":[{"href":"https:\/\/blogg.atl.nu\/abbotnas-sateri\/wp-json\/wp\/v2\/posts"}],"about":[{"href":"https:\/\/blogg.atl.nu\/abbotnas-sateri\/wp-json\/wp\/v2\/types\/post"}],"author":[{"embeddable":true,"href":"https:\/\/blogg.atl.nu\/abbotnas-sateri\/wp-json\/wp\/v2\/users\/361"}],"replies":[{"embeddable":true,"href":"https:\/\/blogg.atl.nu\/abbotnas-sateri\/wp-json\/wp\/v2\/comments?post=11882"}],"version-history":[{"count":7,"href":"https:\/\/blogg.atl.nu\/abbotnas-sateri\/wp-json\/wp\/v2\/posts\/11882\/revisions"}],"predecessor-version":[{"id":11907,"href":"https:\/\/blogg.atl.nu\/abbotnas-sateri\/wp-json\/wp\/v2\/posts\/11882\/revisions\/11907"}],"wp:featuredmedia":[{"embeddable":true,"href":"https:\/\/blogg.atl.nu\/abbotnas-sateri\/wp-json\/wp\/v2\/media\/11877"}],"wp:attachment":[{"href":"https:\/\/blogg.atl.nu\/abbotnas-sateri\/wp-json\/wp\/v2\/media?parent=11882"}],"wp:term":[{"taxonomy":"category","embeddable":true,"href":"https:\/\/blogg.atl.nu\/abbotnas-sateri\/wp-json\/wp\/v2\/categories?post=11882"},{"taxonomy":"post_tag","embeddable":true,"href":"https:\/\/blogg.atl.nu\/abbotnas-sateri\/wp-json\/wp\/v2\/tags?post=11882"}],"curies":[{"name":"wp","href":"https:\/\/api.w.org\/{rel}","templated":true}]}}