{"id":12282,"date":"2022-03-27T23:34:14","date_gmt":"2022-03-27T21:34:14","guid":{"rendered":"https:\/\/blogg.atl.nu\/abbotnas-sateri\/?p=12282"},"modified":"2022-03-27T23:57:53","modified_gmt":"2022-03-27T21:57:53","slug":"hur-ser-vetet-ut-efter-vintern","status":"publish","type":"post","link":"https:\/\/blogg.atl.nu\/abbotnas-sateri\/2022\/03\/27\/hur-ser-vetet-ut-efter-vintern\/","title":{"rendered":"Hur ser vetet ut efter vintern?"},"content":{"rendered":"<p><strong>Den meteorologiska v\u00e5ran har nu varit h\u00e4r i n\u00e5gra dagar och det b\u00f6rjar bli gr\u00f6nt ute. D\u00e5 \u00e4r det dags f\u00f6r en av v\u00e5rens viktigaste fr\u00e5gor, hur har h\u00f6stgr\u00f6dorna klarat sig och hur ser de ut? Nu har jag hunnit med en liten sv\u00e4ng p\u00e5 f\u00e4lten och h\u00e4r kommer en liten rapport om hur v\u00e5ra f\u00e4lt ser ut, samt lite egna tankar kring det med fokus p\u00e5 vete.<\/strong><\/p>\n<h3>Ut och kolla<\/h3>\n<p><strong>S\u00e5h\u00e4r tidigt p\u00e5 v\u00e5ren n\u00e4r gr\u00f6dorna b\u00f6rjar vakna till liv ute p\u00e5 f\u00e4lten igen, men inte hunnit v\u00e4xa alltf\u00f6r mycket, s\u00e5 tycker jag att det \u00e4r bra att ge sig ut f\u00f6r att kolla hur det ser ut. <\/strong>Jag tycker att det \u00e4r bra f\u00f6r d\u00e5 kan man se om man gjorde r\u00e4tt i h\u00f6stas eller om man skulle gjort n\u00e5got annorlunda. Det \u00e4r ju sj\u00e4lvklart inte alltid man kan se svart eller vitt om man gjort r\u00e4tt eller inte och ibland inte alls, men man brukar ofta kunna se tendenser p\u00e5 vissa saker. Det \u00e4r dessa saker jag tycker \u00e4r bra att kolla lite p\u00e5. Det handlar mest om noll\/maxrutor p\u00e5 g\u00f6dning samt plant och skottantal nu n\u00e4r jag kollar. Det \u00e4r nog det vi kan jobba enklast med f\u00f6r att f\u00f6r\u00e4ndra n\u00e5got. Att \u00e4ndra en g\u00f6dningsgiva \u00e4r ju v\u00e4ldigt enkelt \u00e5t b\u00e5da h\u00e5ll, men kan ju vara dyrt om det inte beh\u00f6vs. Att jobba med antalet plantor som \u00e4r kvar efter vintern \u00e4r kanske inte lika l\u00e4tt, men det g\u00e5r absolut att l\u00e4ra sig saker f\u00f6r att det ska bli s\u00e5 r\u00e4tt som m\u00f6jligt. Hursomhelst s\u00e5 kommer en hel del av \u00e5rets beslut att h\u00e4nga p\u00e5 hur det nu ser ut p\u00e5 f\u00e4lten, b\u00e5de f\u00f6r den gr\u00f6da som nu v\u00e4xer d\u00e4r och den gr\u00f6da som ska etableras i h\u00f6st.<\/p>\n<figure id=\"attachment_12308\" aria-describedby=\"caption-attachment-12308\" style=\"width: 4032px\" class=\"wp-caption alignnone\"><img loading=\"lazy\" class=\"wp-image-12308 size-full\" src=\"https:\/\/blogg.atl.nu\/abbotnas-sateri\/wp-content\/uploads\/sites\/41\/2022\/03\/F634B758-E970-4C53-BC5C-4B43B576EA0A.jpeg\" alt=\"\" width=\"4032\" height=\"3024\" srcset=\"https:\/\/blogg.atl.nu\/abbotnas-sateri\/wp-content\/uploads\/sites\/41\/2022\/03\/F634B758-E970-4C53-BC5C-4B43B576EA0A.jpeg 2048w, https:\/\/blogg.atl.nu\/abbotnas-sateri\/wp-content\/uploads\/sites\/41\/2022\/03\/F634B758-E970-4C53-BC5C-4B43B576EA0A-300x225.jpeg 300w, https:\/\/blogg.atl.nu\/abbotnas-sateri\/wp-content\/uploads\/sites\/41\/2022\/03\/F634B758-E970-4C53-BC5C-4B43B576EA0A-768x576.jpeg 768w, https:\/\/blogg.atl.nu\/abbotnas-sateri\/wp-content\/uploads\/sites\/41\/2022\/03\/F634B758-E970-4C53-BC5C-4B43B576EA0A-1024x768.jpeg 1024w\" sizes=\"(max-width: 4032px) 100vw, 4032px\" \/><figcaption id=\"caption-attachment-12308\" class=\"wp-caption-text\">Hur ser vetet ut egentligen? Att bara kolla p\u00e5 h\u00e5ll tycker jag inte ger en s\u00e5n bra bild, vill man f\u00e5 en bra uppfattning \u00e4r det bara att ge sig ut och kolla i f\u00e4lt. \u00c4r den ljusare fl\u00e4cken d\u00e4r det st\u00e5tt vatten och is utvintrat vete eller \u00e4r det bara jord p\u00e5 bladen? Hur m\u00e5nga plantor har vi nu efter vintern och hur m\u00e5nga skott har varje planta?<\/figcaption><\/figure>\n<figure id=\"attachment_12306\" aria-describedby=\"caption-attachment-12306\" style=\"width: 1089px\" class=\"wp-caption alignnone\"><img loading=\"lazy\" class=\"wp-image-12306 size-full\" src=\"https:\/\/blogg.atl.nu\/abbotnas-sateri\/wp-content\/uploads\/sites\/41\/2022\/03\/6869B6B9-4432-4E0E-8ED8-F7EFDDFE132C-e1648408386471.jpeg\" alt=\"\" width=\"1089\" height=\"532\" srcset=\"https:\/\/blogg.atl.nu\/abbotnas-sateri\/wp-content\/uploads\/sites\/41\/2022\/03\/6869B6B9-4432-4E0E-8ED8-F7EFDDFE132C-e1648408386471.jpeg 1089w, https:\/\/blogg.atl.nu\/abbotnas-sateri\/wp-content\/uploads\/sites\/41\/2022\/03\/6869B6B9-4432-4E0E-8ED8-F7EFDDFE132C-e1648408386471-300x147.jpeg 300w, https:\/\/blogg.atl.nu\/abbotnas-sateri\/wp-content\/uploads\/sites\/41\/2022\/03\/6869B6B9-4432-4E0E-8ED8-F7EFDDFE132C-e1648408386471-768x375.jpeg 768w, https:\/\/blogg.atl.nu\/abbotnas-sateri\/wp-content\/uploads\/sites\/41\/2022\/03\/6869B6B9-4432-4E0E-8ED8-F7EFDDFE132C-e1648408386471-1024x500.jpeg 1024w\" sizes=\"(max-width: 1089px) 100vw, 1089px\" \/><figcaption id=\"caption-attachment-12306\" class=\"wp-caption-text\">H\u00e4r kommer en bild som varit med f\u00f6rr, men \u00e4r f\u00f6r tydlig f\u00f6r att inte ha med igen, Nollruta p\u00e5 h\u00f6stg\u00f6dslingen syns helt klart. Utanf\u00f6r nollrutan fick detta h\u00f6stkorn 217 kg PK 11-21 (ca 24 kp P\/ha och 45 kg K\/ha). Helt klart v\u00e4rt att g\u00f6dsla.<\/figcaption><\/figure>\n<h2><strong>Vad kollade jag nu d\u00e5?<\/strong><\/h2>\n<p>Kan b\u00f6rja med att s\u00e4ga att jag g\u00f6r nedslag p\u00e5 flera platser p\u00e5 f\u00e4lten. Dels f\u00f6r att f\u00e5 en bra \u00f6verblick och f\u00e5 fram n\u00e5got slags snitt p\u00e5 hur f\u00e4lten ser ut, men ocks\u00e5 f\u00f6r att se hur de olika plasterna ser ut. Inget av v\u00e5ra f\u00e4lt ser likadana ut \u00f6ver hela f\u00e4lten, men vi vill \u00e4nd\u00e5 plocka ur det b\u00e4sta m\u00f6jliga ur alla platser f\u00f6r att f\u00e5 b\u00e4sta totala resultat. D\u00e4rf\u00f6r m\u00e5ste m\u00e5nga platser hanteras olika och d\u00e4rf\u00f6r \u00e4r det bra att kolla p\u00e5 m\u00e5nga olika platser f\u00f6r att l\u00e4ra sig s\u00e5 mycket som m\u00f6jligt, det finn mycket som p\u00e5verkar f\u00f6ruts\u00e4ttningarna f\u00f6r gr\u00f6dan.<\/p>\n<h3>Antal plantor<\/h3>\n<p><strong>Nu n\u00e4r jag \u00e4r ute s\u00e5 r\u00e4knar jag antalet plantor\/m2 , jag vet att vissa inte g\u00f6r det utan bra r\u00e4knar antalet skott\/m2.\u00a0<\/strong>Jag tycker \u00e4nd\u00e5 att det \u00e4r v\u00e4ldigt bra att r\u00e4kna plantor med, f\u00f6r det \u00e4r en konkret sak som vi dels kan jobba med. Det \u00e4r ju egentligen varken antalet plantor eller skott vi kommer att tr\u00f6ska i h\u00f6st utan antalet ax, men b\u00e5de antalet plantor och skott \u00e4r n\u00e5got som kommer p\u00e5verka hur m\u00e5nga ax det blir. Jag tycker \u00e4nd\u00e5 som sagt var att det \u00e4r bra att b\u00f6rja med att r\u00e4kna plantor\/m2, d\u00e5 kan man dels se ur mycket av det man s\u00e5dde i h\u00f6stas som grodde och kom med till v\u00e5ren. Vet man det, s\u00e5 kan man ju dels f\u00e5 statistik p\u00e5 det f\u00f6r kommande s\u00e5dd och sen s\u00e5 kan man fundera p\u00e5 vad som gjorde att det blev b\u00e4ttre\/s\u00e4mre \u00e4n det brukar. Detta kan helt klart vara bra till kommande s\u00e4songer i beslutstagande. Inget \u00e5r \u00e4r det andra likt, men ju mer vi l\u00e4gger in i kunskaps- och erfarenhetsbanken desto b\u00e4ttre borde vi bli.<\/p>\n<p>&nbsp;<\/p>\n<h3>Antal skott<\/h3>\n<p><strong>Efter att r\u00e4knat antal plantor s\u00e5 kollar jag antalet skott\/m2.\u00a0<\/strong>Dels s\u00e5 r\u00e4knar jag alla skott p\u00e5 den ytan jag kollar (tv\u00e5 rader bredvid varandra sen multiplicerar och dividerar jag) d\u00e5 f\u00e5r jag fram ganska s\u00e5 exakt hur m\u00e5nga skott det \u00e4r per m2. Sen s\u00e5 kollar jag p\u00e5 plantorna f\u00f6r att se hur m\u00e5nga sidoskott de har. Det \u00e4r ju med en v\u00e4ldigt intressant sak att veta. \u00c4r det m\u00e5nga sidoskott\/planta beh\u00f6vs ju inte lika m\u00e5nga plantor f\u00f6r att komma upp i h\u00f6gt antal skott\/m2. Genom dessa r\u00e4kningar har jag bland annat kommit fram till att sorten Norin beh\u00f6ver s\u00e5s lite tjockare \u00e4n sorten Julius f\u00f6r att komma upp i &#8221;r\u00e4tt&#8221; antal skott\/m2, s\u00e4rskilt eftersom att jag tycker att Norin brukar bestocka sig d\u00e5ligt p\u00e5 v\u00e5ren.<\/p>\n<p>&nbsp;<\/p>\n<h3>Nollrutor och maxrutor<\/h3>\n<p><strong>Jag kollar p\u00e5 max- och nollrutor fr\u00e5n h\u00f6sten b\u00e5de p\u00e5 uts\u00e4de och g\u00f6dning, men har betydligt fler g\u00f6dningsrutor \u00e4n uts\u00e4desrutor.<\/strong> Jag har inte heller hunnit r\u00e4kna uts\u00e4desrutorna \u00e4n&#8230; G\u00f6dningsrutorna kolla jag d\u00e4remot av f\u00f6r att se om jag ser n\u00e5gon skillnad. Ibland \u00e4r det ingen skillnad alls och ibland stora skillnader. Det brukar kunna skilja b\u00e5de i antal skott, f\u00e4rg och storlek p\u00e5 blad och r\u00f6tter. I h\u00f6stas s\u00e5 planerade jag rutorna efter markkartan f\u00f6r att kunna se om jag kunde f\u00e5 fram st\u00f6rre skillnader d\u00e4r det var l\u00e4gre klasser \u00e4n h\u00f6gre. Det kan vara extra intressant n\u00e4r man styr g\u00f6dningsgivan efter markkartan. Det brukar kunna beror mycket p\u00e5 \u00e5ret om rutorna syns mycket eller lite. \u00c4n s\u00e5 l\u00e4nge s\u00e5 syns \u00e5rets rutor ganska s\u00e5 d\u00e5ligt och maxrutorna sticker ut mer \u00e4n nollrutorna, vilket jag tycker \u00e4r lite konstigt.<\/p>\n<div class=\"mceTemp\"><\/div>\n<h3>Allm\u00e4n \u00f6verblick<\/h3>\n<p><strong>Sen har vi den viktiga allm\u00e4nna \u00f6verblicken.<\/strong> Jag kollar \u00f6ver f\u00e4lten i stort f\u00f6r att se var det ser s\u00e4mre\/b\u00e4ttre ut och kanske varf\u00f6r. Finns det fl\u00e4ckar som inte alls m\u00e5r bra? I s\u00e5dana fall varf\u00f6r m\u00e5r de inte bra? \u00c4r det torrt eller bl\u00f6tt i marken? Finns det viltskador? etc etc<\/p>\n<h3>Hur s\u00e5g det nu ut d\u00e5?<\/h3>\n<p><strong>Nu till resultatet av denna lilla runda.<\/strong> Jag har inte hunnit \u00f6ver allt \u00e4n, men det mesta och jag m\u00e5ste nog s\u00e4ga att det mesta ser bra ut. H\u00e4r kommer en liten redovisning sort f\u00f6r sort:<\/p>\n<h3>Norin<\/h3>\n<p>I v\u00e5rat Norin som \u00e4r v\u00e5ran tidiga sort och f\u00f6rfrukt till rapsen har vi nu ett snitt p\u00e5 ca 336 plantor\/m2. D\u00e4r s\u00e5dde jag ut 400 grobara k\u00e4rnor\/m2 i snitt (men \u00f6kade och minskade enligt eget huvud vidd s\u00e5dd) vilket g\u00f6r att 84% av de grobara jag s\u00e5dde nu \u00e4r plantor. Nu \u00e4r ju det snittet p\u00e5 allt Norin, men \u00e4nd\u00e5 intressant. 224 plantor\/m2 var det l\u00e4gsta antalet jag r\u00e4knade och 408 plantor\/m2 det h\u00f6gsta. N\u00e4r det g\u00e4ller antalet skott\/m2 s\u00e5 var det ett tydligt snitt p\u00e5 2 sidoskott per plantar (allts\u00e5 3 skott per planta), men sj\u00e4lvklart fanns det b\u00e5de fler och f\u00e4rre p\u00e5 plantor. Dessa siffor g\u00f6r i alla fall att vi i snitt har 1 008 skott\/m2 p\u00e5 v\u00e5ra Norinf\u00e4lt. Det \u00e4r faktiskt ganska s\u00e5 m\u00e5nga skott\/m2, men jag upplever inte att det \u00e4r negativt. P\u00e5 Norinet vill vi helst ha 900 ax n\u00e4r vi tr\u00f6skar eftersom att det brukar ha lite f\u00e4rre k\u00e4rnor\/ax och l\u00e4gre tusenkornvikt \u00e4n andra sorter (som vi odlar).<\/p>\n<figure id=\"attachment_12285\" aria-describedby=\"caption-attachment-12285\" style=\"width: 4032px\" class=\"wp-caption alignnone\"><img loading=\"lazy\" class=\"wp-image-12285 size-full\" src=\"https:\/\/blogg.atl.nu\/abbotnas-sateri\/wp-content\/uploads\/sites\/41\/2022\/03\/2D91CBF7-3F9B-437A-877E-318DF1A65BBB.jpeg\" alt=\"\" width=\"4032\" height=\"3024\" srcset=\"https:\/\/blogg.atl.nu\/abbotnas-sateri\/wp-content\/uploads\/sites\/41\/2022\/03\/2D91CBF7-3F9B-437A-877E-318DF1A65BBB.jpeg 2048w, https:\/\/blogg.atl.nu\/abbotnas-sateri\/wp-content\/uploads\/sites\/41\/2022\/03\/2D91CBF7-3F9B-437A-877E-318DF1A65BBB-300x225.jpeg 300w, https:\/\/blogg.atl.nu\/abbotnas-sateri\/wp-content\/uploads\/sites\/41\/2022\/03\/2D91CBF7-3F9B-437A-877E-318DF1A65BBB-768x576.jpeg 768w, https:\/\/blogg.atl.nu\/abbotnas-sateri\/wp-content\/uploads\/sites\/41\/2022\/03\/2D91CBF7-3F9B-437A-877E-318DF1A65BBB-1024x768.jpeg 1024w\" sizes=\"(max-width: 4032px) 100vw, 4032px\" \/><figcaption id=\"caption-attachment-12285\" class=\"wp-caption-text\">En plats under snittet i antal plantor\/m2. H\u00e4r v\u00e4xer ca 268 Norinplantor.<\/figcaption><\/figure>\n<figure id=\"attachment_12289\" aria-describedby=\"caption-attachment-12289\" style=\"width: 2048px\" class=\"wp-caption alignnone\"><img loading=\"lazy\" class=\"wp-image-12289 size-full\" src=\"https:\/\/blogg.atl.nu\/abbotnas-sateri\/wp-content\/uploads\/sites\/41\/2022\/03\/856CABAB-5AE2-4B9D-AE09-4A309016F81B-e1648416031219.jpeg\" alt=\"\" width=\"2048\" height=\"1536\" srcset=\"https:\/\/blogg.atl.nu\/abbotnas-sateri\/wp-content\/uploads\/sites\/41\/2022\/03\/856CABAB-5AE2-4B9D-AE09-4A309016F81B-e1648416031219.jpeg 2048w, https:\/\/blogg.atl.nu\/abbotnas-sateri\/wp-content\/uploads\/sites\/41\/2022\/03\/856CABAB-5AE2-4B9D-AE09-4A309016F81B-e1648416031219-300x225.jpeg 300w, https:\/\/blogg.atl.nu\/abbotnas-sateri\/wp-content\/uploads\/sites\/41\/2022\/03\/856CABAB-5AE2-4B9D-AE09-4A309016F81B-e1648416031219-768x576.jpeg 768w, https:\/\/blogg.atl.nu\/abbotnas-sateri\/wp-content\/uploads\/sites\/41\/2022\/03\/856CABAB-5AE2-4B9D-AE09-4A309016F81B-e1648416031219-1024x768.jpeg 1024w\" sizes=\"(max-width: 2048px) 100vw, 2048px\" \/><figcaption id=\"caption-attachment-12289\" class=\"wp-caption-text\">Norinplanta med 3 sidoskott.<\/figcaption><\/figure>\n<h3>Julius<\/h3>\n<p>Julius som \u00e4r v\u00e5ran huvudsort som vi har mest av tycker jag nu i v\u00e5r \u00e4r v\u00e4ldigt j\u00e4mn i antal plantor, men har inte hunnit r\u00e4kna de 80 hektaren som s\u00e5ddes sist i h\u00f6stas \u00e4n. D\u00e4r jag nu har r\u00e4knat har vi ca 256 plantor\/m2 i snitt. Jag s\u00e5dde d\u00e4r mellan 330 och 360 grobara\/m2 i snitt, men \u00e4ven h\u00e4r upp och ner efter eget huvud n\u00e4r jag s\u00e5dde. S\u00e5 ca 77 och 71% av de grobara jag s\u00e5dde \u00e4r idag plantor p\u00e5 det Julius jag r\u00e4knat hittills . Det intressanta och n\u00e4stan konstiga \u00e4r att spannet d\u00e4r jag r\u00e4knade var endast 220 till 290 plantor\/m2 och att f\u00e4ltsnitten blev samma, ca 256\/m2. Antingen s\u00e5 har jag lyckats pricka just dessa fl\u00e4ckar eller s\u00e5 var det ett s\u00e5 j\u00e4mnt resultat, f\u00e5r kanske r\u00e4kna p\u00e5 fler platser, r\u00e4knat p\u00e5 50 platser \u00e4n s\u00e5 l\u00e4nge. H\u00e4r skiljde sig antalet sidoskott d\u00e4remot mer \u00e4n Norinet, det skiljde sig mellan 2-4 sidoskott i snitt mellan f\u00e4lten. Det g\u00f6r att vi har Juliusf\u00e4lt med 768-1280 skott\/m2. P\u00e5 Julius vill vi ha \u00e5tminstone 700 ax n\u00e4r vi tr\u00f6skar, men h\u00f6gsta sk\u00f6rdar har vi tagit n\u00e4r vi haft fler. D\u00e5 \u00e4r ju d\u00e4remot risken f\u00f6r liggs\u00e4d stor&#8230;<\/p>\n<figure id=\"attachment_12277\" aria-describedby=\"caption-attachment-12277\" style=\"width: 2048px\" class=\"wp-caption alignnone\"><img loading=\"lazy\" class=\"wp-image-12277 size-full\" src=\"https:\/\/blogg.atl.nu\/abbotnas-sateri\/wp-content\/uploads\/sites\/41\/2022\/03\/2473F1E6-FE3A-4782-8259-413E9BC7FDB2.jpeg\" alt=\"\" width=\"2048\" height=\"1536\" srcset=\"https:\/\/blogg.atl.nu\/abbotnas-sateri\/wp-content\/uploads\/sites\/41\/2022\/03\/2473F1E6-FE3A-4782-8259-413E9BC7FDB2.jpeg 2048w, https:\/\/blogg.atl.nu\/abbotnas-sateri\/wp-content\/uploads\/sites\/41\/2022\/03\/2473F1E6-FE3A-4782-8259-413E9BC7FDB2-300x225.jpeg 300w, https:\/\/blogg.atl.nu\/abbotnas-sateri\/wp-content\/uploads\/sites\/41\/2022\/03\/2473F1E6-FE3A-4782-8259-413E9BC7FDB2-768x576.jpeg 768w, https:\/\/blogg.atl.nu\/abbotnas-sateri\/wp-content\/uploads\/sites\/41\/2022\/03\/2473F1E6-FE3A-4782-8259-413E9BC7FDB2-1024x768.jpeg 1024w\" sizes=\"(max-width: 2048px) 100vw, 2048px\" \/><figcaption id=\"caption-attachment-12277\" class=\"wp-caption-text\">Ett Juliusf\u00e4lt som kanske ser glest ut, men h\u00e4r \u00e4r det faktiskt 1280 skott\/m2 i snitt. Det tror man inte om man inte r\u00e4knar.<\/figcaption><\/figure>\n<figure id=\"attachment_12281\" aria-describedby=\"caption-attachment-12281\" style=\"width: 2048px\" class=\"wp-caption alignnone\"><img loading=\"lazy\" class=\"wp-image-12281 size-full\" src=\"https:\/\/blogg.atl.nu\/abbotnas-sateri\/wp-content\/uploads\/sites\/41\/2022\/03\/645C105B-FFBC-4B4C-B3FC-CA28238A7038-e1648415344340.jpeg\" alt=\"\" width=\"2048\" height=\"1536\" srcset=\"https:\/\/blogg.atl.nu\/abbotnas-sateri\/wp-content\/uploads\/sites\/41\/2022\/03\/645C105B-FFBC-4B4C-B3FC-CA28238A7038-e1648415344340.jpeg 2048w, https:\/\/blogg.atl.nu\/abbotnas-sateri\/wp-content\/uploads\/sites\/41\/2022\/03\/645C105B-FFBC-4B4C-B3FC-CA28238A7038-e1648415344340-300x225.jpeg 300w, https:\/\/blogg.atl.nu\/abbotnas-sateri\/wp-content\/uploads\/sites\/41\/2022\/03\/645C105B-FFBC-4B4C-B3FC-CA28238A7038-e1648415344340-768x576.jpeg 768w, https:\/\/blogg.atl.nu\/abbotnas-sateri\/wp-content\/uploads\/sites\/41\/2022\/03\/645C105B-FFBC-4B4C-B3FC-CA28238A7038-e1648415344340-1024x768.jpeg 1024w\" sizes=\"(max-width: 2048px) 100vw, 2048px\" \/><figcaption id=\"caption-attachment-12281\" class=\"wp-caption-text\">Antalet skott\/planta p\u00e5verkar resultatet mycket. Denna plantan har totalt 7 skott.<\/figcaption><\/figure>\n<figure id=\"attachment_12273\" aria-describedby=\"caption-attachment-12273\" style=\"width: 2048px\" class=\"wp-caption alignnone\"><img loading=\"lazy\" class=\"wp-image-12273 size-full\" src=\"https:\/\/blogg.atl.nu\/abbotnas-sateri\/wp-content\/uploads\/sites\/41\/2022\/03\/4C0A7976-F31A-446E-9F71-7414EA927D4B-e1648415487407.jpeg\" alt=\"\" width=\"2048\" height=\"1536\" srcset=\"https:\/\/blogg.atl.nu\/abbotnas-sateri\/wp-content\/uploads\/sites\/41\/2022\/03\/4C0A7976-F31A-446E-9F71-7414EA927D4B-e1648415487407.jpeg 2048w, https:\/\/blogg.atl.nu\/abbotnas-sateri\/wp-content\/uploads\/sites\/41\/2022\/03\/4C0A7976-F31A-446E-9F71-7414EA927D4B-e1648415487407-300x225.jpeg 300w, https:\/\/blogg.atl.nu\/abbotnas-sateri\/wp-content\/uploads\/sites\/41\/2022\/03\/4C0A7976-F31A-446E-9F71-7414EA927D4B-e1648415487407-768x576.jpeg 768w, https:\/\/blogg.atl.nu\/abbotnas-sateri\/wp-content\/uploads\/sites\/41\/2022\/03\/4C0A7976-F31A-446E-9F71-7414EA927D4B-e1648415487407-1024x768.jpeg 1024w\" sizes=\"(max-width: 2048px) 100vw, 2048px\" \/><figcaption id=\"caption-attachment-12273\" class=\"wp-caption-text\">Skillnad p\u00e5 plantor fr\u00e5n g\u00f6dningsmaxruta och \u00f6vriga f\u00e4ltet p\u00e5 ett Juliusf\u00e4lt.\u00a0 De tv\u00e5 plantor till v\u00e4nster kommer fr\u00e5n maxrutan. De fr\u00e5n maxrutan \u00e4r lite mindre violetta och mer gr\u00f6na i f\u00e4rgen.<\/figcaption><\/figure>\n<div class=\"mceTemp\"><\/div>\n<h3>Brons<\/h3>\n<p>Den sorten vi odlar minst av idag (endast ett f\u00e4lt) ser ocks\u00e5 bra ut nu och har ca 280 plantor\/m2 i snitt. Jag s\u00e5dde ut 375 grobara k\u00e4rnor\/m2 i snitt, vilket g\u00f6r att 75 % av de grobara jag s\u00e5dde nu \u00e4r plantor. Bronsen hade i snitt 2 sidoskott per planta. D\u00e4r har vi allts\u00e5 ca 840 skott\/m2 idag. Detta \u00e4r bara andra \u00e5ret vi odlar den h\u00e4r sorten s\u00e5 jag har inte kanonkoll p\u00e5 den, men f\u00e5 f\u00f6r mig att den \u00e4r som Julius ungef\u00e4r och d\u00e5 vill vi ha minst 700 ax\/m2 n\u00e4r vi tr\u00f6skar.<\/p>\n<p>&nbsp;<\/p>\n<figure id=\"attachment_12279\" aria-describedby=\"caption-attachment-12279\" style=\"width: 2048px\" class=\"wp-caption alignnone\"><img loading=\"lazy\" class=\"wp-image-12279 size-full\" src=\"https:\/\/blogg.atl.nu\/abbotnas-sateri\/wp-content\/uploads\/sites\/41\/2022\/03\/583C5C26-6FEC-4896-806D-261352901EAB.jpeg\" alt=\"\" width=\"2048\" height=\"1536\" srcset=\"https:\/\/blogg.atl.nu\/abbotnas-sateri\/wp-content\/uploads\/sites\/41\/2022\/03\/583C5C26-6FEC-4896-806D-261352901EAB.jpeg 2048w, https:\/\/blogg.atl.nu\/abbotnas-sateri\/wp-content\/uploads\/sites\/41\/2022\/03\/583C5C26-6FEC-4896-806D-261352901EAB-300x225.jpeg 300w, https:\/\/blogg.atl.nu\/abbotnas-sateri\/wp-content\/uploads\/sites\/41\/2022\/03\/583C5C26-6FEC-4896-806D-261352901EAB-768x576.jpeg 768w, https:\/\/blogg.atl.nu\/abbotnas-sateri\/wp-content\/uploads\/sites\/41\/2022\/03\/583C5C26-6FEC-4896-806D-261352901EAB-1024x768.jpeg 1024w\" sizes=\"(max-width: 2048px) 100vw, 2048px\" \/><figcaption id=\"caption-attachment-12279\" class=\"wp-caption-text\">Tre stycken fina Bronsplantor<\/figcaption><\/figure>\n<p><strong>F\u00f6r att sammanfatta det hela s\u00e5 tycker jag att h\u00f6stvetet ser bra ut och att \u00e4n s\u00e5 l\u00e4nge finns det goda f\u00f6ruts\u00e4ttningar till h\u00f6g sk\u00f6rd!<\/strong><\/p>\n<p>N\u00e5gra andra saker v\u00e4rda att n\u00e4mna:<\/p>\n<figure id=\"attachment_12290\" aria-describedby=\"caption-attachment-12290\" style=\"width: 2048px\" class=\"wp-caption alignnone\"><img loading=\"lazy\" class=\"wp-image-12290 size-full\" src=\"https:\/\/blogg.atl.nu\/abbotnas-sateri\/wp-content\/uploads\/sites\/41\/2022\/03\/B2E74E6D-2666-4AA1-A263-3D3DA4DD4D4D.jpeg\" alt=\"\" width=\"2048\" height=\"1536\" srcset=\"https:\/\/blogg.atl.nu\/abbotnas-sateri\/wp-content\/uploads\/sites\/41\/2022\/03\/B2E74E6D-2666-4AA1-A263-3D3DA4DD4D4D.jpeg 2048w, https:\/\/blogg.atl.nu\/abbotnas-sateri\/wp-content\/uploads\/sites\/41\/2022\/03\/B2E74E6D-2666-4AA1-A263-3D3DA4DD4D4D-300x225.jpeg 300w, https:\/\/blogg.atl.nu\/abbotnas-sateri\/wp-content\/uploads\/sites\/41\/2022\/03\/B2E74E6D-2666-4AA1-A263-3D3DA4DD4D4D-768x576.jpeg 768w, https:\/\/blogg.atl.nu\/abbotnas-sateri\/wp-content\/uploads\/sites\/41\/2022\/03\/B2E74E6D-2666-4AA1-A263-3D3DA4DD4D4D-1024x768.jpeg 1024w\" sizes=\"(max-width: 2048px) 100vw, 2048px\" \/><figcaption id=\"caption-attachment-12290\" class=\"wp-caption-text\">Vi har n\u00e5gra sm\u00e5 ytor som st\u00e5tt under is ett tag sista delen av vintern. Jag tror tyv\u00e4rr att det inte kommer bli s\u00e5 mycket vete p\u00e5 en del av dessa ytor. Som tur \u00e4r s\u00e5 pratar vi kvadratmeter och inte hektar \u00e4n s\u00e5 l\u00e4nge.<\/figcaption><\/figure>\n<figure id=\"attachment_12294\" aria-describedby=\"caption-attachment-12294\" style=\"width: 4032px\" class=\"wp-caption alignnone\"><img loading=\"lazy\" class=\"wp-image-12294 size-full\" src=\"https:\/\/blogg.atl.nu\/abbotnas-sateri\/wp-content\/uploads\/sites\/41\/2022\/03\/13886DF6-4B54-4AB8-B5B4-18696F01FE20.jpeg\" alt=\"\" width=\"4032\" height=\"3024\" srcset=\"https:\/\/blogg.atl.nu\/abbotnas-sateri\/wp-content\/uploads\/sites\/41\/2022\/03\/13886DF6-4B54-4AB8-B5B4-18696F01FE20.jpeg 2048w, https:\/\/blogg.atl.nu\/abbotnas-sateri\/wp-content\/uploads\/sites\/41\/2022\/03\/13886DF6-4B54-4AB8-B5B4-18696F01FE20-300x225.jpeg 300w, https:\/\/blogg.atl.nu\/abbotnas-sateri\/wp-content\/uploads\/sites\/41\/2022\/03\/13886DF6-4B54-4AB8-B5B4-18696F01FE20-768x576.jpeg 768w, https:\/\/blogg.atl.nu\/abbotnas-sateri\/wp-content\/uploads\/sites\/41\/2022\/03\/13886DF6-4B54-4AB8-B5B4-18696F01FE20-1024x768.jpeg 1024w\" sizes=\"(max-width: 4032px) 100vw, 4032px\" \/><figcaption id=\"caption-attachment-12294\" class=\"wp-caption-text\">D\u00f6tt vete?<\/figcaption><\/figure>\n<figure id=\"attachment_12284\" aria-describedby=\"caption-attachment-12284\" style=\"width: 4032px\" class=\"wp-caption alignnone\"><img loading=\"lazy\" class=\"wp-image-12284 size-full\" src=\"https:\/\/blogg.atl.nu\/abbotnas-sateri\/wp-content\/uploads\/sites\/41\/2022\/03\/B1B866B4-55D7-4937-93EA-EBF1D4DE99D6.jpeg\" alt=\"\" width=\"4032\" height=\"3024\" srcset=\"https:\/\/blogg.atl.nu\/abbotnas-sateri\/wp-content\/uploads\/sites\/41\/2022\/03\/B1B866B4-55D7-4937-93EA-EBF1D4DE99D6.jpeg 2048w, https:\/\/blogg.atl.nu\/abbotnas-sateri\/wp-content\/uploads\/sites\/41\/2022\/03\/B1B866B4-55D7-4937-93EA-EBF1D4DE99D6-300x225.jpeg 300w, https:\/\/blogg.atl.nu\/abbotnas-sateri\/wp-content\/uploads\/sites\/41\/2022\/03\/B1B866B4-55D7-4937-93EA-EBF1D4DE99D6-768x576.jpeg 768w, https:\/\/blogg.atl.nu\/abbotnas-sateri\/wp-content\/uploads\/sites\/41\/2022\/03\/B1B866B4-55D7-4937-93EA-EBF1D4DE99D6-1024x768.jpeg 1024w\" sizes=\"(max-width: 4032px) 100vw, 4032px\" \/><figcaption id=\"caption-attachment-12284\" class=\"wp-caption-text\">Jag tycker att samtliga vetef\u00e4lt jag varit ute p\u00e5 har haft bra rotsystem, \u00e4ven om det \u00e4t sv\u00e5rt att se p\u00e5 bild.<\/figcaption><\/figure>\n<figure id=\"attachment_12292\" aria-describedby=\"caption-attachment-12292\" style=\"width: 2048px\" class=\"wp-caption alignnone\"><img loading=\"lazy\" class=\"wp-image-12292 size-full\" src=\"https:\/\/blogg.atl.nu\/abbotnas-sateri\/wp-content\/uploads\/sites\/41\/2022\/03\/7D6BAF01-6DF4-4D33-A2CF-8D2F41A48E65-e1648416507127.jpeg\" alt=\"\" width=\"2048\" height=\"1536\" srcset=\"https:\/\/blogg.atl.nu\/abbotnas-sateri\/wp-content\/uploads\/sites\/41\/2022\/03\/7D6BAF01-6DF4-4D33-A2CF-8D2F41A48E65-e1648416507127.jpeg 2048w, https:\/\/blogg.atl.nu\/abbotnas-sateri\/wp-content\/uploads\/sites\/41\/2022\/03\/7D6BAF01-6DF4-4D33-A2CF-8D2F41A48E65-e1648416507127-300x225.jpeg 300w, https:\/\/blogg.atl.nu\/abbotnas-sateri\/wp-content\/uploads\/sites\/41\/2022\/03\/7D6BAF01-6DF4-4D33-A2CF-8D2F41A48E65-e1648416507127-768x576.jpeg 768w, https:\/\/blogg.atl.nu\/abbotnas-sateri\/wp-content\/uploads\/sites\/41\/2022\/03\/7D6BAF01-6DF4-4D33-A2CF-8D2F41A48E65-e1648416507127-1024x768.jpeg 1024w\" sizes=\"(max-width: 2048px) 100vw, 2048px\" \/><figcaption id=\"caption-attachment-12292\" class=\"wp-caption-text\">En fiende till veteplantorna \u00e4r helt klart hjorttramp.<\/figcaption><\/figure>\n<figure id=\"attachment_12295\" aria-describedby=\"caption-attachment-12295\" style=\"width: 4032px\" class=\"wp-caption alignnone\"><img loading=\"lazy\" class=\"wp-image-12295 size-full\" src=\"https:\/\/blogg.atl.nu\/abbotnas-sateri\/wp-content\/uploads\/sites\/41\/2022\/03\/9D8FDFD5-58BC-4A22-9B74-E98143DA935F.jpeg\" alt=\"\" width=\"4032\" height=\"3024\" srcset=\"https:\/\/blogg.atl.nu\/abbotnas-sateri\/wp-content\/uploads\/sites\/41\/2022\/03\/9D8FDFD5-58BC-4A22-9B74-E98143DA935F.jpeg 2048w, https:\/\/blogg.atl.nu\/abbotnas-sateri\/wp-content\/uploads\/sites\/41\/2022\/03\/9D8FDFD5-58BC-4A22-9B74-E98143DA935F-300x225.jpeg 300w, https:\/\/blogg.atl.nu\/abbotnas-sateri\/wp-content\/uploads\/sites\/41\/2022\/03\/9D8FDFD5-58BC-4A22-9B74-E98143DA935F-768x576.jpeg 768w, https:\/\/blogg.atl.nu\/abbotnas-sateri\/wp-content\/uploads\/sites\/41\/2022\/03\/9D8FDFD5-58BC-4A22-9B74-E98143DA935F-1024x768.jpeg 1024w\" sizes=\"(max-width: 4032px) 100vw, 4032px\" \/><figcaption id=\"caption-attachment-12295\" class=\"wp-caption-text\">Maxruta som syns.<\/figcaption><\/figure>\n<figure id=\"attachment_12269\" aria-describedby=\"caption-attachment-12269\" style=\"width: 1920px\" class=\"wp-caption alignnone\"><img loading=\"lazy\" class=\"wp-image-12269 size-full\" src=\"https:\/\/blogg.atl.nu\/abbotnas-sateri\/wp-content\/uploads\/sites\/41\/2022\/03\/1A229894-C8F3-482B-86F3-ADB4C9F3FDC2.jpeg\" alt=\"\" width=\"1920\" height=\"1080\" srcset=\"https:\/\/blogg.atl.nu\/abbotnas-sateri\/wp-content\/uploads\/sites\/41\/2022\/03\/1A229894-C8F3-482B-86F3-ADB4C9F3FDC2.jpeg 1920w, https:\/\/blogg.atl.nu\/abbotnas-sateri\/wp-content\/uploads\/sites\/41\/2022\/03\/1A229894-C8F3-482B-86F3-ADB4C9F3FDC2-300x169.jpeg 300w, https:\/\/blogg.atl.nu\/abbotnas-sateri\/wp-content\/uploads\/sites\/41\/2022\/03\/1A229894-C8F3-482B-86F3-ADB4C9F3FDC2-768x432.jpeg 768w, https:\/\/blogg.atl.nu\/abbotnas-sateri\/wp-content\/uploads\/sites\/41\/2022\/03\/1A229894-C8F3-482B-86F3-ADB4C9F3FDC2-1024x576.jpeg 1024w\" sizes=\"(max-width: 1920px) 100vw, 1920px\" \/><figcaption id=\"caption-attachment-12269\" class=\"wp-caption-text\">Jag har \u00e4n s\u00e5 l\u00e4nge inte kunnat hitta n\u00e5gra axanlag p\u00e5 n\u00e5gra veteplantor..<\/figcaption><\/figure>\n<p>Andra saker man kan hitta i f\u00e4lt:<\/p>\n<figure id=\"attachment_12299\" aria-describedby=\"caption-attachment-12299\" style=\"width: 4032px\" class=\"wp-caption alignnone\"><img loading=\"lazy\" class=\"wp-image-12299 size-full\" src=\"https:\/\/blogg.atl.nu\/abbotnas-sateri\/wp-content\/uploads\/sites\/41\/2022\/03\/EB000369-C017-4843-8346-5D2207D9CB81.jpeg\" alt=\"\" width=\"4032\" height=\"3024\" srcset=\"https:\/\/blogg.atl.nu\/abbotnas-sateri\/wp-content\/uploads\/sites\/41\/2022\/03\/EB000369-C017-4843-8346-5D2207D9CB81.jpeg 2048w, https:\/\/blogg.atl.nu\/abbotnas-sateri\/wp-content\/uploads\/sites\/41\/2022\/03\/EB000369-C017-4843-8346-5D2207D9CB81-300x225.jpeg 300w, https:\/\/blogg.atl.nu\/abbotnas-sateri\/wp-content\/uploads\/sites\/41\/2022\/03\/EB000369-C017-4843-8346-5D2207D9CB81-768x576.jpeg 768w, https:\/\/blogg.atl.nu\/abbotnas-sateri\/wp-content\/uploads\/sites\/41\/2022\/03\/EB000369-C017-4843-8346-5D2207D9CB81-1024x768.jpeg 1024w\" sizes=\"(max-width: 4032px) 100vw, 4032px\" \/><figcaption id=\"caption-attachment-12299\" class=\"wp-caption-text\">D\u00f6tt r\u00e5djur, f\u00e5r jag gissa s\u00e5 \u00e4r det rovdjurstaget.<\/figcaption><\/figure>\n<figure id=\"attachment_12301\" aria-describedby=\"caption-attachment-12301\" style=\"width: 4032px\" class=\"wp-caption alignnone\"><img loading=\"lazy\" class=\"wp-image-12301 size-full\" src=\"https:\/\/blogg.atl.nu\/abbotnas-sateri\/wp-content\/uploads\/sites\/41\/2022\/03\/A0E40F00-3C23-428A-A19C-FFE527F1BED8.jpeg\" alt=\"\" width=\"4032\" height=\"3024\" srcset=\"https:\/\/blogg.atl.nu\/abbotnas-sateri\/wp-content\/uploads\/sites\/41\/2022\/03\/A0E40F00-3C23-428A-A19C-FFE527F1BED8.jpeg 2048w, https:\/\/blogg.atl.nu\/abbotnas-sateri\/wp-content\/uploads\/sites\/41\/2022\/03\/A0E40F00-3C23-428A-A19C-FFE527F1BED8-300x225.jpeg 300w, https:\/\/blogg.atl.nu\/abbotnas-sateri\/wp-content\/uploads\/sites\/41\/2022\/03\/A0E40F00-3C23-428A-A19C-FFE527F1BED8-768x576.jpeg 768w, https:\/\/blogg.atl.nu\/abbotnas-sateri\/wp-content\/uploads\/sites\/41\/2022\/03\/A0E40F00-3C23-428A-A19C-FFE527F1BED8-1024x768.jpeg 1024w\" sizes=\"(max-width: 4032px) 100vw, 4032px\" \/><figcaption id=\"caption-attachment-12301\" class=\"wp-caption-text\">Kronhjortshorn.<\/figcaption><\/figure>\n<p>Nu avrundar jag detta halvl\u00e5nga inl\u00e4gg, hoppas det fanns n\u00e5got ni tyckte var intressant i det. Jag tycker det h\u00e4r \u00e4r v\u00e4ldigt intressant och tror att det g\u00e5r att l\u00e4ra sig mycket av detta.<\/p>\n","protected":false},"excerpt":{"rendered":"<p>Den meteorologiska v\u00e5ran har nu varit h\u00e4r i n\u00e5gra dagar och det b\u00f6rjar bli gr\u00f6nt ute. D\u00e5 \u00e4r det dags f\u00f6r en av v\u00e5rens viktigaste fr\u00e5gor, hur har h\u00f6stgr\u00f6dorna klarat sig och hur ser de ut? Nu har jag hunnit med en liten sv\u00e4ng p\u00e5 f\u00e4lten och h\u00e4r kommer en liten rapport om hur v\u00e5ra&#8230;<\/p>\n","protected":false},"author":361,"featured_media":12275,"comment_status":"open","ping_status":"open","sticky":false,"template":"","format":"standard","meta":[],"categories":[1],"tags":[],"yoast_head":"<!-- This site is optimized with the Yoast SEO plugin v19.6 - https:\/\/yoast.com\/wordpress\/plugins\/seo\/ -->\n<title>Hur ser vetet ut efter vintern? - Abbotn\u00e4s s\u00e4teri<\/title>\n<meta name=\"robots\" content=\"index, follow, max-snippet:-1, max-image-preview:large, max-video-preview:-1\" \/>\n<link rel=\"canonical\" href=\"https:\/\/blogg.atl.nu\/abbotnas-sateri\/2022\/03\/27\/hur-ser-vetet-ut-efter-vintern\/\" \/>\n<meta property=\"og:locale\" content=\"sv_SE\" \/>\n<meta property=\"og:type\" content=\"article\" \/>\n<meta property=\"og:title\" content=\"Hur ser vetet ut efter vintern? - Abbotn\u00e4s s\u00e4teri\" \/>\n<meta property=\"og:description\" content=\"Den meteorologiska v\u00e5ran har nu varit h\u00e4r i n\u00e5gra dagar och det b\u00f6rjar bli gr\u00f6nt ute. D\u00e5 \u00e4r det dags f\u00f6r en av v\u00e5rens viktigaste fr\u00e5gor, hur har h\u00f6stgr\u00f6dorna klarat sig och hur ser de ut? Nu har jag hunnit med en liten sv\u00e4ng p\u00e5 f\u00e4lten och h\u00e4r kommer en liten rapport om hur v\u00e5ra...\" \/>\n<meta property=\"og:url\" content=\"https:\/\/blogg.atl.nu\/abbotnas-sateri\/2022\/03\/27\/hur-ser-vetet-ut-efter-vintern\/\" \/>\n<meta property=\"og:site_name\" content=\"Abbotn\u00e4s s\u00e4teri\" \/>\n<meta property=\"article:author\" content=\"facebook.com\/mattiaswlarsson\" \/>\n<meta property=\"article:published_time\" content=\"2022-03-27T21:34:14+00:00\" \/>\n<meta property=\"article:modified_time\" content=\"2022-03-27T21:57:53+00:00\" \/>\n<meta property=\"og:image\" content=\"https:\/\/blogg.atl.nu\/abbotnas-sateri\/wp-content\/uploads\/sites\/41\/2022\/03\/F9558E97-AB0A-4EF3-9E75-7DD110B4E4B5-1024x768.jpeg\" \/>\n\t<meta property=\"og:image:width\" content=\"1024\" \/>\n\t<meta property=\"og:image:height\" content=\"768\" \/>\n\t<meta property=\"og:image:type\" content=\"image\/jpeg\" \/>\n<meta name=\"author\" content=\"Mattias Larsson\" \/>\n<meta name=\"twitter:card\" content=\"summary_large_image\" \/>\n<meta name=\"twitter:label1\" content=\"Skriven av\" \/>\n\t<meta name=\"twitter:data1\" content=\"Mattias Larsson\" \/>\n\t<meta name=\"twitter:label2\" content=\"Ber\u00e4knad l\u00e4stid\" \/>\n\t<meta name=\"twitter:data2\" content=\"11 minuter\" \/>\n<script type=\"application\/ld+json\" class=\"yoast-schema-graph\">{\"@context\":\"https:\/\/schema.org\",\"@graph\":[{\"@type\":\"WebPage\",\"@id\":\"https:\/\/blogg.atl.nu\/abbotnas-sateri\/2022\/03\/27\/hur-ser-vetet-ut-efter-vintern\/\",\"url\":\"https:\/\/blogg.atl.nu\/abbotnas-sateri\/2022\/03\/27\/hur-ser-vetet-ut-efter-vintern\/\",\"name\":\"Hur ser vetet ut efter vintern? - Abbotn\u00e4s s\u00e4teri\",\"isPartOf\":{\"@id\":\"https:\/\/blogg.atl.nu\/abbotnas-sateri\/#website\"},\"datePublished\":\"2022-03-27T21:34:14+00:00\",\"dateModified\":\"2022-03-27T21:57:53+00:00\",\"author\":{\"@id\":\"https:\/\/blogg.atl.nu\/abbotnas-sateri\/#\/schema\/person\/3b681683e8c9711235140b74c4aad714\"},\"breadcrumb\":{\"@id\":\"https:\/\/blogg.atl.nu\/abbotnas-sateri\/2022\/03\/27\/hur-ser-vetet-ut-efter-vintern\/#breadcrumb\"},\"inLanguage\":\"sv-SE\",\"potentialAction\":[{\"@type\":\"ReadAction\",\"target\":[\"https:\/\/blogg.atl.nu\/abbotnas-sateri\/2022\/03\/27\/hur-ser-vetet-ut-efter-vintern\/\"]}]},{\"@type\":\"BreadcrumbList\",\"@id\":\"https:\/\/blogg.atl.nu\/abbotnas-sateri\/2022\/03\/27\/hur-ser-vetet-ut-efter-vintern\/#breadcrumb\",\"itemListElement\":[{\"@type\":\"ListItem\",\"position\":1,\"name\":\"Home\",\"item\":\"https:\/\/blogg.atl.nu\/abbotnas-sateri\/\"},{\"@type\":\"ListItem\",\"position\":2,\"name\":\"Hur ser vetet ut efter vintern?\"}]},{\"@type\":\"WebSite\",\"@id\":\"https:\/\/blogg.atl.nu\/abbotnas-sateri\/#website\",\"url\":\"https:\/\/blogg.atl.nu\/abbotnas-sateri\/\",\"name\":\"Abbotn\u00e4s s\u00e4teri\",\"description\":\"Mattias Larsson\",\"potentialAction\":[{\"@type\":\"SearchAction\",\"target\":{\"@type\":\"EntryPoint\",\"urlTemplate\":\"https:\/\/blogg.atl.nu\/abbotnas-sateri\/?s={search_term_string}\"},\"query-input\":\"required name=search_term_string\"}],\"inLanguage\":\"sv-SE\"},{\"@type\":\"Person\",\"@id\":\"https:\/\/blogg.atl.nu\/abbotnas-sateri\/#\/schema\/person\/3b681683e8c9711235140b74c4aad714\",\"name\":\"Mattias Larsson\",\"image\":{\"@type\":\"ImageObject\",\"inLanguage\":\"sv-SE\",\"@id\":\"https:\/\/blogg.atl.nu\/abbotnas-sateri\/#\/schema\/person\/image\/\",\"url\":\"https:\/\/secure.gravatar.com\/avatar\/ab52d1a4abaa2f256164ccb2caf8dcfb?s=96&d=mm&r=g\",\"contentUrl\":\"https:\/\/secure.gravatar.com\/avatar\/ab52d1a4abaa2f256164ccb2caf8dcfb?s=96&d=mm&r=g\",\"caption\":\"Mattias Larsson\"},\"sameAs\":[\"http:\/\/abbotnas.se\",\"facebook.com\/mattiaswlarsson\"],\"url\":\"https:\/\/blogg.atl.nu\/abbotnas-sateri\/author\/mlarsson\/\"}]}<\/script>\n<!-- \/ Yoast SEO plugin. -->","yoast_head_json":{"title":"Hur ser vetet ut efter vintern? - Abbotn\u00e4s s\u00e4teri","robots":{"index":"index","follow":"follow","max-snippet":"max-snippet:-1","max-image-preview":"max-image-preview:large","max-video-preview":"max-video-preview:-1"},"canonical":"https:\/\/blogg.atl.nu\/abbotnas-sateri\/2022\/03\/27\/hur-ser-vetet-ut-efter-vintern\/","og_locale":"sv_SE","og_type":"article","og_title":"Hur ser vetet ut efter vintern? - Abbotn\u00e4s s\u00e4teri","og_description":"Den meteorologiska v\u00e5ran har nu varit h\u00e4r i n\u00e5gra dagar och det b\u00f6rjar bli gr\u00f6nt ute. D\u00e5 \u00e4r det dags f\u00f6r en av v\u00e5rens viktigaste fr\u00e5gor, hur har h\u00f6stgr\u00f6dorna klarat sig och hur ser de ut? Nu har jag hunnit med en liten sv\u00e4ng p\u00e5 f\u00e4lten och h\u00e4r kommer en liten rapport om hur v\u00e5ra...","og_url":"https:\/\/blogg.atl.nu\/abbotnas-sateri\/2022\/03\/27\/hur-ser-vetet-ut-efter-vintern\/","og_site_name":"Abbotn\u00e4s s\u00e4teri","article_author":"facebook.com\/mattiaswlarsson","article_published_time":"2022-03-27T21:34:14+00:00","article_modified_time":"2022-03-27T21:57:53+00:00","og_image":[{"width":1024,"height":768,"url":"https:\/\/blogg.atl.nu\/abbotnas-sateri\/wp-content\/uploads\/sites\/41\/2022\/03\/F9558E97-AB0A-4EF3-9E75-7DD110B4E4B5-1024x768.jpeg","type":"image\/jpeg"}],"author":"Mattias Larsson","twitter_card":"summary_large_image","twitter_misc":{"Skriven av":"Mattias Larsson","Ber\u00e4knad l\u00e4stid":"11 minuter"},"schema":{"@context":"https:\/\/schema.org","@graph":[{"@type":"WebPage","@id":"https:\/\/blogg.atl.nu\/abbotnas-sateri\/2022\/03\/27\/hur-ser-vetet-ut-efter-vintern\/","url":"https:\/\/blogg.atl.nu\/abbotnas-sateri\/2022\/03\/27\/hur-ser-vetet-ut-efter-vintern\/","name":"Hur ser vetet ut efter vintern? - Abbotn\u00e4s s\u00e4teri","isPartOf":{"@id":"https:\/\/blogg.atl.nu\/abbotnas-sateri\/#website"},"datePublished":"2022-03-27T21:34:14+00:00","dateModified":"2022-03-27T21:57:53+00:00","author":{"@id":"https:\/\/blogg.atl.nu\/abbotnas-sateri\/#\/schema\/person\/3b681683e8c9711235140b74c4aad714"},"breadcrumb":{"@id":"https:\/\/blogg.atl.nu\/abbotnas-sateri\/2022\/03\/27\/hur-ser-vetet-ut-efter-vintern\/#breadcrumb"},"inLanguage":"sv-SE","potentialAction":[{"@type":"ReadAction","target":["https:\/\/blogg.atl.nu\/abbotnas-sateri\/2022\/03\/27\/hur-ser-vetet-ut-efter-vintern\/"]}]},{"@type":"BreadcrumbList","@id":"https:\/\/blogg.atl.nu\/abbotnas-sateri\/2022\/03\/27\/hur-ser-vetet-ut-efter-vintern\/#breadcrumb","itemListElement":[{"@type":"ListItem","position":1,"name":"Home","item":"https:\/\/blogg.atl.nu\/abbotnas-sateri\/"},{"@type":"ListItem","position":2,"name":"Hur ser vetet ut efter vintern?"}]},{"@type":"WebSite","@id":"https:\/\/blogg.atl.nu\/abbotnas-sateri\/#website","url":"https:\/\/blogg.atl.nu\/abbotnas-sateri\/","name":"Abbotn\u00e4s s\u00e4teri","description":"Mattias Larsson","potentialAction":[{"@type":"SearchAction","target":{"@type":"EntryPoint","urlTemplate":"https:\/\/blogg.atl.nu\/abbotnas-sateri\/?s={search_term_string}"},"query-input":"required name=search_term_string"}],"inLanguage":"sv-SE"},{"@type":"Person","@id":"https:\/\/blogg.atl.nu\/abbotnas-sateri\/#\/schema\/person\/3b681683e8c9711235140b74c4aad714","name":"Mattias Larsson","image":{"@type":"ImageObject","inLanguage":"sv-SE","@id":"https:\/\/blogg.atl.nu\/abbotnas-sateri\/#\/schema\/person\/image\/","url":"https:\/\/secure.gravatar.com\/avatar\/ab52d1a4abaa2f256164ccb2caf8dcfb?s=96&d=mm&r=g","contentUrl":"https:\/\/secure.gravatar.com\/avatar\/ab52d1a4abaa2f256164ccb2caf8dcfb?s=96&d=mm&r=g","caption":"Mattias Larsson"},"sameAs":["http:\/\/abbotnas.se","facebook.com\/mattiaswlarsson"],"url":"https:\/\/blogg.atl.nu\/abbotnas-sateri\/author\/mlarsson\/"}]}},"_links":{"self":[{"href":"https:\/\/blogg.atl.nu\/abbotnas-sateri\/wp-json\/wp\/v2\/posts\/12282"}],"collection":[{"href":"https:\/\/blogg.atl.nu\/abbotnas-sateri\/wp-json\/wp\/v2\/posts"}],"about":[{"href":"https:\/\/blogg.atl.nu\/abbotnas-sateri\/wp-json\/wp\/v2\/types\/post"}],"author":[{"embeddable":true,"href":"https:\/\/blogg.atl.nu\/abbotnas-sateri\/wp-json\/wp\/v2\/users\/361"}],"replies":[{"embeddable":true,"href":"https:\/\/blogg.atl.nu\/abbotnas-sateri\/wp-json\/wp\/v2\/comments?post=12282"}],"version-history":[{"count":10,"href":"https:\/\/blogg.atl.nu\/abbotnas-sateri\/wp-json\/wp\/v2\/posts\/12282\/revisions"}],"predecessor-version":[{"id":12317,"href":"https:\/\/blogg.atl.nu\/abbotnas-sateri\/wp-json\/wp\/v2\/posts\/12282\/revisions\/12317"}],"wp:featuredmedia":[{"embeddable":true,"href":"https:\/\/blogg.atl.nu\/abbotnas-sateri\/wp-json\/wp\/v2\/media\/12275"}],"wp:attachment":[{"href":"https:\/\/blogg.atl.nu\/abbotnas-sateri\/wp-json\/wp\/v2\/media?parent=12282"}],"wp:term":[{"taxonomy":"category","embeddable":true,"href":"https:\/\/blogg.atl.nu\/abbotnas-sateri\/wp-json\/wp\/v2\/categories?post=12282"},{"taxonomy":"post_tag","embeddable":true,"href":"https:\/\/blogg.atl.nu\/abbotnas-sateri\/wp-json\/wp\/v2\/tags?post=12282"}],"curies":[{"name":"wp","href":"https:\/\/api.w.org\/{rel}","templated":true}]}}