{"id":1378,"date":"2020-05-21T21:37:55","date_gmt":"2020-05-21T19:37:55","guid":{"rendered":"https:\/\/blogg.atl.nu\/abbotnas-sateri\/?p=1378"},"modified":"2020-05-21T22:04:03","modified_gmt":"2020-05-21T20:04:03","slug":"a-day-off","status":"publish","type":"post","link":"https:\/\/blogg.atl.nu\/abbotnas-sateri\/2020\/05\/21\/a-day-off\/","title":{"rendered":"A day off"},"content":{"rendered":"<p>Idag stod ledighet med utflykt schemat.<\/p>\n<p>Vi ligger ganska bra till med allt, d\u00e4rf\u00f6r tog vi ig\u00e5r kv\u00e4ll beslutet att vara lediga idag. Inte nog med ledighet det blev utflykt ocks\u00e5. Det \u00e4r s\u00e5 h\u00e4r att i b\u00f6rjan n\u00e4r jag och Carro tr\u00e4ffade s\u00e5 ber\u00e4ttade jag om stend\u00f6rren <a href=\"https:\/\/www.lansstyrelsen.se\/sodermanland\/besoksmal\/naturum-stendorren.html\">(klicka h\u00e4r f\u00f6r att l\u00e4sa om platsen)<\/a> Det \u00e4r en v\u00e4ldigt vacker plats och \u00e4nda sedan dess s\u00e5 har jag lovat henne att vi ska \u00e5ka dit p\u00e5 utflykt. S\u00e5 nu \u00e4ntligen 10 \u00e5r efter att vi tr\u00e4ffades s\u00e5 blev det av, f\u00f6r vad passar b\u00e4ttre som utflyktsm\u00e5l nu i Corona-tider \u00e4n ett naturreservat med gott om plats och frisk luft.<\/p>\n<figure id=\"attachment_1380\" aria-describedby=\"caption-attachment-1380\" style=\"width: 2016px\" class=\"wp-caption alignnone\"><img loading=\"lazy\" class=\"wp-image-1380 size-full\" src=\"https:\/\/blogg.atl.nu\/abbotnas-sateri\/wp-content\/uploads\/sites\/41\/2020\/05\/IMG_3980.jpg\" alt=\"\" width=\"2016\" height=\"1512\" srcset=\"https:\/\/blogg.atl.nu\/abbotnas-sateri\/wp-content\/uploads\/sites\/41\/2020\/05\/IMG_3980.jpg 2016w, https:\/\/blogg.atl.nu\/abbotnas-sateri\/wp-content\/uploads\/sites\/41\/2020\/05\/IMG_3980-300x225.jpg 300w, https:\/\/blogg.atl.nu\/abbotnas-sateri\/wp-content\/uploads\/sites\/41\/2020\/05\/IMG_3980-768x576.jpg 768w, https:\/\/blogg.atl.nu\/abbotnas-sateri\/wp-content\/uploads\/sites\/41\/2020\/05\/IMG_3980-1024x768.jpg 1024w\" sizes=\"(max-width: 2016px) 100vw, 2016px\" \/><figcaption id=\"caption-attachment-1380\" class=\"wp-caption-text\">Fin natur att vandra runt i.<\/figcaption><\/figure>\n<figure id=\"attachment_1384\" aria-describedby=\"caption-attachment-1384\" style=\"width: 2016px\" class=\"wp-caption alignnone\"><img loading=\"lazy\" class=\"wp-image-1384 size-full\" src=\"https:\/\/blogg.atl.nu\/abbotnas-sateri\/wp-content\/uploads\/sites\/41\/2020\/05\/IMG_4048.jpg\" alt=\"\" width=\"2016\" height=\"1512\" srcset=\"https:\/\/blogg.atl.nu\/abbotnas-sateri\/wp-content\/uploads\/sites\/41\/2020\/05\/IMG_4048.jpg 2016w, https:\/\/blogg.atl.nu\/abbotnas-sateri\/wp-content\/uploads\/sites\/41\/2020\/05\/IMG_4048-300x225.jpg 300w, https:\/\/blogg.atl.nu\/abbotnas-sateri\/wp-content\/uploads\/sites\/41\/2020\/05\/IMG_4048-768x576.jpg 768w, https:\/\/blogg.atl.nu\/abbotnas-sateri\/wp-content\/uploads\/sites\/41\/2020\/05\/IMG_4048-1024x768.jpg 1024w\" sizes=\"(max-width: 2016px) 100vw, 2016px\" \/><figcaption id=\"caption-attachment-1384\" class=\"wp-caption-text\">Wilhelm och Carro i best\u00e4md takt p\u00e5 v\u00e4g mot n\u00e5got intressant.<\/figcaption><\/figure>\n<figure id=\"attachment_1381\" aria-describedby=\"caption-attachment-1381\" style=\"width: 2016px\" class=\"wp-caption alignnone\"><img loading=\"lazy\" class=\"wp-image-1381 size-full\" src=\"https:\/\/blogg.atl.nu\/abbotnas-sateri\/wp-content\/uploads\/sites\/41\/2020\/05\/IMG_3983-e1590089394954.jpg\" alt=\"\" width=\"2016\" height=\"1512\" srcset=\"https:\/\/blogg.atl.nu\/abbotnas-sateri\/wp-content\/uploads\/sites\/41\/2020\/05\/IMG_3983-e1590089394954.jpg 2016w, https:\/\/blogg.atl.nu\/abbotnas-sateri\/wp-content\/uploads\/sites\/41\/2020\/05\/IMG_3983-e1590089394954-300x225.jpg 300w, https:\/\/blogg.atl.nu\/abbotnas-sateri\/wp-content\/uploads\/sites\/41\/2020\/05\/IMG_3983-e1590089394954-768x576.jpg 768w, https:\/\/blogg.atl.nu\/abbotnas-sateri\/wp-content\/uploads\/sites\/41\/2020\/05\/IMG_3983-e1590089394954-1024x768.jpg 1024w\" sizes=\"(max-width: 2016px) 100vw, 2016px\" \/><figcaption id=\"caption-attachment-1381\" class=\"wp-caption-text\">Oliwia fick idag sitta i barnryggs\u00e4cken p\u00e5 min rygg. En hel bra plats att sitta p\u00e5 tyckte hon hela dagen, det gjorde jag med men nu k\u00e4nns det lite extra i kroppen.<\/figcaption><\/figure>\n<p>&nbsp;<\/p>\n<p>Med p\u00e5 turen var \u00e4ven farsan och morsan samt min syster Louise som tillf\u00e4lligt flyttat in p\u00e5 g\u00e5rden. Hon har valt att tillbringa &#8221;Coron-karant\u00e4nen&#8221; och jobba hemifr\u00e5n h\u00e4r ist\u00e4llet f\u00f6r i en etta inne i en stad.<\/p>\n<p>Vi har njutit hela dagen och haft en underbar dag ihop helt utan stress. \u00c4ven om jag \u00e4lskar att jobba, s\u00e5 \u00e4lskar jag \u00e4ven att vara ledig ihop men min familj.<\/p>\n<figure id=\"attachment_1382\" aria-describedby=\"caption-attachment-1382\" style=\"width: 2016px\" class=\"wp-caption alignnone\"><img loading=\"lazy\" class=\"wp-image-1382 size-full\" src=\"https:\/\/blogg.atl.nu\/abbotnas-sateri\/wp-content\/uploads\/sites\/41\/2020\/05\/IMG_3994.jpg\" alt=\"\" width=\"2016\" height=\"1512\" srcset=\"https:\/\/blogg.atl.nu\/abbotnas-sateri\/wp-content\/uploads\/sites\/41\/2020\/05\/IMG_3994.jpg 2016w, https:\/\/blogg.atl.nu\/abbotnas-sateri\/wp-content\/uploads\/sites\/41\/2020\/05\/IMG_3994-300x225.jpg 300w, https:\/\/blogg.atl.nu\/abbotnas-sateri\/wp-content\/uploads\/sites\/41\/2020\/05\/IMG_3994-768x576.jpg 768w, https:\/\/blogg.atl.nu\/abbotnas-sateri\/wp-content\/uploads\/sites\/41\/2020\/05\/IMG_3994-1024x768.jpg 1024w\" sizes=\"(max-width: 2016px) 100vw, 2016px\" \/><figcaption id=\"caption-attachment-1382\" class=\"wp-caption-text\">Lugnt vatten har en lugnande effekt p\u00e5 de flesta.<\/figcaption><\/figure>\n<p>Typiskt nog blev min chansning ig\u00e5r ang\u00e5ende doserna till bomullsm\u00f6gelbek\u00e4mpningen fel. H\u00e4r kommer de r\u00e4tta, 0,22 kg Cantus 0ch 0,74 liter Quadris per hektar. N\u00e4sta g\u00e5ng ska jag chansa r\u00e4tt&#8230;<\/p>\n<p>&nbsp;<\/p>\n","protected":false},"excerpt":{"rendered":"<p>Idag stod ledighet med utflykt schemat. Vi ligger ganska bra till med allt, d\u00e4rf\u00f6r tog vi ig\u00e5r kv\u00e4ll beslutet att vara lediga idag. Inte nog med ledighet det blev utflykt ocks\u00e5. Det \u00e4r s\u00e5 h\u00e4r att i b\u00f6rjan n\u00e4r jag och Carro tr\u00e4ffade s\u00e5 ber\u00e4ttade jag om stend\u00f6rren (klicka h\u00e4r f\u00f6r att l\u00e4sa om platsen)&#8230;<\/p>\n","protected":false},"author":361,"featured_media":1383,"comment_status":"open","ping_status":"open","sticky":false,"template":"","format":"standard","meta":[],"categories":[28],"tags":[34,42,40],"yoast_head":"<!-- This site is optimized with the Yoast SEO plugin v19.6 - https:\/\/yoast.com\/wordpress\/plugins\/seo\/ -->\n<title>A day off - Abbotn\u00e4s s\u00e4teri<\/title>\n<meta name=\"robots\" content=\"index, follow, max-snippet:-1, max-image-preview:large, max-video-preview:-1\" \/>\n<link rel=\"canonical\" href=\"https:\/\/blogg.atl.nu\/abbotnas-sateri\/2020\/05\/21\/a-day-off\/\" \/>\n<meta property=\"og:locale\" content=\"sv_SE\" \/>\n<meta property=\"og:type\" content=\"article\" \/>\n<meta property=\"og:title\" content=\"A day off - Abbotn\u00e4s s\u00e4teri\" \/>\n<meta property=\"og:description\" content=\"Idag stod ledighet med utflykt schemat. Vi ligger ganska bra till med allt, d\u00e4rf\u00f6r tog vi ig\u00e5r kv\u00e4ll beslutet att vara lediga idag. Inte nog med ledighet det blev utflykt ocks\u00e5. Det \u00e4r s\u00e5 h\u00e4r att i b\u00f6rjan n\u00e4r jag och Carro tr\u00e4ffade s\u00e5 ber\u00e4ttade jag om stend\u00f6rren (klicka h\u00e4r f\u00f6r att l\u00e4sa om platsen)...\" \/>\n<meta property=\"og:url\" content=\"https:\/\/blogg.atl.nu\/abbotnas-sateri\/2020\/05\/21\/a-day-off\/\" \/>\n<meta property=\"og:site_name\" content=\"Abbotn\u00e4s s\u00e4teri\" \/>\n<meta property=\"article:author\" content=\"facebook.com\/mattiaswlarsson\" \/>\n<meta property=\"article:published_time\" content=\"2020-05-21T19:37:55+00:00\" \/>\n<meta property=\"article:modified_time\" content=\"2020-05-21T20:04:03+00:00\" \/>\n<meta property=\"og:image\" content=\"https:\/\/blogg.atl.nu\/abbotnas-sateri\/wp-content\/uploads\/sites\/41\/2020\/05\/IMG_4005.jpg\" \/>\n\t<meta property=\"og:image:width\" content=\"2016\" \/>\n\t<meta property=\"og:image:height\" content=\"1512\" \/>\n\t<meta property=\"og:image:type\" content=\"image\/jpeg\" \/>\n<meta name=\"author\" content=\"Mattias Larsson\" \/>\n<meta name=\"twitter:card\" content=\"summary_large_image\" \/>\n<meta name=\"twitter:label1\" content=\"Skriven av\" \/>\n\t<meta name=\"twitter:data1\" content=\"Mattias Larsson\" \/>\n\t<meta name=\"twitter:label2\" content=\"Ber\u00e4knad l\u00e4stid\" \/>\n\t<meta name=\"twitter:data2\" content=\"2 minuter\" \/>\n<script type=\"application\/ld+json\" class=\"yoast-schema-graph\">{\"@context\":\"https:\/\/schema.org\",\"@graph\":[{\"@type\":\"WebPage\",\"@id\":\"https:\/\/blogg.atl.nu\/abbotnas-sateri\/2020\/05\/21\/a-day-off\/\",\"url\":\"https:\/\/blogg.atl.nu\/abbotnas-sateri\/2020\/05\/21\/a-day-off\/\",\"name\":\"A day off - Abbotn\u00e4s s\u00e4teri\",\"isPartOf\":{\"@id\":\"https:\/\/blogg.atl.nu\/abbotnas-sateri\/#website\"},\"datePublished\":\"2020-05-21T19:37:55+00:00\",\"dateModified\":\"2020-05-21T20:04:03+00:00\",\"author\":{\"@id\":\"https:\/\/blogg.atl.nu\/abbotnas-sateri\/#\/schema\/person\/3b681683e8c9711235140b74c4aad714\"},\"breadcrumb\":{\"@id\":\"https:\/\/blogg.atl.nu\/abbotnas-sateri\/2020\/05\/21\/a-day-off\/#breadcrumb\"},\"inLanguage\":\"sv-SE\",\"potentialAction\":[{\"@type\":\"ReadAction\",\"target\":[\"https:\/\/blogg.atl.nu\/abbotnas-sateri\/2020\/05\/21\/a-day-off\/\"]}]},{\"@type\":\"BreadcrumbList\",\"@id\":\"https:\/\/blogg.atl.nu\/abbotnas-sateri\/2020\/05\/21\/a-day-off\/#breadcrumb\",\"itemListElement\":[{\"@type\":\"ListItem\",\"position\":1,\"name\":\"Home\",\"item\":\"https:\/\/blogg.atl.nu\/abbotnas-sateri\/\"},{\"@type\":\"ListItem\",\"position\":2,\"name\":\"A day off\"}]},{\"@type\":\"WebSite\",\"@id\":\"https:\/\/blogg.atl.nu\/abbotnas-sateri\/#website\",\"url\":\"https:\/\/blogg.atl.nu\/abbotnas-sateri\/\",\"name\":\"Abbotn\u00e4s s\u00e4teri\",\"description\":\"Mattias Larsson\",\"potentialAction\":[{\"@type\":\"SearchAction\",\"target\":{\"@type\":\"EntryPoint\",\"urlTemplate\":\"https:\/\/blogg.atl.nu\/abbotnas-sateri\/?s={search_term_string}\"},\"query-input\":\"required name=search_term_string\"}],\"inLanguage\":\"sv-SE\"},{\"@type\":\"Person\",\"@id\":\"https:\/\/blogg.atl.nu\/abbotnas-sateri\/#\/schema\/person\/3b681683e8c9711235140b74c4aad714\",\"name\":\"Mattias Larsson\",\"image\":{\"@type\":\"ImageObject\",\"inLanguage\":\"sv-SE\",\"@id\":\"https:\/\/blogg.atl.nu\/abbotnas-sateri\/#\/schema\/person\/image\/\",\"url\":\"https:\/\/secure.gravatar.com\/avatar\/ab52d1a4abaa2f256164ccb2caf8dcfb?s=96&d=mm&r=g\",\"contentUrl\":\"https:\/\/secure.gravatar.com\/avatar\/ab52d1a4abaa2f256164ccb2caf8dcfb?s=96&d=mm&r=g\",\"caption\":\"Mattias Larsson\"},\"sameAs\":[\"http:\/\/abbotnas.se\",\"facebook.com\/mattiaswlarsson\"],\"url\":\"https:\/\/blogg.atl.nu\/abbotnas-sateri\/author\/mlarsson\/\"}]}<\/script>\n<!-- \/ Yoast SEO plugin. -->","yoast_head_json":{"title":"A day off - Abbotn\u00e4s s\u00e4teri","robots":{"index":"index","follow":"follow","max-snippet":"max-snippet:-1","max-image-preview":"max-image-preview:large","max-video-preview":"max-video-preview:-1"},"canonical":"https:\/\/blogg.atl.nu\/abbotnas-sateri\/2020\/05\/21\/a-day-off\/","og_locale":"sv_SE","og_type":"article","og_title":"A day off - Abbotn\u00e4s s\u00e4teri","og_description":"Idag stod ledighet med utflykt schemat. Vi ligger ganska bra till med allt, d\u00e4rf\u00f6r tog vi ig\u00e5r kv\u00e4ll beslutet att vara lediga idag. Inte nog med ledighet det blev utflykt ocks\u00e5. Det \u00e4r s\u00e5 h\u00e4r att i b\u00f6rjan n\u00e4r jag och Carro tr\u00e4ffade s\u00e5 ber\u00e4ttade jag om stend\u00f6rren (klicka h\u00e4r f\u00f6r att l\u00e4sa om platsen)...","og_url":"https:\/\/blogg.atl.nu\/abbotnas-sateri\/2020\/05\/21\/a-day-off\/","og_site_name":"Abbotn\u00e4s s\u00e4teri","article_author":"facebook.com\/mattiaswlarsson","article_published_time":"2020-05-21T19:37:55+00:00","article_modified_time":"2020-05-21T20:04:03+00:00","og_image":[{"width":2016,"height":1512,"url":"https:\/\/blogg.atl.nu\/abbotnas-sateri\/wp-content\/uploads\/sites\/41\/2020\/05\/IMG_4005.jpg","type":"image\/jpeg"}],"author":"Mattias Larsson","twitter_card":"summary_large_image","twitter_misc":{"Skriven av":"Mattias Larsson","Ber\u00e4knad l\u00e4stid":"2 minuter"},"schema":{"@context":"https:\/\/schema.org","@graph":[{"@type":"WebPage","@id":"https:\/\/blogg.atl.nu\/abbotnas-sateri\/2020\/05\/21\/a-day-off\/","url":"https:\/\/blogg.atl.nu\/abbotnas-sateri\/2020\/05\/21\/a-day-off\/","name":"A day off - Abbotn\u00e4s s\u00e4teri","isPartOf":{"@id":"https:\/\/blogg.atl.nu\/abbotnas-sateri\/#website"},"datePublished":"2020-05-21T19:37:55+00:00","dateModified":"2020-05-21T20:04:03+00:00","author":{"@id":"https:\/\/blogg.atl.nu\/abbotnas-sateri\/#\/schema\/person\/3b681683e8c9711235140b74c4aad714"},"breadcrumb":{"@id":"https:\/\/blogg.atl.nu\/abbotnas-sateri\/2020\/05\/21\/a-day-off\/#breadcrumb"},"inLanguage":"sv-SE","potentialAction":[{"@type":"ReadAction","target":["https:\/\/blogg.atl.nu\/abbotnas-sateri\/2020\/05\/21\/a-day-off\/"]}]},{"@type":"BreadcrumbList","@id":"https:\/\/blogg.atl.nu\/abbotnas-sateri\/2020\/05\/21\/a-day-off\/#breadcrumb","itemListElement":[{"@type":"ListItem","position":1,"name":"Home","item":"https:\/\/blogg.atl.nu\/abbotnas-sateri\/"},{"@type":"ListItem","position":2,"name":"A day off"}]},{"@type":"WebSite","@id":"https:\/\/blogg.atl.nu\/abbotnas-sateri\/#website","url":"https:\/\/blogg.atl.nu\/abbotnas-sateri\/","name":"Abbotn\u00e4s s\u00e4teri","description":"Mattias Larsson","potentialAction":[{"@type":"SearchAction","target":{"@type":"EntryPoint","urlTemplate":"https:\/\/blogg.atl.nu\/abbotnas-sateri\/?s={search_term_string}"},"query-input":"required name=search_term_string"}],"inLanguage":"sv-SE"},{"@type":"Person","@id":"https:\/\/blogg.atl.nu\/abbotnas-sateri\/#\/schema\/person\/3b681683e8c9711235140b74c4aad714","name":"Mattias Larsson","image":{"@type":"ImageObject","inLanguage":"sv-SE","@id":"https:\/\/blogg.atl.nu\/abbotnas-sateri\/#\/schema\/person\/image\/","url":"https:\/\/secure.gravatar.com\/avatar\/ab52d1a4abaa2f256164ccb2caf8dcfb?s=96&d=mm&r=g","contentUrl":"https:\/\/secure.gravatar.com\/avatar\/ab52d1a4abaa2f256164ccb2caf8dcfb?s=96&d=mm&r=g","caption":"Mattias Larsson"},"sameAs":["http:\/\/abbotnas.se","facebook.com\/mattiaswlarsson"],"url":"https:\/\/blogg.atl.nu\/abbotnas-sateri\/author\/mlarsson\/"}]}},"_links":{"self":[{"href":"https:\/\/blogg.atl.nu\/abbotnas-sateri\/wp-json\/wp\/v2\/posts\/1378"}],"collection":[{"href":"https:\/\/blogg.atl.nu\/abbotnas-sateri\/wp-json\/wp\/v2\/posts"}],"about":[{"href":"https:\/\/blogg.atl.nu\/abbotnas-sateri\/wp-json\/wp\/v2\/types\/post"}],"author":[{"embeddable":true,"href":"https:\/\/blogg.atl.nu\/abbotnas-sateri\/wp-json\/wp\/v2\/users\/361"}],"replies":[{"embeddable":true,"href":"https:\/\/blogg.atl.nu\/abbotnas-sateri\/wp-json\/wp\/v2\/comments?post=1378"}],"version-history":[{"count":3,"href":"https:\/\/blogg.atl.nu\/abbotnas-sateri\/wp-json\/wp\/v2\/posts\/1378\/revisions"}],"predecessor-version":[{"id":1387,"href":"https:\/\/blogg.atl.nu\/abbotnas-sateri\/wp-json\/wp\/v2\/posts\/1378\/revisions\/1387"}],"wp:featuredmedia":[{"embeddable":true,"href":"https:\/\/blogg.atl.nu\/abbotnas-sateri\/wp-json\/wp\/v2\/media\/1383"}],"wp:attachment":[{"href":"https:\/\/blogg.atl.nu\/abbotnas-sateri\/wp-json\/wp\/v2\/media?parent=1378"}],"wp:term":[{"taxonomy":"category","embeddable":true,"href":"https:\/\/blogg.atl.nu\/abbotnas-sateri\/wp-json\/wp\/v2\/categories?post=1378"},{"taxonomy":"post_tag","embeddable":true,"href":"https:\/\/blogg.atl.nu\/abbotnas-sateri\/wp-json\/wp\/v2\/tags?post=1378"}],"curies":[{"name":"wp","href":"https:\/\/api.w.org\/{rel}","templated":true}]}}