{"id":1388,"date":"2020-05-23T00:24:45","date_gmt":"2020-05-22T22:24:45","guid":{"rendered":"https:\/\/blogg.atl.nu\/abbotnas-sateri\/?p=1388"},"modified":"2020-05-23T00:29:53","modified_gmt":"2020-05-22T22:29:53","slug":"gjutning-igen-och-gul-traktor","status":"publish","type":"post","link":"https:\/\/blogg.atl.nu\/abbotnas-sateri\/2020\/05\/23\/gjutning-igen-och-gul-traktor\/","title":{"rendered":"Gjutning igen och gul traktor"},"content":{"rendered":"<p>Gjutning p\u00e5 schemat idag igen. Dock en liten blygsammare s\u00e5dan i j\u00e4mf\u00f6relse med den vi gjorde sist.<\/p>\n<p>Sist gick det \u00e5r 97 kubikmeter betong idag gjorde vi av med 0,25 kubikmeter. Allts\u00e5 inte ens en procent av volymen som vi anv\u00e4nde d\u00e5. Betongbil var allts\u00e5 helt uteslutet och tombolan \u00e5kte fram. Det som skulle gjutas idag var plattan d\u00e4r luftningsfl\u00e4kten till nya silon ska st\u00e5. En v\u00e4ldigt enkel gjutning, med snabb schaktning (med spade), enkel formning (med n\u00e5gra br\u00e4dor) och \u00e4nnu enklare armering (med endast ett n\u00e4t). Jag, farsan och Robert klarade detta utan att ta in ytterligare konsulter, verkar det som i alla fall&#8230;.<\/p>\n<figure id=\"attachment_1395\" aria-describedby=\"caption-attachment-1395\" style=\"width: 2016px\" class=\"wp-caption alignnone\"><img loading=\"lazy\" class=\"wp-image-1395 size-full\" src=\"https:\/\/blogg.atl.nu\/abbotnas-sateri\/wp-content\/uploads\/sites\/41\/2020\/05\/IMG_4135.jpg\" alt=\"\" width=\"2016\" height=\"1512\" srcset=\"https:\/\/blogg.atl.nu\/abbotnas-sateri\/wp-content\/uploads\/sites\/41\/2020\/05\/IMG_4135.jpg 2016w, https:\/\/blogg.atl.nu\/abbotnas-sateri\/wp-content\/uploads\/sites\/41\/2020\/05\/IMG_4135-300x225.jpg 300w, https:\/\/blogg.atl.nu\/abbotnas-sateri\/wp-content\/uploads\/sites\/41\/2020\/05\/IMG_4135-768x576.jpg 768w, https:\/\/blogg.atl.nu\/abbotnas-sateri\/wp-content\/uploads\/sites\/41\/2020\/05\/IMG_4135-1024x768.jpg 1024w\" sizes=\"(max-width: 2016px) 100vw, 2016px\" \/><figcaption id=\"caption-attachment-1395\" class=\"wp-caption-text\">Robert finjusterar formen en sista g\u00e5ng.<\/figcaption><\/figure>\n<figure id=\"attachment_1397\" aria-describedby=\"caption-attachment-1397\" style=\"width: 2016px\" class=\"wp-caption alignnone\"><img loading=\"lazy\" class=\"wp-image-1397 size-full\" src=\"https:\/\/blogg.atl.nu\/abbotnas-sateri\/wp-content\/uploads\/sites\/41\/2020\/05\/IMG_4140.jpg\" alt=\"\" width=\"2016\" height=\"1512\" srcset=\"https:\/\/blogg.atl.nu\/abbotnas-sateri\/wp-content\/uploads\/sites\/41\/2020\/05\/IMG_4140.jpg 2016w, https:\/\/blogg.atl.nu\/abbotnas-sateri\/wp-content\/uploads\/sites\/41\/2020\/05\/IMG_4140-300x225.jpg 300w, https:\/\/blogg.atl.nu\/abbotnas-sateri\/wp-content\/uploads\/sites\/41\/2020\/05\/IMG_4140-768x576.jpg 768w, https:\/\/blogg.atl.nu\/abbotnas-sateri\/wp-content\/uploads\/sites\/41\/2020\/05\/IMG_4140-1024x768.jpg 1024w\" sizes=\"(max-width: 2016px) 100vw, 2016px\" \/><figcaption id=\"caption-attachment-1397\" class=\"wp-caption-text\">Farsan var vatten-ansvarig<\/figcaption><\/figure>\n<figure id=\"attachment_1403\" aria-describedby=\"caption-attachment-1403\" style=\"width: 2016px\" class=\"wp-caption alignnone\"><img loading=\"lazy\" class=\"wp-image-1403 size-full\" src=\"https:\/\/blogg.atl.nu\/abbotnas-sateri\/wp-content\/uploads\/sites\/41\/2020\/05\/IMG_4145.jpg\" alt=\"\" width=\"2016\" height=\"1512\" srcset=\"https:\/\/blogg.atl.nu\/abbotnas-sateri\/wp-content\/uploads\/sites\/41\/2020\/05\/IMG_4145.jpg 2016w, https:\/\/blogg.atl.nu\/abbotnas-sateri\/wp-content\/uploads\/sites\/41\/2020\/05\/IMG_4145-300x225.jpg 300w, https:\/\/blogg.atl.nu\/abbotnas-sateri\/wp-content\/uploads\/sites\/41\/2020\/05\/IMG_4145-768x576.jpg 768w, https:\/\/blogg.atl.nu\/abbotnas-sateri\/wp-content\/uploads\/sites\/41\/2020\/05\/IMG_4145-1024x768.jpg 1024w\" sizes=\"(max-width: 2016px) 100vw, 2016px\" \/><figcaption id=\"caption-attachment-1403\" class=\"wp-caption-text\">Jag s\u00e5g till s\u00e5 att det blev sl\u00e4tt och j\u00e4mnt.<\/figcaption><\/figure>\n<figure id=\"attachment_1398\" aria-describedby=\"caption-attachment-1398\" style=\"width: 2016px\" class=\"wp-caption alignnone\"><img loading=\"lazy\" class=\"wp-image-1398 size-full\" src=\"https:\/\/blogg.atl.nu\/abbotnas-sateri\/wp-content\/uploads\/sites\/41\/2020\/05\/IMG_4146.jpg\" alt=\"\" width=\"2016\" height=\"1512\" srcset=\"https:\/\/blogg.atl.nu\/abbotnas-sateri\/wp-content\/uploads\/sites\/41\/2020\/05\/IMG_4146.jpg 2016w, https:\/\/blogg.atl.nu\/abbotnas-sateri\/wp-content\/uploads\/sites\/41\/2020\/05\/IMG_4146-300x225.jpg 300w, https:\/\/blogg.atl.nu\/abbotnas-sateri\/wp-content\/uploads\/sites\/41\/2020\/05\/IMG_4146-768x576.jpg 768w, https:\/\/blogg.atl.nu\/abbotnas-sateri\/wp-content\/uploads\/sites\/41\/2020\/05\/IMG_4146-1024x768.jpg 1024w\" sizes=\"(max-width: 2016px) 100vw, 2016px\" \/><figcaption id=\"caption-attachment-1398\" class=\"wp-caption-text\">Det duger f\u00f6r att st\u00e4lla en fl\u00e4kt p\u00e5.<\/figcaption><\/figure>\n<p>Det \u00e4r fortfarande mycket s\u00e5nt h\u00e4r sm\u00e5fix kvar innan silo-projektet \u00e4r helt f\u00e4rdigt. F\u00f6rhoppningarna och planeringen \u00e4r att efter n\u00e4sta veckas, s\u00e5 ska det inte vara s\u00e5 mycket kvar. Det som kommer att vara kvar \u00e4r elektrikernas jobb och programmeringen av styrprogrammet. Vi har \u00e4ven st\u00f6tt p\u00e5 ett litet problem med utmatningsskruven. Grejorna som nu sitter d\u00e4r \u00e4r inte helt kompatibla med varandra och vi v\u00e4ntar svar p\u00e5 l\u00f6sning. S\u00e5 \u00e4ven det kommer nog att var kvar efter n\u00e4sta vecka. Det stoppar \u00e4ven igen-byggnaden och t\u00e4tningen av det nya h\u00e5let i logen, d\u00e4r motor och skruv nu sitter. Men snart s\u00e5 \u00e4r det f\u00e4rdigt p\u00e5 riktigt.<\/p>\n<h3>Gul traktor<\/h3>\n<p>Efter rapsk\u00f6rningen h\u00e4rom natten s\u00e5 \u00e4r nu 724:an lite sm\u00e5tt gul i f\u00e4rgen, men det \u00e4r nog ingen fara det g\u00e5r nog bort i tv\u00e4tten.<\/p>\n<p><img loading=\"lazy\" class=\"alignnone wp-image-1389 size-full\" src=\"https:\/\/blogg.atl.nu\/abbotnas-sateri\/wp-content\/uploads\/sites\/41\/2020\/05\/IMG_4113.jpg\" alt=\"\" width=\"2016\" height=\"1512\" srcset=\"https:\/\/blogg.atl.nu\/abbotnas-sateri\/wp-content\/uploads\/sites\/41\/2020\/05\/IMG_4113.jpg 2016w, https:\/\/blogg.atl.nu\/abbotnas-sateri\/wp-content\/uploads\/sites\/41\/2020\/05\/IMG_4113-300x225.jpg 300w, https:\/\/blogg.atl.nu\/abbotnas-sateri\/wp-content\/uploads\/sites\/41\/2020\/05\/IMG_4113-768x576.jpg 768w, https:\/\/blogg.atl.nu\/abbotnas-sateri\/wp-content\/uploads\/sites\/41\/2020\/05\/IMG_4113-1024x768.jpg 1024w\" sizes=\"(max-width: 2016px) 100vw, 2016px\" \/><\/p>\n<figure id=\"attachment_1393\" aria-describedby=\"caption-attachment-1393\" style=\"width: 2016px\" class=\"wp-caption alignnone\"><img loading=\"lazy\" class=\"wp-image-1393 size-full\" src=\"https:\/\/blogg.atl.nu\/abbotnas-sateri\/wp-content\/uploads\/sites\/41\/2020\/05\/IMG_4130.jpg\" alt=\"\" width=\"2016\" height=\"1512\" srcset=\"https:\/\/blogg.atl.nu\/abbotnas-sateri\/wp-content\/uploads\/sites\/41\/2020\/05\/IMG_4130.jpg 2016w, https:\/\/blogg.atl.nu\/abbotnas-sateri\/wp-content\/uploads\/sites\/41\/2020\/05\/IMG_4130-300x225.jpg 300w, https:\/\/blogg.atl.nu\/abbotnas-sateri\/wp-content\/uploads\/sites\/41\/2020\/05\/IMG_4130-768x576.jpg 768w, https:\/\/blogg.atl.nu\/abbotnas-sateri\/wp-content\/uploads\/sites\/41\/2020\/05\/IMG_4130-1024x768.jpg 1024w\" sizes=\"(max-width: 2016px) 100vw, 2016px\" \/><figcaption id=\"caption-attachment-1393\" class=\"wp-caption-text\">Tittar man noga p\u00e5 bilden ser man att det \u00e4ven \u00e4r lite svart f\u00e4rg med, i form av rapsbaggar.<\/figcaption><\/figure>\n<h3>F\u00f6rsta g\u00f6dningsgivan<\/h3>\n<p>B\u00e4ttre sent \u00e4n aldrig som det heter i folkmun. Vi har n\u00e5gra hektar vall som ligger p\u00e5 mulljord som \u00e4r sen att torka upp. Det b\u00e4r ofta inte f\u00f6ren bj\u00f6rkarna runt omkring b\u00f6rjar v\u00e4xa och suga upp vatten, d\u00e5 torkar det upp. Mulljorden brukar ju \u00e4ven komma ig\u00e5ng att leverera kv\u00e4ve n\u00e4r vallen beh\u00f6ver det(fattas fortfarande fosfor och kalium samt \u00e4ven svavel). D\u00e4rf\u00f6r har vi inte haft s\u00e5 j\u00e4ttebr\u00e5ttom ut med g\u00f6dningen, mest av anledningen att vi inte vill k\u00f6ra fast. Det \u00e4r bottenl\u00f6st och sv\u00e5rb\u00e4rgat d\u00e4r. N\u00e4r man v\u00e4l sjunker igenom sv\u00e5len, s\u00e5 sjunker man ordentligt. Det provade vi med tr\u00f6skan n\u00e5gra g\u00e5nger n\u00e4r vi fortfarande odlade spannm\u00e5l d\u00e4r. Nu \u00e4r i alla fall g\u00f6dningen p\u00e5 plats i form av NPK 22-3-10 och en giva p\u00e5 400 kg\/ha. \u00c4ven om b\u00e4righeten finns d\u00e4r nu, s\u00e5 kastade jag p\u00e5 g\u00f6dningspridaren p\u00e5 720&#8217;n som ju har &#8221;vanliga&#8221; hjul och inte radodlingshjul. Varf\u00f6r chansa? Det minskar \u00e4ven markpackningen n\u00e5got i alla fall.<\/p>\n<figure id=\"attachment_1390\" aria-describedby=\"caption-attachment-1390\" style=\"width: 2016px\" class=\"wp-caption alignnone\"><img loading=\"lazy\" class=\"wp-image-1390 size-full\" src=\"https:\/\/blogg.atl.nu\/abbotnas-sateri\/wp-content\/uploads\/sites\/41\/2020\/05\/IMG_4116.jpg\" alt=\"\" width=\"2016\" height=\"1512\" srcset=\"https:\/\/blogg.atl.nu\/abbotnas-sateri\/wp-content\/uploads\/sites\/41\/2020\/05\/IMG_4116.jpg 2016w, https:\/\/blogg.atl.nu\/abbotnas-sateri\/wp-content\/uploads\/sites\/41\/2020\/05\/IMG_4116-300x225.jpg 300w, https:\/\/blogg.atl.nu\/abbotnas-sateri\/wp-content\/uploads\/sites\/41\/2020\/05\/IMG_4116-768x576.jpg 768w, https:\/\/blogg.atl.nu\/abbotnas-sateri\/wp-content\/uploads\/sites\/41\/2020\/05\/IMG_4116-1024x768.jpg 1024w\" sizes=\"(max-width: 2016px) 100vw, 2016px\" \/><figcaption id=\"caption-attachment-1390\" class=\"wp-caption-text\">Utebliven fastk\u00f6rning p\u00e5 bild.<\/figcaption><\/figure>\n<figure id=\"attachment_1391\" aria-describedby=\"caption-attachment-1391\" style=\"width: 2016px\" class=\"wp-caption alignnone\"><img loading=\"lazy\" class=\"wp-image-1391 size-full\" src=\"https:\/\/blogg.atl.nu\/abbotnas-sateri\/wp-content\/uploads\/sites\/41\/2020\/05\/IMG_4124.jpg\" alt=\"\" width=\"2016\" height=\"1512\" srcset=\"https:\/\/blogg.atl.nu\/abbotnas-sateri\/wp-content\/uploads\/sites\/41\/2020\/05\/IMG_4124.jpg 2016w, https:\/\/blogg.atl.nu\/abbotnas-sateri\/wp-content\/uploads\/sites\/41\/2020\/05\/IMG_4124-300x225.jpg 300w, https:\/\/blogg.atl.nu\/abbotnas-sateri\/wp-content\/uploads\/sites\/41\/2020\/05\/IMG_4124-768x576.jpg 768w, https:\/\/blogg.atl.nu\/abbotnas-sateri\/wp-content\/uploads\/sites\/41\/2020\/05\/IMG_4124-1024x768.jpg 1024w\" sizes=\"(max-width: 2016px) 100vw, 2016px\" \/><figcaption id=\"caption-attachment-1391\" class=\"wp-caption-text\">Gr\u00e4set har i alla fall inte st\u00e5tt stilla.<\/figcaption><\/figure>\n<h3>Sommaren \u00e4r h\u00e4r!<\/h3>\n<figure id=\"attachment_1392\" aria-describedby=\"caption-attachment-1392\" style=\"width: 2016px\" class=\"wp-caption alignnone\"><img loading=\"lazy\" class=\"wp-image-1392 size-full\" src=\"https:\/\/blogg.atl.nu\/abbotnas-sateri\/wp-content\/uploads\/sites\/41\/2020\/05\/IMG_4128.jpg\" alt=\"\" width=\"2016\" height=\"1512\" srcset=\"https:\/\/blogg.atl.nu\/abbotnas-sateri\/wp-content\/uploads\/sites\/41\/2020\/05\/IMG_4128.jpg 2016w, https:\/\/blogg.atl.nu\/abbotnas-sateri\/wp-content\/uploads\/sites\/41\/2020\/05\/IMG_4128-300x225.jpg 300w, https:\/\/blogg.atl.nu\/abbotnas-sateri\/wp-content\/uploads\/sites\/41\/2020\/05\/IMG_4128-768x576.jpg 768w, https:\/\/blogg.atl.nu\/abbotnas-sateri\/wp-content\/uploads\/sites\/41\/2020\/05\/IMG_4128-1024x768.jpg 1024w\" sizes=\"(max-width: 2016px) 100vw, 2016px\" \/><figcaption id=\"caption-attachment-1392\" class=\"wp-caption-text\">Utem\u00f6blerna framplockade<\/figcaption><\/figure>\n<p>Vi st\u00e4llde idag ut utem\u00f6blerna. Det g\u00f6r att sommaren allts\u00e5 nu \u00e4r officiellt kommen till Abbotn\u00e4s.<\/p>\n<p>&nbsp;<\/p>\n","protected":false},"excerpt":{"rendered":"<p>Gjutning p\u00e5 schemat idag igen. Dock en liten blygsammare s\u00e5dan i j\u00e4mf\u00f6relse med den vi gjorde sist. Sist gick det \u00e5r 97 kubikmeter betong idag gjorde vi av med 0,25 kubikmeter. Allts\u00e5 inte ens en procent av volymen som vi anv\u00e4nde d\u00e5. Betongbil var allts\u00e5 helt uteslutet och tombolan \u00e5kte fram. Det som skulle gjutas&#8230;<\/p>\n","protected":false},"author":361,"featured_media":1396,"comment_status":"open","ping_status":"open","sticky":false,"template":"","format":"standard","meta":[],"categories":[6,36,24,19,9],"tags":[12,4,10,37,35,18],"yoast_head":"<!-- This site is optimized with the Yoast SEO plugin v19.6 - https:\/\/yoast.com\/wordpress\/plugins\/seo\/ -->\n<title>Gjutning igen och gul traktor - Abbotn\u00e4s s\u00e4teri<\/title>\n<meta name=\"robots\" content=\"index, follow, max-snippet:-1, max-image-preview:large, max-video-preview:-1\" \/>\n<link rel=\"canonical\" href=\"https:\/\/blogg.atl.nu\/abbotnas-sateri\/2020\/05\/23\/gjutning-igen-och-gul-traktor\/\" \/>\n<meta property=\"og:locale\" content=\"sv_SE\" \/>\n<meta property=\"og:type\" content=\"article\" \/>\n<meta property=\"og:title\" content=\"Gjutning igen och gul traktor - Abbotn\u00e4s s\u00e4teri\" \/>\n<meta property=\"og:description\" content=\"Gjutning p\u00e5 schemat idag igen. Dock en liten blygsammare s\u00e5dan i j\u00e4mf\u00f6relse med den vi gjorde sist. Sist gick det \u00e5r 97 kubikmeter betong idag gjorde vi av med 0,25 kubikmeter. Allts\u00e5 inte ens en procent av volymen som vi anv\u00e4nde d\u00e5. Betongbil var allts\u00e5 helt uteslutet och tombolan \u00e5kte fram. Det som skulle gjutas...\" \/>\n<meta property=\"og:url\" content=\"https:\/\/blogg.atl.nu\/abbotnas-sateri\/2020\/05\/23\/gjutning-igen-och-gul-traktor\/\" \/>\n<meta property=\"og:site_name\" content=\"Abbotn\u00e4s s\u00e4teri\" \/>\n<meta property=\"article:author\" content=\"facebook.com\/mattiaswlarsson\" \/>\n<meta property=\"article:published_time\" content=\"2020-05-22T22:24:45+00:00\" \/>\n<meta property=\"article:modified_time\" content=\"2020-05-22T22:29:53+00:00\" \/>\n<meta property=\"og:image\" content=\"https:\/\/blogg.atl.nu\/abbotnas-sateri\/wp-content\/uploads\/sites\/41\/2020\/05\/IMG_4137.jpg\" \/>\n\t<meta property=\"og:image:width\" content=\"2016\" \/>\n\t<meta property=\"og:image:height\" content=\"1512\" \/>\n\t<meta property=\"og:image:type\" content=\"image\/jpeg\" \/>\n<meta name=\"author\" content=\"Mattias Larsson\" \/>\n<meta name=\"twitter:card\" content=\"summary_large_image\" \/>\n<meta name=\"twitter:label1\" content=\"Skriven av\" \/>\n\t<meta name=\"twitter:data1\" content=\"Mattias Larsson\" \/>\n\t<meta name=\"twitter:label2\" content=\"Ber\u00e4knad l\u00e4stid\" \/>\n\t<meta name=\"twitter:data2\" content=\"3 minuter\" \/>\n<script type=\"application\/ld+json\" class=\"yoast-schema-graph\">{\"@context\":\"https:\/\/schema.org\",\"@graph\":[{\"@type\":\"WebPage\",\"@id\":\"https:\/\/blogg.atl.nu\/abbotnas-sateri\/2020\/05\/23\/gjutning-igen-och-gul-traktor\/\",\"url\":\"https:\/\/blogg.atl.nu\/abbotnas-sateri\/2020\/05\/23\/gjutning-igen-och-gul-traktor\/\",\"name\":\"Gjutning igen och gul traktor - Abbotn\u00e4s s\u00e4teri\",\"isPartOf\":{\"@id\":\"https:\/\/blogg.atl.nu\/abbotnas-sateri\/#website\"},\"datePublished\":\"2020-05-22T22:24:45+00:00\",\"dateModified\":\"2020-05-22T22:29:53+00:00\",\"author\":{\"@id\":\"https:\/\/blogg.atl.nu\/abbotnas-sateri\/#\/schema\/person\/3b681683e8c9711235140b74c4aad714\"},\"breadcrumb\":{\"@id\":\"https:\/\/blogg.atl.nu\/abbotnas-sateri\/2020\/05\/23\/gjutning-igen-och-gul-traktor\/#breadcrumb\"},\"inLanguage\":\"sv-SE\",\"potentialAction\":[{\"@type\":\"ReadAction\",\"target\":[\"https:\/\/blogg.atl.nu\/abbotnas-sateri\/2020\/05\/23\/gjutning-igen-och-gul-traktor\/\"]}]},{\"@type\":\"BreadcrumbList\",\"@id\":\"https:\/\/blogg.atl.nu\/abbotnas-sateri\/2020\/05\/23\/gjutning-igen-och-gul-traktor\/#breadcrumb\",\"itemListElement\":[{\"@type\":\"ListItem\",\"position\":1,\"name\":\"Home\",\"item\":\"https:\/\/blogg.atl.nu\/abbotnas-sateri\/\"},{\"@type\":\"ListItem\",\"position\":2,\"name\":\"Gjutning igen och gul traktor\"}]},{\"@type\":\"WebSite\",\"@id\":\"https:\/\/blogg.atl.nu\/abbotnas-sateri\/#website\",\"url\":\"https:\/\/blogg.atl.nu\/abbotnas-sateri\/\",\"name\":\"Abbotn\u00e4s s\u00e4teri\",\"description\":\"Mattias Larsson\",\"potentialAction\":[{\"@type\":\"SearchAction\",\"target\":{\"@type\":\"EntryPoint\",\"urlTemplate\":\"https:\/\/blogg.atl.nu\/abbotnas-sateri\/?s={search_term_string}\"},\"query-input\":\"required name=search_term_string\"}],\"inLanguage\":\"sv-SE\"},{\"@type\":\"Person\",\"@id\":\"https:\/\/blogg.atl.nu\/abbotnas-sateri\/#\/schema\/person\/3b681683e8c9711235140b74c4aad714\",\"name\":\"Mattias Larsson\",\"image\":{\"@type\":\"ImageObject\",\"inLanguage\":\"sv-SE\",\"@id\":\"https:\/\/blogg.atl.nu\/abbotnas-sateri\/#\/schema\/person\/image\/\",\"url\":\"https:\/\/secure.gravatar.com\/avatar\/ab52d1a4abaa2f256164ccb2caf8dcfb?s=96&d=mm&r=g\",\"contentUrl\":\"https:\/\/secure.gravatar.com\/avatar\/ab52d1a4abaa2f256164ccb2caf8dcfb?s=96&d=mm&r=g\",\"caption\":\"Mattias Larsson\"},\"sameAs\":[\"http:\/\/abbotnas.se\",\"facebook.com\/mattiaswlarsson\"],\"url\":\"https:\/\/blogg.atl.nu\/abbotnas-sateri\/author\/mlarsson\/\"}]}<\/script>\n<!-- \/ Yoast SEO plugin. -->","yoast_head_json":{"title":"Gjutning igen och gul traktor - Abbotn\u00e4s s\u00e4teri","robots":{"index":"index","follow":"follow","max-snippet":"max-snippet:-1","max-image-preview":"max-image-preview:large","max-video-preview":"max-video-preview:-1"},"canonical":"https:\/\/blogg.atl.nu\/abbotnas-sateri\/2020\/05\/23\/gjutning-igen-och-gul-traktor\/","og_locale":"sv_SE","og_type":"article","og_title":"Gjutning igen och gul traktor - Abbotn\u00e4s s\u00e4teri","og_description":"Gjutning p\u00e5 schemat idag igen. Dock en liten blygsammare s\u00e5dan i j\u00e4mf\u00f6relse med den vi gjorde sist. Sist gick det \u00e5r 97 kubikmeter betong idag gjorde vi av med 0,25 kubikmeter. Allts\u00e5 inte ens en procent av volymen som vi anv\u00e4nde d\u00e5. Betongbil var allts\u00e5 helt uteslutet och tombolan \u00e5kte fram. Det som skulle gjutas...","og_url":"https:\/\/blogg.atl.nu\/abbotnas-sateri\/2020\/05\/23\/gjutning-igen-och-gul-traktor\/","og_site_name":"Abbotn\u00e4s s\u00e4teri","article_author":"facebook.com\/mattiaswlarsson","article_published_time":"2020-05-22T22:24:45+00:00","article_modified_time":"2020-05-22T22:29:53+00:00","og_image":[{"width":2016,"height":1512,"url":"https:\/\/blogg.atl.nu\/abbotnas-sateri\/wp-content\/uploads\/sites\/41\/2020\/05\/IMG_4137.jpg","type":"image\/jpeg"}],"author":"Mattias Larsson","twitter_card":"summary_large_image","twitter_misc":{"Skriven av":"Mattias Larsson","Ber\u00e4knad l\u00e4stid":"3 minuter"},"schema":{"@context":"https:\/\/schema.org","@graph":[{"@type":"WebPage","@id":"https:\/\/blogg.atl.nu\/abbotnas-sateri\/2020\/05\/23\/gjutning-igen-och-gul-traktor\/","url":"https:\/\/blogg.atl.nu\/abbotnas-sateri\/2020\/05\/23\/gjutning-igen-och-gul-traktor\/","name":"Gjutning igen och gul traktor - Abbotn\u00e4s s\u00e4teri","isPartOf":{"@id":"https:\/\/blogg.atl.nu\/abbotnas-sateri\/#website"},"datePublished":"2020-05-22T22:24:45+00:00","dateModified":"2020-05-22T22:29:53+00:00","author":{"@id":"https:\/\/blogg.atl.nu\/abbotnas-sateri\/#\/schema\/person\/3b681683e8c9711235140b74c4aad714"},"breadcrumb":{"@id":"https:\/\/blogg.atl.nu\/abbotnas-sateri\/2020\/05\/23\/gjutning-igen-och-gul-traktor\/#breadcrumb"},"inLanguage":"sv-SE","potentialAction":[{"@type":"ReadAction","target":["https:\/\/blogg.atl.nu\/abbotnas-sateri\/2020\/05\/23\/gjutning-igen-och-gul-traktor\/"]}]},{"@type":"BreadcrumbList","@id":"https:\/\/blogg.atl.nu\/abbotnas-sateri\/2020\/05\/23\/gjutning-igen-och-gul-traktor\/#breadcrumb","itemListElement":[{"@type":"ListItem","position":1,"name":"Home","item":"https:\/\/blogg.atl.nu\/abbotnas-sateri\/"},{"@type":"ListItem","position":2,"name":"Gjutning igen och gul traktor"}]},{"@type":"WebSite","@id":"https:\/\/blogg.atl.nu\/abbotnas-sateri\/#website","url":"https:\/\/blogg.atl.nu\/abbotnas-sateri\/","name":"Abbotn\u00e4s s\u00e4teri","description":"Mattias Larsson","potentialAction":[{"@type":"SearchAction","target":{"@type":"EntryPoint","urlTemplate":"https:\/\/blogg.atl.nu\/abbotnas-sateri\/?s={search_term_string}"},"query-input":"required name=search_term_string"}],"inLanguage":"sv-SE"},{"@type":"Person","@id":"https:\/\/blogg.atl.nu\/abbotnas-sateri\/#\/schema\/person\/3b681683e8c9711235140b74c4aad714","name":"Mattias Larsson","image":{"@type":"ImageObject","inLanguage":"sv-SE","@id":"https:\/\/blogg.atl.nu\/abbotnas-sateri\/#\/schema\/person\/image\/","url":"https:\/\/secure.gravatar.com\/avatar\/ab52d1a4abaa2f256164ccb2caf8dcfb?s=96&d=mm&r=g","contentUrl":"https:\/\/secure.gravatar.com\/avatar\/ab52d1a4abaa2f256164ccb2caf8dcfb?s=96&d=mm&r=g","caption":"Mattias Larsson"},"sameAs":["http:\/\/abbotnas.se","facebook.com\/mattiaswlarsson"],"url":"https:\/\/blogg.atl.nu\/abbotnas-sateri\/author\/mlarsson\/"}]}},"_links":{"self":[{"href":"https:\/\/blogg.atl.nu\/abbotnas-sateri\/wp-json\/wp\/v2\/posts\/1388"}],"collection":[{"href":"https:\/\/blogg.atl.nu\/abbotnas-sateri\/wp-json\/wp\/v2\/posts"}],"about":[{"href":"https:\/\/blogg.atl.nu\/abbotnas-sateri\/wp-json\/wp\/v2\/types\/post"}],"author":[{"embeddable":true,"href":"https:\/\/blogg.atl.nu\/abbotnas-sateri\/wp-json\/wp\/v2\/users\/361"}],"replies":[{"embeddable":true,"href":"https:\/\/blogg.atl.nu\/abbotnas-sateri\/wp-json\/wp\/v2\/comments?post=1388"}],"version-history":[{"count":9,"href":"https:\/\/blogg.atl.nu\/abbotnas-sateri\/wp-json\/wp\/v2\/posts\/1388\/revisions"}],"predecessor-version":[{"id":1412,"href":"https:\/\/blogg.atl.nu\/abbotnas-sateri\/wp-json\/wp\/v2\/posts\/1388\/revisions\/1412"}],"wp:featuredmedia":[{"embeddable":true,"href":"https:\/\/blogg.atl.nu\/abbotnas-sateri\/wp-json\/wp\/v2\/media\/1396"}],"wp:attachment":[{"href":"https:\/\/blogg.atl.nu\/abbotnas-sateri\/wp-json\/wp\/v2\/media?parent=1388"}],"wp:term":[{"taxonomy":"category","embeddable":true,"href":"https:\/\/blogg.atl.nu\/abbotnas-sateri\/wp-json\/wp\/v2\/categories?post=1388"},{"taxonomy":"post_tag","embeddable":true,"href":"https:\/\/blogg.atl.nu\/abbotnas-sateri\/wp-json\/wp\/v2\/tags?post=1388"}],"curies":[{"name":"wp","href":"https:\/\/api.w.org\/{rel}","templated":true}]}}