{"id":14128,"date":"2022-07-15T22:49:46","date_gmt":"2022-07-15T20:49:46","guid":{"rendered":"https:\/\/blogg.atl.nu\/abbotnas-sateri\/?p=14128"},"modified":"2022-07-15T22:50:09","modified_gmt":"2022-07-15T20:50:09","slug":"nu-tar-jag-semester","status":"publish","type":"post","link":"https:\/\/blogg.atl.nu\/abbotnas-sateri\/2022\/07\/15\/nu-tar-jag-semester\/","title":{"rendered":"Nu tar jag semester"},"content":{"rendered":"<p><strong>Sommar, sol, svinkallt, bl\u00e5st och pl\u00f6tsliga skurar nu g\u00e5r jag p\u00e5 semester, eller sommarlov som mina barn kallar det. Jag har sett fram emot detta och nu ska det umg\u00e5s s\u00e5 mycket det bara g\u00e5r med familjen.<\/strong><\/p>\n<h3>\u00a0Semester<\/h3>\n<p><strong>Det h\u00e4r med semester \u00e4r ju intressant och v\u00e4ldigt annorlunda helt klart.<\/strong> Det finns s\u00e5 m\u00e5nga olika s\u00e4tt att g\u00f6ra p\u00e5 och vissa tar inte ens semester p\u00e5 grund av olika anledningar. Jag har full f\u00f6rst\u00e5else f\u00f6r hur man \u00e4n g\u00f6r, men tycker synd om de som vill ha semester men inte k\u00e4nner att de kan. Nu ska i alla fall jag ha semester hela n\u00e4sta vecka och det ska bli sk\u00f6nt. Det \u00e4r alltid blandade k\u00e4nslor med att g\u00e5 p\u00e5 semester tycker jag, men mest positiva. Problemet \u00e4r att det alltid finns mycket att g\u00f6ra och det g\u00f6r det nu med, men man f\u00e5r passa p\u00e5 att dra ett streck n\u00e4r det inte &#8221;brinner&#8221; n\u00e5gonstans och saker faktiskt g\u00e5r att skjuta upp. Carro och barnen startade sin semester redan f\u00f6rra veckan och nu kan jag ansluta. S\u00e5 idag kunde jag \u00e4ntligen svara &#8221;ja&#8221; n\u00e4r barnen fr\u00e5gade &#8221;\u00e4r du ledig imorgon?&#8221; och &#8221;nej&#8221; p\u00e5 fr\u00e5gan om jag skulle jobba, det var sk\u00f6nt och lite trendbrytande. Det hela firades med middag p\u00e5 restaurang och att konstatera att vi nog beh\u00f6ver byta v\u00e4xell\u00e5da p\u00e5 bilen.<\/p>\n<h3>Bort med det gamla&#8230;<\/h3>\n<p><strong>Som final innan semestern s\u00e5 fixade jag idag till det sista (med hj\u00e4lp av Christin) vi det nya elsk\u00e5pet.\u00a0<\/strong>Nya sk\u00e5pet \u00e4r nu klart och up and runing och vi kunde nu fixa till slutkl\u00e4mmen. Det var att ta v\u00e4ck det gamla sk\u00e5pet och att t\u00e4cka alla kablar. Det gick hur bra som helst och nu \u00e4r allt f\u00e4rdig. Sk\u00f6nt d\u00e5 kan vi dra en bock i den rutan ocks\u00e5. Jag blev n\u00e4stan f\u00f6rv\u00e5nad \u00f6ver att det gick s\u00e5 bra, det var ju \u00e4nd\u00e5 sista dagen innan semestern och d\u00e5 borde ju n\u00e5got g\u00e5tt tokigt. Typ ett litet ryck i skopan in i nya sk\u00e5pet eller transformatorn. Nu blev det inte s\u00e5 och jag kunde glatt stressa hem till familjen och komma i hyffsad tid till v\u00e5rat restaurangbes\u00f6k.<\/p>\n<figure id=\"attachment_14120\" aria-describedby=\"caption-attachment-14120\" style=\"width: 4032px\" class=\"wp-caption alignnone\"><img loading=\"lazy\" class=\"wp-image-14120 size-full\" src=\"https:\/\/blogg.atl.nu\/abbotnas-sateri\/wp-content\/uploads\/sites\/41\/2022\/07\/BDA2F402-A727-4C2C-8DAE-804DB11CD46B.jpeg\" alt=\"\" width=\"4032\" height=\"3024\" srcset=\"https:\/\/blogg.atl.nu\/abbotnas-sateri\/wp-content\/uploads\/sites\/41\/2022\/07\/BDA2F402-A727-4C2C-8DAE-804DB11CD46B.jpeg 2048w, https:\/\/blogg.atl.nu\/abbotnas-sateri\/wp-content\/uploads\/sites\/41\/2022\/07\/BDA2F402-A727-4C2C-8DAE-804DB11CD46B-300x225.jpeg 300w, https:\/\/blogg.atl.nu\/abbotnas-sateri\/wp-content\/uploads\/sites\/41\/2022\/07\/BDA2F402-A727-4C2C-8DAE-804DB11CD46B-768x576.jpeg 768w, https:\/\/blogg.atl.nu\/abbotnas-sateri\/wp-content\/uploads\/sites\/41\/2022\/07\/BDA2F402-A727-4C2C-8DAE-804DB11CD46B-1024x768.jpeg 1024w\" sizes=\"(max-width: 4032px) 100vw, 4032px\" \/><figcaption id=\"caption-attachment-14120\" class=\"wp-caption-text\">Nu kunde \u00e4ntligen den gr\u00f6na fula kuren \u00e5ka till skrotcontainern.<\/figcaption><\/figure>\n<figure id=\"attachment_14119\" aria-describedby=\"caption-attachment-14119\" style=\"width: 4032px\" class=\"wp-caption alignnone\"><img loading=\"lazy\" class=\"wp-image-14119 size-full\" src=\"https:\/\/blogg.atl.nu\/abbotnas-sateri\/wp-content\/uploads\/sites\/41\/2022\/07\/EB2DCDC1-8C3D-4E03-92CB-64259195924E.jpeg\" alt=\"\" width=\"4032\" height=\"3024\" srcset=\"https:\/\/blogg.atl.nu\/abbotnas-sateri\/wp-content\/uploads\/sites\/41\/2022\/07\/EB2DCDC1-8C3D-4E03-92CB-64259195924E.jpeg 2048w, https:\/\/blogg.atl.nu\/abbotnas-sateri\/wp-content\/uploads\/sites\/41\/2022\/07\/EB2DCDC1-8C3D-4E03-92CB-64259195924E-300x225.jpeg 300w, https:\/\/blogg.atl.nu\/abbotnas-sateri\/wp-content\/uploads\/sites\/41\/2022\/07\/EB2DCDC1-8C3D-4E03-92CB-64259195924E-768x576.jpeg 768w, https:\/\/blogg.atl.nu\/abbotnas-sateri\/wp-content\/uploads\/sites\/41\/2022\/07\/EB2DCDC1-8C3D-4E03-92CB-64259195924E-1024x768.jpeg 1024w\" sizes=\"(max-width: 4032px) 100vw, 4032px\" \/><figcaption id=\"caption-attachment-14119\" class=\"wp-caption-text\">Stenfria massor rensades fram.<\/figcaption><\/figure>\n<figure id=\"attachment_14121\" aria-describedby=\"caption-attachment-14121\" style=\"width: 4032px\" class=\"wp-caption alignnone\"><img loading=\"lazy\" class=\"wp-image-14121 size-full\" src=\"https:\/\/blogg.atl.nu\/abbotnas-sateri\/wp-content\/uploads\/sites\/41\/2022\/07\/CBC53E7F-6D50-4BE5-9A9D-A79F566419D5.jpeg\" alt=\"\" width=\"4032\" height=\"3024\" srcset=\"https:\/\/blogg.atl.nu\/abbotnas-sateri\/wp-content\/uploads\/sites\/41\/2022\/07\/CBC53E7F-6D50-4BE5-9A9D-A79F566419D5.jpeg 2048w, https:\/\/blogg.atl.nu\/abbotnas-sateri\/wp-content\/uploads\/sites\/41\/2022\/07\/CBC53E7F-6D50-4BE5-9A9D-A79F566419D5-300x225.jpeg 300w, https:\/\/blogg.atl.nu\/abbotnas-sateri\/wp-content\/uploads\/sites\/41\/2022\/07\/CBC53E7F-6D50-4BE5-9A9D-A79F566419D5-768x576.jpeg 768w, https:\/\/blogg.atl.nu\/abbotnas-sateri\/wp-content\/uploads\/sites\/41\/2022\/07\/CBC53E7F-6D50-4BE5-9A9D-A79F566419D5-1024x768.jpeg 1024w\" sizes=\"(max-width: 4032px) 100vw, 4032px\" \/><figcaption id=\"caption-attachment-14121\" class=\"wp-caption-text\">och en b\u00e5de kabel- och gr\u00e4sklipparv\u00e4nlig fyllning kunde g\u00f6ras. H\u00e4r skulle det vara typiskt o bra att slinta lite med skopan klockan 16:30 en fredag innan semestern. Det hade aldrig varit bra, men idag hade varit en s\u00e4mre tidpunkt.<\/figcaption><\/figure>\n<figure id=\"attachment_14122\" aria-describedby=\"caption-attachment-14122\" style=\"width: 4032px\" class=\"wp-caption alignnone\"><img loading=\"lazy\" class=\"wp-image-14122 size-full\" src=\"https:\/\/blogg.atl.nu\/abbotnas-sateri\/wp-content\/uploads\/sites\/41\/2022\/07\/75C48DC2-D93E-4F40-A3F3-DFF6F976B3F3.jpeg\" alt=\"\" width=\"4032\" height=\"3024\" srcset=\"https:\/\/blogg.atl.nu\/abbotnas-sateri\/wp-content\/uploads\/sites\/41\/2022\/07\/75C48DC2-D93E-4F40-A3F3-DFF6F976B3F3.jpeg 2048w, https:\/\/blogg.atl.nu\/abbotnas-sateri\/wp-content\/uploads\/sites\/41\/2022\/07\/75C48DC2-D93E-4F40-A3F3-DFF6F976B3F3-300x225.jpeg 300w, https:\/\/blogg.atl.nu\/abbotnas-sateri\/wp-content\/uploads\/sites\/41\/2022\/07\/75C48DC2-D93E-4F40-A3F3-DFF6F976B3F3-768x576.jpeg 768w, https:\/\/blogg.atl.nu\/abbotnas-sateri\/wp-content\/uploads\/sites\/41\/2022\/07\/75C48DC2-D93E-4F40-A3F3-DFF6F976B3F3-1024x768.jpeg 1024w\" sizes=\"(max-width: 4032px) 100vw, 4032px\" \/><figcaption id=\"caption-attachment-14122\" class=\"wp-caption-text\">Till slut blev det f\u00e4rdigt. Sk\u00f6nt!<\/figcaption><\/figure>\n<p>&nbsp;<\/p>\n<figure id=\"attachment_14124\" aria-describedby=\"caption-attachment-14124\" style=\"width: 4032px\" class=\"wp-caption alignnone\"><img loading=\"lazy\" class=\"wp-image-14124 size-full\" src=\"https:\/\/blogg.atl.nu\/abbotnas-sateri\/wp-content\/uploads\/sites\/41\/2022\/07\/075F1DA8-1829-40EE-854E-CDAEA871E602.jpeg\" alt=\"\" width=\"4032\" height=\"3024\" srcset=\"https:\/\/blogg.atl.nu\/abbotnas-sateri\/wp-content\/uploads\/sites\/41\/2022\/07\/075F1DA8-1829-40EE-854E-CDAEA871E602.jpeg 2048w, https:\/\/blogg.atl.nu\/abbotnas-sateri\/wp-content\/uploads\/sites\/41\/2022\/07\/075F1DA8-1829-40EE-854E-CDAEA871E602-300x225.jpeg 300w, https:\/\/blogg.atl.nu\/abbotnas-sateri\/wp-content\/uploads\/sites\/41\/2022\/07\/075F1DA8-1829-40EE-854E-CDAEA871E602-768x576.jpeg 768w, https:\/\/blogg.atl.nu\/abbotnas-sateri\/wp-content\/uploads\/sites\/41\/2022\/07\/075F1DA8-1829-40EE-854E-CDAEA871E602-1024x768.jpeg 1024w\" sizes=\"(max-width: 4032px) 100vw, 4032px\" \/><figcaption id=\"caption-attachment-14124\" class=\"wp-caption-text\">Kan nu genom att kolla p\u00e5 v\u00e5ra tidigaste vetef\u00e4lt konstatera att tr\u00f6sken h\u00e4r \u00e4r n\u00e5gra dagar bort. Det g\u00f6r helt klart semestern mer avkopplad.<\/figcaption><\/figure>\n<figure id=\"attachment_14127\" aria-describedby=\"caption-attachment-14127\" style=\"width: 5261px\" class=\"wp-caption alignnone\"><img loading=\"lazy\" class=\"wp-image-14127 size-full\" src=\"https:\/\/blogg.atl.nu\/abbotnas-sateri\/wp-content\/uploads\/sites\/41\/2022\/07\/DJI_0056.jpg\" alt=\"\" width=\"5261\" height=\"2750\" srcset=\"https:\/\/blogg.atl.nu\/abbotnas-sateri\/wp-content\/uploads\/sites\/41\/2022\/07\/DJI_0056.jpg 2048w, https:\/\/blogg.atl.nu\/abbotnas-sateri\/wp-content\/uploads\/sites\/41\/2022\/07\/DJI_0056-300x157.jpg 300w, https:\/\/blogg.atl.nu\/abbotnas-sateri\/wp-content\/uploads\/sites\/41\/2022\/07\/DJI_0056-768x401.jpg 768w, https:\/\/blogg.atl.nu\/abbotnas-sateri\/wp-content\/uploads\/sites\/41\/2022\/07\/DJI_0056-1024x535.jpg 1024w\" sizes=\"(max-width: 5261px) 100vw, 5261px\" \/><figcaption id=\"caption-attachment-14127\" class=\"wp-caption-text\">Det finns gott om gr\u00f6na partier p\u00e5 f\u00e4lten \u00e4n s\u00e5 l\u00e4nge.<\/figcaption><\/figure>\n<p>&nbsp;<\/p>\n<p>Nu tar jag semester helt enkelt. Jag kommer nog inte vara helt off h\u00e4r utan trycka in n\u00e5gra inl\u00e4gg, det finns fortfarande mycket att skriva om.<\/p>\n<p>Glad sommar hur som helst!!<\/p>\n","protected":false},"excerpt":{"rendered":"<p>Sommar, sol, svinkallt, bl\u00e5st och pl\u00f6tsliga skurar nu g\u00e5r jag p\u00e5 semester, eller sommarlov som mina barn kallar det. Jag har sett fram emot detta och nu ska det umg\u00e5s s\u00e5 mycket det bara g\u00e5r med familjen. \u00a0Semester Det h\u00e4r med semester \u00e4r ju intressant och v\u00e4ldigt annorlunda helt klart. Det finns s\u00e5 m\u00e5nga olika&#8230;<\/p>\n","protected":false},"author":361,"featured_media":14127,"comment_status":"open","ping_status":"open","sticky":false,"template":"","format":"standard","meta":[],"categories":[1],"tags":[],"yoast_head":"<!-- This site is optimized with the Yoast SEO plugin v19.6 - https:\/\/yoast.com\/wordpress\/plugins\/seo\/ -->\n<title>Nu tar jag semester - Abbotn\u00e4s s\u00e4teri<\/title>\n<meta name=\"robots\" content=\"index, follow, max-snippet:-1, max-image-preview:large, max-video-preview:-1\" \/>\n<link rel=\"canonical\" href=\"https:\/\/blogg.atl.nu\/abbotnas-sateri\/2022\/07\/15\/nu-tar-jag-semester\/\" \/>\n<meta property=\"og:locale\" content=\"sv_SE\" \/>\n<meta property=\"og:type\" content=\"article\" \/>\n<meta property=\"og:title\" content=\"Nu tar jag semester - Abbotn\u00e4s s\u00e4teri\" \/>\n<meta property=\"og:description\" content=\"Sommar, sol, svinkallt, bl\u00e5st och pl\u00f6tsliga skurar nu g\u00e5r jag p\u00e5 semester, eller sommarlov som mina barn kallar det. Jag har sett fram emot detta och nu ska det umg\u00e5s s\u00e5 mycket det bara g\u00e5r med familjen. \u00a0Semester Det h\u00e4r med semester \u00e4r ju intressant och v\u00e4ldigt annorlunda helt klart. Det finns s\u00e5 m\u00e5nga olika...\" \/>\n<meta property=\"og:url\" content=\"https:\/\/blogg.atl.nu\/abbotnas-sateri\/2022\/07\/15\/nu-tar-jag-semester\/\" \/>\n<meta property=\"og:site_name\" content=\"Abbotn\u00e4s s\u00e4teri\" \/>\n<meta property=\"article:author\" content=\"facebook.com\/mattiaswlarsson\" \/>\n<meta property=\"article:published_time\" content=\"2022-07-15T20:49:46+00:00\" \/>\n<meta property=\"article:modified_time\" content=\"2022-07-15T20:50:09+00:00\" \/>\n<meta property=\"og:image\" content=\"https:\/\/blogg.atl.nu\/abbotnas-sateri\/wp-content\/uploads\/sites\/41\/2022\/07\/DJI_0056-1024x535.jpg\" \/>\n\t<meta property=\"og:image:width\" content=\"1024\" \/>\n\t<meta property=\"og:image:height\" content=\"535\" \/>\n\t<meta property=\"og:image:type\" content=\"image\/jpeg\" \/>\n<meta name=\"author\" content=\"Mattias Larsson\" \/>\n<meta name=\"twitter:card\" content=\"summary_large_image\" \/>\n<meta name=\"twitter:label1\" content=\"Skriven av\" \/>\n\t<meta name=\"twitter:data1\" content=\"Mattias Larsson\" \/>\n\t<meta name=\"twitter:label2\" content=\"Ber\u00e4knad l\u00e4stid\" \/>\n\t<meta name=\"twitter:data2\" content=\"3 minuter\" \/>\n<script type=\"application\/ld+json\" class=\"yoast-schema-graph\">{\"@context\":\"https:\/\/schema.org\",\"@graph\":[{\"@type\":\"WebPage\",\"@id\":\"https:\/\/blogg.atl.nu\/abbotnas-sateri\/2022\/07\/15\/nu-tar-jag-semester\/\",\"url\":\"https:\/\/blogg.atl.nu\/abbotnas-sateri\/2022\/07\/15\/nu-tar-jag-semester\/\",\"name\":\"Nu tar jag semester - Abbotn\u00e4s s\u00e4teri\",\"isPartOf\":{\"@id\":\"https:\/\/blogg.atl.nu\/abbotnas-sateri\/#website\"},\"datePublished\":\"2022-07-15T20:49:46+00:00\",\"dateModified\":\"2022-07-15T20:50:09+00:00\",\"author\":{\"@id\":\"https:\/\/blogg.atl.nu\/abbotnas-sateri\/#\/schema\/person\/3b681683e8c9711235140b74c4aad714\"},\"breadcrumb\":{\"@id\":\"https:\/\/blogg.atl.nu\/abbotnas-sateri\/2022\/07\/15\/nu-tar-jag-semester\/#breadcrumb\"},\"inLanguage\":\"sv-SE\",\"potentialAction\":[{\"@type\":\"ReadAction\",\"target\":[\"https:\/\/blogg.atl.nu\/abbotnas-sateri\/2022\/07\/15\/nu-tar-jag-semester\/\"]}]},{\"@type\":\"BreadcrumbList\",\"@id\":\"https:\/\/blogg.atl.nu\/abbotnas-sateri\/2022\/07\/15\/nu-tar-jag-semester\/#breadcrumb\",\"itemListElement\":[{\"@type\":\"ListItem\",\"position\":1,\"name\":\"Home\",\"item\":\"https:\/\/blogg.atl.nu\/abbotnas-sateri\/\"},{\"@type\":\"ListItem\",\"position\":2,\"name\":\"Nu tar jag semester\"}]},{\"@type\":\"WebSite\",\"@id\":\"https:\/\/blogg.atl.nu\/abbotnas-sateri\/#website\",\"url\":\"https:\/\/blogg.atl.nu\/abbotnas-sateri\/\",\"name\":\"Abbotn\u00e4s s\u00e4teri\",\"description\":\"Mattias Larsson\",\"potentialAction\":[{\"@type\":\"SearchAction\",\"target\":{\"@type\":\"EntryPoint\",\"urlTemplate\":\"https:\/\/blogg.atl.nu\/abbotnas-sateri\/?s={search_term_string}\"},\"query-input\":\"required name=search_term_string\"}],\"inLanguage\":\"sv-SE\"},{\"@type\":\"Person\",\"@id\":\"https:\/\/blogg.atl.nu\/abbotnas-sateri\/#\/schema\/person\/3b681683e8c9711235140b74c4aad714\",\"name\":\"Mattias Larsson\",\"image\":{\"@type\":\"ImageObject\",\"inLanguage\":\"sv-SE\",\"@id\":\"https:\/\/blogg.atl.nu\/abbotnas-sateri\/#\/schema\/person\/image\/\",\"url\":\"https:\/\/secure.gravatar.com\/avatar\/ab52d1a4abaa2f256164ccb2caf8dcfb?s=96&d=mm&r=g\",\"contentUrl\":\"https:\/\/secure.gravatar.com\/avatar\/ab52d1a4abaa2f256164ccb2caf8dcfb?s=96&d=mm&r=g\",\"caption\":\"Mattias Larsson\"},\"sameAs\":[\"http:\/\/abbotnas.se\",\"facebook.com\/mattiaswlarsson\"],\"url\":\"https:\/\/blogg.atl.nu\/abbotnas-sateri\/author\/mlarsson\/\"}]}<\/script>\n<!-- \/ Yoast SEO plugin. -->","yoast_head_json":{"title":"Nu tar jag semester - Abbotn\u00e4s s\u00e4teri","robots":{"index":"index","follow":"follow","max-snippet":"max-snippet:-1","max-image-preview":"max-image-preview:large","max-video-preview":"max-video-preview:-1"},"canonical":"https:\/\/blogg.atl.nu\/abbotnas-sateri\/2022\/07\/15\/nu-tar-jag-semester\/","og_locale":"sv_SE","og_type":"article","og_title":"Nu tar jag semester - Abbotn\u00e4s s\u00e4teri","og_description":"Sommar, sol, svinkallt, bl\u00e5st och pl\u00f6tsliga skurar nu g\u00e5r jag p\u00e5 semester, eller sommarlov som mina barn kallar det. Jag har sett fram emot detta och nu ska det umg\u00e5s s\u00e5 mycket det bara g\u00e5r med familjen. \u00a0Semester Det h\u00e4r med semester \u00e4r ju intressant och v\u00e4ldigt annorlunda helt klart. Det finns s\u00e5 m\u00e5nga olika...","og_url":"https:\/\/blogg.atl.nu\/abbotnas-sateri\/2022\/07\/15\/nu-tar-jag-semester\/","og_site_name":"Abbotn\u00e4s s\u00e4teri","article_author":"facebook.com\/mattiaswlarsson","article_published_time":"2022-07-15T20:49:46+00:00","article_modified_time":"2022-07-15T20:50:09+00:00","og_image":[{"width":1024,"height":535,"url":"https:\/\/blogg.atl.nu\/abbotnas-sateri\/wp-content\/uploads\/sites\/41\/2022\/07\/DJI_0056-1024x535.jpg","type":"image\/jpeg"}],"author":"Mattias Larsson","twitter_card":"summary_large_image","twitter_misc":{"Skriven av":"Mattias Larsson","Ber\u00e4knad l\u00e4stid":"3 minuter"},"schema":{"@context":"https:\/\/schema.org","@graph":[{"@type":"WebPage","@id":"https:\/\/blogg.atl.nu\/abbotnas-sateri\/2022\/07\/15\/nu-tar-jag-semester\/","url":"https:\/\/blogg.atl.nu\/abbotnas-sateri\/2022\/07\/15\/nu-tar-jag-semester\/","name":"Nu tar jag semester - Abbotn\u00e4s s\u00e4teri","isPartOf":{"@id":"https:\/\/blogg.atl.nu\/abbotnas-sateri\/#website"},"datePublished":"2022-07-15T20:49:46+00:00","dateModified":"2022-07-15T20:50:09+00:00","author":{"@id":"https:\/\/blogg.atl.nu\/abbotnas-sateri\/#\/schema\/person\/3b681683e8c9711235140b74c4aad714"},"breadcrumb":{"@id":"https:\/\/blogg.atl.nu\/abbotnas-sateri\/2022\/07\/15\/nu-tar-jag-semester\/#breadcrumb"},"inLanguage":"sv-SE","potentialAction":[{"@type":"ReadAction","target":["https:\/\/blogg.atl.nu\/abbotnas-sateri\/2022\/07\/15\/nu-tar-jag-semester\/"]}]},{"@type":"BreadcrumbList","@id":"https:\/\/blogg.atl.nu\/abbotnas-sateri\/2022\/07\/15\/nu-tar-jag-semester\/#breadcrumb","itemListElement":[{"@type":"ListItem","position":1,"name":"Home","item":"https:\/\/blogg.atl.nu\/abbotnas-sateri\/"},{"@type":"ListItem","position":2,"name":"Nu tar jag semester"}]},{"@type":"WebSite","@id":"https:\/\/blogg.atl.nu\/abbotnas-sateri\/#website","url":"https:\/\/blogg.atl.nu\/abbotnas-sateri\/","name":"Abbotn\u00e4s s\u00e4teri","description":"Mattias Larsson","potentialAction":[{"@type":"SearchAction","target":{"@type":"EntryPoint","urlTemplate":"https:\/\/blogg.atl.nu\/abbotnas-sateri\/?s={search_term_string}"},"query-input":"required name=search_term_string"}],"inLanguage":"sv-SE"},{"@type":"Person","@id":"https:\/\/blogg.atl.nu\/abbotnas-sateri\/#\/schema\/person\/3b681683e8c9711235140b74c4aad714","name":"Mattias Larsson","image":{"@type":"ImageObject","inLanguage":"sv-SE","@id":"https:\/\/blogg.atl.nu\/abbotnas-sateri\/#\/schema\/person\/image\/","url":"https:\/\/secure.gravatar.com\/avatar\/ab52d1a4abaa2f256164ccb2caf8dcfb?s=96&d=mm&r=g","contentUrl":"https:\/\/secure.gravatar.com\/avatar\/ab52d1a4abaa2f256164ccb2caf8dcfb?s=96&d=mm&r=g","caption":"Mattias Larsson"},"sameAs":["http:\/\/abbotnas.se","facebook.com\/mattiaswlarsson"],"url":"https:\/\/blogg.atl.nu\/abbotnas-sateri\/author\/mlarsson\/"}]}},"_links":{"self":[{"href":"https:\/\/blogg.atl.nu\/abbotnas-sateri\/wp-json\/wp\/v2\/posts\/14128"}],"collection":[{"href":"https:\/\/blogg.atl.nu\/abbotnas-sateri\/wp-json\/wp\/v2\/posts"}],"about":[{"href":"https:\/\/blogg.atl.nu\/abbotnas-sateri\/wp-json\/wp\/v2\/types\/post"}],"author":[{"embeddable":true,"href":"https:\/\/blogg.atl.nu\/abbotnas-sateri\/wp-json\/wp\/v2\/users\/361"}],"replies":[{"embeddable":true,"href":"https:\/\/blogg.atl.nu\/abbotnas-sateri\/wp-json\/wp\/v2\/comments?post=14128"}],"version-history":[{"count":3,"href":"https:\/\/blogg.atl.nu\/abbotnas-sateri\/wp-json\/wp\/v2\/posts\/14128\/revisions"}],"predecessor-version":[{"id":14131,"href":"https:\/\/blogg.atl.nu\/abbotnas-sateri\/wp-json\/wp\/v2\/posts\/14128\/revisions\/14131"}],"wp:featuredmedia":[{"embeddable":true,"href":"https:\/\/blogg.atl.nu\/abbotnas-sateri\/wp-json\/wp\/v2\/media\/14127"}],"wp:attachment":[{"href":"https:\/\/blogg.atl.nu\/abbotnas-sateri\/wp-json\/wp\/v2\/media?parent=14128"}],"wp:term":[{"taxonomy":"category","embeddable":true,"href":"https:\/\/blogg.atl.nu\/abbotnas-sateri\/wp-json\/wp\/v2\/categories?post=14128"},{"taxonomy":"post_tag","embeddable":true,"href":"https:\/\/blogg.atl.nu\/abbotnas-sateri\/wp-json\/wp\/v2\/tags?post=14128"}],"curies":[{"name":"wp","href":"https:\/\/api.w.org\/{rel}","templated":true}]}}