{"id":1456,"date":"2020-05-27T00:40:08","date_gmt":"2020-05-26T22:40:08","guid":{"rendered":"https:\/\/blogg.atl.nu\/abbotnas-sateri\/?p=1456"},"modified":"2020-05-27T00:48:05","modified_gmt":"2020-05-26T22:48:05","slug":"smygstart-och-kvaveforlust","status":"publish","type":"post","link":"https:\/\/blogg.atl.nu\/abbotnas-sateri\/2020\/05\/27\/smygstart-och-kvaveforlust\/","title":{"rendered":"Smygstart och kv\u00e4vef\u00f6rlust."},"content":{"rendered":"<p><strong>Vi kan ju inte bara bygga en silo, vi m\u00e5ste ju fylla den med n\u00e5got ocks\u00e5.<\/strong><\/p>\n<p><strong>D\u00e4rf\u00f6r s\u00e5 smygstartade<\/strong> vi idag kompletteringsg\u00f6dslingen \u00e4ven av Julius-vetet. Juliusf\u00e4lten ser v\u00e4ldigt bra ut b\u00e5de fr\u00e5n v\u00e4gen och p\u00e5 riktigt. S\u00e5 vi g\u00f6r samma sak h\u00e4r som p\u00e5 Norinet vi anv\u00e4nder N-sensorn f\u00f6r att j\u00e4mna ut best\u00e5ndet och \u00e4ven \u00f6ka kv\u00e4veniv\u00e5n. Jag skriver mer om detta n\u00e4r vi forts\u00e4tter med g\u00f6dslingen.<\/p>\n<figure id=\"attachment_1467\" aria-describedby=\"caption-attachment-1467\" style=\"width: 2016px\" class=\"wp-caption alignnone\"><img loading=\"lazy\" class=\"wp-image-1467 size-full\" src=\"https:\/\/blogg.atl.nu\/abbotnas-sateri\/wp-content\/uploads\/sites\/41\/2020\/05\/IMG_4470.jpg\" alt=\"\" width=\"2016\" height=\"1512\" srcset=\"https:\/\/blogg.atl.nu\/abbotnas-sateri\/wp-content\/uploads\/sites\/41\/2020\/05\/IMG_4470.jpg 2016w, https:\/\/blogg.atl.nu\/abbotnas-sateri\/wp-content\/uploads\/sites\/41\/2020\/05\/IMG_4470-300x225.jpg 300w, https:\/\/blogg.atl.nu\/abbotnas-sateri\/wp-content\/uploads\/sites\/41\/2020\/05\/IMG_4470-768x576.jpg 768w, https:\/\/blogg.atl.nu\/abbotnas-sateri\/wp-content\/uploads\/sites\/41\/2020\/05\/IMG_4470-1024x768.jpg 1024w\" sizes=\"(max-width: 2016px) 100vw, 2016px\" \/><figcaption id=\"caption-attachment-1467\" class=\"wp-caption-text\">Mer mat \u00e5t vetet. Fin raps i bakgrunden, undrar vems den \u00e4r.<\/figcaption><\/figure>\n<p><strong>Jag kan hur<\/strong> som helst konstatera p\u00e5 de tre f\u00e4lt jag k\u00f6rde idag, att det finns b\u00e5de j\u00e4mna och oj\u00e4mna best\u00e5nd. Kan \u00e4ven konstatera att det \u00e4r stor skillnad p\u00e5 markleverensen av kv\u00e4ve, det syns p\u00e5 nollrutorna.<\/p>\n<p>&nbsp;<\/p>\n<figure id=\"attachment_1471\" aria-describedby=\"caption-attachment-1471\" style=\"width: 2016px\" class=\"wp-caption alignnone\"><img loading=\"lazy\" class=\"wp-image-1471 size-full\" src=\"https:\/\/blogg.atl.nu\/abbotnas-sateri\/wp-content\/uploads\/sites\/41\/2020\/05\/IMG_4507.jpg\" alt=\"\" width=\"2016\" height=\"1512\" srcset=\"https:\/\/blogg.atl.nu\/abbotnas-sateri\/wp-content\/uploads\/sites\/41\/2020\/05\/IMG_4507.jpg 2016w, https:\/\/blogg.atl.nu\/abbotnas-sateri\/wp-content\/uploads\/sites\/41\/2020\/05\/IMG_4507-300x225.jpg 300w, https:\/\/blogg.atl.nu\/abbotnas-sateri\/wp-content\/uploads\/sites\/41\/2020\/05\/IMG_4507-768x576.jpg 768w, https:\/\/blogg.atl.nu\/abbotnas-sateri\/wp-content\/uploads\/sites\/41\/2020\/05\/IMG_4507-1024x768.jpg 1024w\" sizes=\"(max-width: 2016px) 100vw, 2016px\" \/><figcaption id=\"caption-attachment-1471\" class=\"wp-caption-text\">Stor variation p\u00e5 f\u00e4lten vad g\u00e4ller kv\u00e4veupptag i gr\u00f6nmassan.<\/figcaption><\/figure>\n<figure id=\"attachment_1473\" aria-describedby=\"caption-attachment-1473\" style=\"width: 2016px\" class=\"wp-caption alignnone\"><img loading=\"lazy\" class=\"wp-image-1473 size-full\" src=\"https:\/\/blogg.atl.nu\/abbotnas-sateri\/wp-content\/uploads\/sites\/41\/2020\/05\/IMG_4514.jpg\" alt=\"\" width=\"2016\" height=\"1512\" srcset=\"https:\/\/blogg.atl.nu\/abbotnas-sateri\/wp-content\/uploads\/sites\/41\/2020\/05\/IMG_4514.jpg 2016w, https:\/\/blogg.atl.nu\/abbotnas-sateri\/wp-content\/uploads\/sites\/41\/2020\/05\/IMG_4514-300x225.jpg 300w, https:\/\/blogg.atl.nu\/abbotnas-sateri\/wp-content\/uploads\/sites\/41\/2020\/05\/IMG_4514-768x576.jpg 768w, https:\/\/blogg.atl.nu\/abbotnas-sateri\/wp-content\/uploads\/sites\/41\/2020\/05\/IMG_4514-1024x768.jpg 1024w\" sizes=\"(max-width: 2016px) 100vw, 2016px\" \/><figcaption id=\"caption-attachment-1473\" class=\"wp-caption-text\">Det h\u00e4r f\u00e4ltet var j\u00e4mnare i kv\u00e4veupptag. Med undantag f\u00f6r mulljorden, d\u00e4r vi inte g\u00f6dslat tidigare i \u00e5r.<\/figcaption><\/figure>\n<figure id=\"attachment_1469\" aria-describedby=\"caption-attachment-1469\" style=\"width: 2016px\" class=\"wp-caption alignnone\"><img loading=\"lazy\" class=\"wp-image-1469 size-full\" src=\"https:\/\/blogg.atl.nu\/abbotnas-sateri\/wp-content\/uploads\/sites\/41\/2020\/05\/IMG_4476.jpg\" alt=\"\" width=\"2016\" height=\"1512\" srcset=\"https:\/\/blogg.atl.nu\/abbotnas-sateri\/wp-content\/uploads\/sites\/41\/2020\/05\/IMG_4476.jpg 2016w, https:\/\/blogg.atl.nu\/abbotnas-sateri\/wp-content\/uploads\/sites\/41\/2020\/05\/IMG_4476-300x225.jpg 300w, https:\/\/blogg.atl.nu\/abbotnas-sateri\/wp-content\/uploads\/sites\/41\/2020\/05\/IMG_4476-768x576.jpg 768w, https:\/\/blogg.atl.nu\/abbotnas-sateri\/wp-content\/uploads\/sites\/41\/2020\/05\/IMG_4476-1024x768.jpg 1024w\" sizes=\"(max-width: 2016px) 100vw, 2016px\" \/><figcaption id=\"caption-attachment-1469\" class=\"wp-caption-text\">Bild p\u00e5 de oj\u00e4mnare f\u00e4ltet<\/figcaption><\/figure>\n<figure id=\"attachment_1472\" aria-describedby=\"caption-attachment-1472\" style=\"width: 2016px\" class=\"wp-caption alignnone\"><img loading=\"lazy\" class=\"wp-image-1472 size-full\" src=\"https:\/\/blogg.atl.nu\/abbotnas-sateri\/wp-content\/uploads\/sites\/41\/2020\/05\/IMG_4513.jpg\" alt=\"\" width=\"2016\" height=\"1512\" srcset=\"https:\/\/blogg.atl.nu\/abbotnas-sateri\/wp-content\/uploads\/sites\/41\/2020\/05\/IMG_4513.jpg 2016w, https:\/\/blogg.atl.nu\/abbotnas-sateri\/wp-content\/uploads\/sites\/41\/2020\/05\/IMG_4513-300x225.jpg 300w, https:\/\/blogg.atl.nu\/abbotnas-sateri\/wp-content\/uploads\/sites\/41\/2020\/05\/IMG_4513-768x576.jpg 768w, https:\/\/blogg.atl.nu\/abbotnas-sateri\/wp-content\/uploads\/sites\/41\/2020\/05\/IMG_4513-1024x768.jpg 1024w\" sizes=\"(max-width: 2016px) 100vw, 2016px\" \/><figcaption id=\"caption-attachment-1472\" class=\"wp-caption-text\">Bild p\u00e5 de j\u00e4mnare f\u00e4ltet<\/figcaption><\/figure>\n<figure id=\"attachment_1468\" aria-describedby=\"caption-attachment-1468\" style=\"width: 2016px\" class=\"wp-caption alignnone\"><img loading=\"lazy\" class=\"wp-image-1468 size-full\" src=\"https:\/\/blogg.atl.nu\/abbotnas-sateri\/wp-content\/uploads\/sites\/41\/2020\/05\/IMG_4474.jpg\" alt=\"\" width=\"2016\" height=\"1512\" srcset=\"https:\/\/blogg.atl.nu\/abbotnas-sateri\/wp-content\/uploads\/sites\/41\/2020\/05\/IMG_4474.jpg 2016w, https:\/\/blogg.atl.nu\/abbotnas-sateri\/wp-content\/uploads\/sites\/41\/2020\/05\/IMG_4474-300x225.jpg 300w, https:\/\/blogg.atl.nu\/abbotnas-sateri\/wp-content\/uploads\/sites\/41\/2020\/05\/IMG_4474-768x576.jpg 768w, https:\/\/blogg.atl.nu\/abbotnas-sateri\/wp-content\/uploads\/sites\/41\/2020\/05\/IMG_4474-1024x768.jpg 1024w\" sizes=\"(max-width: 2016px) 100vw, 2016px\" \/><figcaption id=\"caption-attachment-1468\" class=\"wp-caption-text\">Nollruta i Julius. Kv\u00e4veupptag i gr\u00f6nmassan48 kg N\/ha<\/figcaption><\/figure>\n<figure id=\"attachment_1457\" aria-describedby=\"caption-attachment-1457\" style=\"width: 2016px\" class=\"wp-caption alignnone\"><img loading=\"lazy\" class=\"wp-image-1457 size-full\" src=\"https:\/\/blogg.atl.nu\/abbotnas-sateri\/wp-content\/uploads\/sites\/41\/2020\/05\/IMG_4519.jpg\" alt=\"\" width=\"2016\" height=\"1512\" srcset=\"https:\/\/blogg.atl.nu\/abbotnas-sateri\/wp-content\/uploads\/sites\/41\/2020\/05\/IMG_4519.jpg 2016w, https:\/\/blogg.atl.nu\/abbotnas-sateri\/wp-content\/uploads\/sites\/41\/2020\/05\/IMG_4519-300x225.jpg 300w, https:\/\/blogg.atl.nu\/abbotnas-sateri\/wp-content\/uploads\/sites\/41\/2020\/05\/IMG_4519-768x576.jpg 768w, https:\/\/blogg.atl.nu\/abbotnas-sateri\/wp-content\/uploads\/sites\/41\/2020\/05\/IMG_4519-1024x768.jpg 1024w\" sizes=\"(max-width: 2016px) 100vw, 2016px\" \/><figcaption id=\"caption-attachment-1457\" class=\"wp-caption-text\">Nollruta i Julius. Kv\u00e4veupptag i gr\u00f6nmassa 4 kg N\/ha<\/figcaption><\/figure>\n<p><strong>N\u00e5got som \u00e4r<\/strong> kul \u00e4r att Norinet som vi k\u00f6rde p\u00e5 f\u00f6rra vecka redan har b\u00f6rjat j\u00e4mna ut sig. Jag tror faktiskt att vi har kalksalpetern ihop med N-sensorn att tacka f\u00f6r det.<\/p>\n<figure id=\"attachment_1301\" aria-describedby=\"caption-attachment-1301\" style=\"width: 4032px\" class=\"wp-caption alignnone\"><img loading=\"lazy\" class=\"wp-image-1301 size-full\" src=\"https:\/\/blogg.atl.nu\/abbotnas-sateri\/wp-content\/uploads\/sites\/41\/2020\/05\/IMG_3724.jpg\" alt=\"\" width=\"4032\" height=\"3024\" \/><figcaption id=\"caption-attachment-1301\" class=\"wp-caption-text\">Norin 16 maj<\/figcaption><\/figure>\n<h3><\/h3>\n<figure id=\"attachment_1463\" aria-describedby=\"caption-attachment-1463\" style=\"width: 2016px\" class=\"wp-caption alignnone\"><img loading=\"lazy\" class=\"wp-image-1463 size-full\" src=\"https:\/\/blogg.atl.nu\/abbotnas-sateri\/wp-content\/uploads\/sites\/41\/2020\/05\/IMG_4459.jpg\" alt=\"\" width=\"2016\" height=\"1512\" srcset=\"https:\/\/blogg.atl.nu\/abbotnas-sateri\/wp-content\/uploads\/sites\/41\/2020\/05\/IMG_4459.jpg 2016w, https:\/\/blogg.atl.nu\/abbotnas-sateri\/wp-content\/uploads\/sites\/41\/2020\/05\/IMG_4459-300x225.jpg 300w, https:\/\/blogg.atl.nu\/abbotnas-sateri\/wp-content\/uploads\/sites\/41\/2020\/05\/IMG_4459-768x576.jpg 768w, https:\/\/blogg.atl.nu\/abbotnas-sateri\/wp-content\/uploads\/sites\/41\/2020\/05\/IMG_4459-1024x768.jpg 1024w\" sizes=\"(max-width: 2016px) 100vw, 2016px\" \/><figcaption id=\"caption-attachment-1463\" class=\"wp-caption-text\">Samma str\u00e4cka idag.<\/figcaption><\/figure>\n<h3>Kv\u00e4vef\u00f6rlust?<\/h3>\n<p>Den 10 april var det ju inte mycket regn i sikte och inte heller hade det vr\u00e4kt ner regn. D\u00e4rf\u00f6r gjorde jag ju ett litet vattenf\u00f6rs\u00f6k. Jag vattnade d\u00e5 en kvadrat med 75 mm vatten och en kvadrat med 20 mm vatten. Senare den 25 april s\u00e5 gjorde jag ytterligare en ruta med 10 mm vatten i, d\u00e5 syntes de andra tv\u00e5 tydligt. Fram tills alldeles nyligen s\u00e5 s\u00e5g den rutan som f\u00e5tt mest vatten b\u00e4st ut. Nu \u00e4r det inte s\u00e5 l\u00e4ngre, nu har den backat och best\u00e5ndet runtomkring som inte f\u00e5tt n\u00e5got extra vatten ser nu b\u00e4ttre ut. B\u00e5de vad g\u00e4ller f\u00e4rg och bladmassa. De andra tv\u00e5 rutorna ser fortfarande lite b\u00e4ttre ut \u00e4n \u00f6vriga best\u00e5ndet. Min teori \u00e4r att i den rutan som fick mest vatten s\u00e5 har en kv\u00e4vef\u00f6rlust skett. Om den har skett upp\u00e5t eller ner\u00e5t v\u00e5gar jag inte s\u00e4ga. Men det syns i alla fall tydligt.<\/p>\n<figure id=\"attachment_1458\" aria-describedby=\"caption-attachment-1458\" style=\"width: 2016px\" class=\"wp-caption alignnone\"><img loading=\"lazy\" class=\"wp-image-1458 size-full\" src=\"https:\/\/blogg.atl.nu\/abbotnas-sateri\/wp-content\/uploads\/sites\/41\/2020\/05\/IMG_4438.jpg\" alt=\"\" width=\"2016\" height=\"1512\" srcset=\"https:\/\/blogg.atl.nu\/abbotnas-sateri\/wp-content\/uploads\/sites\/41\/2020\/05\/IMG_4438.jpg 2016w, https:\/\/blogg.atl.nu\/abbotnas-sateri\/wp-content\/uploads\/sites\/41\/2020\/05\/IMG_4438-300x225.jpg 300w, https:\/\/blogg.atl.nu\/abbotnas-sateri\/wp-content\/uploads\/sites\/41\/2020\/05\/IMG_4438-768x576.jpg 768w, https:\/\/blogg.atl.nu\/abbotnas-sateri\/wp-content\/uploads\/sites\/41\/2020\/05\/IMG_4438-1024x768.jpg 1024w\" sizes=\"(max-width: 2016px) 100vw, 2016px\" \/><figcaption id=\"caption-attachment-1458\" class=\"wp-caption-text\">Rutan idag. Som vanligt sv\u00e5rt att se p\u00e5 bilden.<\/figcaption><\/figure>\n<p>&nbsp;<\/p>\n<p>Min slutsats av detta \u00e4r att hade vi g\u00f6dslat som vi gjort och denna regnm\u00e4ngd p\u00e5 75 mm kommit p\u00e5 kort tid. S\u00e5 hade vi haft f\u00f6rluster utav kv\u00e4ve, hur stora veta jag inte, men f\u00f6r stora i alla fall.<\/p>\n<h3>Redo f\u00f6r lyftning<\/h3>\n<p>Elen \u00e4r nu kopplad p\u00e5 transport\u00f6ren och vi \u00e4r redo f\u00f6r att lyfta imorgon.<\/p>\n<figure id=\"attachment_1461\" aria-describedby=\"caption-attachment-1461\" style=\"width: 2016px\" class=\"wp-caption alignnone\"><img loading=\"lazy\" class=\"wp-image-1461 size-full\" src=\"https:\/\/blogg.atl.nu\/abbotnas-sateri\/wp-content\/uploads\/sites\/41\/2020\/05\/IMG_4452.jpg\" alt=\"\" width=\"2016\" height=\"1512\" srcset=\"https:\/\/blogg.atl.nu\/abbotnas-sateri\/wp-content\/uploads\/sites\/41\/2020\/05\/IMG_4452.jpg 2016w, https:\/\/blogg.atl.nu\/abbotnas-sateri\/wp-content\/uploads\/sites\/41\/2020\/05\/IMG_4452-300x225.jpg 300w, https:\/\/blogg.atl.nu\/abbotnas-sateri\/wp-content\/uploads\/sites\/41\/2020\/05\/IMG_4452-768x576.jpg 768w, https:\/\/blogg.atl.nu\/abbotnas-sateri\/wp-content\/uploads\/sites\/41\/2020\/05\/IMG_4452-1024x768.jpg 1024w\" sizes=\"(max-width: 2016px) 100vw, 2016px\" \/><figcaption id=\"caption-attachment-1461\" class=\"wp-caption-text\">Elektrikern har gjort sin grej, s\u00e5 nu \u00e4r vi redo f\u00f6r lyft.<\/figcaption><\/figure>\n<h3>Folk \u00e4r bra okunniga.<\/h3>\n<p><strong>Idag n\u00e4r vi<\/strong> k\u00f6rde g\u00f6dning p\u00e5 ett f\u00e4lt, och farsan h\u00f6ll p\u00e5 med nollrutepresseningen s\u00e5 kom det ett par och parkerade framf\u00f6r lastartraktorn. Trotts att farsan stod precis i n\u00e4rheten st\u00f6vlade damen i paret rakt ut i rapsen med en stor spegel f\u00f6r att ta kort. Konstigt, farsan informerade dem om att det inte var ok att st\u00f6vla rakt ut i n\u00e5gons gr\u00f6da s\u00e5d\u00e4r utan att be om lov. Troligtvis ville dem inte g\u00f6ra fel, dem visste bara inte b\u00e4ttre. Jag tror att jag hoppas att det var s\u00e5&#8230;..<\/p>\n<figure id=\"attachment_1470\" aria-describedby=\"caption-attachment-1470\" style=\"width: 2016px\" class=\"wp-caption alignnone\"><img loading=\"lazy\" class=\"wp-image-1470 size-full\" src=\"https:\/\/blogg.atl.nu\/abbotnas-sateri\/wp-content\/uploads\/sites\/41\/2020\/05\/IMG_4494.jpg\" alt=\"\" width=\"2016\" height=\"1512\" srcset=\"https:\/\/blogg.atl.nu\/abbotnas-sateri\/wp-content\/uploads\/sites\/41\/2020\/05\/IMG_4494.jpg 2016w, https:\/\/blogg.atl.nu\/abbotnas-sateri\/wp-content\/uploads\/sites\/41\/2020\/05\/IMG_4494-300x225.jpg 300w, https:\/\/blogg.atl.nu\/abbotnas-sateri\/wp-content\/uploads\/sites\/41\/2020\/05\/IMG_4494-768x576.jpg 768w, https:\/\/blogg.atl.nu\/abbotnas-sateri\/wp-content\/uploads\/sites\/41\/2020\/05\/IMG_4494-1024x768.jpg 1024w\" sizes=\"(max-width: 2016px) 100vw, 2016px\" \/><figcaption id=\"caption-attachment-1470\" class=\"wp-caption-text\">Det h\u00e4r \u00e4r inget konstigt folk, bara farsan som samla in flaggorna till provrutorna innan de f\u00f6rsvinner i rapsen.<\/figcaption><\/figure>\n<h3>Idag\/ig\u00e5r var ocks\u00e5 en speciell dag f\u00f6r mig och min frun. Vi har nu varit gifta i tv\u00e5 \u00e5r, grattis till oss.<\/h3>\n<figure id=\"attachment_1474\" aria-describedby=\"caption-attachment-1474\" style=\"width: 1024px\" class=\"wp-caption alignnone\"><img loading=\"lazy\" class=\"wp-image-1474 size-large\" src=\"https:\/\/blogg.atl.nu\/abbotnas-sateri\/wp-content\/uploads\/sites\/41\/2020\/05\/IMG_3174-1-1024x683.jpg\" alt=\"\" width=\"1024\" height=\"683\" srcset=\"https:\/\/blogg.atl.nu\/abbotnas-sateri\/wp-content\/uploads\/sites\/41\/2020\/05\/IMG_3174-1-1024x683.jpg 1024w, https:\/\/blogg.atl.nu\/abbotnas-sateri\/wp-content\/uploads\/sites\/41\/2020\/05\/IMG_3174-1-300x200.jpg 300w, https:\/\/blogg.atl.nu\/abbotnas-sateri\/wp-content\/uploads\/sites\/41\/2020\/05\/IMG_3174-1-768x512.jpg 768w, https:\/\/blogg.atl.nu\/abbotnas-sateri\/wp-content\/uploads\/sites\/41\/2020\/05\/IMG_3174-1.jpg 2048w\" sizes=\"(max-width: 1024px) 100vw, 1024px\" \/><figcaption id=\"caption-attachment-1474\" class=\"wp-caption-text\">Rapsen var blekare det \u00e5ret vi gifte oss.<\/figcaption><\/figure>\n","protected":false},"excerpt":{"rendered":"<p>Vi kan ju inte bara bygga en silo, vi m\u00e5ste ju fylla den med n\u00e5got ocks\u00e5. D\u00e4rf\u00f6r s\u00e5 smygstartade vi idag kompletteringsg\u00f6dslingen \u00e4ven av Julius-vetet. Juliusf\u00e4lten ser v\u00e4ldigt bra ut b\u00e5de fr\u00e5n v\u00e4gen och p\u00e5 riktigt. S\u00e5 vi g\u00f6r samma sak h\u00e4r som p\u00e5 Norinet vi anv\u00e4nder N-sensorn f\u00f6r att j\u00e4mna ut best\u00e5ndet och \u00e4ven&#8230;<\/p>\n","protected":false},"author":361,"featured_media":1464,"comment_status":"open","ping_status":"open","sticky":false,"template":"","format":"standard","meta":[],"categories":[19,9],"tags":[12,4,27,31,35,18],"yoast_head":"<!-- This site is optimized with the Yoast SEO plugin v19.6 - https:\/\/yoast.com\/wordpress\/plugins\/seo\/ -->\n<title>Smygstart och kv\u00e4vef\u00f6rlust. - Abbotn\u00e4s s\u00e4teri<\/title>\n<meta name=\"robots\" content=\"index, follow, max-snippet:-1, max-image-preview:large, max-video-preview:-1\" \/>\n<link rel=\"canonical\" href=\"https:\/\/blogg.atl.nu\/abbotnas-sateri\/2020\/05\/27\/smygstart-och-kvaveforlust\/\" \/>\n<meta property=\"og:locale\" content=\"sv_SE\" \/>\n<meta property=\"og:type\" content=\"article\" \/>\n<meta property=\"og:title\" content=\"Smygstart och kv\u00e4vef\u00f6rlust. - Abbotn\u00e4s s\u00e4teri\" \/>\n<meta property=\"og:description\" content=\"Vi kan ju inte bara bygga en silo, vi m\u00e5ste ju fylla den med n\u00e5got ocks\u00e5. D\u00e4rf\u00f6r s\u00e5 smygstartade vi idag kompletteringsg\u00f6dslingen \u00e4ven av Julius-vetet. Juliusf\u00e4lten ser v\u00e4ldigt bra ut b\u00e5de fr\u00e5n v\u00e4gen och p\u00e5 riktigt. S\u00e5 vi g\u00f6r samma sak h\u00e4r som p\u00e5 Norinet vi anv\u00e4nder N-sensorn f\u00f6r att j\u00e4mna ut best\u00e5ndet och \u00e4ven...\" \/>\n<meta property=\"og:url\" content=\"https:\/\/blogg.atl.nu\/abbotnas-sateri\/2020\/05\/27\/smygstart-och-kvaveforlust\/\" \/>\n<meta property=\"og:site_name\" content=\"Abbotn\u00e4s s\u00e4teri\" \/>\n<meta property=\"article:author\" content=\"facebook.com\/mattiaswlarsson\" \/>\n<meta property=\"article:published_time\" content=\"2020-05-26T22:40:08+00:00\" \/>\n<meta property=\"article:modified_time\" content=\"2020-05-26T22:48:05+00:00\" \/>\n<meta property=\"og:image\" content=\"https:\/\/blogg.atl.nu\/abbotnas-sateri\/wp-content\/uploads\/sites\/41\/2020\/05\/IMG_4463.jpg\" \/>\n\t<meta property=\"og:image:width\" content=\"2016\" \/>\n\t<meta property=\"og:image:height\" content=\"1512\" \/>\n\t<meta property=\"og:image:type\" content=\"image\/jpeg\" \/>\n<meta name=\"author\" content=\"Mattias Larsson\" \/>\n<meta name=\"twitter:card\" content=\"summary_large_image\" \/>\n<meta name=\"twitter:label1\" content=\"Skriven av\" \/>\n\t<meta name=\"twitter:data1\" content=\"Mattias Larsson\" \/>\n\t<meta name=\"twitter:label2\" content=\"Ber\u00e4knad l\u00e4stid\" \/>\n\t<meta name=\"twitter:data2\" content=\"4 minuter\" \/>\n<script type=\"application\/ld+json\" class=\"yoast-schema-graph\">{\"@context\":\"https:\/\/schema.org\",\"@graph\":[{\"@type\":\"WebPage\",\"@id\":\"https:\/\/blogg.atl.nu\/abbotnas-sateri\/2020\/05\/27\/smygstart-och-kvaveforlust\/\",\"url\":\"https:\/\/blogg.atl.nu\/abbotnas-sateri\/2020\/05\/27\/smygstart-och-kvaveforlust\/\",\"name\":\"Smygstart och kv\u00e4vef\u00f6rlust. - Abbotn\u00e4s s\u00e4teri\",\"isPartOf\":{\"@id\":\"https:\/\/blogg.atl.nu\/abbotnas-sateri\/#website\"},\"datePublished\":\"2020-05-26T22:40:08+00:00\",\"dateModified\":\"2020-05-26T22:48:05+00:00\",\"author\":{\"@id\":\"https:\/\/blogg.atl.nu\/abbotnas-sateri\/#\/schema\/person\/3b681683e8c9711235140b74c4aad714\"},\"breadcrumb\":{\"@id\":\"https:\/\/blogg.atl.nu\/abbotnas-sateri\/2020\/05\/27\/smygstart-och-kvaveforlust\/#breadcrumb\"},\"inLanguage\":\"sv-SE\",\"potentialAction\":[{\"@type\":\"ReadAction\",\"target\":[\"https:\/\/blogg.atl.nu\/abbotnas-sateri\/2020\/05\/27\/smygstart-och-kvaveforlust\/\"]}]},{\"@type\":\"BreadcrumbList\",\"@id\":\"https:\/\/blogg.atl.nu\/abbotnas-sateri\/2020\/05\/27\/smygstart-och-kvaveforlust\/#breadcrumb\",\"itemListElement\":[{\"@type\":\"ListItem\",\"position\":1,\"name\":\"Home\",\"item\":\"https:\/\/blogg.atl.nu\/abbotnas-sateri\/\"},{\"@type\":\"ListItem\",\"position\":2,\"name\":\"Smygstart och kv\u00e4vef\u00f6rlust.\"}]},{\"@type\":\"WebSite\",\"@id\":\"https:\/\/blogg.atl.nu\/abbotnas-sateri\/#website\",\"url\":\"https:\/\/blogg.atl.nu\/abbotnas-sateri\/\",\"name\":\"Abbotn\u00e4s s\u00e4teri\",\"description\":\"Mattias Larsson\",\"potentialAction\":[{\"@type\":\"SearchAction\",\"target\":{\"@type\":\"EntryPoint\",\"urlTemplate\":\"https:\/\/blogg.atl.nu\/abbotnas-sateri\/?s={search_term_string}\"},\"query-input\":\"required name=search_term_string\"}],\"inLanguage\":\"sv-SE\"},{\"@type\":\"Person\",\"@id\":\"https:\/\/blogg.atl.nu\/abbotnas-sateri\/#\/schema\/person\/3b681683e8c9711235140b74c4aad714\",\"name\":\"Mattias Larsson\",\"image\":{\"@type\":\"ImageObject\",\"inLanguage\":\"sv-SE\",\"@id\":\"https:\/\/blogg.atl.nu\/abbotnas-sateri\/#\/schema\/person\/image\/\",\"url\":\"https:\/\/secure.gravatar.com\/avatar\/ab52d1a4abaa2f256164ccb2caf8dcfb?s=96&d=mm&r=g\",\"contentUrl\":\"https:\/\/secure.gravatar.com\/avatar\/ab52d1a4abaa2f256164ccb2caf8dcfb?s=96&d=mm&r=g\",\"caption\":\"Mattias Larsson\"},\"sameAs\":[\"http:\/\/abbotnas.se\",\"facebook.com\/mattiaswlarsson\"],\"url\":\"https:\/\/blogg.atl.nu\/abbotnas-sateri\/author\/mlarsson\/\"}]}<\/script>\n<!-- \/ Yoast SEO plugin. -->","yoast_head_json":{"title":"Smygstart och kv\u00e4vef\u00f6rlust. - Abbotn\u00e4s s\u00e4teri","robots":{"index":"index","follow":"follow","max-snippet":"max-snippet:-1","max-image-preview":"max-image-preview:large","max-video-preview":"max-video-preview:-1"},"canonical":"https:\/\/blogg.atl.nu\/abbotnas-sateri\/2020\/05\/27\/smygstart-och-kvaveforlust\/","og_locale":"sv_SE","og_type":"article","og_title":"Smygstart och kv\u00e4vef\u00f6rlust. - Abbotn\u00e4s s\u00e4teri","og_description":"Vi kan ju inte bara bygga en silo, vi m\u00e5ste ju fylla den med n\u00e5got ocks\u00e5. D\u00e4rf\u00f6r s\u00e5 smygstartade vi idag kompletteringsg\u00f6dslingen \u00e4ven av Julius-vetet. Juliusf\u00e4lten ser v\u00e4ldigt bra ut b\u00e5de fr\u00e5n v\u00e4gen och p\u00e5 riktigt. S\u00e5 vi g\u00f6r samma sak h\u00e4r som p\u00e5 Norinet vi anv\u00e4nder N-sensorn f\u00f6r att j\u00e4mna ut best\u00e5ndet och \u00e4ven...","og_url":"https:\/\/blogg.atl.nu\/abbotnas-sateri\/2020\/05\/27\/smygstart-och-kvaveforlust\/","og_site_name":"Abbotn\u00e4s s\u00e4teri","article_author":"facebook.com\/mattiaswlarsson","article_published_time":"2020-05-26T22:40:08+00:00","article_modified_time":"2020-05-26T22:48:05+00:00","og_image":[{"width":2016,"height":1512,"url":"https:\/\/blogg.atl.nu\/abbotnas-sateri\/wp-content\/uploads\/sites\/41\/2020\/05\/IMG_4463.jpg","type":"image\/jpeg"}],"author":"Mattias Larsson","twitter_card":"summary_large_image","twitter_misc":{"Skriven av":"Mattias Larsson","Ber\u00e4knad l\u00e4stid":"4 minuter"},"schema":{"@context":"https:\/\/schema.org","@graph":[{"@type":"WebPage","@id":"https:\/\/blogg.atl.nu\/abbotnas-sateri\/2020\/05\/27\/smygstart-och-kvaveforlust\/","url":"https:\/\/blogg.atl.nu\/abbotnas-sateri\/2020\/05\/27\/smygstart-och-kvaveforlust\/","name":"Smygstart och kv\u00e4vef\u00f6rlust. - Abbotn\u00e4s s\u00e4teri","isPartOf":{"@id":"https:\/\/blogg.atl.nu\/abbotnas-sateri\/#website"},"datePublished":"2020-05-26T22:40:08+00:00","dateModified":"2020-05-26T22:48:05+00:00","author":{"@id":"https:\/\/blogg.atl.nu\/abbotnas-sateri\/#\/schema\/person\/3b681683e8c9711235140b74c4aad714"},"breadcrumb":{"@id":"https:\/\/blogg.atl.nu\/abbotnas-sateri\/2020\/05\/27\/smygstart-och-kvaveforlust\/#breadcrumb"},"inLanguage":"sv-SE","potentialAction":[{"@type":"ReadAction","target":["https:\/\/blogg.atl.nu\/abbotnas-sateri\/2020\/05\/27\/smygstart-och-kvaveforlust\/"]}]},{"@type":"BreadcrumbList","@id":"https:\/\/blogg.atl.nu\/abbotnas-sateri\/2020\/05\/27\/smygstart-och-kvaveforlust\/#breadcrumb","itemListElement":[{"@type":"ListItem","position":1,"name":"Home","item":"https:\/\/blogg.atl.nu\/abbotnas-sateri\/"},{"@type":"ListItem","position":2,"name":"Smygstart och kv\u00e4vef\u00f6rlust."}]},{"@type":"WebSite","@id":"https:\/\/blogg.atl.nu\/abbotnas-sateri\/#website","url":"https:\/\/blogg.atl.nu\/abbotnas-sateri\/","name":"Abbotn\u00e4s s\u00e4teri","description":"Mattias Larsson","potentialAction":[{"@type":"SearchAction","target":{"@type":"EntryPoint","urlTemplate":"https:\/\/blogg.atl.nu\/abbotnas-sateri\/?s={search_term_string}"},"query-input":"required name=search_term_string"}],"inLanguage":"sv-SE"},{"@type":"Person","@id":"https:\/\/blogg.atl.nu\/abbotnas-sateri\/#\/schema\/person\/3b681683e8c9711235140b74c4aad714","name":"Mattias Larsson","image":{"@type":"ImageObject","inLanguage":"sv-SE","@id":"https:\/\/blogg.atl.nu\/abbotnas-sateri\/#\/schema\/person\/image\/","url":"https:\/\/secure.gravatar.com\/avatar\/ab52d1a4abaa2f256164ccb2caf8dcfb?s=96&d=mm&r=g","contentUrl":"https:\/\/secure.gravatar.com\/avatar\/ab52d1a4abaa2f256164ccb2caf8dcfb?s=96&d=mm&r=g","caption":"Mattias Larsson"},"sameAs":["http:\/\/abbotnas.se","facebook.com\/mattiaswlarsson"],"url":"https:\/\/blogg.atl.nu\/abbotnas-sateri\/author\/mlarsson\/"}]}},"_links":{"self":[{"href":"https:\/\/blogg.atl.nu\/abbotnas-sateri\/wp-json\/wp\/v2\/posts\/1456"}],"collection":[{"href":"https:\/\/blogg.atl.nu\/abbotnas-sateri\/wp-json\/wp\/v2\/posts"}],"about":[{"href":"https:\/\/blogg.atl.nu\/abbotnas-sateri\/wp-json\/wp\/v2\/types\/post"}],"author":[{"embeddable":true,"href":"https:\/\/blogg.atl.nu\/abbotnas-sateri\/wp-json\/wp\/v2\/users\/361"}],"replies":[{"embeddable":true,"href":"https:\/\/blogg.atl.nu\/abbotnas-sateri\/wp-json\/wp\/v2\/comments?post=1456"}],"version-history":[{"count":5,"href":"https:\/\/blogg.atl.nu\/abbotnas-sateri\/wp-json\/wp\/v2\/posts\/1456\/revisions"}],"predecessor-version":[{"id":1479,"href":"https:\/\/blogg.atl.nu\/abbotnas-sateri\/wp-json\/wp\/v2\/posts\/1456\/revisions\/1479"}],"wp:featuredmedia":[{"embeddable":true,"href":"https:\/\/blogg.atl.nu\/abbotnas-sateri\/wp-json\/wp\/v2\/media\/1464"}],"wp:attachment":[{"href":"https:\/\/blogg.atl.nu\/abbotnas-sateri\/wp-json\/wp\/v2\/media?parent=1456"}],"wp:term":[{"taxonomy":"category","embeddable":true,"href":"https:\/\/blogg.atl.nu\/abbotnas-sateri\/wp-json\/wp\/v2\/categories?post=1456"},{"taxonomy":"post_tag","embeddable":true,"href":"https:\/\/blogg.atl.nu\/abbotnas-sateri\/wp-json\/wp\/v2\/tags?post=1456"}],"curies":[{"name":"wp","href":"https:\/\/api.w.org\/{rel}","templated":true}]}}