{"id":1480,"date":"2020-05-27T23:15:48","date_gmt":"2020-05-27T21:15:48","guid":{"rendered":"https:\/\/blogg.atl.nu\/abbotnas-sateri\/?p=1480"},"modified":"2020-05-28T06:18:20","modified_gmt":"2020-05-28T04:18:20","slug":"silomontering-dag-11-nu-ar-det-fardigt","status":"publish","type":"post","link":"https:\/\/blogg.atl.nu\/abbotnas-sateri\/2020\/05\/27\/silomontering-dag-11-nu-ar-det-fardigt\/","title":{"rendered":"Silomontering dag 11 &#8211; transport\u00f6rlyft + f\u00e4rdigt kapitel"},"content":{"rendered":"<p><strong>Idag kom topptransport\u00f6ren p\u00e5 plats. Det g\u00f6r att silomonteringskapitlet \u00e4ntligen \u00e4r klart.\u00a0<\/strong><\/p>\n<p><strong>\u00c4ven om det<\/strong> har varit v\u00e4ldigt roligt, intressant och utbildande att montera silo s\u00e5 \u00e4r det nu sk\u00f6nt att det \u00e4r klart. Helt klart \u00e4r det inte om man ska vara noggrann (vilket jag gillar att f\u00f6rs\u00f6ka vara), men nu kvarst\u00e5r massa sm\u00e5fix runtomkring som ska g\u00f6ras.<\/p>\n<h3><strong>Topptransport\u00f6rlyftet<\/strong><\/h3>\n<p><strong>Betinget f\u00f6r dagen<\/strong> var att lyfta upp transport\u00f6ren som ska fylla silon till sin r\u00e4tta plats och s\u00e4tta tillbaka de pl\u00e5tar vi tagit bort. F\u00f6r att lyfta den 1600 kg tunga transport\u00f6ren, s\u00e5 tog vi hj\u00e4lp av en mobilkran. Den stora fr\u00e5gan var nu om v\u00e5ra ber\u00e4kningar skulle st\u00e4mma och transport\u00f6ren skulle passa direkt. Det gjorde den \u00e4ven om det var lite pill med att tr\u00e4 in den och f\u00e5 den perfekt.<\/p>\n<figure id=\"attachment_1502\" aria-describedby=\"caption-attachment-1502\" style=\"width: 2016px\" class=\"wp-caption alignnone\"><img loading=\"lazy\" class=\"wp-image-1502 size-full\" src=\"https:\/\/blogg.atl.nu\/abbotnas-sateri\/wp-content\/uploads\/sites\/41\/2020\/05\/IMG_3058-1.jpg\" alt=\"\" width=\"2016\" height=\"1512\" srcset=\"https:\/\/blogg.atl.nu\/abbotnas-sateri\/wp-content\/uploads\/sites\/41\/2020\/05\/IMG_3058-1.jpg 2016w, https:\/\/blogg.atl.nu\/abbotnas-sateri\/wp-content\/uploads\/sites\/41\/2020\/05\/IMG_3058-1-300x225.jpg 300w, https:\/\/blogg.atl.nu\/abbotnas-sateri\/wp-content\/uploads\/sites\/41\/2020\/05\/IMG_3058-1-768x576.jpg 768w, https:\/\/blogg.atl.nu\/abbotnas-sateri\/wp-content\/uploads\/sites\/41\/2020\/05\/IMG_3058-1-1024x768.jpg 1024w\" sizes=\"(max-width: 2016px) 100vw, 2016px\" \/><figcaption id=\"caption-attachment-1502\" class=\"wp-caption-text\">H\u00e4r provlyfts det f\u00f6r att se s\u00e5 vi f\u00e5r r\u00e4tt vinkel fr\u00e5n b\u00f6rjan.<\/figcaption><\/figure>\n<figure id=\"attachment_1497\" aria-describedby=\"caption-attachment-1497\" style=\"width: 2016px\" class=\"wp-caption alignnone\"><img loading=\"lazy\" class=\"wp-image-1497 size-full\" src=\"https:\/\/blogg.atl.nu\/abbotnas-sateri\/wp-content\/uploads\/sites\/41\/2020\/05\/IMG_3062-1.jpg\" alt=\"\" width=\"2016\" height=\"1512\" srcset=\"https:\/\/blogg.atl.nu\/abbotnas-sateri\/wp-content\/uploads\/sites\/41\/2020\/05\/IMG_3062-1.jpg 2016w, https:\/\/blogg.atl.nu\/abbotnas-sateri\/wp-content\/uploads\/sites\/41\/2020\/05\/IMG_3062-1-300x225.jpg 300w, https:\/\/blogg.atl.nu\/abbotnas-sateri\/wp-content\/uploads\/sites\/41\/2020\/05\/IMG_3062-1-768x576.jpg 768w, https:\/\/blogg.atl.nu\/abbotnas-sateri\/wp-content\/uploads\/sites\/41\/2020\/05\/IMG_3062-1-1024x768.jpg 1024w\" sizes=\"(max-width: 2016px) 100vw, 2016px\" \/><figcaption id=\"caption-attachment-1497\" class=\"wp-caption-text\">Transport\u00f6r p\u00e5 v\u00e4g<\/figcaption><\/figure>\n<p><strong>F\u00f6r att kunna<\/strong> styra den tillr\u00e4tta och dra in den i kupan, s\u00e5 kastade vi ut ett rep fr\u00e5n det nya h\u00e5let kupan. Det repet f\u00e4ste vi i den \u00e4nden p\u00e5 transport\u00f6ren som skulle in i kupan. Under sj\u00e4lva lyftet var min uppgift att st\u00e5 uppe i kupan tillsammans med farsan och sk\u00f6ta repet. Att tr\u00e4 in den h\u00e4r 23 meter l\u00e5nga transport\u00f6ren p\u00e5 r\u00e4tt st\u00e4lle var som sagt var lite pilligt. Det var mycket som skulle klaffa. Den skulle inte krocka med n\u00e5got befintligt, inne i kupan gick det redan mycket r\u00f6r, transport\u00f6rer elevatorer och massa b\u00e4rande grejor som \u00e4r viktiga f\u00f6r logens och kupans h\u00e5llbarhet. Samtidigt ska man f\u00e5 transport\u00f6rens inlopp i r\u00e4tt h\u00f6jd, s\u00e5 man kan f\u00e5 r\u00e4tt fall och det inte bromsar n\u00e5gonstans. Det var visst lite viktigt med att den passade d\u00e4r ute p\u00e5 silon med. Efter bra samarbete s\u00e5 l\u00e5g transport\u00f6ren d\u00e4r den skulle vid lunch.<\/p>\n<figure id=\"attachment_1492\" aria-describedby=\"caption-attachment-1492\" style=\"width: 2016px\" class=\"wp-caption alignnone\"><img loading=\"lazy\" class=\"wp-image-1492 size-full\" src=\"https:\/\/blogg.atl.nu\/abbotnas-sateri\/wp-content\/uploads\/sites\/41\/2020\/05\/IMG_4629.jpg\" alt=\"\" width=\"2016\" height=\"1512\" srcset=\"https:\/\/blogg.atl.nu\/abbotnas-sateri\/wp-content\/uploads\/sites\/41\/2020\/05\/IMG_4629.jpg 2016w, https:\/\/blogg.atl.nu\/abbotnas-sateri\/wp-content\/uploads\/sites\/41\/2020\/05\/IMG_4629-300x225.jpg 300w, https:\/\/blogg.atl.nu\/abbotnas-sateri\/wp-content\/uploads\/sites\/41\/2020\/05\/IMG_4629-768x576.jpg 768w, https:\/\/blogg.atl.nu\/abbotnas-sateri\/wp-content\/uploads\/sites\/41\/2020\/05\/IMG_4629-1024x768.jpg 1024w\" sizes=\"(max-width: 2016px) 100vw, 2016px\" \/><figcaption id=\"caption-attachment-1492\" class=\"wp-caption-text\">H\u00e5lla i holken, d\u00e4r uppe \u00e4r dit vi ska.<\/figcaption><\/figure>\n<figure id=\"attachment_1499\" aria-describedby=\"caption-attachment-1499\" style=\"width: 2016px\" class=\"wp-caption alignnone\"><img loading=\"lazy\" class=\"wp-image-1499 size-full\" src=\"https:\/\/blogg.atl.nu\/abbotnas-sateri\/wp-content\/uploads\/sites\/41\/2020\/05\/IMG_3066.jpg\" alt=\"\" width=\"2016\" height=\"1512\" srcset=\"https:\/\/blogg.atl.nu\/abbotnas-sateri\/wp-content\/uploads\/sites\/41\/2020\/05\/IMG_3066.jpg 2016w, https:\/\/blogg.atl.nu\/abbotnas-sateri\/wp-content\/uploads\/sites\/41\/2020\/05\/IMG_3066-300x225.jpg 300w, https:\/\/blogg.atl.nu\/abbotnas-sateri\/wp-content\/uploads\/sites\/41\/2020\/05\/IMG_3066-768x576.jpg 768w, https:\/\/blogg.atl.nu\/abbotnas-sateri\/wp-content\/uploads\/sites\/41\/2020\/05\/IMG_3066-1024x768.jpg 1024w\" sizes=\"(max-width: 2016px) 100vw, 2016px\" \/><figcaption id=\"caption-attachment-1499\" class=\"wp-caption-text\">Den \u00e4r p\u00e5 v\u00e4g \u00e5t r\u00e4tt h\u00e5ll i alla fall.<\/figcaption><\/figure>\n<figure id=\"attachment_1500\" aria-describedby=\"caption-attachment-1500\" style=\"width: 2016px\" class=\"wp-caption alignnone\"><img loading=\"lazy\" class=\"wp-image-1500 size-full\" src=\"https:\/\/blogg.atl.nu\/abbotnas-sateri\/wp-content\/uploads\/sites\/41\/2020\/05\/IMG_3067.jpg\" alt=\"\" width=\"2016\" height=\"1512\" srcset=\"https:\/\/blogg.atl.nu\/abbotnas-sateri\/wp-content\/uploads\/sites\/41\/2020\/05\/IMG_3067.jpg 2016w, https:\/\/blogg.atl.nu\/abbotnas-sateri\/wp-content\/uploads\/sites\/41\/2020\/05\/IMG_3067-300x225.jpg 300w, https:\/\/blogg.atl.nu\/abbotnas-sateri\/wp-content\/uploads\/sites\/41\/2020\/05\/IMG_3067-768x576.jpg 768w, https:\/\/blogg.atl.nu\/abbotnas-sateri\/wp-content\/uploads\/sites\/41\/2020\/05\/IMG_3067-1024x768.jpg 1024w\" sizes=\"(max-width: 2016px) 100vw, 2016px\" \/><figcaption id=\"caption-attachment-1500\" class=\"wp-caption-text\">H\u00e4r n\u00e4rmar vi oss.<\/figcaption><\/figure>\n<figure id=\"attachment_1494\" aria-describedby=\"caption-attachment-1494\" style=\"width: 2016px\" class=\"wp-caption alignnone\"><img loading=\"lazy\" class=\"wp-image-1494 size-full\" src=\"https:\/\/blogg.atl.nu\/abbotnas-sateri\/wp-content\/uploads\/sites\/41\/2020\/05\/IMG_4634.jpg\" alt=\"\" width=\"2016\" height=\"1512\" srcset=\"https:\/\/blogg.atl.nu\/abbotnas-sateri\/wp-content\/uploads\/sites\/41\/2020\/05\/IMG_4634.jpg 2016w, https:\/\/blogg.atl.nu\/abbotnas-sateri\/wp-content\/uploads\/sites\/41\/2020\/05\/IMG_4634-300x225.jpg 300w, https:\/\/blogg.atl.nu\/abbotnas-sateri\/wp-content\/uploads\/sites\/41\/2020\/05\/IMG_4634-768x576.jpg 768w, https:\/\/blogg.atl.nu\/abbotnas-sateri\/wp-content\/uploads\/sites\/41\/2020\/05\/IMG_4634-1024x768.jpg 1024w\" sizes=\"(max-width: 2016px) 100vw, 2016px\" \/><figcaption id=\"caption-attachment-1494\" class=\"wp-caption-text\">S\u00e5 h\u00e4r s\u00e5g det ut inifr\u00e5n.<\/figcaption><\/figure>\n<figure id=\"attachment_1495\" aria-describedby=\"caption-attachment-1495\" style=\"width: 2016px\" class=\"wp-caption alignnone\"><img loading=\"lazy\" class=\"wp-image-1495 size-full\" src=\"https:\/\/blogg.atl.nu\/abbotnas-sateri\/wp-content\/uploads\/sites\/41\/2020\/05\/IMG_4636.jpg\" alt=\"\" width=\"2016\" height=\"1512\" srcset=\"https:\/\/blogg.atl.nu\/abbotnas-sateri\/wp-content\/uploads\/sites\/41\/2020\/05\/IMG_4636.jpg 2016w, https:\/\/blogg.atl.nu\/abbotnas-sateri\/wp-content\/uploads\/sites\/41\/2020\/05\/IMG_4636-300x225.jpg 300w, https:\/\/blogg.atl.nu\/abbotnas-sateri\/wp-content\/uploads\/sites\/41\/2020\/05\/IMG_4636-768x576.jpg 768w, https:\/\/blogg.atl.nu\/abbotnas-sateri\/wp-content\/uploads\/sites\/41\/2020\/05\/IMG_4636-1024x768.jpg 1024w\" sizes=\"(max-width: 2016px) 100vw, 2016px\" \/><figcaption id=\"caption-attachment-1495\" class=\"wp-caption-text\">H\u00e4r \u00e4r den inne och n\u00e4stan p\u00e5 r\u00e4tt plats.<\/figcaption><\/figure>\n<figure id=\"attachment_1483\" aria-describedby=\"caption-attachment-1483\" style=\"width: 2016px\" class=\"wp-caption alignnone\"><img loading=\"lazy\" class=\"wp-image-1483 size-full\" src=\"https:\/\/blogg.atl.nu\/abbotnas-sateri\/wp-content\/uploads\/sites\/41\/2020\/05\/IMG_4643.jpg\" alt=\"\" width=\"2016\" height=\"1512\" srcset=\"https:\/\/blogg.atl.nu\/abbotnas-sateri\/wp-content\/uploads\/sites\/41\/2020\/05\/IMG_4643.jpg 2016w, https:\/\/blogg.atl.nu\/abbotnas-sateri\/wp-content\/uploads\/sites\/41\/2020\/05\/IMG_4643-300x225.jpg 300w, https:\/\/blogg.atl.nu\/abbotnas-sateri\/wp-content\/uploads\/sites\/41\/2020\/05\/IMG_4643-768x576.jpg 768w, https:\/\/blogg.atl.nu\/abbotnas-sateri\/wp-content\/uploads\/sites\/41\/2020\/05\/IMG_4643-1024x768.jpg 1024w\" sizes=\"(max-width: 2016px) 100vw, 2016px\" \/><figcaption id=\"caption-attachment-1483\" class=\"wp-caption-text\">Nu \u00e4r den p\u00e5 plats. F\u00f6r att f\u00e5 mer vingelutrymme har vi plockat bort en del r\u00f6r, sk\u00f6nt med lite extra space.<\/figcaption><\/figure>\n<h3>\u00c5terst\u00e4llning och ihopkoppling<\/h3>\n<p><strong>Efter lunch var<\/strong> det dags att t\u00e4ta igen h\u00e5let i kupv\u00e4ggen, det sk\u00f6tte G\u00f6ran och Richard (teleporter kusken). Det blev ett bra resultat som f\u00f6rhoppningsvis \u00e4r regnt\u00e4tt redan nu. Det skulle vara ett plus om vi inte beh\u00f6ver ta ut pl\u00e5tslagaren f\u00f6r att t\u00e4ta.<\/p>\n<figure id=\"attachment_1496\" aria-describedby=\"caption-attachment-1496\" style=\"width: 2016px\" class=\"wp-caption alignnone\"><img loading=\"lazy\" class=\"wp-image-1496 size-full\" src=\"https:\/\/blogg.atl.nu\/abbotnas-sateri\/wp-content\/uploads\/sites\/41\/2020\/05\/IMG_4637.jpg\" alt=\"\" width=\"2016\" height=\"1512\" srcset=\"https:\/\/blogg.atl.nu\/abbotnas-sateri\/wp-content\/uploads\/sites\/41\/2020\/05\/IMG_4637.jpg 2016w, https:\/\/blogg.atl.nu\/abbotnas-sateri\/wp-content\/uploads\/sites\/41\/2020\/05\/IMG_4637-300x225.jpg 300w, https:\/\/blogg.atl.nu\/abbotnas-sateri\/wp-content\/uploads\/sites\/41\/2020\/05\/IMG_4637-768x576.jpg 768w, https:\/\/blogg.atl.nu\/abbotnas-sateri\/wp-content\/uploads\/sites\/41\/2020\/05\/IMG_4637-1024x768.jpg 1024w\" sizes=\"(max-width: 2016px) 100vw, 2016px\" \/><figcaption id=\"caption-attachment-1496\" class=\"wp-caption-text\">Ett stort h\u00e5l att t\u00e4ta blev det.<\/figcaption><\/figure>\n<figure id=\"attachment_1487\" aria-describedby=\"caption-attachment-1487\" style=\"width: 2016px\" class=\"wp-caption alignnone\"><img loading=\"lazy\" class=\"wp-image-1487 size-full\" src=\"https:\/\/blogg.atl.nu\/abbotnas-sateri\/wp-content\/uploads\/sites\/41\/2020\/05\/IMG_4668.jpg\" alt=\"\" width=\"2016\" height=\"1512\" srcset=\"https:\/\/blogg.atl.nu\/abbotnas-sateri\/wp-content\/uploads\/sites\/41\/2020\/05\/IMG_4668.jpg 2016w, https:\/\/blogg.atl.nu\/abbotnas-sateri\/wp-content\/uploads\/sites\/41\/2020\/05\/IMG_4668-300x225.jpg 300w, https:\/\/blogg.atl.nu\/abbotnas-sateri\/wp-content\/uploads\/sites\/41\/2020\/05\/IMG_4668-768x576.jpg 768w, https:\/\/blogg.atl.nu\/abbotnas-sateri\/wp-content\/uploads\/sites\/41\/2020\/05\/IMG_4668-1024x768.jpg 1024w\" sizes=\"(max-width: 2016px) 100vw, 2016px\" \/><figcaption id=\"caption-attachment-1487\" class=\"wp-caption-text\">S\u00e5 h\u00e4r s\u00e5g det ut n\u00e4r vi slutade f\u00f6r dagen. Ser v\u00e4l inte s\u00e5 dumt ut?<\/figcaption><\/figure>\n<p><strong>Min och farsans<\/strong> uppgift efter lunch var att greja uppe i kupan.\u00a0 Vi byggde st\u00f6d f\u00f6r transport\u00f6ren, ersatte det vi kapat f\u00f6r att f\u00e5 in transport\u00f6ren, byggde nytt golv bredvid transport\u00f6ren och p\u00e5b\u00f6rjade den nya r\u00f6rdragningen.<\/p>\n<figure id=\"attachment_1485\" aria-describedby=\"caption-attachment-1485\" style=\"width: 2016px\" class=\"wp-caption alignnone\"><img loading=\"lazy\" class=\"wp-image-1485 size-full\" src=\"https:\/\/blogg.atl.nu\/abbotnas-sateri\/wp-content\/uploads\/sites\/41\/2020\/05\/IMG_4655.jpg\" alt=\"\" width=\"2016\" height=\"1512\" srcset=\"https:\/\/blogg.atl.nu\/abbotnas-sateri\/wp-content\/uploads\/sites\/41\/2020\/05\/IMG_4655.jpg 2016w, https:\/\/blogg.atl.nu\/abbotnas-sateri\/wp-content\/uploads\/sites\/41\/2020\/05\/IMG_4655-300x225.jpg 300w, https:\/\/blogg.atl.nu\/abbotnas-sateri\/wp-content\/uploads\/sites\/41\/2020\/05\/IMG_4655-768x576.jpg 768w, https:\/\/blogg.atl.nu\/abbotnas-sateri\/wp-content\/uploads\/sites\/41\/2020\/05\/IMG_4655-1024x768.jpg 1024w\" sizes=\"(max-width: 2016px) 100vw, 2016px\" \/><figcaption id=\"caption-attachment-1485\" class=\"wp-caption-text\">F\u00f6r att f\u00e5 bra arbetsh\u00f6jd s\u00e5 byggde vi ett nytt gol i h\u00f6jd med den nya transport\u00f6ren.<\/figcaption><\/figure>\n<figure id=\"attachment_1488\" aria-describedby=\"caption-attachment-1488\" style=\"width: 2016px\" class=\"wp-caption alignnone\"><img loading=\"lazy\" class=\"wp-image-1488 size-full\" src=\"https:\/\/blogg.atl.nu\/abbotnas-sateri\/wp-content\/uploads\/sites\/41\/2020\/05\/IMG_4670.jpg\" alt=\"\" width=\"2016\" height=\"1512\" srcset=\"https:\/\/blogg.atl.nu\/abbotnas-sateri\/wp-content\/uploads\/sites\/41\/2020\/05\/IMG_4670.jpg 2016w, https:\/\/blogg.atl.nu\/abbotnas-sateri\/wp-content\/uploads\/sites\/41\/2020\/05\/IMG_4670-300x225.jpg 300w, https:\/\/blogg.atl.nu\/abbotnas-sateri\/wp-content\/uploads\/sites\/41\/2020\/05\/IMG_4670-768x576.jpg 768w, https:\/\/blogg.atl.nu\/abbotnas-sateri\/wp-content\/uploads\/sites\/41\/2020\/05\/IMG_4670-1024x768.jpg 1024w\" sizes=\"(max-width: 2016px) 100vw, 2016px\" \/><figcaption id=\"caption-attachment-1488\" class=\"wp-caption-text\">Nu \u00e4r det f\u00e4rdigt. H\u00e4r \u00e4r mamma Christin uppe p\u00e5 silon och inspekterar<\/figcaption><\/figure>\n<p><strong>Robert han for runt och hj\u00e4lpte till \u00f6verallt d\u00e4r st\u00f6d beh\u00f6vdes.<\/strong><\/p>\n<h3>Snart f\u00e4rdiga<\/h3>\n<p><strong>Nu \u00e4r vi<\/strong> v\u00e4ldigt n\u00e4ra att bli f\u00e4rdiga med det h\u00e4r projektet. Sj\u00e4lva silomonteringen \u00e4r ju nu som sagt var klar och vi kan p\u00e5b\u00f6rja n\u00e4sta kapitel. N\u00e4sta kapitel \u00e4r allt fix runt omkring som ska g\u00f6ras. N\u00e4sta kapitel kan man g\u00f6ra n\u00e4stan hur l\u00e5ngt som helst, men man m\u00e5ste dra en gr\u00e4ns n\u00e5gonstans. Vi f\u00e5r se vart vi drar gr\u00e4nsen den h\u00e4r g\u00e5ngen.<\/p>\n<p><strong>Det har varit<\/strong> v\u00e4ldigt roligt att jobba med silomonteringen. Inte bara f\u00f6r att man bygger n\u00e5got, utan f\u00f6r att man f\u00e5tt jobba ihop med s\u00e5 mycket bra folk. Alla som har varit inblandade har varit v\u00e4ldigt duktiga, drivna och velat \u00e5t samma h\u00e5ll. Man h\u00f6r ofta att det \u00e4r ett v\u00e4ldigt problem att f\u00e5 tag p\u00e5 bra folk n\u00e4r det g\u00e4ller arbete, det kanske \u00e4r sant men h\u00e4r myllrade g\u00e5rdsplanen med kanonfolk under denna tid. Jag gillar folk som \u00e4r duktiga p\u00e5 att jobba, det bara \u00e4r s\u00e5&#8230;<\/p>\n<p><strong>Eftersom att vi<\/strong> inte riktigt \u00e4r klara med hela siloprojektet \u00e4n, s\u00e5 f\u00e5r en slutrapport p\u00e5 detta v\u00e4nta ytterligare ett tag. Det kommer att komma en s\u00e5 sm\u00e5ningom n\u00e4r allt \u00e4r helt klart det kan jag lova.<\/p>\n<h3>\u00c4ven om det inte \u00e4r helt klart s\u00e5 k\u00f6r vi en f\u00f6re- och en n\u00e4stan efterbild.<\/h3>\n<figure id=\"attachment_1505\" aria-describedby=\"caption-attachment-1505\" style=\"width: 2016px\" class=\"wp-caption alignnone\"><img loading=\"lazy\" class=\"wp-image-1505 size-full\" src=\"https:\/\/blogg.atl.nu\/abbotnas-sateri\/wp-content\/uploads\/sites\/41\/2020\/05\/IMG_3745-2.jpg\" alt=\"\" width=\"2016\" height=\"1512\" srcset=\"https:\/\/blogg.atl.nu\/abbotnas-sateri\/wp-content\/uploads\/sites\/41\/2020\/05\/IMG_3745-2.jpg 2016w, https:\/\/blogg.atl.nu\/abbotnas-sateri\/wp-content\/uploads\/sites\/41\/2020\/05\/IMG_3745-2-300x225.jpg 300w, https:\/\/blogg.atl.nu\/abbotnas-sateri\/wp-content\/uploads\/sites\/41\/2020\/05\/IMG_3745-2-768x576.jpg 768w, https:\/\/blogg.atl.nu\/abbotnas-sateri\/wp-content\/uploads\/sites\/41\/2020\/05\/IMG_3745-2-1024x768.jpg 1024w\" sizes=\"(max-width: 2016px) 100vw, 2016px\" \/><figcaption id=\"caption-attachment-1505\" class=\"wp-caption-text\">F\u00f6re<\/figcaption><\/figure>\n<figure id=\"attachment_1503\" aria-describedby=\"caption-attachment-1503\" style=\"width: 2016px\" class=\"wp-caption alignnone\"><img loading=\"lazy\" class=\"wp-image-1503 size-full\" src=\"https:\/\/blogg.atl.nu\/abbotnas-sateri\/wp-content\/uploads\/sites\/41\/2020\/05\/IMG_4675-1.jpg\" alt=\"\" width=\"2016\" height=\"1512\" srcset=\"https:\/\/blogg.atl.nu\/abbotnas-sateri\/wp-content\/uploads\/sites\/41\/2020\/05\/IMG_4675-1.jpg 2016w, https:\/\/blogg.atl.nu\/abbotnas-sateri\/wp-content\/uploads\/sites\/41\/2020\/05\/IMG_4675-1-300x225.jpg 300w, https:\/\/blogg.atl.nu\/abbotnas-sateri\/wp-content\/uploads\/sites\/41\/2020\/05\/IMG_4675-1-768x576.jpg 768w, https:\/\/blogg.atl.nu\/abbotnas-sateri\/wp-content\/uploads\/sites\/41\/2020\/05\/IMG_4675-1-1024x768.jpg 1024w\" sizes=\"(max-width: 2016px) 100vw, 2016px\" \/><figcaption id=\"caption-attachment-1503\" class=\"wp-caption-text\">N\u00e4stan efter<\/figcaption><\/figure>\n<h3>Ingen vanligt dag..<\/h3>\n<p>f\u00f6r idag var det Oliwias f\u00f6delsedag. Vad fort tiden g\u00e5r, v\u00e5ran dotter har redan fyllt ett \u00e5r. \u00c4ven hon verkar var lite fordonstokig, d\u00e4rf\u00f6r ut\u00f6kades maskinparken i hemmet ytterligare.<\/p>\n<figure id=\"attachment_1490\" aria-describedby=\"caption-attachment-1490\" style=\"width: 2016px\" class=\"wp-caption alignnone\"><img loading=\"lazy\" class=\"wp-image-1490 size-full\" src=\"https:\/\/blogg.atl.nu\/abbotnas-sateri\/wp-content\/uploads\/sites\/41\/2020\/05\/IMG_4739.jpg\" alt=\"\" width=\"2016\" height=\"1512\" srcset=\"https:\/\/blogg.atl.nu\/abbotnas-sateri\/wp-content\/uploads\/sites\/41\/2020\/05\/IMG_4739.jpg 2016w, https:\/\/blogg.atl.nu\/abbotnas-sateri\/wp-content\/uploads\/sites\/41\/2020\/05\/IMG_4739-300x225.jpg 300w, https:\/\/blogg.atl.nu\/abbotnas-sateri\/wp-content\/uploads\/sites\/41\/2020\/05\/IMG_4739-768x576.jpg 768w, https:\/\/blogg.atl.nu\/abbotnas-sateri\/wp-content\/uploads\/sites\/41\/2020\/05\/IMG_4739-1024x768.jpg 1024w\" sizes=\"(max-width: 2016px) 100vw, 2016px\" \/><figcaption id=\"caption-attachment-1490\" class=\"wp-caption-text\">Nya ut\u00f6kningen<\/figcaption><\/figure>\n","protected":false},"excerpt":{"rendered":"<p>Idag kom topptransport\u00f6ren p\u00e5 plats. Det g\u00f6r att silomonteringskapitlet \u00e4ntligen \u00e4r klart.\u00a0 \u00c4ven om det har varit v\u00e4ldigt roligt, intressant och utbildande att montera silo s\u00e5 \u00e4r det nu sk\u00f6nt att det \u00e4r klart. Helt klart \u00e4r det inte om man ska vara noggrann (vilket jag gillar att f\u00f6rs\u00f6ka vara), men nu kvarst\u00e5r massa sm\u00e5fix&#8230;<\/p>\n","protected":false},"author":361,"featured_media":1499,"comment_status":"open","ping_status":"open","sticky":false,"template":"","format":"standard","meta":[],"categories":[6,24],"tags":[12,34,10,25,31],"yoast_head":"<!-- This site is optimized with the Yoast SEO plugin v19.6 - https:\/\/yoast.com\/wordpress\/plugins\/seo\/ -->\n<title>Silomontering dag 11 - transport\u00f6rlyft + f\u00e4rdigt kapitel - Abbotn\u00e4s s\u00e4teri<\/title>\n<meta name=\"robots\" content=\"index, follow, max-snippet:-1, max-image-preview:large, max-video-preview:-1\" \/>\n<link rel=\"canonical\" href=\"https:\/\/blogg.atl.nu\/abbotnas-sateri\/2020\/05\/27\/silomontering-dag-11-nu-ar-det-fardigt\/\" \/>\n<meta property=\"og:locale\" content=\"sv_SE\" \/>\n<meta property=\"og:type\" content=\"article\" \/>\n<meta property=\"og:title\" content=\"Silomontering dag 11 - transport\u00f6rlyft + f\u00e4rdigt kapitel - Abbotn\u00e4s s\u00e4teri\" \/>\n<meta property=\"og:description\" content=\"Idag kom topptransport\u00f6ren p\u00e5 plats. Det g\u00f6r att silomonteringskapitlet \u00e4ntligen \u00e4r klart.\u00a0 \u00c4ven om det har varit v\u00e4ldigt roligt, intressant och utbildande att montera silo s\u00e5 \u00e4r det nu sk\u00f6nt att det \u00e4r klart. Helt klart \u00e4r det inte om man ska vara noggrann (vilket jag gillar att f\u00f6rs\u00f6ka vara), men nu kvarst\u00e5r massa sm\u00e5fix...\" \/>\n<meta property=\"og:url\" content=\"https:\/\/blogg.atl.nu\/abbotnas-sateri\/2020\/05\/27\/silomontering-dag-11-nu-ar-det-fardigt\/\" \/>\n<meta property=\"og:site_name\" content=\"Abbotn\u00e4s s\u00e4teri\" \/>\n<meta property=\"article:author\" content=\"facebook.com\/mattiaswlarsson\" \/>\n<meta property=\"article:published_time\" content=\"2020-05-27T21:15:48+00:00\" \/>\n<meta property=\"article:modified_time\" content=\"2020-05-28T04:18:20+00:00\" \/>\n<meta property=\"og:image\" content=\"https:\/\/blogg.atl.nu\/abbotnas-sateri\/wp-content\/uploads\/sites\/41\/2020\/05\/IMG_3066.jpg\" \/>\n\t<meta property=\"og:image:width\" content=\"2016\" \/>\n\t<meta property=\"og:image:height\" content=\"1512\" \/>\n\t<meta property=\"og:image:type\" content=\"image\/jpeg\" \/>\n<meta name=\"author\" content=\"Mattias Larsson\" \/>\n<meta name=\"twitter:card\" content=\"summary_large_image\" \/>\n<meta name=\"twitter:label1\" content=\"Skriven av\" \/>\n\t<meta name=\"twitter:data1\" content=\"Mattias Larsson\" \/>\n\t<meta name=\"twitter:label2\" content=\"Ber\u00e4knad l\u00e4stid\" \/>\n\t<meta name=\"twitter:data2\" content=\"5 minuter\" \/>\n<script type=\"application\/ld+json\" class=\"yoast-schema-graph\">{\"@context\":\"https:\/\/schema.org\",\"@graph\":[{\"@type\":\"WebPage\",\"@id\":\"https:\/\/blogg.atl.nu\/abbotnas-sateri\/2020\/05\/27\/silomontering-dag-11-nu-ar-det-fardigt\/\",\"url\":\"https:\/\/blogg.atl.nu\/abbotnas-sateri\/2020\/05\/27\/silomontering-dag-11-nu-ar-det-fardigt\/\",\"name\":\"Silomontering dag 11 - transport\u00f6rlyft + f\u00e4rdigt kapitel - Abbotn\u00e4s s\u00e4teri\",\"isPartOf\":{\"@id\":\"https:\/\/blogg.atl.nu\/abbotnas-sateri\/#website\"},\"datePublished\":\"2020-05-27T21:15:48+00:00\",\"dateModified\":\"2020-05-28T04:18:20+00:00\",\"author\":{\"@id\":\"https:\/\/blogg.atl.nu\/abbotnas-sateri\/#\/schema\/person\/3b681683e8c9711235140b74c4aad714\"},\"breadcrumb\":{\"@id\":\"https:\/\/blogg.atl.nu\/abbotnas-sateri\/2020\/05\/27\/silomontering-dag-11-nu-ar-det-fardigt\/#breadcrumb\"},\"inLanguage\":\"sv-SE\",\"potentialAction\":[{\"@type\":\"ReadAction\",\"target\":[\"https:\/\/blogg.atl.nu\/abbotnas-sateri\/2020\/05\/27\/silomontering-dag-11-nu-ar-det-fardigt\/\"]}]},{\"@type\":\"BreadcrumbList\",\"@id\":\"https:\/\/blogg.atl.nu\/abbotnas-sateri\/2020\/05\/27\/silomontering-dag-11-nu-ar-det-fardigt\/#breadcrumb\",\"itemListElement\":[{\"@type\":\"ListItem\",\"position\":1,\"name\":\"Home\",\"item\":\"https:\/\/blogg.atl.nu\/abbotnas-sateri\/\"},{\"@type\":\"ListItem\",\"position\":2,\"name\":\"Silomontering dag 11 &#8211; transport\u00f6rlyft + f\u00e4rdigt kapitel\"}]},{\"@type\":\"WebSite\",\"@id\":\"https:\/\/blogg.atl.nu\/abbotnas-sateri\/#website\",\"url\":\"https:\/\/blogg.atl.nu\/abbotnas-sateri\/\",\"name\":\"Abbotn\u00e4s s\u00e4teri\",\"description\":\"Mattias Larsson\",\"potentialAction\":[{\"@type\":\"SearchAction\",\"target\":{\"@type\":\"EntryPoint\",\"urlTemplate\":\"https:\/\/blogg.atl.nu\/abbotnas-sateri\/?s={search_term_string}\"},\"query-input\":\"required name=search_term_string\"}],\"inLanguage\":\"sv-SE\"},{\"@type\":\"Person\",\"@id\":\"https:\/\/blogg.atl.nu\/abbotnas-sateri\/#\/schema\/person\/3b681683e8c9711235140b74c4aad714\",\"name\":\"Mattias Larsson\",\"image\":{\"@type\":\"ImageObject\",\"inLanguage\":\"sv-SE\",\"@id\":\"https:\/\/blogg.atl.nu\/abbotnas-sateri\/#\/schema\/person\/image\/\",\"url\":\"https:\/\/secure.gravatar.com\/avatar\/ab52d1a4abaa2f256164ccb2caf8dcfb?s=96&d=mm&r=g\",\"contentUrl\":\"https:\/\/secure.gravatar.com\/avatar\/ab52d1a4abaa2f256164ccb2caf8dcfb?s=96&d=mm&r=g\",\"caption\":\"Mattias Larsson\"},\"sameAs\":[\"http:\/\/abbotnas.se\",\"facebook.com\/mattiaswlarsson\"],\"url\":\"https:\/\/blogg.atl.nu\/abbotnas-sateri\/author\/mlarsson\/\"}]}<\/script>\n<!-- \/ Yoast SEO plugin. -->","yoast_head_json":{"title":"Silomontering dag 11 - transport\u00f6rlyft + f\u00e4rdigt kapitel - Abbotn\u00e4s s\u00e4teri","robots":{"index":"index","follow":"follow","max-snippet":"max-snippet:-1","max-image-preview":"max-image-preview:large","max-video-preview":"max-video-preview:-1"},"canonical":"https:\/\/blogg.atl.nu\/abbotnas-sateri\/2020\/05\/27\/silomontering-dag-11-nu-ar-det-fardigt\/","og_locale":"sv_SE","og_type":"article","og_title":"Silomontering dag 11 - transport\u00f6rlyft + f\u00e4rdigt kapitel - Abbotn\u00e4s s\u00e4teri","og_description":"Idag kom topptransport\u00f6ren p\u00e5 plats. Det g\u00f6r att silomonteringskapitlet \u00e4ntligen \u00e4r klart.\u00a0 \u00c4ven om det har varit v\u00e4ldigt roligt, intressant och utbildande att montera silo s\u00e5 \u00e4r det nu sk\u00f6nt att det \u00e4r klart. Helt klart \u00e4r det inte om man ska vara noggrann (vilket jag gillar att f\u00f6rs\u00f6ka vara), men nu kvarst\u00e5r massa sm\u00e5fix...","og_url":"https:\/\/blogg.atl.nu\/abbotnas-sateri\/2020\/05\/27\/silomontering-dag-11-nu-ar-det-fardigt\/","og_site_name":"Abbotn\u00e4s s\u00e4teri","article_author":"facebook.com\/mattiaswlarsson","article_published_time":"2020-05-27T21:15:48+00:00","article_modified_time":"2020-05-28T04:18:20+00:00","og_image":[{"width":2016,"height":1512,"url":"https:\/\/blogg.atl.nu\/abbotnas-sateri\/wp-content\/uploads\/sites\/41\/2020\/05\/IMG_3066.jpg","type":"image\/jpeg"}],"author":"Mattias Larsson","twitter_card":"summary_large_image","twitter_misc":{"Skriven av":"Mattias Larsson","Ber\u00e4knad l\u00e4stid":"5 minuter"},"schema":{"@context":"https:\/\/schema.org","@graph":[{"@type":"WebPage","@id":"https:\/\/blogg.atl.nu\/abbotnas-sateri\/2020\/05\/27\/silomontering-dag-11-nu-ar-det-fardigt\/","url":"https:\/\/blogg.atl.nu\/abbotnas-sateri\/2020\/05\/27\/silomontering-dag-11-nu-ar-det-fardigt\/","name":"Silomontering dag 11 - transport\u00f6rlyft + f\u00e4rdigt kapitel - Abbotn\u00e4s s\u00e4teri","isPartOf":{"@id":"https:\/\/blogg.atl.nu\/abbotnas-sateri\/#website"},"datePublished":"2020-05-27T21:15:48+00:00","dateModified":"2020-05-28T04:18:20+00:00","author":{"@id":"https:\/\/blogg.atl.nu\/abbotnas-sateri\/#\/schema\/person\/3b681683e8c9711235140b74c4aad714"},"breadcrumb":{"@id":"https:\/\/blogg.atl.nu\/abbotnas-sateri\/2020\/05\/27\/silomontering-dag-11-nu-ar-det-fardigt\/#breadcrumb"},"inLanguage":"sv-SE","potentialAction":[{"@type":"ReadAction","target":["https:\/\/blogg.atl.nu\/abbotnas-sateri\/2020\/05\/27\/silomontering-dag-11-nu-ar-det-fardigt\/"]}]},{"@type":"BreadcrumbList","@id":"https:\/\/blogg.atl.nu\/abbotnas-sateri\/2020\/05\/27\/silomontering-dag-11-nu-ar-det-fardigt\/#breadcrumb","itemListElement":[{"@type":"ListItem","position":1,"name":"Home","item":"https:\/\/blogg.atl.nu\/abbotnas-sateri\/"},{"@type":"ListItem","position":2,"name":"Silomontering dag 11 &#8211; transport\u00f6rlyft + f\u00e4rdigt kapitel"}]},{"@type":"WebSite","@id":"https:\/\/blogg.atl.nu\/abbotnas-sateri\/#website","url":"https:\/\/blogg.atl.nu\/abbotnas-sateri\/","name":"Abbotn\u00e4s s\u00e4teri","description":"Mattias Larsson","potentialAction":[{"@type":"SearchAction","target":{"@type":"EntryPoint","urlTemplate":"https:\/\/blogg.atl.nu\/abbotnas-sateri\/?s={search_term_string}"},"query-input":"required name=search_term_string"}],"inLanguage":"sv-SE"},{"@type":"Person","@id":"https:\/\/blogg.atl.nu\/abbotnas-sateri\/#\/schema\/person\/3b681683e8c9711235140b74c4aad714","name":"Mattias Larsson","image":{"@type":"ImageObject","inLanguage":"sv-SE","@id":"https:\/\/blogg.atl.nu\/abbotnas-sateri\/#\/schema\/person\/image\/","url":"https:\/\/secure.gravatar.com\/avatar\/ab52d1a4abaa2f256164ccb2caf8dcfb?s=96&d=mm&r=g","contentUrl":"https:\/\/secure.gravatar.com\/avatar\/ab52d1a4abaa2f256164ccb2caf8dcfb?s=96&d=mm&r=g","caption":"Mattias Larsson"},"sameAs":["http:\/\/abbotnas.se","facebook.com\/mattiaswlarsson"],"url":"https:\/\/blogg.atl.nu\/abbotnas-sateri\/author\/mlarsson\/"}]}},"_links":{"self":[{"href":"https:\/\/blogg.atl.nu\/abbotnas-sateri\/wp-json\/wp\/v2\/posts\/1480"}],"collection":[{"href":"https:\/\/blogg.atl.nu\/abbotnas-sateri\/wp-json\/wp\/v2\/posts"}],"about":[{"href":"https:\/\/blogg.atl.nu\/abbotnas-sateri\/wp-json\/wp\/v2\/types\/post"}],"author":[{"embeddable":true,"href":"https:\/\/blogg.atl.nu\/abbotnas-sateri\/wp-json\/wp\/v2\/users\/361"}],"replies":[{"embeddable":true,"href":"https:\/\/blogg.atl.nu\/abbotnas-sateri\/wp-json\/wp\/v2\/comments?post=1480"}],"version-history":[{"count":5,"href":"https:\/\/blogg.atl.nu\/abbotnas-sateri\/wp-json\/wp\/v2\/posts\/1480\/revisions"}],"predecessor-version":[{"id":1510,"href":"https:\/\/blogg.atl.nu\/abbotnas-sateri\/wp-json\/wp\/v2\/posts\/1480\/revisions\/1510"}],"wp:featuredmedia":[{"embeddable":true,"href":"https:\/\/blogg.atl.nu\/abbotnas-sateri\/wp-json\/wp\/v2\/media\/1499"}],"wp:attachment":[{"href":"https:\/\/blogg.atl.nu\/abbotnas-sateri\/wp-json\/wp\/v2\/media?parent=1480"}],"wp:term":[{"taxonomy":"category","embeddable":true,"href":"https:\/\/blogg.atl.nu\/abbotnas-sateri\/wp-json\/wp\/v2\/categories?post=1480"},{"taxonomy":"post_tag","embeddable":true,"href":"https:\/\/blogg.atl.nu\/abbotnas-sateri\/wp-json\/wp\/v2\/tags?post=1480"}],"curies":[{"name":"wp","href":"https:\/\/api.w.org\/{rel}","templated":true}]}}