{"id":15427,"date":"2022-09-15T23:20:30","date_gmt":"2022-09-15T21:20:30","guid":{"rendered":"https:\/\/blogg.atl.nu\/abbotnas-sateri\/?p=15427"},"modified":"2022-09-15T23:33:19","modified_gmt":"2022-09-15T21:33:19","slug":"forberedelserna-for-sista-svangen-ar-igang","status":"publish","type":"post","link":"https:\/\/blogg.atl.nu\/abbotnas-sateri\/2022\/09\/15\/forberedelserna-for-sista-svangen-ar-igang\/","title":{"rendered":"F\u00f6rberedelserna f\u00f6r sista sv\u00e4ngen \u00e4r ig\u00e5ng"},"content":{"rendered":"<p><strong>S\u00e5 var det dags att b\u00f6rja f\u00f6rbereda inf\u00f6r s\u00e5dden av den sista skv\u00e4tten h\u00f6stvete. Det som nu \u00e4r kvar \u00e4r efter kornet och en v\u00e4ndteg. Kornf\u00e4lten \u00e4r nu pl\u00f6jda och v\u00e4ntar bara p\u00e5 att torka upp, men den sparade v\u00e4ndtegen l\u00e4mnades f\u00f6r att den ska gr\u00e4vas och det \u00e4r inte riktigt klart \u00e4n&#8230;.<\/strong><\/p>\n<h3>Enkelt val<\/h3>\n<p><strong>Som jag n\u00e4mnt i tidigare inl\u00e4gg s\u00e5 ska nu f\u00e4lten efter kornet pl\u00f6jas innan vi s\u00e5r dem.\u00a0<\/strong>Vi fick ju f\u00f6r mycket halmrester i ytan f\u00f6r att v\u00e5ran s\u00e5maskin ska kunna klara av det efter v\u00e5ran kultivator. Det fanns \u00e4nd\u00e5 en liten liten tanke om att \u00e4nd\u00e5 kultivera ett av f\u00e4lten f\u00f6r att se hur det blev. Den tanken beh\u00f6vde vi inte ta st\u00e4llning till f\u00f6r kultivatorn \u00e4r just nu satt ur spel. D\u00e5 beh\u00f6ver vi ju inte ha \u00e5ngest \u00f6ver det beslutet i alla fall, h\u00f6gre verkar ha hj\u00e4lpa oss med det. Eller om det bara var att tillg\u00e5ngen p\u00e5 n\u00f6dv\u00e4ndig reservdel var lite d\u00e5lig. Det som gick s\u00f6nder var ju ett av st\u00f6dhjulens (tror de heter s\u00e5) styraxel, och det verkar just nu vara en popul\u00e4r reservdel. Det fanns tv\u00e5 alternativ, antingen att byta hela grejen eller att sk\u00e4ra loss och byta axeln. Vi valde alternativ tv\u00e5 eftersom att det var b\u00e5de snabbast leverans och billigast. Tyv\u00e4rr \u00e4r den axeln f\u00f6rsenad fr\u00e5n ig\u00e5r tills imorgon, men snart \u00e4r den ig\u00e5ng igen. \u00c4ven om kornstubben nu pl\u00f6js ner s\u00e5 har vi \u00e4nd\u00e5 lite kvar f\u00f6r kultivatorn att g\u00f6ra innan den f\u00e5r d\u00e5 i vinterdvala.<\/p>\n<figure id=\"attachment_15337\" aria-describedby=\"caption-attachment-15337\" style=\"width: 2048px\" class=\"wp-caption alignnone\"><img loading=\"lazy\" class=\"wp-image-15337 size-full\" src=\"https:\/\/blogg.atl.nu\/abbotnas-sateri\/wp-content\/uploads\/sites\/41\/2022\/09\/58E51372-496F-41CD-BADE-E1EC70BD61BD-scaled.jpeg\" alt=\"\" width=\"2048\" height=\"1536\" srcset=\"https:\/\/blogg.atl.nu\/abbotnas-sateri\/wp-content\/uploads\/sites\/41\/2022\/09\/58E51372-496F-41CD-BADE-E1EC70BD61BD-scaled.jpeg 2048w, https:\/\/blogg.atl.nu\/abbotnas-sateri\/wp-content\/uploads\/sites\/41\/2022\/09\/58E51372-496F-41CD-BADE-E1EC70BD61BD-300x225.jpeg 300w, https:\/\/blogg.atl.nu\/abbotnas-sateri\/wp-content\/uploads\/sites\/41\/2022\/09\/58E51372-496F-41CD-BADE-E1EC70BD61BD-1024x768.jpeg 1024w, https:\/\/blogg.atl.nu\/abbotnas-sateri\/wp-content\/uploads\/sites\/41\/2022\/09\/58E51372-496F-41CD-BADE-E1EC70BD61BD-768x576.jpeg 768w, https:\/\/blogg.atl.nu\/abbotnas-sateri\/wp-content\/uploads\/sites\/41\/2022\/09\/58E51372-496F-41CD-BADE-E1EC70BD61BD-1536x1152.jpeg 1536w\" sizes=\"(max-width: 2048px) 100vw, 2048px\" \/><figcaption id=\"caption-attachment-15337\" class=\"wp-caption-text\">Avsaknaden av fr\u00e4mre st\u00f6dhjul gjorde kultivatorn ok\u00f6rbar&#8230;<\/figcaption><\/figure>\n<figure id=\"attachment_15415\" aria-describedby=\"caption-attachment-15415\" style=\"width: 2048px\" class=\"wp-caption alignnone\"><img loading=\"lazy\" class=\"wp-image-15415 size-full\" src=\"https:\/\/blogg.atl.nu\/abbotnas-sateri\/wp-content\/uploads\/sites\/41\/2022\/09\/1777D39E-F05B-4E6E-9BF5-083F2D1994A8-scaled-e1663275059521.jpeg\" alt=\"\" width=\"2048\" height=\"1536\" srcset=\"https:\/\/blogg.atl.nu\/abbotnas-sateri\/wp-content\/uploads\/sites\/41\/2022\/09\/1777D39E-F05B-4E6E-9BF5-083F2D1994A8-scaled-e1663275059521.jpeg 2048w, https:\/\/blogg.atl.nu\/abbotnas-sateri\/wp-content\/uploads\/sites\/41\/2022\/09\/1777D39E-F05B-4E6E-9BF5-083F2D1994A8-scaled-e1663275059521-300x225.jpeg 300w, https:\/\/blogg.atl.nu\/abbotnas-sateri\/wp-content\/uploads\/sites\/41\/2022\/09\/1777D39E-F05B-4E6E-9BF5-083F2D1994A8-scaled-e1663275059521-1024x768.jpeg 1024w, https:\/\/blogg.atl.nu\/abbotnas-sateri\/wp-content\/uploads\/sites\/41\/2022\/09\/1777D39E-F05B-4E6E-9BF5-083F2D1994A8-scaled-e1663275059521-768x576.jpeg 768w, https:\/\/blogg.atl.nu\/abbotnas-sateri\/wp-content\/uploads\/sites\/41\/2022\/09\/1777D39E-F05B-4E6E-9BF5-083F2D1994A8-scaled-e1663275059521-1536x1152.jpeg 1536w\" sizes=\"(max-width: 2048px) 100vw, 2048px\" \/><figcaption id=\"caption-attachment-15415\" class=\"wp-caption-text\">Axeln var redan lite skadad, men det verkar som att en hel del gick av samtidigt..<\/figcaption><\/figure>\n<p>&nbsp;<\/p>\n<figure id=\"attachment_15416\" aria-describedby=\"caption-attachment-15416\" style=\"width: 2048px\" class=\"wp-caption alignnone\"><img loading=\"lazy\" class=\"wp-image-15416 size-full\" src=\"https:\/\/blogg.atl.nu\/abbotnas-sateri\/wp-content\/uploads\/sites\/41\/2022\/09\/E92DA9CE-8239-423E-9D88-86EC9DA857C0-scaled-e1663275043927.jpeg\" alt=\"\" width=\"2048\" height=\"1536\" srcset=\"https:\/\/blogg.atl.nu\/abbotnas-sateri\/wp-content\/uploads\/sites\/41\/2022\/09\/E92DA9CE-8239-423E-9D88-86EC9DA857C0-scaled-e1663275043927.jpeg 2048w, https:\/\/blogg.atl.nu\/abbotnas-sateri\/wp-content\/uploads\/sites\/41\/2022\/09\/E92DA9CE-8239-423E-9D88-86EC9DA857C0-scaled-e1663275043927-300x225.jpeg 300w, https:\/\/blogg.atl.nu\/abbotnas-sateri\/wp-content\/uploads\/sites\/41\/2022\/09\/E92DA9CE-8239-423E-9D88-86EC9DA857C0-scaled-e1663275043927-1024x768.jpeg 1024w, https:\/\/blogg.atl.nu\/abbotnas-sateri\/wp-content\/uploads\/sites\/41\/2022\/09\/E92DA9CE-8239-423E-9D88-86EC9DA857C0-scaled-e1663275043927-768x576.jpeg 768w, https:\/\/blogg.atl.nu\/abbotnas-sateri\/wp-content\/uploads\/sites\/41\/2022\/09\/E92DA9CE-8239-423E-9D88-86EC9DA857C0-scaled-e1663275043927-1536x1152.jpeg 1536w\" sizes=\"(max-width: 2048px) 100vw, 2048px\" \/><figcaption id=\"caption-attachment-15416\" class=\"wp-caption-text\">Jobbet med att sk\u00f6ra bot axeln tog fart ig\u00e5r. Efter att p\u00e5 ena sidan snabbt kunnat komma f\u00f6rbi svetsen, anade jag snabbt att det skulle g\u00e5 ganska s\u00e5 snabbt det h\u00e4r.<\/figcaption><\/figure>\n<p>&nbsp;<\/p>\n<figure id=\"attachment_15418\" aria-describedby=\"caption-attachment-15418\" style=\"width: 2048px\" class=\"wp-caption alignnone\"><img loading=\"lazy\" class=\"wp-image-15418 size-full\" src=\"https:\/\/blogg.atl.nu\/abbotnas-sateri\/wp-content\/uploads\/sites\/41\/2022\/09\/8210246A-3A80-47A4-BE60-840DF0E5139A-scaled.jpeg\" alt=\"\" width=\"2048\" height=\"1536\" srcset=\"https:\/\/blogg.atl.nu\/abbotnas-sateri\/wp-content\/uploads\/sites\/41\/2022\/09\/8210246A-3A80-47A4-BE60-840DF0E5139A-scaled.jpeg 2048w, https:\/\/blogg.atl.nu\/abbotnas-sateri\/wp-content\/uploads\/sites\/41\/2022\/09\/8210246A-3A80-47A4-BE60-840DF0E5139A-300x225.jpeg 300w, https:\/\/blogg.atl.nu\/abbotnas-sateri\/wp-content\/uploads\/sites\/41\/2022\/09\/8210246A-3A80-47A4-BE60-840DF0E5139A-1024x768.jpeg 1024w, https:\/\/blogg.atl.nu\/abbotnas-sateri\/wp-content\/uploads\/sites\/41\/2022\/09\/8210246A-3A80-47A4-BE60-840DF0E5139A-768x576.jpeg 768w, https:\/\/blogg.atl.nu\/abbotnas-sateri\/wp-content\/uploads\/sites\/41\/2022\/09\/8210246A-3A80-47A4-BE60-840DF0E5139A-1536x1152.jpeg 1536w\" sizes=\"(max-width: 2048px) 100vw, 2048px\" \/><figcaption id=\"caption-attachment-15418\" class=\"wp-caption-text\">P\u00e5 andra sidan ins\u00e5g jag lika snabbt att h\u00e4r har de br\u00e4nt p\u00e5 lite mer med svetsen och det kommer att ta tid det h\u00e4r&#8230;.. Det tog helt klart tid&#8230;<\/figcaption><\/figure>\n<figure id=\"attachment_15419\" aria-describedby=\"caption-attachment-15419\" style=\"width: 2048px\" class=\"wp-caption alignnone\"><img loading=\"lazy\" class=\"wp-image-15419 size-full\" src=\"https:\/\/blogg.atl.nu\/abbotnas-sateri\/wp-content\/uploads\/sites\/41\/2022\/09\/F57A2B37-230A-45A2-A809-41B0177EF651-scaled.jpeg\" alt=\"\" width=\"2048\" height=\"1536\" srcset=\"https:\/\/blogg.atl.nu\/abbotnas-sateri\/wp-content\/uploads\/sites\/41\/2022\/09\/F57A2B37-230A-45A2-A809-41B0177EF651-scaled.jpeg 2048w, https:\/\/blogg.atl.nu\/abbotnas-sateri\/wp-content\/uploads\/sites\/41\/2022\/09\/F57A2B37-230A-45A2-A809-41B0177EF651-300x225.jpeg 300w, https:\/\/blogg.atl.nu\/abbotnas-sateri\/wp-content\/uploads\/sites\/41\/2022\/09\/F57A2B37-230A-45A2-A809-41B0177EF651-1024x768.jpeg 1024w, https:\/\/blogg.atl.nu\/abbotnas-sateri\/wp-content\/uploads\/sites\/41\/2022\/09\/F57A2B37-230A-45A2-A809-41B0177EF651-768x576.jpeg 768w, https:\/\/blogg.atl.nu\/abbotnas-sateri\/wp-content\/uploads\/sites\/41\/2022\/09\/F57A2B37-230A-45A2-A809-41B0177EF651-1536x1152.jpeg 1536w\" sizes=\"(max-width: 2048px) 100vw, 2048px\" \/><figcaption id=\"caption-attachment-15419\" class=\"wp-caption-text\">Men till slut sl\u00e4ppte den och var bara att peta ut. Nu \u00e4r det bara att svetsa dit den nya axeln n\u00e4r den kommer.<\/figcaption><\/figure>\n<figure id=\"attachment_15428\" aria-describedby=\"caption-attachment-15428\" style=\"width: 2048px\" class=\"wp-caption alignnone\"><img loading=\"lazy\" class=\"wp-image-15428 size-full\" src=\"https:\/\/blogg.atl.nu\/abbotnas-sateri\/wp-content\/uploads\/sites\/41\/2022\/09\/P1227675-scaled.jpg\" alt=\"\" width=\"2048\" height=\"1536\" srcset=\"https:\/\/blogg.atl.nu\/abbotnas-sateri\/wp-content\/uploads\/sites\/41\/2022\/09\/P1227675-scaled.jpg 2048w, https:\/\/blogg.atl.nu\/abbotnas-sateri\/wp-content\/uploads\/sites\/41\/2022\/09\/P1227675-300x225.jpg 300w, https:\/\/blogg.atl.nu\/abbotnas-sateri\/wp-content\/uploads\/sites\/41\/2022\/09\/P1227675-1024x768.jpg 1024w, https:\/\/blogg.atl.nu\/abbotnas-sateri\/wp-content\/uploads\/sites\/41\/2022\/09\/P1227675-768x576.jpg 768w, https:\/\/blogg.atl.nu\/abbotnas-sateri\/wp-content\/uploads\/sites\/41\/2022\/09\/P1227675-1536x1152.jpg 1536w\" sizes=\"(max-width: 2048px) 100vw, 2048px\" \/><figcaption id=\"caption-attachment-15428\" class=\"wp-caption-text\">\u00c4ven om vi redan best\u00e4mt att vi skulle pl\u00f6ja nu efter kornet (som redan var kultiverat en g\u00e5ng) s\u00e5 k\u00e4ndes det l\u00e4ttare n\u00e4r det inte fanns n\u00e5gra alternativ.<\/figcaption><\/figure>\n<h3>Gr\u00e4vningen<\/h3>\n<p><strong>\u00c5terigen s\u00e5 fick jag hoppa in i gr\u00e4vmaskinen och \u00e5tg\u00e4rda det d\u00e5liga samvetet p\u00e5 ett dike som beh\u00f6vts rensas ett tag nu.\u00a0<\/strong>Det \u00e4r konstigt, det finns alltid n\u00e5got dike jag har d\u00e5ligt samvete f\u00f6r att det beh\u00f6ver rensas. D\u00e5 k\u00e4nns det extra sk\u00f6nt att kunna ge sig p\u00e5 just ett s\u00e5dant dike. Det \u00e4r ju \u00e4ven oftast rensning av dessa diken som det \u00e4r b\u00e4st utv\u00e4xling p\u00e5. Idag fick jag ge mig p\u00e5 ett s\u00e5dant dike och om inte jag har fel s\u00e5 kommer det att g\u00f6ra just en s\u00e5dan nytta man kan f\u00f6rv\u00e4nta sig. S\u00e4rskilt i kombination med att den skuggande skogen som v\u00e4xt \u00e4nda ut p\u00e5 \u00e5kern nu tagits bort det kan bli succ\u00e9 helt klart. Nu ligger i alla fall inte utloppen och stensilarna 50 centimeter under jorden, det talar helt klart f\u00f6r b\u00e4ttre fungerande avrinning. N\u00e5got mer som \u00e4r v\u00e4ldigt sk\u00f6nt \u00e4r att det k\u00e4nns som att vi v\u00e4ldigt snart \u00e4r runt med alla backdiken som verkligen \u00e4r i behov av rensning. Nu kan vi allts\u00e5 snart g\u00e5 ner p\u00e5 de som bara \u00e4r i behov av rensning och om n\u00e5gra \u00e5r kanske vi kan ge oss p\u00e5 dem som n\u00e4stan \u00e4r i behov av rensning. Vi f\u00e5r se om vi hinner det h\u00e4r eller inte, men utan fungerande dike v\u00e4xer det \u00e4nd\u00e5 inget till slut..<\/p>\n<figure id=\"attachment_15421\" aria-describedby=\"caption-attachment-15421\" style=\"width: 2048px\" class=\"wp-caption alignnone\"><img loading=\"lazy\" class=\"wp-image-15421 size-full\" src=\"https:\/\/blogg.atl.nu\/abbotnas-sateri\/wp-content\/uploads\/sites\/41\/2022\/09\/3B9716C1-0665-45BB-913F-FD04A0088553-scaled.jpeg\" alt=\"\" width=\"2048\" height=\"1536\" srcset=\"https:\/\/blogg.atl.nu\/abbotnas-sateri\/wp-content\/uploads\/sites\/41\/2022\/09\/3B9716C1-0665-45BB-913F-FD04A0088553-scaled.jpeg 2048w, https:\/\/blogg.atl.nu\/abbotnas-sateri\/wp-content\/uploads\/sites\/41\/2022\/09\/3B9716C1-0665-45BB-913F-FD04A0088553-300x225.jpeg 300w, https:\/\/blogg.atl.nu\/abbotnas-sateri\/wp-content\/uploads\/sites\/41\/2022\/09\/3B9716C1-0665-45BB-913F-FD04A0088553-1024x768.jpeg 1024w, https:\/\/blogg.atl.nu\/abbotnas-sateri\/wp-content\/uploads\/sites\/41\/2022\/09\/3B9716C1-0665-45BB-913F-FD04A0088553-768x576.jpeg 768w, https:\/\/blogg.atl.nu\/abbotnas-sateri\/wp-content\/uploads\/sites\/41\/2022\/09\/3B9716C1-0665-45BB-913F-FD04A0088553-1536x1152.jpeg 1536w\" sizes=\"(max-width: 2048px) 100vw, 2048px\" \/><figcaption id=\"caption-attachment-15421\" class=\"wp-caption-text\">\u00c5terigen f\u00e5r ja och profilskopan ge oss ut f\u00f6r att h\u00e5lla vatten ifr\u00e5n \u00e5ker. H\u00e4r l\u00e4ggs massorna p\u00e5 h\u00f6g f\u00f6r att de ska k\u00f6ras bort och tippas d\u00e4r de g\u00f6r nytta i svackor p\u00e5 f\u00e4lten.\u00a0<\/figcaption><\/figure>\n<div class=\"mceTemp\"><\/div>\n<figure id=\"attachment_15420\" aria-describedby=\"caption-attachment-15420\" style=\"width: 2048px\" class=\"wp-caption alignnone\"><img loading=\"lazy\" class=\"wp-image-15420 size-full\" src=\"https:\/\/blogg.atl.nu\/abbotnas-sateri\/wp-content\/uploads\/sites\/41\/2022\/09\/89E47536-BEDC-4F97-A0B5-6E09061AFB15-scaled.jpeg\" alt=\"\" width=\"2048\" height=\"1536\" srcset=\"https:\/\/blogg.atl.nu\/abbotnas-sateri\/wp-content\/uploads\/sites\/41\/2022\/09\/89E47536-BEDC-4F97-A0B5-6E09061AFB15-scaled.jpeg 2048w, https:\/\/blogg.atl.nu\/abbotnas-sateri\/wp-content\/uploads\/sites\/41\/2022\/09\/89E47536-BEDC-4F97-A0B5-6E09061AFB15-300x225.jpeg 300w, https:\/\/blogg.atl.nu\/abbotnas-sateri\/wp-content\/uploads\/sites\/41\/2022\/09\/89E47536-BEDC-4F97-A0B5-6E09061AFB15-1024x768.jpeg 1024w, https:\/\/blogg.atl.nu\/abbotnas-sateri\/wp-content\/uploads\/sites\/41\/2022\/09\/89E47536-BEDC-4F97-A0B5-6E09061AFB15-768x576.jpeg 768w, https:\/\/blogg.atl.nu\/abbotnas-sateri\/wp-content\/uploads\/sites\/41\/2022\/09\/89E47536-BEDC-4F97-A0B5-6E09061AFB15-1536x1152.jpeg 1536w\" sizes=\"(max-width: 2048px) 100vw, 2048px\" \/><figcaption id=\"caption-attachment-15420\" class=\"wp-caption-text\">H\u00e4r syns det inte ens att det ska vara ett dike&#8230; lite pinsamt..<\/figcaption><\/figure>\n<figure id=\"attachment_15425\" aria-describedby=\"caption-attachment-15425\" style=\"width: 2048px\" class=\"wp-caption alignnone\"><img loading=\"lazy\" class=\"wp-image-15425 size-full\" src=\"https:\/\/blogg.atl.nu\/abbotnas-sateri\/wp-content\/uploads\/sites\/41\/2022\/09\/3B2AA0CB-9DE5-4E71-90B1-584C2394B7AC-scaled.jpeg\" alt=\"\" width=\"2048\" height=\"1536\" srcset=\"https:\/\/blogg.atl.nu\/abbotnas-sateri\/wp-content\/uploads\/sites\/41\/2022\/09\/3B2AA0CB-9DE5-4E71-90B1-584C2394B7AC-scaled.jpeg 2048w, https:\/\/blogg.atl.nu\/abbotnas-sateri\/wp-content\/uploads\/sites\/41\/2022\/09\/3B2AA0CB-9DE5-4E71-90B1-584C2394B7AC-300x225.jpeg 300w, https:\/\/blogg.atl.nu\/abbotnas-sateri\/wp-content\/uploads\/sites\/41\/2022\/09\/3B2AA0CB-9DE5-4E71-90B1-584C2394B7AC-1024x768.jpeg 1024w, https:\/\/blogg.atl.nu\/abbotnas-sateri\/wp-content\/uploads\/sites\/41\/2022\/09\/3B2AA0CB-9DE5-4E71-90B1-584C2394B7AC-768x576.jpeg 768w, https:\/\/blogg.atl.nu\/abbotnas-sateri\/wp-content\/uploads\/sites\/41\/2022\/09\/3B2AA0CB-9DE5-4E71-90B1-584C2394B7AC-1536x1152.jpeg 1536w\" sizes=\"(max-width: 2048px) 100vw, 2048px\" \/><figcaption id=\"caption-attachment-15425\" class=\"wp-caption-text\">Nu ser det b\u00e4ttre ut och stensilen fick \u00e5ter se dagens ljus.<\/figcaption><\/figure>\n<figure id=\"attachment_15422\" aria-describedby=\"caption-attachment-15422\" style=\"width: 2048px\" class=\"wp-caption alignnone\"><img loading=\"lazy\" class=\"wp-image-15422 size-full\" src=\"https:\/\/blogg.atl.nu\/abbotnas-sateri\/wp-content\/uploads\/sites\/41\/2022\/09\/BD3349B6-843C-4C31-8A29-0E3D85DA6A81-scaled.jpeg\" alt=\"\" width=\"2048\" height=\"1536\" srcset=\"https:\/\/blogg.atl.nu\/abbotnas-sateri\/wp-content\/uploads\/sites\/41\/2022\/09\/BD3349B6-843C-4C31-8A29-0E3D85DA6A81-scaled.jpeg 2048w, https:\/\/blogg.atl.nu\/abbotnas-sateri\/wp-content\/uploads\/sites\/41\/2022\/09\/BD3349B6-843C-4C31-8A29-0E3D85DA6A81-300x225.jpeg 300w, https:\/\/blogg.atl.nu\/abbotnas-sateri\/wp-content\/uploads\/sites\/41\/2022\/09\/BD3349B6-843C-4C31-8A29-0E3D85DA6A81-1024x768.jpeg 1024w, https:\/\/blogg.atl.nu\/abbotnas-sateri\/wp-content\/uploads\/sites\/41\/2022\/09\/BD3349B6-843C-4C31-8A29-0E3D85DA6A81-768x576.jpeg 768w, https:\/\/blogg.atl.nu\/abbotnas-sateri\/wp-content\/uploads\/sites\/41\/2022\/09\/BD3349B6-843C-4C31-8A29-0E3D85DA6A81-1536x1152.jpeg 1536w\" sizes=\"(max-width: 2048px) 100vw, 2048px\" \/><figcaption id=\"caption-attachment-15422\" class=\"wp-caption-text\">Det \u00e4r helt klart tillfredst\u00e4llande att rensa diken.<\/figcaption><\/figure>\n<figure id=\"attachment_15424\" aria-describedby=\"caption-attachment-15424\" style=\"width: 2048px\" class=\"wp-caption alignnone\"><img loading=\"lazy\" class=\"wp-image-15424 size-full\" src=\"https:\/\/blogg.atl.nu\/abbotnas-sateri\/wp-content\/uploads\/sites\/41\/2022\/09\/862ED940-8F87-41C1-B44E-D5FEC746A195-scaled.jpeg\" alt=\"\" width=\"2048\" height=\"1536\" srcset=\"https:\/\/blogg.atl.nu\/abbotnas-sateri\/wp-content\/uploads\/sites\/41\/2022\/09\/862ED940-8F87-41C1-B44E-D5FEC746A195-scaled.jpeg 2048w, https:\/\/blogg.atl.nu\/abbotnas-sateri\/wp-content\/uploads\/sites\/41\/2022\/09\/862ED940-8F87-41C1-B44E-D5FEC746A195-300x225.jpeg 300w, https:\/\/blogg.atl.nu\/abbotnas-sateri\/wp-content\/uploads\/sites\/41\/2022\/09\/862ED940-8F87-41C1-B44E-D5FEC746A195-1024x768.jpeg 1024w, https:\/\/blogg.atl.nu\/abbotnas-sateri\/wp-content\/uploads\/sites\/41\/2022\/09\/862ED940-8F87-41C1-B44E-D5FEC746A195-768x576.jpeg 768w, https:\/\/blogg.atl.nu\/abbotnas-sateri\/wp-content\/uploads\/sites\/41\/2022\/09\/862ED940-8F87-41C1-B44E-D5FEC746A195-1536x1152.jpeg 1536w\" sizes=\"(max-width: 2048px) 100vw, 2048px\" \/><figcaption id=\"caption-attachment-15424\" class=\"wp-caption-text\">\u00c4nnu en stensil f\u00e5r se dagens ljus och blir rensad.<\/figcaption><\/figure>\n<p>Det var lite om vad som h\u00e4nder nu. N\u00e5got annat som b\u00f6rjar h\u00e4nda nu \u00e4r att djursk\u00f6tseln \u00f6kar och kalvarna har b\u00f6rjat plockas in, men det f\u00e5r bli en annan historia.<\/p>\n","protected":false},"excerpt":{"rendered":"<p>S\u00e5 var det dags att b\u00f6rja f\u00f6rbereda inf\u00f6r s\u00e5dden av den sista skv\u00e4tten h\u00f6stvete. Det som nu \u00e4r kvar \u00e4r efter kornet och en v\u00e4ndteg. Kornf\u00e4lten \u00e4r nu pl\u00f6jda och v\u00e4ntar bara p\u00e5 att torka upp, men den sparade v\u00e4ndtegen l\u00e4mnades f\u00f6r att den ska gr\u00e4vas och det \u00e4r inte riktigt klart \u00e4n&#8230;. Enkelt val&#8230;<\/p>\n","protected":false},"author":361,"featured_media":15428,"comment_status":"open","ping_status":"open","sticky":false,"template":"","format":"standard","meta":[],"categories":[1],"tags":[],"yoast_head":"<!-- This site is optimized with the Yoast SEO plugin v19.6 - https:\/\/yoast.com\/wordpress\/plugins\/seo\/ -->\n<title>F\u00f6rberedelserna f\u00f6r sista sv\u00e4ngen \u00e4r ig\u00e5ng - Abbotn\u00e4s s\u00e4teri<\/title>\n<meta name=\"robots\" content=\"index, follow, max-snippet:-1, max-image-preview:large, max-video-preview:-1\" \/>\n<link rel=\"canonical\" href=\"https:\/\/blogg.atl.nu\/abbotnas-sateri\/2022\/09\/15\/forberedelserna-for-sista-svangen-ar-igang\/\" \/>\n<meta property=\"og:locale\" content=\"sv_SE\" \/>\n<meta property=\"og:type\" content=\"article\" \/>\n<meta property=\"og:title\" content=\"F\u00f6rberedelserna f\u00f6r sista sv\u00e4ngen \u00e4r ig\u00e5ng - Abbotn\u00e4s s\u00e4teri\" \/>\n<meta property=\"og:description\" content=\"S\u00e5 var det dags att b\u00f6rja f\u00f6rbereda inf\u00f6r s\u00e5dden av den sista skv\u00e4tten h\u00f6stvete. Det som nu \u00e4r kvar \u00e4r efter kornet och en v\u00e4ndteg. Kornf\u00e4lten \u00e4r nu pl\u00f6jda och v\u00e4ntar bara p\u00e5 att torka upp, men den sparade v\u00e4ndtegen l\u00e4mnades f\u00f6r att den ska gr\u00e4vas och det \u00e4r inte riktigt klart \u00e4n&#8230;. Enkelt val...\" \/>\n<meta property=\"og:url\" content=\"https:\/\/blogg.atl.nu\/abbotnas-sateri\/2022\/09\/15\/forberedelserna-for-sista-svangen-ar-igang\/\" \/>\n<meta property=\"og:site_name\" content=\"Abbotn\u00e4s s\u00e4teri\" \/>\n<meta property=\"article:author\" content=\"facebook.com\/mattiaswlarsson\" \/>\n<meta property=\"article:published_time\" content=\"2022-09-15T21:20:30+00:00\" \/>\n<meta property=\"article:modified_time\" content=\"2022-09-15T21:33:19+00:00\" \/>\n<meta property=\"og:image\" content=\"https:\/\/blogg.atl.nu\/abbotnas-sateri\/wp-content\/uploads\/sites\/41\/2022\/09\/P1227675-scaled.jpg\" \/>\n\t<meta property=\"og:image:width\" content=\"2048\" \/>\n\t<meta property=\"og:image:height\" content=\"1536\" \/>\n\t<meta property=\"og:image:type\" content=\"image\/jpeg\" \/>\n<meta name=\"author\" content=\"Mattias Larsson\" \/>\n<meta name=\"twitter:card\" content=\"summary_large_image\" \/>\n<meta name=\"twitter:label1\" content=\"Skriven av\" \/>\n\t<meta name=\"twitter:data1\" content=\"Mattias Larsson\" \/>\n\t<meta name=\"twitter:label2\" content=\"Ber\u00e4knad l\u00e4stid\" \/>\n\t<meta name=\"twitter:data2\" content=\"6 minuter\" \/>\n<script type=\"application\/ld+json\" class=\"yoast-schema-graph\">{\"@context\":\"https:\/\/schema.org\",\"@graph\":[{\"@type\":\"WebPage\",\"@id\":\"https:\/\/blogg.atl.nu\/abbotnas-sateri\/2022\/09\/15\/forberedelserna-for-sista-svangen-ar-igang\/\",\"url\":\"https:\/\/blogg.atl.nu\/abbotnas-sateri\/2022\/09\/15\/forberedelserna-for-sista-svangen-ar-igang\/\",\"name\":\"F\u00f6rberedelserna f\u00f6r sista sv\u00e4ngen \u00e4r ig\u00e5ng - Abbotn\u00e4s s\u00e4teri\",\"isPartOf\":{\"@id\":\"https:\/\/blogg.atl.nu\/abbotnas-sateri\/#website\"},\"datePublished\":\"2022-09-15T21:20:30+00:00\",\"dateModified\":\"2022-09-15T21:33:19+00:00\",\"author\":{\"@id\":\"https:\/\/blogg.atl.nu\/abbotnas-sateri\/#\/schema\/person\/3b681683e8c9711235140b74c4aad714\"},\"breadcrumb\":{\"@id\":\"https:\/\/blogg.atl.nu\/abbotnas-sateri\/2022\/09\/15\/forberedelserna-for-sista-svangen-ar-igang\/#breadcrumb\"},\"inLanguage\":\"sv-SE\",\"potentialAction\":[{\"@type\":\"ReadAction\",\"target\":[\"https:\/\/blogg.atl.nu\/abbotnas-sateri\/2022\/09\/15\/forberedelserna-for-sista-svangen-ar-igang\/\"]}]},{\"@type\":\"BreadcrumbList\",\"@id\":\"https:\/\/blogg.atl.nu\/abbotnas-sateri\/2022\/09\/15\/forberedelserna-for-sista-svangen-ar-igang\/#breadcrumb\",\"itemListElement\":[{\"@type\":\"ListItem\",\"position\":1,\"name\":\"Home\",\"item\":\"https:\/\/blogg.atl.nu\/abbotnas-sateri\/\"},{\"@type\":\"ListItem\",\"position\":2,\"name\":\"F\u00f6rberedelserna f\u00f6r sista sv\u00e4ngen \u00e4r ig\u00e5ng\"}]},{\"@type\":\"WebSite\",\"@id\":\"https:\/\/blogg.atl.nu\/abbotnas-sateri\/#website\",\"url\":\"https:\/\/blogg.atl.nu\/abbotnas-sateri\/\",\"name\":\"Abbotn\u00e4s s\u00e4teri\",\"description\":\"Mattias Larsson\",\"potentialAction\":[{\"@type\":\"SearchAction\",\"target\":{\"@type\":\"EntryPoint\",\"urlTemplate\":\"https:\/\/blogg.atl.nu\/abbotnas-sateri\/?s={search_term_string}\"},\"query-input\":\"required name=search_term_string\"}],\"inLanguage\":\"sv-SE\"},{\"@type\":\"Person\",\"@id\":\"https:\/\/blogg.atl.nu\/abbotnas-sateri\/#\/schema\/person\/3b681683e8c9711235140b74c4aad714\",\"name\":\"Mattias Larsson\",\"image\":{\"@type\":\"ImageObject\",\"inLanguage\":\"sv-SE\",\"@id\":\"https:\/\/blogg.atl.nu\/abbotnas-sateri\/#\/schema\/person\/image\/\",\"url\":\"https:\/\/secure.gravatar.com\/avatar\/ab52d1a4abaa2f256164ccb2caf8dcfb?s=96&d=mm&r=g\",\"contentUrl\":\"https:\/\/secure.gravatar.com\/avatar\/ab52d1a4abaa2f256164ccb2caf8dcfb?s=96&d=mm&r=g\",\"caption\":\"Mattias Larsson\"},\"sameAs\":[\"http:\/\/abbotnas.se\",\"facebook.com\/mattiaswlarsson\"],\"url\":\"https:\/\/blogg.atl.nu\/abbotnas-sateri\/author\/mlarsson\/\"}]}<\/script>\n<!-- \/ Yoast SEO plugin. -->","yoast_head_json":{"title":"F\u00f6rberedelserna f\u00f6r sista sv\u00e4ngen \u00e4r ig\u00e5ng - Abbotn\u00e4s s\u00e4teri","robots":{"index":"index","follow":"follow","max-snippet":"max-snippet:-1","max-image-preview":"max-image-preview:large","max-video-preview":"max-video-preview:-1"},"canonical":"https:\/\/blogg.atl.nu\/abbotnas-sateri\/2022\/09\/15\/forberedelserna-for-sista-svangen-ar-igang\/","og_locale":"sv_SE","og_type":"article","og_title":"F\u00f6rberedelserna f\u00f6r sista sv\u00e4ngen \u00e4r ig\u00e5ng - Abbotn\u00e4s s\u00e4teri","og_description":"S\u00e5 var det dags att b\u00f6rja f\u00f6rbereda inf\u00f6r s\u00e5dden av den sista skv\u00e4tten h\u00f6stvete. Det som nu \u00e4r kvar \u00e4r efter kornet och en v\u00e4ndteg. Kornf\u00e4lten \u00e4r nu pl\u00f6jda och v\u00e4ntar bara p\u00e5 att torka upp, men den sparade v\u00e4ndtegen l\u00e4mnades f\u00f6r att den ska gr\u00e4vas och det \u00e4r inte riktigt klart \u00e4n&#8230;. Enkelt val...","og_url":"https:\/\/blogg.atl.nu\/abbotnas-sateri\/2022\/09\/15\/forberedelserna-for-sista-svangen-ar-igang\/","og_site_name":"Abbotn\u00e4s s\u00e4teri","article_author":"facebook.com\/mattiaswlarsson","article_published_time":"2022-09-15T21:20:30+00:00","article_modified_time":"2022-09-15T21:33:19+00:00","og_image":[{"width":2048,"height":1536,"url":"https:\/\/blogg.atl.nu\/abbotnas-sateri\/wp-content\/uploads\/sites\/41\/2022\/09\/P1227675-scaled.jpg","type":"image\/jpeg"}],"author":"Mattias Larsson","twitter_card":"summary_large_image","twitter_misc":{"Skriven av":"Mattias Larsson","Ber\u00e4knad l\u00e4stid":"6 minuter"},"schema":{"@context":"https:\/\/schema.org","@graph":[{"@type":"WebPage","@id":"https:\/\/blogg.atl.nu\/abbotnas-sateri\/2022\/09\/15\/forberedelserna-for-sista-svangen-ar-igang\/","url":"https:\/\/blogg.atl.nu\/abbotnas-sateri\/2022\/09\/15\/forberedelserna-for-sista-svangen-ar-igang\/","name":"F\u00f6rberedelserna f\u00f6r sista sv\u00e4ngen \u00e4r ig\u00e5ng - Abbotn\u00e4s s\u00e4teri","isPartOf":{"@id":"https:\/\/blogg.atl.nu\/abbotnas-sateri\/#website"},"datePublished":"2022-09-15T21:20:30+00:00","dateModified":"2022-09-15T21:33:19+00:00","author":{"@id":"https:\/\/blogg.atl.nu\/abbotnas-sateri\/#\/schema\/person\/3b681683e8c9711235140b74c4aad714"},"breadcrumb":{"@id":"https:\/\/blogg.atl.nu\/abbotnas-sateri\/2022\/09\/15\/forberedelserna-for-sista-svangen-ar-igang\/#breadcrumb"},"inLanguage":"sv-SE","potentialAction":[{"@type":"ReadAction","target":["https:\/\/blogg.atl.nu\/abbotnas-sateri\/2022\/09\/15\/forberedelserna-for-sista-svangen-ar-igang\/"]}]},{"@type":"BreadcrumbList","@id":"https:\/\/blogg.atl.nu\/abbotnas-sateri\/2022\/09\/15\/forberedelserna-for-sista-svangen-ar-igang\/#breadcrumb","itemListElement":[{"@type":"ListItem","position":1,"name":"Home","item":"https:\/\/blogg.atl.nu\/abbotnas-sateri\/"},{"@type":"ListItem","position":2,"name":"F\u00f6rberedelserna f\u00f6r sista sv\u00e4ngen \u00e4r ig\u00e5ng"}]},{"@type":"WebSite","@id":"https:\/\/blogg.atl.nu\/abbotnas-sateri\/#website","url":"https:\/\/blogg.atl.nu\/abbotnas-sateri\/","name":"Abbotn\u00e4s s\u00e4teri","description":"Mattias Larsson","potentialAction":[{"@type":"SearchAction","target":{"@type":"EntryPoint","urlTemplate":"https:\/\/blogg.atl.nu\/abbotnas-sateri\/?s={search_term_string}"},"query-input":"required name=search_term_string"}],"inLanguage":"sv-SE"},{"@type":"Person","@id":"https:\/\/blogg.atl.nu\/abbotnas-sateri\/#\/schema\/person\/3b681683e8c9711235140b74c4aad714","name":"Mattias Larsson","image":{"@type":"ImageObject","inLanguage":"sv-SE","@id":"https:\/\/blogg.atl.nu\/abbotnas-sateri\/#\/schema\/person\/image\/","url":"https:\/\/secure.gravatar.com\/avatar\/ab52d1a4abaa2f256164ccb2caf8dcfb?s=96&d=mm&r=g","contentUrl":"https:\/\/secure.gravatar.com\/avatar\/ab52d1a4abaa2f256164ccb2caf8dcfb?s=96&d=mm&r=g","caption":"Mattias Larsson"},"sameAs":["http:\/\/abbotnas.se","facebook.com\/mattiaswlarsson"],"url":"https:\/\/blogg.atl.nu\/abbotnas-sateri\/author\/mlarsson\/"}]}},"_links":{"self":[{"href":"https:\/\/blogg.atl.nu\/abbotnas-sateri\/wp-json\/wp\/v2\/posts\/15427"}],"collection":[{"href":"https:\/\/blogg.atl.nu\/abbotnas-sateri\/wp-json\/wp\/v2\/posts"}],"about":[{"href":"https:\/\/blogg.atl.nu\/abbotnas-sateri\/wp-json\/wp\/v2\/types\/post"}],"author":[{"embeddable":true,"href":"https:\/\/blogg.atl.nu\/abbotnas-sateri\/wp-json\/wp\/v2\/users\/361"}],"replies":[{"embeddable":true,"href":"https:\/\/blogg.atl.nu\/abbotnas-sateri\/wp-json\/wp\/v2\/comments?post=15427"}],"version-history":[{"count":4,"href":"https:\/\/blogg.atl.nu\/abbotnas-sateri\/wp-json\/wp\/v2\/posts\/15427\/revisions"}],"predecessor-version":[{"id":15432,"href":"https:\/\/blogg.atl.nu\/abbotnas-sateri\/wp-json\/wp\/v2\/posts\/15427\/revisions\/15432"}],"wp:featuredmedia":[{"embeddable":true,"href":"https:\/\/blogg.atl.nu\/abbotnas-sateri\/wp-json\/wp\/v2\/media\/15428"}],"wp:attachment":[{"href":"https:\/\/blogg.atl.nu\/abbotnas-sateri\/wp-json\/wp\/v2\/media?parent=15427"}],"wp:term":[{"taxonomy":"category","embeddable":true,"href":"https:\/\/blogg.atl.nu\/abbotnas-sateri\/wp-json\/wp\/v2\/categories?post=15427"},{"taxonomy":"post_tag","embeddable":true,"href":"https:\/\/blogg.atl.nu\/abbotnas-sateri\/wp-json\/wp\/v2\/tags?post=15427"}],"curies":[{"name":"wp","href":"https:\/\/api.w.org\/{rel}","templated":true}]}}