{"id":1594,"date":"2020-06-03T00:04:45","date_gmt":"2020-06-02T22:04:45","guid":{"rendered":"https:\/\/blogg.atl.nu\/abbotnas-sateri\/?p=1594"},"modified":"2020-06-03T09:12:58","modified_gmt":"2020-06-03T07:12:58","slug":"nu-ar-vallen-slagen","status":"publish","type":"post","link":"https:\/\/blogg.atl.nu\/abbotnas-sateri\/2020\/06\/03\/nu-ar-vallen-slagen\/","title":{"rendered":"Nu \u00e4r vallen slagen"},"content":{"rendered":"<h3>Idag beh\u00f6vde jag inte l\u00e4ngre titta p\u00e5 alla fina bilder fr\u00e5n alla som nu \u00e4r ig\u00e5ng med vallsk\u00f6rden. Idag kunde jag ta n\u00e5gra egna. Jag slog idag en del av v\u00e5r vall, vi b\u00f6rjar fr\u00e5n b\u00f6rjan:<\/h3>\n<h3>936:an \u00e4r tillbaka<\/h3>\n<p><strong>Ig\u00e5r n\u00e4mnde jag<\/strong> ju att vi saknade traktor att sl\u00e5 med, idag l\u00f6ste det sig. Efter n\u00e5gra veckor inne p\u00e5 Lantm\u00e4nnen i Katrineholm s\u00e5 fick \u00e4ntligen 936:an komma hem igen. Jag vet det l\u00e5ter allvarligt att skriva att den har varit d\u00e4r i n\u00e5gra veckor, det var inte s\u00e5 allvarligt som det l\u00e5ter. Det var bara ett litet stag som skulle bytas. F\u00f6r att byta staget var man tvungen att lyfta upp hytten. De b\u00f6rjade skruva med detta ig\u00e5r och efter h\u00e5rt arbete av n\u00e5gra mekar inatt, s\u00e5 var traktorn k\u00f6rklar i morse. Stort tack f\u00f6r det! Plan B blev uppskjuten, sk\u00f6nt.<\/p>\n<figure id=\"attachment_1609\" aria-describedby=\"caption-attachment-1609\" style=\"width: 2016px\" class=\"wp-caption alignnone\"><img loading=\"lazy\" class=\"wp-image-1609 size-full\" src=\"https:\/\/blogg.atl.nu\/abbotnas-sateri\/wp-content\/uploads\/sites\/41\/2020\/06\/IMG_5131.jpg\" alt=\"\" width=\"2016\" height=\"1512\" srcset=\"https:\/\/blogg.atl.nu\/abbotnas-sateri\/wp-content\/uploads\/sites\/41\/2020\/06\/IMG_5131.jpg 2016w, https:\/\/blogg.atl.nu\/abbotnas-sateri\/wp-content\/uploads\/sites\/41\/2020\/06\/IMG_5131-300x225.jpg 300w, https:\/\/blogg.atl.nu\/abbotnas-sateri\/wp-content\/uploads\/sites\/41\/2020\/06\/IMG_5131-768x576.jpg 768w, https:\/\/blogg.atl.nu\/abbotnas-sateri\/wp-content\/uploads\/sites\/41\/2020\/06\/IMG_5131-1024x768.jpg 1024w\" sizes=\"(max-width: 2016px) 100vw, 2016px\" \/><figcaption id=\"caption-attachment-1609\" class=\"wp-caption-text\">Alldeles nykalibrerad och redo f\u00f6r jobb.<\/figcaption><\/figure>\n<h3>Plan B i alla fall?<\/h3>\n<p><strong>N\u00e4r jag v\u00e4l<\/strong> kommit hem med traktorn och b\u00f6rjade koppla sl\u00e5tterkrossarna, \u00e5terkom ett liknande problem. Det fels\u00f6ktes till en givare som verkar ha gett upp under hemf\u00e4rden med traktorn. Det verkade som att plan B kanske skull bli aktuell i alla fall. Medan jag v\u00e4ntade p\u00e5 besked om det fanns en givare p\u00e5 n\u00e4ra h\u00e5ll eller inte, s\u00e5 haltade jag runt med traktorn och kopplade p\u00e5 sl\u00e5tterkrossarna. \u00c4ven om krossarna redan var servade innan de vinterf\u00f6rvarades, s\u00e5 \u00e4r det sk\u00f6nt att g\u00e5 \u00f6ver allt noggrant precis innan start. N\u00e4r det var gjort s\u00e5 kopplade jag av krossarna och v\u00e4ntade och v\u00e4ntande och v\u00e4ntade. Pang s\u00e5 ringde Jocke fr\u00e5n lantm\u00e4nnen, givare fanns och han var p\u00e5 v\u00e4g.<\/p>\n<figure id=\"attachment_1610\" aria-describedby=\"caption-attachment-1610\" style=\"width: 2016px\" class=\"wp-caption alignnone\"><img loading=\"lazy\" class=\"wp-image-1610 size-full\" src=\"https:\/\/blogg.atl.nu\/abbotnas-sateri\/wp-content\/uploads\/sites\/41\/2020\/06\/IMG_5139.jpg\" alt=\"\" width=\"2016\" height=\"1512\" srcset=\"https:\/\/blogg.atl.nu\/abbotnas-sateri\/wp-content\/uploads\/sites\/41\/2020\/06\/IMG_5139.jpg 2016w, https:\/\/blogg.atl.nu\/abbotnas-sateri\/wp-content\/uploads\/sites\/41\/2020\/06\/IMG_5139-300x225.jpg 300w, https:\/\/blogg.atl.nu\/abbotnas-sateri\/wp-content\/uploads\/sites\/41\/2020\/06\/IMG_5139-768x576.jpg 768w, https:\/\/blogg.atl.nu\/abbotnas-sateri\/wp-content\/uploads\/sites\/41\/2020\/06\/IMG_5139-1024x768.jpg 1024w\" sizes=\"(max-width: 2016px) 100vw, 2016px\" \/><figcaption id=\"caption-attachment-1610\" class=\"wp-caption-text\">Provk\u00f6rda och nysmorda igen.<\/figcaption><\/figure>\n<h3>Allting l\u00f6ser sig<\/h3>\n<p>Traktorn k\u00f6rdes in i v\u00e5ran verkstad och jag f\u00f6rberedde s\u00e5 gott jag kunde. Ett litet tag efter lunch var traktorn som ny igen och jag kunde koppla p\u00e5 krossarna igen. Tack igen f\u00f6r denna akut-utryckning, bra service!<\/p>\n<figure id=\"attachment_1612\" aria-describedby=\"caption-attachment-1612\" style=\"width: 2016px\" class=\"wp-caption alignnone\"><img loading=\"lazy\" class=\"wp-image-1612 size-full\" src=\"https:\/\/blogg.atl.nu\/abbotnas-sateri\/wp-content\/uploads\/sites\/41\/2020\/06\/IMG_5147.jpg\" alt=\"\" width=\"2016\" height=\"1512\" srcset=\"https:\/\/blogg.atl.nu\/abbotnas-sateri\/wp-content\/uploads\/sites\/41\/2020\/06\/IMG_5147.jpg 2016w, https:\/\/blogg.atl.nu\/abbotnas-sateri\/wp-content\/uploads\/sites\/41\/2020\/06\/IMG_5147-300x225.jpg 300w, https:\/\/blogg.atl.nu\/abbotnas-sateri\/wp-content\/uploads\/sites\/41\/2020\/06\/IMG_5147-768x576.jpg 768w, https:\/\/blogg.atl.nu\/abbotnas-sateri\/wp-content\/uploads\/sites\/41\/2020\/06\/IMG_5147-1024x768.jpg 1024w\" sizes=\"(max-width: 2016px) 100vw, 2016px\" \/><figcaption id=\"caption-attachment-1612\" class=\"wp-caption-text\">Givaren satt smidigt g\u00f6md bakom h\u00f6gra bakhjulet.<\/figcaption><\/figure>\n<figure id=\"attachment_1611\" aria-describedby=\"caption-attachment-1611\" style=\"width: 2016px\" class=\"wp-caption alignnone\"><img loading=\"lazy\" class=\"wp-image-1611 size-full\" src=\"https:\/\/blogg.atl.nu\/abbotnas-sateri\/wp-content\/uploads\/sites\/41\/2020\/06\/IMG_5143.jpg\" alt=\"\" width=\"2016\" height=\"1512\" srcset=\"https:\/\/blogg.atl.nu\/abbotnas-sateri\/wp-content\/uploads\/sites\/41\/2020\/06\/IMG_5143.jpg 2016w, https:\/\/blogg.atl.nu\/abbotnas-sateri\/wp-content\/uploads\/sites\/41\/2020\/06\/IMG_5143-300x225.jpg 300w, https:\/\/blogg.atl.nu\/abbotnas-sateri\/wp-content\/uploads\/sites\/41\/2020\/06\/IMG_5143-768x576.jpg 768w, https:\/\/blogg.atl.nu\/abbotnas-sateri\/wp-content\/uploads\/sites\/41\/2020\/06\/IMG_5143-1024x768.jpg 1024w\" sizes=\"(max-width: 2016px) 100vw, 2016px\" \/><figcaption id=\"caption-attachment-1611\" class=\"wp-caption-text\">D\u00e4r inne sitter den&#8230;. den gr\u00e5a mitt i bild.<\/figcaption><\/figure>\n<figure id=\"attachment_1596\" aria-describedby=\"caption-attachment-1596\" style=\"width: 2016px\" class=\"wp-caption alignnone\"><img loading=\"lazy\" class=\"wp-image-1596 size-full\" src=\"https:\/\/blogg.atl.nu\/abbotnas-sateri\/wp-content\/uploads\/sites\/41\/2020\/06\/IMG_5156.jpg\" alt=\"\" width=\"2016\" height=\"1512\" srcset=\"https:\/\/blogg.atl.nu\/abbotnas-sateri\/wp-content\/uploads\/sites\/41\/2020\/06\/IMG_5156.jpg 2016w, https:\/\/blogg.atl.nu\/abbotnas-sateri\/wp-content\/uploads\/sites\/41\/2020\/06\/IMG_5156-300x225.jpg 300w, https:\/\/blogg.atl.nu\/abbotnas-sateri\/wp-content\/uploads\/sites\/41\/2020\/06\/IMG_5156-768x576.jpg 768w, https:\/\/blogg.atl.nu\/abbotnas-sateri\/wp-content\/uploads\/sites\/41\/2020\/06\/IMG_5156-1024x768.jpg 1024w\" sizes=\"(max-width: 2016px) 100vw, 2016px\" \/><figcaption id=\"caption-attachment-1596\" class=\"wp-caption-text\">Inga j\u00e4tte synliga fel p\u00e5 varken hylsa eller givare. Men fel var det uppenbarligen \u00e4nd\u00e5.<\/figcaption><\/figure>\n<figure id=\"attachment_1597\" aria-describedby=\"caption-attachment-1597\" style=\"width: 2016px\" class=\"wp-caption alignnone\"><img loading=\"lazy\" class=\"wp-image-1597 size-full\" src=\"https:\/\/blogg.atl.nu\/abbotnas-sateri\/wp-content\/uploads\/sites\/41\/2020\/06\/IMG_5158.jpg\" alt=\"\" width=\"2016\" height=\"1512\" srcset=\"https:\/\/blogg.atl.nu\/abbotnas-sateri\/wp-content\/uploads\/sites\/41\/2020\/06\/IMG_5158.jpg 2016w, https:\/\/blogg.atl.nu\/abbotnas-sateri\/wp-content\/uploads\/sites\/41\/2020\/06\/IMG_5158-300x225.jpg 300w, https:\/\/blogg.atl.nu\/abbotnas-sateri\/wp-content\/uploads\/sites\/41\/2020\/06\/IMG_5158-768x576.jpg 768w, https:\/\/blogg.atl.nu\/abbotnas-sateri\/wp-content\/uploads\/sites\/41\/2020\/06\/IMG_5158-1024x768.jpg 1024w\" sizes=\"(max-width: 2016px) 100vw, 2016px\" \/><figcaption id=\"caption-attachment-1597\" class=\"wp-caption-text\">Redo p\u00e5 riktigt den h\u00e4r g\u00e5ngen.<\/figcaption><\/figure>\n<h3>Bra dag \u00e4nd\u00e5<\/h3>\n<p><strong>Trotts denna f\u00f6rsening<\/strong> s\u00e5 slog jag dagens beting utan att utnyttja hela natten, det \u00e4r fruktansv\u00e4rt sk\u00f6nt med bra sl\u00e5tterkapacitet. Dagens huvudm\u00e5l var v\u00e5ra f\u00f6rsta \u00e5rs vallar. De flesta av dem kommer j\u00e4tte fint, men ogr\u00e4set verkar ha haft en lite tjuvstart. F\u00f6r att f\u00e5 bort ogr\u00e4set och ge vallen en ny chans s\u00e5 slog vi dem. N\u00e4r jag \u00e4nd\u00e5 \u00e5kte f\u00f6rbi n\u00e5gra av v\u00e5ra \u00e4ldre och finare vallar \u00e5kte dem med av bara farten. N\u00e4r jag parkerade ikv\u00e4ll hade arealm\u00e4taren stannat p\u00e5 44 hektar enligt EU kartan.<\/p>\n<figure id=\"attachment_1613\" aria-describedby=\"caption-attachment-1613\" style=\"width: 1159px\" class=\"wp-caption alignnone\"><img loading=\"lazy\" class=\"wp-image-1613 size-full\" src=\"https:\/\/blogg.atl.nu\/abbotnas-sateri\/wp-content\/uploads\/sites\/41\/2020\/06\/Anteckning-2020-06-02-232956.png\" alt=\"\" width=\"1159\" height=\"639\" srcset=\"https:\/\/blogg.atl.nu\/abbotnas-sateri\/wp-content\/uploads\/sites\/41\/2020\/06\/Anteckning-2020-06-02-232956.png 1159w, https:\/\/blogg.atl.nu\/abbotnas-sateri\/wp-content\/uploads\/sites\/41\/2020\/06\/Anteckning-2020-06-02-232956-300x165.png 300w, https:\/\/blogg.atl.nu\/abbotnas-sateri\/wp-content\/uploads\/sites\/41\/2020\/06\/Anteckning-2020-06-02-232956-768x423.png 768w, https:\/\/blogg.atl.nu\/abbotnas-sateri\/wp-content\/uploads\/sites\/41\/2020\/06\/Anteckning-2020-06-02-232956-1024x565.png 1024w\" sizes=\"(max-width: 1159px) 100vw, 1159px\" \/><figcaption id=\"caption-attachment-1613\" class=\"wp-caption-text\">De h\u00e4r bitarna blev idag slagna.<\/figcaption><\/figure>\n<figure id=\"attachment_1600\" aria-describedby=\"caption-attachment-1600\" style=\"width: 2016px\" class=\"wp-caption alignnone\"><img loading=\"lazy\" class=\"wp-image-1600 size-full\" src=\"https:\/\/blogg.atl.nu\/abbotnas-sateri\/wp-content\/uploads\/sites\/41\/2020\/06\/IMG_5189.jpg\" alt=\"\" width=\"2016\" height=\"1512\" srcset=\"https:\/\/blogg.atl.nu\/abbotnas-sateri\/wp-content\/uploads\/sites\/41\/2020\/06\/IMG_5189.jpg 2016w, https:\/\/blogg.atl.nu\/abbotnas-sateri\/wp-content\/uploads\/sites\/41\/2020\/06\/IMG_5189-300x225.jpg 300w, https:\/\/blogg.atl.nu\/abbotnas-sateri\/wp-content\/uploads\/sites\/41\/2020\/06\/IMG_5189-768x576.jpg 768w, https:\/\/blogg.atl.nu\/abbotnas-sateri\/wp-content\/uploads\/sites\/41\/2020\/06\/IMG_5189-1024x768.jpg 1024w\" sizes=\"(max-width: 2016px) 100vw, 2016px\" \/><figcaption id=\"caption-attachment-1600\" class=\"wp-caption-text\">En av de \u00e4ldre vallarna, h\u00e4r med vad jag uppfattar det som bra med gr\u00e4s.<\/figcaption><\/figure>\n<figure id=\"attachment_1605\" aria-describedby=\"caption-attachment-1605\" style=\"width: 2016px\" class=\"wp-caption alignnone\"><img loading=\"lazy\" class=\"wp-image-1605 size-full\" src=\"https:\/\/blogg.atl.nu\/abbotnas-sateri\/wp-content\/uploads\/sites\/41\/2020\/06\/IMG_5223.jpg\" alt=\"\" width=\"2016\" height=\"1512\" srcset=\"https:\/\/blogg.atl.nu\/abbotnas-sateri\/wp-content\/uploads\/sites\/41\/2020\/06\/IMG_5223.jpg 2016w, https:\/\/blogg.atl.nu\/abbotnas-sateri\/wp-content\/uploads\/sites\/41\/2020\/06\/IMG_5223-300x225.jpg 300w, https:\/\/blogg.atl.nu\/abbotnas-sateri\/wp-content\/uploads\/sites\/41\/2020\/06\/IMG_5223-768x576.jpg 768w, https:\/\/blogg.atl.nu\/abbotnas-sateri\/wp-content\/uploads\/sites\/41\/2020\/06\/IMG_5223-1024x768.jpg 1024w\" sizes=\"(max-width: 2016px) 100vw, 2016px\" \/><figcaption id=\"caption-attachment-1605\" class=\"wp-caption-text\">Ingen snygg parkering, men det g\u00e5r inte att komma l\u00e4ngre in om man inte har en st\u00f6rre\/starkare traktor.<\/figcaption><\/figure>\n<figure id=\"attachment_1601\" aria-describedby=\"caption-attachment-1601\" style=\"width: 2016px\" class=\"wp-caption alignnone\"><img loading=\"lazy\" class=\"wp-image-1601 size-full\" src=\"https:\/\/blogg.atl.nu\/abbotnas-sateri\/wp-content\/uploads\/sites\/41\/2020\/06\/IMG_5191.jpg\" alt=\"\" width=\"2016\" height=\"1512\" srcset=\"https:\/\/blogg.atl.nu\/abbotnas-sateri\/wp-content\/uploads\/sites\/41\/2020\/06\/IMG_5191.jpg 2016w, https:\/\/blogg.atl.nu\/abbotnas-sateri\/wp-content\/uploads\/sites\/41\/2020\/06\/IMG_5191-300x225.jpg 300w, https:\/\/blogg.atl.nu\/abbotnas-sateri\/wp-content\/uploads\/sites\/41\/2020\/06\/IMG_5191-768x576.jpg 768w, https:\/\/blogg.atl.nu\/abbotnas-sateri\/wp-content\/uploads\/sites\/41\/2020\/06\/IMG_5191-1024x768.jpg 1024w\" sizes=\"(max-width: 2016px) 100vw, 2016px\" \/><figcaption id=\"caption-attachment-1601\" class=\"wp-caption-text\">Som de syns p\u00e5 bilderna s\u00e5 har vi Kuhn krossar, jag kommer skriva om dem hyfsat snart.<\/figcaption><\/figure>\n<p><strong>Nu \u00e4r temat<\/strong> lite vallsk\u00f6rd p\u00e5 g\u00e5rden och nu har \u00e4ven plastarna f\u00e5tt komma ut i ljuset igen. P\u00e5 torsdag ska grejorna vara helt redo f\u00f6r d\u00e5 ska det pressas och plastas s\u00e5 det bara sprutar balar \u00f6verallt.<\/p>\n<figure id=\"attachment_1606\" aria-describedby=\"caption-attachment-1606\" style=\"width: 2016px\" class=\"wp-caption alignnone\"><img loading=\"lazy\" class=\"wp-image-1606 size-full\" src=\"https:\/\/blogg.atl.nu\/abbotnas-sateri\/wp-content\/uploads\/sites\/41\/2020\/06\/IMG_5224.jpg\" alt=\"\" width=\"2016\" height=\"1512\" srcset=\"https:\/\/blogg.atl.nu\/abbotnas-sateri\/wp-content\/uploads\/sites\/41\/2020\/06\/IMG_5224.jpg 2016w, https:\/\/blogg.atl.nu\/abbotnas-sateri\/wp-content\/uploads\/sites\/41\/2020\/06\/IMG_5224-300x225.jpg 300w, https:\/\/blogg.atl.nu\/abbotnas-sateri\/wp-content\/uploads\/sites\/41\/2020\/06\/IMG_5224-768x576.jpg 768w, https:\/\/blogg.atl.nu\/abbotnas-sateri\/wp-content\/uploads\/sites\/41\/2020\/06\/IMG_5224-1024x768.jpg 1024w\" sizes=\"(max-width: 2016px) 100vw, 2016px\" \/><figcaption id=\"caption-attachment-1606\" class=\"wp-caption-text\">V\u00e4lkomna ut i solen!<\/figcaption><\/figure>\n<figure id=\"attachment_1608\" aria-describedby=\"caption-attachment-1608\" style=\"width: 2016px\" class=\"wp-caption alignnone\"><img loading=\"lazy\" class=\"wp-image-1608 size-full\" src=\"https:\/\/blogg.atl.nu\/abbotnas-sateri\/wp-content\/uploads\/sites\/41\/2020\/06\/IMG_5229.jpg\" alt=\"\" width=\"2016\" height=\"1512\" srcset=\"https:\/\/blogg.atl.nu\/abbotnas-sateri\/wp-content\/uploads\/sites\/41\/2020\/06\/IMG_5229.jpg 2016w, https:\/\/blogg.atl.nu\/abbotnas-sateri\/wp-content\/uploads\/sites\/41\/2020\/06\/IMG_5229-300x225.jpg 300w, https:\/\/blogg.atl.nu\/abbotnas-sateri\/wp-content\/uploads\/sites\/41\/2020\/06\/IMG_5229-768x576.jpg 768w, https:\/\/blogg.atl.nu\/abbotnas-sateri\/wp-content\/uploads\/sites\/41\/2020\/06\/IMG_5229-1024x768.jpg 1024w\" sizes=\"(max-width: 2016px) 100vw, 2016px\" \/><figcaption id=\"caption-attachment-1608\" class=\"wp-caption-text\">Farsan b\u00f6rjade idag att bl\u00e5s rent pressen efter h\u00f6sten. Materialet som idag bl\u00e5ste bort skulle n\u00e4stan r\u00e4cka till en bal.<\/figcaption><\/figure>\n<h3>Snart skiftar vetef\u00e4lten i f\u00e4rg, Norinets ax \u00e4r p\u00e5 v\u00e4g ur holk.<\/h3>\n<p><img loading=\"lazy\" class=\"alignnone wp-image-1604 size-full\" src=\"https:\/\/blogg.atl.nu\/abbotnas-sateri\/wp-content\/uploads\/sites\/41\/2020\/06\/IMG_5213.jpg\" alt=\"\" width=\"2016\" height=\"1512\" srcset=\"https:\/\/blogg.atl.nu\/abbotnas-sateri\/wp-content\/uploads\/sites\/41\/2020\/06\/IMG_5213.jpg 2016w, https:\/\/blogg.atl.nu\/abbotnas-sateri\/wp-content\/uploads\/sites\/41\/2020\/06\/IMG_5213-300x225.jpg 300w, https:\/\/blogg.atl.nu\/abbotnas-sateri\/wp-content\/uploads\/sites\/41\/2020\/06\/IMG_5213-768x576.jpg 768w, https:\/\/blogg.atl.nu\/abbotnas-sateri\/wp-content\/uploads\/sites\/41\/2020\/06\/IMG_5213-1024x768.jpg 1024w\" sizes=\"(max-width: 2016px) 100vw, 2016px\" \/><\/p>\n<p>Oj oj vad fort allting g\u00e5r, det \u00e4r redan 2 juni och imorgon ska f\u00f6rmodligen en del av gr\u00e4set som \u00e4r slaget spr\u00e4ttas runt, men det \u00e5terst\u00e5r att se.<\/p>\n<p>&nbsp;<\/p>\n<p>&nbsp;<\/p>\n","protected":false},"excerpt":{"rendered":"<p>Idag beh\u00f6vde jag inte l\u00e4ngre titta p\u00e5 alla fina bilder fr\u00e5n alla som nu \u00e4r ig\u00e5ng med vallsk\u00f6rden. Idag kunde jag ta n\u00e5gra egna. Jag slog idag en del av v\u00e5r vall, vi b\u00f6rjar fr\u00e5n b\u00f6rjan: 936:an \u00e4r tillbaka Ig\u00e5r n\u00e4mnde jag ju att vi saknade traktor att sl\u00e5 med, idag l\u00f6ste det sig. Efter&#8230;<\/p>\n","protected":false},"author":361,"featured_media":1599,"comment_status":"open","ping_status":"open","sticky":false,"template":"","format":"standard","meta":[],"categories":[20,22,47,9],"tags":[31,23,37],"yoast_head":"<!-- This site is optimized with the Yoast SEO plugin v19.6 - https:\/\/yoast.com\/wordpress\/plugins\/seo\/ -->\n<title>Nu \u00e4r vallen slagen - Abbotn\u00e4s s\u00e4teri<\/title>\n<meta name=\"robots\" content=\"index, follow, max-snippet:-1, max-image-preview:large, max-video-preview:-1\" \/>\n<link rel=\"canonical\" href=\"https:\/\/blogg.atl.nu\/abbotnas-sateri\/2020\/06\/03\/nu-ar-vallen-slagen\/\" \/>\n<meta property=\"og:locale\" content=\"sv_SE\" \/>\n<meta property=\"og:type\" content=\"article\" \/>\n<meta property=\"og:title\" content=\"Nu \u00e4r vallen slagen - Abbotn\u00e4s s\u00e4teri\" \/>\n<meta property=\"og:description\" content=\"Idag beh\u00f6vde jag inte l\u00e4ngre titta p\u00e5 alla fina bilder fr\u00e5n alla som nu \u00e4r ig\u00e5ng med vallsk\u00f6rden. Idag kunde jag ta n\u00e5gra egna. Jag slog idag en del av v\u00e5r vall, vi b\u00f6rjar fr\u00e5n b\u00f6rjan: 936:an \u00e4r tillbaka Ig\u00e5r n\u00e4mnde jag ju att vi saknade traktor att sl\u00e5 med, idag l\u00f6ste det sig. Efter...\" \/>\n<meta property=\"og:url\" content=\"https:\/\/blogg.atl.nu\/abbotnas-sateri\/2020\/06\/03\/nu-ar-vallen-slagen\/\" \/>\n<meta property=\"og:site_name\" content=\"Abbotn\u00e4s s\u00e4teri\" \/>\n<meta property=\"article:author\" content=\"facebook.com\/mattiaswlarsson\" \/>\n<meta property=\"article:published_time\" content=\"2020-06-02T22:04:45+00:00\" \/>\n<meta property=\"article:modified_time\" content=\"2020-06-03T07:12:58+00:00\" \/>\n<meta property=\"og:image\" content=\"https:\/\/blogg.atl.nu\/abbotnas-sateri\/wp-content\/uploads\/sites\/41\/2020\/06\/IMG_5186.jpg\" \/>\n\t<meta property=\"og:image:width\" content=\"2016\" \/>\n\t<meta property=\"og:image:height\" content=\"1512\" \/>\n\t<meta property=\"og:image:type\" content=\"image\/jpeg\" \/>\n<meta name=\"author\" content=\"Mattias Larsson\" \/>\n<meta name=\"twitter:card\" content=\"summary_large_image\" \/>\n<meta name=\"twitter:label1\" content=\"Skriven av\" \/>\n\t<meta name=\"twitter:data1\" content=\"Mattias Larsson\" \/>\n\t<meta name=\"twitter:label2\" content=\"Ber\u00e4knad l\u00e4stid\" \/>\n\t<meta name=\"twitter:data2\" content=\"4 minuter\" \/>\n<script type=\"application\/ld+json\" class=\"yoast-schema-graph\">{\"@context\":\"https:\/\/schema.org\",\"@graph\":[{\"@type\":\"WebPage\",\"@id\":\"https:\/\/blogg.atl.nu\/abbotnas-sateri\/2020\/06\/03\/nu-ar-vallen-slagen\/\",\"url\":\"https:\/\/blogg.atl.nu\/abbotnas-sateri\/2020\/06\/03\/nu-ar-vallen-slagen\/\",\"name\":\"Nu \u00e4r vallen slagen - Abbotn\u00e4s s\u00e4teri\",\"isPartOf\":{\"@id\":\"https:\/\/blogg.atl.nu\/abbotnas-sateri\/#website\"},\"datePublished\":\"2020-06-02T22:04:45+00:00\",\"dateModified\":\"2020-06-03T07:12:58+00:00\",\"author\":{\"@id\":\"https:\/\/blogg.atl.nu\/abbotnas-sateri\/#\/schema\/person\/3b681683e8c9711235140b74c4aad714\"},\"breadcrumb\":{\"@id\":\"https:\/\/blogg.atl.nu\/abbotnas-sateri\/2020\/06\/03\/nu-ar-vallen-slagen\/#breadcrumb\"},\"inLanguage\":\"sv-SE\",\"potentialAction\":[{\"@type\":\"ReadAction\",\"target\":[\"https:\/\/blogg.atl.nu\/abbotnas-sateri\/2020\/06\/03\/nu-ar-vallen-slagen\/\"]}]},{\"@type\":\"BreadcrumbList\",\"@id\":\"https:\/\/blogg.atl.nu\/abbotnas-sateri\/2020\/06\/03\/nu-ar-vallen-slagen\/#breadcrumb\",\"itemListElement\":[{\"@type\":\"ListItem\",\"position\":1,\"name\":\"Home\",\"item\":\"https:\/\/blogg.atl.nu\/abbotnas-sateri\/\"},{\"@type\":\"ListItem\",\"position\":2,\"name\":\"Nu \u00e4r vallen slagen\"}]},{\"@type\":\"WebSite\",\"@id\":\"https:\/\/blogg.atl.nu\/abbotnas-sateri\/#website\",\"url\":\"https:\/\/blogg.atl.nu\/abbotnas-sateri\/\",\"name\":\"Abbotn\u00e4s s\u00e4teri\",\"description\":\"Mattias Larsson\",\"potentialAction\":[{\"@type\":\"SearchAction\",\"target\":{\"@type\":\"EntryPoint\",\"urlTemplate\":\"https:\/\/blogg.atl.nu\/abbotnas-sateri\/?s={search_term_string}\"},\"query-input\":\"required name=search_term_string\"}],\"inLanguage\":\"sv-SE\"},{\"@type\":\"Person\",\"@id\":\"https:\/\/blogg.atl.nu\/abbotnas-sateri\/#\/schema\/person\/3b681683e8c9711235140b74c4aad714\",\"name\":\"Mattias Larsson\",\"image\":{\"@type\":\"ImageObject\",\"inLanguage\":\"sv-SE\",\"@id\":\"https:\/\/blogg.atl.nu\/abbotnas-sateri\/#\/schema\/person\/image\/\",\"url\":\"https:\/\/secure.gravatar.com\/avatar\/ab52d1a4abaa2f256164ccb2caf8dcfb?s=96&d=mm&r=g\",\"contentUrl\":\"https:\/\/secure.gravatar.com\/avatar\/ab52d1a4abaa2f256164ccb2caf8dcfb?s=96&d=mm&r=g\",\"caption\":\"Mattias Larsson\"},\"sameAs\":[\"http:\/\/abbotnas.se\",\"facebook.com\/mattiaswlarsson\"],\"url\":\"https:\/\/blogg.atl.nu\/abbotnas-sateri\/author\/mlarsson\/\"}]}<\/script>\n<!-- \/ Yoast SEO plugin. -->","yoast_head_json":{"title":"Nu \u00e4r vallen slagen - Abbotn\u00e4s s\u00e4teri","robots":{"index":"index","follow":"follow","max-snippet":"max-snippet:-1","max-image-preview":"max-image-preview:large","max-video-preview":"max-video-preview:-1"},"canonical":"https:\/\/blogg.atl.nu\/abbotnas-sateri\/2020\/06\/03\/nu-ar-vallen-slagen\/","og_locale":"sv_SE","og_type":"article","og_title":"Nu \u00e4r vallen slagen - Abbotn\u00e4s s\u00e4teri","og_description":"Idag beh\u00f6vde jag inte l\u00e4ngre titta p\u00e5 alla fina bilder fr\u00e5n alla som nu \u00e4r ig\u00e5ng med vallsk\u00f6rden. Idag kunde jag ta n\u00e5gra egna. Jag slog idag en del av v\u00e5r vall, vi b\u00f6rjar fr\u00e5n b\u00f6rjan: 936:an \u00e4r tillbaka Ig\u00e5r n\u00e4mnde jag ju att vi saknade traktor att sl\u00e5 med, idag l\u00f6ste det sig. Efter...","og_url":"https:\/\/blogg.atl.nu\/abbotnas-sateri\/2020\/06\/03\/nu-ar-vallen-slagen\/","og_site_name":"Abbotn\u00e4s s\u00e4teri","article_author":"facebook.com\/mattiaswlarsson","article_published_time":"2020-06-02T22:04:45+00:00","article_modified_time":"2020-06-03T07:12:58+00:00","og_image":[{"width":2016,"height":1512,"url":"https:\/\/blogg.atl.nu\/abbotnas-sateri\/wp-content\/uploads\/sites\/41\/2020\/06\/IMG_5186.jpg","type":"image\/jpeg"}],"author":"Mattias Larsson","twitter_card":"summary_large_image","twitter_misc":{"Skriven av":"Mattias Larsson","Ber\u00e4knad l\u00e4stid":"4 minuter"},"schema":{"@context":"https:\/\/schema.org","@graph":[{"@type":"WebPage","@id":"https:\/\/blogg.atl.nu\/abbotnas-sateri\/2020\/06\/03\/nu-ar-vallen-slagen\/","url":"https:\/\/blogg.atl.nu\/abbotnas-sateri\/2020\/06\/03\/nu-ar-vallen-slagen\/","name":"Nu \u00e4r vallen slagen - Abbotn\u00e4s s\u00e4teri","isPartOf":{"@id":"https:\/\/blogg.atl.nu\/abbotnas-sateri\/#website"},"datePublished":"2020-06-02T22:04:45+00:00","dateModified":"2020-06-03T07:12:58+00:00","author":{"@id":"https:\/\/blogg.atl.nu\/abbotnas-sateri\/#\/schema\/person\/3b681683e8c9711235140b74c4aad714"},"breadcrumb":{"@id":"https:\/\/blogg.atl.nu\/abbotnas-sateri\/2020\/06\/03\/nu-ar-vallen-slagen\/#breadcrumb"},"inLanguage":"sv-SE","potentialAction":[{"@type":"ReadAction","target":["https:\/\/blogg.atl.nu\/abbotnas-sateri\/2020\/06\/03\/nu-ar-vallen-slagen\/"]}]},{"@type":"BreadcrumbList","@id":"https:\/\/blogg.atl.nu\/abbotnas-sateri\/2020\/06\/03\/nu-ar-vallen-slagen\/#breadcrumb","itemListElement":[{"@type":"ListItem","position":1,"name":"Home","item":"https:\/\/blogg.atl.nu\/abbotnas-sateri\/"},{"@type":"ListItem","position":2,"name":"Nu \u00e4r vallen slagen"}]},{"@type":"WebSite","@id":"https:\/\/blogg.atl.nu\/abbotnas-sateri\/#website","url":"https:\/\/blogg.atl.nu\/abbotnas-sateri\/","name":"Abbotn\u00e4s s\u00e4teri","description":"Mattias Larsson","potentialAction":[{"@type":"SearchAction","target":{"@type":"EntryPoint","urlTemplate":"https:\/\/blogg.atl.nu\/abbotnas-sateri\/?s={search_term_string}"},"query-input":"required name=search_term_string"}],"inLanguage":"sv-SE"},{"@type":"Person","@id":"https:\/\/blogg.atl.nu\/abbotnas-sateri\/#\/schema\/person\/3b681683e8c9711235140b74c4aad714","name":"Mattias Larsson","image":{"@type":"ImageObject","inLanguage":"sv-SE","@id":"https:\/\/blogg.atl.nu\/abbotnas-sateri\/#\/schema\/person\/image\/","url":"https:\/\/secure.gravatar.com\/avatar\/ab52d1a4abaa2f256164ccb2caf8dcfb?s=96&d=mm&r=g","contentUrl":"https:\/\/secure.gravatar.com\/avatar\/ab52d1a4abaa2f256164ccb2caf8dcfb?s=96&d=mm&r=g","caption":"Mattias Larsson"},"sameAs":["http:\/\/abbotnas.se","facebook.com\/mattiaswlarsson"],"url":"https:\/\/blogg.atl.nu\/abbotnas-sateri\/author\/mlarsson\/"}]}},"_links":{"self":[{"href":"https:\/\/blogg.atl.nu\/abbotnas-sateri\/wp-json\/wp\/v2\/posts\/1594"}],"collection":[{"href":"https:\/\/blogg.atl.nu\/abbotnas-sateri\/wp-json\/wp\/v2\/posts"}],"about":[{"href":"https:\/\/blogg.atl.nu\/abbotnas-sateri\/wp-json\/wp\/v2\/types\/post"}],"author":[{"embeddable":true,"href":"https:\/\/blogg.atl.nu\/abbotnas-sateri\/wp-json\/wp\/v2\/users\/361"}],"replies":[{"embeddable":true,"href":"https:\/\/blogg.atl.nu\/abbotnas-sateri\/wp-json\/wp\/v2\/comments?post=1594"}],"version-history":[{"count":6,"href":"https:\/\/blogg.atl.nu\/abbotnas-sateri\/wp-json\/wp\/v2\/posts\/1594\/revisions"}],"predecessor-version":[{"id":1618,"href":"https:\/\/blogg.atl.nu\/abbotnas-sateri\/wp-json\/wp\/v2\/posts\/1594\/revisions\/1618"}],"wp:featuredmedia":[{"embeddable":true,"href":"https:\/\/blogg.atl.nu\/abbotnas-sateri\/wp-json\/wp\/v2\/media\/1599"}],"wp:attachment":[{"href":"https:\/\/blogg.atl.nu\/abbotnas-sateri\/wp-json\/wp\/v2\/media?parent=1594"}],"wp:term":[{"taxonomy":"category","embeddable":true,"href":"https:\/\/blogg.atl.nu\/abbotnas-sateri\/wp-json\/wp\/v2\/categories?post=1594"},{"taxonomy":"post_tag","embeddable":true,"href":"https:\/\/blogg.atl.nu\/abbotnas-sateri\/wp-json\/wp\/v2\/tags?post=1594"}],"curies":[{"name":"wp","href":"https:\/\/api.w.org\/{rel}","templated":true}]}}