{"id":16401,"date":"2022-11-27T22:09:05","date_gmt":"2022-11-27T21:09:05","guid":{"rendered":"https:\/\/blogg.atl.nu\/abbotnas-sateri\/?p=16401"},"modified":"2022-11-27T22:39:48","modified_gmt":"2022-11-27T21:39:48","slug":"nya-traktorn-ar-tillverkad-och-pa-gang","status":"publish","type":"post","link":"https:\/\/blogg.atl.nu\/abbotnas-sateri\/2022\/11\/27\/nya-traktorn-ar-tillverkad-och-pa-gang\/","title":{"rendered":"Nya traktorn \u00e4r tillverkad och p\u00e5 g\u00e5ng"},"content":{"rendered":"<p><strong>F\u00f6r ett g\u00e4ng veckor sedan s\u00e5 best\u00e4llde vi ju en ny traktor med planerad leverans i b\u00f6rjan av mars. Det k\u00e4ndes d\u00e5 som att det skulle finnas gott om marginal till h\u00f6stbruket ifall den skulle r\u00e5ka bli f\u00f6rsenad i dessa orostider. Nu verkar det inte som att vi beh\u00f6ver oroa oss \u00f6var att beh\u00f6va nagga p\u00e5 den marginalen, f\u00f6r redan nu st\u00e5r traktorn hos \u00e5terf\u00f6rs\u00e4ljaren och v\u00e4ntar p\u00e5 leveransservice.\u00a0<\/strong><\/p>\n<h3>Slippa nagga<\/h3>\n<p><strong>Det k\u00e4nns faktiskt ganska s\u00e5 sk\u00f6nt att traktorn nu st\u00e5r endast n\u00e5gra mil h\u00e4rifr\u00e5n och i allra h\u00f6gsta grad \u00e4r tillverkad.\u00a0<\/strong>F\u00f6r \u00e4ven om vi n\u00e4r vi best\u00e4llde traktorn fick veta att den hade produktionsplats i mitten av november och att den skulle kunna dyka upp redan vid ny\u00e5r, men absolut senast i b\u00f6rjan av mars, s\u00e5 k\u00e4nns det lite os\u00e4kert i dessa tider. Det \u00e4r ju mycket som \u00e4r upp och ner med anledning av Corona och ett rasande krig. Bland annat har ju fabriker hackats, det har varit problem med leveranser av delar och material samt en hel del transportproblem. Det k\u00e4ndes allts\u00e5 ganska s\u00e5 bra att det dels var god marginal till mars, som var planerat leveransdatum, men ocks\u00e5 att det var \u00e4nnu godare marginal tills vi egentligen beh\u00f6ver den. Vi beh\u00f6ver rent krasst n\u00e4mligen inte ha den f\u00f6rens i juli, \u00e4ven om den inte kommer vara i v\u00e4gen i mars heller. Jag kan \u00e4nd\u00e5 trotts dessa till synes goda marginaler erk\u00e4nna att det funnits viss liten oro \u00f6ver huruvida den skulle komma i tid, det \u00e4r ju som sagt var oroliga tider och mycket kan h\u00e4nda snabbt. Sk\u00f6nt att vi nu kan stryka just den oron.<\/p>\n<figure id=\"attachment_16402\" aria-describedby=\"caption-attachment-16402\" style=\"width: 2048px\" class=\"wp-caption alignnone\"><img loading=\"lazy\" class=\"wp-image-16402 size-full\" src=\"https:\/\/blogg.atl.nu\/abbotnas-sateri\/wp-content\/uploads\/sites\/41\/2022\/11\/37C6E62C-79A5-4DDC-95E4-728564CEEB9F.jpeg\" alt=\"\" width=\"2048\" height=\"1536\" srcset=\"https:\/\/blogg.atl.nu\/abbotnas-sateri\/wp-content\/uploads\/sites\/41\/2022\/11\/37C6E62C-79A5-4DDC-95E4-728564CEEB9F.jpeg 2048w, https:\/\/blogg.atl.nu\/abbotnas-sateri\/wp-content\/uploads\/sites\/41\/2022\/11\/37C6E62C-79A5-4DDC-95E4-728564CEEB9F-300x225.jpeg 300w, https:\/\/blogg.atl.nu\/abbotnas-sateri\/wp-content\/uploads\/sites\/41\/2022\/11\/37C6E62C-79A5-4DDC-95E4-728564CEEB9F-1024x768.jpeg 1024w, https:\/\/blogg.atl.nu\/abbotnas-sateri\/wp-content\/uploads\/sites\/41\/2022\/11\/37C6E62C-79A5-4DDC-95E4-728564CEEB9F-768x576.jpeg 768w, https:\/\/blogg.atl.nu\/abbotnas-sateri\/wp-content\/uploads\/sites\/41\/2022\/11\/37C6E62C-79A5-4DDC-95E4-728564CEEB9F-1536x1152.jpeg 1536w\" sizes=\"(max-width: 2048px) 100vw, 2048px\" \/><figcaption id=\"caption-attachment-16402\" class=\"wp-caption-text\">Helt pl\u00f6tsligt s\u00e5 stod den p\u00e5 Lantm\u00e4nnen. Jag och farsan passade p\u00e5 att sv\u00e4nga f\u00f6rbi en snabbis f\u00f6r att se vad vi best\u00e4llt f\u00f6r n\u00e5got.<\/figcaption><\/figure>\n<figure id=\"attachment_16398\" aria-describedby=\"caption-attachment-16398\" style=\"width: 2048px\" class=\"wp-caption alignnone\"><img loading=\"lazy\" class=\"wp-image-16398 size-full\" src=\"https:\/\/blogg.atl.nu\/abbotnas-sateri\/wp-content\/uploads\/sites\/41\/2022\/11\/FA72977D-42CB-47B2-9F5C-BA1B2688C7E3.jpeg\" alt=\"\" width=\"2048\" height=\"1536\" srcset=\"https:\/\/blogg.atl.nu\/abbotnas-sateri\/wp-content\/uploads\/sites\/41\/2022\/11\/FA72977D-42CB-47B2-9F5C-BA1B2688C7E3.jpeg 2048w, https:\/\/blogg.atl.nu\/abbotnas-sateri\/wp-content\/uploads\/sites\/41\/2022\/11\/FA72977D-42CB-47B2-9F5C-BA1B2688C7E3-300x225.jpeg 300w, https:\/\/blogg.atl.nu\/abbotnas-sateri\/wp-content\/uploads\/sites\/41\/2022\/11\/FA72977D-42CB-47B2-9F5C-BA1B2688C7E3-1024x768.jpeg 1024w, https:\/\/blogg.atl.nu\/abbotnas-sateri\/wp-content\/uploads\/sites\/41\/2022\/11\/FA72977D-42CB-47B2-9F5C-BA1B2688C7E3-768x576.jpeg 768w, https:\/\/blogg.atl.nu\/abbotnas-sateri\/wp-content\/uploads\/sites\/41\/2022\/11\/FA72977D-42CB-47B2-9F5C-BA1B2688C7E3-1536x1152.jpeg 1536w\" sizes=\"(max-width: 2048px) 100vw, 2048px\" \/><figcaption id=\"caption-attachment-16398\" class=\"wp-caption-text\">Enligt dekalerna verkar det i alla fall vara samma som vi best\u00e4llde.<\/figcaption><\/figure>\n<figure id=\"attachment_16399\" aria-describedby=\"caption-attachment-16399\" style=\"width: 2048px\" class=\"wp-caption alignnone\"><img loading=\"lazy\" class=\"wp-image-16399 size-full\" src=\"https:\/\/blogg.atl.nu\/abbotnas-sateri\/wp-content\/uploads\/sites\/41\/2022\/11\/3CB0D1EF-692C-4192-8ED4-F4007763C2EE.jpeg\" alt=\"\" width=\"2048\" height=\"1536\" srcset=\"https:\/\/blogg.atl.nu\/abbotnas-sateri\/wp-content\/uploads\/sites\/41\/2022\/11\/3CB0D1EF-692C-4192-8ED4-F4007763C2EE.jpeg 2048w, https:\/\/blogg.atl.nu\/abbotnas-sateri\/wp-content\/uploads\/sites\/41\/2022\/11\/3CB0D1EF-692C-4192-8ED4-F4007763C2EE-300x225.jpeg 300w, https:\/\/blogg.atl.nu\/abbotnas-sateri\/wp-content\/uploads\/sites\/41\/2022\/11\/3CB0D1EF-692C-4192-8ED4-F4007763C2EE-1024x768.jpeg 1024w, https:\/\/blogg.atl.nu\/abbotnas-sateri\/wp-content\/uploads\/sites\/41\/2022\/11\/3CB0D1EF-692C-4192-8ED4-F4007763C2EE-768x576.jpeg 768w, https:\/\/blogg.atl.nu\/abbotnas-sateri\/wp-content\/uploads\/sites\/41\/2022\/11\/3CB0D1EF-692C-4192-8ED4-F4007763C2EE-1536x1152.jpeg 1536w\" sizes=\"(max-width: 2048px) 100vw, 2048px\" \/><figcaption id=\"caption-attachment-16399\" class=\"wp-caption-text\">Farsan tar sig en f\u00f6rsta provsittning.<\/figcaption><\/figure>\n<figure id=\"attachment_16400\" aria-describedby=\"caption-attachment-16400\" style=\"width: 2048px\" class=\"wp-caption alignnone\"><img loading=\"lazy\" class=\"wp-image-16400 size-full\" src=\"https:\/\/blogg.atl.nu\/abbotnas-sateri\/wp-content\/uploads\/sites\/41\/2022\/11\/112734B9-B95B-4F3F-8192-D9ED9C57FFD2.jpeg\" alt=\"\" width=\"2048\" height=\"1536\" srcset=\"https:\/\/blogg.atl.nu\/abbotnas-sateri\/wp-content\/uploads\/sites\/41\/2022\/11\/112734B9-B95B-4F3F-8192-D9ED9C57FFD2.jpeg 2048w, https:\/\/blogg.atl.nu\/abbotnas-sateri\/wp-content\/uploads\/sites\/41\/2022\/11\/112734B9-B95B-4F3F-8192-D9ED9C57FFD2-300x225.jpeg 300w, https:\/\/blogg.atl.nu\/abbotnas-sateri\/wp-content\/uploads\/sites\/41\/2022\/11\/112734B9-B95B-4F3F-8192-D9ED9C57FFD2-1024x768.jpeg 1024w, https:\/\/blogg.atl.nu\/abbotnas-sateri\/wp-content\/uploads\/sites\/41\/2022\/11\/112734B9-B95B-4F3F-8192-D9ED9C57FFD2-768x576.jpeg 768w, https:\/\/blogg.atl.nu\/abbotnas-sateri\/wp-content\/uploads\/sites\/41\/2022\/11\/112734B9-B95B-4F3F-8192-D9ED9C57FFD2-1536x1152.jpeg 1536w\" sizes=\"(max-width: 2048px) 100vw, 2048px\" \/><figcaption id=\"caption-attachment-16400\" class=\"wp-caption-text\">Det blir nog bra det h\u00e4r, vi verkar i alla fall inte bli utan traktor.<\/figcaption><\/figure>\n<figure id=\"attachment_16397\" aria-describedby=\"caption-attachment-16397\" style=\"width: 2048px\" class=\"wp-caption alignnone\"><img loading=\"lazy\" class=\"wp-image-16397 size-full\" src=\"https:\/\/blogg.atl.nu\/abbotnas-sateri\/wp-content\/uploads\/sites\/41\/2022\/11\/D6235B1C-2F66-4718-ADDF-3FCD5BE9A415-scaled.jpeg\" alt=\"\" width=\"2048\" height=\"1536\" srcset=\"https:\/\/blogg.atl.nu\/abbotnas-sateri\/wp-content\/uploads\/sites\/41\/2022\/11\/D6235B1C-2F66-4718-ADDF-3FCD5BE9A415-scaled.jpeg 2048w, https:\/\/blogg.atl.nu\/abbotnas-sateri\/wp-content\/uploads\/sites\/41\/2022\/11\/D6235B1C-2F66-4718-ADDF-3FCD5BE9A415-300x225.jpeg 300w, https:\/\/blogg.atl.nu\/abbotnas-sateri\/wp-content\/uploads\/sites\/41\/2022\/11\/D6235B1C-2F66-4718-ADDF-3FCD5BE9A415-1024x768.jpeg 1024w, https:\/\/blogg.atl.nu\/abbotnas-sateri\/wp-content\/uploads\/sites\/41\/2022\/11\/D6235B1C-2F66-4718-ADDF-3FCD5BE9A415-768x576.jpeg 768w, https:\/\/blogg.atl.nu\/abbotnas-sateri\/wp-content\/uploads\/sites\/41\/2022\/11\/D6235B1C-2F66-4718-ADDF-3FCD5BE9A415-1536x1152.jpeg 1536w\" sizes=\"(max-width: 2048px) 100vw, 2048px\" \/><figcaption id=\"caption-attachment-16397\" class=\"wp-caption-text\">Jag hann ocks\u00e5 provsitta en snabbis. Det \u00e4r s\u00e4llan man inte \u00e4r arbetskl\u00e4dd i traktorn, men nu var vi p\u00e5 v\u00e4g till annan tillst\u00e4llning. Vi hade allts\u00e5 inte alls kl\u00e4tt upp oss f\u00f6r traktorns skull. Kan ocks\u00e5 till\u00e4gga att inte helt konstigt nog s\u00e5 lyckades jag trotts f\u00f6rsiktighet kladda ner mig med sm\u00f6rjfett&#8230;.<\/figcaption><\/figure>\n<figure id=\"attachment_16394\" aria-describedby=\"caption-attachment-16394\" style=\"width: 2048px\" class=\"wp-caption alignnone\"><img loading=\"lazy\" class=\"wp-image-16394 size-full\" src=\"https:\/\/blogg.atl.nu\/abbotnas-sateri\/wp-content\/uploads\/sites\/41\/2022\/11\/5A22DED1-DE40-48AC-B3C0-DDC1F644F509.jpeg\" alt=\"\" width=\"2048\" height=\"1536\" srcset=\"https:\/\/blogg.atl.nu\/abbotnas-sateri\/wp-content\/uploads\/sites\/41\/2022\/11\/5A22DED1-DE40-48AC-B3C0-DDC1F644F509.jpeg 2048w, https:\/\/blogg.atl.nu\/abbotnas-sateri\/wp-content\/uploads\/sites\/41\/2022\/11\/5A22DED1-DE40-48AC-B3C0-DDC1F644F509-300x225.jpeg 300w, https:\/\/blogg.atl.nu\/abbotnas-sateri\/wp-content\/uploads\/sites\/41\/2022\/11\/5A22DED1-DE40-48AC-B3C0-DDC1F644F509-1024x768.jpeg 1024w, https:\/\/blogg.atl.nu\/abbotnas-sateri\/wp-content\/uploads\/sites\/41\/2022\/11\/5A22DED1-DE40-48AC-B3C0-DDC1F644F509-768x576.jpeg 768w, https:\/\/blogg.atl.nu\/abbotnas-sateri\/wp-content\/uploads\/sites\/41\/2022\/11\/5A22DED1-DE40-48AC-B3C0-DDC1F644F509-1536x1152.jpeg 1536w\" sizes=\"(max-width: 2048px) 100vw, 2048px\" \/><figcaption id=\"caption-attachment-16394\" class=\"wp-caption-text\">Fortfarande tysktalande traktor..<\/figcaption><\/figure>\n<p><img loading=\"lazy\" class=\"alignnone size-full wp-image-16396\" src=\"https:\/\/blogg.atl.nu\/abbotnas-sateri\/wp-content\/uploads\/sites\/41\/2022\/11\/8775430F-7C5D-4B90-AD00-D244FF63EB3B.jpeg\" alt=\"\" width=\"2048\" height=\"1536\" srcset=\"https:\/\/blogg.atl.nu\/abbotnas-sateri\/wp-content\/uploads\/sites\/41\/2022\/11\/8775430F-7C5D-4B90-AD00-D244FF63EB3B.jpeg 2048w, https:\/\/blogg.atl.nu\/abbotnas-sateri\/wp-content\/uploads\/sites\/41\/2022\/11\/8775430F-7C5D-4B90-AD00-D244FF63EB3B-300x225.jpeg 300w, https:\/\/blogg.atl.nu\/abbotnas-sateri\/wp-content\/uploads\/sites\/41\/2022\/11\/8775430F-7C5D-4B90-AD00-D244FF63EB3B-1024x768.jpeg 1024w, https:\/\/blogg.atl.nu\/abbotnas-sateri\/wp-content\/uploads\/sites\/41\/2022\/11\/8775430F-7C5D-4B90-AD00-D244FF63EB3B-768x576.jpeg 768w, https:\/\/blogg.atl.nu\/abbotnas-sateri\/wp-content\/uploads\/sites\/41\/2022\/11\/8775430F-7C5D-4B90-AD00-D244FF63EB3B-1536x1152.jpeg 1536w\" sizes=\"(max-width: 2048px) 100vw, 2048px\" \/><\/p>\n<p>&nbsp;<\/p>\n<p>Det var lite upplysande i detta novemberslask att bryta vardagen med att se nya traktorn och dessutom bli \u00f6verraskade \u00e5t r\u00e4tt h\u00e5ll att det g\u00e5tt s\u00e5 fort. Nu ska vi bara v\u00e4nta p\u00e5 att dubbelmontagen dyker upp, men de ska ju inte dyka upp f\u00f6rens i mars s\u00e5 det borde vara lugnt.<\/p>\n<p>&nbsp;<\/p>\n","protected":false},"excerpt":{"rendered":"<p>F\u00f6r ett g\u00e4ng veckor sedan s\u00e5 best\u00e4llde vi ju en ny traktor med planerad leverans i b\u00f6rjan av mars. Det k\u00e4ndes d\u00e5 som att det skulle finnas gott om marginal till h\u00f6stbruket ifall den skulle r\u00e5ka bli f\u00f6rsenad i dessa orostider. Nu verkar det inte som att vi beh\u00f6ver oroa oss \u00f6var att beh\u00f6va nagga&#8230;<\/p>\n","protected":false},"author":361,"featured_media":16402,"comment_status":"open","ping_status":"open","sticky":false,"template":"","format":"standard","meta":[],"categories":[1],"tags":[],"yoast_head":"<!-- This site is optimized with the Yoast SEO plugin v19.6 - https:\/\/yoast.com\/wordpress\/plugins\/seo\/ -->\n<title>Nya traktorn \u00e4r tillverkad och p\u00e5 g\u00e5ng - Abbotn\u00e4s s\u00e4teri<\/title>\n<meta name=\"robots\" content=\"index, follow, max-snippet:-1, max-image-preview:large, max-video-preview:-1\" \/>\n<link rel=\"canonical\" href=\"https:\/\/blogg.atl.nu\/abbotnas-sateri\/2022\/11\/27\/nya-traktorn-ar-tillverkad-och-pa-gang\/\" \/>\n<meta property=\"og:locale\" content=\"sv_SE\" \/>\n<meta property=\"og:type\" content=\"article\" \/>\n<meta property=\"og:title\" content=\"Nya traktorn \u00e4r tillverkad och p\u00e5 g\u00e5ng - Abbotn\u00e4s s\u00e4teri\" \/>\n<meta property=\"og:description\" content=\"F\u00f6r ett g\u00e4ng veckor sedan s\u00e5 best\u00e4llde vi ju en ny traktor med planerad leverans i b\u00f6rjan av mars. Det k\u00e4ndes d\u00e5 som att det skulle finnas gott om marginal till h\u00f6stbruket ifall den skulle r\u00e5ka bli f\u00f6rsenad i dessa orostider. Nu verkar det inte som att vi beh\u00f6ver oroa oss \u00f6var att beh\u00f6va nagga...\" \/>\n<meta property=\"og:url\" content=\"https:\/\/blogg.atl.nu\/abbotnas-sateri\/2022\/11\/27\/nya-traktorn-ar-tillverkad-och-pa-gang\/\" \/>\n<meta property=\"og:site_name\" content=\"Abbotn\u00e4s s\u00e4teri\" \/>\n<meta property=\"article:author\" content=\"facebook.com\/mattiaswlarsson\" \/>\n<meta property=\"article:published_time\" content=\"2022-11-27T21:09:05+00:00\" \/>\n<meta property=\"article:modified_time\" content=\"2022-11-27T21:39:48+00:00\" \/>\n<meta property=\"og:image\" content=\"https:\/\/blogg.atl.nu\/abbotnas-sateri\/wp-content\/uploads\/sites\/41\/2022\/11\/37C6E62C-79A5-4DDC-95E4-728564CEEB9F.jpeg\" \/>\n\t<meta property=\"og:image:width\" content=\"2048\" \/>\n\t<meta property=\"og:image:height\" content=\"1536\" \/>\n\t<meta property=\"og:image:type\" content=\"image\/jpeg\" \/>\n<meta name=\"author\" content=\"Mattias Larsson\" \/>\n<meta name=\"twitter:card\" content=\"summary_large_image\" \/>\n<meta name=\"twitter:label1\" content=\"Skriven av\" \/>\n\t<meta name=\"twitter:data1\" content=\"Mattias Larsson\" \/>\n\t<meta name=\"twitter:label2\" content=\"Ber\u00e4knad l\u00e4stid\" \/>\n\t<meta name=\"twitter:data2\" content=\"4 minuter\" \/>\n<script type=\"application\/ld+json\" class=\"yoast-schema-graph\">{\"@context\":\"https:\/\/schema.org\",\"@graph\":[{\"@type\":\"WebPage\",\"@id\":\"https:\/\/blogg.atl.nu\/abbotnas-sateri\/2022\/11\/27\/nya-traktorn-ar-tillverkad-och-pa-gang\/\",\"url\":\"https:\/\/blogg.atl.nu\/abbotnas-sateri\/2022\/11\/27\/nya-traktorn-ar-tillverkad-och-pa-gang\/\",\"name\":\"Nya traktorn \u00e4r tillverkad och p\u00e5 g\u00e5ng - Abbotn\u00e4s s\u00e4teri\",\"isPartOf\":{\"@id\":\"https:\/\/blogg.atl.nu\/abbotnas-sateri\/#website\"},\"datePublished\":\"2022-11-27T21:09:05+00:00\",\"dateModified\":\"2022-11-27T21:39:48+00:00\",\"author\":{\"@id\":\"https:\/\/blogg.atl.nu\/abbotnas-sateri\/#\/schema\/person\/3b681683e8c9711235140b74c4aad714\"},\"breadcrumb\":{\"@id\":\"https:\/\/blogg.atl.nu\/abbotnas-sateri\/2022\/11\/27\/nya-traktorn-ar-tillverkad-och-pa-gang\/#breadcrumb\"},\"inLanguage\":\"sv-SE\",\"potentialAction\":[{\"@type\":\"ReadAction\",\"target\":[\"https:\/\/blogg.atl.nu\/abbotnas-sateri\/2022\/11\/27\/nya-traktorn-ar-tillverkad-och-pa-gang\/\"]}]},{\"@type\":\"BreadcrumbList\",\"@id\":\"https:\/\/blogg.atl.nu\/abbotnas-sateri\/2022\/11\/27\/nya-traktorn-ar-tillverkad-och-pa-gang\/#breadcrumb\",\"itemListElement\":[{\"@type\":\"ListItem\",\"position\":1,\"name\":\"Home\",\"item\":\"https:\/\/blogg.atl.nu\/abbotnas-sateri\/\"},{\"@type\":\"ListItem\",\"position\":2,\"name\":\"Nya traktorn \u00e4r tillverkad och p\u00e5 g\u00e5ng\"}]},{\"@type\":\"WebSite\",\"@id\":\"https:\/\/blogg.atl.nu\/abbotnas-sateri\/#website\",\"url\":\"https:\/\/blogg.atl.nu\/abbotnas-sateri\/\",\"name\":\"Abbotn\u00e4s s\u00e4teri\",\"description\":\"Mattias Larsson\",\"potentialAction\":[{\"@type\":\"SearchAction\",\"target\":{\"@type\":\"EntryPoint\",\"urlTemplate\":\"https:\/\/blogg.atl.nu\/abbotnas-sateri\/?s={search_term_string}\"},\"query-input\":\"required name=search_term_string\"}],\"inLanguage\":\"sv-SE\"},{\"@type\":\"Person\",\"@id\":\"https:\/\/blogg.atl.nu\/abbotnas-sateri\/#\/schema\/person\/3b681683e8c9711235140b74c4aad714\",\"name\":\"Mattias Larsson\",\"image\":{\"@type\":\"ImageObject\",\"inLanguage\":\"sv-SE\",\"@id\":\"https:\/\/blogg.atl.nu\/abbotnas-sateri\/#\/schema\/person\/image\/\",\"url\":\"https:\/\/secure.gravatar.com\/avatar\/ab52d1a4abaa2f256164ccb2caf8dcfb?s=96&d=mm&r=g\",\"contentUrl\":\"https:\/\/secure.gravatar.com\/avatar\/ab52d1a4abaa2f256164ccb2caf8dcfb?s=96&d=mm&r=g\",\"caption\":\"Mattias Larsson\"},\"sameAs\":[\"http:\/\/abbotnas.se\",\"facebook.com\/mattiaswlarsson\"],\"url\":\"https:\/\/blogg.atl.nu\/abbotnas-sateri\/author\/mlarsson\/\"}]}<\/script>\n<!-- \/ Yoast SEO plugin. -->","yoast_head_json":{"title":"Nya traktorn \u00e4r tillverkad och p\u00e5 g\u00e5ng - Abbotn\u00e4s s\u00e4teri","robots":{"index":"index","follow":"follow","max-snippet":"max-snippet:-1","max-image-preview":"max-image-preview:large","max-video-preview":"max-video-preview:-1"},"canonical":"https:\/\/blogg.atl.nu\/abbotnas-sateri\/2022\/11\/27\/nya-traktorn-ar-tillverkad-och-pa-gang\/","og_locale":"sv_SE","og_type":"article","og_title":"Nya traktorn \u00e4r tillverkad och p\u00e5 g\u00e5ng - Abbotn\u00e4s s\u00e4teri","og_description":"F\u00f6r ett g\u00e4ng veckor sedan s\u00e5 best\u00e4llde vi ju en ny traktor med planerad leverans i b\u00f6rjan av mars. Det k\u00e4ndes d\u00e5 som att det skulle finnas gott om marginal till h\u00f6stbruket ifall den skulle r\u00e5ka bli f\u00f6rsenad i dessa orostider. Nu verkar det inte som att vi beh\u00f6ver oroa oss \u00f6var att beh\u00f6va nagga...","og_url":"https:\/\/blogg.atl.nu\/abbotnas-sateri\/2022\/11\/27\/nya-traktorn-ar-tillverkad-och-pa-gang\/","og_site_name":"Abbotn\u00e4s s\u00e4teri","article_author":"facebook.com\/mattiaswlarsson","article_published_time":"2022-11-27T21:09:05+00:00","article_modified_time":"2022-11-27T21:39:48+00:00","og_image":[{"width":2048,"height":1536,"url":"https:\/\/blogg.atl.nu\/abbotnas-sateri\/wp-content\/uploads\/sites\/41\/2022\/11\/37C6E62C-79A5-4DDC-95E4-728564CEEB9F.jpeg","type":"image\/jpeg"}],"author":"Mattias Larsson","twitter_card":"summary_large_image","twitter_misc":{"Skriven av":"Mattias Larsson","Ber\u00e4knad l\u00e4stid":"4 minuter"},"schema":{"@context":"https:\/\/schema.org","@graph":[{"@type":"WebPage","@id":"https:\/\/blogg.atl.nu\/abbotnas-sateri\/2022\/11\/27\/nya-traktorn-ar-tillverkad-och-pa-gang\/","url":"https:\/\/blogg.atl.nu\/abbotnas-sateri\/2022\/11\/27\/nya-traktorn-ar-tillverkad-och-pa-gang\/","name":"Nya traktorn \u00e4r tillverkad och p\u00e5 g\u00e5ng - Abbotn\u00e4s s\u00e4teri","isPartOf":{"@id":"https:\/\/blogg.atl.nu\/abbotnas-sateri\/#website"},"datePublished":"2022-11-27T21:09:05+00:00","dateModified":"2022-11-27T21:39:48+00:00","author":{"@id":"https:\/\/blogg.atl.nu\/abbotnas-sateri\/#\/schema\/person\/3b681683e8c9711235140b74c4aad714"},"breadcrumb":{"@id":"https:\/\/blogg.atl.nu\/abbotnas-sateri\/2022\/11\/27\/nya-traktorn-ar-tillverkad-och-pa-gang\/#breadcrumb"},"inLanguage":"sv-SE","potentialAction":[{"@type":"ReadAction","target":["https:\/\/blogg.atl.nu\/abbotnas-sateri\/2022\/11\/27\/nya-traktorn-ar-tillverkad-och-pa-gang\/"]}]},{"@type":"BreadcrumbList","@id":"https:\/\/blogg.atl.nu\/abbotnas-sateri\/2022\/11\/27\/nya-traktorn-ar-tillverkad-och-pa-gang\/#breadcrumb","itemListElement":[{"@type":"ListItem","position":1,"name":"Home","item":"https:\/\/blogg.atl.nu\/abbotnas-sateri\/"},{"@type":"ListItem","position":2,"name":"Nya traktorn \u00e4r tillverkad och p\u00e5 g\u00e5ng"}]},{"@type":"WebSite","@id":"https:\/\/blogg.atl.nu\/abbotnas-sateri\/#website","url":"https:\/\/blogg.atl.nu\/abbotnas-sateri\/","name":"Abbotn\u00e4s s\u00e4teri","description":"Mattias Larsson","potentialAction":[{"@type":"SearchAction","target":{"@type":"EntryPoint","urlTemplate":"https:\/\/blogg.atl.nu\/abbotnas-sateri\/?s={search_term_string}"},"query-input":"required name=search_term_string"}],"inLanguage":"sv-SE"},{"@type":"Person","@id":"https:\/\/blogg.atl.nu\/abbotnas-sateri\/#\/schema\/person\/3b681683e8c9711235140b74c4aad714","name":"Mattias Larsson","image":{"@type":"ImageObject","inLanguage":"sv-SE","@id":"https:\/\/blogg.atl.nu\/abbotnas-sateri\/#\/schema\/person\/image\/","url":"https:\/\/secure.gravatar.com\/avatar\/ab52d1a4abaa2f256164ccb2caf8dcfb?s=96&d=mm&r=g","contentUrl":"https:\/\/secure.gravatar.com\/avatar\/ab52d1a4abaa2f256164ccb2caf8dcfb?s=96&d=mm&r=g","caption":"Mattias Larsson"},"sameAs":["http:\/\/abbotnas.se","facebook.com\/mattiaswlarsson"],"url":"https:\/\/blogg.atl.nu\/abbotnas-sateri\/author\/mlarsson\/"}]}},"_links":{"self":[{"href":"https:\/\/blogg.atl.nu\/abbotnas-sateri\/wp-json\/wp\/v2\/posts\/16401"}],"collection":[{"href":"https:\/\/blogg.atl.nu\/abbotnas-sateri\/wp-json\/wp\/v2\/posts"}],"about":[{"href":"https:\/\/blogg.atl.nu\/abbotnas-sateri\/wp-json\/wp\/v2\/types\/post"}],"author":[{"embeddable":true,"href":"https:\/\/blogg.atl.nu\/abbotnas-sateri\/wp-json\/wp\/v2\/users\/361"}],"replies":[{"embeddable":true,"href":"https:\/\/blogg.atl.nu\/abbotnas-sateri\/wp-json\/wp\/v2\/comments?post=16401"}],"version-history":[{"count":9,"href":"https:\/\/blogg.atl.nu\/abbotnas-sateri\/wp-json\/wp\/v2\/posts\/16401\/revisions"}],"predecessor-version":[{"id":16411,"href":"https:\/\/blogg.atl.nu\/abbotnas-sateri\/wp-json\/wp\/v2\/posts\/16401\/revisions\/16411"}],"wp:featuredmedia":[{"embeddable":true,"href":"https:\/\/blogg.atl.nu\/abbotnas-sateri\/wp-json\/wp\/v2\/media\/16402"}],"wp:attachment":[{"href":"https:\/\/blogg.atl.nu\/abbotnas-sateri\/wp-json\/wp\/v2\/media?parent=16401"}],"wp:term":[{"taxonomy":"category","embeddable":true,"href":"https:\/\/blogg.atl.nu\/abbotnas-sateri\/wp-json\/wp\/v2\/categories?post=16401"},{"taxonomy":"post_tag","embeddable":true,"href":"https:\/\/blogg.atl.nu\/abbotnas-sateri\/wp-json\/wp\/v2\/tags?post=16401"}],"curies":[{"name":"wp","href":"https:\/\/api.w.org\/{rel}","templated":true}]}}