{"id":26869,"date":"2025-04-02T20:55:11","date_gmt":"2025-04-02T18:55:11","guid":{"rendered":"https:\/\/blogg.atl.nu\/abbotnas-sateri\/?p=26869"},"modified":"2025-04-02T20:55:11","modified_gmt":"2025-04-02T18:55:11","slug":"nu-ar-huvudgivan-kvave-pa-plats-pa-hostgrodorna","status":"publish","type":"post","link":"https:\/\/blogg.atl.nu\/abbotnas-sateri\/2025\/04\/02\/nu-ar-huvudgivan-kvave-pa-plats-pa-hostgrodorna\/","title":{"rendered":"Nu \u00e4r huvudgivan kv\u00e4ve p\u00e5 plats p\u00e5 h\u00f6stgr\u00f6dorna"},"content":{"rendered":"<p><strong>2 april och vi har nu redan avslutat den fj\u00e4rde rundan v\u00e4xtn\u00e4ring p\u00e5 v\u00e5ra h\u00f6sts\u00e5dda f\u00e4lt. I och med det har vi nu lagt ut det vi kallar f\u00f6r huvudgivan kv\u00e4ve. Det \u00e4r tidigt om man kollar kalendern, men kollar man v\u00e4derprognosen s\u00e5 \u00e4r torrt r\u00e4tt ord s\u00e5 d\u00e4rf\u00f6r ser vi ingen anledning att v\u00e4nta.<\/strong><\/p>\n<h3>Strategi f\u00f6r en torr tid<\/h3>\n<p><strong>Efter att f\u00f6rra veckan ha k\u00f6rt ut det vi antar \u00e4r sista kv\u00e4vesv\u00e4ngen p\u00e5 h\u00f6strapsen s\u00e5 fortsatte vi direkt med h\u00f6stvetet.\u00a0<\/strong>Detta \u00e4r inte helt efter v\u00e5ran normala strategi d\u00e5 vi g\u00e4rna v\u00e4ntar in ett tag i april med sista delen av huvudgivan.., men det \u00e4r som sagt var torrt och det verkar inte bli s\u00e5 mycket bl\u00f6tare i april. Det som talar emot att l\u00e4gga s\u00e5 h\u00f6g giva s\u00e5 h\u00e4r tidigt \u00e4r just om det kommer ett v\u00e4ldigt skyfall till v\u00e5rregn som tar med sig kv\u00e4vet ut i vattendrag och som jag brukar tjata om s\u00e5 \u00e4r risken f\u00f6r f\u00f6rsommartorka st\u00f6rre i v\u00e5rat omr\u00e5de. Kollar man p\u00e5 n\u00e5got slags snitt f\u00f6r april h\u00e4r s\u00e5 ska det vara 40 mm regn f\u00f6rdelat p\u00e5 sju regndagar enligt vad jag kan hitta. Det \u00e4r ju inte heller n\u00e5gra j\u00e4ttem\u00e4ngder och det kr\u00e4vs mer \u00e4n det regnet f\u00f6r att sk\u00f6lja bort det kv\u00e4ve vi nu k\u00f6rt. D\u00e4remot s\u00e5 m\u00e5ste det till lite fukt f\u00f6r att se till att kv\u00e4vet vi k\u00f6rt kommer v\u00e4xterna till godo. Ibland smyger de in n\u00e5gra millimeter i prognosen och ifall de skulle dyka upp i verkligheten s\u00e5 ligger nu kv\u00e4vet d\u00e4r redo att bli v\u00e4xtanpassat. Vi har ocks\u00e5 historiskt sett att det inte alltid kr\u00e4vs ett regn f\u00f6r att en del kv\u00e4ve ska bli tillg\u00e4ngligt. Nattfrost och annan nattfukt kan bidra en del. Sv\u00e5rt att veta nu n\u00e4r det redan \u00e4r torrt, men inte om\u00f6jligt att det g\u00f6r viss nytta. Att n\u00e5gon slags nederb\u00f6rd kommer och ser till att detta kv\u00e4ve g\u00f6r nytta innan det \u00e4r f\u00f6rsent tror jag nog kommer h\u00e4nda i alla fall&#8230;<\/p>\n<figure id=\"attachment_26867\" aria-describedby=\"caption-attachment-26867\" style=\"width: 2560px\" class=\"wp-caption alignnone\"><img loading=\"lazy\" class=\"wp-image-26867 size-full\" src=\"https:\/\/blogg.atl.nu\/abbotnas-sateri\/wp-content\/uploads\/sites\/41\/2025\/04\/IMG_1053-scaled.jpeg\" alt=\"\" width=\"2560\" height=\"1920\" srcset=\"https:\/\/blogg.atl.nu\/abbotnas-sateri\/wp-content\/uploads\/sites\/41\/2025\/04\/IMG_1053-scaled.jpeg 2560w, https:\/\/blogg.atl.nu\/abbotnas-sateri\/wp-content\/uploads\/sites\/41\/2025\/04\/IMG_1053-300x225.jpeg 300w, https:\/\/blogg.atl.nu\/abbotnas-sateri\/wp-content\/uploads\/sites\/41\/2025\/04\/IMG_1053-1024x768.jpeg 1024w, https:\/\/blogg.atl.nu\/abbotnas-sateri\/wp-content\/uploads\/sites\/41\/2025\/04\/IMG_1053-768x576.jpeg 768w, https:\/\/blogg.atl.nu\/abbotnas-sateri\/wp-content\/uploads\/sites\/41\/2025\/04\/IMG_1053-1536x1152.jpeg 1536w, https:\/\/blogg.atl.nu\/abbotnas-sateri\/wp-content\/uploads\/sites\/41\/2025\/04\/IMG_1053-2048x1536.jpeg 2048w\" sizes=\"(max-width: 2560px) 100vw, 2560px\" \/><figcaption id=\"caption-attachment-26867\" class=\"wp-caption-text\">I och med den h\u00e4r g\u00f6dslingsrundan har vi nu den mesta av \u00e5rets g\u00f6dsling i backspegeln.<\/figcaption><\/figure>\n<figure id=\"attachment_26873\" aria-describedby=\"caption-attachment-26873\" style=\"width: 2560px\" class=\"wp-caption alignnone\"><img loading=\"lazy\" class=\"wp-image-26873 size-full\" src=\"https:\/\/blogg.atl.nu\/abbotnas-sateri\/wp-content\/uploads\/sites\/41\/2025\/04\/P1090627-scaled.jpg\" alt=\"\" width=\"2560\" height=\"1920\" srcset=\"https:\/\/blogg.atl.nu\/abbotnas-sateri\/wp-content\/uploads\/sites\/41\/2025\/04\/P1090627-scaled.jpg 2560w, https:\/\/blogg.atl.nu\/abbotnas-sateri\/wp-content\/uploads\/sites\/41\/2025\/04\/P1090627-300x225.jpg 300w, https:\/\/blogg.atl.nu\/abbotnas-sateri\/wp-content\/uploads\/sites\/41\/2025\/04\/P1090627-1024x768.jpg 1024w, https:\/\/blogg.atl.nu\/abbotnas-sateri\/wp-content\/uploads\/sites\/41\/2025\/04\/P1090627-768x576.jpg 768w, https:\/\/blogg.atl.nu\/abbotnas-sateri\/wp-content\/uploads\/sites\/41\/2025\/04\/P1090627-1536x1152.jpg 1536w, https:\/\/blogg.atl.nu\/abbotnas-sateri\/wp-content\/uploads\/sites\/41\/2025\/04\/P1090627-2048x1536.jpg 2048w\" sizes=\"(max-width: 2560px) 100vw, 2560px\" \/><figcaption id=\"caption-attachment-26873\" class=\"wp-caption-text\">Torr jord, men bl\u00f6ta veteplantor<\/figcaption><\/figure>\n<h3>Vad har vi nu k\u00f6rt d\u00e5?<\/h3>\n<p>I b\u00e5de h\u00f6stvetet och h\u00f6stkornet ser det \u00e4n s\u00e5 l\u00e4nge ut s\u00e5 h\u00e4r g\u00e4llande kv\u00e4ve:<\/p>\n<p>70 kg N\/ha i form av NS 27-4<\/p>\n<p>21 kg N\/ha i form av NS 21-24 (amoniumsulfat)<\/p>\n<p>60 kg N\/ha i form av NS 27-4<\/p>\n<p>Detta \u00e4r lika med 151 kg N\/ha.<\/p>\n<p>151 kg N\/ha \u00e4r det vi kallar f\u00f6r v\u00e5ran huvudgiva och det vi anser \u00e4r grundbehovet. R\u00e4knar vi p\u00e5 att br\u00f6dvete beh\u00f6ver 25 k N\/ha per ton i avkastning s\u00e5 har vi nu g\u00f6dslat f\u00f6r 6 ton vete i sk\u00f6rd och det har vi inte varit under de senaste \u00e5ren, inte ens 2018 som var ett riktigt torr\u00e5r. D\u00e4rf\u00f6r s\u00e5 k\u00e4nner vi oss ganska s\u00e5 trygga med att l\u00e4gga oss p\u00e5 den niv\u00e5n till att b\u00f6rja med. Vi har mer kv\u00e4ve i form av Kalksalpeter sedan f\u00f6r att komplettera med beroende p\u00e5 hur \u00e5ret blir och hur mycket kv\u00e4ve marken levererar i \u00e5r. Nu ska det bli sp\u00e4nnande att f\u00f6lja \u00e5ret, \u00e4n s\u00e5 l\u00e4nge s\u00e5 ser gr\u00f6dorna v\u00e4ldigt bra ut..<\/p>\n<p>&nbsp;<\/p>\n<figure id=\"attachment_26871\" aria-describedby=\"caption-attachment-26871\" style=\"width: 2560px\" class=\"wp-caption alignnone\"><img loading=\"lazy\" class=\"wp-image-26871 size-full\" src=\"https:\/\/blogg.atl.nu\/abbotnas-sateri\/wp-content\/uploads\/sites\/41\/2025\/04\/P1090619-scaled.jpg\" alt=\"\" width=\"2560\" height=\"1920\" srcset=\"https:\/\/blogg.atl.nu\/abbotnas-sateri\/wp-content\/uploads\/sites\/41\/2025\/04\/P1090619-scaled.jpg 2560w, https:\/\/blogg.atl.nu\/abbotnas-sateri\/wp-content\/uploads\/sites\/41\/2025\/04\/P1090619-300x225.jpg 300w, https:\/\/blogg.atl.nu\/abbotnas-sateri\/wp-content\/uploads\/sites\/41\/2025\/04\/P1090619-1024x768.jpg 1024w, https:\/\/blogg.atl.nu\/abbotnas-sateri\/wp-content\/uploads\/sites\/41\/2025\/04\/P1090619-768x576.jpg 768w, https:\/\/blogg.atl.nu\/abbotnas-sateri\/wp-content\/uploads\/sites\/41\/2025\/04\/P1090619-1536x1152.jpg 1536w, https:\/\/blogg.atl.nu\/abbotnas-sateri\/wp-content\/uploads\/sites\/41\/2025\/04\/P1090619-2048x1536.jpg 2048w\" sizes=\"(max-width: 2560px) 100vw, 2560px\" \/><figcaption id=\"caption-attachment-26871\" class=\"wp-caption-text\">Nu ligger d\u00e4r kv\u00e4vet och v\u00e4ntar p\u00e5 att f\u00e5 g\u00f6ra nytta sen n\u00e4r det \u00e4r dags.<\/figcaption><\/figure>\n<figure id=\"attachment_26872\" aria-describedby=\"caption-attachment-26872\" style=\"width: 2560px\" class=\"wp-caption alignnone\"><img loading=\"lazy\" class=\"wp-image-26872 size-full\" src=\"https:\/\/blogg.atl.nu\/abbotnas-sateri\/wp-content\/uploads\/sites\/41\/2025\/04\/P1090625-scaled.jpg\" alt=\"\" width=\"2560\" height=\"1920\" srcset=\"https:\/\/blogg.atl.nu\/abbotnas-sateri\/wp-content\/uploads\/sites\/41\/2025\/04\/P1090625-scaled.jpg 2560w, https:\/\/blogg.atl.nu\/abbotnas-sateri\/wp-content\/uploads\/sites\/41\/2025\/04\/P1090625-300x225.jpg 300w, https:\/\/blogg.atl.nu\/abbotnas-sateri\/wp-content\/uploads\/sites\/41\/2025\/04\/P1090625-1024x768.jpg 1024w, https:\/\/blogg.atl.nu\/abbotnas-sateri\/wp-content\/uploads\/sites\/41\/2025\/04\/P1090625-768x576.jpg 768w, https:\/\/blogg.atl.nu\/abbotnas-sateri\/wp-content\/uploads\/sites\/41\/2025\/04\/P1090625-1536x1152.jpg 1536w, https:\/\/blogg.atl.nu\/abbotnas-sateri\/wp-content\/uploads\/sites\/41\/2025\/04\/P1090625-2048x1536.jpg 2048w\" sizes=\"(max-width: 2560px) 100vw, 2560px\" \/><figcaption id=\"caption-attachment-26872\" class=\"wp-caption-text\">hoppas de dyra sm\u00e5 kornen kan f\u00e5 bidra till en h\u00f6g sk\u00f6rd.<\/figcaption><\/figure>\n<p>&nbsp;<\/p>\n","protected":false},"excerpt":{"rendered":"<p>2 april och vi har nu redan avslutat den fj\u00e4rde rundan v\u00e4xtn\u00e4ring p\u00e5 v\u00e5ra h\u00f6sts\u00e5dda f\u00e4lt. I och med det har vi nu lagt ut det vi kallar f\u00f6r huvudgivan kv\u00e4ve. Det \u00e4r tidigt om man kollar kalendern, men kollar man v\u00e4derprognosen s\u00e5 \u00e4r torrt r\u00e4tt ord s\u00e5 d\u00e4rf\u00f6r ser vi ingen anledning att v\u00e4nta&#8230;.<\/p>\n","protected":false},"author":361,"featured_media":26875,"comment_status":"open","ping_status":"open","sticky":false,"template":"","format":"standard","meta":[],"categories":[1],"tags":[],"yoast_head":"<!-- This site is optimized with the Yoast SEO plugin v19.6 - https:\/\/yoast.com\/wordpress\/plugins\/seo\/ -->\n<title>Nu \u00e4r huvudgivan kv\u00e4ve p\u00e5 plats p\u00e5 h\u00f6stgr\u00f6dorna - Abbotn\u00e4s s\u00e4teri<\/title>\n<meta name=\"robots\" content=\"index, follow, max-snippet:-1, max-image-preview:large, max-video-preview:-1\" \/>\n<link rel=\"canonical\" href=\"https:\/\/blogg.atl.nu\/abbotnas-sateri\/2025\/04\/02\/nu-ar-huvudgivan-kvave-pa-plats-pa-hostgrodorna\/\" \/>\n<meta property=\"og:locale\" content=\"sv_SE\" \/>\n<meta property=\"og:type\" content=\"article\" \/>\n<meta property=\"og:title\" content=\"Nu \u00e4r huvudgivan kv\u00e4ve p\u00e5 plats p\u00e5 h\u00f6stgr\u00f6dorna - Abbotn\u00e4s s\u00e4teri\" \/>\n<meta property=\"og:description\" content=\"2 april och vi har nu redan avslutat den fj\u00e4rde rundan v\u00e4xtn\u00e4ring p\u00e5 v\u00e5ra h\u00f6sts\u00e5dda f\u00e4lt. I och med det har vi nu lagt ut det vi kallar f\u00f6r huvudgivan kv\u00e4ve. Det \u00e4r tidigt om man kollar kalendern, men kollar man v\u00e4derprognosen s\u00e5 \u00e4r torrt r\u00e4tt ord s\u00e5 d\u00e4rf\u00f6r ser vi ingen anledning att v\u00e4nta....\" \/>\n<meta property=\"og:url\" content=\"https:\/\/blogg.atl.nu\/abbotnas-sateri\/2025\/04\/02\/nu-ar-huvudgivan-kvave-pa-plats-pa-hostgrodorna\/\" \/>\n<meta property=\"og:site_name\" content=\"Abbotn\u00e4s s\u00e4teri\" \/>\n<meta property=\"article:author\" content=\"facebook.com\/mattiaswlarsson\" \/>\n<meta property=\"article:published_time\" content=\"2025-04-02T18:55:11+00:00\" \/>\n<meta property=\"og:image\" content=\"https:\/\/blogg.atl.nu\/abbotnas-sateri\/wp-content\/uploads\/sites\/41\/2025\/04\/P1090613-scaled.jpg\" \/>\n\t<meta property=\"og:image:width\" content=\"2560\" \/>\n\t<meta property=\"og:image:height\" content=\"1920\" \/>\n\t<meta property=\"og:image:type\" content=\"image\/jpeg\" \/>\n<meta name=\"author\" content=\"Mattias Larsson\" \/>\n<meta name=\"twitter:card\" content=\"summary_large_image\" \/>\n<meta name=\"twitter:label1\" content=\"Skriven av\" \/>\n\t<meta name=\"twitter:data1\" content=\"Mattias Larsson\" \/>\n\t<meta name=\"twitter:label2\" content=\"Ber\u00e4knad l\u00e4stid\" \/>\n\t<meta name=\"twitter:data2\" content=\"4 minuter\" \/>\n<script type=\"application\/ld+json\" class=\"yoast-schema-graph\">{\"@context\":\"https:\/\/schema.org\",\"@graph\":[{\"@type\":\"WebPage\",\"@id\":\"https:\/\/blogg.atl.nu\/abbotnas-sateri\/2025\/04\/02\/nu-ar-huvudgivan-kvave-pa-plats-pa-hostgrodorna\/\",\"url\":\"https:\/\/blogg.atl.nu\/abbotnas-sateri\/2025\/04\/02\/nu-ar-huvudgivan-kvave-pa-plats-pa-hostgrodorna\/\",\"name\":\"Nu \u00e4r huvudgivan kv\u00e4ve p\u00e5 plats p\u00e5 h\u00f6stgr\u00f6dorna - Abbotn\u00e4s s\u00e4teri\",\"isPartOf\":{\"@id\":\"https:\/\/blogg.atl.nu\/abbotnas-sateri\/#website\"},\"datePublished\":\"2025-04-02T18:55:11+00:00\",\"dateModified\":\"2025-04-02T18:55:11+00:00\",\"author\":{\"@id\":\"https:\/\/blogg.atl.nu\/abbotnas-sateri\/#\/schema\/person\/3b681683e8c9711235140b74c4aad714\"},\"breadcrumb\":{\"@id\":\"https:\/\/blogg.atl.nu\/abbotnas-sateri\/2025\/04\/02\/nu-ar-huvudgivan-kvave-pa-plats-pa-hostgrodorna\/#breadcrumb\"},\"inLanguage\":\"sv-SE\",\"potentialAction\":[{\"@type\":\"ReadAction\",\"target\":[\"https:\/\/blogg.atl.nu\/abbotnas-sateri\/2025\/04\/02\/nu-ar-huvudgivan-kvave-pa-plats-pa-hostgrodorna\/\"]}]},{\"@type\":\"BreadcrumbList\",\"@id\":\"https:\/\/blogg.atl.nu\/abbotnas-sateri\/2025\/04\/02\/nu-ar-huvudgivan-kvave-pa-plats-pa-hostgrodorna\/#breadcrumb\",\"itemListElement\":[{\"@type\":\"ListItem\",\"position\":1,\"name\":\"Home\",\"item\":\"https:\/\/blogg.atl.nu\/abbotnas-sateri\/\"},{\"@type\":\"ListItem\",\"position\":2,\"name\":\"Nu \u00e4r huvudgivan kv\u00e4ve p\u00e5 plats p\u00e5 h\u00f6stgr\u00f6dorna\"}]},{\"@type\":\"WebSite\",\"@id\":\"https:\/\/blogg.atl.nu\/abbotnas-sateri\/#website\",\"url\":\"https:\/\/blogg.atl.nu\/abbotnas-sateri\/\",\"name\":\"Abbotn\u00e4s s\u00e4teri\",\"description\":\"Mattias Larsson\",\"potentialAction\":[{\"@type\":\"SearchAction\",\"target\":{\"@type\":\"EntryPoint\",\"urlTemplate\":\"https:\/\/blogg.atl.nu\/abbotnas-sateri\/?s={search_term_string}\"},\"query-input\":\"required name=search_term_string\"}],\"inLanguage\":\"sv-SE\"},{\"@type\":\"Person\",\"@id\":\"https:\/\/blogg.atl.nu\/abbotnas-sateri\/#\/schema\/person\/3b681683e8c9711235140b74c4aad714\",\"name\":\"Mattias Larsson\",\"image\":{\"@type\":\"ImageObject\",\"inLanguage\":\"sv-SE\",\"@id\":\"https:\/\/blogg.atl.nu\/abbotnas-sateri\/#\/schema\/person\/image\/\",\"url\":\"https:\/\/secure.gravatar.com\/avatar\/ab52d1a4abaa2f256164ccb2caf8dcfb?s=96&d=mm&r=g\",\"contentUrl\":\"https:\/\/secure.gravatar.com\/avatar\/ab52d1a4abaa2f256164ccb2caf8dcfb?s=96&d=mm&r=g\",\"caption\":\"Mattias Larsson\"},\"sameAs\":[\"http:\/\/abbotnas.se\",\"facebook.com\/mattiaswlarsson\"],\"url\":\"https:\/\/blogg.atl.nu\/abbotnas-sateri\/author\/mlarsson\/\"}]}<\/script>\n<!-- \/ Yoast SEO plugin. -->","yoast_head_json":{"title":"Nu \u00e4r huvudgivan kv\u00e4ve p\u00e5 plats p\u00e5 h\u00f6stgr\u00f6dorna - Abbotn\u00e4s s\u00e4teri","robots":{"index":"index","follow":"follow","max-snippet":"max-snippet:-1","max-image-preview":"max-image-preview:large","max-video-preview":"max-video-preview:-1"},"canonical":"https:\/\/blogg.atl.nu\/abbotnas-sateri\/2025\/04\/02\/nu-ar-huvudgivan-kvave-pa-plats-pa-hostgrodorna\/","og_locale":"sv_SE","og_type":"article","og_title":"Nu \u00e4r huvudgivan kv\u00e4ve p\u00e5 plats p\u00e5 h\u00f6stgr\u00f6dorna - Abbotn\u00e4s s\u00e4teri","og_description":"2 april och vi har nu redan avslutat den fj\u00e4rde rundan v\u00e4xtn\u00e4ring p\u00e5 v\u00e5ra h\u00f6sts\u00e5dda f\u00e4lt. I och med det har vi nu lagt ut det vi kallar f\u00f6r huvudgivan kv\u00e4ve. Det \u00e4r tidigt om man kollar kalendern, men kollar man v\u00e4derprognosen s\u00e5 \u00e4r torrt r\u00e4tt ord s\u00e5 d\u00e4rf\u00f6r ser vi ingen anledning att v\u00e4nta....","og_url":"https:\/\/blogg.atl.nu\/abbotnas-sateri\/2025\/04\/02\/nu-ar-huvudgivan-kvave-pa-plats-pa-hostgrodorna\/","og_site_name":"Abbotn\u00e4s s\u00e4teri","article_author":"facebook.com\/mattiaswlarsson","article_published_time":"2025-04-02T18:55:11+00:00","og_image":[{"width":2560,"height":1920,"url":"https:\/\/blogg.atl.nu\/abbotnas-sateri\/wp-content\/uploads\/sites\/41\/2025\/04\/P1090613-scaled.jpg","type":"image\/jpeg"}],"author":"Mattias Larsson","twitter_card":"summary_large_image","twitter_misc":{"Skriven av":"Mattias Larsson","Ber\u00e4knad l\u00e4stid":"4 minuter"},"schema":{"@context":"https:\/\/schema.org","@graph":[{"@type":"WebPage","@id":"https:\/\/blogg.atl.nu\/abbotnas-sateri\/2025\/04\/02\/nu-ar-huvudgivan-kvave-pa-plats-pa-hostgrodorna\/","url":"https:\/\/blogg.atl.nu\/abbotnas-sateri\/2025\/04\/02\/nu-ar-huvudgivan-kvave-pa-plats-pa-hostgrodorna\/","name":"Nu \u00e4r huvudgivan kv\u00e4ve p\u00e5 plats p\u00e5 h\u00f6stgr\u00f6dorna - Abbotn\u00e4s s\u00e4teri","isPartOf":{"@id":"https:\/\/blogg.atl.nu\/abbotnas-sateri\/#website"},"datePublished":"2025-04-02T18:55:11+00:00","dateModified":"2025-04-02T18:55:11+00:00","author":{"@id":"https:\/\/blogg.atl.nu\/abbotnas-sateri\/#\/schema\/person\/3b681683e8c9711235140b74c4aad714"},"breadcrumb":{"@id":"https:\/\/blogg.atl.nu\/abbotnas-sateri\/2025\/04\/02\/nu-ar-huvudgivan-kvave-pa-plats-pa-hostgrodorna\/#breadcrumb"},"inLanguage":"sv-SE","potentialAction":[{"@type":"ReadAction","target":["https:\/\/blogg.atl.nu\/abbotnas-sateri\/2025\/04\/02\/nu-ar-huvudgivan-kvave-pa-plats-pa-hostgrodorna\/"]}]},{"@type":"BreadcrumbList","@id":"https:\/\/blogg.atl.nu\/abbotnas-sateri\/2025\/04\/02\/nu-ar-huvudgivan-kvave-pa-plats-pa-hostgrodorna\/#breadcrumb","itemListElement":[{"@type":"ListItem","position":1,"name":"Home","item":"https:\/\/blogg.atl.nu\/abbotnas-sateri\/"},{"@type":"ListItem","position":2,"name":"Nu \u00e4r huvudgivan kv\u00e4ve p\u00e5 plats p\u00e5 h\u00f6stgr\u00f6dorna"}]},{"@type":"WebSite","@id":"https:\/\/blogg.atl.nu\/abbotnas-sateri\/#website","url":"https:\/\/blogg.atl.nu\/abbotnas-sateri\/","name":"Abbotn\u00e4s s\u00e4teri","description":"Mattias Larsson","potentialAction":[{"@type":"SearchAction","target":{"@type":"EntryPoint","urlTemplate":"https:\/\/blogg.atl.nu\/abbotnas-sateri\/?s={search_term_string}"},"query-input":"required name=search_term_string"}],"inLanguage":"sv-SE"},{"@type":"Person","@id":"https:\/\/blogg.atl.nu\/abbotnas-sateri\/#\/schema\/person\/3b681683e8c9711235140b74c4aad714","name":"Mattias Larsson","image":{"@type":"ImageObject","inLanguage":"sv-SE","@id":"https:\/\/blogg.atl.nu\/abbotnas-sateri\/#\/schema\/person\/image\/","url":"https:\/\/secure.gravatar.com\/avatar\/ab52d1a4abaa2f256164ccb2caf8dcfb?s=96&d=mm&r=g","contentUrl":"https:\/\/secure.gravatar.com\/avatar\/ab52d1a4abaa2f256164ccb2caf8dcfb?s=96&d=mm&r=g","caption":"Mattias Larsson"},"sameAs":["http:\/\/abbotnas.se","facebook.com\/mattiaswlarsson"],"url":"https:\/\/blogg.atl.nu\/abbotnas-sateri\/author\/mlarsson\/"}]}},"_links":{"self":[{"href":"https:\/\/blogg.atl.nu\/abbotnas-sateri\/wp-json\/wp\/v2\/posts\/26869"}],"collection":[{"href":"https:\/\/blogg.atl.nu\/abbotnas-sateri\/wp-json\/wp\/v2\/posts"}],"about":[{"href":"https:\/\/blogg.atl.nu\/abbotnas-sateri\/wp-json\/wp\/v2\/types\/post"}],"author":[{"embeddable":true,"href":"https:\/\/blogg.atl.nu\/abbotnas-sateri\/wp-json\/wp\/v2\/users\/361"}],"replies":[{"embeddable":true,"href":"https:\/\/blogg.atl.nu\/abbotnas-sateri\/wp-json\/wp\/v2\/comments?post=26869"}],"version-history":[{"count":1,"href":"https:\/\/blogg.atl.nu\/abbotnas-sateri\/wp-json\/wp\/v2\/posts\/26869\/revisions"}],"predecessor-version":[{"id":26877,"href":"https:\/\/blogg.atl.nu\/abbotnas-sateri\/wp-json\/wp\/v2\/posts\/26869\/revisions\/26877"}],"wp:featuredmedia":[{"embeddable":true,"href":"https:\/\/blogg.atl.nu\/abbotnas-sateri\/wp-json\/wp\/v2\/media\/26875"}],"wp:attachment":[{"href":"https:\/\/blogg.atl.nu\/abbotnas-sateri\/wp-json\/wp\/v2\/media?parent=26869"}],"wp:term":[{"taxonomy":"category","embeddable":true,"href":"https:\/\/blogg.atl.nu\/abbotnas-sateri\/wp-json\/wp\/v2\/categories?post=26869"},{"taxonomy":"post_tag","embeddable":true,"href":"https:\/\/blogg.atl.nu\/abbotnas-sateri\/wp-json\/wp\/v2\/tags?post=26869"}],"curies":[{"name":"wp","href":"https:\/\/api.w.org\/{rel}","templated":true}]}}