{"id":27329,"date":"2025-06-02T22:57:12","date_gmt":"2025-06-02T20:57:12","guid":{"rendered":"https:\/\/blogg.atl.nu\/abbotnas-sateri\/?p=27329"},"modified":"2025-06-02T22:57:12","modified_gmt":"2025-06-02T20:57:12","slug":"vallpremiaren-ar-nu-avklarad","status":"publish","type":"post","link":"https:\/\/blogg.atl.nu\/abbotnas-sateri\/2025\/06\/02\/vallpremiaren-ar-nu-avklarad\/","title":{"rendered":"Vallpremi\u00e4ren \u00e4r nu avklarad"},"content":{"rendered":"<p><strong>F\u00f6rsta juni var datumet f\u00f6r v\u00e5ran vallpremi\u00e4r i \u00e5r, nu g\u00e5r inte det att \u00e4ndra p\u00e5. Sk\u00f6nt att s\u00e4songen nu \u00e4r ig\u00e5ng.<\/strong><\/p>\n<h3>Premi\u00e4ren<\/h3>\n<p><strong>Yes, det \u00e4r v\u00e4ldigt sk\u00f6nt nu att ha premi\u00e4ren avklarad, s\u00e4rskilt eftersom att det gick bra.\u00a0<\/strong>Det \u00e4r alltid lite nerv\u00f6st n\u00e4r man drar ig\u00e5ng grejorna i skarpt l\u00e4ge f\u00f6r f\u00f6rsta g\u00e5ngen en s\u00e4song. Fast man vet att allt st\u00e4lldes undan i fungerande skick och har provk\u00f6rts, s\u00e5 vet man \u00e4nd\u00e5 inte riktigt om det fungerar f\u00f6rens man provar p\u00e5 riktigt. Nu \u00e4r det i alla fall avklarat och f\u00f6rst ut var en kund. Det var fint foder i bra m\u00e4ngd och allt gick bra, s\u00e5 det var en v\u00e4ldigt bra start p\u00e5 s\u00e4songen. Ska man gn\u00e4lla lite s\u00e5 var det att det kom n\u00e5gra droppar regn p\u00e5 de tre sista balarna innan de plastades, men det ska man kanske inte gn\u00e4lla p\u00e5. Ist\u00e4llet kan man vara n\u00f6jd \u00f6ver att det var bra tajming, eftersom att himlen straxt efter att plastaren l\u00e4mnat sista f\u00e4lten \u00f6ppnade sig ganska s\u00e5 bra. Full fart p\u00e5 vindrutetorkarna fick jag ha n\u00e4r jag \u00e5kte d\u00e4rifr\u00e5n. S\u00e5 nu \u00e4r de f\u00f6rsta 400 balarna f\u00f6r s\u00e4songen avklarade, f\u00e5r se hur m\u00e5nga fler det blir&#8230;.<\/p>\n<figure id=\"attachment_27328\" aria-describedby=\"caption-attachment-27328\" style=\"width: 2560px\" class=\"wp-caption alignnone\"><img loading=\"lazy\" class=\"wp-image-27328 size-full\" src=\"https:\/\/blogg.atl.nu\/abbotnas-sateri\/wp-content\/uploads\/sites\/41\/2025\/06\/IMG_2698-scaled.jpeg\" alt=\"\" width=\"2560\" height=\"1920\" srcset=\"https:\/\/blogg.atl.nu\/abbotnas-sateri\/wp-content\/uploads\/sites\/41\/2025\/06\/IMG_2698-scaled.jpeg 2560w, https:\/\/blogg.atl.nu\/abbotnas-sateri\/wp-content\/uploads\/sites\/41\/2025\/06\/IMG_2698-300x225.jpeg 300w, https:\/\/blogg.atl.nu\/abbotnas-sateri\/wp-content\/uploads\/sites\/41\/2025\/06\/IMG_2698-1024x768.jpeg 1024w, https:\/\/blogg.atl.nu\/abbotnas-sateri\/wp-content\/uploads\/sites\/41\/2025\/06\/IMG_2698-768x576.jpeg 768w, https:\/\/blogg.atl.nu\/abbotnas-sateri\/wp-content\/uploads\/sites\/41\/2025\/06\/IMG_2698-1536x1152.jpeg 1536w, https:\/\/blogg.atl.nu\/abbotnas-sateri\/wp-content\/uploads\/sites\/41\/2025\/06\/IMG_2698-2048x1536.jpeg 2048w\" sizes=\"(max-width: 2560px) 100vw, 2560px\" \/><figcaption id=\"caption-attachment-27328\" class=\"wp-caption-text\">Max fr\u00e5n Str\u00f6msviks Lantbruk sk\u00f6tte str\u00e4ngningen.<\/figcaption><\/figure>\n<figure id=\"attachment_27323\" aria-describedby=\"caption-attachment-27323\" style=\"width: 2560px\" class=\"wp-caption alignnone\"><img loading=\"lazy\" class=\"wp-image-27323 size-full\" src=\"https:\/\/blogg.atl.nu\/abbotnas-sateri\/wp-content\/uploads\/sites\/41\/2025\/06\/IMG_2712-scaled.jpeg\" alt=\"\" width=\"2560\" height=\"1920\" srcset=\"https:\/\/blogg.atl.nu\/abbotnas-sateri\/wp-content\/uploads\/sites\/41\/2025\/06\/IMG_2712-scaled.jpeg 2560w, https:\/\/blogg.atl.nu\/abbotnas-sateri\/wp-content\/uploads\/sites\/41\/2025\/06\/IMG_2712-300x225.jpeg 300w, https:\/\/blogg.atl.nu\/abbotnas-sateri\/wp-content\/uploads\/sites\/41\/2025\/06\/IMG_2712-1024x768.jpeg 1024w, https:\/\/blogg.atl.nu\/abbotnas-sateri\/wp-content\/uploads\/sites\/41\/2025\/06\/IMG_2712-768x576.jpeg 768w, https:\/\/blogg.atl.nu\/abbotnas-sateri\/wp-content\/uploads\/sites\/41\/2025\/06\/IMG_2712-1536x1152.jpeg 1536w, https:\/\/blogg.atl.nu\/abbotnas-sateri\/wp-content\/uploads\/sites\/41\/2025\/06\/IMG_2712-2048x1536.jpeg 2048w\" sizes=\"(max-width: 2560px) 100vw, 2560px\" \/><figcaption id=\"caption-attachment-27323\" class=\"wp-caption-text\">Premi\u00e4r f\u00f6r denna vy f\u00f6r i \u00e5r, men jag kommer nog f\u00e5 uppleva den n\u00e5gra g\u00e5nger till innan \u00e5ret \u00e4r \u00f6ver.<\/figcaption><\/figure>\n<figure id=\"attachment_27327\" aria-describedby=\"caption-attachment-27327\" style=\"width: 2560px\" class=\"wp-caption alignnone\"><img loading=\"lazy\" class=\"wp-image-27327 size-full\" src=\"https:\/\/blogg.atl.nu\/abbotnas-sateri\/wp-content\/uploads\/sites\/41\/2025\/06\/IMG_2701-scaled.jpeg\" alt=\"\" width=\"2560\" height=\"1920\" srcset=\"https:\/\/blogg.atl.nu\/abbotnas-sateri\/wp-content\/uploads\/sites\/41\/2025\/06\/IMG_2701-scaled.jpeg 2560w, https:\/\/blogg.atl.nu\/abbotnas-sateri\/wp-content\/uploads\/sites\/41\/2025\/06\/IMG_2701-300x225.jpeg 300w, https:\/\/blogg.atl.nu\/abbotnas-sateri\/wp-content\/uploads\/sites\/41\/2025\/06\/IMG_2701-1024x768.jpeg 1024w, https:\/\/blogg.atl.nu\/abbotnas-sateri\/wp-content\/uploads\/sites\/41\/2025\/06\/IMG_2701-768x576.jpeg 768w, https:\/\/blogg.atl.nu\/abbotnas-sateri\/wp-content\/uploads\/sites\/41\/2025\/06\/IMG_2701-1536x1152.jpeg 1536w, https:\/\/blogg.atl.nu\/abbotnas-sateri\/wp-content\/uploads\/sites\/41\/2025\/06\/IMG_2701-2048x1536.jpeg 2048w\" sizes=\"(max-width: 2560px) 100vw, 2560px\" \/><figcaption id=\"caption-attachment-27327\" class=\"wp-caption-text\">F\u00f6rsta balen redo att plastas.<\/figcaption><\/figure>\n<figure id=\"attachment_27326\" aria-describedby=\"caption-attachment-27326\" style=\"width: 2560px\" class=\"wp-caption alignnone\"><img loading=\"lazy\" class=\"wp-image-27326 size-full\" src=\"https:\/\/blogg.atl.nu\/abbotnas-sateri\/wp-content\/uploads\/sites\/41\/2025\/06\/IMG_2702-scaled.jpeg\" alt=\"\" width=\"2560\" height=\"1920\" srcset=\"https:\/\/blogg.atl.nu\/abbotnas-sateri\/wp-content\/uploads\/sites\/41\/2025\/06\/IMG_2702-scaled.jpeg 2560w, https:\/\/blogg.atl.nu\/abbotnas-sateri\/wp-content\/uploads\/sites\/41\/2025\/06\/IMG_2702-300x225.jpeg 300w, https:\/\/blogg.atl.nu\/abbotnas-sateri\/wp-content\/uploads\/sites\/41\/2025\/06\/IMG_2702-1024x768.jpeg 1024w, https:\/\/blogg.atl.nu\/abbotnas-sateri\/wp-content\/uploads\/sites\/41\/2025\/06\/IMG_2702-768x576.jpeg 768w, https:\/\/blogg.atl.nu\/abbotnas-sateri\/wp-content\/uploads\/sites\/41\/2025\/06\/IMG_2702-1536x1152.jpeg 1536w, https:\/\/blogg.atl.nu\/abbotnas-sateri\/wp-content\/uploads\/sites\/41\/2025\/06\/IMG_2702-2048x1536.jpeg 2048w\" sizes=\"(max-width: 2560px) 100vw, 2560px\" \/><figcaption id=\"caption-attachment-27326\" class=\"wp-caption-text\">N\u00e4ra nu&#8230;<\/figcaption><\/figure>\n<figure id=\"attachment_27325\" aria-describedby=\"caption-attachment-27325\" style=\"width: 2560px\" class=\"wp-caption alignnone\"><img loading=\"lazy\" class=\"wp-image-27325 size-full\" src=\"https:\/\/blogg.atl.nu\/abbotnas-sateri\/wp-content\/uploads\/sites\/41\/2025\/06\/IMG_2704-scaled.jpeg\" alt=\"\" width=\"2560\" height=\"1920\" srcset=\"https:\/\/blogg.atl.nu\/abbotnas-sateri\/wp-content\/uploads\/sites\/41\/2025\/06\/IMG_2704-scaled.jpeg 2560w, https:\/\/blogg.atl.nu\/abbotnas-sateri\/wp-content\/uploads\/sites\/41\/2025\/06\/IMG_2704-300x225.jpeg 300w, https:\/\/blogg.atl.nu\/abbotnas-sateri\/wp-content\/uploads\/sites\/41\/2025\/06\/IMG_2704-1024x768.jpeg 1024w, https:\/\/blogg.atl.nu\/abbotnas-sateri\/wp-content\/uploads\/sites\/41\/2025\/06\/IMG_2704-768x576.jpeg 768w, https:\/\/blogg.atl.nu\/abbotnas-sateri\/wp-content\/uploads\/sites\/41\/2025\/06\/IMG_2704-1536x1152.jpeg 1536w, https:\/\/blogg.atl.nu\/abbotnas-sateri\/wp-content\/uploads\/sites\/41\/2025\/06\/IMG_2704-2048x1536.jpeg 2048w\" sizes=\"(max-width: 2560px) 100vw, 2560px\" \/><figcaption id=\"caption-attachment-27325\" class=\"wp-caption-text\">och d\u00e4r \u00e4r den i plastaren.<\/figcaption><\/figure>\n<figure id=\"attachment_27324\" aria-describedby=\"caption-attachment-27324\" style=\"width: 2560px\" class=\"wp-caption alignnone\"><img loading=\"lazy\" class=\"wp-image-27324 size-full\" src=\"https:\/\/blogg.atl.nu\/abbotnas-sateri\/wp-content\/uploads\/sites\/41\/2025\/06\/IMG_2710-scaled.jpeg\" alt=\"\" width=\"2560\" height=\"1920\" srcset=\"https:\/\/blogg.atl.nu\/abbotnas-sateri\/wp-content\/uploads\/sites\/41\/2025\/06\/IMG_2710-scaled.jpeg 2560w, https:\/\/blogg.atl.nu\/abbotnas-sateri\/wp-content\/uploads\/sites\/41\/2025\/06\/IMG_2710-300x225.jpeg 300w, https:\/\/blogg.atl.nu\/abbotnas-sateri\/wp-content\/uploads\/sites\/41\/2025\/06\/IMG_2710-1024x768.jpeg 1024w, https:\/\/blogg.atl.nu\/abbotnas-sateri\/wp-content\/uploads\/sites\/41\/2025\/06\/IMG_2710-768x576.jpeg 768w, https:\/\/blogg.atl.nu\/abbotnas-sateri\/wp-content\/uploads\/sites\/41\/2025\/06\/IMG_2710-1536x1152.jpeg 1536w, https:\/\/blogg.atl.nu\/abbotnas-sateri\/wp-content\/uploads\/sites\/41\/2025\/06\/IMG_2710-2048x1536.jpeg 2048w\" sizes=\"(max-width: 2560px) 100vw, 2560px\" \/><figcaption id=\"caption-attachment-27324\" class=\"wp-caption-text\">Fin dag med fint v\u00e4der f\u00f6r att k\u00f6ra gr\u00e4s.<\/figcaption><\/figure>\n<figure id=\"attachment_27322\" aria-describedby=\"caption-attachment-27322\" style=\"width: 2560px\" class=\"wp-caption alignnone\"><img loading=\"lazy\" class=\"wp-image-27322 size-full\" src=\"https:\/\/blogg.atl.nu\/abbotnas-sateri\/wp-content\/uploads\/sites\/41\/2025\/06\/IMG_2716-scaled.jpeg\" alt=\"\" width=\"2560\" height=\"1920\" srcset=\"https:\/\/blogg.atl.nu\/abbotnas-sateri\/wp-content\/uploads\/sites\/41\/2025\/06\/IMG_2716-scaled.jpeg 2560w, https:\/\/blogg.atl.nu\/abbotnas-sateri\/wp-content\/uploads\/sites\/41\/2025\/06\/IMG_2716-300x225.jpeg 300w, https:\/\/blogg.atl.nu\/abbotnas-sateri\/wp-content\/uploads\/sites\/41\/2025\/06\/IMG_2716-1024x768.jpeg 1024w, https:\/\/blogg.atl.nu\/abbotnas-sateri\/wp-content\/uploads\/sites\/41\/2025\/06\/IMG_2716-768x576.jpeg 768w, https:\/\/blogg.atl.nu\/abbotnas-sateri\/wp-content\/uploads\/sites\/41\/2025\/06\/IMG_2716-1536x1152.jpeg 1536w, https:\/\/blogg.atl.nu\/abbotnas-sateri\/wp-content\/uploads\/sites\/41\/2025\/06\/IMG_2716-2048x1536.jpeg 2048w\" sizes=\"(max-width: 2560px) 100vw, 2560px\" \/><figcaption id=\"caption-attachment-27322\" class=\"wp-caption-text\">N\u00e4r sista tre balarna skulle plastas b\u00f6rjade det droppa s\u00e5 sm\u00e5tt p\u00e5 rutan&#8230;<\/figcaption><\/figure>\n<figure id=\"attachment_27332\" aria-describedby=\"caption-attachment-27332\" style=\"width: 2560px\" class=\"wp-caption alignnone\"><img loading=\"lazy\" class=\"wp-image-27332 size-full\" src=\"https:\/\/blogg.atl.nu\/abbotnas-sateri\/wp-content\/uploads\/sites\/41\/2025\/06\/IMG_2742-scaled.jpeg\" alt=\"\" width=\"2560\" height=\"1920\" srcset=\"https:\/\/blogg.atl.nu\/abbotnas-sateri\/wp-content\/uploads\/sites\/41\/2025\/06\/IMG_2742-scaled.jpeg 2560w, https:\/\/blogg.atl.nu\/abbotnas-sateri\/wp-content\/uploads\/sites\/41\/2025\/06\/IMG_2742-300x225.jpeg 300w, https:\/\/blogg.atl.nu\/abbotnas-sateri\/wp-content\/uploads\/sites\/41\/2025\/06\/IMG_2742-1024x768.jpeg 1024w, https:\/\/blogg.atl.nu\/abbotnas-sateri\/wp-content\/uploads\/sites\/41\/2025\/06\/IMG_2742-768x576.jpeg 768w, https:\/\/blogg.atl.nu\/abbotnas-sateri\/wp-content\/uploads\/sites\/41\/2025\/06\/IMG_2742-1536x1152.jpeg 1536w, https:\/\/blogg.atl.nu\/abbotnas-sateri\/wp-content\/uploads\/sites\/41\/2025\/06\/IMG_2742-2048x1536.jpeg 2048w\" sizes=\"(max-width: 2560px) 100vw, 2560px\" \/><figcaption id=\"caption-attachment-27332\" class=\"wp-caption-text\">St\u00f6rsta delen av denna dag \u00e4gnades \u00e5t staket&#8230; Nu \u00e4r stolparna p\u00e5 plats.<\/figcaption><\/figure>\n<figure id=\"attachment_27330\" aria-describedby=\"caption-attachment-27330\" style=\"width: 2560px\" class=\"wp-caption alignnone\"><img loading=\"lazy\" class=\"wp-image-27330 size-full\" src=\"https:\/\/blogg.atl.nu\/abbotnas-sateri\/wp-content\/uploads\/sites\/41\/2025\/06\/IMG_2766-scaled.jpeg\" alt=\"\" width=\"2560\" height=\"1920\" srcset=\"https:\/\/blogg.atl.nu\/abbotnas-sateri\/wp-content\/uploads\/sites\/41\/2025\/06\/IMG_2766-scaled.jpeg 2560w, https:\/\/blogg.atl.nu\/abbotnas-sateri\/wp-content\/uploads\/sites\/41\/2025\/06\/IMG_2766-300x225.jpeg 300w, https:\/\/blogg.atl.nu\/abbotnas-sateri\/wp-content\/uploads\/sites\/41\/2025\/06\/IMG_2766-1024x768.jpeg 1024w, https:\/\/blogg.atl.nu\/abbotnas-sateri\/wp-content\/uploads\/sites\/41\/2025\/06\/IMG_2766-768x576.jpeg 768w, https:\/\/blogg.atl.nu\/abbotnas-sateri\/wp-content\/uploads\/sites\/41\/2025\/06\/IMG_2766-1536x1152.jpeg 1536w, https:\/\/blogg.atl.nu\/abbotnas-sateri\/wp-content\/uploads\/sites\/41\/2025\/06\/IMG_2766-2048x1536.jpeg 2048w\" sizes=\"(max-width: 2560px) 100vw, 2560px\" \/><figcaption id=\"caption-attachment-27330\" class=\"wp-caption-text\">Det h\u00e4r var vyn som avslutade min dag. Vi har nu b\u00f6rjat komplettera det sista kv\u00e4ve p\u00e5 v\u00e5rat egna vete. Det forts\u00e4tter imorgon.<\/figcaption><\/figure>\n","protected":false},"excerpt":{"rendered":"<p>F\u00f6rsta juni var datumet f\u00f6r v\u00e5ran vallpremi\u00e4r i \u00e5r, nu g\u00e5r inte det att \u00e4ndra p\u00e5. Sk\u00f6nt att s\u00e4songen nu \u00e4r ig\u00e5ng. Premi\u00e4ren Yes, det \u00e4r v\u00e4ldigt sk\u00f6nt nu att ha premi\u00e4ren avklarad, s\u00e4rskilt eftersom att det gick bra.\u00a0Det \u00e4r alltid lite nerv\u00f6st n\u00e4r man drar ig\u00e5ng grejorna i skarpt l\u00e4ge f\u00f6r f\u00f6rsta g\u00e5ngen en&#8230;<\/p>\n","protected":false},"author":361,"featured_media":27323,"comment_status":"open","ping_status":"open","sticky":false,"template":"","format":"standard","meta":[],"categories":[1],"tags":[],"yoast_head":"<!-- This site is optimized with the Yoast SEO plugin v19.6 - https:\/\/yoast.com\/wordpress\/plugins\/seo\/ -->\n<title>Vallpremi\u00e4ren \u00e4r nu avklarad - Abbotn\u00e4s s\u00e4teri<\/title>\n<meta name=\"robots\" content=\"index, follow, max-snippet:-1, max-image-preview:large, max-video-preview:-1\" \/>\n<link rel=\"canonical\" href=\"https:\/\/blogg.atl.nu\/abbotnas-sateri\/2025\/06\/02\/vallpremiaren-ar-nu-avklarad\/\" \/>\n<meta property=\"og:locale\" content=\"sv_SE\" \/>\n<meta property=\"og:type\" content=\"article\" \/>\n<meta property=\"og:title\" content=\"Vallpremi\u00e4ren \u00e4r nu avklarad - Abbotn\u00e4s s\u00e4teri\" \/>\n<meta property=\"og:description\" content=\"F\u00f6rsta juni var datumet f\u00f6r v\u00e5ran vallpremi\u00e4r i \u00e5r, nu g\u00e5r inte det att \u00e4ndra p\u00e5. Sk\u00f6nt att s\u00e4songen nu \u00e4r ig\u00e5ng. Premi\u00e4ren Yes, det \u00e4r v\u00e4ldigt sk\u00f6nt nu att ha premi\u00e4ren avklarad, s\u00e4rskilt eftersom att det gick bra.\u00a0Det \u00e4r alltid lite nerv\u00f6st n\u00e4r man drar ig\u00e5ng grejorna i skarpt l\u00e4ge f\u00f6r f\u00f6rsta g\u00e5ngen en...\" \/>\n<meta property=\"og:url\" content=\"https:\/\/blogg.atl.nu\/abbotnas-sateri\/2025\/06\/02\/vallpremiaren-ar-nu-avklarad\/\" \/>\n<meta property=\"og:site_name\" content=\"Abbotn\u00e4s s\u00e4teri\" \/>\n<meta property=\"article:author\" content=\"facebook.com\/mattiaswlarsson\" \/>\n<meta property=\"article:published_time\" content=\"2025-06-02T20:57:12+00:00\" \/>\n<meta property=\"og:image\" content=\"https:\/\/blogg.atl.nu\/abbotnas-sateri\/wp-content\/uploads\/sites\/41\/2025\/06\/IMG_2712-scaled.jpeg\" \/>\n\t<meta property=\"og:image:width\" content=\"2560\" \/>\n\t<meta property=\"og:image:height\" content=\"1920\" \/>\n\t<meta property=\"og:image:type\" content=\"image\/jpeg\" \/>\n<meta name=\"author\" content=\"Mattias Larsson\" \/>\n<meta name=\"twitter:card\" content=\"summary_large_image\" \/>\n<meta name=\"twitter:label1\" content=\"Skriven av\" \/>\n\t<meta name=\"twitter:data1\" content=\"Mattias Larsson\" \/>\n\t<meta name=\"twitter:label2\" content=\"Ber\u00e4knad l\u00e4stid\" \/>\n\t<meta name=\"twitter:data2\" content=\"4 minuter\" \/>\n<script type=\"application\/ld+json\" class=\"yoast-schema-graph\">{\"@context\":\"https:\/\/schema.org\",\"@graph\":[{\"@type\":\"WebPage\",\"@id\":\"https:\/\/blogg.atl.nu\/abbotnas-sateri\/2025\/06\/02\/vallpremiaren-ar-nu-avklarad\/\",\"url\":\"https:\/\/blogg.atl.nu\/abbotnas-sateri\/2025\/06\/02\/vallpremiaren-ar-nu-avklarad\/\",\"name\":\"Vallpremi\u00e4ren \u00e4r nu avklarad - Abbotn\u00e4s s\u00e4teri\",\"isPartOf\":{\"@id\":\"https:\/\/blogg.atl.nu\/abbotnas-sateri\/#website\"},\"datePublished\":\"2025-06-02T20:57:12+00:00\",\"dateModified\":\"2025-06-02T20:57:12+00:00\",\"author\":{\"@id\":\"https:\/\/blogg.atl.nu\/abbotnas-sateri\/#\/schema\/person\/3b681683e8c9711235140b74c4aad714\"},\"breadcrumb\":{\"@id\":\"https:\/\/blogg.atl.nu\/abbotnas-sateri\/2025\/06\/02\/vallpremiaren-ar-nu-avklarad\/#breadcrumb\"},\"inLanguage\":\"sv-SE\",\"potentialAction\":[{\"@type\":\"ReadAction\",\"target\":[\"https:\/\/blogg.atl.nu\/abbotnas-sateri\/2025\/06\/02\/vallpremiaren-ar-nu-avklarad\/\"]}]},{\"@type\":\"BreadcrumbList\",\"@id\":\"https:\/\/blogg.atl.nu\/abbotnas-sateri\/2025\/06\/02\/vallpremiaren-ar-nu-avklarad\/#breadcrumb\",\"itemListElement\":[{\"@type\":\"ListItem\",\"position\":1,\"name\":\"Home\",\"item\":\"https:\/\/blogg.atl.nu\/abbotnas-sateri\/\"},{\"@type\":\"ListItem\",\"position\":2,\"name\":\"Vallpremi\u00e4ren \u00e4r nu avklarad\"}]},{\"@type\":\"WebSite\",\"@id\":\"https:\/\/blogg.atl.nu\/abbotnas-sateri\/#website\",\"url\":\"https:\/\/blogg.atl.nu\/abbotnas-sateri\/\",\"name\":\"Abbotn\u00e4s s\u00e4teri\",\"description\":\"Mattias Larsson\",\"potentialAction\":[{\"@type\":\"SearchAction\",\"target\":{\"@type\":\"EntryPoint\",\"urlTemplate\":\"https:\/\/blogg.atl.nu\/abbotnas-sateri\/?s={search_term_string}\"},\"query-input\":\"required name=search_term_string\"}],\"inLanguage\":\"sv-SE\"},{\"@type\":\"Person\",\"@id\":\"https:\/\/blogg.atl.nu\/abbotnas-sateri\/#\/schema\/person\/3b681683e8c9711235140b74c4aad714\",\"name\":\"Mattias Larsson\",\"image\":{\"@type\":\"ImageObject\",\"inLanguage\":\"sv-SE\",\"@id\":\"https:\/\/blogg.atl.nu\/abbotnas-sateri\/#\/schema\/person\/image\/\",\"url\":\"https:\/\/secure.gravatar.com\/avatar\/ab52d1a4abaa2f256164ccb2caf8dcfb?s=96&d=mm&r=g\",\"contentUrl\":\"https:\/\/secure.gravatar.com\/avatar\/ab52d1a4abaa2f256164ccb2caf8dcfb?s=96&d=mm&r=g\",\"caption\":\"Mattias Larsson\"},\"sameAs\":[\"http:\/\/abbotnas.se\",\"facebook.com\/mattiaswlarsson\"],\"url\":\"https:\/\/blogg.atl.nu\/abbotnas-sateri\/author\/mlarsson\/\"}]}<\/script>\n<!-- \/ Yoast SEO plugin. -->","yoast_head_json":{"title":"Vallpremi\u00e4ren \u00e4r nu avklarad - Abbotn\u00e4s s\u00e4teri","robots":{"index":"index","follow":"follow","max-snippet":"max-snippet:-1","max-image-preview":"max-image-preview:large","max-video-preview":"max-video-preview:-1"},"canonical":"https:\/\/blogg.atl.nu\/abbotnas-sateri\/2025\/06\/02\/vallpremiaren-ar-nu-avklarad\/","og_locale":"sv_SE","og_type":"article","og_title":"Vallpremi\u00e4ren \u00e4r nu avklarad - Abbotn\u00e4s s\u00e4teri","og_description":"F\u00f6rsta juni var datumet f\u00f6r v\u00e5ran vallpremi\u00e4r i \u00e5r, nu g\u00e5r inte det att \u00e4ndra p\u00e5. Sk\u00f6nt att s\u00e4songen nu \u00e4r ig\u00e5ng. Premi\u00e4ren Yes, det \u00e4r v\u00e4ldigt sk\u00f6nt nu att ha premi\u00e4ren avklarad, s\u00e4rskilt eftersom att det gick bra.\u00a0Det \u00e4r alltid lite nerv\u00f6st n\u00e4r man drar ig\u00e5ng grejorna i skarpt l\u00e4ge f\u00f6r f\u00f6rsta g\u00e5ngen en...","og_url":"https:\/\/blogg.atl.nu\/abbotnas-sateri\/2025\/06\/02\/vallpremiaren-ar-nu-avklarad\/","og_site_name":"Abbotn\u00e4s s\u00e4teri","article_author":"facebook.com\/mattiaswlarsson","article_published_time":"2025-06-02T20:57:12+00:00","og_image":[{"width":2560,"height":1920,"url":"https:\/\/blogg.atl.nu\/abbotnas-sateri\/wp-content\/uploads\/sites\/41\/2025\/06\/IMG_2712-scaled.jpeg","type":"image\/jpeg"}],"author":"Mattias Larsson","twitter_card":"summary_large_image","twitter_misc":{"Skriven av":"Mattias Larsson","Ber\u00e4knad l\u00e4stid":"4 minuter"},"schema":{"@context":"https:\/\/schema.org","@graph":[{"@type":"WebPage","@id":"https:\/\/blogg.atl.nu\/abbotnas-sateri\/2025\/06\/02\/vallpremiaren-ar-nu-avklarad\/","url":"https:\/\/blogg.atl.nu\/abbotnas-sateri\/2025\/06\/02\/vallpremiaren-ar-nu-avklarad\/","name":"Vallpremi\u00e4ren \u00e4r nu avklarad - Abbotn\u00e4s s\u00e4teri","isPartOf":{"@id":"https:\/\/blogg.atl.nu\/abbotnas-sateri\/#website"},"datePublished":"2025-06-02T20:57:12+00:00","dateModified":"2025-06-02T20:57:12+00:00","author":{"@id":"https:\/\/blogg.atl.nu\/abbotnas-sateri\/#\/schema\/person\/3b681683e8c9711235140b74c4aad714"},"breadcrumb":{"@id":"https:\/\/blogg.atl.nu\/abbotnas-sateri\/2025\/06\/02\/vallpremiaren-ar-nu-avklarad\/#breadcrumb"},"inLanguage":"sv-SE","potentialAction":[{"@type":"ReadAction","target":["https:\/\/blogg.atl.nu\/abbotnas-sateri\/2025\/06\/02\/vallpremiaren-ar-nu-avklarad\/"]}]},{"@type":"BreadcrumbList","@id":"https:\/\/blogg.atl.nu\/abbotnas-sateri\/2025\/06\/02\/vallpremiaren-ar-nu-avklarad\/#breadcrumb","itemListElement":[{"@type":"ListItem","position":1,"name":"Home","item":"https:\/\/blogg.atl.nu\/abbotnas-sateri\/"},{"@type":"ListItem","position":2,"name":"Vallpremi\u00e4ren \u00e4r nu avklarad"}]},{"@type":"WebSite","@id":"https:\/\/blogg.atl.nu\/abbotnas-sateri\/#website","url":"https:\/\/blogg.atl.nu\/abbotnas-sateri\/","name":"Abbotn\u00e4s s\u00e4teri","description":"Mattias Larsson","potentialAction":[{"@type":"SearchAction","target":{"@type":"EntryPoint","urlTemplate":"https:\/\/blogg.atl.nu\/abbotnas-sateri\/?s={search_term_string}"},"query-input":"required name=search_term_string"}],"inLanguage":"sv-SE"},{"@type":"Person","@id":"https:\/\/blogg.atl.nu\/abbotnas-sateri\/#\/schema\/person\/3b681683e8c9711235140b74c4aad714","name":"Mattias Larsson","image":{"@type":"ImageObject","inLanguage":"sv-SE","@id":"https:\/\/blogg.atl.nu\/abbotnas-sateri\/#\/schema\/person\/image\/","url":"https:\/\/secure.gravatar.com\/avatar\/ab52d1a4abaa2f256164ccb2caf8dcfb?s=96&d=mm&r=g","contentUrl":"https:\/\/secure.gravatar.com\/avatar\/ab52d1a4abaa2f256164ccb2caf8dcfb?s=96&d=mm&r=g","caption":"Mattias Larsson"},"sameAs":["http:\/\/abbotnas.se","facebook.com\/mattiaswlarsson"],"url":"https:\/\/blogg.atl.nu\/abbotnas-sateri\/author\/mlarsson\/"}]}},"_links":{"self":[{"href":"https:\/\/blogg.atl.nu\/abbotnas-sateri\/wp-json\/wp\/v2\/posts\/27329"}],"collection":[{"href":"https:\/\/blogg.atl.nu\/abbotnas-sateri\/wp-json\/wp\/v2\/posts"}],"about":[{"href":"https:\/\/blogg.atl.nu\/abbotnas-sateri\/wp-json\/wp\/v2\/types\/post"}],"author":[{"embeddable":true,"href":"https:\/\/blogg.atl.nu\/abbotnas-sateri\/wp-json\/wp\/v2\/users\/361"}],"replies":[{"embeddable":true,"href":"https:\/\/blogg.atl.nu\/abbotnas-sateri\/wp-json\/wp\/v2\/comments?post=27329"}],"version-history":[{"count":2,"href":"https:\/\/blogg.atl.nu\/abbotnas-sateri\/wp-json\/wp\/v2\/posts\/27329\/revisions"}],"predecessor-version":[{"id":27334,"href":"https:\/\/blogg.atl.nu\/abbotnas-sateri\/wp-json\/wp\/v2\/posts\/27329\/revisions\/27334"}],"wp:featuredmedia":[{"embeddable":true,"href":"https:\/\/blogg.atl.nu\/abbotnas-sateri\/wp-json\/wp\/v2\/media\/27323"}],"wp:attachment":[{"href":"https:\/\/blogg.atl.nu\/abbotnas-sateri\/wp-json\/wp\/v2\/media?parent=27329"}],"wp:term":[{"taxonomy":"category","embeddable":true,"href":"https:\/\/blogg.atl.nu\/abbotnas-sateri\/wp-json\/wp\/v2\/categories?post=27329"},{"taxonomy":"post_tag","embeddable":true,"href":"https:\/\/blogg.atl.nu\/abbotnas-sateri\/wp-json\/wp\/v2\/tags?post=27329"}],"curies":[{"name":"wp","href":"https:\/\/api.w.org\/{rel}","templated":true}]}}