{"id":27422,"date":"2025-06-09T21:09:09","date_gmt":"2025-06-09T19:09:09","guid":{"rendered":"https:\/\/blogg.atl.nu\/abbotnas-sateri\/?p=27422"},"modified":"2025-06-09T21:09:09","modified_gmt":"2025-06-09T19:09:09","slug":"vaccination-mot-blatunga-inledd","status":"publish","type":"post","link":"https:\/\/blogg.atl.nu\/abbotnas-sateri\/2025\/06\/09\/vaccination-mot-blatunga-inledd\/","title":{"rendered":"Vaccination mot bl\u00e5tunga inledd"},"content":{"rendered":"<p><strong>V\u00e5ran vardag \u00e4r st\u00e4ndigt full med nya utmaningar och f\u00f6ruts\u00e4ttningar att f\u00f6rh\u00e5lla sig till p\u00e5 m\u00e5nga olika plan. Ibland \u00e4r det nya regler, ibland \u00e4r det nya r\u00e5d och ibland \u00e4r det nya sjukdomar. En av \u00e5rets nyheter \u00e4r det h\u00e4r med bl\u00e5tunga som nu kommit och brett ut sig i Sverige. D\u00e5 finns att ta st\u00e4llning till huruvida man ska vaccinera djuren eller inte. Vi har velat l\u00e4nge, men idag inleddes vaccinationen..<\/strong><\/p>\n<p>Vill man l\u00e4sa in sig p\u00e5 bl\u00e5tunga g\u00e5r det att g\u00f6ra h\u00e4r &#8211;&gt;\u00a0<a href=\"https:\/\/jordbruksverket.se\/djur\/djurskydd-smittskydd-djurhalsa-och-folkhalsa\/aktuellt-lage-for-smittsamma-djursjukdomar\/blatunga\">https:\/\/jordbruksverket.se\/djur\/djurskydd-smittskydd-djurhalsa-och-folkhalsa\/aktuellt-lage-for-smittsamma-djursjukdomar\/blatunga<\/a><\/p>\n<h3>Inte helt l\u00e4tt<\/h3>\n<p><strong>Huruvida vi skulle vaccinera eller inte har inte varit s\u00e5 l\u00e4tt beslut att ta som det kanske verkar, massa olika saker har spelat in.\u00a0<\/strong>Dels s\u00e5 ligger vi inte i riskomr\u00e5det riktigt, men \u00e4r inte heller helt fria fr\u00e5n att kunna f\u00e5 det (det sprids med svidknott). Hur bra effekt vaccinet har haft har ocks\u00e5 varit lite os\u00e4kert. Sj\u00e4lva behandlingen har inte heller varit s\u00e5 enkel att utf\u00f6r i v\u00e5ran produktion. De ska ha tv\u00e5 doser inom tre veckor, vilket inte \u00e4r helt enkelt. S\u00e4rskilt inte n\u00e4r de g\u00e5r p\u00e5 bete. Priset per dos \u00e4r ca 40 kronor, varje flaska inneh\u00e5ller 50 doser och n\u00e4r man \u00f6ppnat en flaska har man max tio timmar p\u00e5 sig att anv\u00e4nda det. Det g\u00e4ller allts\u00e5 att vara lite effektiv. Bland annat detta har f\u00e5tt oss att fundera lite p\u00e5 huruvida vi skulle vaccinera eller inte, det var inte helt sj\u00e4lvklart. N\u00e4r vi sen v\u00e4l tog beslutet s\u00e5 var det restnoterat och vi visste inte riktigt n\u00e4r det skulle komma. D\u00e5 k\u00e4ndes det n\u00e4stan som att n\u00e5gon annan tog beslutet \u00e5t oss. F\u00f6r n\u00e4r vi f\u00f6rst funderade p\u00e5 huruvida det vi skulle vaccinera eller inte s\u00e5 r\u00e4knade vi med att f\u00f6rsta behandlingen skulle ske innan betesl\u00e4pp, inte att b\u00e5da skulle ske p\u00e5 bete. Men s\u00e5 kom vaccinet f\u00f6rra veckan och hur vi skulle g\u00f6ra kom upp p\u00e5 bordet igen. Om det ens skulle g\u00e5 att f\u00e5 till det praktiskt, mitt under full fart med gr\u00e4ssk\u00f6rd. Vi har nu i alla fall till slut kommit fram till att vi ska vaccinera alla vuxna djur i de grupper som ska f\u00e5 kalv n\u00e4sta \u00e5r. Att riskera att tappa kalvar blir alldeles f\u00f6r jobbigt och dyrt. Att vaccinet fungerar helt 100% verkar os\u00e4kert, men att strunta i det skulle inte riktigt vara likt oss s\u00e5 vi g\u00f6r nu ett frest att f\u00f6rs\u00f6ka vaccinera alla. Vi hoppas att det lyckas, nu har vi i alla fall vaccinerat 48 djur uppdelat p\u00e5 tv\u00e5 grupper och imorgon kommer det forts\u00e4tta med ytterligare tv\u00e5 grupper.<\/p>\n<figure id=\"attachment_27421\" aria-describedby=\"caption-attachment-27421\" style=\"width: 2560px\" class=\"wp-caption alignnone\"><img loading=\"lazy\" class=\"wp-image-27421 size-full\" src=\"https:\/\/blogg.atl.nu\/abbotnas-sateri\/wp-content\/uploads\/sites\/41\/2025\/06\/IMG_2964-scaled.jpeg\" alt=\"\" width=\"2560\" height=\"1920\" srcset=\"https:\/\/blogg.atl.nu\/abbotnas-sateri\/wp-content\/uploads\/sites\/41\/2025\/06\/IMG_2964-scaled.jpeg 2560w, https:\/\/blogg.atl.nu\/abbotnas-sateri\/wp-content\/uploads\/sites\/41\/2025\/06\/IMG_2964-300x225.jpeg 300w, https:\/\/blogg.atl.nu\/abbotnas-sateri\/wp-content\/uploads\/sites\/41\/2025\/06\/IMG_2964-1024x768.jpeg 1024w, https:\/\/blogg.atl.nu\/abbotnas-sateri\/wp-content\/uploads\/sites\/41\/2025\/06\/IMG_2964-768x576.jpeg 768w, https:\/\/blogg.atl.nu\/abbotnas-sateri\/wp-content\/uploads\/sites\/41\/2025\/06\/IMG_2964-1536x1152.jpeg 1536w, https:\/\/blogg.atl.nu\/abbotnas-sateri\/wp-content\/uploads\/sites\/41\/2025\/06\/IMG_2964-2048x1536.jpeg 2048w\" sizes=\"(max-width: 2560px) 100vw, 2560px\" \/><figcaption id=\"caption-attachment-27421\" class=\"wp-caption-text\">Vi f\u00f6rberedde f\u00f6r detta i torsdags och i morse s\u00e5 var det n\u00e5gra djur som var n\u00e4stan p\u00e5 r\u00e4tt st\u00e4lle..<\/figcaption><\/figure>\n<figure id=\"attachment_27419\" aria-describedby=\"caption-attachment-27419\" style=\"width: 2560px\" class=\"wp-caption alignnone\"><img loading=\"lazy\" class=\"wp-image-27419 size-full\" src=\"https:\/\/blogg.atl.nu\/abbotnas-sateri\/wp-content\/uploads\/sites\/41\/2025\/06\/IMG_2968-scaled.jpeg\" alt=\"\" width=\"2560\" height=\"1920\" srcset=\"https:\/\/blogg.atl.nu\/abbotnas-sateri\/wp-content\/uploads\/sites\/41\/2025\/06\/IMG_2968-scaled.jpeg 2560w, https:\/\/blogg.atl.nu\/abbotnas-sateri\/wp-content\/uploads\/sites\/41\/2025\/06\/IMG_2968-300x225.jpeg 300w, https:\/\/blogg.atl.nu\/abbotnas-sateri\/wp-content\/uploads\/sites\/41\/2025\/06\/IMG_2968-1024x768.jpeg 1024w, https:\/\/blogg.atl.nu\/abbotnas-sateri\/wp-content\/uploads\/sites\/41\/2025\/06\/IMG_2968-768x576.jpeg 768w, https:\/\/blogg.atl.nu\/abbotnas-sateri\/wp-content\/uploads\/sites\/41\/2025\/06\/IMG_2968-1536x1152.jpeg 1536w, https:\/\/blogg.atl.nu\/abbotnas-sateri\/wp-content\/uploads\/sites\/41\/2025\/06\/IMG_2968-2048x1536.jpeg 2048w\" sizes=\"(max-width: 2560px) 100vw, 2560px\" \/><figcaption id=\"caption-attachment-27419\" class=\"wp-caption-text\">Resten fick h\u00e4mtas p\u00e5 andra sidan hagen.<\/figcaption><\/figure>\n<figure id=\"attachment_27418\" aria-describedby=\"caption-attachment-27418\" style=\"width: 2560px\" class=\"wp-caption alignnone\"><img loading=\"lazy\" class=\"wp-image-27418 size-full\" src=\"https:\/\/blogg.atl.nu\/abbotnas-sateri\/wp-content\/uploads\/sites\/41\/2025\/06\/IMG_2965-scaled.jpeg\" alt=\"\" width=\"2560\" height=\"1920\" srcset=\"https:\/\/blogg.atl.nu\/abbotnas-sateri\/wp-content\/uploads\/sites\/41\/2025\/06\/IMG_2965-scaled.jpeg 2560w, https:\/\/blogg.atl.nu\/abbotnas-sateri\/wp-content\/uploads\/sites\/41\/2025\/06\/IMG_2965-300x225.jpeg 300w, https:\/\/blogg.atl.nu\/abbotnas-sateri\/wp-content\/uploads\/sites\/41\/2025\/06\/IMG_2965-1024x768.jpeg 1024w, https:\/\/blogg.atl.nu\/abbotnas-sateri\/wp-content\/uploads\/sites\/41\/2025\/06\/IMG_2965-768x576.jpeg 768w, https:\/\/blogg.atl.nu\/abbotnas-sateri\/wp-content\/uploads\/sites\/41\/2025\/06\/IMG_2965-1536x1152.jpeg 1536w, https:\/\/blogg.atl.nu\/abbotnas-sateri\/wp-content\/uploads\/sites\/41\/2025\/06\/IMG_2965-2048x1536.jpeg 2048w\" sizes=\"(max-width: 2560px) 100vw, 2560px\" \/><figcaption id=\"caption-attachment-27418\" class=\"wp-caption-text\">Djur p\u00e5 v\u00e4g att bli p\u00e5 v\u00e4g att g\u00e5 \u00e5t r\u00e4tt h\u00e5ll.<\/figcaption><\/figure>\n<figure id=\"attachment_27420\" aria-describedby=\"caption-attachment-27420\" style=\"width: 2560px\" class=\"wp-caption alignnone\"><img loading=\"lazy\" class=\"wp-image-27420 size-full\" src=\"https:\/\/blogg.atl.nu\/abbotnas-sateri\/wp-content\/uploads\/sites\/41\/2025\/06\/IMG_2969-scaled-e1749495706505.jpeg\" alt=\"\" width=\"2560\" height=\"1920\" srcset=\"https:\/\/blogg.atl.nu\/abbotnas-sateri\/wp-content\/uploads\/sites\/41\/2025\/06\/IMG_2969-scaled-e1749495706505.jpeg 2560w, https:\/\/blogg.atl.nu\/abbotnas-sateri\/wp-content\/uploads\/sites\/41\/2025\/06\/IMG_2969-scaled-e1749495706505-300x225.jpeg 300w, https:\/\/blogg.atl.nu\/abbotnas-sateri\/wp-content\/uploads\/sites\/41\/2025\/06\/IMG_2969-scaled-e1749495706505-1024x768.jpeg 1024w, https:\/\/blogg.atl.nu\/abbotnas-sateri\/wp-content\/uploads\/sites\/41\/2025\/06\/IMG_2969-scaled-e1749495706505-768x576.jpeg 768w, https:\/\/blogg.atl.nu\/abbotnas-sateri\/wp-content\/uploads\/sites\/41\/2025\/06\/IMG_2969-scaled-e1749495706505-1536x1152.jpeg 1536w, https:\/\/blogg.atl.nu\/abbotnas-sateri\/wp-content\/uploads\/sites\/41\/2025\/06\/IMG_2969-scaled-e1749495706505-2048x1536.jpeg 2048w\" sizes=\"(max-width: 2560px) 100vw, 2560px\" \/><figcaption id=\"caption-attachment-27420\" class=\"wp-caption-text\">Alla djur samlade p\u00e5 samma plats.<\/figcaption><\/figure>\n<figure id=\"attachment_27416\" aria-describedby=\"caption-attachment-27416\" style=\"width: 2560px\" class=\"wp-caption alignnone\"><img loading=\"lazy\" class=\"wp-image-27416 size-full\" src=\"https:\/\/blogg.atl.nu\/abbotnas-sateri\/wp-content\/uploads\/sites\/41\/2025\/06\/IMG_2971-scaled.jpeg\" alt=\"\" width=\"2560\" height=\"1920\" srcset=\"https:\/\/blogg.atl.nu\/abbotnas-sateri\/wp-content\/uploads\/sites\/41\/2025\/06\/IMG_2971-scaled.jpeg 2560w, https:\/\/blogg.atl.nu\/abbotnas-sateri\/wp-content\/uploads\/sites\/41\/2025\/06\/IMG_2971-300x225.jpeg 300w, https:\/\/blogg.atl.nu\/abbotnas-sateri\/wp-content\/uploads\/sites\/41\/2025\/06\/IMG_2971-1024x768.jpeg 1024w, https:\/\/blogg.atl.nu\/abbotnas-sateri\/wp-content\/uploads\/sites\/41\/2025\/06\/IMG_2971-768x576.jpeg 768w, https:\/\/blogg.atl.nu\/abbotnas-sateri\/wp-content\/uploads\/sites\/41\/2025\/06\/IMG_2971-1536x1152.jpeg 1536w, https:\/\/blogg.atl.nu\/abbotnas-sateri\/wp-content\/uploads\/sites\/41\/2025\/06\/IMG_2971-2048x1536.jpeg 2048w\" sizes=\"(max-width: 2560px) 100vw, 2560px\" \/><figcaption id=\"caption-attachment-27416\" class=\"wp-caption-text\">I f\u00e5llan.<\/figcaption><\/figure>\n<figure id=\"attachment_27415\" aria-describedby=\"caption-attachment-27415\" style=\"width: 2560px\" class=\"wp-caption alignnone\"><img loading=\"lazy\" class=\"wp-image-27415 size-full\" src=\"https:\/\/blogg.atl.nu\/abbotnas-sateri\/wp-content\/uploads\/sites\/41\/2025\/06\/IMG_2973-scaled.jpeg\" alt=\"\" width=\"2560\" height=\"1920\" srcset=\"https:\/\/blogg.atl.nu\/abbotnas-sateri\/wp-content\/uploads\/sites\/41\/2025\/06\/IMG_2973-scaled.jpeg 2560w, https:\/\/blogg.atl.nu\/abbotnas-sateri\/wp-content\/uploads\/sites\/41\/2025\/06\/IMG_2973-300x225.jpeg 300w, https:\/\/blogg.atl.nu\/abbotnas-sateri\/wp-content\/uploads\/sites\/41\/2025\/06\/IMG_2973-1024x768.jpeg 1024w, https:\/\/blogg.atl.nu\/abbotnas-sateri\/wp-content\/uploads\/sites\/41\/2025\/06\/IMG_2973-768x576.jpeg 768w, https:\/\/blogg.atl.nu\/abbotnas-sateri\/wp-content\/uploads\/sites\/41\/2025\/06\/IMG_2973-1536x1152.jpeg 1536w, https:\/\/blogg.atl.nu\/abbotnas-sateri\/wp-content\/uploads\/sites\/41\/2025\/06\/IMG_2973-2048x1536.jpeg 2048w\" sizes=\"(max-width: 2560px) 100vw, 2560px\" \/><figcaption id=\"caption-attachment-27415\" class=\"wp-caption-text\">En del av dagens tappra skara p\u00e5 v\u00e4g till f\u00f6rsta vaccinationen.<\/figcaption><\/figure>\n<figure id=\"attachment_27414\" aria-describedby=\"caption-attachment-27414\" style=\"width: 2560px\" class=\"wp-caption alignnone\"><img loading=\"lazy\" class=\"wp-image-27414 size-full\" src=\"https:\/\/blogg.atl.nu\/abbotnas-sateri\/wp-content\/uploads\/sites\/41\/2025\/06\/IMG_2974-scaled.jpeg\" alt=\"\" width=\"2560\" height=\"1920\" srcset=\"https:\/\/blogg.atl.nu\/abbotnas-sateri\/wp-content\/uploads\/sites\/41\/2025\/06\/IMG_2974-scaled.jpeg 2560w, https:\/\/blogg.atl.nu\/abbotnas-sateri\/wp-content\/uploads\/sites\/41\/2025\/06\/IMG_2974-300x225.jpeg 300w, https:\/\/blogg.atl.nu\/abbotnas-sateri\/wp-content\/uploads\/sites\/41\/2025\/06\/IMG_2974-1024x768.jpeg 1024w, https:\/\/blogg.atl.nu\/abbotnas-sateri\/wp-content\/uploads\/sites\/41\/2025\/06\/IMG_2974-768x576.jpeg 768w, https:\/\/blogg.atl.nu\/abbotnas-sateri\/wp-content\/uploads\/sites\/41\/2025\/06\/IMG_2974-1536x1152.jpeg 1536w, https:\/\/blogg.atl.nu\/abbotnas-sateri\/wp-content\/uploads\/sites\/41\/2025\/06\/IMG_2974-2048x1536.jpeg 2048w\" sizes=\"(max-width: 2560px) 100vw, 2560px\" \/><figcaption id=\"caption-attachment-27414\" class=\"wp-caption-text\">F\u00f6rberedelser p\u00e5g\u00e5r<\/figcaption><\/figure>\n<figure id=\"attachment_27413\" aria-describedby=\"caption-attachment-27413\" style=\"width: 2560px\" class=\"wp-caption alignnone\"><img loading=\"lazy\" class=\"wp-image-27413 size-full\" src=\"https:\/\/blogg.atl.nu\/abbotnas-sateri\/wp-content\/uploads\/sites\/41\/2025\/06\/IMG_2975-scaled.jpeg\" alt=\"\" width=\"2560\" height=\"1920\" srcset=\"https:\/\/blogg.atl.nu\/abbotnas-sateri\/wp-content\/uploads\/sites\/41\/2025\/06\/IMG_2975-scaled.jpeg 2560w, https:\/\/blogg.atl.nu\/abbotnas-sateri\/wp-content\/uploads\/sites\/41\/2025\/06\/IMG_2975-300x225.jpeg 300w, https:\/\/blogg.atl.nu\/abbotnas-sateri\/wp-content\/uploads\/sites\/41\/2025\/06\/IMG_2975-1024x768.jpeg 1024w, https:\/\/blogg.atl.nu\/abbotnas-sateri\/wp-content\/uploads\/sites\/41\/2025\/06\/IMG_2975-768x576.jpeg 768w, https:\/\/blogg.atl.nu\/abbotnas-sateri\/wp-content\/uploads\/sites\/41\/2025\/06\/IMG_2975-1536x1152.jpeg 1536w, https:\/\/blogg.atl.nu\/abbotnas-sateri\/wp-content\/uploads\/sites\/41\/2025\/06\/IMG_2975-2048x1536.jpeg 2048w\" sizes=\"(max-width: 2560px) 100vw, 2560px\" \/><figcaption id=\"caption-attachment-27413\" class=\"wp-caption-text\">F\u00f6rsa flaskan \u00f6ppnas.<\/figcaption><\/figure>\n<figure id=\"attachment_27412\" aria-describedby=\"caption-attachment-27412\" style=\"width: 2560px\" class=\"wp-caption alignnone\"><img loading=\"lazy\" class=\"wp-image-27412 size-full\" src=\"https:\/\/blogg.atl.nu\/abbotnas-sateri\/wp-content\/uploads\/sites\/41\/2025\/06\/IMG_2976-scaled.jpeg\" alt=\"\" width=\"2560\" height=\"1920\" srcset=\"https:\/\/blogg.atl.nu\/abbotnas-sateri\/wp-content\/uploads\/sites\/41\/2025\/06\/IMG_2976-scaled.jpeg 2560w, https:\/\/blogg.atl.nu\/abbotnas-sateri\/wp-content\/uploads\/sites\/41\/2025\/06\/IMG_2976-300x225.jpeg 300w, https:\/\/blogg.atl.nu\/abbotnas-sateri\/wp-content\/uploads\/sites\/41\/2025\/06\/IMG_2976-1024x768.jpeg 1024w, https:\/\/blogg.atl.nu\/abbotnas-sateri\/wp-content\/uploads\/sites\/41\/2025\/06\/IMG_2976-768x576.jpeg 768w, https:\/\/blogg.atl.nu\/abbotnas-sateri\/wp-content\/uploads\/sites\/41\/2025\/06\/IMG_2976-1536x1152.jpeg 1536w, https:\/\/blogg.atl.nu\/abbotnas-sateri\/wp-content\/uploads\/sites\/41\/2025\/06\/IMG_2976-2048x1536.jpeg 2048w\" sizes=\"(max-width: 2560px) 100vw, 2560px\" \/><figcaption id=\"caption-attachment-27412\" class=\"wp-caption-text\">F\u00f6rsta djuret p\u00e5 v\u00e4g in.<\/figcaption><\/figure>\n<figure id=\"attachment_27411\" aria-describedby=\"caption-attachment-27411\" style=\"width: 2560px\" class=\"wp-caption alignnone\"><img loading=\"lazy\" class=\"wp-image-27411 size-full\" src=\"https:\/\/blogg.atl.nu\/abbotnas-sateri\/wp-content\/uploads\/sites\/41\/2025\/06\/IMG_2978-scaled.jpeg\" alt=\"\" width=\"2560\" height=\"1920\" srcset=\"https:\/\/blogg.atl.nu\/abbotnas-sateri\/wp-content\/uploads\/sites\/41\/2025\/06\/IMG_2978-scaled.jpeg 2560w, https:\/\/blogg.atl.nu\/abbotnas-sateri\/wp-content\/uploads\/sites\/41\/2025\/06\/IMG_2978-300x225.jpeg 300w, https:\/\/blogg.atl.nu\/abbotnas-sateri\/wp-content\/uploads\/sites\/41\/2025\/06\/IMG_2978-1024x768.jpeg 1024w, https:\/\/blogg.atl.nu\/abbotnas-sateri\/wp-content\/uploads\/sites\/41\/2025\/06\/IMG_2978-768x576.jpeg 768w, https:\/\/blogg.atl.nu\/abbotnas-sateri\/wp-content\/uploads\/sites\/41\/2025\/06\/IMG_2978-1536x1152.jpeg 1536w, https:\/\/blogg.atl.nu\/abbotnas-sateri\/wp-content\/uploads\/sites\/41\/2025\/06\/IMG_2978-2048x1536.jpeg 2048w\" sizes=\"(max-width: 2560px) 100vw, 2560px\" \/><figcaption id=\"caption-attachment-27411\" class=\"wp-caption-text\">Det blev en liten specialare efter att kon best\u00e4mt sig f\u00f6r att backa in ist\u00e4llet f\u00f6r att g\u00e5 in&#8230;<\/figcaption><\/figure>\n<figure id=\"attachment_27410\" aria-describedby=\"caption-attachment-27410\" style=\"width: 2560px\" class=\"wp-caption alignnone\"><img loading=\"lazy\" class=\"wp-image-27410 size-full\" src=\"https:\/\/blogg.atl.nu\/abbotnas-sateri\/wp-content\/uploads\/sites\/41\/2025\/06\/IMG_2980-scaled.jpeg\" alt=\"\" width=\"2560\" height=\"1920\" srcset=\"https:\/\/blogg.atl.nu\/abbotnas-sateri\/wp-content\/uploads\/sites\/41\/2025\/06\/IMG_2980-scaled.jpeg 2560w, https:\/\/blogg.atl.nu\/abbotnas-sateri\/wp-content\/uploads\/sites\/41\/2025\/06\/IMG_2980-300x225.jpeg 300w, https:\/\/blogg.atl.nu\/abbotnas-sateri\/wp-content\/uploads\/sites\/41\/2025\/06\/IMG_2980-1024x768.jpeg 1024w, https:\/\/blogg.atl.nu\/abbotnas-sateri\/wp-content\/uploads\/sites\/41\/2025\/06\/IMG_2980-768x576.jpeg 768w, https:\/\/blogg.atl.nu\/abbotnas-sateri\/wp-content\/uploads\/sites\/41\/2025\/06\/IMG_2980-1536x1152.jpeg 1536w, https:\/\/blogg.atl.nu\/abbotnas-sateri\/wp-content\/uploads\/sites\/41\/2025\/06\/IMG_2980-2048x1536.jpeg 2048w\" sizes=\"(max-width: 2560px) 100vw, 2560px\" \/><figcaption id=\"caption-attachment-27410\" class=\"wp-caption-text\">Sen fl\u00f6t det p\u00e5 bra.<\/figcaption><\/figure>\n<figure id=\"attachment_27409\" aria-describedby=\"caption-attachment-27409\" style=\"width: 2560px\" class=\"wp-caption alignnone\"><img loading=\"lazy\" class=\"wp-image-27409 size-full\" src=\"https:\/\/blogg.atl.nu\/abbotnas-sateri\/wp-content\/uploads\/sites\/41\/2025\/06\/IMG_2981-scaled.jpeg\" alt=\"\" width=\"2560\" height=\"1920\" srcset=\"https:\/\/blogg.atl.nu\/abbotnas-sateri\/wp-content\/uploads\/sites\/41\/2025\/06\/IMG_2981-scaled.jpeg 2560w, https:\/\/blogg.atl.nu\/abbotnas-sateri\/wp-content\/uploads\/sites\/41\/2025\/06\/IMG_2981-300x225.jpeg 300w, https:\/\/blogg.atl.nu\/abbotnas-sateri\/wp-content\/uploads\/sites\/41\/2025\/06\/IMG_2981-1024x768.jpeg 1024w, https:\/\/blogg.atl.nu\/abbotnas-sateri\/wp-content\/uploads\/sites\/41\/2025\/06\/IMG_2981-768x576.jpeg 768w, https:\/\/blogg.atl.nu\/abbotnas-sateri\/wp-content\/uploads\/sites\/41\/2025\/06\/IMG_2981-1536x1152.jpeg 1536w, https:\/\/blogg.atl.nu\/abbotnas-sateri\/wp-content\/uploads\/sites\/41\/2025\/06\/IMG_2981-2048x1536.jpeg 2048w\" sizes=\"(max-width: 2560px) 100vw, 2560px\" \/><figcaption id=\"caption-attachment-27409\" class=\"wp-caption-text\">Kof\u00f6sarpatrullen, jag och Caroline.<\/figcaption><\/figure>\n<figure id=\"attachment_27408\" aria-describedby=\"caption-attachment-27408\" style=\"width: 2560px\" class=\"wp-caption alignnone\"><img loading=\"lazy\" class=\"wp-image-27408 size-full\" src=\"https:\/\/blogg.atl.nu\/abbotnas-sateri\/wp-content\/uploads\/sites\/41\/2025\/06\/IMG_2982-scaled.jpeg\" alt=\"\" width=\"2560\" height=\"1920\" srcset=\"https:\/\/blogg.atl.nu\/abbotnas-sateri\/wp-content\/uploads\/sites\/41\/2025\/06\/IMG_2982-scaled.jpeg 2560w, https:\/\/blogg.atl.nu\/abbotnas-sateri\/wp-content\/uploads\/sites\/41\/2025\/06\/IMG_2982-300x225.jpeg 300w, https:\/\/blogg.atl.nu\/abbotnas-sateri\/wp-content\/uploads\/sites\/41\/2025\/06\/IMG_2982-1024x768.jpeg 1024w, https:\/\/blogg.atl.nu\/abbotnas-sateri\/wp-content\/uploads\/sites\/41\/2025\/06\/IMG_2982-768x576.jpeg 768w, https:\/\/blogg.atl.nu\/abbotnas-sateri\/wp-content\/uploads\/sites\/41\/2025\/06\/IMG_2982-1536x1152.jpeg 1536w, https:\/\/blogg.atl.nu\/abbotnas-sateri\/wp-content\/uploads\/sites\/41\/2025\/06\/IMG_2982-2048x1536.jpeg 2048w\" sizes=\"(max-width: 2560px) 100vw, 2560px\" \/><figcaption id=\"caption-attachment-27408\" class=\"wp-caption-text\">N\u00e5gra kor var lite motstr\u00e4viga till att g\u00e5 in i buren och vaccinerades p\u00e5 plats i f\u00e5llan.<\/figcaption><\/figure>\n<figure id=\"attachment_27407\" aria-describedby=\"caption-attachment-27407\" style=\"width: 2560px\" class=\"wp-caption alignnone\"><img loading=\"lazy\" class=\"wp-image-27407 size-full\" src=\"https:\/\/blogg.atl.nu\/abbotnas-sateri\/wp-content\/uploads\/sites\/41\/2025\/06\/IMG_2984-scaled.jpeg\" alt=\"\" width=\"2560\" height=\"1920\" srcset=\"https:\/\/blogg.atl.nu\/abbotnas-sateri\/wp-content\/uploads\/sites\/41\/2025\/06\/IMG_2984-scaled.jpeg 2560w, https:\/\/blogg.atl.nu\/abbotnas-sateri\/wp-content\/uploads\/sites\/41\/2025\/06\/IMG_2984-300x225.jpeg 300w, https:\/\/blogg.atl.nu\/abbotnas-sateri\/wp-content\/uploads\/sites\/41\/2025\/06\/IMG_2984-1024x768.jpeg 1024w, https:\/\/blogg.atl.nu\/abbotnas-sateri\/wp-content\/uploads\/sites\/41\/2025\/06\/IMG_2984-768x576.jpeg 768w, https:\/\/blogg.atl.nu\/abbotnas-sateri\/wp-content\/uploads\/sites\/41\/2025\/06\/IMG_2984-1536x1152.jpeg 1536w, https:\/\/blogg.atl.nu\/abbotnas-sateri\/wp-content\/uploads\/sites\/41\/2025\/06\/IMG_2984-2048x1536.jpeg 2048w\" sizes=\"(max-width: 2560px) 100vw, 2560px\" \/><figcaption id=\"caption-attachment-27407\" class=\"wp-caption-text\">Flytta f\u00e5llan.<\/figcaption><\/figure>\n<figure id=\"attachment_27406\" aria-describedby=\"caption-attachment-27406\" style=\"width: 2560px\" class=\"wp-caption alignnone\"><img loading=\"lazy\" class=\"wp-image-27406 size-full\" src=\"https:\/\/blogg.atl.nu\/abbotnas-sateri\/wp-content\/uploads\/sites\/41\/2025\/06\/IMG_2986-scaled.jpeg\" alt=\"\" width=\"2560\" height=\"1920\" srcset=\"https:\/\/blogg.atl.nu\/abbotnas-sateri\/wp-content\/uploads\/sites\/41\/2025\/06\/IMG_2986-scaled.jpeg 2560w, https:\/\/blogg.atl.nu\/abbotnas-sateri\/wp-content\/uploads\/sites\/41\/2025\/06\/IMG_2986-300x225.jpeg 300w, https:\/\/blogg.atl.nu\/abbotnas-sateri\/wp-content\/uploads\/sites\/41\/2025\/06\/IMG_2986-1024x768.jpeg 1024w, https:\/\/blogg.atl.nu\/abbotnas-sateri\/wp-content\/uploads\/sites\/41\/2025\/06\/IMG_2986-768x576.jpeg 768w, https:\/\/blogg.atl.nu\/abbotnas-sateri\/wp-content\/uploads\/sites\/41\/2025\/06\/IMG_2986-1536x1152.jpeg 1536w, https:\/\/blogg.atl.nu\/abbotnas-sateri\/wp-content\/uploads\/sites\/41\/2025\/06\/IMG_2986-2048x1536.jpeg 2048w\" sizes=\"(max-width: 2560px) 100vw, 2560px\" \/><figcaption id=\"caption-attachment-27406\" class=\"wp-caption-text\">Uppbyggd p\u00e5 andra st\u00e4llet.<\/figcaption><\/figure>\n<p>&nbsp;<\/p>\n<p>S\u00e5 var det idag och vaccinationen \u00e4r allts\u00e5 inledd. H\u00e4r i v\u00e5rat omr\u00e5de har det varit en liten snackis huruvida man ska vaccinera eller inte, hur har det varit hos er?<\/p>\n","protected":false},"excerpt":{"rendered":"<p>V\u00e5ran vardag \u00e4r st\u00e4ndigt full med nya utmaningar och f\u00f6ruts\u00e4ttningar att f\u00f6rh\u00e5lla sig till p\u00e5 m\u00e5nga olika plan. Ibland \u00e4r det nya regler, ibland \u00e4r det nya r\u00e5d och ibland \u00e4r det nya sjukdomar. En av \u00e5rets nyheter \u00e4r det h\u00e4r med bl\u00e5tunga som nu kommit och brett ut sig i Sverige. D\u00e5 finns att&#8230;<\/p>\n","protected":false},"author":361,"featured_media":27410,"comment_status":"open","ping_status":"open","sticky":false,"template":"","format":"standard","meta":[],"categories":[1],"tags":[],"yoast_head":"<!-- This site is optimized with the Yoast SEO plugin v19.6 - https:\/\/yoast.com\/wordpress\/plugins\/seo\/ -->\n<title>Vaccination mot bl\u00e5tunga inledd - Abbotn\u00e4s s\u00e4teri<\/title>\n<meta name=\"robots\" content=\"index, follow, max-snippet:-1, max-image-preview:large, max-video-preview:-1\" \/>\n<link rel=\"canonical\" href=\"https:\/\/blogg.atl.nu\/abbotnas-sateri\/2025\/06\/09\/vaccination-mot-blatunga-inledd\/\" \/>\n<meta property=\"og:locale\" content=\"sv_SE\" \/>\n<meta property=\"og:type\" content=\"article\" \/>\n<meta property=\"og:title\" content=\"Vaccination mot bl\u00e5tunga inledd - Abbotn\u00e4s s\u00e4teri\" \/>\n<meta property=\"og:description\" content=\"V\u00e5ran vardag \u00e4r st\u00e4ndigt full med nya utmaningar och f\u00f6ruts\u00e4ttningar att f\u00f6rh\u00e5lla sig till p\u00e5 m\u00e5nga olika plan. Ibland \u00e4r det nya regler, ibland \u00e4r det nya r\u00e5d och ibland \u00e4r det nya sjukdomar. En av \u00e5rets nyheter \u00e4r det h\u00e4r med bl\u00e5tunga som nu kommit och brett ut sig i Sverige. D\u00e5 finns att...\" \/>\n<meta property=\"og:url\" content=\"https:\/\/blogg.atl.nu\/abbotnas-sateri\/2025\/06\/09\/vaccination-mot-blatunga-inledd\/\" \/>\n<meta property=\"og:site_name\" content=\"Abbotn\u00e4s s\u00e4teri\" \/>\n<meta property=\"article:author\" content=\"facebook.com\/mattiaswlarsson\" \/>\n<meta property=\"article:published_time\" content=\"2025-06-09T19:09:09+00:00\" \/>\n<meta property=\"og:image\" content=\"https:\/\/blogg.atl.nu\/abbotnas-sateri\/wp-content\/uploads\/sites\/41\/2025\/06\/IMG_2980-scaled.jpeg\" \/>\n\t<meta property=\"og:image:width\" content=\"2560\" \/>\n\t<meta property=\"og:image:height\" content=\"1920\" \/>\n\t<meta property=\"og:image:type\" content=\"image\/jpeg\" \/>\n<meta name=\"author\" content=\"Mattias Larsson\" \/>\n<meta name=\"twitter:card\" content=\"summary_large_image\" \/>\n<meta name=\"twitter:label1\" content=\"Skriven av\" \/>\n\t<meta name=\"twitter:data1\" content=\"Mattias Larsson\" \/>\n\t<meta name=\"twitter:label2\" content=\"Ber\u00e4knad l\u00e4stid\" \/>\n\t<meta name=\"twitter:data2\" content=\"7 minuter\" \/>\n<script type=\"application\/ld+json\" class=\"yoast-schema-graph\">{\"@context\":\"https:\/\/schema.org\",\"@graph\":[{\"@type\":\"WebPage\",\"@id\":\"https:\/\/blogg.atl.nu\/abbotnas-sateri\/2025\/06\/09\/vaccination-mot-blatunga-inledd\/\",\"url\":\"https:\/\/blogg.atl.nu\/abbotnas-sateri\/2025\/06\/09\/vaccination-mot-blatunga-inledd\/\",\"name\":\"Vaccination mot bl\u00e5tunga inledd - Abbotn\u00e4s s\u00e4teri\",\"isPartOf\":{\"@id\":\"https:\/\/blogg.atl.nu\/abbotnas-sateri\/#website\"},\"datePublished\":\"2025-06-09T19:09:09+00:00\",\"dateModified\":\"2025-06-09T19:09:09+00:00\",\"author\":{\"@id\":\"https:\/\/blogg.atl.nu\/abbotnas-sateri\/#\/schema\/person\/3b681683e8c9711235140b74c4aad714\"},\"breadcrumb\":{\"@id\":\"https:\/\/blogg.atl.nu\/abbotnas-sateri\/2025\/06\/09\/vaccination-mot-blatunga-inledd\/#breadcrumb\"},\"inLanguage\":\"sv-SE\",\"potentialAction\":[{\"@type\":\"ReadAction\",\"target\":[\"https:\/\/blogg.atl.nu\/abbotnas-sateri\/2025\/06\/09\/vaccination-mot-blatunga-inledd\/\"]}]},{\"@type\":\"BreadcrumbList\",\"@id\":\"https:\/\/blogg.atl.nu\/abbotnas-sateri\/2025\/06\/09\/vaccination-mot-blatunga-inledd\/#breadcrumb\",\"itemListElement\":[{\"@type\":\"ListItem\",\"position\":1,\"name\":\"Home\",\"item\":\"https:\/\/blogg.atl.nu\/abbotnas-sateri\/\"},{\"@type\":\"ListItem\",\"position\":2,\"name\":\"Vaccination mot bl\u00e5tunga inledd\"}]},{\"@type\":\"WebSite\",\"@id\":\"https:\/\/blogg.atl.nu\/abbotnas-sateri\/#website\",\"url\":\"https:\/\/blogg.atl.nu\/abbotnas-sateri\/\",\"name\":\"Abbotn\u00e4s s\u00e4teri\",\"description\":\"Mattias Larsson\",\"potentialAction\":[{\"@type\":\"SearchAction\",\"target\":{\"@type\":\"EntryPoint\",\"urlTemplate\":\"https:\/\/blogg.atl.nu\/abbotnas-sateri\/?s={search_term_string}\"},\"query-input\":\"required name=search_term_string\"}],\"inLanguage\":\"sv-SE\"},{\"@type\":\"Person\",\"@id\":\"https:\/\/blogg.atl.nu\/abbotnas-sateri\/#\/schema\/person\/3b681683e8c9711235140b74c4aad714\",\"name\":\"Mattias Larsson\",\"image\":{\"@type\":\"ImageObject\",\"inLanguage\":\"sv-SE\",\"@id\":\"https:\/\/blogg.atl.nu\/abbotnas-sateri\/#\/schema\/person\/image\/\",\"url\":\"https:\/\/secure.gravatar.com\/avatar\/ab52d1a4abaa2f256164ccb2caf8dcfb?s=96&d=mm&r=g\",\"contentUrl\":\"https:\/\/secure.gravatar.com\/avatar\/ab52d1a4abaa2f256164ccb2caf8dcfb?s=96&d=mm&r=g\",\"caption\":\"Mattias Larsson\"},\"sameAs\":[\"http:\/\/abbotnas.se\",\"facebook.com\/mattiaswlarsson\"],\"url\":\"https:\/\/blogg.atl.nu\/abbotnas-sateri\/author\/mlarsson\/\"}]}<\/script>\n<!-- \/ Yoast SEO plugin. -->","yoast_head_json":{"title":"Vaccination mot bl\u00e5tunga inledd - Abbotn\u00e4s s\u00e4teri","robots":{"index":"index","follow":"follow","max-snippet":"max-snippet:-1","max-image-preview":"max-image-preview:large","max-video-preview":"max-video-preview:-1"},"canonical":"https:\/\/blogg.atl.nu\/abbotnas-sateri\/2025\/06\/09\/vaccination-mot-blatunga-inledd\/","og_locale":"sv_SE","og_type":"article","og_title":"Vaccination mot bl\u00e5tunga inledd - Abbotn\u00e4s s\u00e4teri","og_description":"V\u00e5ran vardag \u00e4r st\u00e4ndigt full med nya utmaningar och f\u00f6ruts\u00e4ttningar att f\u00f6rh\u00e5lla sig till p\u00e5 m\u00e5nga olika plan. Ibland \u00e4r det nya regler, ibland \u00e4r det nya r\u00e5d och ibland \u00e4r det nya sjukdomar. En av \u00e5rets nyheter \u00e4r det h\u00e4r med bl\u00e5tunga som nu kommit och brett ut sig i Sverige. D\u00e5 finns att...","og_url":"https:\/\/blogg.atl.nu\/abbotnas-sateri\/2025\/06\/09\/vaccination-mot-blatunga-inledd\/","og_site_name":"Abbotn\u00e4s s\u00e4teri","article_author":"facebook.com\/mattiaswlarsson","article_published_time":"2025-06-09T19:09:09+00:00","og_image":[{"width":2560,"height":1920,"url":"https:\/\/blogg.atl.nu\/abbotnas-sateri\/wp-content\/uploads\/sites\/41\/2025\/06\/IMG_2980-scaled.jpeg","type":"image\/jpeg"}],"author":"Mattias Larsson","twitter_card":"summary_large_image","twitter_misc":{"Skriven av":"Mattias Larsson","Ber\u00e4knad l\u00e4stid":"7 minuter"},"schema":{"@context":"https:\/\/schema.org","@graph":[{"@type":"WebPage","@id":"https:\/\/blogg.atl.nu\/abbotnas-sateri\/2025\/06\/09\/vaccination-mot-blatunga-inledd\/","url":"https:\/\/blogg.atl.nu\/abbotnas-sateri\/2025\/06\/09\/vaccination-mot-blatunga-inledd\/","name":"Vaccination mot bl\u00e5tunga inledd - Abbotn\u00e4s s\u00e4teri","isPartOf":{"@id":"https:\/\/blogg.atl.nu\/abbotnas-sateri\/#website"},"datePublished":"2025-06-09T19:09:09+00:00","dateModified":"2025-06-09T19:09:09+00:00","author":{"@id":"https:\/\/blogg.atl.nu\/abbotnas-sateri\/#\/schema\/person\/3b681683e8c9711235140b74c4aad714"},"breadcrumb":{"@id":"https:\/\/blogg.atl.nu\/abbotnas-sateri\/2025\/06\/09\/vaccination-mot-blatunga-inledd\/#breadcrumb"},"inLanguage":"sv-SE","potentialAction":[{"@type":"ReadAction","target":["https:\/\/blogg.atl.nu\/abbotnas-sateri\/2025\/06\/09\/vaccination-mot-blatunga-inledd\/"]}]},{"@type":"BreadcrumbList","@id":"https:\/\/blogg.atl.nu\/abbotnas-sateri\/2025\/06\/09\/vaccination-mot-blatunga-inledd\/#breadcrumb","itemListElement":[{"@type":"ListItem","position":1,"name":"Home","item":"https:\/\/blogg.atl.nu\/abbotnas-sateri\/"},{"@type":"ListItem","position":2,"name":"Vaccination mot bl\u00e5tunga inledd"}]},{"@type":"WebSite","@id":"https:\/\/blogg.atl.nu\/abbotnas-sateri\/#website","url":"https:\/\/blogg.atl.nu\/abbotnas-sateri\/","name":"Abbotn\u00e4s s\u00e4teri","description":"Mattias Larsson","potentialAction":[{"@type":"SearchAction","target":{"@type":"EntryPoint","urlTemplate":"https:\/\/blogg.atl.nu\/abbotnas-sateri\/?s={search_term_string}"},"query-input":"required name=search_term_string"}],"inLanguage":"sv-SE"},{"@type":"Person","@id":"https:\/\/blogg.atl.nu\/abbotnas-sateri\/#\/schema\/person\/3b681683e8c9711235140b74c4aad714","name":"Mattias Larsson","image":{"@type":"ImageObject","inLanguage":"sv-SE","@id":"https:\/\/blogg.atl.nu\/abbotnas-sateri\/#\/schema\/person\/image\/","url":"https:\/\/secure.gravatar.com\/avatar\/ab52d1a4abaa2f256164ccb2caf8dcfb?s=96&d=mm&r=g","contentUrl":"https:\/\/secure.gravatar.com\/avatar\/ab52d1a4abaa2f256164ccb2caf8dcfb?s=96&d=mm&r=g","caption":"Mattias Larsson"},"sameAs":["http:\/\/abbotnas.se","facebook.com\/mattiaswlarsson"],"url":"https:\/\/blogg.atl.nu\/abbotnas-sateri\/author\/mlarsson\/"}]}},"_links":{"self":[{"href":"https:\/\/blogg.atl.nu\/abbotnas-sateri\/wp-json\/wp\/v2\/posts\/27422"}],"collection":[{"href":"https:\/\/blogg.atl.nu\/abbotnas-sateri\/wp-json\/wp\/v2\/posts"}],"about":[{"href":"https:\/\/blogg.atl.nu\/abbotnas-sateri\/wp-json\/wp\/v2\/types\/post"}],"author":[{"embeddable":true,"href":"https:\/\/blogg.atl.nu\/abbotnas-sateri\/wp-json\/wp\/v2\/users\/361"}],"replies":[{"embeddable":true,"href":"https:\/\/blogg.atl.nu\/abbotnas-sateri\/wp-json\/wp\/v2\/comments?post=27422"}],"version-history":[{"count":2,"href":"https:\/\/blogg.atl.nu\/abbotnas-sateri\/wp-json\/wp\/v2\/posts\/27422\/revisions"}],"predecessor-version":[{"id":27424,"href":"https:\/\/blogg.atl.nu\/abbotnas-sateri\/wp-json\/wp\/v2\/posts\/27422\/revisions\/27424"}],"wp:featuredmedia":[{"embeddable":true,"href":"https:\/\/blogg.atl.nu\/abbotnas-sateri\/wp-json\/wp\/v2\/media\/27410"}],"wp:attachment":[{"href":"https:\/\/blogg.atl.nu\/abbotnas-sateri\/wp-json\/wp\/v2\/media?parent=27422"}],"wp:term":[{"taxonomy":"category","embeddable":true,"href":"https:\/\/blogg.atl.nu\/abbotnas-sateri\/wp-json\/wp\/v2\/categories?post=27422"},{"taxonomy":"post_tag","embeddable":true,"href":"https:\/\/blogg.atl.nu\/abbotnas-sateri\/wp-json\/wp\/v2\/tags?post=27422"}],"curies":[{"name":"wp","href":"https:\/\/api.w.org\/{rel}","templated":true}]}}