{"id":28096,"date":"2025-08-24T22:11:27","date_gmt":"2025-08-24T20:11:27","guid":{"rendered":"https:\/\/blogg.atl.nu\/abbotnas-sateri\/?p=28096"},"modified":"2025-08-24T22:11:27","modified_gmt":"2025-08-24T20:11:27","slug":"helt-i-mal-med-skord-2025","status":"publish","type":"post","link":"https:\/\/blogg.atl.nu\/abbotnas-sateri\/2025\/08\/24\/helt-i-mal-med-skord-2025\/","title":{"rendered":"Helt i m\u00e5l med sk\u00f6rd 2025"},"content":{"rendered":"<p><strong>Sist skrev jag att vi var n\u00e4stan f\u00e4rdiga med halmen, nu kan jag skriva att vi \u00e4r klara f\u00f6r ig\u00e5r lyftes \u00e5rets sista fr\u00e5n f\u00e4lten f\u00f6r att lastas av hemma. Med de bakom oss kan vi nu fokusera 100 % p\u00e5 se till s\u00e5 att vi har h\u00f6stgr\u00f6dor att sk\u00f6rda \u00e4ven n\u00e4sta \u00e5r.\u00a0<\/strong><\/p>\n<h3>Helt i m\u00e5l<\/h3>\n<p><strong>Tittar jag p\u00e5 mina senaste inl\u00e4gg s\u00e5 har det handlat mycket om delm\u00e5l som uppfyllt, nu kan jag \u00e4ntligen skriva att v\u00e5ra delm\u00e5l f\u00f6r sk\u00f6rd 2025 \u00e4r uppfyllda och vi kan nu l\u00e4gga den helt bakom oss.\u00a0<\/strong>I alla fall det praktiska arbetet, analysera och utv\u00e4rderar kommer fortfarande i h\u00f6g grad att g\u00f6ra. Det \u00e4r en fruktansv\u00e4rt sk\u00f6n k\u00e4nsla att kunna l\u00e4gga den stressen om att b\u00e4rga sk\u00f6rden bakom sig. Nu ligger produkterna\u00a0 kvalitetss\u00e4krade i lager och st\u00e5r inte l\u00e4ngre p\u00e5 f\u00e4lten med risken att kanske inte alls kunna b\u00e4rgas. V\u00e4rt att n\u00e4mna \u00e4r ocks\u00e5 att vi sedan i fredags \u00e4r f\u00e4rdigtorkade p\u00e5 spannm\u00e5l och oljev\u00e4xter. S\u00e5 nu \u00e4r vi allts\u00e5 helt i m\u00e5l och kan fokusera p\u00e5 annat.<\/p>\n<figure id=\"attachment_28095\" aria-describedby=\"caption-attachment-28095\" style=\"width: 2560px\" class=\"wp-caption alignnone\"><img loading=\"lazy\" class=\"wp-image-28095 size-full\" src=\"https:\/\/blogg.atl.nu\/abbotnas-sateri\/wp-content\/uploads\/sites\/41\/2025\/08\/IMG_5259-scaled.jpeg\" alt=\"\" width=\"2560\" height=\"1920\" srcset=\"https:\/\/blogg.atl.nu\/abbotnas-sateri\/wp-content\/uploads\/sites\/41\/2025\/08\/IMG_5259-scaled.jpeg 2560w, https:\/\/blogg.atl.nu\/abbotnas-sateri\/wp-content\/uploads\/sites\/41\/2025\/08\/IMG_5259-300x225.jpeg 300w, https:\/\/blogg.atl.nu\/abbotnas-sateri\/wp-content\/uploads\/sites\/41\/2025\/08\/IMG_5259-1024x768.jpeg 1024w, https:\/\/blogg.atl.nu\/abbotnas-sateri\/wp-content\/uploads\/sites\/41\/2025\/08\/IMG_5259-768x576.jpeg 768w, https:\/\/blogg.atl.nu\/abbotnas-sateri\/wp-content\/uploads\/sites\/41\/2025\/08\/IMG_5259-1536x1152.jpeg 1536w, https:\/\/blogg.atl.nu\/abbotnas-sateri\/wp-content\/uploads\/sites\/41\/2025\/08\/IMG_5259-2048x1536.jpeg 2048w\" sizes=\"(max-width: 2560px) 100vw, 2560px\" \/><figcaption id=\"caption-attachment-28095\" class=\"wp-caption-text\">Sist ut att b\u00e4rgas f\u00f6r sk\u00f6rd 2025 var halmen.<\/figcaption><\/figure>\n<figure id=\"attachment_28093\" aria-describedby=\"caption-attachment-28093\" style=\"width: 2560px\" class=\"wp-caption alignnone\"><img loading=\"lazy\" class=\"wp-image-28093 size-full\" src=\"https:\/\/blogg.atl.nu\/abbotnas-sateri\/wp-content\/uploads\/sites\/41\/2025\/08\/IMG_5267-scaled.jpeg\" alt=\"\" width=\"2560\" height=\"1920\" srcset=\"https:\/\/blogg.atl.nu\/abbotnas-sateri\/wp-content\/uploads\/sites\/41\/2025\/08\/IMG_5267-scaled.jpeg 2560w, https:\/\/blogg.atl.nu\/abbotnas-sateri\/wp-content\/uploads\/sites\/41\/2025\/08\/IMG_5267-300x225.jpeg 300w, https:\/\/blogg.atl.nu\/abbotnas-sateri\/wp-content\/uploads\/sites\/41\/2025\/08\/IMG_5267-1024x768.jpeg 1024w, https:\/\/blogg.atl.nu\/abbotnas-sateri\/wp-content\/uploads\/sites\/41\/2025\/08\/IMG_5267-768x576.jpeg 768w, https:\/\/blogg.atl.nu\/abbotnas-sateri\/wp-content\/uploads\/sites\/41\/2025\/08\/IMG_5267-1536x1152.jpeg 1536w, https:\/\/blogg.atl.nu\/abbotnas-sateri\/wp-content\/uploads\/sites\/41\/2025\/08\/IMG_5267-2048x1536.jpeg 2048w\" sizes=\"(max-width: 2560px) 100vw, 2560px\" \/><figcaption id=\"caption-attachment-28093\" class=\"wp-caption-text\">F\u00f6rs fylldes halmlagret inomhus.<\/figcaption><\/figure>\n<figure id=\"attachment_28094\" aria-describedby=\"caption-attachment-28094\" style=\"width: 2560px\" class=\"wp-caption alignnone\"><img loading=\"lazy\" class=\"wp-image-28094 size-full\" src=\"https:\/\/blogg.atl.nu\/abbotnas-sateri\/wp-content\/uploads\/sites\/41\/2025\/08\/IMG_5266-scaled.jpeg\" alt=\"\" width=\"2560\" height=\"1920\" srcset=\"https:\/\/blogg.atl.nu\/abbotnas-sateri\/wp-content\/uploads\/sites\/41\/2025\/08\/IMG_5266-scaled.jpeg 2560w, https:\/\/blogg.atl.nu\/abbotnas-sateri\/wp-content\/uploads\/sites\/41\/2025\/08\/IMG_5266-300x225.jpeg 300w, https:\/\/blogg.atl.nu\/abbotnas-sateri\/wp-content\/uploads\/sites\/41\/2025\/08\/IMG_5266-1024x768.jpeg 1024w, https:\/\/blogg.atl.nu\/abbotnas-sateri\/wp-content\/uploads\/sites\/41\/2025\/08\/IMG_5266-768x576.jpeg 768w, https:\/\/blogg.atl.nu\/abbotnas-sateri\/wp-content\/uploads\/sites\/41\/2025\/08\/IMG_5266-1536x1152.jpeg 1536w, https:\/\/blogg.atl.nu\/abbotnas-sateri\/wp-content\/uploads\/sites\/41\/2025\/08\/IMG_5266-2048x1536.jpeg 2048w\" sizes=\"(max-width: 2560px) 100vw, 2560px\" \/><figcaption id=\"caption-attachment-28094\" class=\"wp-caption-text\">H\u00e4r \u00e4r portarna redo att st\u00e4ngas, f\u00f6r h\u00e4r \u00e4r det nu fullt.<\/figcaption><\/figure>\n<figure id=\"attachment_28090\" aria-describedby=\"caption-attachment-28090\" style=\"width: 2560px\" class=\"wp-caption alignnone\"><img loading=\"lazy\" class=\"wp-image-28090 size-full\" src=\"https:\/\/blogg.atl.nu\/abbotnas-sateri\/wp-content\/uploads\/sites\/41\/2025\/08\/IMG_5274-scaled.jpeg\" alt=\"\" width=\"2560\" height=\"1920\" srcset=\"https:\/\/blogg.atl.nu\/abbotnas-sateri\/wp-content\/uploads\/sites\/41\/2025\/08\/IMG_5274-scaled.jpeg 2560w, https:\/\/blogg.atl.nu\/abbotnas-sateri\/wp-content\/uploads\/sites\/41\/2025\/08\/IMG_5274-300x225.jpeg 300w, https:\/\/blogg.atl.nu\/abbotnas-sateri\/wp-content\/uploads\/sites\/41\/2025\/08\/IMG_5274-1024x768.jpeg 1024w, https:\/\/blogg.atl.nu\/abbotnas-sateri\/wp-content\/uploads\/sites\/41\/2025\/08\/IMG_5274-768x576.jpeg 768w, https:\/\/blogg.atl.nu\/abbotnas-sateri\/wp-content\/uploads\/sites\/41\/2025\/08\/IMG_5274-1536x1152.jpeg 1536w, https:\/\/blogg.atl.nu\/abbotnas-sateri\/wp-content\/uploads\/sites\/41\/2025\/08\/IMG_5274-2048x1536.jpeg 2048w\" sizes=\"(max-width: 2560px) 100vw, 2560px\" \/><figcaption id=\"caption-attachment-28090\" class=\"wp-caption-text\">N\u00e4r det var fullt inne hamnade en del balar ute.<\/figcaption><\/figure>\n<figure id=\"attachment_28086\" aria-describedby=\"caption-attachment-28086\" style=\"width: 2560px\" class=\"wp-caption alignnone\"><img loading=\"lazy\" class=\"wp-image-28086 size-full\" src=\"https:\/\/blogg.atl.nu\/abbotnas-sateri\/wp-content\/uploads\/sites\/41\/2025\/08\/IMG_5290-scaled.jpeg\" alt=\"\" width=\"2560\" height=\"1920\" srcset=\"https:\/\/blogg.atl.nu\/abbotnas-sateri\/wp-content\/uploads\/sites\/41\/2025\/08\/IMG_5290-scaled.jpeg 2560w, https:\/\/blogg.atl.nu\/abbotnas-sateri\/wp-content\/uploads\/sites\/41\/2025\/08\/IMG_5290-300x225.jpeg 300w, https:\/\/blogg.atl.nu\/abbotnas-sateri\/wp-content\/uploads\/sites\/41\/2025\/08\/IMG_5290-1024x768.jpeg 1024w, https:\/\/blogg.atl.nu\/abbotnas-sateri\/wp-content\/uploads\/sites\/41\/2025\/08\/IMG_5290-768x576.jpeg 768w, https:\/\/blogg.atl.nu\/abbotnas-sateri\/wp-content\/uploads\/sites\/41\/2025\/08\/IMG_5290-1536x1152.jpeg 1536w, https:\/\/blogg.atl.nu\/abbotnas-sateri\/wp-content\/uploads\/sites\/41\/2025\/08\/IMG_5290-2048x1536.jpeg 2048w\" sizes=\"(max-width: 2560px) 100vw, 2560px\" \/><figcaption id=\"caption-attachment-28086\" class=\"wp-caption-text\">Lass p\u00e5 v\u00e4g hem\u00e5t.<\/figcaption><\/figure>\n<figure id=\"attachment_28085\" aria-describedby=\"caption-attachment-28085\" style=\"width: 2560px\" class=\"wp-caption alignnone\"><img loading=\"lazy\" class=\"wp-image-28085 size-full\" src=\"https:\/\/blogg.atl.nu\/abbotnas-sateri\/wp-content\/uploads\/sites\/41\/2025\/08\/IMG_5291-scaled.jpeg\" alt=\"\" width=\"2560\" height=\"1920\" srcset=\"https:\/\/blogg.atl.nu\/abbotnas-sateri\/wp-content\/uploads\/sites\/41\/2025\/08\/IMG_5291-scaled.jpeg 2560w, https:\/\/blogg.atl.nu\/abbotnas-sateri\/wp-content\/uploads\/sites\/41\/2025\/08\/IMG_5291-300x225.jpeg 300w, https:\/\/blogg.atl.nu\/abbotnas-sateri\/wp-content\/uploads\/sites\/41\/2025\/08\/IMG_5291-1024x768.jpeg 1024w, https:\/\/blogg.atl.nu\/abbotnas-sateri\/wp-content\/uploads\/sites\/41\/2025\/08\/IMG_5291-768x576.jpeg 768w, https:\/\/blogg.atl.nu\/abbotnas-sateri\/wp-content\/uploads\/sites\/41\/2025\/08\/IMG_5291-1536x1152.jpeg 1536w, https:\/\/blogg.atl.nu\/abbotnas-sateri\/wp-content\/uploads\/sites\/41\/2025\/08\/IMG_5291-2048x1536.jpeg 2048w\" sizes=\"(max-width: 2560px) 100vw, 2560px\" \/><figcaption id=\"caption-attachment-28085\" class=\"wp-caption-text\">H\u00e4r l\u00e4mnar \u00e5rets sista lass f\u00e4ltet.<\/figcaption><\/figure>\n<h3>Fokus p\u00e5 n\u00e4sta sk\u00f6rd<\/h3>\n<p><strong>Nu med detta r\u00e5s sk\u00f6rd lagd bakom oss kan vi nu fullt fokusera p\u00e5 n\u00e4sta \u00e5rs sk\u00f6rd.\u00a0<\/strong>H\u00f6strapsen \u00e4r redan s\u00e5dd och ska nu tas om han om p\u00e5 alla t\u00e4nkbara s\u00e4tt, g\u00f6dning och v\u00e4xtskydd st\u00e5r nu p\u00e5 tur f\u00f6r den. Sedan s\u00e5 ska vi se till att etablera en del h\u00f6stvete. 331 hektar h\u00f6stvete st\u00e5r p\u00e5 planeringen att s\u00e5s nu i h\u00f6st, med eventuellt en minskning p\u00e5 22 hektar. S\u00e5 nu ska det kultiveras, pl\u00f6jas, harvas, s\u00e5s, k\u00f6ras dynga, r\u00f6jas f\u00e4ltkanter, putsas etc etc&#8230;.. som min far brukar s\u00e4ga, &#8221; det \u00e4r nu n\u00f6tandet b\u00f6rjar&#8221;&#8230;<\/p>\n<figure id=\"attachment_28079\" aria-describedby=\"caption-attachment-28079\" style=\"width: 2560px\" class=\"wp-caption alignnone\"><img loading=\"lazy\" class=\"wp-image-28079 size-full\" src=\"https:\/\/blogg.atl.nu\/abbotnas-sateri\/wp-content\/uploads\/sites\/41\/2025\/08\/IMG_5305-scaled.jpeg\" alt=\"\" width=\"2560\" height=\"1920\" srcset=\"https:\/\/blogg.atl.nu\/abbotnas-sateri\/wp-content\/uploads\/sites\/41\/2025\/08\/IMG_5305-scaled.jpeg 2560w, https:\/\/blogg.atl.nu\/abbotnas-sateri\/wp-content\/uploads\/sites\/41\/2025\/08\/IMG_5305-300x225.jpeg 300w, https:\/\/blogg.atl.nu\/abbotnas-sateri\/wp-content\/uploads\/sites\/41\/2025\/08\/IMG_5305-1024x768.jpeg 1024w, https:\/\/blogg.atl.nu\/abbotnas-sateri\/wp-content\/uploads\/sites\/41\/2025\/08\/IMG_5305-768x576.jpeg 768w, https:\/\/blogg.atl.nu\/abbotnas-sateri\/wp-content\/uploads\/sites\/41\/2025\/08\/IMG_5305-1536x1152.jpeg 1536w, https:\/\/blogg.atl.nu\/abbotnas-sateri\/wp-content\/uploads\/sites\/41\/2025\/08\/IMG_5305-2048x1536.jpeg 2048w\" sizes=\"(max-width: 2560px) 100vw, 2560px\" \/><figcaption id=\"caption-attachment-28079\" class=\"wp-caption-text\">Nu tv\u00e4ttar vi bort resterna efter morgonservicen av tr\u00f6skan och med det sp\u00e5ren efter sk\u00f6rd 2025.<\/figcaption><\/figure>\n<figure id=\"attachment_28078\" aria-describedby=\"caption-attachment-28078\" style=\"width: 2560px\" class=\"wp-caption alignnone\"><img loading=\"lazy\" class=\"wp-image-28078 size-full\" src=\"https:\/\/blogg.atl.nu\/abbotnas-sateri\/wp-content\/uploads\/sites\/41\/2025\/08\/IMG_5306-scaled.jpeg\" alt=\"\" width=\"2560\" height=\"1920\" srcset=\"https:\/\/blogg.atl.nu\/abbotnas-sateri\/wp-content\/uploads\/sites\/41\/2025\/08\/IMG_5306-scaled.jpeg 2560w, https:\/\/blogg.atl.nu\/abbotnas-sateri\/wp-content\/uploads\/sites\/41\/2025\/08\/IMG_5306-300x225.jpeg 300w, https:\/\/blogg.atl.nu\/abbotnas-sateri\/wp-content\/uploads\/sites\/41\/2025\/08\/IMG_5306-1024x768.jpeg 1024w, https:\/\/blogg.atl.nu\/abbotnas-sateri\/wp-content\/uploads\/sites\/41\/2025\/08\/IMG_5306-768x576.jpeg 768w, https:\/\/blogg.atl.nu\/abbotnas-sateri\/wp-content\/uploads\/sites\/41\/2025\/08\/IMG_5306-1536x1152.jpeg 1536w, https:\/\/blogg.atl.nu\/abbotnas-sateri\/wp-content\/uploads\/sites\/41\/2025\/08\/IMG_5306-2048x1536.jpeg 2048w\" sizes=\"(max-width: 2560px) 100vw, 2560px\" \/><figcaption id=\"caption-attachment-28078\" class=\"wp-caption-text\">Plogen p\u00e5 v\u00e4g att ses \u00f6ver innan arbetsstart<\/figcaption><\/figure>\n<figure id=\"attachment_28077\" aria-describedby=\"caption-attachment-28077\" style=\"width: 2560px\" class=\"wp-caption alignnone\"><img loading=\"lazy\" class=\"wp-image-28077 size-full\" src=\"https:\/\/blogg.atl.nu\/abbotnas-sateri\/wp-content\/uploads\/sites\/41\/2025\/08\/IMG_5309-scaled.jpeg\" alt=\"\" width=\"2560\" height=\"1920\" srcset=\"https:\/\/blogg.atl.nu\/abbotnas-sateri\/wp-content\/uploads\/sites\/41\/2025\/08\/IMG_5309-scaled.jpeg 2560w, https:\/\/blogg.atl.nu\/abbotnas-sateri\/wp-content\/uploads\/sites\/41\/2025\/08\/IMG_5309-300x225.jpeg 300w, https:\/\/blogg.atl.nu\/abbotnas-sateri\/wp-content\/uploads\/sites\/41\/2025\/08\/IMG_5309-1024x768.jpeg 1024w, https:\/\/blogg.atl.nu\/abbotnas-sateri\/wp-content\/uploads\/sites\/41\/2025\/08\/IMG_5309-768x576.jpeg 768w, https:\/\/blogg.atl.nu\/abbotnas-sateri\/wp-content\/uploads\/sites\/41\/2025\/08\/IMG_5309-1536x1152.jpeg 1536w, https:\/\/blogg.atl.nu\/abbotnas-sateri\/wp-content\/uploads\/sites\/41\/2025\/08\/IMG_5309-2048x1536.jpeg 2048w\" sizes=\"(max-width: 2560px) 100vw, 2560px\" \/><figcaption id=\"caption-attachment-28077\" class=\"wp-caption-text\">Dubbelhjulen \u00e5ker p\u00e5 igen.<\/figcaption><\/figure>\n<figure id=\"attachment_28081\" aria-describedby=\"caption-attachment-28081\" style=\"width: 2560px\" class=\"wp-caption alignnone\"><img loading=\"lazy\" class=\"wp-image-28081 size-full\" src=\"https:\/\/blogg.atl.nu\/abbotnas-sateri\/wp-content\/uploads\/sites\/41\/2025\/08\/IMG_5303-scaled.jpeg\" alt=\"\" width=\"2560\" height=\"1920\" srcset=\"https:\/\/blogg.atl.nu\/abbotnas-sateri\/wp-content\/uploads\/sites\/41\/2025\/08\/IMG_5303-scaled.jpeg 2560w, https:\/\/blogg.atl.nu\/abbotnas-sateri\/wp-content\/uploads\/sites\/41\/2025\/08\/IMG_5303-300x225.jpeg 300w, https:\/\/blogg.atl.nu\/abbotnas-sateri\/wp-content\/uploads\/sites\/41\/2025\/08\/IMG_5303-1024x768.jpeg 1024w, https:\/\/blogg.atl.nu\/abbotnas-sateri\/wp-content\/uploads\/sites\/41\/2025\/08\/IMG_5303-768x576.jpeg 768w, https:\/\/blogg.atl.nu\/abbotnas-sateri\/wp-content\/uploads\/sites\/41\/2025\/08\/IMG_5303-1536x1152.jpeg 1536w, https:\/\/blogg.atl.nu\/abbotnas-sateri\/wp-content\/uploads\/sites\/41\/2025\/08\/IMG_5303-2048x1536.jpeg 2048w\" sizes=\"(max-width: 2560px) 100vw, 2560px\" \/><figcaption id=\"caption-attachment-28081\" class=\"wp-caption-text\">En liten titt p\u00e5 den s\u00e5dda rapsen.<\/figcaption><\/figure>\n<figure id=\"attachment_28084\" aria-describedby=\"caption-attachment-28084\" style=\"width: 2560px\" class=\"wp-caption alignnone\"><img loading=\"lazy\" class=\"wp-image-28084 size-full\" src=\"https:\/\/blogg.atl.nu\/abbotnas-sateri\/wp-content\/uploads\/sites\/41\/2025\/08\/IMG_5295-scaled-e1756066075801.jpeg\" alt=\"\" width=\"2560\" height=\"1920\" srcset=\"https:\/\/blogg.atl.nu\/abbotnas-sateri\/wp-content\/uploads\/sites\/41\/2025\/08\/IMG_5295-scaled-e1756066075801.jpeg 2560w, https:\/\/blogg.atl.nu\/abbotnas-sateri\/wp-content\/uploads\/sites\/41\/2025\/08\/IMG_5295-scaled-e1756066075801-300x225.jpeg 300w, https:\/\/blogg.atl.nu\/abbotnas-sateri\/wp-content\/uploads\/sites\/41\/2025\/08\/IMG_5295-scaled-e1756066075801-1024x768.jpeg 1024w, https:\/\/blogg.atl.nu\/abbotnas-sateri\/wp-content\/uploads\/sites\/41\/2025\/08\/IMG_5295-scaled-e1756066075801-768x576.jpeg 768w, https:\/\/blogg.atl.nu\/abbotnas-sateri\/wp-content\/uploads\/sites\/41\/2025\/08\/IMG_5295-scaled-e1756066075801-1536x1152.jpeg 1536w, https:\/\/blogg.atl.nu\/abbotnas-sateri\/wp-content\/uploads\/sites\/41\/2025\/08\/IMG_5295-scaled-e1756066075801-2048x1536.jpeg 2048w\" sizes=\"(max-width: 2560px) 100vw, 2560px\" \/><figcaption id=\"caption-attachment-28084\" class=\"wp-caption-text\">Den har faktiskt tagit sig bra och det \u00e4r ganska s\u00e5 gott om plantor med bra t\u00e4ckning.<\/figcaption><\/figure>\n<figure id=\"attachment_28083\" aria-describedby=\"caption-attachment-28083\" style=\"width: 2560px\" class=\"wp-caption alignnone\"><img loading=\"lazy\" class=\"wp-image-28083 size-full\" src=\"https:\/\/blogg.atl.nu\/abbotnas-sateri\/wp-content\/uploads\/sites\/41\/2025\/08\/IMG_5297-scaled-e1756066112407.jpeg\" alt=\"\" width=\"2560\" height=\"1920\" srcset=\"https:\/\/blogg.atl.nu\/abbotnas-sateri\/wp-content\/uploads\/sites\/41\/2025\/08\/IMG_5297-scaled-e1756066112407.jpeg 2560w, https:\/\/blogg.atl.nu\/abbotnas-sateri\/wp-content\/uploads\/sites\/41\/2025\/08\/IMG_5297-scaled-e1756066112407-300x225.jpeg 300w, https:\/\/blogg.atl.nu\/abbotnas-sateri\/wp-content\/uploads\/sites\/41\/2025\/08\/IMG_5297-scaled-e1756066112407-1024x768.jpeg 1024w, https:\/\/blogg.atl.nu\/abbotnas-sateri\/wp-content\/uploads\/sites\/41\/2025\/08\/IMG_5297-scaled-e1756066112407-768x576.jpeg 768w, https:\/\/blogg.atl.nu\/abbotnas-sateri\/wp-content\/uploads\/sites\/41\/2025\/08\/IMG_5297-scaled-e1756066112407-1536x1152.jpeg 1536w, https:\/\/blogg.atl.nu\/abbotnas-sateri\/wp-content\/uploads\/sites\/41\/2025\/08\/IMG_5297-scaled-e1756066112407-2048x1536.jpeg 2048w\" sizes=\"(max-width: 2560px) 100vw, 2560px\" \/><figcaption id=\"caption-attachment-28083\" class=\"wp-caption-text\">De finns som vanligt i olika storlekar och stadier, men det kommer lite j\u00e4mnare i \u00e5r \u00e4n vissa \u00e5r \u00e4r min uppfattning. Vi har nu \u00f6ver 20 plantor i snitt per m2 och det ska r\u00e4cka gott till full sk\u00f6rd.<\/figcaption><\/figure>\n<figure id=\"attachment_28080\" aria-describedby=\"caption-attachment-28080\" style=\"width: 2560px\" class=\"wp-caption alignnone\"><img loading=\"lazy\" class=\"wp-image-28080 size-full\" src=\"https:\/\/blogg.atl.nu\/abbotnas-sateri\/wp-content\/uploads\/sites\/41\/2025\/08\/IMG_5304-scaled-e1756066187545.jpeg\" alt=\"\" width=\"2560\" height=\"1920\" srcset=\"https:\/\/blogg.atl.nu\/abbotnas-sateri\/wp-content\/uploads\/sites\/41\/2025\/08\/IMG_5304-scaled-e1756066187545.jpeg 2560w, https:\/\/blogg.atl.nu\/abbotnas-sateri\/wp-content\/uploads\/sites\/41\/2025\/08\/IMG_5304-scaled-e1756066187545-300x225.jpeg 300w, https:\/\/blogg.atl.nu\/abbotnas-sateri\/wp-content\/uploads\/sites\/41\/2025\/08\/IMG_5304-scaled-e1756066187545-1024x768.jpeg 1024w, https:\/\/blogg.atl.nu\/abbotnas-sateri\/wp-content\/uploads\/sites\/41\/2025\/08\/IMG_5304-scaled-e1756066187545-768x576.jpeg 768w, https:\/\/blogg.atl.nu\/abbotnas-sateri\/wp-content\/uploads\/sites\/41\/2025\/08\/IMG_5304-scaled-e1756066187545-1536x1152.jpeg 1536w, https:\/\/blogg.atl.nu\/abbotnas-sateri\/wp-content\/uploads\/sites\/41\/2025\/08\/IMG_5304-scaled-e1756066187545-2048x1536.jpeg 2048w\" sizes=\"(max-width: 2560px) 100vw, 2560px\" \/><figcaption id=\"caption-attachment-28080\" class=\"wp-caption-text\">Det \u00e4r inte hur torrt som helst, men lite vatten skulle g\u00f6ra rapsen gott nu.<\/figcaption><\/figure>\n<p>&nbsp;<\/p>\n<p>S\u00e5 ser det ut och om alla stj\u00e4rnor st\u00e5r r\u00e4tt b\u00f6rjar vi bearbeta lite rapsstubb imorgon.<\/p>\n<p>&nbsp;<\/p>\n<p>Hoppas att allas sk\u00f6rdearbete g\u00e5r som det ska d\u00e4r ute!<\/p>\n","protected":false},"excerpt":{"rendered":"<p>Sist skrev jag att vi var n\u00e4stan f\u00e4rdiga med halmen, nu kan jag skriva att vi \u00e4r klara f\u00f6r ig\u00e5r lyftes \u00e5rets sista fr\u00e5n f\u00e4lten f\u00f6r att lastas av hemma. Med de bakom oss kan vi nu fokusera 100 % p\u00e5 se till s\u00e5 att vi har h\u00f6stgr\u00f6dor att sk\u00f6rda \u00e4ven n\u00e4sta \u00e5r.\u00a0 Helt i&#8230;<\/p>\n","protected":false},"author":361,"featured_media":28095,"comment_status":"open","ping_status":"open","sticky":false,"template":"","format":"standard","meta":[],"categories":[1],"tags":[],"yoast_head":"<!-- This site is optimized with the Yoast SEO plugin v19.6 - https:\/\/yoast.com\/wordpress\/plugins\/seo\/ -->\n<title>Helt i m\u00e5l med sk\u00f6rd 2025 - Abbotn\u00e4s s\u00e4teri<\/title>\n<meta name=\"robots\" content=\"index, follow, max-snippet:-1, max-image-preview:large, max-video-preview:-1\" \/>\n<link rel=\"canonical\" href=\"https:\/\/blogg.atl.nu\/abbotnas-sateri\/2025\/08\/24\/helt-i-mal-med-skord-2025\/\" \/>\n<meta property=\"og:locale\" content=\"sv_SE\" \/>\n<meta property=\"og:type\" content=\"article\" \/>\n<meta property=\"og:title\" content=\"Helt i m\u00e5l med sk\u00f6rd 2025 - Abbotn\u00e4s s\u00e4teri\" \/>\n<meta property=\"og:description\" content=\"Sist skrev jag att vi var n\u00e4stan f\u00e4rdiga med halmen, nu kan jag skriva att vi \u00e4r klara f\u00f6r ig\u00e5r lyftes \u00e5rets sista fr\u00e5n f\u00e4lten f\u00f6r att lastas av hemma. Med de bakom oss kan vi nu fokusera 100 % p\u00e5 se till s\u00e5 att vi har h\u00f6stgr\u00f6dor att sk\u00f6rda \u00e4ven n\u00e4sta \u00e5r.\u00a0 Helt i...\" \/>\n<meta property=\"og:url\" content=\"https:\/\/blogg.atl.nu\/abbotnas-sateri\/2025\/08\/24\/helt-i-mal-med-skord-2025\/\" \/>\n<meta property=\"og:site_name\" content=\"Abbotn\u00e4s s\u00e4teri\" \/>\n<meta property=\"article:author\" content=\"facebook.com\/mattiaswlarsson\" \/>\n<meta property=\"article:published_time\" content=\"2025-08-24T20:11:27+00:00\" \/>\n<meta property=\"og:image\" content=\"https:\/\/blogg.atl.nu\/abbotnas-sateri\/wp-content\/uploads\/sites\/41\/2025\/08\/IMG_5259-scaled.jpeg\" \/>\n\t<meta property=\"og:image:width\" content=\"2560\" \/>\n\t<meta property=\"og:image:height\" content=\"1920\" \/>\n\t<meta property=\"og:image:type\" content=\"image\/jpeg\" \/>\n<meta name=\"author\" content=\"Mattias Larsson\" \/>\n<meta name=\"twitter:card\" content=\"summary_large_image\" \/>\n<meta name=\"twitter:label1\" content=\"Skriven av\" \/>\n\t<meta name=\"twitter:data1\" content=\"Mattias Larsson\" \/>\n\t<meta name=\"twitter:label2\" content=\"Ber\u00e4knad l\u00e4stid\" \/>\n\t<meta name=\"twitter:data2\" content=\"6 minuter\" \/>\n<script type=\"application\/ld+json\" class=\"yoast-schema-graph\">{\"@context\":\"https:\/\/schema.org\",\"@graph\":[{\"@type\":\"WebPage\",\"@id\":\"https:\/\/blogg.atl.nu\/abbotnas-sateri\/2025\/08\/24\/helt-i-mal-med-skord-2025\/\",\"url\":\"https:\/\/blogg.atl.nu\/abbotnas-sateri\/2025\/08\/24\/helt-i-mal-med-skord-2025\/\",\"name\":\"Helt i m\u00e5l med sk\u00f6rd 2025 - Abbotn\u00e4s s\u00e4teri\",\"isPartOf\":{\"@id\":\"https:\/\/blogg.atl.nu\/abbotnas-sateri\/#website\"},\"datePublished\":\"2025-08-24T20:11:27+00:00\",\"dateModified\":\"2025-08-24T20:11:27+00:00\",\"author\":{\"@id\":\"https:\/\/blogg.atl.nu\/abbotnas-sateri\/#\/schema\/person\/3b681683e8c9711235140b74c4aad714\"},\"breadcrumb\":{\"@id\":\"https:\/\/blogg.atl.nu\/abbotnas-sateri\/2025\/08\/24\/helt-i-mal-med-skord-2025\/#breadcrumb\"},\"inLanguage\":\"sv-SE\",\"potentialAction\":[{\"@type\":\"ReadAction\",\"target\":[\"https:\/\/blogg.atl.nu\/abbotnas-sateri\/2025\/08\/24\/helt-i-mal-med-skord-2025\/\"]}]},{\"@type\":\"BreadcrumbList\",\"@id\":\"https:\/\/blogg.atl.nu\/abbotnas-sateri\/2025\/08\/24\/helt-i-mal-med-skord-2025\/#breadcrumb\",\"itemListElement\":[{\"@type\":\"ListItem\",\"position\":1,\"name\":\"Home\",\"item\":\"https:\/\/blogg.atl.nu\/abbotnas-sateri\/\"},{\"@type\":\"ListItem\",\"position\":2,\"name\":\"Helt i m\u00e5l med sk\u00f6rd 2025\"}]},{\"@type\":\"WebSite\",\"@id\":\"https:\/\/blogg.atl.nu\/abbotnas-sateri\/#website\",\"url\":\"https:\/\/blogg.atl.nu\/abbotnas-sateri\/\",\"name\":\"Abbotn\u00e4s s\u00e4teri\",\"description\":\"Mattias Larsson\",\"potentialAction\":[{\"@type\":\"SearchAction\",\"target\":{\"@type\":\"EntryPoint\",\"urlTemplate\":\"https:\/\/blogg.atl.nu\/abbotnas-sateri\/?s={search_term_string}\"},\"query-input\":\"required name=search_term_string\"}],\"inLanguage\":\"sv-SE\"},{\"@type\":\"Person\",\"@id\":\"https:\/\/blogg.atl.nu\/abbotnas-sateri\/#\/schema\/person\/3b681683e8c9711235140b74c4aad714\",\"name\":\"Mattias Larsson\",\"image\":{\"@type\":\"ImageObject\",\"inLanguage\":\"sv-SE\",\"@id\":\"https:\/\/blogg.atl.nu\/abbotnas-sateri\/#\/schema\/person\/image\/\",\"url\":\"https:\/\/secure.gravatar.com\/avatar\/ab52d1a4abaa2f256164ccb2caf8dcfb?s=96&d=mm&r=g\",\"contentUrl\":\"https:\/\/secure.gravatar.com\/avatar\/ab52d1a4abaa2f256164ccb2caf8dcfb?s=96&d=mm&r=g\",\"caption\":\"Mattias Larsson\"},\"sameAs\":[\"http:\/\/abbotnas.se\",\"facebook.com\/mattiaswlarsson\"],\"url\":\"https:\/\/blogg.atl.nu\/abbotnas-sateri\/author\/mlarsson\/\"}]}<\/script>\n<!-- \/ Yoast SEO plugin. -->","yoast_head_json":{"title":"Helt i m\u00e5l med sk\u00f6rd 2025 - Abbotn\u00e4s s\u00e4teri","robots":{"index":"index","follow":"follow","max-snippet":"max-snippet:-1","max-image-preview":"max-image-preview:large","max-video-preview":"max-video-preview:-1"},"canonical":"https:\/\/blogg.atl.nu\/abbotnas-sateri\/2025\/08\/24\/helt-i-mal-med-skord-2025\/","og_locale":"sv_SE","og_type":"article","og_title":"Helt i m\u00e5l med sk\u00f6rd 2025 - Abbotn\u00e4s s\u00e4teri","og_description":"Sist skrev jag att vi var n\u00e4stan f\u00e4rdiga med halmen, nu kan jag skriva att vi \u00e4r klara f\u00f6r ig\u00e5r lyftes \u00e5rets sista fr\u00e5n f\u00e4lten f\u00f6r att lastas av hemma. Med de bakom oss kan vi nu fokusera 100 % p\u00e5 se till s\u00e5 att vi har h\u00f6stgr\u00f6dor att sk\u00f6rda \u00e4ven n\u00e4sta \u00e5r.\u00a0 Helt i...","og_url":"https:\/\/blogg.atl.nu\/abbotnas-sateri\/2025\/08\/24\/helt-i-mal-med-skord-2025\/","og_site_name":"Abbotn\u00e4s s\u00e4teri","article_author":"facebook.com\/mattiaswlarsson","article_published_time":"2025-08-24T20:11:27+00:00","og_image":[{"width":2560,"height":1920,"url":"https:\/\/blogg.atl.nu\/abbotnas-sateri\/wp-content\/uploads\/sites\/41\/2025\/08\/IMG_5259-scaled.jpeg","type":"image\/jpeg"}],"author":"Mattias Larsson","twitter_card":"summary_large_image","twitter_misc":{"Skriven av":"Mattias Larsson","Ber\u00e4knad l\u00e4stid":"6 minuter"},"schema":{"@context":"https:\/\/schema.org","@graph":[{"@type":"WebPage","@id":"https:\/\/blogg.atl.nu\/abbotnas-sateri\/2025\/08\/24\/helt-i-mal-med-skord-2025\/","url":"https:\/\/blogg.atl.nu\/abbotnas-sateri\/2025\/08\/24\/helt-i-mal-med-skord-2025\/","name":"Helt i m\u00e5l med sk\u00f6rd 2025 - Abbotn\u00e4s s\u00e4teri","isPartOf":{"@id":"https:\/\/blogg.atl.nu\/abbotnas-sateri\/#website"},"datePublished":"2025-08-24T20:11:27+00:00","dateModified":"2025-08-24T20:11:27+00:00","author":{"@id":"https:\/\/blogg.atl.nu\/abbotnas-sateri\/#\/schema\/person\/3b681683e8c9711235140b74c4aad714"},"breadcrumb":{"@id":"https:\/\/blogg.atl.nu\/abbotnas-sateri\/2025\/08\/24\/helt-i-mal-med-skord-2025\/#breadcrumb"},"inLanguage":"sv-SE","potentialAction":[{"@type":"ReadAction","target":["https:\/\/blogg.atl.nu\/abbotnas-sateri\/2025\/08\/24\/helt-i-mal-med-skord-2025\/"]}]},{"@type":"BreadcrumbList","@id":"https:\/\/blogg.atl.nu\/abbotnas-sateri\/2025\/08\/24\/helt-i-mal-med-skord-2025\/#breadcrumb","itemListElement":[{"@type":"ListItem","position":1,"name":"Home","item":"https:\/\/blogg.atl.nu\/abbotnas-sateri\/"},{"@type":"ListItem","position":2,"name":"Helt i m\u00e5l med sk\u00f6rd 2025"}]},{"@type":"WebSite","@id":"https:\/\/blogg.atl.nu\/abbotnas-sateri\/#website","url":"https:\/\/blogg.atl.nu\/abbotnas-sateri\/","name":"Abbotn\u00e4s s\u00e4teri","description":"Mattias Larsson","potentialAction":[{"@type":"SearchAction","target":{"@type":"EntryPoint","urlTemplate":"https:\/\/blogg.atl.nu\/abbotnas-sateri\/?s={search_term_string}"},"query-input":"required name=search_term_string"}],"inLanguage":"sv-SE"},{"@type":"Person","@id":"https:\/\/blogg.atl.nu\/abbotnas-sateri\/#\/schema\/person\/3b681683e8c9711235140b74c4aad714","name":"Mattias Larsson","image":{"@type":"ImageObject","inLanguage":"sv-SE","@id":"https:\/\/blogg.atl.nu\/abbotnas-sateri\/#\/schema\/person\/image\/","url":"https:\/\/secure.gravatar.com\/avatar\/ab52d1a4abaa2f256164ccb2caf8dcfb?s=96&d=mm&r=g","contentUrl":"https:\/\/secure.gravatar.com\/avatar\/ab52d1a4abaa2f256164ccb2caf8dcfb?s=96&d=mm&r=g","caption":"Mattias Larsson"},"sameAs":["http:\/\/abbotnas.se","facebook.com\/mattiaswlarsson"],"url":"https:\/\/blogg.atl.nu\/abbotnas-sateri\/author\/mlarsson\/"}]}},"_links":{"self":[{"href":"https:\/\/blogg.atl.nu\/abbotnas-sateri\/wp-json\/wp\/v2\/posts\/28096"}],"collection":[{"href":"https:\/\/blogg.atl.nu\/abbotnas-sateri\/wp-json\/wp\/v2\/posts"}],"about":[{"href":"https:\/\/blogg.atl.nu\/abbotnas-sateri\/wp-json\/wp\/v2\/types\/post"}],"author":[{"embeddable":true,"href":"https:\/\/blogg.atl.nu\/abbotnas-sateri\/wp-json\/wp\/v2\/users\/361"}],"replies":[{"embeddable":true,"href":"https:\/\/blogg.atl.nu\/abbotnas-sateri\/wp-json\/wp\/v2\/comments?post=28096"}],"version-history":[{"count":2,"href":"https:\/\/blogg.atl.nu\/abbotnas-sateri\/wp-json\/wp\/v2\/posts\/28096\/revisions"}],"predecessor-version":[{"id":28099,"href":"https:\/\/blogg.atl.nu\/abbotnas-sateri\/wp-json\/wp\/v2\/posts\/28096\/revisions\/28099"}],"wp:featuredmedia":[{"embeddable":true,"href":"https:\/\/blogg.atl.nu\/abbotnas-sateri\/wp-json\/wp\/v2\/media\/28095"}],"wp:attachment":[{"href":"https:\/\/blogg.atl.nu\/abbotnas-sateri\/wp-json\/wp\/v2\/media?parent=28096"}],"wp:term":[{"taxonomy":"category","embeddable":true,"href":"https:\/\/blogg.atl.nu\/abbotnas-sateri\/wp-json\/wp\/v2\/categories?post=28096"},{"taxonomy":"post_tag","embeddable":true,"href":"https:\/\/blogg.atl.nu\/abbotnas-sateri\/wp-json\/wp\/v2\/tags?post=28096"}],"curies":[{"name":"wp","href":"https:\/\/api.w.org\/{rel}","templated":true}]}}