{"id":29052,"date":"2026-03-03T22:49:07","date_gmt":"2026-03-03T21:49:07","guid":{"rendered":"https:\/\/blogg.atl.nu\/abbotnas-sateri\/?p=29052"},"modified":"2026-03-03T22:49:07","modified_gmt":"2026-03-03T21:49:07","slug":"kalvningsasongen-en-resa-mellan-hopp-och-fortvivlan","status":"publish","type":"post","link":"https:\/\/blogg.atl.nu\/abbotnas-sateri\/2026\/03\/03\/kalvningsasongen-en-resa-mellan-hopp-och-fortvivlan\/","title":{"rendered":"Kalvnings\u00e4songen &#8211; en resa mellan hopp och f\u00f6rtvivlan."},"content":{"rendered":"<p><strong>Kalvnings\u00e4songen p\u00e5g\u00e5r f\u00f6r fullt hos oss och vi har ungef\u00e4r kommit 33 % in i kalvningarna g\u00e4llande kor som har kalvat. Kalvnings\u00e4songen \u00e4r f\u00f6r det mesta en trevlig tid, men det finns ocks\u00e5 risker f\u00f6r bakslag. H\u00e4r kommer lite ofiltrerat fr\u00e5n senaste tiden.<\/strong><\/p>\n<h3>Hopp<\/h3>\n<p><strong>I l\u00f6rdags morse var jag i familjel\u00e4ge hemma n\u00e4r telefonen ringde och jag blev inkallad i kalvningstj\u00e4nst.<\/strong> Det jag d\u00e5 fick h\u00f6ra var att det var en ko som b\u00f6rjat kalva, men inte riktigt kommit ig\u00e5ng och att det luktade illa om henne. Den illa lukten misst\u00e4nktes komma fr\u00e5n en d\u00f6d kalv i henne. S\u00e5 jag byte l\u00e4ge mentalt fr\u00e5n mysfrukost till att \u00e5ka och eventuellt dra ut en rutten kalv i delar fr\u00e5n en ko. Det \u00e4r inte helt l\u00e4tt mentalt och ingen mysig k\u00e4nsla, men som ansvarig \u00f6ver djur har man ju helt enkelt inget annat val \u00e4n att g\u00f6ra det som kr\u00e4vs. Som sagt var s\u00e5 begav jag mig mot lag\u00e5rden med halvtungt sinne inst\u00e4lld p\u00e5 en tr\u00e5kig h\u00e4ndelse. V\u00e4l d\u00e4r s\u00e5 b\u00f6rjade jag k\u00e4nna efter hur l\u00e4get var i kon och d\u00e5 sv\u00e4ngde det ganska s\u00e5 snabbt mental. F\u00f6r d\u00e4r inne fanns en kalv som l\u00e5g helt intakt i r\u00e4tt l\u00e4ge och var p\u00e5 v\u00e4g ut. Kon satte ig\u00e5ng att krysta j\u00e4ttefint, men v\u00e4l d\u00e4r hj\u00e4lpte vi henne lite och n\u00e5gra minuter senare var en pigg frisk kalv ute. N\u00e4r det g\u00e5r s\u00e5 h\u00e4r bra fast man tror n\u00e5got annat s\u00e5 \u00e4r det en riktigt sk\u00f6n k\u00e4nsla.<\/p>\n<figure id=\"attachment_29055\" aria-describedby=\"caption-attachment-29055\" style=\"width: 2556px\" class=\"wp-caption alignnone\"><img loading=\"lazy\" class=\"wp-image-29055 size-full\" src=\"https:\/\/blogg.atl.nu\/abbotnas-sateri\/wp-content\/uploads\/sites\/41\/2026\/03\/IMG_9022.png\" alt=\"\" width=\"2556\" height=\"1179\" srcset=\"https:\/\/blogg.atl.nu\/abbotnas-sateri\/wp-content\/uploads\/sites\/41\/2026\/03\/IMG_9022.png 2556w, https:\/\/blogg.atl.nu\/abbotnas-sateri\/wp-content\/uploads\/sites\/41\/2026\/03\/IMG_9022-300x138.png 300w, https:\/\/blogg.atl.nu\/abbotnas-sateri\/wp-content\/uploads\/sites\/41\/2026\/03\/IMG_9022-1024x472.png 1024w, https:\/\/blogg.atl.nu\/abbotnas-sateri\/wp-content\/uploads\/sites\/41\/2026\/03\/IMG_9022-768x354.png 768w, https:\/\/blogg.atl.nu\/abbotnas-sateri\/wp-content\/uploads\/sites\/41\/2026\/03\/IMG_9022-1536x709.png 1536w, https:\/\/blogg.atl.nu\/abbotnas-sateri\/wp-content\/uploads\/sites\/41\/2026\/03\/IMG_9022-2048x945.png 2048w\" sizes=\"(max-width: 2556px) 100vw, 2556px\" \/><figcaption id=\"caption-attachment-29055\" class=\"wp-caption-text\">N\u00e4r man anar det v\u00e4rsta och sedan m\u00e4rker att allt ser bra ut, s\u00e5 \u00e4r det en v\u00e4ldigt sk\u00f6n k\u00e4nsla.<\/figcaption><\/figure>\n<figure id=\"attachment_29053\" aria-describedby=\"caption-attachment-29053\" style=\"width: 2556px\" class=\"wp-caption alignnone\"><img loading=\"lazy\" class=\"wp-image-29053 size-full\" src=\"https:\/\/blogg.atl.nu\/abbotnas-sateri\/wp-content\/uploads\/sites\/41\/2026\/03\/IMG_9025.png\" alt=\"\" width=\"2556\" height=\"1179\" srcset=\"https:\/\/blogg.atl.nu\/abbotnas-sateri\/wp-content\/uploads\/sites\/41\/2026\/03\/IMG_9025.png 2556w, https:\/\/blogg.atl.nu\/abbotnas-sateri\/wp-content\/uploads\/sites\/41\/2026\/03\/IMG_9025-300x138.png 300w, https:\/\/blogg.atl.nu\/abbotnas-sateri\/wp-content\/uploads\/sites\/41\/2026\/03\/IMG_9025-1024x472.png 1024w, https:\/\/blogg.atl.nu\/abbotnas-sateri\/wp-content\/uploads\/sites\/41\/2026\/03\/IMG_9025-768x354.png 768w, https:\/\/blogg.atl.nu\/abbotnas-sateri\/wp-content\/uploads\/sites\/41\/2026\/03\/IMG_9025-1536x709.png 1536w, https:\/\/blogg.atl.nu\/abbotnas-sateri\/wp-content\/uploads\/sites\/41\/2026\/03\/IMG_9025-2048x945.png 2048w\" sizes=\"(max-width: 2556px) 100vw, 2556px\" \/><figcaption id=\"caption-attachment-29053\" class=\"wp-caption-text\">N\u00e5gra minuter efter att vi kunde konstatera att allt var p\u00e5 v\u00e4g \u00e5t r\u00e4tt h\u00e5ll var kalven ute.<\/figcaption><\/figure>\n<figure id=\"attachment_29043\" aria-describedby=\"caption-attachment-29043\" style=\"width: 2560px\" class=\"wp-caption alignnone\"><img loading=\"lazy\" class=\"wp-image-29043 size-full\" src=\"https:\/\/blogg.atl.nu\/abbotnas-sateri\/wp-content\/uploads\/sites\/41\/2026\/03\/P1333373-scaled.jpg\" alt=\"\" width=\"2560\" height=\"1920\" srcset=\"https:\/\/blogg.atl.nu\/abbotnas-sateri\/wp-content\/uploads\/sites\/41\/2026\/03\/P1333373-scaled.jpg 2560w, https:\/\/blogg.atl.nu\/abbotnas-sateri\/wp-content\/uploads\/sites\/41\/2026\/03\/P1333373-300x225.jpg 300w, https:\/\/blogg.atl.nu\/abbotnas-sateri\/wp-content\/uploads\/sites\/41\/2026\/03\/P1333373-1024x768.jpg 1024w, https:\/\/blogg.atl.nu\/abbotnas-sateri\/wp-content\/uploads\/sites\/41\/2026\/03\/P1333373-768x576.jpg 768w, https:\/\/blogg.atl.nu\/abbotnas-sateri\/wp-content\/uploads\/sites\/41\/2026\/03\/P1333373-1536x1152.jpg 1536w, https:\/\/blogg.atl.nu\/abbotnas-sateri\/wp-content\/uploads\/sites\/41\/2026\/03\/P1333373-2048x1536.jpg 2048w\" sizes=\"(max-width: 2560px) 100vw, 2560px\" \/><figcaption id=\"caption-attachment-29043\" class=\"wp-caption-text\">Samma kalv senare p\u00e5 eftermiddagen.<\/figcaption><\/figure>\n<h3>F\u00f6rtvivlan<\/h3>\n<p><strong>Sen s\u00e5 kan det ju vara g\u00e5nger som det inte alls g\u00e5r s\u00e5 bra.<\/strong> Ig\u00e5r hade vi ett s\u00e5dant exempel. Det var en ko som b\u00f6rjat fint, men inget h\u00e4nde. S\u00e5 insats beh\u00f6vdes utan tvekan. V\u00e4l ig\u00e5ng s\u00e5 k\u00e4ndes det som att hon hade tv\u00e5 kalvar i sig. En som l\u00e5g \u00e5t fel h\u00e5ll som var p\u00e5 v\u00e4g ut och en som l\u00e5g \u00e5t r\u00e4tt h\u00e5ll lite l\u00e4ngre in, men som l\u00e5ste den andra fr\u00e5n att komma ut. Det k\u00e4nde v\u00e4ldig konstigt allting och trotts att den andra trycktes tillbaka f\u00f6r att ge plats \u00e5t den f\u00f6rsta, s\u00e5 f\u00f6ljde den alltid med ut. Till slut s\u00e5 fick vi ge upp f\u00f6r kons skull. Att kalvarna var d\u00f6da ins\u00e5g vi tidigt och insatsen vi gjorde var f\u00f6r att r\u00e4dda kon, men tyv\u00e4rr s\u00e5 gick inte det och vi var tvungna att avliva henne. En v\u00e4ldigt tr\u00e5kig k\u00e4nsla p\u00e5 m\u00e5nga s\u00e4tt, men det \u00e4r inte mycket att g\u00f6ra och tyv\u00e4rr s\u00e5nt som h\u00e4nder n\u00e4r man jobbar med djur. Efter att allt var klart petade vi fram kalvarna som d\u00e5 visade sig vara endast en kalv, men som var missbildad. Ryggraden var vinklad 180 grader och stel, s\u00e5 b\u00e5de huvud och rumpa kom samtidigt. Det var \u00e4ven s\u00e5 att kalvens in\u00e4lvor inte var i kalven utan hade utvecklats utanp\u00e5 kalven. Det var d\u00e4rf\u00f6r allt k\u00e4ndes s\u00e5 konstigt och r\u00e4ddningsaktionen var helt enkelt om\u00f6jlig.<\/p>\n<p>&nbsp;<\/p>\n<h3>Otur<\/h3>\n<p><strong>Vi har \u00e4n s\u00e5 l\u00e4nge i \u00e5r f\u00f6rlorat tv\u00e5 kalvar och f\u00f6rutom denna som jag beskrev h\u00e4r s\u00e5 var det ytterligare en som f\u00f6ddes d\u00f6d p\u00e5 grund utav missbildning.\u00a0<\/strong>B\u00e5da dessa skickades p\u00e5 obduktion och diverse teorier hann dyka upp hos oss. Det v\u00e4rsta scenariot som d\u00f6k upp i v\u00e5ra huvuden var att detta kunde vara en biverkning utav den vaccination som mot bl\u00e5tunga som vi gjort. Det verkar som tur var \u00e4nd\u00e5 varit endast en skr\u00e4ckteori. Det verkar som att dessa missbildningar inte h\u00f6r ihop med varandra, den ena kan eventuellt vara p\u00e5 grund utav Schmallenbergvirus och den andra var nog bara helt enkelt otur. Vi f\u00e5r se om vi f\u00e5r veta mer men s\u00e5 h\u00e4r ser l\u00e4get ut nu. Vi g\u00f6r vad vi kan och f\u00e5r nu fokusera fram\u00e5t helt enkelt.<\/p>\n<p>Vi avslutar detta kalvtema med n\u00e5gra bilder p\u00e5 kalvar:<\/p>\n<div class=\"mceTemp\"><\/div>\n<p><img loading=\"lazy\" class=\"wp-image-29046 size-full\" src=\"https:\/\/blogg.atl.nu\/abbotnas-sateri\/wp-content\/uploads\/sites\/41\/2026\/03\/P1333408-scaled.jpg\" alt=\"\" width=\"2560\" height=\"1920\" srcset=\"https:\/\/blogg.atl.nu\/abbotnas-sateri\/wp-content\/uploads\/sites\/41\/2026\/03\/P1333408-scaled.jpg 2560w, https:\/\/blogg.atl.nu\/abbotnas-sateri\/wp-content\/uploads\/sites\/41\/2026\/03\/P1333408-300x225.jpg 300w, https:\/\/blogg.atl.nu\/abbotnas-sateri\/wp-content\/uploads\/sites\/41\/2026\/03\/P1333408-1024x768.jpg 1024w, https:\/\/blogg.atl.nu\/abbotnas-sateri\/wp-content\/uploads\/sites\/41\/2026\/03\/P1333408-768x576.jpg 768w, https:\/\/blogg.atl.nu\/abbotnas-sateri\/wp-content\/uploads\/sites\/41\/2026\/03\/P1333408-1536x1152.jpg 1536w, https:\/\/blogg.atl.nu\/abbotnas-sateri\/wp-content\/uploads\/sites\/41\/2026\/03\/P1333408-2048x1536.jpg 2048w\" sizes=\"(max-width: 2560px) 100vw, 2560px\" \/><\/p>\n<p><img loading=\"lazy\" class=\"wp-image-29044 size-full\" src=\"https:\/\/blogg.atl.nu\/abbotnas-sateri\/wp-content\/uploads\/sites\/41\/2026\/03\/P1333395-scaled.jpg\" alt=\"\" width=\"2560\" height=\"1920\" srcset=\"https:\/\/blogg.atl.nu\/abbotnas-sateri\/wp-content\/uploads\/sites\/41\/2026\/03\/P1333395-scaled.jpg 2560w, https:\/\/blogg.atl.nu\/abbotnas-sateri\/wp-content\/uploads\/sites\/41\/2026\/03\/P1333395-300x225.jpg 300w, https:\/\/blogg.atl.nu\/abbotnas-sateri\/wp-content\/uploads\/sites\/41\/2026\/03\/P1333395-1024x768.jpg 1024w, https:\/\/blogg.atl.nu\/abbotnas-sateri\/wp-content\/uploads\/sites\/41\/2026\/03\/P1333395-768x576.jpg 768w, https:\/\/blogg.atl.nu\/abbotnas-sateri\/wp-content\/uploads\/sites\/41\/2026\/03\/P1333395-1536x1152.jpg 1536w, https:\/\/blogg.atl.nu\/abbotnas-sateri\/wp-content\/uploads\/sites\/41\/2026\/03\/P1333395-2048x1536.jpg 2048w\" sizes=\"(max-width: 2560px) 100vw, 2560px\" \/><\/p>\n<p><img loading=\"lazy\" class=\"wp-image-29042 size-full\" src=\"https:\/\/blogg.atl.nu\/abbotnas-sateri\/wp-content\/uploads\/sites\/41\/2026\/03\/P1333359-scaled.jpg\" alt=\"\" width=\"2560\" height=\"1920\" srcset=\"https:\/\/blogg.atl.nu\/abbotnas-sateri\/wp-content\/uploads\/sites\/41\/2026\/03\/P1333359-scaled.jpg 2560w, https:\/\/blogg.atl.nu\/abbotnas-sateri\/wp-content\/uploads\/sites\/41\/2026\/03\/P1333359-300x225.jpg 300w, https:\/\/blogg.atl.nu\/abbotnas-sateri\/wp-content\/uploads\/sites\/41\/2026\/03\/P1333359-1024x768.jpg 1024w, https:\/\/blogg.atl.nu\/abbotnas-sateri\/wp-content\/uploads\/sites\/41\/2026\/03\/P1333359-768x576.jpg 768w, https:\/\/blogg.atl.nu\/abbotnas-sateri\/wp-content\/uploads\/sites\/41\/2026\/03\/P1333359-1536x1152.jpg 1536w, https:\/\/blogg.atl.nu\/abbotnas-sateri\/wp-content\/uploads\/sites\/41\/2026\/03\/P1333359-2048x1536.jpg 2048w\" sizes=\"(max-width: 2560px) 100vw, 2560px\" \/><\/p>\n<div class=\"mceTemp\"><\/div>\n<p><img loading=\"lazy\" class=\"wp-image-29041 size-full\" src=\"https:\/\/blogg.atl.nu\/abbotnas-sateri\/wp-content\/uploads\/sites\/41\/2026\/03\/P1000940-scaled.jpg\" alt=\"\" width=\"2560\" height=\"1920\" srcset=\"https:\/\/blogg.atl.nu\/abbotnas-sateri\/wp-content\/uploads\/sites\/41\/2026\/03\/P1000940-scaled.jpg 2560w, https:\/\/blogg.atl.nu\/abbotnas-sateri\/wp-content\/uploads\/sites\/41\/2026\/03\/P1000940-300x225.jpg 300w, https:\/\/blogg.atl.nu\/abbotnas-sateri\/wp-content\/uploads\/sites\/41\/2026\/03\/P1000940-1024x768.jpg 1024w, https:\/\/blogg.atl.nu\/abbotnas-sateri\/wp-content\/uploads\/sites\/41\/2026\/03\/P1000940-768x576.jpg 768w, https:\/\/blogg.atl.nu\/abbotnas-sateri\/wp-content\/uploads\/sites\/41\/2026\/03\/P1000940-1536x1152.jpg 1536w, https:\/\/blogg.atl.nu\/abbotnas-sateri\/wp-content\/uploads\/sites\/41\/2026\/03\/P1000940-2048x1536.jpg 2048w\" sizes=\"(max-width: 2560px) 100vw, 2560px\" \/><\/p>\n<figure id=\"attachment_29037\" aria-describedby=\"caption-attachment-29037\" style=\"width: 2560px\" class=\"wp-caption alignnone\"><img loading=\"lazy\" class=\"wp-image-29037 size-full\" src=\"https:\/\/blogg.atl.nu\/abbotnas-sateri\/wp-content\/uploads\/sites\/41\/2026\/03\/P1000894-scaled.jpg\" alt=\"\" width=\"2560\" height=\"1920\" srcset=\"https:\/\/blogg.atl.nu\/abbotnas-sateri\/wp-content\/uploads\/sites\/41\/2026\/03\/P1000894-scaled.jpg 2560w, https:\/\/blogg.atl.nu\/abbotnas-sateri\/wp-content\/uploads\/sites\/41\/2026\/03\/P1000894-300x225.jpg 300w, https:\/\/blogg.atl.nu\/abbotnas-sateri\/wp-content\/uploads\/sites\/41\/2026\/03\/P1000894-1024x768.jpg 1024w, https:\/\/blogg.atl.nu\/abbotnas-sateri\/wp-content\/uploads\/sites\/41\/2026\/03\/P1000894-768x576.jpg 768w, https:\/\/blogg.atl.nu\/abbotnas-sateri\/wp-content\/uploads\/sites\/41\/2026\/03\/P1000894-1536x1152.jpg 1536w, https:\/\/blogg.atl.nu\/abbotnas-sateri\/wp-content\/uploads\/sites\/41\/2026\/03\/P1000894-2048x1536.jpg 2048w\" sizes=\"(max-width: 2560px) 100vw, 2560px\" \/><figcaption id=\"caption-attachment-29037\" class=\"wp-caption-text\">och en utav f\u00f6rra \u00e5rets kalvar kom visst med h\u00e4r ocks\u00e5.<\/figcaption><\/figure>\n<p>Sen s\u00e5 f\u00e5r n\u00e5gra bilder p\u00e5 v\u00e4xtodling avsluta som en liten l\u00e4gesrapport helt enkelt.<\/p>\n<figure id=\"attachment_29051\" aria-describedby=\"caption-attachment-29051\" style=\"width: 2560px\" class=\"wp-caption alignnone\"><img loading=\"lazy\" class=\"wp-image-29051 size-full\" src=\"https:\/\/blogg.atl.nu\/abbotnas-sateri\/wp-content\/uploads\/sites\/41\/2026\/03\/dji_fly_20260216_192508_778_1772525595753_photo-scaled.jpeg\" alt=\"\" width=\"2560\" height=\"1918\" srcset=\"https:\/\/blogg.atl.nu\/abbotnas-sateri\/wp-content\/uploads\/sites\/41\/2026\/03\/dji_fly_20260216_192508_778_1772525595753_photo-scaled.jpeg 2560w, https:\/\/blogg.atl.nu\/abbotnas-sateri\/wp-content\/uploads\/sites\/41\/2026\/03\/dji_fly_20260216_192508_778_1772525595753_photo-300x225.jpeg 300w, https:\/\/blogg.atl.nu\/abbotnas-sateri\/wp-content\/uploads\/sites\/41\/2026\/03\/dji_fly_20260216_192508_778_1772525595753_photo-1024x767.jpeg 1024w, https:\/\/blogg.atl.nu\/abbotnas-sateri\/wp-content\/uploads\/sites\/41\/2026\/03\/dji_fly_20260216_192508_778_1772525595753_photo-768x575.jpeg 768w, https:\/\/blogg.atl.nu\/abbotnas-sateri\/wp-content\/uploads\/sites\/41\/2026\/03\/dji_fly_20260216_192508_778_1772525595753_photo-1536x1151.jpeg 1536w, https:\/\/blogg.atl.nu\/abbotnas-sateri\/wp-content\/uploads\/sites\/41\/2026\/03\/dji_fly_20260216_192508_778_1772525595753_photo-2048x1534.jpeg 2048w\" sizes=\"(max-width: 2560px) 100vw, 2560px\" \/><figcaption id=\"caption-attachment-29051\" class=\"wp-caption-text\">S\u00e5 h\u00e4r ser n\u00e5gra utav v\u00e5ra Chevignon-h\u00f6stvete f\u00e4lt ut. De \u00e4r lite fl\u00e4ckiga och d\u00f6r det saknades sn\u00f6 under de kalla perioderna ser lite tr\u00e5kiga ut. \u00c4nd\u00e5 s\u00e5 tror ja inte att det \u00e4r s\u00e5 tr\u00e5kigt som det ser ut. Det finns liv i plantorna \u00e4r min bed\u00f6mning och pratar man med dem som odlat Chevignon n\u00e5gra \u00e5r s\u00e5 s\u00e4ger dem att detta \u00e4r ganska s\u00e5 normalt, men att det \u00e4nd\u00e5 verkar bli bra sk\u00f6rd. Hoppas p\u00e5 det. F\u00e5r se om n\u00e5gra veckor n\u00e4r jag tar bild h\u00e4r igen&#8230;<\/figcaption><\/figure>\n<figure id=\"attachment_29050\" aria-describedby=\"caption-attachment-29050\" style=\"width: 2560px\" class=\"wp-caption alignnone\"><img loading=\"lazy\" class=\"wp-image-29050 size-full\" src=\"https:\/\/blogg.atl.nu\/abbotnas-sateri\/wp-content\/uploads\/sites\/41\/2026\/03\/dji_fly_20260216_192704_790_1772525591389_photo-scaled.jpeg\" alt=\"\" width=\"2560\" height=\"1918\" srcset=\"https:\/\/blogg.atl.nu\/abbotnas-sateri\/wp-content\/uploads\/sites\/41\/2026\/03\/dji_fly_20260216_192704_790_1772525591389_photo-scaled.jpeg 2560w, https:\/\/blogg.atl.nu\/abbotnas-sateri\/wp-content\/uploads\/sites\/41\/2026\/03\/dji_fly_20260216_192704_790_1772525591389_photo-300x225.jpeg 300w, https:\/\/blogg.atl.nu\/abbotnas-sateri\/wp-content\/uploads\/sites\/41\/2026\/03\/dji_fly_20260216_192704_790_1772525591389_photo-1024x767.jpeg 1024w, https:\/\/blogg.atl.nu\/abbotnas-sateri\/wp-content\/uploads\/sites\/41\/2026\/03\/dji_fly_20260216_192704_790_1772525591389_photo-768x575.jpeg 768w, https:\/\/blogg.atl.nu\/abbotnas-sateri\/wp-content\/uploads\/sites\/41\/2026\/03\/dji_fly_20260216_192704_790_1772525591389_photo-1536x1151.jpeg 1536w, https:\/\/blogg.atl.nu\/abbotnas-sateri\/wp-content\/uploads\/sites\/41\/2026\/03\/dji_fly_20260216_192704_790_1772525591389_photo-2048x1534.jpeg 2048w\" sizes=\"(max-width: 2560px) 100vw, 2560px\" \/><figcaption id=\"caption-attachment-29050\" class=\"wp-caption-text\">Tj\u00e4len \u00e4r p\u00e5 v\u00e4g att sl\u00e4ppa men dr\u00f6jer sig kvar i backen \u00e4n och det finns n\u00e5gra vattenansamlingar som visar detta. Det skulle va sk\u00f6nt om det kunde sl\u00e4ppa s\u00e5 vattnen kunde f\u00e5 f\u00f6rsvinna iv\u00e4g.<\/figcaption><\/figure>\n<p>Det var det f\u00f6r idag.<\/p>\n<div class=\"mceTemp\"><\/div>\n","protected":false},"excerpt":{"rendered":"<p>Kalvnings\u00e4songen p\u00e5g\u00e5r f\u00f6r fullt hos oss och vi har ungef\u00e4r kommit 33 % in i kalvningarna g\u00e4llande kor som har kalvat. Kalvnings\u00e4songen \u00e4r f\u00f6r det mesta en trevlig tid, men det finns ocks\u00e5 risker f\u00f6r bakslag. H\u00e4r kommer lite ofiltrerat fr\u00e5n senaste tiden. Hopp I l\u00f6rdags morse var jag i familjel\u00e4ge hemma n\u00e4r telefonen ringde&#8230;<\/p>\n","protected":false},"author":361,"featured_media":29043,"comment_status":"open","ping_status":"open","sticky":false,"template":"","format":"standard","meta":[],"categories":[1],"tags":[],"yoast_head":"<!-- This site is optimized with the Yoast SEO plugin v19.6 - https:\/\/yoast.com\/wordpress\/plugins\/seo\/ -->\n<title>Kalvnings\u00e4songen - en resa mellan hopp och f\u00f6rtvivlan. - Abbotn\u00e4s s\u00e4teri<\/title>\n<meta name=\"robots\" content=\"index, follow, max-snippet:-1, max-image-preview:large, max-video-preview:-1\" \/>\n<link rel=\"canonical\" href=\"https:\/\/blogg.atl.nu\/abbotnas-sateri\/2026\/03\/03\/kalvningsasongen-en-resa-mellan-hopp-och-fortvivlan\/\" \/>\n<meta property=\"og:locale\" content=\"sv_SE\" \/>\n<meta property=\"og:type\" content=\"article\" \/>\n<meta property=\"og:title\" content=\"Kalvnings\u00e4songen - en resa mellan hopp och f\u00f6rtvivlan. - Abbotn\u00e4s s\u00e4teri\" \/>\n<meta property=\"og:description\" content=\"Kalvnings\u00e4songen p\u00e5g\u00e5r f\u00f6r fullt hos oss och vi har ungef\u00e4r kommit 33 % in i kalvningarna g\u00e4llande kor som har kalvat. Kalvnings\u00e4songen \u00e4r f\u00f6r det mesta en trevlig tid, men det finns ocks\u00e5 risker f\u00f6r bakslag. H\u00e4r kommer lite ofiltrerat fr\u00e5n senaste tiden. Hopp I l\u00f6rdags morse var jag i familjel\u00e4ge hemma n\u00e4r telefonen ringde...\" \/>\n<meta property=\"og:url\" content=\"https:\/\/blogg.atl.nu\/abbotnas-sateri\/2026\/03\/03\/kalvningsasongen-en-resa-mellan-hopp-och-fortvivlan\/\" \/>\n<meta property=\"og:site_name\" content=\"Abbotn\u00e4s s\u00e4teri\" \/>\n<meta property=\"article:author\" content=\"facebook.com\/mattiaswlarsson\" \/>\n<meta property=\"article:published_time\" content=\"2026-03-03T21:49:07+00:00\" \/>\n<meta property=\"og:image\" content=\"https:\/\/blogg.atl.nu\/abbotnas-sateri\/wp-content\/uploads\/sites\/41\/2026\/03\/P1333373-scaled.jpg\" \/>\n\t<meta property=\"og:image:width\" content=\"2560\" \/>\n\t<meta property=\"og:image:height\" content=\"1920\" \/>\n\t<meta property=\"og:image:type\" content=\"image\/jpeg\" \/>\n<meta name=\"author\" content=\"Mattias Larsson\" \/>\n<meta name=\"twitter:card\" content=\"summary_large_image\" \/>\n<meta name=\"twitter:label1\" content=\"Skriven av\" \/>\n\t<meta name=\"twitter:data1\" content=\"Mattias Larsson\" \/>\n\t<meta name=\"twitter:label2\" content=\"Ber\u00e4knad l\u00e4stid\" \/>\n\t<meta name=\"twitter:data2\" content=\"7 minuter\" \/>\n<script type=\"application\/ld+json\" class=\"yoast-schema-graph\">{\"@context\":\"https:\/\/schema.org\",\"@graph\":[{\"@type\":\"WebPage\",\"@id\":\"https:\/\/blogg.atl.nu\/abbotnas-sateri\/2026\/03\/03\/kalvningsasongen-en-resa-mellan-hopp-och-fortvivlan\/\",\"url\":\"https:\/\/blogg.atl.nu\/abbotnas-sateri\/2026\/03\/03\/kalvningsasongen-en-resa-mellan-hopp-och-fortvivlan\/\",\"name\":\"Kalvnings\u00e4songen - en resa mellan hopp och f\u00f6rtvivlan. - Abbotn\u00e4s s\u00e4teri\",\"isPartOf\":{\"@id\":\"https:\/\/blogg.atl.nu\/abbotnas-sateri\/#website\"},\"datePublished\":\"2026-03-03T21:49:07+00:00\",\"dateModified\":\"2026-03-03T21:49:07+00:00\",\"author\":{\"@id\":\"https:\/\/blogg.atl.nu\/abbotnas-sateri\/#\/schema\/person\/3b681683e8c9711235140b74c4aad714\"},\"breadcrumb\":{\"@id\":\"https:\/\/blogg.atl.nu\/abbotnas-sateri\/2026\/03\/03\/kalvningsasongen-en-resa-mellan-hopp-och-fortvivlan\/#breadcrumb\"},\"inLanguage\":\"sv-SE\",\"potentialAction\":[{\"@type\":\"ReadAction\",\"target\":[\"https:\/\/blogg.atl.nu\/abbotnas-sateri\/2026\/03\/03\/kalvningsasongen-en-resa-mellan-hopp-och-fortvivlan\/\"]}]},{\"@type\":\"BreadcrumbList\",\"@id\":\"https:\/\/blogg.atl.nu\/abbotnas-sateri\/2026\/03\/03\/kalvningsasongen-en-resa-mellan-hopp-och-fortvivlan\/#breadcrumb\",\"itemListElement\":[{\"@type\":\"ListItem\",\"position\":1,\"name\":\"Home\",\"item\":\"https:\/\/blogg.atl.nu\/abbotnas-sateri\/\"},{\"@type\":\"ListItem\",\"position\":2,\"name\":\"Kalvnings\u00e4songen &#8211; en resa mellan hopp och f\u00f6rtvivlan.\"}]},{\"@type\":\"WebSite\",\"@id\":\"https:\/\/blogg.atl.nu\/abbotnas-sateri\/#website\",\"url\":\"https:\/\/blogg.atl.nu\/abbotnas-sateri\/\",\"name\":\"Abbotn\u00e4s s\u00e4teri\",\"description\":\"Mattias Larsson\",\"potentialAction\":[{\"@type\":\"SearchAction\",\"target\":{\"@type\":\"EntryPoint\",\"urlTemplate\":\"https:\/\/blogg.atl.nu\/abbotnas-sateri\/?s={search_term_string}\"},\"query-input\":\"required name=search_term_string\"}],\"inLanguage\":\"sv-SE\"},{\"@type\":\"Person\",\"@id\":\"https:\/\/blogg.atl.nu\/abbotnas-sateri\/#\/schema\/person\/3b681683e8c9711235140b74c4aad714\",\"name\":\"Mattias Larsson\",\"image\":{\"@type\":\"ImageObject\",\"inLanguage\":\"sv-SE\",\"@id\":\"https:\/\/blogg.atl.nu\/abbotnas-sateri\/#\/schema\/person\/image\/\",\"url\":\"https:\/\/secure.gravatar.com\/avatar\/ab52d1a4abaa2f256164ccb2caf8dcfb?s=96&d=mm&r=g\",\"contentUrl\":\"https:\/\/secure.gravatar.com\/avatar\/ab52d1a4abaa2f256164ccb2caf8dcfb?s=96&d=mm&r=g\",\"caption\":\"Mattias Larsson\"},\"sameAs\":[\"http:\/\/abbotnas.se\",\"facebook.com\/mattiaswlarsson\"],\"url\":\"https:\/\/blogg.atl.nu\/abbotnas-sateri\/author\/mlarsson\/\"}]}<\/script>\n<!-- \/ Yoast SEO plugin. -->","yoast_head_json":{"title":"Kalvnings\u00e4songen - en resa mellan hopp och f\u00f6rtvivlan. - Abbotn\u00e4s s\u00e4teri","robots":{"index":"index","follow":"follow","max-snippet":"max-snippet:-1","max-image-preview":"max-image-preview:large","max-video-preview":"max-video-preview:-1"},"canonical":"https:\/\/blogg.atl.nu\/abbotnas-sateri\/2026\/03\/03\/kalvningsasongen-en-resa-mellan-hopp-och-fortvivlan\/","og_locale":"sv_SE","og_type":"article","og_title":"Kalvnings\u00e4songen - en resa mellan hopp och f\u00f6rtvivlan. - Abbotn\u00e4s s\u00e4teri","og_description":"Kalvnings\u00e4songen p\u00e5g\u00e5r f\u00f6r fullt hos oss och vi har ungef\u00e4r kommit 33 % in i kalvningarna g\u00e4llande kor som har kalvat. Kalvnings\u00e4songen \u00e4r f\u00f6r det mesta en trevlig tid, men det finns ocks\u00e5 risker f\u00f6r bakslag. H\u00e4r kommer lite ofiltrerat fr\u00e5n senaste tiden. Hopp I l\u00f6rdags morse var jag i familjel\u00e4ge hemma n\u00e4r telefonen ringde...","og_url":"https:\/\/blogg.atl.nu\/abbotnas-sateri\/2026\/03\/03\/kalvningsasongen-en-resa-mellan-hopp-och-fortvivlan\/","og_site_name":"Abbotn\u00e4s s\u00e4teri","article_author":"facebook.com\/mattiaswlarsson","article_published_time":"2026-03-03T21:49:07+00:00","og_image":[{"width":2560,"height":1920,"url":"https:\/\/blogg.atl.nu\/abbotnas-sateri\/wp-content\/uploads\/sites\/41\/2026\/03\/P1333373-scaled.jpg","type":"image\/jpeg"}],"author":"Mattias Larsson","twitter_card":"summary_large_image","twitter_misc":{"Skriven av":"Mattias Larsson","Ber\u00e4knad l\u00e4stid":"7 minuter"},"schema":{"@context":"https:\/\/schema.org","@graph":[{"@type":"WebPage","@id":"https:\/\/blogg.atl.nu\/abbotnas-sateri\/2026\/03\/03\/kalvningsasongen-en-resa-mellan-hopp-och-fortvivlan\/","url":"https:\/\/blogg.atl.nu\/abbotnas-sateri\/2026\/03\/03\/kalvningsasongen-en-resa-mellan-hopp-och-fortvivlan\/","name":"Kalvnings\u00e4songen - en resa mellan hopp och f\u00f6rtvivlan. - Abbotn\u00e4s s\u00e4teri","isPartOf":{"@id":"https:\/\/blogg.atl.nu\/abbotnas-sateri\/#website"},"datePublished":"2026-03-03T21:49:07+00:00","dateModified":"2026-03-03T21:49:07+00:00","author":{"@id":"https:\/\/blogg.atl.nu\/abbotnas-sateri\/#\/schema\/person\/3b681683e8c9711235140b74c4aad714"},"breadcrumb":{"@id":"https:\/\/blogg.atl.nu\/abbotnas-sateri\/2026\/03\/03\/kalvningsasongen-en-resa-mellan-hopp-och-fortvivlan\/#breadcrumb"},"inLanguage":"sv-SE","potentialAction":[{"@type":"ReadAction","target":["https:\/\/blogg.atl.nu\/abbotnas-sateri\/2026\/03\/03\/kalvningsasongen-en-resa-mellan-hopp-och-fortvivlan\/"]}]},{"@type":"BreadcrumbList","@id":"https:\/\/blogg.atl.nu\/abbotnas-sateri\/2026\/03\/03\/kalvningsasongen-en-resa-mellan-hopp-och-fortvivlan\/#breadcrumb","itemListElement":[{"@type":"ListItem","position":1,"name":"Home","item":"https:\/\/blogg.atl.nu\/abbotnas-sateri\/"},{"@type":"ListItem","position":2,"name":"Kalvnings\u00e4songen &#8211; en resa mellan hopp och f\u00f6rtvivlan."}]},{"@type":"WebSite","@id":"https:\/\/blogg.atl.nu\/abbotnas-sateri\/#website","url":"https:\/\/blogg.atl.nu\/abbotnas-sateri\/","name":"Abbotn\u00e4s s\u00e4teri","description":"Mattias Larsson","potentialAction":[{"@type":"SearchAction","target":{"@type":"EntryPoint","urlTemplate":"https:\/\/blogg.atl.nu\/abbotnas-sateri\/?s={search_term_string}"},"query-input":"required name=search_term_string"}],"inLanguage":"sv-SE"},{"@type":"Person","@id":"https:\/\/blogg.atl.nu\/abbotnas-sateri\/#\/schema\/person\/3b681683e8c9711235140b74c4aad714","name":"Mattias Larsson","image":{"@type":"ImageObject","inLanguage":"sv-SE","@id":"https:\/\/blogg.atl.nu\/abbotnas-sateri\/#\/schema\/person\/image\/","url":"https:\/\/secure.gravatar.com\/avatar\/ab52d1a4abaa2f256164ccb2caf8dcfb?s=96&d=mm&r=g","contentUrl":"https:\/\/secure.gravatar.com\/avatar\/ab52d1a4abaa2f256164ccb2caf8dcfb?s=96&d=mm&r=g","caption":"Mattias Larsson"},"sameAs":["http:\/\/abbotnas.se","facebook.com\/mattiaswlarsson"],"url":"https:\/\/blogg.atl.nu\/abbotnas-sateri\/author\/mlarsson\/"}]}},"_links":{"self":[{"href":"https:\/\/blogg.atl.nu\/abbotnas-sateri\/wp-json\/wp\/v2\/posts\/29052"}],"collection":[{"href":"https:\/\/blogg.atl.nu\/abbotnas-sateri\/wp-json\/wp\/v2\/posts"}],"about":[{"href":"https:\/\/blogg.atl.nu\/abbotnas-sateri\/wp-json\/wp\/v2\/types\/post"}],"author":[{"embeddable":true,"href":"https:\/\/blogg.atl.nu\/abbotnas-sateri\/wp-json\/wp\/v2\/users\/361"}],"replies":[{"embeddable":true,"href":"https:\/\/blogg.atl.nu\/abbotnas-sateri\/wp-json\/wp\/v2\/comments?post=29052"}],"version-history":[{"count":2,"href":"https:\/\/blogg.atl.nu\/abbotnas-sateri\/wp-json\/wp\/v2\/posts\/29052\/revisions"}],"predecessor-version":[{"id":29057,"href":"https:\/\/blogg.atl.nu\/abbotnas-sateri\/wp-json\/wp\/v2\/posts\/29052\/revisions\/29057"}],"wp:featuredmedia":[{"embeddable":true,"href":"https:\/\/blogg.atl.nu\/abbotnas-sateri\/wp-json\/wp\/v2\/media\/29043"}],"wp:attachment":[{"href":"https:\/\/blogg.atl.nu\/abbotnas-sateri\/wp-json\/wp\/v2\/media?parent=29052"}],"wp:term":[{"taxonomy":"category","embeddable":true,"href":"https:\/\/blogg.atl.nu\/abbotnas-sateri\/wp-json\/wp\/v2\/categories?post=29052"},{"taxonomy":"post_tag","embeddable":true,"href":"https:\/\/blogg.atl.nu\/abbotnas-sateri\/wp-json\/wp\/v2\/tags?post=29052"}],"curies":[{"name":"wp","href":"https:\/\/api.w.org\/{rel}","templated":true}]}}