{"id":29083,"date":"2026-03-08T21:27:53","date_gmt":"2026-03-08T20:27:53","guid":{"rendered":"https:\/\/blogg.atl.nu\/abbotnas-sateri\/?p=29083"},"modified":"2026-03-08T21:27:53","modified_gmt":"2026-03-08T20:27:53","slug":"hur-ser-det-ut-med-tjalen","status":"publish","type":"post","link":"https:\/\/blogg.atl.nu\/abbotnas-sateri\/2026\/03\/08\/hur-ser-det-ut-med-tjalen\/","title":{"rendered":"Hur ser det ut med tj\u00e4len?"},"content":{"rendered":"<p><strong>Vi har nu haft mars i \u00f6ver en vecka och kollar man endast till kalendern s\u00e5 \u00e4r det nu till\u00e5tet att sprida v\u00e4xtn\u00e4ring p\u00e5 f\u00e4lten, men hur \u00e4r statusen g\u00e4llande de d\u00e4r andra kraven? \u00c4r det tj\u00e4le kvar och kan man tycka att marken \u00e4r vattenm\u00e4ttad? Jag har sett att s\u00f6derut s\u00e5 k\u00f6rs det b\u00e5de g\u00f6dning och stallg\u00f6dsel och tvivlar inte p\u00e5 att de har f\u00f6ruts\u00e4ttningarna med sig, men hur \u00e4r statusen h\u00e4r?<\/strong><\/p>\n<h3>En koll i marken<\/h3>\n<p><strong>Dagen efter 28 februari f\u00e5r man enlig kalendern sprida v\u00e4xtn\u00e4ring p\u00e5 f\u00e4lten i nitratk\u00e4nsliga omr\u00e5den (om resten av kraven uppfylls). <\/strong>Varf\u00f6r jag inte skriver f\u00f6rsta mars som f\u00f6rsta till\u00e5tna datum \u00e4r f\u00f6r att om det \u00e4r skott\u00e5r s\u00e5 \u00e4r det 29 februari som \u00e4r f\u00f6rsta till\u00e5tna dag enligt kalendern. Det r\u00e4cker ju dock som redan n\u00e4mnts inte med att datumet \u00e4r r\u00e4tt, det f\u00e5r inte heller vara tj\u00e4le (nattfrost) eller vattenm\u00e4ttad mark. \u00c4n s\u00e5 l\u00e4nge har jag inte gjort mer \u00e4n att kollat p\u00e5 f\u00e4lten fr\u00e5n sidan f\u00f6r att konstatera att det tar ett tag innan vi ska ge oss ut, men idag kunde jag inte h\u00e5lla mig l\u00e4ngre utan gav mig ut med spaden. En del vattenansamlingar p\u00e5 f\u00e4lten har \u00e4nd\u00e5 b\u00f6rjat sjunka undan och det brukar betyda att det b\u00f6rjar h\u00e4nda grejor i marken. Jag beh\u00f6vde dock inte vandra l\u00e4nge i den bl\u00f6ta leran f\u00f6rr\u00e4n jag kunde konstatera att ordentlig tj\u00e4le fanns cirka 15 cm ner i marken. Hur djup den \u00e4r p\u00e5 f\u00e4lten vet jag dock inte, men den k\u00e4ndes inte som att den var endast n\u00e5gra cm&#8230; Sitter jag och gissar just nu s\u00e5 \u00e4r det tar det ett tag till innan tj\u00e4len \u00e4r ur marken. S\u00e5 g\u00f6dningen f\u00e5r stanna i p\u00e5sarna ett tag till hos oss&#8230;<\/p>\n<figure id=\"attachment_29086\" aria-describedby=\"caption-attachment-29086\" style=\"width: 2560px\" class=\"wp-caption alignnone\"><img loading=\"lazy\" class=\"wp-image-29086 size-full\" src=\"https:\/\/blogg.atl.nu\/abbotnas-sateri\/wp-content\/uploads\/sites\/41\/2026\/03\/P1333427-scaled.jpg\" alt=\"\" width=\"2560\" height=\"1920\" srcset=\"https:\/\/blogg.atl.nu\/abbotnas-sateri\/wp-content\/uploads\/sites\/41\/2026\/03\/P1333427-scaled.jpg 2560w, https:\/\/blogg.atl.nu\/abbotnas-sateri\/wp-content\/uploads\/sites\/41\/2026\/03\/P1333427-300x225.jpg 300w, https:\/\/blogg.atl.nu\/abbotnas-sateri\/wp-content\/uploads\/sites\/41\/2026\/03\/P1333427-1024x768.jpg 1024w, https:\/\/blogg.atl.nu\/abbotnas-sateri\/wp-content\/uploads\/sites\/41\/2026\/03\/P1333427-768x576.jpg 768w, https:\/\/blogg.atl.nu\/abbotnas-sateri\/wp-content\/uploads\/sites\/41\/2026\/03\/P1333427-1536x1152.jpg 1536w, https:\/\/blogg.atl.nu\/abbotnas-sateri\/wp-content\/uploads\/sites\/41\/2026\/03\/P1333427-2048x1536.jpg 2048w\" sizes=\"(max-width: 2560px) 100vw, 2560px\" \/><figcaption id=\"caption-attachment-29086\" class=\"wp-caption-text\">F\u00f6r en vecka sedan s\u00e5g det ut ungef\u00e4r s\u00e5 h\u00e4r.<\/figcaption><\/figure>\n<figure id=\"attachment_29065\" aria-describedby=\"caption-attachment-29065\" style=\"width: 2560px\" class=\"wp-caption alignnone\"><img loading=\"lazy\" class=\"wp-image-29065 size-full\" src=\"https:\/\/blogg.atl.nu\/abbotnas-sateri\/wp-content\/uploads\/sites\/41\/2026\/03\/IMG_9047-scaled.jpeg\" alt=\"\" width=\"2560\" height=\"1920\" srcset=\"https:\/\/blogg.atl.nu\/abbotnas-sateri\/wp-content\/uploads\/sites\/41\/2026\/03\/IMG_9047-scaled.jpeg 2560w, https:\/\/blogg.atl.nu\/abbotnas-sateri\/wp-content\/uploads\/sites\/41\/2026\/03\/IMG_9047-300x225.jpeg 300w, https:\/\/blogg.atl.nu\/abbotnas-sateri\/wp-content\/uploads\/sites\/41\/2026\/03\/IMG_9047-1024x768.jpeg 1024w, https:\/\/blogg.atl.nu\/abbotnas-sateri\/wp-content\/uploads\/sites\/41\/2026\/03\/IMG_9047-768x576.jpeg 768w, https:\/\/blogg.atl.nu\/abbotnas-sateri\/wp-content\/uploads\/sites\/41\/2026\/03\/IMG_9047-1536x1152.jpeg 1536w, https:\/\/blogg.atl.nu\/abbotnas-sateri\/wp-content\/uploads\/sites\/41\/2026\/03\/IMG_9047-2048x1536.jpeg 2048w\" sizes=\"(max-width: 2560px) 100vw, 2560px\" \/><figcaption id=\"caption-attachment-29065\" class=\"wp-caption-text\">Idag s\u00e5g det ut s\u00e5 h\u00e4r s\u00e5 jag tog mig n\u00e5gra steg ut f\u00f6r att kolla l\u00e4get p\u00e5 riktigt.<\/figcaption><\/figure>\n<figure id=\"attachment_29063\" aria-describedby=\"caption-attachment-29063\" style=\"width: 2560px\" class=\"wp-caption alignnone\"><img loading=\"lazy\" class=\"wp-image-29063 size-full\" src=\"https:\/\/blogg.atl.nu\/abbotnas-sateri\/wp-content\/uploads\/sites\/41\/2026\/03\/IMG_9049-scaled.jpeg\" alt=\"\" width=\"2560\" height=\"1920\" srcset=\"https:\/\/blogg.atl.nu\/abbotnas-sateri\/wp-content\/uploads\/sites\/41\/2026\/03\/IMG_9049-scaled.jpeg 2560w, https:\/\/blogg.atl.nu\/abbotnas-sateri\/wp-content\/uploads\/sites\/41\/2026\/03\/IMG_9049-300x225.jpeg 300w, https:\/\/blogg.atl.nu\/abbotnas-sateri\/wp-content\/uploads\/sites\/41\/2026\/03\/IMG_9049-1024x768.jpeg 1024w, https:\/\/blogg.atl.nu\/abbotnas-sateri\/wp-content\/uploads\/sites\/41\/2026\/03\/IMG_9049-768x576.jpeg 768w, https:\/\/blogg.atl.nu\/abbotnas-sateri\/wp-content\/uploads\/sites\/41\/2026\/03\/IMG_9049-1536x1152.jpeg 1536w, https:\/\/blogg.atl.nu\/abbotnas-sateri\/wp-content\/uploads\/sites\/41\/2026\/03\/IMG_9049-2048x1536.jpeg 2048w\" sizes=\"(max-width: 2560px) 100vw, 2560px\" \/><figcaption id=\"caption-attachment-29063\" class=\"wp-caption-text\">Mjukt och l\u00e4ttgr\u00e4vt p\u00e5 ytan var det i alla fall, men pang sa det n\u00e4r spaden tr\u00e4ffade tj\u00e4len p\u00e5 cirka 15 centimeters djup.<\/figcaption><\/figure>\n<p>&nbsp;<\/p>\n<figure id=\"attachment_29062\" aria-describedby=\"caption-attachment-29062\" style=\"width: 2560px\" class=\"wp-caption alignnone\"><img loading=\"lazy\" class=\"wp-image-29062 size-full\" src=\"https:\/\/blogg.atl.nu\/abbotnas-sateri\/wp-content\/uploads\/sites\/41\/2026\/03\/IMG_9050-scaled.jpeg\" alt=\"\" width=\"2560\" height=\"1920\" srcset=\"https:\/\/blogg.atl.nu\/abbotnas-sateri\/wp-content\/uploads\/sites\/41\/2026\/03\/IMG_9050-scaled.jpeg 2560w, https:\/\/blogg.atl.nu\/abbotnas-sateri\/wp-content\/uploads\/sites\/41\/2026\/03\/IMG_9050-300x225.jpeg 300w, https:\/\/blogg.atl.nu\/abbotnas-sateri\/wp-content\/uploads\/sites\/41\/2026\/03\/IMG_9050-1024x768.jpeg 1024w, https:\/\/blogg.atl.nu\/abbotnas-sateri\/wp-content\/uploads\/sites\/41\/2026\/03\/IMG_9050-768x576.jpeg 768w, https:\/\/blogg.atl.nu\/abbotnas-sateri\/wp-content\/uploads\/sites\/41\/2026\/03\/IMG_9050-1536x1152.jpeg 1536w, https:\/\/blogg.atl.nu\/abbotnas-sateri\/wp-content\/uploads\/sites\/41\/2026\/03\/IMG_9050-2048x1536.jpeg 2048w\" sizes=\"(max-width: 2560px) 100vw, 2560px\" \/><figcaption id=\"caption-attachment-29062\" class=\"wp-caption-text\">Sv\u00e5rt att f\u00e5nga tj\u00e4len p\u00e5 bild, f\u00f6r det blev snabbt fullt med vatten p\u00e5 botten av h\u00e5let.<\/figcaption><\/figure>\n<figure id=\"attachment_29061\" aria-describedby=\"caption-attachment-29061\" style=\"width: 2560px\" class=\"wp-caption alignnone\"><img loading=\"lazy\" class=\"wp-image-29061 size-full\" src=\"https:\/\/blogg.atl.nu\/abbotnas-sateri\/wp-content\/uploads\/sites\/41\/2026\/03\/IMG_9051-scaled-e1773001310181.jpeg\" alt=\"\" width=\"2560\" height=\"1920\" srcset=\"https:\/\/blogg.atl.nu\/abbotnas-sateri\/wp-content\/uploads\/sites\/41\/2026\/03\/IMG_9051-scaled-e1773001310181.jpeg 2560w, https:\/\/blogg.atl.nu\/abbotnas-sateri\/wp-content\/uploads\/sites\/41\/2026\/03\/IMG_9051-scaled-e1773001310181-300x225.jpeg 300w, https:\/\/blogg.atl.nu\/abbotnas-sateri\/wp-content\/uploads\/sites\/41\/2026\/03\/IMG_9051-scaled-e1773001310181-1024x768.jpeg 1024w, https:\/\/blogg.atl.nu\/abbotnas-sateri\/wp-content\/uploads\/sites\/41\/2026\/03\/IMG_9051-scaled-e1773001310181-768x576.jpeg 768w, https:\/\/blogg.atl.nu\/abbotnas-sateri\/wp-content\/uploads\/sites\/41\/2026\/03\/IMG_9051-scaled-e1773001310181-1536x1152.jpeg 1536w, https:\/\/blogg.atl.nu\/abbotnas-sateri\/wp-content\/uploads\/sites\/41\/2026\/03\/IMG_9051-scaled-e1773001310181-2048x1536.jpeg 2048w\" sizes=\"(max-width: 2560px) 100vw, 2560px\" \/><figcaption id=\"caption-attachment-29061\" class=\"wp-caption-text\">Provh\u00e5let visade att det \u00e4r b\u00e5de tj\u00e4le kvar och vattenm\u00e4ttat i marken.<\/figcaption><\/figure>\n<figure id=\"attachment_29064\" aria-describedby=\"caption-attachment-29064\" style=\"width: 2560px\" class=\"wp-caption alignnone\"><img loading=\"lazy\" class=\"wp-image-29064 size-full\" src=\"https:\/\/blogg.atl.nu\/abbotnas-sateri\/wp-content\/uploads\/sites\/41\/2026\/03\/IMG_9048-scaled.jpeg\" alt=\"\" width=\"2560\" height=\"1920\" srcset=\"https:\/\/blogg.atl.nu\/abbotnas-sateri\/wp-content\/uploads\/sites\/41\/2026\/03\/IMG_9048-scaled.jpeg 2560w, https:\/\/blogg.atl.nu\/abbotnas-sateri\/wp-content\/uploads\/sites\/41\/2026\/03\/IMG_9048-300x225.jpeg 300w, https:\/\/blogg.atl.nu\/abbotnas-sateri\/wp-content\/uploads\/sites\/41\/2026\/03\/IMG_9048-1024x768.jpeg 1024w, https:\/\/blogg.atl.nu\/abbotnas-sateri\/wp-content\/uploads\/sites\/41\/2026\/03\/IMG_9048-768x576.jpeg 768w, https:\/\/blogg.atl.nu\/abbotnas-sateri\/wp-content\/uploads\/sites\/41\/2026\/03\/IMG_9048-1536x1152.jpeg 1536w, https:\/\/blogg.atl.nu\/abbotnas-sateri\/wp-content\/uploads\/sites\/41\/2026\/03\/IMG_9048-2048x1536.jpeg 2048w\" sizes=\"(max-width: 2560px) 100vw, 2560px\" \/><figcaption id=\"caption-attachment-29064\" class=\"wp-caption-text\">Det \u00e4r allts\u00e5 inte bara p\u00e5 ytan det ser bl\u00f6tt ut.<\/figcaption><\/figure>\n<figure id=\"attachment_29059\" aria-describedby=\"caption-attachment-29059\" style=\"width: 2560px\" class=\"wp-caption alignnone\"><img loading=\"lazy\" class=\"wp-image-29059 size-full\" src=\"https:\/\/blogg.atl.nu\/abbotnas-sateri\/wp-content\/uploads\/sites\/41\/2026\/03\/IMG_9053-scaled.jpeg\" alt=\"\" width=\"2560\" height=\"1920\" srcset=\"https:\/\/blogg.atl.nu\/abbotnas-sateri\/wp-content\/uploads\/sites\/41\/2026\/03\/IMG_9053-scaled.jpeg 2560w, https:\/\/blogg.atl.nu\/abbotnas-sateri\/wp-content\/uploads\/sites\/41\/2026\/03\/IMG_9053-300x225.jpeg 300w, https:\/\/blogg.atl.nu\/abbotnas-sateri\/wp-content\/uploads\/sites\/41\/2026\/03\/IMG_9053-1024x768.jpeg 1024w, https:\/\/blogg.atl.nu\/abbotnas-sateri\/wp-content\/uploads\/sites\/41\/2026\/03\/IMG_9053-768x576.jpeg 768w, https:\/\/blogg.atl.nu\/abbotnas-sateri\/wp-content\/uploads\/sites\/41\/2026\/03\/IMG_9053-1536x1152.jpeg 1536w, https:\/\/blogg.atl.nu\/abbotnas-sateri\/wp-content\/uploads\/sites\/41\/2026\/03\/IMG_9053-2048x1536.jpeg 2048w\" sizes=\"(max-width: 2560px) 100vw, 2560px\" \/><figcaption id=\"caption-attachment-29059\" class=\"wp-caption-text\">Syns det att det \u00e4r bl\u00f6tt?<\/figcaption><\/figure>\n<figure id=\"attachment_29058\" aria-describedby=\"caption-attachment-29058\" style=\"width: 2560px\" class=\"wp-caption alignnone\"><img loading=\"lazy\" class=\"wp-image-29058 size-full\" src=\"https:\/\/blogg.atl.nu\/abbotnas-sateri\/wp-content\/uploads\/sites\/41\/2026\/03\/IMG_9054-scaled.jpeg\" alt=\"\" width=\"2560\" height=\"1920\" srcset=\"https:\/\/blogg.atl.nu\/abbotnas-sateri\/wp-content\/uploads\/sites\/41\/2026\/03\/IMG_9054-scaled.jpeg 2560w, https:\/\/blogg.atl.nu\/abbotnas-sateri\/wp-content\/uploads\/sites\/41\/2026\/03\/IMG_9054-300x225.jpeg 300w, https:\/\/blogg.atl.nu\/abbotnas-sateri\/wp-content\/uploads\/sites\/41\/2026\/03\/IMG_9054-1024x768.jpeg 1024w, https:\/\/blogg.atl.nu\/abbotnas-sateri\/wp-content\/uploads\/sites\/41\/2026\/03\/IMG_9054-768x576.jpeg 768w, https:\/\/blogg.atl.nu\/abbotnas-sateri\/wp-content\/uploads\/sites\/41\/2026\/03\/IMG_9054-1536x1152.jpeg 1536w, https:\/\/blogg.atl.nu\/abbotnas-sateri\/wp-content\/uploads\/sites\/41\/2026\/03\/IMG_9054-2048x1536.jpeg 2048w\" sizes=\"(max-width: 2560px) 100vw, 2560px\" \/><figcaption id=\"caption-attachment-29058\" class=\"wp-caption-text\">Det ser n\u00e4stan ut som ett vildsvin varit ute och g\u00e5tt d\u00e4r jag traskat fram&#8230;<\/figcaption><\/figure>\n<figure id=\"attachment_29087\" aria-describedby=\"caption-attachment-29087\" style=\"width: 2560px\" class=\"wp-caption alignnone\"><img loading=\"lazy\" class=\"wp-image-29087 size-full\" src=\"https:\/\/blogg.atl.nu\/abbotnas-sateri\/wp-content\/uploads\/sites\/41\/2026\/03\/P1333429-scaled.jpg\" alt=\"\" width=\"2560\" height=\"1920\" srcset=\"https:\/\/blogg.atl.nu\/abbotnas-sateri\/wp-content\/uploads\/sites\/41\/2026\/03\/P1333429-scaled.jpg 2560w, https:\/\/blogg.atl.nu\/abbotnas-sateri\/wp-content\/uploads\/sites\/41\/2026\/03\/P1333429-300x225.jpg 300w, https:\/\/blogg.atl.nu\/abbotnas-sateri\/wp-content\/uploads\/sites\/41\/2026\/03\/P1333429-1024x768.jpg 1024w, https:\/\/blogg.atl.nu\/abbotnas-sateri\/wp-content\/uploads\/sites\/41\/2026\/03\/P1333429-768x576.jpg 768w, https:\/\/blogg.atl.nu\/abbotnas-sateri\/wp-content\/uploads\/sites\/41\/2026\/03\/P1333429-1536x1152.jpg 1536w, https:\/\/blogg.atl.nu\/abbotnas-sateri\/wp-content\/uploads\/sites\/41\/2026\/03\/P1333429-2048x1536.jpg 2048w\" sizes=\"(max-width: 2560px) 100vw, 2560px\" \/><figcaption id=\"caption-attachment-29087\" class=\"wp-caption-text\">Aprop\u00e5 vildsvin s\u00e5 kan kommer h\u00e4r en utav v\u00e5ra viltburar. Det \u00e4r en viss skillnad p\u00e5 innanf\u00f6r och utanf\u00f6r&#8230;<\/figcaption><\/figure>\n<p>S\u00e5 s\u00e5 \u00e4r allts\u00e5 l\u00e4get p\u00e5 v\u00e5ra f\u00e4lt just nu. Ingen stress ut med f\u00f6rsta kv\u00e4vegivan f\u00f6r tillf\u00e4llet, men vi forts\u00e4tter naturligtvis att h\u00e5lla koll p\u00e5 l\u00e4get. G\u00f6dningen \u00e4r i alla fall hemma och redo n\u00e4r det \u00e4r dags.<\/p>\n","protected":false},"excerpt":{"rendered":"<p>Vi har nu haft mars i \u00f6ver en vecka och kollar man endast till kalendern s\u00e5 \u00e4r det nu till\u00e5tet att sprida v\u00e4xtn\u00e4ring p\u00e5 f\u00e4lten, men hur \u00e4r statusen g\u00e4llande de d\u00e4r andra kraven? \u00c4r det tj\u00e4le kvar och kan man tycka att marken \u00e4r vattenm\u00e4ttad? Jag har sett att s\u00f6derut s\u00e5 k\u00f6rs det b\u00e5de&#8230;<\/p>\n","protected":false},"author":361,"featured_media":29066,"comment_status":"open","ping_status":"open","sticky":false,"template":"","format":"standard","meta":[],"categories":[1],"tags":[],"yoast_head":"<!-- This site is optimized with the Yoast SEO plugin v19.6 - https:\/\/yoast.com\/wordpress\/plugins\/seo\/ -->\n<title>Hur ser det ut med tj\u00e4len? - Abbotn\u00e4s s\u00e4teri<\/title>\n<meta name=\"robots\" content=\"index, follow, max-snippet:-1, max-image-preview:large, max-video-preview:-1\" \/>\n<link rel=\"canonical\" href=\"https:\/\/blogg.atl.nu\/abbotnas-sateri\/2026\/03\/08\/hur-ser-det-ut-med-tjalen\/\" \/>\n<meta property=\"og:locale\" content=\"sv_SE\" \/>\n<meta property=\"og:type\" content=\"article\" \/>\n<meta property=\"og:title\" content=\"Hur ser det ut med tj\u00e4len? - Abbotn\u00e4s s\u00e4teri\" \/>\n<meta property=\"og:description\" content=\"Vi har nu haft mars i \u00f6ver en vecka och kollar man endast till kalendern s\u00e5 \u00e4r det nu till\u00e5tet att sprida v\u00e4xtn\u00e4ring p\u00e5 f\u00e4lten, men hur \u00e4r statusen g\u00e4llande de d\u00e4r andra kraven? \u00c4r det tj\u00e4le kvar och kan man tycka att marken \u00e4r vattenm\u00e4ttad? Jag har sett att s\u00f6derut s\u00e5 k\u00f6rs det b\u00e5de...\" \/>\n<meta property=\"og:url\" content=\"https:\/\/blogg.atl.nu\/abbotnas-sateri\/2026\/03\/08\/hur-ser-det-ut-med-tjalen\/\" \/>\n<meta property=\"og:site_name\" content=\"Abbotn\u00e4s s\u00e4teri\" \/>\n<meta property=\"article:author\" content=\"facebook.com\/mattiaswlarsson\" \/>\n<meta property=\"article:published_time\" content=\"2026-03-08T20:27:53+00:00\" \/>\n<meta property=\"og:image\" content=\"https:\/\/blogg.atl.nu\/abbotnas-sateri\/wp-content\/uploads\/sites\/41\/2026\/03\/IMG_9046-scaled.jpeg\" \/>\n\t<meta property=\"og:image:width\" content=\"2560\" \/>\n\t<meta property=\"og:image:height\" content=\"1920\" \/>\n\t<meta property=\"og:image:type\" content=\"image\/jpeg\" \/>\n<meta name=\"author\" content=\"Mattias Larsson\" \/>\n<meta name=\"twitter:card\" content=\"summary_large_image\" \/>\n<meta name=\"twitter:label1\" content=\"Skriven av\" \/>\n\t<meta name=\"twitter:data1\" content=\"Mattias Larsson\" \/>\n\t<meta name=\"twitter:label2\" content=\"Ber\u00e4knad l\u00e4stid\" \/>\n\t<meta name=\"twitter:data2\" content=\"5 minuter\" \/>\n<script type=\"application\/ld+json\" class=\"yoast-schema-graph\">{\"@context\":\"https:\/\/schema.org\",\"@graph\":[{\"@type\":\"WebPage\",\"@id\":\"https:\/\/blogg.atl.nu\/abbotnas-sateri\/2026\/03\/08\/hur-ser-det-ut-med-tjalen\/\",\"url\":\"https:\/\/blogg.atl.nu\/abbotnas-sateri\/2026\/03\/08\/hur-ser-det-ut-med-tjalen\/\",\"name\":\"Hur ser det ut med tj\u00e4len? - Abbotn\u00e4s s\u00e4teri\",\"isPartOf\":{\"@id\":\"https:\/\/blogg.atl.nu\/abbotnas-sateri\/#website\"},\"datePublished\":\"2026-03-08T20:27:53+00:00\",\"dateModified\":\"2026-03-08T20:27:53+00:00\",\"author\":{\"@id\":\"https:\/\/blogg.atl.nu\/abbotnas-sateri\/#\/schema\/person\/3b681683e8c9711235140b74c4aad714\"},\"breadcrumb\":{\"@id\":\"https:\/\/blogg.atl.nu\/abbotnas-sateri\/2026\/03\/08\/hur-ser-det-ut-med-tjalen\/#breadcrumb\"},\"inLanguage\":\"sv-SE\",\"potentialAction\":[{\"@type\":\"ReadAction\",\"target\":[\"https:\/\/blogg.atl.nu\/abbotnas-sateri\/2026\/03\/08\/hur-ser-det-ut-med-tjalen\/\"]}]},{\"@type\":\"BreadcrumbList\",\"@id\":\"https:\/\/blogg.atl.nu\/abbotnas-sateri\/2026\/03\/08\/hur-ser-det-ut-med-tjalen\/#breadcrumb\",\"itemListElement\":[{\"@type\":\"ListItem\",\"position\":1,\"name\":\"Home\",\"item\":\"https:\/\/blogg.atl.nu\/abbotnas-sateri\/\"},{\"@type\":\"ListItem\",\"position\":2,\"name\":\"Hur ser det ut med tj\u00e4len?\"}]},{\"@type\":\"WebSite\",\"@id\":\"https:\/\/blogg.atl.nu\/abbotnas-sateri\/#website\",\"url\":\"https:\/\/blogg.atl.nu\/abbotnas-sateri\/\",\"name\":\"Abbotn\u00e4s s\u00e4teri\",\"description\":\"Mattias Larsson\",\"potentialAction\":[{\"@type\":\"SearchAction\",\"target\":{\"@type\":\"EntryPoint\",\"urlTemplate\":\"https:\/\/blogg.atl.nu\/abbotnas-sateri\/?s={search_term_string}\"},\"query-input\":\"required name=search_term_string\"}],\"inLanguage\":\"sv-SE\"},{\"@type\":\"Person\",\"@id\":\"https:\/\/blogg.atl.nu\/abbotnas-sateri\/#\/schema\/person\/3b681683e8c9711235140b74c4aad714\",\"name\":\"Mattias Larsson\",\"image\":{\"@type\":\"ImageObject\",\"inLanguage\":\"sv-SE\",\"@id\":\"https:\/\/blogg.atl.nu\/abbotnas-sateri\/#\/schema\/person\/image\/\",\"url\":\"https:\/\/secure.gravatar.com\/avatar\/ab52d1a4abaa2f256164ccb2caf8dcfb?s=96&d=mm&r=g\",\"contentUrl\":\"https:\/\/secure.gravatar.com\/avatar\/ab52d1a4abaa2f256164ccb2caf8dcfb?s=96&d=mm&r=g\",\"caption\":\"Mattias Larsson\"},\"sameAs\":[\"http:\/\/abbotnas.se\",\"facebook.com\/mattiaswlarsson\"],\"url\":\"https:\/\/blogg.atl.nu\/abbotnas-sateri\/author\/mlarsson\/\"}]}<\/script>\n<!-- \/ Yoast SEO plugin. -->","yoast_head_json":{"title":"Hur ser det ut med tj\u00e4len? - Abbotn\u00e4s s\u00e4teri","robots":{"index":"index","follow":"follow","max-snippet":"max-snippet:-1","max-image-preview":"max-image-preview:large","max-video-preview":"max-video-preview:-1"},"canonical":"https:\/\/blogg.atl.nu\/abbotnas-sateri\/2026\/03\/08\/hur-ser-det-ut-med-tjalen\/","og_locale":"sv_SE","og_type":"article","og_title":"Hur ser det ut med tj\u00e4len? - Abbotn\u00e4s s\u00e4teri","og_description":"Vi har nu haft mars i \u00f6ver en vecka och kollar man endast till kalendern s\u00e5 \u00e4r det nu till\u00e5tet att sprida v\u00e4xtn\u00e4ring p\u00e5 f\u00e4lten, men hur \u00e4r statusen g\u00e4llande de d\u00e4r andra kraven? \u00c4r det tj\u00e4le kvar och kan man tycka att marken \u00e4r vattenm\u00e4ttad? Jag har sett att s\u00f6derut s\u00e5 k\u00f6rs det b\u00e5de...","og_url":"https:\/\/blogg.atl.nu\/abbotnas-sateri\/2026\/03\/08\/hur-ser-det-ut-med-tjalen\/","og_site_name":"Abbotn\u00e4s s\u00e4teri","article_author":"facebook.com\/mattiaswlarsson","article_published_time":"2026-03-08T20:27:53+00:00","og_image":[{"width":2560,"height":1920,"url":"https:\/\/blogg.atl.nu\/abbotnas-sateri\/wp-content\/uploads\/sites\/41\/2026\/03\/IMG_9046-scaled.jpeg","type":"image\/jpeg"}],"author":"Mattias Larsson","twitter_card":"summary_large_image","twitter_misc":{"Skriven av":"Mattias Larsson","Ber\u00e4knad l\u00e4stid":"5 minuter"},"schema":{"@context":"https:\/\/schema.org","@graph":[{"@type":"WebPage","@id":"https:\/\/blogg.atl.nu\/abbotnas-sateri\/2026\/03\/08\/hur-ser-det-ut-med-tjalen\/","url":"https:\/\/blogg.atl.nu\/abbotnas-sateri\/2026\/03\/08\/hur-ser-det-ut-med-tjalen\/","name":"Hur ser det ut med tj\u00e4len? - Abbotn\u00e4s s\u00e4teri","isPartOf":{"@id":"https:\/\/blogg.atl.nu\/abbotnas-sateri\/#website"},"datePublished":"2026-03-08T20:27:53+00:00","dateModified":"2026-03-08T20:27:53+00:00","author":{"@id":"https:\/\/blogg.atl.nu\/abbotnas-sateri\/#\/schema\/person\/3b681683e8c9711235140b74c4aad714"},"breadcrumb":{"@id":"https:\/\/blogg.atl.nu\/abbotnas-sateri\/2026\/03\/08\/hur-ser-det-ut-med-tjalen\/#breadcrumb"},"inLanguage":"sv-SE","potentialAction":[{"@type":"ReadAction","target":["https:\/\/blogg.atl.nu\/abbotnas-sateri\/2026\/03\/08\/hur-ser-det-ut-med-tjalen\/"]}]},{"@type":"BreadcrumbList","@id":"https:\/\/blogg.atl.nu\/abbotnas-sateri\/2026\/03\/08\/hur-ser-det-ut-med-tjalen\/#breadcrumb","itemListElement":[{"@type":"ListItem","position":1,"name":"Home","item":"https:\/\/blogg.atl.nu\/abbotnas-sateri\/"},{"@type":"ListItem","position":2,"name":"Hur ser det ut med tj\u00e4len?"}]},{"@type":"WebSite","@id":"https:\/\/blogg.atl.nu\/abbotnas-sateri\/#website","url":"https:\/\/blogg.atl.nu\/abbotnas-sateri\/","name":"Abbotn\u00e4s s\u00e4teri","description":"Mattias Larsson","potentialAction":[{"@type":"SearchAction","target":{"@type":"EntryPoint","urlTemplate":"https:\/\/blogg.atl.nu\/abbotnas-sateri\/?s={search_term_string}"},"query-input":"required name=search_term_string"}],"inLanguage":"sv-SE"},{"@type":"Person","@id":"https:\/\/blogg.atl.nu\/abbotnas-sateri\/#\/schema\/person\/3b681683e8c9711235140b74c4aad714","name":"Mattias Larsson","image":{"@type":"ImageObject","inLanguage":"sv-SE","@id":"https:\/\/blogg.atl.nu\/abbotnas-sateri\/#\/schema\/person\/image\/","url":"https:\/\/secure.gravatar.com\/avatar\/ab52d1a4abaa2f256164ccb2caf8dcfb?s=96&d=mm&r=g","contentUrl":"https:\/\/secure.gravatar.com\/avatar\/ab52d1a4abaa2f256164ccb2caf8dcfb?s=96&d=mm&r=g","caption":"Mattias Larsson"},"sameAs":["http:\/\/abbotnas.se","facebook.com\/mattiaswlarsson"],"url":"https:\/\/blogg.atl.nu\/abbotnas-sateri\/author\/mlarsson\/"}]}},"_links":{"self":[{"href":"https:\/\/blogg.atl.nu\/abbotnas-sateri\/wp-json\/wp\/v2\/posts\/29083"}],"collection":[{"href":"https:\/\/blogg.atl.nu\/abbotnas-sateri\/wp-json\/wp\/v2\/posts"}],"about":[{"href":"https:\/\/blogg.atl.nu\/abbotnas-sateri\/wp-json\/wp\/v2\/types\/post"}],"author":[{"embeddable":true,"href":"https:\/\/blogg.atl.nu\/abbotnas-sateri\/wp-json\/wp\/v2\/users\/361"}],"replies":[{"embeddable":true,"href":"https:\/\/blogg.atl.nu\/abbotnas-sateri\/wp-json\/wp\/v2\/comments?post=29083"}],"version-history":[{"count":3,"href":"https:\/\/blogg.atl.nu\/abbotnas-sateri\/wp-json\/wp\/v2\/posts\/29083\/revisions"}],"predecessor-version":[{"id":29088,"href":"https:\/\/blogg.atl.nu\/abbotnas-sateri\/wp-json\/wp\/v2\/posts\/29083\/revisions\/29088"}],"wp:featuredmedia":[{"embeddable":true,"href":"https:\/\/blogg.atl.nu\/abbotnas-sateri\/wp-json\/wp\/v2\/media\/29066"}],"wp:attachment":[{"href":"https:\/\/blogg.atl.nu\/abbotnas-sateri\/wp-json\/wp\/v2\/media?parent=29083"}],"wp:term":[{"taxonomy":"category","embeddable":true,"href":"https:\/\/blogg.atl.nu\/abbotnas-sateri\/wp-json\/wp\/v2\/categories?post=29083"},{"taxonomy":"post_tag","embeddable":true,"href":"https:\/\/blogg.atl.nu\/abbotnas-sateri\/wp-json\/wp\/v2\/tags?post=29083"}],"curies":[{"name":"wp","href":"https:\/\/api.w.org\/{rel}","templated":true}]}}