{"id":29098,"date":"2026-03-09T22:42:34","date_gmt":"2026-03-09T21:42:34","guid":{"rendered":"https:\/\/blogg.atl.nu\/abbotnas-sateri\/?p=29098"},"modified":"2026-03-09T22:42:34","modified_gmt":"2026-03-09T21:42:34","slug":"blatungevaccinering-pafyllnadsdos-till-kvigorna","status":"publish","type":"post","link":"https:\/\/blogg.atl.nu\/abbotnas-sateri\/2026\/03\/09\/blatungevaccinering-pafyllnadsdos-till-kvigorna\/","title":{"rendered":"Bl\u00e5tungevaccinering &#8211; p\u00e5fyllnadsdos till kvigorna"},"content":{"rendered":"<p><strong>M\u00e5ndag och str\u00e5lande sol, vad passar d\u00e5 b\u00e4ttre \u00e4n att ge kvigorna sin p\u00e5fyllnadssdos med bl\u00e5tungevaccin? Inte mycket tyckte vi, s\u00e5 det fick inleda v\u00e5ran vecka.\u00a0<\/strong><\/p>\n<h3>Vaccinering<\/h3>\n<p><strong>S\u00e5 var det dags igen f\u00f6r lite vaccinering, den h\u00e4r g\u00e5ngen s\u00e5 var det en ganska s\u00e5 lindrig operation i j\u00e4mf\u00f6relse med tidigare omg\u00e5ngar.\u00a0<\/strong>Det var bara 28 kvigor som idag skulle ha sin p\u00e5fyllnadsdos. \u00d6vriga djur som vaccinerats fick sin f\u00f6rsta behandling f\u00f6rra \u00e5ret och p\u00e5fyllnad tidigare i \u00e5r, men kvigorna var ju kalvar f\u00f6rra \u00e5ret s\u00e5 de fick ingen dos d\u00e5. Nu \u00e4r de \u00e4nd\u00e5 fullvaccinerade f\u00f6r tillf\u00e4llet och redo f\u00f6r en s\u00e4song ute p\u00e5 bete, med i alla fall n\u00e5got slags skydd mot bl\u00e5tunga som svidknotten kan sprida runt. Sk\u00f6nt att nu ha det ur v\u00e4rlden.<\/p>\n<figure id=\"attachment_29094\" aria-describedby=\"caption-attachment-29094\" style=\"width: 2560px\" class=\"wp-caption alignnone\"><img loading=\"lazy\" class=\"wp-image-29094 size-full\" src=\"https:\/\/blogg.atl.nu\/abbotnas-sateri\/wp-content\/uploads\/sites\/41\/2026\/03\/IMG_9055-scaled.jpeg\" alt=\"\" width=\"2560\" height=\"1920\" srcset=\"https:\/\/blogg.atl.nu\/abbotnas-sateri\/wp-content\/uploads\/sites\/41\/2026\/03\/IMG_9055-scaled.jpeg 2560w, https:\/\/blogg.atl.nu\/abbotnas-sateri\/wp-content\/uploads\/sites\/41\/2026\/03\/IMG_9055-300x225.jpeg 300w, https:\/\/blogg.atl.nu\/abbotnas-sateri\/wp-content\/uploads\/sites\/41\/2026\/03\/IMG_9055-1024x768.jpeg 1024w, https:\/\/blogg.atl.nu\/abbotnas-sateri\/wp-content\/uploads\/sites\/41\/2026\/03\/IMG_9055-768x576.jpeg 768w, https:\/\/blogg.atl.nu\/abbotnas-sateri\/wp-content\/uploads\/sites\/41\/2026\/03\/IMG_9055-1536x1152.jpeg 1536w, https:\/\/blogg.atl.nu\/abbotnas-sateri\/wp-content\/uploads\/sites\/41\/2026\/03\/IMG_9055-2048x1536.jpeg 2048w\" sizes=\"(max-width: 2560px) 100vw, 2560px\" \/><figcaption id=\"caption-attachment-29094\" class=\"wp-caption-text\">Redo f\u00f6r vaccinering igen.<\/figcaption><\/figure>\n<figure id=\"attachment_29092\" aria-describedby=\"caption-attachment-29092\" style=\"width: 2560px\" class=\"wp-caption alignnone\"><img loading=\"lazy\" class=\"wp-image-29092 size-full\" src=\"https:\/\/blogg.atl.nu\/abbotnas-sateri\/wp-content\/uploads\/sites\/41\/2026\/03\/IMG_9057-scaled.jpeg\" alt=\"\" width=\"2560\" height=\"1920\" srcset=\"https:\/\/blogg.atl.nu\/abbotnas-sateri\/wp-content\/uploads\/sites\/41\/2026\/03\/IMG_9057-scaled.jpeg 2560w, https:\/\/blogg.atl.nu\/abbotnas-sateri\/wp-content\/uploads\/sites\/41\/2026\/03\/IMG_9057-300x225.jpeg 300w, https:\/\/blogg.atl.nu\/abbotnas-sateri\/wp-content\/uploads\/sites\/41\/2026\/03\/IMG_9057-1024x768.jpeg 1024w, https:\/\/blogg.atl.nu\/abbotnas-sateri\/wp-content\/uploads\/sites\/41\/2026\/03\/IMG_9057-768x576.jpeg 768w, https:\/\/blogg.atl.nu\/abbotnas-sateri\/wp-content\/uploads\/sites\/41\/2026\/03\/IMG_9057-1536x1152.jpeg 1536w, https:\/\/blogg.atl.nu\/abbotnas-sateri\/wp-content\/uploads\/sites\/41\/2026\/03\/IMG_9057-2048x1536.jpeg 2048w\" sizes=\"(max-width: 2560px) 100vw, 2560px\" \/><figcaption id=\"caption-attachment-29092\" class=\"wp-caption-text\">F\u00f6rsta gruppen visste vart de skulle.<\/figcaption><\/figure>\n<figure id=\"attachment_29091\" aria-describedby=\"caption-attachment-29091\" style=\"width: 2560px\" class=\"wp-caption alignnone\"><img loading=\"lazy\" class=\"wp-image-29091 size-full\" src=\"https:\/\/blogg.atl.nu\/abbotnas-sateri\/wp-content\/uploads\/sites\/41\/2026\/03\/IMG_9058-scaled.jpeg\" alt=\"\" width=\"2560\" height=\"1920\" srcset=\"https:\/\/blogg.atl.nu\/abbotnas-sateri\/wp-content\/uploads\/sites\/41\/2026\/03\/IMG_9058-scaled.jpeg 2560w, https:\/\/blogg.atl.nu\/abbotnas-sateri\/wp-content\/uploads\/sites\/41\/2026\/03\/IMG_9058-300x225.jpeg 300w, https:\/\/blogg.atl.nu\/abbotnas-sateri\/wp-content\/uploads\/sites\/41\/2026\/03\/IMG_9058-1024x768.jpeg 1024w, https:\/\/blogg.atl.nu\/abbotnas-sateri\/wp-content\/uploads\/sites\/41\/2026\/03\/IMG_9058-768x576.jpeg 768w, https:\/\/blogg.atl.nu\/abbotnas-sateri\/wp-content\/uploads\/sites\/41\/2026\/03\/IMG_9058-1536x1152.jpeg 1536w, https:\/\/blogg.atl.nu\/abbotnas-sateri\/wp-content\/uploads\/sites\/41\/2026\/03\/IMG_9058-2048x1536.jpeg 2048w\" sizes=\"(max-width: 2560px) 100vw, 2560px\" \/><figcaption id=\"caption-attachment-29091\" class=\"wp-caption-text\">Christin och Caroline sk\u00f6tte vaccinering, buren och administrationen. Jag och Janne sk\u00f6tte kotrafiken, men fastnade inte p\u00e5 n\u00e5gra kort.<\/figcaption><\/figure>\n<figure id=\"attachment_29090\" aria-describedby=\"caption-attachment-29090\" style=\"width: 2560px\" class=\"wp-caption alignnone\"><img loading=\"lazy\" class=\"wp-image-29090 size-full\" src=\"https:\/\/blogg.atl.nu\/abbotnas-sateri\/wp-content\/uploads\/sites\/41\/2026\/03\/IMG_9060-scaled.jpeg\" alt=\"\" width=\"2560\" height=\"1920\" srcset=\"https:\/\/blogg.atl.nu\/abbotnas-sateri\/wp-content\/uploads\/sites\/41\/2026\/03\/IMG_9060-scaled.jpeg 2560w, https:\/\/blogg.atl.nu\/abbotnas-sateri\/wp-content\/uploads\/sites\/41\/2026\/03\/IMG_9060-300x225.jpeg 300w, https:\/\/blogg.atl.nu\/abbotnas-sateri\/wp-content\/uploads\/sites\/41\/2026\/03\/IMG_9060-1024x768.jpeg 1024w, https:\/\/blogg.atl.nu\/abbotnas-sateri\/wp-content\/uploads\/sites\/41\/2026\/03\/IMG_9060-768x576.jpeg 768w, https:\/\/blogg.atl.nu\/abbotnas-sateri\/wp-content\/uploads\/sites\/41\/2026\/03\/IMG_9060-1536x1152.jpeg 1536w, https:\/\/blogg.atl.nu\/abbotnas-sateri\/wp-content\/uploads\/sites\/41\/2026\/03\/IMG_9060-2048x1536.jpeg 2048w\" sizes=\"(max-width: 2560px) 100vw, 2560px\" \/><figcaption id=\"caption-attachment-29090\" class=\"wp-caption-text\">Pang s\u00e5 var det f\u00e4rdigt i god tid innan nio-fikat.<\/figcaption><\/figure>\n<figure id=\"attachment_29089\" aria-describedby=\"caption-attachment-29089\" style=\"width: 2560px\" class=\"wp-caption alignnone\"><img loading=\"lazy\" class=\"wp-image-29089 size-full\" src=\"https:\/\/blogg.atl.nu\/abbotnas-sateri\/wp-content\/uploads\/sites\/41\/2026\/03\/IMG_9061-scaled.jpeg\" alt=\"\" width=\"2560\" height=\"1920\" srcset=\"https:\/\/blogg.atl.nu\/abbotnas-sateri\/wp-content\/uploads\/sites\/41\/2026\/03\/IMG_9061-scaled.jpeg 2560w, https:\/\/blogg.atl.nu\/abbotnas-sateri\/wp-content\/uploads\/sites\/41\/2026\/03\/IMG_9061-300x225.jpeg 300w, https:\/\/blogg.atl.nu\/abbotnas-sateri\/wp-content\/uploads\/sites\/41\/2026\/03\/IMG_9061-1024x768.jpeg 1024w, https:\/\/blogg.atl.nu\/abbotnas-sateri\/wp-content\/uploads\/sites\/41\/2026\/03\/IMG_9061-768x576.jpeg 768w, https:\/\/blogg.atl.nu\/abbotnas-sateri\/wp-content\/uploads\/sites\/41\/2026\/03\/IMG_9061-1536x1152.jpeg 1536w, https:\/\/blogg.atl.nu\/abbotnas-sateri\/wp-content\/uploads\/sites\/41\/2026\/03\/IMG_9061-2048x1536.jpeg 2048w\" sizes=\"(max-width: 2560px) 100vw, 2560px\" \/><figcaption id=\"caption-attachment-29089\" class=\"wp-caption-text\">Sk\u00f6nt med sol och plusgrader n\u00e4r grejorna tv\u00e4ttades.<\/figcaption><\/figure>\n<h3>Svar p\u00e5 obduktionerna<\/h3>\n<p><strong>Aprop\u00e5 vaccin, s\u00e5 n\u00e4mnde jag i ett inl\u00e4gg tidigare att vi haft tv\u00e5 missbildade kalvar i \u00e5r som inte d\u00f6df\u00f6tts.\u00a0<\/strong>F\u00f6r att utesluta s\u00e5 att det inte var eventuellae ok\u00e4nda biverkningar fr\u00e5n f\u00f6rra \u00e5rets vaccinering, s\u00e5 skickade vi dessa tv\u00e5 p\u00e5 obduktion. Vi har nu f\u00e5tt svaret och kan andas ut, vi vaccinerade inte kalvarna till missbildning n\u00e4r vi vaccinerade korna. Det verkar vara tillf\u00e4lligheter helt enkelt. Inte kul att det h\u00e4nder, men sk\u00f6nare det \u00e4n att det skulle beror p\u00e5 vaccineringen. ..<\/p>\n<figure id=\"attachment_29080\" aria-describedby=\"caption-attachment-29080\" style=\"width: 2560px\" class=\"wp-caption alignnone\"><img loading=\"lazy\" class=\"wp-image-29080 size-full\" src=\"https:\/\/blogg.atl.nu\/abbotnas-sateri\/wp-content\/uploads\/sites\/41\/2026\/03\/dji_fly_20260216_192852_798_1772525589821_photo-scaled.jpeg\" alt=\"\" width=\"2560\" height=\"1920\" srcset=\"https:\/\/blogg.atl.nu\/abbotnas-sateri\/wp-content\/uploads\/sites\/41\/2026\/03\/dji_fly_20260216_192852_798_1772525589821_photo-scaled.jpeg 2560w, https:\/\/blogg.atl.nu\/abbotnas-sateri\/wp-content\/uploads\/sites\/41\/2026\/03\/dji_fly_20260216_192852_798_1772525589821_photo-300x225.jpeg 300w, https:\/\/blogg.atl.nu\/abbotnas-sateri\/wp-content\/uploads\/sites\/41\/2026\/03\/dji_fly_20260216_192852_798_1772525589821_photo-1024x768.jpeg 1024w, https:\/\/blogg.atl.nu\/abbotnas-sateri\/wp-content\/uploads\/sites\/41\/2026\/03\/dji_fly_20260216_192852_798_1772525589821_photo-768x576.jpeg 768w, https:\/\/blogg.atl.nu\/abbotnas-sateri\/wp-content\/uploads\/sites\/41\/2026\/03\/dji_fly_20260216_192852_798_1772525589821_photo-1536x1152.jpeg 1536w, https:\/\/blogg.atl.nu\/abbotnas-sateri\/wp-content\/uploads\/sites\/41\/2026\/03\/dji_fly_20260216_192852_798_1772525589821_photo-2048x1536.jpeg 2048w\" sizes=\"(max-width: 2560px) 100vw, 2560px\" \/><figcaption id=\"caption-attachment-29080\" class=\"wp-caption-text\">\u00a0Som avslutande kontrast bild f\u00e5r denna hoppa in. P\u00e5 lediga stunder klipps det \u00e5kerkanter som sedan ska bli flis.<\/figcaption><\/figure>\n","protected":false},"excerpt":{"rendered":"<p>M\u00e5ndag och str\u00e5lande sol, vad passar d\u00e5 b\u00e4ttre \u00e4n att ge kvigorna sin p\u00e5fyllnadssdos med bl\u00e5tungevaccin? Inte mycket tyckte vi, s\u00e5 det fick inleda v\u00e5ran vecka.\u00a0 Vaccinering S\u00e5 var det dags igen f\u00f6r lite vaccinering, den h\u00e4r g\u00e5ngen s\u00e5 var det en ganska s\u00e5 lindrig operation i j\u00e4mf\u00f6relse med tidigare omg\u00e5ngar.\u00a0Det var bara 28 kvigor&#8230;<\/p>\n","protected":false},"author":361,"featured_media":29091,"comment_status":"open","ping_status":"open","sticky":false,"template":"","format":"standard","meta":[],"categories":[1],"tags":[],"yoast_head":"<!-- This site is optimized with the Yoast SEO plugin v19.6 - https:\/\/yoast.com\/wordpress\/plugins\/seo\/ -->\n<title>Bl\u00e5tungevaccinering - p\u00e5fyllnadsdos till kvigorna - Abbotn\u00e4s s\u00e4teri<\/title>\n<meta name=\"robots\" content=\"index, follow, max-snippet:-1, max-image-preview:large, max-video-preview:-1\" \/>\n<link rel=\"canonical\" href=\"https:\/\/blogg.atl.nu\/abbotnas-sateri\/2026\/03\/09\/blatungevaccinering-pafyllnadsdos-till-kvigorna\/\" \/>\n<meta property=\"og:locale\" content=\"sv_SE\" \/>\n<meta property=\"og:type\" content=\"article\" \/>\n<meta property=\"og:title\" content=\"Bl\u00e5tungevaccinering - p\u00e5fyllnadsdos till kvigorna - Abbotn\u00e4s s\u00e4teri\" \/>\n<meta property=\"og:description\" content=\"M\u00e5ndag och str\u00e5lande sol, vad passar d\u00e5 b\u00e4ttre \u00e4n att ge kvigorna sin p\u00e5fyllnadssdos med bl\u00e5tungevaccin? Inte mycket tyckte vi, s\u00e5 det fick inleda v\u00e5ran vecka.\u00a0 Vaccinering S\u00e5 var det dags igen f\u00f6r lite vaccinering, den h\u00e4r g\u00e5ngen s\u00e5 var det en ganska s\u00e5 lindrig operation i j\u00e4mf\u00f6relse med tidigare omg\u00e5ngar.\u00a0Det var bara 28 kvigor...\" \/>\n<meta property=\"og:url\" content=\"https:\/\/blogg.atl.nu\/abbotnas-sateri\/2026\/03\/09\/blatungevaccinering-pafyllnadsdos-till-kvigorna\/\" \/>\n<meta property=\"og:site_name\" content=\"Abbotn\u00e4s s\u00e4teri\" \/>\n<meta property=\"article:author\" content=\"facebook.com\/mattiaswlarsson\" \/>\n<meta property=\"article:published_time\" content=\"2026-03-09T21:42:34+00:00\" \/>\n<meta property=\"og:image\" content=\"https:\/\/blogg.atl.nu\/abbotnas-sateri\/wp-content\/uploads\/sites\/41\/2026\/03\/IMG_9058-scaled.jpeg\" \/>\n\t<meta property=\"og:image:width\" content=\"2560\" \/>\n\t<meta property=\"og:image:height\" content=\"1920\" \/>\n\t<meta property=\"og:image:type\" content=\"image\/jpeg\" \/>\n<meta name=\"author\" content=\"Mattias Larsson\" \/>\n<meta name=\"twitter:card\" content=\"summary_large_image\" \/>\n<meta name=\"twitter:label1\" content=\"Skriven av\" \/>\n\t<meta name=\"twitter:data1\" content=\"Mattias Larsson\" \/>\n\t<meta name=\"twitter:label2\" content=\"Ber\u00e4knad l\u00e4stid\" \/>\n\t<meta name=\"twitter:data2\" content=\"3 minuter\" \/>\n<script type=\"application\/ld+json\" class=\"yoast-schema-graph\">{\"@context\":\"https:\/\/schema.org\",\"@graph\":[{\"@type\":\"WebPage\",\"@id\":\"https:\/\/blogg.atl.nu\/abbotnas-sateri\/2026\/03\/09\/blatungevaccinering-pafyllnadsdos-till-kvigorna\/\",\"url\":\"https:\/\/blogg.atl.nu\/abbotnas-sateri\/2026\/03\/09\/blatungevaccinering-pafyllnadsdos-till-kvigorna\/\",\"name\":\"Bl\u00e5tungevaccinering - p\u00e5fyllnadsdos till kvigorna - Abbotn\u00e4s s\u00e4teri\",\"isPartOf\":{\"@id\":\"https:\/\/blogg.atl.nu\/abbotnas-sateri\/#website\"},\"datePublished\":\"2026-03-09T21:42:34+00:00\",\"dateModified\":\"2026-03-09T21:42:34+00:00\",\"author\":{\"@id\":\"https:\/\/blogg.atl.nu\/abbotnas-sateri\/#\/schema\/person\/3b681683e8c9711235140b74c4aad714\"},\"breadcrumb\":{\"@id\":\"https:\/\/blogg.atl.nu\/abbotnas-sateri\/2026\/03\/09\/blatungevaccinering-pafyllnadsdos-till-kvigorna\/#breadcrumb\"},\"inLanguage\":\"sv-SE\",\"potentialAction\":[{\"@type\":\"ReadAction\",\"target\":[\"https:\/\/blogg.atl.nu\/abbotnas-sateri\/2026\/03\/09\/blatungevaccinering-pafyllnadsdos-till-kvigorna\/\"]}]},{\"@type\":\"BreadcrumbList\",\"@id\":\"https:\/\/blogg.atl.nu\/abbotnas-sateri\/2026\/03\/09\/blatungevaccinering-pafyllnadsdos-till-kvigorna\/#breadcrumb\",\"itemListElement\":[{\"@type\":\"ListItem\",\"position\":1,\"name\":\"Home\",\"item\":\"https:\/\/blogg.atl.nu\/abbotnas-sateri\/\"},{\"@type\":\"ListItem\",\"position\":2,\"name\":\"Bl\u00e5tungevaccinering &#8211; p\u00e5fyllnadsdos till kvigorna\"}]},{\"@type\":\"WebSite\",\"@id\":\"https:\/\/blogg.atl.nu\/abbotnas-sateri\/#website\",\"url\":\"https:\/\/blogg.atl.nu\/abbotnas-sateri\/\",\"name\":\"Abbotn\u00e4s s\u00e4teri\",\"description\":\"Mattias Larsson\",\"potentialAction\":[{\"@type\":\"SearchAction\",\"target\":{\"@type\":\"EntryPoint\",\"urlTemplate\":\"https:\/\/blogg.atl.nu\/abbotnas-sateri\/?s={search_term_string}\"},\"query-input\":\"required name=search_term_string\"}],\"inLanguage\":\"sv-SE\"},{\"@type\":\"Person\",\"@id\":\"https:\/\/blogg.atl.nu\/abbotnas-sateri\/#\/schema\/person\/3b681683e8c9711235140b74c4aad714\",\"name\":\"Mattias Larsson\",\"image\":{\"@type\":\"ImageObject\",\"inLanguage\":\"sv-SE\",\"@id\":\"https:\/\/blogg.atl.nu\/abbotnas-sateri\/#\/schema\/person\/image\/\",\"url\":\"https:\/\/secure.gravatar.com\/avatar\/ab52d1a4abaa2f256164ccb2caf8dcfb?s=96&d=mm&r=g\",\"contentUrl\":\"https:\/\/secure.gravatar.com\/avatar\/ab52d1a4abaa2f256164ccb2caf8dcfb?s=96&d=mm&r=g\",\"caption\":\"Mattias Larsson\"},\"sameAs\":[\"http:\/\/abbotnas.se\",\"facebook.com\/mattiaswlarsson\"],\"url\":\"https:\/\/blogg.atl.nu\/abbotnas-sateri\/author\/mlarsson\/\"}]}<\/script>\n<!-- \/ Yoast SEO plugin. -->","yoast_head_json":{"title":"Bl\u00e5tungevaccinering - p\u00e5fyllnadsdos till kvigorna - Abbotn\u00e4s s\u00e4teri","robots":{"index":"index","follow":"follow","max-snippet":"max-snippet:-1","max-image-preview":"max-image-preview:large","max-video-preview":"max-video-preview:-1"},"canonical":"https:\/\/blogg.atl.nu\/abbotnas-sateri\/2026\/03\/09\/blatungevaccinering-pafyllnadsdos-till-kvigorna\/","og_locale":"sv_SE","og_type":"article","og_title":"Bl\u00e5tungevaccinering - p\u00e5fyllnadsdos till kvigorna - Abbotn\u00e4s s\u00e4teri","og_description":"M\u00e5ndag och str\u00e5lande sol, vad passar d\u00e5 b\u00e4ttre \u00e4n att ge kvigorna sin p\u00e5fyllnadssdos med bl\u00e5tungevaccin? Inte mycket tyckte vi, s\u00e5 det fick inleda v\u00e5ran vecka.\u00a0 Vaccinering S\u00e5 var det dags igen f\u00f6r lite vaccinering, den h\u00e4r g\u00e5ngen s\u00e5 var det en ganska s\u00e5 lindrig operation i j\u00e4mf\u00f6relse med tidigare omg\u00e5ngar.\u00a0Det var bara 28 kvigor...","og_url":"https:\/\/blogg.atl.nu\/abbotnas-sateri\/2026\/03\/09\/blatungevaccinering-pafyllnadsdos-till-kvigorna\/","og_site_name":"Abbotn\u00e4s s\u00e4teri","article_author":"facebook.com\/mattiaswlarsson","article_published_time":"2026-03-09T21:42:34+00:00","og_image":[{"width":2560,"height":1920,"url":"https:\/\/blogg.atl.nu\/abbotnas-sateri\/wp-content\/uploads\/sites\/41\/2026\/03\/IMG_9058-scaled.jpeg","type":"image\/jpeg"}],"author":"Mattias Larsson","twitter_card":"summary_large_image","twitter_misc":{"Skriven av":"Mattias Larsson","Ber\u00e4knad l\u00e4stid":"3 minuter"},"schema":{"@context":"https:\/\/schema.org","@graph":[{"@type":"WebPage","@id":"https:\/\/blogg.atl.nu\/abbotnas-sateri\/2026\/03\/09\/blatungevaccinering-pafyllnadsdos-till-kvigorna\/","url":"https:\/\/blogg.atl.nu\/abbotnas-sateri\/2026\/03\/09\/blatungevaccinering-pafyllnadsdos-till-kvigorna\/","name":"Bl\u00e5tungevaccinering - p\u00e5fyllnadsdos till kvigorna - Abbotn\u00e4s s\u00e4teri","isPartOf":{"@id":"https:\/\/blogg.atl.nu\/abbotnas-sateri\/#website"},"datePublished":"2026-03-09T21:42:34+00:00","dateModified":"2026-03-09T21:42:34+00:00","author":{"@id":"https:\/\/blogg.atl.nu\/abbotnas-sateri\/#\/schema\/person\/3b681683e8c9711235140b74c4aad714"},"breadcrumb":{"@id":"https:\/\/blogg.atl.nu\/abbotnas-sateri\/2026\/03\/09\/blatungevaccinering-pafyllnadsdos-till-kvigorna\/#breadcrumb"},"inLanguage":"sv-SE","potentialAction":[{"@type":"ReadAction","target":["https:\/\/blogg.atl.nu\/abbotnas-sateri\/2026\/03\/09\/blatungevaccinering-pafyllnadsdos-till-kvigorna\/"]}]},{"@type":"BreadcrumbList","@id":"https:\/\/blogg.atl.nu\/abbotnas-sateri\/2026\/03\/09\/blatungevaccinering-pafyllnadsdos-till-kvigorna\/#breadcrumb","itemListElement":[{"@type":"ListItem","position":1,"name":"Home","item":"https:\/\/blogg.atl.nu\/abbotnas-sateri\/"},{"@type":"ListItem","position":2,"name":"Bl\u00e5tungevaccinering &#8211; p\u00e5fyllnadsdos till kvigorna"}]},{"@type":"WebSite","@id":"https:\/\/blogg.atl.nu\/abbotnas-sateri\/#website","url":"https:\/\/blogg.atl.nu\/abbotnas-sateri\/","name":"Abbotn\u00e4s s\u00e4teri","description":"Mattias Larsson","potentialAction":[{"@type":"SearchAction","target":{"@type":"EntryPoint","urlTemplate":"https:\/\/blogg.atl.nu\/abbotnas-sateri\/?s={search_term_string}"},"query-input":"required name=search_term_string"}],"inLanguage":"sv-SE"},{"@type":"Person","@id":"https:\/\/blogg.atl.nu\/abbotnas-sateri\/#\/schema\/person\/3b681683e8c9711235140b74c4aad714","name":"Mattias Larsson","image":{"@type":"ImageObject","inLanguage":"sv-SE","@id":"https:\/\/blogg.atl.nu\/abbotnas-sateri\/#\/schema\/person\/image\/","url":"https:\/\/secure.gravatar.com\/avatar\/ab52d1a4abaa2f256164ccb2caf8dcfb?s=96&d=mm&r=g","contentUrl":"https:\/\/secure.gravatar.com\/avatar\/ab52d1a4abaa2f256164ccb2caf8dcfb?s=96&d=mm&r=g","caption":"Mattias Larsson"},"sameAs":["http:\/\/abbotnas.se","facebook.com\/mattiaswlarsson"],"url":"https:\/\/blogg.atl.nu\/abbotnas-sateri\/author\/mlarsson\/"}]}},"_links":{"self":[{"href":"https:\/\/blogg.atl.nu\/abbotnas-sateri\/wp-json\/wp\/v2\/posts\/29098"}],"collection":[{"href":"https:\/\/blogg.atl.nu\/abbotnas-sateri\/wp-json\/wp\/v2\/posts"}],"about":[{"href":"https:\/\/blogg.atl.nu\/abbotnas-sateri\/wp-json\/wp\/v2\/types\/post"}],"author":[{"embeddable":true,"href":"https:\/\/blogg.atl.nu\/abbotnas-sateri\/wp-json\/wp\/v2\/users\/361"}],"replies":[{"embeddable":true,"href":"https:\/\/blogg.atl.nu\/abbotnas-sateri\/wp-json\/wp\/v2\/comments?post=29098"}],"version-history":[{"count":1,"href":"https:\/\/blogg.atl.nu\/abbotnas-sateri\/wp-json\/wp\/v2\/posts\/29098\/revisions"}],"predecessor-version":[{"id":29099,"href":"https:\/\/blogg.atl.nu\/abbotnas-sateri\/wp-json\/wp\/v2\/posts\/29098\/revisions\/29099"}],"wp:featuredmedia":[{"embeddable":true,"href":"https:\/\/blogg.atl.nu\/abbotnas-sateri\/wp-json\/wp\/v2\/media\/29091"}],"wp:attachment":[{"href":"https:\/\/blogg.atl.nu\/abbotnas-sateri\/wp-json\/wp\/v2\/media?parent=29098"}],"wp:term":[{"taxonomy":"category","embeddable":true,"href":"https:\/\/blogg.atl.nu\/abbotnas-sateri\/wp-json\/wp\/v2\/categories?post=29098"},{"taxonomy":"post_tag","embeddable":true,"href":"https:\/\/blogg.atl.nu\/abbotnas-sateri\/wp-json\/wp\/v2\/tags?post=29098"}],"curies":[{"name":"wp","href":"https:\/\/api.w.org\/{rel}","templated":true}]}}