{"id":588,"date":"2020-04-10T23:53:32","date_gmt":"2020-04-10T21:53:32","guid":{"rendered":"https:\/\/blogg.atl.nu\/abbotnas-sateri\/?p=588"},"modified":"2020-04-11T00:09:31","modified_gmt":"2020-04-10T22:09:31","slug":"lurad-igen-men-jag-far-vara-vadergud","status":"publish","type":"post","link":"https:\/\/blogg.atl.nu\/abbotnas-sateri\/2020\/04\/10\/lurad-igen-men-jag-far-vara-vadergud\/","title":{"rendered":"Lurad igen, men jag f\u00e5r vara v\u00e4dergud."},"content":{"rendered":"<p><strong>Idag \u00e4r det ju l\u00e5ngfredag.<\/strong> D\u00e5 kan man ju lite l\u00e4tt tro att den \u00e4r lite l\u00e4ngre \u00e4n andra dagar och att man borde hinna g\u00f6ra mer. S\u00e5 var inte verkligheten, lurad igen. Det jag hade t\u00e4nkt vara klar med till nio-fikat var f\u00e4rdigt vid klockan fyra. Det \u00e4r inte helt ovanligt att det \u00e4r s\u00e5 i min vardag, det sker titt som t\u00e4tt inte bara p\u00e5 grund av att jag \u00e4r tidsoptimist. Utan \u00e4ven f\u00f6r att det brukar dyka upp andra saker som ska g\u00f6ras emellan ocks\u00e5. Jag vill absolut inte tro att jag \u00e4r lat och att det \u00e4r d\u00e4rf\u00f6r, d\u00e5 ger jag mig sj\u00e4lv sparken. Idag d\u00f6k det inte upp n\u00e5gra andra saker emellan, s\u00e5 nu ligger jag nog lite risigt till&#8230;.<\/p>\n<p><strong>Min huvudarbetsuppgift just<\/strong> nu \u00e4r att armera s\u00e5 mycket det bara g\u00e5r. Jag \u00e4r just nu sj\u00e4lv p\u00e5 den arbetsuppgiften d\u00e5 b\u00e5da mina f\u00f6r\u00e4ldrar har annat att g\u00f6ra och farsan f\u00e5r ju \u00e4nd\u00e5 inte ta i pga den nya h\u00f6ften. Jag tycker att det g\u00e5r v\u00e4ldigt bra och blir lite f\u00f6rv\u00e5nad \u00f6ver att det inte har h\u00e4nt mer \u00e4n vad det har. Nu b\u00f6rjar det i alla fall synas ordentligt att det h\u00e4nder grejor.<\/p>\n<figure id=\"attachment_595\" aria-describedby=\"caption-attachment-595\" style=\"width: 4032px\" class=\"wp-caption alignnone\"><img loading=\"lazy\" class=\"wp-image-595 size-full\" src=\"https:\/\/blogg.atl.nu\/abbotnas-sateri\/wp-content\/uploads\/sites\/41\/2020\/04\/IMG_1889.jpg\" alt=\"\" width=\"4032\" height=\"3024\" srcset=\"https:\/\/blogg.atl.nu\/abbotnas-sateri\/wp-content\/uploads\/sites\/41\/2020\/04\/IMG_1889.jpg 2048w, https:\/\/blogg.atl.nu\/abbotnas-sateri\/wp-content\/uploads\/sites\/41\/2020\/04\/IMG_1889-300x225.jpg 300w, https:\/\/blogg.atl.nu\/abbotnas-sateri\/wp-content\/uploads\/sites\/41\/2020\/04\/IMG_1889-768x576.jpg 768w, https:\/\/blogg.atl.nu\/abbotnas-sateri\/wp-content\/uploads\/sites\/41\/2020\/04\/IMG_1889-1024x768.jpg 1024w\" sizes=\"(max-width: 4032px) 100vw, 4032px\" \/><figcaption id=\"caption-attachment-595\" class=\"wp-caption-text\">S\u00e5 h\u00e4r s\u00e5g det ut i onsdags f\u00f6rmiddag. Mattorna var inte f\u00e4rdig klippta och ingen kantarmering p\u00e5b\u00f6rjad.<\/figcaption><\/figure>\n<p><img loading=\"lazy\" class=\"wp-image-590 size-full\" style=\"margin-bottom: -1ex\" src=\"https:\/\/blogg.atl.nu\/abbotnas-sateri\/wp-content\/uploads\/sites\/41\/2020\/04\/IMG_1981.jpg\" alt=\"\" width=\"4032\" height=\"3024\" srcset=\"https:\/\/blogg.atl.nu\/abbotnas-sateri\/wp-content\/uploads\/sites\/41\/2020\/04\/IMG_1981.jpg 2048w, https:\/\/blogg.atl.nu\/abbotnas-sateri\/wp-content\/uploads\/sites\/41\/2020\/04\/IMG_1981-300x225.jpg 300w, https:\/\/blogg.atl.nu\/abbotnas-sateri\/wp-content\/uploads\/sites\/41\/2020\/04\/IMG_1981-768x576.jpg 768w, https:\/\/blogg.atl.nu\/abbotnas-sateri\/wp-content\/uploads\/sites\/41\/2020\/04\/IMG_1981-1024x768.jpg 1024w\" sizes=\"(max-width: 4032px) 100vw, 4032px\" \/><\/p>\n<p><span style=\"font-size: 14px\">Idag ser det ut s\u00e5 h\u00e4r. Mattorna \u00e4r klippta och balkarmeringen finns delvis d\u00e4r.<\/span><\/p>\n<p><strong>Det \u00e4r bara<\/strong> ca fyra timmars jobb kvar med armeringen f\u00f6r balkarna inne i plattan, sen ska armeringen f\u00f6r kantbalken s\u00e4tta fart. Efter det ska det formas och ytterligare en matta ska p\u00e5. Jag hoppas kunna bli f\u00e4rdig med detta n\u00e4sta vecka. Vi f\u00e5r se hur det g\u00e5r, det ger inte utrymme f\u00f6r att jag ska lata mig i alla fall&#8230;.<\/p>\n<figure id=\"attachment_596\" aria-describedby=\"caption-attachment-596\" style=\"width: 4032px\" class=\"wp-caption alignnone\"><img loading=\"lazy\" class=\"wp-image-596 size-full\" src=\"https:\/\/blogg.atl.nu\/abbotnas-sateri\/wp-content\/uploads\/sites\/41\/2020\/04\/IMG_1971.jpg\" alt=\"\" width=\"4032\" height=\"3024\" srcset=\"https:\/\/blogg.atl.nu\/abbotnas-sateri\/wp-content\/uploads\/sites\/41\/2020\/04\/IMG_1971.jpg 2048w, https:\/\/blogg.atl.nu\/abbotnas-sateri\/wp-content\/uploads\/sites\/41\/2020\/04\/IMG_1971-300x225.jpg 300w, https:\/\/blogg.atl.nu\/abbotnas-sateri\/wp-content\/uploads\/sites\/41\/2020\/04\/IMG_1971-768x576.jpg 768w, https:\/\/blogg.atl.nu\/abbotnas-sateri\/wp-content\/uploads\/sites\/41\/2020\/04\/IMG_1971-1024x768.jpg 1024w\" sizes=\"(max-width: 4032px) 100vw, 4032px\" \/><figcaption id=\"caption-attachment-596\" class=\"wp-caption-text\">Balk under uppbyggnad, fler j\u00e4rn ska i..<\/figcaption><\/figure>\n<figure id=\"attachment_589\" aria-describedby=\"caption-attachment-589\" style=\"width: 4032px\" class=\"wp-caption alignright\"><img loading=\"lazy\" class=\"wp-image-589 size-full\" src=\"https:\/\/blogg.atl.nu\/abbotnas-sateri\/wp-content\/uploads\/sites\/41\/2020\/04\/IMG_1979.jpg\" alt=\"\" width=\"4032\" height=\"3024\" srcset=\"https:\/\/blogg.atl.nu\/abbotnas-sateri\/wp-content\/uploads\/sites\/41\/2020\/04\/IMG_1979.jpg 2048w, https:\/\/blogg.atl.nu\/abbotnas-sateri\/wp-content\/uploads\/sites\/41\/2020\/04\/IMG_1979-300x225.jpg 300w, https:\/\/blogg.atl.nu\/abbotnas-sateri\/wp-content\/uploads\/sites\/41\/2020\/04\/IMG_1979-768x576.jpg 768w, https:\/\/blogg.atl.nu\/abbotnas-sateri\/wp-content\/uploads\/sites\/41\/2020\/04\/IMG_1979-1024x768.jpg 1024w\" sizes=\"(max-width: 4032px) 100vw, 4032px\" \/><figcaption id=\"caption-attachment-589\" class=\"wp-caption-text\">H\u00e4r \u00e4r alla j\u00e4rn p\u00e5 plats, den ska bara r\u00e4tas upp lite.<\/figcaption><\/figure>\n<p>&nbsp;<\/p>\n<figure id=\"attachment_592\" aria-describedby=\"caption-attachment-592\" style=\"width: 4032px\" class=\"wp-caption alignnone\"><img loading=\"lazy\" class=\"wp-image-592 size-full\" src=\"https:\/\/blogg.atl.nu\/abbotnas-sateri\/wp-content\/uploads\/sites\/41\/2020\/04\/IMG_1987.jpg\" alt=\"\" width=\"4032\" height=\"3024\" srcset=\"https:\/\/blogg.atl.nu\/abbotnas-sateri\/wp-content\/uploads\/sites\/41\/2020\/04\/IMG_1987.jpg 2048w, https:\/\/blogg.atl.nu\/abbotnas-sateri\/wp-content\/uploads\/sites\/41\/2020\/04\/IMG_1987-300x225.jpg 300w, https:\/\/blogg.atl.nu\/abbotnas-sateri\/wp-content\/uploads\/sites\/41\/2020\/04\/IMG_1987-768x576.jpg 768w, https:\/\/blogg.atl.nu\/abbotnas-sateri\/wp-content\/uploads\/sites\/41\/2020\/04\/IMG_1987-1024x768.jpg 1024w\" sizes=\"(max-width: 4032px) 100vw, 4032px\" \/><figcaption id=\"caption-attachment-592\" class=\"wp-caption-text\">En central plats p\u00e5 plattan, h\u00e4r m\u00f6ts en del j\u00e4rn.<\/figcaption><\/figure>\n<p><strong>Nu till v\u00e4derguds-delen:<\/strong><\/p>\n<p><strong>\u00c4ven om det<\/strong> verkar som att det ska regna lite i helgen nu, s\u00e5 verkar det kunna vara torrt fram\u00f6ver. Detta g\u00f6r att jag nu b\u00f6rjar med vattenrutor p\u00e5 vetet, n\u00e5got jag b\u00f6rjade med f\u00f6rra \u00e5ret. Jag vill helt enkelt veta hur vetet hade sett ut om det kommit viss m\u00e4ngd nederb\u00f6rd vid visst tillf\u00e4lle. Jag l\u00e5tsas d\u00e4rf\u00f6r att jag \u00e4r v\u00e4dergud och framkallar regn p\u00e5 mitt s\u00e4tt i dessa rutor, med vattenkanna. P\u00e5 grund av att det inte \u00e4r helt l\u00e4ttjobbat med dessa vattenrutor \u00e4n, s\u00e5 har jag \u00e4n s\u00e5 l\u00e4nge begr\u00e4nsat mig till tv\u00e5 rutor. En som har f\u00e5tt 20 mm och en som har f\u00e5tt 75 mm, detta skedde i onsdags kv\u00e4ll. Det kommer nog att bli minst en ruta till och eventuellt lite mer vatten o de befintliga.<\/p>\n<figure id=\"attachment_600\" aria-describedby=\"caption-attachment-600\" style=\"width: 4032px\" class=\"wp-caption alignnone\"><img loading=\"lazy\" class=\"wp-image-600 size-full\" src=\"https:\/\/blogg.atl.nu\/abbotnas-sateri\/wp-content\/uploads\/sites\/41\/2020\/04\/IMG_1927.jpg\" alt=\"\" width=\"4032\" height=\"3024\" srcset=\"https:\/\/blogg.atl.nu\/abbotnas-sateri\/wp-content\/uploads\/sites\/41\/2020\/04\/IMG_1927.jpg 2048w, https:\/\/blogg.atl.nu\/abbotnas-sateri\/wp-content\/uploads\/sites\/41\/2020\/04\/IMG_1927-300x225.jpg 300w, https:\/\/blogg.atl.nu\/abbotnas-sateri\/wp-content\/uploads\/sites\/41\/2020\/04\/IMG_1927-768x576.jpg 768w, https:\/\/blogg.atl.nu\/abbotnas-sateri\/wp-content\/uploads\/sites\/41\/2020\/04\/IMG_1927-1024x768.jpg 1024w\" sizes=\"(max-width: 4032px) 100vw, 4032px\" \/><figcaption id=\"caption-attachment-600\" class=\"wp-caption-text\">H\u00e4r \u00e4r jag v\u00e4dergud eller \u00e5tminstone regngud \u00f6ver en kvadrat.<\/figcaption><\/figure>\n<figure id=\"attachment_599\" aria-describedby=\"caption-attachment-599\" style=\"width: 4032px\" class=\"wp-caption alignnone\"><img loading=\"lazy\" class=\"wp-image-599 size-full\" src=\"https:\/\/blogg.atl.nu\/abbotnas-sateri\/wp-content\/uploads\/sites\/41\/2020\/04\/IMG_1938.jpg\" alt=\"\" width=\"4032\" height=\"3024\" srcset=\"https:\/\/blogg.atl.nu\/abbotnas-sateri\/wp-content\/uploads\/sites\/41\/2020\/04\/IMG_1938.jpg 2048w, https:\/\/blogg.atl.nu\/abbotnas-sateri\/wp-content\/uploads\/sites\/41\/2020\/04\/IMG_1938-300x225.jpg 300w, https:\/\/blogg.atl.nu\/abbotnas-sateri\/wp-content\/uploads\/sites\/41\/2020\/04\/IMG_1938-768x576.jpg 768w, https:\/\/blogg.atl.nu\/abbotnas-sateri\/wp-content\/uploads\/sites\/41\/2020\/04\/IMG_1938-1024x768.jpg 1024w\" sizes=\"(max-width: 4032px) 100vw, 4032px\" \/><figcaption id=\"caption-attachment-599\" class=\"wp-caption-text\">Dunder-regn 75 mm p\u00e5 kort tid, till och med en liten vatten p\u00f6l finns.<\/figcaption><\/figure>\n<figure id=\"attachment_597\" aria-describedby=\"caption-attachment-597\" style=\"width: 4032px\" class=\"wp-caption alignnone\"><img loading=\"lazy\" class=\"wp-image-597 size-full\" src=\"https:\/\/blogg.atl.nu\/abbotnas-sateri\/wp-content\/uploads\/sites\/41\/2020\/04\/IMG_1936.jpg\" alt=\"\" width=\"4032\" height=\"3024\" srcset=\"https:\/\/blogg.atl.nu\/abbotnas-sateri\/wp-content\/uploads\/sites\/41\/2020\/04\/IMG_1936.jpg 2048w, https:\/\/blogg.atl.nu\/abbotnas-sateri\/wp-content\/uploads\/sites\/41\/2020\/04\/IMG_1936-300x225.jpg 300w, https:\/\/blogg.atl.nu\/abbotnas-sateri\/wp-content\/uploads\/sites\/41\/2020\/04\/IMG_1936-768x576.jpg 768w, https:\/\/blogg.atl.nu\/abbotnas-sateri\/wp-content\/uploads\/sites\/41\/2020\/04\/IMG_1936-1024x768.jpg 1024w\" sizes=\"(max-width: 4032px) 100vw, 4032px\" \/><figcaption id=\"caption-attachment-597\" class=\"wp-caption-text\">Ett litet lagom regn p\u00e5 20 mm<\/figcaption><\/figure>\n<p><strong>Detta g\u00f6r jag<\/strong> inte bara f\u00f6r att pl\u00e5ga mig sj\u00e4lv och se hur bra det kunde blivit om det regnat. Utan \u00e4ven f\u00f6r att se hur gr\u00f6dan reagerar p\u00e5 regnm\u00e4ngd. Hur mycket beh\u00f6vs f\u00f6r att det ska g\u00f6ra skillnad? Vad \u00e4r ca optimal m\u00e4ngd? Hur mycket \u00e4r f\u00f6r mycket? Kan man misst\u00e4nka kv\u00e4vef\u00f6rlust vid stor m\u00e4ngd? etc etc Vad tror ni \u00e4r detta n\u00e5got intressant och l\u00e4rorikt, v\u00e4rt att l\u00e4gga tid p\u00e5?<\/p>\n<p>Rutorna idag:<\/p>\n<figure id=\"attachment_601\" aria-describedby=\"caption-attachment-601\" style=\"width: 4032px\" class=\"wp-caption alignnone\"><img loading=\"lazy\" class=\"wp-image-601 size-full\" src=\"https:\/\/blogg.atl.nu\/abbotnas-sateri\/wp-content\/uploads\/sites\/41\/2020\/04\/IMG_1975.jpg\" alt=\"\" width=\"4032\" height=\"3024\" srcset=\"https:\/\/blogg.atl.nu\/abbotnas-sateri\/wp-content\/uploads\/sites\/41\/2020\/04\/IMG_1975.jpg 2048w, https:\/\/blogg.atl.nu\/abbotnas-sateri\/wp-content\/uploads\/sites\/41\/2020\/04\/IMG_1975-300x225.jpg 300w, https:\/\/blogg.atl.nu\/abbotnas-sateri\/wp-content\/uploads\/sites\/41\/2020\/04\/IMG_1975-768x576.jpg 768w, https:\/\/blogg.atl.nu\/abbotnas-sateri\/wp-content\/uploads\/sites\/41\/2020\/04\/IMG_1975-1024x768.jpg 1024w\" sizes=\"(max-width: 4032px) 100vw, 4032px\" \/><figcaption id=\"caption-attachment-601\" class=\"wp-caption-text\">75 mm<\/figcaption><\/figure>\n<figure id=\"attachment_598\" aria-describedby=\"caption-attachment-598\" style=\"width: 4032px\" class=\"wp-caption alignnone\"><img loading=\"lazy\" class=\"wp-image-598 size-full\" src=\"https:\/\/blogg.atl.nu\/abbotnas-sateri\/wp-content\/uploads\/sites\/41\/2020\/04\/IMG_1974.jpg\" alt=\"\" width=\"4032\" height=\"3024\" srcset=\"https:\/\/blogg.atl.nu\/abbotnas-sateri\/wp-content\/uploads\/sites\/41\/2020\/04\/IMG_1974.jpg 2048w, https:\/\/blogg.atl.nu\/abbotnas-sateri\/wp-content\/uploads\/sites\/41\/2020\/04\/IMG_1974-300x225.jpg 300w, https:\/\/blogg.atl.nu\/abbotnas-sateri\/wp-content\/uploads\/sites\/41\/2020\/04\/IMG_1974-768x576.jpg 768w, https:\/\/blogg.atl.nu\/abbotnas-sateri\/wp-content\/uploads\/sites\/41\/2020\/04\/IMG_1974-1024x768.jpg 1024w\" sizes=\"(max-width: 4032px) 100vw, 4032px\" \/><figcaption id=\"caption-attachment-598\" class=\"wp-caption-text\">20 mm<\/figcaption><\/figure>\n<p>Det \u00e4r ganska torrt runt omkring rutorna.<\/p>\n<p>Sp\u00e4nnande att se n\u00e4r och om skillnad uppst\u00e5r. F\u00f6rra \u00e5ret best\u00e4mde det sig f\u00f6r att b\u00f6rja regna lite senare p\u00e5 s\u00e4songen, men den rutan jag d\u00e5 vattnade med 70 mm tidigt syntes fram till sk\u00f6rd &#8211; den var b\u00e4ttre hela v\u00e4gen.<\/p>\n<p>I helgen \u00e4r det p\u00e5sk och vi kommer h\u00e5lla oss s\u00e5 lugna vi kan p\u00e5 arbetsfronten. Nu dansar vi regndans och hoppas p\u00e5 nederb\u00f6rd de kommande dagarna i lagom m\u00e4ngd &#8211; vad nu det \u00e4r&#8230;.<\/p>\n<p><strong>Glad P\u00e5sk allihop!!<\/strong><\/p>\n","protected":false},"excerpt":{"rendered":"<p>Idag \u00e4r det ju l\u00e5ngfredag. D\u00e5 kan man ju lite l\u00e4tt tro att den \u00e4r lite l\u00e4ngre \u00e4n andra dagar och att man borde hinna g\u00f6ra mer. S\u00e5 var inte verkligheten, lurad igen. Det jag hade t\u00e4nkt vara klar med till nio-fikat var f\u00e4rdigt vid klockan fyra. Det \u00e4r inte helt ovanligt att det \u00e4r&#8230;<\/p>\n","protected":false},"author":361,"featured_media":602,"comment_status":"open","ping_status":"open","sticky":false,"template":"","format":"standard","meta":[],"categories":[6,24,9],"tags":[12,10,25,31,40,18],"yoast_head":"<!-- This site is optimized with the Yoast SEO plugin v19.6 - https:\/\/yoast.com\/wordpress\/plugins\/seo\/ -->\n<title>Lurad igen, men jag f\u00e5r vara v\u00e4dergud. - Abbotn\u00e4s s\u00e4teri<\/title>\n<meta name=\"robots\" content=\"index, follow, max-snippet:-1, max-image-preview:large, max-video-preview:-1\" \/>\n<link rel=\"canonical\" href=\"https:\/\/blogg.atl.nu\/abbotnas-sateri\/2020\/04\/10\/lurad-igen-men-jag-far-vara-vadergud\/\" \/>\n<meta property=\"og:locale\" content=\"sv_SE\" \/>\n<meta property=\"og:type\" content=\"article\" \/>\n<meta property=\"og:title\" content=\"Lurad igen, men jag f\u00e5r vara v\u00e4dergud. - Abbotn\u00e4s s\u00e4teri\" \/>\n<meta property=\"og:description\" content=\"Idag \u00e4r det ju l\u00e5ngfredag. D\u00e5 kan man ju lite l\u00e4tt tro att den \u00e4r lite l\u00e4ngre \u00e4n andra dagar och att man borde hinna g\u00f6ra mer. S\u00e5 var inte verkligheten, lurad igen. Det jag hade t\u00e4nkt vara klar med till nio-fikat var f\u00e4rdigt vid klockan fyra. Det \u00e4r inte helt ovanligt att det \u00e4r...\" \/>\n<meta property=\"og:url\" content=\"https:\/\/blogg.atl.nu\/abbotnas-sateri\/2020\/04\/10\/lurad-igen-men-jag-far-vara-vadergud\/\" \/>\n<meta property=\"og:site_name\" content=\"Abbotn\u00e4s s\u00e4teri\" \/>\n<meta property=\"article:author\" content=\"facebook.com\/mattiaswlarsson\" \/>\n<meta property=\"article:published_time\" content=\"2020-04-10T21:53:32+00:00\" \/>\n<meta property=\"article:modified_time\" content=\"2020-04-10T22:09:31+00:00\" \/>\n<meta property=\"og:image\" content=\"https:\/\/blogg.atl.nu\/abbotnas-sateri\/wp-content\/uploads\/sites\/41\/2020\/04\/IMG_1981-1.jpg\" \/>\n\t<meta property=\"og:image:width\" content=\"2048\" \/>\n\t<meta property=\"og:image:height\" content=\"1497\" \/>\n\t<meta property=\"og:image:type\" content=\"image\/jpeg\" \/>\n<meta name=\"author\" content=\"Mattias Larsson\" \/>\n<meta name=\"twitter:card\" content=\"summary_large_image\" \/>\n<meta name=\"twitter:label1\" content=\"Skriven av\" \/>\n\t<meta name=\"twitter:data1\" content=\"Mattias Larsson\" \/>\n\t<meta name=\"twitter:label2\" content=\"Ber\u00e4knad l\u00e4stid\" \/>\n\t<meta name=\"twitter:data2\" content=\"4 minuter\" \/>\n<script type=\"application\/ld+json\" class=\"yoast-schema-graph\">{\"@context\":\"https:\/\/schema.org\",\"@graph\":[{\"@type\":\"WebPage\",\"@id\":\"https:\/\/blogg.atl.nu\/abbotnas-sateri\/2020\/04\/10\/lurad-igen-men-jag-far-vara-vadergud\/\",\"url\":\"https:\/\/blogg.atl.nu\/abbotnas-sateri\/2020\/04\/10\/lurad-igen-men-jag-far-vara-vadergud\/\",\"name\":\"Lurad igen, men jag f\u00e5r vara v\u00e4dergud. - Abbotn\u00e4s s\u00e4teri\",\"isPartOf\":{\"@id\":\"https:\/\/blogg.atl.nu\/abbotnas-sateri\/#website\"},\"datePublished\":\"2020-04-10T21:53:32+00:00\",\"dateModified\":\"2020-04-10T22:09:31+00:00\",\"author\":{\"@id\":\"https:\/\/blogg.atl.nu\/abbotnas-sateri\/#\/schema\/person\/3b681683e8c9711235140b74c4aad714\"},\"breadcrumb\":{\"@id\":\"https:\/\/blogg.atl.nu\/abbotnas-sateri\/2020\/04\/10\/lurad-igen-men-jag-far-vara-vadergud\/#breadcrumb\"},\"inLanguage\":\"sv-SE\",\"potentialAction\":[{\"@type\":\"ReadAction\",\"target\":[\"https:\/\/blogg.atl.nu\/abbotnas-sateri\/2020\/04\/10\/lurad-igen-men-jag-far-vara-vadergud\/\"]}]},{\"@type\":\"BreadcrumbList\",\"@id\":\"https:\/\/blogg.atl.nu\/abbotnas-sateri\/2020\/04\/10\/lurad-igen-men-jag-far-vara-vadergud\/#breadcrumb\",\"itemListElement\":[{\"@type\":\"ListItem\",\"position\":1,\"name\":\"Home\",\"item\":\"https:\/\/blogg.atl.nu\/abbotnas-sateri\/\"},{\"@type\":\"ListItem\",\"position\":2,\"name\":\"Lurad igen, men jag f\u00e5r vara v\u00e4dergud.\"}]},{\"@type\":\"WebSite\",\"@id\":\"https:\/\/blogg.atl.nu\/abbotnas-sateri\/#website\",\"url\":\"https:\/\/blogg.atl.nu\/abbotnas-sateri\/\",\"name\":\"Abbotn\u00e4s s\u00e4teri\",\"description\":\"Mattias Larsson\",\"potentialAction\":[{\"@type\":\"SearchAction\",\"target\":{\"@type\":\"EntryPoint\",\"urlTemplate\":\"https:\/\/blogg.atl.nu\/abbotnas-sateri\/?s={search_term_string}\"},\"query-input\":\"required name=search_term_string\"}],\"inLanguage\":\"sv-SE\"},{\"@type\":\"Person\",\"@id\":\"https:\/\/blogg.atl.nu\/abbotnas-sateri\/#\/schema\/person\/3b681683e8c9711235140b74c4aad714\",\"name\":\"Mattias Larsson\",\"image\":{\"@type\":\"ImageObject\",\"inLanguage\":\"sv-SE\",\"@id\":\"https:\/\/blogg.atl.nu\/abbotnas-sateri\/#\/schema\/person\/image\/\",\"url\":\"https:\/\/secure.gravatar.com\/avatar\/ab52d1a4abaa2f256164ccb2caf8dcfb?s=96&d=mm&r=g\",\"contentUrl\":\"https:\/\/secure.gravatar.com\/avatar\/ab52d1a4abaa2f256164ccb2caf8dcfb?s=96&d=mm&r=g\",\"caption\":\"Mattias Larsson\"},\"sameAs\":[\"http:\/\/abbotnas.se\",\"facebook.com\/mattiaswlarsson\"],\"url\":\"https:\/\/blogg.atl.nu\/abbotnas-sateri\/author\/mlarsson\/\"}]}<\/script>\n<!-- \/ Yoast SEO plugin. -->","yoast_head_json":{"title":"Lurad igen, men jag f\u00e5r vara v\u00e4dergud. - Abbotn\u00e4s s\u00e4teri","robots":{"index":"index","follow":"follow","max-snippet":"max-snippet:-1","max-image-preview":"max-image-preview:large","max-video-preview":"max-video-preview:-1"},"canonical":"https:\/\/blogg.atl.nu\/abbotnas-sateri\/2020\/04\/10\/lurad-igen-men-jag-far-vara-vadergud\/","og_locale":"sv_SE","og_type":"article","og_title":"Lurad igen, men jag f\u00e5r vara v\u00e4dergud. - Abbotn\u00e4s s\u00e4teri","og_description":"Idag \u00e4r det ju l\u00e5ngfredag. D\u00e5 kan man ju lite l\u00e4tt tro att den \u00e4r lite l\u00e4ngre \u00e4n andra dagar och att man borde hinna g\u00f6ra mer. S\u00e5 var inte verkligheten, lurad igen. Det jag hade t\u00e4nkt vara klar med till nio-fikat var f\u00e4rdigt vid klockan fyra. Det \u00e4r inte helt ovanligt att det \u00e4r...","og_url":"https:\/\/blogg.atl.nu\/abbotnas-sateri\/2020\/04\/10\/lurad-igen-men-jag-far-vara-vadergud\/","og_site_name":"Abbotn\u00e4s s\u00e4teri","article_author":"facebook.com\/mattiaswlarsson","article_published_time":"2020-04-10T21:53:32+00:00","article_modified_time":"2020-04-10T22:09:31+00:00","og_image":[{"width":2048,"height":1497,"url":"https:\/\/blogg.atl.nu\/abbotnas-sateri\/wp-content\/uploads\/sites\/41\/2020\/04\/IMG_1981-1.jpg","type":"image\/jpeg"}],"author":"Mattias Larsson","twitter_card":"summary_large_image","twitter_misc":{"Skriven av":"Mattias Larsson","Ber\u00e4knad l\u00e4stid":"4 minuter"},"schema":{"@context":"https:\/\/schema.org","@graph":[{"@type":"WebPage","@id":"https:\/\/blogg.atl.nu\/abbotnas-sateri\/2020\/04\/10\/lurad-igen-men-jag-far-vara-vadergud\/","url":"https:\/\/blogg.atl.nu\/abbotnas-sateri\/2020\/04\/10\/lurad-igen-men-jag-far-vara-vadergud\/","name":"Lurad igen, men jag f\u00e5r vara v\u00e4dergud. - Abbotn\u00e4s s\u00e4teri","isPartOf":{"@id":"https:\/\/blogg.atl.nu\/abbotnas-sateri\/#website"},"datePublished":"2020-04-10T21:53:32+00:00","dateModified":"2020-04-10T22:09:31+00:00","author":{"@id":"https:\/\/blogg.atl.nu\/abbotnas-sateri\/#\/schema\/person\/3b681683e8c9711235140b74c4aad714"},"breadcrumb":{"@id":"https:\/\/blogg.atl.nu\/abbotnas-sateri\/2020\/04\/10\/lurad-igen-men-jag-far-vara-vadergud\/#breadcrumb"},"inLanguage":"sv-SE","potentialAction":[{"@type":"ReadAction","target":["https:\/\/blogg.atl.nu\/abbotnas-sateri\/2020\/04\/10\/lurad-igen-men-jag-far-vara-vadergud\/"]}]},{"@type":"BreadcrumbList","@id":"https:\/\/blogg.atl.nu\/abbotnas-sateri\/2020\/04\/10\/lurad-igen-men-jag-far-vara-vadergud\/#breadcrumb","itemListElement":[{"@type":"ListItem","position":1,"name":"Home","item":"https:\/\/blogg.atl.nu\/abbotnas-sateri\/"},{"@type":"ListItem","position":2,"name":"Lurad igen, men jag f\u00e5r vara v\u00e4dergud."}]},{"@type":"WebSite","@id":"https:\/\/blogg.atl.nu\/abbotnas-sateri\/#website","url":"https:\/\/blogg.atl.nu\/abbotnas-sateri\/","name":"Abbotn\u00e4s s\u00e4teri","description":"Mattias Larsson","potentialAction":[{"@type":"SearchAction","target":{"@type":"EntryPoint","urlTemplate":"https:\/\/blogg.atl.nu\/abbotnas-sateri\/?s={search_term_string}"},"query-input":"required name=search_term_string"}],"inLanguage":"sv-SE"},{"@type":"Person","@id":"https:\/\/blogg.atl.nu\/abbotnas-sateri\/#\/schema\/person\/3b681683e8c9711235140b74c4aad714","name":"Mattias Larsson","image":{"@type":"ImageObject","inLanguage":"sv-SE","@id":"https:\/\/blogg.atl.nu\/abbotnas-sateri\/#\/schema\/person\/image\/","url":"https:\/\/secure.gravatar.com\/avatar\/ab52d1a4abaa2f256164ccb2caf8dcfb?s=96&d=mm&r=g","contentUrl":"https:\/\/secure.gravatar.com\/avatar\/ab52d1a4abaa2f256164ccb2caf8dcfb?s=96&d=mm&r=g","caption":"Mattias Larsson"},"sameAs":["http:\/\/abbotnas.se","facebook.com\/mattiaswlarsson"],"url":"https:\/\/blogg.atl.nu\/abbotnas-sateri\/author\/mlarsson\/"}]}},"_links":{"self":[{"href":"https:\/\/blogg.atl.nu\/abbotnas-sateri\/wp-json\/wp\/v2\/posts\/588"}],"collection":[{"href":"https:\/\/blogg.atl.nu\/abbotnas-sateri\/wp-json\/wp\/v2\/posts"}],"about":[{"href":"https:\/\/blogg.atl.nu\/abbotnas-sateri\/wp-json\/wp\/v2\/types\/post"}],"author":[{"embeddable":true,"href":"https:\/\/blogg.atl.nu\/abbotnas-sateri\/wp-json\/wp\/v2\/users\/361"}],"replies":[{"embeddable":true,"href":"https:\/\/blogg.atl.nu\/abbotnas-sateri\/wp-json\/wp\/v2\/comments?post=588"}],"version-history":[{"count":8,"href":"https:\/\/blogg.atl.nu\/abbotnas-sateri\/wp-json\/wp\/v2\/posts\/588\/revisions"}],"predecessor-version":[{"id":612,"href":"https:\/\/blogg.atl.nu\/abbotnas-sateri\/wp-json\/wp\/v2\/posts\/588\/revisions\/612"}],"wp:featuredmedia":[{"embeddable":true,"href":"https:\/\/blogg.atl.nu\/abbotnas-sateri\/wp-json\/wp\/v2\/media\/602"}],"wp:attachment":[{"href":"https:\/\/blogg.atl.nu\/abbotnas-sateri\/wp-json\/wp\/v2\/media?parent=588"}],"wp:term":[{"taxonomy":"category","embeddable":true,"href":"https:\/\/blogg.atl.nu\/abbotnas-sateri\/wp-json\/wp\/v2\/categories?post=588"},{"taxonomy":"post_tag","embeddable":true,"href":"https:\/\/blogg.atl.nu\/abbotnas-sateri\/wp-json\/wp\/v2\/tags?post=588"}],"curies":[{"name":"wp","href":"https:\/\/api.w.org\/{rel}","templated":true}]}}