{"id":712,"date":"2020-04-16T23:05:16","date_gmt":"2020-04-16T21:05:16","guid":{"rendered":"https:\/\/blogg.atl.nu\/abbotnas-sateri\/?p=712"},"modified":"2020-04-16T23:05:50","modified_gmt":"2020-04-16T21:05:50","slug":"vind-i-seglen-grattis-till-oss","status":"publish","type":"post","link":"https:\/\/blogg.atl.nu\/abbotnas-sateri\/2020\/04\/16\/vind-i-seglen-grattis-till-oss\/","title":{"rendered":"Vind i seglen, grattis till oss."},"content":{"rendered":"<p><strong>Idag var en s\u00e5n d\u00e4r bra dag, inte nog med det vi gjort har g\u00e5tt bra. Den har \u00e4ven inneh\u00e5llit bra besked.<\/strong><\/p>\n<p>&nbsp;<\/p>\n<p><strong>Vi b\u00f6rjar med<\/strong> dagsrapport fr\u00e5n bygget. Nu \u00e4r alla j\u00e4rn p\u00e5 plats, det var ju bara n\u00e5gra kvar tills idag och nu \u00e4r det f\u00e4rdigt. Vi b\u00f6rjade nu ikv\u00e4ll med att l\u00e4gga det andra och sista lagret med armeringsn\u00e4t. Det verkar att flyta p\u00e5 i bra takt och borde kunna vara f\u00e4rdigt till imorgon lunch, om inget konstigt h\u00e4nder. D\u00e4refter v\u00e4ntar resning av formen. V\u00e5rbruket uppe i Kungs\u00f6r verkar ha flutit p\u00e5 bra, s\u00e5 imorgon f\u00e5r vi l\u00e5na Carl igen. Perfekt tajming f\u00f6r just formresning!<\/p>\n<figure id=\"attachment_716\" aria-describedby=\"caption-attachment-716\" style=\"width: 4032px\" class=\"wp-caption alignnone\"><img loading=\"lazy\" class=\"wp-image-716 size-full\" src=\"https:\/\/blogg.atl.nu\/abbotnas-sateri\/wp-content\/uploads\/sites\/41\/2020\/04\/IMG_2228.jpg\" alt=\"\" width=\"4032\" height=\"3024\" srcset=\"https:\/\/blogg.atl.nu\/abbotnas-sateri\/wp-content\/uploads\/sites\/41\/2020\/04\/IMG_2228.jpg 2048w, https:\/\/blogg.atl.nu\/abbotnas-sateri\/wp-content\/uploads\/sites\/41\/2020\/04\/IMG_2228-300x225.jpg 300w, https:\/\/blogg.atl.nu\/abbotnas-sateri\/wp-content\/uploads\/sites\/41\/2020\/04\/IMG_2228-768x576.jpg 768w, https:\/\/blogg.atl.nu\/abbotnas-sateri\/wp-content\/uploads\/sites\/41\/2020\/04\/IMG_2228-1024x768.jpg 1024w\" sizes=\"(max-width: 4032px) 100vw, 4032px\" \/><figcaption id=\"caption-attachment-716\" class=\"wp-caption-text\">Alla j\u00e4rn p\u00e5 plats.<\/figcaption><\/figure>\n<figure id=\"attachment_715\" aria-describedby=\"caption-attachment-715\" style=\"width: 4032px\" class=\"wp-caption alignnone\"><img loading=\"lazy\" class=\"wp-image-715 size-full\" src=\"https:\/\/blogg.atl.nu\/abbotnas-sateri\/wp-content\/uploads\/sites\/41\/2020\/04\/IMG_2220.jpg\" alt=\"\" width=\"4032\" height=\"3024\" srcset=\"https:\/\/blogg.atl.nu\/abbotnas-sateri\/wp-content\/uploads\/sites\/41\/2020\/04\/IMG_2220.jpg 2048w, https:\/\/blogg.atl.nu\/abbotnas-sateri\/wp-content\/uploads\/sites\/41\/2020\/04\/IMG_2220-300x225.jpg 300w, https:\/\/blogg.atl.nu\/abbotnas-sateri\/wp-content\/uploads\/sites\/41\/2020\/04\/IMG_2220-768x576.jpg 768w, https:\/\/blogg.atl.nu\/abbotnas-sateri\/wp-content\/uploads\/sites\/41\/2020\/04\/IMG_2220-1024x768.jpg 1024w\" sizes=\"(max-width: 4032px) 100vw, 4032px\" \/><figcaption id=\"caption-attachment-715\" class=\"wp-caption-text\">N\u00e4sta och sista lagret n\u00e4t \u00e4r p\u00e5 g\u00e5ng.<\/figcaption><\/figure>\n<p><strong>En ny medlem<\/strong> i djurbes\u00e4ttningen d\u00f6k idag upp. Inte i form av n\u00e5gon ny kalv, utan i form av en ny avelstjur. Den verkar v\u00e4ldigt trevlig och \u00e4r j\u00e4ttefin. Det \u00e4r inte den st\u00f6rsta tjuren jag har sett, den \u00e4r faktiskt ganska liten. Det \u00e4r kanske bara f\u00f6r att man j\u00e4mf\u00f6r med de st\u00f6rre avelstjurarna som vi har. Hur som helst har jag d\u00f6pt den till Taxen, i alla fall just f\u00f6r stunden. Man funderar \u00e4ven lite p\u00e5 om den kommer beh\u00f6va styltor eller en pall f\u00f6r att kunna n\u00e5 upp och utf\u00f6ra sitt jobb i sommar. Jag vet att jag varit orolig f\u00f6r detta f\u00f6rut, men det brukar l\u00f6sa sig bra \u00e4nd\u00e5.<\/p>\n<figure id=\"attachment_717\" aria-describedby=\"caption-attachment-717\" style=\"width: 2886px\" class=\"wp-caption alignnone\"><img loading=\"lazy\" class=\"wp-image-717 size-full\" src=\"https:\/\/blogg.atl.nu\/abbotnas-sateri\/wp-content\/uploads\/sites\/41\/2020\/04\/IMG_2238.jpg\" alt=\"\" width=\"2886\" height=\"2164\" srcset=\"https:\/\/blogg.atl.nu\/abbotnas-sateri\/wp-content\/uploads\/sites\/41\/2020\/04\/IMG_2238.jpg 2048w, https:\/\/blogg.atl.nu\/abbotnas-sateri\/wp-content\/uploads\/sites\/41\/2020\/04\/IMG_2238-300x225.jpg 300w, https:\/\/blogg.atl.nu\/abbotnas-sateri\/wp-content\/uploads\/sites\/41\/2020\/04\/IMG_2238-768x576.jpg 768w, https:\/\/blogg.atl.nu\/abbotnas-sateri\/wp-content\/uploads\/sites\/41\/2020\/04\/IMG_2238-1024x768.jpg 1024w\" sizes=\"(max-width: 2886px) 100vw, 2886px\" \/><figcaption id=\"caption-attachment-717\" class=\"wp-caption-text\">Avelstjurarna f\u00e5r bo i den gamla lag\u00e5rden \u00e4n s\u00e5 l\u00e4nge. \u00c4r det bara jag, eller \u00e4r det lite storleksskillnad p\u00e5 dessa herrar?<\/figcaption><\/figure>\n<p><strong>Nu till de bra beskeden:<\/strong><\/p>\n<p><strong>Det verkar som<\/strong> att spannm\u00e5lssilon som ju \u00e4r f\u00f6rsenad, nu har hittat r\u00e4tt och \u00e4r p\u00e5 v\u00e4g. Har vi tur s\u00e5 kommer den att b\u00f6rja dyka upp p\u00e5 g\u00e5rdsplanen n\u00e4sta vecka. Vi vet mer inom n\u00e5gra dagar, men detta var ett gl\u00e4djande besked. Nu kan vi b\u00f6rja pussla ihop det sista bitarna och f\u00f6rbereda f\u00f6r montering. F\u00f6r snart \u00e4r ju plattan klar med. Jag kan f\u00f6rtydliga att hade inte silon varit f\u00f6rsenad, s\u00e5 hade vi planerat om s\u00e5 plattan med blev klar i tid med.<\/p>\n<p><strong>Vi har ett<\/strong> \u00e4ven annat byggprojekt p\u00e5 g\u00e5ng, vi ska bygga om sj\u00e4lva torken. D\u00e4r ska vi bygga ut v\u00e4rmezonen i den befintliga tork som st\u00e5r. Det kommer \u00f6ka kapaciteten rej\u00e4lt. I samband med detta vill vi byta ut den befintliga uppv\u00e4rmningen som idag sker med eldningsolja till biobr\u00e4nsle. F\u00f6r att g\u00f6ra det har vi s\u00f6kt <a href=\"https:\/\/www.naturvardsverket.se\/Stod-i-miljoarbetet\/Bidrag\/Klimatklivet\/\">klimatklivet.<\/a> Idag fick vi besked om att klimatklivet \u00e4r beviljat, grattis till oss! N\u00e4r detta \u00e4r utf\u00f6rt kan vi b\u00f6rja torka spannm\u00e5l fossilfritt. Mer om detta projekt kommer senare.<\/p>\n<p><strong>Stor- och gammeltraktorn<\/strong> fick idag sig en service. Det var dags f\u00f6r 7000 timmars service. Vi f\u00f6rs\u00f6ker g\u00f6r mycket av servicarna sj\u00e4lva, men brukar leja in f\u00f6r det st\u00f6rre servicarna. Det g\u00e4ller att se till s\u00e5 att grejorna \u00e4r hela och fr\u00e4scha innan de ska b\u00f6rja anv\u00e4ndas p\u00e5 riktigt igen, f\u00f6r d\u00e5 \u00e4r det f\u00f6r sent.<\/p>\n<figure id=\"attachment_714\" aria-describedby=\"caption-attachment-714\" style=\"width: 4032px\" class=\"wp-caption alignnone\"><img loading=\"lazy\" class=\"wp-image-714 size-full\" src=\"https:\/\/blogg.atl.nu\/abbotnas-sateri\/wp-content\/uploads\/sites\/41\/2020\/04\/IMG_2218.jpg\" alt=\"\" width=\"4032\" height=\"3024\" srcset=\"https:\/\/blogg.atl.nu\/abbotnas-sateri\/wp-content\/uploads\/sites\/41\/2020\/04\/IMG_2218.jpg 2048w, https:\/\/blogg.atl.nu\/abbotnas-sateri\/wp-content\/uploads\/sites\/41\/2020\/04\/IMG_2218-300x225.jpg 300w, https:\/\/blogg.atl.nu\/abbotnas-sateri\/wp-content\/uploads\/sites\/41\/2020\/04\/IMG_2218-768x576.jpg 768w, https:\/\/blogg.atl.nu\/abbotnas-sateri\/wp-content\/uploads\/sites\/41\/2020\/04\/IMG_2218-1024x768.jpg 1024w\" sizes=\"(max-width: 4032px) 100vw, 4032px\" \/><figcaption id=\"caption-attachment-714\" class=\"wp-caption-text\">Lantm\u00e4nnen mekaniker tar han om traktorn och ser till att den g\u00e5r ett tag till. Idag fick dem njuta av solen och de friska vindarna utomhus.<\/figcaption><\/figure>\n<p><strong>Jag m\u00e5ste \u00e4ven<\/strong> sl\u00e4nga in en bild p\u00e5 den tidiga kv\u00e4veruta vi gjorde i h\u00f6strapsen tidigare i v\u00e5r. Den b\u00f6rjar nu faktiskt synas med \u00f6gat. Det \u00e4r ju samma m\u00e4ngd i den som i f\u00f6rsta givan p\u00e5 resten av f\u00e4ltet, men utspridd 8 dagar tidigare. Tveksam till om det g\u00f6r mycket i sk\u00f6rdeskillnad, men det \u00e4r lite finare f\u00e4rg i alla fall. Vi f\u00f6ljer utvecklingen.<\/p>\n<figure id=\"attachment_719\" aria-describedby=\"caption-attachment-719\" style=\"width: 4032px\" class=\"wp-caption alignnone\"><img loading=\"lazy\" class=\"wp-image-719 size-full\" src=\"https:\/\/blogg.atl.nu\/abbotnas-sateri\/wp-content\/uploads\/sites\/41\/2020\/04\/IMG_2168.jpg\" alt=\"\" width=\"4032\" height=\"3024\" srcset=\"https:\/\/blogg.atl.nu\/abbotnas-sateri\/wp-content\/uploads\/sites\/41\/2020\/04\/IMG_2168.jpg 2048w, https:\/\/blogg.atl.nu\/abbotnas-sateri\/wp-content\/uploads\/sites\/41\/2020\/04\/IMG_2168-300x225.jpg 300w, https:\/\/blogg.atl.nu\/abbotnas-sateri\/wp-content\/uploads\/sites\/41\/2020\/04\/IMG_2168-768x576.jpg 768w, https:\/\/blogg.atl.nu\/abbotnas-sateri\/wp-content\/uploads\/sites\/41\/2020\/04\/IMG_2168-1024x768.jpg 1024w\" sizes=\"(max-width: 4032px) 100vw, 4032px\" \/><figcaption id=\"caption-attachment-719\" class=\"wp-caption-text\">Tittar man noga ser man faktiskt skillnaden \u00e4ven p\u00e5 bild. H\u00e4r \u00e4r den tidiga kv\u00e4verutan. Man ser \u00e4ven att jag inte haft riktigt r\u00e4tt spridar-inst\u00e4llningar p\u00e5 min v\u00e4nsterhand.<\/figcaption><\/figure>\n<p><strong>Nu \u00e4r det dags f\u00f6r kv\u00e4llsmat.<\/strong><\/p>\n<figure id=\"attachment_718\" aria-describedby=\"caption-attachment-718\" style=\"width: 4032px\" class=\"wp-caption alignnone\"><img loading=\"lazy\" class=\"wp-image-718 size-full\" src=\"https:\/\/blogg.atl.nu\/abbotnas-sateri\/wp-content\/uploads\/sites\/41\/2020\/04\/IMG_2239.jpg\" alt=\"\" width=\"4032\" height=\"3024\" srcset=\"https:\/\/blogg.atl.nu\/abbotnas-sateri\/wp-content\/uploads\/sites\/41\/2020\/04\/IMG_2239.jpg 2048w, https:\/\/blogg.atl.nu\/abbotnas-sateri\/wp-content\/uploads\/sites\/41\/2020\/04\/IMG_2239-300x225.jpg 300w, https:\/\/blogg.atl.nu\/abbotnas-sateri\/wp-content\/uploads\/sites\/41\/2020\/04\/IMG_2239-768x576.jpg 768w, https:\/\/blogg.atl.nu\/abbotnas-sateri\/wp-content\/uploads\/sites\/41\/2020\/04\/IMG_2239-1024x768.jpg 1024w\" sizes=\"(max-width: 4032px) 100vw, 4032px\" \/><figcaption id=\"caption-attachment-718\" class=\"wp-caption-text\">Kv\u00e4llsmaten inneh\u00e5ller en hel del fr\u00e5n kostcirkeln, till och med frukt.<\/figcaption><\/figure>\n<p>&nbsp;<\/p>\n<p><strong>Trotts att jag<\/strong> k\u00e4nner p\u00e5 mig att imorgon kommer bli en effektiv och produktiv dag, s\u00e5 k\u00e4nns det som att jag kommer missa &#8221;S\u00e5 ska det l\u00e5ta&#8221; imorgon kv\u00e4ll igen.<\/p>\n<p>&nbsp;<\/p>\n","protected":false},"excerpt":{"rendered":"<p>Idag var en s\u00e5n d\u00e4r bra dag, inte nog med det vi gjort har g\u00e5tt bra. Den har \u00e4ven inneh\u00e5llit bra besked. &nbsp; Vi b\u00f6rjar med dagsrapport fr\u00e5n bygget. Nu \u00e4r alla j\u00e4rn p\u00e5 plats, det var ju bara n\u00e5gra kvar tills idag och nu \u00e4r det f\u00e4rdigt. Vi b\u00f6rjade nu ikv\u00e4ll med att l\u00e4gga&#8230;<\/p>\n","protected":false},"author":361,"featured_media":713,"comment_status":"open","ping_status":"open","sticky":false,"template":"","format":"standard","meta":[],"categories":[43,6,29,24,19,9],"tags":[12,5,4,26,10,25,35],"yoast_head":"<!-- This site is optimized with the Yoast SEO plugin v19.6 - https:\/\/yoast.com\/wordpress\/plugins\/seo\/ -->\n<title>Vind i seglen, grattis till oss. - Abbotn\u00e4s s\u00e4teri<\/title>\n<meta name=\"robots\" content=\"index, follow, max-snippet:-1, max-image-preview:large, max-video-preview:-1\" \/>\n<link rel=\"canonical\" href=\"https:\/\/blogg.atl.nu\/abbotnas-sateri\/2020\/04\/16\/vind-i-seglen-grattis-till-oss\/\" \/>\n<meta property=\"og:locale\" content=\"sv_SE\" \/>\n<meta property=\"og:type\" content=\"article\" \/>\n<meta property=\"og:title\" content=\"Vind i seglen, grattis till oss. - Abbotn\u00e4s s\u00e4teri\" \/>\n<meta property=\"og:description\" content=\"Idag var en s\u00e5n d\u00e4r bra dag, inte nog med det vi gjort har g\u00e5tt bra. Den har \u00e4ven inneh\u00e5llit bra besked. &nbsp; Vi b\u00f6rjar med dagsrapport fr\u00e5n bygget. Nu \u00e4r alla j\u00e4rn p\u00e5 plats, det var ju bara n\u00e5gra kvar tills idag och nu \u00e4r det f\u00e4rdigt. Vi b\u00f6rjade nu ikv\u00e4ll med att l\u00e4gga...\" \/>\n<meta property=\"og:url\" content=\"https:\/\/blogg.atl.nu\/abbotnas-sateri\/2020\/04\/16\/vind-i-seglen-grattis-till-oss\/\" \/>\n<meta property=\"og:site_name\" content=\"Abbotn\u00e4s s\u00e4teri\" \/>\n<meta property=\"article:author\" content=\"facebook.com\/mattiaswlarsson\" \/>\n<meta property=\"article:published_time\" content=\"2020-04-16T21:05:16+00:00\" \/>\n<meta property=\"article:modified_time\" content=\"2020-04-16T21:05:50+00:00\" \/>\n<meta property=\"og:image\" content=\"https:\/\/blogg.atl.nu\/abbotnas-sateri\/wp-content\/uploads\/sites\/41\/2020\/04\/IMG_2211-1024x768.jpg\" \/>\n\t<meta property=\"og:image:width\" content=\"1024\" \/>\n\t<meta property=\"og:image:height\" content=\"768\" \/>\n\t<meta property=\"og:image:type\" content=\"image\/jpeg\" \/>\n<meta name=\"author\" content=\"Mattias Larsson\" \/>\n<meta name=\"twitter:card\" content=\"summary_large_image\" \/>\n<meta name=\"twitter:label1\" content=\"Skriven av\" \/>\n\t<meta name=\"twitter:data1\" content=\"Mattias Larsson\" \/>\n\t<meta name=\"twitter:label2\" content=\"Ber\u00e4knad l\u00e4stid\" \/>\n\t<meta name=\"twitter:data2\" content=\"4 minuter\" \/>\n<script type=\"application\/ld+json\" class=\"yoast-schema-graph\">{\"@context\":\"https:\/\/schema.org\",\"@graph\":[{\"@type\":\"WebPage\",\"@id\":\"https:\/\/blogg.atl.nu\/abbotnas-sateri\/2020\/04\/16\/vind-i-seglen-grattis-till-oss\/\",\"url\":\"https:\/\/blogg.atl.nu\/abbotnas-sateri\/2020\/04\/16\/vind-i-seglen-grattis-till-oss\/\",\"name\":\"Vind i seglen, grattis till oss. - Abbotn\u00e4s s\u00e4teri\",\"isPartOf\":{\"@id\":\"https:\/\/blogg.atl.nu\/abbotnas-sateri\/#website\"},\"datePublished\":\"2020-04-16T21:05:16+00:00\",\"dateModified\":\"2020-04-16T21:05:50+00:00\",\"author\":{\"@id\":\"https:\/\/blogg.atl.nu\/abbotnas-sateri\/#\/schema\/person\/3b681683e8c9711235140b74c4aad714\"},\"breadcrumb\":{\"@id\":\"https:\/\/blogg.atl.nu\/abbotnas-sateri\/2020\/04\/16\/vind-i-seglen-grattis-till-oss\/#breadcrumb\"},\"inLanguage\":\"sv-SE\",\"potentialAction\":[{\"@type\":\"ReadAction\",\"target\":[\"https:\/\/blogg.atl.nu\/abbotnas-sateri\/2020\/04\/16\/vind-i-seglen-grattis-till-oss\/\"]}]},{\"@type\":\"BreadcrumbList\",\"@id\":\"https:\/\/blogg.atl.nu\/abbotnas-sateri\/2020\/04\/16\/vind-i-seglen-grattis-till-oss\/#breadcrumb\",\"itemListElement\":[{\"@type\":\"ListItem\",\"position\":1,\"name\":\"Home\",\"item\":\"https:\/\/blogg.atl.nu\/abbotnas-sateri\/\"},{\"@type\":\"ListItem\",\"position\":2,\"name\":\"Vind i seglen, grattis till oss.\"}]},{\"@type\":\"WebSite\",\"@id\":\"https:\/\/blogg.atl.nu\/abbotnas-sateri\/#website\",\"url\":\"https:\/\/blogg.atl.nu\/abbotnas-sateri\/\",\"name\":\"Abbotn\u00e4s s\u00e4teri\",\"description\":\"Mattias Larsson\",\"potentialAction\":[{\"@type\":\"SearchAction\",\"target\":{\"@type\":\"EntryPoint\",\"urlTemplate\":\"https:\/\/blogg.atl.nu\/abbotnas-sateri\/?s={search_term_string}\"},\"query-input\":\"required name=search_term_string\"}],\"inLanguage\":\"sv-SE\"},{\"@type\":\"Person\",\"@id\":\"https:\/\/blogg.atl.nu\/abbotnas-sateri\/#\/schema\/person\/3b681683e8c9711235140b74c4aad714\",\"name\":\"Mattias Larsson\",\"image\":{\"@type\":\"ImageObject\",\"inLanguage\":\"sv-SE\",\"@id\":\"https:\/\/blogg.atl.nu\/abbotnas-sateri\/#\/schema\/person\/image\/\",\"url\":\"https:\/\/secure.gravatar.com\/avatar\/ab52d1a4abaa2f256164ccb2caf8dcfb?s=96&d=mm&r=g\",\"contentUrl\":\"https:\/\/secure.gravatar.com\/avatar\/ab52d1a4abaa2f256164ccb2caf8dcfb?s=96&d=mm&r=g\",\"caption\":\"Mattias Larsson\"},\"sameAs\":[\"http:\/\/abbotnas.se\",\"facebook.com\/mattiaswlarsson\"],\"url\":\"https:\/\/blogg.atl.nu\/abbotnas-sateri\/author\/mlarsson\/\"}]}<\/script>\n<!-- \/ Yoast SEO plugin. -->","yoast_head_json":{"title":"Vind i seglen, grattis till oss. - Abbotn\u00e4s s\u00e4teri","robots":{"index":"index","follow":"follow","max-snippet":"max-snippet:-1","max-image-preview":"max-image-preview:large","max-video-preview":"max-video-preview:-1"},"canonical":"https:\/\/blogg.atl.nu\/abbotnas-sateri\/2020\/04\/16\/vind-i-seglen-grattis-till-oss\/","og_locale":"sv_SE","og_type":"article","og_title":"Vind i seglen, grattis till oss. - Abbotn\u00e4s s\u00e4teri","og_description":"Idag var en s\u00e5n d\u00e4r bra dag, inte nog med det vi gjort har g\u00e5tt bra. Den har \u00e4ven inneh\u00e5llit bra besked. &nbsp; Vi b\u00f6rjar med dagsrapport fr\u00e5n bygget. Nu \u00e4r alla j\u00e4rn p\u00e5 plats, det var ju bara n\u00e5gra kvar tills idag och nu \u00e4r det f\u00e4rdigt. Vi b\u00f6rjade nu ikv\u00e4ll med att l\u00e4gga...","og_url":"https:\/\/blogg.atl.nu\/abbotnas-sateri\/2020\/04\/16\/vind-i-seglen-grattis-till-oss\/","og_site_name":"Abbotn\u00e4s s\u00e4teri","article_author":"facebook.com\/mattiaswlarsson","article_published_time":"2020-04-16T21:05:16+00:00","article_modified_time":"2020-04-16T21:05:50+00:00","og_image":[{"width":1024,"height":768,"url":"https:\/\/blogg.atl.nu\/abbotnas-sateri\/wp-content\/uploads\/sites\/41\/2020\/04\/IMG_2211-1024x768.jpg","type":"image\/jpeg"}],"author":"Mattias Larsson","twitter_card":"summary_large_image","twitter_misc":{"Skriven av":"Mattias Larsson","Ber\u00e4knad l\u00e4stid":"4 minuter"},"schema":{"@context":"https:\/\/schema.org","@graph":[{"@type":"WebPage","@id":"https:\/\/blogg.atl.nu\/abbotnas-sateri\/2020\/04\/16\/vind-i-seglen-grattis-till-oss\/","url":"https:\/\/blogg.atl.nu\/abbotnas-sateri\/2020\/04\/16\/vind-i-seglen-grattis-till-oss\/","name":"Vind i seglen, grattis till oss. - Abbotn\u00e4s s\u00e4teri","isPartOf":{"@id":"https:\/\/blogg.atl.nu\/abbotnas-sateri\/#website"},"datePublished":"2020-04-16T21:05:16+00:00","dateModified":"2020-04-16T21:05:50+00:00","author":{"@id":"https:\/\/blogg.atl.nu\/abbotnas-sateri\/#\/schema\/person\/3b681683e8c9711235140b74c4aad714"},"breadcrumb":{"@id":"https:\/\/blogg.atl.nu\/abbotnas-sateri\/2020\/04\/16\/vind-i-seglen-grattis-till-oss\/#breadcrumb"},"inLanguage":"sv-SE","potentialAction":[{"@type":"ReadAction","target":["https:\/\/blogg.atl.nu\/abbotnas-sateri\/2020\/04\/16\/vind-i-seglen-grattis-till-oss\/"]}]},{"@type":"BreadcrumbList","@id":"https:\/\/blogg.atl.nu\/abbotnas-sateri\/2020\/04\/16\/vind-i-seglen-grattis-till-oss\/#breadcrumb","itemListElement":[{"@type":"ListItem","position":1,"name":"Home","item":"https:\/\/blogg.atl.nu\/abbotnas-sateri\/"},{"@type":"ListItem","position":2,"name":"Vind i seglen, grattis till oss."}]},{"@type":"WebSite","@id":"https:\/\/blogg.atl.nu\/abbotnas-sateri\/#website","url":"https:\/\/blogg.atl.nu\/abbotnas-sateri\/","name":"Abbotn\u00e4s s\u00e4teri","description":"Mattias Larsson","potentialAction":[{"@type":"SearchAction","target":{"@type":"EntryPoint","urlTemplate":"https:\/\/blogg.atl.nu\/abbotnas-sateri\/?s={search_term_string}"},"query-input":"required name=search_term_string"}],"inLanguage":"sv-SE"},{"@type":"Person","@id":"https:\/\/blogg.atl.nu\/abbotnas-sateri\/#\/schema\/person\/3b681683e8c9711235140b74c4aad714","name":"Mattias Larsson","image":{"@type":"ImageObject","inLanguage":"sv-SE","@id":"https:\/\/blogg.atl.nu\/abbotnas-sateri\/#\/schema\/person\/image\/","url":"https:\/\/secure.gravatar.com\/avatar\/ab52d1a4abaa2f256164ccb2caf8dcfb?s=96&d=mm&r=g","contentUrl":"https:\/\/secure.gravatar.com\/avatar\/ab52d1a4abaa2f256164ccb2caf8dcfb?s=96&d=mm&r=g","caption":"Mattias Larsson"},"sameAs":["http:\/\/abbotnas.se","facebook.com\/mattiaswlarsson"],"url":"https:\/\/blogg.atl.nu\/abbotnas-sateri\/author\/mlarsson\/"}]}},"_links":{"self":[{"href":"https:\/\/blogg.atl.nu\/abbotnas-sateri\/wp-json\/wp\/v2\/posts\/712"}],"collection":[{"href":"https:\/\/blogg.atl.nu\/abbotnas-sateri\/wp-json\/wp\/v2\/posts"}],"about":[{"href":"https:\/\/blogg.atl.nu\/abbotnas-sateri\/wp-json\/wp\/v2\/types\/post"}],"author":[{"embeddable":true,"href":"https:\/\/blogg.atl.nu\/abbotnas-sateri\/wp-json\/wp\/v2\/users\/361"}],"replies":[{"embeddable":true,"href":"https:\/\/blogg.atl.nu\/abbotnas-sateri\/wp-json\/wp\/v2\/comments?post=712"}],"version-history":[{"count":2,"href":"https:\/\/blogg.atl.nu\/abbotnas-sateri\/wp-json\/wp\/v2\/posts\/712\/revisions"}],"predecessor-version":[{"id":721,"href":"https:\/\/blogg.atl.nu\/abbotnas-sateri\/wp-json\/wp\/v2\/posts\/712\/revisions\/721"}],"wp:featuredmedia":[{"embeddable":true,"href":"https:\/\/blogg.atl.nu\/abbotnas-sateri\/wp-json\/wp\/v2\/media\/713"}],"wp:attachment":[{"href":"https:\/\/blogg.atl.nu\/abbotnas-sateri\/wp-json\/wp\/v2\/media?parent=712"}],"wp:term":[{"taxonomy":"category","embeddable":true,"href":"https:\/\/blogg.atl.nu\/abbotnas-sateri\/wp-json\/wp\/v2\/categories?post=712"},{"taxonomy":"post_tag","embeddable":true,"href":"https:\/\/blogg.atl.nu\/abbotnas-sateri\/wp-json\/wp\/v2\/tags?post=712"}],"curies":[{"name":"wp","href":"https:\/\/api.w.org\/{rel}","templated":true}]}}