{"id":8542,"date":"2021-06-22T01:56:17","date_gmt":"2021-06-21T23:56:17","guid":{"rendered":"https:\/\/blogg.atl.nu\/abbotnas-sateri\/?p=8542"},"modified":"2021-06-22T05:47:41","modified_gmt":"2021-06-22T03:47:41","slug":"arets-sista-men-kanske-viktigaste-insats","status":"publish","type":"post","link":"https:\/\/blogg.atl.nu\/abbotnas-sateri\/2021\/06\/22\/arets-sista-men-kanske-viktigaste-insats\/","title":{"rendered":"Den sista, men kanske viktigaste insatsen"},"content":{"rendered":"<p><strong>Sk\u00f6rden n\u00e4rmar sig och n\u00e4stan alla insatser p\u00e5 vetet \u00e4r gjorda sedan n\u00e5n vecka tillbaka. Nu g\u00e4ller det bara att se till s\u00e5 att vi fortfarande har n\u00e5got att sk\u00f6rda n\u00e4r det \u00e4r dags. Skyddsjakten p\u00e5 vildsvin \u00e4r nu ig\u00e5ng.\u00a0<\/strong><\/p>\n<h3>Ny l\u00f6sning<\/h3>\n<p><strong>I \u00e5r s\u00e5 har vi en ny l\u00f6sning p\u00e5 skyddsjakten, den kommer jag skriva mer om senare.<\/strong> Den inneb\u00e4r kort att vi tagit in extra hj\u00e4lp f\u00f6r att vi sj\u00e4lva inte har tid. Som sagt var mer om detta kommer senare, men det verkar vara ett vinnande koncept!<\/p>\n<h3>Skyddsjakt?<\/h3>\n<p><strong>Jag vet att vissa inte vill kalla spannm\u00e5lsjakten p\u00e5 vildsvin f\u00f6r skyddsjakt eftersom att det \u00e4r under ordinarie jakttid.<\/strong> F\u00f6r mig \u00e4r det \u00e4nd\u00e5 skyddsjakt eftersom att den g\u00e5r ut p\u00e5 att skydda gr\u00f6dorna. F\u00f6r mig handlar det inte om att just d\u00e5 f\u00f6rvalta vildsvinsstammen eller att f\u00e5 k\u00f6tt i frysen, utan som sagt var bara att h\u00e5lla vildsvinen borta fr\u00e5n f\u00e4lten.<\/p>\n<h3>Lite smygjakt<\/h3>\n<p><strong>Trotts att vi har extra hj\u00e4lp med skyddsjakten, s\u00e5 hj\u00e4lper vi \u00e4ven till lite sj\u00e4lva med i m\u00e5n av tid.<\/strong> Idag kom jag och Carl hem lite halvskapligt fr\u00e5n jobb ikv\u00e4ll, s\u00e5 vi ansl\u00f6t till skyddsjakten. Det gick inte helt tokigt, vi fick omkull en lagom galt. Den fick extrahj\u00e4lpen som tack f\u00f6r att han vanligtvis h\u00e5ller st\u00e4llningarna. Det var gris nr 2 som ramlar f\u00f6r denna s\u00e4songen. F\u00e5r jag gissa nu s\u00e5 verkar det bli en intensiv s\u00e4song. Vetet \u00e4r inte riktigt mj\u00f6lkmoget \u00e4n, men det \u00e4r \u00e4nd\u00e5 orov\u00e4ckande mycket gris ute&#8230;.<\/p>\n<figure id=\"attachment_8541\" aria-describedby=\"caption-attachment-8541\" style=\"width: 4032px\" class=\"wp-caption alignnone\"><img loading=\"lazy\" class=\"wp-image-8541 size-full\" src=\"https:\/\/blogg.atl.nu\/abbotnas-sateri\/wp-content\/uploads\/sites\/41\/2021\/06\/CDA5BB0D-3D42-4943-8033-D4611BD2AF88.jpeg\" alt=\"\" width=\"4032\" height=\"3024\" srcset=\"https:\/\/blogg.atl.nu\/abbotnas-sateri\/wp-content\/uploads\/sites\/41\/2021\/06\/CDA5BB0D-3D42-4943-8033-D4611BD2AF88.jpeg 2048w, https:\/\/blogg.atl.nu\/abbotnas-sateri\/wp-content\/uploads\/sites\/41\/2021\/06\/CDA5BB0D-3D42-4943-8033-D4611BD2AF88-300x225.jpeg 300w, https:\/\/blogg.atl.nu\/abbotnas-sateri\/wp-content\/uploads\/sites\/41\/2021\/06\/CDA5BB0D-3D42-4943-8033-D4611BD2AF88-768x576.jpeg 768w, https:\/\/blogg.atl.nu\/abbotnas-sateri\/wp-content\/uploads\/sites\/41\/2021\/06\/CDA5BB0D-3D42-4943-8033-D4611BD2AF88-1024x768.jpeg 1024w\" sizes=\"(max-width: 4032px) 100vw, 4032px\" \/><figcaption id=\"caption-attachment-8541\" class=\"wp-caption-text\">Carl blickar ute \u00f6ver f\u00f6rsta f\u00e4ltet vi vandrar \u00f6ver. V\u00e4rt att n\u00e4mna \u00e4r att trotts att han har slutstycket st\u00e4ngt, s\u00e5 vet jag som st\u00e5r bakom honom att det \u00e4r tomt i loppet. Det \u00e4r vi noga med n\u00e4r vi g\u00e5r, ingen kula i loppet f\u00f6rens det beh\u00f6vs. Vi visar \u00e4ven varandra noga att det \u00e4r tomt n\u00e4r vi sl\u00e5r igen.<\/figcaption><\/figure>\n<h3>Nu jakthistorien<\/h3>\n<p><strong>Hur gick det d\u00e5 till n\u00e4r jag och Carl lyckades f\u00e4lla galten?\u00a0<\/strong>Vi tar det i snabbversionen. Vi b\u00f6rjade med att ge oss ut p\u00e5 det f\u00e4ltet som vi trodde var hetast. N\u00e4r vi v\u00e4l hade kommit en bra bit ut p\u00e5 f\u00e4ltet kunde vi konstatera att Thermacellen som vi hade med oss f\u00f6r att bli av med mygg, var slut. Vi blev allts\u00e5 totalt attackerade av mygg, men fortsatte \u00e4nd\u00e5 utan. Som tur var s\u00e5 var det tomt p\u00e5 gris d\u00e4r, ett bra tecken eftersom att vi inte vill ha dem d\u00e4r. Efter en retr\u00e4tt till bilen och omorganisation s\u00e5 gjorde vi ett nytt f\u00f6rs\u00f6k p\u00e5 ett nytt f\u00e4lt, denna g\u00e5ngen med f\u00f6rsvar mot myggorna. Vi fick snabbt kontakt med en galt. Det var en skjutbar gris, men vi saknade kulf\u00e5ng. D\u00e5 gjorde jag som jag brukar, satte mig ner p\u00e5 kn\u00e4 och b\u00f6rjade smaska h\u00f6gt och ljudligt. Det gjorde susen (som oftast) och galten b\u00f6rjade komma emot oss f\u00f6r att se vad vi var f\u00f6r konkurrerande gris som hittat godare vete att smaska p\u00e5. N\u00e4r han sedan kom in p\u00e5 ca 15 meter fick jag ett l\u00e4ge och kunde skjuta. Det resulterade i \u00e5rets f\u00f6r mig f\u00f6rsta vetegris.<\/p>\n<figure id=\"attachment_8540\" aria-describedby=\"caption-attachment-8540\" style=\"width: 4032px\" class=\"wp-caption alignnone\"><img loading=\"lazy\" class=\"wp-image-8540 size-full\" src=\"https:\/\/blogg.atl.nu\/abbotnas-sateri\/wp-content\/uploads\/sites\/41\/2021\/06\/AEDB70ED-790F-4D88-9DBE-A4F967EAFD00.jpeg\" alt=\"\" width=\"4032\" height=\"3024\" srcset=\"https:\/\/blogg.atl.nu\/abbotnas-sateri\/wp-content\/uploads\/sites\/41\/2021\/06\/AEDB70ED-790F-4D88-9DBE-A4F967EAFD00.jpeg 2048w, https:\/\/blogg.atl.nu\/abbotnas-sateri\/wp-content\/uploads\/sites\/41\/2021\/06\/AEDB70ED-790F-4D88-9DBE-A4F967EAFD00-300x225.jpeg 300w, https:\/\/blogg.atl.nu\/abbotnas-sateri\/wp-content\/uploads\/sites\/41\/2021\/06\/AEDB70ED-790F-4D88-9DBE-A4F967EAFD00-768x576.jpeg 768w, https:\/\/blogg.atl.nu\/abbotnas-sateri\/wp-content\/uploads\/sites\/41\/2021\/06\/AEDB70ED-790F-4D88-9DBE-A4F967EAFD00-1024x768.jpeg 1024w\" sizes=\"(max-width: 4032px) 100vw, 4032px\" \/><figcaption id=\"caption-attachment-8540\" class=\"wp-caption-text\">F\u00f6rsta vetegrisen f\u00f6r mig i \u00e5r.<\/figcaption><\/figure>\n<p><strong>Det \u00e4r just nu folk ute varje natt p\u00e5 v\u00e5ra f\u00e4lt. Hoppas att det g\u00f6r nytta och h\u00e5ller grisarna borta. Jag \u00e5terkommer med mer om detta.\u00a0<\/strong><\/p>\n","protected":false},"excerpt":{"rendered":"<p>Sk\u00f6rden n\u00e4rmar sig och n\u00e4stan alla insatser p\u00e5 vetet \u00e4r gjorda sedan n\u00e5n vecka tillbaka. Nu g\u00e4ller det bara att se till s\u00e5 att vi fortfarande har n\u00e5got att sk\u00f6rda n\u00e4r det \u00e4r dags. Skyddsjakten p\u00e5 vildsvin \u00e4r nu ig\u00e5ng.\u00a0 Ny l\u00f6sning I \u00e5r s\u00e5 har vi en ny l\u00f6sning p\u00e5 skyddsjakten, den kommer jag&#8230;<\/p>\n","protected":false},"author":361,"featured_media":8541,"comment_status":"open","ping_status":"open","sticky":false,"template":"","format":"standard","meta":[],"categories":[1],"tags":[],"yoast_head":"<!-- This site is optimized with the Yoast SEO plugin v19.6 - https:\/\/yoast.com\/wordpress\/plugins\/seo\/ -->\n<title>Den sista, men kanske viktigaste insatsen - Abbotn\u00e4s s\u00e4teri<\/title>\n<meta name=\"robots\" content=\"index, follow, max-snippet:-1, max-image-preview:large, max-video-preview:-1\" \/>\n<link rel=\"canonical\" href=\"https:\/\/blogg.atl.nu\/abbotnas-sateri\/2021\/06\/22\/arets-sista-men-kanske-viktigaste-insats\/\" \/>\n<meta property=\"og:locale\" content=\"sv_SE\" \/>\n<meta property=\"og:type\" content=\"article\" \/>\n<meta property=\"og:title\" content=\"Den sista, men kanske viktigaste insatsen - Abbotn\u00e4s s\u00e4teri\" \/>\n<meta property=\"og:description\" content=\"Sk\u00f6rden n\u00e4rmar sig och n\u00e4stan alla insatser p\u00e5 vetet \u00e4r gjorda sedan n\u00e5n vecka tillbaka. Nu g\u00e4ller det bara att se till s\u00e5 att vi fortfarande har n\u00e5got att sk\u00f6rda n\u00e4r det \u00e4r dags. Skyddsjakten p\u00e5 vildsvin \u00e4r nu ig\u00e5ng.\u00a0 Ny l\u00f6sning I \u00e5r s\u00e5 har vi en ny l\u00f6sning p\u00e5 skyddsjakten, den kommer jag...\" \/>\n<meta property=\"og:url\" content=\"https:\/\/blogg.atl.nu\/abbotnas-sateri\/2021\/06\/22\/arets-sista-men-kanske-viktigaste-insats\/\" \/>\n<meta property=\"og:site_name\" content=\"Abbotn\u00e4s s\u00e4teri\" \/>\n<meta property=\"article:author\" content=\"facebook.com\/mattiaswlarsson\" \/>\n<meta property=\"article:published_time\" content=\"2021-06-21T23:56:17+00:00\" \/>\n<meta property=\"article:modified_time\" content=\"2021-06-22T03:47:41+00:00\" \/>\n<meta property=\"og:image\" content=\"https:\/\/blogg.atl.nu\/abbotnas-sateri\/wp-content\/uploads\/sites\/41\/2021\/06\/CDA5BB0D-3D42-4943-8033-D4611BD2AF88-1024x768.jpeg\" \/>\n\t<meta property=\"og:image:width\" content=\"1024\" \/>\n\t<meta property=\"og:image:height\" content=\"768\" \/>\n\t<meta property=\"og:image:type\" content=\"image\/jpeg\" \/>\n<meta name=\"author\" content=\"Mattias Larsson\" \/>\n<meta name=\"twitter:card\" content=\"summary_large_image\" \/>\n<meta name=\"twitter:label1\" content=\"Skriven av\" \/>\n\t<meta name=\"twitter:data1\" content=\"Mattias Larsson\" \/>\n\t<meta name=\"twitter:label2\" content=\"Ber\u00e4knad l\u00e4stid\" \/>\n\t<meta name=\"twitter:data2\" content=\"3 minuter\" \/>\n<script type=\"application\/ld+json\" class=\"yoast-schema-graph\">{\"@context\":\"https:\/\/schema.org\",\"@graph\":[{\"@type\":\"WebPage\",\"@id\":\"https:\/\/blogg.atl.nu\/abbotnas-sateri\/2021\/06\/22\/arets-sista-men-kanske-viktigaste-insats\/\",\"url\":\"https:\/\/blogg.atl.nu\/abbotnas-sateri\/2021\/06\/22\/arets-sista-men-kanske-viktigaste-insats\/\",\"name\":\"Den sista, men kanske viktigaste insatsen - Abbotn\u00e4s s\u00e4teri\",\"isPartOf\":{\"@id\":\"https:\/\/blogg.atl.nu\/abbotnas-sateri\/#website\"},\"datePublished\":\"2021-06-21T23:56:17+00:00\",\"dateModified\":\"2021-06-22T03:47:41+00:00\",\"author\":{\"@id\":\"https:\/\/blogg.atl.nu\/abbotnas-sateri\/#\/schema\/person\/3b681683e8c9711235140b74c4aad714\"},\"breadcrumb\":{\"@id\":\"https:\/\/blogg.atl.nu\/abbotnas-sateri\/2021\/06\/22\/arets-sista-men-kanske-viktigaste-insats\/#breadcrumb\"},\"inLanguage\":\"sv-SE\",\"potentialAction\":[{\"@type\":\"ReadAction\",\"target\":[\"https:\/\/blogg.atl.nu\/abbotnas-sateri\/2021\/06\/22\/arets-sista-men-kanske-viktigaste-insats\/\"]}]},{\"@type\":\"BreadcrumbList\",\"@id\":\"https:\/\/blogg.atl.nu\/abbotnas-sateri\/2021\/06\/22\/arets-sista-men-kanske-viktigaste-insats\/#breadcrumb\",\"itemListElement\":[{\"@type\":\"ListItem\",\"position\":1,\"name\":\"Home\",\"item\":\"https:\/\/blogg.atl.nu\/abbotnas-sateri\/\"},{\"@type\":\"ListItem\",\"position\":2,\"name\":\"Den sista, men kanske viktigaste insatsen\"}]},{\"@type\":\"WebSite\",\"@id\":\"https:\/\/blogg.atl.nu\/abbotnas-sateri\/#website\",\"url\":\"https:\/\/blogg.atl.nu\/abbotnas-sateri\/\",\"name\":\"Abbotn\u00e4s s\u00e4teri\",\"description\":\"Mattias Larsson\",\"potentialAction\":[{\"@type\":\"SearchAction\",\"target\":{\"@type\":\"EntryPoint\",\"urlTemplate\":\"https:\/\/blogg.atl.nu\/abbotnas-sateri\/?s={search_term_string}\"},\"query-input\":\"required name=search_term_string\"}],\"inLanguage\":\"sv-SE\"},{\"@type\":\"Person\",\"@id\":\"https:\/\/blogg.atl.nu\/abbotnas-sateri\/#\/schema\/person\/3b681683e8c9711235140b74c4aad714\",\"name\":\"Mattias Larsson\",\"image\":{\"@type\":\"ImageObject\",\"inLanguage\":\"sv-SE\",\"@id\":\"https:\/\/blogg.atl.nu\/abbotnas-sateri\/#\/schema\/person\/image\/\",\"url\":\"https:\/\/secure.gravatar.com\/avatar\/ab52d1a4abaa2f256164ccb2caf8dcfb?s=96&d=mm&r=g\",\"contentUrl\":\"https:\/\/secure.gravatar.com\/avatar\/ab52d1a4abaa2f256164ccb2caf8dcfb?s=96&d=mm&r=g\",\"caption\":\"Mattias Larsson\"},\"sameAs\":[\"http:\/\/abbotnas.se\",\"facebook.com\/mattiaswlarsson\"],\"url\":\"https:\/\/blogg.atl.nu\/abbotnas-sateri\/author\/mlarsson\/\"}]}<\/script>\n<!-- \/ Yoast SEO plugin. -->","yoast_head_json":{"title":"Den sista, men kanske viktigaste insatsen - Abbotn\u00e4s s\u00e4teri","robots":{"index":"index","follow":"follow","max-snippet":"max-snippet:-1","max-image-preview":"max-image-preview:large","max-video-preview":"max-video-preview:-1"},"canonical":"https:\/\/blogg.atl.nu\/abbotnas-sateri\/2021\/06\/22\/arets-sista-men-kanske-viktigaste-insats\/","og_locale":"sv_SE","og_type":"article","og_title":"Den sista, men kanske viktigaste insatsen - Abbotn\u00e4s s\u00e4teri","og_description":"Sk\u00f6rden n\u00e4rmar sig och n\u00e4stan alla insatser p\u00e5 vetet \u00e4r gjorda sedan n\u00e5n vecka tillbaka. Nu g\u00e4ller det bara att se till s\u00e5 att vi fortfarande har n\u00e5got att sk\u00f6rda n\u00e4r det \u00e4r dags. Skyddsjakten p\u00e5 vildsvin \u00e4r nu ig\u00e5ng.\u00a0 Ny l\u00f6sning I \u00e5r s\u00e5 har vi en ny l\u00f6sning p\u00e5 skyddsjakten, den kommer jag...","og_url":"https:\/\/blogg.atl.nu\/abbotnas-sateri\/2021\/06\/22\/arets-sista-men-kanske-viktigaste-insats\/","og_site_name":"Abbotn\u00e4s s\u00e4teri","article_author":"facebook.com\/mattiaswlarsson","article_published_time":"2021-06-21T23:56:17+00:00","article_modified_time":"2021-06-22T03:47:41+00:00","og_image":[{"width":1024,"height":768,"url":"https:\/\/blogg.atl.nu\/abbotnas-sateri\/wp-content\/uploads\/sites\/41\/2021\/06\/CDA5BB0D-3D42-4943-8033-D4611BD2AF88-1024x768.jpeg","type":"image\/jpeg"}],"author":"Mattias Larsson","twitter_card":"summary_large_image","twitter_misc":{"Skriven av":"Mattias Larsson","Ber\u00e4knad l\u00e4stid":"3 minuter"},"schema":{"@context":"https:\/\/schema.org","@graph":[{"@type":"WebPage","@id":"https:\/\/blogg.atl.nu\/abbotnas-sateri\/2021\/06\/22\/arets-sista-men-kanske-viktigaste-insats\/","url":"https:\/\/blogg.atl.nu\/abbotnas-sateri\/2021\/06\/22\/arets-sista-men-kanske-viktigaste-insats\/","name":"Den sista, men kanske viktigaste insatsen - Abbotn\u00e4s s\u00e4teri","isPartOf":{"@id":"https:\/\/blogg.atl.nu\/abbotnas-sateri\/#website"},"datePublished":"2021-06-21T23:56:17+00:00","dateModified":"2021-06-22T03:47:41+00:00","author":{"@id":"https:\/\/blogg.atl.nu\/abbotnas-sateri\/#\/schema\/person\/3b681683e8c9711235140b74c4aad714"},"breadcrumb":{"@id":"https:\/\/blogg.atl.nu\/abbotnas-sateri\/2021\/06\/22\/arets-sista-men-kanske-viktigaste-insats\/#breadcrumb"},"inLanguage":"sv-SE","potentialAction":[{"@type":"ReadAction","target":["https:\/\/blogg.atl.nu\/abbotnas-sateri\/2021\/06\/22\/arets-sista-men-kanske-viktigaste-insats\/"]}]},{"@type":"BreadcrumbList","@id":"https:\/\/blogg.atl.nu\/abbotnas-sateri\/2021\/06\/22\/arets-sista-men-kanske-viktigaste-insats\/#breadcrumb","itemListElement":[{"@type":"ListItem","position":1,"name":"Home","item":"https:\/\/blogg.atl.nu\/abbotnas-sateri\/"},{"@type":"ListItem","position":2,"name":"Den sista, men kanske viktigaste insatsen"}]},{"@type":"WebSite","@id":"https:\/\/blogg.atl.nu\/abbotnas-sateri\/#website","url":"https:\/\/blogg.atl.nu\/abbotnas-sateri\/","name":"Abbotn\u00e4s s\u00e4teri","description":"Mattias Larsson","potentialAction":[{"@type":"SearchAction","target":{"@type":"EntryPoint","urlTemplate":"https:\/\/blogg.atl.nu\/abbotnas-sateri\/?s={search_term_string}"},"query-input":"required name=search_term_string"}],"inLanguage":"sv-SE"},{"@type":"Person","@id":"https:\/\/blogg.atl.nu\/abbotnas-sateri\/#\/schema\/person\/3b681683e8c9711235140b74c4aad714","name":"Mattias Larsson","image":{"@type":"ImageObject","inLanguage":"sv-SE","@id":"https:\/\/blogg.atl.nu\/abbotnas-sateri\/#\/schema\/person\/image\/","url":"https:\/\/secure.gravatar.com\/avatar\/ab52d1a4abaa2f256164ccb2caf8dcfb?s=96&d=mm&r=g","contentUrl":"https:\/\/secure.gravatar.com\/avatar\/ab52d1a4abaa2f256164ccb2caf8dcfb?s=96&d=mm&r=g","caption":"Mattias Larsson"},"sameAs":["http:\/\/abbotnas.se","facebook.com\/mattiaswlarsson"],"url":"https:\/\/blogg.atl.nu\/abbotnas-sateri\/author\/mlarsson\/"}]}},"_links":{"self":[{"href":"https:\/\/blogg.atl.nu\/abbotnas-sateri\/wp-json\/wp\/v2\/posts\/8542"}],"collection":[{"href":"https:\/\/blogg.atl.nu\/abbotnas-sateri\/wp-json\/wp\/v2\/posts"}],"about":[{"href":"https:\/\/blogg.atl.nu\/abbotnas-sateri\/wp-json\/wp\/v2\/types\/post"}],"author":[{"embeddable":true,"href":"https:\/\/blogg.atl.nu\/abbotnas-sateri\/wp-json\/wp\/v2\/users\/361"}],"replies":[{"embeddable":true,"href":"https:\/\/blogg.atl.nu\/abbotnas-sateri\/wp-json\/wp\/v2\/comments?post=8542"}],"version-history":[{"count":6,"href":"https:\/\/blogg.atl.nu\/abbotnas-sateri\/wp-json\/wp\/v2\/posts\/8542\/revisions"}],"predecessor-version":[{"id":8548,"href":"https:\/\/blogg.atl.nu\/abbotnas-sateri\/wp-json\/wp\/v2\/posts\/8542\/revisions\/8548"}],"wp:featuredmedia":[{"embeddable":true,"href":"https:\/\/blogg.atl.nu\/abbotnas-sateri\/wp-json\/wp\/v2\/media\/8541"}],"wp:attachment":[{"href":"https:\/\/blogg.atl.nu\/abbotnas-sateri\/wp-json\/wp\/v2\/media?parent=8542"}],"wp:term":[{"taxonomy":"category","embeddable":true,"href":"https:\/\/blogg.atl.nu\/abbotnas-sateri\/wp-json\/wp\/v2\/categories?post=8542"},{"taxonomy":"post_tag","embeddable":true,"href":"https:\/\/blogg.atl.nu\/abbotnas-sateri\/wp-json\/wp\/v2\/tags?post=8542"}],"curies":[{"name":"wp","href":"https:\/\/api.w.org\/{rel}","templated":true}]}}