{"id":1238,"date":"2020-06-14T11:50:55","date_gmt":"2020-06-14T09:50:55","guid":{"rendered":"https:\/\/blogg.atl.nu\/det-grona-guldet\/?p=1238"},"modified":"2020-06-14T11:50:55","modified_gmt":"2020-06-14T09:50:55","slug":"rundvandring-i-tradgarden","status":"publish","type":"post","link":"https:\/\/blogg.atl.nu\/det-grona-guldet\/2020\/06\/14\/rundvandring-i-tradgarden\/","title":{"rendered":"Rundvandring i tr\u00e4dg\u00e5rden"},"content":{"rendered":"<p>G\u00e5rden i Bergslagen, som min farfar k\u00f6pte 1958 har, som de flesta g\u00e5rdar, en st\u00f6rre tr\u00e4dg\u00e5rd. En tr\u00e4dg\u00e5rd som man skulle kunna l\u00e4gga hur mycket tid som helst p\u00e5 men i de flesta fall s\u00e5 prioriterar vi skogsarbete. Men, med tanke p\u00e5 den tid vi l\u00e4gger ned i tr\u00e4dg\u00e5rden s\u00e5 \u00e4r det riktigt fin. Jag tror vi, eller framf\u00f6rallt mina f\u00f6r\u00e4ldrar, har hittat ett bra f\u00f6rh\u00e5llande mellan insats och resultat i tr\u00e4dg\u00e5rden. Min mamma \u00e4r duktig och intresserad av v\u00e4xter s\u00e5 i olika omg\u00e5ngar har det odlats en hel del d\u00e4r och nu \u00e4r det mycket vackra blommor som kommer upp.<\/p>\n<p><img loading=\"lazy\" class=\"alignnone size-full wp-image-1236\" src=\"https:\/\/blogg.atl.nu\/det-grona-guldet\/wp-content\/uploads\/sites\/38\/2020\/06\/20200610_133652.jpg\" alt=\"\" width=\"685\" height=\"514\" srcset=\"https:\/\/blogg.atl.nu\/det-grona-guldet\/wp-content\/uploads\/sites\/38\/2020\/06\/20200610_133652.jpg 685w, https:\/\/blogg.atl.nu\/det-grona-guldet\/wp-content\/uploads\/sites\/38\/2020\/06\/20200610_133652-300x225.jpg 300w\" sizes=\"(max-width: 685px) 100vw, 685px\" \/><\/p>\n<p>I veckan gjorde vi ett ryck och jobbade i tr\u00e4dg\u00e5rden en dag. Vi passade p\u00e5 n\u00e4r vi hade hj\u00e4lp av Klas. Han f\u00e5r g\u00f6ra de tunga jobben, s\u00e5som att sl\u00e4pa bort ved som blivit liggande i n\u00e5got h\u00f6rn av tr\u00e4dg\u00e5rden.<\/p>\n<figure id=\"attachment_1233\" aria-describedby=\"caption-attachment-1233\" style=\"width: 685px\" class=\"wp-caption alignnone\"><img loading=\"lazy\" class=\"size-full wp-image-1233\" src=\"https:\/\/blogg.atl.nu\/det-grona-guldet\/wp-content\/uploads\/sites\/38\/2020\/06\/20200610_122635.jpg\" alt=\"\" width=\"685\" height=\"514\" srcset=\"https:\/\/blogg.atl.nu\/det-grona-guldet\/wp-content\/uploads\/sites\/38\/2020\/06\/20200610_122635.jpg 685w, https:\/\/blogg.atl.nu\/det-grona-guldet\/wp-content\/uploads\/sites\/38\/2020\/06\/20200610_122635-300x225.jpg 300w\" sizes=\"(max-width: 685px) 100vw, 685px\" \/><figcaption id=\"caption-attachment-1233\" class=\"wp-caption-text\"><em>Klas visar fin teknik med lien<\/em><\/figcaption><\/figure>\n<p>Bosse r\u00f6jde bland b\u00e4rbuskarna.<\/p>\n<figure id=\"attachment_1237\" aria-describedby=\"caption-attachment-1237\" style=\"width: 685px\" class=\"wp-caption alignnone\"><img loading=\"lazy\" class=\"size-full wp-image-1237\" src=\"https:\/\/blogg.atl.nu\/det-grona-guldet\/wp-content\/uploads\/sites\/38\/2020\/06\/20200610_133710.jpg\" alt=\"\" width=\"685\" height=\"514\" srcset=\"https:\/\/blogg.atl.nu\/det-grona-guldet\/wp-content\/uploads\/sites\/38\/2020\/06\/20200610_133710.jpg 685w, https:\/\/blogg.atl.nu\/det-grona-guldet\/wp-content\/uploads\/sites\/38\/2020\/06\/20200610_133710-300x225.jpg 300w\" sizes=\"(max-width: 685px) 100vw, 685px\" \/><figcaption id=\"caption-attachment-1237\" class=\"wp-caption-text\"><em>B\u00e4rbuskar<\/em><\/figcaption><\/figure>\n<p>B\u00e4rbuskarna \u00e4r en guldgruva. Jag vet inte hur m\u00e5nga det \u00e4r, jag gissar runt 60-70 stycken. R\u00f6da och svarta vinb\u00e4r, alla m\u00f6jliga sorters krusb\u00e4r och ett par buskar med vita vinb\u00e4r. Min fru och jag brukar plocka en hel del i augusti varje \u00e5r. Vi fick ihop \u00f6ver 30 kg f\u00f6rra \u00e5ret och det mesta g\u00f6r vi sylt av och anv\u00e4nder p\u00e5 gr\u00f6ten. Det r\u00e4cker oftast fram till n\u00e4sta sk\u00f6rd. Svarta vinb\u00e4r \u00e4r en favorit. Visste ni att det finns ett \u00e4mne i svarta vinb\u00e4r som \u00e4r prestationsh\u00f6jande?\u00a0<a href=\"https:\/\/www.presteramera.com\/svartvinbarspulver\/\"><span style=\"text-decoration: underline\">L\u00e4s mer om detta h\u00e4r om ni \u00e4r intresserade<\/span><\/a>.<\/p>\n<p>Det finns ocks\u00e5 m\u00e5nga \u00e4ppeltr\u00e4d, runt 25 kanske. H\u00e4romveckan planterade min far ytterligare ett, det blev en Gul Richard. Ett riktigt fint \u00e4pple, som jag tycker smakar lite melon. Annars \u00e4r mina favoriter Gravensteiner, Cox Pomona och Aroma. Saftiga, h\u00e5rda och syrliga. N\u00e4r det \u00e4r bra \u00e4ppel\u00e5r brukar vi musta. Vi har ett j\u00e4ttefint Gravensteiner hemma p\u00e5 v\u00e5rt tomt i M\u00e4larh\u00f6jden. Tr\u00e4det \u00e4r j\u00e4ttestort och vid bra \u00e4ppel\u00e5r s\u00e5 kan vi lugnt plocka 80 kg bara fr\u00e5n det tr\u00e4det. Och alla tr\u00e4d p\u00e5 Gusselborg ger ju hur mycket som helst. Men, det \u00e4r ju inte alltid det blir s\u00e5 mycket sk\u00f6rd. F\u00f6rra \u00e5ret hade vi i princip inga \u00e4pplen i M\u00e4larh\u00f6jden men i Bergslagen var det helt ok. Jag tror det kom en k\u00f6ldkn\u00e4pp precis vid blomningen s\u00e5 att pollineringen misslyckades. Bina fl\u00f6g helt enkelt inte. Vi hoppas p\u00e5 b\u00e4ttre sk\u00f6rd i \u00e5r.<\/p>\n<p>P\u00e5 g\u00e5rden finns ocks\u00e5 en vacker Lindbers\u00e5.<\/p>\n<figure id=\"attachment_1235\" aria-describedby=\"caption-attachment-1235\" style=\"width: 685px\" class=\"wp-caption alignnone\"><img loading=\"lazy\" class=\"size-full wp-image-1235\" src=\"https:\/\/blogg.atl.nu\/det-grona-guldet\/wp-content\/uploads\/sites\/38\/2020\/06\/20200610_133614.jpg\" alt=\"\" width=\"685\" height=\"514\" srcset=\"https:\/\/blogg.atl.nu\/det-grona-guldet\/wp-content\/uploads\/sites\/38\/2020\/06\/20200610_133614.jpg 685w, https:\/\/blogg.atl.nu\/det-grona-guldet\/wp-content\/uploads\/sites\/38\/2020\/06\/20200610_133614-300x225.jpg 300w\" sizes=\"(max-width: 685px) 100vw, 685px\" \/><figcaption id=\"caption-attachment-1235\" class=\"wp-caption-text\"><em>En lindbers\u00e5<\/em><\/figcaption><\/figure>\n<p>Det v\u00e4xer s\u00e5 det knakar i naturen nu. V\u00e5ra sm\u00e5 g\u00e5ngstigar som finns runt om p\u00e5 g\u00e5rden har i vissa fall blivit helt \u00f6verv\u00e4xta. Men inte v\u00e4rre \u00e4n att en h\u00e4cksax kunde ta fram dem igen. Se klassisk f\u00f6re-efter bild nedan:<\/p>\n<figure id=\"attachment_1231\" aria-describedby=\"caption-attachment-1231\" style=\"width: 685px\" class=\"wp-caption alignnone\"><img loading=\"lazy\" class=\"size-full wp-image-1231\" src=\"https:\/\/blogg.atl.nu\/det-grona-guldet\/wp-content\/uploads\/sites\/38\/2020\/06\/20200610_120442.jpg\" alt=\"\" width=\"685\" height=\"514\" srcset=\"https:\/\/blogg.atl.nu\/det-grona-guldet\/wp-content\/uploads\/sites\/38\/2020\/06\/20200610_120442.jpg 685w, https:\/\/blogg.atl.nu\/det-grona-guldet\/wp-content\/uploads\/sites\/38\/2020\/06\/20200610_120442-300x225.jpg 300w\" sizes=\"(max-width: 685px) 100vw, 685px\" \/><figcaption id=\"caption-attachment-1231\" class=\"wp-caption-text\"><em>F\u00f6re<\/em><\/figcaption><\/figure>\n<figure id=\"attachment_1232\" aria-describedby=\"caption-attachment-1232\" style=\"width: 685px\" class=\"wp-caption alignnone\"><img loading=\"lazy\" class=\"size-full wp-image-1232\" src=\"https:\/\/blogg.atl.nu\/det-grona-guldet\/wp-content\/uploads\/sites\/38\/2020\/06\/20200610_121754.jpg\" alt=\"\" width=\"685\" height=\"514\" srcset=\"https:\/\/blogg.atl.nu\/det-grona-guldet\/wp-content\/uploads\/sites\/38\/2020\/06\/20200610_121754.jpg 685w, https:\/\/blogg.atl.nu\/det-grona-guldet\/wp-content\/uploads\/sites\/38\/2020\/06\/20200610_121754-300x225.jpg 300w\" sizes=\"(max-width: 685px) 100vw, 685px\" \/><figcaption id=\"caption-attachment-1232\" class=\"wp-caption-text\"><em>Efter<\/em><\/figcaption><\/figure>\n<p>F\u00f6r n\u00e5gra \u00e5r sedan skaffade vi en gr\u00e4sklipparrobot (han heter Pre, efter Steve Prefontaine) och han klipper i frukttr\u00e4dg\u00e5rden. Det har underl\u00e4ttat en hel del, just d\u00e4r var det r\u00e4tt kn\u00f6ligt att klippa gr\u00e4set f\u00f6r en del grenar p\u00e5 \u00e4ppeltr\u00e4den var s\u00e5 l\u00e5ga s\u00e5 det blev lite limbo n\u00e4r man k\u00f6rde klipparen d\u00e4r. Det fixar Pre galant.<\/p>\n<p>&nbsp;<\/p>\n<figure id=\"attachment_1234\" aria-describedby=\"caption-attachment-1234\" style=\"width: 685px\" class=\"wp-caption alignnone\"><img loading=\"lazy\" class=\"size-full wp-image-1234\" src=\"https:\/\/blogg.atl.nu\/det-grona-guldet\/wp-content\/uploads\/sites\/38\/2020\/06\/20200610_133331.jpg\" alt=\"\" width=\"685\" height=\"514\" srcset=\"https:\/\/blogg.atl.nu\/det-grona-guldet\/wp-content\/uploads\/sites\/38\/2020\/06\/20200610_133331.jpg 685w, https:\/\/blogg.atl.nu\/det-grona-guldet\/wp-content\/uploads\/sites\/38\/2020\/06\/20200610_133331-300x225.jpg 300w\" sizes=\"(max-width: 685px) 100vw, 685px\" \/><figcaption id=\"caption-attachment-1234\" class=\"wp-caption-text\"><em>Pre klipper h\u00e4r<\/em><\/figcaption><\/figure>\n<p>Bilden nedan \u00e4r drygt tv\u00e5 veckor gammal, men s\u00e5 h\u00e4r s\u00e5g det ut n\u00e4r \u00e4ppeltr\u00e4den blommade.<\/p>\n<p>&nbsp;<\/p>\n<figure id=\"attachment_1239\" aria-describedby=\"caption-attachment-1239\" style=\"width: 685px\" class=\"wp-caption alignnone\"><img loading=\"lazy\" class=\"size-full wp-image-1239\" src=\"https:\/\/blogg.atl.nu\/det-grona-guldet\/wp-content\/uploads\/sites\/38\/2020\/06\/20200528_091305.jpg\" alt=\"\" width=\"685\" height=\"514\" srcset=\"https:\/\/blogg.atl.nu\/det-grona-guldet\/wp-content\/uploads\/sites\/38\/2020\/06\/20200528_091305.jpg 685w, https:\/\/blogg.atl.nu\/det-grona-guldet\/wp-content\/uploads\/sites\/38\/2020\/06\/20200528_091305-300x225.jpg 300w\" sizes=\"(max-width: 685px) 100vw, 685px\" \/><figcaption id=\"caption-attachment-1239\" class=\"wp-caption-text\"><em>Blommande \u00e4ppeltr\u00e4d<\/em><\/figcaption><\/figure>\n<p>Det var en liten rundvandring i tr\u00e4dg\u00e5rden. I filmen nedan, som \u00e4r film 15 i v\u00e5r serie &#8221;V\u00e5rt s\u00e4tt att beskoga&#8221; skymtar g\u00e5rden fr\u00e5n luften i b\u00f6rjan. Om ni vill se <a href=\"https:\/\/bit.ly\/307XHBH\"><span style=\"text-decoration: underline\">resten av filmerna s\u00e5 finns de i en spellista h\u00e4r<\/span><\/a>.<\/p>\n<p><iframe loading=\"lazy\" title=\"15 Avslutning\" width=\"500\" height=\"281\" src=\"https:\/\/www.youtube.com\/embed\/wkfTafYhXyA?feature=oembed&#038;enablejsapi=1&#038;origin=https:\/\/blogg.atl.nu\" frameborder=\"0\" allow=\"accelerometer; autoplay; encrypted-media; gyroscope; picture-in-picture\" allowfullscreen><\/iframe><\/p>\n","protected":false},"excerpt":{"rendered":"<p>G\u00e5rden i Bergslagen, som min farfar k\u00f6pte 1958 har, som de flesta g\u00e5rdar, en st\u00f6rre tr\u00e4dg\u00e5rd. En tr\u00e4dg\u00e5rd som man skulle kunna l\u00e4gga hur mycket tid som helst p\u00e5 men i de flesta fall s\u00e5 prioriterar vi skogsarbete. Men, med tanke p\u00e5 den tid vi l\u00e4gger ned i tr\u00e4dg\u00e5rden s\u00e5 \u00e4r det riktigt fin. Jag&#8230;<\/p>\n","protected":false},"author":358,"featured_media":1230,"comment_status":"open","ping_status":"open","sticky":false,"template":"","format":"standard","meta":[],"categories":[1],"tags":[87],"yoast_head":"<!-- This site is optimized with the Yoast SEO plugin v19.6 - https:\/\/yoast.com\/wordpress\/plugins\/seo\/ -->\n<title>Rundvandring i tr\u00e4dg\u00e5rden - Det gr\u00f6na guldet<\/title>\n<meta name=\"robots\" content=\"index, follow, max-snippet:-1, max-image-preview:large, max-video-preview:-1\" \/>\n<link rel=\"canonical\" href=\"https:\/\/blogg.atl.nu\/det-grona-guldet\/2020\/06\/14\/rundvandring-i-tradgarden\/\" \/>\n<meta property=\"og:locale\" content=\"sv_SE\" \/>\n<meta property=\"og:type\" content=\"article\" \/>\n<meta property=\"og:title\" content=\"Rundvandring i tr\u00e4dg\u00e5rden - Det gr\u00f6na guldet\" \/>\n<meta property=\"og:description\" content=\"G\u00e5rden i Bergslagen, som min farfar k\u00f6pte 1958 har, som de flesta g\u00e5rdar, en st\u00f6rre tr\u00e4dg\u00e5rd. En tr\u00e4dg\u00e5rd som man skulle kunna l\u00e4gga hur mycket tid som helst p\u00e5 men i de flesta fall s\u00e5 prioriterar vi skogsarbete. Men, med tanke p\u00e5 den tid vi l\u00e4gger ned i tr\u00e4dg\u00e5rden s\u00e5 \u00e4r det riktigt fin. Jag...\" \/>\n<meta property=\"og:url\" content=\"https:\/\/blogg.atl.nu\/det-grona-guldet\/2020\/06\/14\/rundvandring-i-tradgarden\/\" \/>\n<meta property=\"og:site_name\" content=\"Det gr\u00f6na guldet\" \/>\n<meta property=\"article:published_time\" content=\"2020-06-14T09:50:55+00:00\" \/>\n<meta property=\"og:image\" content=\"https:\/\/blogg.atl.nu\/det-grona-guldet\/wp-content\/uploads\/sites\/38\/2020\/06\/20200610_120018.jpg\" \/>\n\t<meta property=\"og:image:width\" content=\"685\" \/>\n\t<meta property=\"og:image:height\" content=\"514\" \/>\n\t<meta property=\"og:image:type\" content=\"image\/jpeg\" \/>\n<meta name=\"author\" content=\"perjonasson\" \/>\n<meta name=\"twitter:card\" content=\"summary_large_image\" \/>\n<meta name=\"twitter:label1\" content=\"Skriven av\" \/>\n\t<meta name=\"twitter:data1\" content=\"perjonasson\" \/>\n\t<meta name=\"twitter:label2\" content=\"Ber\u00e4knad l\u00e4stid\" \/>\n\t<meta name=\"twitter:data2\" content=\"4 minuter\" \/>\n<script type=\"application\/ld+json\" class=\"yoast-schema-graph\">{\"@context\":\"https:\/\/schema.org\",\"@graph\":[{\"@type\":\"WebPage\",\"@id\":\"https:\/\/blogg.atl.nu\/det-grona-guldet\/2020\/06\/14\/rundvandring-i-tradgarden\/\",\"url\":\"https:\/\/blogg.atl.nu\/det-grona-guldet\/2020\/06\/14\/rundvandring-i-tradgarden\/\",\"name\":\"Rundvandring i tr\u00e4dg\u00e5rden - Det gr\u00f6na guldet\",\"isPartOf\":{\"@id\":\"https:\/\/blogg.atl.nu\/det-grona-guldet\/#website\"},\"datePublished\":\"2020-06-14T09:50:55+00:00\",\"dateModified\":\"2020-06-14T09:50:55+00:00\",\"author\":{\"@id\":\"https:\/\/blogg.atl.nu\/det-grona-guldet\/#\/schema\/person\/287702eafc70c00d00ddd6052f82103c\"},\"breadcrumb\":{\"@id\":\"https:\/\/blogg.atl.nu\/det-grona-guldet\/2020\/06\/14\/rundvandring-i-tradgarden\/#breadcrumb\"},\"inLanguage\":\"sv-SE\",\"potentialAction\":[{\"@type\":\"ReadAction\",\"target\":[\"https:\/\/blogg.atl.nu\/det-grona-guldet\/2020\/06\/14\/rundvandring-i-tradgarden\/\"]}]},{\"@type\":\"BreadcrumbList\",\"@id\":\"https:\/\/blogg.atl.nu\/det-grona-guldet\/2020\/06\/14\/rundvandring-i-tradgarden\/#breadcrumb\",\"itemListElement\":[{\"@type\":\"ListItem\",\"position\":1,\"name\":\"Home\",\"item\":\"https:\/\/blogg.atl.nu\/det-grona-guldet\/\"},{\"@type\":\"ListItem\",\"position\":2,\"name\":\"Rundvandring i tr\u00e4dg\u00e5rden\"}]},{\"@type\":\"WebSite\",\"@id\":\"https:\/\/blogg.atl.nu\/det-grona-guldet\/#website\",\"url\":\"https:\/\/blogg.atl.nu\/det-grona-guldet\/\",\"name\":\"Det gr\u00f6na guldet\",\"description\":\"Per Jonasson\",\"potentialAction\":[{\"@type\":\"SearchAction\",\"target\":{\"@type\":\"EntryPoint\",\"urlTemplate\":\"https:\/\/blogg.atl.nu\/det-grona-guldet\/?s={search_term_string}\"},\"query-input\":\"required name=search_term_string\"}],\"inLanguage\":\"sv-SE\"},{\"@type\":\"Person\",\"@id\":\"https:\/\/blogg.atl.nu\/det-grona-guldet\/#\/schema\/person\/287702eafc70c00d00ddd6052f82103c\",\"name\":\"perjonasson\",\"image\":{\"@type\":\"ImageObject\",\"inLanguage\":\"sv-SE\",\"@id\":\"https:\/\/blogg.atl.nu\/det-grona-guldet\/#\/schema\/person\/image\/\",\"url\":\"https:\/\/secure.gravatar.com\/avatar\/cb1f6adf68537abe8b5ad3acda4c0b63?s=96&d=mm&r=g\",\"contentUrl\":\"https:\/\/secure.gravatar.com\/avatar\/cb1f6adf68537abe8b5ad3acda4c0b63?s=96&d=mm&r=g\",\"caption\":\"perjonasson\"},\"url\":\"https:\/\/blogg.atl.nu\/det-grona-guldet\/author\/perjonasson\/\"}]}<\/script>\n<!-- \/ Yoast SEO plugin. -->","yoast_head_json":{"title":"Rundvandring i tr\u00e4dg\u00e5rden - Det gr\u00f6na guldet","robots":{"index":"index","follow":"follow","max-snippet":"max-snippet:-1","max-image-preview":"max-image-preview:large","max-video-preview":"max-video-preview:-1"},"canonical":"https:\/\/blogg.atl.nu\/det-grona-guldet\/2020\/06\/14\/rundvandring-i-tradgarden\/","og_locale":"sv_SE","og_type":"article","og_title":"Rundvandring i tr\u00e4dg\u00e5rden - Det gr\u00f6na guldet","og_description":"G\u00e5rden i Bergslagen, som min farfar k\u00f6pte 1958 har, som de flesta g\u00e5rdar, en st\u00f6rre tr\u00e4dg\u00e5rd. En tr\u00e4dg\u00e5rd som man skulle kunna l\u00e4gga hur mycket tid som helst p\u00e5 men i de flesta fall s\u00e5 prioriterar vi skogsarbete. Men, med tanke p\u00e5 den tid vi l\u00e4gger ned i tr\u00e4dg\u00e5rden s\u00e5 \u00e4r det riktigt fin. Jag...","og_url":"https:\/\/blogg.atl.nu\/det-grona-guldet\/2020\/06\/14\/rundvandring-i-tradgarden\/","og_site_name":"Det gr\u00f6na guldet","article_published_time":"2020-06-14T09:50:55+00:00","og_image":[{"width":685,"height":514,"url":"https:\/\/blogg.atl.nu\/det-grona-guldet\/wp-content\/uploads\/sites\/38\/2020\/06\/20200610_120018.jpg","type":"image\/jpeg"}],"author":"perjonasson","twitter_card":"summary_large_image","twitter_misc":{"Skriven av":"perjonasson","Ber\u00e4knad l\u00e4stid":"4 minuter"},"schema":{"@context":"https:\/\/schema.org","@graph":[{"@type":"WebPage","@id":"https:\/\/blogg.atl.nu\/det-grona-guldet\/2020\/06\/14\/rundvandring-i-tradgarden\/","url":"https:\/\/blogg.atl.nu\/det-grona-guldet\/2020\/06\/14\/rundvandring-i-tradgarden\/","name":"Rundvandring i tr\u00e4dg\u00e5rden - Det gr\u00f6na guldet","isPartOf":{"@id":"https:\/\/blogg.atl.nu\/det-grona-guldet\/#website"},"datePublished":"2020-06-14T09:50:55+00:00","dateModified":"2020-06-14T09:50:55+00:00","author":{"@id":"https:\/\/blogg.atl.nu\/det-grona-guldet\/#\/schema\/person\/287702eafc70c00d00ddd6052f82103c"},"breadcrumb":{"@id":"https:\/\/blogg.atl.nu\/det-grona-guldet\/2020\/06\/14\/rundvandring-i-tradgarden\/#breadcrumb"},"inLanguage":"sv-SE","potentialAction":[{"@type":"ReadAction","target":["https:\/\/blogg.atl.nu\/det-grona-guldet\/2020\/06\/14\/rundvandring-i-tradgarden\/"]}]},{"@type":"BreadcrumbList","@id":"https:\/\/blogg.atl.nu\/det-grona-guldet\/2020\/06\/14\/rundvandring-i-tradgarden\/#breadcrumb","itemListElement":[{"@type":"ListItem","position":1,"name":"Home","item":"https:\/\/blogg.atl.nu\/det-grona-guldet\/"},{"@type":"ListItem","position":2,"name":"Rundvandring i tr\u00e4dg\u00e5rden"}]},{"@type":"WebSite","@id":"https:\/\/blogg.atl.nu\/det-grona-guldet\/#website","url":"https:\/\/blogg.atl.nu\/det-grona-guldet\/","name":"Det gr\u00f6na guldet","description":"Per Jonasson","potentialAction":[{"@type":"SearchAction","target":{"@type":"EntryPoint","urlTemplate":"https:\/\/blogg.atl.nu\/det-grona-guldet\/?s={search_term_string}"},"query-input":"required name=search_term_string"}],"inLanguage":"sv-SE"},{"@type":"Person","@id":"https:\/\/blogg.atl.nu\/det-grona-guldet\/#\/schema\/person\/287702eafc70c00d00ddd6052f82103c","name":"perjonasson","image":{"@type":"ImageObject","inLanguage":"sv-SE","@id":"https:\/\/blogg.atl.nu\/det-grona-guldet\/#\/schema\/person\/image\/","url":"https:\/\/secure.gravatar.com\/avatar\/cb1f6adf68537abe8b5ad3acda4c0b63?s=96&d=mm&r=g","contentUrl":"https:\/\/secure.gravatar.com\/avatar\/cb1f6adf68537abe8b5ad3acda4c0b63?s=96&d=mm&r=g","caption":"perjonasson"},"url":"https:\/\/blogg.atl.nu\/det-grona-guldet\/author\/perjonasson\/"}]}},"_links":{"self":[{"href":"https:\/\/blogg.atl.nu\/det-grona-guldet\/wp-json\/wp\/v2\/posts\/1238"}],"collection":[{"href":"https:\/\/blogg.atl.nu\/det-grona-guldet\/wp-json\/wp\/v2\/posts"}],"about":[{"href":"https:\/\/blogg.atl.nu\/det-grona-guldet\/wp-json\/wp\/v2\/types\/post"}],"author":[{"embeddable":true,"href":"https:\/\/blogg.atl.nu\/det-grona-guldet\/wp-json\/wp\/v2\/users\/358"}],"replies":[{"embeddable":true,"href":"https:\/\/blogg.atl.nu\/det-grona-guldet\/wp-json\/wp\/v2\/comments?post=1238"}],"version-history":[{"count":3,"href":"https:\/\/blogg.atl.nu\/det-grona-guldet\/wp-json\/wp\/v2\/posts\/1238\/revisions"}],"predecessor-version":[{"id":1243,"href":"https:\/\/blogg.atl.nu\/det-grona-guldet\/wp-json\/wp\/v2\/posts\/1238\/revisions\/1243"}],"wp:featuredmedia":[{"embeddable":true,"href":"https:\/\/blogg.atl.nu\/det-grona-guldet\/wp-json\/wp\/v2\/media\/1230"}],"wp:attachment":[{"href":"https:\/\/blogg.atl.nu\/det-grona-guldet\/wp-json\/wp\/v2\/media?parent=1238"}],"wp:term":[{"taxonomy":"category","embeddable":true,"href":"https:\/\/blogg.atl.nu\/det-grona-guldet\/wp-json\/wp\/v2\/categories?post=1238"},{"taxonomy":"post_tag","embeddable":true,"href":"https:\/\/blogg.atl.nu\/det-grona-guldet\/wp-json\/wp\/v2\/tags?post=1238"}],"curies":[{"name":"wp","href":"https:\/\/api.w.org\/{rel}","templated":true}]}}