{"id":1511,"date":"2020-09-03T19:05:40","date_gmt":"2020-09-03T17:05:40","guid":{"rendered":"https:\/\/blogg.atl.nu\/det-grona-guldet\/?p=1511"},"modified":"2020-09-03T19:05:40","modified_gmt":"2020-09-03T17:05:40","slug":"rojning-i-regnet","status":"publish","type":"post","link":"https:\/\/blogg.atl.nu\/det-grona-guldet\/2020\/09\/03\/rojning-i-regnet\/","title":{"rendered":"R\u00f6jning i regnet"},"content":{"rendered":"<p>Den h\u00e4r veckan \u00e4r vi i Sm\u00e5land och jobbar i skogen. Vi har r\u00f6jt en del men vi har ocks\u00e5 varit och tittat till p\u00e5 i en liten slutavverkning som vi g\u00f6r i ett granbest\u00e5nd. Det h\u00e4r \u00e4r relativt sm\u00e5 best\u00e5nd och vi hade nog inte planerat att avverka dem nu men med tanke p\u00e5 hotet fr\u00e5n granbarkborrarna s\u00e5 g\u00f6r vi slutavverkningen nu. Det h\u00e4r \u00e4r ett av de f\u00e5 rena granbest\u00e5nd vi har och ursprungsplanen var att de skulle avverkas i vintras men det blev ju aldrig kallt h\u00e4r s\u00e5 vi fick ingen tj\u00e4le.<\/p>\n<p>Det \u00e4r lite sm\u00e5bl\u00f6tt omr\u00e5de s\u00e5 det gick helt enkelt inte att k\u00f6ra d\u00e4r i vintras men i och med att sommaren varit s\u00e5 torr s\u00e5 f\u00f6reslog v\u00e5r k\u00f6pare att vi skulle avverka nu ist\u00e4llet. Vi vill ha vinteravverkning och det har vi i princip lyckats med fram till nu, men nu gav vi med oss. Vi vill ha bort granarna och vem vet hur vintern blir? N\u00e5ja, sk\u00f6nt att bli av med granen i alla fall.<\/p>\n<p><img loading=\"lazy\" class=\"alignnone size-full wp-image-1513\" src=\"https:\/\/blogg.atl.nu\/det-grona-guldet\/wp-content\/uploads\/sites\/38\/2020\/09\/20200901_130819.jpg\" alt=\"\" width=\"685\" height=\"514\" srcset=\"https:\/\/blogg.atl.nu\/det-grona-guldet\/wp-content\/uploads\/sites\/38\/2020\/09\/20200901_130819.jpg 685w, https:\/\/blogg.atl.nu\/det-grona-guldet\/wp-content\/uploads\/sites\/38\/2020\/09\/20200901_130819-300x225.jpg 300w\" sizes=\"(max-width: 685px) 100vw, 685px\" \/> <img loading=\"lazy\" class=\"alignnone size-full wp-image-1522\" src=\"https:\/\/blogg.atl.nu\/det-grona-guldet\/wp-content\/uploads\/sites\/38\/2020\/09\/20200903_103715.jpg\" alt=\"\" width=\"685\" height=\"514\" srcset=\"https:\/\/blogg.atl.nu\/det-grona-guldet\/wp-content\/uploads\/sites\/38\/2020\/09\/20200903_103715.jpg 685w, https:\/\/blogg.atl.nu\/det-grona-guldet\/wp-content\/uploads\/sites\/38\/2020\/09\/20200903_103715-300x225.jpg 300w\" sizes=\"(max-width: 685px) 100vw, 685px\" \/><\/p>\n<p>N\u00e4r vi var f\u00f6rbi och pratade med sk\u00f6rdarf\u00f6raren Emil s\u00e5 ber\u00e4ttade han att han hade f\u00e4llt n\u00e5gra granar p\u00e5 36 meter. D\u00e5 \u00e4r det b\u00f6rdigt!<\/p>\n<p><img loading=\"lazy\" class=\"alignnone size-full wp-image-1523\" src=\"https:\/\/blogg.atl.nu\/det-grona-guldet\/wp-content\/uploads\/sites\/38\/2020\/09\/20200903_105441.jpg\" alt=\"\" width=\"685\" height=\"514\" srcset=\"https:\/\/blogg.atl.nu\/det-grona-guldet\/wp-content\/uploads\/sites\/38\/2020\/09\/20200903_105441.jpg 685w, https:\/\/blogg.atl.nu\/det-grona-guldet\/wp-content\/uploads\/sites\/38\/2020\/09\/20200903_105441-300x225.jpg 300w\" sizes=\"(max-width: 685px) 100vw, 685px\" \/> <img loading=\"lazy\" class=\"alignnone size-full wp-image-1524\" src=\"https:\/\/blogg.atl.nu\/det-grona-guldet\/wp-content\/uploads\/sites\/38\/2020\/09\/20200903_110228.jpg\" alt=\"\" width=\"685\" height=\"514\" srcset=\"https:\/\/blogg.atl.nu\/det-grona-guldet\/wp-content\/uploads\/sites\/38\/2020\/09\/20200903_110228.jpg 685w, https:\/\/blogg.atl.nu\/det-grona-guldet\/wp-content\/uploads\/sites\/38\/2020\/09\/20200903_110228-300x225.jpg 300w\" sizes=\"(max-width: 685px) 100vw, 685px\" \/> <img loading=\"lazy\" class=\"alignnone size-full wp-image-1514\" src=\"https:\/\/blogg.atl.nu\/det-grona-guldet\/wp-content\/uploads\/sites\/38\/2020\/09\/20200901_131328.jpg\" alt=\"\" width=\"685\" height=\"514\" srcset=\"https:\/\/blogg.atl.nu\/det-grona-guldet\/wp-content\/uploads\/sites\/38\/2020\/09\/20200901_131328.jpg 685w, https:\/\/blogg.atl.nu\/det-grona-guldet\/wp-content\/uploads\/sites\/38\/2020\/09\/20200901_131328-300x225.jpg 300w\" sizes=\"(max-width: 685px) 100vw, 685px\" \/> <img loading=\"lazy\" class=\"alignnone size-full wp-image-1522\" src=\"https:\/\/blogg.atl.nu\/det-grona-guldet\/wp-content\/uploads\/sites\/38\/2020\/09\/20200903_103715.jpg\" alt=\"\" width=\"685\" height=\"514\" srcset=\"https:\/\/blogg.atl.nu\/det-grona-guldet\/wp-content\/uploads\/sites\/38\/2020\/09\/20200903_103715.jpg 685w, https:\/\/blogg.atl.nu\/det-grona-guldet\/wp-content\/uploads\/sites\/38\/2020\/09\/20200903_103715-300x225.jpg 300w\" sizes=\"(max-width: 685px) 100vw, 685px\" \/><\/p>\n<p>I den del som \u00e4r lite bl\u00f6tare har vi st\u00e4llt kvar en liten l\u00f6vskog och vi har diskuterat hur vi ska beskoga omr\u00e5det intill och kanske blir det en del bj\u00f6rk d\u00e4r. Det skulle nog bli bra. D\u00e4r 36 meters granarna stod f\u00e5r det nog bli en del gran f\u00f6rst\u00e5s men vi s\u00e5r nog lite tall ocks\u00e5 skulle jag tro.<\/p>\n<p>Vi har r\u00f6jt ocks\u00e5. Vi prickade in n\u00e5gra regndagar lustigt nog. N\u00e4r man r\u00f6jer i regnkl\u00e4der s\u00e5 blir man till slut bl\u00f6t \u00e4nd\u00e5. Antingen genom att regnet letar sig i n\u00e4r man g\u00e5r i slyet eller s\u00e5 blir man bl\u00f6t av svett, eftersom maskinerna v\u00e4gen en del och regnkl\u00e4derna inte andas. Men oftast \u00e4r det nog en kombination av vatten utifr\u00e5n och svett inifr\u00e5n. Duschen och de torra kl\u00e4derna p\u00e5 kv\u00e4llen \u00e4r extra sk\u00f6n de g\u00e5ngerna man r\u00f6jer i regn.<\/p>\n<p><img loading=\"lazy\" class=\"alignnone size-full wp-image-1515\" src=\"https:\/\/blogg.atl.nu\/det-grona-guldet\/wp-content\/uploads\/sites\/38\/2020\/09\/20200902_085437.jpg\" alt=\"\" width=\"685\" height=\"514\" srcset=\"https:\/\/blogg.atl.nu\/det-grona-guldet\/wp-content\/uploads\/sites\/38\/2020\/09\/20200902_085437.jpg 685w, https:\/\/blogg.atl.nu\/det-grona-guldet\/wp-content\/uploads\/sites\/38\/2020\/09\/20200902_085437-300x225.jpg 300w\" sizes=\"(max-width: 685px) 100vw, 685px\" \/> <img loading=\"lazy\" class=\"alignnone size-full wp-image-1525\" src=\"https:\/\/blogg.atl.nu\/det-grona-guldet\/wp-content\/uploads\/sites\/38\/2020\/09\/20200903_154731.jpg\" alt=\"\" width=\"685\" height=\"514\" srcset=\"https:\/\/blogg.atl.nu\/det-grona-guldet\/wp-content\/uploads\/sites\/38\/2020\/09\/20200903_154731.jpg 685w, https:\/\/blogg.atl.nu\/det-grona-guldet\/wp-content\/uploads\/sites\/38\/2020\/09\/20200903_154731-300x225.jpg 300w\" sizes=\"(max-width: 685px) 100vw, 685px\" \/> <img loading=\"lazy\" class=\"alignnone size-full wp-image-1519\" src=\"https:\/\/blogg.atl.nu\/det-grona-guldet\/wp-content\/uploads\/sites\/38\/2020\/09\/20200902_110830.jpg\" alt=\"\" width=\"685\" height=\"514\" srcset=\"https:\/\/blogg.atl.nu\/det-grona-guldet\/wp-content\/uploads\/sites\/38\/2020\/09\/20200902_110830.jpg 685w, https:\/\/blogg.atl.nu\/det-grona-guldet\/wp-content\/uploads\/sites\/38\/2020\/09\/20200902_110830-300x225.jpg 300w\" sizes=\"(max-width: 685px) 100vw, 685px\" \/> <img loading=\"lazy\" class=\"alignnone size-full wp-image-1518\" src=\"https:\/\/blogg.atl.nu\/det-grona-guldet\/wp-content\/uploads\/sites\/38\/2020\/09\/20200902_104229.jpg\" alt=\"\" width=\"685\" height=\"514\" srcset=\"https:\/\/blogg.atl.nu\/det-grona-guldet\/wp-content\/uploads\/sites\/38\/2020\/09\/20200902_104229.jpg 685w, https:\/\/blogg.atl.nu\/det-grona-guldet\/wp-content\/uploads\/sites\/38\/2020\/09\/20200902_104229-300x225.jpg 300w\" sizes=\"(max-width: 685px) 100vw, 685px\" \/><\/p>\n<p>Vi har ett par s\u00e5dder d\u00e4r bj\u00f6rken b\u00f6rjar bli riktigt t\u00e4t och h\u00f6g. I det ena best\u00e5ndet \u00e4r det inte s\u00e5 farligt, vi har l\u00f6vr\u00f6jt det en tidigare g\u00e5ng men i det andra best\u00e5ndet var det bitvis mycket t\u00e4tt med bj\u00f6rk, vi \u00e4r lite sena med r\u00f6jningen d\u00e4r. Men man kan bli f\u00f6rv\u00e5nad hur pass v\u00e4l granen klarar sig under alla bj\u00f6rkar. Den v\u00e4xer trots att den st\u00e5r omringad av h\u00f6ga bj\u00f6rkar men skjuter ganska h\u00f6ga toppskott \u00e4nd\u00e5. Tallen d\u00e4remot stannar i v\u00e4xten och kommer l\u00e5ngt efter.<\/p>\n<p>Jag hittade en fin oxel som jag r\u00f6jde fram<\/p>\n<p><img loading=\"lazy\" class=\"alignnone size-full wp-image-1517\" src=\"https:\/\/blogg.atl.nu\/det-grona-guldet\/wp-content\/uploads\/sites\/38\/2020\/09\/20200902_102844.jpg\" alt=\"\" width=\"685\" height=\"514\" srcset=\"https:\/\/blogg.atl.nu\/det-grona-guldet\/wp-content\/uploads\/sites\/38\/2020\/09\/20200902_102844.jpg 685w, https:\/\/blogg.atl.nu\/det-grona-guldet\/wp-content\/uploads\/sites\/38\/2020\/09\/20200902_102844-300x225.jpg 300w\" sizes=\"(max-width: 685px) 100vw, 685px\" \/><\/p>\n<p>Vi h\u00e4lsade p\u00e5 v\u00e5ra kompisar fr\u00e5n i somras f\u00f6rst\u00e5s. De hade v\u00e4xt en del redan.<\/p>\n<p><img loading=\"lazy\" class=\"alignnone size-full wp-image-1520\" src=\"https:\/\/blogg.atl.nu\/det-grona-guldet\/wp-content\/uploads\/sites\/38\/2020\/09\/20200902_163358.jpg\" alt=\"\" width=\"685\" height=\"514\" srcset=\"https:\/\/blogg.atl.nu\/det-grona-guldet\/wp-content\/uploads\/sites\/38\/2020\/09\/20200902_163358.jpg 685w, https:\/\/blogg.atl.nu\/det-grona-guldet\/wp-content\/uploads\/sites\/38\/2020\/09\/20200902_163358-300x225.jpg 300w\" sizes=\"(max-width: 685px) 100vw, 685px\" \/><\/p>\n<p>&nbsp;<\/p>\n","protected":false},"excerpt":{"rendered":"<p>Den h\u00e4r veckan \u00e4r vi i Sm\u00e5land och jobbar i skogen. Vi har r\u00f6jt en del men vi har ocks\u00e5 varit och tittat till p\u00e5 i en liten slutavverkning som vi g\u00f6r i ett granbest\u00e5nd. Det h\u00e4r \u00e4r relativt sm\u00e5 best\u00e5nd och vi hade nog inte planerat att avverka dem nu men med tanke p\u00e5&#8230;<\/p>\n","protected":false},"author":358,"featured_media":1516,"comment_status":"open","ping_status":"open","sticky":false,"template":"","format":"standard","meta":[],"categories":[1],"tags":[],"yoast_head":"<!-- This site is optimized with the Yoast SEO plugin v19.6 - https:\/\/yoast.com\/wordpress\/plugins\/seo\/ -->\n<title>R\u00f6jning i regnet - Det gr\u00f6na guldet<\/title>\n<meta name=\"robots\" content=\"index, follow, max-snippet:-1, max-image-preview:large, max-video-preview:-1\" \/>\n<link rel=\"canonical\" href=\"https:\/\/blogg.atl.nu\/det-grona-guldet\/2020\/09\/03\/rojning-i-regnet\/\" \/>\n<meta property=\"og:locale\" content=\"sv_SE\" \/>\n<meta property=\"og:type\" content=\"article\" \/>\n<meta property=\"og:title\" content=\"R\u00f6jning i regnet - Det gr\u00f6na guldet\" \/>\n<meta property=\"og:description\" content=\"Den h\u00e4r veckan \u00e4r vi i Sm\u00e5land och jobbar i skogen. Vi har r\u00f6jt en del men vi har ocks\u00e5 varit och tittat till p\u00e5 i en liten slutavverkning som vi g\u00f6r i ett granbest\u00e5nd. Det h\u00e4r \u00e4r relativt sm\u00e5 best\u00e5nd och vi hade nog inte planerat att avverka dem nu men med tanke p\u00e5...\" \/>\n<meta property=\"og:url\" content=\"https:\/\/blogg.atl.nu\/det-grona-guldet\/2020\/09\/03\/rojning-i-regnet\/\" \/>\n<meta property=\"og:site_name\" content=\"Det gr\u00f6na guldet\" \/>\n<meta property=\"article:published_time\" content=\"2020-09-03T17:05:40+00:00\" \/>\n<meta property=\"og:image\" content=\"https:\/\/blogg.atl.nu\/det-grona-guldet\/wp-content\/uploads\/sites\/38\/2020\/09\/20200902_093218.jpg\" \/>\n\t<meta property=\"og:image:width\" content=\"686\" \/>\n\t<meta property=\"og:image:height\" content=\"515\" \/>\n\t<meta property=\"og:image:type\" content=\"image\/jpeg\" \/>\n<meta name=\"author\" content=\"perjonasson\" \/>\n<meta name=\"twitter:card\" content=\"summary_large_image\" \/>\n<meta name=\"twitter:label1\" content=\"Skriven av\" \/>\n\t<meta name=\"twitter:data1\" content=\"perjonasson\" \/>\n\t<meta name=\"twitter:label2\" content=\"Ber\u00e4knad l\u00e4stid\" \/>\n\t<meta name=\"twitter:data2\" content=\"3 minuter\" \/>\n<script type=\"application\/ld+json\" class=\"yoast-schema-graph\">{\"@context\":\"https:\/\/schema.org\",\"@graph\":[{\"@type\":\"WebPage\",\"@id\":\"https:\/\/blogg.atl.nu\/det-grona-guldet\/2020\/09\/03\/rojning-i-regnet\/\",\"url\":\"https:\/\/blogg.atl.nu\/det-grona-guldet\/2020\/09\/03\/rojning-i-regnet\/\",\"name\":\"R\u00f6jning i regnet - Det gr\u00f6na guldet\",\"isPartOf\":{\"@id\":\"https:\/\/blogg.atl.nu\/det-grona-guldet\/#website\"},\"datePublished\":\"2020-09-03T17:05:40+00:00\",\"dateModified\":\"2020-09-03T17:05:40+00:00\",\"author\":{\"@id\":\"https:\/\/blogg.atl.nu\/det-grona-guldet\/#\/schema\/person\/287702eafc70c00d00ddd6052f82103c\"},\"breadcrumb\":{\"@id\":\"https:\/\/blogg.atl.nu\/det-grona-guldet\/2020\/09\/03\/rojning-i-regnet\/#breadcrumb\"},\"inLanguage\":\"sv-SE\",\"potentialAction\":[{\"@type\":\"ReadAction\",\"target\":[\"https:\/\/blogg.atl.nu\/det-grona-guldet\/2020\/09\/03\/rojning-i-regnet\/\"]}]},{\"@type\":\"BreadcrumbList\",\"@id\":\"https:\/\/blogg.atl.nu\/det-grona-guldet\/2020\/09\/03\/rojning-i-regnet\/#breadcrumb\",\"itemListElement\":[{\"@type\":\"ListItem\",\"position\":1,\"name\":\"Home\",\"item\":\"https:\/\/blogg.atl.nu\/det-grona-guldet\/\"},{\"@type\":\"ListItem\",\"position\":2,\"name\":\"R\u00f6jning i regnet\"}]},{\"@type\":\"WebSite\",\"@id\":\"https:\/\/blogg.atl.nu\/det-grona-guldet\/#website\",\"url\":\"https:\/\/blogg.atl.nu\/det-grona-guldet\/\",\"name\":\"Det gr\u00f6na guldet\",\"description\":\"Per Jonasson\",\"potentialAction\":[{\"@type\":\"SearchAction\",\"target\":{\"@type\":\"EntryPoint\",\"urlTemplate\":\"https:\/\/blogg.atl.nu\/det-grona-guldet\/?s={search_term_string}\"},\"query-input\":\"required name=search_term_string\"}],\"inLanguage\":\"sv-SE\"},{\"@type\":\"Person\",\"@id\":\"https:\/\/blogg.atl.nu\/det-grona-guldet\/#\/schema\/person\/287702eafc70c00d00ddd6052f82103c\",\"name\":\"perjonasson\",\"image\":{\"@type\":\"ImageObject\",\"inLanguage\":\"sv-SE\",\"@id\":\"https:\/\/blogg.atl.nu\/det-grona-guldet\/#\/schema\/person\/image\/\",\"url\":\"https:\/\/secure.gravatar.com\/avatar\/cb1f6adf68537abe8b5ad3acda4c0b63?s=96&d=mm&r=g\",\"contentUrl\":\"https:\/\/secure.gravatar.com\/avatar\/cb1f6adf68537abe8b5ad3acda4c0b63?s=96&d=mm&r=g\",\"caption\":\"perjonasson\"},\"url\":\"https:\/\/blogg.atl.nu\/det-grona-guldet\/author\/perjonasson\/\"}]}<\/script>\n<!-- \/ Yoast SEO plugin. -->","yoast_head_json":{"title":"R\u00f6jning i regnet - Det gr\u00f6na guldet","robots":{"index":"index","follow":"follow","max-snippet":"max-snippet:-1","max-image-preview":"max-image-preview:large","max-video-preview":"max-video-preview:-1"},"canonical":"https:\/\/blogg.atl.nu\/det-grona-guldet\/2020\/09\/03\/rojning-i-regnet\/","og_locale":"sv_SE","og_type":"article","og_title":"R\u00f6jning i regnet - Det gr\u00f6na guldet","og_description":"Den h\u00e4r veckan \u00e4r vi i Sm\u00e5land och jobbar i skogen. Vi har r\u00f6jt en del men vi har ocks\u00e5 varit och tittat till p\u00e5 i en liten slutavverkning som vi g\u00f6r i ett granbest\u00e5nd. Det h\u00e4r \u00e4r relativt sm\u00e5 best\u00e5nd och vi hade nog inte planerat att avverka dem nu men med tanke p\u00e5...","og_url":"https:\/\/blogg.atl.nu\/det-grona-guldet\/2020\/09\/03\/rojning-i-regnet\/","og_site_name":"Det gr\u00f6na guldet","article_published_time":"2020-09-03T17:05:40+00:00","og_image":[{"width":686,"height":515,"url":"https:\/\/blogg.atl.nu\/det-grona-guldet\/wp-content\/uploads\/sites\/38\/2020\/09\/20200902_093218.jpg","type":"image\/jpeg"}],"author":"perjonasson","twitter_card":"summary_large_image","twitter_misc":{"Skriven av":"perjonasson","Ber\u00e4knad l\u00e4stid":"3 minuter"},"schema":{"@context":"https:\/\/schema.org","@graph":[{"@type":"WebPage","@id":"https:\/\/blogg.atl.nu\/det-grona-guldet\/2020\/09\/03\/rojning-i-regnet\/","url":"https:\/\/blogg.atl.nu\/det-grona-guldet\/2020\/09\/03\/rojning-i-regnet\/","name":"R\u00f6jning i regnet - Det gr\u00f6na guldet","isPartOf":{"@id":"https:\/\/blogg.atl.nu\/det-grona-guldet\/#website"},"datePublished":"2020-09-03T17:05:40+00:00","dateModified":"2020-09-03T17:05:40+00:00","author":{"@id":"https:\/\/blogg.atl.nu\/det-grona-guldet\/#\/schema\/person\/287702eafc70c00d00ddd6052f82103c"},"breadcrumb":{"@id":"https:\/\/blogg.atl.nu\/det-grona-guldet\/2020\/09\/03\/rojning-i-regnet\/#breadcrumb"},"inLanguage":"sv-SE","potentialAction":[{"@type":"ReadAction","target":["https:\/\/blogg.atl.nu\/det-grona-guldet\/2020\/09\/03\/rojning-i-regnet\/"]}]},{"@type":"BreadcrumbList","@id":"https:\/\/blogg.atl.nu\/det-grona-guldet\/2020\/09\/03\/rojning-i-regnet\/#breadcrumb","itemListElement":[{"@type":"ListItem","position":1,"name":"Home","item":"https:\/\/blogg.atl.nu\/det-grona-guldet\/"},{"@type":"ListItem","position":2,"name":"R\u00f6jning i regnet"}]},{"@type":"WebSite","@id":"https:\/\/blogg.atl.nu\/det-grona-guldet\/#website","url":"https:\/\/blogg.atl.nu\/det-grona-guldet\/","name":"Det gr\u00f6na guldet","description":"Per Jonasson","potentialAction":[{"@type":"SearchAction","target":{"@type":"EntryPoint","urlTemplate":"https:\/\/blogg.atl.nu\/det-grona-guldet\/?s={search_term_string}"},"query-input":"required name=search_term_string"}],"inLanguage":"sv-SE"},{"@type":"Person","@id":"https:\/\/blogg.atl.nu\/det-grona-guldet\/#\/schema\/person\/287702eafc70c00d00ddd6052f82103c","name":"perjonasson","image":{"@type":"ImageObject","inLanguage":"sv-SE","@id":"https:\/\/blogg.atl.nu\/det-grona-guldet\/#\/schema\/person\/image\/","url":"https:\/\/secure.gravatar.com\/avatar\/cb1f6adf68537abe8b5ad3acda4c0b63?s=96&d=mm&r=g","contentUrl":"https:\/\/secure.gravatar.com\/avatar\/cb1f6adf68537abe8b5ad3acda4c0b63?s=96&d=mm&r=g","caption":"perjonasson"},"url":"https:\/\/blogg.atl.nu\/det-grona-guldet\/author\/perjonasson\/"}]}},"_links":{"self":[{"href":"https:\/\/blogg.atl.nu\/det-grona-guldet\/wp-json\/wp\/v2\/posts\/1511"}],"collection":[{"href":"https:\/\/blogg.atl.nu\/det-grona-guldet\/wp-json\/wp\/v2\/posts"}],"about":[{"href":"https:\/\/blogg.atl.nu\/det-grona-guldet\/wp-json\/wp\/v2\/types\/post"}],"author":[{"embeddable":true,"href":"https:\/\/blogg.atl.nu\/det-grona-guldet\/wp-json\/wp\/v2\/users\/358"}],"replies":[{"embeddable":true,"href":"https:\/\/blogg.atl.nu\/det-grona-guldet\/wp-json\/wp\/v2\/comments?post=1511"}],"version-history":[{"count":3,"href":"https:\/\/blogg.atl.nu\/det-grona-guldet\/wp-json\/wp\/v2\/posts\/1511\/revisions"}],"predecessor-version":[{"id":1527,"href":"https:\/\/blogg.atl.nu\/det-grona-guldet\/wp-json\/wp\/v2\/posts\/1511\/revisions\/1527"}],"wp:featuredmedia":[{"embeddable":true,"href":"https:\/\/blogg.atl.nu\/det-grona-guldet\/wp-json\/wp\/v2\/media\/1516"}],"wp:attachment":[{"href":"https:\/\/blogg.atl.nu\/det-grona-guldet\/wp-json\/wp\/v2\/media?parent=1511"}],"wp:term":[{"taxonomy":"category","embeddable":true,"href":"https:\/\/blogg.atl.nu\/det-grona-guldet\/wp-json\/wp\/v2\/categories?post=1511"},{"taxonomy":"post_tag","embeddable":true,"href":"https:\/\/blogg.atl.nu\/det-grona-guldet\/wp-json\/wp\/v2\/tags?post=1511"}],"curies":[{"name":"wp","href":"https:\/\/api.w.org\/{rel}","templated":true}]}}