{"id":1588,"date":"2020-09-15T19:57:38","date_gmt":"2020-09-15T17:57:38","guid":{"rendered":"https:\/\/blogg.atl.nu\/det-grona-guldet\/?p=1588"},"modified":"2020-09-15T20:11:46","modified_gmt":"2020-09-15T18:11:46","slug":"en-skogspromenad-och-planering-infor-vinterns-jobb","status":"publish","type":"post","link":"https:\/\/blogg.atl.nu\/det-grona-guldet\/2020\/09\/15\/en-skogspromenad-och-planering-infor-vinterns-jobb\/","title":{"rendered":"En skogspromenad och planering inf\u00f6r vinterns jobb"},"content":{"rendered":"<p>Idag har Bosse (min far) och jag g\u00e5tt runt i delar av skogen i Bergslagen. Dels ville vi kika till v\u00e5ra \u00e4ldre granskogar och se om granbarkborrarna hade gjort n\u00e5gon mer skada sen sist. Nu var det inte s\u00e5 l\u00e4nge sedan vi kollade till skogen efter borrar, faktiskt mindre \u00e4n en m\u00e5nad sedan men det \u00e4r l\u00e4tt att missa n\u00e5got och det \u00e4r alltid bra att se skogen fr\u00e5n flera olika h\u00e5ll.<\/p>\n<p>Jag passade ocks\u00e5 p\u00e5 att g\u00e5 och titta p\u00e5 ett omr\u00e5de d\u00e4r vi hade ganska m\u00e5nga tr\u00e4d som var angripna i fjol men som vi avverkade i vintras. Man h\u00f6r ofta och vi har sj\u00e4lva sett, att det \u00e4r ofta som det blir angrepp i n\u00e4rliggande tr\u00e4d som st\u00e5r kvar men just h\u00e4r hade det inte skett. Sk\u00f6nt att se!<\/p>\n<figure id=\"attachment_1591\" aria-describedby=\"caption-attachment-1591\" style=\"width: 685px\" class=\"wp-caption alignnone\"><img loading=\"lazy\" class=\"size-full wp-image-1591\" src=\"https:\/\/blogg.atl.nu\/det-grona-guldet\/wp-content\/uploads\/sites\/38\/2020\/09\/20200915_111604.jpg\" alt=\"\" width=\"685\" height=\"514\" srcset=\"https:\/\/blogg.atl.nu\/det-grona-guldet\/wp-content\/uploads\/sites\/38\/2020\/09\/20200915_111604.jpg 685w, https:\/\/blogg.atl.nu\/det-grona-guldet\/wp-content\/uploads\/sites\/38\/2020\/09\/20200915_111604-300x225.jpg 300w\" sizes=\"(max-width: 685px) 100vw, 685px\" \/><figcaption id=\"caption-attachment-1591\" class=\"wp-caption-text\"><em>Friska granar<\/em><\/figcaption><\/figure>\n<figure id=\"attachment_1592\" aria-describedby=\"caption-attachment-1592\" style=\"width: 685px\" class=\"wp-caption alignnone\"><img loading=\"lazy\" class=\"size-full wp-image-1592\" src=\"https:\/\/blogg.atl.nu\/det-grona-guldet\/wp-content\/uploads\/sites\/38\/2020\/09\/20200915_112004.jpg\" alt=\"\" width=\"685\" height=\"514\" srcset=\"https:\/\/blogg.atl.nu\/det-grona-guldet\/wp-content\/uploads\/sites\/38\/2020\/09\/20200915_112004.jpg 685w, https:\/\/blogg.atl.nu\/det-grona-guldet\/wp-content\/uploads\/sites\/38\/2020\/09\/20200915_112004-300x225.jpg 300w\" sizes=\"(max-width: 685px) 100vw, 685px\" \/><figcaption id=\"caption-attachment-1592\" class=\"wp-caption-text\"><em>Jo, tack vi m\u00e5r fint!<\/em><\/figcaption><\/figure>\n<figure id=\"attachment_1598\" aria-describedby=\"caption-attachment-1598\" style=\"width: 685px\" class=\"wp-caption alignnone\"><img loading=\"lazy\" class=\"size-full wp-image-1598\" src=\"https:\/\/blogg.atl.nu\/det-grona-guldet\/wp-content\/uploads\/sites\/38\/2020\/09\/20200915_140018.jpg\" alt=\"\" width=\"685\" height=\"514\" srcset=\"https:\/\/blogg.atl.nu\/det-grona-guldet\/wp-content\/uploads\/sites\/38\/2020\/09\/20200915_140018.jpg 685w, https:\/\/blogg.atl.nu\/det-grona-guldet\/wp-content\/uploads\/sites\/38\/2020\/09\/20200915_140018-300x225.jpg 300w\" sizes=\"(max-width: 685px) 100vw, 685px\" \/><figcaption id=\"caption-attachment-1598\" class=\"wp-caption-text\"><em>Friska granar intill en tidigare drabbad yta<\/em><\/figcaption><\/figure>\n<p>Vi passade ocks\u00e5 p\u00e5 att planera vinterns eventuella avverkningar. Nu \u00e4r det ju just den gamla granskogen som \u00e4r prioriterad att avverka s\u00e5 det h\u00e4r sammanfaller i stor utstr\u00e4ckning. Vi har bland annat tittat p\u00e5 ett litet men mycket gammalt best\u00e5nd med gran. Vi brukar visa upp det n\u00e4r vi f\u00e5r bes\u00f6kare f\u00f6r det \u00e4r gammalt och t\u00e4tt (i delar av det st\u00e5r runt 1000 stam\/hektar) och det st\u00e5r \u00f6ver 550 m3sk\/hektar d\u00e4r och det \u00e4r mycket. Det har klarat sig r\u00e4tt bra, men visst hittar man d\u00f6da granar i best\u00e5ndet och det \u00e4r alltid tr\u00e5kigt. Det \u00e4r h\u00f6g tid att avverka.<\/p>\n<figure id=\"attachment_1595\" aria-describedby=\"caption-attachment-1595\" style=\"width: 685px\" class=\"wp-caption alignnone\"><img loading=\"lazy\" class=\"size-full wp-image-1595\" src=\"https:\/\/blogg.atl.nu\/det-grona-guldet\/wp-content\/uploads\/sites\/38\/2020\/09\/20200915_121827.jpg\" alt=\"\" width=\"685\" height=\"514\" srcset=\"https:\/\/blogg.atl.nu\/det-grona-guldet\/wp-content\/uploads\/sites\/38\/2020\/09\/20200915_121827.jpg 685w, https:\/\/blogg.atl.nu\/det-grona-guldet\/wp-content\/uploads\/sites\/38\/2020\/09\/20200915_121827-300x225.jpg 300w\" sizes=\"(max-width: 685px) 100vw, 685px\" \/><figcaption id=\"caption-attachment-1595\" class=\"wp-caption-text\"><em>Den \u00e4ldre granskogen till v\u00e4nster. Observera de d\u00f6da granarna i \u00e4ndan p\u00e5 best\u00e5ndet<\/em><\/figcaption><\/figure>\n<figure id=\"attachment_1596\" aria-describedby=\"caption-attachment-1596\" style=\"width: 685px\" class=\"wp-caption alignnone\"><img loading=\"lazy\" class=\"size-full wp-image-1596\" src=\"https:\/\/blogg.atl.nu\/det-grona-guldet\/wp-content\/uploads\/sites\/38\/2020\/09\/20200915_122826.jpg\" alt=\"\" width=\"685\" height=\"514\" srcset=\"https:\/\/blogg.atl.nu\/det-grona-guldet\/wp-content\/uploads\/sites\/38\/2020\/09\/20200915_122826.jpg 685w, https:\/\/blogg.atl.nu\/det-grona-guldet\/wp-content\/uploads\/sites\/38\/2020\/09\/20200915_122826-300x225.jpg 300w\" sizes=\"(max-width: 685px) 100vw, 685px\" \/><figcaption id=\"caption-attachment-1596\" class=\"wp-caption-text\"><em>Gammal granskog<\/em><\/figcaption><\/figure>\n<p>Annars s\u00e5 \u00e4r s\u00e5dana h\u00e4r rundturer i skogen trevliga. Speciellt n\u00e4r man kommer direkt fr\u00e5n storstadens brus och liv ocks\u00e5 kliver man rakt ut i skogen i Bergslagen och sl\u00e5s av hur tyst, vackert och fridfullt det \u00e4r i skogen. Man hinner se mycket. Jag s\u00e5g att en \u00e4lg (gissar jag) hade g\u00e5tt fram i det h\u00f6ga gr\u00e4set och betat. Den hade \u00e4tit bj\u00f6rk och r\u00f6nn men l\u00e4mnat tallen. Vi pratar ofta om att ju mer man l\u00e4mnar till \u00e4lgen, desto st\u00f6rre chans att du f\u00e5r ha tallen ifred. Speciellt r\u00f6nn \u00e4lskar de!<\/p>\n<figure id=\"attachment_1593\" aria-describedby=\"caption-attachment-1593\" style=\"width: 685px\" class=\"wp-caption alignnone\"><img loading=\"lazy\" class=\"size-full wp-image-1593\" src=\"https:\/\/blogg.atl.nu\/det-grona-guldet\/wp-content\/uploads\/sites\/38\/2020\/09\/20200915_121707.jpg\" alt=\"\" width=\"685\" height=\"514\" srcset=\"https:\/\/blogg.atl.nu\/det-grona-guldet\/wp-content\/uploads\/sites\/38\/2020\/09\/20200915_121707.jpg 685w, https:\/\/blogg.atl.nu\/det-grona-guldet\/wp-content\/uploads\/sites\/38\/2020\/09\/20200915_121707-300x225.jpg 300w\" sizes=\"(max-width: 685px) 100vw, 685px\" \/><figcaption id=\"caption-attachment-1593\" class=\"wp-caption-text\"><em>Betad r\u00f6nn men tallen har klarat sig<\/em><\/figcaption><\/figure>\n<figure id=\"attachment_1594\" aria-describedby=\"caption-attachment-1594\" style=\"width: 685px\" class=\"wp-caption alignnone\"><img loading=\"lazy\" class=\"size-full wp-image-1594\" src=\"https:\/\/blogg.atl.nu\/det-grona-guldet\/wp-content\/uploads\/sites\/38\/2020\/09\/20200915_121718.jpg\" alt=\"\" width=\"685\" height=\"514\" srcset=\"https:\/\/blogg.atl.nu\/det-grona-guldet\/wp-content\/uploads\/sites\/38\/2020\/09\/20200915_121718.jpg 685w, https:\/\/blogg.atl.nu\/det-grona-guldet\/wp-content\/uploads\/sites\/38\/2020\/09\/20200915_121718-300x225.jpg 300w\" sizes=\"(max-width: 685px) 100vw, 685px\" \/><figcaption id=\"caption-attachment-1594\" class=\"wp-caption-text\"><em>Betad r\u00f6nn och s\u00e4lg men tallen \u00e4r hel<\/em><\/figcaption><\/figure>\n<p>Man f\u00e5r ocks\u00e5 passa p\u00e5 att njuta av de fina h\u00f6stf\u00e4rgerna i skogen ocks\u00e5!<br \/>\n<img loading=\"lazy\" class=\"alignnone size-full wp-image-1601\" src=\"https:\/\/blogg.atl.nu\/det-grona-guldet\/wp-content\/uploads\/sites\/38\/2020\/09\/20200915_154338.jpg\" alt=\"\" width=\"685\" height=\"514\" srcset=\"https:\/\/blogg.atl.nu\/det-grona-guldet\/wp-content\/uploads\/sites\/38\/2020\/09\/20200915_154338.jpg 685w, https:\/\/blogg.atl.nu\/det-grona-guldet\/wp-content\/uploads\/sites\/38\/2020\/09\/20200915_154338-300x225.jpg 300w\" sizes=\"(max-width: 685px) 100vw, 685px\" \/> <img loading=\"lazy\" class=\"alignnone size-full wp-image-1600\" src=\"https:\/\/blogg.atl.nu\/det-grona-guldet\/wp-content\/uploads\/sites\/38\/2020\/09\/20200915_142814.jpg\" alt=\"\" width=\"685\" height=\"514\" srcset=\"https:\/\/blogg.atl.nu\/det-grona-guldet\/wp-content\/uploads\/sites\/38\/2020\/09\/20200915_142814.jpg 685w, https:\/\/blogg.atl.nu\/det-grona-guldet\/wp-content\/uploads\/sites\/38\/2020\/09\/20200915_142814-300x225.jpg 300w\" sizes=\"(max-width: 685px) 100vw, 685px\" \/><\/p>\n<p><img loading=\"lazy\" class=\"alignnone size-full wp-image-1604\" src=\"https:\/\/blogg.atl.nu\/det-grona-guldet\/wp-content\/uploads\/sites\/38\/2020\/09\/20200915_161201.jpg\" alt=\"\" width=\"685\" height=\"514\" srcset=\"https:\/\/blogg.atl.nu\/det-grona-guldet\/wp-content\/uploads\/sites\/38\/2020\/09\/20200915_161201.jpg 685w, https:\/\/blogg.atl.nu\/det-grona-guldet\/wp-content\/uploads\/sites\/38\/2020\/09\/20200915_161201-300x225.jpg 300w\" sizes=\"(max-width: 685px) 100vw, 685px\" \/><\/p>\n<p>Det var inte bara vi som tycket om att vara ute i skogen, jag har s\u00e4llan blivit s\u00e5 attackerad av \u00e4lgflugor tidigare. De var riktigt p\u00e5 hugget idag!<\/p>\n","protected":false},"excerpt":{"rendered":"<p>Idag har Bosse (min far) och jag g\u00e5tt runt i delar av skogen i Bergslagen. Dels ville vi kika till v\u00e5ra \u00e4ldre granskogar och se om granbarkborrarna hade gjort n\u00e5gon mer skada sen sist. Nu var det inte s\u00e5 l\u00e4nge sedan vi kollade till skogen efter borrar, faktiskt mindre \u00e4n en m\u00e5nad sedan men det&#8230;<\/p>\n","protected":false},"author":358,"featured_media":1602,"comment_status":"open","ping_status":"open","sticky":false,"template":"","format":"standard","meta":[],"categories":[1],"tags":[15,97,96],"yoast_head":"<!-- This site is optimized with the Yoast SEO plugin v19.6 - https:\/\/yoast.com\/wordpress\/plugins\/seo\/ -->\n<title>En skogspromenad och planering inf\u00f6r vinterns jobb - Det gr\u00f6na guldet<\/title>\n<meta name=\"robots\" content=\"index, follow, max-snippet:-1, max-image-preview:large, max-video-preview:-1\" \/>\n<link rel=\"canonical\" href=\"https:\/\/blogg.atl.nu\/det-grona-guldet\/2020\/09\/15\/en-skogspromenad-och-planering-infor-vinterns-jobb\/\" \/>\n<meta property=\"og:locale\" content=\"sv_SE\" \/>\n<meta property=\"og:type\" content=\"article\" \/>\n<meta property=\"og:title\" content=\"En skogspromenad och planering inf\u00f6r vinterns jobb - Det gr\u00f6na guldet\" \/>\n<meta property=\"og:description\" content=\"Idag har Bosse (min far) och jag g\u00e5tt runt i delar av skogen i Bergslagen. Dels ville vi kika till v\u00e5ra \u00e4ldre granskogar och se om granbarkborrarna hade gjort n\u00e5gon mer skada sen sist. Nu var det inte s\u00e5 l\u00e4nge sedan vi kollade till skogen efter borrar, faktiskt mindre \u00e4n en m\u00e5nad sedan men det...\" \/>\n<meta property=\"og:url\" content=\"https:\/\/blogg.atl.nu\/det-grona-guldet\/2020\/09\/15\/en-skogspromenad-och-planering-infor-vinterns-jobb\/\" \/>\n<meta property=\"og:site_name\" content=\"Det gr\u00f6na guldet\" \/>\n<meta property=\"article:published_time\" content=\"2020-09-15T17:57:38+00:00\" \/>\n<meta property=\"article:modified_time\" content=\"2020-09-15T18:11:46+00:00\" \/>\n<meta property=\"og:image\" content=\"https:\/\/blogg.atl.nu\/det-grona-guldet\/wp-content\/uploads\/sites\/38\/2020\/09\/20200915_161129.jpg\" \/>\n\t<meta property=\"og:image:width\" content=\"685\" \/>\n\t<meta property=\"og:image:height\" content=\"514\" \/>\n\t<meta property=\"og:image:type\" content=\"image\/jpeg\" \/>\n<meta name=\"author\" content=\"perjonasson\" \/>\n<meta name=\"twitter:card\" content=\"summary_large_image\" \/>\n<meta name=\"twitter:label1\" content=\"Skriven av\" \/>\n\t<meta name=\"twitter:data1\" content=\"perjonasson\" \/>\n\t<meta name=\"twitter:label2\" content=\"Ber\u00e4knad l\u00e4stid\" \/>\n\t<meta name=\"twitter:data2\" content=\"3 minuter\" \/>\n<script type=\"application\/ld+json\" class=\"yoast-schema-graph\">{\"@context\":\"https:\/\/schema.org\",\"@graph\":[{\"@type\":\"WebPage\",\"@id\":\"https:\/\/blogg.atl.nu\/det-grona-guldet\/2020\/09\/15\/en-skogspromenad-och-planering-infor-vinterns-jobb\/\",\"url\":\"https:\/\/blogg.atl.nu\/det-grona-guldet\/2020\/09\/15\/en-skogspromenad-och-planering-infor-vinterns-jobb\/\",\"name\":\"En skogspromenad och planering inf\u00f6r vinterns jobb - Det gr\u00f6na guldet\",\"isPartOf\":{\"@id\":\"https:\/\/blogg.atl.nu\/det-grona-guldet\/#website\"},\"datePublished\":\"2020-09-15T17:57:38+00:00\",\"dateModified\":\"2020-09-15T18:11:46+00:00\",\"author\":{\"@id\":\"https:\/\/blogg.atl.nu\/det-grona-guldet\/#\/schema\/person\/287702eafc70c00d00ddd6052f82103c\"},\"breadcrumb\":{\"@id\":\"https:\/\/blogg.atl.nu\/det-grona-guldet\/2020\/09\/15\/en-skogspromenad-och-planering-infor-vinterns-jobb\/#breadcrumb\"},\"inLanguage\":\"sv-SE\",\"potentialAction\":[{\"@type\":\"ReadAction\",\"target\":[\"https:\/\/blogg.atl.nu\/det-grona-guldet\/2020\/09\/15\/en-skogspromenad-och-planering-infor-vinterns-jobb\/\"]}]},{\"@type\":\"BreadcrumbList\",\"@id\":\"https:\/\/blogg.atl.nu\/det-grona-guldet\/2020\/09\/15\/en-skogspromenad-och-planering-infor-vinterns-jobb\/#breadcrumb\",\"itemListElement\":[{\"@type\":\"ListItem\",\"position\":1,\"name\":\"Home\",\"item\":\"https:\/\/blogg.atl.nu\/det-grona-guldet\/\"},{\"@type\":\"ListItem\",\"position\":2,\"name\":\"En skogspromenad och planering inf\u00f6r vinterns jobb\"}]},{\"@type\":\"WebSite\",\"@id\":\"https:\/\/blogg.atl.nu\/det-grona-guldet\/#website\",\"url\":\"https:\/\/blogg.atl.nu\/det-grona-guldet\/\",\"name\":\"Det gr\u00f6na guldet\",\"description\":\"Per Jonasson\",\"potentialAction\":[{\"@type\":\"SearchAction\",\"target\":{\"@type\":\"EntryPoint\",\"urlTemplate\":\"https:\/\/blogg.atl.nu\/det-grona-guldet\/?s={search_term_string}\"},\"query-input\":\"required name=search_term_string\"}],\"inLanguage\":\"sv-SE\"},{\"@type\":\"Person\",\"@id\":\"https:\/\/blogg.atl.nu\/det-grona-guldet\/#\/schema\/person\/287702eafc70c00d00ddd6052f82103c\",\"name\":\"perjonasson\",\"image\":{\"@type\":\"ImageObject\",\"inLanguage\":\"sv-SE\",\"@id\":\"https:\/\/blogg.atl.nu\/det-grona-guldet\/#\/schema\/person\/image\/\",\"url\":\"https:\/\/secure.gravatar.com\/avatar\/cb1f6adf68537abe8b5ad3acda4c0b63?s=96&d=mm&r=g\",\"contentUrl\":\"https:\/\/secure.gravatar.com\/avatar\/cb1f6adf68537abe8b5ad3acda4c0b63?s=96&d=mm&r=g\",\"caption\":\"perjonasson\"},\"url\":\"https:\/\/blogg.atl.nu\/det-grona-guldet\/author\/perjonasson\/\"}]}<\/script>\n<!-- \/ Yoast SEO plugin. -->","yoast_head_json":{"title":"En skogspromenad och planering inf\u00f6r vinterns jobb - Det gr\u00f6na guldet","robots":{"index":"index","follow":"follow","max-snippet":"max-snippet:-1","max-image-preview":"max-image-preview:large","max-video-preview":"max-video-preview:-1"},"canonical":"https:\/\/blogg.atl.nu\/det-grona-guldet\/2020\/09\/15\/en-skogspromenad-och-planering-infor-vinterns-jobb\/","og_locale":"sv_SE","og_type":"article","og_title":"En skogspromenad och planering inf\u00f6r vinterns jobb - Det gr\u00f6na guldet","og_description":"Idag har Bosse (min far) och jag g\u00e5tt runt i delar av skogen i Bergslagen. Dels ville vi kika till v\u00e5ra \u00e4ldre granskogar och se om granbarkborrarna hade gjort n\u00e5gon mer skada sen sist. Nu var det inte s\u00e5 l\u00e4nge sedan vi kollade till skogen efter borrar, faktiskt mindre \u00e4n en m\u00e5nad sedan men det...","og_url":"https:\/\/blogg.atl.nu\/det-grona-guldet\/2020\/09\/15\/en-skogspromenad-och-planering-infor-vinterns-jobb\/","og_site_name":"Det gr\u00f6na guldet","article_published_time":"2020-09-15T17:57:38+00:00","article_modified_time":"2020-09-15T18:11:46+00:00","og_image":[{"width":685,"height":514,"url":"https:\/\/blogg.atl.nu\/det-grona-guldet\/wp-content\/uploads\/sites\/38\/2020\/09\/20200915_161129.jpg","type":"image\/jpeg"}],"author":"perjonasson","twitter_card":"summary_large_image","twitter_misc":{"Skriven av":"perjonasson","Ber\u00e4knad l\u00e4stid":"3 minuter"},"schema":{"@context":"https:\/\/schema.org","@graph":[{"@type":"WebPage","@id":"https:\/\/blogg.atl.nu\/det-grona-guldet\/2020\/09\/15\/en-skogspromenad-och-planering-infor-vinterns-jobb\/","url":"https:\/\/blogg.atl.nu\/det-grona-guldet\/2020\/09\/15\/en-skogspromenad-och-planering-infor-vinterns-jobb\/","name":"En skogspromenad och planering inf\u00f6r vinterns jobb - Det gr\u00f6na guldet","isPartOf":{"@id":"https:\/\/blogg.atl.nu\/det-grona-guldet\/#website"},"datePublished":"2020-09-15T17:57:38+00:00","dateModified":"2020-09-15T18:11:46+00:00","author":{"@id":"https:\/\/blogg.atl.nu\/det-grona-guldet\/#\/schema\/person\/287702eafc70c00d00ddd6052f82103c"},"breadcrumb":{"@id":"https:\/\/blogg.atl.nu\/det-grona-guldet\/2020\/09\/15\/en-skogspromenad-och-planering-infor-vinterns-jobb\/#breadcrumb"},"inLanguage":"sv-SE","potentialAction":[{"@type":"ReadAction","target":["https:\/\/blogg.atl.nu\/det-grona-guldet\/2020\/09\/15\/en-skogspromenad-och-planering-infor-vinterns-jobb\/"]}]},{"@type":"BreadcrumbList","@id":"https:\/\/blogg.atl.nu\/det-grona-guldet\/2020\/09\/15\/en-skogspromenad-och-planering-infor-vinterns-jobb\/#breadcrumb","itemListElement":[{"@type":"ListItem","position":1,"name":"Home","item":"https:\/\/blogg.atl.nu\/det-grona-guldet\/"},{"@type":"ListItem","position":2,"name":"En skogspromenad och planering inf\u00f6r vinterns jobb"}]},{"@type":"WebSite","@id":"https:\/\/blogg.atl.nu\/det-grona-guldet\/#website","url":"https:\/\/blogg.atl.nu\/det-grona-guldet\/","name":"Det gr\u00f6na guldet","description":"Per Jonasson","potentialAction":[{"@type":"SearchAction","target":{"@type":"EntryPoint","urlTemplate":"https:\/\/blogg.atl.nu\/det-grona-guldet\/?s={search_term_string}"},"query-input":"required name=search_term_string"}],"inLanguage":"sv-SE"},{"@type":"Person","@id":"https:\/\/blogg.atl.nu\/det-grona-guldet\/#\/schema\/person\/287702eafc70c00d00ddd6052f82103c","name":"perjonasson","image":{"@type":"ImageObject","inLanguage":"sv-SE","@id":"https:\/\/blogg.atl.nu\/det-grona-guldet\/#\/schema\/person\/image\/","url":"https:\/\/secure.gravatar.com\/avatar\/cb1f6adf68537abe8b5ad3acda4c0b63?s=96&d=mm&r=g","contentUrl":"https:\/\/secure.gravatar.com\/avatar\/cb1f6adf68537abe8b5ad3acda4c0b63?s=96&d=mm&r=g","caption":"perjonasson"},"url":"https:\/\/blogg.atl.nu\/det-grona-guldet\/author\/perjonasson\/"}]}},"_links":{"self":[{"href":"https:\/\/blogg.atl.nu\/det-grona-guldet\/wp-json\/wp\/v2\/posts\/1588"}],"collection":[{"href":"https:\/\/blogg.atl.nu\/det-grona-guldet\/wp-json\/wp\/v2\/posts"}],"about":[{"href":"https:\/\/blogg.atl.nu\/det-grona-guldet\/wp-json\/wp\/v2\/types\/post"}],"author":[{"embeddable":true,"href":"https:\/\/blogg.atl.nu\/det-grona-guldet\/wp-json\/wp\/v2\/users\/358"}],"replies":[{"embeddable":true,"href":"https:\/\/blogg.atl.nu\/det-grona-guldet\/wp-json\/wp\/v2\/comments?post=1588"}],"version-history":[{"count":9,"href":"https:\/\/blogg.atl.nu\/det-grona-guldet\/wp-json\/wp\/v2\/posts\/1588\/revisions"}],"predecessor-version":[{"id":1610,"href":"https:\/\/blogg.atl.nu\/det-grona-guldet\/wp-json\/wp\/v2\/posts\/1588\/revisions\/1610"}],"wp:featuredmedia":[{"embeddable":true,"href":"https:\/\/blogg.atl.nu\/det-grona-guldet\/wp-json\/wp\/v2\/media\/1602"}],"wp:attachment":[{"href":"https:\/\/blogg.atl.nu\/det-grona-guldet\/wp-json\/wp\/v2\/media?parent=1588"}],"wp:term":[{"taxonomy":"category","embeddable":true,"href":"https:\/\/blogg.atl.nu\/det-grona-guldet\/wp-json\/wp\/v2\/categories?post=1588"},{"taxonomy":"post_tag","embeddable":true,"href":"https:\/\/blogg.atl.nu\/det-grona-guldet\/wp-json\/wp\/v2\/tags?post=1588"}],"curies":[{"name":"wp","href":"https:\/\/api.w.org\/{rel}","templated":true}]}}