{"id":1641,"date":"2020-09-28T20:11:25","date_gmt":"2020-09-28T18:11:25","guid":{"rendered":"https:\/\/blogg.atl.nu\/det-grona-guldet\/?p=1641"},"modified":"2020-09-28T20:11:25","modified_gmt":"2020-09-28T18:11:25","slug":"besok-av-jan-hedberg-och-skogsresor","status":"publish","type":"post","link":"https:\/\/blogg.atl.nu\/det-grona-guldet\/2020\/09\/28\/besok-av-jan-hedberg-och-skogsresor\/","title":{"rendered":"Bes\u00f6k av Jan Hedberg och Skogsresor"},"content":{"rendered":"<p>Idag hade vi ett trevligt bes\u00f6k av Jan Hedberg och en grupp skogsintresserade resen\u00e4rer. Jan, som \u00e4r en sann entrepren\u00f6r, driver ett f\u00f6retag som heter Skogresor och det \u00e4r enkelt beskrivet temaresor f\u00f6r skogs\u00e4gare och naturintresserade. De g\u00f6r resor till skog och natur runt hela v\u00e4rlden, bland annat till den Amerikanska v\u00e4stkusten d\u00e4r man bes\u00f6ker och ser de j\u00e4ttestora tr\u00e4d som v\u00e4xer d\u00e4r. I \u00e5r har Jan tyv\u00e4rr tvingats st\u00e4lla in utlandsresorna men d\u00e5 har han snabbt st\u00e4llt om och arrangerar nu ett antal resor inom Sverige, bland annat i Bergslagen. Han h\u00f6rde av sig och fr\u00e5gade om vi hade m\u00f6jlighet att ta emot ett antal bes\u00f6kare och prata om v\u00e5rt skogsbruk, vilket vi g\u00e4rna gjorde f\u00f6rst\u00e5s. <a href=\"https:\/\/www.skogsresor.se\/\"><span style=\"text-decoration: underline\">L\u00e4s mer om Jans f\u00f6retag och resor h\u00e4r<\/span><\/a>.<\/p>\n<p>Vi k\u00e4nner Jan, som \u00e4r mycket sympatisk och kunnig, sedan tidigare, bland annat s\u00e5 fick vi Guldkvisten vid samma tillf\u00e4lle, v\u00e5ren 2018. Och vi har intervjuat honom i en podd, nr 54, som handlar om m\u00e5ngbruk. N\u00e4r Jan inte jobbar med skogsresor k\u00f6r han ambulans (!)<\/p>\n<figure id=\"attachment_1633\" aria-describedby=\"caption-attachment-1633\" style=\"width: 685px\" class=\"wp-caption alignnone\"><img loading=\"lazy\" class=\"size-full wp-image-1633\" src=\"https:\/\/blogg.atl.nu\/det-grona-guldet\/wp-content\/uploads\/sites\/38\/2020\/09\/20200928_125841.jpg\" alt=\"\" width=\"685\" height=\"514\" srcset=\"https:\/\/blogg.atl.nu\/det-grona-guldet\/wp-content\/uploads\/sites\/38\/2020\/09\/20200928_125841.jpg 685w, https:\/\/blogg.atl.nu\/det-grona-guldet\/wp-content\/uploads\/sites\/38\/2020\/09\/20200928_125841-300x225.jpg 300w\" sizes=\"(max-width: 685px) 100vw, 685px\" \/><figcaption id=\"caption-attachment-1633\" class=\"wp-caption-text\"><em>Jan Hedberg till v\u00e4nster<\/em><\/figcaption><\/figure>\n<p>Vi b\u00f6rjade med att ber\u00e4tta hur vi anl\u00e4gger v\u00e5ra ungskogar, det vill s\u00e4ga, vi planterar gran och s\u00e5r tall. Just att s\u00e5 tall g\u00f6r att vi f\u00e5r upp t\u00e4ta plantskogar, 8 000 &#8211; 10 000 plant\/hektar och d\u00e5 t\u00e5l best\u00e5ndet en betning av kl\u00f6vvilt, utan att bli helt f\u00f6rst\u00f6rt. Vi anl\u00e4gger bara blandskogar, vilket vi anser blir en trevligare skog med dessutom en mindre risk f\u00f6r framtida bakslag i form av insektsangrepp, r\u00f6tsvampar, torkskador, granbarkborrar osv.<\/p>\n<p><img loading=\"lazy\" class=\"alignnone size-full wp-image-1632\" src=\"https:\/\/blogg.atl.nu\/det-grona-guldet\/wp-content\/uploads\/sites\/38\/2020\/09\/20200928_125831.jpg\" alt=\"\" width=\"685\" height=\"514\" srcset=\"https:\/\/blogg.atl.nu\/det-grona-guldet\/wp-content\/uploads\/sites\/38\/2020\/09\/20200928_125831.jpg 685w, https:\/\/blogg.atl.nu\/det-grona-guldet\/wp-content\/uploads\/sites\/38\/2020\/09\/20200928_125831-300x225.jpg 300w\" sizes=\"(max-width: 685px) 100vw, 685px\" \/><\/p>\n<figure id=\"attachment_1634\" aria-describedby=\"caption-attachment-1634\" style=\"width: 685px\" class=\"wp-caption alignnone\"><img loading=\"lazy\" class=\"size-full wp-image-1634\" src=\"https:\/\/blogg.atl.nu\/det-grona-guldet\/wp-content\/uploads\/sites\/38\/2020\/09\/20200928_130014.jpg\" alt=\"\" width=\"685\" height=\"514\" srcset=\"https:\/\/blogg.atl.nu\/det-grona-guldet\/wp-content\/uploads\/sites\/38\/2020\/09\/20200928_130014.jpg 685w, https:\/\/blogg.atl.nu\/det-grona-guldet\/wp-content\/uploads\/sites\/38\/2020\/09\/20200928_130014-300x225.jpg 300w\" sizes=\"(max-width: 685px) 100vw, 685px\" \/><figcaption id=\"caption-attachment-1634\" class=\"wp-caption-text\"><em>Fina h\u00f6stf\u00e4rger<\/em><\/figcaption><\/figure>\n<p>Vi ber\u00e4ttade ocks\u00e5 att vi st\u00e4mplar n\u00e4stan alla v\u00e5ra gallringar sj\u00e4lva, vilket g\u00f6r att vi f\u00e5r bra kontroll p\u00e5 stamvalet och kan fokusera p\u00e5 de riktigt raka stammarna.<\/p>\n<p><img loading=\"lazy\" class=\"alignnone size-full wp-image-1635\" src=\"https:\/\/blogg.atl.nu\/det-grona-guldet\/wp-content\/uploads\/sites\/38\/2020\/09\/20200928_132452.jpg\" alt=\"\" width=\"685\" height=\"514\" srcset=\"https:\/\/blogg.atl.nu\/det-grona-guldet\/wp-content\/uploads\/sites\/38\/2020\/09\/20200928_132452.jpg 685w, https:\/\/blogg.atl.nu\/det-grona-guldet\/wp-content\/uploads\/sites\/38\/2020\/09\/20200928_132452-300x225.jpg 300w\" sizes=\"(max-width: 685px) 100vw, 685px\" \/> <img loading=\"lazy\" class=\"alignnone size-full wp-image-1636\" src=\"https:\/\/blogg.atl.nu\/det-grona-guldet\/wp-content\/uploads\/sites\/38\/2020\/09\/20200928_132555.jpg\" alt=\"\" width=\"685\" height=\"514\" srcset=\"https:\/\/blogg.atl.nu\/det-grona-guldet\/wp-content\/uploads\/sites\/38\/2020\/09\/20200928_132555.jpg 685w, https:\/\/blogg.atl.nu\/det-grona-guldet\/wp-content\/uploads\/sites\/38\/2020\/09\/20200928_132555-300x225.jpg 300w\" sizes=\"(max-width: 685px) 100vw, 685px\" \/><\/p>\n<p>Det blev en del bra diskussioner ocks\u00e5, vilket alltid \u00e4r bra. Bland annat n\u00e4r vi ber\u00e4ttade om v\u00e5ra skogliga prioriteringar, som \u00e4r:<br \/>\n1) Styrka och stabilitet, dvs anl\u00e4gga och sk\u00f6ta skogen s\u00e5 att den blir stormfast, klarar sn\u00f6tryck, inneh\u00e5ller en variation som g\u00f6r den mindre k\u00e4nslig f\u00f6r olika angrepp.<br \/>\n2) Produktion av h\u00f6g s\u00e5gtimmerkvalitet<br \/>\n3) H\u00f6g volymproduktion genomst\u00e5ndortsanpassning, r\u00e4tt proveniens, kort kalmarkstid och v\u00e4lslutna r\u00f6jda ungskogar<br \/>\nVi prioriterar \u00e4ven rikligt med viltbete, h\u00f6g biologisk m\u00e5ngfald, skogliga sk\u00f6nhetsv\u00e4rden och oskadade kulturmilj\u00f6er.<\/p>\n<p>Sedan var det dags f\u00f6r lunch i skogen och det hade Jan med sig s\u00e5 det r\u00e4ckte till oss ocks\u00e5.<\/p>\n<p><img loading=\"lazy\" class=\"alignnone size-full wp-image-1639\" src=\"https:\/\/blogg.atl.nu\/det-grona-guldet\/wp-content\/uploads\/sites\/38\/2020\/09\/20200928_141943.jpg\" alt=\"\" width=\"685\" height=\"514\" srcset=\"https:\/\/blogg.atl.nu\/det-grona-guldet\/wp-content\/uploads\/sites\/38\/2020\/09\/20200928_141943.jpg 685w, https:\/\/blogg.atl.nu\/det-grona-guldet\/wp-content\/uploads\/sites\/38\/2020\/09\/20200928_141943-300x225.jpg 300w\" sizes=\"(max-width: 685px) 100vw, 685px\" \/> <img loading=\"lazy\" class=\"alignnone size-full wp-image-1638\" src=\"https:\/\/blogg.atl.nu\/det-grona-guldet\/wp-content\/uploads\/sites\/38\/2020\/09\/20200928_140555.jpg\" alt=\"\" width=\"685\" height=\"514\" srcset=\"https:\/\/blogg.atl.nu\/det-grona-guldet\/wp-content\/uploads\/sites\/38\/2020\/09\/20200928_140555.jpg 685w, https:\/\/blogg.atl.nu\/det-grona-guldet\/wp-content\/uploads\/sites\/38\/2020\/09\/20200928_140555-300x225.jpg 300w\" sizes=\"(max-width: 685px) 100vw, 685px\" \/> <img loading=\"lazy\" class=\"alignnone size-full wp-image-1637\" src=\"https:\/\/blogg.atl.nu\/det-grona-guldet\/wp-content\/uploads\/sites\/38\/2020\/09\/20200928_135023.jpg\" alt=\"\" width=\"685\" height=\"514\" srcset=\"https:\/\/blogg.atl.nu\/det-grona-guldet\/wp-content\/uploads\/sites\/38\/2020\/09\/20200928_135023.jpg 685w, https:\/\/blogg.atl.nu\/det-grona-guldet\/wp-content\/uploads\/sites\/38\/2020\/09\/20200928_135023-300x225.jpg 300w\" sizes=\"(max-width: 685px) 100vw, 685px\" \/><\/p>\n<p>Efter lunch, som vi intog vid ett best\u00e5nd d\u00e4r vi nyligen gallrade bort granen s\u00e5 att nu st\u00e5r det en fin timmerst\u00e4llning av tall. De flesta tallar \u00e4r stamkvistade och l\u00e4mpligt nog s\u00e5 hade vi en br\u00e4da fr\u00e5n best\u00e5ndet d\u00e4r man ser hur en stamkvistad br\u00e4da ser ut efter ett antal \u00e5r. Man ser tydligt att veden som v\u00e4xer efter stamkvistningen blir kvistfri. En toppkvalitet helt enkelt!<\/p>\n<p>Sen d\u00f6k fr\u00e5gan upp, vilket den ofta g\u00f6r, om man f\u00e5r betalt f\u00f6r jobbet man g\u00f6r n\u00e4r man stamkvistar och vid vilken \u00e5lder man ska sk\u00f6rda den kvistrena tallen. S\u00e5 sv\u00e5ra fr\u00e5gor kan vi f\u00f6rst\u00e5s inte svara p\u00e5 nu. Vi ber att f\u00e5 \u00e5terkomma med svar, om s\u00e5d\u00e4r 40-50 \u00e5r&#8230;<\/p>\n","protected":false},"excerpt":{"rendered":"<p>Idag hade vi ett trevligt bes\u00f6k av Jan Hedberg och en grupp skogsintresserade resen\u00e4rer. Jan, som \u00e4r en sann entrepren\u00f6r, driver ett f\u00f6retag som heter Skogresor och det \u00e4r enkelt beskrivet temaresor f\u00f6r skogs\u00e4gare och naturintresserade. De g\u00f6r resor till skog och natur runt hela v\u00e4rlden, bland annat till den Amerikanska v\u00e4stkusten d\u00e4r man bes\u00f6ker&#8230;<\/p>\n","protected":false},"author":358,"featured_media":1640,"comment_status":"open","ping_status":"open","sticky":false,"template":"","format":"standard","meta":[],"categories":[1],"tags":[],"yoast_head":"<!-- This site is optimized with the Yoast SEO plugin v19.6 - https:\/\/yoast.com\/wordpress\/plugins\/seo\/ -->\n<title>Bes\u00f6k av Jan Hedberg och Skogsresor - Det gr\u00f6na guldet<\/title>\n<meta name=\"robots\" content=\"index, follow, max-snippet:-1, max-image-preview:large, max-video-preview:-1\" \/>\n<link rel=\"canonical\" href=\"https:\/\/blogg.atl.nu\/det-grona-guldet\/2020\/09\/28\/besok-av-jan-hedberg-och-skogsresor\/\" \/>\n<meta property=\"og:locale\" content=\"sv_SE\" \/>\n<meta property=\"og:type\" content=\"article\" \/>\n<meta property=\"og:title\" content=\"Bes\u00f6k av Jan Hedberg och Skogsresor - Det gr\u00f6na guldet\" \/>\n<meta property=\"og:description\" content=\"Idag hade vi ett trevligt bes\u00f6k av Jan Hedberg och en grupp skogsintresserade resen\u00e4rer. Jan, som \u00e4r en sann entrepren\u00f6r, driver ett f\u00f6retag som heter Skogresor och det \u00e4r enkelt beskrivet temaresor f\u00f6r skogs\u00e4gare och naturintresserade. De g\u00f6r resor till skog och natur runt hela v\u00e4rlden, bland annat till den Amerikanska v\u00e4stkusten d\u00e4r man bes\u00f6ker...\" \/>\n<meta property=\"og:url\" content=\"https:\/\/blogg.atl.nu\/det-grona-guldet\/2020\/09\/28\/besok-av-jan-hedberg-och-skogsresor\/\" \/>\n<meta property=\"og:site_name\" content=\"Det gr\u00f6na guldet\" \/>\n<meta property=\"article:published_time\" content=\"2020-09-28T18:11:25+00:00\" \/>\n<meta property=\"og:image\" content=\"https:\/\/blogg.atl.nu\/det-grona-guldet\/wp-content\/uploads\/sites\/38\/2020\/09\/20200928_142141.jpg\" \/>\n\t<meta property=\"og:image:width\" content=\"685\" \/>\n\t<meta property=\"og:image:height\" content=\"514\" \/>\n\t<meta property=\"og:image:type\" content=\"image\/jpeg\" \/>\n<meta name=\"author\" content=\"perjonasson\" \/>\n<meta name=\"twitter:card\" content=\"summary_large_image\" \/>\n<meta name=\"twitter:label1\" content=\"Skriven av\" \/>\n\t<meta name=\"twitter:data1\" content=\"perjonasson\" \/>\n\t<meta name=\"twitter:label2\" content=\"Ber\u00e4knad l\u00e4stid\" \/>\n\t<meta name=\"twitter:data2\" content=\"3 minuter\" \/>\n<script type=\"application\/ld+json\" class=\"yoast-schema-graph\">{\"@context\":\"https:\/\/schema.org\",\"@graph\":[{\"@type\":\"WebPage\",\"@id\":\"https:\/\/blogg.atl.nu\/det-grona-guldet\/2020\/09\/28\/besok-av-jan-hedberg-och-skogsresor\/\",\"url\":\"https:\/\/blogg.atl.nu\/det-grona-guldet\/2020\/09\/28\/besok-av-jan-hedberg-och-skogsresor\/\",\"name\":\"Bes\u00f6k av Jan Hedberg och Skogsresor - Det gr\u00f6na guldet\",\"isPartOf\":{\"@id\":\"https:\/\/blogg.atl.nu\/det-grona-guldet\/#website\"},\"datePublished\":\"2020-09-28T18:11:25+00:00\",\"dateModified\":\"2020-09-28T18:11:25+00:00\",\"author\":{\"@id\":\"https:\/\/blogg.atl.nu\/det-grona-guldet\/#\/schema\/person\/287702eafc70c00d00ddd6052f82103c\"},\"breadcrumb\":{\"@id\":\"https:\/\/blogg.atl.nu\/det-grona-guldet\/2020\/09\/28\/besok-av-jan-hedberg-och-skogsresor\/#breadcrumb\"},\"inLanguage\":\"sv-SE\",\"potentialAction\":[{\"@type\":\"ReadAction\",\"target\":[\"https:\/\/blogg.atl.nu\/det-grona-guldet\/2020\/09\/28\/besok-av-jan-hedberg-och-skogsresor\/\"]}]},{\"@type\":\"BreadcrumbList\",\"@id\":\"https:\/\/blogg.atl.nu\/det-grona-guldet\/2020\/09\/28\/besok-av-jan-hedberg-och-skogsresor\/#breadcrumb\",\"itemListElement\":[{\"@type\":\"ListItem\",\"position\":1,\"name\":\"Home\",\"item\":\"https:\/\/blogg.atl.nu\/det-grona-guldet\/\"},{\"@type\":\"ListItem\",\"position\":2,\"name\":\"Bes\u00f6k av Jan Hedberg och Skogsresor\"}]},{\"@type\":\"WebSite\",\"@id\":\"https:\/\/blogg.atl.nu\/det-grona-guldet\/#website\",\"url\":\"https:\/\/blogg.atl.nu\/det-grona-guldet\/\",\"name\":\"Det gr\u00f6na guldet\",\"description\":\"Per Jonasson\",\"potentialAction\":[{\"@type\":\"SearchAction\",\"target\":{\"@type\":\"EntryPoint\",\"urlTemplate\":\"https:\/\/blogg.atl.nu\/det-grona-guldet\/?s={search_term_string}\"},\"query-input\":\"required name=search_term_string\"}],\"inLanguage\":\"sv-SE\"},{\"@type\":\"Person\",\"@id\":\"https:\/\/blogg.atl.nu\/det-grona-guldet\/#\/schema\/person\/287702eafc70c00d00ddd6052f82103c\",\"name\":\"perjonasson\",\"image\":{\"@type\":\"ImageObject\",\"inLanguage\":\"sv-SE\",\"@id\":\"https:\/\/blogg.atl.nu\/det-grona-guldet\/#\/schema\/person\/image\/\",\"url\":\"https:\/\/secure.gravatar.com\/avatar\/cb1f6adf68537abe8b5ad3acda4c0b63?s=96&d=mm&r=g\",\"contentUrl\":\"https:\/\/secure.gravatar.com\/avatar\/cb1f6adf68537abe8b5ad3acda4c0b63?s=96&d=mm&r=g\",\"caption\":\"perjonasson\"},\"url\":\"https:\/\/blogg.atl.nu\/det-grona-guldet\/author\/perjonasson\/\"}]}<\/script>\n<!-- \/ Yoast SEO plugin. -->","yoast_head_json":{"title":"Bes\u00f6k av Jan Hedberg och Skogsresor - Det gr\u00f6na guldet","robots":{"index":"index","follow":"follow","max-snippet":"max-snippet:-1","max-image-preview":"max-image-preview:large","max-video-preview":"max-video-preview:-1"},"canonical":"https:\/\/blogg.atl.nu\/det-grona-guldet\/2020\/09\/28\/besok-av-jan-hedberg-och-skogsresor\/","og_locale":"sv_SE","og_type":"article","og_title":"Bes\u00f6k av Jan Hedberg och Skogsresor - Det gr\u00f6na guldet","og_description":"Idag hade vi ett trevligt bes\u00f6k av Jan Hedberg och en grupp skogsintresserade resen\u00e4rer. Jan, som \u00e4r en sann entrepren\u00f6r, driver ett f\u00f6retag som heter Skogresor och det \u00e4r enkelt beskrivet temaresor f\u00f6r skogs\u00e4gare och naturintresserade. De g\u00f6r resor till skog och natur runt hela v\u00e4rlden, bland annat till den Amerikanska v\u00e4stkusten d\u00e4r man bes\u00f6ker...","og_url":"https:\/\/blogg.atl.nu\/det-grona-guldet\/2020\/09\/28\/besok-av-jan-hedberg-och-skogsresor\/","og_site_name":"Det gr\u00f6na guldet","article_published_time":"2020-09-28T18:11:25+00:00","og_image":[{"width":685,"height":514,"url":"https:\/\/blogg.atl.nu\/det-grona-guldet\/wp-content\/uploads\/sites\/38\/2020\/09\/20200928_142141.jpg","type":"image\/jpeg"}],"author":"perjonasson","twitter_card":"summary_large_image","twitter_misc":{"Skriven av":"perjonasson","Ber\u00e4knad l\u00e4stid":"3 minuter"},"schema":{"@context":"https:\/\/schema.org","@graph":[{"@type":"WebPage","@id":"https:\/\/blogg.atl.nu\/det-grona-guldet\/2020\/09\/28\/besok-av-jan-hedberg-och-skogsresor\/","url":"https:\/\/blogg.atl.nu\/det-grona-guldet\/2020\/09\/28\/besok-av-jan-hedberg-och-skogsresor\/","name":"Bes\u00f6k av Jan Hedberg och Skogsresor - Det gr\u00f6na guldet","isPartOf":{"@id":"https:\/\/blogg.atl.nu\/det-grona-guldet\/#website"},"datePublished":"2020-09-28T18:11:25+00:00","dateModified":"2020-09-28T18:11:25+00:00","author":{"@id":"https:\/\/blogg.atl.nu\/det-grona-guldet\/#\/schema\/person\/287702eafc70c00d00ddd6052f82103c"},"breadcrumb":{"@id":"https:\/\/blogg.atl.nu\/det-grona-guldet\/2020\/09\/28\/besok-av-jan-hedberg-och-skogsresor\/#breadcrumb"},"inLanguage":"sv-SE","potentialAction":[{"@type":"ReadAction","target":["https:\/\/blogg.atl.nu\/det-grona-guldet\/2020\/09\/28\/besok-av-jan-hedberg-och-skogsresor\/"]}]},{"@type":"BreadcrumbList","@id":"https:\/\/blogg.atl.nu\/det-grona-guldet\/2020\/09\/28\/besok-av-jan-hedberg-och-skogsresor\/#breadcrumb","itemListElement":[{"@type":"ListItem","position":1,"name":"Home","item":"https:\/\/blogg.atl.nu\/det-grona-guldet\/"},{"@type":"ListItem","position":2,"name":"Bes\u00f6k av Jan Hedberg och Skogsresor"}]},{"@type":"WebSite","@id":"https:\/\/blogg.atl.nu\/det-grona-guldet\/#website","url":"https:\/\/blogg.atl.nu\/det-grona-guldet\/","name":"Det gr\u00f6na guldet","description":"Per Jonasson","potentialAction":[{"@type":"SearchAction","target":{"@type":"EntryPoint","urlTemplate":"https:\/\/blogg.atl.nu\/det-grona-guldet\/?s={search_term_string}"},"query-input":"required name=search_term_string"}],"inLanguage":"sv-SE"},{"@type":"Person","@id":"https:\/\/blogg.atl.nu\/det-grona-guldet\/#\/schema\/person\/287702eafc70c00d00ddd6052f82103c","name":"perjonasson","image":{"@type":"ImageObject","inLanguage":"sv-SE","@id":"https:\/\/blogg.atl.nu\/det-grona-guldet\/#\/schema\/person\/image\/","url":"https:\/\/secure.gravatar.com\/avatar\/cb1f6adf68537abe8b5ad3acda4c0b63?s=96&d=mm&r=g","contentUrl":"https:\/\/secure.gravatar.com\/avatar\/cb1f6adf68537abe8b5ad3acda4c0b63?s=96&d=mm&r=g","caption":"perjonasson"},"url":"https:\/\/blogg.atl.nu\/det-grona-guldet\/author\/perjonasson\/"}]}},"_links":{"self":[{"href":"https:\/\/blogg.atl.nu\/det-grona-guldet\/wp-json\/wp\/v2\/posts\/1641"}],"collection":[{"href":"https:\/\/blogg.atl.nu\/det-grona-guldet\/wp-json\/wp\/v2\/posts"}],"about":[{"href":"https:\/\/blogg.atl.nu\/det-grona-guldet\/wp-json\/wp\/v2\/types\/post"}],"author":[{"embeddable":true,"href":"https:\/\/blogg.atl.nu\/det-grona-guldet\/wp-json\/wp\/v2\/users\/358"}],"replies":[{"embeddable":true,"href":"https:\/\/blogg.atl.nu\/det-grona-guldet\/wp-json\/wp\/v2\/comments?post=1641"}],"version-history":[{"count":5,"href":"https:\/\/blogg.atl.nu\/det-grona-guldet\/wp-json\/wp\/v2\/posts\/1641\/revisions"}],"predecessor-version":[{"id":1646,"href":"https:\/\/blogg.atl.nu\/det-grona-guldet\/wp-json\/wp\/v2\/posts\/1641\/revisions\/1646"}],"wp:featuredmedia":[{"embeddable":true,"href":"https:\/\/blogg.atl.nu\/det-grona-guldet\/wp-json\/wp\/v2\/media\/1640"}],"wp:attachment":[{"href":"https:\/\/blogg.atl.nu\/det-grona-guldet\/wp-json\/wp\/v2\/media?parent=1641"}],"wp:term":[{"taxonomy":"category","embeddable":true,"href":"https:\/\/blogg.atl.nu\/det-grona-guldet\/wp-json\/wp\/v2\/categories?post=1641"},{"taxonomy":"post_tag","embeddable":true,"href":"https:\/\/blogg.atl.nu\/det-grona-guldet\/wp-json\/wp\/v2\/tags?post=1641"}],"curies":[{"name":"wp","href":"https:\/\/api.w.org\/{rel}","templated":true}]}}