{"id":1658,"date":"2020-09-29T19:39:49","date_gmt":"2020-09-29T17:39:49","guid":{"rendered":"https:\/\/blogg.atl.nu\/det-grona-guldet\/?p=1658"},"modified":"2020-09-29T19:40:51","modified_gmt":"2020-09-29T17:40:51","slug":"vi-mater-hojder-och-planerar-varens-beskogning","status":"publish","type":"post","link":"https:\/\/blogg.atl.nu\/det-grona-guldet\/2020\/09\/29\/vi-mater-hojder-och-planerar-varens-beskogning\/","title":{"rendered":"Vi m\u00e4ter h\u00f6jder och planerar v\u00e5rens beskogning"},"content":{"rendered":"<p>Efter ett kort telefonm\u00f6te p\u00e5 morgonen stack vi ut i skogen, Bosse och jag. Idag hade vi p\u00e5 agendan att planera f\u00f6r v\u00e5rens beskogningar och i det ing\u00e5r att g\u00e5 \u00f6ver hyggena och se var vi ska markbereda samt att m\u00e4ta h\u00f6jder p\u00e5 ett antal fr\u00f6tallar. Det g\u00f6r vi f\u00f6r vi vill veta hur b\u00f6rdig marken \u00e4r, vilket st\u00e5ndortsindex vi har p\u00e5 de olika delarna av hygget.<\/p>\n<p>Vi valde en bra dag f\u00f6r det var stilla och vackert. Riktigt disigt och regnet l\u00e5g och lurade men b\u00f6rjade inte f\u00f6rr\u00e4n vi var precis klara. Hur ofta h\u00e4nder det?<\/p>\n<figure id=\"attachment_1647\" aria-describedby=\"caption-attachment-1647\" style=\"width: 685px\" class=\"wp-caption alignnone\"><img loading=\"lazy\" class=\"size-full wp-image-1647\" src=\"https:\/\/blogg.atl.nu\/det-grona-guldet\/wp-content\/uploads\/sites\/38\/2020\/09\/20200929_103316.jpg\" alt=\"\" width=\"685\" height=\"514\" srcset=\"https:\/\/blogg.atl.nu\/det-grona-guldet\/wp-content\/uploads\/sites\/38\/2020\/09\/20200929_103316.jpg 685w, https:\/\/blogg.atl.nu\/det-grona-guldet\/wp-content\/uploads\/sites\/38\/2020\/09\/20200929_103316-300x225.jpg 300w\" sizes=\"(max-width: 685px) 100vw, 685px\" \/><figcaption id=\"caption-attachment-1647\" class=\"wp-caption-text\"><em>Disigt och vackert<\/em><\/figcaption><\/figure>\n<p>N\u00e4r vi m\u00e4ter h\u00f6jder s\u00e5 anv\u00e4nder vi oss av en traditionell old school h\u00f6jdm\u00e4tare, dvs en som man siktar mot basen p\u00e5 tr\u00e4det och sedan mot toppen. Inne i m\u00e4tare finns en analog tavla d\u00e4r man l\u00e4ser av h\u00f6jden. Viktigt att man st\u00e5r p\u00e5 exakt r\u00e4tt avst\u00e5nd f\u00f6rst\u00e5s och det l\u00f6ser man med de h\u00e4r lattorna som man h\u00e4nger p\u00e5 tr\u00e4det. P\u00e5 h\u00f6jdm\u00e4taren finns en lins bryter lattorna p\u00e5 ett speciellt vis n\u00e4r man \u00e4r exakt 20 meter ifr\u00e5n. Vi testade f\u00f6r s\u00e4kerhets skull med ett m\u00e5ttband och det st\u00e4mde. Nu \u00e4r vi inne p\u00e5 att uppgradera v\u00e5ra verktyg till en laser h\u00f6jdm\u00e4tare s\u00e5 har ni tips p\u00e5 bra modeller f\u00e5r ni g\u00e4rna tipsa oss.<\/p>\n<figure id=\"attachment_1649\" aria-describedby=\"caption-attachment-1649\" style=\"width: 685px\" class=\"wp-caption alignnone\"><img loading=\"lazy\" class=\"size-full wp-image-1649\" src=\"https:\/\/blogg.atl.nu\/det-grona-guldet\/wp-content\/uploads\/sites\/38\/2020\/09\/20200929_104634.jpg\" alt=\"\" width=\"685\" height=\"514\" srcset=\"https:\/\/blogg.atl.nu\/det-grona-guldet\/wp-content\/uploads\/sites\/38\/2020\/09\/20200929_104634.jpg 685w, https:\/\/blogg.atl.nu\/det-grona-guldet\/wp-content\/uploads\/sites\/38\/2020\/09\/20200929_104634-300x225.jpg 300w\" sizes=\"(max-width: 685px) 100vw, 685px\" \/><figcaption id=\"caption-attachment-1649\" class=\"wp-caption-text\"><em>En h\u00f6jdm\u00e4tare<\/em><\/figcaption><\/figure>\n<p><img loading=\"lazy\" class=\"alignnone size-full wp-image-1652\" src=\"https:\/\/blogg.atl.nu\/det-grona-guldet\/wp-content\/uploads\/sites\/38\/2020\/09\/20200929_110226.jpg\" alt=\"\" width=\"685\" height=\"514\" srcset=\"https:\/\/blogg.atl.nu\/det-grona-guldet\/wp-content\/uploads\/sites\/38\/2020\/09\/20200929_110226.jpg 685w, https:\/\/blogg.atl.nu\/det-grona-guldet\/wp-content\/uploads\/sites\/38\/2020\/09\/20200929_110226-300x225.jpg 300w\" sizes=\"(max-width: 685px) 100vw, 685px\" \/> <img loading=\"lazy\" class=\"alignnone size-full wp-image-1653\" src=\"https:\/\/blogg.atl.nu\/det-grona-guldet\/wp-content\/uploads\/sites\/38\/2020\/09\/20200929_110644.jpg\" alt=\"\" width=\"685\" height=\"514\" srcset=\"https:\/\/blogg.atl.nu\/det-grona-guldet\/wp-content\/uploads\/sites\/38\/2020\/09\/20200929_110644.jpg 685w, https:\/\/blogg.atl.nu\/det-grona-guldet\/wp-content\/uploads\/sites\/38\/2020\/09\/20200929_110644-300x225.jpg 300w\" sizes=\"(max-width: 685px) 100vw, 685px\" \/> <img loading=\"lazy\" class=\"alignnone size-full wp-image-1656\" src=\"https:\/\/blogg.atl.nu\/det-grona-guldet\/wp-content\/uploads\/sites\/38\/2020\/09\/20200929_144237.jpg\" alt=\"\" width=\"685\" height=\"514\" srcset=\"https:\/\/blogg.atl.nu\/det-grona-guldet\/wp-content\/uploads\/sites\/38\/2020\/09\/20200929_144237.jpg 685w, https:\/\/blogg.atl.nu\/det-grona-guldet\/wp-content\/uploads\/sites\/38\/2020\/09\/20200929_144237-300x225.jpg 300w\" sizes=\"(max-width: 685px) 100vw, 685px\" \/><\/p>\n<p>Ett omr\u00e5de som vi var framme vid best\u00e5r av en kulle ovanf\u00f6r ett yngre best\u00e5nd. P\u00e5 kullen har vi sparat runt 50 grova gamla tallar. De \u00e4r riktigt m\u00e4ktiga och i ett av mina f\u00f6rsta blogginl\u00e4gg var jag d\u00e4r ocks\u00e5, men d\u00e5 f\u00f6r att markera dem som naturv\u00e4rdestr\u00e4d. <a href=\"https:\/\/blogg.atl.nu\/det-grona-guldet\/2019\/11\/22\/forberedelser-infor-slutavverkning\/\"><span style=\"text-decoration: underline\">H\u00e4r skrev jag om det<\/span><\/a>.<\/p>\n<figure id=\"attachment_1657\" aria-describedby=\"caption-attachment-1657\" style=\"width: 685px\" class=\"wp-caption alignnone\"><img loading=\"lazy\" class=\"size-full wp-image-1657\" src=\"https:\/\/blogg.atl.nu\/det-grona-guldet\/wp-content\/uploads\/sites\/38\/2020\/09\/20200929_144411.jpg\" alt=\"\" width=\"685\" height=\"514\" srcset=\"https:\/\/blogg.atl.nu\/det-grona-guldet\/wp-content\/uploads\/sites\/38\/2020\/09\/20200929_144411.jpg 685w, https:\/\/blogg.atl.nu\/det-grona-guldet\/wp-content\/uploads\/sites\/38\/2020\/09\/20200929_144411-300x225.jpg 300w\" sizes=\"(max-width: 685px) 100vw, 685px\" \/><figcaption id=\"caption-attachment-1657\" class=\"wp-caption-text\"><em>Gamla och grova tallar. Och Bosse<\/em><\/figcaption><\/figure>\n<p>Vi gjorde en sak till ocks\u00e5, n\u00e4mligen s\u00e5 gick vi in en kort sv\u00e4ng p\u00e5 grannens mark f\u00f6r att se hur deras beskogning g\u00e5tt. Eftersom v\u00e5r mark ligger precis brevid s\u00e5 f\u00e5r vi bra tips om hur det kommer att se ut hos oss och det s\u00e5g lovande ut. Eller vad s\u00e4ger ni?<\/p>\n<p><img loading=\"lazy\" class=\"alignnone size-full wp-image-1650\" src=\"https:\/\/blogg.atl.nu\/det-grona-guldet\/wp-content\/uploads\/sites\/38\/2020\/09\/20200929_105048.jpg\" alt=\"\" width=\"685\" height=\"514\" srcset=\"https:\/\/blogg.atl.nu\/det-grona-guldet\/wp-content\/uploads\/sites\/38\/2020\/09\/20200929_105048.jpg 685w, https:\/\/blogg.atl.nu\/det-grona-guldet\/wp-content\/uploads\/sites\/38\/2020\/09\/20200929_105048-300x225.jpg 300w\" sizes=\"(max-width: 685px) 100vw, 685px\" \/> <img loading=\"lazy\" class=\"alignnone size-full wp-image-1651\" src=\"https:\/\/blogg.atl.nu\/det-grona-guldet\/wp-content\/uploads\/sites\/38\/2020\/09\/20200929_105237.jpg\" alt=\"\" width=\"685\" height=\"514\" srcset=\"https:\/\/blogg.atl.nu\/det-grona-guldet\/wp-content\/uploads\/sites\/38\/2020\/09\/20200929_105237.jpg 685w, https:\/\/blogg.atl.nu\/det-grona-guldet\/wp-content\/uploads\/sites\/38\/2020\/09\/20200929_105237-300x225.jpg 300w\" sizes=\"(max-width: 685px) 100vw, 685px\" \/><\/p>\n<p>Det kommer en hel del tall fr\u00e5n fr\u00f6tallarna och d\u00e5 har grannen inte markberett vad vi kunde se. S\u00e5 det kan nog bli bra. Vi kommer att markbereda det mesta av v\u00e5r beskogning och \u00e4ven s\u00e5, d\u00e5 b\u00f6r det bli \u00e4nnu mera plant.<\/p>\n<p>De delar som \u00e4r bl\u00f6ta eller best\u00e5r av vitmossa kommer vi inte att markbereda, d\u00e4r s\u00e5r vi utan markberedning och det brukar g\u00e5 bra ocks\u00e5. Just i fuktig vitmossa brukar det gro fantastiskt bra. Vi har gjort en liten film om det som ni kan se h\u00e4r:<\/p>\n<p><iframe loading=\"lazy\" title=\"Skogspodden - S\u00e5dd utan markberedning\" width=\"500\" height=\"281\" src=\"https:\/\/www.youtube.com\/embed\/bmm29akibC4?start=4&#038;feature=oembed&#038;enablejsapi=1&#038;origin=https:\/\/blogg.atl.nu\" frameborder=\"0\" allow=\"accelerometer; autoplay; clipboard-write; encrypted-media; gyroscope; picture-in-picture\" allowfullscreen><\/iframe><\/p>\n<p>Vill se se flera av v\u00e5ra filmer s\u00e5 finns de i v\u00e5r kanal p\u00e5 Youtube.<\/p>\n","protected":false},"excerpt":{"rendered":"<p>Efter ett kort telefonm\u00f6te p\u00e5 morgonen stack vi ut i skogen, Bosse och jag. Idag hade vi p\u00e5 agendan att planera f\u00f6r v\u00e5rens beskogningar och i det ing\u00e5r att g\u00e5 \u00f6ver hyggena och se var vi ska markbereda samt att m\u00e4ta h\u00f6jder p\u00e5 ett antal fr\u00f6tallar. Det g\u00f6r vi f\u00f6r vi vill veta hur b\u00f6rdig&#8230;<\/p>\n","protected":false},"author":358,"featured_media":1654,"comment_status":"open","ping_status":"open","sticky":false,"template":"","format":"standard","meta":[],"categories":[1],"tags":[48,100,13,66],"yoast_head":"<!-- This site is optimized with the Yoast SEO plugin v19.6 - https:\/\/yoast.com\/wordpress\/plugins\/seo\/ -->\n<title>Vi m\u00e4ter h\u00f6jder och planerar v\u00e5rens beskogning - Det gr\u00f6na guldet<\/title>\n<meta name=\"robots\" content=\"index, follow, max-snippet:-1, max-image-preview:large, max-video-preview:-1\" \/>\n<link rel=\"canonical\" href=\"https:\/\/blogg.atl.nu\/det-grona-guldet\/2020\/09\/29\/vi-mater-hojder-och-planerar-varens-beskogning\/\" \/>\n<meta property=\"og:locale\" content=\"sv_SE\" \/>\n<meta property=\"og:type\" content=\"article\" \/>\n<meta property=\"og:title\" content=\"Vi m\u00e4ter h\u00f6jder och planerar v\u00e5rens beskogning - Det gr\u00f6na guldet\" \/>\n<meta property=\"og:description\" content=\"Efter ett kort telefonm\u00f6te p\u00e5 morgonen stack vi ut i skogen, Bosse och jag. Idag hade vi p\u00e5 agendan att planera f\u00f6r v\u00e5rens beskogningar och i det ing\u00e5r att g\u00e5 \u00f6ver hyggena och se var vi ska markbereda samt att m\u00e4ta h\u00f6jder p\u00e5 ett antal fr\u00f6tallar. Det g\u00f6r vi f\u00f6r vi vill veta hur b\u00f6rdig...\" \/>\n<meta property=\"og:url\" content=\"https:\/\/blogg.atl.nu\/det-grona-guldet\/2020\/09\/29\/vi-mater-hojder-och-planerar-varens-beskogning\/\" \/>\n<meta property=\"og:site_name\" content=\"Det gr\u00f6na guldet\" \/>\n<meta property=\"article:published_time\" content=\"2020-09-29T17:39:49+00:00\" \/>\n<meta property=\"article:modified_time\" content=\"2020-09-29T17:40:51+00:00\" \/>\n<meta property=\"og:image\" content=\"https:\/\/blogg.atl.nu\/det-grona-guldet\/wp-content\/uploads\/sites\/38\/2020\/09\/20200929_112303.jpg\" \/>\n\t<meta property=\"og:image:width\" content=\"685\" \/>\n\t<meta property=\"og:image:height\" content=\"514\" \/>\n\t<meta property=\"og:image:type\" content=\"image\/jpeg\" \/>\n<meta name=\"author\" content=\"perjonasson\" \/>\n<meta name=\"twitter:card\" content=\"summary_large_image\" \/>\n<meta name=\"twitter:label1\" content=\"Skriven av\" \/>\n\t<meta name=\"twitter:data1\" content=\"perjonasson\" \/>\n\t<meta name=\"twitter:label2\" content=\"Ber\u00e4knad l\u00e4stid\" \/>\n\t<meta name=\"twitter:data2\" content=\"3 minuter\" \/>\n<script type=\"application\/ld+json\" class=\"yoast-schema-graph\">{\"@context\":\"https:\/\/schema.org\",\"@graph\":[{\"@type\":\"WebPage\",\"@id\":\"https:\/\/blogg.atl.nu\/det-grona-guldet\/2020\/09\/29\/vi-mater-hojder-och-planerar-varens-beskogning\/\",\"url\":\"https:\/\/blogg.atl.nu\/det-grona-guldet\/2020\/09\/29\/vi-mater-hojder-och-planerar-varens-beskogning\/\",\"name\":\"Vi m\u00e4ter h\u00f6jder och planerar v\u00e5rens beskogning - Det gr\u00f6na guldet\",\"isPartOf\":{\"@id\":\"https:\/\/blogg.atl.nu\/det-grona-guldet\/#website\"},\"datePublished\":\"2020-09-29T17:39:49+00:00\",\"dateModified\":\"2020-09-29T17:40:51+00:00\",\"author\":{\"@id\":\"https:\/\/blogg.atl.nu\/det-grona-guldet\/#\/schema\/person\/287702eafc70c00d00ddd6052f82103c\"},\"breadcrumb\":{\"@id\":\"https:\/\/blogg.atl.nu\/det-grona-guldet\/2020\/09\/29\/vi-mater-hojder-och-planerar-varens-beskogning\/#breadcrumb\"},\"inLanguage\":\"sv-SE\",\"potentialAction\":[{\"@type\":\"ReadAction\",\"target\":[\"https:\/\/blogg.atl.nu\/det-grona-guldet\/2020\/09\/29\/vi-mater-hojder-och-planerar-varens-beskogning\/\"]}]},{\"@type\":\"BreadcrumbList\",\"@id\":\"https:\/\/blogg.atl.nu\/det-grona-guldet\/2020\/09\/29\/vi-mater-hojder-och-planerar-varens-beskogning\/#breadcrumb\",\"itemListElement\":[{\"@type\":\"ListItem\",\"position\":1,\"name\":\"Home\",\"item\":\"https:\/\/blogg.atl.nu\/det-grona-guldet\/\"},{\"@type\":\"ListItem\",\"position\":2,\"name\":\"Vi m\u00e4ter h\u00f6jder och planerar v\u00e5rens beskogning\"}]},{\"@type\":\"WebSite\",\"@id\":\"https:\/\/blogg.atl.nu\/det-grona-guldet\/#website\",\"url\":\"https:\/\/blogg.atl.nu\/det-grona-guldet\/\",\"name\":\"Det gr\u00f6na guldet\",\"description\":\"Per Jonasson\",\"potentialAction\":[{\"@type\":\"SearchAction\",\"target\":{\"@type\":\"EntryPoint\",\"urlTemplate\":\"https:\/\/blogg.atl.nu\/det-grona-guldet\/?s={search_term_string}\"},\"query-input\":\"required name=search_term_string\"}],\"inLanguage\":\"sv-SE\"},{\"@type\":\"Person\",\"@id\":\"https:\/\/blogg.atl.nu\/det-grona-guldet\/#\/schema\/person\/287702eafc70c00d00ddd6052f82103c\",\"name\":\"perjonasson\",\"image\":{\"@type\":\"ImageObject\",\"inLanguage\":\"sv-SE\",\"@id\":\"https:\/\/blogg.atl.nu\/det-grona-guldet\/#\/schema\/person\/image\/\",\"url\":\"https:\/\/secure.gravatar.com\/avatar\/cb1f6adf68537abe8b5ad3acda4c0b63?s=96&d=mm&r=g\",\"contentUrl\":\"https:\/\/secure.gravatar.com\/avatar\/cb1f6adf68537abe8b5ad3acda4c0b63?s=96&d=mm&r=g\",\"caption\":\"perjonasson\"},\"url\":\"https:\/\/blogg.atl.nu\/det-grona-guldet\/author\/perjonasson\/\"}]}<\/script>\n<!-- \/ Yoast SEO plugin. -->","yoast_head_json":{"title":"Vi m\u00e4ter h\u00f6jder och planerar v\u00e5rens beskogning - Det gr\u00f6na guldet","robots":{"index":"index","follow":"follow","max-snippet":"max-snippet:-1","max-image-preview":"max-image-preview:large","max-video-preview":"max-video-preview:-1"},"canonical":"https:\/\/blogg.atl.nu\/det-grona-guldet\/2020\/09\/29\/vi-mater-hojder-och-planerar-varens-beskogning\/","og_locale":"sv_SE","og_type":"article","og_title":"Vi m\u00e4ter h\u00f6jder och planerar v\u00e5rens beskogning - Det gr\u00f6na guldet","og_description":"Efter ett kort telefonm\u00f6te p\u00e5 morgonen stack vi ut i skogen, Bosse och jag. Idag hade vi p\u00e5 agendan att planera f\u00f6r v\u00e5rens beskogningar och i det ing\u00e5r att g\u00e5 \u00f6ver hyggena och se var vi ska markbereda samt att m\u00e4ta h\u00f6jder p\u00e5 ett antal fr\u00f6tallar. Det g\u00f6r vi f\u00f6r vi vill veta hur b\u00f6rdig...","og_url":"https:\/\/blogg.atl.nu\/det-grona-guldet\/2020\/09\/29\/vi-mater-hojder-och-planerar-varens-beskogning\/","og_site_name":"Det gr\u00f6na guldet","article_published_time":"2020-09-29T17:39:49+00:00","article_modified_time":"2020-09-29T17:40:51+00:00","og_image":[{"width":685,"height":514,"url":"https:\/\/blogg.atl.nu\/det-grona-guldet\/wp-content\/uploads\/sites\/38\/2020\/09\/20200929_112303.jpg","type":"image\/jpeg"}],"author":"perjonasson","twitter_card":"summary_large_image","twitter_misc":{"Skriven av":"perjonasson","Ber\u00e4knad l\u00e4stid":"3 minuter"},"schema":{"@context":"https:\/\/schema.org","@graph":[{"@type":"WebPage","@id":"https:\/\/blogg.atl.nu\/det-grona-guldet\/2020\/09\/29\/vi-mater-hojder-och-planerar-varens-beskogning\/","url":"https:\/\/blogg.atl.nu\/det-grona-guldet\/2020\/09\/29\/vi-mater-hojder-och-planerar-varens-beskogning\/","name":"Vi m\u00e4ter h\u00f6jder och planerar v\u00e5rens beskogning - Det gr\u00f6na guldet","isPartOf":{"@id":"https:\/\/blogg.atl.nu\/det-grona-guldet\/#website"},"datePublished":"2020-09-29T17:39:49+00:00","dateModified":"2020-09-29T17:40:51+00:00","author":{"@id":"https:\/\/blogg.atl.nu\/det-grona-guldet\/#\/schema\/person\/287702eafc70c00d00ddd6052f82103c"},"breadcrumb":{"@id":"https:\/\/blogg.atl.nu\/det-grona-guldet\/2020\/09\/29\/vi-mater-hojder-och-planerar-varens-beskogning\/#breadcrumb"},"inLanguage":"sv-SE","potentialAction":[{"@type":"ReadAction","target":["https:\/\/blogg.atl.nu\/det-grona-guldet\/2020\/09\/29\/vi-mater-hojder-och-planerar-varens-beskogning\/"]}]},{"@type":"BreadcrumbList","@id":"https:\/\/blogg.atl.nu\/det-grona-guldet\/2020\/09\/29\/vi-mater-hojder-och-planerar-varens-beskogning\/#breadcrumb","itemListElement":[{"@type":"ListItem","position":1,"name":"Home","item":"https:\/\/blogg.atl.nu\/det-grona-guldet\/"},{"@type":"ListItem","position":2,"name":"Vi m\u00e4ter h\u00f6jder och planerar v\u00e5rens beskogning"}]},{"@type":"WebSite","@id":"https:\/\/blogg.atl.nu\/det-grona-guldet\/#website","url":"https:\/\/blogg.atl.nu\/det-grona-guldet\/","name":"Det gr\u00f6na guldet","description":"Per Jonasson","potentialAction":[{"@type":"SearchAction","target":{"@type":"EntryPoint","urlTemplate":"https:\/\/blogg.atl.nu\/det-grona-guldet\/?s={search_term_string}"},"query-input":"required name=search_term_string"}],"inLanguage":"sv-SE"},{"@type":"Person","@id":"https:\/\/blogg.atl.nu\/det-grona-guldet\/#\/schema\/person\/287702eafc70c00d00ddd6052f82103c","name":"perjonasson","image":{"@type":"ImageObject","inLanguage":"sv-SE","@id":"https:\/\/blogg.atl.nu\/det-grona-guldet\/#\/schema\/person\/image\/","url":"https:\/\/secure.gravatar.com\/avatar\/cb1f6adf68537abe8b5ad3acda4c0b63?s=96&d=mm&r=g","contentUrl":"https:\/\/secure.gravatar.com\/avatar\/cb1f6adf68537abe8b5ad3acda4c0b63?s=96&d=mm&r=g","caption":"perjonasson"},"url":"https:\/\/blogg.atl.nu\/det-grona-guldet\/author\/perjonasson\/"}]}},"_links":{"self":[{"href":"https:\/\/blogg.atl.nu\/det-grona-guldet\/wp-json\/wp\/v2\/posts\/1658"}],"collection":[{"href":"https:\/\/blogg.atl.nu\/det-grona-guldet\/wp-json\/wp\/v2\/posts"}],"about":[{"href":"https:\/\/blogg.atl.nu\/det-grona-guldet\/wp-json\/wp\/v2\/types\/post"}],"author":[{"embeddable":true,"href":"https:\/\/blogg.atl.nu\/det-grona-guldet\/wp-json\/wp\/v2\/users\/358"}],"replies":[{"embeddable":true,"href":"https:\/\/blogg.atl.nu\/det-grona-guldet\/wp-json\/wp\/v2\/comments?post=1658"}],"version-history":[{"count":3,"href":"https:\/\/blogg.atl.nu\/det-grona-guldet\/wp-json\/wp\/v2\/posts\/1658\/revisions"}],"predecessor-version":[{"id":1662,"href":"https:\/\/blogg.atl.nu\/det-grona-guldet\/wp-json\/wp\/v2\/posts\/1658\/revisions\/1662"}],"wp:featuredmedia":[{"embeddable":true,"href":"https:\/\/blogg.atl.nu\/det-grona-guldet\/wp-json\/wp\/v2\/media\/1654"}],"wp:attachment":[{"href":"https:\/\/blogg.atl.nu\/det-grona-guldet\/wp-json\/wp\/v2\/media?parent=1658"}],"wp:term":[{"taxonomy":"category","embeddable":true,"href":"https:\/\/blogg.atl.nu\/det-grona-guldet\/wp-json\/wp\/v2\/categories?post=1658"},{"taxonomy":"post_tag","embeddable":true,"href":"https:\/\/blogg.atl.nu\/det-grona-guldet\/wp-json\/wp\/v2\/tags?post=1658"}],"curies":[{"name":"wp","href":"https:\/\/api.w.org\/{rel}","templated":true}]}}