{"id":168,"date":"2019-11-28T15:49:55","date_gmt":"2019-11-28T14:49:55","guid":{"rendered":"http:\/\/blogg.atl.nu\/det-grona-guldet\/?p=168"},"modified":"2019-11-29T12:54:11","modified_gmt":"2019-11-29T11:54:11","slug":"att-ta-fram-algmat-ronn-och-oxel","status":"publish","type":"post","link":"https:\/\/blogg.atl.nu\/det-grona-guldet\/2019\/11\/28\/att-ta-fram-algmat-ronn-och-oxel\/","title":{"rendered":"Att ta fram \u00e4lgmat &#8211; r\u00f6nn och oxel"},"content":{"rendered":"<p>Som ni s\u00e4kert k\u00e4nner till \u00e4lskar kl\u00f6vviltet RASE, dvs r\u00f6nn, asp, s\u00e4lg och ek. N\u00e4r vi r\u00f6jer l\u00e5ter vi i princip alltid de h\u00e4r st\u00e5 kvar, \u00e4ven om de \u00f6vertoppar n\u00e5gon tall eller gran. Tyv\u00e4rr \u00e4r s\u00e5 s\u00e4llan fallet, utan oftast \u00e4r r\u00f6nnen mm nedbetat i fotkn\u00f6lsniv\u00e5 och f\u00e5r aldrig en chans att komma upp. S\u00e5 l\u00e4nge vi har den situationen tror jag att det blir sv\u00e5rt att komma i balans mellan vilt och betet i skogen. Enligt Skogsstyrelsens senaste \u00c4bin sammanst\u00e4llning \u00e4r 60% av ungtallarna i G\u00f6taland skadade, vilket tyder p\u00e5 ett extremt h\u00e5rt betestryck. <a href=\"https:\/\/www.skogsstyrelsen.se\/nyhetslista\/varannan-ungtall-har-skador-av-viltbete\/\">L\u00e4s pressreleasen fr\u00e5n Skogsstyrelsen h\u00e4r<\/a>. Man kan diskutera hur vi ska komma i balans (och det diskuteras en hel del som bekant) eller s\u00e5 kan man g\u00f6ra n\u00e5got aktivt \u00e5t saken.<\/p>\n<p>Jag ska visa er vad man kan g\u00f6ra, n\u00e4mligen ta fram fr\u00f6na ur r\u00f6nnb\u00e4ren och oxelb\u00e4ren. Vi har pratat en del om det h\u00e4r i podden och det \u00e4r en av de vanligaste fr\u00e5gorna jag f\u00e5r, hur vi b\u00e4r oss \u00e5t f\u00f6r att ta fram fr\u00f6na. Det \u00e4r s\u00e5 att fruktk\u00f6ttet i r\u00f6nnb\u00e4r och oxelb\u00e4r inneh\u00e5ller ett groningsh\u00e4mmande medel. Det h\u00e4r har naturen l\u00f6st genom att trastarna \u00e4ter fr\u00f6et och i deras mage rensas det groningsh\u00e4mmande medlet bort och ut som spillning kommer fr\u00f6et.<\/p>\n<figure id=\"attachment_167\" aria-describedby=\"caption-attachment-167\" style=\"width: 696px\" class=\"wp-caption alignnone\"><img loading=\"lazy\" class=\"size-full wp-image-167\" src=\"http:\/\/blogg.atl.nu\/det-grona-guldet\/wp-content\/uploads\/sites\/38\/2019\/11\/20191107_073917.jpg\" alt=\"\" width=\"696\" height=\"676\" srcset=\"https:\/\/blogg.atl.nu\/det-grona-guldet\/wp-content\/uploads\/sites\/38\/2019\/11\/20191107_073917.jpg 696w, https:\/\/blogg.atl.nu\/det-grona-guldet\/wp-content\/uploads\/sites\/38\/2019\/11\/20191107_073917-300x291.jpg 300w\" sizes=\"(max-width: 696px) 100vw, 696px\" \/><figcaption id=\"caption-attachment-167\" class=\"wp-caption-text\"><em>Oxelb\u00e4r<\/em><\/figcaption><\/figure>\n<p>S\u00e5 h\u00e4r g\u00f6r man. Samla in rikligt med b\u00e4r. L\u00e4gg de sedan i en matberedare tillsammans med lite vatten och k\u00f6r p\u00e5 s\u00e5 att b\u00e4ren blir en s\u00f6rja (kanske inte l\u00e4ge att g\u00f6ra detta just l\u00f6rdag kv\u00e4ll n\u00e4r man precis har m\u00e5ttat upp en GT, det kan bli r\u00e4tt slabbigt om man inte passar sig). Tag sedan den h\u00e4r s\u00f6rjan och h\u00e4ll i ett stort k\u00e4rl, tillsammans med mera vatten. Sedan &#8221;vaskar&#8221; man k\u00e4rlet, ungef\u00e4r som guldletarna gjorde. Eftersom fr\u00f6na \u00e4r tyngst s\u00e5 l\u00e4gger de sig i botten av k\u00e4rlet och fruktk\u00f6ttet hamnar mera p\u00e5 ytan och kan skiljas av.<\/p>\n<figure id=\"attachment_164\" aria-describedby=\"caption-attachment-164\" style=\"width: 696px\" class=\"wp-caption alignnone\"><img loading=\"lazy\" class=\"size-full wp-image-164\" src=\"http:\/\/blogg.atl.nu\/det-grona-guldet\/wp-content\/uploads\/sites\/38\/2019\/11\/20191023_174127.jpg\" alt=\"\" width=\"696\" height=\"927\" srcset=\"https:\/\/blogg.atl.nu\/det-grona-guldet\/wp-content\/uploads\/sites\/38\/2019\/11\/20191023_174127.jpg 696w, https:\/\/blogg.atl.nu\/det-grona-guldet\/wp-content\/uploads\/sites\/38\/2019\/11\/20191023_174127-225x300.jpg 225w\" sizes=\"(max-width: 696px) 100vw, 696px\" \/><figcaption id=\"caption-attachment-164\" class=\"wp-caption-text\"><em>Bosse vaskar fram r\u00f6nnfr\u00f6n<\/em><\/figcaption><\/figure>\n<p>N\u00e4r man har kommit s\u00e5 l\u00e5ngt \u00e4r det dags f\u00f6r fintv\u00e4tten, dvs f\u00e5 bort de sista resterna av fruktk\u00f6ttet. Vi brukar d\u00e5 ta fr\u00f6na och l\u00e4gga dem i ett myggn\u00e4t och knyta till. L\u00e4gg sedan myggn\u00e4tet i en skogsb\u00e4ck n\u00e5gra dagar s\u00e5 de blir rentv\u00e4ttade.<\/p>\n<figure id=\"attachment_165\" aria-describedby=\"caption-attachment-165\" style=\"width: 696px\" class=\"wp-caption alignnone\"><img loading=\"lazy\" class=\"size-full wp-image-165\" src=\"http:\/\/blogg.atl.nu\/det-grona-guldet\/wp-content\/uploads\/sites\/38\/2019\/11\/20191024_101915.jpg\" alt=\"\" width=\"696\" height=\"728\" srcset=\"https:\/\/blogg.atl.nu\/det-grona-guldet\/wp-content\/uploads\/sites\/38\/2019\/11\/20191024_101915.jpg 696w, https:\/\/blogg.atl.nu\/det-grona-guldet\/wp-content\/uploads\/sites\/38\/2019\/11\/20191024_101915-287x300.jpg 287w\" sizes=\"(max-width: 696px) 100vw, 696px\" \/><figcaption id=\"caption-attachment-165\" class=\"wp-caption-text\"><em>R\u00f6nnfr\u00f6n, de h\u00e4r ska tv\u00e4ttas i b\u00e4cken<\/em><\/figcaption><\/figure>\n<p>&nbsp;<\/p>\n<figure id=\"attachment_166\" aria-describedby=\"caption-attachment-166\" style=\"width: 696px\" class=\"wp-caption alignnone\"><img loading=\"lazy\" class=\"size-full wp-image-166\" src=\"http:\/\/blogg.atl.nu\/det-grona-guldet\/wp-content\/uploads\/sites\/38\/2019\/11\/20191024_101957.jpg\" alt=\"\" width=\"696\" height=\"731\" srcset=\"https:\/\/blogg.atl.nu\/det-grona-guldet\/wp-content\/uploads\/sites\/38\/2019\/11\/20191024_101957.jpg 696w, https:\/\/blogg.atl.nu\/det-grona-guldet\/wp-content\/uploads\/sites\/38\/2019\/11\/20191024_101957-286x300.jpg 286w\" sizes=\"(max-width: 696px) 100vw, 696px\" \/><figcaption id=\"caption-attachment-166\" class=\"wp-caption-text\"><em>R\u00f6nnfr\u00f6n<\/em><\/figcaption><\/figure>\n<p>N\u00e4r fr\u00f6na \u00e4r framme s\u00e5 h\u00e4r p\u00e5 h\u00f6sten s\u00e5 spar min far dem utblandat i sand i en flaska, som han f\u00f6rvarar i ett kylsk\u00e5p \u00f6ver vintern. N\u00e4r v\u00e5ren kommer s\u00e5 s\u00e5r vi dem, precis som vilket fr\u00f6 som helst. Nu \u00e4r det nog enklast om man s\u00e5r i sm\u00e5 krukor, ungef\u00e4r som n\u00e4r man f\u00f6rkultiverar blommor innan man planterar ut dem i landet. P\u00e5 s\u00e5 s\u00e4tt har man koll p\u00e5 var plantorna kommer upp s\u00e5 att man kan plantera ut dem i skogen eller var man vill ha dem. Vill ni h\u00f6ra lite mera om detta s\u00e5 pratar vi om det i den senaste podden 28 minuter in i podden. <a href=\"http:\/\/www.skogspodden.se\/viltanpassat-skogsbruk\/avsnitt-61-vinterns-skogsprojekt-och-lite-reflektioner\/\">Lyssna p\u00e5 det h\u00e4r<\/a>.<\/p>\n<p>Ett annat enklare s\u00e4tt som vi provar denna h\u00f6st \u00e4r att ta grenar med b\u00e4r av oxel och r\u00f6nn och s\u00e4tta upp dem p\u00e5 h\u00f6gstubbar i skogen. Tanken \u00e4r d\u00e5 att trastarna ska g\u00f6ra jobbet \u00e5t oss. Det \u00e4r ju en enklare modell som kanske fungerar lika bra. Lycka till!<\/p>\n","protected":false},"excerpt":{"rendered":"<p>Som ni s\u00e4kert k\u00e4nner till \u00e4lskar kl\u00f6vviltet RASE, dvs r\u00f6nn, asp, s\u00e4lg och ek. N\u00e4r vi r\u00f6jer l\u00e5ter vi i princip alltid de h\u00e4r st\u00e5 kvar, \u00e4ven om de \u00f6vertoppar n\u00e5gon tall eller gran. Tyv\u00e4rr \u00e4r s\u00e5 s\u00e4llan fallet, utan oftast \u00e4r r\u00f6nnen mm nedbetat i fotkn\u00f6lsniv\u00e5 och f\u00e5r aldrig en chans att komma upp&#8230;.<\/p>\n","protected":false},"author":358,"featured_media":163,"comment_status":"open","ping_status":"open","sticky":false,"template":"","format":"standard","meta":[],"categories":[1],"tags":[21,22,20,19],"yoast_head":"<!-- This site is optimized with the Yoast SEO plugin v19.6 - https:\/\/yoast.com\/wordpress\/plugins\/seo\/ -->\n<title>Att ta fram \u00e4lgmat - r\u00f6nn och oxel - Det gr\u00f6na guldet<\/title>\n<meta name=\"robots\" content=\"index, follow, max-snippet:-1, max-image-preview:large, max-video-preview:-1\" \/>\n<link rel=\"canonical\" href=\"https:\/\/blogg.atl.nu\/det-grona-guldet\/2019\/11\/28\/att-ta-fram-algmat-ronn-och-oxel\/\" \/>\n<meta property=\"og:locale\" content=\"sv_SE\" \/>\n<meta property=\"og:type\" content=\"article\" \/>\n<meta property=\"og:title\" content=\"Att ta fram \u00e4lgmat - r\u00f6nn och oxel - Det gr\u00f6na guldet\" \/>\n<meta property=\"og:description\" content=\"Som ni s\u00e4kert k\u00e4nner till \u00e4lskar kl\u00f6vviltet RASE, dvs r\u00f6nn, asp, s\u00e4lg och ek. N\u00e4r vi r\u00f6jer l\u00e5ter vi i princip alltid de h\u00e4r st\u00e5 kvar, \u00e4ven om de \u00f6vertoppar n\u00e5gon tall eller gran. Tyv\u00e4rr \u00e4r s\u00e5 s\u00e4llan fallet, utan oftast \u00e4r r\u00f6nnen mm nedbetat i fotkn\u00f6lsniv\u00e5 och f\u00e5r aldrig en chans att komma upp....\" \/>\n<meta property=\"og:url\" content=\"https:\/\/blogg.atl.nu\/det-grona-guldet\/2019\/11\/28\/att-ta-fram-algmat-ronn-och-oxel\/\" \/>\n<meta property=\"og:site_name\" content=\"Det gr\u00f6na guldet\" \/>\n<meta property=\"article:published_time\" content=\"2019-11-28T14:49:55+00:00\" \/>\n<meta property=\"article:modified_time\" content=\"2019-11-29T11:54:11+00:00\" \/>\n<meta property=\"og:image\" content=\"https:\/\/blogg.atl.nu\/det-grona-guldet\/wp-content\/uploads\/sites\/38\/2019\/11\/20190911_083428-e1574956911554.jpg\" \/>\n\t<meta property=\"og:image:width\" content=\"695\" \/>\n\t<meta property=\"og:image:height\" content=\"475\" \/>\n\t<meta property=\"og:image:type\" content=\"image\/jpeg\" \/>\n<meta name=\"author\" content=\"perjonasson\" \/>\n<meta name=\"twitter:card\" content=\"summary_large_image\" \/>\n<meta name=\"twitter:label1\" content=\"Skriven av\" \/>\n\t<meta name=\"twitter:data1\" content=\"perjonasson\" \/>\n\t<meta name=\"twitter:label2\" content=\"Ber\u00e4knad l\u00e4stid\" \/>\n\t<meta name=\"twitter:data2\" content=\"3 minuter\" \/>\n<script type=\"application\/ld+json\" class=\"yoast-schema-graph\">{\"@context\":\"https:\/\/schema.org\",\"@graph\":[{\"@type\":\"WebPage\",\"@id\":\"https:\/\/blogg.atl.nu\/det-grona-guldet\/2019\/11\/28\/att-ta-fram-algmat-ronn-och-oxel\/\",\"url\":\"https:\/\/blogg.atl.nu\/det-grona-guldet\/2019\/11\/28\/att-ta-fram-algmat-ronn-och-oxel\/\",\"name\":\"Att ta fram \u00e4lgmat - r\u00f6nn och oxel - Det gr\u00f6na guldet\",\"isPartOf\":{\"@id\":\"https:\/\/blogg.atl.nu\/det-grona-guldet\/#website\"},\"datePublished\":\"2019-11-28T14:49:55+00:00\",\"dateModified\":\"2019-11-29T11:54:11+00:00\",\"author\":{\"@id\":\"https:\/\/blogg.atl.nu\/det-grona-guldet\/#\/schema\/person\/287702eafc70c00d00ddd6052f82103c\"},\"breadcrumb\":{\"@id\":\"https:\/\/blogg.atl.nu\/det-grona-guldet\/2019\/11\/28\/att-ta-fram-algmat-ronn-och-oxel\/#breadcrumb\"},\"inLanguage\":\"sv-SE\",\"potentialAction\":[{\"@type\":\"ReadAction\",\"target\":[\"https:\/\/blogg.atl.nu\/det-grona-guldet\/2019\/11\/28\/att-ta-fram-algmat-ronn-och-oxel\/\"]}]},{\"@type\":\"BreadcrumbList\",\"@id\":\"https:\/\/blogg.atl.nu\/det-grona-guldet\/2019\/11\/28\/att-ta-fram-algmat-ronn-och-oxel\/#breadcrumb\",\"itemListElement\":[{\"@type\":\"ListItem\",\"position\":1,\"name\":\"Home\",\"item\":\"https:\/\/blogg.atl.nu\/det-grona-guldet\/\"},{\"@type\":\"ListItem\",\"position\":2,\"name\":\"Att ta fram \u00e4lgmat &#8211; r\u00f6nn och oxel\"}]},{\"@type\":\"WebSite\",\"@id\":\"https:\/\/blogg.atl.nu\/det-grona-guldet\/#website\",\"url\":\"https:\/\/blogg.atl.nu\/det-grona-guldet\/\",\"name\":\"Det gr\u00f6na guldet\",\"description\":\"Per Jonasson\",\"potentialAction\":[{\"@type\":\"SearchAction\",\"target\":{\"@type\":\"EntryPoint\",\"urlTemplate\":\"https:\/\/blogg.atl.nu\/det-grona-guldet\/?s={search_term_string}\"},\"query-input\":\"required name=search_term_string\"}],\"inLanguage\":\"sv-SE\"},{\"@type\":\"Person\",\"@id\":\"https:\/\/blogg.atl.nu\/det-grona-guldet\/#\/schema\/person\/287702eafc70c00d00ddd6052f82103c\",\"name\":\"perjonasson\",\"image\":{\"@type\":\"ImageObject\",\"inLanguage\":\"sv-SE\",\"@id\":\"https:\/\/blogg.atl.nu\/det-grona-guldet\/#\/schema\/person\/image\/\",\"url\":\"https:\/\/secure.gravatar.com\/avatar\/cb1f6adf68537abe8b5ad3acda4c0b63?s=96&d=mm&r=g\",\"contentUrl\":\"https:\/\/secure.gravatar.com\/avatar\/cb1f6adf68537abe8b5ad3acda4c0b63?s=96&d=mm&r=g\",\"caption\":\"perjonasson\"},\"url\":\"https:\/\/blogg.atl.nu\/det-grona-guldet\/author\/perjonasson\/\"}]}<\/script>\n<!-- \/ Yoast SEO plugin. -->","yoast_head_json":{"title":"Att ta fram \u00e4lgmat - r\u00f6nn och oxel - Det gr\u00f6na guldet","robots":{"index":"index","follow":"follow","max-snippet":"max-snippet:-1","max-image-preview":"max-image-preview:large","max-video-preview":"max-video-preview:-1"},"canonical":"https:\/\/blogg.atl.nu\/det-grona-guldet\/2019\/11\/28\/att-ta-fram-algmat-ronn-och-oxel\/","og_locale":"sv_SE","og_type":"article","og_title":"Att ta fram \u00e4lgmat - r\u00f6nn och oxel - Det gr\u00f6na guldet","og_description":"Som ni s\u00e4kert k\u00e4nner till \u00e4lskar kl\u00f6vviltet RASE, dvs r\u00f6nn, asp, s\u00e4lg och ek. N\u00e4r vi r\u00f6jer l\u00e5ter vi i princip alltid de h\u00e4r st\u00e5 kvar, \u00e4ven om de \u00f6vertoppar n\u00e5gon tall eller gran. Tyv\u00e4rr \u00e4r s\u00e5 s\u00e4llan fallet, utan oftast \u00e4r r\u00f6nnen mm nedbetat i fotkn\u00f6lsniv\u00e5 och f\u00e5r aldrig en chans att komma upp....","og_url":"https:\/\/blogg.atl.nu\/det-grona-guldet\/2019\/11\/28\/att-ta-fram-algmat-ronn-och-oxel\/","og_site_name":"Det gr\u00f6na guldet","article_published_time":"2019-11-28T14:49:55+00:00","article_modified_time":"2019-11-29T11:54:11+00:00","og_image":[{"width":695,"height":475,"url":"https:\/\/blogg.atl.nu\/det-grona-guldet\/wp-content\/uploads\/sites\/38\/2019\/11\/20190911_083428-e1574956911554.jpg","type":"image\/jpeg"}],"author":"perjonasson","twitter_card":"summary_large_image","twitter_misc":{"Skriven av":"perjonasson","Ber\u00e4knad l\u00e4stid":"3 minuter"},"schema":{"@context":"https:\/\/schema.org","@graph":[{"@type":"WebPage","@id":"https:\/\/blogg.atl.nu\/det-grona-guldet\/2019\/11\/28\/att-ta-fram-algmat-ronn-och-oxel\/","url":"https:\/\/blogg.atl.nu\/det-grona-guldet\/2019\/11\/28\/att-ta-fram-algmat-ronn-och-oxel\/","name":"Att ta fram \u00e4lgmat - r\u00f6nn och oxel - Det gr\u00f6na guldet","isPartOf":{"@id":"https:\/\/blogg.atl.nu\/det-grona-guldet\/#website"},"datePublished":"2019-11-28T14:49:55+00:00","dateModified":"2019-11-29T11:54:11+00:00","author":{"@id":"https:\/\/blogg.atl.nu\/det-grona-guldet\/#\/schema\/person\/287702eafc70c00d00ddd6052f82103c"},"breadcrumb":{"@id":"https:\/\/blogg.atl.nu\/det-grona-guldet\/2019\/11\/28\/att-ta-fram-algmat-ronn-och-oxel\/#breadcrumb"},"inLanguage":"sv-SE","potentialAction":[{"@type":"ReadAction","target":["https:\/\/blogg.atl.nu\/det-grona-guldet\/2019\/11\/28\/att-ta-fram-algmat-ronn-och-oxel\/"]}]},{"@type":"BreadcrumbList","@id":"https:\/\/blogg.atl.nu\/det-grona-guldet\/2019\/11\/28\/att-ta-fram-algmat-ronn-och-oxel\/#breadcrumb","itemListElement":[{"@type":"ListItem","position":1,"name":"Home","item":"https:\/\/blogg.atl.nu\/det-grona-guldet\/"},{"@type":"ListItem","position":2,"name":"Att ta fram \u00e4lgmat &#8211; r\u00f6nn och oxel"}]},{"@type":"WebSite","@id":"https:\/\/blogg.atl.nu\/det-grona-guldet\/#website","url":"https:\/\/blogg.atl.nu\/det-grona-guldet\/","name":"Det gr\u00f6na guldet","description":"Per Jonasson","potentialAction":[{"@type":"SearchAction","target":{"@type":"EntryPoint","urlTemplate":"https:\/\/blogg.atl.nu\/det-grona-guldet\/?s={search_term_string}"},"query-input":"required name=search_term_string"}],"inLanguage":"sv-SE"},{"@type":"Person","@id":"https:\/\/blogg.atl.nu\/det-grona-guldet\/#\/schema\/person\/287702eafc70c00d00ddd6052f82103c","name":"perjonasson","image":{"@type":"ImageObject","inLanguage":"sv-SE","@id":"https:\/\/blogg.atl.nu\/det-grona-guldet\/#\/schema\/person\/image\/","url":"https:\/\/secure.gravatar.com\/avatar\/cb1f6adf68537abe8b5ad3acda4c0b63?s=96&d=mm&r=g","contentUrl":"https:\/\/secure.gravatar.com\/avatar\/cb1f6adf68537abe8b5ad3acda4c0b63?s=96&d=mm&r=g","caption":"perjonasson"},"url":"https:\/\/blogg.atl.nu\/det-grona-guldet\/author\/perjonasson\/"}]}},"_links":{"self":[{"href":"https:\/\/blogg.atl.nu\/det-grona-guldet\/wp-json\/wp\/v2\/posts\/168"}],"collection":[{"href":"https:\/\/blogg.atl.nu\/det-grona-guldet\/wp-json\/wp\/v2\/posts"}],"about":[{"href":"https:\/\/blogg.atl.nu\/det-grona-guldet\/wp-json\/wp\/v2\/types\/post"}],"author":[{"embeddable":true,"href":"https:\/\/blogg.atl.nu\/det-grona-guldet\/wp-json\/wp\/v2\/users\/358"}],"replies":[{"embeddable":true,"href":"https:\/\/blogg.atl.nu\/det-grona-guldet\/wp-json\/wp\/v2\/comments?post=168"}],"version-history":[{"count":8,"href":"https:\/\/blogg.atl.nu\/det-grona-guldet\/wp-json\/wp\/v2\/posts\/168\/revisions"}],"predecessor-version":[{"id":176,"href":"https:\/\/blogg.atl.nu\/det-grona-guldet\/wp-json\/wp\/v2\/posts\/168\/revisions\/176"}],"wp:featuredmedia":[{"embeddable":true,"href":"https:\/\/blogg.atl.nu\/det-grona-guldet\/wp-json\/wp\/v2\/media\/163"}],"wp:attachment":[{"href":"https:\/\/blogg.atl.nu\/det-grona-guldet\/wp-json\/wp\/v2\/media?parent=168"}],"wp:term":[{"taxonomy":"category","embeddable":true,"href":"https:\/\/blogg.atl.nu\/det-grona-guldet\/wp-json\/wp\/v2\/categories?post=168"},{"taxonomy":"post_tag","embeddable":true,"href":"https:\/\/blogg.atl.nu\/det-grona-guldet\/wp-json\/wp\/v2\/tags?post=168"}],"curies":[{"name":"wp","href":"https:\/\/api.w.org\/{rel}","templated":true}]}}