{"id":1940,"date":"2020-11-04T20:53:46","date_gmt":"2020-11-04T19:53:46","guid":{"rendered":"https:\/\/blogg.atl.nu\/det-grona-guldet\/?p=1940"},"modified":"2020-11-04T20:53:46","modified_gmt":"2020-11-04T19:53:46","slug":"att-ta-fram-traktdirektiv-infor-en-gallring","status":"publish","type":"post","link":"https:\/\/blogg.atl.nu\/det-grona-guldet\/2020\/11\/04\/att-ta-fram-traktdirektiv-infor-en-gallring\/","title":{"rendered":"Att ta fram traktdirektiv inf\u00f6r en gallring"},"content":{"rendered":"<p>Idag hade vi st\u00e4mt tr\u00e4ff med min kusin Jonas i skogen. Han \u00e4r ink\u00f6pare p\u00e5 BillerudKorsn\u00e4s, som har sin stora anl\u00e4ggning i Fr\u00f6vi v\u00e4ldigt n\u00e4ra oss. BillerudKorsn\u00e4s tillverkar v\u00e4tskekartong (t.ex. juice och mj\u00f6lkf\u00f6rpackningar) och f\u00f6rpackningskartong (<span>t.ex. parfym, choklad, elektronik och exklusiva drycker) i Fr\u00f6vi. F\u00f6r inte s\u00e5 l\u00e4nge sedan gjorde jag och min fru ett studiebes\u00f6k d\u00e4r, vi fick en guidad visning av Jonas. Sj\u00e4lva pappersmaskinen \u00e4r enorm, \u00f6ver 100 meter l\u00e5ng. Man f\u00f6rst\u00e5r att det \u00e4r stora investeringar n\u00e4r f\u00f6retagen investerar i nya maskiner.<\/span><\/p>\n<p>Ibland s\u00e4ljer vi gallringar till Jonas och BillerudKorsn\u00e4s och nu hade vi n\u00e5gra best\u00e5nd som vi vill gallra i vinter s\u00e5 vi tr\u00e4ffade Jonas i skogen f\u00f6r att titta p\u00e5 dem tillsammans. Det var n\u00e5gra best\u00e5nd vi var lite fundersamma \u00f6ver om tiden var mogen f\u00f6r gallring eller om vi skulle v\u00e4nta n\u00e5got \u00e5r till. Jonas har stor erfarenhet och v\u00e4ldigt duktig s\u00e5 vi har stort f\u00f6rtroende f\u00f6r honom, alltid bra att h\u00f6ra hans \u00e5sikt.<\/p>\n<p>Det var en riktigt vacker morgon, ett par grader plus, helt stilla och dimma som sakta l\u00f6stes upp av solen.<\/p>\n<p><img loading=\"lazy\" class=\"alignnone size-full wp-image-1930\" src=\"https:\/\/blogg.atl.nu\/det-grona-guldet\/wp-content\/uploads\/sites\/38\/2020\/11\/20201104_092536.jpg\" alt=\"\" width=\"685\" height=\"514\" srcset=\"https:\/\/blogg.atl.nu\/det-grona-guldet\/wp-content\/uploads\/sites\/38\/2020\/11\/20201104_092536.jpg 685w, https:\/\/blogg.atl.nu\/det-grona-guldet\/wp-content\/uploads\/sites\/38\/2020\/11\/20201104_092536-300x225.jpg 300w\" sizes=\"(max-width: 685px) 100vw, 685px\" \/> <img loading=\"lazy\" class=\"alignnone size-full wp-image-1929\" src=\"https:\/\/blogg.atl.nu\/det-grona-guldet\/wp-content\/uploads\/sites\/38\/2020\/11\/20201104_091435.jpg\" alt=\"\" width=\"685\" height=\"514\" srcset=\"https:\/\/blogg.atl.nu\/det-grona-guldet\/wp-content\/uploads\/sites\/38\/2020\/11\/20201104_091435.jpg 685w, https:\/\/blogg.atl.nu\/det-grona-guldet\/wp-content\/uploads\/sites\/38\/2020\/11\/20201104_091435-300x225.jpg 300w\" sizes=\"(max-width: 685px) 100vw, 685px\" \/><\/p>\n<p>Innan vi kikade p\u00e5 gallringarna stannade vi till och visade Jonas en riktigt h\u00f6g och fin gram vi hittat. Vi passade p\u00e5 att m\u00e4ta h\u00f6jden p\u00e5 den n\u00e4r vi var d\u00e4r och drygt 34 meter h\u00f6g och runt 60 cm i diameter i br\u00f6sth\u00f6jd. Inte d\u00e5ligt!<\/p>\n<p><img loading=\"lazy\" class=\"alignnone size-full wp-image-1939\" src=\"https:\/\/blogg.atl.nu\/det-grona-guldet\/wp-content\/uploads\/sites\/38\/2020\/11\/IMG_00411.jpg\" alt=\"\" width=\"600\" height=\"800\" srcset=\"https:\/\/blogg.atl.nu\/det-grona-guldet\/wp-content\/uploads\/sites\/38\/2020\/11\/IMG_00411.jpg 600w, https:\/\/blogg.atl.nu\/det-grona-guldet\/wp-content\/uploads\/sites\/38\/2020\/11\/IMG_00411-225x300.jpg 225w\" sizes=\"(max-width: 600px) 100vw, 600px\" \/><\/p>\n<p>Sedan bar det av in i skogen f\u00f6r att rekognosera v\u00e5ra eventuell gallringar.<\/p>\n<p><img loading=\"lazy\" class=\"alignnone size-full wp-image-1933\" src=\"https:\/\/blogg.atl.nu\/det-grona-guldet\/wp-content\/uploads\/sites\/38\/2020\/11\/20201104_120932.jpg\" alt=\"\" width=\"685\" height=\"514\" srcset=\"https:\/\/blogg.atl.nu\/det-grona-guldet\/wp-content\/uploads\/sites\/38\/2020\/11\/20201104_120932.jpg 685w, https:\/\/blogg.atl.nu\/det-grona-guldet\/wp-content\/uploads\/sites\/38\/2020\/11\/20201104_120932-300x225.jpg 300w\" sizes=\"(max-width: 685px) 100vw, 685px\" \/><\/p>\n<p>Bland annat kom vi f\u00f6rbi en kraftig brant men d\u00e4r kom vi \u00f6verens om att l\u00e5ta granen st\u00e5. Ett helt litet omr\u00e5de som vi l\u00e4mnar or\u00f6rt.<\/p>\n<p><img loading=\"lazy\" class=\"alignnone size-full wp-image-1931\" src=\"https:\/\/blogg.atl.nu\/det-grona-guldet\/wp-content\/uploads\/sites\/38\/2020\/11\/20201104_101412.jpg\" alt=\"\" width=\"685\" height=\"514\" srcset=\"https:\/\/blogg.atl.nu\/det-grona-guldet\/wp-content\/uploads\/sites\/38\/2020\/11\/20201104_101412.jpg 685w, https:\/\/blogg.atl.nu\/det-grona-guldet\/wp-content\/uploads\/sites\/38\/2020\/11\/20201104_101412-300x225.jpg 300w\" sizes=\"(max-width: 685px) 100vw, 685px\" \/><\/p>\n<p>Men vi hittade en liten lustig sak i sluttningen som vi stannade till vid, se nedan:<\/p>\n<p><img loading=\"lazy\" class=\"alignnone size-full wp-image-1932\" src=\"https:\/\/blogg.atl.nu\/det-grona-guldet\/wp-content\/uploads\/sites\/38\/2020\/11\/20201104_102654.jpg\" alt=\"\" width=\"685\" height=\"514\" srcset=\"https:\/\/blogg.atl.nu\/det-grona-guldet\/wp-content\/uploads\/sites\/38\/2020\/11\/20201104_102654.jpg 685w, https:\/\/blogg.atl.nu\/det-grona-guldet\/wp-content\/uploads\/sites\/38\/2020\/11\/20201104_102654-300x225.jpg 300w\" sizes=\"(max-width: 685px) 100vw, 685px\" \/><\/p>\n<p>Ett djur har rivit s\u00f6nder en myrstack och i samma veva dragit klorna i granen s\u00e5 den blivit skadad. Fr\u00e5gan \u00e4r vad det \u00e4r f\u00f6r djur som varit framme? Ja, det \u00e4r ingen ekorre, det var vi \u00f6verens om. En bj\u00f6rn kanske? Inte om\u00f6jligt, det har setts bj\u00f6rn i n\u00e5gra \u00e5telkameror inte s\u00e5 l\u00e5ngt h\u00e4rifr\u00e5n.<\/p>\n<p>Efter lite rekande s\u00e5 gick Bosse och fortsatte st\u00e4mpla och jag och Jonas satte ig\u00e5ng med att m\u00e4rka ut gallringarna och digitalisera kartorna som ligger till grund f\u00f6r gallringsdirektiven. Det h\u00e4r g\u00f6r normalt ink\u00f6paren sj\u00e4lv utan v\u00e5r hj\u00e4lp men det \u00e4r alltid l\u00e4rorikt att f\u00f6lja med n\u00e4r ett proffs jobbar. Jag l\u00e4r mig alltid mycket n\u00e4r jag g\u00e5r s\u00e5dana h\u00e4r rundor med Jonas.<\/p>\n<p><img loading=\"lazy\" class=\"alignnone size-full wp-image-1935\" src=\"https:\/\/blogg.atl.nu\/det-grona-guldet\/wp-content\/uploads\/sites\/38\/2020\/11\/20201104_143644.jpg\" alt=\"\" width=\"685\" height=\"514\" srcset=\"https:\/\/blogg.atl.nu\/det-grona-guldet\/wp-content\/uploads\/sites\/38\/2020\/11\/20201104_143644.jpg 685w, https:\/\/blogg.atl.nu\/det-grona-guldet\/wp-content\/uploads\/sites\/38\/2020\/11\/20201104_143644-300x225.jpg 300w\" sizes=\"(max-width: 685px) 100vw, 685px\" \/><\/p>\n<p>Vi drog upp basv\u00e4gar och m\u00e4rkte p\u00e5 var gallringen startar och d\u00e4r det beh\u00f6vs gr\u00e4nserna ocks\u00e5. N\u00e4r vi g\u00e5r runt gallringen s\u00e5 digitaliserar Jonas gr\u00e4nsen i sin kartapp i telefonen. Det h\u00e4r anv\u00e4nder sig sedan sk\u00f6rdar- och skotarf\u00f6raren n\u00e4r de ska gallra.<\/p>\n<p>N\u00e4r vi g\u00e5r runt och g\u00f6r detta s\u00e5 tittar vi efter h\u00e4nsynsobjekt, till exempel kolarkojor och kolmilor. Vi hittade n\u00e5gra stycken, vilket man ofta g\u00f6r h\u00e4r i Bergslagen. Det kolades mycket f\u00f6r kolen beh\u00f6vdes till alla j\u00e4rnbruk som ligger i n\u00e4rheten.<\/p>\n<p><img loading=\"lazy\" class=\"alignnone size-full wp-image-1936\" src=\"https:\/\/blogg.atl.nu\/det-grona-guldet\/wp-content\/uploads\/sites\/38\/2020\/11\/20201104_150258.jpg\" alt=\"\" width=\"685\" height=\"514\" srcset=\"https:\/\/blogg.atl.nu\/det-grona-guldet\/wp-content\/uploads\/sites\/38\/2020\/11\/20201104_150258.jpg 685w, https:\/\/blogg.atl.nu\/det-grona-guldet\/wp-content\/uploads\/sites\/38\/2020\/11\/20201104_150258-300x225.jpg 300w\" sizes=\"(max-width: 685px) 100vw, 685px\" \/> \u00a0<img loading=\"lazy\" class=\"alignnone size-full wp-image-1934\" src=\"https:\/\/blogg.atl.nu\/det-grona-guldet\/wp-content\/uploads\/sites\/38\/2020\/11\/20201104_143542.jpg\" alt=\"\" width=\"685\" height=\"514\" srcset=\"https:\/\/blogg.atl.nu\/det-grona-guldet\/wp-content\/uploads\/sites\/38\/2020\/11\/20201104_143542.jpg 685w, https:\/\/blogg.atl.nu\/det-grona-guldet\/wp-content\/uploads\/sites\/38\/2020\/11\/20201104_143542-300x225.jpg 300w\" sizes=\"(max-width: 685px) 100vw, 685px\" \/><\/p>\n<p>P\u00e5 b\u00e5da bilder ovan ser man rester av kolarkojan och de h\u00e4r \u00e4r kulturminnen som m\u00e5ste f\u00f6rbli oskadda i gallringen. De m\u00e4rks ut b\u00e5de med band och i den digitala kartan.<\/p>\n<p><img loading=\"lazy\" class=\"alignnone size-full wp-image-1937\" src=\"https:\/\/blogg.atl.nu\/det-grona-guldet\/wp-content\/uploads\/sites\/38\/2020\/11\/20201104_153739.jpg\" alt=\"\" width=\"685\" height=\"514\" srcset=\"https:\/\/blogg.atl.nu\/det-grona-guldet\/wp-content\/uploads\/sites\/38\/2020\/11\/20201104_153739.jpg 685w, https:\/\/blogg.atl.nu\/det-grona-guldet\/wp-content\/uploads\/sites\/38\/2020\/11\/20201104_153739-300x225.jpg 300w\" sizes=\"(max-width: 685px) 100vw, 685px\" \/> <img loading=\"lazy\" class=\"alignnone size-full wp-image-1938\" src=\"https:\/\/blogg.atl.nu\/det-grona-guldet\/wp-content\/uploads\/sites\/38\/2020\/11\/20201104_155211.jpg\" alt=\"\" width=\"685\" height=\"514\" srcset=\"https:\/\/blogg.atl.nu\/det-grona-guldet\/wp-content\/uploads\/sites\/38\/2020\/11\/20201104_155211.jpg 685w, https:\/\/blogg.atl.nu\/det-grona-guldet\/wp-content\/uploads\/sites\/38\/2020\/11\/20201104_155211-300x225.jpg 300w\" sizes=\"(max-width: 685px) 100vw, 685px\" \/><\/p>\n<p>Vi h\u00f6ll ett h\u00f6gt tempo och hann med r\u00e4tt mycket innan det b\u00f6rjade m\u00f6rkna. En del jobb \u00e5terst\u00e5r innan allt \u00e4r klart men nu \u00e4r vi p\u00e5 god v\u00e4g. Nu f\u00e5r vi hoppas att vi f\u00e5r en b\u00e4ttre vinter i \u00e5r \u00e4n f\u00f6rra \u00e5ret. Vi vill ha kyla och h\u00e5rt i marken!<\/p>\n","protected":false},"excerpt":{"rendered":"<p>Idag hade vi st\u00e4mt tr\u00e4ff med min kusin Jonas i skogen. Han \u00e4r ink\u00f6pare p\u00e5 BillerudKorsn\u00e4s, som har sin stora anl\u00e4ggning i Fr\u00f6vi v\u00e4ldigt n\u00e4ra oss. BillerudKorsn\u00e4s tillverkar v\u00e4tskekartong (t.ex. juice och mj\u00f6lkf\u00f6rpackningar) och f\u00f6rpackningskartong (t.ex. parfym, choklad, elektronik och exklusiva drycker) i Fr\u00f6vi. F\u00f6r inte s\u00e5 l\u00e4nge sedan gjorde jag och min fru ett&#8230;<\/p>\n","protected":false},"author":358,"featured_media":0,"comment_status":"open","ping_status":"open","sticky":false,"template":"","format":"standard","meta":[],"categories":[1],"tags":[27],"yoast_head":"<!-- This site is optimized with the Yoast SEO plugin v19.6 - https:\/\/yoast.com\/wordpress\/plugins\/seo\/ -->\n<title>Att ta fram traktdirektiv inf\u00f6r en gallring - Det gr\u00f6na guldet<\/title>\n<meta name=\"robots\" content=\"index, follow, max-snippet:-1, max-image-preview:large, max-video-preview:-1\" \/>\n<link rel=\"canonical\" href=\"https:\/\/blogg.atl.nu\/det-grona-guldet\/2020\/11\/04\/att-ta-fram-traktdirektiv-infor-en-gallring\/\" \/>\n<meta property=\"og:locale\" content=\"sv_SE\" \/>\n<meta property=\"og:type\" content=\"article\" \/>\n<meta property=\"og:title\" content=\"Att ta fram traktdirektiv inf\u00f6r en gallring - Det gr\u00f6na guldet\" \/>\n<meta property=\"og:description\" content=\"Idag hade vi st\u00e4mt tr\u00e4ff med min kusin Jonas i skogen. Han \u00e4r ink\u00f6pare p\u00e5 BillerudKorsn\u00e4s, som har sin stora anl\u00e4ggning i Fr\u00f6vi v\u00e4ldigt n\u00e4ra oss. BillerudKorsn\u00e4s tillverkar v\u00e4tskekartong (t.ex. juice och mj\u00f6lkf\u00f6rpackningar) och f\u00f6rpackningskartong (t.ex. parfym, choklad, elektronik och exklusiva drycker) i Fr\u00f6vi. F\u00f6r inte s\u00e5 l\u00e4nge sedan gjorde jag och min fru ett...\" \/>\n<meta property=\"og:url\" content=\"https:\/\/blogg.atl.nu\/det-grona-guldet\/2020\/11\/04\/att-ta-fram-traktdirektiv-infor-en-gallring\/\" \/>\n<meta property=\"og:site_name\" content=\"Det gr\u00f6na guldet\" \/>\n<meta property=\"article:published_time\" content=\"2020-11-04T19:53:46+00:00\" \/>\n<meta property=\"og:image\" content=\"https:\/\/blogg.atl.nu\/det-grona-guldet\/wp-content\/uploads\/sites\/38\/2020\/11\/20201104_092536.jpg\" \/>\n<meta name=\"author\" content=\"perjonasson\" \/>\n<meta name=\"twitter:card\" content=\"summary_large_image\" \/>\n<meta name=\"twitter:label1\" content=\"Skriven av\" \/>\n\t<meta name=\"twitter:data1\" content=\"perjonasson\" \/>\n\t<meta name=\"twitter:label2\" content=\"Ber\u00e4knad l\u00e4stid\" \/>\n\t<meta name=\"twitter:data2\" content=\"3 minuter\" \/>\n<script type=\"application\/ld+json\" class=\"yoast-schema-graph\">{\"@context\":\"https:\/\/schema.org\",\"@graph\":[{\"@type\":\"WebPage\",\"@id\":\"https:\/\/blogg.atl.nu\/det-grona-guldet\/2020\/11\/04\/att-ta-fram-traktdirektiv-infor-en-gallring\/\",\"url\":\"https:\/\/blogg.atl.nu\/det-grona-guldet\/2020\/11\/04\/att-ta-fram-traktdirektiv-infor-en-gallring\/\",\"name\":\"Att ta fram traktdirektiv inf\u00f6r en gallring - Det gr\u00f6na guldet\",\"isPartOf\":{\"@id\":\"https:\/\/blogg.atl.nu\/det-grona-guldet\/#website\"},\"datePublished\":\"2020-11-04T19:53:46+00:00\",\"dateModified\":\"2020-11-04T19:53:46+00:00\",\"author\":{\"@id\":\"https:\/\/blogg.atl.nu\/det-grona-guldet\/#\/schema\/person\/287702eafc70c00d00ddd6052f82103c\"},\"breadcrumb\":{\"@id\":\"https:\/\/blogg.atl.nu\/det-grona-guldet\/2020\/11\/04\/att-ta-fram-traktdirektiv-infor-en-gallring\/#breadcrumb\"},\"inLanguage\":\"sv-SE\",\"potentialAction\":[{\"@type\":\"ReadAction\",\"target\":[\"https:\/\/blogg.atl.nu\/det-grona-guldet\/2020\/11\/04\/att-ta-fram-traktdirektiv-infor-en-gallring\/\"]}]},{\"@type\":\"BreadcrumbList\",\"@id\":\"https:\/\/blogg.atl.nu\/det-grona-guldet\/2020\/11\/04\/att-ta-fram-traktdirektiv-infor-en-gallring\/#breadcrumb\",\"itemListElement\":[{\"@type\":\"ListItem\",\"position\":1,\"name\":\"Home\",\"item\":\"https:\/\/blogg.atl.nu\/det-grona-guldet\/\"},{\"@type\":\"ListItem\",\"position\":2,\"name\":\"Att ta fram traktdirektiv inf\u00f6r en gallring\"}]},{\"@type\":\"WebSite\",\"@id\":\"https:\/\/blogg.atl.nu\/det-grona-guldet\/#website\",\"url\":\"https:\/\/blogg.atl.nu\/det-grona-guldet\/\",\"name\":\"Det gr\u00f6na guldet\",\"description\":\"Per Jonasson\",\"potentialAction\":[{\"@type\":\"SearchAction\",\"target\":{\"@type\":\"EntryPoint\",\"urlTemplate\":\"https:\/\/blogg.atl.nu\/det-grona-guldet\/?s={search_term_string}\"},\"query-input\":\"required name=search_term_string\"}],\"inLanguage\":\"sv-SE\"},{\"@type\":\"Person\",\"@id\":\"https:\/\/blogg.atl.nu\/det-grona-guldet\/#\/schema\/person\/287702eafc70c00d00ddd6052f82103c\",\"name\":\"perjonasson\",\"image\":{\"@type\":\"ImageObject\",\"inLanguage\":\"sv-SE\",\"@id\":\"https:\/\/blogg.atl.nu\/det-grona-guldet\/#\/schema\/person\/image\/\",\"url\":\"https:\/\/secure.gravatar.com\/avatar\/cb1f6adf68537abe8b5ad3acda4c0b63?s=96&d=mm&r=g\",\"contentUrl\":\"https:\/\/secure.gravatar.com\/avatar\/cb1f6adf68537abe8b5ad3acda4c0b63?s=96&d=mm&r=g\",\"caption\":\"perjonasson\"},\"url\":\"https:\/\/blogg.atl.nu\/det-grona-guldet\/author\/perjonasson\/\"}]}<\/script>\n<!-- \/ Yoast SEO plugin. -->","yoast_head_json":{"title":"Att ta fram traktdirektiv inf\u00f6r en gallring - Det gr\u00f6na guldet","robots":{"index":"index","follow":"follow","max-snippet":"max-snippet:-1","max-image-preview":"max-image-preview:large","max-video-preview":"max-video-preview:-1"},"canonical":"https:\/\/blogg.atl.nu\/det-grona-guldet\/2020\/11\/04\/att-ta-fram-traktdirektiv-infor-en-gallring\/","og_locale":"sv_SE","og_type":"article","og_title":"Att ta fram traktdirektiv inf\u00f6r en gallring - Det gr\u00f6na guldet","og_description":"Idag hade vi st\u00e4mt tr\u00e4ff med min kusin Jonas i skogen. Han \u00e4r ink\u00f6pare p\u00e5 BillerudKorsn\u00e4s, som har sin stora anl\u00e4ggning i Fr\u00f6vi v\u00e4ldigt n\u00e4ra oss. BillerudKorsn\u00e4s tillverkar v\u00e4tskekartong (t.ex. juice och mj\u00f6lkf\u00f6rpackningar) och f\u00f6rpackningskartong (t.ex. parfym, choklad, elektronik och exklusiva drycker) i Fr\u00f6vi. F\u00f6r inte s\u00e5 l\u00e4nge sedan gjorde jag och min fru ett...","og_url":"https:\/\/blogg.atl.nu\/det-grona-guldet\/2020\/11\/04\/att-ta-fram-traktdirektiv-infor-en-gallring\/","og_site_name":"Det gr\u00f6na guldet","article_published_time":"2020-11-04T19:53:46+00:00","og_image":[{"url":"https:\/\/blogg.atl.nu\/det-grona-guldet\/wp-content\/uploads\/sites\/38\/2020\/11\/20201104_092536.jpg"}],"author":"perjonasson","twitter_card":"summary_large_image","twitter_misc":{"Skriven av":"perjonasson","Ber\u00e4knad l\u00e4stid":"3 minuter"},"schema":{"@context":"https:\/\/schema.org","@graph":[{"@type":"WebPage","@id":"https:\/\/blogg.atl.nu\/det-grona-guldet\/2020\/11\/04\/att-ta-fram-traktdirektiv-infor-en-gallring\/","url":"https:\/\/blogg.atl.nu\/det-grona-guldet\/2020\/11\/04\/att-ta-fram-traktdirektiv-infor-en-gallring\/","name":"Att ta fram traktdirektiv inf\u00f6r en gallring - Det gr\u00f6na guldet","isPartOf":{"@id":"https:\/\/blogg.atl.nu\/det-grona-guldet\/#website"},"datePublished":"2020-11-04T19:53:46+00:00","dateModified":"2020-11-04T19:53:46+00:00","author":{"@id":"https:\/\/blogg.atl.nu\/det-grona-guldet\/#\/schema\/person\/287702eafc70c00d00ddd6052f82103c"},"breadcrumb":{"@id":"https:\/\/blogg.atl.nu\/det-grona-guldet\/2020\/11\/04\/att-ta-fram-traktdirektiv-infor-en-gallring\/#breadcrumb"},"inLanguage":"sv-SE","potentialAction":[{"@type":"ReadAction","target":["https:\/\/blogg.atl.nu\/det-grona-guldet\/2020\/11\/04\/att-ta-fram-traktdirektiv-infor-en-gallring\/"]}]},{"@type":"BreadcrumbList","@id":"https:\/\/blogg.atl.nu\/det-grona-guldet\/2020\/11\/04\/att-ta-fram-traktdirektiv-infor-en-gallring\/#breadcrumb","itemListElement":[{"@type":"ListItem","position":1,"name":"Home","item":"https:\/\/blogg.atl.nu\/det-grona-guldet\/"},{"@type":"ListItem","position":2,"name":"Att ta fram traktdirektiv inf\u00f6r en gallring"}]},{"@type":"WebSite","@id":"https:\/\/blogg.atl.nu\/det-grona-guldet\/#website","url":"https:\/\/blogg.atl.nu\/det-grona-guldet\/","name":"Det gr\u00f6na guldet","description":"Per Jonasson","potentialAction":[{"@type":"SearchAction","target":{"@type":"EntryPoint","urlTemplate":"https:\/\/blogg.atl.nu\/det-grona-guldet\/?s={search_term_string}"},"query-input":"required name=search_term_string"}],"inLanguage":"sv-SE"},{"@type":"Person","@id":"https:\/\/blogg.atl.nu\/det-grona-guldet\/#\/schema\/person\/287702eafc70c00d00ddd6052f82103c","name":"perjonasson","image":{"@type":"ImageObject","inLanguage":"sv-SE","@id":"https:\/\/blogg.atl.nu\/det-grona-guldet\/#\/schema\/person\/image\/","url":"https:\/\/secure.gravatar.com\/avatar\/cb1f6adf68537abe8b5ad3acda4c0b63?s=96&d=mm&r=g","contentUrl":"https:\/\/secure.gravatar.com\/avatar\/cb1f6adf68537abe8b5ad3acda4c0b63?s=96&d=mm&r=g","caption":"perjonasson"},"url":"https:\/\/blogg.atl.nu\/det-grona-guldet\/author\/perjonasson\/"}]}},"_links":{"self":[{"href":"https:\/\/blogg.atl.nu\/det-grona-guldet\/wp-json\/wp\/v2\/posts\/1940"}],"collection":[{"href":"https:\/\/blogg.atl.nu\/det-grona-guldet\/wp-json\/wp\/v2\/posts"}],"about":[{"href":"https:\/\/blogg.atl.nu\/det-grona-guldet\/wp-json\/wp\/v2\/types\/post"}],"author":[{"embeddable":true,"href":"https:\/\/blogg.atl.nu\/det-grona-guldet\/wp-json\/wp\/v2\/users\/358"}],"replies":[{"embeddable":true,"href":"https:\/\/blogg.atl.nu\/det-grona-guldet\/wp-json\/wp\/v2\/comments?post=1940"}],"version-history":[{"count":6,"href":"https:\/\/blogg.atl.nu\/det-grona-guldet\/wp-json\/wp\/v2\/posts\/1940\/revisions"}],"predecessor-version":[{"id":1946,"href":"https:\/\/blogg.atl.nu\/det-grona-guldet\/wp-json\/wp\/v2\/posts\/1940\/revisions\/1946"}],"wp:attachment":[{"href":"https:\/\/blogg.atl.nu\/det-grona-guldet\/wp-json\/wp\/v2\/media?parent=1940"}],"wp:term":[{"taxonomy":"category","embeddable":true,"href":"https:\/\/blogg.atl.nu\/det-grona-guldet\/wp-json\/wp\/v2\/categories?post=1940"},{"taxonomy":"post_tag","embeddable":true,"href":"https:\/\/blogg.atl.nu\/det-grona-guldet\/wp-json\/wp\/v2\/tags?post=1940"}],"curies":[{"name":"wp","href":"https:\/\/api.w.org\/{rel}","templated":true}]}}