{"id":2095,"date":"2020-12-02T19:36:09","date_gmt":"2020-12-02T18:36:09","guid":{"rendered":"https:\/\/blogg.atl.nu\/det-grona-guldet\/?p=2095"},"modified":"2020-12-02T19:36:09","modified_gmt":"2020-12-02T18:36:09","slug":"underrojningen-har-startat-och-jag-gor-ett-fynd-i-skogen","status":"publish","type":"post","link":"https:\/\/blogg.atl.nu\/det-grona-guldet\/2020\/12\/02\/underrojningen-har-startat-och-jag-gor-ett-fynd-i-skogen\/","title":{"rendered":"Underr\u00f6jningen har startat och jag g\u00f6r ett fynd i skogen"},"content":{"rendered":"<p>Nu har det blivit lite kyligare i Bergslagen s\u00e5 nu t\u00f6rs vi dra ig\u00e5ng \u00e5rets underr\u00f6jningar eller siktr\u00f6jningar, som jag h\u00f6rt en del s\u00e4ga ocks\u00e5. R\u00f6jningar som allts\u00e5 till st\u00f6rsta delen syftar till att ge sk\u00f6rdarf\u00f6raren fri sikt n\u00e4r hen ska gallra eller slutavverka. \u00c4r det inf\u00f6r en slutavverkning s\u00e5 blir det samtidigt en hyggesrensning ocks\u00e5. Och vi vill att det ska vara stadigt under fem grader plus innan vi drar ig\u00e5ng f\u00f6r att undvika eller minska risken f\u00f6r rotr\u00f6ta. Nu \u00e4r vi lite sena med den h\u00e4r \u00e5tg\u00e4rden, helst vill vi g\u00f6ra den \u00e5ret innan s\u00e5 det vi r\u00f6jer hinner barra av och bli lite nedtryck av sn\u00f6n men s\u00e5 blir det inte alltid. I \u00e5r har vi ca 14 hektar vi ska gallra men allt beh\u00f6ver som tur \u00e4r inte underr\u00f6jas.<\/p>\n<p>F\u00f6rra vintern (eller var det vintern innan?) s\u00e5 underr\u00f6jde vi bra mycket. D\u00e5 hade jag hj\u00e4lp av Klas, min systerson ocks\u00e5 och det blev kallt tidigt i november och ingen sn\u00f6. Idealiska f\u00f6rh\u00e5llande. Det var nog tv\u00e5 vintrar sedan f\u00f6r f\u00f6rra vintern var det ju inte kallt alls inser jag.<\/p>\n<p>Best\u00e5ndet jag r\u00f6jde idag \u00e4r ca en hektar och runt 50 \u00e5r i snitt. \u00c5ldern varierar n\u00e5got \u00f6ver best\u00e5ndet, en del lite \u00e4ldre och en annan del n\u00e5got yngre. Men det ser fint ut och hela best\u00e5ndet \u00e4r st\u00e4mplat, dvs vi har f\u00e4rgm\u00e4rkt de tr\u00e4d som ska gallras bort.<\/p>\n<p><a href=\"https:\/\/blogg.atl.nu\/det-grona-guldet\/20201202_103936\/\"><img loading=\"lazy\" class=\"alignnone size-full wp-image-2086\" src=\"https:\/\/blogg.atl.nu\/det-grona-guldet\/wp-content\/uploads\/sites\/38\/2020\/12\/20201202_103936.jpg\" alt=\"\" width=\"685\" height=\"514\" srcset=\"https:\/\/blogg.atl.nu\/det-grona-guldet\/wp-content\/uploads\/sites\/38\/2020\/12\/20201202_103936.jpg 685w, https:\/\/blogg.atl.nu\/det-grona-guldet\/wp-content\/uploads\/sites\/38\/2020\/12\/20201202_103936-300x225.jpg 300w\" sizes=\"(max-width: 685px) 100vw, 685px\" \/><\/a> <a href=\"https:\/\/blogg.atl.nu\/det-grona-guldet\/20201202_105700\/\"><img loading=\"lazy\" class=\"alignnone size-full wp-image-2087\" src=\"https:\/\/blogg.atl.nu\/det-grona-guldet\/wp-content\/uploads\/sites\/38\/2020\/12\/20201202_105700.jpg\" alt=\"\" width=\"685\" height=\"514\" srcset=\"https:\/\/blogg.atl.nu\/det-grona-guldet\/wp-content\/uploads\/sites\/38\/2020\/12\/20201202_105700.jpg 685w, https:\/\/blogg.atl.nu\/det-grona-guldet\/wp-content\/uploads\/sites\/38\/2020\/12\/20201202_105700-300x225.jpg 300w\" sizes=\"(max-width: 685px) 100vw, 685px\" \/><\/a><\/p>\n<p>&nbsp;<\/p>\n<p><a href=\"https:\/\/blogg.atl.nu\/det-grona-guldet\/20201202_102020\/\"><img loading=\"lazy\" class=\"alignnone size-full wp-image-2085\" src=\"https:\/\/blogg.atl.nu\/det-grona-guldet\/wp-content\/uploads\/sites\/38\/2020\/12\/20201202_102020.jpg\" alt=\"\" width=\"685\" height=\"514\" srcset=\"https:\/\/blogg.atl.nu\/det-grona-guldet\/wp-content\/uploads\/sites\/38\/2020\/12\/20201202_102020.jpg 685w, https:\/\/blogg.atl.nu\/det-grona-guldet\/wp-content\/uploads\/sites\/38\/2020\/12\/20201202_102020-300x225.jpg 300w\" sizes=\"(max-width: 685px) 100vw, 685px\" \/><\/a><\/p>\n<p>Det hela gick bra och n\u00e4r jag var klar s\u00e5 gick jag vidare till n\u00e4sta best\u00e5nd som ligger 150 meter d\u00e4rifr\u00e5n och d\u00e5 h\u00e4nde en lustig sak. F\u00f6r att komma dit s\u00e5 tog jag en genv\u00e4g och gick genom ett yngre best\u00e5nd som Bosse (min far) r\u00f6jde och stamkvistade i somras. Och n\u00e4r jag travar p\u00e5 genom det unga best\u00e5ndet s\u00e5 ser jag n\u00e5got som jag vet Bosse letat efter en hel del.<\/p>\n<figure id=\"attachment_2091\" aria-describedby=\"caption-attachment-2091\" style=\"width: 968px\" class=\"wp-caption alignnone\"><a href=\"https:\/\/blogg.atl.nu\/det-grona-guldet\/20201202_144756\/\"><img loading=\"lazy\" class=\"size-full wp-image-2091\" src=\"https:\/\/blogg.atl.nu\/det-grona-guldet\/wp-content\/uploads\/sites\/38\/2020\/12\/20201202_144756.jpg\" alt=\"\" width=\"968\" height=\"726\" srcset=\"https:\/\/blogg.atl.nu\/det-grona-guldet\/wp-content\/uploads\/sites\/38\/2020\/12\/20201202_144756.jpg 968w, https:\/\/blogg.atl.nu\/det-grona-guldet\/wp-content\/uploads\/sites\/38\/2020\/12\/20201202_144756-300x225.jpg 300w, https:\/\/blogg.atl.nu\/det-grona-guldet\/wp-content\/uploads\/sites\/38\/2020\/12\/20201202_144756-768x576.jpg 768w\" sizes=\"(max-width: 968px) 100vw, 968px\" \/><\/a><figcaption id=\"caption-attachment-2091\" class=\"wp-caption-text\"><em>H\u00e4r h\u00e4nger det en s\u00e5g f\u00f6r stamkvistning!<\/em><\/figcaption><\/figure>\n<p>En teleskops\u00e5g f\u00f6r stamkvistning! Jag l\u00e4t den h\u00e4nga kvar och n\u00e4r Bosse kom och h\u00e4mtade mig n\u00e4r det b\u00f6rjade m\u00f6rkna (han h\u00f6ll p\u00e5 med en st\u00e4mpling i ett annat best\u00e5nd) s\u00e5 bad jag honom f\u00f6lja med in i ungskogen f\u00f6r jag ville visa honom n\u00e5got. Och han blev glatt \u00f6verraskad n\u00e4r han fick syn p\u00e5 s\u00e5gen! Vi har tv\u00e5 stycken och den h\u00e4r hade saknats i flera m\u00e5nader.<\/p>\n<figure id=\"attachment_2092\" aria-describedby=\"caption-attachment-2092\" style=\"width: 685px\" class=\"wp-caption alignnone\"><a href=\"https:\/\/blogg.atl.nu\/det-grona-guldet\/20201202_144905\/\"><img loading=\"lazy\" class=\"size-full wp-image-2092\" src=\"https:\/\/blogg.atl.nu\/det-grona-guldet\/wp-content\/uploads\/sites\/38\/2020\/12\/20201202_144905.jpg\" alt=\"\" width=\"685\" height=\"514\" srcset=\"https:\/\/blogg.atl.nu\/det-grona-guldet\/wp-content\/uploads\/sites\/38\/2020\/12\/20201202_144905.jpg 685w, https:\/\/blogg.atl.nu\/det-grona-guldet\/wp-content\/uploads\/sites\/38\/2020\/12\/20201202_144905-300x225.jpg 300w\" sizes=\"(max-width: 685px) 100vw, 685px\" \/><\/a><figcaption id=\"caption-attachment-2092\" class=\"wp-caption-text\"><em>Bosse och den hittade s\u00e5gen<\/em><\/figcaption><\/figure>\n<p>Underr\u00f6jningen forts\u00e4tter i morgon och vi f\u00e5r hoppas att det \u00e4r lika fint i skogen d\u00e5 som det var idag. Se sj\u00e4lva:<\/p>\n<p><a href=\"https:\/\/blogg.atl.nu\/det-grona-guldet\/20201202_142322\/\"><img loading=\"lazy\" class=\"alignnone size-full wp-image-2090\" src=\"https:\/\/blogg.atl.nu\/det-grona-guldet\/wp-content\/uploads\/sites\/38\/2020\/12\/20201202_142322.jpg\" alt=\"\" width=\"685\" height=\"514\" srcset=\"https:\/\/blogg.atl.nu\/det-grona-guldet\/wp-content\/uploads\/sites\/38\/2020\/12\/20201202_142322.jpg 685w, https:\/\/blogg.atl.nu\/det-grona-guldet\/wp-content\/uploads\/sites\/38\/2020\/12\/20201202_142322-300x225.jpg 300w\" sizes=\"(max-width: 685px) 100vw, 685px\" \/><\/a> <a href=\"https:\/\/blogg.atl.nu\/det-grona-guldet\/20201202_122228\/\"><img loading=\"lazy\" class=\"alignnone size-full wp-image-2088\" src=\"https:\/\/blogg.atl.nu\/det-grona-guldet\/wp-content\/uploads\/sites\/38\/2020\/12\/20201202_122228.jpg\" alt=\"\" width=\"685\" height=\"514\" srcset=\"https:\/\/blogg.atl.nu\/det-grona-guldet\/wp-content\/uploads\/sites\/38\/2020\/12\/20201202_122228.jpg 685w, https:\/\/blogg.atl.nu\/det-grona-guldet\/wp-content\/uploads\/sites\/38\/2020\/12\/20201202_122228-300x225.jpg 300w\" sizes=\"(max-width: 685px) 100vw, 685px\" \/><\/a><\/p>\n<p>Jag skrev ju att vi har nyligen sl\u00e4ppt en podd som handlar om produktion av kvalitetstimmer och i samband med detta s\u00e5 fick vi bes\u00f6k av Karin p\u00e5 tidningen Skogen, jag skrev <a href=\"https:\/\/blogg.atl.nu\/det-grona-guldet\/2020\/11\/03\/vad-jag-pratar-om-nar-jag-pratar-om-kvalitetstimmer\/\"><span style=\"text-decoration: underline\">n\u00e5gra rader om det h\u00e4r<\/span><\/a>. Idag fick jag se resultatet i tidningen och det s\u00e5g ut s\u00e5 h\u00e4r:<\/p>\n<p><a href=\"https:\/\/blogg.atl.nu\/det-grona-guldet\/20201202_090522\/\"><img loading=\"lazy\" class=\"alignnone size-full wp-image-2084\" src=\"https:\/\/blogg.atl.nu\/det-grona-guldet\/wp-content\/uploads\/sites\/38\/2020\/12\/20201202_090522.jpg\" alt=\"\" width=\"1006\" height=\"680\" srcset=\"https:\/\/blogg.atl.nu\/det-grona-guldet\/wp-content\/uploads\/sites\/38\/2020\/12\/20201202_090522.jpg 1006w, https:\/\/blogg.atl.nu\/det-grona-guldet\/wp-content\/uploads\/sites\/38\/2020\/12\/20201202_090522-300x203.jpg 300w, https:\/\/blogg.atl.nu\/det-grona-guldet\/wp-content\/uploads\/sites\/38\/2020\/12\/20201202_090522-768x519.jpg 768w\" sizes=\"(max-width: 1006px) 100vw, 1006px\" \/><\/a><\/p>\n<p>Jag tror vi st\u00e5r i samma best\u00e5nd i bilden ovan som jag underr\u00f6jde idag. Vi st\u00e5r i den lite \u00e4ldre delen och inte mycket att r\u00f6ja d\u00e4r!<\/p>\n","protected":false},"excerpt":{"rendered":"<p>Nu har det blivit lite kyligare i Bergslagen s\u00e5 nu t\u00f6rs vi dra ig\u00e5ng \u00e5rets underr\u00f6jningar eller siktr\u00f6jningar, som jag h\u00f6rt en del s\u00e4ga ocks\u00e5. R\u00f6jningar som allts\u00e5 till st\u00f6rsta delen syftar till att ge sk\u00f6rdarf\u00f6raren fri sikt n\u00e4r hen ska gallra eller slutavverka. \u00c4r det inf\u00f6r en slutavverkning s\u00e5 blir det samtidigt en hyggesrensning&#8230;<\/p>\n","protected":false},"author":358,"featured_media":2089,"comment_status":"open","ping_status":"open","sticky":false,"template":"","format":"standard","meta":[],"categories":[1],"tags":[27,53,110],"yoast_head":"<!-- This site is optimized with the Yoast SEO plugin v19.6 - https:\/\/yoast.com\/wordpress\/plugins\/seo\/ -->\n<title>Underr\u00f6jningen har startat och jag g\u00f6r ett fynd i skogen - Det gr\u00f6na guldet<\/title>\n<meta name=\"robots\" content=\"index, follow, max-snippet:-1, max-image-preview:large, max-video-preview:-1\" \/>\n<link rel=\"canonical\" href=\"https:\/\/blogg.atl.nu\/det-grona-guldet\/2020\/12\/02\/underrojningen-har-startat-och-jag-gor-ett-fynd-i-skogen\/\" \/>\n<meta property=\"og:locale\" content=\"sv_SE\" \/>\n<meta property=\"og:type\" content=\"article\" \/>\n<meta property=\"og:title\" content=\"Underr\u00f6jningen har startat och jag g\u00f6r ett fynd i skogen - Det gr\u00f6na guldet\" \/>\n<meta property=\"og:description\" content=\"Nu har det blivit lite kyligare i Bergslagen s\u00e5 nu t\u00f6rs vi dra ig\u00e5ng \u00e5rets underr\u00f6jningar eller siktr\u00f6jningar, som jag h\u00f6rt en del s\u00e4ga ocks\u00e5. R\u00f6jningar som allts\u00e5 till st\u00f6rsta delen syftar till att ge sk\u00f6rdarf\u00f6raren fri sikt n\u00e4r hen ska gallra eller slutavverka. \u00c4r det inf\u00f6r en slutavverkning s\u00e5 blir det samtidigt en hyggesrensning...\" \/>\n<meta property=\"og:url\" content=\"https:\/\/blogg.atl.nu\/det-grona-guldet\/2020\/12\/02\/underrojningen-har-startat-och-jag-gor-ett-fynd-i-skogen\/\" \/>\n<meta property=\"og:site_name\" content=\"Det gr\u00f6na guldet\" \/>\n<meta property=\"article:published_time\" content=\"2020-12-02T18:36:09+00:00\" \/>\n<meta property=\"og:image\" content=\"https:\/\/blogg.atl.nu\/det-grona-guldet\/wp-content\/uploads\/sites\/38\/2020\/12\/20201202_140821.jpg\" \/>\n\t<meta property=\"og:image:width\" content=\"685\" \/>\n\t<meta property=\"og:image:height\" content=\"514\" \/>\n\t<meta property=\"og:image:type\" content=\"image\/jpeg\" \/>\n<meta name=\"author\" content=\"perjonasson\" \/>\n<meta name=\"twitter:card\" content=\"summary_large_image\" \/>\n<meta name=\"twitter:label1\" content=\"Skriven av\" \/>\n\t<meta name=\"twitter:data1\" content=\"perjonasson\" \/>\n\t<meta name=\"twitter:label2\" content=\"Ber\u00e4knad l\u00e4stid\" \/>\n\t<meta name=\"twitter:data2\" content=\"3 minuter\" \/>\n<script type=\"application\/ld+json\" class=\"yoast-schema-graph\">{\"@context\":\"https:\/\/schema.org\",\"@graph\":[{\"@type\":\"WebPage\",\"@id\":\"https:\/\/blogg.atl.nu\/det-grona-guldet\/2020\/12\/02\/underrojningen-har-startat-och-jag-gor-ett-fynd-i-skogen\/\",\"url\":\"https:\/\/blogg.atl.nu\/det-grona-guldet\/2020\/12\/02\/underrojningen-har-startat-och-jag-gor-ett-fynd-i-skogen\/\",\"name\":\"Underr\u00f6jningen har startat och jag g\u00f6r ett fynd i skogen - Det gr\u00f6na guldet\",\"isPartOf\":{\"@id\":\"https:\/\/blogg.atl.nu\/det-grona-guldet\/#website\"},\"datePublished\":\"2020-12-02T18:36:09+00:00\",\"dateModified\":\"2020-12-02T18:36:09+00:00\",\"author\":{\"@id\":\"https:\/\/blogg.atl.nu\/det-grona-guldet\/#\/schema\/person\/287702eafc70c00d00ddd6052f82103c\"},\"breadcrumb\":{\"@id\":\"https:\/\/blogg.atl.nu\/det-grona-guldet\/2020\/12\/02\/underrojningen-har-startat-och-jag-gor-ett-fynd-i-skogen\/#breadcrumb\"},\"inLanguage\":\"sv-SE\",\"potentialAction\":[{\"@type\":\"ReadAction\",\"target\":[\"https:\/\/blogg.atl.nu\/det-grona-guldet\/2020\/12\/02\/underrojningen-har-startat-och-jag-gor-ett-fynd-i-skogen\/\"]}]},{\"@type\":\"BreadcrumbList\",\"@id\":\"https:\/\/blogg.atl.nu\/det-grona-guldet\/2020\/12\/02\/underrojningen-har-startat-och-jag-gor-ett-fynd-i-skogen\/#breadcrumb\",\"itemListElement\":[{\"@type\":\"ListItem\",\"position\":1,\"name\":\"Home\",\"item\":\"https:\/\/blogg.atl.nu\/det-grona-guldet\/\"},{\"@type\":\"ListItem\",\"position\":2,\"name\":\"Underr\u00f6jningen har startat och jag g\u00f6r ett fynd i skogen\"}]},{\"@type\":\"WebSite\",\"@id\":\"https:\/\/blogg.atl.nu\/det-grona-guldet\/#website\",\"url\":\"https:\/\/blogg.atl.nu\/det-grona-guldet\/\",\"name\":\"Det gr\u00f6na guldet\",\"description\":\"Per Jonasson\",\"potentialAction\":[{\"@type\":\"SearchAction\",\"target\":{\"@type\":\"EntryPoint\",\"urlTemplate\":\"https:\/\/blogg.atl.nu\/det-grona-guldet\/?s={search_term_string}\"},\"query-input\":\"required name=search_term_string\"}],\"inLanguage\":\"sv-SE\"},{\"@type\":\"Person\",\"@id\":\"https:\/\/blogg.atl.nu\/det-grona-guldet\/#\/schema\/person\/287702eafc70c00d00ddd6052f82103c\",\"name\":\"perjonasson\",\"image\":{\"@type\":\"ImageObject\",\"inLanguage\":\"sv-SE\",\"@id\":\"https:\/\/blogg.atl.nu\/det-grona-guldet\/#\/schema\/person\/image\/\",\"url\":\"https:\/\/secure.gravatar.com\/avatar\/cb1f6adf68537abe8b5ad3acda4c0b63?s=96&d=mm&r=g\",\"contentUrl\":\"https:\/\/secure.gravatar.com\/avatar\/cb1f6adf68537abe8b5ad3acda4c0b63?s=96&d=mm&r=g\",\"caption\":\"perjonasson\"},\"url\":\"https:\/\/blogg.atl.nu\/det-grona-guldet\/author\/perjonasson\/\"}]}<\/script>\n<!-- \/ Yoast SEO plugin. -->","yoast_head_json":{"title":"Underr\u00f6jningen har startat och jag g\u00f6r ett fynd i skogen - Det gr\u00f6na guldet","robots":{"index":"index","follow":"follow","max-snippet":"max-snippet:-1","max-image-preview":"max-image-preview:large","max-video-preview":"max-video-preview:-1"},"canonical":"https:\/\/blogg.atl.nu\/det-grona-guldet\/2020\/12\/02\/underrojningen-har-startat-och-jag-gor-ett-fynd-i-skogen\/","og_locale":"sv_SE","og_type":"article","og_title":"Underr\u00f6jningen har startat och jag g\u00f6r ett fynd i skogen - Det gr\u00f6na guldet","og_description":"Nu har det blivit lite kyligare i Bergslagen s\u00e5 nu t\u00f6rs vi dra ig\u00e5ng \u00e5rets underr\u00f6jningar eller siktr\u00f6jningar, som jag h\u00f6rt en del s\u00e4ga ocks\u00e5. R\u00f6jningar som allts\u00e5 till st\u00f6rsta delen syftar till att ge sk\u00f6rdarf\u00f6raren fri sikt n\u00e4r hen ska gallra eller slutavverka. \u00c4r det inf\u00f6r en slutavverkning s\u00e5 blir det samtidigt en hyggesrensning...","og_url":"https:\/\/blogg.atl.nu\/det-grona-guldet\/2020\/12\/02\/underrojningen-har-startat-och-jag-gor-ett-fynd-i-skogen\/","og_site_name":"Det gr\u00f6na guldet","article_published_time":"2020-12-02T18:36:09+00:00","og_image":[{"width":685,"height":514,"url":"https:\/\/blogg.atl.nu\/det-grona-guldet\/wp-content\/uploads\/sites\/38\/2020\/12\/20201202_140821.jpg","type":"image\/jpeg"}],"author":"perjonasson","twitter_card":"summary_large_image","twitter_misc":{"Skriven av":"perjonasson","Ber\u00e4knad l\u00e4stid":"3 minuter"},"schema":{"@context":"https:\/\/schema.org","@graph":[{"@type":"WebPage","@id":"https:\/\/blogg.atl.nu\/det-grona-guldet\/2020\/12\/02\/underrojningen-har-startat-och-jag-gor-ett-fynd-i-skogen\/","url":"https:\/\/blogg.atl.nu\/det-grona-guldet\/2020\/12\/02\/underrojningen-har-startat-och-jag-gor-ett-fynd-i-skogen\/","name":"Underr\u00f6jningen har startat och jag g\u00f6r ett fynd i skogen - Det gr\u00f6na guldet","isPartOf":{"@id":"https:\/\/blogg.atl.nu\/det-grona-guldet\/#website"},"datePublished":"2020-12-02T18:36:09+00:00","dateModified":"2020-12-02T18:36:09+00:00","author":{"@id":"https:\/\/blogg.atl.nu\/det-grona-guldet\/#\/schema\/person\/287702eafc70c00d00ddd6052f82103c"},"breadcrumb":{"@id":"https:\/\/blogg.atl.nu\/det-grona-guldet\/2020\/12\/02\/underrojningen-har-startat-och-jag-gor-ett-fynd-i-skogen\/#breadcrumb"},"inLanguage":"sv-SE","potentialAction":[{"@type":"ReadAction","target":["https:\/\/blogg.atl.nu\/det-grona-guldet\/2020\/12\/02\/underrojningen-har-startat-och-jag-gor-ett-fynd-i-skogen\/"]}]},{"@type":"BreadcrumbList","@id":"https:\/\/blogg.atl.nu\/det-grona-guldet\/2020\/12\/02\/underrojningen-har-startat-och-jag-gor-ett-fynd-i-skogen\/#breadcrumb","itemListElement":[{"@type":"ListItem","position":1,"name":"Home","item":"https:\/\/blogg.atl.nu\/det-grona-guldet\/"},{"@type":"ListItem","position":2,"name":"Underr\u00f6jningen har startat och jag g\u00f6r ett fynd i skogen"}]},{"@type":"WebSite","@id":"https:\/\/blogg.atl.nu\/det-grona-guldet\/#website","url":"https:\/\/blogg.atl.nu\/det-grona-guldet\/","name":"Det gr\u00f6na guldet","description":"Per Jonasson","potentialAction":[{"@type":"SearchAction","target":{"@type":"EntryPoint","urlTemplate":"https:\/\/blogg.atl.nu\/det-grona-guldet\/?s={search_term_string}"},"query-input":"required name=search_term_string"}],"inLanguage":"sv-SE"},{"@type":"Person","@id":"https:\/\/blogg.atl.nu\/det-grona-guldet\/#\/schema\/person\/287702eafc70c00d00ddd6052f82103c","name":"perjonasson","image":{"@type":"ImageObject","inLanguage":"sv-SE","@id":"https:\/\/blogg.atl.nu\/det-grona-guldet\/#\/schema\/person\/image\/","url":"https:\/\/secure.gravatar.com\/avatar\/cb1f6adf68537abe8b5ad3acda4c0b63?s=96&d=mm&r=g","contentUrl":"https:\/\/secure.gravatar.com\/avatar\/cb1f6adf68537abe8b5ad3acda4c0b63?s=96&d=mm&r=g","caption":"perjonasson"},"url":"https:\/\/blogg.atl.nu\/det-grona-guldet\/author\/perjonasson\/"}]}},"_links":{"self":[{"href":"https:\/\/blogg.atl.nu\/det-grona-guldet\/wp-json\/wp\/v2\/posts\/2095"}],"collection":[{"href":"https:\/\/blogg.atl.nu\/det-grona-guldet\/wp-json\/wp\/v2\/posts"}],"about":[{"href":"https:\/\/blogg.atl.nu\/det-grona-guldet\/wp-json\/wp\/v2\/types\/post"}],"author":[{"embeddable":true,"href":"https:\/\/blogg.atl.nu\/det-grona-guldet\/wp-json\/wp\/v2\/users\/358"}],"replies":[{"embeddable":true,"href":"https:\/\/blogg.atl.nu\/det-grona-guldet\/wp-json\/wp\/v2\/comments?post=2095"}],"version-history":[{"count":4,"href":"https:\/\/blogg.atl.nu\/det-grona-guldet\/wp-json\/wp\/v2\/posts\/2095\/revisions"}],"predecessor-version":[{"id":2099,"href":"https:\/\/blogg.atl.nu\/det-grona-guldet\/wp-json\/wp\/v2\/posts\/2095\/revisions\/2099"}],"wp:featuredmedia":[{"embeddable":true,"href":"https:\/\/blogg.atl.nu\/det-grona-guldet\/wp-json\/wp\/v2\/media\/2089"}],"wp:attachment":[{"href":"https:\/\/blogg.atl.nu\/det-grona-guldet\/wp-json\/wp\/v2\/media?parent=2095"}],"wp:term":[{"taxonomy":"category","embeddable":true,"href":"https:\/\/blogg.atl.nu\/det-grona-guldet\/wp-json\/wp\/v2\/categories?post=2095"},{"taxonomy":"post_tag","embeddable":true,"href":"https:\/\/blogg.atl.nu\/det-grona-guldet\/wp-json\/wp\/v2\/tags?post=2095"}],"curies":[{"name":"wp","href":"https:\/\/api.w.org\/{rel}","templated":true}]}}