{"id":2117,"date":"2020-12-07T15:53:55","date_gmt":"2020-12-07T14:53:55","guid":{"rendered":"https:\/\/blogg.atl.nu\/det-grona-guldet\/?p=2117"},"modified":"2020-12-07T15:53:55","modified_gmt":"2020-12-07T14:53:55","slug":"skogsstyrelsens-mera-tall-filmer-saknar-nagot","status":"publish","type":"post","link":"https:\/\/blogg.atl.nu\/det-grona-guldet\/2020\/12\/07\/skogsstyrelsens-mera-tall-filmer-saknar-nagot\/","title":{"rendered":"Skogsstyrelsens &#8221;Mera Tall&#8221; filmer saknar n\u00e5got"},"content":{"rendered":"<p>H\u00e4romdagen sl\u00e4ppte Skogsstyrelsen sex stycken filmer som handlar om &#8221;Mera Tall&#8221; projektet. Det \u00e4r sex trevliga och korta filmer som beskriver projektet samt lite grand om tallens f\u00f6rdelar, st\u00e5ndortsanpassning, hur man kan f\u00f6ryngra tallen och ett par filmer om kl\u00f6vviltet. Filmerna \u00e4r p\u00e5 fyra-fem minuter och de som som medverkar i filmerna \u00e4r bland annat Rickard Sandstr\u00f6m (fd projektledare f\u00f6r Mera Tall, Skogsstyrelsen), Anders Nilsson (Riksjaktv\u00e5rdskonsulent J\u00e4garf\u00f6rbundet), Anna Stridsman (Skogsv\u00e5rdschef Sveaskog),\u00a0 Christer Karlsson (F\u00f6rs\u00f6ksledare SLU) och M\u00e4rtha Wallgren (Viltekolog p\u00e5 Skogforsk) samt en del andra personer.<\/p>\n<p>Skogsstyrelsen har f\u00e5tt ihop ett kompetent g\u00e4ng och jag har tr\u00e4ffat b\u00e5de M\u00e4rtha och Rickard tidigare. Rickard k\u00e4nner jag v\u00e4l, han har bes\u00f6kt oss i Bergslagen och vi har visat hur vi f\u00f6ryngrar tallen genom s\u00e5dd och naturlig f\u00f6ryngring (sedan filmerna spelades in har Rickard bytt jobb och l\u00e4mnat Skogsstyrelsen).<\/p>\n<p><a href=\"https:\/\/blogg.atl.nu\/det-grona-guldet\/mera-tall-intro\/\"><img loading=\"lazy\" class=\"alignnone size-full wp-image-2115\" src=\"https:\/\/blogg.atl.nu\/det-grona-guldet\/wp-content\/uploads\/sites\/38\/2020\/12\/Mera-tall-intro.jpg\" alt=\"\" width=\"1224\" height=\"687\" srcset=\"https:\/\/blogg.atl.nu\/det-grona-guldet\/wp-content\/uploads\/sites\/38\/2020\/12\/Mera-tall-intro.jpg 1224w, https:\/\/blogg.atl.nu\/det-grona-guldet\/wp-content\/uploads\/sites\/38\/2020\/12\/Mera-tall-intro-300x168.jpg 300w, https:\/\/blogg.atl.nu\/det-grona-guldet\/wp-content\/uploads\/sites\/38\/2020\/12\/Mera-tall-intro-768x431.jpg 768w, https:\/\/blogg.atl.nu\/det-grona-guldet\/wp-content\/uploads\/sites\/38\/2020\/12\/Mera-tall-intro-1024x575.jpg 1024w\" sizes=\"(max-width: 1224px) 100vw, 1224px\" \/><\/a><\/p>\n<p>Man hittar filmerna p\u00e5 Skogsstyrelsens Youtube kanal och man kan \u00e4ven prenumerera p\u00e5 deras filmer d\u00e4r s\u00e5 man inte missar n\u00e5gra nya filmer som de sl\u00e4pper. Jag tycker filmerna \u00e4r bra och sev\u00e4rda. De f\u00f6rklarar kort och enkelt den bakomliggande orsaken till varf\u00f6r vi har problem med stora betesskador (obalans mellan vilt och bete) och vad projektet &#8221;Mera Tall&#8221; g\u00e5r ut p\u00e5 och hur de jobbar, vad och hur kl\u00f6vviltet \u00e4ter mm. Vi f\u00e5r ocks\u00e5 tips p\u00e5 hur man kan f\u00f6ryngra tallen och de pratar om plantering, maskinell s\u00e5dd och naturlig f\u00f6ryngring samt att man kan kombinera metoderna.<\/p>\n<p><a href=\"https:\/\/blogg.atl.nu\/det-grona-guldet\/2020\/12\/07\/skogsstyrelsens-mera-tall-filmer-saknar-nagot\/mera-tall\/\" rel=\"attachment wp-att-2116\"><img loading=\"lazy\" class=\"alignnone size-full wp-image-2116\" src=\"https:\/\/blogg.atl.nu\/det-grona-guldet\/wp-content\/uploads\/sites\/38\/2020\/12\/Mera-tall.jpg\" alt=\"\" width=\"1279\" height=\"677\" srcset=\"https:\/\/blogg.atl.nu\/det-grona-guldet\/wp-content\/uploads\/sites\/38\/2020\/12\/Mera-tall.jpg 1279w, https:\/\/blogg.atl.nu\/det-grona-guldet\/wp-content\/uploads\/sites\/38\/2020\/12\/Mera-tall-300x159.jpg 300w, https:\/\/blogg.atl.nu\/det-grona-guldet\/wp-content\/uploads\/sites\/38\/2020\/12\/Mera-tall-768x407.jpg 768w, https:\/\/blogg.atl.nu\/det-grona-guldet\/wp-content\/uploads\/sites\/38\/2020\/12\/Mera-tall-1024x542.jpg 1024w\" sizes=\"(max-width: 1279px) 100vw, 1279px\" \/><\/a><\/p>\n<p>Men h\u00e4r tycker jag de har missat att n\u00e4mna manuell s\u00e5dd. De pratar bara om maskinell s\u00e5dd och det kan f\u00f6rst\u00e5s vara en bra metod men varf\u00f6r tar de inte upp manuell s\u00e5dd alls? Borde de inte ocks\u00e5 n\u00e4mna att det g\u00e5r utm\u00e4rkt att s\u00e5 direkt utan markberedning i vissa fall? Och det hade v\u00e4l inte skadat att n\u00e4mna att blandskog ocks\u00e5 kan vara ett bra alternativ. H\u00e4r f\u00e5r Skogsstyrelsen och &#8221;Mera Tall&#8221; projektet bakl\u00e4xa.<\/p>\n<p><a href=\"https:\/\/blogg.atl.nu\/det-grona-guldet\/2020\/12\/07\/skogsstyrelsens-mera-tall-filmer-saknar-nagot\/20201203_125325\/\" rel=\"attachment wp-att-2102\"><img loading=\"lazy\" class=\"alignnone size-full wp-image-2102\" src=\"https:\/\/blogg.atl.nu\/det-grona-guldet\/wp-content\/uploads\/sites\/38\/2020\/12\/20201203_125325.jpg\" alt=\"\" width=\"685\" height=\"514\" srcset=\"https:\/\/blogg.atl.nu\/det-grona-guldet\/wp-content\/uploads\/sites\/38\/2020\/12\/20201203_125325.jpg 685w, https:\/\/blogg.atl.nu\/det-grona-guldet\/wp-content\/uploads\/sites\/38\/2020\/12\/20201203_125325-300x225.jpg 300w\" sizes=\"(max-width: 685px) 100vw, 685px\" \/><\/a><\/p>\n<p>I slutet av f\u00f6rra veckan var Bosse och jag ute och inventerade en manuell s\u00e5dd av tall som vi gjorde v\u00e5ren 2018 i Bergslagen. Ni kanske kommer ih\u00e5g att sommaren 2018 var extremt torr och p\u00e5 m\u00e5nga platser i landet tog skogen mycket stryk av torkan och granbarkborrarna fick ett stort uppsving i antal (\u00e4ven om det antagligen b\u00f6rjade redan sommaren 2017)? V\u00e5ren var sen och vi anordnade en exkursion f\u00f6r Skogspoddens lyssnare och temat var just talls\u00e5dd i kombination med plantering av gran, allt under en fr\u00f6tr\u00e4dst\u00e4llning. Kul nog s\u00e5 var det ett stort intresse av exkursionen och jag tror det var runt 60 personer som kom och deltog.<\/p>\n<figure id=\"attachment_2120\" aria-describedby=\"caption-attachment-2120\" style=\"width: 702px\" class=\"wp-caption alignnone\"><a href=\"https:\/\/blogg.atl.nu\/det-grona-guldet\/20180428_105402\/\"><img loading=\"lazy\" class=\"size-full wp-image-2120\" src=\"https:\/\/blogg.atl.nu\/det-grona-guldet\/wp-content\/uploads\/sites\/38\/2020\/12\/20180428_105402.jpg\" alt=\"\" width=\"702\" height=\"395\" srcset=\"https:\/\/blogg.atl.nu\/det-grona-guldet\/wp-content\/uploads\/sites\/38\/2020\/12\/20180428_105402.jpg 702w, https:\/\/blogg.atl.nu\/det-grona-guldet\/wp-content\/uploads\/sites\/38\/2020\/12\/20180428_105402-300x169.jpg 300w\" sizes=\"(max-width: 702px) 100vw, 702px\" \/><\/a><figcaption id=\"caption-attachment-2120\" class=\"wp-caption-text\"><em>V\u00e5ren 2018, Bosse pratar s\u00e5dd<\/em><\/figcaption><\/figure>\n<p>En sak som vi gjorde p\u00e5 exkursionen var att alla fick sj\u00e4lv prova att s\u00e5 tall, ett uppskattat inslag! P\u00e5 det h\u00e4r hygget s\u00e5 l\u00e4mnade vi ca 40 fr\u00f6tallar\/hektar och sedan planterade vi ca 1250 granar\/hektar och slutligen s\u00e5 s\u00e5dde vi manuellt 300 gram tallfr\u00f6 (ca 50 000 fr\u00f6n) mellan granarna. Och det var markberett det mesta f\u00f6rutom en mindre del som bestod av vitmossa, d\u00e4r s\u00e5dde vi direkt i mossan.<\/p>\n<p>V\u00e5rt syfte med inventeringen i f\u00f6rra veckan var att se hur mycket plant som kommit upp och om det var dags att ta ned fr\u00f6tr\u00e4den eller om vi ska l\u00e5ta dem st\u00e5 ett tag till. Vi har ju haft en del vindf\u00e4llen h\u00e4r och skulle det visa sig att vi har tillr\u00e4ckligt med plantuppslag s\u00e5 kan vi ta ned fr\u00f6tallarna, men det vill man inte heller g\u00f6ra f\u00f6r tidigt. I s\u00f6dra och v\u00e4stra delen av f\u00f6ryngringen ser det ut s\u00e5 h\u00e4r:<\/p>\n<p><a href=\"https:\/\/blogg.atl.nu\/det-grona-guldet\/20201203_125344\/\"><img loading=\"lazy\" class=\"alignnone size-full wp-image-2103\" src=\"https:\/\/blogg.atl.nu\/det-grona-guldet\/wp-content\/uploads\/sites\/38\/2020\/12\/20201203_125344.jpg\" alt=\"\" width=\"685\" height=\"514\" srcset=\"https:\/\/blogg.atl.nu\/det-grona-guldet\/wp-content\/uploads\/sites\/38\/2020\/12\/20201203_125344.jpg 685w, https:\/\/blogg.atl.nu\/det-grona-guldet\/wp-content\/uploads\/sites\/38\/2020\/12\/20201203_125344-300x225.jpg 300w\" sizes=\"(max-width: 685px) 100vw, 685px\" \/><\/a> <a href=\"https:\/\/blogg.atl.nu\/det-grona-guldet\/20201203_125434\/\"><img loading=\"lazy\" class=\"alignnone size-full wp-image-2104\" src=\"https:\/\/blogg.atl.nu\/det-grona-guldet\/wp-content\/uploads\/sites\/38\/2020\/12\/20201203_125434.jpg\" alt=\"\" width=\"685\" height=\"514\" srcset=\"https:\/\/blogg.atl.nu\/det-grona-guldet\/wp-content\/uploads\/sites\/38\/2020\/12\/20201203_125434.jpg 685w, https:\/\/blogg.atl.nu\/det-grona-guldet\/wp-content\/uploads\/sites\/38\/2020\/12\/20201203_125434-300x225.jpg 300w\" sizes=\"(max-width: 685px) 100vw, 685px\" \/><\/a> <a href=\"https:\/\/blogg.atl.nu\/det-grona-guldet\/20201203_130051\/\"><img loading=\"lazy\" class=\"alignnone size-full wp-image-2106\" src=\"https:\/\/blogg.atl.nu\/det-grona-guldet\/wp-content\/uploads\/sites\/38\/2020\/12\/20201203_130051.jpg\" alt=\"\" width=\"685\" height=\"514\" srcset=\"https:\/\/blogg.atl.nu\/det-grona-guldet\/wp-content\/uploads\/sites\/38\/2020\/12\/20201203_130051.jpg 685w, https:\/\/blogg.atl.nu\/det-grona-guldet\/wp-content\/uploads\/sites\/38\/2020\/12\/20201203_130051-300x225.jpg 300w\" sizes=\"(max-width: 685px) 100vw, 685px\" \/><\/a> <a href=\"https:\/\/blogg.atl.nu\/det-grona-guldet\/20201203_125648\/\"><img loading=\"lazy\" class=\"alignnone size-full wp-image-2105\" src=\"https:\/\/blogg.atl.nu\/det-grona-guldet\/wp-content\/uploads\/sites\/38\/2020\/12\/20201203_125648.jpg\" alt=\"\" width=\"685\" height=\"514\" srcset=\"https:\/\/blogg.atl.nu\/det-grona-guldet\/wp-content\/uploads\/sites\/38\/2020\/12\/20201203_125648.jpg 685w, https:\/\/blogg.atl.nu\/det-grona-guldet\/wp-content\/uploads\/sites\/38\/2020\/12\/20201203_125648-300x225.jpg 300w\" sizes=\"(max-width: 685px) 100vw, 685px\" \/><\/a> <a href=\"https:\/\/blogg.atl.nu\/det-grona-guldet\/20201203_130126\/\"><img loading=\"lazy\" class=\"alignnone size-full wp-image-2107\" src=\"https:\/\/blogg.atl.nu\/det-grona-guldet\/wp-content\/uploads\/sites\/38\/2020\/12\/20201203_130126.jpg\" alt=\"\" width=\"685\" height=\"514\" srcset=\"https:\/\/blogg.atl.nu\/det-grona-guldet\/wp-content\/uploads\/sites\/38\/2020\/12\/20201203_130126.jpg 685w, https:\/\/blogg.atl.nu\/det-grona-guldet\/wp-content\/uploads\/sites\/38\/2020\/12\/20201203_130126-300x225.jpg 300w\" sizes=\"(max-width: 685px) 100vw, 685px\" \/><\/a> <a href=\"https:\/\/blogg.atl.nu\/det-grona-guldet\/20201203_130546\/\"><img loading=\"lazy\" class=\"alignnone size-full wp-image-2110\" src=\"https:\/\/blogg.atl.nu\/det-grona-guldet\/wp-content\/uploads\/sites\/38\/2020\/12\/20201203_130546.jpg\" alt=\"\" width=\"685\" height=\"514\" srcset=\"https:\/\/blogg.atl.nu\/det-grona-guldet\/wp-content\/uploads\/sites\/38\/2020\/12\/20201203_130546.jpg 685w, https:\/\/blogg.atl.nu\/det-grona-guldet\/wp-content\/uploads\/sites\/38\/2020\/12\/20201203_130546-300x225.jpg 300w\" sizes=\"(max-width: 685px) 100vw, 685px\" \/><\/a><\/p>\n<p><a href=\"https:\/\/blogg.atl.nu\/det-grona-guldet\/20201203_133136\/\"><img loading=\"lazy\" class=\"alignnone size-full wp-image-2114\" src=\"https:\/\/blogg.atl.nu\/det-grona-guldet\/wp-content\/uploads\/sites\/38\/2020\/12\/20201203_133136.jpg\" alt=\"\" width=\"685\" height=\"514\" srcset=\"https:\/\/blogg.atl.nu\/det-grona-guldet\/wp-content\/uploads\/sites\/38\/2020\/12\/20201203_133136.jpg 685w, https:\/\/blogg.atl.nu\/det-grona-guldet\/wp-content\/uploads\/sites\/38\/2020\/12\/20201203_133136-300x225.jpg 300w\" sizes=\"(max-width: 685px) 100vw, 685px\" \/><\/a><\/p>\n<p>Som ni ser s\u00e5 kommer det upp mycket tallplantor mellan granarna. De flesta \u00e4r antagligen s\u00e5dda av oss men det finns f\u00f6rst\u00e5s sj\u00e4lvf\u00f6ryngrade plantor i olika storlekar ocks\u00e5. N\u00e4r vi sedan gick l\u00e4ngre norrut i best\u00e5ndet blir det n\u00e5got magrare och d\u00e4r s\u00e5g vi f\u00e4rre tallplantor.<\/p>\n<p><a href=\"https:\/\/blogg.atl.nu\/det-grona-guldet\/20201203_130350\/\"><img loading=\"lazy\" class=\"alignnone size-full wp-image-2109\" src=\"https:\/\/blogg.atl.nu\/det-grona-guldet\/wp-content\/uploads\/sites\/38\/2020\/12\/20201203_130350.jpg\" alt=\"\" width=\"685\" height=\"514\" srcset=\"https:\/\/blogg.atl.nu\/det-grona-guldet\/wp-content\/uploads\/sites\/38\/2020\/12\/20201203_130350.jpg 685w, https:\/\/blogg.atl.nu\/det-grona-guldet\/wp-content\/uploads\/sites\/38\/2020\/12\/20201203_130350-300x225.jpg 300w\" sizes=\"(max-width: 685px) 100vw, 685px\" \/><\/a><\/p>\n<p>H\u00e4r ser man granarna sticker upp och det kan finnas mindre tallplantor under sn\u00f6n som vi inte ser men skillnaden mot s\u00f6dra delen \u00e4r markant. P\u00e5 en del h\u00e5ll s\u00e5g det b\u00e4ttre ut f\u00f6rst\u00e5s.<\/p>\n<p><a href=\"https:\/\/blogg.atl.nu\/det-grona-guldet\/20201203_130652\/\"><img loading=\"lazy\" class=\"alignnone size-full wp-image-2112\" src=\"https:\/\/blogg.atl.nu\/det-grona-guldet\/wp-content\/uploads\/sites\/38\/2020\/12\/20201203_130652.jpg\" alt=\"\" width=\"685\" height=\"514\" srcset=\"https:\/\/blogg.atl.nu\/det-grona-guldet\/wp-content\/uploads\/sites\/38\/2020\/12\/20201203_130652.jpg 685w, https:\/\/blogg.atl.nu\/det-grona-guldet\/wp-content\/uploads\/sites\/38\/2020\/12\/20201203_130652-300x225.jpg 300w\" sizes=\"(max-width: 685px) 100vw, 685px\" \/><\/a><\/p>\n<p><a href=\"https:\/\/blogg.atl.nu\/det-grona-guldet\/20201203_130729\/\"><img loading=\"lazy\" class=\"alignnone size-full wp-image-2113\" src=\"https:\/\/blogg.atl.nu\/det-grona-guldet\/wp-content\/uploads\/sites\/38\/2020\/12\/20201203_130729.jpg\" alt=\"\" width=\"685\" height=\"514\" srcset=\"https:\/\/blogg.atl.nu\/det-grona-guldet\/wp-content\/uploads\/sites\/38\/2020\/12\/20201203_130729.jpg 685w, https:\/\/blogg.atl.nu\/det-grona-guldet\/wp-content\/uploads\/sites\/38\/2020\/12\/20201203_130729-300x225.jpg 300w\" sizes=\"(max-width: 685px) 100vw, 685px\" \/><\/a><\/p>\n<p>Ja, vi f\u00e5r kanske v\u00e4nta med att ta ned fr\u00f6tallarna tills vi ser hur det ser ut under sn\u00f6n. Ett alternativ \u00e4r att ta ned dem i de s\u00f6dra och v\u00e4stra delarna (d\u00e4r det kommer mycket tall) och l\u00e5ta dem st\u00e5 kvar i den magrare norra delen, vi f\u00e5r se hur vi g\u00f6r.<\/p>\n<p>Hursomhelst s\u00e5 \u00e4r manuell s\u00e5dd en metod som fungerar och kan vara l\u00e4mplig f\u00f6r den aktiva skogsbrukaren och som komplement till Skogsstyrelsens filmer om f\u00f6ryngring av tall l\u00e4gger jag upp tv\u00e5 av v\u00e5ra filmer fr\u00e5n v\u00e5r Youtube kanal d\u00e4r vi visar v\u00e5ra s\u00e5ddmetoder, mylls\u00e5dd och yts\u00e5dd.<\/p>\n<p><iframe loading=\"lazy\" title=\"5  Mylls\u00e5dd\" width=\"500\" height=\"281\" src=\"https:\/\/www.youtube.com\/embed\/brB-FOdgwbk?feature=oembed&#038;enablejsapi=1&#038;origin=https:\/\/blogg.atl.nu\" frameborder=\"0\" allow=\"accelerometer; autoplay; clipboard-write; encrypted-media; gyroscope; picture-in-picture\" allowfullscreen><\/iframe><\/p>\n<p><iframe loading=\"lazy\" title=\"6 Yts\u00e5dd\" width=\"500\" height=\"281\" src=\"https:\/\/www.youtube.com\/embed\/wWOUHSEQdBs?feature=oembed&#038;enablejsapi=1&#038;origin=https:\/\/blogg.atl.nu\" frameborder=\"0\" allow=\"accelerometer; autoplay; clipboard-write; encrypted-media; gyroscope; picture-in-picture\" allowfullscreen><\/iframe><\/p>\n","protected":false},"excerpt":{"rendered":"<p>H\u00e4romdagen sl\u00e4ppte Skogsstyrelsen sex stycken filmer som handlar om &#8221;Mera Tall&#8221; projektet. Det \u00e4r sex trevliga och korta filmer som beskriver projektet samt lite grand om tallens f\u00f6rdelar, st\u00e5ndortsanpassning, hur man kan f\u00f6ryngra tallen och ett par filmer om kl\u00f6vviltet. Filmerna \u00e4r p\u00e5 fyra-fem minuter och de som som medverkar i filmerna \u00e4r bland annat&#8230;<\/p>\n","protected":false},"author":358,"featured_media":2103,"comment_status":"open","ping_status":"open","sticky":false,"template":"","format":"standard","meta":[],"categories":[1],"tags":[48,78],"yoast_head":"<!-- This site is optimized with the Yoast SEO plugin v19.6 - https:\/\/yoast.com\/wordpress\/plugins\/seo\/ -->\n<title>Skogsstyrelsens &quot;Mera Tall&quot; filmer saknar n\u00e5got - Det gr\u00f6na guldet<\/title>\n<meta name=\"robots\" content=\"index, follow, max-snippet:-1, max-image-preview:large, max-video-preview:-1\" \/>\n<link rel=\"canonical\" href=\"https:\/\/blogg.atl.nu\/det-grona-guldet\/2020\/12\/07\/skogsstyrelsens-mera-tall-filmer-saknar-nagot\/\" \/>\n<meta property=\"og:locale\" content=\"sv_SE\" \/>\n<meta property=\"og:type\" content=\"article\" \/>\n<meta property=\"og:title\" content=\"Skogsstyrelsens &quot;Mera Tall&quot; filmer saknar n\u00e5got - Det gr\u00f6na guldet\" \/>\n<meta property=\"og:description\" content=\"H\u00e4romdagen sl\u00e4ppte Skogsstyrelsen sex stycken filmer som handlar om &#8221;Mera Tall&#8221; projektet. Det \u00e4r sex trevliga och korta filmer som beskriver projektet samt lite grand om tallens f\u00f6rdelar, st\u00e5ndortsanpassning, hur man kan f\u00f6ryngra tallen och ett par filmer om kl\u00f6vviltet. Filmerna \u00e4r p\u00e5 fyra-fem minuter och de som som medverkar i filmerna \u00e4r bland annat...\" \/>\n<meta property=\"og:url\" content=\"https:\/\/blogg.atl.nu\/det-grona-guldet\/2020\/12\/07\/skogsstyrelsens-mera-tall-filmer-saknar-nagot\/\" \/>\n<meta property=\"og:site_name\" content=\"Det gr\u00f6na guldet\" \/>\n<meta property=\"article:published_time\" content=\"2020-12-07T14:53:55+00:00\" \/>\n<meta property=\"og:image\" content=\"https:\/\/blogg.atl.nu\/det-grona-guldet\/wp-content\/uploads\/sites\/38\/2020\/12\/20201203_125344.jpg\" \/>\n\t<meta property=\"og:image:width\" content=\"685\" \/>\n\t<meta property=\"og:image:height\" content=\"514\" \/>\n\t<meta property=\"og:image:type\" content=\"image\/jpeg\" \/>\n<meta name=\"author\" content=\"perjonasson\" \/>\n<meta name=\"twitter:card\" content=\"summary_large_image\" \/>\n<meta name=\"twitter:label1\" content=\"Skriven av\" \/>\n\t<meta name=\"twitter:data1\" content=\"perjonasson\" \/>\n\t<meta name=\"twitter:label2\" content=\"Ber\u00e4knad l\u00e4stid\" \/>\n\t<meta name=\"twitter:data2\" content=\"4 minuter\" \/>\n<script type=\"application\/ld+json\" class=\"yoast-schema-graph\">{\"@context\":\"https:\/\/schema.org\",\"@graph\":[{\"@type\":\"WebPage\",\"@id\":\"https:\/\/blogg.atl.nu\/det-grona-guldet\/2020\/12\/07\/skogsstyrelsens-mera-tall-filmer-saknar-nagot\/\",\"url\":\"https:\/\/blogg.atl.nu\/det-grona-guldet\/2020\/12\/07\/skogsstyrelsens-mera-tall-filmer-saknar-nagot\/\",\"name\":\"Skogsstyrelsens \\\"Mera Tall\\\" filmer saknar n\u00e5got - Det gr\u00f6na guldet\",\"isPartOf\":{\"@id\":\"https:\/\/blogg.atl.nu\/det-grona-guldet\/#website\"},\"datePublished\":\"2020-12-07T14:53:55+00:00\",\"dateModified\":\"2020-12-07T14:53:55+00:00\",\"author\":{\"@id\":\"https:\/\/blogg.atl.nu\/det-grona-guldet\/#\/schema\/person\/287702eafc70c00d00ddd6052f82103c\"},\"breadcrumb\":{\"@id\":\"https:\/\/blogg.atl.nu\/det-grona-guldet\/2020\/12\/07\/skogsstyrelsens-mera-tall-filmer-saknar-nagot\/#breadcrumb\"},\"inLanguage\":\"sv-SE\",\"potentialAction\":[{\"@type\":\"ReadAction\",\"target\":[\"https:\/\/blogg.atl.nu\/det-grona-guldet\/2020\/12\/07\/skogsstyrelsens-mera-tall-filmer-saknar-nagot\/\"]}]},{\"@type\":\"BreadcrumbList\",\"@id\":\"https:\/\/blogg.atl.nu\/det-grona-guldet\/2020\/12\/07\/skogsstyrelsens-mera-tall-filmer-saknar-nagot\/#breadcrumb\",\"itemListElement\":[{\"@type\":\"ListItem\",\"position\":1,\"name\":\"Home\",\"item\":\"https:\/\/blogg.atl.nu\/det-grona-guldet\/\"},{\"@type\":\"ListItem\",\"position\":2,\"name\":\"Skogsstyrelsens &#8221;Mera Tall&#8221; filmer saknar n\u00e5got\"}]},{\"@type\":\"WebSite\",\"@id\":\"https:\/\/blogg.atl.nu\/det-grona-guldet\/#website\",\"url\":\"https:\/\/blogg.atl.nu\/det-grona-guldet\/\",\"name\":\"Det gr\u00f6na guldet\",\"description\":\"Per Jonasson\",\"potentialAction\":[{\"@type\":\"SearchAction\",\"target\":{\"@type\":\"EntryPoint\",\"urlTemplate\":\"https:\/\/blogg.atl.nu\/det-grona-guldet\/?s={search_term_string}\"},\"query-input\":\"required name=search_term_string\"}],\"inLanguage\":\"sv-SE\"},{\"@type\":\"Person\",\"@id\":\"https:\/\/blogg.atl.nu\/det-grona-guldet\/#\/schema\/person\/287702eafc70c00d00ddd6052f82103c\",\"name\":\"perjonasson\",\"image\":{\"@type\":\"ImageObject\",\"inLanguage\":\"sv-SE\",\"@id\":\"https:\/\/blogg.atl.nu\/det-grona-guldet\/#\/schema\/person\/image\/\",\"url\":\"https:\/\/secure.gravatar.com\/avatar\/cb1f6adf68537abe8b5ad3acda4c0b63?s=96&d=mm&r=g\",\"contentUrl\":\"https:\/\/secure.gravatar.com\/avatar\/cb1f6adf68537abe8b5ad3acda4c0b63?s=96&d=mm&r=g\",\"caption\":\"perjonasson\"},\"url\":\"https:\/\/blogg.atl.nu\/det-grona-guldet\/author\/perjonasson\/\"}]}<\/script>\n<!-- \/ Yoast SEO plugin. -->","yoast_head_json":{"title":"Skogsstyrelsens \"Mera Tall\" filmer saknar n\u00e5got - Det gr\u00f6na guldet","robots":{"index":"index","follow":"follow","max-snippet":"max-snippet:-1","max-image-preview":"max-image-preview:large","max-video-preview":"max-video-preview:-1"},"canonical":"https:\/\/blogg.atl.nu\/det-grona-guldet\/2020\/12\/07\/skogsstyrelsens-mera-tall-filmer-saknar-nagot\/","og_locale":"sv_SE","og_type":"article","og_title":"Skogsstyrelsens \"Mera Tall\" filmer saknar n\u00e5got - Det gr\u00f6na guldet","og_description":"H\u00e4romdagen sl\u00e4ppte Skogsstyrelsen sex stycken filmer som handlar om &#8221;Mera Tall&#8221; projektet. Det \u00e4r sex trevliga och korta filmer som beskriver projektet samt lite grand om tallens f\u00f6rdelar, st\u00e5ndortsanpassning, hur man kan f\u00f6ryngra tallen och ett par filmer om kl\u00f6vviltet. Filmerna \u00e4r p\u00e5 fyra-fem minuter och de som som medverkar i filmerna \u00e4r bland annat...","og_url":"https:\/\/blogg.atl.nu\/det-grona-guldet\/2020\/12\/07\/skogsstyrelsens-mera-tall-filmer-saknar-nagot\/","og_site_name":"Det gr\u00f6na guldet","article_published_time":"2020-12-07T14:53:55+00:00","og_image":[{"width":685,"height":514,"url":"https:\/\/blogg.atl.nu\/det-grona-guldet\/wp-content\/uploads\/sites\/38\/2020\/12\/20201203_125344.jpg","type":"image\/jpeg"}],"author":"perjonasson","twitter_card":"summary_large_image","twitter_misc":{"Skriven av":"perjonasson","Ber\u00e4knad l\u00e4stid":"4 minuter"},"schema":{"@context":"https:\/\/schema.org","@graph":[{"@type":"WebPage","@id":"https:\/\/blogg.atl.nu\/det-grona-guldet\/2020\/12\/07\/skogsstyrelsens-mera-tall-filmer-saknar-nagot\/","url":"https:\/\/blogg.atl.nu\/det-grona-guldet\/2020\/12\/07\/skogsstyrelsens-mera-tall-filmer-saknar-nagot\/","name":"Skogsstyrelsens \"Mera Tall\" filmer saknar n\u00e5got - Det gr\u00f6na guldet","isPartOf":{"@id":"https:\/\/blogg.atl.nu\/det-grona-guldet\/#website"},"datePublished":"2020-12-07T14:53:55+00:00","dateModified":"2020-12-07T14:53:55+00:00","author":{"@id":"https:\/\/blogg.atl.nu\/det-grona-guldet\/#\/schema\/person\/287702eafc70c00d00ddd6052f82103c"},"breadcrumb":{"@id":"https:\/\/blogg.atl.nu\/det-grona-guldet\/2020\/12\/07\/skogsstyrelsens-mera-tall-filmer-saknar-nagot\/#breadcrumb"},"inLanguage":"sv-SE","potentialAction":[{"@type":"ReadAction","target":["https:\/\/blogg.atl.nu\/det-grona-guldet\/2020\/12\/07\/skogsstyrelsens-mera-tall-filmer-saknar-nagot\/"]}]},{"@type":"BreadcrumbList","@id":"https:\/\/blogg.atl.nu\/det-grona-guldet\/2020\/12\/07\/skogsstyrelsens-mera-tall-filmer-saknar-nagot\/#breadcrumb","itemListElement":[{"@type":"ListItem","position":1,"name":"Home","item":"https:\/\/blogg.atl.nu\/det-grona-guldet\/"},{"@type":"ListItem","position":2,"name":"Skogsstyrelsens &#8221;Mera Tall&#8221; filmer saknar n\u00e5got"}]},{"@type":"WebSite","@id":"https:\/\/blogg.atl.nu\/det-grona-guldet\/#website","url":"https:\/\/blogg.atl.nu\/det-grona-guldet\/","name":"Det gr\u00f6na guldet","description":"Per Jonasson","potentialAction":[{"@type":"SearchAction","target":{"@type":"EntryPoint","urlTemplate":"https:\/\/blogg.atl.nu\/det-grona-guldet\/?s={search_term_string}"},"query-input":"required name=search_term_string"}],"inLanguage":"sv-SE"},{"@type":"Person","@id":"https:\/\/blogg.atl.nu\/det-grona-guldet\/#\/schema\/person\/287702eafc70c00d00ddd6052f82103c","name":"perjonasson","image":{"@type":"ImageObject","inLanguage":"sv-SE","@id":"https:\/\/blogg.atl.nu\/det-grona-guldet\/#\/schema\/person\/image\/","url":"https:\/\/secure.gravatar.com\/avatar\/cb1f6adf68537abe8b5ad3acda4c0b63?s=96&d=mm&r=g","contentUrl":"https:\/\/secure.gravatar.com\/avatar\/cb1f6adf68537abe8b5ad3acda4c0b63?s=96&d=mm&r=g","caption":"perjonasson"},"url":"https:\/\/blogg.atl.nu\/det-grona-guldet\/author\/perjonasson\/"}]}},"_links":{"self":[{"href":"https:\/\/blogg.atl.nu\/det-grona-guldet\/wp-json\/wp\/v2\/posts\/2117"}],"collection":[{"href":"https:\/\/blogg.atl.nu\/det-grona-guldet\/wp-json\/wp\/v2\/posts"}],"about":[{"href":"https:\/\/blogg.atl.nu\/det-grona-guldet\/wp-json\/wp\/v2\/types\/post"}],"author":[{"embeddable":true,"href":"https:\/\/blogg.atl.nu\/det-grona-guldet\/wp-json\/wp\/v2\/users\/358"}],"replies":[{"embeddable":true,"href":"https:\/\/blogg.atl.nu\/det-grona-guldet\/wp-json\/wp\/v2\/comments?post=2117"}],"version-history":[{"count":15,"href":"https:\/\/blogg.atl.nu\/det-grona-guldet\/wp-json\/wp\/v2\/posts\/2117\/revisions"}],"predecessor-version":[{"id":2134,"href":"https:\/\/blogg.atl.nu\/det-grona-guldet\/wp-json\/wp\/v2\/posts\/2117\/revisions\/2134"}],"wp:featuredmedia":[{"embeddable":true,"href":"https:\/\/blogg.atl.nu\/det-grona-guldet\/wp-json\/wp\/v2\/media\/2103"}],"wp:attachment":[{"href":"https:\/\/blogg.atl.nu\/det-grona-guldet\/wp-json\/wp\/v2\/media?parent=2117"}],"wp:term":[{"taxonomy":"category","embeddable":true,"href":"https:\/\/blogg.atl.nu\/det-grona-guldet\/wp-json\/wp\/v2\/categories?post=2117"},{"taxonomy":"post_tag","embeddable":true,"href":"https:\/\/blogg.atl.nu\/det-grona-guldet\/wp-json\/wp\/v2\/tags?post=2117"}],"curies":[{"name":"wp","href":"https:\/\/api.w.org\/{rel}","templated":true}]}}