{"id":2158,"date":"2020-12-16T19:02:51","date_gmt":"2020-12-16T18:02:51","guid":{"rendered":"https:\/\/blogg.atl.nu\/det-grona-guldet\/?p=2158"},"modified":"2021-02-09T09:44:50","modified_gmt":"2021-02-09T08:44:50","slug":"rojning-och-tandont","status":"publish","type":"post","link":"https:\/\/blogg.atl.nu\/det-grona-guldet\/2020\/12\/16\/rojning-och-tandont\/","title":{"rendered":"R\u00f6jning och tandont"},"content":{"rendered":"<p>Jag kom upp en dag sent till Bergslagen denna vecka och det beror p\u00e5 att jag har en tand som br\u00e5kar med mig. Det b\u00f6rjade lite smygande i mitten p\u00e5 f\u00f6rra veckan, sedan blev det v\u00e4rre och v\u00e4rre. P\u00e5 m\u00e5ndag eftermiddag fick jag en akuttid hos Folktandv\u00e5rden i Stockholm och tandl\u00e4karen trodde mitt onda berodde p\u00e5 en (gammal) spricka i en tand som antagligen b\u00f6rjat r\u00f6ra p\u00e5 sig. Det \u00e4r i en tand d\u00e4r jag har en gammal lagning och tydligen s\u00e5 kan de h\u00e4r b\u00f6rja r\u00f6ra p\u00e5 sig med tiden.<\/p>\n<p>Hon tog bort den gamla lagningen, slipade ned n\u00e5gra toppar p\u00e5 tanden och lagade den provisoriskt. Tyv\u00e4rr har det onda inte sl\u00e4ppt \u00e4n men det kunde ta n\u00e5gra dagar tror jag hon sa. Det g\u00f6r mest ont n\u00e4r jag \u00e4ter n\u00e5got varmt eller dricker n\u00e5got kallt eller andas in kalluft s\u00e5 idag har jag mest h\u00e5llit k\u00e4ften och r\u00f6jt.<\/p>\n<p><a href=\"https:\/\/blogg.atl.nu\/det-grona-guldet\/20201216_103244\/\"><img loading=\"lazy\" class=\"alignnone size-full wp-image-2147\" src=\"https:\/\/blogg.atl.nu\/det-grona-guldet\/wp-content\/uploads\/sites\/38\/2020\/12\/20201216_103244.jpg\" alt=\"\" width=\"685\" height=\"514\" srcset=\"https:\/\/blogg.atl.nu\/det-grona-guldet\/wp-content\/uploads\/sites\/38\/2020\/12\/20201216_103244.jpg 685w, https:\/\/blogg.atl.nu\/det-grona-guldet\/wp-content\/uploads\/sites\/38\/2020\/12\/20201216_103244-300x225.jpg 300w\" sizes=\"(max-width: 685px) 100vw, 685px\" \/><\/a><\/p>\n<p>R\u00f6jningen idag \u00e4r en G28, beskogad f\u00f6r sju \u00e5r sedan med v\u00e5r standardmetod, planterad gran och s\u00e5dd tall mellan granarna. Men inga fr\u00f6tallar h\u00e4r, det var nog mest gran innan. Cirka tre hektar i en sluttning mot syd och \u00f6st. Bitvis \u00e4r det t\u00e4tt med l\u00f6v och barrtr\u00e4d men l\u00e4ngre \u00f6sterut i sluttningen \u00e4r det mindre tall och mindre l\u00f6v ocks\u00e5 konstigt nog.<\/p>\n<figure id=\"attachment_2160\" aria-describedby=\"caption-attachment-2160\" style=\"width: 685px\" class=\"wp-caption alignnone\"><a href=\"https:\/\/blogg.atl.nu\/det-grona-guldet\/2020\/12\/16\/rojning-och-tandont\/20201216_130944\/\" rel=\"attachment wp-att-2160\"><img loading=\"lazy\" class=\"size-full wp-image-2160\" src=\"https:\/\/blogg.atl.nu\/det-grona-guldet\/wp-content\/uploads\/sites\/38\/2020\/12\/20201216_130944.jpg\" alt=\"\" width=\"685\" height=\"514\" srcset=\"https:\/\/blogg.atl.nu\/det-grona-guldet\/wp-content\/uploads\/sites\/38\/2020\/12\/20201216_130944.jpg 685w, https:\/\/blogg.atl.nu\/det-grona-guldet\/wp-content\/uploads\/sites\/38\/2020\/12\/20201216_130944-300x225.jpg 300w\" sizes=\"(max-width: 685px) 100vw, 685px\" \/><\/a><figcaption id=\"caption-attachment-2160\" class=\"wp-caption-text\"><em>Sluttningen m\u00f6t \u00f6ster<\/em><\/figcaption><\/figure>\n<p>Men generellt s\u00e5 kommer b\u00e5de barret och l\u00f6vet bra och det kommer att bli en fin skog, tror jag.<\/p>\n<p>Det \u00e4r tydliga f\u00e4rska sp\u00e5r efter \u00e4lg ocks\u00e5. Mycket f\u00e4rsk spillning och en hel del betning ser jag ocks\u00e5 n\u00e4r jag r\u00f6jer. Ibland har den bara betat sidoskotten men tyv\u00e4rr ocks\u00e5 toppskotten ibland. Vi ska tipsa j\u00e4garna var de kan hitta \u00e4lgen. De har en kvar att skjuta.<\/p>\n<p><a href=\"https:\/\/blogg.atl.nu\/det-grona-guldet\/20201216_112215\/\"><img loading=\"lazy\" class=\"alignnone size-full wp-image-2151\" src=\"https:\/\/blogg.atl.nu\/det-grona-guldet\/wp-content\/uploads\/sites\/38\/2020\/12\/20201216_112215.jpg\" alt=\"\" width=\"685\" height=\"514\" srcset=\"https:\/\/blogg.atl.nu\/det-grona-guldet\/wp-content\/uploads\/sites\/38\/2020\/12\/20201216_112215.jpg 685w, https:\/\/blogg.atl.nu\/det-grona-guldet\/wp-content\/uploads\/sites\/38\/2020\/12\/20201216_112215-300x225.jpg 300w\" sizes=\"(max-width: 685px) 100vw, 685px\" \/><\/a> <a href=\"https:\/\/blogg.atl.nu\/det-grona-guldet\/20201216_115841\/\"><img loading=\"lazy\" class=\"alignnone size-full wp-image-2152\" src=\"https:\/\/blogg.atl.nu\/det-grona-guldet\/wp-content\/uploads\/sites\/38\/2020\/12\/20201216_115841.jpg\" alt=\"\" width=\"685\" height=\"514\" srcset=\"https:\/\/blogg.atl.nu\/det-grona-guldet\/wp-content\/uploads\/sites\/38\/2020\/12\/20201216_115841.jpg 685w, https:\/\/blogg.atl.nu\/det-grona-guldet\/wp-content\/uploads\/sites\/38\/2020\/12\/20201216_115841-300x225.jpg 300w\" sizes=\"(max-width: 685px) 100vw, 685px\" \/><\/a> <a href=\"https:\/\/blogg.atl.nu\/det-grona-guldet\/20201216_111456\/\"><img loading=\"lazy\" class=\"alignnone size-full wp-image-2150\" src=\"https:\/\/blogg.atl.nu\/det-grona-guldet\/wp-content\/uploads\/sites\/38\/2020\/12\/20201216_111456.jpg\" alt=\"\" width=\"685\" height=\"514\" srcset=\"https:\/\/blogg.atl.nu\/det-grona-guldet\/wp-content\/uploads\/sites\/38\/2020\/12\/20201216_111456.jpg 685w, https:\/\/blogg.atl.nu\/det-grona-guldet\/wp-content\/uploads\/sites\/38\/2020\/12\/20201216_111456-300x225.jpg 300w\" sizes=\"(max-width: 685px) 100vw, 685px\" \/><\/a><\/p>\n<p><a href=\"https:\/\/blogg.atl.nu\/det-grona-guldet\/20201216_115858\/\"><img loading=\"lazy\" class=\"alignnone size-full wp-image-2153\" src=\"https:\/\/blogg.atl.nu\/det-grona-guldet\/wp-content\/uploads\/sites\/38\/2020\/12\/20201216_115858.jpg\" alt=\"\" width=\"1008\" height=\"756\" srcset=\"https:\/\/blogg.atl.nu\/det-grona-guldet\/wp-content\/uploads\/sites\/38\/2020\/12\/20201216_115858.jpg 1008w, https:\/\/blogg.atl.nu\/det-grona-guldet\/wp-content\/uploads\/sites\/38\/2020\/12\/20201216_115858-300x225.jpg 300w, https:\/\/blogg.atl.nu\/det-grona-guldet\/wp-content\/uploads\/sites\/38\/2020\/12\/20201216_115858-768x576.jpg 768w\" sizes=\"(max-width: 1008px) 100vw, 1008px\" \/><\/a><\/p>\n<p>Sedan finns det mycket fina grupper ocks\u00e5, se nedan.<\/p>\n<p><a href=\"https:\/\/blogg.atl.nu\/det-grona-guldet\/20201216_103254\/\"><img loading=\"lazy\" class=\"alignnone size-full wp-image-2148\" src=\"https:\/\/blogg.atl.nu\/det-grona-guldet\/wp-content\/uploads\/sites\/38\/2020\/12\/20201216_103254.jpg\" alt=\"\" width=\"685\" height=\"514\" srcset=\"https:\/\/blogg.atl.nu\/det-grona-guldet\/wp-content\/uploads\/sites\/38\/2020\/12\/20201216_103254.jpg 685w, https:\/\/blogg.atl.nu\/det-grona-guldet\/wp-content\/uploads\/sites\/38\/2020\/12\/20201216_103254-300x225.jpg 300w\" sizes=\"(max-width: 685px) 100vw, 685px\" \/><\/a> <a href=\"https:\/\/blogg.atl.nu\/det-grona-guldet\/20201216_103501\/\"><img loading=\"lazy\" class=\"alignnone size-full wp-image-2149\" src=\"https:\/\/blogg.atl.nu\/det-grona-guldet\/wp-content\/uploads\/sites\/38\/2020\/12\/20201216_103501.jpg\" alt=\"\" width=\"685\" height=\"514\" srcset=\"https:\/\/blogg.atl.nu\/det-grona-guldet\/wp-content\/uploads\/sites\/38\/2020\/12\/20201216_103501.jpg 685w, https:\/\/blogg.atl.nu\/det-grona-guldet\/wp-content\/uploads\/sites\/38\/2020\/12\/20201216_103501-300x225.jpg 300w\" sizes=\"(max-width: 685px) 100vw, 685px\" \/><\/a> <a href=\"https:\/\/blogg.atl.nu\/det-grona-guldet\/20201216_103242\/\"><img loading=\"lazy\" class=\"alignnone size-full wp-image-2146\" src=\"https:\/\/blogg.atl.nu\/det-grona-guldet\/wp-content\/uploads\/sites\/38\/2020\/12\/20201216_103242.jpg\" alt=\"\" width=\"685\" height=\"514\" srcset=\"https:\/\/blogg.atl.nu\/det-grona-guldet\/wp-content\/uploads\/sites\/38\/2020\/12\/20201216_103242.jpg 685w, https:\/\/blogg.atl.nu\/det-grona-guldet\/wp-content\/uploads\/sites\/38\/2020\/12\/20201216_103242-300x225.jpg 300w\" sizes=\"(max-width: 685px) 100vw, 685px\" \/><\/a> <a href=\"https:\/\/blogg.atl.nu\/det-grona-guldet\/20201216_131751\/\"><img loading=\"lazy\" class=\"alignnone size-full wp-image-2156\" src=\"https:\/\/blogg.atl.nu\/det-grona-guldet\/wp-content\/uploads\/sites\/38\/2020\/12\/20201216_131751.jpg\" alt=\"\" width=\"685\" height=\"514\" srcset=\"https:\/\/blogg.atl.nu\/det-grona-guldet\/wp-content\/uploads\/sites\/38\/2020\/12\/20201216_131751.jpg 685w, https:\/\/blogg.atl.nu\/det-grona-guldet\/wp-content\/uploads\/sites\/38\/2020\/12\/20201216_131751-300x225.jpg 300w\" sizes=\"(max-width: 685px) 100vw, 685px\" \/><\/a><\/p>\n<p>Jag hann inte klart idag, en dags arbete kanske \u00e4r kvar. Kanske hinner klart i morgon efter v\u00e5r poddinspelning, vi f\u00e5r se. Medans jag r\u00f6jer s\u00e5 st\u00e4mplar Bosse en gallring. Vi brukar dela upp oss ibland och jag gillar att r\u00f6ja. Och det finns en hel del r\u00f6jning f\u00f6rst\u00e5s.<\/p>\n<figure id=\"attachment_2154\" aria-describedby=\"caption-attachment-2154\" style=\"width: 686px\" class=\"wp-caption alignnone\"><a href=\"https:\/\/blogg.atl.nu\/det-grona-guldet\/20201216_130319\/\"><img loading=\"lazy\" class=\"size-full wp-image-2154\" src=\"https:\/\/blogg.atl.nu\/det-grona-guldet\/wp-content\/uploads\/sites\/38\/2020\/12\/20201216_130319.jpg\" alt=\"\" width=\"686\" height=\"515\" srcset=\"https:\/\/blogg.atl.nu\/det-grona-guldet\/wp-content\/uploads\/sites\/38\/2020\/12\/20201216_130319.jpg 686w, https:\/\/blogg.atl.nu\/det-grona-guldet\/wp-content\/uploads\/sites\/38\/2020\/12\/20201216_130319-300x225.jpg 300w\" sizes=\"(max-width: 686px) 100vw, 686px\" \/><\/a><figcaption id=\"caption-attachment-2154\" class=\"wp-caption-text\"><em>Om jag ser groggy ut beror det p\u00e5 tandont&#8230;<\/em><\/figcaption><\/figure>\n","protected":false},"excerpt":{"rendered":"<p>Jag kom upp en dag sent till Bergslagen denna vecka och det beror p\u00e5 att jag har en tand som br\u00e5kar med mig. Det b\u00f6rjade lite smygande i mitten p\u00e5 f\u00f6rra veckan, sedan blev det v\u00e4rre och v\u00e4rre. P\u00e5 m\u00e5ndag eftermiddag fick jag en akuttid hos Folktandv\u00e5rden i Stockholm och tandl\u00e4karen trodde mitt onda berodde&#8230;<\/p>\n","protected":false},"author":358,"featured_media":2156,"comment_status":"open","ping_status":"open","sticky":false,"template":"","format":"standard","meta":[],"categories":[1],"tags":[53,7],"yoast_head":"<!-- This site is optimized with the Yoast SEO plugin v19.6 - https:\/\/yoast.com\/wordpress\/plugins\/seo\/ -->\n<title>R\u00f6jning och tandont - Det gr\u00f6na guldet<\/title>\n<meta name=\"robots\" content=\"index, follow, max-snippet:-1, max-image-preview:large, max-video-preview:-1\" \/>\n<link rel=\"canonical\" href=\"https:\/\/blogg.atl.nu\/det-grona-guldet\/2020\/12\/16\/rojning-och-tandont\/\" \/>\n<meta property=\"og:locale\" content=\"sv_SE\" \/>\n<meta property=\"og:type\" content=\"article\" \/>\n<meta property=\"og:title\" content=\"R\u00f6jning och tandont - Det gr\u00f6na guldet\" \/>\n<meta property=\"og:description\" content=\"Jag kom upp en dag sent till Bergslagen denna vecka och det beror p\u00e5 att jag har en tand som br\u00e5kar med mig. Det b\u00f6rjade lite smygande i mitten p\u00e5 f\u00f6rra veckan, sedan blev det v\u00e4rre och v\u00e4rre. P\u00e5 m\u00e5ndag eftermiddag fick jag en akuttid hos Folktandv\u00e5rden i Stockholm och tandl\u00e4karen trodde mitt onda berodde...\" \/>\n<meta property=\"og:url\" content=\"https:\/\/blogg.atl.nu\/det-grona-guldet\/2020\/12\/16\/rojning-och-tandont\/\" \/>\n<meta property=\"og:site_name\" content=\"Det gr\u00f6na guldet\" \/>\n<meta property=\"article:published_time\" content=\"2020-12-16T18:02:51+00:00\" \/>\n<meta property=\"article:modified_time\" content=\"2021-02-09T08:44:50+00:00\" \/>\n<meta property=\"og:image\" content=\"https:\/\/blogg.atl.nu\/det-grona-guldet\/wp-content\/uploads\/sites\/38\/2020\/12\/20201216_131751.jpg\" \/>\n\t<meta property=\"og:image:width\" content=\"685\" \/>\n\t<meta property=\"og:image:height\" content=\"514\" \/>\n\t<meta property=\"og:image:type\" content=\"image\/jpeg\" \/>\n<meta name=\"author\" content=\"perjonasson\" \/>\n<meta name=\"twitter:card\" content=\"summary_large_image\" \/>\n<meta name=\"twitter:label1\" content=\"Skriven av\" \/>\n\t<meta name=\"twitter:data1\" content=\"perjonasson\" \/>\n\t<meta name=\"twitter:label2\" content=\"Ber\u00e4knad l\u00e4stid\" \/>\n\t<meta name=\"twitter:data2\" content=\"2 minuter\" \/>\n<script type=\"application\/ld+json\" class=\"yoast-schema-graph\">{\"@context\":\"https:\/\/schema.org\",\"@graph\":[{\"@type\":\"WebPage\",\"@id\":\"https:\/\/blogg.atl.nu\/det-grona-guldet\/2020\/12\/16\/rojning-och-tandont\/\",\"url\":\"https:\/\/blogg.atl.nu\/det-grona-guldet\/2020\/12\/16\/rojning-och-tandont\/\",\"name\":\"R\u00f6jning och tandont - Det gr\u00f6na guldet\",\"isPartOf\":{\"@id\":\"https:\/\/blogg.atl.nu\/det-grona-guldet\/#website\"},\"datePublished\":\"2020-12-16T18:02:51+00:00\",\"dateModified\":\"2021-02-09T08:44:50+00:00\",\"author\":{\"@id\":\"https:\/\/blogg.atl.nu\/det-grona-guldet\/#\/schema\/person\/287702eafc70c00d00ddd6052f82103c\"},\"breadcrumb\":{\"@id\":\"https:\/\/blogg.atl.nu\/det-grona-guldet\/2020\/12\/16\/rojning-och-tandont\/#breadcrumb\"},\"inLanguage\":\"sv-SE\",\"potentialAction\":[{\"@type\":\"ReadAction\",\"target\":[\"https:\/\/blogg.atl.nu\/det-grona-guldet\/2020\/12\/16\/rojning-och-tandont\/\"]}]},{\"@type\":\"BreadcrumbList\",\"@id\":\"https:\/\/blogg.atl.nu\/det-grona-guldet\/2020\/12\/16\/rojning-och-tandont\/#breadcrumb\",\"itemListElement\":[{\"@type\":\"ListItem\",\"position\":1,\"name\":\"Home\",\"item\":\"https:\/\/blogg.atl.nu\/det-grona-guldet\/\"},{\"@type\":\"ListItem\",\"position\":2,\"name\":\"R\u00f6jning och tandont\"}]},{\"@type\":\"WebSite\",\"@id\":\"https:\/\/blogg.atl.nu\/det-grona-guldet\/#website\",\"url\":\"https:\/\/blogg.atl.nu\/det-grona-guldet\/\",\"name\":\"Det gr\u00f6na guldet\",\"description\":\"Per Jonasson\",\"potentialAction\":[{\"@type\":\"SearchAction\",\"target\":{\"@type\":\"EntryPoint\",\"urlTemplate\":\"https:\/\/blogg.atl.nu\/det-grona-guldet\/?s={search_term_string}\"},\"query-input\":\"required name=search_term_string\"}],\"inLanguage\":\"sv-SE\"},{\"@type\":\"Person\",\"@id\":\"https:\/\/blogg.atl.nu\/det-grona-guldet\/#\/schema\/person\/287702eafc70c00d00ddd6052f82103c\",\"name\":\"perjonasson\",\"image\":{\"@type\":\"ImageObject\",\"inLanguage\":\"sv-SE\",\"@id\":\"https:\/\/blogg.atl.nu\/det-grona-guldet\/#\/schema\/person\/image\/\",\"url\":\"https:\/\/secure.gravatar.com\/avatar\/cb1f6adf68537abe8b5ad3acda4c0b63?s=96&d=mm&r=g\",\"contentUrl\":\"https:\/\/secure.gravatar.com\/avatar\/cb1f6adf68537abe8b5ad3acda4c0b63?s=96&d=mm&r=g\",\"caption\":\"perjonasson\"},\"url\":\"https:\/\/blogg.atl.nu\/det-grona-guldet\/author\/perjonasson\/\"}]}<\/script>\n<!-- \/ Yoast SEO plugin. -->","yoast_head_json":{"title":"R\u00f6jning och tandont - Det gr\u00f6na guldet","robots":{"index":"index","follow":"follow","max-snippet":"max-snippet:-1","max-image-preview":"max-image-preview:large","max-video-preview":"max-video-preview:-1"},"canonical":"https:\/\/blogg.atl.nu\/det-grona-guldet\/2020\/12\/16\/rojning-och-tandont\/","og_locale":"sv_SE","og_type":"article","og_title":"R\u00f6jning och tandont - Det gr\u00f6na guldet","og_description":"Jag kom upp en dag sent till Bergslagen denna vecka och det beror p\u00e5 att jag har en tand som br\u00e5kar med mig. Det b\u00f6rjade lite smygande i mitten p\u00e5 f\u00f6rra veckan, sedan blev det v\u00e4rre och v\u00e4rre. P\u00e5 m\u00e5ndag eftermiddag fick jag en akuttid hos Folktandv\u00e5rden i Stockholm och tandl\u00e4karen trodde mitt onda berodde...","og_url":"https:\/\/blogg.atl.nu\/det-grona-guldet\/2020\/12\/16\/rojning-och-tandont\/","og_site_name":"Det gr\u00f6na guldet","article_published_time":"2020-12-16T18:02:51+00:00","article_modified_time":"2021-02-09T08:44:50+00:00","og_image":[{"width":685,"height":514,"url":"https:\/\/blogg.atl.nu\/det-grona-guldet\/wp-content\/uploads\/sites\/38\/2020\/12\/20201216_131751.jpg","type":"image\/jpeg"}],"author":"perjonasson","twitter_card":"summary_large_image","twitter_misc":{"Skriven av":"perjonasson","Ber\u00e4knad l\u00e4stid":"2 minuter"},"schema":{"@context":"https:\/\/schema.org","@graph":[{"@type":"WebPage","@id":"https:\/\/blogg.atl.nu\/det-grona-guldet\/2020\/12\/16\/rojning-och-tandont\/","url":"https:\/\/blogg.atl.nu\/det-grona-guldet\/2020\/12\/16\/rojning-och-tandont\/","name":"R\u00f6jning och tandont - Det gr\u00f6na guldet","isPartOf":{"@id":"https:\/\/blogg.atl.nu\/det-grona-guldet\/#website"},"datePublished":"2020-12-16T18:02:51+00:00","dateModified":"2021-02-09T08:44:50+00:00","author":{"@id":"https:\/\/blogg.atl.nu\/det-grona-guldet\/#\/schema\/person\/287702eafc70c00d00ddd6052f82103c"},"breadcrumb":{"@id":"https:\/\/blogg.atl.nu\/det-grona-guldet\/2020\/12\/16\/rojning-och-tandont\/#breadcrumb"},"inLanguage":"sv-SE","potentialAction":[{"@type":"ReadAction","target":["https:\/\/blogg.atl.nu\/det-grona-guldet\/2020\/12\/16\/rojning-och-tandont\/"]}]},{"@type":"BreadcrumbList","@id":"https:\/\/blogg.atl.nu\/det-grona-guldet\/2020\/12\/16\/rojning-och-tandont\/#breadcrumb","itemListElement":[{"@type":"ListItem","position":1,"name":"Home","item":"https:\/\/blogg.atl.nu\/det-grona-guldet\/"},{"@type":"ListItem","position":2,"name":"R\u00f6jning och tandont"}]},{"@type":"WebSite","@id":"https:\/\/blogg.atl.nu\/det-grona-guldet\/#website","url":"https:\/\/blogg.atl.nu\/det-grona-guldet\/","name":"Det gr\u00f6na guldet","description":"Per Jonasson","potentialAction":[{"@type":"SearchAction","target":{"@type":"EntryPoint","urlTemplate":"https:\/\/blogg.atl.nu\/det-grona-guldet\/?s={search_term_string}"},"query-input":"required name=search_term_string"}],"inLanguage":"sv-SE"},{"@type":"Person","@id":"https:\/\/blogg.atl.nu\/det-grona-guldet\/#\/schema\/person\/287702eafc70c00d00ddd6052f82103c","name":"perjonasson","image":{"@type":"ImageObject","inLanguage":"sv-SE","@id":"https:\/\/blogg.atl.nu\/det-grona-guldet\/#\/schema\/person\/image\/","url":"https:\/\/secure.gravatar.com\/avatar\/cb1f6adf68537abe8b5ad3acda4c0b63?s=96&d=mm&r=g","contentUrl":"https:\/\/secure.gravatar.com\/avatar\/cb1f6adf68537abe8b5ad3acda4c0b63?s=96&d=mm&r=g","caption":"perjonasson"},"url":"https:\/\/blogg.atl.nu\/det-grona-guldet\/author\/perjonasson\/"}]}},"_links":{"self":[{"href":"https:\/\/blogg.atl.nu\/det-grona-guldet\/wp-json\/wp\/v2\/posts\/2158"}],"collection":[{"href":"https:\/\/blogg.atl.nu\/det-grona-guldet\/wp-json\/wp\/v2\/posts"}],"about":[{"href":"https:\/\/blogg.atl.nu\/det-grona-guldet\/wp-json\/wp\/v2\/types\/post"}],"author":[{"embeddable":true,"href":"https:\/\/blogg.atl.nu\/det-grona-guldet\/wp-json\/wp\/v2\/users\/358"}],"replies":[{"embeddable":true,"href":"https:\/\/blogg.atl.nu\/det-grona-guldet\/wp-json\/wp\/v2\/comments?post=2158"}],"version-history":[{"count":6,"href":"https:\/\/blogg.atl.nu\/det-grona-guldet\/wp-json\/wp\/v2\/posts\/2158\/revisions"}],"predecessor-version":[{"id":2165,"href":"https:\/\/blogg.atl.nu\/det-grona-guldet\/wp-json\/wp\/v2\/posts\/2158\/revisions\/2165"}],"wp:featuredmedia":[{"embeddable":true,"href":"https:\/\/blogg.atl.nu\/det-grona-guldet\/wp-json\/wp\/v2\/media\/2156"}],"wp:attachment":[{"href":"https:\/\/blogg.atl.nu\/det-grona-guldet\/wp-json\/wp\/v2\/media?parent=2158"}],"wp:term":[{"taxonomy":"category","embeddable":true,"href":"https:\/\/blogg.atl.nu\/det-grona-guldet\/wp-json\/wp\/v2\/categories?post=2158"},{"taxonomy":"post_tag","embeddable":true,"href":"https:\/\/blogg.atl.nu\/det-grona-guldet\/wp-json\/wp\/v2\/tags?post=2158"}],"curies":[{"name":"wp","href":"https:\/\/api.w.org\/{rel}","templated":true}]}}