{"id":2539,"date":"2021-03-14T18:42:43","date_gmt":"2021-03-14T17:42:43","guid":{"rendered":"https:\/\/blogg.atl.nu\/det-grona-guldet\/?p=2539"},"modified":"2021-03-14T18:42:43","modified_gmt":"2021-03-14T17:42:43","slug":"min-bild-av-det-privata-skogsbruket-skiljer-sig-fran-den-mediala-bilden","status":"publish","type":"post","link":"https:\/\/blogg.atl.nu\/det-grona-guldet\/2021\/03\/14\/min-bild-av-det-privata-skogsbruket-skiljer-sig-fran-den-mediala-bilden\/","title":{"rendered":"Min bild av det privata skogsbruket skiljer sig fr\u00e5n den mediala bilden"},"content":{"rendered":"<p>F\u00f6r knappt fem \u00e5r sedan startade jag och min far Skogspodden. <span>Delvis f\u00f6ddes id\u00e9n till podden n\u00e4r jag var p\u00e5 ett seminarium med Future Forest p\u00e5 KSLA i Stockholm v\u00e5ren 2016. Det var f\u00f6rsta g\u00e5ngen jag deltog i n\u00e5got skogligt seminarium (jag jobbade fortfarande p\u00e5 Ericsson d\u00e5) och debatten mellan milj\u00f6r\u00f6relsen och f\u00f6retr\u00e4dare f\u00f6r skogsindustrin var bitvis r\u00e4tt polariserad d\u00e4r och det har nog inte minskat sedan dess, snarare \u00f6kat. Jag f\u00f6rstod inte allt som togs upp under debatten kring seminariet, den bild av skogsbruket som f\u00f6retr\u00e4dare f\u00f6r milj\u00f6r\u00f6relsen beskrev k\u00e4nde jag inte alls igen fr\u00e5n min fars skogssk\u00f6tsel. Och det \u00e4r likadant nu, den bild av det Svenska skogsbruket som <\/span>m\u00e5las upp av DN och en del i milj\u00f6r\u00f6relsen skiljer sig r\u00e4tt mycket fr\u00e5n min bild. Ibland f\u00e5r man intrycket att vi skogsbrukare \u00e4r d\u00e5liga m\u00e4nniskor som A) inte f\u00f6rst\u00e5r oss p\u00e5 naturen, B) tar inget l\u00e5ngsiktigt ansvar f\u00f6r den skog vi brukar, utan bara siktar p\u00e5 kortsiktiga vinster och C) odlar v\u00e5r skog f\u00f6r att s\u00e4lja den som br\u00e4nsleved.<\/p>\n<p>Min bild av det privata sm\u00e5skaliga skogsbruket \u00e4r en helt annan. Vi \u00e4r cirka 320 000 privata skogs\u00e4gare och vi \u00e4ger i runda sl\u00e4ngar h\u00e4lften av skogen i Sverige och genom Skogspodden s\u00e5 har vi kommit i kontakt med m\u00e5nga sm\u00e5 privata skogsbrukare. De flesta \u00e4r v\u00e4ldigt engagerade och intresserade av att l\u00e4ra sig mera om skogen och naturen. M\u00e5nga h\u00f6r av sig till oss f\u00f6r att fr\u00e5ga om olika sk\u00f6tselalternativ eller tipsar om inneh\u00e5ll i podden de g\u00e4rna skulle h\u00f6ra mera om. Och m\u00e5nga h\u00f6r av sig f\u00f6r att visa n\u00e5got de gjort i skogen eller bara bolla lite olika id\u00e9er kring beskogning, tr\u00e4dslagsval, r\u00f6jning eller gallring. L\u00e5t mig presentera 3 av de 320 000 privata skogs\u00e4garna som jag l\u00e4rt k\u00e4nna.<\/p>\n<p>En lyssnare h\u00f6rde nyligen av sig och ber\u00e4ttade om ett sp\u00e4nnande projekt han h\u00e5ller p\u00e5 med. Frank, som han heter, bor p\u00e5 en sl\u00e4ktg\u00e5rd utanf\u00f6r K\u00f6ping d\u00e4r han \u00e4r minst 14:e generationen (!) i sl\u00e4kten som bor d\u00e4r. Frank jobbar heltid i kr\u00e4vande position i en st\u00f6rre koncern men p\u00e5 sin fritid brukar han skogen som tillh\u00f6r g\u00e5rden. Den \u00e4r p\u00e5 ca 40 hektar skog samt 40 hektar \u00e5ker som \u00e4r utarrenderad. Han h\u00e5ller p\u00e5 och renoverar flera av husen p\u00e5 g\u00e5rden och varf\u00f6r inte anv\u00e4nda sitt eget virke? Titta p\u00e5 den h\u00e4r stocken!<\/p>\n<p><a href=\"https:\/\/blogg.atl.nu\/det-grona-guldet\/159426772_2799820186907364_5955646846742177896_n\/\"><img loading=\"lazy\" class=\"alignnone size-full wp-image-2536\" src=\"https:\/\/blogg.atl.nu\/det-grona-guldet\/wp-content\/uploads\/sites\/38\/2021\/03\/159426772_2799820186907364_5955646846742177896_n.jpg\" alt=\"\" width=\"691\" height=\"336\" srcset=\"https:\/\/blogg.atl.nu\/det-grona-guldet\/wp-content\/uploads\/sites\/38\/2021\/03\/159426772_2799820186907364_5955646846742177896_n.jpg 691w, https:\/\/blogg.atl.nu\/det-grona-guldet\/wp-content\/uploads\/sites\/38\/2021\/03\/159426772_2799820186907364_5955646846742177896_n-300x146.jpg 300w\" sizes=\"(max-width: 691px) 100vw, 691px\" \/><\/a> <a href=\"https:\/\/blogg.atl.nu\/det-grona-guldet\/159524943_2953206264958028_5154260033013920718_n\/\"><img loading=\"lazy\" class=\"alignnone size-full wp-image-2537\" src=\"https:\/\/blogg.atl.nu\/det-grona-guldet\/wp-content\/uploads\/sites\/38\/2021\/03\/159524943_2953206264958028_5154260033013920718_n.jpg\" alt=\"\" width=\"691\" height=\"336\" srcset=\"https:\/\/blogg.atl.nu\/det-grona-guldet\/wp-content\/uploads\/sites\/38\/2021\/03\/159524943_2953206264958028_5154260033013920718_n.jpg 691w, https:\/\/blogg.atl.nu\/det-grona-guldet\/wp-content\/uploads\/sites\/38\/2021\/03\/159524943_2953206264958028_5154260033013920718_n-300x146.jpg 300w\" sizes=\"(max-width: 691px) 100vw, 691px\" \/><\/a> <a href=\"https:\/\/blogg.atl.nu\/det-grona-guldet\/159559562_429857808120753_780326974799756130_n\/\"><img loading=\"lazy\" class=\"alignnone size-full wp-image-2538\" src=\"https:\/\/blogg.atl.nu\/det-grona-guldet\/wp-content\/uploads\/sites\/38\/2021\/03\/159559562_429857808120753_780326974799756130_n.jpg\" alt=\"\" width=\"699\" height=\"1452\" srcset=\"https:\/\/blogg.atl.nu\/det-grona-guldet\/wp-content\/uploads\/sites\/38\/2021\/03\/159559562_429857808120753_780326974799756130_n.jpg 699w, https:\/\/blogg.atl.nu\/det-grona-guldet\/wp-content\/uploads\/sites\/38\/2021\/03\/159559562_429857808120753_780326974799756130_n-144x300.jpg 144w, https:\/\/blogg.atl.nu\/det-grona-guldet\/wp-content\/uploads\/sites\/38\/2021\/03\/159559562_429857808120753_780326974799756130_n-493x1024.jpg 493w\" sizes=\"(max-width: 699px) 100vw, 699px\" \/><\/a><\/p>\n<p>Frank har en egen\u00a0 bands\u00e5g p\u00e5 g\u00e5rden och nu avverkar han riktigt fina tallar som han sj\u00e4lv s\u00e5gar upp. En del ska bli nytt golv <span>i hans mammas barndomshem som hans morfar l\u00e4t bygga i slutet p\u00e5 40-talet med virke fr\u00e5n skogen. Frank var sn\u00e4ll och h\u00f6rde av sig till mig och fr\u00e5gade om jag ville vara med n\u00e4r han s\u00e5gade upp en h\u00e4r fina stocken. Tyv\u00e4rr hade jag inte m\u00f6jlighet att delta, men min far var med och han var mycket imponerad \u00f6ver vad han fick se. Jag hoppas kunna bes\u00f6ka Frank snart och kanske g\u00f6ra ett inslag i podden om Franks skogsbruk, hans renoverande av sl\u00e4ktg\u00e5rden med virke fr\u00e5n den egna skogen. Hur l\u00e4nge h\u00e5ller ett golv gjort av kvistren furu?<\/span><\/p>\n<p>Ett annat exempel \u00e4r en skogsgranne i Gusselby, Ove. Han h\u00f6r ofta av sig och vill bolla lite id\u00e9er om skogssk\u00f6tsel. Ibland har han h\u00f6rt n\u00e5got vi sagt i podden och som han vill diskutera kring, alltid nyfiken och vetgirig och vill l\u00e4ra sig mera och alltid villig att dela med sig av sina kunskaper. Ibland n\u00e4r han h\u00f6r att vi ska g\u00f6ra n\u00e5got moment i skogen s\u00e5 kommer han och bes\u00f6ker oss f\u00f6r att se hur vi g\u00f6r. I h\u00f6stas bes\u00f6kta han oss n\u00e4r vi st\u00e4mplade en gallring f\u00f6r det ville han se hur vi gjorde. Och ibland bes\u00f6ker vi honom f\u00f6r att se n\u00e5got han gjort i sin skog.<\/p>\n<figure id=\"attachment_2533\" aria-describedby=\"caption-attachment-2533\" style=\"width: 685px\" class=\"wp-caption alignnone\"><a href=\"https:\/\/blogg.atl.nu\/det-grona-guldet\/20201001_132142\/\"><img loading=\"lazy\" class=\"size-full wp-image-2533\" src=\"https:\/\/blogg.atl.nu\/det-grona-guldet\/wp-content\/uploads\/sites\/38\/2021\/03\/20201001_132142.jpg\" alt=\"\" width=\"685\" height=\"514\" srcset=\"https:\/\/blogg.atl.nu\/det-grona-guldet\/wp-content\/uploads\/sites\/38\/2021\/03\/20201001_132142.jpg 685w, https:\/\/blogg.atl.nu\/det-grona-guldet\/wp-content\/uploads\/sites\/38\/2021\/03\/20201001_132142-300x225.jpg 300w\" sizes=\"(max-width: 685px) 100vw, 685px\" \/><\/a><figcaption id=\"caption-attachment-2533\" class=\"wp-caption-text\"><em>Ove till h\u00f6ger, bes\u00f6ker oss n\u00e4r vi st\u00e4mplar en gallring<\/em><\/figcaption><\/figure>\n<p>Nyligen k\u00f6pte Ove till ett skogsskifte i Gusselby. Det var eftersatt, det fanns delar som inte hade blivit r\u00f6jt och andra delar d\u00e4r det var dags att gallra f\u00f6r l\u00e4nge sedan. Ove s\u00e4tter ig\u00e5ng och b\u00f6rjar sk\u00f6ta om skogen direkt. Han drar ig\u00e5ng en gallring, han r\u00f6jer och han bygger v\u00e4gar. Mycket jobb och stora utgifter, som f\u00f6rhoppningsvis p\u00e5 sikt l\u00f6nar sig. F\u00f6r det alla skogs\u00e4gare vill ha \u00e4r timmer, allt annat \u00e4r restprodukter. I en del av skogen har han en bj\u00f6rkskog d\u00e4r han ska plantera gran under. Det ska bli intressant att f\u00f6lja och h\u00e4romdagen ringde Ove och ber\u00e4ttade att han r\u00f6jt fram en best\u00e5nd s\u00e5 att det nu var treskiktad (!) och att han funderade p\u00e5 att testa hyggesfritt d\u00e4r, ska ocks\u00e5 bli intressant att f\u00f6lja.<\/p>\n<figure id=\"attachment_2532\" aria-describedby=\"caption-attachment-2532\" style=\"width: 685px\" class=\"wp-caption alignnone\"><a href=\"https:\/\/blogg.atl.nu\/det-grona-guldet\/20200930_155215\/\"><img loading=\"lazy\" class=\"size-full wp-image-2532\" src=\"https:\/\/blogg.atl.nu\/det-grona-guldet\/wp-content\/uploads\/sites\/38\/2021\/03\/20200930_155215.jpg\" alt=\"\" width=\"685\" height=\"514\" srcset=\"https:\/\/blogg.atl.nu\/det-grona-guldet\/wp-content\/uploads\/sites\/38\/2021\/03\/20200930_155215.jpg 685w, https:\/\/blogg.atl.nu\/det-grona-guldet\/wp-content\/uploads\/sites\/38\/2021\/03\/20200930_155215-300x225.jpg 300w\" sizes=\"(max-width: 685px) 100vw, 685px\" \/><\/a><figcaption id=\"caption-attachment-2532\" class=\"wp-caption-text\"><em>En planterad gran under en bj\u00f6rksk\u00e4rm<\/em><\/figcaption><\/figure>\n<figure id=\"attachment_2534\" aria-describedby=\"caption-attachment-2534\" style=\"width: 685px\" class=\"wp-caption alignnone\"><a href=\"https:\/\/blogg.atl.nu\/det-grona-guldet\/20201118_123257\/\"><img loading=\"lazy\" class=\"size-full wp-image-2534\" src=\"https:\/\/blogg.atl.nu\/det-grona-guldet\/wp-content\/uploads\/sites\/38\/2021\/03\/20201118_123257.jpg\" alt=\"\" width=\"685\" height=\"514\" srcset=\"https:\/\/blogg.atl.nu\/det-grona-guldet\/wp-content\/uploads\/sites\/38\/2021\/03\/20201118_123257.jpg 685w, https:\/\/blogg.atl.nu\/det-grona-guldet\/wp-content\/uploads\/sites\/38\/2021\/03\/20201118_123257-300x225.jpg 300w\" sizes=\"(max-width: 685px) 100vw, 685px\" \/><\/a><figcaption id=\"caption-attachment-2534\" class=\"wp-caption-text\"><em>Ove testar v\u00e5r batterir\u00f6js\u00e5g<\/em><\/figcaption><\/figure>\n<p>Mitt tredje exempel p\u00e5 en privat skogsbrukare \u00e4r min kusin Jonas. Han har haft flera olika jobb inom skogssektorn, bland annat har han jobbat p\u00e5 skogsstyrelsen d\u00e4r han bland annat inventerade nyckelbiotoper. Numera \u00e4r han ink\u00f6pare p\u00e5 BillerudKorsn\u00e4s och han har ocks\u00e5 egen skog i Gusselby, s\u00e5 vi \u00e4r skogsgrannar ocks\u00e5.<\/p>\n<figure id=\"attachment_2535\" aria-describedby=\"caption-attachment-2535\" style=\"width: 685px\" class=\"wp-caption alignnone\"><a href=\"https:\/\/blogg.atl.nu\/det-grona-guldet\/20210203_093432-2\/\"><img loading=\"lazy\" class=\"size-full wp-image-2535\" src=\"https:\/\/blogg.atl.nu\/det-grona-guldet\/wp-content\/uploads\/sites\/38\/2021\/03\/20210203_093432.jpg\" alt=\"\" width=\"685\" height=\"514\" srcset=\"https:\/\/blogg.atl.nu\/det-grona-guldet\/wp-content\/uploads\/sites\/38\/2021\/03\/20210203_093432.jpg 685w, https:\/\/blogg.atl.nu\/det-grona-guldet\/wp-content\/uploads\/sites\/38\/2021\/03\/20210203_093432-300x225.jpg 300w\" sizes=\"(max-width: 685px) 100vw, 685px\" \/><\/a><figcaption id=\"caption-attachment-2535\" class=\"wp-caption-text\"><em>Jonas f\u00f6ljer upp en nyligen gjord gallring<\/em><\/figcaption><\/figure>\n<p>Jonas har ett f\u00f6rflutet inom f\u00e4ltbiologerna och han \u00e4r dessutom ornitolog och han har ett fantastiskt stort kunnande om skogen och naturen. Han lyckas kombinera det storskaliga skogsbruket, med dess villkor, och en stor naturh\u00e4nsyn. Vi s\u00e4ljer en del gallringar till honom och jag f\u00f6rs\u00f6ker vara med honom i skogen s\u00e5 mycket som m\u00f6jligt n\u00e4r han g\u00f6r sina traktdirektiv, f\u00f6r jag vet att jag l\u00e4r mig nya saker varje g\u00e5ng.<\/p>\n<figure id=\"attachment_2529\" aria-describedby=\"caption-attachment-2529\" style=\"width: 685px\" class=\"wp-caption alignnone\"><a href=\"https:\/\/blogg.atl.nu\/det-grona-guldet\/20191120_102410\/\"><img loading=\"lazy\" class=\"size-full wp-image-2529\" src=\"https:\/\/blogg.atl.nu\/det-grona-guldet\/wp-content\/uploads\/sites\/38\/2021\/03\/20191120_102410.jpg\" alt=\"\" width=\"685\" height=\"514\" srcset=\"https:\/\/blogg.atl.nu\/det-grona-guldet\/wp-content\/uploads\/sites\/38\/2021\/03\/20191120_102410.jpg 685w, https:\/\/blogg.atl.nu\/det-grona-guldet\/wp-content\/uploads\/sites\/38\/2021\/03\/20191120_102410-300x225.jpg 300w\" sizes=\"(max-width: 685px) 100vw, 685px\" \/><\/a><figcaption id=\"caption-attachment-2529\" class=\"wp-caption-text\"><em>Jonas<\/em><\/figcaption><\/figure>\n<p>P\u00e5 sin fritid \u00e4r Jonas ocks\u00e5 i skogen, d\u00e5 spanande efter f\u00e5glar eller vandrar med sin familj p\u00e5 jakt efter nya naturupplevelser. N\u00e4mnde jag att Jonas och hans fru Maria f\u00f6der upp lamm hemma p\u00e5 deras g\u00e5rd i Gusselby? Vi k\u00f6per ett varje \u00e5r och det k\u00e4nns s\u00e5 bra att veta att lammet \u00e4r uppf\u00f6tt i den b\u00e4sta av t\u00e4nkbara milj\u00f6er. Dessutom passerar jag Jonas g\u00e5rd p\u00e5 v\u00e4g upp till skogen s\u00e5 jag ser hans lamm v\u00e4xa till sig under sommaren. P\u00e5 den tid som finns kvar jobbar Jonas i sin egen skog med r\u00f6jning och gallring. Han brukar ta hj\u00e4lp av sina s\u00f6ner n\u00e4r han gallrar, Jonas f\u00e4ller och de brosslar. Bra tr\u00e4ning!<\/p>\n<p>De h\u00e4r tre exemplen \u00e4r n\u00e5gra av de personer som jag kommer i kontakt med och de representerar en skogs\u00e4gare som s\u00e4llan beskrivs i media. Gemensamt f\u00f6r alla tre \u00e4r att de tar stort ansvar f\u00f6r sin skog och ser p\u00e5 sin sk\u00f6tsel som l\u00e5ngsiktig. Sj\u00e4lvklart s\u00e5 kan vi privata skogsbrukare bli \u00e4nnu b\u00e4ttre p\u00e5 h\u00e4nsyn i naturen. Skogsstyrelsen GD, Herman Sundqvist brukar s\u00e4ga &#8221;<em>Allt vi g\u00f6r idag kan vi g\u00f6ra b\u00e4ttre i morgon<\/em>&#8221; och s\u00e5 \u00e4r det f\u00f6rst\u00e5s. Men de allra flesta jag tr\u00e4ffar och kommer i kontakt med har ett mycket stort intresse f\u00f6r skogen och tar ett stort ansvar. Och h\u00e5ller landsbygden levande!<\/p>\n<figure id=\"attachment_2530\" aria-describedby=\"caption-attachment-2530\" style=\"width: 686px\" class=\"wp-caption alignnone\"><a href=\"https:\/\/blogg.atl.nu\/det-grona-guldet\/20200416_132728\/\"><img loading=\"lazy\" class=\"size-full wp-image-2530\" src=\"https:\/\/blogg.atl.nu\/det-grona-guldet\/wp-content\/uploads\/sites\/38\/2021\/03\/20200416_132728.jpg\" alt=\"\" width=\"686\" height=\"515\" srcset=\"https:\/\/blogg.atl.nu\/det-grona-guldet\/wp-content\/uploads\/sites\/38\/2021\/03\/20200416_132728.jpg 686w, https:\/\/blogg.atl.nu\/det-grona-guldet\/wp-content\/uploads\/sites\/38\/2021\/03\/20200416_132728-300x225.jpg 300w\" sizes=\"(max-width: 686px) 100vw, 686px\" \/><\/a><figcaption id=\"caption-attachment-2530\" class=\"wp-caption-text\"><em>Jag och min far Bo<\/em><\/figcaption><\/figure>\n","protected":false},"excerpt":{"rendered":"<p>F\u00f6r knappt fem \u00e5r sedan startade jag och min far Skogspodden. Delvis f\u00f6ddes id\u00e9n till podden n\u00e4r jag var p\u00e5 ett seminarium med Future Forest p\u00e5 KSLA i Stockholm v\u00e5ren 2016. Det var f\u00f6rsta g\u00e5ngen jag deltog i n\u00e5got skogligt seminarium (jag jobbade fortfarande p\u00e5 Ericsson d\u00e5) och debatten mellan milj\u00f6r\u00f6relsen och f\u00f6retr\u00e4dare f\u00f6r skogsindustrin&#8230;<\/p>\n","protected":false},"author":358,"featured_media":0,"comment_status":"open","ping_status":"open","sticky":false,"template":"","format":"standard","meta":[],"categories":[1],"tags":[121],"yoast_head":"<!-- This site is optimized with the Yoast SEO plugin v19.6 - https:\/\/yoast.com\/wordpress\/plugins\/seo\/ -->\n<title>Min bild av det privata skogsbruket skiljer sig fr\u00e5n den mediala bilden - Det gr\u00f6na guldet<\/title>\n<meta name=\"robots\" content=\"index, follow, max-snippet:-1, max-image-preview:large, max-video-preview:-1\" \/>\n<link rel=\"canonical\" href=\"https:\/\/blogg.atl.nu\/det-grona-guldet\/2021\/03\/14\/min-bild-av-det-privata-skogsbruket-skiljer-sig-fran-den-mediala-bilden\/\" \/>\n<meta property=\"og:locale\" content=\"sv_SE\" \/>\n<meta property=\"og:type\" content=\"article\" \/>\n<meta property=\"og:title\" content=\"Min bild av det privata skogsbruket skiljer sig fr\u00e5n den mediala bilden - Det gr\u00f6na guldet\" \/>\n<meta property=\"og:description\" content=\"F\u00f6r knappt fem \u00e5r sedan startade jag och min far Skogspodden. Delvis f\u00f6ddes id\u00e9n till podden n\u00e4r jag var p\u00e5 ett seminarium med Future Forest p\u00e5 KSLA i Stockholm v\u00e5ren 2016. Det var f\u00f6rsta g\u00e5ngen jag deltog i n\u00e5got skogligt seminarium (jag jobbade fortfarande p\u00e5 Ericsson d\u00e5) och debatten mellan milj\u00f6r\u00f6relsen och f\u00f6retr\u00e4dare f\u00f6r skogsindustrin...\" \/>\n<meta property=\"og:url\" content=\"https:\/\/blogg.atl.nu\/det-grona-guldet\/2021\/03\/14\/min-bild-av-det-privata-skogsbruket-skiljer-sig-fran-den-mediala-bilden\/\" \/>\n<meta property=\"og:site_name\" content=\"Det gr\u00f6na guldet\" \/>\n<meta property=\"article:published_time\" content=\"2021-03-14T17:42:43+00:00\" \/>\n<meta property=\"og:image\" content=\"https:\/\/blogg.atl.nu\/det-grona-guldet\/wp-content\/uploads\/sites\/38\/2021\/03\/159426772_2799820186907364_5955646846742177896_n.jpg\" \/>\n<meta name=\"author\" content=\"perjonasson\" \/>\n<meta name=\"twitter:card\" content=\"summary_large_image\" \/>\n<meta name=\"twitter:label1\" content=\"Skriven av\" \/>\n\t<meta name=\"twitter:data1\" content=\"perjonasson\" \/>\n\t<meta name=\"twitter:label2\" content=\"Ber\u00e4knad l\u00e4stid\" \/>\n\t<meta name=\"twitter:data2\" content=\"7 minuter\" \/>\n<script type=\"application\/ld+json\" class=\"yoast-schema-graph\">{\"@context\":\"https:\/\/schema.org\",\"@graph\":[{\"@type\":\"WebPage\",\"@id\":\"https:\/\/blogg.atl.nu\/det-grona-guldet\/2021\/03\/14\/min-bild-av-det-privata-skogsbruket-skiljer-sig-fran-den-mediala-bilden\/\",\"url\":\"https:\/\/blogg.atl.nu\/det-grona-guldet\/2021\/03\/14\/min-bild-av-det-privata-skogsbruket-skiljer-sig-fran-den-mediala-bilden\/\",\"name\":\"Min bild av det privata skogsbruket skiljer sig fr\u00e5n den mediala bilden - Det gr\u00f6na guldet\",\"isPartOf\":{\"@id\":\"https:\/\/blogg.atl.nu\/det-grona-guldet\/#website\"},\"datePublished\":\"2021-03-14T17:42:43+00:00\",\"dateModified\":\"2021-03-14T17:42:43+00:00\",\"author\":{\"@id\":\"https:\/\/blogg.atl.nu\/det-grona-guldet\/#\/schema\/person\/287702eafc70c00d00ddd6052f82103c\"},\"breadcrumb\":{\"@id\":\"https:\/\/blogg.atl.nu\/det-grona-guldet\/2021\/03\/14\/min-bild-av-det-privata-skogsbruket-skiljer-sig-fran-den-mediala-bilden\/#breadcrumb\"},\"inLanguage\":\"sv-SE\",\"potentialAction\":[{\"@type\":\"ReadAction\",\"target\":[\"https:\/\/blogg.atl.nu\/det-grona-guldet\/2021\/03\/14\/min-bild-av-det-privata-skogsbruket-skiljer-sig-fran-den-mediala-bilden\/\"]}]},{\"@type\":\"BreadcrumbList\",\"@id\":\"https:\/\/blogg.atl.nu\/det-grona-guldet\/2021\/03\/14\/min-bild-av-det-privata-skogsbruket-skiljer-sig-fran-den-mediala-bilden\/#breadcrumb\",\"itemListElement\":[{\"@type\":\"ListItem\",\"position\":1,\"name\":\"Home\",\"item\":\"https:\/\/blogg.atl.nu\/det-grona-guldet\/\"},{\"@type\":\"ListItem\",\"position\":2,\"name\":\"Min bild av det privata skogsbruket skiljer sig fr\u00e5n den mediala bilden\"}]},{\"@type\":\"WebSite\",\"@id\":\"https:\/\/blogg.atl.nu\/det-grona-guldet\/#website\",\"url\":\"https:\/\/blogg.atl.nu\/det-grona-guldet\/\",\"name\":\"Det gr\u00f6na guldet\",\"description\":\"Per Jonasson\",\"potentialAction\":[{\"@type\":\"SearchAction\",\"target\":{\"@type\":\"EntryPoint\",\"urlTemplate\":\"https:\/\/blogg.atl.nu\/det-grona-guldet\/?s={search_term_string}\"},\"query-input\":\"required name=search_term_string\"}],\"inLanguage\":\"sv-SE\"},{\"@type\":\"Person\",\"@id\":\"https:\/\/blogg.atl.nu\/det-grona-guldet\/#\/schema\/person\/287702eafc70c00d00ddd6052f82103c\",\"name\":\"perjonasson\",\"image\":{\"@type\":\"ImageObject\",\"inLanguage\":\"sv-SE\",\"@id\":\"https:\/\/blogg.atl.nu\/det-grona-guldet\/#\/schema\/person\/image\/\",\"url\":\"https:\/\/secure.gravatar.com\/avatar\/cb1f6adf68537abe8b5ad3acda4c0b63?s=96&d=mm&r=g\",\"contentUrl\":\"https:\/\/secure.gravatar.com\/avatar\/cb1f6adf68537abe8b5ad3acda4c0b63?s=96&d=mm&r=g\",\"caption\":\"perjonasson\"},\"url\":\"https:\/\/blogg.atl.nu\/det-grona-guldet\/author\/perjonasson\/\"}]}<\/script>\n<!-- \/ Yoast SEO plugin. -->","yoast_head_json":{"title":"Min bild av det privata skogsbruket skiljer sig fr\u00e5n den mediala bilden - Det gr\u00f6na guldet","robots":{"index":"index","follow":"follow","max-snippet":"max-snippet:-1","max-image-preview":"max-image-preview:large","max-video-preview":"max-video-preview:-1"},"canonical":"https:\/\/blogg.atl.nu\/det-grona-guldet\/2021\/03\/14\/min-bild-av-det-privata-skogsbruket-skiljer-sig-fran-den-mediala-bilden\/","og_locale":"sv_SE","og_type":"article","og_title":"Min bild av det privata skogsbruket skiljer sig fr\u00e5n den mediala bilden - Det gr\u00f6na guldet","og_description":"F\u00f6r knappt fem \u00e5r sedan startade jag och min far Skogspodden. Delvis f\u00f6ddes id\u00e9n till podden n\u00e4r jag var p\u00e5 ett seminarium med Future Forest p\u00e5 KSLA i Stockholm v\u00e5ren 2016. Det var f\u00f6rsta g\u00e5ngen jag deltog i n\u00e5got skogligt seminarium (jag jobbade fortfarande p\u00e5 Ericsson d\u00e5) och debatten mellan milj\u00f6r\u00f6relsen och f\u00f6retr\u00e4dare f\u00f6r skogsindustrin...","og_url":"https:\/\/blogg.atl.nu\/det-grona-guldet\/2021\/03\/14\/min-bild-av-det-privata-skogsbruket-skiljer-sig-fran-den-mediala-bilden\/","og_site_name":"Det gr\u00f6na guldet","article_published_time":"2021-03-14T17:42:43+00:00","og_image":[{"url":"https:\/\/blogg.atl.nu\/det-grona-guldet\/wp-content\/uploads\/sites\/38\/2021\/03\/159426772_2799820186907364_5955646846742177896_n.jpg"}],"author":"perjonasson","twitter_card":"summary_large_image","twitter_misc":{"Skriven av":"perjonasson","Ber\u00e4knad l\u00e4stid":"7 minuter"},"schema":{"@context":"https:\/\/schema.org","@graph":[{"@type":"WebPage","@id":"https:\/\/blogg.atl.nu\/det-grona-guldet\/2021\/03\/14\/min-bild-av-det-privata-skogsbruket-skiljer-sig-fran-den-mediala-bilden\/","url":"https:\/\/blogg.atl.nu\/det-grona-guldet\/2021\/03\/14\/min-bild-av-det-privata-skogsbruket-skiljer-sig-fran-den-mediala-bilden\/","name":"Min bild av det privata skogsbruket skiljer sig fr\u00e5n den mediala bilden - Det gr\u00f6na guldet","isPartOf":{"@id":"https:\/\/blogg.atl.nu\/det-grona-guldet\/#website"},"datePublished":"2021-03-14T17:42:43+00:00","dateModified":"2021-03-14T17:42:43+00:00","author":{"@id":"https:\/\/blogg.atl.nu\/det-grona-guldet\/#\/schema\/person\/287702eafc70c00d00ddd6052f82103c"},"breadcrumb":{"@id":"https:\/\/blogg.atl.nu\/det-grona-guldet\/2021\/03\/14\/min-bild-av-det-privata-skogsbruket-skiljer-sig-fran-den-mediala-bilden\/#breadcrumb"},"inLanguage":"sv-SE","potentialAction":[{"@type":"ReadAction","target":["https:\/\/blogg.atl.nu\/det-grona-guldet\/2021\/03\/14\/min-bild-av-det-privata-skogsbruket-skiljer-sig-fran-den-mediala-bilden\/"]}]},{"@type":"BreadcrumbList","@id":"https:\/\/blogg.atl.nu\/det-grona-guldet\/2021\/03\/14\/min-bild-av-det-privata-skogsbruket-skiljer-sig-fran-den-mediala-bilden\/#breadcrumb","itemListElement":[{"@type":"ListItem","position":1,"name":"Home","item":"https:\/\/blogg.atl.nu\/det-grona-guldet\/"},{"@type":"ListItem","position":2,"name":"Min bild av det privata skogsbruket skiljer sig fr\u00e5n den mediala bilden"}]},{"@type":"WebSite","@id":"https:\/\/blogg.atl.nu\/det-grona-guldet\/#website","url":"https:\/\/blogg.atl.nu\/det-grona-guldet\/","name":"Det gr\u00f6na guldet","description":"Per Jonasson","potentialAction":[{"@type":"SearchAction","target":{"@type":"EntryPoint","urlTemplate":"https:\/\/blogg.atl.nu\/det-grona-guldet\/?s={search_term_string}"},"query-input":"required name=search_term_string"}],"inLanguage":"sv-SE"},{"@type":"Person","@id":"https:\/\/blogg.atl.nu\/det-grona-guldet\/#\/schema\/person\/287702eafc70c00d00ddd6052f82103c","name":"perjonasson","image":{"@type":"ImageObject","inLanguage":"sv-SE","@id":"https:\/\/blogg.atl.nu\/det-grona-guldet\/#\/schema\/person\/image\/","url":"https:\/\/secure.gravatar.com\/avatar\/cb1f6adf68537abe8b5ad3acda4c0b63?s=96&d=mm&r=g","contentUrl":"https:\/\/secure.gravatar.com\/avatar\/cb1f6adf68537abe8b5ad3acda4c0b63?s=96&d=mm&r=g","caption":"perjonasson"},"url":"https:\/\/blogg.atl.nu\/det-grona-guldet\/author\/perjonasson\/"}]}},"_links":{"self":[{"href":"https:\/\/blogg.atl.nu\/det-grona-guldet\/wp-json\/wp\/v2\/posts\/2539"}],"collection":[{"href":"https:\/\/blogg.atl.nu\/det-grona-guldet\/wp-json\/wp\/v2\/posts"}],"about":[{"href":"https:\/\/blogg.atl.nu\/det-grona-guldet\/wp-json\/wp\/v2\/types\/post"}],"author":[{"embeddable":true,"href":"https:\/\/blogg.atl.nu\/det-grona-guldet\/wp-json\/wp\/v2\/users\/358"}],"replies":[{"embeddable":true,"href":"https:\/\/blogg.atl.nu\/det-grona-guldet\/wp-json\/wp\/v2\/comments?post=2539"}],"version-history":[{"count":9,"href":"https:\/\/blogg.atl.nu\/det-grona-guldet\/wp-json\/wp\/v2\/posts\/2539\/revisions"}],"predecessor-version":[{"id":2548,"href":"https:\/\/blogg.atl.nu\/det-grona-guldet\/wp-json\/wp\/v2\/posts\/2539\/revisions\/2548"}],"wp:attachment":[{"href":"https:\/\/blogg.atl.nu\/det-grona-guldet\/wp-json\/wp\/v2\/media?parent=2539"}],"wp:term":[{"taxonomy":"category","embeddable":true,"href":"https:\/\/blogg.atl.nu\/det-grona-guldet\/wp-json\/wp\/v2\/categories?post=2539"},{"taxonomy":"post_tag","embeddable":true,"href":"https:\/\/blogg.atl.nu\/det-grona-guldet\/wp-json\/wp\/v2\/tags?post=2539"}],"curies":[{"name":"wp","href":"https:\/\/api.w.org\/{rel}","templated":true}]}}