{"id":2561,"date":"2021-03-22T19:46:39","date_gmt":"2021-03-22T18:46:39","guid":{"rendered":"https:\/\/blogg.atl.nu\/det-grona-guldet\/?p=2561"},"modified":"2021-03-22T19:46:39","modified_gmt":"2021-03-22T18:46:39","slug":"vi-rojer-i-fore-detta-hagnet","status":"publish","type":"post","link":"https:\/\/blogg.atl.nu\/det-grona-guldet\/2021\/03\/22\/vi-rojer-i-fore-detta-hagnet\/","title":{"rendered":"Vi r\u00f6jer i f\u00f6re detta h\u00e4gnet"},"content":{"rendered":"<p>Jag tror jag n\u00e4mnde tidigare att vi hade ett h\u00e4gn uppe i skogen d\u00e4r Bosse planterat en hel del olika tr\u00e4dslag. Mest l\u00e4rk, runt 5-6 olika typer av l\u00e4rk. Hybrid, Sibirisk, Japansk och n\u00e5gon mer sort fr\u00e5n Tjeckien. Samt n\u00e5gra tallar fr\u00e5n Balkan och n\u00e5gra Sibiriska silvergranar. Vi rev h\u00e4gnet i h\u00f6stas och idag r\u00f6jde vi d\u00e4r. Det \u00e4r ca 25 \u00e5r s\u00e5 om n\u00e5gra \u00e5r \u00e4r det nog dags f\u00f6r den f\u00f6rsta gallringen s\u00e5 den r\u00f6jning vi gjorde idag var av typen f\u00f6rr\u00f6jning eller underr\u00f6jning.<\/p>\n<p><a href=\"https:\/\/blogg.atl.nu\/det-grona-guldet\/20210322_102919_01\/\"><img loading=\"lazy\" class=\"alignnone size-full wp-image-2550\" src=\"https:\/\/blogg.atl.nu\/det-grona-guldet\/wp-content\/uploads\/sites\/38\/2021\/03\/20210322_102919_01.jpg\" alt=\"\" width=\"685\" height=\"514\" srcset=\"https:\/\/blogg.atl.nu\/det-grona-guldet\/wp-content\/uploads\/sites\/38\/2021\/03\/20210322_102919_01.jpg 685w, https:\/\/blogg.atl.nu\/det-grona-guldet\/wp-content\/uploads\/sites\/38\/2021\/03\/20210322_102919_01-300x225.jpg 300w\" sizes=\"(max-width: 685px) 100vw, 685px\" \/><\/a><\/p>\n<p>En del av l\u00e4rken \u00e4r riktigt fin. Man ser att de v\u00e4xer snabbt, en del \u00e4r riktigt h\u00f6g. Och flera av dem \u00e4r stamkvistade, kan nog bli fint virke med tiden.<\/p>\n<p><a href=\"https:\/\/blogg.atl.nu\/det-grona-guldet\/20210322_103120\/\"><img loading=\"lazy\" class=\"alignnone size-full wp-image-2551\" src=\"https:\/\/blogg.atl.nu\/det-grona-guldet\/wp-content\/uploads\/sites\/38\/2021\/03\/20210322_103120.jpg\" alt=\"\" width=\"685\" height=\"514\" srcset=\"https:\/\/blogg.atl.nu\/det-grona-guldet\/wp-content\/uploads\/sites\/38\/2021\/03\/20210322_103120.jpg 685w, https:\/\/blogg.atl.nu\/det-grona-guldet\/wp-content\/uploads\/sites\/38\/2021\/03\/20210322_103120-300x225.jpg 300w\" sizes=\"(max-width: 685px) 100vw, 685px\" \/><\/a><\/p>\n<p>Det var ocks\u00e5 ett parti med lite s\u00e4mre l\u00e4rk, kan ha varit fel proveniens kanske.<\/p>\n<p><a href=\"https:\/\/blogg.atl.nu\/det-grona-guldet\/20210322_103800\/\"><img loading=\"lazy\" class=\"alignnone size-full wp-image-2552\" src=\"https:\/\/blogg.atl.nu\/det-grona-guldet\/wp-content\/uploads\/sites\/38\/2021\/03\/20210322_103800.jpg\" alt=\"\" width=\"685\" height=\"514\" srcset=\"https:\/\/blogg.atl.nu\/det-grona-guldet\/wp-content\/uploads\/sites\/38\/2021\/03\/20210322_103800.jpg 685w, https:\/\/blogg.atl.nu\/det-grona-guldet\/wp-content\/uploads\/sites\/38\/2021\/03\/20210322_103800-300x225.jpg 300w\" sizes=\"(max-width: 685px) 100vw, 685px\" \/><\/a><\/p>\n<p>P\u00e5 bilden ovan st\u00e5r Bosse bland n\u00e5gra Sibiriska silvergranar som inte v\u00e4xt n\u00e5got vidare. Kanske piggnar de till n\u00e4r vi gallrar s\u00e5 det blir lite ljusare?<\/p>\n<p><a href=\"https:\/\/blogg.atl.nu\/det-grona-guldet\/20210322_113503\/\"><img loading=\"lazy\" class=\"alignnone size-full wp-image-2553\" src=\"https:\/\/blogg.atl.nu\/det-grona-guldet\/wp-content\/uploads\/sites\/38\/2021\/03\/20210322_113503.jpg\" alt=\"\" width=\"685\" height=\"514\" srcset=\"https:\/\/blogg.atl.nu\/det-grona-guldet\/wp-content\/uploads\/sites\/38\/2021\/03\/20210322_113503.jpg 685w, https:\/\/blogg.atl.nu\/det-grona-guldet\/wp-content\/uploads\/sites\/38\/2021\/03\/20210322_113503-300x225.jpg 300w\" sizes=\"(max-width: 685px) 100vw, 685px\" \/><\/a><\/p>\n<p><a href=\"https:\/\/blogg.atl.nu\/det-grona-guldet\/20210322_144551\/\"><img loading=\"lazy\" class=\"alignnone size-full wp-image-2557\" src=\"https:\/\/blogg.atl.nu\/det-grona-guldet\/wp-content\/uploads\/sites\/38\/2021\/03\/20210322_144551.jpg\" alt=\"\" width=\"685\" height=\"514\" srcset=\"https:\/\/blogg.atl.nu\/det-grona-guldet\/wp-content\/uploads\/sites\/38\/2021\/03\/20210322_144551.jpg 685w, https:\/\/blogg.atl.nu\/det-grona-guldet\/wp-content\/uploads\/sites\/38\/2021\/03\/20210322_144551-300x225.jpg 300w\" sizes=\"(max-width: 685px) 100vw, 685px\" \/><\/a><\/p>\n<p><a href=\"https:\/\/blogg.atl.nu\/det-grona-guldet\/20210322_121033\/\"><img loading=\"lazy\" class=\"alignnone size-full wp-image-2554\" src=\"https:\/\/blogg.atl.nu\/det-grona-guldet\/wp-content\/uploads\/sites\/38\/2021\/03\/20210322_121033.jpg\" alt=\"\" width=\"685\" height=\"514\" srcset=\"https:\/\/blogg.atl.nu\/det-grona-guldet\/wp-content\/uploads\/sites\/38\/2021\/03\/20210322_121033.jpg 685w, https:\/\/blogg.atl.nu\/det-grona-guldet\/wp-content\/uploads\/sites\/38\/2021\/03\/20210322_121033-300x225.jpg 300w\" sizes=\"(max-width: 685px) 100vw, 685px\" \/><\/a><\/p>\n<p>P\u00e5 eftermiddagen fick vi f\u00f6rst\u00e4rkning med Magnus, som hj\u00e4lper oss med r\u00f6jningarna.<\/p>\n<p><a href=\"https:\/\/blogg.atl.nu\/det-grona-guldet\/20210322_144253\/\"><img loading=\"lazy\" class=\"alignnone size-full wp-image-2555\" src=\"https:\/\/blogg.atl.nu\/det-grona-guldet\/wp-content\/uploads\/sites\/38\/2021\/03\/20210322_144253.jpg\" alt=\"\" width=\"685\" height=\"514\" srcset=\"https:\/\/blogg.atl.nu\/det-grona-guldet\/wp-content\/uploads\/sites\/38\/2021\/03\/20210322_144253.jpg 685w, https:\/\/blogg.atl.nu\/det-grona-guldet\/wp-content\/uploads\/sites\/38\/2021\/03\/20210322_144253-300x225.jpg 300w\" sizes=\"(max-width: 685px) 100vw, 685px\" \/><\/a> <a href=\"https:\/\/blogg.atl.nu\/det-grona-guldet\/20210322_144305\/\"><img loading=\"lazy\" class=\"alignnone size-full wp-image-2556\" src=\"https:\/\/blogg.atl.nu\/det-grona-guldet\/wp-content\/uploads\/sites\/38\/2021\/03\/20210322_144305.jpg\" alt=\"\" width=\"685\" height=\"514\" srcset=\"https:\/\/blogg.atl.nu\/det-grona-guldet\/wp-content\/uploads\/sites\/38\/2021\/03\/20210322_144305.jpg 685w, https:\/\/blogg.atl.nu\/det-grona-guldet\/wp-content\/uploads\/sites\/38\/2021\/03\/20210322_144305-300x225.jpg 300w\" sizes=\"(max-width: 685px) 100vw, 685px\" \/><\/a><\/p>\n<p>H\u00e4gnet \u00e4r inte s\u00e5 stort s\u00e5 vi var snart klara. Kan nog bli riktigt fint om det f\u00e5r st\u00e5 n\u00e5gra \u00e5r till och sedan en f\u00f6rsiktig gallring. Vi har ett tallbest\u00e5nd intill, som ocks\u00e5 snart ska gallras s\u00e5 vi planerar att g\u00f6ra dessa samtidigt. Men det \u00e4r nog 4-5 \u00e5r i framtiden.<\/p>\n<p>Efter vi blivit klara s\u00e5 \u00e5kte vi till ett annat best\u00e5nd d\u00e4r vi ocks\u00e5 beh\u00f6ver g\u00f6ra en f\u00f6rberedande r\u00f6jning innan gallring. Det \u00e4r en T24 med ganska m\u00e5nga stamkvistade tallar i.<\/p>\n<p><a href=\"https:\/\/blogg.atl.nu\/det-grona-guldet\/20210322_152617\/\"><img loading=\"lazy\" class=\"alignnone size-full wp-image-2558\" src=\"https:\/\/blogg.atl.nu\/det-grona-guldet\/wp-content\/uploads\/sites\/38\/2021\/03\/20210322_152617.jpg\" alt=\"\" width=\"685\" height=\"514\" srcset=\"https:\/\/blogg.atl.nu\/det-grona-guldet\/wp-content\/uploads\/sites\/38\/2021\/03\/20210322_152617.jpg 685w, https:\/\/blogg.atl.nu\/det-grona-guldet\/wp-content\/uploads\/sites\/38\/2021\/03\/20210322_152617-300x225.jpg 300w\" sizes=\"(max-width: 685px) 100vw, 685px\" \/><\/a><\/p>\n<p>Hela best\u00e5ndet befinner sig vid h\u00f6gsta marina gr\u00e4nsen s\u00e5 under mossan \u00e4r det fullt med knytn\u00e4vsstora runda stenar och Bosse ber\u00e4ttade att n\u00e4r han s\u00e5dde best\u00e5ndet s\u00e5 var det en utmaning att hitta fl\u00e4ckar med jord att s\u00e5 i. Till sin hj\u00e4lp hade han Christer, en man fr\u00e5n Gusselby som brukade hj\u00e4lpa oss n\u00e4r det passade. Christer var lite annorlunda, men han var stor och stark och v\u00e4ldigt sn\u00e4ll. Han var ocks\u00e5 intresserad av skogsbruk och han var helt otrolig att hugga ved. Jag v\u00e5gade knappt g\u00e5 fram och prata med honom n\u00e4r han hugg ved f\u00f6r d\u00e5 tog han \u00f6gonen fr\u00e5n vedhuggningen och s\u00f6kte \u00f6gonkontakt, som man g\u00f6r n\u00e4r man pratar med varandra. Men skillnaden var att Christer fortsatte hugga ved samtidigt! Jag var alltid r\u00e4dd han skulle missa och hugga av ett finger, men han var s\u00e4kerheten sj\u00e4lv n\u00e4r det g\u00e4llde vedhuggning.<\/p>\n<p>Christer hade en del andra intressen ocks\u00e5, bland annat s\u00e5 var han v\u00e4ldigt intresserad av historia, fr\u00e4mst idrottshistoria och andra v\u00e4rldskriget. En g\u00e5ng tog jag med honom till Flygvapenmuseet i Link\u00f6ping. D\u00e4r har de en Spitfire, som jag tror var Christers favoritflygplan. Det var en riktigt trevlig utflykt som jag tror Christer uppskattade mycket. N\u00e4r det g\u00e4llde idrottshistoria kunde han inte bara vem som hade vunnit alla 5 milar p\u00e5 VM och OS, utan hur st\u00e4llningen varit halvv\u00e4gs i loppet ocks\u00e5.<\/p>\n<p>Det blev en kort utl\u00e4ggning, det jag skulle komma fram till var att Christer hj\u00e4lpte Bosse vid s\u00e5dden av det h\u00e4r best\u00e5ndet, han kr\u00f6p omkring p\u00e5 alla fyra och s\u00e5g till att det fanns tillr\u00e4ckligt med jord f\u00f6r att det skulle g\u00e5 att s\u00e5 genom att flytta p\u00e5 stenar och jord. Han gjorde ett riktigt slitjobb, helt klart. N\u00e4r beskogningen var klar satte Bosse upp den h\u00e4r skylten:<\/p>\n<p><a href=\"https:\/\/blogg.atl.nu\/det-grona-guldet\/20210322_153306\/\"><img loading=\"lazy\" class=\"alignnone size-full wp-image-2560\" src=\"https:\/\/blogg.atl.nu\/det-grona-guldet\/wp-content\/uploads\/sites\/38\/2021\/03\/20210322_153306.jpg\" alt=\"\" width=\"685\" height=\"514\" srcset=\"https:\/\/blogg.atl.nu\/det-grona-guldet\/wp-content\/uploads\/sites\/38\/2021\/03\/20210322_153306.jpg 685w, https:\/\/blogg.atl.nu\/det-grona-guldet\/wp-content\/uploads\/sites\/38\/2021\/03\/20210322_153306-300x225.jpg 300w\" sizes=\"(max-width: 685px) 100vw, 685px\" \/><\/a> <a href=\"https:\/\/blogg.atl.nu\/det-grona-guldet\/20210322_153237\/\"><img loading=\"lazy\" class=\"alignnone size-full wp-image-2559\" src=\"https:\/\/blogg.atl.nu\/det-grona-guldet\/wp-content\/uploads\/sites\/38\/2021\/03\/20210322_153237.jpg\" alt=\"\" width=\"685\" height=\"514\" srcset=\"https:\/\/blogg.atl.nu\/det-grona-guldet\/wp-content\/uploads\/sites\/38\/2021\/03\/20210322_153237.jpg 685w, https:\/\/blogg.atl.nu\/det-grona-guldet\/wp-content\/uploads\/sites\/38\/2021\/03\/20210322_153237-300x225.jpg 300w\" sizes=\"(max-width: 685px) 100vw, 685px\" \/><\/a><\/p>\n<p>P\u00e5 skylten st\u00e5r det &#8221;<em>Christer Nyholms tr\u00e4gna arbete 1997 m\u00f6jliggjorde \u00e5terbeskogning av dessa 10 000-\u00e5riga strandvallar. Kn\u00e4st\u00e5ende handplockning av sten med \u00e5tf\u00f6ljande skogss\u00e5dd i groparna<\/em>&#8221;<\/p>\n<p>Christer var mycket stolt \u00f6ver att ha f\u00e5tt en egen skylt uppsatt efter sitt arbete och det var han v\u00e4l v\u00e4rd. Christer gick bort f\u00f6r n\u00e5gra \u00e5r sedan men jag \u00e4r s\u00e4ker p\u00e5 att han ler d\u00e4r han \u00e4r nu n\u00e4r han ser det fina resultat av beskogningen.<\/p>\n","protected":false},"excerpt":{"rendered":"<p>Jag tror jag n\u00e4mnde tidigare att vi hade ett h\u00e4gn uppe i skogen d\u00e4r Bosse planterat en hel del olika tr\u00e4dslag. Mest l\u00e4rk, runt 5-6 olika typer av l\u00e4rk. Hybrid, Sibirisk, Japansk och n\u00e5gon mer sort fr\u00e5n Tjeckien. Samt n\u00e5gra tallar fr\u00e5n Balkan och n\u00e5gra Sibiriska silvergranar. Vi rev h\u00e4gnet i h\u00f6stas och idag r\u00f6jde&#8230;<\/p>\n","protected":false},"author":358,"featured_media":0,"comment_status":"open","ping_status":"open","sticky":false,"template":"","format":"standard","meta":[],"categories":[1],"tags":[],"yoast_head":"<!-- This site is optimized with the Yoast SEO plugin v19.6 - https:\/\/yoast.com\/wordpress\/plugins\/seo\/ -->\n<title>Vi r\u00f6jer i f\u00f6re detta h\u00e4gnet - Det gr\u00f6na guldet<\/title>\n<meta name=\"robots\" content=\"index, follow, max-snippet:-1, max-image-preview:large, max-video-preview:-1\" \/>\n<link rel=\"canonical\" href=\"https:\/\/blogg.atl.nu\/det-grona-guldet\/2021\/03\/22\/vi-rojer-i-fore-detta-hagnet\/\" \/>\n<meta property=\"og:locale\" content=\"sv_SE\" \/>\n<meta property=\"og:type\" content=\"article\" \/>\n<meta property=\"og:title\" content=\"Vi r\u00f6jer i f\u00f6re detta h\u00e4gnet - Det gr\u00f6na guldet\" \/>\n<meta property=\"og:description\" content=\"Jag tror jag n\u00e4mnde tidigare att vi hade ett h\u00e4gn uppe i skogen d\u00e4r Bosse planterat en hel del olika tr\u00e4dslag. Mest l\u00e4rk, runt 5-6 olika typer av l\u00e4rk. Hybrid, Sibirisk, Japansk och n\u00e5gon mer sort fr\u00e5n Tjeckien. Samt n\u00e5gra tallar fr\u00e5n Balkan och n\u00e5gra Sibiriska silvergranar. Vi rev h\u00e4gnet i h\u00f6stas och idag r\u00f6jde...\" \/>\n<meta property=\"og:url\" content=\"https:\/\/blogg.atl.nu\/det-grona-guldet\/2021\/03\/22\/vi-rojer-i-fore-detta-hagnet\/\" \/>\n<meta property=\"og:site_name\" content=\"Det gr\u00f6na guldet\" \/>\n<meta property=\"article:published_time\" content=\"2021-03-22T18:46:39+00:00\" \/>\n<meta property=\"og:image\" content=\"https:\/\/blogg.atl.nu\/det-grona-guldet\/wp-content\/uploads\/sites\/38\/2021\/03\/20210322_102919_01.jpg\" \/>\n<meta name=\"author\" content=\"perjonasson\" \/>\n<meta name=\"twitter:card\" content=\"summary_large_image\" \/>\n<meta name=\"twitter:label1\" content=\"Skriven av\" \/>\n\t<meta name=\"twitter:data1\" content=\"perjonasson\" \/>\n\t<meta name=\"twitter:label2\" content=\"Ber\u00e4knad l\u00e4stid\" \/>\n\t<meta name=\"twitter:data2\" content=\"4 minuter\" \/>\n<script type=\"application\/ld+json\" class=\"yoast-schema-graph\">{\"@context\":\"https:\/\/schema.org\",\"@graph\":[{\"@type\":\"WebPage\",\"@id\":\"https:\/\/blogg.atl.nu\/det-grona-guldet\/2021\/03\/22\/vi-rojer-i-fore-detta-hagnet\/\",\"url\":\"https:\/\/blogg.atl.nu\/det-grona-guldet\/2021\/03\/22\/vi-rojer-i-fore-detta-hagnet\/\",\"name\":\"Vi r\u00f6jer i f\u00f6re detta h\u00e4gnet - Det gr\u00f6na guldet\",\"isPartOf\":{\"@id\":\"https:\/\/blogg.atl.nu\/det-grona-guldet\/#website\"},\"datePublished\":\"2021-03-22T18:46:39+00:00\",\"dateModified\":\"2021-03-22T18:46:39+00:00\",\"author\":{\"@id\":\"https:\/\/blogg.atl.nu\/det-grona-guldet\/#\/schema\/person\/287702eafc70c00d00ddd6052f82103c\"},\"breadcrumb\":{\"@id\":\"https:\/\/blogg.atl.nu\/det-grona-guldet\/2021\/03\/22\/vi-rojer-i-fore-detta-hagnet\/#breadcrumb\"},\"inLanguage\":\"sv-SE\",\"potentialAction\":[{\"@type\":\"ReadAction\",\"target\":[\"https:\/\/blogg.atl.nu\/det-grona-guldet\/2021\/03\/22\/vi-rojer-i-fore-detta-hagnet\/\"]}]},{\"@type\":\"BreadcrumbList\",\"@id\":\"https:\/\/blogg.atl.nu\/det-grona-guldet\/2021\/03\/22\/vi-rojer-i-fore-detta-hagnet\/#breadcrumb\",\"itemListElement\":[{\"@type\":\"ListItem\",\"position\":1,\"name\":\"Home\",\"item\":\"https:\/\/blogg.atl.nu\/det-grona-guldet\/\"},{\"@type\":\"ListItem\",\"position\":2,\"name\":\"Vi r\u00f6jer i f\u00f6re detta h\u00e4gnet\"}]},{\"@type\":\"WebSite\",\"@id\":\"https:\/\/blogg.atl.nu\/det-grona-guldet\/#website\",\"url\":\"https:\/\/blogg.atl.nu\/det-grona-guldet\/\",\"name\":\"Det gr\u00f6na guldet\",\"description\":\"Per Jonasson\",\"potentialAction\":[{\"@type\":\"SearchAction\",\"target\":{\"@type\":\"EntryPoint\",\"urlTemplate\":\"https:\/\/blogg.atl.nu\/det-grona-guldet\/?s={search_term_string}\"},\"query-input\":\"required name=search_term_string\"}],\"inLanguage\":\"sv-SE\"},{\"@type\":\"Person\",\"@id\":\"https:\/\/blogg.atl.nu\/det-grona-guldet\/#\/schema\/person\/287702eafc70c00d00ddd6052f82103c\",\"name\":\"perjonasson\",\"image\":{\"@type\":\"ImageObject\",\"inLanguage\":\"sv-SE\",\"@id\":\"https:\/\/blogg.atl.nu\/det-grona-guldet\/#\/schema\/person\/image\/\",\"url\":\"https:\/\/secure.gravatar.com\/avatar\/cb1f6adf68537abe8b5ad3acda4c0b63?s=96&d=mm&r=g\",\"contentUrl\":\"https:\/\/secure.gravatar.com\/avatar\/cb1f6adf68537abe8b5ad3acda4c0b63?s=96&d=mm&r=g\",\"caption\":\"perjonasson\"},\"url\":\"https:\/\/blogg.atl.nu\/det-grona-guldet\/author\/perjonasson\/\"}]}<\/script>\n<!-- \/ Yoast SEO plugin. -->","yoast_head_json":{"title":"Vi r\u00f6jer i f\u00f6re detta h\u00e4gnet - Det gr\u00f6na guldet","robots":{"index":"index","follow":"follow","max-snippet":"max-snippet:-1","max-image-preview":"max-image-preview:large","max-video-preview":"max-video-preview:-1"},"canonical":"https:\/\/blogg.atl.nu\/det-grona-guldet\/2021\/03\/22\/vi-rojer-i-fore-detta-hagnet\/","og_locale":"sv_SE","og_type":"article","og_title":"Vi r\u00f6jer i f\u00f6re detta h\u00e4gnet - Det gr\u00f6na guldet","og_description":"Jag tror jag n\u00e4mnde tidigare att vi hade ett h\u00e4gn uppe i skogen d\u00e4r Bosse planterat en hel del olika tr\u00e4dslag. Mest l\u00e4rk, runt 5-6 olika typer av l\u00e4rk. Hybrid, Sibirisk, Japansk och n\u00e5gon mer sort fr\u00e5n Tjeckien. Samt n\u00e5gra tallar fr\u00e5n Balkan och n\u00e5gra Sibiriska silvergranar. Vi rev h\u00e4gnet i h\u00f6stas och idag r\u00f6jde...","og_url":"https:\/\/blogg.atl.nu\/det-grona-guldet\/2021\/03\/22\/vi-rojer-i-fore-detta-hagnet\/","og_site_name":"Det gr\u00f6na guldet","article_published_time":"2021-03-22T18:46:39+00:00","og_image":[{"url":"https:\/\/blogg.atl.nu\/det-grona-guldet\/wp-content\/uploads\/sites\/38\/2021\/03\/20210322_102919_01.jpg"}],"author":"perjonasson","twitter_card":"summary_large_image","twitter_misc":{"Skriven av":"perjonasson","Ber\u00e4knad l\u00e4stid":"4 minuter"},"schema":{"@context":"https:\/\/schema.org","@graph":[{"@type":"WebPage","@id":"https:\/\/blogg.atl.nu\/det-grona-guldet\/2021\/03\/22\/vi-rojer-i-fore-detta-hagnet\/","url":"https:\/\/blogg.atl.nu\/det-grona-guldet\/2021\/03\/22\/vi-rojer-i-fore-detta-hagnet\/","name":"Vi r\u00f6jer i f\u00f6re detta h\u00e4gnet - Det gr\u00f6na guldet","isPartOf":{"@id":"https:\/\/blogg.atl.nu\/det-grona-guldet\/#website"},"datePublished":"2021-03-22T18:46:39+00:00","dateModified":"2021-03-22T18:46:39+00:00","author":{"@id":"https:\/\/blogg.atl.nu\/det-grona-guldet\/#\/schema\/person\/287702eafc70c00d00ddd6052f82103c"},"breadcrumb":{"@id":"https:\/\/blogg.atl.nu\/det-grona-guldet\/2021\/03\/22\/vi-rojer-i-fore-detta-hagnet\/#breadcrumb"},"inLanguage":"sv-SE","potentialAction":[{"@type":"ReadAction","target":["https:\/\/blogg.atl.nu\/det-grona-guldet\/2021\/03\/22\/vi-rojer-i-fore-detta-hagnet\/"]}]},{"@type":"BreadcrumbList","@id":"https:\/\/blogg.atl.nu\/det-grona-guldet\/2021\/03\/22\/vi-rojer-i-fore-detta-hagnet\/#breadcrumb","itemListElement":[{"@type":"ListItem","position":1,"name":"Home","item":"https:\/\/blogg.atl.nu\/det-grona-guldet\/"},{"@type":"ListItem","position":2,"name":"Vi r\u00f6jer i f\u00f6re detta h\u00e4gnet"}]},{"@type":"WebSite","@id":"https:\/\/blogg.atl.nu\/det-grona-guldet\/#website","url":"https:\/\/blogg.atl.nu\/det-grona-guldet\/","name":"Det gr\u00f6na guldet","description":"Per Jonasson","potentialAction":[{"@type":"SearchAction","target":{"@type":"EntryPoint","urlTemplate":"https:\/\/blogg.atl.nu\/det-grona-guldet\/?s={search_term_string}"},"query-input":"required name=search_term_string"}],"inLanguage":"sv-SE"},{"@type":"Person","@id":"https:\/\/blogg.atl.nu\/det-grona-guldet\/#\/schema\/person\/287702eafc70c00d00ddd6052f82103c","name":"perjonasson","image":{"@type":"ImageObject","inLanguage":"sv-SE","@id":"https:\/\/blogg.atl.nu\/det-grona-guldet\/#\/schema\/person\/image\/","url":"https:\/\/secure.gravatar.com\/avatar\/cb1f6adf68537abe8b5ad3acda4c0b63?s=96&d=mm&r=g","contentUrl":"https:\/\/secure.gravatar.com\/avatar\/cb1f6adf68537abe8b5ad3acda4c0b63?s=96&d=mm&r=g","caption":"perjonasson"},"url":"https:\/\/blogg.atl.nu\/det-grona-guldet\/author\/perjonasson\/"}]}},"_links":{"self":[{"href":"https:\/\/blogg.atl.nu\/det-grona-guldet\/wp-json\/wp\/v2\/posts\/2561"}],"collection":[{"href":"https:\/\/blogg.atl.nu\/det-grona-guldet\/wp-json\/wp\/v2\/posts"}],"about":[{"href":"https:\/\/blogg.atl.nu\/det-grona-guldet\/wp-json\/wp\/v2\/types\/post"}],"author":[{"embeddable":true,"href":"https:\/\/blogg.atl.nu\/det-grona-guldet\/wp-json\/wp\/v2\/users\/358"}],"replies":[{"embeddable":true,"href":"https:\/\/blogg.atl.nu\/det-grona-guldet\/wp-json\/wp\/v2\/comments?post=2561"}],"version-history":[{"count":7,"href":"https:\/\/blogg.atl.nu\/det-grona-guldet\/wp-json\/wp\/v2\/posts\/2561\/revisions"}],"predecessor-version":[{"id":2568,"href":"https:\/\/blogg.atl.nu\/det-grona-guldet\/wp-json\/wp\/v2\/posts\/2561\/revisions\/2568"}],"wp:attachment":[{"href":"https:\/\/blogg.atl.nu\/det-grona-guldet\/wp-json\/wp\/v2\/media?parent=2561"}],"wp:term":[{"taxonomy":"category","embeddable":true,"href":"https:\/\/blogg.atl.nu\/det-grona-guldet\/wp-json\/wp\/v2\/categories?post=2561"},{"taxonomy":"post_tag","embeddable":true,"href":"https:\/\/blogg.atl.nu\/det-grona-guldet\/wp-json\/wp\/v2\/tags?post=2561"}],"curies":[{"name":"wp","href":"https:\/\/api.w.org\/{rel}","templated":true}]}}