{"id":2576,"date":"2021-03-23T18:56:49","date_gmt":"2021-03-23T17:56:49","guid":{"rendered":"https:\/\/blogg.atl.nu\/det-grona-guldet\/?p=2576"},"modified":"2021-03-23T18:57:31","modified_gmt":"2021-03-23T17:57:31","slug":"2576","status":"publish","type":"post","link":"https:\/\/blogg.atl.nu\/det-grona-guldet\/2021\/03\/23\/2576\/","title":{"rendered":"Vi sparar grangrupper i v\u00e5ra f\u00f6ryngringar"},"content":{"rendered":"<p>Innan vi g\u00f6r en slutavverkning s\u00e5 ser vi alltid om det finns n\u00e5gra grangrupper att spara. Och det g\u00f6r det ju oftast. Jag t\u00e4nker p\u00e5 de h\u00e4r mindre granarna som \u00e4r sj\u00e4lvs\u00e5dda och som man ser kommer upp i luckor. De kan vara allt fr\u00e5n ett par decimeter till ett par meter h\u00f6ga, oftast 3-6 dm h\u00f6ga. N\u00e4r vi hittar de h\u00e4r grupperna s\u00e5 brukar vi banda dem och rita in dem p\u00e5 en karta som vi ger till sk\u00f6rdarf\u00f6raren. N\u00e5gon g\u00e5ng s\u00e5 har vi till och med lagt in dem i v\u00e5r digitala skogsbruksplan och gett sk\u00f6rdarf\u00f6raren en user ID och l\u00f6sen s\u00e5 har han loggat in och kunna se var grupperna befinner sig, vi har gjort ett eget traktdirektiv kan man s\u00e4ga. Men oftast s\u00e5 r\u00e4cker en karta och n\u00e5gra snitslar s\u00e5 klarar sig granarna fint.<\/p>\n<p><a href=\"https:\/\/blogg.atl.nu\/det-grona-guldet\/20210323_083246\/\"><img loading=\"lazy\" class=\"alignnone size-full wp-image-2570\" src=\"https:\/\/blogg.atl.nu\/det-grona-guldet\/wp-content\/uploads\/sites\/38\/2021\/03\/20210323_083246.jpg\" alt=\"\" width=\"847\" height=\"635\" srcset=\"https:\/\/blogg.atl.nu\/det-grona-guldet\/wp-content\/uploads\/sites\/38\/2021\/03\/20210323_083246.jpg 847w, https:\/\/blogg.atl.nu\/det-grona-guldet\/wp-content\/uploads\/sites\/38\/2021\/03\/20210323_083246-300x225.jpg 300w, https:\/\/blogg.atl.nu\/det-grona-guldet\/wp-content\/uploads\/sites\/38\/2021\/03\/20210323_083246-768x576.jpg 768w\" sizes=\"(max-width: 847px) 100vw, 847px\" \/><\/a> <a href=\"https:\/\/blogg.atl.nu\/det-grona-guldet\/20210323_083504\/\"><img loading=\"lazy\" class=\"alignnone size-full wp-image-2571\" src=\"https:\/\/blogg.atl.nu\/det-grona-guldet\/wp-content\/uploads\/sites\/38\/2021\/03\/20210323_083504.jpg\" alt=\"\" width=\"847\" height=\"635\" srcset=\"https:\/\/blogg.atl.nu\/det-grona-guldet\/wp-content\/uploads\/sites\/38\/2021\/03\/20210323_083504.jpg 847w, https:\/\/blogg.atl.nu\/det-grona-guldet\/wp-content\/uploads\/sites\/38\/2021\/03\/20210323_083504-300x225.jpg 300w, https:\/\/blogg.atl.nu\/det-grona-guldet\/wp-content\/uploads\/sites\/38\/2021\/03\/20210323_083504-768x576.jpg 768w\" sizes=\"(max-width: 847px) 100vw, 847px\" \/><\/a><\/p>\n<p>F\u00f6rsta \u00e5ret n\u00e4r de pl\u00f6tsligt f\u00e5r en massa solljus p\u00e5 sig kan de se lite bleka ut men sedan s\u00e5 repar de sig och de h\u00e4r p\u00e5 bilderna \u00e4r fr\u00e5n ett hygge vi tog f\u00f6r fyra \u00e5r sedan och som ni ser s\u00e5 \u00e4r granarna riktigt fina. Idag r\u00f6jde jag bland de h\u00e4r granarna och glesade ur lite grand. Som ni ser s\u00e5 st\u00e5r de lite v\u00e4l t\u00e4tt.<\/p>\n<p><a href=\"https:\/\/blogg.atl.nu\/det-grona-guldet\/20210323_083521\/\"><img loading=\"lazy\" class=\"alignnone size-full wp-image-2572\" src=\"https:\/\/blogg.atl.nu\/det-grona-guldet\/wp-content\/uploads\/sites\/38\/2021\/03\/20210323_083521.jpg\" alt=\"\" width=\"847\" height=\"635\" srcset=\"https:\/\/blogg.atl.nu\/det-grona-guldet\/wp-content\/uploads\/sites\/38\/2021\/03\/20210323_083521.jpg 847w, https:\/\/blogg.atl.nu\/det-grona-guldet\/wp-content\/uploads\/sites\/38\/2021\/03\/20210323_083521-300x225.jpg 300w, https:\/\/blogg.atl.nu\/det-grona-guldet\/wp-content\/uploads\/sites\/38\/2021\/03\/20210323_083521-768x576.jpg 768w\" sizes=\"(max-width: 847px) 100vw, 847px\" \/><\/a><\/p>\n<p>P\u00e5 de h\u00e4r hygget hade vi ca 15 grupper av de h\u00e4r sm\u00e5granarna, vilket var fler \u00e4n vad jag trodde. Jag r\u00f6jde igenom grupperna och s\u00e5g till att de fick lite mera utrymme.<\/p>\n<p><a href=\"https:\/\/blogg.atl.nu\/det-grona-guldet\/20210323_083731\/\"><img loading=\"lazy\" class=\"alignnone size-full wp-image-2573\" src=\"https:\/\/blogg.atl.nu\/det-grona-guldet\/wp-content\/uploads\/sites\/38\/2021\/03\/20210323_083731.jpg\" alt=\"\" width=\"847\" height=\"635\" srcset=\"https:\/\/blogg.atl.nu\/det-grona-guldet\/wp-content\/uploads\/sites\/38\/2021\/03\/20210323_083731.jpg 847w, https:\/\/blogg.atl.nu\/det-grona-guldet\/wp-content\/uploads\/sites\/38\/2021\/03\/20210323_083731-300x225.jpg 300w, https:\/\/blogg.atl.nu\/det-grona-guldet\/wp-content\/uploads\/sites\/38\/2021\/03\/20210323_083731-768x576.jpg 768w\" sizes=\"(max-width: 847px) 100vw, 847px\" \/><\/a><\/p>\n<p>Det h\u00e4r \u00e4r ett enkelt s\u00e4tt att f\u00e5 ett trevligare hygge och f\u00e5 en rivstart p\u00e5 den nya skogen. Det skapar ocks\u00e5 en variation i den uppv\u00e4xande skogen som \u00e4r trevlig. Har ni inte redan provat det h\u00e4r s\u00e5 kan jag rekommendera er att testa n\u00e4sta g\u00e5ng.<\/p>\n<p><a href=\"https:\/\/blogg.atl.nu\/det-grona-guldet\/20210323_083736\/\"><img loading=\"lazy\" class=\"alignnone size-full wp-image-2574\" src=\"https:\/\/blogg.atl.nu\/det-grona-guldet\/wp-content\/uploads\/sites\/38\/2021\/03\/20210323_083736.jpg\" alt=\"\" width=\"847\" height=\"635\" srcset=\"https:\/\/blogg.atl.nu\/det-grona-guldet\/wp-content\/uploads\/sites\/38\/2021\/03\/20210323_083736.jpg 847w, https:\/\/blogg.atl.nu\/det-grona-guldet\/wp-content\/uploads\/sites\/38\/2021\/03\/20210323_083736-300x225.jpg 300w, https:\/\/blogg.atl.nu\/det-grona-guldet\/wp-content\/uploads\/sites\/38\/2021\/03\/20210323_083736-768x576.jpg 768w\" sizes=\"(max-width: 847px) 100vw, 847px\" \/><\/a> <a href=\"https:\/\/blogg.atl.nu\/det-grona-guldet\/20210323_084404\/\"><img loading=\"lazy\" class=\"alignnone size-full wp-image-2575\" src=\"https:\/\/blogg.atl.nu\/det-grona-guldet\/wp-content\/uploads\/sites\/38\/2021\/03\/20210323_084404.jpg\" alt=\"\" width=\"847\" height=\"635\" srcset=\"https:\/\/blogg.atl.nu\/det-grona-guldet\/wp-content\/uploads\/sites\/38\/2021\/03\/20210323_084404.jpg 847w, https:\/\/blogg.atl.nu\/det-grona-guldet\/wp-content\/uploads\/sites\/38\/2021\/03\/20210323_084404-300x225.jpg 300w, https:\/\/blogg.atl.nu\/det-grona-guldet\/wp-content\/uploads\/sites\/38\/2021\/03\/20210323_084404-768x576.jpg 768w\" sizes=\"(max-width: 847px) 100vw, 847px\" \/><\/a><\/p>\n<p>En del av granarna kan vara lite sneda och ha en del skador, det f\u00e5r man vara observant p\u00e5. Man vill ju g\u00e4rna spara de fina. Jag r\u00e4knar med att vi f\u00e5r r\u00f6ja de h\u00e4r grupperna ett par g\u00e5nger till, nu tog jag bort s\u00e5 det blev en knapp halvmeter mellan dem. Fortfarande t\u00e4tt men betydligt luftigare \u00e4n innan.<\/p>\n","protected":false},"excerpt":{"rendered":"<p>Innan vi g\u00f6r en slutavverkning s\u00e5 ser vi alltid om det finns n\u00e5gra grangrupper att spara. Och det g\u00f6r det ju oftast. Jag t\u00e4nker p\u00e5 de h\u00e4r mindre granarna som \u00e4r sj\u00e4lvs\u00e5dda och som man ser kommer upp i luckor. De kan vara allt fr\u00e5n ett par decimeter till ett par meter h\u00f6ga, oftast 3-6&#8230;<\/p>\n","protected":false},"author":358,"featured_media":2569,"comment_status":"open","ping_status":"open","sticky":false,"template":"","format":"standard","meta":[],"categories":[1],"tags":[],"yoast_head":"<!-- This site is optimized with the Yoast SEO plugin v19.6 - https:\/\/yoast.com\/wordpress\/plugins\/seo\/ -->\n<title>Vi sparar grangrupper i v\u00e5ra f\u00f6ryngringar - Det gr\u00f6na guldet<\/title>\n<meta name=\"robots\" content=\"index, follow, max-snippet:-1, max-image-preview:large, max-video-preview:-1\" \/>\n<link rel=\"canonical\" href=\"https:\/\/blogg.atl.nu\/det-grona-guldet\/2021\/03\/23\/2576\/\" \/>\n<meta property=\"og:locale\" content=\"sv_SE\" \/>\n<meta property=\"og:type\" content=\"article\" \/>\n<meta property=\"og:title\" content=\"Vi sparar grangrupper i v\u00e5ra f\u00f6ryngringar - Det gr\u00f6na guldet\" \/>\n<meta property=\"og:description\" content=\"Innan vi g\u00f6r en slutavverkning s\u00e5 ser vi alltid om det finns n\u00e5gra grangrupper att spara. Och det g\u00f6r det ju oftast. Jag t\u00e4nker p\u00e5 de h\u00e4r mindre granarna som \u00e4r sj\u00e4lvs\u00e5dda och som man ser kommer upp i luckor. De kan vara allt fr\u00e5n ett par decimeter till ett par meter h\u00f6ga, oftast 3-6...\" \/>\n<meta property=\"og:url\" content=\"https:\/\/blogg.atl.nu\/det-grona-guldet\/2021\/03\/23\/2576\/\" \/>\n<meta property=\"og:site_name\" content=\"Det gr\u00f6na guldet\" \/>\n<meta property=\"article:published_time\" content=\"2021-03-23T17:56:49+00:00\" \/>\n<meta property=\"article:modified_time\" content=\"2021-03-23T17:57:31+00:00\" \/>\n<meta property=\"og:image\" content=\"https:\/\/blogg.atl.nu\/det-grona-guldet\/wp-content\/uploads\/sites\/38\/2021\/03\/20210323_083230.jpg\" \/>\n\t<meta property=\"og:image:width\" content=\"847\" \/>\n\t<meta property=\"og:image:height\" content=\"635\" \/>\n\t<meta property=\"og:image:type\" content=\"image\/jpeg\" \/>\n<meta name=\"author\" content=\"perjonasson\" \/>\n<meta name=\"twitter:card\" content=\"summary_large_image\" \/>\n<meta name=\"twitter:label1\" content=\"Skriven av\" \/>\n\t<meta name=\"twitter:data1\" content=\"perjonasson\" \/>\n\t<meta name=\"twitter:label2\" content=\"Ber\u00e4knad l\u00e4stid\" \/>\n\t<meta name=\"twitter:data2\" content=\"2 minuter\" \/>\n<script type=\"application\/ld+json\" class=\"yoast-schema-graph\">{\"@context\":\"https:\/\/schema.org\",\"@graph\":[{\"@type\":\"WebPage\",\"@id\":\"https:\/\/blogg.atl.nu\/det-grona-guldet\/2021\/03\/23\/2576\/\",\"url\":\"https:\/\/blogg.atl.nu\/det-grona-guldet\/2021\/03\/23\/2576\/\",\"name\":\"Vi sparar grangrupper i v\u00e5ra f\u00f6ryngringar - Det gr\u00f6na guldet\",\"isPartOf\":{\"@id\":\"https:\/\/blogg.atl.nu\/det-grona-guldet\/#website\"},\"datePublished\":\"2021-03-23T17:56:49+00:00\",\"dateModified\":\"2021-03-23T17:57:31+00:00\",\"author\":{\"@id\":\"https:\/\/blogg.atl.nu\/det-grona-guldet\/#\/schema\/person\/287702eafc70c00d00ddd6052f82103c\"},\"breadcrumb\":{\"@id\":\"https:\/\/blogg.atl.nu\/det-grona-guldet\/2021\/03\/23\/2576\/#breadcrumb\"},\"inLanguage\":\"sv-SE\",\"potentialAction\":[{\"@type\":\"ReadAction\",\"target\":[\"https:\/\/blogg.atl.nu\/det-grona-guldet\/2021\/03\/23\/2576\/\"]}]},{\"@type\":\"BreadcrumbList\",\"@id\":\"https:\/\/blogg.atl.nu\/det-grona-guldet\/2021\/03\/23\/2576\/#breadcrumb\",\"itemListElement\":[{\"@type\":\"ListItem\",\"position\":1,\"name\":\"Home\",\"item\":\"https:\/\/blogg.atl.nu\/det-grona-guldet\/\"},{\"@type\":\"ListItem\",\"position\":2,\"name\":\"Vi sparar grangrupper i v\u00e5ra f\u00f6ryngringar\"}]},{\"@type\":\"WebSite\",\"@id\":\"https:\/\/blogg.atl.nu\/det-grona-guldet\/#website\",\"url\":\"https:\/\/blogg.atl.nu\/det-grona-guldet\/\",\"name\":\"Det gr\u00f6na guldet\",\"description\":\"Per Jonasson\",\"potentialAction\":[{\"@type\":\"SearchAction\",\"target\":{\"@type\":\"EntryPoint\",\"urlTemplate\":\"https:\/\/blogg.atl.nu\/det-grona-guldet\/?s={search_term_string}\"},\"query-input\":\"required name=search_term_string\"}],\"inLanguage\":\"sv-SE\"},{\"@type\":\"Person\",\"@id\":\"https:\/\/blogg.atl.nu\/det-grona-guldet\/#\/schema\/person\/287702eafc70c00d00ddd6052f82103c\",\"name\":\"perjonasson\",\"image\":{\"@type\":\"ImageObject\",\"inLanguage\":\"sv-SE\",\"@id\":\"https:\/\/blogg.atl.nu\/det-grona-guldet\/#\/schema\/person\/image\/\",\"url\":\"https:\/\/secure.gravatar.com\/avatar\/cb1f6adf68537abe8b5ad3acda4c0b63?s=96&d=mm&r=g\",\"contentUrl\":\"https:\/\/secure.gravatar.com\/avatar\/cb1f6adf68537abe8b5ad3acda4c0b63?s=96&d=mm&r=g\",\"caption\":\"perjonasson\"},\"url\":\"https:\/\/blogg.atl.nu\/det-grona-guldet\/author\/perjonasson\/\"}]}<\/script>\n<!-- \/ Yoast SEO plugin. -->","yoast_head_json":{"title":"Vi sparar grangrupper i v\u00e5ra f\u00f6ryngringar - Det gr\u00f6na guldet","robots":{"index":"index","follow":"follow","max-snippet":"max-snippet:-1","max-image-preview":"max-image-preview:large","max-video-preview":"max-video-preview:-1"},"canonical":"https:\/\/blogg.atl.nu\/det-grona-guldet\/2021\/03\/23\/2576\/","og_locale":"sv_SE","og_type":"article","og_title":"Vi sparar grangrupper i v\u00e5ra f\u00f6ryngringar - Det gr\u00f6na guldet","og_description":"Innan vi g\u00f6r en slutavverkning s\u00e5 ser vi alltid om det finns n\u00e5gra grangrupper att spara. Och det g\u00f6r det ju oftast. Jag t\u00e4nker p\u00e5 de h\u00e4r mindre granarna som \u00e4r sj\u00e4lvs\u00e5dda och som man ser kommer upp i luckor. De kan vara allt fr\u00e5n ett par decimeter till ett par meter h\u00f6ga, oftast 3-6...","og_url":"https:\/\/blogg.atl.nu\/det-grona-guldet\/2021\/03\/23\/2576\/","og_site_name":"Det gr\u00f6na guldet","article_published_time":"2021-03-23T17:56:49+00:00","article_modified_time":"2021-03-23T17:57:31+00:00","og_image":[{"width":847,"height":635,"url":"https:\/\/blogg.atl.nu\/det-grona-guldet\/wp-content\/uploads\/sites\/38\/2021\/03\/20210323_083230.jpg","type":"image\/jpeg"}],"author":"perjonasson","twitter_card":"summary_large_image","twitter_misc":{"Skriven av":"perjonasson","Ber\u00e4knad l\u00e4stid":"2 minuter"},"schema":{"@context":"https:\/\/schema.org","@graph":[{"@type":"WebPage","@id":"https:\/\/blogg.atl.nu\/det-grona-guldet\/2021\/03\/23\/2576\/","url":"https:\/\/blogg.atl.nu\/det-grona-guldet\/2021\/03\/23\/2576\/","name":"Vi sparar grangrupper i v\u00e5ra f\u00f6ryngringar - Det gr\u00f6na guldet","isPartOf":{"@id":"https:\/\/blogg.atl.nu\/det-grona-guldet\/#website"},"datePublished":"2021-03-23T17:56:49+00:00","dateModified":"2021-03-23T17:57:31+00:00","author":{"@id":"https:\/\/blogg.atl.nu\/det-grona-guldet\/#\/schema\/person\/287702eafc70c00d00ddd6052f82103c"},"breadcrumb":{"@id":"https:\/\/blogg.atl.nu\/det-grona-guldet\/2021\/03\/23\/2576\/#breadcrumb"},"inLanguage":"sv-SE","potentialAction":[{"@type":"ReadAction","target":["https:\/\/blogg.atl.nu\/det-grona-guldet\/2021\/03\/23\/2576\/"]}]},{"@type":"BreadcrumbList","@id":"https:\/\/blogg.atl.nu\/det-grona-guldet\/2021\/03\/23\/2576\/#breadcrumb","itemListElement":[{"@type":"ListItem","position":1,"name":"Home","item":"https:\/\/blogg.atl.nu\/det-grona-guldet\/"},{"@type":"ListItem","position":2,"name":"Vi sparar grangrupper i v\u00e5ra f\u00f6ryngringar"}]},{"@type":"WebSite","@id":"https:\/\/blogg.atl.nu\/det-grona-guldet\/#website","url":"https:\/\/blogg.atl.nu\/det-grona-guldet\/","name":"Det gr\u00f6na guldet","description":"Per Jonasson","potentialAction":[{"@type":"SearchAction","target":{"@type":"EntryPoint","urlTemplate":"https:\/\/blogg.atl.nu\/det-grona-guldet\/?s={search_term_string}"},"query-input":"required name=search_term_string"}],"inLanguage":"sv-SE"},{"@type":"Person","@id":"https:\/\/blogg.atl.nu\/det-grona-guldet\/#\/schema\/person\/287702eafc70c00d00ddd6052f82103c","name":"perjonasson","image":{"@type":"ImageObject","inLanguage":"sv-SE","@id":"https:\/\/blogg.atl.nu\/det-grona-guldet\/#\/schema\/person\/image\/","url":"https:\/\/secure.gravatar.com\/avatar\/cb1f6adf68537abe8b5ad3acda4c0b63?s=96&d=mm&r=g","contentUrl":"https:\/\/secure.gravatar.com\/avatar\/cb1f6adf68537abe8b5ad3acda4c0b63?s=96&d=mm&r=g","caption":"perjonasson"},"url":"https:\/\/blogg.atl.nu\/det-grona-guldet\/author\/perjonasson\/"}]}},"_links":{"self":[{"href":"https:\/\/blogg.atl.nu\/det-grona-guldet\/wp-json\/wp\/v2\/posts\/2576"}],"collection":[{"href":"https:\/\/blogg.atl.nu\/det-grona-guldet\/wp-json\/wp\/v2\/posts"}],"about":[{"href":"https:\/\/blogg.atl.nu\/det-grona-guldet\/wp-json\/wp\/v2\/types\/post"}],"author":[{"embeddable":true,"href":"https:\/\/blogg.atl.nu\/det-grona-guldet\/wp-json\/wp\/v2\/users\/358"}],"replies":[{"embeddable":true,"href":"https:\/\/blogg.atl.nu\/det-grona-guldet\/wp-json\/wp\/v2\/comments?post=2576"}],"version-history":[{"count":5,"href":"https:\/\/blogg.atl.nu\/det-grona-guldet\/wp-json\/wp\/v2\/posts\/2576\/revisions"}],"predecessor-version":[{"id":2581,"href":"https:\/\/blogg.atl.nu\/det-grona-guldet\/wp-json\/wp\/v2\/posts\/2576\/revisions\/2581"}],"wp:featuredmedia":[{"embeddable":true,"href":"https:\/\/blogg.atl.nu\/det-grona-guldet\/wp-json\/wp\/v2\/media\/2569"}],"wp:attachment":[{"href":"https:\/\/blogg.atl.nu\/det-grona-guldet\/wp-json\/wp\/v2\/media?parent=2576"}],"wp:term":[{"taxonomy":"category","embeddable":true,"href":"https:\/\/blogg.atl.nu\/det-grona-guldet\/wp-json\/wp\/v2\/categories?post=2576"},{"taxonomy":"post_tag","embeddable":true,"href":"https:\/\/blogg.atl.nu\/det-grona-guldet\/wp-json\/wp\/v2\/tags?post=2576"}],"curies":[{"name":"wp","href":"https:\/\/api.w.org\/{rel}","templated":true}]}}