{"id":2656,"date":"2021-04-16T13:18:26","date_gmt":"2021-04-16T11:18:26","guid":{"rendered":"https:\/\/blogg.atl.nu\/det-grona-guldet\/?p=2656"},"modified":"2021-04-16T13:18:26","modified_gmt":"2021-04-16T11:18:26","slug":"i-vantan-pa-sadd","status":"publish","type":"post","link":"https:\/\/blogg.atl.nu\/det-grona-guldet\/2021\/04\/16\/i-vantan-pa-sadd\/","title":{"rendered":"I v\u00e4ntan p\u00e5 s\u00e5dd"},"content":{"rendered":"<p>Vi ligger i startgroparna f\u00f6r att dra ig\u00e5ng \u00e5rets beskogning men det ser ut som vi f\u00e5r v\u00e4nta lite. Vi hade planerat att b\u00f6rja n\u00e4sta vecka men det kom ju en del sn\u00f6 r\u00e4tt nyligen och det \u00e4r fortfarande kallt och bl\u00f6tt i skogen s\u00e5 vi f\u00e5r lugna oss lite. N\u00e4r ska man b\u00f6rja s\u00e5, \u00e4r en fr\u00e5ga som dyker upp i bland och h\u00e4romdagen intervjuade jag Ulfstand Wennstr\u00f6m, som \u00e4r forskare p\u00e5 Skogforsk. Han forskar inom s\u00e5dd och skogsf\u00f6r\u00e4dling. S\u00e5 h\u00e4r sa han n\u00e4r vi pratade tidpunkt f\u00f6r s\u00e5dd p\u00e5 v\u00e5ren:<\/p>\n<!--[if lt IE 9]><script>document.createElement('audio');<\/script><![endif]-->\n<audio class=\"wp-audio-shortcode\" id=\"audio-2656-1\" preload=\"none\" style=\"width: 100%;\" controls=\"controls\"><source type=\"audio\/mpeg\" src=\"https:\/\/blogg.atl.nu\/det-grona-guldet\/wp-content\/uploads\/sites\/38\/2021\/04\/Ulfstand-om-nar-man-ska-sa.mp3?_=1\" \/><a href=\"https:\/\/blogg.atl.nu\/det-grona-guldet\/wp-content\/uploads\/sites\/38\/2021\/04\/Ulfstand-om-nar-man-ska-sa.mp3\">https:\/\/blogg.atl.nu\/det-grona-guldet\/wp-content\/uploads\/sites\/38\/2021\/04\/Ulfstand-om-nar-man-ska-sa.mp3<\/a><\/audio>\n<p>Hela intervjun, som jag tycker var mycket intressant, kommer i n\u00e4sta Skogspodd i slutet p\u00e5 april. Ulfstand \u00e4r en av de f\u00e5 som forskar om s\u00e5dd i Sverige s\u00e5 \u00e4r man intresserad av \u00e4mnet s\u00e5 kan det vara intressant att lyssna p\u00e5 den.<\/p>\n<p>Jag har ju h\u00e5llit p\u00e5 med en r\u00f6jning som jag skrivit om n\u00e5gra g\u00e5nger h\u00e4r p\u00e5 bloggen och den blev jag klar med f\u00f6rra veckan. Sk\u00f6nt att kunna bocka av den i skogsbruksplanen. Best\u00e5ndet ser i huvudsak bra ut, l\u00e4ngst i norr var det tyv\u00e4rr r\u00e4tt lite tall men den fanns n\u00e5gra stycken.<\/p>\n<p><a href=\"https:\/\/blogg.atl.nu\/det-grona-guldet\/20210407_152651\/\"><img loading=\"lazy\" class=\"alignnone size-full wp-image-2654\" src=\"https:\/\/blogg.atl.nu\/det-grona-guldet\/wp-content\/uploads\/sites\/38\/2021\/04\/20210407_152651.jpg\" alt=\"\" width=\"927\" height=\"696\" srcset=\"https:\/\/blogg.atl.nu\/det-grona-guldet\/wp-content\/uploads\/sites\/38\/2021\/04\/20210407_152651.jpg 927w, https:\/\/blogg.atl.nu\/det-grona-guldet\/wp-content\/uploads\/sites\/38\/2021\/04\/20210407_152651-300x225.jpg 300w, https:\/\/blogg.atl.nu\/det-grona-guldet\/wp-content\/uploads\/sites\/38\/2021\/04\/20210407_152651-768x577.jpg 768w\" sizes=\"(max-width: 927px) 100vw, 927px\" \/><\/a> <a href=\"https:\/\/blogg.atl.nu\/det-grona-guldet\/20210407_152641\/\"><img loading=\"lazy\" class=\"alignnone size-full wp-image-2653\" src=\"https:\/\/blogg.atl.nu\/det-grona-guldet\/wp-content\/uploads\/sites\/38\/2021\/04\/20210407_152641.jpg\" alt=\"\" width=\"927\" height=\"696\" srcset=\"https:\/\/blogg.atl.nu\/det-grona-guldet\/wp-content\/uploads\/sites\/38\/2021\/04\/20210407_152641.jpg 927w, https:\/\/blogg.atl.nu\/det-grona-guldet\/wp-content\/uploads\/sites\/38\/2021\/04\/20210407_152641-300x225.jpg 300w, https:\/\/blogg.atl.nu\/det-grona-guldet\/wp-content\/uploads\/sites\/38\/2021\/04\/20210407_152641-768x577.jpg 768w\" sizes=\"(max-width: 927px) 100vw, 927px\" \/><\/a> <a href=\"https:\/\/blogg.atl.nu\/det-grona-guldet\/20210406_123038\/\"><img loading=\"lazy\" class=\"alignnone size-full wp-image-2646\" src=\"https:\/\/blogg.atl.nu\/det-grona-guldet\/wp-content\/uploads\/sites\/38\/2021\/04\/20210406_123038.jpg\" alt=\"\" width=\"927\" height=\"696\" srcset=\"https:\/\/blogg.atl.nu\/det-grona-guldet\/wp-content\/uploads\/sites\/38\/2021\/04\/20210406_123038.jpg 927w, https:\/\/blogg.atl.nu\/det-grona-guldet\/wp-content\/uploads\/sites\/38\/2021\/04\/20210406_123038-300x225.jpg 300w, https:\/\/blogg.atl.nu\/det-grona-guldet\/wp-content\/uploads\/sites\/38\/2021\/04\/20210406_123038-768x577.jpg 768w\" sizes=\"(max-width: 927px) 100vw, 927px\" \/><\/a> <a href=\"https:\/\/blogg.atl.nu\/det-grona-guldet\/20210406_122124\/\"><img loading=\"lazy\" class=\"alignnone size-full wp-image-2645\" src=\"https:\/\/blogg.atl.nu\/det-grona-guldet\/wp-content\/uploads\/sites\/38\/2021\/04\/20210406_122124.jpg\" alt=\"\" width=\"927\" height=\"696\" srcset=\"https:\/\/blogg.atl.nu\/det-grona-guldet\/wp-content\/uploads\/sites\/38\/2021\/04\/20210406_122124.jpg 927w, https:\/\/blogg.atl.nu\/det-grona-guldet\/wp-content\/uploads\/sites\/38\/2021\/04\/20210406_122124-300x225.jpg 300w, https:\/\/blogg.atl.nu\/det-grona-guldet\/wp-content\/uploads\/sites\/38\/2021\/04\/20210406_122124-768x577.jpg 768w\" sizes=\"(max-width: 927px) 100vw, 927px\" \/><\/a><\/p>\n<p>Det \u00e4r en fin plats, man har en vid utsikt. Man ser r\u00f6ken fr\u00e5n BillerudKorsn\u00e4s anl\u00e4ggningar i Fr\u00f6vi och Rockhammar bland annat. Till Fr\u00f6vi \u00e4r det \u00f6ver 30 km, s\u00e5 det \u00e4r en bit.<\/p>\n<p><a href=\"https:\/\/blogg.atl.nu\/det-grona-guldet\/20210406_141829\/\"><img loading=\"lazy\" class=\"alignnone size-full wp-image-2647\" src=\"https:\/\/blogg.atl.nu\/det-grona-guldet\/wp-content\/uploads\/sites\/38\/2021\/04\/20210406_141829.jpg\" alt=\"\" width=\"927\" height=\"696\" srcset=\"https:\/\/blogg.atl.nu\/det-grona-guldet\/wp-content\/uploads\/sites\/38\/2021\/04\/20210406_141829.jpg 927w, https:\/\/blogg.atl.nu\/det-grona-guldet\/wp-content\/uploads\/sites\/38\/2021\/04\/20210406_141829-300x225.jpg 300w, https:\/\/blogg.atl.nu\/det-grona-guldet\/wp-content\/uploads\/sites\/38\/2021\/04\/20210406_141829-768x577.jpg 768w\" sizes=\"(max-width: 927px) 100vw, 927px\" \/><\/a><\/p>\n<p>N\u00e4r man g\u00e5r d\u00e4ruppe och ser all skog s\u00e5 inser man vad mycket skog det finns i Sverige. Det k\u00e4nns v\u00e4ldigt l\u00e5ngt ifr\u00e5n de beskrivningar av nul\u00e4get som en del i milj\u00f6r\u00f6relsen och DN \u00e4gnar sig \u00e5t n\u00e4r de pratar om monokulturer och tr\u00e4d\u00e5krar. Visst finns det ocks\u00e5 men det mesta av skogen som \u00e5tminstone jag ser \u00e4r v\u00e4ldigt varierande och det \u00e4r tack vare att vi har 320 000 privata skogs\u00e4gare som sk\u00f6ter sin skog p\u00e5 sitt s\u00e4tt som skapar variation och biologisk m\u00e5ngfald. T\u00e4nk om vi bara hade en \u00e4gare som sk\u00f6tte all skog p\u00e5 samma s\u00e4tt, d\u00e5 tror jag att risken f\u00f6r problem skulle vara \u00f6verh\u00e4ngande.<\/p>\n<p>Platsen med utsikten \u00e4r s\u00e5 pass vacker att n\u00e4r vi skulle fotograferas f\u00f6r en skogstidning s\u00e5 tog vi med fotografen dit upp.<\/p>\n<p><a href=\"https:\/\/blogg.atl.nu\/det-grona-guldet\/20210407_090922\/\"><img loading=\"lazy\" class=\"alignnone size-full wp-image-2649\" src=\"https:\/\/blogg.atl.nu\/det-grona-guldet\/wp-content\/uploads\/sites\/38\/2021\/04\/20210407_090922.jpg\" alt=\"\" width=\"927\" height=\"696\" srcset=\"https:\/\/blogg.atl.nu\/det-grona-guldet\/wp-content\/uploads\/sites\/38\/2021\/04\/20210407_090922.jpg 927w, https:\/\/blogg.atl.nu\/det-grona-guldet\/wp-content\/uploads\/sites\/38\/2021\/04\/20210407_090922-300x225.jpg 300w, https:\/\/blogg.atl.nu\/det-grona-guldet\/wp-content\/uploads\/sites\/38\/2021\/04\/20210407_090922-768x577.jpg 768w\" sizes=\"(max-width: 927px) 100vw, 927px\" \/><\/a><\/p>\n<p>Vi har ocks\u00e5 f\u00e5tt hj\u00e4lp av Ove att snygga till en v\u00e4g som vi ska anv\u00e4nda vid den kommande beskogningen. Den hade farit lite illa n\u00e4r vi avverkade men nu blir den fin igen.<\/p>\n<p><a href=\"https:\/\/blogg.atl.nu\/det-grona-guldet\/20210407_113446\/\"><img loading=\"lazy\" class=\"alignnone size-full wp-image-2651\" src=\"https:\/\/blogg.atl.nu\/det-grona-guldet\/wp-content\/uploads\/sites\/38\/2021\/04\/20210407_113446.jpg\" alt=\"\" width=\"927\" height=\"696\" srcset=\"https:\/\/blogg.atl.nu\/det-grona-guldet\/wp-content\/uploads\/sites\/38\/2021\/04\/20210407_113446.jpg 927w, https:\/\/blogg.atl.nu\/det-grona-guldet\/wp-content\/uploads\/sites\/38\/2021\/04\/20210407_113446-300x225.jpg 300w, https:\/\/blogg.atl.nu\/det-grona-guldet\/wp-content\/uploads\/sites\/38\/2021\/04\/20210407_113446-768x577.jpg 768w\" sizes=\"(max-width: 927px) 100vw, 927px\" \/><\/a><\/p>\n<p><a href=\"https:\/\/blogg.atl.nu\/det-grona-guldet\/20210407_114311\/\"><img loading=\"lazy\" class=\"alignnone size-full wp-image-2652\" src=\"https:\/\/blogg.atl.nu\/det-grona-guldet\/wp-content\/uploads\/sites\/38\/2021\/04\/20210407_114311.jpg\" alt=\"\" width=\"927\" height=\"696\" srcset=\"https:\/\/blogg.atl.nu\/det-grona-guldet\/wp-content\/uploads\/sites\/38\/2021\/04\/20210407_114311.jpg 927w, https:\/\/blogg.atl.nu\/det-grona-guldet\/wp-content\/uploads\/sites\/38\/2021\/04\/20210407_114311-300x225.jpg 300w, https:\/\/blogg.atl.nu\/det-grona-guldet\/wp-content\/uploads\/sites\/38\/2021\/04\/20210407_114311-768x577.jpg 768w\" sizes=\"(max-width: 927px) 100vw, 927px\" \/><\/a><\/p>\n<p>Alltid kul att tr\u00e4ffa Ove i skogen, han har alltid n\u00e5gra kul skogshistorier som han delar med sig av. Duktig med gr\u00e4vmaskinen \u00e4r han ocks\u00e5, en tillg\u00e5ng att k\u00e4nna honom. Liksom m\u00e5nga andra i n\u00e4rheten, s\u00e5som Alf och Gunnar, som har hj\u00e4lpt oss med en del vindf\u00e4llen. Suver\u00e4nt att ha skogsgrannar som hj\u00e4lper varandra!<\/p>\n<p><a href=\"https:\/\/blogg.atl.nu\/det-grona-guldet\/20210407_110326\/\"><img loading=\"lazy\" class=\"alignnone size-full wp-image-2650\" src=\"https:\/\/blogg.atl.nu\/det-grona-guldet\/wp-content\/uploads\/sites\/38\/2021\/04\/20210407_110326.jpg\" alt=\"\" width=\"927\" height=\"696\" srcset=\"https:\/\/blogg.atl.nu\/det-grona-guldet\/wp-content\/uploads\/sites\/38\/2021\/04\/20210407_110326.jpg 927w, https:\/\/blogg.atl.nu\/det-grona-guldet\/wp-content\/uploads\/sites\/38\/2021\/04\/20210407_110326-300x225.jpg 300w, https:\/\/blogg.atl.nu\/det-grona-guldet\/wp-content\/uploads\/sites\/38\/2021\/04\/20210407_110326-768x577.jpg 768w\" sizes=\"(max-width: 927px) 100vw, 927px\" \/><\/a><\/p>\n","protected":false},"excerpt":{"rendered":"<p>Vi ligger i startgroparna f\u00f6r att dra ig\u00e5ng \u00e5rets beskogning men det ser ut som vi f\u00e5r v\u00e4nta lite. Vi hade planerat att b\u00f6rja n\u00e4sta vecka men det kom ju en del sn\u00f6 r\u00e4tt nyligen och det \u00e4r fortfarande kallt och bl\u00f6tt i skogen s\u00e5 vi f\u00e5r lugna oss lite. N\u00e4r ska man b\u00f6rja s\u00e5,&#8230;<\/p>\n","protected":false},"author":358,"featured_media":0,"comment_status":"open","ping_status":"open","sticky":false,"template":"","format":"standard","meta":[],"categories":[1],"tags":[53,6,124],"yoast_head":"<!-- This site is optimized with the Yoast SEO plugin v19.6 - https:\/\/yoast.com\/wordpress\/plugins\/seo\/ -->\n<title>I v\u00e4ntan p\u00e5 s\u00e5dd - Det gr\u00f6na guldet<\/title>\n<meta name=\"robots\" content=\"index, follow, max-snippet:-1, max-image-preview:large, max-video-preview:-1\" \/>\n<link rel=\"canonical\" href=\"https:\/\/blogg.atl.nu\/det-grona-guldet\/2021\/04\/16\/i-vantan-pa-sadd\/\" \/>\n<meta property=\"og:locale\" content=\"sv_SE\" \/>\n<meta property=\"og:type\" content=\"article\" \/>\n<meta property=\"og:title\" content=\"I v\u00e4ntan p\u00e5 s\u00e5dd - Det gr\u00f6na guldet\" \/>\n<meta property=\"og:description\" content=\"Vi ligger i startgroparna f\u00f6r att dra ig\u00e5ng \u00e5rets beskogning men det ser ut som vi f\u00e5r v\u00e4nta lite. Vi hade planerat att b\u00f6rja n\u00e4sta vecka men det kom ju en del sn\u00f6 r\u00e4tt nyligen och det \u00e4r fortfarande kallt och bl\u00f6tt i skogen s\u00e5 vi f\u00e5r lugna oss lite. N\u00e4r ska man b\u00f6rja s\u00e5,...\" \/>\n<meta property=\"og:url\" content=\"https:\/\/blogg.atl.nu\/det-grona-guldet\/2021\/04\/16\/i-vantan-pa-sadd\/\" \/>\n<meta property=\"og:site_name\" content=\"Det gr\u00f6na guldet\" \/>\n<meta property=\"article:published_time\" content=\"2021-04-16T11:18:26+00:00\" \/>\n<meta property=\"og:image\" content=\"https:\/\/blogg.atl.nu\/det-grona-guldet\/wp-content\/uploads\/sites\/38\/2021\/04\/20210407_152651.jpg\" \/>\n<meta name=\"author\" content=\"perjonasson\" \/>\n<meta name=\"twitter:card\" content=\"summary_large_image\" \/>\n<meta name=\"twitter:label1\" content=\"Skriven av\" \/>\n\t<meta name=\"twitter:data1\" content=\"perjonasson\" \/>\n\t<meta name=\"twitter:label2\" content=\"Ber\u00e4knad l\u00e4stid\" \/>\n\t<meta name=\"twitter:data2\" content=\"3 minuter\" \/>\n<script type=\"application\/ld+json\" class=\"yoast-schema-graph\">{\"@context\":\"https:\/\/schema.org\",\"@graph\":[{\"@type\":\"WebPage\",\"@id\":\"https:\/\/blogg.atl.nu\/det-grona-guldet\/2021\/04\/16\/i-vantan-pa-sadd\/\",\"url\":\"https:\/\/blogg.atl.nu\/det-grona-guldet\/2021\/04\/16\/i-vantan-pa-sadd\/\",\"name\":\"I v\u00e4ntan p\u00e5 s\u00e5dd - Det gr\u00f6na guldet\",\"isPartOf\":{\"@id\":\"https:\/\/blogg.atl.nu\/det-grona-guldet\/#website\"},\"datePublished\":\"2021-04-16T11:18:26+00:00\",\"dateModified\":\"2021-04-16T11:18:26+00:00\",\"author\":{\"@id\":\"https:\/\/blogg.atl.nu\/det-grona-guldet\/#\/schema\/person\/287702eafc70c00d00ddd6052f82103c\"},\"breadcrumb\":{\"@id\":\"https:\/\/blogg.atl.nu\/det-grona-guldet\/2021\/04\/16\/i-vantan-pa-sadd\/#breadcrumb\"},\"inLanguage\":\"sv-SE\",\"potentialAction\":[{\"@type\":\"ReadAction\",\"target\":[\"https:\/\/blogg.atl.nu\/det-grona-guldet\/2021\/04\/16\/i-vantan-pa-sadd\/\"]}]},{\"@type\":\"BreadcrumbList\",\"@id\":\"https:\/\/blogg.atl.nu\/det-grona-guldet\/2021\/04\/16\/i-vantan-pa-sadd\/#breadcrumb\",\"itemListElement\":[{\"@type\":\"ListItem\",\"position\":1,\"name\":\"Home\",\"item\":\"https:\/\/blogg.atl.nu\/det-grona-guldet\/\"},{\"@type\":\"ListItem\",\"position\":2,\"name\":\"I v\u00e4ntan p\u00e5 s\u00e5dd\"}]},{\"@type\":\"WebSite\",\"@id\":\"https:\/\/blogg.atl.nu\/det-grona-guldet\/#website\",\"url\":\"https:\/\/blogg.atl.nu\/det-grona-guldet\/\",\"name\":\"Det gr\u00f6na guldet\",\"description\":\"Per Jonasson\",\"potentialAction\":[{\"@type\":\"SearchAction\",\"target\":{\"@type\":\"EntryPoint\",\"urlTemplate\":\"https:\/\/blogg.atl.nu\/det-grona-guldet\/?s={search_term_string}\"},\"query-input\":\"required name=search_term_string\"}],\"inLanguage\":\"sv-SE\"},{\"@type\":\"Person\",\"@id\":\"https:\/\/blogg.atl.nu\/det-grona-guldet\/#\/schema\/person\/287702eafc70c00d00ddd6052f82103c\",\"name\":\"perjonasson\",\"image\":{\"@type\":\"ImageObject\",\"inLanguage\":\"sv-SE\",\"@id\":\"https:\/\/blogg.atl.nu\/det-grona-guldet\/#\/schema\/person\/image\/\",\"url\":\"https:\/\/secure.gravatar.com\/avatar\/cb1f6adf68537abe8b5ad3acda4c0b63?s=96&d=mm&r=g\",\"contentUrl\":\"https:\/\/secure.gravatar.com\/avatar\/cb1f6adf68537abe8b5ad3acda4c0b63?s=96&d=mm&r=g\",\"caption\":\"perjonasson\"},\"url\":\"https:\/\/blogg.atl.nu\/det-grona-guldet\/author\/perjonasson\/\"}]}<\/script>\n<!-- \/ Yoast SEO plugin. -->","yoast_head_json":{"title":"I v\u00e4ntan p\u00e5 s\u00e5dd - Det gr\u00f6na guldet","robots":{"index":"index","follow":"follow","max-snippet":"max-snippet:-1","max-image-preview":"max-image-preview:large","max-video-preview":"max-video-preview:-1"},"canonical":"https:\/\/blogg.atl.nu\/det-grona-guldet\/2021\/04\/16\/i-vantan-pa-sadd\/","og_locale":"sv_SE","og_type":"article","og_title":"I v\u00e4ntan p\u00e5 s\u00e5dd - Det gr\u00f6na guldet","og_description":"Vi ligger i startgroparna f\u00f6r att dra ig\u00e5ng \u00e5rets beskogning men det ser ut som vi f\u00e5r v\u00e4nta lite. Vi hade planerat att b\u00f6rja n\u00e4sta vecka men det kom ju en del sn\u00f6 r\u00e4tt nyligen och det \u00e4r fortfarande kallt och bl\u00f6tt i skogen s\u00e5 vi f\u00e5r lugna oss lite. N\u00e4r ska man b\u00f6rja s\u00e5,...","og_url":"https:\/\/blogg.atl.nu\/det-grona-guldet\/2021\/04\/16\/i-vantan-pa-sadd\/","og_site_name":"Det gr\u00f6na guldet","article_published_time":"2021-04-16T11:18:26+00:00","og_image":[{"url":"https:\/\/blogg.atl.nu\/det-grona-guldet\/wp-content\/uploads\/sites\/38\/2021\/04\/20210407_152651.jpg"}],"author":"perjonasson","twitter_card":"summary_large_image","twitter_misc":{"Skriven av":"perjonasson","Ber\u00e4knad l\u00e4stid":"3 minuter"},"schema":{"@context":"https:\/\/schema.org","@graph":[{"@type":"WebPage","@id":"https:\/\/blogg.atl.nu\/det-grona-guldet\/2021\/04\/16\/i-vantan-pa-sadd\/","url":"https:\/\/blogg.atl.nu\/det-grona-guldet\/2021\/04\/16\/i-vantan-pa-sadd\/","name":"I v\u00e4ntan p\u00e5 s\u00e5dd - Det gr\u00f6na guldet","isPartOf":{"@id":"https:\/\/blogg.atl.nu\/det-grona-guldet\/#website"},"datePublished":"2021-04-16T11:18:26+00:00","dateModified":"2021-04-16T11:18:26+00:00","author":{"@id":"https:\/\/blogg.atl.nu\/det-grona-guldet\/#\/schema\/person\/287702eafc70c00d00ddd6052f82103c"},"breadcrumb":{"@id":"https:\/\/blogg.atl.nu\/det-grona-guldet\/2021\/04\/16\/i-vantan-pa-sadd\/#breadcrumb"},"inLanguage":"sv-SE","potentialAction":[{"@type":"ReadAction","target":["https:\/\/blogg.atl.nu\/det-grona-guldet\/2021\/04\/16\/i-vantan-pa-sadd\/"]}]},{"@type":"BreadcrumbList","@id":"https:\/\/blogg.atl.nu\/det-grona-guldet\/2021\/04\/16\/i-vantan-pa-sadd\/#breadcrumb","itemListElement":[{"@type":"ListItem","position":1,"name":"Home","item":"https:\/\/blogg.atl.nu\/det-grona-guldet\/"},{"@type":"ListItem","position":2,"name":"I v\u00e4ntan p\u00e5 s\u00e5dd"}]},{"@type":"WebSite","@id":"https:\/\/blogg.atl.nu\/det-grona-guldet\/#website","url":"https:\/\/blogg.atl.nu\/det-grona-guldet\/","name":"Det gr\u00f6na guldet","description":"Per Jonasson","potentialAction":[{"@type":"SearchAction","target":{"@type":"EntryPoint","urlTemplate":"https:\/\/blogg.atl.nu\/det-grona-guldet\/?s={search_term_string}"},"query-input":"required name=search_term_string"}],"inLanguage":"sv-SE"},{"@type":"Person","@id":"https:\/\/blogg.atl.nu\/det-grona-guldet\/#\/schema\/person\/287702eafc70c00d00ddd6052f82103c","name":"perjonasson","image":{"@type":"ImageObject","inLanguage":"sv-SE","@id":"https:\/\/blogg.atl.nu\/det-grona-guldet\/#\/schema\/person\/image\/","url":"https:\/\/secure.gravatar.com\/avatar\/cb1f6adf68537abe8b5ad3acda4c0b63?s=96&d=mm&r=g","contentUrl":"https:\/\/secure.gravatar.com\/avatar\/cb1f6adf68537abe8b5ad3acda4c0b63?s=96&d=mm&r=g","caption":"perjonasson"},"url":"https:\/\/blogg.atl.nu\/det-grona-guldet\/author\/perjonasson\/"}]}},"_links":{"self":[{"href":"https:\/\/blogg.atl.nu\/det-grona-guldet\/wp-json\/wp\/v2\/posts\/2656"}],"collection":[{"href":"https:\/\/blogg.atl.nu\/det-grona-guldet\/wp-json\/wp\/v2\/posts"}],"about":[{"href":"https:\/\/blogg.atl.nu\/det-grona-guldet\/wp-json\/wp\/v2\/types\/post"}],"author":[{"embeddable":true,"href":"https:\/\/blogg.atl.nu\/det-grona-guldet\/wp-json\/wp\/v2\/users\/358"}],"replies":[{"embeddable":true,"href":"https:\/\/blogg.atl.nu\/det-grona-guldet\/wp-json\/wp\/v2\/comments?post=2656"}],"version-history":[{"count":3,"href":"https:\/\/blogg.atl.nu\/det-grona-guldet\/wp-json\/wp\/v2\/posts\/2656\/revisions"}],"predecessor-version":[{"id":2660,"href":"https:\/\/blogg.atl.nu\/det-grona-guldet\/wp-json\/wp\/v2\/posts\/2656\/revisions\/2660"}],"wp:attachment":[{"href":"https:\/\/blogg.atl.nu\/det-grona-guldet\/wp-json\/wp\/v2\/media?parent=2656"}],"wp:term":[{"taxonomy":"category","embeddable":true,"href":"https:\/\/blogg.atl.nu\/det-grona-guldet\/wp-json\/wp\/v2\/categories?post=2656"},{"taxonomy":"post_tag","embeddable":true,"href":"https:\/\/blogg.atl.nu\/det-grona-guldet\/wp-json\/wp\/v2\/tags?post=2656"}],"curies":[{"name":"wp","href":"https:\/\/api.w.org\/{rel}","templated":true}]}}