{"id":333,"date":"2019-12-20T10:07:20","date_gmt":"2019-12-20T09:07:20","guid":{"rendered":"http:\/\/blogg.atl.nu\/det-grona-guldet\/?p=333"},"modified":"2020-01-28T20:31:00","modified_gmt":"2020-01-28T19:31:00","slug":"min-far-och-jag-ar-med-pa-listan","status":"publish","type":"post","link":"https:\/\/blogg.atl.nu\/det-grona-guldet\/2019\/12\/20\/min-far-och-jag-ar-med-pa-listan\/","title":{"rendered":"Min far och jag &#8211; \u00e4r med p\u00e5 listan"},"content":{"rendered":"<p>Skogspodden \u00e4r med p\u00e5 \u00e5rets 50-lista som Land Lantbruk\u200b s\u00e4tter ihop \u00f6ver de som gjort st\u00f6rst avtryck inom de gr\u00f6na n\u00e4ringarna 2019. Det h\u00e4r var kul och ov\u00e4ntat! Det f\u00e5r mig att reflektera \u00f6ver de senaste 4 \u00e5ren.<\/p>\n<p>Jag har f\u00e5tt uppleva s\u00e5 m\u00e5nga utvecklande, stimulerande och roliga saker sedan jag slutade p\u00e5 Ericsson v\u00e5ren 2016. Jag slutade f\u00f6r att l\u00e4ra mig skogsbruk av min far, Bo. Han \u00e4r f\u00f6dd 1933, blev J\u00e4gm\u00e4stare 1959 och har jobbat med och i skogen hela sitt liv. Jag hade tillr\u00e4ckligt med kunskap f\u00f6r att inse att han har den unika blandning av teoretiska studier, praktisk erfarenhet och ett engagement inom skogen som gr\u00e4nsar till besatthet.<span>\u00a0Jag vill p\u00e5st\u00e5 att han \u00e4r ett unikum, p\u00e5 ett positivt s\u00e4tt. Vetgirig, provar nytt, reser och lyssnar p\u00e5 hur andra g\u00f6r. Utvecklar egna metoder som han dokumenterar och f\u00f6ljer upp. Han \u00e4r en f\u00f6rebild och om jag inte tar tillvara p\u00e5 den kunskapen och f\u00f6r den vidare \u00e4r jag korkad. <\/span><\/p>\n<p><span>S\u00e5 jag b\u00f6rjade l\u00e4sa kurser p\u00e5 Linn\u00e9universitetet (tillsammans med min fru) parallellt med mitt jobb f\u00f6r att sedan ta tj\u00e4nstledigt och n\u00e4r ett erbjudande d\u00f6k upp en halv\u00e5r senare s\u00e5 slutade jag helt och h\u00e5llet p\u00e5 Ericsson. Sedan dess har jag jobbat med min far i skogen (han \u00e4r 86 \u00e5r men jobbar fortfarande aktivt, bl a med motors\u00e5g n\u00e4r det \u00e4r l\u00e4mpligt) och l\u00e4rt mig mycket av honom, men ocks\u00e5 fr\u00e5n andra personer.\u00a0<\/span><\/p>\n<p>Jag har, sedan v\u00e5ren 2016 n\u00e4r jag bytte bana, f\u00e5tt uppleva massor.<br \/>\nBl a f\u00e5tt pris av ur Kungens hand.<\/p>\n<figure id=\"attachment_341\" aria-describedby=\"caption-attachment-341\" style=\"width: 687px\" class=\"wp-caption alignnone\"><img loading=\"lazy\" class=\"size-full wp-image-341\" src=\"http:\/\/blogg.atl.nu\/det-grona-guldet\/wp-content\/uploads\/sites\/38\/2019\/12\/p-Jonasson-B-Jonasson-HMK-kopia.jpg\" alt=\"\" width=\"687\" height=\"458\" srcset=\"https:\/\/blogg.atl.nu\/det-grona-guldet\/wp-content\/uploads\/sites\/38\/2019\/12\/p-Jonasson-B-Jonasson-HMK-kopia.jpg 687w, https:\/\/blogg.atl.nu\/det-grona-guldet\/wp-content\/uploads\/sites\/38\/2019\/12\/p-Jonasson-B-Jonasson-HMK-kopia-300x200.jpg 300w\" sizes=\"(max-width: 687px) 100vw, 687px\" \/><figcaption id=\"caption-attachment-341\" class=\"wp-caption-text\"><em>Bioekonomiskt forum 2018<\/em><\/figcaption><\/figure>\n<p>Intervjuat och l\u00e4rt k\u00e4nna otroligt duktiga forskare och andra verksamma inom den skogliga verksamheten, bl a M\u00e4rtha Wallgren, Mats Nylinder, Herman Sundqvist, Sandra Frank, Bj\u00f6rn Ferry, Marie Larsson-Stern, Ola Andersson, \u00c5sa Ek, Mats Bygge, Annette Eilert, Katrin Magnusson, Annika Felton, Urban Nilsson, Tomas Lundmark &amp; Torgny N\u00e4sholm och m\u00e5nga fler. Jag h\u00e4pnar n\u00e4stan n\u00e4r jag skriver alla namn, dels f\u00f6r att det \u00e4r s\u00e5 otroligt kompetenta och karismatiska m\u00e4nniskor jag har haft f\u00f6rm\u00e5nen att intervjua och l\u00e4ra k\u00e4nna, dels att det \u00e4r s\u00e5 m\u00e5nga, m\u00e5nga fler \u00e4n jag tar upp h\u00e4r. Och jag tror att ingen har avb\u00f6jt att bli intervjuad!<\/p>\n<figure id=\"attachment_340\" aria-describedby=\"caption-attachment-340\" style=\"width: 693px\" class=\"wp-caption alignnone\"><img loading=\"lazy\" class=\"size-full wp-image-340\" src=\"http:\/\/blogg.atl.nu\/det-grona-guldet\/wp-content\/uploads\/sites\/38\/2019\/12\/IMG_2164.jpg\" alt=\"\" width=\"693\" height=\"866\" srcset=\"https:\/\/blogg.atl.nu\/det-grona-guldet\/wp-content\/uploads\/sites\/38\/2019\/12\/IMG_2164.jpg 693w, https:\/\/blogg.atl.nu\/det-grona-guldet\/wp-content\/uploads\/sites\/38\/2019\/12\/IMG_2164-240x300.jpg 240w\" sizes=\"(max-width: 693px) 100vw, 693px\" \/><figcaption id=\"caption-attachment-340\" class=\"wp-caption-text\"><em>Bj\u00f6rn Ferry, en karismatisk och engagerad skogsbrukare<\/em><\/figcaption><\/figure>\n<p>Vidare har jag och Bo arrangerat tv\u00e5 stycken exkursioner (en i Sm\u00e5land och en i Bergslagen), d\u00e4r det kommit massor av engagerade skogsbrukare f\u00f6r att utbyta tankar och id\u00e9er inom privat skogsbruk, vi har presenterat v\u00e5rt skogsbruk f\u00f6r kunder p\u00e5 SEB, Handelsbanken och p\u00e5 Linn\u00e9universitetet.\u00a0 Vi har ocks\u00e5 blivit inbjudna att delta p\u00e5 SkogsElmia, d\u00e4r vi intervjuat och tr\u00e4ffat massor av trevliga och driftiga skogsm\u00e4nniskor och p\u00e5 F\u00f6reningen Skogens H\u00f6stexkursion har vi medverkat och poddat fr\u00e5n tre g\u00e5nger, och vi har blivit intervjuade av ett antal tidningar och medverkat i Klotet i P1.<\/p>\n<figure id=\"attachment_339\" aria-describedby=\"caption-attachment-339\" style=\"width: 697px\" class=\"wp-caption alignnone\"><img loading=\"lazy\" class=\"size-full wp-image-339\" src=\"http:\/\/blogg.atl.nu\/det-grona-guldet\/wp-content\/uploads\/sites\/38\/2019\/12\/20190919_135030.jpg\" alt=\"\" width=\"697\" height=\"523\" srcset=\"https:\/\/blogg.atl.nu\/det-grona-guldet\/wp-content\/uploads\/sites\/38\/2019\/12\/20190919_135030.jpg 697w, https:\/\/blogg.atl.nu\/det-grona-guldet\/wp-content\/uploads\/sites\/38\/2019\/12\/20190919_135030-300x225.jpg 300w\" sizes=\"(max-width: 697px) 100vw, 697px\" \/><figcaption id=\"caption-attachment-339\" class=\"wp-caption-text\"><em>Urban Nilsson, Annika Felton och Bosse. Annika och Urban \u00e4r skarpa forskare p\u00e5 SLU<\/em><\/figcaption><\/figure>\n<p>Men kanske det allra starkaste upplevelserna under den h\u00e4r tiden \u00e4r all positiv respons fr\u00e5n v\u00e5ra lyssnare. Vi f\u00e5r v\u00e4ldigt mycket mail och meddelande via andra kanaler och i princip alla \u00e4r s\u00e5 fantastiskt positiva till podden och \u00f6ser ber\u00f6m \u00f6ver oss, vilket \u00e4r fantastiskt roligt. Det \u00e4r det som ger oss energi att forts\u00e4tta. H\u00e4romdagen fick jag ett mail fr\u00e5n en r\u00e4tt stor skogs\u00e4gare, som lever p\u00e5 sitt skogsbruk. Han skrev att tycker podden \u00e4r toppen och att han lyssnat p\u00e5 alla avsnitt minst fem g\u00e5nger. Ett annat trevligt exempel som v\u00e4rmer ens hj\u00e4rta \u00e4r en person jag tr\u00e4ffade f\u00f6r en tid sedan (han jobbar i skogsbranschen) och han ber\u00e4ttade att n\u00e4r Skogspodden kommer ut brukar han f\u00f6ljande l\u00f6rdag sl\u00e5 sig ned i sin sk\u00f6naste f\u00e5t\u00f6lj hemma, h\u00e4lla upp en kall \u00f6l till sig och lyssna in det senaste avsnittet av Skogspodden. Jag ser det h\u00e4r framf\u00f6r mig och ler varje g\u00e5ng jag t\u00e4nker p\u00e5 det. Tack alla lyssnare!<\/p>\n<p>Vi kommer att forts\u00e4tta n\u00e4tverka och sprida v\u00e5ra id\u00e9er om privat skogsbruk via poddar, filmer, bloggar och presentationer \u00e4ven under 2020.<br \/>\nTack till alla som f\u00f6ljer och lyssnar p\u00e5 oss och ger oss feedback, kommentarer och delar med sig av sina kunskaper. Inget g\u00f6r oss gladare \u00e4n n\u00e4r vi h\u00f6r hur n\u00e5gon har provat n\u00e5got de h\u00f6rt i podden och lyckats. Speciellt s\u00e5dd av tall mellan planterade granar f\u00e5r vi ofta positiv feedback p\u00e5 och det \u00e4r alltid mycket gl\u00e4djande!<\/p>\n","protected":false},"excerpt":{"rendered":"<p>Skogspodden \u00e4r med p\u00e5 \u00e5rets 50-lista som Land Lantbruk\u200b s\u00e4tter ihop \u00f6ver de som gjort st\u00f6rst avtryck inom de gr\u00f6na n\u00e4ringarna 2019. Det h\u00e4r var kul och ov\u00e4ntat! Det f\u00e5r mig att reflektera \u00f6ver de senaste 4 \u00e5ren. Jag har f\u00e5tt uppleva s\u00e5 m\u00e5nga utvecklande, stimulerande och roliga saker sedan jag slutade p\u00e5 Ericsson v\u00e5ren&#8230;<\/p>\n","protected":false},"author":358,"featured_media":336,"comment_status":"open","ping_status":"open","sticky":false,"template":"","format":"standard","meta":[],"categories":[1],"tags":[18],"yoast_head":"<!-- This site is optimized with the Yoast SEO plugin v19.6 - https:\/\/yoast.com\/wordpress\/plugins\/seo\/ -->\n<title>Min far och jag - \u00e4r med p\u00e5 listan - Det gr\u00f6na guldet<\/title>\n<meta name=\"robots\" content=\"index, follow, max-snippet:-1, max-image-preview:large, max-video-preview:-1\" \/>\n<link rel=\"canonical\" href=\"https:\/\/blogg.atl.nu\/det-grona-guldet\/2019\/12\/20\/min-far-och-jag-ar-med-pa-listan\/\" \/>\n<meta property=\"og:locale\" content=\"sv_SE\" \/>\n<meta property=\"og:type\" content=\"article\" \/>\n<meta property=\"og:title\" content=\"Min far och jag - \u00e4r med p\u00e5 listan - Det gr\u00f6na guldet\" \/>\n<meta property=\"og:description\" content=\"Skogspodden \u00e4r med p\u00e5 \u00e5rets 50-lista som Land Lantbruk\u200b s\u00e4tter ihop \u00f6ver de som gjort st\u00f6rst avtryck inom de gr\u00f6na n\u00e4ringarna 2019. Det h\u00e4r var kul och ov\u00e4ntat! Det f\u00e5r mig att reflektera \u00f6ver de senaste 4 \u00e5ren. Jag har f\u00e5tt uppleva s\u00e5 m\u00e5nga utvecklande, stimulerande och roliga saker sedan jag slutade p\u00e5 Ericsson v\u00e5ren...\" \/>\n<meta property=\"og:url\" content=\"https:\/\/blogg.atl.nu\/det-grona-guldet\/2019\/12\/20\/min-far-och-jag-ar-med-pa-listan\/\" \/>\n<meta property=\"og:site_name\" content=\"Det gr\u00f6na guldet\" \/>\n<meta property=\"article:published_time\" content=\"2019-12-20T09:07:20+00:00\" \/>\n<meta property=\"article:modified_time\" content=\"2020-01-28T19:31:00+00:00\" \/>\n<meta property=\"og:image\" content=\"https:\/\/blogg.atl.nu\/det-grona-guldet\/wp-content\/uploads\/sites\/38\/2019\/12\/50lisan2.jpg\" \/>\n\t<meta property=\"og:image:width\" content=\"621\" \/>\n\t<meta property=\"og:image:height\" content=\"595\" \/>\n\t<meta property=\"og:image:type\" content=\"image\/jpeg\" \/>\n<meta name=\"author\" content=\"perjonasson\" \/>\n<meta name=\"twitter:card\" content=\"summary_large_image\" \/>\n<meta name=\"twitter:label1\" content=\"Skriven av\" \/>\n\t<meta name=\"twitter:data1\" content=\"perjonasson\" \/>\n\t<meta name=\"twitter:label2\" content=\"Ber\u00e4knad l\u00e4stid\" \/>\n\t<meta name=\"twitter:data2\" content=\"4 minuter\" \/>\n<script type=\"application\/ld+json\" class=\"yoast-schema-graph\">{\"@context\":\"https:\/\/schema.org\",\"@graph\":[{\"@type\":\"WebPage\",\"@id\":\"https:\/\/blogg.atl.nu\/det-grona-guldet\/2019\/12\/20\/min-far-och-jag-ar-med-pa-listan\/\",\"url\":\"https:\/\/blogg.atl.nu\/det-grona-guldet\/2019\/12\/20\/min-far-och-jag-ar-med-pa-listan\/\",\"name\":\"Min far och jag - \u00e4r med p\u00e5 listan - Det gr\u00f6na guldet\",\"isPartOf\":{\"@id\":\"https:\/\/blogg.atl.nu\/det-grona-guldet\/#website\"},\"datePublished\":\"2019-12-20T09:07:20+00:00\",\"dateModified\":\"2020-01-28T19:31:00+00:00\",\"author\":{\"@id\":\"https:\/\/blogg.atl.nu\/det-grona-guldet\/#\/schema\/person\/287702eafc70c00d00ddd6052f82103c\"},\"breadcrumb\":{\"@id\":\"https:\/\/blogg.atl.nu\/det-grona-guldet\/2019\/12\/20\/min-far-och-jag-ar-med-pa-listan\/#breadcrumb\"},\"inLanguage\":\"sv-SE\",\"potentialAction\":[{\"@type\":\"ReadAction\",\"target\":[\"https:\/\/blogg.atl.nu\/det-grona-guldet\/2019\/12\/20\/min-far-och-jag-ar-med-pa-listan\/\"]}]},{\"@type\":\"BreadcrumbList\",\"@id\":\"https:\/\/blogg.atl.nu\/det-grona-guldet\/2019\/12\/20\/min-far-och-jag-ar-med-pa-listan\/#breadcrumb\",\"itemListElement\":[{\"@type\":\"ListItem\",\"position\":1,\"name\":\"Home\",\"item\":\"https:\/\/blogg.atl.nu\/det-grona-guldet\/\"},{\"@type\":\"ListItem\",\"position\":2,\"name\":\"Min far och jag &#8211; \u00e4r med p\u00e5 listan\"}]},{\"@type\":\"WebSite\",\"@id\":\"https:\/\/blogg.atl.nu\/det-grona-guldet\/#website\",\"url\":\"https:\/\/blogg.atl.nu\/det-grona-guldet\/\",\"name\":\"Det gr\u00f6na guldet\",\"description\":\"Per Jonasson\",\"potentialAction\":[{\"@type\":\"SearchAction\",\"target\":{\"@type\":\"EntryPoint\",\"urlTemplate\":\"https:\/\/blogg.atl.nu\/det-grona-guldet\/?s={search_term_string}\"},\"query-input\":\"required name=search_term_string\"}],\"inLanguage\":\"sv-SE\"},{\"@type\":\"Person\",\"@id\":\"https:\/\/blogg.atl.nu\/det-grona-guldet\/#\/schema\/person\/287702eafc70c00d00ddd6052f82103c\",\"name\":\"perjonasson\",\"image\":{\"@type\":\"ImageObject\",\"inLanguage\":\"sv-SE\",\"@id\":\"https:\/\/blogg.atl.nu\/det-grona-guldet\/#\/schema\/person\/image\/\",\"url\":\"https:\/\/secure.gravatar.com\/avatar\/cb1f6adf68537abe8b5ad3acda4c0b63?s=96&d=mm&r=g\",\"contentUrl\":\"https:\/\/secure.gravatar.com\/avatar\/cb1f6adf68537abe8b5ad3acda4c0b63?s=96&d=mm&r=g\",\"caption\":\"perjonasson\"},\"url\":\"https:\/\/blogg.atl.nu\/det-grona-guldet\/author\/perjonasson\/\"}]}<\/script>\n<!-- \/ Yoast SEO plugin. -->","yoast_head_json":{"title":"Min far och jag - \u00e4r med p\u00e5 listan - Det gr\u00f6na guldet","robots":{"index":"index","follow":"follow","max-snippet":"max-snippet:-1","max-image-preview":"max-image-preview:large","max-video-preview":"max-video-preview:-1"},"canonical":"https:\/\/blogg.atl.nu\/det-grona-guldet\/2019\/12\/20\/min-far-och-jag-ar-med-pa-listan\/","og_locale":"sv_SE","og_type":"article","og_title":"Min far och jag - \u00e4r med p\u00e5 listan - Det gr\u00f6na guldet","og_description":"Skogspodden \u00e4r med p\u00e5 \u00e5rets 50-lista som Land Lantbruk\u200b s\u00e4tter ihop \u00f6ver de som gjort st\u00f6rst avtryck inom de gr\u00f6na n\u00e4ringarna 2019. Det h\u00e4r var kul och ov\u00e4ntat! Det f\u00e5r mig att reflektera \u00f6ver de senaste 4 \u00e5ren. Jag har f\u00e5tt uppleva s\u00e5 m\u00e5nga utvecklande, stimulerande och roliga saker sedan jag slutade p\u00e5 Ericsson v\u00e5ren...","og_url":"https:\/\/blogg.atl.nu\/det-grona-guldet\/2019\/12\/20\/min-far-och-jag-ar-med-pa-listan\/","og_site_name":"Det gr\u00f6na guldet","article_published_time":"2019-12-20T09:07:20+00:00","article_modified_time":"2020-01-28T19:31:00+00:00","og_image":[{"width":621,"height":595,"url":"https:\/\/blogg.atl.nu\/det-grona-guldet\/wp-content\/uploads\/sites\/38\/2019\/12\/50lisan2.jpg","type":"image\/jpeg"}],"author":"perjonasson","twitter_card":"summary_large_image","twitter_misc":{"Skriven av":"perjonasson","Ber\u00e4knad l\u00e4stid":"4 minuter"},"schema":{"@context":"https:\/\/schema.org","@graph":[{"@type":"WebPage","@id":"https:\/\/blogg.atl.nu\/det-grona-guldet\/2019\/12\/20\/min-far-och-jag-ar-med-pa-listan\/","url":"https:\/\/blogg.atl.nu\/det-grona-guldet\/2019\/12\/20\/min-far-och-jag-ar-med-pa-listan\/","name":"Min far och jag - \u00e4r med p\u00e5 listan - Det gr\u00f6na guldet","isPartOf":{"@id":"https:\/\/blogg.atl.nu\/det-grona-guldet\/#website"},"datePublished":"2019-12-20T09:07:20+00:00","dateModified":"2020-01-28T19:31:00+00:00","author":{"@id":"https:\/\/blogg.atl.nu\/det-grona-guldet\/#\/schema\/person\/287702eafc70c00d00ddd6052f82103c"},"breadcrumb":{"@id":"https:\/\/blogg.atl.nu\/det-grona-guldet\/2019\/12\/20\/min-far-och-jag-ar-med-pa-listan\/#breadcrumb"},"inLanguage":"sv-SE","potentialAction":[{"@type":"ReadAction","target":["https:\/\/blogg.atl.nu\/det-grona-guldet\/2019\/12\/20\/min-far-och-jag-ar-med-pa-listan\/"]}]},{"@type":"BreadcrumbList","@id":"https:\/\/blogg.atl.nu\/det-grona-guldet\/2019\/12\/20\/min-far-och-jag-ar-med-pa-listan\/#breadcrumb","itemListElement":[{"@type":"ListItem","position":1,"name":"Home","item":"https:\/\/blogg.atl.nu\/det-grona-guldet\/"},{"@type":"ListItem","position":2,"name":"Min far och jag &#8211; \u00e4r med p\u00e5 listan"}]},{"@type":"WebSite","@id":"https:\/\/blogg.atl.nu\/det-grona-guldet\/#website","url":"https:\/\/blogg.atl.nu\/det-grona-guldet\/","name":"Det gr\u00f6na guldet","description":"Per Jonasson","potentialAction":[{"@type":"SearchAction","target":{"@type":"EntryPoint","urlTemplate":"https:\/\/blogg.atl.nu\/det-grona-guldet\/?s={search_term_string}"},"query-input":"required name=search_term_string"}],"inLanguage":"sv-SE"},{"@type":"Person","@id":"https:\/\/blogg.atl.nu\/det-grona-guldet\/#\/schema\/person\/287702eafc70c00d00ddd6052f82103c","name":"perjonasson","image":{"@type":"ImageObject","inLanguage":"sv-SE","@id":"https:\/\/blogg.atl.nu\/det-grona-guldet\/#\/schema\/person\/image\/","url":"https:\/\/secure.gravatar.com\/avatar\/cb1f6adf68537abe8b5ad3acda4c0b63?s=96&d=mm&r=g","contentUrl":"https:\/\/secure.gravatar.com\/avatar\/cb1f6adf68537abe8b5ad3acda4c0b63?s=96&d=mm&r=g","caption":"perjonasson"},"url":"https:\/\/blogg.atl.nu\/det-grona-guldet\/author\/perjonasson\/"}]}},"_links":{"self":[{"href":"https:\/\/blogg.atl.nu\/det-grona-guldet\/wp-json\/wp\/v2\/posts\/333"}],"collection":[{"href":"https:\/\/blogg.atl.nu\/det-grona-guldet\/wp-json\/wp\/v2\/posts"}],"about":[{"href":"https:\/\/blogg.atl.nu\/det-grona-guldet\/wp-json\/wp\/v2\/types\/post"}],"author":[{"embeddable":true,"href":"https:\/\/blogg.atl.nu\/det-grona-guldet\/wp-json\/wp\/v2\/users\/358"}],"replies":[{"embeddable":true,"href":"https:\/\/blogg.atl.nu\/det-grona-guldet\/wp-json\/wp\/v2\/comments?post=333"}],"version-history":[{"count":18,"href":"https:\/\/blogg.atl.nu\/det-grona-guldet\/wp-json\/wp\/v2\/posts\/333\/revisions"}],"predecessor-version":[{"id":600,"href":"https:\/\/blogg.atl.nu\/det-grona-guldet\/wp-json\/wp\/v2\/posts\/333\/revisions\/600"}],"wp:featuredmedia":[{"embeddable":true,"href":"https:\/\/blogg.atl.nu\/det-grona-guldet\/wp-json\/wp\/v2\/media\/336"}],"wp:attachment":[{"href":"https:\/\/blogg.atl.nu\/det-grona-guldet\/wp-json\/wp\/v2\/media?parent=333"}],"wp:term":[{"taxonomy":"category","embeddable":true,"href":"https:\/\/blogg.atl.nu\/det-grona-guldet\/wp-json\/wp\/v2\/categories?post=333"},{"taxonomy":"post_tag","embeddable":true,"href":"https:\/\/blogg.atl.nu\/det-grona-guldet\/wp-json\/wp\/v2\/tags?post=333"}],"curies":[{"name":"wp","href":"https:\/\/api.w.org\/{rel}","templated":true}]}}