{"id":645,"date":"2020-02-04T19:55:43","date_gmt":"2020-02-04T18:55:43","guid":{"rendered":"https:\/\/blogg.atl.nu\/det-grona-guldet\/?p=645"},"modified":"2020-02-04T19:55:43","modified_gmt":"2020-02-04T18:55:43","slug":"ronja-en-vallhund-i-skotaren","status":"publish","type":"post","link":"https:\/\/blogg.atl.nu\/det-grona-guldet\/2020\/02\/04\/ronja-en-vallhund-i-skotaren\/","title":{"rendered":"Ronja, en vallhund i skotaren"},"content":{"rendered":"<p>Nu \u00e4r vi i Bergslagen igen och vi har \u00e4gnat en del av dagen att g\u00e5 igenom v\u00e5ra gallringar, som f\u00f6r \u00f6vrigt b\u00f6rjar bli klara. 20 hektar blir det och det \u00e4r mycket med v\u00e5ra m\u00e5tt m\u00e4tt. Jag n\u00e4mnde v\u00e4l tidigare att det \u00e4r f\u00f6rsta g\u00e5ngen vi anv\u00e4nder oss av best\u00e5ndsg\u00e5ende sk\u00f6rdare och f\u00f6r v\u00e5ra gallringar vi gjort nu i vinter har det varit perfekt. De mindre maskinerna tillsammans med Claes och Mattias mycket kompetenta och varsamma framfart i skogen (inga skador p\u00e5 varken tr\u00e4d eller mark) g\u00f6r att vi \u00e4r mycket n\u00f6jda. N\u00e4stan allt har vi st\u00e4mplat och sj\u00e4lva st\u00e4mplingen gick ocks\u00e5 smidigt, tack vare att vi inte m\u00e4rkte ut n\u00e5gra v\u00e4gar, s\u00e5 det f\u00e5r bli modellen fram\u00f6ver. Den f\u00f6rsta och andra bilden nedan \u00e4r fr\u00e5n ett best\u00e5nd som min far brukar n\u00e4mna som ett av de finaste p\u00e5 skogen. Tallarna \u00e4r fina och m\u00e5nga \u00e4r stamkvistade. Det ska bli mycket intressant att f\u00f6lja utvecklingen av best\u00e5ndet nu n\u00e4r de fina tallarna f\u00e5r utrymme att v\u00e4xa till sig. N\u00e5gra fler bilder nedan:<\/p>\n<figure id=\"attachment_637\" aria-describedby=\"caption-attachment-637\" style=\"width: 685px\" class=\"wp-caption alignnone\"><img loading=\"lazy\" class=\"size-full wp-image-637\" src=\"https:\/\/blogg.atl.nu\/det-grona-guldet\/wp-content\/uploads\/sites\/38\/2020\/02\/20200204_102536.jpg\" alt=\"\" width=\"685\" height=\"514\" srcset=\"https:\/\/blogg.atl.nu\/det-grona-guldet\/wp-content\/uploads\/sites\/38\/2020\/02\/20200204_102536.jpg 685w, https:\/\/blogg.atl.nu\/det-grona-guldet\/wp-content\/uploads\/sites\/38\/2020\/02\/20200204_102536-300x225.jpg 300w\" sizes=\"(max-width: 685px) 100vw, 685px\" \/><figcaption id=\"caption-attachment-637\" class=\"wp-caption-text\">Bosse framf\u00f6r den gallrade skogen<\/figcaption><\/figure>\n<figure id=\"attachment_636\" aria-describedby=\"caption-attachment-636\" style=\"width: 685px\" class=\"wp-caption alignnone\"><img loading=\"lazy\" class=\"size-full wp-image-636\" src=\"https:\/\/blogg.atl.nu\/det-grona-guldet\/wp-content\/uploads\/sites\/38\/2020\/02\/20200204_102219.jpg\" alt=\"\" width=\"685\" height=\"514\" srcset=\"https:\/\/blogg.atl.nu\/det-grona-guldet\/wp-content\/uploads\/sites\/38\/2020\/02\/20200204_102219.jpg 685w, https:\/\/blogg.atl.nu\/det-grona-guldet\/wp-content\/uploads\/sites\/38\/2020\/02\/20200204_102219-300x225.jpg 300w\" sizes=\"(max-width: 685px) 100vw, 685px\" \/><figcaption id=\"caption-attachment-636\" class=\"wp-caption-text\"><em>Gallrat<\/em><\/figcaption><\/figure>\n<figure id=\"attachment_638\" aria-describedby=\"caption-attachment-638\" style=\"width: 685px\" class=\"wp-caption alignnone\"><img loading=\"lazy\" class=\"size-full wp-image-638\" src=\"https:\/\/blogg.atl.nu\/det-grona-guldet\/wp-content\/uploads\/sites\/38\/2020\/02\/20200204_103529.jpg\" alt=\"\" width=\"685\" height=\"514\" srcset=\"https:\/\/blogg.atl.nu\/det-grona-guldet\/wp-content\/uploads\/sites\/38\/2020\/02\/20200204_103529.jpg 685w, https:\/\/blogg.atl.nu\/det-grona-guldet\/wp-content\/uploads\/sites\/38\/2020\/02\/20200204_103529-300x225.jpg 300w\" sizes=\"(max-width: 685px) 100vw, 685px\" \/><figcaption id=\"caption-attachment-638\" class=\"wp-caption-text\"><em>Bosse visar en Serbisk gran, en &#8221;smal&#8221; gran som t\u00e5l mycket sn\u00f6<\/em><\/figcaption><\/figure>\n<p>&nbsp;<\/p>\n<figure id=\"attachment_639\" aria-describedby=\"caption-attachment-639\" style=\"width: 685px\" class=\"wp-caption alignnone\"><img loading=\"lazy\" class=\"size-full wp-image-639\" src=\"https:\/\/blogg.atl.nu\/det-grona-guldet\/wp-content\/uploads\/sites\/38\/2020\/02\/20200204_111327.jpg\" alt=\"\" width=\"685\" height=\"514\" srcset=\"https:\/\/blogg.atl.nu\/det-grona-guldet\/wp-content\/uploads\/sites\/38\/2020\/02\/20200204_111327.jpg 685w, https:\/\/blogg.atl.nu\/det-grona-guldet\/wp-content\/uploads\/sites\/38\/2020\/02\/20200204_111327-300x225.jpg 300w\" sizes=\"(max-width: 685px) 100vw, 685px\" \/><figcaption id=\"caption-attachment-639\" class=\"wp-caption-text\"><em>H\u00e4r \u00e4r det best\u00e5nd vi lade till i sista minuten<\/em><\/figcaption><\/figure>\n<figure id=\"attachment_640\" aria-describedby=\"caption-attachment-640\" style=\"width: 685px\" class=\"wp-caption alignnone\"><img loading=\"lazy\" class=\"size-full wp-image-640\" src=\"https:\/\/blogg.atl.nu\/det-grona-guldet\/wp-content\/uploads\/sites\/38\/2020\/02\/20200204_111830.jpg\" alt=\"\" width=\"685\" height=\"514\" srcset=\"https:\/\/blogg.atl.nu\/det-grona-guldet\/wp-content\/uploads\/sites\/38\/2020\/02\/20200204_111830.jpg 685w, https:\/\/blogg.atl.nu\/det-grona-guldet\/wp-content\/uploads\/sites\/38\/2020\/02\/20200204_111830-300x225.jpg 300w\" sizes=\"(max-width: 685px) 100vw, 685px\" \/><figcaption id=\"caption-attachment-640\" class=\"wp-caption-text\"><em>Bosse, Ronja och Mattias.\u00a0<\/em><\/figcaption><\/figure>\n<p>Mattias i skotaren har haft med sin hund, Ronja, med n\u00e4r vi tr\u00e4ffat honom i skogen. Ronja \u00e4r 8 m\u00e5nader och \u00e4r en Australian shepherd. Det var nog tur att Mattias h\u00f6ll h\u00e5rt i henne, annars hade hon f\u00e5tt f\u00f6lja med oss hem, hon var s\u00e5 glad och fin.<\/p>\n<figure id=\"attachment_641\" aria-describedby=\"caption-attachment-641\" style=\"width: 685px\" class=\"wp-caption alignnone\"><img loading=\"lazy\" class=\"size-full wp-image-641\" src=\"https:\/\/blogg.atl.nu\/det-grona-guldet\/wp-content\/uploads\/sites\/38\/2020\/02\/20200204_113840.jpg\" alt=\"\" width=\"685\" height=\"514\" srcset=\"https:\/\/blogg.atl.nu\/det-grona-guldet\/wp-content\/uploads\/sites\/38\/2020\/02\/20200204_113840.jpg 685w, https:\/\/blogg.atl.nu\/det-grona-guldet\/wp-content\/uploads\/sites\/38\/2020\/02\/20200204_113840-300x225.jpg 300w\" sizes=\"(max-width: 685px) 100vw, 685px\" \/><figcaption id=\"caption-attachment-641\" class=\"wp-caption-text\"><em>Gallring p\u00e5g\u00e5r<\/em><\/figcaption><\/figure>\n<p>Vi har nog legat lite efter med v\u00e5ra gallringar men nu tar vi ett stort steg fram\u00e5t och det \u00e4r sk\u00f6nt. Vad som ocks\u00e5 k\u00e4nns bra \u00e4r att det h\u00e4r konceptet med att st\u00e4mpla sj\u00e4lv utan att dra n\u00e5gra stickv\u00e4gar och l\u00e5ta Jonas, v\u00e5r ink\u00f6pare i detta fall, dra basv\u00e4garna och sedan nyttja best\u00e5ndsg\u00e5ende maskiner har fungerat s\u00e5 pass bra att det k\u00e4nns som ganska enkelt att forts\u00e4tta p\u00e5 samma sp\u00e5r n\u00e4sta vinter och d\u00e5 kanske vi \u00e4r helt ikapp med alla gallringar. Ja, vi f\u00e5r se men det lutar \u00e5t att vi planerar f\u00f6r gallring \u00e4ven n\u00e4sta vinter. Men s\u00e5klart, det \u00e4r m\u00e5nga faktorer som p\u00e5verkar detta beslut. Man har v\u00e4der, konjunktur och 14 andra saker att ta h\u00e4nsyn till, men vi kan alltid planera.<\/p>\n<p>P\u00e5 hygget intill gallringen har vi en granne som vi hj\u00e4lper med avverkning och beskogning. Det \u00e4r ett mindre hygge som ligger bredvid oss och det \u00e4r ganska enkelt f\u00f6r oss att hj\u00e4lpa \u00e4garen, som inte riktigt har bark under naglarna p\u00e5 samma s\u00e4tt som vi har. Nu hade det bl\u00e5st ned ett par vindf\u00e4llen p\u00e5 hennes mark s\u00e5 vi passade p\u00e5 att kapa upp dem s\u00e5 f\u00e5r vi bort dem n\u00e4r vi \u00e4nd\u00e5 har skotare och timmerbilar i n\u00e4rheten.<\/p>\n<p>Och senare p\u00e5 eftermiddagen n\u00e4r vi hade p\u00e5b\u00f6rjat en r\u00f6jning, jag och Bosse, s\u00e5 b\u00f6rjade det sn\u00f6a lite l\u00e4tt. Det blir ju lite vackrare och ljusare med lite sn\u00f6.<\/p>\n<figure id=\"attachment_644\" aria-describedby=\"caption-attachment-644\" style=\"width: 685px\" class=\"wp-caption alignnone\"><img loading=\"lazy\" class=\"size-full wp-image-644\" src=\"https:\/\/blogg.atl.nu\/det-grona-guldet\/wp-content\/uploads\/sites\/38\/2020\/02\/20200204_170002.jpg\" alt=\"\" width=\"685\" height=\"514\" srcset=\"https:\/\/blogg.atl.nu\/det-grona-guldet\/wp-content\/uploads\/sites\/38\/2020\/02\/20200204_170002.jpg 685w, https:\/\/blogg.atl.nu\/det-grona-guldet\/wp-content\/uploads\/sites\/38\/2020\/02\/20200204_170002-300x225.jpg 300w\" sizes=\"(max-width: 685px) 100vw, 685px\" \/><figcaption id=\"caption-attachment-644\" class=\"wp-caption-text\"><em>Sn\u00f6<\/em><\/figcaption><\/figure>\n<p>Nu f\u00e5r g\u00e4rna bli lite kallare ocks\u00e5 f\u00f6r snart b\u00f6rjar v\u00e5r slutavverkning och d\u00e5 blir maskinerna st\u00f6rre och tyngre.<\/p>\n","protected":false},"excerpt":{"rendered":"<p>Nu \u00e4r vi i Bergslagen igen och vi har \u00e4gnat en del av dagen att g\u00e5 igenom v\u00e5ra gallringar, som f\u00f6r \u00f6vrigt b\u00f6rjar bli klara. 20 hektar blir det och det \u00e4r mycket med v\u00e5ra m\u00e5tt m\u00e4tt. Jag n\u00e4mnde v\u00e4l tidigare att det \u00e4r f\u00f6rsta g\u00e5ngen vi anv\u00e4nder oss av best\u00e5ndsg\u00e5ende sk\u00f6rdare och f\u00f6r v\u00e5ra&#8230;<\/p>\n","protected":false},"author":358,"featured_media":640,"comment_status":"open","ping_status":"open","sticky":false,"template":"","format":"standard","meta":[],"categories":[1],"tags":[27,61],"yoast_head":"<!-- This site is optimized with the Yoast SEO plugin v19.6 - https:\/\/yoast.com\/wordpress\/plugins\/seo\/ -->\n<title>Ronja, en vallhund i skotaren - Det gr\u00f6na guldet<\/title>\n<meta name=\"robots\" content=\"index, follow, max-snippet:-1, max-image-preview:large, max-video-preview:-1\" \/>\n<link rel=\"canonical\" href=\"https:\/\/blogg.atl.nu\/det-grona-guldet\/2020\/02\/04\/ronja-en-vallhund-i-skotaren\/\" \/>\n<meta property=\"og:locale\" content=\"sv_SE\" \/>\n<meta property=\"og:type\" content=\"article\" \/>\n<meta property=\"og:title\" content=\"Ronja, en vallhund i skotaren - Det gr\u00f6na guldet\" \/>\n<meta property=\"og:description\" content=\"Nu \u00e4r vi i Bergslagen igen och vi har \u00e4gnat en del av dagen att g\u00e5 igenom v\u00e5ra gallringar, som f\u00f6r \u00f6vrigt b\u00f6rjar bli klara. 20 hektar blir det och det \u00e4r mycket med v\u00e5ra m\u00e5tt m\u00e4tt. Jag n\u00e4mnde v\u00e4l tidigare att det \u00e4r f\u00f6rsta g\u00e5ngen vi anv\u00e4nder oss av best\u00e5ndsg\u00e5ende sk\u00f6rdare och f\u00f6r v\u00e5ra...\" \/>\n<meta property=\"og:url\" content=\"https:\/\/blogg.atl.nu\/det-grona-guldet\/2020\/02\/04\/ronja-en-vallhund-i-skotaren\/\" \/>\n<meta property=\"og:site_name\" content=\"Det gr\u00f6na guldet\" \/>\n<meta property=\"article:published_time\" content=\"2020-02-04T18:55:43+00:00\" \/>\n<meta property=\"og:image\" content=\"https:\/\/blogg.atl.nu\/det-grona-guldet\/wp-content\/uploads\/sites\/38\/2020\/02\/20200204_111830.jpg\" \/>\n\t<meta property=\"og:image:width\" content=\"685\" \/>\n\t<meta property=\"og:image:height\" content=\"514\" \/>\n\t<meta property=\"og:image:type\" content=\"image\/jpeg\" \/>\n<meta name=\"author\" content=\"perjonasson\" \/>\n<meta name=\"twitter:card\" content=\"summary_large_image\" \/>\n<meta name=\"twitter:label1\" content=\"Skriven av\" \/>\n\t<meta name=\"twitter:data1\" content=\"perjonasson\" \/>\n\t<meta name=\"twitter:label2\" content=\"Ber\u00e4knad l\u00e4stid\" \/>\n\t<meta name=\"twitter:data2\" content=\"3 minuter\" \/>\n<script type=\"application\/ld+json\" class=\"yoast-schema-graph\">{\"@context\":\"https:\/\/schema.org\",\"@graph\":[{\"@type\":\"WebPage\",\"@id\":\"https:\/\/blogg.atl.nu\/det-grona-guldet\/2020\/02\/04\/ronja-en-vallhund-i-skotaren\/\",\"url\":\"https:\/\/blogg.atl.nu\/det-grona-guldet\/2020\/02\/04\/ronja-en-vallhund-i-skotaren\/\",\"name\":\"Ronja, en vallhund i skotaren - Det gr\u00f6na guldet\",\"isPartOf\":{\"@id\":\"https:\/\/blogg.atl.nu\/det-grona-guldet\/#website\"},\"datePublished\":\"2020-02-04T18:55:43+00:00\",\"dateModified\":\"2020-02-04T18:55:43+00:00\",\"author\":{\"@id\":\"https:\/\/blogg.atl.nu\/det-grona-guldet\/#\/schema\/person\/287702eafc70c00d00ddd6052f82103c\"},\"breadcrumb\":{\"@id\":\"https:\/\/blogg.atl.nu\/det-grona-guldet\/2020\/02\/04\/ronja-en-vallhund-i-skotaren\/#breadcrumb\"},\"inLanguage\":\"sv-SE\",\"potentialAction\":[{\"@type\":\"ReadAction\",\"target\":[\"https:\/\/blogg.atl.nu\/det-grona-guldet\/2020\/02\/04\/ronja-en-vallhund-i-skotaren\/\"]}]},{\"@type\":\"BreadcrumbList\",\"@id\":\"https:\/\/blogg.atl.nu\/det-grona-guldet\/2020\/02\/04\/ronja-en-vallhund-i-skotaren\/#breadcrumb\",\"itemListElement\":[{\"@type\":\"ListItem\",\"position\":1,\"name\":\"Home\",\"item\":\"https:\/\/blogg.atl.nu\/det-grona-guldet\/\"},{\"@type\":\"ListItem\",\"position\":2,\"name\":\"Ronja, en vallhund i skotaren\"}]},{\"@type\":\"WebSite\",\"@id\":\"https:\/\/blogg.atl.nu\/det-grona-guldet\/#website\",\"url\":\"https:\/\/blogg.atl.nu\/det-grona-guldet\/\",\"name\":\"Det gr\u00f6na guldet\",\"description\":\"Per Jonasson\",\"potentialAction\":[{\"@type\":\"SearchAction\",\"target\":{\"@type\":\"EntryPoint\",\"urlTemplate\":\"https:\/\/blogg.atl.nu\/det-grona-guldet\/?s={search_term_string}\"},\"query-input\":\"required name=search_term_string\"}],\"inLanguage\":\"sv-SE\"},{\"@type\":\"Person\",\"@id\":\"https:\/\/blogg.atl.nu\/det-grona-guldet\/#\/schema\/person\/287702eafc70c00d00ddd6052f82103c\",\"name\":\"perjonasson\",\"image\":{\"@type\":\"ImageObject\",\"inLanguage\":\"sv-SE\",\"@id\":\"https:\/\/blogg.atl.nu\/det-grona-guldet\/#\/schema\/person\/image\/\",\"url\":\"https:\/\/secure.gravatar.com\/avatar\/cb1f6adf68537abe8b5ad3acda4c0b63?s=96&d=mm&r=g\",\"contentUrl\":\"https:\/\/secure.gravatar.com\/avatar\/cb1f6adf68537abe8b5ad3acda4c0b63?s=96&d=mm&r=g\",\"caption\":\"perjonasson\"},\"url\":\"https:\/\/blogg.atl.nu\/det-grona-guldet\/author\/perjonasson\/\"}]}<\/script>\n<!-- \/ Yoast SEO plugin. -->","yoast_head_json":{"title":"Ronja, en vallhund i skotaren - Det gr\u00f6na guldet","robots":{"index":"index","follow":"follow","max-snippet":"max-snippet:-1","max-image-preview":"max-image-preview:large","max-video-preview":"max-video-preview:-1"},"canonical":"https:\/\/blogg.atl.nu\/det-grona-guldet\/2020\/02\/04\/ronja-en-vallhund-i-skotaren\/","og_locale":"sv_SE","og_type":"article","og_title":"Ronja, en vallhund i skotaren - Det gr\u00f6na guldet","og_description":"Nu \u00e4r vi i Bergslagen igen och vi har \u00e4gnat en del av dagen att g\u00e5 igenom v\u00e5ra gallringar, som f\u00f6r \u00f6vrigt b\u00f6rjar bli klara. 20 hektar blir det och det \u00e4r mycket med v\u00e5ra m\u00e5tt m\u00e4tt. Jag n\u00e4mnde v\u00e4l tidigare att det \u00e4r f\u00f6rsta g\u00e5ngen vi anv\u00e4nder oss av best\u00e5ndsg\u00e5ende sk\u00f6rdare och f\u00f6r v\u00e5ra...","og_url":"https:\/\/blogg.atl.nu\/det-grona-guldet\/2020\/02\/04\/ronja-en-vallhund-i-skotaren\/","og_site_name":"Det gr\u00f6na guldet","article_published_time":"2020-02-04T18:55:43+00:00","og_image":[{"width":685,"height":514,"url":"https:\/\/blogg.atl.nu\/det-grona-guldet\/wp-content\/uploads\/sites\/38\/2020\/02\/20200204_111830.jpg","type":"image\/jpeg"}],"author":"perjonasson","twitter_card":"summary_large_image","twitter_misc":{"Skriven av":"perjonasson","Ber\u00e4knad l\u00e4stid":"3 minuter"},"schema":{"@context":"https:\/\/schema.org","@graph":[{"@type":"WebPage","@id":"https:\/\/blogg.atl.nu\/det-grona-guldet\/2020\/02\/04\/ronja-en-vallhund-i-skotaren\/","url":"https:\/\/blogg.atl.nu\/det-grona-guldet\/2020\/02\/04\/ronja-en-vallhund-i-skotaren\/","name":"Ronja, en vallhund i skotaren - Det gr\u00f6na guldet","isPartOf":{"@id":"https:\/\/blogg.atl.nu\/det-grona-guldet\/#website"},"datePublished":"2020-02-04T18:55:43+00:00","dateModified":"2020-02-04T18:55:43+00:00","author":{"@id":"https:\/\/blogg.atl.nu\/det-grona-guldet\/#\/schema\/person\/287702eafc70c00d00ddd6052f82103c"},"breadcrumb":{"@id":"https:\/\/blogg.atl.nu\/det-grona-guldet\/2020\/02\/04\/ronja-en-vallhund-i-skotaren\/#breadcrumb"},"inLanguage":"sv-SE","potentialAction":[{"@type":"ReadAction","target":["https:\/\/blogg.atl.nu\/det-grona-guldet\/2020\/02\/04\/ronja-en-vallhund-i-skotaren\/"]}]},{"@type":"BreadcrumbList","@id":"https:\/\/blogg.atl.nu\/det-grona-guldet\/2020\/02\/04\/ronja-en-vallhund-i-skotaren\/#breadcrumb","itemListElement":[{"@type":"ListItem","position":1,"name":"Home","item":"https:\/\/blogg.atl.nu\/det-grona-guldet\/"},{"@type":"ListItem","position":2,"name":"Ronja, en vallhund i skotaren"}]},{"@type":"WebSite","@id":"https:\/\/blogg.atl.nu\/det-grona-guldet\/#website","url":"https:\/\/blogg.atl.nu\/det-grona-guldet\/","name":"Det gr\u00f6na guldet","description":"Per Jonasson","potentialAction":[{"@type":"SearchAction","target":{"@type":"EntryPoint","urlTemplate":"https:\/\/blogg.atl.nu\/det-grona-guldet\/?s={search_term_string}"},"query-input":"required name=search_term_string"}],"inLanguage":"sv-SE"},{"@type":"Person","@id":"https:\/\/blogg.atl.nu\/det-grona-guldet\/#\/schema\/person\/287702eafc70c00d00ddd6052f82103c","name":"perjonasson","image":{"@type":"ImageObject","inLanguage":"sv-SE","@id":"https:\/\/blogg.atl.nu\/det-grona-guldet\/#\/schema\/person\/image\/","url":"https:\/\/secure.gravatar.com\/avatar\/cb1f6adf68537abe8b5ad3acda4c0b63?s=96&d=mm&r=g","contentUrl":"https:\/\/secure.gravatar.com\/avatar\/cb1f6adf68537abe8b5ad3acda4c0b63?s=96&d=mm&r=g","caption":"perjonasson"},"url":"https:\/\/blogg.atl.nu\/det-grona-guldet\/author\/perjonasson\/"}]}},"_links":{"self":[{"href":"https:\/\/blogg.atl.nu\/det-grona-guldet\/wp-json\/wp\/v2\/posts\/645"}],"collection":[{"href":"https:\/\/blogg.atl.nu\/det-grona-guldet\/wp-json\/wp\/v2\/posts"}],"about":[{"href":"https:\/\/blogg.atl.nu\/det-grona-guldet\/wp-json\/wp\/v2\/types\/post"}],"author":[{"embeddable":true,"href":"https:\/\/blogg.atl.nu\/det-grona-guldet\/wp-json\/wp\/v2\/users\/358"}],"replies":[{"embeddable":true,"href":"https:\/\/blogg.atl.nu\/det-grona-guldet\/wp-json\/wp\/v2\/comments?post=645"}],"version-history":[{"count":9,"href":"https:\/\/blogg.atl.nu\/det-grona-guldet\/wp-json\/wp\/v2\/posts\/645\/revisions"}],"predecessor-version":[{"id":654,"href":"https:\/\/blogg.atl.nu\/det-grona-guldet\/wp-json\/wp\/v2\/posts\/645\/revisions\/654"}],"wp:featuredmedia":[{"embeddable":true,"href":"https:\/\/blogg.atl.nu\/det-grona-guldet\/wp-json\/wp\/v2\/media\/640"}],"wp:attachment":[{"href":"https:\/\/blogg.atl.nu\/det-grona-guldet\/wp-json\/wp\/v2\/media?parent=645"}],"wp:term":[{"taxonomy":"category","embeddable":true,"href":"https:\/\/blogg.atl.nu\/det-grona-guldet\/wp-json\/wp\/v2\/categories?post=645"},{"taxonomy":"post_tag","embeddable":true,"href":"https:\/\/blogg.atl.nu\/det-grona-guldet\/wp-json\/wp\/v2\/tags?post=645"}],"curies":[{"name":"wp","href":"https:\/\/api.w.org\/{rel}","templated":true}]}}