{"id":662,"date":"2020-02-05T18:17:40","date_gmt":"2020-02-05T17:17:40","guid":{"rendered":"https:\/\/blogg.atl.nu\/det-grona-guldet\/?p=662"},"modified":"2020-02-05T18:19:25","modified_gmt":"2020-02-05T17:19:25","slug":"vi-lamnar-massagrupperna","status":"publish","type":"post","link":"https:\/\/blogg.atl.nu\/det-grona-guldet\/2020\/02\/05\/vi-lamnar-massagrupperna\/","title":{"rendered":"Vi l\u00e4mnar massagrupperna"},"content":{"rendered":"<p>I morse var solen framme och det har vi inte varit bortsk\u00e4mda med. Lite sn\u00f6 p\u00e5 backen, minus fyra grader och sol. En perfekt vinterdag f\u00f6r lite r\u00f6jning helt enkelt. Bosse och jag packade in alla motors\u00e5gar, batterier och ryggs\u00e4ckar i bilen s\u00e5 \u00e5kte vi upp till skogen b\u00f6rjade r\u00f6ja. Det \u00e4r ett fint best\u00e5nd, det ligger mestadels i en sluttning mot \u00f6st. Det \u00e4r 6 hektar, men Bosse har r\u00f6jt en del redan och vi ska inte riktigt r\u00f6ja hela s\u00e5 kanske 3-4 hektar \u00e5terst\u00e5r. Best\u00e5ndet \u00e4r 14 \u00e5r och best\u00e5r av blandskog, granen \u00e4r planterad och tallen s\u00e5dd, v\u00e5r vanliga metod s\u00e5ledes. D\u00e4r vi var idag var det \u00f6verv\u00e4gande tall, men en del gran och bj\u00f6rk ocks\u00e5.<\/p>\n<figure id=\"attachment_656\" aria-describedby=\"caption-attachment-656\" style=\"width: 685px\" class=\"wp-caption alignnone\"><img loading=\"lazy\" class=\"size-full wp-image-656\" src=\"https:\/\/blogg.atl.nu\/det-grona-guldet\/wp-content\/uploads\/sites\/38\/2020\/02\/20200205_083035.jpg\" alt=\"\" width=\"685\" height=\"514\" srcset=\"https:\/\/blogg.atl.nu\/det-grona-guldet\/wp-content\/uploads\/sites\/38\/2020\/02\/20200205_083035.jpg 685w, https:\/\/blogg.atl.nu\/det-grona-guldet\/wp-content\/uploads\/sites\/38\/2020\/02\/20200205_083035-300x225.jpg 300w\" sizes=\"(max-width: 685px) 100vw, 685px\" \/><figcaption id=\"caption-attachment-656\" class=\"wp-caption-text\"><em>Det 14-\u00e5riga best\u00e5ndet<\/em><\/figcaption><\/figure>\n<figure id=\"attachment_659\" aria-describedby=\"caption-attachment-659\" style=\"width: 685px\" class=\"wp-caption alignnone\"><img loading=\"lazy\" class=\"size-full wp-image-659\" src=\"https:\/\/blogg.atl.nu\/det-grona-guldet\/wp-content\/uploads\/sites\/38\/2020\/02\/20200205_103257.jpg\" alt=\"\" width=\"685\" height=\"514\" srcset=\"https:\/\/blogg.atl.nu\/det-grona-guldet\/wp-content\/uploads\/sites\/38\/2020\/02\/20200205_103257.jpg 685w, https:\/\/blogg.atl.nu\/det-grona-guldet\/wp-content\/uploads\/sites\/38\/2020\/02\/20200205_103257-300x225.jpg 300w\" sizes=\"(max-width: 685px) 100vw, 685px\" \/><figcaption id=\"caption-attachment-659\" class=\"wp-caption-text\"><em>Sol<\/em><\/figcaption><\/figure>\n<p>Vi r\u00f6jer inte tallen f\u00f6rr\u00e4n den \u00e4r p\u00e5 \u00e4lgs\u00e4ker h\u00f6jd, det vill s\u00e4ga ca 5 meter. Nu \u00e4r det inte s\u00e5 att \u00e4lgen hoppar upp s\u00e5 h\u00f6gt f\u00f6r att \u00e4ta tall, men \u00e4lgen kan bryta klenare stammar s\u00e5 d\u00e4rf\u00f6r brukar man anv\u00e4nda fem meter som s\u00e4ker h\u00f6jd, d\u00e5 ska tallen ha blivit s\u00e5 pass kraftig att den inte bryts. Kommer vi in i ett parti d\u00e4r tallen \u00e4r l\u00e4gre, d\u00e5 g\u00e5r vi f\u00f6rbi det. Vi vill ju inte enkelst\u00e4lla tallen innan vi vet att den inte kommer att betas. Det h\u00e4r g\u00e4ller inte vargar, dvs f\u00f6rv\u00e4xande grovkvistig tall. Den kan vi ta bort fast\u00e4n omgivningen \u00e4r l\u00e4gre \u00e4n fem meter.<\/p>\n<p>En annan sak vi till\u00e4mpar n\u00e4r vi r\u00f6jer i tallskog \u00e4r att om vi kommer till en tallgrupp d\u00e4r alla \u00e4r betade och d\u00e5liga, d\u00e5 l\u00e5ter vi alla st\u00e5 kvar. Det blir \u00e4nd\u00e5 bara massaved och d\u00e5 kan de ju st\u00e5 kvar. Vi tror ocks\u00e5 att de kan ge lite styrka till skogen vid storm eftersom de st\u00e5r s\u00e5 t\u00e4tt. Se bild nedan, d\u00e4r \u00e4r bara tv\u00e5 som st\u00e5r t\u00e4tt men ofta kan det vara b\u00e5de tre och fyra stycken.<\/p>\n<figure id=\"attachment_660\" aria-describedby=\"caption-attachment-660\" style=\"width: 696px\" class=\"wp-caption alignnone\"><img loading=\"lazy\" class=\"size-full wp-image-660\" src=\"https:\/\/blogg.atl.nu\/det-grona-guldet\/wp-content\/uploads\/sites\/38\/2020\/02\/20200205_114726.jpg\" alt=\"\" width=\"696\" height=\"927\" srcset=\"https:\/\/blogg.atl.nu\/det-grona-guldet\/wp-content\/uploads\/sites\/38\/2020\/02\/20200205_114726.jpg 696w, https:\/\/blogg.atl.nu\/det-grona-guldet\/wp-content\/uploads\/sites\/38\/2020\/02\/20200205_114726-225x300.jpg 225w\" sizes=\"(max-width: 696px) 100vw, 696px\" \/><figcaption id=\"caption-attachment-660\" class=\"wp-caption-text\"><em>Massagrupp<\/em><\/figcaption><\/figure>\n<p>Annars vid sj\u00e4lva r\u00f6jningen s\u00e5 f\u00f6rs\u00f6ker vi hitta de fina raka tallarna och s\u00e5 enkelst\u00e4ller vi dem eller ser till att deras konkurrens minskar markant. Allt \u00e4tbart, dvs tallar som \u00e4r undertryckta med barr s\u00e5 att \u00e4lgen n\u00e5r f\u00e5r vara kvar. Vi l\u00e4mnar ocks\u00e5 redan betade tallar, dem \u00e5terkommer g\u00e4rna \u00e4lgen till och betar igen.<\/p>\n<figure id=\"attachment_661\" aria-describedby=\"caption-attachment-661\" style=\"width: 686px\" class=\"wp-caption alignnone\"><img loading=\"lazy\" class=\"size-full wp-image-661\" src=\"https:\/\/blogg.atl.nu\/det-grona-guldet\/wp-content\/uploads\/sites\/38\/2020\/02\/20200205_140613.jpg\" alt=\"\" width=\"686\" height=\"515\" srcset=\"https:\/\/blogg.atl.nu\/det-grona-guldet\/wp-content\/uploads\/sites\/38\/2020\/02\/20200205_140613.jpg 686w, https:\/\/blogg.atl.nu\/det-grona-guldet\/wp-content\/uploads\/sites\/38\/2020\/02\/20200205_140613-300x225.jpg 300w\" sizes=\"(max-width: 686px) 100vw, 686px\" \/><figcaption id=\"caption-attachment-661\" class=\"wp-caption-text\"><em>Undertecknad med lite barr i hj\u00e4lmen<\/em><\/figcaption><\/figure>\n<p>Vi hann inte riktigt klart men n\u00e4stan s\u00e5 i morgon s\u00e5 borde vi bli klara d\u00e4r. N\u00e4r vi \u00e5kte hem \u00e5kte vi f\u00f6rbi Mattias som h\u00f6ll p\u00e5 att skota virke fr\u00e5n gallringen. De blir nog klara i morgon ocks\u00e5. Jag s\u00e5g inte Ronja men hon l\u00e5g v\u00e4l p\u00e5 golvet och tog igen sig.<\/p>\n","protected":false},"excerpt":{"rendered":"<p>I morse var solen framme och det har vi inte varit bortsk\u00e4mda med. Lite sn\u00f6 p\u00e5 backen, minus fyra grader och sol. En perfekt vinterdag f\u00f6r lite r\u00f6jning helt enkelt. Bosse och jag packade in alla motors\u00e5gar, batterier och ryggs\u00e4ckar i bilen s\u00e5 \u00e5kte vi upp till skogen b\u00f6rjade r\u00f6ja. Det \u00e4r ett fint best\u00e5nd,&#8230;<\/p>\n","protected":false},"author":358,"featured_media":655,"comment_status":"open","ping_status":"open","sticky":false,"template":"","format":"standard","meta":[],"categories":[1],"tags":[53,6],"yoast_head":"<!-- This site is optimized with the Yoast SEO plugin v19.6 - https:\/\/yoast.com\/wordpress\/plugins\/seo\/ -->\n<title>Vi l\u00e4mnar massagrupperna - Det gr\u00f6na guldet<\/title>\n<meta name=\"robots\" content=\"index, follow, max-snippet:-1, max-image-preview:large, max-video-preview:-1\" \/>\n<link rel=\"canonical\" href=\"https:\/\/blogg.atl.nu\/det-grona-guldet\/2020\/02\/05\/vi-lamnar-massagrupperna\/\" \/>\n<meta property=\"og:locale\" content=\"sv_SE\" \/>\n<meta property=\"og:type\" content=\"article\" \/>\n<meta property=\"og:title\" content=\"Vi l\u00e4mnar massagrupperna - Det gr\u00f6na guldet\" \/>\n<meta property=\"og:description\" content=\"I morse var solen framme och det har vi inte varit bortsk\u00e4mda med. Lite sn\u00f6 p\u00e5 backen, minus fyra grader och sol. En perfekt vinterdag f\u00f6r lite r\u00f6jning helt enkelt. Bosse och jag packade in alla motors\u00e5gar, batterier och ryggs\u00e4ckar i bilen s\u00e5 \u00e5kte vi upp till skogen b\u00f6rjade r\u00f6ja. Det \u00e4r ett fint best\u00e5nd,...\" \/>\n<meta property=\"og:url\" content=\"https:\/\/blogg.atl.nu\/det-grona-guldet\/2020\/02\/05\/vi-lamnar-massagrupperna\/\" \/>\n<meta property=\"og:site_name\" content=\"Det gr\u00f6na guldet\" \/>\n<meta property=\"article:published_time\" content=\"2020-02-05T17:17:40+00:00\" \/>\n<meta property=\"article:modified_time\" content=\"2020-02-05T17:19:25+00:00\" \/>\n<meta property=\"og:image\" content=\"https:\/\/blogg.atl.nu\/det-grona-guldet\/wp-content\/uploads\/sites\/38\/2020\/02\/20200205_075421.jpg\" \/>\n\t<meta property=\"og:image:width\" content=\"685\" \/>\n\t<meta property=\"og:image:height\" content=\"514\" \/>\n\t<meta property=\"og:image:type\" content=\"image\/jpeg\" \/>\n<meta name=\"author\" content=\"perjonasson\" \/>\n<meta name=\"twitter:card\" content=\"summary_large_image\" \/>\n<meta name=\"twitter:label1\" content=\"Skriven av\" \/>\n\t<meta name=\"twitter:data1\" content=\"perjonasson\" \/>\n\t<meta name=\"twitter:label2\" content=\"Ber\u00e4knad l\u00e4stid\" \/>\n\t<meta name=\"twitter:data2\" content=\"3 minuter\" \/>\n<script type=\"application\/ld+json\" class=\"yoast-schema-graph\">{\"@context\":\"https:\/\/schema.org\",\"@graph\":[{\"@type\":\"WebPage\",\"@id\":\"https:\/\/blogg.atl.nu\/det-grona-guldet\/2020\/02\/05\/vi-lamnar-massagrupperna\/\",\"url\":\"https:\/\/blogg.atl.nu\/det-grona-guldet\/2020\/02\/05\/vi-lamnar-massagrupperna\/\",\"name\":\"Vi l\u00e4mnar massagrupperna - Det gr\u00f6na guldet\",\"isPartOf\":{\"@id\":\"https:\/\/blogg.atl.nu\/det-grona-guldet\/#website\"},\"datePublished\":\"2020-02-05T17:17:40+00:00\",\"dateModified\":\"2020-02-05T17:19:25+00:00\",\"author\":{\"@id\":\"https:\/\/blogg.atl.nu\/det-grona-guldet\/#\/schema\/person\/287702eafc70c00d00ddd6052f82103c\"},\"breadcrumb\":{\"@id\":\"https:\/\/blogg.atl.nu\/det-grona-guldet\/2020\/02\/05\/vi-lamnar-massagrupperna\/#breadcrumb\"},\"inLanguage\":\"sv-SE\",\"potentialAction\":[{\"@type\":\"ReadAction\",\"target\":[\"https:\/\/blogg.atl.nu\/det-grona-guldet\/2020\/02\/05\/vi-lamnar-massagrupperna\/\"]}]},{\"@type\":\"BreadcrumbList\",\"@id\":\"https:\/\/blogg.atl.nu\/det-grona-guldet\/2020\/02\/05\/vi-lamnar-massagrupperna\/#breadcrumb\",\"itemListElement\":[{\"@type\":\"ListItem\",\"position\":1,\"name\":\"Home\",\"item\":\"https:\/\/blogg.atl.nu\/det-grona-guldet\/\"},{\"@type\":\"ListItem\",\"position\":2,\"name\":\"Vi l\u00e4mnar massagrupperna\"}]},{\"@type\":\"WebSite\",\"@id\":\"https:\/\/blogg.atl.nu\/det-grona-guldet\/#website\",\"url\":\"https:\/\/blogg.atl.nu\/det-grona-guldet\/\",\"name\":\"Det gr\u00f6na guldet\",\"description\":\"Per Jonasson\",\"potentialAction\":[{\"@type\":\"SearchAction\",\"target\":{\"@type\":\"EntryPoint\",\"urlTemplate\":\"https:\/\/blogg.atl.nu\/det-grona-guldet\/?s={search_term_string}\"},\"query-input\":\"required name=search_term_string\"}],\"inLanguage\":\"sv-SE\"},{\"@type\":\"Person\",\"@id\":\"https:\/\/blogg.atl.nu\/det-grona-guldet\/#\/schema\/person\/287702eafc70c00d00ddd6052f82103c\",\"name\":\"perjonasson\",\"image\":{\"@type\":\"ImageObject\",\"inLanguage\":\"sv-SE\",\"@id\":\"https:\/\/blogg.atl.nu\/det-grona-guldet\/#\/schema\/person\/image\/\",\"url\":\"https:\/\/secure.gravatar.com\/avatar\/cb1f6adf68537abe8b5ad3acda4c0b63?s=96&d=mm&r=g\",\"contentUrl\":\"https:\/\/secure.gravatar.com\/avatar\/cb1f6adf68537abe8b5ad3acda4c0b63?s=96&d=mm&r=g\",\"caption\":\"perjonasson\"},\"url\":\"https:\/\/blogg.atl.nu\/det-grona-guldet\/author\/perjonasson\/\"}]}<\/script>\n<!-- \/ Yoast SEO plugin. -->","yoast_head_json":{"title":"Vi l\u00e4mnar massagrupperna - Det gr\u00f6na guldet","robots":{"index":"index","follow":"follow","max-snippet":"max-snippet:-1","max-image-preview":"max-image-preview:large","max-video-preview":"max-video-preview:-1"},"canonical":"https:\/\/blogg.atl.nu\/det-grona-guldet\/2020\/02\/05\/vi-lamnar-massagrupperna\/","og_locale":"sv_SE","og_type":"article","og_title":"Vi l\u00e4mnar massagrupperna - Det gr\u00f6na guldet","og_description":"I morse var solen framme och det har vi inte varit bortsk\u00e4mda med. Lite sn\u00f6 p\u00e5 backen, minus fyra grader och sol. En perfekt vinterdag f\u00f6r lite r\u00f6jning helt enkelt. Bosse och jag packade in alla motors\u00e5gar, batterier och ryggs\u00e4ckar i bilen s\u00e5 \u00e5kte vi upp till skogen b\u00f6rjade r\u00f6ja. Det \u00e4r ett fint best\u00e5nd,...","og_url":"https:\/\/blogg.atl.nu\/det-grona-guldet\/2020\/02\/05\/vi-lamnar-massagrupperna\/","og_site_name":"Det gr\u00f6na guldet","article_published_time":"2020-02-05T17:17:40+00:00","article_modified_time":"2020-02-05T17:19:25+00:00","og_image":[{"width":685,"height":514,"url":"https:\/\/blogg.atl.nu\/det-grona-guldet\/wp-content\/uploads\/sites\/38\/2020\/02\/20200205_075421.jpg","type":"image\/jpeg"}],"author":"perjonasson","twitter_card":"summary_large_image","twitter_misc":{"Skriven av":"perjonasson","Ber\u00e4knad l\u00e4stid":"3 minuter"},"schema":{"@context":"https:\/\/schema.org","@graph":[{"@type":"WebPage","@id":"https:\/\/blogg.atl.nu\/det-grona-guldet\/2020\/02\/05\/vi-lamnar-massagrupperna\/","url":"https:\/\/blogg.atl.nu\/det-grona-guldet\/2020\/02\/05\/vi-lamnar-massagrupperna\/","name":"Vi l\u00e4mnar massagrupperna - Det gr\u00f6na guldet","isPartOf":{"@id":"https:\/\/blogg.atl.nu\/det-grona-guldet\/#website"},"datePublished":"2020-02-05T17:17:40+00:00","dateModified":"2020-02-05T17:19:25+00:00","author":{"@id":"https:\/\/blogg.atl.nu\/det-grona-guldet\/#\/schema\/person\/287702eafc70c00d00ddd6052f82103c"},"breadcrumb":{"@id":"https:\/\/blogg.atl.nu\/det-grona-guldet\/2020\/02\/05\/vi-lamnar-massagrupperna\/#breadcrumb"},"inLanguage":"sv-SE","potentialAction":[{"@type":"ReadAction","target":["https:\/\/blogg.atl.nu\/det-grona-guldet\/2020\/02\/05\/vi-lamnar-massagrupperna\/"]}]},{"@type":"BreadcrumbList","@id":"https:\/\/blogg.atl.nu\/det-grona-guldet\/2020\/02\/05\/vi-lamnar-massagrupperna\/#breadcrumb","itemListElement":[{"@type":"ListItem","position":1,"name":"Home","item":"https:\/\/blogg.atl.nu\/det-grona-guldet\/"},{"@type":"ListItem","position":2,"name":"Vi l\u00e4mnar massagrupperna"}]},{"@type":"WebSite","@id":"https:\/\/blogg.atl.nu\/det-grona-guldet\/#website","url":"https:\/\/blogg.atl.nu\/det-grona-guldet\/","name":"Det gr\u00f6na guldet","description":"Per Jonasson","potentialAction":[{"@type":"SearchAction","target":{"@type":"EntryPoint","urlTemplate":"https:\/\/blogg.atl.nu\/det-grona-guldet\/?s={search_term_string}"},"query-input":"required name=search_term_string"}],"inLanguage":"sv-SE"},{"@type":"Person","@id":"https:\/\/blogg.atl.nu\/det-grona-guldet\/#\/schema\/person\/287702eafc70c00d00ddd6052f82103c","name":"perjonasson","image":{"@type":"ImageObject","inLanguage":"sv-SE","@id":"https:\/\/blogg.atl.nu\/det-grona-guldet\/#\/schema\/person\/image\/","url":"https:\/\/secure.gravatar.com\/avatar\/cb1f6adf68537abe8b5ad3acda4c0b63?s=96&d=mm&r=g","contentUrl":"https:\/\/secure.gravatar.com\/avatar\/cb1f6adf68537abe8b5ad3acda4c0b63?s=96&d=mm&r=g","caption":"perjonasson"},"url":"https:\/\/blogg.atl.nu\/det-grona-guldet\/author\/perjonasson\/"}]}},"_links":{"self":[{"href":"https:\/\/blogg.atl.nu\/det-grona-guldet\/wp-json\/wp\/v2\/posts\/662"}],"collection":[{"href":"https:\/\/blogg.atl.nu\/det-grona-guldet\/wp-json\/wp\/v2\/posts"}],"about":[{"href":"https:\/\/blogg.atl.nu\/det-grona-guldet\/wp-json\/wp\/v2\/types\/post"}],"author":[{"embeddable":true,"href":"https:\/\/blogg.atl.nu\/det-grona-guldet\/wp-json\/wp\/v2\/users\/358"}],"replies":[{"embeddable":true,"href":"https:\/\/blogg.atl.nu\/det-grona-guldet\/wp-json\/wp\/v2\/comments?post=662"}],"version-history":[{"count":6,"href":"https:\/\/blogg.atl.nu\/det-grona-guldet\/wp-json\/wp\/v2\/posts\/662\/revisions"}],"predecessor-version":[{"id":668,"href":"https:\/\/blogg.atl.nu\/det-grona-guldet\/wp-json\/wp\/v2\/posts\/662\/revisions\/668"}],"wp:featuredmedia":[{"embeddable":true,"href":"https:\/\/blogg.atl.nu\/det-grona-guldet\/wp-json\/wp\/v2\/media\/655"}],"wp:attachment":[{"href":"https:\/\/blogg.atl.nu\/det-grona-guldet\/wp-json\/wp\/v2\/media?parent=662"}],"wp:term":[{"taxonomy":"category","embeddable":true,"href":"https:\/\/blogg.atl.nu\/det-grona-guldet\/wp-json\/wp\/v2\/categories?post=662"},{"taxonomy":"post_tag","embeddable":true,"href":"https:\/\/blogg.atl.nu\/det-grona-guldet\/wp-json\/wp\/v2\/tags?post=662"}],"curies":[{"name":"wp","href":"https:\/\/api.w.org\/{rel}","templated":true}]}}