{"id":722,"date":"2020-02-13T13:11:00","date_gmt":"2020-02-13T12:11:00","guid":{"rendered":"https:\/\/blogg.atl.nu\/det-grona-guldet\/?p=722"},"modified":"2020-02-13T13:15:47","modified_gmt":"2020-02-13T12:15:47","slug":"hallbart-skogsbruk-del-6-balans-mellan-vilt-och-bete","status":"publish","type":"post","link":"https:\/\/blogg.atl.nu\/det-grona-guldet\/2020\/02\/13\/hallbart-skogsbruk-del-6-balans-mellan-vilt-och-bete\/","title":{"rendered":"H\u00e5llbart skogsbruk del 6 &#8211; Balans mellan vilt och bete"},"content":{"rendered":"<p>Nu har vi kommit till del sex i min lilla serie om hur jag ser p\u00e5 ett h\u00e5llbart skogsbruk. De tidigare delarna hittar ni h\u00e4r. <a href=\"https:\/\/blogg.atl.nu\/det-grona-guldet\/2019\/12\/29\/vad-ar-ett-hallbart-skogsbruk\/\"><span style=\"text-decoration: underline\">Del ett<\/span><\/a>, <a href=\"https:\/\/blogg.atl.nu\/det-grona-guldet\/2019\/12\/31\/hallbart-skogsbruk-del-2-hog-biologisk-mangfald\/\"><span style=\"text-decoration: underline\">del tv\u00e5<\/span><\/a>, <a href=\"https:\/\/blogg.atl.nu\/det-grona-guldet\/2020\/01\/04\/hallbart-skogsbruk-del-3-lonsamhet-uthallighet\/\"><span style=\"text-decoration: underline\">del tre<\/span><\/a>, <a href=\"https:\/\/blogg.atl.nu\/det-grona-guldet\/2020\/01\/13\/hallbart-skogsbruk-del-4-skogens-klimatnytta\/\"><span style=\"text-decoration: underline\">del fyra<\/span><\/a> och <a href=\"https:\/\/blogg.atl.nu\/det-grona-guldet\/2020\/02\/02\/hallbart-skogsbruk-del-5-skapa-starka-skogar\/\"><span style=\"text-decoration: underline\">del fem<\/span><\/a>. Om ni f\u00f6ljer Skogspodden p\u00e5 Facebook s\u00e5 ser ni n\u00e4r nya poddar och inl\u00e4gg p\u00e5 bloggen dyker upp, g\u00f6r g\u00e4rna det.<\/p>\n<p>Del sex handlar om att ha balans mellan vilt och bete. Det har vi tyv\u00e4rr inte idag, det visar \u00c4bin med all tydlighet. F\u00f6r er som inte k\u00e4nner till \u00c4bin s\u00e5 st\u00e5r det f\u00f6r \u00e4lgbetesinventering och det \u00e4r en \u00e5rlig inventering av betesskadorna i den Svenska skogen som Skogsstyrelsen ansvarar f\u00f6r. Den ger en bild \u00f6ver balansen mellan vilt och bete, inte bara genom att r\u00e4kna de skadade ungtallarna utan man ser ocks\u00e5 f\u00f6rekomsten av RASE (R\u00f6nn, asp, s\u00e4lg och ek), som \u00e4r kl\u00f6vviltets favoriter. En annan intressant sak man kan se i \u00c4bin \u00e4r andelen f\u00f6ryngrad tall p\u00e5 mager mark. Jag brukar titta p\u00e5 den siffran, som jag tycker vindar vart vindarna bl\u00e5ser bland alla skogsbrukare. Anl\u00e4gger vi mycket tall p\u00e5 tallmark tolkar jag som att det finns ett f\u00f6rtroende och tillit att utvecklingen g\u00e5r \u00e5t r\u00e4tt h\u00e5ll och vice versa. Bilden nedan visar en sammanfattning \u00f6ver \u00c4bin i Kalmar l\u00e4n 2019.<\/p>\n<figure id=\"attachment_724\" aria-describedby=\"caption-attachment-724\" style=\"width: 690px\" class=\"wp-caption alignnone\"><img loading=\"lazy\" class=\"size-full wp-image-724\" src=\"https:\/\/blogg.atl.nu\/det-grona-guldet\/wp-content\/uploads\/sites\/38\/2020\/02\/Kalmar-l\u00e4n.jpg\" alt=\"\" width=\"690\" height=\"387\" srcset=\"https:\/\/blogg.atl.nu\/det-grona-guldet\/wp-content\/uploads\/sites\/38\/2020\/02\/Kalmar-l\u00e4n.jpg 690w, https:\/\/blogg.atl.nu\/det-grona-guldet\/wp-content\/uploads\/sites\/38\/2020\/02\/Kalmar-l\u00e4n-300x168.jpg 300w\" sizes=\"(max-width: 690px) 100vw, 690px\" \/><figcaption id=\"caption-attachment-724\" class=\"wp-caption-text\"><em>\u00c4bin Kalmar l\u00e4n 2019<\/em><\/figcaption><\/figure>\n<p>Notera att andelen mager mark som \u00e5terbeskogas med tall \u00f6kar, vilket \u00e4r ett positivt tecken. \u00c5 andra sidan \u00f6kar \u00e4ven andelen tallstammar som skadas av vilt, nu p\u00e5 19%. M\u00e5let \u00e4r 5% (vid n\u00e5got tillf\u00e4lle har jag sett att just Kalmar l\u00e4n haft 6% som m\u00e5l konstigt nog). Vi ser ocks\u00e5 att 43% av tallstammarna \u00e4r oskadade eller 57% av alla tallar upp till 4 meter \u00e4r betade eller skakade av kl\u00f6vvilt p\u00e5 n\u00e5got s\u00e4tt. M\u00e5let \u00e4r att 85% ska vara oskadade och det ska i sin tur ge 70% oskadade tallar vid 5 meters h\u00f6jd (\u00e4lgs\u00e4ker h\u00f6jd). Nu blev det mycket siffror men vi kan sammanfatta det hela med att vi \u00e4r l\u00e5ngt ifr\u00e5n att ha balans mellan vilt och bete.<\/p>\n<p>Vad kostar betningen d\u00e5? Ja, i h\u00f6stas kom Skogsstyrelsen med en rapport d\u00e4r de ber\u00e4knar kostnaderna f\u00f6r betesskador till ca 7 miljarder kronor per \u00e5r och f\u00f6r n\u00e5gra \u00e5r sedan kom S\u00f6dra med en rapport d\u00e4r de ber\u00e4knade kostnaden f\u00f6r viltbetesskador i G\u00f6taland till ca 1 miljard. Exakt vad siffran \u00e4r f\u00f6r betesskador kan man diskutera, men helt klart \u00e4r det en mycket stor kostnad f\u00f6r svenskt skogsbruk. Sj\u00e4lvklart s\u00e5 ger jakten en hel del int\u00e4kter och naturupplevelser, s\u00e5 \u00e4lgen har en sj\u00e4lvklar plats i skogen, inte tal om annat. Men jag anser vi skulle ha f\u00e4rre kl\u00f6vvilt \u00e4n vad vi har idag, \u00c4bin siffrorna talar sitt tydliga spr\u00e5k, vi \u00e4r l\u00e5ngt ifr\u00e5n att ha balans mellan viltet och tillg\u00e4ngligt bete. Tyv\u00e4rr f\u00f6rv\u00e4rras situationen av att det har blivit vanligt att anl\u00e4gga gran p\u00e5 tallmark. Inte nog med att granen inte \u00e4r bete n\u00e4r den \u00e4r ung, som uppvuxen gran skapar den s\u00e5 m\u00f6rka skogar att riset v\u00e4xer s\u00e4mre. Och \u00e4lgarnas basf\u00f6da \u00e4r tall, olika l\u00f6v och olika sorters ris (ljung, bl\u00e5b\u00e4r och lingonris). En tall- eller blandskog sl\u00e4pper in ljus s\u00e5 att riset kan v\u00e4xa fint. Men den h\u00e4r punkten ska inte handla om att reducera kl\u00f6vviltet utan den andra faktorn, n\u00e4mligen \u00f6ka maten f\u00f6r viltet.<\/p>\n<figure id=\"attachment_730\" aria-describedby=\"caption-attachment-730\" style=\"width: 696px\" class=\"wp-caption alignnone\"><img loading=\"lazy\" class=\"size-full wp-image-730\" src=\"https:\/\/blogg.atl.nu\/det-grona-guldet\/wp-content\/uploads\/sites\/38\/2020\/02\/r\u00f6jning.jpg\" alt=\"\" width=\"696\" height=\"927\" srcset=\"https:\/\/blogg.atl.nu\/det-grona-guldet\/wp-content\/uploads\/sites\/38\/2020\/02\/r\u00f6jning.jpg 696w, https:\/\/blogg.atl.nu\/det-grona-guldet\/wp-content\/uploads\/sites\/38\/2020\/02\/r\u00f6jning-225x300.jpg 225w\" sizes=\"(max-width: 696px) 100vw, 696px\" \/><figcaption id=\"caption-attachment-730\" class=\"wp-caption-text\"><em>R\u00f6jning<\/em><\/figcaption><\/figure>\n<p>N\u00e4r vi r\u00f6jer s\u00e5 spar vi allt undertryckt, det vill s\u00e4ga all bj\u00f6rk och annat l\u00f6v som inte \u00f6vertoppar tallen\/granen f\u00e5r st\u00e5 kvar och bli mat till kl\u00f6vviltet. Extra viktigt att beh\u00e5lla RASE, den f\u00e5r st\u00e5 kvar \u00e4ven om den \u00f6vertoppar. Det ser vi s\u00e4llan dock. R\u00f6nnen \u00e4r en favorit hos \u00e4lgen och den kan vid gynnsamma fall sprida sig ordentligt. Ser man att den b\u00f6rjar komma upp och bilda tr\u00e4d, s\u00e5 \u00e4r det ett positivt tecken. Vi har vissa omr\u00e5den p\u00e5 v\u00e5r skog i Bergslagen d\u00e4r den b\u00f6rjar komma upp ordentligt. Det \u00e4r stor skillnad mot f\u00f6r n\u00e5gra \u00e5r sedan n\u00e4r den kom upp i fotledsh\u00f6jd, sen kom den inte h\u00f6gre f\u00f6r betestrycket var s\u00e5 h\u00f6gt. S\u00e5 ser det tyv\u00e4rr ut p\u00e5 i v\u00e5r skog utanf\u00f6r Vimmerby. D\u00e4r ser b\u00e5de r\u00f6nnen och eken ut som bonsai tr\u00e4d, l\u00e5ga och h\u00e5rt betade. Om man inte har n\u00e5gon r\u00f6nn, kan man ta fram fr\u00f6n fr\u00e5n den s\u00e5 man kan s\u00e5. Bosse brukar bereda fram fr\u00f6n fr\u00e5n r\u00f6nnb\u00e4r och oxelb\u00e4r, det kan ni <a href=\"https:\/\/blogg.atl.nu\/det-grona-guldet\/2019\/11\/28\/att-ta-fram-algmat-ronn-och-oxel\/\"><span style=\"text-decoration: underline\">l\u00e4sa om h\u00e4r<\/span><\/a>.<\/p>\n<figure id=\"attachment_729\" aria-describedby=\"caption-attachment-729\" style=\"width: 685px\" class=\"wp-caption alignnone\"><img loading=\"lazy\" class=\"size-full wp-image-729\" src=\"https:\/\/blogg.atl.nu\/det-grona-guldet\/wp-content\/uploads\/sites\/38\/2020\/02\/Mat.jpg\" alt=\"\" width=\"685\" height=\"389\" srcset=\"https:\/\/blogg.atl.nu\/det-grona-guldet\/wp-content\/uploads\/sites\/38\/2020\/02\/Mat.jpg 685w, https:\/\/blogg.atl.nu\/det-grona-guldet\/wp-content\/uploads\/sites\/38\/2020\/02\/Mat-300x170.jpg 300w\" sizes=\"(max-width: 685px) 100vw, 685px\" \/><figcaption id=\"caption-attachment-729\" class=\"wp-caption-text\"><em>Mat<\/em><\/figcaption><\/figure>\n<p>Vi r\u00f6jer i flera steg, hellre lite och ofta \u00e4n mycket och s\u00e4llan. Tanken \u00e4r att allt l\u00f6v vi sparar blir mat till kl\u00f6vviltet och p\u00e5 s\u00e5 s\u00e4tt \u00e4ter den mindre av v\u00e5r tall. Flera forskare \u00e4r inne p\u00e5 liknande tankar, lyssna g\u00e4rna p\u00e5 <span style=\"text-decoration: underline\"><a href=\"http:\/\/www.skogspodden.se\/blandskog\/avsnitt-2-viltanpassad-rojning\/\">Skogspodden avsnitt nr 2<\/a><\/span>, d\u00e4r vi intervjuar M\u00e4rtha Wallgren, viltekolog p\u00e5 Skogforsk i Uppsala.<\/p>\n<p>I talldominerade best\u00e5nd r\u00f6jer vi bort tallar f\u00f6rst n\u00e4r vi n\u00e5r \u00e4lgs\u00e4ker h\u00f6jd, dvs fem meter. Fast f\u00f6rv\u00e4xande grovkvistiga tallar (vargar) r\u00f6jer vi bort innan om vi springer p\u00e5 dem. De tallar som \u00e4r betade f\u00e5r g\u00e4rna st\u00e5 kvar eftersom det visat sig att \u00e4lgen g\u00e4rna \u00e5terkommer och betar p\u00e5 samma tall igen, tydligen s\u00e5 smakar tallarna annorlunda.<\/p>\n<p>N\u00e4r det g\u00e4ller betningen i skogen s\u00e5 b\u00f6r jag n\u00e4mna att beskogningen \u00e4r viktig, ska man klara en betning i ett tallbest\u00e5nd b\u00f6r man ha minst 8 000 &#8211; 10 000 plant\/hektar. Det \u00e4r sv\u00e5rt att f\u00e5 om man planterar tall, utan det \u00e4r s\u00e5dd eller sj\u00e4lvf\u00f6ryngring eller helst b\u00e5de och som g\u00e4ller. Nedan ser ni s\u00e5dda tallplantor tre veckor efter s\u00e5dd. Visst \u00e4r de fina!<\/p>\n<figure id=\"attachment_736\" aria-describedby=\"caption-attachment-736\" style=\"width: 701px\" class=\"wp-caption alignnone\"><img loading=\"lazy\" class=\"size-full wp-image-736\" src=\"https:\/\/blogg.atl.nu\/det-grona-guldet\/wp-content\/uploads\/sites\/38\/2020\/02\/s\u00e5dd.jpg\" alt=\"\" width=\"701\" height=\"394\" srcset=\"https:\/\/blogg.atl.nu\/det-grona-guldet\/wp-content\/uploads\/sites\/38\/2020\/02\/s\u00e5dd.jpg 701w, https:\/\/blogg.atl.nu\/det-grona-guldet\/wp-content\/uploads\/sites\/38\/2020\/02\/s\u00e5dd-300x169.jpg 300w\" sizes=\"(max-width: 701px) 100vw, 701px\" \/><figcaption id=\"caption-attachment-736\" class=\"wp-caption-text\"><em>s\u00e5dda tallplantor tre veckor efter s\u00e5dd<\/em><\/figcaption><\/figure>\n","protected":false},"excerpt":{"rendered":"<p>Nu har vi kommit till del sex i min lilla serie om hur jag ser p\u00e5 ett h\u00e5llbart skogsbruk. De tidigare delarna hittar ni h\u00e4r. Del ett, del tv\u00e5, del tre, del fyra och del fem. Om ni f\u00f6ljer Skogspodden p\u00e5 Facebook s\u00e5 ser ni n\u00e4r nya poddar och inl\u00e4gg p\u00e5 bloggen dyker upp, g\u00f6r&#8230;<\/p>\n","protected":false},"author":358,"featured_media":736,"comment_status":"open","ping_status":"open","sticky":false,"template":"","format":"standard","meta":[],"categories":[1],"tags":[22,4,7],"yoast_head":"<!-- This site is optimized with the Yoast SEO plugin v19.6 - https:\/\/yoast.com\/wordpress\/plugins\/seo\/ -->\n<title>H\u00e5llbart skogsbruk del 6 - Balans mellan vilt och bete - Det gr\u00f6na guldet<\/title>\n<meta name=\"robots\" content=\"index, follow, max-snippet:-1, max-image-preview:large, max-video-preview:-1\" \/>\n<link rel=\"canonical\" href=\"https:\/\/blogg.atl.nu\/det-grona-guldet\/2020\/02\/13\/hallbart-skogsbruk-del-6-balans-mellan-vilt-och-bete\/\" \/>\n<meta property=\"og:locale\" content=\"sv_SE\" \/>\n<meta property=\"og:type\" content=\"article\" \/>\n<meta property=\"og:title\" content=\"H\u00e5llbart skogsbruk del 6 - Balans mellan vilt och bete - Det gr\u00f6na guldet\" \/>\n<meta property=\"og:description\" content=\"Nu har vi kommit till del sex i min lilla serie om hur jag ser p\u00e5 ett h\u00e5llbart skogsbruk. De tidigare delarna hittar ni h\u00e4r. Del ett, del tv\u00e5, del tre, del fyra och del fem. Om ni f\u00f6ljer Skogspodden p\u00e5 Facebook s\u00e5 ser ni n\u00e4r nya poddar och inl\u00e4gg p\u00e5 bloggen dyker upp, g\u00f6r...\" \/>\n<meta property=\"og:url\" content=\"https:\/\/blogg.atl.nu\/det-grona-guldet\/2020\/02\/13\/hallbart-skogsbruk-del-6-balans-mellan-vilt-och-bete\/\" \/>\n<meta property=\"og:site_name\" content=\"Det gr\u00f6na guldet\" \/>\n<meta property=\"article:published_time\" content=\"2020-02-13T12:11:00+00:00\" \/>\n<meta property=\"article:modified_time\" content=\"2020-02-13T12:15:47+00:00\" \/>\n<meta property=\"og:image\" content=\"https:\/\/blogg.atl.nu\/det-grona-guldet\/wp-content\/uploads\/sites\/38\/2020\/02\/s\u00e5dd.jpg\" \/>\n\t<meta property=\"og:image:width\" content=\"701\" \/>\n\t<meta property=\"og:image:height\" content=\"394\" \/>\n\t<meta property=\"og:image:type\" content=\"image\/jpeg\" \/>\n<meta name=\"author\" content=\"perjonasson\" \/>\n<meta name=\"twitter:card\" content=\"summary_large_image\" \/>\n<meta name=\"twitter:label1\" content=\"Skriven av\" \/>\n\t<meta name=\"twitter:data1\" content=\"perjonasson\" \/>\n\t<meta name=\"twitter:label2\" content=\"Ber\u00e4knad l\u00e4stid\" \/>\n\t<meta name=\"twitter:data2\" content=\"5 minuter\" \/>\n<script type=\"application\/ld+json\" class=\"yoast-schema-graph\">{\"@context\":\"https:\/\/schema.org\",\"@graph\":[{\"@type\":\"WebPage\",\"@id\":\"https:\/\/blogg.atl.nu\/det-grona-guldet\/2020\/02\/13\/hallbart-skogsbruk-del-6-balans-mellan-vilt-och-bete\/\",\"url\":\"https:\/\/blogg.atl.nu\/det-grona-guldet\/2020\/02\/13\/hallbart-skogsbruk-del-6-balans-mellan-vilt-och-bete\/\",\"name\":\"H\u00e5llbart skogsbruk del 6 - Balans mellan vilt och bete - Det gr\u00f6na guldet\",\"isPartOf\":{\"@id\":\"https:\/\/blogg.atl.nu\/det-grona-guldet\/#website\"},\"datePublished\":\"2020-02-13T12:11:00+00:00\",\"dateModified\":\"2020-02-13T12:15:47+00:00\",\"author\":{\"@id\":\"https:\/\/blogg.atl.nu\/det-grona-guldet\/#\/schema\/person\/287702eafc70c00d00ddd6052f82103c\"},\"breadcrumb\":{\"@id\":\"https:\/\/blogg.atl.nu\/det-grona-guldet\/2020\/02\/13\/hallbart-skogsbruk-del-6-balans-mellan-vilt-och-bete\/#breadcrumb\"},\"inLanguage\":\"sv-SE\",\"potentialAction\":[{\"@type\":\"ReadAction\",\"target\":[\"https:\/\/blogg.atl.nu\/det-grona-guldet\/2020\/02\/13\/hallbart-skogsbruk-del-6-balans-mellan-vilt-och-bete\/\"]}]},{\"@type\":\"BreadcrumbList\",\"@id\":\"https:\/\/blogg.atl.nu\/det-grona-guldet\/2020\/02\/13\/hallbart-skogsbruk-del-6-balans-mellan-vilt-och-bete\/#breadcrumb\",\"itemListElement\":[{\"@type\":\"ListItem\",\"position\":1,\"name\":\"Home\",\"item\":\"https:\/\/blogg.atl.nu\/det-grona-guldet\/\"},{\"@type\":\"ListItem\",\"position\":2,\"name\":\"H\u00e5llbart skogsbruk del 6 &#8211; Balans mellan vilt och bete\"}]},{\"@type\":\"WebSite\",\"@id\":\"https:\/\/blogg.atl.nu\/det-grona-guldet\/#website\",\"url\":\"https:\/\/blogg.atl.nu\/det-grona-guldet\/\",\"name\":\"Det gr\u00f6na guldet\",\"description\":\"Per Jonasson\",\"potentialAction\":[{\"@type\":\"SearchAction\",\"target\":{\"@type\":\"EntryPoint\",\"urlTemplate\":\"https:\/\/blogg.atl.nu\/det-grona-guldet\/?s={search_term_string}\"},\"query-input\":\"required name=search_term_string\"}],\"inLanguage\":\"sv-SE\"},{\"@type\":\"Person\",\"@id\":\"https:\/\/blogg.atl.nu\/det-grona-guldet\/#\/schema\/person\/287702eafc70c00d00ddd6052f82103c\",\"name\":\"perjonasson\",\"image\":{\"@type\":\"ImageObject\",\"inLanguage\":\"sv-SE\",\"@id\":\"https:\/\/blogg.atl.nu\/det-grona-guldet\/#\/schema\/person\/image\/\",\"url\":\"https:\/\/secure.gravatar.com\/avatar\/cb1f6adf68537abe8b5ad3acda4c0b63?s=96&d=mm&r=g\",\"contentUrl\":\"https:\/\/secure.gravatar.com\/avatar\/cb1f6adf68537abe8b5ad3acda4c0b63?s=96&d=mm&r=g\",\"caption\":\"perjonasson\"},\"url\":\"https:\/\/blogg.atl.nu\/det-grona-guldet\/author\/perjonasson\/\"}]}<\/script>\n<!-- \/ Yoast SEO plugin. -->","yoast_head_json":{"title":"H\u00e5llbart skogsbruk del 6 - Balans mellan vilt och bete - Det gr\u00f6na guldet","robots":{"index":"index","follow":"follow","max-snippet":"max-snippet:-1","max-image-preview":"max-image-preview:large","max-video-preview":"max-video-preview:-1"},"canonical":"https:\/\/blogg.atl.nu\/det-grona-guldet\/2020\/02\/13\/hallbart-skogsbruk-del-6-balans-mellan-vilt-och-bete\/","og_locale":"sv_SE","og_type":"article","og_title":"H\u00e5llbart skogsbruk del 6 - Balans mellan vilt och bete - Det gr\u00f6na guldet","og_description":"Nu har vi kommit till del sex i min lilla serie om hur jag ser p\u00e5 ett h\u00e5llbart skogsbruk. De tidigare delarna hittar ni h\u00e4r. Del ett, del tv\u00e5, del tre, del fyra och del fem. Om ni f\u00f6ljer Skogspodden p\u00e5 Facebook s\u00e5 ser ni n\u00e4r nya poddar och inl\u00e4gg p\u00e5 bloggen dyker upp, g\u00f6r...","og_url":"https:\/\/blogg.atl.nu\/det-grona-guldet\/2020\/02\/13\/hallbart-skogsbruk-del-6-balans-mellan-vilt-och-bete\/","og_site_name":"Det gr\u00f6na guldet","article_published_time":"2020-02-13T12:11:00+00:00","article_modified_time":"2020-02-13T12:15:47+00:00","og_image":[{"width":701,"height":394,"url":"https:\/\/blogg.atl.nu\/det-grona-guldet\/wp-content\/uploads\/sites\/38\/2020\/02\/s\u00e5dd.jpg","type":"image\/jpeg"}],"author":"perjonasson","twitter_card":"summary_large_image","twitter_misc":{"Skriven av":"perjonasson","Ber\u00e4knad l\u00e4stid":"5 minuter"},"schema":{"@context":"https:\/\/schema.org","@graph":[{"@type":"WebPage","@id":"https:\/\/blogg.atl.nu\/det-grona-guldet\/2020\/02\/13\/hallbart-skogsbruk-del-6-balans-mellan-vilt-och-bete\/","url":"https:\/\/blogg.atl.nu\/det-grona-guldet\/2020\/02\/13\/hallbart-skogsbruk-del-6-balans-mellan-vilt-och-bete\/","name":"H\u00e5llbart skogsbruk del 6 - Balans mellan vilt och bete - Det gr\u00f6na guldet","isPartOf":{"@id":"https:\/\/blogg.atl.nu\/det-grona-guldet\/#website"},"datePublished":"2020-02-13T12:11:00+00:00","dateModified":"2020-02-13T12:15:47+00:00","author":{"@id":"https:\/\/blogg.atl.nu\/det-grona-guldet\/#\/schema\/person\/287702eafc70c00d00ddd6052f82103c"},"breadcrumb":{"@id":"https:\/\/blogg.atl.nu\/det-grona-guldet\/2020\/02\/13\/hallbart-skogsbruk-del-6-balans-mellan-vilt-och-bete\/#breadcrumb"},"inLanguage":"sv-SE","potentialAction":[{"@type":"ReadAction","target":["https:\/\/blogg.atl.nu\/det-grona-guldet\/2020\/02\/13\/hallbart-skogsbruk-del-6-balans-mellan-vilt-och-bete\/"]}]},{"@type":"BreadcrumbList","@id":"https:\/\/blogg.atl.nu\/det-grona-guldet\/2020\/02\/13\/hallbart-skogsbruk-del-6-balans-mellan-vilt-och-bete\/#breadcrumb","itemListElement":[{"@type":"ListItem","position":1,"name":"Home","item":"https:\/\/blogg.atl.nu\/det-grona-guldet\/"},{"@type":"ListItem","position":2,"name":"H\u00e5llbart skogsbruk del 6 &#8211; Balans mellan vilt och bete"}]},{"@type":"WebSite","@id":"https:\/\/blogg.atl.nu\/det-grona-guldet\/#website","url":"https:\/\/blogg.atl.nu\/det-grona-guldet\/","name":"Det gr\u00f6na guldet","description":"Per Jonasson","potentialAction":[{"@type":"SearchAction","target":{"@type":"EntryPoint","urlTemplate":"https:\/\/blogg.atl.nu\/det-grona-guldet\/?s={search_term_string}"},"query-input":"required name=search_term_string"}],"inLanguage":"sv-SE"},{"@type":"Person","@id":"https:\/\/blogg.atl.nu\/det-grona-guldet\/#\/schema\/person\/287702eafc70c00d00ddd6052f82103c","name":"perjonasson","image":{"@type":"ImageObject","inLanguage":"sv-SE","@id":"https:\/\/blogg.atl.nu\/det-grona-guldet\/#\/schema\/person\/image\/","url":"https:\/\/secure.gravatar.com\/avatar\/cb1f6adf68537abe8b5ad3acda4c0b63?s=96&d=mm&r=g","contentUrl":"https:\/\/secure.gravatar.com\/avatar\/cb1f6adf68537abe8b5ad3acda4c0b63?s=96&d=mm&r=g","caption":"perjonasson"},"url":"https:\/\/blogg.atl.nu\/det-grona-guldet\/author\/perjonasson\/"}]}},"_links":{"self":[{"href":"https:\/\/blogg.atl.nu\/det-grona-guldet\/wp-json\/wp\/v2\/posts\/722"}],"collection":[{"href":"https:\/\/blogg.atl.nu\/det-grona-guldet\/wp-json\/wp\/v2\/posts"}],"about":[{"href":"https:\/\/blogg.atl.nu\/det-grona-guldet\/wp-json\/wp\/v2\/types\/post"}],"author":[{"embeddable":true,"href":"https:\/\/blogg.atl.nu\/det-grona-guldet\/wp-json\/wp\/v2\/users\/358"}],"replies":[{"embeddable":true,"href":"https:\/\/blogg.atl.nu\/det-grona-guldet\/wp-json\/wp\/v2\/comments?post=722"}],"version-history":[{"count":14,"href":"https:\/\/blogg.atl.nu\/det-grona-guldet\/wp-json\/wp\/v2\/posts\/722\/revisions"}],"predecessor-version":[{"id":740,"href":"https:\/\/blogg.atl.nu\/det-grona-guldet\/wp-json\/wp\/v2\/posts\/722\/revisions\/740"}],"wp:featuredmedia":[{"embeddable":true,"href":"https:\/\/blogg.atl.nu\/det-grona-guldet\/wp-json\/wp\/v2\/media\/736"}],"wp:attachment":[{"href":"https:\/\/blogg.atl.nu\/det-grona-guldet\/wp-json\/wp\/v2\/media?parent=722"}],"wp:term":[{"taxonomy":"category","embeddable":true,"href":"https:\/\/blogg.atl.nu\/det-grona-guldet\/wp-json\/wp\/v2\/categories?post=722"},{"taxonomy":"post_tag","embeddable":true,"href":"https:\/\/blogg.atl.nu\/det-grona-guldet\/wp-json\/wp\/v2\/tags?post=722"}],"curies":[{"name":"wp","href":"https:\/\/api.w.org\/{rel}","templated":true}]}}