{"id":856,"date":"2020-03-07T09:23:57","date_gmt":"2020-03-07T08:23:57","guid":{"rendered":"https:\/\/blogg.atl.nu\/det-grona-guldet\/?p=856"},"modified":"2020-03-07T09:23:57","modified_gmt":"2020-03-07T08:23:57","slug":"en-vecka-med-vindfallen","status":"publish","type":"post","link":"https:\/\/blogg.atl.nu\/det-grona-guldet\/2020\/03\/07\/en-vecka-med-vindfallen\/","title":{"rendered":"En vecka med vindf\u00e4llen"},"content":{"rendered":"<p>\u00c4ntligen b\u00f6rjar vi se slutet p\u00e5 arbetet med v\u00e5ra vindf\u00e4llen. I torsdags kapade vi upp de sista och vi hade stor hj\u00e4lp av min kusin Jonas p\u00e5 eftermiddagen. P\u00e5 f\u00f6rmiddagen kapade Bosse och jag upp ett antal granar som fallit i brynet och p\u00e5 eftermiddagen tog vi hand om fr\u00f6tallarna. Medans Jonas och jag kapade s\u00e5 gick Bosse runt och kontrollerade om det gick att f\u00e5 ut stamblock ur n\u00e5gra fr\u00f6tallar och det gick det, men kanske inte s\u00e5 m\u00e5nga som vi hoppats p\u00e5. Vi vill ju g\u00e4rna f\u00e5 fram den b\u00e4sta m\u00f6jliga kvalit\u00e9n fr\u00e5n v\u00e5rt virke och d\u00e4rf\u00f6r l\u00e4gger vi lite extra krut p\u00e5 att hitta stamblock.<\/p>\n<figure id=\"attachment_852\" aria-describedby=\"caption-attachment-852\" style=\"width: 685px\" class=\"wp-caption alignnone\"><img loading=\"lazy\" class=\"size-full wp-image-852\" src=\"https:\/\/blogg.atl.nu\/det-grona-guldet\/wp-content\/uploads\/sites\/38\/2020\/03\/20200305_132605.jpg\" alt=\"\" width=\"685\" height=\"514\" srcset=\"https:\/\/blogg.atl.nu\/det-grona-guldet\/wp-content\/uploads\/sites\/38\/2020\/03\/20200305_132605.jpg 685w, https:\/\/blogg.atl.nu\/det-grona-guldet\/wp-content\/uploads\/sites\/38\/2020\/03\/20200305_132605-300x225.jpg 300w\" sizes=\"(max-width: 685px) 100vw, 685px\" \/><figcaption id=\"caption-attachment-852\" class=\"wp-caption-text\">Stamblock?<\/figcaption><\/figure>\n<p>Jonas visade att hans gamla huggartakter fortfarande sitter i. Jag tycker aptering (dvs hur man kapar upp tr\u00e4det s\u00e5 man utnyttjar det optimalt med avseende p\u00e5 sortiment\/l\u00e4ngd) \u00e4r sv\u00e5rt och sj\u00e4lva kapningen av stocken n\u00e4r den ligger p\u00e5 backen. Det har h\u00e4nt mig att s\u00e5gen fastnat i just det momentet, men Jonas visade mig hur man jobbar med aptering och framf\u00f6r allt, hur man kan kapa upp stocken med minimal risk f\u00f6r att fastna. Efter han visat s\u00e5 funkade det mycket b\u00e4ttre, kanske kan jag l\u00e4ra mig det h\u00e4r till slut. Det blev en l\u00e5ng dag, men nu \u00e4r allt uppkapat s\u00e5 nu v\u00e4ntar vi p\u00e5 sk\u00f6rdare (p\u00e5 de hyggen d\u00e4r vi bara rotkapat) och skotare (p\u00e5 de hyggen d\u00e4r vi apterat) att ordna resten.<\/p>\n<p>Men vi har hunnit med en del annat i veckan ocks\u00e5. Vi fick hj\u00e4lpa v\u00e5ra duktiga sk\u00f6rdare att manuell f\u00e4lla n\u00e5gra granar som stod i en brant sluttning. Sk\u00f6rdaren kom inte \u00e5t dem s\u00e5 jag f\u00e4llde dem. Flera av dem lutade kraftigt \u00e5t fel h\u00e5ll s\u00e5 jag fick jobba ordentligt med m\u00e5nga kilar. Men ner kom de!<\/p>\n<figure id=\"attachment_849\" aria-describedby=\"caption-attachment-849\" style=\"width: 685px\" class=\"wp-caption alignnone\"><img loading=\"lazy\" class=\"size-full wp-image-849\" src=\"https:\/\/blogg.atl.nu\/det-grona-guldet\/wp-content\/uploads\/sites\/38\/2020\/03\/20200304_085158.jpg\" alt=\"\" width=\"685\" height=\"514\" srcset=\"https:\/\/blogg.atl.nu\/det-grona-guldet\/wp-content\/uploads\/sites\/38\/2020\/03\/20200304_085158.jpg 685w, https:\/\/blogg.atl.nu\/det-grona-guldet\/wp-content\/uploads\/sites\/38\/2020\/03\/20200304_085158-300x225.jpg 300w\" sizes=\"(max-width: 685px) 100vw, 685px\" \/><figcaption id=\"caption-attachment-849\" class=\"wp-caption-text\"><em>Granen nere f\u00f6r r\u00e4kning<\/em><\/figcaption><\/figure>\n<p>I veckan har vi ocks\u00e5 haft bes\u00f6k av en fotograf. Han tog en massa kort p\u00e5 oss, b\u00e5de i skogen och i v\u00e5r &#8221;poddstudio&#8221; p\u00e5 g\u00e5rden. Det \u00e4r inf\u00f6r en liten artikel i Deromes kundtidning, som kommer i slutet av April. J\u00e4ttekul att f\u00e5 vara med d\u00e4r, Derome \u00e4r ett fantastiskt f\u00f6retag som man kan beundra.<\/p>\n<figure id=\"attachment_850\" aria-describedby=\"caption-attachment-850\" style=\"width: 685px\" class=\"wp-caption alignnone\"><img loading=\"lazy\" class=\"size-full wp-image-850\" src=\"https:\/\/blogg.atl.nu\/det-grona-guldet\/wp-content\/uploads\/sites\/38\/2020\/03\/20200304_122520.jpg\" alt=\"\" width=\"685\" height=\"514\" srcset=\"https:\/\/blogg.atl.nu\/det-grona-guldet\/wp-content\/uploads\/sites\/38\/2020\/03\/20200304_122520.jpg 685w, https:\/\/blogg.atl.nu\/det-grona-guldet\/wp-content\/uploads\/sites\/38\/2020\/03\/20200304_122520-300x225.jpg 300w\" sizes=\"(max-width: 685px) 100vw, 685px\" \/><figcaption id=\"caption-attachment-850\" class=\"wp-caption-text\"><em>Bosse visar stamkvistning<\/em><\/figcaption><\/figure>\n<p>Vi har ocks\u00e5 f\u00f6ljt v\u00e5r avverkning f\u00f6rst\u00e5s. Den rullar p\u00e5 fint och f\u00f6rarna g\u00f6r ett mycket bra jobb. Avverkningen blir nog klar n\u00e4sta vecka och det ska bli intressant att se hur mycket det blir och hur hygget ser ut. Vi har st\u00e4llt kvar r\u00e4tt m\u00e5nga fina \u00e4ldre tallar och en del andra grupper och det \u00e4r alltid sp\u00e4nnande att se resultatet.<\/p>\n<figure id=\"attachment_858\" aria-describedby=\"caption-attachment-858\" style=\"width: 685px\" class=\"wp-caption alignnone\"><img loading=\"lazy\" class=\"size-full wp-image-858\" src=\"https:\/\/blogg.atl.nu\/det-grona-guldet\/wp-content\/uploads\/sites\/38\/2020\/03\/20200303_105229.jpg\" alt=\"\" width=\"685\" height=\"514\" srcset=\"https:\/\/blogg.atl.nu\/det-grona-guldet\/wp-content\/uploads\/sites\/38\/2020\/03\/20200303_105229.jpg 685w, https:\/\/blogg.atl.nu\/det-grona-guldet\/wp-content\/uploads\/sites\/38\/2020\/03\/20200303_105229-300x225.jpg 300w\" sizes=\"(max-width: 685px) 100vw, 685px\" \/><figcaption id=\"caption-attachment-858\" class=\"wp-caption-text\"><em>Avverkning<\/em><\/figcaption><\/figure>\n<p>Den st\u00f6rsta granen vi kapade i veckan \u00e4r nog den p\u00e5 den f\u00f6rsta bilden. Den m\u00e4tte 56 cm i diameter n\u00e4ra roten och n\u00e4r vi f\u00e4llt den s\u00e5 kapade jag en trissa, som jag t\u00e4nkte testa att torka. Jag lade den i b\u00e4cken medans vi jobbade i skogen och n\u00e4r vi var klara tog jag med den hem. Jag delade n\u00e5gra bilder p\u00e5 Instagram och fick en del kommentarer om att den nog kommer att spricka och s\u00e5 \u00e4r det ju. Torkar man en trissa rakt av s\u00e5 spricker ganska direkt. D\u00e4rf\u00f6r lade jag sn\u00f6 p\u00e5 den n\u00e4r jag k\u00f6rde hem p\u00e5 torsdagskv\u00e4llen. Jag har en ide om hur jag ska kunna torka den utan att den spricker, vi f\u00e5r se om det g\u00e5r. Jag trodde trissan skulle f\u00e5 plats i en stor balja jag har hemma men tyv\u00e4rr hade jag missbed\u00f6mt storleken s\u00e5 den r\u00e4ckte inte till, se bild nedan.<\/p>\n<figure id=\"attachment_853\" aria-describedby=\"caption-attachment-853\" style=\"width: 696px\" class=\"wp-caption alignnone\"><img loading=\"lazy\" class=\"size-full wp-image-853\" src=\"https:\/\/blogg.atl.nu\/det-grona-guldet\/wp-content\/uploads\/sites\/38\/2020\/03\/20200305_212507.jpg\" alt=\"\" width=\"696\" height=\"927\" srcset=\"https:\/\/blogg.atl.nu\/det-grona-guldet\/wp-content\/uploads\/sites\/38\/2020\/03\/20200305_212507.jpg 696w, https:\/\/blogg.atl.nu\/det-grona-guldet\/wp-content\/uploads\/sites\/38\/2020\/03\/20200305_212507-225x300.jpg 225w\" sizes=\"(max-width: 696px) 100vw, 696px\" \/><figcaption id=\"caption-attachment-853\" class=\"wp-caption-text\"><em>F\u00f6r stor trissa eller f\u00f6r liten balja<\/em><\/figcaption><\/figure>\n<p>Som tur \u00e4r s\u00e5 \u00e4r min fru kreativ och kom p\u00e5 en l\u00f6sning. Vi har en stor gammal tv\u00e4ttbalja av koppar, d\u00e4r vi f\u00f6rvarar ved. Vi t\u00f6mde den, lade trissan i tre lager sops\u00e4ckar, som vi sedan kunde l\u00e4gga i kopparbaljan. I sops\u00e4ckarna har vi vatten och ett \u00e4mne som f\u00f6rhoppningsvis g\u00f6r att den inte spricker. Jag \u00e4r inte helt s\u00e4ker p\u00e5 att det funkar, att ha trissan i en sops\u00e4ck \u00e4r inte optimalt och jag vet inte om jag har tillr\u00e4cklig koncentration av \u00e4mnet men det \u00e4r v\u00e4rt ett f\u00f6rs\u00f6k. Jag ber att f\u00e5 \u00e5terkomma om ett par m\u00e5nader med resultatet.<\/p>\n<p>De tv\u00e5 trissor som st\u00e5r bakom baljan kommer uppifr\u00e5n en gran som vi f\u00e4llde i v\u00e5r barkborrejakt. Trissorna kommer 9 meter upp i granen och \u00e4r 36 cm i diameter men ser sm\u00e5 ut j\u00e4mf\u00f6rt med den andra. Jag n\u00e4mnde det i ett <a href=\"https:\/\/blogg.atl.nu\/det-grona-guldet\/2020\/01\/10\/krafter-vi-aldrig-kanner\/\"><span style=\"text-decoration: underline\">tidigare inl\u00e4gg h\u00e4r<\/span><\/a>.<\/p>\n<p>En annan helt annorlunda kul sak som h\u00e4nde p\u00e5 fredag eftermiddag var att N\u00e4ringsdepartementet twittrade om att de f\u00f6rl\u00e4nger ett uppdrag till SLU att ta fram och kommunicera kunskap om m\u00e5ngbruk. Vad \u00e4r det f\u00f6r kul med det kanske ni t\u00e4nker? Jo, de taggade oss i tweeten och det gjorde de r\u00e4tt i, vi \u00e4r starkt f\u00f6r m\u00e5ngbruk, ja till och med en del av det. Lyssna g\u00e4rna in v\u00e5rt <a href=\"http:\/\/www.skogspodden.se\/skogselmia\/avsnitt-54-skogselmia-dag-3-8e-juni\/\"><span style=\"text-decoration: underline\">poddavsnitt 54<\/span><\/a>, som handlar om m\u00e5ngbruk. R\u00e4kna med oss, vi \u00e4r p\u00e5!<\/p>\n<figure id=\"attachment_855\" aria-describedby=\"caption-attachment-855\" style=\"width: 691px\" class=\"wp-caption alignnone\"><img loading=\"lazy\" class=\"size-full wp-image-855\" src=\"https:\/\/blogg.atl.nu\/det-grona-guldet\/wp-content\/uploads\/sites\/38\/2020\/03\/20200306_133630.jpg\" alt=\"\" width=\"691\" height=\"897\" srcset=\"https:\/\/blogg.atl.nu\/det-grona-guldet\/wp-content\/uploads\/sites\/38\/2020\/03\/20200306_133630.jpg 691w, https:\/\/blogg.atl.nu\/det-grona-guldet\/wp-content\/uploads\/sites\/38\/2020\/03\/20200306_133630-231x300.jpg 231w\" sizes=\"(max-width: 691px) 100vw, 691px\" \/><figcaption id=\"caption-attachment-855\" class=\"wp-caption-text\"><em>Skogspodden supportar m\u00e5ngbruk<\/em><\/figcaption><\/figure>\n","protected":false},"excerpt":{"rendered":"<p>\u00c4ntligen b\u00f6rjar vi se slutet p\u00e5 arbetet med v\u00e5ra vindf\u00e4llen. I torsdags kapade vi upp de sista och vi hade stor hj\u00e4lp av min kusin Jonas p\u00e5 eftermiddagen. P\u00e5 f\u00f6rmiddagen kapade Bosse och jag upp ett antal granar som fallit i brynet och p\u00e5 eftermiddagen tog vi hand om fr\u00f6tallarna. Medans Jonas och jag kapade&#8230;<\/p>\n","protected":false},"author":358,"featured_media":851,"comment_status":"open","ping_status":"open","sticky":false,"template":"","format":"standard","meta":[],"categories":[1],"tags":[72,9,67],"yoast_head":"<!-- This site is optimized with the Yoast SEO plugin v19.6 - https:\/\/yoast.com\/wordpress\/plugins\/seo\/ -->\n<title>En vecka med vindf\u00e4llen - Det gr\u00f6na guldet<\/title>\n<meta name=\"robots\" content=\"index, follow, max-snippet:-1, max-image-preview:large, max-video-preview:-1\" \/>\n<link rel=\"canonical\" href=\"https:\/\/blogg.atl.nu\/det-grona-guldet\/2020\/03\/07\/en-vecka-med-vindfallen\/\" \/>\n<meta property=\"og:locale\" content=\"sv_SE\" \/>\n<meta property=\"og:type\" content=\"article\" \/>\n<meta property=\"og:title\" content=\"En vecka med vindf\u00e4llen - Det gr\u00f6na guldet\" \/>\n<meta property=\"og:description\" content=\"\u00c4ntligen b\u00f6rjar vi se slutet p\u00e5 arbetet med v\u00e5ra vindf\u00e4llen. I torsdags kapade vi upp de sista och vi hade stor hj\u00e4lp av min kusin Jonas p\u00e5 eftermiddagen. P\u00e5 f\u00f6rmiddagen kapade Bosse och jag upp ett antal granar som fallit i brynet och p\u00e5 eftermiddagen tog vi hand om fr\u00f6tallarna. Medans Jonas och jag kapade...\" \/>\n<meta property=\"og:url\" content=\"https:\/\/blogg.atl.nu\/det-grona-guldet\/2020\/03\/07\/en-vecka-med-vindfallen\/\" \/>\n<meta property=\"og:site_name\" content=\"Det gr\u00f6na guldet\" \/>\n<meta property=\"article:published_time\" content=\"2020-03-07T08:23:57+00:00\" \/>\n<meta property=\"og:image\" content=\"https:\/\/blogg.atl.nu\/det-grona-guldet\/wp-content\/uploads\/sites\/38\/2020\/03\/20200305_113911.jpg\" \/>\n\t<meta property=\"og:image:width\" content=\"685\" \/>\n\t<meta property=\"og:image:height\" content=\"514\" \/>\n\t<meta property=\"og:image:type\" content=\"image\/jpeg\" \/>\n<meta name=\"author\" content=\"perjonasson\" \/>\n<meta name=\"twitter:card\" content=\"summary_large_image\" \/>\n<meta name=\"twitter:label1\" content=\"Skriven av\" \/>\n\t<meta name=\"twitter:data1\" content=\"perjonasson\" \/>\n\t<meta name=\"twitter:label2\" content=\"Ber\u00e4knad l\u00e4stid\" \/>\n\t<meta name=\"twitter:data2\" content=\"5 minuter\" \/>\n<script type=\"application\/ld+json\" class=\"yoast-schema-graph\">{\"@context\":\"https:\/\/schema.org\",\"@graph\":[{\"@type\":\"WebPage\",\"@id\":\"https:\/\/blogg.atl.nu\/det-grona-guldet\/2020\/03\/07\/en-vecka-med-vindfallen\/\",\"url\":\"https:\/\/blogg.atl.nu\/det-grona-guldet\/2020\/03\/07\/en-vecka-med-vindfallen\/\",\"name\":\"En vecka med vindf\u00e4llen - Det gr\u00f6na guldet\",\"isPartOf\":{\"@id\":\"https:\/\/blogg.atl.nu\/det-grona-guldet\/#website\"},\"datePublished\":\"2020-03-07T08:23:57+00:00\",\"dateModified\":\"2020-03-07T08:23:57+00:00\",\"author\":{\"@id\":\"https:\/\/blogg.atl.nu\/det-grona-guldet\/#\/schema\/person\/287702eafc70c00d00ddd6052f82103c\"},\"breadcrumb\":{\"@id\":\"https:\/\/blogg.atl.nu\/det-grona-guldet\/2020\/03\/07\/en-vecka-med-vindfallen\/#breadcrumb\"},\"inLanguage\":\"sv-SE\",\"potentialAction\":[{\"@type\":\"ReadAction\",\"target\":[\"https:\/\/blogg.atl.nu\/det-grona-guldet\/2020\/03\/07\/en-vecka-med-vindfallen\/\"]}]},{\"@type\":\"BreadcrumbList\",\"@id\":\"https:\/\/blogg.atl.nu\/det-grona-guldet\/2020\/03\/07\/en-vecka-med-vindfallen\/#breadcrumb\",\"itemListElement\":[{\"@type\":\"ListItem\",\"position\":1,\"name\":\"Home\",\"item\":\"https:\/\/blogg.atl.nu\/det-grona-guldet\/\"},{\"@type\":\"ListItem\",\"position\":2,\"name\":\"En vecka med vindf\u00e4llen\"}]},{\"@type\":\"WebSite\",\"@id\":\"https:\/\/blogg.atl.nu\/det-grona-guldet\/#website\",\"url\":\"https:\/\/blogg.atl.nu\/det-grona-guldet\/\",\"name\":\"Det gr\u00f6na guldet\",\"description\":\"Per Jonasson\",\"potentialAction\":[{\"@type\":\"SearchAction\",\"target\":{\"@type\":\"EntryPoint\",\"urlTemplate\":\"https:\/\/blogg.atl.nu\/det-grona-guldet\/?s={search_term_string}\"},\"query-input\":\"required name=search_term_string\"}],\"inLanguage\":\"sv-SE\"},{\"@type\":\"Person\",\"@id\":\"https:\/\/blogg.atl.nu\/det-grona-guldet\/#\/schema\/person\/287702eafc70c00d00ddd6052f82103c\",\"name\":\"perjonasson\",\"image\":{\"@type\":\"ImageObject\",\"inLanguage\":\"sv-SE\",\"@id\":\"https:\/\/blogg.atl.nu\/det-grona-guldet\/#\/schema\/person\/image\/\",\"url\":\"https:\/\/secure.gravatar.com\/avatar\/cb1f6adf68537abe8b5ad3acda4c0b63?s=96&d=mm&r=g\",\"contentUrl\":\"https:\/\/secure.gravatar.com\/avatar\/cb1f6adf68537abe8b5ad3acda4c0b63?s=96&d=mm&r=g\",\"caption\":\"perjonasson\"},\"url\":\"https:\/\/blogg.atl.nu\/det-grona-guldet\/author\/perjonasson\/\"}]}<\/script>\n<!-- \/ Yoast SEO plugin. -->","yoast_head_json":{"title":"En vecka med vindf\u00e4llen - Det gr\u00f6na guldet","robots":{"index":"index","follow":"follow","max-snippet":"max-snippet:-1","max-image-preview":"max-image-preview:large","max-video-preview":"max-video-preview:-1"},"canonical":"https:\/\/blogg.atl.nu\/det-grona-guldet\/2020\/03\/07\/en-vecka-med-vindfallen\/","og_locale":"sv_SE","og_type":"article","og_title":"En vecka med vindf\u00e4llen - Det gr\u00f6na guldet","og_description":"\u00c4ntligen b\u00f6rjar vi se slutet p\u00e5 arbetet med v\u00e5ra vindf\u00e4llen. I torsdags kapade vi upp de sista och vi hade stor hj\u00e4lp av min kusin Jonas p\u00e5 eftermiddagen. P\u00e5 f\u00f6rmiddagen kapade Bosse och jag upp ett antal granar som fallit i brynet och p\u00e5 eftermiddagen tog vi hand om fr\u00f6tallarna. Medans Jonas och jag kapade...","og_url":"https:\/\/blogg.atl.nu\/det-grona-guldet\/2020\/03\/07\/en-vecka-med-vindfallen\/","og_site_name":"Det gr\u00f6na guldet","article_published_time":"2020-03-07T08:23:57+00:00","og_image":[{"width":685,"height":514,"url":"https:\/\/blogg.atl.nu\/det-grona-guldet\/wp-content\/uploads\/sites\/38\/2020\/03\/20200305_113911.jpg","type":"image\/jpeg"}],"author":"perjonasson","twitter_card":"summary_large_image","twitter_misc":{"Skriven av":"perjonasson","Ber\u00e4knad l\u00e4stid":"5 minuter"},"schema":{"@context":"https:\/\/schema.org","@graph":[{"@type":"WebPage","@id":"https:\/\/blogg.atl.nu\/det-grona-guldet\/2020\/03\/07\/en-vecka-med-vindfallen\/","url":"https:\/\/blogg.atl.nu\/det-grona-guldet\/2020\/03\/07\/en-vecka-med-vindfallen\/","name":"En vecka med vindf\u00e4llen - Det gr\u00f6na guldet","isPartOf":{"@id":"https:\/\/blogg.atl.nu\/det-grona-guldet\/#website"},"datePublished":"2020-03-07T08:23:57+00:00","dateModified":"2020-03-07T08:23:57+00:00","author":{"@id":"https:\/\/blogg.atl.nu\/det-grona-guldet\/#\/schema\/person\/287702eafc70c00d00ddd6052f82103c"},"breadcrumb":{"@id":"https:\/\/blogg.atl.nu\/det-grona-guldet\/2020\/03\/07\/en-vecka-med-vindfallen\/#breadcrumb"},"inLanguage":"sv-SE","potentialAction":[{"@type":"ReadAction","target":["https:\/\/blogg.atl.nu\/det-grona-guldet\/2020\/03\/07\/en-vecka-med-vindfallen\/"]}]},{"@type":"BreadcrumbList","@id":"https:\/\/blogg.atl.nu\/det-grona-guldet\/2020\/03\/07\/en-vecka-med-vindfallen\/#breadcrumb","itemListElement":[{"@type":"ListItem","position":1,"name":"Home","item":"https:\/\/blogg.atl.nu\/det-grona-guldet\/"},{"@type":"ListItem","position":2,"name":"En vecka med vindf\u00e4llen"}]},{"@type":"WebSite","@id":"https:\/\/blogg.atl.nu\/det-grona-guldet\/#website","url":"https:\/\/blogg.atl.nu\/det-grona-guldet\/","name":"Det gr\u00f6na guldet","description":"Per Jonasson","potentialAction":[{"@type":"SearchAction","target":{"@type":"EntryPoint","urlTemplate":"https:\/\/blogg.atl.nu\/det-grona-guldet\/?s={search_term_string}"},"query-input":"required name=search_term_string"}],"inLanguage":"sv-SE"},{"@type":"Person","@id":"https:\/\/blogg.atl.nu\/det-grona-guldet\/#\/schema\/person\/287702eafc70c00d00ddd6052f82103c","name":"perjonasson","image":{"@type":"ImageObject","inLanguage":"sv-SE","@id":"https:\/\/blogg.atl.nu\/det-grona-guldet\/#\/schema\/person\/image\/","url":"https:\/\/secure.gravatar.com\/avatar\/cb1f6adf68537abe8b5ad3acda4c0b63?s=96&d=mm&r=g","contentUrl":"https:\/\/secure.gravatar.com\/avatar\/cb1f6adf68537abe8b5ad3acda4c0b63?s=96&d=mm&r=g","caption":"perjonasson"},"url":"https:\/\/blogg.atl.nu\/det-grona-guldet\/author\/perjonasson\/"}]}},"_links":{"self":[{"href":"https:\/\/blogg.atl.nu\/det-grona-guldet\/wp-json\/wp\/v2\/posts\/856"}],"collection":[{"href":"https:\/\/blogg.atl.nu\/det-grona-guldet\/wp-json\/wp\/v2\/posts"}],"about":[{"href":"https:\/\/blogg.atl.nu\/det-grona-guldet\/wp-json\/wp\/v2\/types\/post"}],"author":[{"embeddable":true,"href":"https:\/\/blogg.atl.nu\/det-grona-guldet\/wp-json\/wp\/v2\/users\/358"}],"replies":[{"embeddable":true,"href":"https:\/\/blogg.atl.nu\/det-grona-guldet\/wp-json\/wp\/v2\/comments?post=856"}],"version-history":[{"count":6,"href":"https:\/\/blogg.atl.nu\/det-grona-guldet\/wp-json\/wp\/v2\/posts\/856\/revisions"}],"predecessor-version":[{"id":863,"href":"https:\/\/blogg.atl.nu\/det-grona-guldet\/wp-json\/wp\/v2\/posts\/856\/revisions\/863"}],"wp:featuredmedia":[{"embeddable":true,"href":"https:\/\/blogg.atl.nu\/det-grona-guldet\/wp-json\/wp\/v2\/media\/851"}],"wp:attachment":[{"href":"https:\/\/blogg.atl.nu\/det-grona-guldet\/wp-json\/wp\/v2\/media?parent=856"}],"wp:term":[{"taxonomy":"category","embeddable":true,"href":"https:\/\/blogg.atl.nu\/det-grona-guldet\/wp-json\/wp\/v2\/categories?post=856"},{"taxonomy":"post_tag","embeddable":true,"href":"https:\/\/blogg.atl.nu\/det-grona-guldet\/wp-json\/wp\/v2\/tags?post=856"}],"curies":[{"name":"wp","href":"https:\/\/api.w.org\/{rel}","templated":true}]}}