{"id":881,"date":"2020-03-19T18:02:30","date_gmt":"2020-03-19T17:02:30","guid":{"rendered":"https:\/\/blogg.atl.nu\/det-grona-guldet\/?p=881"},"modified":"2020-03-19T18:02:30","modified_gmt":"2020-03-19T17:02:30","slug":"hallbart-skogsbruk-del-7-generell-hansyn-oskadade-kulturmiljoer-och-hoga-sociala-varden","status":"publish","type":"post","link":"https:\/\/blogg.atl.nu\/det-grona-guldet\/2020\/03\/19\/hallbart-skogsbruk-del-7-generell-hansyn-oskadade-kulturmiljoer-och-hoga-sociala-varden\/","title":{"rendered":"H\u00e5llbart skogsbruk del 7 &#8211; Generell h\u00e4nsyn, oskadade kulturmilj\u00f6er och h\u00f6ga sociala v\u00e4rden"},"content":{"rendered":"<p>D\u00e5 har vi kommit till del sju i min lilla serie om hur jag ser p\u00e5 ett h\u00e5llbart skogsbruk. De tidigare delarna hittar ni h\u00e4r: <a href=\"https:\/\/blogg.atl.nu\/det-grona-guldet\/2019\/12\/29\/vad-ar-ett-hallbart-skogsbruk\/\"><span style=\"text-decoration: underline\">Del ett<\/span><\/a>, <a href=\"https:\/\/blogg.atl.nu\/det-grona-guldet\/2019\/12\/31\/hallbart-skogsbruk-del-2-hog-biologisk-mangfald\/\"><span style=\"text-decoration: underline\">del tv\u00e5<\/span><\/a>, <a href=\"https:\/\/blogg.atl.nu\/det-grona-guldet\/2020\/01\/04\/hallbart-skogsbruk-del-3-lonsamhet-uthallighet\/\"><span style=\"text-decoration: underline\">del tre<\/span><\/a>, <a href=\"https:\/\/blogg.atl.nu\/det-grona-guldet\/2020\/01\/13\/hallbart-skogsbruk-del-4-skogens-klimatnytta\/\"><span style=\"text-decoration: underline\">del fyra<\/span><\/a>, <a href=\"https:\/\/blogg.atl.nu\/det-grona-guldet\/2020\/02\/02\/hallbart-skogsbruk-del-5-skapa-starka-skogar\/\"><span style=\"text-decoration: underline\">del fem<\/span><\/a> och <a href=\"https:\/\/blogg.atl.nu\/det-grona-guldet\/2020\/02\/13\/hallbart-skogsbruk-del-6-balans-mellan-vilt-och-bete\/\"><span style=\"text-decoration: underline\">del sex<\/span><\/a>.<\/p>\n<p>N\u00e4r det g\u00e4ller den generella h\u00e4nsynen vid skogsbruk s\u00e5 finns det mycket bra material att l\u00e4sa om detta, till exempel denna skrift fr\u00e5n Skogsstyrelsen:<\/p>\n<figure id=\"attachment_885\" aria-describedby=\"caption-attachment-885\" style=\"width: 653px\" class=\"wp-caption alignnone\"><a href=\"https:\/\/www.skogsstyrelsen.se\/globalassets\/aga-skog\/miljohansyn\/miljohansyn-vid-skogliga-atgarder-flipbok.pdf\"><img loading=\"lazy\" class=\"size-full wp-image-885\" src=\"https:\/\/blogg.atl.nu\/det-grona-guldet\/wp-content\/uploads\/sites\/38\/2020\/03\/Milj\u00f6h\u00e4nsyn.jpg\" alt=\"\" width=\"653\" height=\"847\" srcset=\"https:\/\/blogg.atl.nu\/det-grona-guldet\/wp-content\/uploads\/sites\/38\/2020\/03\/Milj\u00f6h\u00e4nsyn.jpg 653w, https:\/\/blogg.atl.nu\/det-grona-guldet\/wp-content\/uploads\/sites\/38\/2020\/03\/Milj\u00f6h\u00e4nsyn-231x300.jpg 231w\" sizes=\"(max-width: 653px) 100vw, 653px\" \/><\/a><figcaption id=\"caption-attachment-885\" class=\"wp-caption-text\"><em>Klicka p\u00e5 bilden f\u00f6r att komma till boken , som finns p\u00e5 Skogsstyrelsens hemsida<\/em><\/figcaption><\/figure>\n<p>Det finns mycket att ta h\u00e4nsyn till och jag tar n\u00e5gra exempel som, f\u00f6r oss, \u00e4r vanliga. Vi har m\u00e5nga sm\u00e5 fina k\u00e4llor och skogsb\u00e4ckar i skogen och de h\u00e4r \u00e4r vi noga med att inte skada. I m\u00f6jligaste m\u00e5n undviker vi att skogsmaskiner ska k\u00f6ra n\u00e4ra b\u00e4ckarna, men ibland m\u00e5ste de ta sig \u00f6ver och d\u00e5 \u00e4r det viktigt att bygga ordentliga \u00f6verfarter i form av broar eller liknande. Det h\u00e4r \u00e4r f\u00f6rarna v\u00e4l medvetna om s\u00e5 det brukar inte vara n\u00e5gra problem. Se till att visa var b\u00e4ckarna och de svaga partierna i allm\u00e4nhet finns. Numera s\u00e5 har de var de bl\u00f6ta partierna finns i sina kartor, men det skadar inte att prata om dem ocks\u00e5. Vi hade ett fall nyligen vid vinterns avverkning d\u00e4r v\u00e5r ink\u00f6pare p\u00e5pekade att det var extra bl\u00f6tt och vi tog en titt p\u00e5 det och det slutade med att vii helt enkelt l\u00e4t den lilla biten st\u00e5 kvar. Jag har skrivit om det tidigare, om jag inte minns fel.<\/p>\n<p>P\u00e5 en del av skogen s\u00e5 har vi mycket kulturl\u00e4mningar. Det \u00e4r gamla husgrunder, gamla jordk\u00e4llare, torpl\u00e4mningar och stenmurar bl a. Ofta, men inte alltid, finns de h\u00e4r markerade i <a href=\"https:\/\/app.raa.se\/open\/fornsok\/\"><span style=\"text-decoration: underline\">Forns\u00f6k<\/span><\/a> och\/eller p\u00e5 de kartor som finns hos Skogsstyrelsens (Skogens P\u00e4rlor bl a). Det \u00e4r en bra ide att kika p\u00e5 de h\u00e4r st\u00e4llena f\u00f6r att se om det finns n\u00e5gra l\u00e4mningar som man inte har koll p\u00e5 i sin egen skog, men de flesta har s\u00e4kert redan sett vad som finns. S\u00e5 n\u00e4r du ska g\u00f6ra en avverkning eller gallring p\u00e5 ett omr\u00e5de d\u00e4r det finns kulturl\u00e4mningar, var g\u00e4rna med n\u00e4r ink\u00f6paren g\u00f6r sitt traktdirektiv. Vi gjorde en gallring i vintras inom ett s\u00e5dant h\u00e4r omr\u00e5de och d\u00e5 gick jag med och hj\u00e4lpte till att markera de gamla kulturmilj\u00f6erna. S\u00e5 h\u00e4r blev resultatet:<\/p>\n<figure id=\"attachment_883\" aria-describedby=\"caption-attachment-883\" style=\"width: 693px\" class=\"wp-caption alignnone\"><img loading=\"lazy\" class=\"size-full wp-image-883\" src=\"https:\/\/blogg.atl.nu\/det-grona-guldet\/wp-content\/uploads\/sites\/38\/2020\/03\/Kulturmilj\u00f6er.jpg\" alt=\"\" width=\"693\" height=\"589\" srcset=\"https:\/\/blogg.atl.nu\/det-grona-guldet\/wp-content\/uploads\/sites\/38\/2020\/03\/Kulturmilj\u00f6er.jpg 693w, https:\/\/blogg.atl.nu\/det-grona-guldet\/wp-content\/uploads\/sites\/38\/2020\/03\/Kulturmilj\u00f6er-300x255.jpg 300w\" sizes=\"(max-width: 693px) 100vw, 693px\" \/><figcaption id=\"caption-attachment-883\" class=\"wp-caption-text\"><em>Kulturmilj\u00f6er<\/em><\/figcaption><\/figure>\n<figure id=\"attachment_884\" aria-describedby=\"caption-attachment-884\" style=\"width: 692px\" class=\"wp-caption alignnone\"><img loading=\"lazy\" class=\"size-full wp-image-884\" src=\"https:\/\/blogg.atl.nu\/det-grona-guldet\/wp-content\/uploads\/sites\/38\/2020\/03\/Kulturmilj\u00f6er2.jpg\" alt=\"\" width=\"692\" height=\"455\" srcset=\"https:\/\/blogg.atl.nu\/det-grona-guldet\/wp-content\/uploads\/sites\/38\/2020\/03\/Kulturmilj\u00f6er2.jpg 692w, https:\/\/blogg.atl.nu\/det-grona-guldet\/wp-content\/uploads\/sites\/38\/2020\/03\/Kulturmilj\u00f6er2-300x197.jpg 300w\" sizes=\"(max-width: 692px) 100vw, 692px\" \/><figcaption id=\"caption-attachment-884\" class=\"wp-caption-text\"><em>F\u00f6rklaringar till siffrorna i kartan<\/em><\/figcaption><\/figure>\n<p>Som ni ser fanns det m\u00e5nga olika kulturobjekt, s\u00e4rskilt m\u00e5nga l\u00e5nga och fina stenmurar.<\/p>\n<figure id=\"attachment_889\" aria-describedby=\"caption-attachment-889\" style=\"width: 685px\" class=\"wp-caption alignnone\"><img loading=\"lazy\" class=\"size-full wp-image-889\" src=\"https:\/\/blogg.atl.nu\/det-grona-guldet\/wp-content\/uploads\/sites\/38\/2020\/03\/20191205_105852.jpg\" alt=\"\" width=\"685\" height=\"514\" srcset=\"https:\/\/blogg.atl.nu\/det-grona-guldet\/wp-content\/uploads\/sites\/38\/2020\/03\/20191205_105852.jpg 685w, https:\/\/blogg.atl.nu\/det-grona-guldet\/wp-content\/uploads\/sites\/38\/2020\/03\/20191205_105852-300x225.jpg 300w\" sizes=\"(max-width: 685px) 100vw, 685px\" \/><figcaption id=\"caption-attachment-889\" class=\"wp-caption-text\"><em>Stenmur<\/em><\/figcaption><\/figure>\n<figure id=\"attachment_890\" aria-describedby=\"caption-attachment-890\" style=\"width: 685px\" class=\"wp-caption alignnone\"><img loading=\"lazy\" class=\"size-full wp-image-890\" src=\"https:\/\/blogg.atl.nu\/det-grona-guldet\/wp-content\/uploads\/sites\/38\/2020\/03\/20191205_111624.jpg\" alt=\"\" width=\"685\" height=\"514\" srcset=\"https:\/\/blogg.atl.nu\/det-grona-guldet\/wp-content\/uploads\/sites\/38\/2020\/03\/20191205_111624.jpg 685w, https:\/\/blogg.atl.nu\/det-grona-guldet\/wp-content\/uploads\/sites\/38\/2020\/03\/20191205_111624-300x225.jpg 300w\" sizes=\"(max-width: 685px) 100vw, 685px\" \/><figcaption id=\"caption-attachment-890\" class=\"wp-caption-text\"><em>Stenmur<\/em><\/figcaption><\/figure>\n<p>Om vi l\u00e4mnar h\u00e4nsyn och kulturmilj\u00f6er och kikar lite p\u00e5 h\u00f6ga sociala v\u00e4rden. Vad \u00e4r det kanske ni undrar? Jag har sj\u00e4lv funderat p\u00e5 det en hel del. Man pratar ofta om det h\u00e4r men det kan vara sv\u00e5rt att s\u00e4tta fingret p\u00e5 vad man egentligen menar. Jag har kommit p\u00e5 en sak som jag tycker kommer h\u00f6gt upp p\u00e5 listan med h\u00f6ga sociala v\u00e4rden och som vi till\u00e4mpar\/lyfter fram och det \u00e4r orientering!<\/p>\n<p>Orientering \u00e4r en fantastisk sport, som passar b\u00e5de unga som gamla. M\u00e5nga ledare jobbar ideellt och klubbarna satsar oftast v\u00e4ldigt mycket p\u00e5 ungdomarna i klubben, vilket \u00e4r bra. Att tidigt l\u00e4ra sig ta sig fram i obanad skogsterr\u00e4ng med hj\u00e4lp av karta och kompass \u00e4r klockrent. Det har man nytta av resten av livet. Och orienterare \u00e4r trevliga m\u00e4nniskor, de har alltid ett par gummist\u00f6vlar i bagageluckan och n\u00e4r alla bilarna fastnar p\u00e5 ler\u00e5kern efter ett slagregn s\u00e5 \u00e4r det inga sura miner, utan alla hj\u00e4lper varandra med med ett leende p\u00e5 l\u00e4pparna (ok, kanske att jag \u00f6verdrev lite d\u00e4r, men inte mycket).<\/p>\n<p>P\u00e5 v\u00e5r skog har den lokala orienteringsklubben ritat en karta och de har ocks\u00e5 haft b\u00e5de t\u00e4vlingar och tr\u00e4ningar. De fr\u00e5gar alltid om lov innan och vi s\u00e4ger alltid ja f\u00f6rst\u00e5s, f\u00f6r vi vet att de l\u00e4mnar inga som helst sp\u00e5r efter sig. Inte ens en indian skulle kunna se att flera 100 personer haft l\u00e4ger och sprungit runt i skogen. Tror jag.<\/p>\n<figure id=\"attachment_887\" aria-describedby=\"caption-attachment-887\" style=\"width: 500px\" class=\"wp-caption alignnone\"><img loading=\"lazy\" class=\"size-full wp-image-887\" src=\"https:\/\/blogg.atl.nu\/det-grona-guldet\/wp-content\/uploads\/sites\/38\/2020\/03\/Orientering.jpg\" alt=\"\" width=\"500\" height=\"687\" srcset=\"https:\/\/blogg.atl.nu\/det-grona-guldet\/wp-content\/uploads\/sites\/38\/2020\/03\/Orientering.jpg 500w, https:\/\/blogg.atl.nu\/det-grona-guldet\/wp-content\/uploads\/sites\/38\/2020\/03\/Orientering-218x300.jpg 218w\" sizes=\"(max-width: 500px) 100vw, 500px\" \/><figcaption id=\"caption-attachment-887\" class=\"wp-caption-text\"><em>Tr\u00e4ningskarta fr\u00e5n v\u00e5r skog<\/em><\/figcaption><\/figure>\n<p>Ett roligt exempel ser ni nedan. Det \u00e4r kanske lite att j\u00e4mf\u00f6ra \u00e4pplen och p\u00e4ron men bilden talar sitt tydliga sp\u00e5k till orienterarnas f\u00f6rdel:<\/p>\n<figure id=\"attachment_886\" aria-describedby=\"caption-attachment-886\" style=\"width: 698px\" class=\"wp-caption alignnone\"><img loading=\"lazy\" class=\"size-full wp-image-886\" src=\"https:\/\/blogg.atl.nu\/det-grona-guldet\/wp-content\/uploads\/sites\/38\/2020\/03\/Orientering-2.jpg\" alt=\"\" width=\"698\" height=\"610\" srcset=\"https:\/\/blogg.atl.nu\/det-grona-guldet\/wp-content\/uploads\/sites\/38\/2020\/03\/Orientering-2.jpg 698w, https:\/\/blogg.atl.nu\/det-grona-guldet\/wp-content\/uploads\/sites\/38\/2020\/03\/Orientering-2-300x262.jpg 300w\" sizes=\"(max-width: 698px) 100vw, 698px\" \/><figcaption id=\"caption-attachment-886\" class=\"wp-caption-text\"><em>Fr\u00e5n P4 \u00d6sterg\u00f6tland, Musikfestival vs O-ringen<\/em><\/figcaption><\/figure>\n<p>Men den som s\u00e4tter fingret p\u00e5 vad skogens sociala v\u00e4rden \u00e4r f\u00f6r n\u00e5got b\u00e4st \u00e4r Bj\u00f6rn Ferry. Lyssna p\u00e5 nedan lilla klipp fr\u00e5n min intervju med honom i Skogspodden. Det h\u00e4r \u00e4r den b\u00e4sta beskrivningen som jag h\u00f6rt:<\/p>\n<!--[if lt IE 9]><script>document.createElement('audio');<\/script><![endif]-->\n<audio class=\"wp-audio-shortcode\" id=\"audio-881-1\" preload=\"none\" style=\"width: 100%;\" controls=\"controls\"><source type=\"audio\/mpeg\" src=\"https:\/\/blogg.atl.nu\/det-grona-guldet\/wp-content\/uploads\/sites\/38\/2020\/03\/Intervju-med-Bjorn-Ferry3-Sociala-v\u00e4rden.mp3?_=1\" \/><a href=\"https:\/\/blogg.atl.nu\/det-grona-guldet\/wp-content\/uploads\/sites\/38\/2020\/03\/Intervju-med-Bjorn-Ferry3-Sociala-v\u00e4rden.mp3\">https:\/\/blogg.atl.nu\/det-grona-guldet\/wp-content\/uploads\/sites\/38\/2020\/03\/Intervju-med-Bjorn-Ferry3-Sociala-v\u00e4rden.mp3<\/a><\/audio>\n<p>Vill ni h\u00f6ra hela intervjun med honom s\u00e5 finns den i avsnitt 16 av Skogspodden och <a href=\"http:\/\/www.skogspodden.se\/intervju\/avsnitt-16-intervju-med-bjorn-ferry-och-njutbart-skogsarbete\/\"><span style=\"text-decoration: underline\">det hittar ni h\u00e4r<\/span><\/a>.<\/p>\n","protected":false},"excerpt":{"rendered":"<p>D\u00e5 har vi kommit till del sju i min lilla serie om hur jag ser p\u00e5 ett h\u00e5llbart skogsbruk. De tidigare delarna hittar ni h\u00e4r: Del ett, del tv\u00e5, del tre, del fyra, del fem och del sex. N\u00e4r det g\u00e4ller den generella h\u00e4nsynen vid skogsbruk s\u00e5 finns det mycket bra material att l\u00e4sa om&#8230;<\/p>\n","protected":false},"author":358,"featured_media":0,"comment_status":"open","ping_status":"open","sticky":false,"template":"","format":"standard","meta":[],"categories":[1],"tags":[4,36,74,75],"yoast_head":"<!-- This site is optimized with the Yoast SEO plugin v19.6 - https:\/\/yoast.com\/wordpress\/plugins\/seo\/ -->\n<title>H\u00e5llbart skogsbruk del 7 - Generell h\u00e4nsyn, oskadade kulturmilj\u00f6er och h\u00f6ga sociala v\u00e4rden - Det gr\u00f6na guldet<\/title>\n<meta name=\"robots\" content=\"index, follow, max-snippet:-1, max-image-preview:large, max-video-preview:-1\" \/>\n<link rel=\"canonical\" href=\"https:\/\/blogg.atl.nu\/det-grona-guldet\/2020\/03\/19\/hallbart-skogsbruk-del-7-generell-hansyn-oskadade-kulturmiljoer-och-hoga-sociala-varden\/\" \/>\n<meta property=\"og:locale\" content=\"sv_SE\" \/>\n<meta property=\"og:type\" content=\"article\" \/>\n<meta property=\"og:title\" content=\"H\u00e5llbart skogsbruk del 7 - Generell h\u00e4nsyn, oskadade kulturmilj\u00f6er och h\u00f6ga sociala v\u00e4rden - Det gr\u00f6na guldet\" \/>\n<meta property=\"og:description\" content=\"D\u00e5 har vi kommit till del sju i min lilla serie om hur jag ser p\u00e5 ett h\u00e5llbart skogsbruk. De tidigare delarna hittar ni h\u00e4r: Del ett, del tv\u00e5, del tre, del fyra, del fem och del sex. N\u00e4r det g\u00e4ller den generella h\u00e4nsynen vid skogsbruk s\u00e5 finns det mycket bra material att l\u00e4sa om...\" \/>\n<meta property=\"og:url\" content=\"https:\/\/blogg.atl.nu\/det-grona-guldet\/2020\/03\/19\/hallbart-skogsbruk-del-7-generell-hansyn-oskadade-kulturmiljoer-och-hoga-sociala-varden\/\" \/>\n<meta property=\"og:site_name\" content=\"Det gr\u00f6na guldet\" \/>\n<meta property=\"article:published_time\" content=\"2020-03-19T17:02:30+00:00\" \/>\n<meta property=\"og:image\" content=\"https:\/\/blogg.atl.nu\/det-grona-guldet\/wp-content\/uploads\/sites\/38\/2020\/03\/20191205_105852.jpg\" \/>\n<meta name=\"author\" content=\"perjonasson\" \/>\n<meta name=\"twitter:card\" content=\"summary_large_image\" \/>\n<meta name=\"twitter:label1\" content=\"Skriven av\" \/>\n\t<meta name=\"twitter:data1\" content=\"perjonasson\" \/>\n\t<meta name=\"twitter:label2\" content=\"Ber\u00e4knad l\u00e4stid\" \/>\n\t<meta name=\"twitter:data2\" content=\"5 minuter\" \/>\n<script type=\"application\/ld+json\" class=\"yoast-schema-graph\">{\"@context\":\"https:\/\/schema.org\",\"@graph\":[{\"@type\":\"WebPage\",\"@id\":\"https:\/\/blogg.atl.nu\/det-grona-guldet\/2020\/03\/19\/hallbart-skogsbruk-del-7-generell-hansyn-oskadade-kulturmiljoer-och-hoga-sociala-varden\/\",\"url\":\"https:\/\/blogg.atl.nu\/det-grona-guldet\/2020\/03\/19\/hallbart-skogsbruk-del-7-generell-hansyn-oskadade-kulturmiljoer-och-hoga-sociala-varden\/\",\"name\":\"H\u00e5llbart skogsbruk del 7 - Generell h\u00e4nsyn, oskadade kulturmilj\u00f6er och h\u00f6ga sociala v\u00e4rden - Det gr\u00f6na guldet\",\"isPartOf\":{\"@id\":\"https:\/\/blogg.atl.nu\/det-grona-guldet\/#website\"},\"datePublished\":\"2020-03-19T17:02:30+00:00\",\"dateModified\":\"2020-03-19T17:02:30+00:00\",\"author\":{\"@id\":\"https:\/\/blogg.atl.nu\/det-grona-guldet\/#\/schema\/person\/287702eafc70c00d00ddd6052f82103c\"},\"breadcrumb\":{\"@id\":\"https:\/\/blogg.atl.nu\/det-grona-guldet\/2020\/03\/19\/hallbart-skogsbruk-del-7-generell-hansyn-oskadade-kulturmiljoer-och-hoga-sociala-varden\/#breadcrumb\"},\"inLanguage\":\"sv-SE\",\"potentialAction\":[{\"@type\":\"ReadAction\",\"target\":[\"https:\/\/blogg.atl.nu\/det-grona-guldet\/2020\/03\/19\/hallbart-skogsbruk-del-7-generell-hansyn-oskadade-kulturmiljoer-och-hoga-sociala-varden\/\"]}]},{\"@type\":\"BreadcrumbList\",\"@id\":\"https:\/\/blogg.atl.nu\/det-grona-guldet\/2020\/03\/19\/hallbart-skogsbruk-del-7-generell-hansyn-oskadade-kulturmiljoer-och-hoga-sociala-varden\/#breadcrumb\",\"itemListElement\":[{\"@type\":\"ListItem\",\"position\":1,\"name\":\"Home\",\"item\":\"https:\/\/blogg.atl.nu\/det-grona-guldet\/\"},{\"@type\":\"ListItem\",\"position\":2,\"name\":\"H\u00e5llbart skogsbruk del 7 &#8211; Generell h\u00e4nsyn, oskadade kulturmilj\u00f6er och h\u00f6ga sociala v\u00e4rden\"}]},{\"@type\":\"WebSite\",\"@id\":\"https:\/\/blogg.atl.nu\/det-grona-guldet\/#website\",\"url\":\"https:\/\/blogg.atl.nu\/det-grona-guldet\/\",\"name\":\"Det gr\u00f6na guldet\",\"description\":\"Per Jonasson\",\"potentialAction\":[{\"@type\":\"SearchAction\",\"target\":{\"@type\":\"EntryPoint\",\"urlTemplate\":\"https:\/\/blogg.atl.nu\/det-grona-guldet\/?s={search_term_string}\"},\"query-input\":\"required name=search_term_string\"}],\"inLanguage\":\"sv-SE\"},{\"@type\":\"Person\",\"@id\":\"https:\/\/blogg.atl.nu\/det-grona-guldet\/#\/schema\/person\/287702eafc70c00d00ddd6052f82103c\",\"name\":\"perjonasson\",\"image\":{\"@type\":\"ImageObject\",\"inLanguage\":\"sv-SE\",\"@id\":\"https:\/\/blogg.atl.nu\/det-grona-guldet\/#\/schema\/person\/image\/\",\"url\":\"https:\/\/secure.gravatar.com\/avatar\/cb1f6adf68537abe8b5ad3acda4c0b63?s=96&d=mm&r=g\",\"contentUrl\":\"https:\/\/secure.gravatar.com\/avatar\/cb1f6adf68537abe8b5ad3acda4c0b63?s=96&d=mm&r=g\",\"caption\":\"perjonasson\"},\"url\":\"https:\/\/blogg.atl.nu\/det-grona-guldet\/author\/perjonasson\/\"}]}<\/script>\n<!-- \/ Yoast SEO plugin. -->","yoast_head_json":{"title":"H\u00e5llbart skogsbruk del 7 - Generell h\u00e4nsyn, oskadade kulturmilj\u00f6er och h\u00f6ga sociala v\u00e4rden - Det gr\u00f6na guldet","robots":{"index":"index","follow":"follow","max-snippet":"max-snippet:-1","max-image-preview":"max-image-preview:large","max-video-preview":"max-video-preview:-1"},"canonical":"https:\/\/blogg.atl.nu\/det-grona-guldet\/2020\/03\/19\/hallbart-skogsbruk-del-7-generell-hansyn-oskadade-kulturmiljoer-och-hoga-sociala-varden\/","og_locale":"sv_SE","og_type":"article","og_title":"H\u00e5llbart skogsbruk del 7 - Generell h\u00e4nsyn, oskadade kulturmilj\u00f6er och h\u00f6ga sociala v\u00e4rden - Det gr\u00f6na guldet","og_description":"D\u00e5 har vi kommit till del sju i min lilla serie om hur jag ser p\u00e5 ett h\u00e5llbart skogsbruk. De tidigare delarna hittar ni h\u00e4r: Del ett, del tv\u00e5, del tre, del fyra, del fem och del sex. N\u00e4r det g\u00e4ller den generella h\u00e4nsynen vid skogsbruk s\u00e5 finns det mycket bra material att l\u00e4sa om...","og_url":"https:\/\/blogg.atl.nu\/det-grona-guldet\/2020\/03\/19\/hallbart-skogsbruk-del-7-generell-hansyn-oskadade-kulturmiljoer-och-hoga-sociala-varden\/","og_site_name":"Det gr\u00f6na guldet","article_published_time":"2020-03-19T17:02:30+00:00","og_image":[{"url":"https:\/\/blogg.atl.nu\/det-grona-guldet\/wp-content\/uploads\/sites\/38\/2020\/03\/20191205_105852.jpg"}],"author":"perjonasson","twitter_card":"summary_large_image","twitter_misc":{"Skriven av":"perjonasson","Ber\u00e4knad l\u00e4stid":"5 minuter"},"schema":{"@context":"https:\/\/schema.org","@graph":[{"@type":"WebPage","@id":"https:\/\/blogg.atl.nu\/det-grona-guldet\/2020\/03\/19\/hallbart-skogsbruk-del-7-generell-hansyn-oskadade-kulturmiljoer-och-hoga-sociala-varden\/","url":"https:\/\/blogg.atl.nu\/det-grona-guldet\/2020\/03\/19\/hallbart-skogsbruk-del-7-generell-hansyn-oskadade-kulturmiljoer-och-hoga-sociala-varden\/","name":"H\u00e5llbart skogsbruk del 7 - Generell h\u00e4nsyn, oskadade kulturmilj\u00f6er och h\u00f6ga sociala v\u00e4rden - Det gr\u00f6na guldet","isPartOf":{"@id":"https:\/\/blogg.atl.nu\/det-grona-guldet\/#website"},"datePublished":"2020-03-19T17:02:30+00:00","dateModified":"2020-03-19T17:02:30+00:00","author":{"@id":"https:\/\/blogg.atl.nu\/det-grona-guldet\/#\/schema\/person\/287702eafc70c00d00ddd6052f82103c"},"breadcrumb":{"@id":"https:\/\/blogg.atl.nu\/det-grona-guldet\/2020\/03\/19\/hallbart-skogsbruk-del-7-generell-hansyn-oskadade-kulturmiljoer-och-hoga-sociala-varden\/#breadcrumb"},"inLanguage":"sv-SE","potentialAction":[{"@type":"ReadAction","target":["https:\/\/blogg.atl.nu\/det-grona-guldet\/2020\/03\/19\/hallbart-skogsbruk-del-7-generell-hansyn-oskadade-kulturmiljoer-och-hoga-sociala-varden\/"]}]},{"@type":"BreadcrumbList","@id":"https:\/\/blogg.atl.nu\/det-grona-guldet\/2020\/03\/19\/hallbart-skogsbruk-del-7-generell-hansyn-oskadade-kulturmiljoer-och-hoga-sociala-varden\/#breadcrumb","itemListElement":[{"@type":"ListItem","position":1,"name":"Home","item":"https:\/\/blogg.atl.nu\/det-grona-guldet\/"},{"@type":"ListItem","position":2,"name":"H\u00e5llbart skogsbruk del 7 &#8211; Generell h\u00e4nsyn, oskadade kulturmilj\u00f6er och h\u00f6ga sociala v\u00e4rden"}]},{"@type":"WebSite","@id":"https:\/\/blogg.atl.nu\/det-grona-guldet\/#website","url":"https:\/\/blogg.atl.nu\/det-grona-guldet\/","name":"Det gr\u00f6na guldet","description":"Per Jonasson","potentialAction":[{"@type":"SearchAction","target":{"@type":"EntryPoint","urlTemplate":"https:\/\/blogg.atl.nu\/det-grona-guldet\/?s={search_term_string}"},"query-input":"required name=search_term_string"}],"inLanguage":"sv-SE"},{"@type":"Person","@id":"https:\/\/blogg.atl.nu\/det-grona-guldet\/#\/schema\/person\/287702eafc70c00d00ddd6052f82103c","name":"perjonasson","image":{"@type":"ImageObject","inLanguage":"sv-SE","@id":"https:\/\/blogg.atl.nu\/det-grona-guldet\/#\/schema\/person\/image\/","url":"https:\/\/secure.gravatar.com\/avatar\/cb1f6adf68537abe8b5ad3acda4c0b63?s=96&d=mm&r=g","contentUrl":"https:\/\/secure.gravatar.com\/avatar\/cb1f6adf68537abe8b5ad3acda4c0b63?s=96&d=mm&r=g","caption":"perjonasson"},"url":"https:\/\/blogg.atl.nu\/det-grona-guldet\/author\/perjonasson\/"}]}},"_links":{"self":[{"href":"https:\/\/blogg.atl.nu\/det-grona-guldet\/wp-json\/wp\/v2\/posts\/881"}],"collection":[{"href":"https:\/\/blogg.atl.nu\/det-grona-guldet\/wp-json\/wp\/v2\/posts"}],"about":[{"href":"https:\/\/blogg.atl.nu\/det-grona-guldet\/wp-json\/wp\/v2\/types\/post"}],"author":[{"embeddable":true,"href":"https:\/\/blogg.atl.nu\/det-grona-guldet\/wp-json\/wp\/v2\/users\/358"}],"replies":[{"embeddable":true,"href":"https:\/\/blogg.atl.nu\/det-grona-guldet\/wp-json\/wp\/v2\/comments?post=881"}],"version-history":[{"count":7,"href":"https:\/\/blogg.atl.nu\/det-grona-guldet\/wp-json\/wp\/v2\/posts\/881\/revisions"}],"predecessor-version":[{"id":896,"href":"https:\/\/blogg.atl.nu\/det-grona-guldet\/wp-json\/wp\/v2\/posts\/881\/revisions\/896"}],"wp:attachment":[{"href":"https:\/\/blogg.atl.nu\/det-grona-guldet\/wp-json\/wp\/v2\/media?parent=881"}],"wp:term":[{"taxonomy":"category","embeddable":true,"href":"https:\/\/blogg.atl.nu\/det-grona-guldet\/wp-json\/wp\/v2\/categories?post=881"},{"taxonomy":"post_tag","embeddable":true,"href":"https:\/\/blogg.atl.nu\/det-grona-guldet\/wp-json\/wp\/v2\/tags?post=881"}],"curies":[{"name":"wp","href":"https:\/\/api.w.org\/{rel}","templated":true}]}}