{"id":898,"date":"2020-03-20T13:57:03","date_gmt":"2020-03-20T12:57:03","guid":{"rendered":"https:\/\/blogg.atl.nu\/det-grona-guldet\/?p=898"},"modified":"2020-03-20T13:57:03","modified_gmt":"2020-03-20T12:57:03","slug":"sa-har-harligt-var-det-pa-traningslagret","status":"publish","type":"post","link":"https:\/\/blogg.atl.nu\/det-grona-guldet\/2020\/03\/20\/sa-har-harligt-var-det-pa-traningslagret\/","title":{"rendered":"S\u00e5 h\u00e4r h\u00e4rligt var det p\u00e5 tr\u00e4ningsl\u00e4gret&#8230;"},"content":{"rendered":"<p>Jag fick tips om att om man vill ha l\u00e4sare till sin blogg (och det vill man ju) b\u00f6r man skriva personligt men inte privat. Eller var det tv\u00e4rtom?<\/p>\n<p>Hursomhelst s\u00e5 kom jag \u00f6ver en liten film fr\u00e5n tr\u00e4ningsl\u00e4gret f\u00f6rra veckan som Jojje Borss\u00e9n har gjort. Jag f\u00e5r v\u00e4l ta fram den och kika p\u00e5 den och dr\u00f6mma mig tillbaka n\u00e4r Coronahysterin rasar som v\u00e4rst h\u00e4r hemma nu och jag delar med mig av den till er ocks\u00e5. Klicka p\u00e5 play, s\u00e4tt p\u00e5 ljudet och h\u00e4ng med!<\/p>\n<div style=\"width: 320px;\" class=\"wp-video\"><!--[if lt IE 9]><script>document.createElement('video');<\/script><![endif]-->\n<video class=\"wp-video-shortcode\" id=\"video-898-1\" width=\"320\" height=\"240\" preload=\"metadata\" controls=\"controls\"><source type=\"video\/mp4\" src=\"https:\/\/blogg.atl.nu\/det-grona-guldet\/wp-content\/uploads\/sites\/38\/2020\/03\/Playitas-test.mp4?_=1\" \/><a href=\"https:\/\/blogg.atl.nu\/det-grona-guldet\/wp-content\/uploads\/sites\/38\/2020\/03\/Playitas-test.mp4\">https:\/\/blogg.atl.nu\/det-grona-guldet\/wp-content\/uploads\/sites\/38\/2020\/03\/Playitas-test.mp4<\/a><\/video><\/div>\n<p>Jag var tvungen att minska ned filmen i storlek f\u00f6r att f\u00e5 in den p\u00e5 bloggen h\u00e4r men om man ser p\u00e5 den i litet format s\u00e5 \u00e4r kvalitet helt ok.<\/p>\n<figure id=\"attachment_902\" aria-describedby=\"caption-attachment-902\" style=\"width: 691px\" class=\"wp-caption alignnone\"><img loading=\"lazy\" class=\"size-full wp-image-902\" src=\"https:\/\/blogg.atl.nu\/det-grona-guldet\/wp-content\/uploads\/sites\/38\/2020\/03\/Colting-Borss\u00e9n-Playitas-Triathlon-L\u00e4ger-Dag-310.jpg\" alt=\"\" width=\"691\" height=\"483\" srcset=\"https:\/\/blogg.atl.nu\/det-grona-guldet\/wp-content\/uploads\/sites\/38\/2020\/03\/Colting-Borss\u00e9n-Playitas-Triathlon-L\u00e4ger-Dag-310.jpg 691w, https:\/\/blogg.atl.nu\/det-grona-guldet\/wp-content\/uploads\/sites\/38\/2020\/03\/Colting-Borss\u00e9n-Playitas-Triathlon-L\u00e4ger-Dag-310-300x210.jpg 300w\" sizes=\"(max-width: 691px) 100vw, 691px\" \/><figcaption id=\"caption-attachment-902\" class=\"wp-caption-text\"><em>Vi cyklade<\/em><\/figcaption><\/figure>\n<figure id=\"attachment_901\" aria-describedby=\"caption-attachment-901\" style=\"width: 691px\" class=\"wp-caption alignnone\"><img loading=\"lazy\" class=\"size-full wp-image-901\" src=\"https:\/\/blogg.atl.nu\/det-grona-guldet\/wp-content\/uploads\/sites\/38\/2020\/03\/Colting-Borss\u00e9n-Playitas-Triathlon-L\u00e4ger-Dag-4-538.jpg\" alt=\"\" width=\"691\" height=\"518\" srcset=\"https:\/\/blogg.atl.nu\/det-grona-guldet\/wp-content\/uploads\/sites\/38\/2020\/03\/Colting-Borss\u00e9n-Playitas-Triathlon-L\u00e4ger-Dag-4-538.jpg 691w, https:\/\/blogg.atl.nu\/det-grona-guldet\/wp-content\/uploads\/sites\/38\/2020\/03\/Colting-Borss\u00e9n-Playitas-Triathlon-L\u00e4ger-Dag-4-538-300x225.jpg 300w\" sizes=\"(max-width: 691px) 100vw, 691px\" \/><figcaption id=\"caption-attachment-901\" class=\"wp-caption-text\"><em>Vi simmade<\/em><\/figcaption><\/figure>\n<p>Jag ska inte \u00e4lta om corona, det f\u00e5r vi tillr\u00e4ckligt fr\u00e5n massmedia, men den h\u00e4r coronahysterin kommer att bl\u00e5sa \u00f6ver, det g\u00e4ller att vi h\u00e5ller huvudet kallt och hj\u00e4lper varandra. Ta hand om er och era n\u00e4ra och passa p\u00e5 att jobba i skogen, d\u00e4r torde smittrisken vara minimal. F\u00f6r egen del s\u00e5 blir det klippning av granh\u00e4ck modell st\u00f6rre n\u00e4sta vecka. Och ett annat kul projekt som jag kommer att ber\u00e4tta om senare&#8230;<\/p>\n","protected":false},"excerpt":{"rendered":"<p>Jag fick tips om att om man vill ha l\u00e4sare till sin blogg (och det vill man ju) b\u00f6r man skriva personligt men inte privat. Eller var det tv\u00e4rtom? Hursomhelst s\u00e5 kom jag \u00f6ver en liten film fr\u00e5n tr\u00e4ningsl\u00e4gret f\u00f6rra veckan som Jojje Borss\u00e9n har gjort. Jag f\u00e5r v\u00e4l ta fram den och kika p\u00e5&#8230;<\/p>\n","protected":false},"author":358,"featured_media":900,"comment_status":"open","ping_status":"open","sticky":false,"template":"","format":"standard","meta":[],"categories":[1],"tags":[26],"yoast_head":"<!-- This site is optimized with the Yoast SEO plugin v19.6 - https:\/\/yoast.com\/wordpress\/plugins\/seo\/ -->\n<title>S\u00e5 h\u00e4r h\u00e4rligt var det p\u00e5 tr\u00e4ningsl\u00e4gret... - Det gr\u00f6na guldet<\/title>\n<meta name=\"robots\" content=\"index, follow, max-snippet:-1, max-image-preview:large, max-video-preview:-1\" \/>\n<link rel=\"canonical\" href=\"https:\/\/blogg.atl.nu\/det-grona-guldet\/2020\/03\/20\/sa-har-harligt-var-det-pa-traningslagret\/\" \/>\n<meta property=\"og:locale\" content=\"sv_SE\" \/>\n<meta property=\"og:type\" content=\"article\" \/>\n<meta property=\"og:title\" content=\"S\u00e5 h\u00e4r h\u00e4rligt var det p\u00e5 tr\u00e4ningsl\u00e4gret... - Det gr\u00f6na guldet\" \/>\n<meta property=\"og:description\" content=\"Jag fick tips om att om man vill ha l\u00e4sare till sin blogg (och det vill man ju) b\u00f6r man skriva personligt men inte privat. Eller var det tv\u00e4rtom? Hursomhelst s\u00e5 kom jag \u00f6ver en liten film fr\u00e5n tr\u00e4ningsl\u00e4gret f\u00f6rra veckan som Jojje Borss\u00e9n har gjort. Jag f\u00e5r v\u00e4l ta fram den och kika p\u00e5...\" \/>\n<meta property=\"og:url\" content=\"https:\/\/blogg.atl.nu\/det-grona-guldet\/2020\/03\/20\/sa-har-harligt-var-det-pa-traningslagret\/\" \/>\n<meta property=\"og:site_name\" content=\"Det gr\u00f6na guldet\" \/>\n<meta property=\"article:published_time\" content=\"2020-03-20T12:57:03+00:00\" \/>\n<meta property=\"og:image\" content=\"https:\/\/blogg.atl.nu\/det-grona-guldet\/wp-content\/uploads\/sites\/38\/2020\/03\/Colting-Borss\u00e9n-Playitas-Triathlon-L\u00e4ger-Dag-4-519.jpg\" \/>\n\t<meta property=\"og:image:width\" content=\"691\" \/>\n\t<meta property=\"og:image:height\" content=\"390\" \/>\n\t<meta property=\"og:image:type\" content=\"image\/jpeg\" \/>\n<meta name=\"author\" content=\"perjonasson\" \/>\n<meta name=\"twitter:card\" content=\"summary_large_image\" \/>\n<meta name=\"twitter:label1\" content=\"Skriven av\" \/>\n\t<meta name=\"twitter:data1\" content=\"perjonasson\" \/>\n\t<meta name=\"twitter:label2\" content=\"Ber\u00e4knad l\u00e4stid\" \/>\n\t<meta name=\"twitter:data2\" content=\"1 minut\" \/>\n<script type=\"application\/ld+json\" class=\"yoast-schema-graph\">{\"@context\":\"https:\/\/schema.org\",\"@graph\":[{\"@type\":\"WebPage\",\"@id\":\"https:\/\/blogg.atl.nu\/det-grona-guldet\/2020\/03\/20\/sa-har-harligt-var-det-pa-traningslagret\/\",\"url\":\"https:\/\/blogg.atl.nu\/det-grona-guldet\/2020\/03\/20\/sa-har-harligt-var-det-pa-traningslagret\/\",\"name\":\"S\u00e5 h\u00e4r h\u00e4rligt var det p\u00e5 tr\u00e4ningsl\u00e4gret... - Det gr\u00f6na guldet\",\"isPartOf\":{\"@id\":\"https:\/\/blogg.atl.nu\/det-grona-guldet\/#website\"},\"datePublished\":\"2020-03-20T12:57:03+00:00\",\"dateModified\":\"2020-03-20T12:57:03+00:00\",\"author\":{\"@id\":\"https:\/\/blogg.atl.nu\/det-grona-guldet\/#\/schema\/person\/287702eafc70c00d00ddd6052f82103c\"},\"breadcrumb\":{\"@id\":\"https:\/\/blogg.atl.nu\/det-grona-guldet\/2020\/03\/20\/sa-har-harligt-var-det-pa-traningslagret\/#breadcrumb\"},\"inLanguage\":\"sv-SE\",\"potentialAction\":[{\"@type\":\"ReadAction\",\"target\":[\"https:\/\/blogg.atl.nu\/det-grona-guldet\/2020\/03\/20\/sa-har-harligt-var-det-pa-traningslagret\/\"]}]},{\"@type\":\"BreadcrumbList\",\"@id\":\"https:\/\/blogg.atl.nu\/det-grona-guldet\/2020\/03\/20\/sa-har-harligt-var-det-pa-traningslagret\/#breadcrumb\",\"itemListElement\":[{\"@type\":\"ListItem\",\"position\":1,\"name\":\"Home\",\"item\":\"https:\/\/blogg.atl.nu\/det-grona-guldet\/\"},{\"@type\":\"ListItem\",\"position\":2,\"name\":\"S\u00e5 h\u00e4r h\u00e4rligt var det p\u00e5 tr\u00e4ningsl\u00e4gret&#8230;\"}]},{\"@type\":\"WebSite\",\"@id\":\"https:\/\/blogg.atl.nu\/det-grona-guldet\/#website\",\"url\":\"https:\/\/blogg.atl.nu\/det-grona-guldet\/\",\"name\":\"Det gr\u00f6na guldet\",\"description\":\"Per Jonasson\",\"potentialAction\":[{\"@type\":\"SearchAction\",\"target\":{\"@type\":\"EntryPoint\",\"urlTemplate\":\"https:\/\/blogg.atl.nu\/det-grona-guldet\/?s={search_term_string}\"},\"query-input\":\"required name=search_term_string\"}],\"inLanguage\":\"sv-SE\"},{\"@type\":\"Person\",\"@id\":\"https:\/\/blogg.atl.nu\/det-grona-guldet\/#\/schema\/person\/287702eafc70c00d00ddd6052f82103c\",\"name\":\"perjonasson\",\"image\":{\"@type\":\"ImageObject\",\"inLanguage\":\"sv-SE\",\"@id\":\"https:\/\/blogg.atl.nu\/det-grona-guldet\/#\/schema\/person\/image\/\",\"url\":\"https:\/\/secure.gravatar.com\/avatar\/cb1f6adf68537abe8b5ad3acda4c0b63?s=96&d=mm&r=g\",\"contentUrl\":\"https:\/\/secure.gravatar.com\/avatar\/cb1f6adf68537abe8b5ad3acda4c0b63?s=96&d=mm&r=g\",\"caption\":\"perjonasson\"},\"url\":\"https:\/\/blogg.atl.nu\/det-grona-guldet\/author\/perjonasson\/\"}]}<\/script>\n<!-- \/ Yoast SEO plugin. -->","yoast_head_json":{"title":"S\u00e5 h\u00e4r h\u00e4rligt var det p\u00e5 tr\u00e4ningsl\u00e4gret... - Det gr\u00f6na guldet","robots":{"index":"index","follow":"follow","max-snippet":"max-snippet:-1","max-image-preview":"max-image-preview:large","max-video-preview":"max-video-preview:-1"},"canonical":"https:\/\/blogg.atl.nu\/det-grona-guldet\/2020\/03\/20\/sa-har-harligt-var-det-pa-traningslagret\/","og_locale":"sv_SE","og_type":"article","og_title":"S\u00e5 h\u00e4r h\u00e4rligt var det p\u00e5 tr\u00e4ningsl\u00e4gret... - Det gr\u00f6na guldet","og_description":"Jag fick tips om att om man vill ha l\u00e4sare till sin blogg (och det vill man ju) b\u00f6r man skriva personligt men inte privat. Eller var det tv\u00e4rtom? Hursomhelst s\u00e5 kom jag \u00f6ver en liten film fr\u00e5n tr\u00e4ningsl\u00e4gret f\u00f6rra veckan som Jojje Borss\u00e9n har gjort. Jag f\u00e5r v\u00e4l ta fram den och kika p\u00e5...","og_url":"https:\/\/blogg.atl.nu\/det-grona-guldet\/2020\/03\/20\/sa-har-harligt-var-det-pa-traningslagret\/","og_site_name":"Det gr\u00f6na guldet","article_published_time":"2020-03-20T12:57:03+00:00","og_image":[{"width":691,"height":390,"url":"https:\/\/blogg.atl.nu\/det-grona-guldet\/wp-content\/uploads\/sites\/38\/2020\/03\/Colting-Borss\u00e9n-Playitas-Triathlon-L\u00e4ger-Dag-4-519.jpg","type":"image\/jpeg"}],"author":"perjonasson","twitter_card":"summary_large_image","twitter_misc":{"Skriven av":"perjonasson","Ber\u00e4knad l\u00e4stid":"1 minut"},"schema":{"@context":"https:\/\/schema.org","@graph":[{"@type":"WebPage","@id":"https:\/\/blogg.atl.nu\/det-grona-guldet\/2020\/03\/20\/sa-har-harligt-var-det-pa-traningslagret\/","url":"https:\/\/blogg.atl.nu\/det-grona-guldet\/2020\/03\/20\/sa-har-harligt-var-det-pa-traningslagret\/","name":"S\u00e5 h\u00e4r h\u00e4rligt var det p\u00e5 tr\u00e4ningsl\u00e4gret... - Det gr\u00f6na guldet","isPartOf":{"@id":"https:\/\/blogg.atl.nu\/det-grona-guldet\/#website"},"datePublished":"2020-03-20T12:57:03+00:00","dateModified":"2020-03-20T12:57:03+00:00","author":{"@id":"https:\/\/blogg.atl.nu\/det-grona-guldet\/#\/schema\/person\/287702eafc70c00d00ddd6052f82103c"},"breadcrumb":{"@id":"https:\/\/blogg.atl.nu\/det-grona-guldet\/2020\/03\/20\/sa-har-harligt-var-det-pa-traningslagret\/#breadcrumb"},"inLanguage":"sv-SE","potentialAction":[{"@type":"ReadAction","target":["https:\/\/blogg.atl.nu\/det-grona-guldet\/2020\/03\/20\/sa-har-harligt-var-det-pa-traningslagret\/"]}]},{"@type":"BreadcrumbList","@id":"https:\/\/blogg.atl.nu\/det-grona-guldet\/2020\/03\/20\/sa-har-harligt-var-det-pa-traningslagret\/#breadcrumb","itemListElement":[{"@type":"ListItem","position":1,"name":"Home","item":"https:\/\/blogg.atl.nu\/det-grona-guldet\/"},{"@type":"ListItem","position":2,"name":"S\u00e5 h\u00e4r h\u00e4rligt var det p\u00e5 tr\u00e4ningsl\u00e4gret&#8230;"}]},{"@type":"WebSite","@id":"https:\/\/blogg.atl.nu\/det-grona-guldet\/#website","url":"https:\/\/blogg.atl.nu\/det-grona-guldet\/","name":"Det gr\u00f6na guldet","description":"Per Jonasson","potentialAction":[{"@type":"SearchAction","target":{"@type":"EntryPoint","urlTemplate":"https:\/\/blogg.atl.nu\/det-grona-guldet\/?s={search_term_string}"},"query-input":"required name=search_term_string"}],"inLanguage":"sv-SE"},{"@type":"Person","@id":"https:\/\/blogg.atl.nu\/det-grona-guldet\/#\/schema\/person\/287702eafc70c00d00ddd6052f82103c","name":"perjonasson","image":{"@type":"ImageObject","inLanguage":"sv-SE","@id":"https:\/\/blogg.atl.nu\/det-grona-guldet\/#\/schema\/person\/image\/","url":"https:\/\/secure.gravatar.com\/avatar\/cb1f6adf68537abe8b5ad3acda4c0b63?s=96&d=mm&r=g","contentUrl":"https:\/\/secure.gravatar.com\/avatar\/cb1f6adf68537abe8b5ad3acda4c0b63?s=96&d=mm&r=g","caption":"perjonasson"},"url":"https:\/\/blogg.atl.nu\/det-grona-guldet\/author\/perjonasson\/"}]}},"_links":{"self":[{"href":"https:\/\/blogg.atl.nu\/det-grona-guldet\/wp-json\/wp\/v2\/posts\/898"}],"collection":[{"href":"https:\/\/blogg.atl.nu\/det-grona-guldet\/wp-json\/wp\/v2\/posts"}],"about":[{"href":"https:\/\/blogg.atl.nu\/det-grona-guldet\/wp-json\/wp\/v2\/types\/post"}],"author":[{"embeddable":true,"href":"https:\/\/blogg.atl.nu\/det-grona-guldet\/wp-json\/wp\/v2\/users\/358"}],"replies":[{"embeddable":true,"href":"https:\/\/blogg.atl.nu\/det-grona-guldet\/wp-json\/wp\/v2\/comments?post=898"}],"version-history":[{"count":11,"href":"https:\/\/blogg.atl.nu\/det-grona-guldet\/wp-json\/wp\/v2\/posts\/898\/revisions"}],"predecessor-version":[{"id":912,"href":"https:\/\/blogg.atl.nu\/det-grona-guldet\/wp-json\/wp\/v2\/posts\/898\/revisions\/912"}],"wp:featuredmedia":[{"embeddable":true,"href":"https:\/\/blogg.atl.nu\/det-grona-guldet\/wp-json\/wp\/v2\/media\/900"}],"wp:attachment":[{"href":"https:\/\/blogg.atl.nu\/det-grona-guldet\/wp-json\/wp\/v2\/media?parent=898"}],"wp:term":[{"taxonomy":"category","embeddable":true,"href":"https:\/\/blogg.atl.nu\/det-grona-guldet\/wp-json\/wp\/v2\/categories?post=898"},{"taxonomy":"post_tag","embeddable":true,"href":"https:\/\/blogg.atl.nu\/det-grona-guldet\/wp-json\/wp\/v2\/tags?post=898"}],"curies":[{"name":"wp","href":"https:\/\/api.w.org\/{rel}","templated":true}]}}