{"id":922,"date":"2020-03-25T14:29:11","date_gmt":"2020-03-25T13:29:11","guid":{"rendered":"https:\/\/blogg.atl.nu\/det-grona-guldet\/?p=922"},"modified":"2020-03-25T14:29:11","modified_gmt":"2020-03-25T13:29:11","slug":"vilja-mod-uthallighet","status":"publish","type":"post","link":"https:\/\/blogg.atl.nu\/det-grona-guldet\/2020\/03\/25\/vilja-mod-uthallighet\/","title":{"rendered":"Vilja, mod &amp; uth\u00e5llighet"},"content":{"rendered":"<p>Tanken var att jag skulle vara i skogen med Bo (min far) denna vecka, men vi f\u00f6rl\u00e4ngde v\u00e5r frivilliga karant\u00e4n en vecka. B\u00e5de min frus och mina f\u00f6r\u00e4ldrar \u00e4r +80 \u00e5r s\u00e5 de tillh\u00f6r riskgrupperna p\u00e5 grund av sin \u00e5lder och d\u00e4rf\u00f6r undviker vi att tr\u00e4ffa dem f\u00f6r tillf\u00e4llet. Vi f\u00e5r ha lite extra mycket t\u00e5lamod nu och om vi alla \u00e4r f\u00f6rsiktiga s\u00e5 ska v\u00e4l det h\u00e4r Coronaviruset lugna ned sig snart. Med vilja, mod &amp; uth\u00e5llighet s\u00e5 l\u00f6ser vi det h\u00e4r tillsammans!<\/p>\n<p>Jag har n\u00e5gra andra saker jag t\u00e4nkte skriva om men det kr\u00e4ver lite efterforskning s\u00e5 under tiden t\u00e4nkte jag bjuda p\u00e5 n\u00e5gra bilder fr\u00e5n en proffsfotograf. Anders Nilsson bes\u00f6kte oss r\u00e4tt nyligen och tog kort till Deromes kundtidning och bilderna blev mycket bra. S\u00e5 h\u00e4r snygga \u00e4r vi inte i verkligheten, han m\u00e5ste ha photoshoppat oss!<\/p>\n<figure id=\"attachment_917\" aria-describedby=\"caption-attachment-917\" style=\"width: 689px\" class=\"wp-caption alignnone\"><img loading=\"lazy\" class=\"size-full wp-image-917\" src=\"https:\/\/blogg.atl.nu\/det-grona-guldet\/wp-content\/uploads\/sites\/38\/2020\/03\/M8691-18_AN-2224.jpg\" alt=\"\" width=\"689\" height=\"464\" srcset=\"https:\/\/blogg.atl.nu\/det-grona-guldet\/wp-content\/uploads\/sites\/38\/2020\/03\/M8691-18_AN-2224.jpg 689w, https:\/\/blogg.atl.nu\/det-grona-guldet\/wp-content\/uploads\/sites\/38\/2020\/03\/M8691-18_AN-2224-300x202.jpg 300w\" sizes=\"(max-width: 689px) 100vw, 689px\" \/><figcaption id=\"caption-attachment-917\" class=\"wp-caption-text\"><em>Bo &amp; Per Jonasson<\/em><\/figcaption><\/figure>\n<figure id=\"attachment_914\" aria-describedby=\"caption-attachment-914\" style=\"width: 686px\" class=\"wp-caption alignnone\"><img loading=\"lazy\" class=\"size-full wp-image-914\" src=\"https:\/\/blogg.atl.nu\/det-grona-guldet\/wp-content\/uploads\/sites\/38\/2020\/03\/M8691-18_AN-2103.jpg\" alt=\"\" width=\"686\" height=\"1029\" srcset=\"https:\/\/blogg.atl.nu\/det-grona-guldet\/wp-content\/uploads\/sites\/38\/2020\/03\/M8691-18_AN-2103.jpg 686w, https:\/\/blogg.atl.nu\/det-grona-guldet\/wp-content\/uploads\/sites\/38\/2020\/03\/M8691-18_AN-2103-200x300.jpg 200w, https:\/\/blogg.atl.nu\/det-grona-guldet\/wp-content\/uploads\/sites\/38\/2020\/03\/M8691-18_AN-2103-683x1024.jpg 683w\" sizes=\"(max-width: 686px) 100vw, 686px\" \/><figcaption id=\"caption-attachment-914\" class=\"wp-caption-text\"><em>Det d\u00e4r tr\u00e4det ska st\u00e5 kvar<\/em><\/figcaption><\/figure>\n<figure id=\"attachment_916\" aria-describedby=\"caption-attachment-916\" style=\"width: 686px\" class=\"wp-caption alignnone\"><img loading=\"lazy\" class=\"size-full wp-image-916\" src=\"https:\/\/blogg.atl.nu\/det-grona-guldet\/wp-content\/uploads\/sites\/38\/2020\/03\/M8691-18_AN-2191.jpg\" alt=\"\" width=\"686\" height=\"1029\" srcset=\"https:\/\/blogg.atl.nu\/det-grona-guldet\/wp-content\/uploads\/sites\/38\/2020\/03\/M8691-18_AN-2191.jpg 686w, https:\/\/blogg.atl.nu\/det-grona-guldet\/wp-content\/uploads\/sites\/38\/2020\/03\/M8691-18_AN-2191-200x300.jpg 200w, https:\/\/blogg.atl.nu\/det-grona-guldet\/wp-content\/uploads\/sites\/38\/2020\/03\/M8691-18_AN-2191-683x1024.jpg 683w\" sizes=\"(max-width: 686px) 100vw, 686px\" \/><figcaption id=\"caption-attachment-916\" class=\"wp-caption-text\"><em>Stamkvistning<\/em><\/figcaption><\/figure>\n<figure id=\"attachment_918\" aria-describedby=\"caption-attachment-918\" style=\"width: 686px\" class=\"wp-caption alignnone\"><img loading=\"lazy\" class=\"size-full wp-image-918\" src=\"https:\/\/blogg.atl.nu\/det-grona-guldet\/wp-content\/uploads\/sites\/38\/2020\/03\/M8691-18_AN-2252.jpg\" alt=\"\" width=\"686\" height=\"457\" srcset=\"https:\/\/blogg.atl.nu\/det-grona-guldet\/wp-content\/uploads\/sites\/38\/2020\/03\/M8691-18_AN-2252.jpg 686w, https:\/\/blogg.atl.nu\/det-grona-guldet\/wp-content\/uploads\/sites\/38\/2020\/03\/M8691-18_AN-2252-300x200.jpg 300w\" sizes=\"(max-width: 686px) 100vw, 686px\" \/><figcaption id=\"caption-attachment-918\" class=\"wp-caption-text\"><em>St\u00e4mpling<\/em><\/figcaption><\/figure>\n<figure id=\"attachment_919\" aria-describedby=\"caption-attachment-919\" style=\"width: 686px\" class=\"wp-caption alignnone\"><img loading=\"lazy\" class=\"size-full wp-image-919\" src=\"https:\/\/blogg.atl.nu\/det-grona-guldet\/wp-content\/uploads\/sites\/38\/2020\/03\/M8691-18_AN-2288.jpg\" alt=\"\" width=\"686\" height=\"457\" srcset=\"https:\/\/blogg.atl.nu\/det-grona-guldet\/wp-content\/uploads\/sites\/38\/2020\/03\/M8691-18_AN-2288.jpg 686w, https:\/\/blogg.atl.nu\/det-grona-guldet\/wp-content\/uploads\/sites\/38\/2020\/03\/M8691-18_AN-2288-300x200.jpg 300w\" sizes=\"(max-width: 686px) 100vw, 686px\" \/><figcaption id=\"caption-attachment-919\" class=\"wp-caption-text\"><em>S\u00e5 h\u00e4r ser det ut n\u00e4r vi spelar in podden<\/em><\/figcaption><\/figure>\n<figure id=\"attachment_920\" aria-describedby=\"caption-attachment-920\" style=\"width: 686px\" class=\"wp-caption alignnone\"><img loading=\"lazy\" class=\"size-full wp-image-920\" src=\"https:\/\/blogg.atl.nu\/det-grona-guldet\/wp-content\/uploads\/sites\/38\/2020\/03\/M8691-18_AN-2296.jpg\" alt=\"\" width=\"686\" height=\"457\" srcset=\"https:\/\/blogg.atl.nu\/det-grona-guldet\/wp-content\/uploads\/sites\/38\/2020\/03\/M8691-18_AN-2296.jpg 686w, https:\/\/blogg.atl.nu\/det-grona-guldet\/wp-content\/uploads\/sites\/38\/2020\/03\/M8691-18_AN-2296-300x200.jpg 300w\" sizes=\"(max-width: 686px) 100vw, 686px\" \/><figcaption id=\"caption-attachment-920\" class=\"wp-caption-text\"><em>Bosse<\/em><\/figcaption><\/figure>\n<figure id=\"attachment_921\" aria-describedby=\"caption-attachment-921\" style=\"width: 686px\" class=\"wp-caption alignnone\"><img loading=\"lazy\" class=\"size-full wp-image-921\" src=\"https:\/\/blogg.atl.nu\/det-grona-guldet\/wp-content\/uploads\/sites\/38\/2020\/03\/M8691-18_AN-2310.jpg\" alt=\"\" width=\"686\" height=\"457\" srcset=\"https:\/\/blogg.atl.nu\/det-grona-guldet\/wp-content\/uploads\/sites\/38\/2020\/03\/M8691-18_AN-2310.jpg 686w, https:\/\/blogg.atl.nu\/det-grona-guldet\/wp-content\/uploads\/sites\/38\/2020\/03\/M8691-18_AN-2310-300x200.jpg 300w\" sizes=\"(max-width: 686px) 100vw, 686px\" \/><figcaption id=\"caption-attachment-921\" class=\"wp-caption-text\"><em>Per<\/em><\/figcaption><\/figure>\n<p>Jag tror sj\u00e4lva tidningen skulle komma ut i slutet av april s\u00e5 det dr\u00f6jer lite till.<br \/>\nF\u00f6r egen del s\u00e5 skulle vi spelat in en podd den h\u00e4r veckan, men det blev inget av det. Vi g\u00f6r ett nytt f\u00f6rs\u00f6k n\u00e4sta vecka s\u00e5 f\u00e5r vi se hur det g\u00e5r.<\/p>\n","protected":false},"excerpt":{"rendered":"<p>Tanken var att jag skulle vara i skogen med Bo (min far) denna vecka, men vi f\u00f6rl\u00e4ngde v\u00e5r frivilliga karant\u00e4n en vecka. B\u00e5de min frus och mina f\u00f6r\u00e4ldrar \u00e4r +80 \u00e5r s\u00e5 de tillh\u00f6r riskgrupperna p\u00e5 grund av sin \u00e5lder och d\u00e4rf\u00f6r undviker vi att tr\u00e4ffa dem f\u00f6r tillf\u00e4llet. Vi f\u00e5r ha lite extra mycket&#8230;<\/p>\n","protected":false},"author":358,"featured_media":915,"comment_status":"open","ping_status":"open","sticky":false,"template":"","format":"standard","meta":[],"categories":[1],"tags":[36,18],"yoast_head":"<!-- This site is optimized with the Yoast SEO plugin v19.6 - https:\/\/yoast.com\/wordpress\/plugins\/seo\/ -->\n<title>Vilja, mod &amp; uth\u00e5llighet - Det gr\u00f6na guldet<\/title>\n<meta name=\"robots\" content=\"index, follow, max-snippet:-1, max-image-preview:large, max-video-preview:-1\" \/>\n<link rel=\"canonical\" href=\"https:\/\/blogg.atl.nu\/det-grona-guldet\/2020\/03\/25\/vilja-mod-uthallighet\/\" \/>\n<meta property=\"og:locale\" content=\"sv_SE\" \/>\n<meta property=\"og:type\" content=\"article\" \/>\n<meta property=\"og:title\" content=\"Vilja, mod &amp; uth\u00e5llighet - Det gr\u00f6na guldet\" \/>\n<meta property=\"og:description\" content=\"Tanken var att jag skulle vara i skogen med Bo (min far) denna vecka, men vi f\u00f6rl\u00e4ngde v\u00e5r frivilliga karant\u00e4n en vecka. B\u00e5de min frus och mina f\u00f6r\u00e4ldrar \u00e4r +80 \u00e5r s\u00e5 de tillh\u00f6r riskgrupperna p\u00e5 grund av sin \u00e5lder och d\u00e4rf\u00f6r undviker vi att tr\u00e4ffa dem f\u00f6r tillf\u00e4llet. Vi f\u00e5r ha lite extra mycket...\" \/>\n<meta property=\"og:url\" content=\"https:\/\/blogg.atl.nu\/det-grona-guldet\/2020\/03\/25\/vilja-mod-uthallighet\/\" \/>\n<meta property=\"og:site_name\" content=\"Det gr\u00f6na guldet\" \/>\n<meta property=\"article:published_time\" content=\"2020-03-25T13:29:11+00:00\" \/>\n<meta property=\"og:image\" content=\"https:\/\/blogg.atl.nu\/det-grona-guldet\/wp-content\/uploads\/sites\/38\/2020\/03\/M8691-18_AN-2150.jpg\" \/>\n\t<meta property=\"og:image:width\" content=\"686\" \/>\n\t<meta property=\"og:image:height\" content=\"457\" \/>\n\t<meta property=\"og:image:type\" content=\"image\/jpeg\" \/>\n<meta name=\"author\" content=\"perjonasson\" \/>\n<meta name=\"twitter:card\" content=\"summary_large_image\" \/>\n<meta name=\"twitter:label1\" content=\"Skriven av\" \/>\n\t<meta name=\"twitter:data1\" content=\"perjonasson\" \/>\n\t<meta name=\"twitter:label2\" content=\"Ber\u00e4knad l\u00e4stid\" \/>\n\t<meta name=\"twitter:data2\" content=\"2 minuter\" \/>\n<script type=\"application\/ld+json\" class=\"yoast-schema-graph\">{\"@context\":\"https:\/\/schema.org\",\"@graph\":[{\"@type\":\"WebPage\",\"@id\":\"https:\/\/blogg.atl.nu\/det-grona-guldet\/2020\/03\/25\/vilja-mod-uthallighet\/\",\"url\":\"https:\/\/blogg.atl.nu\/det-grona-guldet\/2020\/03\/25\/vilja-mod-uthallighet\/\",\"name\":\"Vilja, mod &amp; uth\u00e5llighet - Det gr\u00f6na guldet\",\"isPartOf\":{\"@id\":\"https:\/\/blogg.atl.nu\/det-grona-guldet\/#website\"},\"datePublished\":\"2020-03-25T13:29:11+00:00\",\"dateModified\":\"2020-03-25T13:29:11+00:00\",\"author\":{\"@id\":\"https:\/\/blogg.atl.nu\/det-grona-guldet\/#\/schema\/person\/287702eafc70c00d00ddd6052f82103c\"},\"breadcrumb\":{\"@id\":\"https:\/\/blogg.atl.nu\/det-grona-guldet\/2020\/03\/25\/vilja-mod-uthallighet\/#breadcrumb\"},\"inLanguage\":\"sv-SE\",\"potentialAction\":[{\"@type\":\"ReadAction\",\"target\":[\"https:\/\/blogg.atl.nu\/det-grona-guldet\/2020\/03\/25\/vilja-mod-uthallighet\/\"]}]},{\"@type\":\"BreadcrumbList\",\"@id\":\"https:\/\/blogg.atl.nu\/det-grona-guldet\/2020\/03\/25\/vilja-mod-uthallighet\/#breadcrumb\",\"itemListElement\":[{\"@type\":\"ListItem\",\"position\":1,\"name\":\"Home\",\"item\":\"https:\/\/blogg.atl.nu\/det-grona-guldet\/\"},{\"@type\":\"ListItem\",\"position\":2,\"name\":\"Vilja, mod &amp; uth\u00e5llighet\"}]},{\"@type\":\"WebSite\",\"@id\":\"https:\/\/blogg.atl.nu\/det-grona-guldet\/#website\",\"url\":\"https:\/\/blogg.atl.nu\/det-grona-guldet\/\",\"name\":\"Det gr\u00f6na guldet\",\"description\":\"Per Jonasson\",\"potentialAction\":[{\"@type\":\"SearchAction\",\"target\":{\"@type\":\"EntryPoint\",\"urlTemplate\":\"https:\/\/blogg.atl.nu\/det-grona-guldet\/?s={search_term_string}\"},\"query-input\":\"required name=search_term_string\"}],\"inLanguage\":\"sv-SE\"},{\"@type\":\"Person\",\"@id\":\"https:\/\/blogg.atl.nu\/det-grona-guldet\/#\/schema\/person\/287702eafc70c00d00ddd6052f82103c\",\"name\":\"perjonasson\",\"image\":{\"@type\":\"ImageObject\",\"inLanguage\":\"sv-SE\",\"@id\":\"https:\/\/blogg.atl.nu\/det-grona-guldet\/#\/schema\/person\/image\/\",\"url\":\"https:\/\/secure.gravatar.com\/avatar\/cb1f6adf68537abe8b5ad3acda4c0b63?s=96&d=mm&r=g\",\"contentUrl\":\"https:\/\/secure.gravatar.com\/avatar\/cb1f6adf68537abe8b5ad3acda4c0b63?s=96&d=mm&r=g\",\"caption\":\"perjonasson\"},\"url\":\"https:\/\/blogg.atl.nu\/det-grona-guldet\/author\/perjonasson\/\"}]}<\/script>\n<!-- \/ Yoast SEO plugin. -->","yoast_head_json":{"title":"Vilja, mod &amp; uth\u00e5llighet - Det gr\u00f6na guldet","robots":{"index":"index","follow":"follow","max-snippet":"max-snippet:-1","max-image-preview":"max-image-preview:large","max-video-preview":"max-video-preview:-1"},"canonical":"https:\/\/blogg.atl.nu\/det-grona-guldet\/2020\/03\/25\/vilja-mod-uthallighet\/","og_locale":"sv_SE","og_type":"article","og_title":"Vilja, mod &amp; uth\u00e5llighet - Det gr\u00f6na guldet","og_description":"Tanken var att jag skulle vara i skogen med Bo (min far) denna vecka, men vi f\u00f6rl\u00e4ngde v\u00e5r frivilliga karant\u00e4n en vecka. B\u00e5de min frus och mina f\u00f6r\u00e4ldrar \u00e4r +80 \u00e5r s\u00e5 de tillh\u00f6r riskgrupperna p\u00e5 grund av sin \u00e5lder och d\u00e4rf\u00f6r undviker vi att tr\u00e4ffa dem f\u00f6r tillf\u00e4llet. Vi f\u00e5r ha lite extra mycket...","og_url":"https:\/\/blogg.atl.nu\/det-grona-guldet\/2020\/03\/25\/vilja-mod-uthallighet\/","og_site_name":"Det gr\u00f6na guldet","article_published_time":"2020-03-25T13:29:11+00:00","og_image":[{"width":686,"height":457,"url":"https:\/\/blogg.atl.nu\/det-grona-guldet\/wp-content\/uploads\/sites\/38\/2020\/03\/M8691-18_AN-2150.jpg","type":"image\/jpeg"}],"author":"perjonasson","twitter_card":"summary_large_image","twitter_misc":{"Skriven av":"perjonasson","Ber\u00e4knad l\u00e4stid":"2 minuter"},"schema":{"@context":"https:\/\/schema.org","@graph":[{"@type":"WebPage","@id":"https:\/\/blogg.atl.nu\/det-grona-guldet\/2020\/03\/25\/vilja-mod-uthallighet\/","url":"https:\/\/blogg.atl.nu\/det-grona-guldet\/2020\/03\/25\/vilja-mod-uthallighet\/","name":"Vilja, mod &amp; uth\u00e5llighet - Det gr\u00f6na guldet","isPartOf":{"@id":"https:\/\/blogg.atl.nu\/det-grona-guldet\/#website"},"datePublished":"2020-03-25T13:29:11+00:00","dateModified":"2020-03-25T13:29:11+00:00","author":{"@id":"https:\/\/blogg.atl.nu\/det-grona-guldet\/#\/schema\/person\/287702eafc70c00d00ddd6052f82103c"},"breadcrumb":{"@id":"https:\/\/blogg.atl.nu\/det-grona-guldet\/2020\/03\/25\/vilja-mod-uthallighet\/#breadcrumb"},"inLanguage":"sv-SE","potentialAction":[{"@type":"ReadAction","target":["https:\/\/blogg.atl.nu\/det-grona-guldet\/2020\/03\/25\/vilja-mod-uthallighet\/"]}]},{"@type":"BreadcrumbList","@id":"https:\/\/blogg.atl.nu\/det-grona-guldet\/2020\/03\/25\/vilja-mod-uthallighet\/#breadcrumb","itemListElement":[{"@type":"ListItem","position":1,"name":"Home","item":"https:\/\/blogg.atl.nu\/det-grona-guldet\/"},{"@type":"ListItem","position":2,"name":"Vilja, mod &amp; uth\u00e5llighet"}]},{"@type":"WebSite","@id":"https:\/\/blogg.atl.nu\/det-grona-guldet\/#website","url":"https:\/\/blogg.atl.nu\/det-grona-guldet\/","name":"Det gr\u00f6na guldet","description":"Per Jonasson","potentialAction":[{"@type":"SearchAction","target":{"@type":"EntryPoint","urlTemplate":"https:\/\/blogg.atl.nu\/det-grona-guldet\/?s={search_term_string}"},"query-input":"required name=search_term_string"}],"inLanguage":"sv-SE"},{"@type":"Person","@id":"https:\/\/blogg.atl.nu\/det-grona-guldet\/#\/schema\/person\/287702eafc70c00d00ddd6052f82103c","name":"perjonasson","image":{"@type":"ImageObject","inLanguage":"sv-SE","@id":"https:\/\/blogg.atl.nu\/det-grona-guldet\/#\/schema\/person\/image\/","url":"https:\/\/secure.gravatar.com\/avatar\/cb1f6adf68537abe8b5ad3acda4c0b63?s=96&d=mm&r=g","contentUrl":"https:\/\/secure.gravatar.com\/avatar\/cb1f6adf68537abe8b5ad3acda4c0b63?s=96&d=mm&r=g","caption":"perjonasson"},"url":"https:\/\/blogg.atl.nu\/det-grona-guldet\/author\/perjonasson\/"}]}},"_links":{"self":[{"href":"https:\/\/blogg.atl.nu\/det-grona-guldet\/wp-json\/wp\/v2\/posts\/922"}],"collection":[{"href":"https:\/\/blogg.atl.nu\/det-grona-guldet\/wp-json\/wp\/v2\/posts"}],"about":[{"href":"https:\/\/blogg.atl.nu\/det-grona-guldet\/wp-json\/wp\/v2\/types\/post"}],"author":[{"embeddable":true,"href":"https:\/\/blogg.atl.nu\/det-grona-guldet\/wp-json\/wp\/v2\/users\/358"}],"replies":[{"embeddable":true,"href":"https:\/\/blogg.atl.nu\/det-grona-guldet\/wp-json\/wp\/v2\/comments?post=922"}],"version-history":[{"count":2,"href":"https:\/\/blogg.atl.nu\/det-grona-guldet\/wp-json\/wp\/v2\/posts\/922\/revisions"}],"predecessor-version":[{"id":924,"href":"https:\/\/blogg.atl.nu\/det-grona-guldet\/wp-json\/wp\/v2\/posts\/922\/revisions\/924"}],"wp:featuredmedia":[{"embeddable":true,"href":"https:\/\/blogg.atl.nu\/det-grona-guldet\/wp-json\/wp\/v2\/media\/915"}],"wp:attachment":[{"href":"https:\/\/blogg.atl.nu\/det-grona-guldet\/wp-json\/wp\/v2\/media?parent=922"}],"wp:term":[{"taxonomy":"category","embeddable":true,"href":"https:\/\/blogg.atl.nu\/det-grona-guldet\/wp-json\/wp\/v2\/categories?post=922"},{"taxonomy":"post_tag","embeddable":true,"href":"https:\/\/blogg.atl.nu\/det-grona-guldet\/wp-json\/wp\/v2\/tags?post=922"}],"curies":[{"name":"wp","href":"https:\/\/api.w.org\/{rel}","templated":true}]}}