{"id":2854,"date":"2025-04-29T18:28:14","date_gmt":"2025-04-29T16:28:14","guid":{"rendered":"https:\/\/blogg.atl.nu\/gudhems-gamla-prastgard\/?p=2854"},"modified":"2025-04-29T18:40:50","modified_gmt":"2025-04-29T16:40:50","slug":"forsta-lasset-med-balar-och-straforkortning","status":"publish","type":"post","link":"https:\/\/blogg.atl.nu\/gudhems-gamla-prastgard\/2025\/04\/29\/forsta-lasset-med-balar-och-straforkortning\/","title":{"rendered":"F\u00f6rsta lasset med balar och str\u00e5f\u00f6rkortning!"},"content":{"rendered":"<p><strong>Idag har jag lastat mitt f\u00f6rsta lass balar n\u00e5gonsin med traktor och lastare! Vi har ju inte haft lastaren s\u00e5 l\u00e4nge. Men vet du? Det var ju inte alls sv\u00e5rt. Jag t\u00e4nkte att det skulle vara jobbigare n\u00e4r det inte \u00e4r midjestyrning som p\u00e5 lastmaskinen. Men det gick snabbt att komma in i finliret med traktorn ocks\u00e5. Men jag \u00e4r absolut inte lika snabb med traktorn k\u00e4nner jag. Men sen efter 300 plockade balar sitter det nog i ryggm\u00e4rgen ocks\u00e5.<\/strong><\/p>\n<p><img loading=\"lazy\" class=\"alignnone size-medium wp-image-2861\" src=\"https:\/\/blogg.atl.nu\/gudhems-gamla-prastgard\/wp-content\/uploads\/sites\/44\/2025\/04\/20250429_083202-600x450.jpg\" alt=\"\" width=\"600\" height=\"450\" srcset=\"https:\/\/blogg.atl.nu\/gudhems-gamla-prastgard\/wp-content\/uploads\/sites\/44\/2025\/04\/20250429_083202-600x450.jpg 600w, https:\/\/blogg.atl.nu\/gudhems-gamla-prastgard\/wp-content\/uploads\/sites\/44\/2025\/04\/20250429_083202-1024x768.jpg 1024w, https:\/\/blogg.atl.nu\/gudhems-gamla-prastgard\/wp-content\/uploads\/sites\/44\/2025\/04\/20250429_083202-768x576.jpg 768w, https:\/\/blogg.atl.nu\/gudhems-gamla-prastgard\/wp-content\/uploads\/sites\/44\/2025\/04\/20250429_083202-1536x1152.jpg 1536w, https:\/\/blogg.atl.nu\/gudhems-gamla-prastgard\/wp-content\/uploads\/sites\/44\/2025\/04\/20250429_083202-2048x1536.jpg 2048w\" sizes=\"(max-width: 600px) 100vw, 600px\" \/><\/p>\n<p>F\u00f6rst p\u00e5 morgonen k\u00f6rde jag bort ett lass med 15 balar till kossornas st\u00e4llyta f\u00f6r balar. Dom \u00e4r fr\u00e5n f\u00f6rr f\u00f6rra \u00e5ret och har st\u00e5tt vid ladug\u00e5rden men inte g\u00e5tt \u00e5t. S\u00e5 dom f\u00e5r kossorna \u00e4ta upp n\u00e4r vintern kommer. Men vi fodrar \u00e4ven dom med dessa balar nu ocks\u00e5. Dom beh\u00f6ver lite b\u00e4ttre mat nu inf\u00f6r kalvning, s\u00e5 vi k\u00f6r ut balar med halmrivaren. Sen har dom \u00e4ven fri tillg\u00e5ng p\u00e5 de ammoniak behandlade balarna.<\/p>\n<p><img loading=\"lazy\" class=\"alignnone size-medium wp-image-2859\" src=\"https:\/\/blogg.atl.nu\/gudhems-gamla-prastgard\/wp-content\/uploads\/sites\/44\/2025\/04\/20250428_121625-600x450.jpg\" alt=\"\" width=\"600\" height=\"450\" srcset=\"https:\/\/blogg.atl.nu\/gudhems-gamla-prastgard\/wp-content\/uploads\/sites\/44\/2025\/04\/20250428_121625-600x450.jpg 600w, https:\/\/blogg.atl.nu\/gudhems-gamla-prastgard\/wp-content\/uploads\/sites\/44\/2025\/04\/20250428_121625-1024x768.jpg 1024w, https:\/\/blogg.atl.nu\/gudhems-gamla-prastgard\/wp-content\/uploads\/sites\/44\/2025\/04\/20250428_121625-768x576.jpg 768w, https:\/\/blogg.atl.nu\/gudhems-gamla-prastgard\/wp-content\/uploads\/sites\/44\/2025\/04\/20250428_121625-1536x1152.jpg 1536w, https:\/\/blogg.atl.nu\/gudhems-gamla-prastgard\/wp-content\/uploads\/sites\/44\/2025\/04\/20250428_121625-2048x1536.jpg 2048w\" sizes=\"(max-width: 600px) 100vw, 600px\" \/><\/p>\n<p>P\u00e5 tal om kossorna och Johns frustration med vattenpumpen, s\u00e5 h\u00f6ll vi p\u00e5 med den ig\u00e5r igen.<\/p>\n<p><img loading=\"lazy\" class=\"alignnone size-medium wp-image-2856\" src=\"https:\/\/blogg.atl.nu\/gudhems-gamla-prastgard\/wp-content\/uploads\/sites\/44\/2025\/04\/20250428_080634-450x600.jpg\" alt=\"\" width=\"450\" height=\"600\" srcset=\"https:\/\/blogg.atl.nu\/gudhems-gamla-prastgard\/wp-content\/uploads\/sites\/44\/2025\/04\/20250428_080634-450x600.jpg 450w, https:\/\/blogg.atl.nu\/gudhems-gamla-prastgard\/wp-content\/uploads\/sites\/44\/2025\/04\/20250428_080634-768x1024.jpg 768w, https:\/\/blogg.atl.nu\/gudhems-gamla-prastgard\/wp-content\/uploads\/sites\/44\/2025\/04\/20250428_080634-1152x1536.jpg 1152w, https:\/\/blogg.atl.nu\/gudhems-gamla-prastgard\/wp-content\/uploads\/sites\/44\/2025\/04\/20250428_080634-1536x2048.jpg 1536w, https:\/\/blogg.atl.nu\/gudhems-gamla-prastgard\/wp-content\/uploads\/sites\/44\/2025\/04\/20250428_080634-scaled.jpg 1920w\" sizes=\"(max-width: 450px) 100vw, 450px\" \/><\/p>\n<p>Den bara dog hela tiden. S\u00e5 tillslut fick vi ta med den till verkstan f\u00f6r att hitta felet. Det var smuts i f\u00f6rgasaren.<\/p>\n<p><img loading=\"lazy\" class=\"alignnone size-medium wp-image-2857\" src=\"https:\/\/blogg.atl.nu\/gudhems-gamla-prastgard\/wp-content\/uploads\/sites\/44\/2025\/04\/20250428_093142-600x450.jpg\" alt=\"\" width=\"600\" height=\"450\" srcset=\"https:\/\/blogg.atl.nu\/gudhems-gamla-prastgard\/wp-content\/uploads\/sites\/44\/2025\/04\/20250428_093142-600x450.jpg 600w, https:\/\/blogg.atl.nu\/gudhems-gamla-prastgard\/wp-content\/uploads\/sites\/44\/2025\/04\/20250428_093142-1024x768.jpg 1024w, https:\/\/blogg.atl.nu\/gudhems-gamla-prastgard\/wp-content\/uploads\/sites\/44\/2025\/04\/20250428_093142-768x576.jpg 768w, https:\/\/blogg.atl.nu\/gudhems-gamla-prastgard\/wp-content\/uploads\/sites\/44\/2025\/04\/20250428_093142-1536x1152.jpg 1536w, https:\/\/blogg.atl.nu\/gudhems-gamla-prastgard\/wp-content\/uploads\/sites\/44\/2025\/04\/20250428_093142-2048x1536.jpg 2048w\" sizes=\"(max-width: 600px) 100vw, 600px\" \/><\/p>\n<p><img loading=\"lazy\" class=\"alignnone size-medium wp-image-2860\" src=\"https:\/\/blogg.atl.nu\/gudhems-gamla-prastgard\/wp-content\/uploads\/sites\/44\/2025\/04\/20250428_120059-600x450.jpg\" alt=\"\" width=\"600\" height=\"450\" srcset=\"https:\/\/blogg.atl.nu\/gudhems-gamla-prastgard\/wp-content\/uploads\/sites\/44\/2025\/04\/20250428_120059-600x450.jpg 600w, https:\/\/blogg.atl.nu\/gudhems-gamla-prastgard\/wp-content\/uploads\/sites\/44\/2025\/04\/20250428_120059-1024x768.jpg 1024w, https:\/\/blogg.atl.nu\/gudhems-gamla-prastgard\/wp-content\/uploads\/sites\/44\/2025\/04\/20250428_120059-768x576.jpg 768w, https:\/\/blogg.atl.nu\/gudhems-gamla-prastgard\/wp-content\/uploads\/sites\/44\/2025\/04\/20250428_120059-1536x1152.jpg 1536w, https:\/\/blogg.atl.nu\/gudhems-gamla-prastgard\/wp-content\/uploads\/sites\/44\/2025\/04\/20250428_120059-2048x1536.jpg 2048w\" sizes=\"(max-width: 600px) 100vw, 600px\" \/><\/p>\n<p>Men sen gick den som sm\u00f6r n\u00e4r jag \u00e5kte dit med den igen. S\u00e5 nu \u00e4r det busenkelt att fylla vatten till kossorna.<\/p>\n<p><img loading=\"lazy\" class=\"alignnone size-medium wp-image-2855\" src=\"https:\/\/blogg.atl.nu\/gudhems-gamla-prastgard\/wp-content\/uploads\/sites\/44\/2025\/04\/20250428_120723-600x450.jpg\" alt=\"\" width=\"600\" height=\"450\" srcset=\"https:\/\/blogg.atl.nu\/gudhems-gamla-prastgard\/wp-content\/uploads\/sites\/44\/2025\/04\/20250428_120723-600x450.jpg 600w, https:\/\/blogg.atl.nu\/gudhems-gamla-prastgard\/wp-content\/uploads\/sites\/44\/2025\/04\/20250428_120723-1024x768.jpg 1024w, https:\/\/blogg.atl.nu\/gudhems-gamla-prastgard\/wp-content\/uploads\/sites\/44\/2025\/04\/20250428_120723-768x576.jpg 768w, https:\/\/blogg.atl.nu\/gudhems-gamla-prastgard\/wp-content\/uploads\/sites\/44\/2025\/04\/20250428_120723-1536x1152.jpg 1536w, https:\/\/blogg.atl.nu\/gudhems-gamla-prastgard\/wp-content\/uploads\/sites\/44\/2025\/04\/20250428_120723-2048x1536.jpg 2048w\" sizes=\"(max-width: 600px) 100vw, 600px\" \/><em>Asta och Madicken tar sig en slurk.<\/em><\/p>\n<p><strong>Tillbaka till balarna.<\/strong> Sen har jag h\u00e4mtat hem ett lass med balar till tjurarna idag ocks\u00e5.<\/p>\n<p><img loading=\"lazy\" class=\"alignnone size-medium wp-image-2868\" src=\"https:\/\/blogg.atl.nu\/gudhems-gamla-prastgard\/wp-content\/uploads\/sites\/44\/2025\/04\/20250429_162049_183-600x302.jpg\" alt=\"\" width=\"600\" height=\"302\" srcset=\"https:\/\/blogg.atl.nu\/gudhems-gamla-prastgard\/wp-content\/uploads\/sites\/44\/2025\/04\/20250429_162049_183-600x302.jpg 600w, https:\/\/blogg.atl.nu\/gudhems-gamla-prastgard\/wp-content\/uploads\/sites\/44\/2025\/04\/20250429_162049_183-1024x515.jpg 1024w, https:\/\/blogg.atl.nu\/gudhems-gamla-prastgard\/wp-content\/uploads\/sites\/44\/2025\/04\/20250429_162049_183-768x386.jpg 768w, https:\/\/blogg.atl.nu\/gudhems-gamla-prastgard\/wp-content\/uploads\/sites\/44\/2025\/04\/20250429_162049_183-1536x772.jpg 1536w, https:\/\/blogg.atl.nu\/gudhems-gamla-prastgard\/wp-content\/uploads\/sites\/44\/2025\/04\/20250429_162049_183-2048x1030.jpg 2048w\" sizes=\"(max-width: 600px) 100vw, 600px\" \/><\/p>\n<p><img loading=\"lazy\" class=\"alignnone size-medium wp-image-2867\" src=\"https:\/\/blogg.atl.nu\/gudhems-gamla-prastgard\/wp-content\/uploads\/sites\/44\/2025\/04\/20250429_161745_716-600x300.jpg\" alt=\"\" width=\"600\" height=\"300\" srcset=\"https:\/\/blogg.atl.nu\/gudhems-gamla-prastgard\/wp-content\/uploads\/sites\/44\/2025\/04\/20250429_161745_716-600x300.jpg 600w, https:\/\/blogg.atl.nu\/gudhems-gamla-prastgard\/wp-content\/uploads\/sites\/44\/2025\/04\/20250429_161745_716-1024x512.jpg 1024w, https:\/\/blogg.atl.nu\/gudhems-gamla-prastgard\/wp-content\/uploads\/sites\/44\/2025\/04\/20250429_161745_716-768x384.jpg 768w, https:\/\/blogg.atl.nu\/gudhems-gamla-prastgard\/wp-content\/uploads\/sites\/44\/2025\/04\/20250429_161745_716-1536x768.jpg 1536w, https:\/\/blogg.atl.nu\/gudhems-gamla-prastgard\/wp-content\/uploads\/sites\/44\/2025\/04\/20250429_161745_716-2048x1024.jpg 2048w\" sizes=\"(max-width: 600px) 100vw, 600px\" \/><\/p>\n<p>F\u00f6r det \u00e4r slut h\u00e4r hemma p\u00e5 g\u00e5rden nu. F\u00f6rra sommaren l\u00e4t vi balarna fr\u00e5n sista sk\u00f6rden st\u00e5 kvar nere vid tv\u00e5 av vallarna. Ett g\u00e4ng st\u00e5r vid kanten precis, s\u00e5 det m\u00e5ste bort NU! Tiden bara springer iv\u00e4g och detta skulle s\u00e5klart gjorts lite tidigare.<\/p>\n<div style=\"width: 1080px;\" class=\"wp-video\"><!--[if lt IE 9]><script>document.createElement('video');<\/script><![endif]-->\n<video class=\"wp-video-shortcode\" id=\"video-2854-1\" width=\"1080\" height=\"1806\" preload=\"metadata\" controls=\"controls\"><source type=\"video\/mp4\" src=\"https:\/\/blogg.atl.nu\/gudhems-gamla-prastgard\/wp-content\/uploads\/sites\/44\/2025\/04\/20250429_155350_152.mp4?_=1\" \/><a href=\"https:\/\/blogg.atl.nu\/gudhems-gamla-prastgard\/wp-content\/uploads\/sites\/44\/2025\/04\/20250429_155350_152.mp4\">https:\/\/blogg.atl.nu\/gudhems-gamla-prastgard\/wp-content\/uploads\/sites\/44\/2025\/04\/20250429_155350_152.mp4<\/a><\/video><\/div>\n<p><img loading=\"lazy\" class=\"alignnone size-medium wp-image-2866\" src=\"https:\/\/blogg.atl.nu\/gudhems-gamla-prastgard\/wp-content\/uploads\/sites\/44\/2025\/04\/20250429_162123_402-600x303.jpg\" alt=\"\" width=\"600\" height=\"303\" srcset=\"https:\/\/blogg.atl.nu\/gudhems-gamla-prastgard\/wp-content\/uploads\/sites\/44\/2025\/04\/20250429_162123_402-600x303.jpg 600w, https:\/\/blogg.atl.nu\/gudhems-gamla-prastgard\/wp-content\/uploads\/sites\/44\/2025\/04\/20250429_162123_402-1024x518.jpg 1024w, https:\/\/blogg.atl.nu\/gudhems-gamla-prastgard\/wp-content\/uploads\/sites\/44\/2025\/04\/20250429_162123_402-768x388.jpg 768w, https:\/\/blogg.atl.nu\/gudhems-gamla-prastgard\/wp-content\/uploads\/sites\/44\/2025\/04\/20250429_162123_402-1536x777.jpg 1536w, https:\/\/blogg.atl.nu\/gudhems-gamla-prastgard\/wp-content\/uploads\/sites\/44\/2025\/04\/20250429_162123_402-2048x1036.jpg 2048w\" sizes=\"(max-width: 600px) 100vw, 600px\" \/><\/p>\n<p><img loading=\"lazy\" class=\"alignnone size-medium wp-image-2863\" src=\"https:\/\/blogg.atl.nu\/gudhems-gamla-prastgard\/wp-content\/uploads\/sites\/44\/2025\/04\/20250429_161955_600-600x299.jpg\" alt=\"\" width=\"600\" height=\"299\" srcset=\"https:\/\/blogg.atl.nu\/gudhems-gamla-prastgard\/wp-content\/uploads\/sites\/44\/2025\/04\/20250429_161955_600-600x299.jpg 600w, https:\/\/blogg.atl.nu\/gudhems-gamla-prastgard\/wp-content\/uploads\/sites\/44\/2025\/04\/20250429_161955_600-1024x511.jpg 1024w, https:\/\/blogg.atl.nu\/gudhems-gamla-prastgard\/wp-content\/uploads\/sites\/44\/2025\/04\/20250429_161955_600-768x383.jpg 768w, https:\/\/blogg.atl.nu\/gudhems-gamla-prastgard\/wp-content\/uploads\/sites\/44\/2025\/04\/20250429_161955_600-1536x766.jpg 1536w, https:\/\/blogg.atl.nu\/gudhems-gamla-prastgard\/wp-content\/uploads\/sites\/44\/2025\/04\/20250429_161955_600-2048x1022.jpg 2048w\" sizes=\"(max-width: 600px) 100vw, 600px\" \/><\/p>\n<p>John \u00e5kte tidigt i morses f\u00f6r att spruta ogr\u00e4s i h\u00f6stvete p\u00e5 g\u00e5rden han k\u00f6r f\u00f6r. Sen var det dags f\u00f6r v\u00e5rt eget.<\/p>\n<div style=\"width: 2160px;\" class=\"wp-video\"><video class=\"wp-video-shortcode\" id=\"video-2854-2\" width=\"2160\" height=\"3840\" preload=\"metadata\" controls=\"controls\"><source type=\"video\/mp4\" src=\"https:\/\/blogg.atl.nu\/gudhems-gamla-prastgard\/wp-content\/uploads\/sites\/44\/2025\/04\/20250429_122001.mp4?_=2\" \/><a href=\"https:\/\/blogg.atl.nu\/gudhems-gamla-prastgard\/wp-content\/uploads\/sites\/44\/2025\/04\/20250429_122001.mp4\">https:\/\/blogg.atl.nu\/gudhems-gamla-prastgard\/wp-content\/uploads\/sites\/44\/2025\/04\/20250429_122001.mp4<\/a><\/video><\/div>\n<p>Vid lunch var det dags att spruta v\u00e5ran egna r\u00f6rsvingel.<\/p>\n<p><img loading=\"lazy\" class=\"alignnone size-medium wp-image-2862\" src=\"https:\/\/blogg.atl.nu\/gudhems-gamla-prastgard\/wp-content\/uploads\/sites\/44\/2025\/04\/20250429_161840_403-600x299.jpg\" alt=\"\" width=\"600\" height=\"299\" srcset=\"https:\/\/blogg.atl.nu\/gudhems-gamla-prastgard\/wp-content\/uploads\/sites\/44\/2025\/04\/20250429_161840_403-600x299.jpg 600w, https:\/\/blogg.atl.nu\/gudhems-gamla-prastgard\/wp-content\/uploads\/sites\/44\/2025\/04\/20250429_161840_403-1024x510.jpg 1024w, https:\/\/blogg.atl.nu\/gudhems-gamla-prastgard\/wp-content\/uploads\/sites\/44\/2025\/04\/20250429_161840_403-768x383.jpg 768w, https:\/\/blogg.atl.nu\/gudhems-gamla-prastgard\/wp-content\/uploads\/sites\/44\/2025\/04\/20250429_161840_403-1536x766.jpg 1536w, https:\/\/blogg.atl.nu\/gudhems-gamla-prastgard\/wp-content\/uploads\/sites\/44\/2025\/04\/20250429_161840_403-2048x1021.jpg 2048w\" sizes=\"(max-width: 600px) 100vw, 600px\" \/><\/p>\n<p>R\u00f6rsvingeln \u00e4r nu runt stadie 30, allts\u00e5 str\u00e5skjutning. S\u00e5 nu k\u00f6r vi en tillv\u00e4xtreglering f\u00f6r att plantan ska f\u00e5 ett kortare och tjockare str\u00e5.<\/p>\n<p><img loading=\"lazy\" class=\"alignnone size-medium wp-image-2864\" src=\"https:\/\/blogg.atl.nu\/gudhems-gamla-prastgard\/wp-content\/uploads\/sites\/44\/2025\/04\/20250429_161911_348-600x298.jpg\" alt=\"\" width=\"600\" height=\"298\" srcset=\"https:\/\/blogg.atl.nu\/gudhems-gamla-prastgard\/wp-content\/uploads\/sites\/44\/2025\/04\/20250429_161911_348-600x298.jpg 600w, https:\/\/blogg.atl.nu\/gudhems-gamla-prastgard\/wp-content\/uploads\/sites\/44\/2025\/04\/20250429_161911_348-1024x509.jpg 1024w, https:\/\/blogg.atl.nu\/gudhems-gamla-prastgard\/wp-content\/uploads\/sites\/44\/2025\/04\/20250429_161911_348-768x382.jpg 768w, https:\/\/blogg.atl.nu\/gudhems-gamla-prastgard\/wp-content\/uploads\/sites\/44\/2025\/04\/20250429_161911_348-1536x763.jpg 1536w, https:\/\/blogg.atl.nu\/gudhems-gamla-prastgard\/wp-content\/uploads\/sites\/44\/2025\/04\/20250429_161911_348-2048x1018.jpg 2048w\" sizes=\"(max-width: 600px) 100vw, 600px\" \/><\/p>\n<p><img loading=\"lazy\" class=\"alignnone size-medium wp-image-2865\" src=\"https:\/\/blogg.atl.nu\/gudhems-gamla-prastgard\/wp-content\/uploads\/sites\/44\/2025\/04\/20250429_161817_929-600x298.jpg\" alt=\"\" width=\"600\" height=\"298\" srcset=\"https:\/\/blogg.atl.nu\/gudhems-gamla-prastgard\/wp-content\/uploads\/sites\/44\/2025\/04\/20250429_161817_929-600x298.jpg 600w, https:\/\/blogg.atl.nu\/gudhems-gamla-prastgard\/wp-content\/uploads\/sites\/44\/2025\/04\/20250429_161817_929-1024x509.jpg 1024w, https:\/\/blogg.atl.nu\/gudhems-gamla-prastgard\/wp-content\/uploads\/sites\/44\/2025\/04\/20250429_161817_929-768x382.jpg 768w, https:\/\/blogg.atl.nu\/gudhems-gamla-prastgard\/wp-content\/uploads\/sites\/44\/2025\/04\/20250429_161817_929-1536x763.jpg 1536w, https:\/\/blogg.atl.nu\/gudhems-gamla-prastgard\/wp-content\/uploads\/sites\/44\/2025\/04\/20250429_161817_929-2048x1018.jpg 2048w\" sizes=\"(max-width: 600px) 100vw, 600px\" \/><\/p>\n<p>Detta f\u00f6r att det \u00e4r viktigt att plantan inte blir s\u00e5 l\u00e5ng att den l\u00e4gger sig ner innan den blommat. Ligger den ner under blomning s\u00e5 blir pollineringen s\u00e4mre, vilket ger l\u00e4gre fr\u00f6sk\u00f6rd.<\/p>\n<div style=\"width: 1080px;\" class=\"wp-video\"><video class=\"wp-video-shortcode\" id=\"video-2854-3\" width=\"1080\" height=\"1820\" preload=\"metadata\" controls=\"controls\"><source type=\"video\/mp4\" src=\"https:\/\/blogg.atl.nu\/gudhems-gamla-prastgard\/wp-content\/uploads\/sites\/44\/2025\/04\/20250429_160422_703.mp4?_=3\" \/><a href=\"https:\/\/blogg.atl.nu\/gudhems-gamla-prastgard\/wp-content\/uploads\/sites\/44\/2025\/04\/20250429_160422_703.mp4\">https:\/\/blogg.atl.nu\/gudhems-gamla-prastgard\/wp-content\/uploads\/sites\/44\/2025\/04\/20250429_160422_703.mp4<\/a><\/video><\/div>\n<div style=\"width: 1072px;\" class=\"wp-video\"><video class=\"wp-video-shortcode\" id=\"video-2854-4\" width=\"1072\" height=\"1802\" preload=\"metadata\" controls=\"controls\"><source type=\"video\/mp4\" src=\"https:\/\/blogg.atl.nu\/gudhems-gamla-prastgard\/wp-content\/uploads\/sites\/44\/2025\/04\/20250429_160250_967.mp4?_=4\" \/><a href=\"https:\/\/blogg.atl.nu\/gudhems-gamla-prastgard\/wp-content\/uploads\/sites\/44\/2025\/04\/20250429_160250_967.mp4\">https:\/\/blogg.atl.nu\/gudhems-gamla-prastgard\/wp-content\/uploads\/sites\/44\/2025\/04\/20250429_160250_967.mp4<\/a><\/video><\/div>\n<p>\/<strong>Bettina<\/strong><\/p>\n","protected":false},"excerpt":{"rendered":"<p>Idag har jag lastat mitt f\u00f6rsta lass balar n\u00e5gonsin med traktor och lastare! Vi har ju inte haft lastaren s\u00e5 l\u00e4nge. Men vet du? Det var ju inte alls sv\u00e5rt. Jag t\u00e4nkte att det skulle vara jobbigare n\u00e4r det inte \u00e4r midjestyrning som p\u00e5 lastmaskinen. Men det gick snabbt att komma in i finliret med&#8230;<\/p>\n","protected":false},"author":369,"featured_media":2867,"comment_status":"open","ping_status":"open","sticky":false,"template":"","format":"standard","meta":[],"categories":[1],"tags":[],"yoast_head":"<!-- This site is optimized with the Yoast SEO plugin v19.6 - https:\/\/yoast.com\/wordpress\/plugins\/seo\/ -->\n<title>F\u00f6rsta lasset med balar och str\u00e5f\u00f6rkortning! - Gudhems gamla pr\u00e4stg\u00e5rd<\/title>\n<meta name=\"robots\" content=\"index, follow, max-snippet:-1, max-image-preview:large, max-video-preview:-1\" \/>\n<link rel=\"canonical\" href=\"https:\/\/blogg.atl.nu\/gudhems-gamla-prastgard\/2025\/04\/29\/forsta-lasset-med-balar-och-straforkortning\/\" \/>\n<meta property=\"og:locale\" content=\"sv_SE\" \/>\n<meta property=\"og:type\" content=\"article\" \/>\n<meta property=\"og:title\" content=\"F\u00f6rsta lasset med balar och str\u00e5f\u00f6rkortning! - Gudhems gamla pr\u00e4stg\u00e5rd\" \/>\n<meta property=\"og:description\" content=\"Idag har jag lastat mitt f\u00f6rsta lass balar n\u00e5gonsin med traktor och lastare! Vi har ju inte haft lastaren s\u00e5 l\u00e4nge. Men vet du? Det var ju inte alls sv\u00e5rt. Jag t\u00e4nkte att det skulle vara jobbigare n\u00e4r det inte \u00e4r midjestyrning som p\u00e5 lastmaskinen. Men det gick snabbt att komma in i finliret med...\" \/>\n<meta property=\"og:url\" content=\"https:\/\/blogg.atl.nu\/gudhems-gamla-prastgard\/2025\/04\/29\/forsta-lasset-med-balar-och-straforkortning\/\" \/>\n<meta property=\"og:site_name\" content=\"Gudhems gamla pr\u00e4stg\u00e5rd\" \/>\n<meta property=\"article:published_time\" content=\"2025-04-29T16:28:14+00:00\" \/>\n<meta property=\"article:modified_time\" content=\"2025-04-29T16:40:50+00:00\" \/>\n<meta property=\"og:image\" content=\"https:\/\/blogg.atl.nu\/gudhems-gamla-prastgard\/wp-content\/uploads\/sites\/44\/2025\/04\/20250429_161745_716-scaled.jpg\" \/>\n\t<meta property=\"og:image:width\" content=\"2560\" \/>\n\t<meta property=\"og:image:height\" content=\"1280\" \/>\n\t<meta property=\"og:image:type\" content=\"image\/jpeg\" \/>\n<meta name=\"author\" content=\"Bettina Larsson\" \/>\n<meta name=\"twitter:card\" content=\"summary_large_image\" \/>\n<meta name=\"twitter:label1\" content=\"Skriven av\" \/>\n\t<meta name=\"twitter:data1\" content=\"Bettina Larsson\" \/>\n\t<meta name=\"twitter:label2\" content=\"Ber\u00e4knad l\u00e4stid\" \/>\n\t<meta name=\"twitter:data2\" content=\"5 minuter\" \/>\n<script type=\"application\/ld+json\" class=\"yoast-schema-graph\">{\"@context\":\"https:\/\/schema.org\",\"@graph\":[{\"@type\":\"WebPage\",\"@id\":\"https:\/\/blogg.atl.nu\/gudhems-gamla-prastgard\/2025\/04\/29\/forsta-lasset-med-balar-och-straforkortning\/\",\"url\":\"https:\/\/blogg.atl.nu\/gudhems-gamla-prastgard\/2025\/04\/29\/forsta-lasset-med-balar-och-straforkortning\/\",\"name\":\"F\u00f6rsta lasset med balar och str\u00e5f\u00f6rkortning! - Gudhems gamla pr\u00e4stg\u00e5rd\",\"isPartOf\":{\"@id\":\"https:\/\/blogg.atl.nu\/gudhems-gamla-prastgard\/#website\"},\"datePublished\":\"2025-04-29T16:28:14+00:00\",\"dateModified\":\"2025-04-29T16:40:50+00:00\",\"author\":{\"@id\":\"https:\/\/blogg.atl.nu\/gudhems-gamla-prastgard\/#\/schema\/person\/e7e2f38dced67d8685891b5c63d6eed3\"},\"breadcrumb\":{\"@id\":\"https:\/\/blogg.atl.nu\/gudhems-gamla-prastgard\/2025\/04\/29\/forsta-lasset-med-balar-och-straforkortning\/#breadcrumb\"},\"inLanguage\":\"sv-SE\",\"potentialAction\":[{\"@type\":\"ReadAction\",\"target\":[\"https:\/\/blogg.atl.nu\/gudhems-gamla-prastgard\/2025\/04\/29\/forsta-lasset-med-balar-och-straforkortning\/\"]}]},{\"@type\":\"BreadcrumbList\",\"@id\":\"https:\/\/blogg.atl.nu\/gudhems-gamla-prastgard\/2025\/04\/29\/forsta-lasset-med-balar-och-straforkortning\/#breadcrumb\",\"itemListElement\":[{\"@type\":\"ListItem\",\"position\":1,\"name\":\"Home\",\"item\":\"https:\/\/blogg.atl.nu\/gudhems-gamla-prastgard\/\"},{\"@type\":\"ListItem\",\"position\":2,\"name\":\"F\u00f6rsta lasset med balar och str\u00e5f\u00f6rkortning!\"}]},{\"@type\":\"WebSite\",\"@id\":\"https:\/\/blogg.atl.nu\/gudhems-gamla-prastgard\/#website\",\"url\":\"https:\/\/blogg.atl.nu\/gudhems-gamla-prastgard\/\",\"name\":\"Gudhems gamla pr\u00e4stg\u00e5rd\",\"description\":\"Bettina Larsson\",\"potentialAction\":[{\"@type\":\"SearchAction\",\"target\":{\"@type\":\"EntryPoint\",\"urlTemplate\":\"https:\/\/blogg.atl.nu\/gudhems-gamla-prastgard\/?s={search_term_string}\"},\"query-input\":\"required name=search_term_string\"}],\"inLanguage\":\"sv-SE\"},{\"@type\":\"Person\",\"@id\":\"https:\/\/blogg.atl.nu\/gudhems-gamla-prastgard\/#\/schema\/person\/e7e2f38dced67d8685891b5c63d6eed3\",\"name\":\"Bettina Larsson\",\"image\":{\"@type\":\"ImageObject\",\"inLanguage\":\"sv-SE\",\"@id\":\"https:\/\/blogg.atl.nu\/gudhems-gamla-prastgard\/#\/schema\/person\/image\/\",\"url\":\"https:\/\/secure.gravatar.com\/avatar\/6869a306b4facfbd79cb2e14dcda8857?s=96&d=mm&r=g\",\"contentUrl\":\"https:\/\/secure.gravatar.com\/avatar\/6869a306b4facfbd79cb2e14dcda8857?s=96&d=mm&r=g\",\"caption\":\"Bettina Larsson\"},\"url\":\"https:\/\/blogg.atl.nu\/gudhems-gamla-prastgard\/author\/bettina\/\"}]}<\/script>\n<!-- \/ Yoast SEO plugin. -->","yoast_head_json":{"title":"F\u00f6rsta lasset med balar och str\u00e5f\u00f6rkortning! - Gudhems gamla pr\u00e4stg\u00e5rd","robots":{"index":"index","follow":"follow","max-snippet":"max-snippet:-1","max-image-preview":"max-image-preview:large","max-video-preview":"max-video-preview:-1"},"canonical":"https:\/\/blogg.atl.nu\/gudhems-gamla-prastgard\/2025\/04\/29\/forsta-lasset-med-balar-och-straforkortning\/","og_locale":"sv_SE","og_type":"article","og_title":"F\u00f6rsta lasset med balar och str\u00e5f\u00f6rkortning! - Gudhems gamla pr\u00e4stg\u00e5rd","og_description":"Idag har jag lastat mitt f\u00f6rsta lass balar n\u00e5gonsin med traktor och lastare! Vi har ju inte haft lastaren s\u00e5 l\u00e4nge. Men vet du? Det var ju inte alls sv\u00e5rt. Jag t\u00e4nkte att det skulle vara jobbigare n\u00e4r det inte \u00e4r midjestyrning som p\u00e5 lastmaskinen. Men det gick snabbt att komma in i finliret med...","og_url":"https:\/\/blogg.atl.nu\/gudhems-gamla-prastgard\/2025\/04\/29\/forsta-lasset-med-balar-och-straforkortning\/","og_site_name":"Gudhems gamla pr\u00e4stg\u00e5rd","article_published_time":"2025-04-29T16:28:14+00:00","article_modified_time":"2025-04-29T16:40:50+00:00","og_image":[{"width":2560,"height":1280,"url":"https:\/\/blogg.atl.nu\/gudhems-gamla-prastgard\/wp-content\/uploads\/sites\/44\/2025\/04\/20250429_161745_716-scaled.jpg","type":"image\/jpeg"}],"author":"Bettina Larsson","twitter_card":"summary_large_image","twitter_misc":{"Skriven av":"Bettina Larsson","Ber\u00e4knad l\u00e4stid":"5 minuter"},"schema":{"@context":"https:\/\/schema.org","@graph":[{"@type":"WebPage","@id":"https:\/\/blogg.atl.nu\/gudhems-gamla-prastgard\/2025\/04\/29\/forsta-lasset-med-balar-och-straforkortning\/","url":"https:\/\/blogg.atl.nu\/gudhems-gamla-prastgard\/2025\/04\/29\/forsta-lasset-med-balar-och-straforkortning\/","name":"F\u00f6rsta lasset med balar och str\u00e5f\u00f6rkortning! - Gudhems gamla pr\u00e4stg\u00e5rd","isPartOf":{"@id":"https:\/\/blogg.atl.nu\/gudhems-gamla-prastgard\/#website"},"datePublished":"2025-04-29T16:28:14+00:00","dateModified":"2025-04-29T16:40:50+00:00","author":{"@id":"https:\/\/blogg.atl.nu\/gudhems-gamla-prastgard\/#\/schema\/person\/e7e2f38dced67d8685891b5c63d6eed3"},"breadcrumb":{"@id":"https:\/\/blogg.atl.nu\/gudhems-gamla-prastgard\/2025\/04\/29\/forsta-lasset-med-balar-och-straforkortning\/#breadcrumb"},"inLanguage":"sv-SE","potentialAction":[{"@type":"ReadAction","target":["https:\/\/blogg.atl.nu\/gudhems-gamla-prastgard\/2025\/04\/29\/forsta-lasset-med-balar-och-straforkortning\/"]}]},{"@type":"BreadcrumbList","@id":"https:\/\/blogg.atl.nu\/gudhems-gamla-prastgard\/2025\/04\/29\/forsta-lasset-med-balar-och-straforkortning\/#breadcrumb","itemListElement":[{"@type":"ListItem","position":1,"name":"Home","item":"https:\/\/blogg.atl.nu\/gudhems-gamla-prastgard\/"},{"@type":"ListItem","position":2,"name":"F\u00f6rsta lasset med balar och str\u00e5f\u00f6rkortning!"}]},{"@type":"WebSite","@id":"https:\/\/blogg.atl.nu\/gudhems-gamla-prastgard\/#website","url":"https:\/\/blogg.atl.nu\/gudhems-gamla-prastgard\/","name":"Gudhems gamla pr\u00e4stg\u00e5rd","description":"Bettina Larsson","potentialAction":[{"@type":"SearchAction","target":{"@type":"EntryPoint","urlTemplate":"https:\/\/blogg.atl.nu\/gudhems-gamla-prastgard\/?s={search_term_string}"},"query-input":"required name=search_term_string"}],"inLanguage":"sv-SE"},{"@type":"Person","@id":"https:\/\/blogg.atl.nu\/gudhems-gamla-prastgard\/#\/schema\/person\/e7e2f38dced67d8685891b5c63d6eed3","name":"Bettina Larsson","image":{"@type":"ImageObject","inLanguage":"sv-SE","@id":"https:\/\/blogg.atl.nu\/gudhems-gamla-prastgard\/#\/schema\/person\/image\/","url":"https:\/\/secure.gravatar.com\/avatar\/6869a306b4facfbd79cb2e14dcda8857?s=96&d=mm&r=g","contentUrl":"https:\/\/secure.gravatar.com\/avatar\/6869a306b4facfbd79cb2e14dcda8857?s=96&d=mm&r=g","caption":"Bettina Larsson"},"url":"https:\/\/blogg.atl.nu\/gudhems-gamla-prastgard\/author\/bettina\/"}]}},"_links":{"self":[{"href":"https:\/\/blogg.atl.nu\/gudhems-gamla-prastgard\/wp-json\/wp\/v2\/posts\/2854"}],"collection":[{"href":"https:\/\/blogg.atl.nu\/gudhems-gamla-prastgard\/wp-json\/wp\/v2\/posts"}],"about":[{"href":"https:\/\/blogg.atl.nu\/gudhems-gamla-prastgard\/wp-json\/wp\/v2\/types\/post"}],"author":[{"embeddable":true,"href":"https:\/\/blogg.atl.nu\/gudhems-gamla-prastgard\/wp-json\/wp\/v2\/users\/369"}],"replies":[{"embeddable":true,"href":"https:\/\/blogg.atl.nu\/gudhems-gamla-prastgard\/wp-json\/wp\/v2\/comments?post=2854"}],"version-history":[{"count":3,"href":"https:\/\/blogg.atl.nu\/gudhems-gamla-prastgard\/wp-json\/wp\/v2\/posts\/2854\/revisions"}],"predecessor-version":[{"id":2875,"href":"https:\/\/blogg.atl.nu\/gudhems-gamla-prastgard\/wp-json\/wp\/v2\/posts\/2854\/revisions\/2875"}],"wp:featuredmedia":[{"embeddable":true,"href":"https:\/\/blogg.atl.nu\/gudhems-gamla-prastgard\/wp-json\/wp\/v2\/media\/2867"}],"wp:attachment":[{"href":"https:\/\/blogg.atl.nu\/gudhems-gamla-prastgard\/wp-json\/wp\/v2\/media?parent=2854"}],"wp:term":[{"taxonomy":"category","embeddable":true,"href":"https:\/\/blogg.atl.nu\/gudhems-gamla-prastgard\/wp-json\/wp\/v2\/categories?post=2854"},{"taxonomy":"post_tag","embeddable":true,"href":"https:\/\/blogg.atl.nu\/gudhems-gamla-prastgard\/wp-json\/wp\/v2\/tags?post=2854"}],"curies":[{"name":"wp","href":"https:\/\/api.w.org\/{rel}","templated":true}]}}