{"id":3296,"date":"2025-05-31T12:42:50","date_gmt":"2025-05-31T10:42:50","guid":{"rendered":"https:\/\/blogg.atl.nu\/gudhems-gamla-prastgard\/?p=3296"},"modified":"2025-05-31T12:46:37","modified_gmt":"2025-05-31T10:46:37","slug":"minutrarna-innan-kaos-utbrot","status":"publish","type":"post","link":"https:\/\/blogg.atl.nu\/gudhems-gamla-prastgard\/2025\/05\/31\/minutrarna-innan-kaos-utbrot\/","title":{"rendered":"Minutrarna innan kaos utbr\u00f6t!"},"content":{"rendered":"<p><strong>Hej svejs! H\u00e4r har det vankats b\u00e5de lite ledighet och mycket jobb i dagarna. John har haft mycket jobb med att spruta och g\u00f6dsla. Barnen har ledigt i fyra dagar nu s\u00e5 jag har mest tagit hand om ungar och kalvar. K\u00e4nner mig som en riktig hemmafru som tar hand om alla sm\u00e5 liven h\u00e4r p\u00e5 g\u00e5rden. St\u00e4ndigt n\u00e5got att passa p\u00e5.\ud83d\ude02\u00a0<\/strong><\/p>\n<p><img loading=\"lazy\" class=\"alignnone size-medium wp-image-3297\" src=\"https:\/\/blogg.atl.nu\/gudhems-gamla-prastgard\/wp-content\/uploads\/sites\/44\/2025\/05\/Screenshot_20250530_174119_Lightroom-403x600.jpg\" alt=\"\" width=\"403\" height=\"600\" srcset=\"https:\/\/blogg.atl.nu\/gudhems-gamla-prastgard\/wp-content\/uploads\/sites\/44\/2025\/05\/Screenshot_20250530_174119_Lightroom-403x600.jpg 403w, https:\/\/blogg.atl.nu\/gudhems-gamla-prastgard\/wp-content\/uploads\/sites\/44\/2025\/05\/Screenshot_20250530_174119_Lightroom-689x1024.jpg 689w, https:\/\/blogg.atl.nu\/gudhems-gamla-prastgard\/wp-content\/uploads\/sites\/44\/2025\/05\/Screenshot_20250530_174119_Lightroom-768x1142.jpg 768w, https:\/\/blogg.atl.nu\/gudhems-gamla-prastgard\/wp-content\/uploads\/sites\/44\/2025\/05\/Screenshot_20250530_174119_Lightroom-1033x1536.jpg 1033w, https:\/\/blogg.atl.nu\/gudhems-gamla-prastgard\/wp-content\/uploads\/sites\/44\/2025\/05\/Screenshot_20250530_174119_Lightroom.jpg 1080w\" sizes=\"(max-width: 403px) 100vw, 403px\" \/><em>H\u00e4r \u00e4r Syster-Britta med sin kviga som f\u00e5tt namnet Syster-Yster.<\/em><\/p>\n<p>N\u00e4, men i torsdags var jag och barnen p\u00e5 m\u00f6ssebergs djurpark h\u00e4r i Falk\u00f6ping tillsammans med min syster, man och barn. Ig\u00e5r var vi p\u00e5 fest i stan i Falk\u00f6ping med barnens mormor, kusin och gammelmormor och morfar. Det var hoppborg, k\u00e4pph\u00e4sthoppning, sockervadd och annat skoj. Irma som pratat att hon vill ta h\u00e5l i \u00f6ronen i ett halv\u00e5r gjorde detta ig\u00e5r. Jag blev t\u00e5r\u00f6gd. T\u00e4nk att hon v\u00e5gade tillslut.<\/p>\n<p><strong>Men jag skulle ju inte skriva om ledighetssysslor egentligen. Men ibland har jag r\u00e4tt behov att ber\u00e4tta att det finns ett liv utanf\u00f6r g\u00e5rden ibland ocks\u00e5.<\/strong><\/p>\n<p><img loading=\"lazy\" class=\"alignnone size-medium wp-image-3299\" src=\"https:\/\/blogg.atl.nu\/gudhems-gamla-prastgard\/wp-content\/uploads\/sites\/44\/2025\/05\/20250531_081046-600x450.jpg\" alt=\"\" width=\"600\" height=\"450\" srcset=\"https:\/\/blogg.atl.nu\/gudhems-gamla-prastgard\/wp-content\/uploads\/sites\/44\/2025\/05\/20250531_081046-600x450.jpg 600w, https:\/\/blogg.atl.nu\/gudhems-gamla-prastgard\/wp-content\/uploads\/sites\/44\/2025\/05\/20250531_081046-1024x768.jpg 1024w, https:\/\/blogg.atl.nu\/gudhems-gamla-prastgard\/wp-content\/uploads\/sites\/44\/2025\/05\/20250531_081046-768x576.jpg 768w, https:\/\/blogg.atl.nu\/gudhems-gamla-prastgard\/wp-content\/uploads\/sites\/44\/2025\/05\/20250531_081046-1536x1152.jpg 1536w, https:\/\/blogg.atl.nu\/gudhems-gamla-prastgard\/wp-content\/uploads\/sites\/44\/2025\/05\/20250531_081046-2048x1536.jpg 2048w\" sizes=\"(max-width: 600px) 100vw, 600px\" \/><\/p>\n<p>John har som sagt fortsatt med sitt. Han har g\u00f6dslat vetet med kalksalpeter.<\/p>\n<p><img loading=\"lazy\" class=\"alignnone size-medium wp-image-3300\" src=\"https:\/\/blogg.atl.nu\/gudhems-gamla-prastgard\/wp-content\/uploads\/sites\/44\/2025\/05\/20250531_081109-450x600.jpg\" alt=\"\" width=\"450\" height=\"600\" srcset=\"https:\/\/blogg.atl.nu\/gudhems-gamla-prastgard\/wp-content\/uploads\/sites\/44\/2025\/05\/20250531_081109-450x600.jpg 450w, https:\/\/blogg.atl.nu\/gudhems-gamla-prastgard\/wp-content\/uploads\/sites\/44\/2025\/05\/20250531_081109-768x1024.jpg 768w, https:\/\/blogg.atl.nu\/gudhems-gamla-prastgard\/wp-content\/uploads\/sites\/44\/2025\/05\/20250531_081109-1152x1536.jpg 1152w, https:\/\/blogg.atl.nu\/gudhems-gamla-prastgard\/wp-content\/uploads\/sites\/44\/2025\/05\/20250531_081109-1536x2048.jpg 1536w, https:\/\/blogg.atl.nu\/gudhems-gamla-prastgard\/wp-content\/uploads\/sites\/44\/2025\/05\/20250531_081109-scaled.jpg 1920w\" sizes=\"(max-width: 450px) 100vw, 450px\" \/><em>Vi blev s\u00e5klart v\u00e4ckta i morses ocks\u00e5 av att traktorn brummade utanf\u00f6r sovrumsf\u00f6nstret<\/em>.\ud83d\ude02<\/p>\n<p><img loading=\"lazy\" class=\"alignnone size-medium wp-image-3301\" src=\"https:\/\/blogg.atl.nu\/gudhems-gamla-prastgard\/wp-content\/uploads\/sites\/44\/2025\/05\/20250531_093135-600x450.jpg\" alt=\"\" width=\"600\" height=\"450\" srcset=\"https:\/\/blogg.atl.nu\/gudhems-gamla-prastgard\/wp-content\/uploads\/sites\/44\/2025\/05\/20250531_093135-600x450.jpg 600w, https:\/\/blogg.atl.nu\/gudhems-gamla-prastgard\/wp-content\/uploads\/sites\/44\/2025\/05\/20250531_093135-1024x768.jpg 1024w, https:\/\/blogg.atl.nu\/gudhems-gamla-prastgard\/wp-content\/uploads\/sites\/44\/2025\/05\/20250531_093135-768x576.jpg 768w, https:\/\/blogg.atl.nu\/gudhems-gamla-prastgard\/wp-content\/uploads\/sites\/44\/2025\/05\/20250531_093135-1536x1152.jpg 1536w, https:\/\/blogg.atl.nu\/gudhems-gamla-prastgard\/wp-content\/uploads\/sites\/44\/2025\/05\/20250531_093135-2048x1536.jpg 2048w\" sizes=\"(max-width: 600px) 100vw, 600px\" \/><\/p>\n<p><img loading=\"lazy\" class=\"alignnone size-medium wp-image-3303\" src=\"https:\/\/blogg.atl.nu\/gudhems-gamla-prastgard\/wp-content\/uploads\/sites\/44\/2025\/05\/20250531_093148-600x450.jpg\" alt=\"\" width=\"600\" height=\"450\" srcset=\"https:\/\/blogg.atl.nu\/gudhems-gamla-prastgard\/wp-content\/uploads\/sites\/44\/2025\/05\/20250531_093148-600x450.jpg 600w, https:\/\/blogg.atl.nu\/gudhems-gamla-prastgard\/wp-content\/uploads\/sites\/44\/2025\/05\/20250531_093148-1024x768.jpg 1024w, https:\/\/blogg.atl.nu\/gudhems-gamla-prastgard\/wp-content\/uploads\/sites\/44\/2025\/05\/20250531_093148-768x576.jpg 768w, https:\/\/blogg.atl.nu\/gudhems-gamla-prastgard\/wp-content\/uploads\/sites\/44\/2025\/05\/20250531_093148-1536x1152.jpg 1536w, https:\/\/blogg.atl.nu\/gudhems-gamla-prastgard\/wp-content\/uploads\/sites\/44\/2025\/05\/20250531_093148-2048x1536.jpg 2048w\" sizes=\"(max-width: 600px) 100vw, 600px\" \/><\/p>\n<p><img loading=\"lazy\" class=\"alignnone size-medium wp-image-3304\" src=\"https:\/\/blogg.atl.nu\/gudhems-gamla-prastgard\/wp-content\/uploads\/sites\/44\/2025\/05\/20250531_093159-600x450.jpg\" alt=\"\" width=\"600\" height=\"450\" srcset=\"https:\/\/blogg.atl.nu\/gudhems-gamla-prastgard\/wp-content\/uploads\/sites\/44\/2025\/05\/20250531_093159-600x450.jpg 600w, https:\/\/blogg.atl.nu\/gudhems-gamla-prastgard\/wp-content\/uploads\/sites\/44\/2025\/05\/20250531_093159-1024x768.jpg 1024w, https:\/\/blogg.atl.nu\/gudhems-gamla-prastgard\/wp-content\/uploads\/sites\/44\/2025\/05\/20250531_093159-768x576.jpg 768w, https:\/\/blogg.atl.nu\/gudhems-gamla-prastgard\/wp-content\/uploads\/sites\/44\/2025\/05\/20250531_093159-1536x1152.jpg 1536w, https:\/\/blogg.atl.nu\/gudhems-gamla-prastgard\/wp-content\/uploads\/sites\/44\/2025\/05\/20250531_093159-2048x1536.jpg 2048w\" sizes=\"(max-width: 600px) 100vw, 600px\" \/><\/p>\n<p>John har \u00e4ven str\u00e5f\u00f6rkortat r\u00f6rsvingeln. Detta var andra behandlingen av str\u00e5f\u00f6rkortning.<\/p>\n<p><img loading=\"lazy\" class=\"alignnone size-medium wp-image-3324\" src=\"https:\/\/blogg.atl.nu\/gudhems-gamla-prastgard\/wp-content\/uploads\/sites\/44\/2025\/05\/IMG_20250531_112904-450x600.jpg\" alt=\"\" width=\"450\" height=\"600\" srcset=\"https:\/\/blogg.atl.nu\/gudhems-gamla-prastgard\/wp-content\/uploads\/sites\/44\/2025\/05\/IMG_20250531_112904-450x600.jpg 450w, https:\/\/blogg.atl.nu\/gudhems-gamla-prastgard\/wp-content\/uploads\/sites\/44\/2025\/05\/IMG_20250531_112904.jpg 768w\" sizes=\"(max-width: 450px) 100vw, 450px\" \/><\/p>\n<p>Han fick \u00e4ran att ta tv\u00e5 foton n\u00e4r han var ute och k\u00f6rde.<\/p>\n<p><img loading=\"lazy\" class=\"alignnone size-medium wp-image-3325\" src=\"https:\/\/blogg.atl.nu\/gudhems-gamla-prastgard\/wp-content\/uploads\/sites\/44\/2025\/05\/IMG_20250531_112901-450x600.jpg\" alt=\"\" width=\"450\" height=\"600\" srcset=\"https:\/\/blogg.atl.nu\/gudhems-gamla-prastgard\/wp-content\/uploads\/sites\/44\/2025\/05\/IMG_20250531_112901-450x600.jpg 450w, https:\/\/blogg.atl.nu\/gudhems-gamla-prastgard\/wp-content\/uploads\/sites\/44\/2025\/05\/IMG_20250531_112901.jpg 600w\" sizes=\"(max-width: 450px) 100vw, 450px\" \/><\/p>\n<p>Nu h\u00e5ller han p\u00e5 att f\u00f6rbereda f\u00f6r att spruta mot svamp p\u00e5 vetet.<\/p>\n<p><img loading=\"lazy\" class=\"alignnone size-medium wp-image-3298\" src=\"https:\/\/blogg.atl.nu\/gudhems-gamla-prastgard\/wp-content\/uploads\/sites\/44\/2025\/05\/Screenshot_20250531_113551_Messages-383x600.jpg\" alt=\"\" width=\"383\" height=\"600\" srcset=\"https:\/\/blogg.atl.nu\/gudhems-gamla-prastgard\/wp-content\/uploads\/sites\/44\/2025\/05\/Screenshot_20250531_113551_Messages-383x600.jpg 383w, https:\/\/blogg.atl.nu\/gudhems-gamla-prastgard\/wp-content\/uploads\/sites\/44\/2025\/05\/Screenshot_20250531_113551_Messages-654x1024.jpg 654w, https:\/\/blogg.atl.nu\/gudhems-gamla-prastgard\/wp-content\/uploads\/sites\/44\/2025\/05\/Screenshot_20250531_113551_Messages-768x1203.jpg 768w, https:\/\/blogg.atl.nu\/gudhems-gamla-prastgard\/wp-content\/uploads\/sites\/44\/2025\/05\/Screenshot_20250531_113551_Messages-980x1536.jpg 980w, https:\/\/blogg.atl.nu\/gudhems-gamla-prastgard\/wp-content\/uploads\/sites\/44\/2025\/05\/Screenshot_20250531_113551_Messages.jpg 1080w\" sizes=\"(max-width: 383px) 100vw, 383px\" \/><\/p>\n<p>Hagen kossorna g\u00e5r i nu finns en del tistlar. S\u00e5 m\u00e5nga av dom ser ut s\u00e5h\u00e4r. Detta gillar inte mitt foto\u00f6ga. Men tistlarna kommer ju f\u00f6rsvinna s\u00e5 sm\u00e5ningom. Jag brukar ju varje \u00e5r g\u00f6ra en kossekalender och s\u00e4lja och d\u00e5 kan dom ju inte se ut s\u00e5h\u00e4r.\ud83d\ude02<\/p>\n<p><img loading=\"lazy\" class=\"alignnone size-medium wp-image-3316\" src=\"https:\/\/blogg.atl.nu\/gudhems-gamla-prastgard\/wp-content\/uploads\/sites\/44\/2025\/05\/20250529_123820-450x600.jpg\" alt=\"\" width=\"450\" height=\"600\" srcset=\"https:\/\/blogg.atl.nu\/gudhems-gamla-prastgard\/wp-content\/uploads\/sites\/44\/2025\/05\/20250529_123820-450x600.jpg 450w, https:\/\/blogg.atl.nu\/gudhems-gamla-prastgard\/wp-content\/uploads\/sites\/44\/2025\/05\/20250529_123820-768x1024.jpg 768w, https:\/\/blogg.atl.nu\/gudhems-gamla-prastgard\/wp-content\/uploads\/sites\/44\/2025\/05\/20250529_123820-1152x1536.jpg 1152w, https:\/\/blogg.atl.nu\/gudhems-gamla-prastgard\/wp-content\/uploads\/sites\/44\/2025\/05\/20250529_123820-1536x2048.jpg 1536w, https:\/\/blogg.atl.nu\/gudhems-gamla-prastgard\/wp-content\/uploads\/sites\/44\/2025\/05\/20250529_123820-scaled.jpg 1920w\" sizes=\"(max-width: 450px) 100vw, 450px\" \/><\/p>\n<p>Nu \u00e4r vi uppe i 16 kalvar. Senaste tillskottet var denna s\u00f6ta kalv. En kviga efter Asta.<\/p>\n<p><img loading=\"lazy\" class=\"alignnone size-medium wp-image-3317\" src=\"https:\/\/blogg.atl.nu\/gudhems-gamla-prastgard\/wp-content\/uploads\/sites\/44\/2025\/05\/20250529_123817-450x600.jpg\" alt=\"\" width=\"450\" height=\"600\" srcset=\"https:\/\/blogg.atl.nu\/gudhems-gamla-prastgard\/wp-content\/uploads\/sites\/44\/2025\/05\/20250529_123817-450x600.jpg 450w, https:\/\/blogg.atl.nu\/gudhems-gamla-prastgard\/wp-content\/uploads\/sites\/44\/2025\/05\/20250529_123817-768x1024.jpg 768w, https:\/\/blogg.atl.nu\/gudhems-gamla-prastgard\/wp-content\/uploads\/sites\/44\/2025\/05\/20250529_123817-1152x1536.jpg 1152w, https:\/\/blogg.atl.nu\/gudhems-gamla-prastgard\/wp-content\/uploads\/sites\/44\/2025\/05\/20250529_123817-1536x2048.jpg 1536w, https:\/\/blogg.atl.nu\/gudhems-gamla-prastgard\/wp-content\/uploads\/sites\/44\/2025\/05\/20250529_123817-scaled.jpg 1920w\" sizes=\"(max-width: 450px) 100vw, 450px\" \/><\/p>\n<div style=\"width: 3840px;\" class=\"wp-video\"><!--[if lt IE 9]><script>document.createElement('video');<\/script><![endif]-->\n<video class=\"wp-video-shortcode\" id=\"video-3296-1\" width=\"3840\" height=\"2160\" preload=\"metadata\" controls=\"controls\"><source type=\"video\/mp4\" src=\"https:\/\/blogg.atl.nu\/gudhems-gamla-prastgard\/wp-content\/uploads\/sites\/44\/2025\/05\/20250529_123911.mp4?_=1\" \/><a href=\"https:\/\/blogg.atl.nu\/gudhems-gamla-prastgard\/wp-content\/uploads\/sites\/44\/2025\/05\/20250529_123911.mp4\">https:\/\/blogg.atl.nu\/gudhems-gamla-prastgard\/wp-content\/uploads\/sites\/44\/2025\/05\/20250529_123911.mp4<\/a><\/video><\/div>\n<p>\u00c4ven Bumlan har kalvat och det blev en tjurkalv.<\/p>\n<p><img loading=\"lazy\" class=\"alignnone size-medium wp-image-3318\" src=\"https:\/\/blogg.atl.nu\/gudhems-gamla-prastgard\/wp-content\/uploads\/sites\/44\/2025\/05\/IMG_0995-600x400.jpg\" alt=\"\" width=\"600\" height=\"400\" srcset=\"https:\/\/blogg.atl.nu\/gudhems-gamla-prastgard\/wp-content\/uploads\/sites\/44\/2025\/05\/IMG_0995-600x400.jpg 600w, https:\/\/blogg.atl.nu\/gudhems-gamla-prastgard\/wp-content\/uploads\/sites\/44\/2025\/05\/IMG_0995-1024x683.jpg 1024w, https:\/\/blogg.atl.nu\/gudhems-gamla-prastgard\/wp-content\/uploads\/sites\/44\/2025\/05\/IMG_0995-768x512.jpg 768w, https:\/\/blogg.atl.nu\/gudhems-gamla-prastgard\/wp-content\/uploads\/sites\/44\/2025\/05\/IMG_0995-1536x1024.jpg 1536w, https:\/\/blogg.atl.nu\/gudhems-gamla-prastgard\/wp-content\/uploads\/sites\/44\/2025\/05\/IMG_0995-2048x1366.jpg 2048w\" sizes=\"(max-width: 600px) 100vw, 600px\" \/><\/p>\n<p>H\u00e4r \u00e4r han p\u00e5v\u00e4g ut. Barnen var n\u00f6jda att det \u00e4ven blev fyrhjulingsbio. Dom satt utanf\u00f6r hagen och spanade och jag gick in f\u00f6r att ta n\u00e5gra foton.<\/p>\n<p><img loading=\"lazy\" class=\"alignnone size-medium wp-image-3320\" src=\"https:\/\/blogg.atl.nu\/gudhems-gamla-prastgard\/wp-content\/uploads\/sites\/44\/2025\/05\/IMG_1031-600x400.jpg\" alt=\"\" width=\"600\" height=\"400\" srcset=\"https:\/\/blogg.atl.nu\/gudhems-gamla-prastgard\/wp-content\/uploads\/sites\/44\/2025\/05\/IMG_1031-600x400.jpg 600w, https:\/\/blogg.atl.nu\/gudhems-gamla-prastgard\/wp-content\/uploads\/sites\/44\/2025\/05\/IMG_1031-1024x683.jpg 1024w, https:\/\/blogg.atl.nu\/gudhems-gamla-prastgard\/wp-content\/uploads\/sites\/44\/2025\/05\/IMG_1031-768x512.jpg 768w, https:\/\/blogg.atl.nu\/gudhems-gamla-prastgard\/wp-content\/uploads\/sites\/44\/2025\/05\/IMG_1031-1536x1024.jpg 1536w, https:\/\/blogg.atl.nu\/gudhems-gamla-prastgard\/wp-content\/uploads\/sites\/44\/2025\/05\/IMG_1031-2048x1366.jpg 2048w\" sizes=\"(max-width: 600px) 100vw, 600px\" \/><\/p>\n<p>Jag hoppas ju s\u00e5klart att dom svarta kossorna ska f\u00e5 svarta kvigor. Men det var ju sk\u00f6nt att det blev en brun tjur. Hade det blivit en svart tjur hade jag blivit lite besviken.\ud83d\ude02<\/p>\n<p><img loading=\"lazy\" class=\"alignnone size-medium wp-image-3319\" src=\"https:\/\/blogg.atl.nu\/gudhems-gamla-prastgard\/wp-content\/uploads\/sites\/44\/2025\/05\/IMG_1047-600x400.jpg\" alt=\"\" width=\"600\" height=\"400\" srcset=\"https:\/\/blogg.atl.nu\/gudhems-gamla-prastgard\/wp-content\/uploads\/sites\/44\/2025\/05\/IMG_1047-600x400.jpg 600w, https:\/\/blogg.atl.nu\/gudhems-gamla-prastgard\/wp-content\/uploads\/sites\/44\/2025\/05\/IMG_1047-1024x683.jpg 1024w, https:\/\/blogg.atl.nu\/gudhems-gamla-prastgard\/wp-content\/uploads\/sites\/44\/2025\/05\/IMG_1047-768x512.jpg 768w, https:\/\/blogg.atl.nu\/gudhems-gamla-prastgard\/wp-content\/uploads\/sites\/44\/2025\/05\/IMG_1047-1536x1024.jpg 1536w, https:\/\/blogg.atl.nu\/gudhems-gamla-prastgard\/wp-content\/uploads\/sites\/44\/2025\/05\/IMG_1047-2048x1366.jpg 2048w\" sizes=\"(max-width: 600px) 100vw, 600px\" \/><\/p>\n<p>Det \u00e4r ju s\u00e5 att vi har flest bruna kossor och d\u00e5 blir svarta kossorna lite unika. Alltid roligt med n\u00e5gon f\u00e4rg som sticker ut.<\/p>\n<p><img loading=\"lazy\" class=\"alignnone size-medium wp-image-3321\" src=\"https:\/\/blogg.atl.nu\/gudhems-gamla-prastgard\/wp-content\/uploads\/sites\/44\/2025\/05\/IMG_1050-600x400.jpg\" alt=\"\" width=\"600\" height=\"400\" srcset=\"https:\/\/blogg.atl.nu\/gudhems-gamla-prastgard\/wp-content\/uploads\/sites\/44\/2025\/05\/IMG_1050-600x400.jpg 600w, https:\/\/blogg.atl.nu\/gudhems-gamla-prastgard\/wp-content\/uploads\/sites\/44\/2025\/05\/IMG_1050-1024x683.jpg 1024w, https:\/\/blogg.atl.nu\/gudhems-gamla-prastgard\/wp-content\/uploads\/sites\/44\/2025\/05\/IMG_1050-768x512.jpg 768w, https:\/\/blogg.atl.nu\/gudhems-gamla-prastgard\/wp-content\/uploads\/sites\/44\/2025\/05\/IMG_1050-1536x1024.jpg 1536w, https:\/\/blogg.atl.nu\/gudhems-gamla-prastgard\/wp-content\/uploads\/sites\/44\/2025\/05\/IMG_1050-2048x1366.jpg 2048w\" sizes=\"(max-width: 600px) 100vw, 600px\" \/><\/p>\n<p>Men huvudsaken \u00e4r att allt g\u00e5r bra och att vi har fina och sn\u00e4lla kossor. Fast nu p\u00e5 f\u00f6rmiddagen blev det lite kaos.<\/p>\n<p><img loading=\"lazy\" class=\"alignnone size-medium wp-image-3305\" src=\"https:\/\/blogg.atl.nu\/gudhems-gamla-prastgard\/wp-content\/uploads\/sites\/44\/2025\/05\/20250531_094411-600x450.jpg\" alt=\"\" width=\"600\" height=\"450\" srcset=\"https:\/\/blogg.atl.nu\/gudhems-gamla-prastgard\/wp-content\/uploads\/sites\/44\/2025\/05\/20250531_094411-600x450.jpg 600w, https:\/\/blogg.atl.nu\/gudhems-gamla-prastgard\/wp-content\/uploads\/sites\/44\/2025\/05\/20250531_094411-1024x768.jpg 1024w, https:\/\/blogg.atl.nu\/gudhems-gamla-prastgard\/wp-content\/uploads\/sites\/44\/2025\/05\/20250531_094411-768x576.jpg 768w, https:\/\/blogg.atl.nu\/gudhems-gamla-prastgard\/wp-content\/uploads\/sites\/44\/2025\/05\/20250531_094411-1536x1152.jpg 1536w, https:\/\/blogg.atl.nu\/gudhems-gamla-prastgard\/wp-content\/uploads\/sites\/44\/2025\/05\/20250531_094411-2048x1536.jpg 2048w\" sizes=\"(max-width: 600px) 100vw, 600px\" \/><\/p>\n<p>John var ute och g\u00f6dslade och jag skulle flytta \u00f6ver 5 kalvar med sina mammor p\u00e5 bete. Jag fick in alla i f\u00e5llan och det gick oerh\u00f6rt smidigt.<\/p>\n<p><img loading=\"lazy\" class=\"alignnone size-medium wp-image-3306\" src=\"https:\/\/blogg.atl.nu\/gudhems-gamla-prastgard\/wp-content\/uploads\/sites\/44\/2025\/05\/20250531_095322-600x450.jpg\" alt=\"\" width=\"600\" height=\"450\" srcset=\"https:\/\/blogg.atl.nu\/gudhems-gamla-prastgard\/wp-content\/uploads\/sites\/44\/2025\/05\/20250531_095322-600x450.jpg 600w, https:\/\/blogg.atl.nu\/gudhems-gamla-prastgard\/wp-content\/uploads\/sites\/44\/2025\/05\/20250531_095322-1024x768.jpg 1024w, https:\/\/blogg.atl.nu\/gudhems-gamla-prastgard\/wp-content\/uploads\/sites\/44\/2025\/05\/20250531_095322-768x576.jpg 768w, https:\/\/blogg.atl.nu\/gudhems-gamla-prastgard\/wp-content\/uploads\/sites\/44\/2025\/05\/20250531_095322-1536x1152.jpg 1536w, https:\/\/blogg.atl.nu\/gudhems-gamla-prastgard\/wp-content\/uploads\/sites\/44\/2025\/05\/20250531_095322-2048x1536.jpg 2048w\" sizes=\"(max-width: 600px) 100vw, 600px\" \/><\/p>\n<p>Men att vara sj\u00e4lv \u00e4r ocks\u00e5 lite sv\u00e5rt n\u00e4r man ska driva kossorna till andra hagen. En beh\u00f6ver ju ocks\u00e5 \u00f6ppna tr\u00e5den till hagen dom ska in i. S\u00e5 jag fick g\u00e5 och \u00f6ppna f\u00f6rst f\u00f6r att sen f\u00e5 in kossorna.<\/p>\n<p><img loading=\"lazy\" class=\"alignnone size-medium wp-image-3307\" src=\"https:\/\/blogg.atl.nu\/gudhems-gamla-prastgard\/wp-content\/uploads\/sites\/44\/2025\/05\/20250531_101112-600x450.jpg\" alt=\"\" width=\"600\" height=\"450\" srcset=\"https:\/\/blogg.atl.nu\/gudhems-gamla-prastgard\/wp-content\/uploads\/sites\/44\/2025\/05\/20250531_101112-600x450.jpg 600w, https:\/\/blogg.atl.nu\/gudhems-gamla-prastgard\/wp-content\/uploads\/sites\/44\/2025\/05\/20250531_101112-1024x768.jpg 1024w, https:\/\/blogg.atl.nu\/gudhems-gamla-prastgard\/wp-content\/uploads\/sites\/44\/2025\/05\/20250531_101112-768x576.jpg 768w, https:\/\/blogg.atl.nu\/gudhems-gamla-prastgard\/wp-content\/uploads\/sites\/44\/2025\/05\/20250531_101112-1536x1152.jpg 1536w, https:\/\/blogg.atl.nu\/gudhems-gamla-prastgard\/wp-content\/uploads\/sites\/44\/2025\/05\/20250531_101112-2048x1536.jpg 2048w\" sizes=\"(max-width: 600px) 100vw, 600px\" \/><\/p>\n<p>Men d\u00e5 uppt\u00e4ckte kossorna som g\u00e5r p\u00e5 bete att gapet var \u00f6ppet s\u00e5klart. S\u00e5 dom gick mot f\u00e5llan och de andra gick mot hagen. D\u00e4r blev det lite krock. S\u00e5 dom lyckades riva ner tr\u00e5den i dreven och sen var det pl\u00f6tsligt kalvar och kossor \u00f6verallt!!!<\/p>\n<p><img loading=\"lazy\" class=\"alignnone size-medium wp-image-3308\" src=\"https:\/\/blogg.atl.nu\/gudhems-gamla-prastgard\/wp-content\/uploads\/sites\/44\/2025\/05\/20250531_101114-600x450.jpg\" alt=\"\" width=\"600\" height=\"450\" srcset=\"https:\/\/blogg.atl.nu\/gudhems-gamla-prastgard\/wp-content\/uploads\/sites\/44\/2025\/05\/20250531_101114-600x450.jpg 600w, https:\/\/blogg.atl.nu\/gudhems-gamla-prastgard\/wp-content\/uploads\/sites\/44\/2025\/05\/20250531_101114-1024x768.jpg 1024w, https:\/\/blogg.atl.nu\/gudhems-gamla-prastgard\/wp-content\/uploads\/sites\/44\/2025\/05\/20250531_101114-768x576.jpg 768w, https:\/\/blogg.atl.nu\/gudhems-gamla-prastgard\/wp-content\/uploads\/sites\/44\/2025\/05\/20250531_101114-1536x1152.jpg 1536w, https:\/\/blogg.atl.nu\/gudhems-gamla-prastgard\/wp-content\/uploads\/sites\/44\/2025\/05\/20250531_101114-2048x1536.jpg 2048w\" sizes=\"(max-width: 600px) 100vw, 600px\" \/><\/p>\n<p>Kossor tillbaka till f\u00e5llan, kossor ute p\u00e5 kornet, kossor i r\u00e4tt hage och i fel hage.<\/p>\n<p><img loading=\"lazy\" class=\"alignnone size-medium wp-image-3309\" src=\"https:\/\/blogg.atl.nu\/gudhems-gamla-prastgard\/wp-content\/uploads\/sites\/44\/2025\/05\/20250531_101115-600x450.jpg\" alt=\"\" width=\"600\" height=\"450\" srcset=\"https:\/\/blogg.atl.nu\/gudhems-gamla-prastgard\/wp-content\/uploads\/sites\/44\/2025\/05\/20250531_101115-600x450.jpg 600w, https:\/\/blogg.atl.nu\/gudhems-gamla-prastgard\/wp-content\/uploads\/sites\/44\/2025\/05\/20250531_101115-1024x768.jpg 1024w, https:\/\/blogg.atl.nu\/gudhems-gamla-prastgard\/wp-content\/uploads\/sites\/44\/2025\/05\/20250531_101115-768x576.jpg 768w, https:\/\/blogg.atl.nu\/gudhems-gamla-prastgard\/wp-content\/uploads\/sites\/44\/2025\/05\/20250531_101115-1536x1152.jpg 1536w, https:\/\/blogg.atl.nu\/gudhems-gamla-prastgard\/wp-content\/uploads\/sites\/44\/2025\/05\/20250531_101115-2048x1536.jpg 2048w\" sizes=\"(max-width: 600px) 100vw, 600px\" \/><\/p>\n<p>Jag fick ringa John f\u00f6r det h\u00e4r l\u00f6ser jag inte sj\u00e4lv. Han var p\u00e5v\u00e4g hem f\u00f6r att fylla g\u00f6dsel precis s\u00e5 han var p\u00e5 plats bara n\u00e5gra minuter efter alla rymde.<\/p>\n<p><img loading=\"lazy\" class=\"alignnone size-medium wp-image-3310\" src=\"https:\/\/blogg.atl.nu\/gudhems-gamla-prastgard\/wp-content\/uploads\/sites\/44\/2025\/05\/20250531_101705-450x600.jpg\" alt=\"\" width=\"450\" height=\"600\" srcset=\"https:\/\/blogg.atl.nu\/gudhems-gamla-prastgard\/wp-content\/uploads\/sites\/44\/2025\/05\/20250531_101705-450x600.jpg 450w, https:\/\/blogg.atl.nu\/gudhems-gamla-prastgard\/wp-content\/uploads\/sites\/44\/2025\/05\/20250531_101705-768x1024.jpg 768w, https:\/\/blogg.atl.nu\/gudhems-gamla-prastgard\/wp-content\/uploads\/sites\/44\/2025\/05\/20250531_101705-1152x1536.jpg 1152w, https:\/\/blogg.atl.nu\/gudhems-gamla-prastgard\/wp-content\/uploads\/sites\/44\/2025\/05\/20250531_101705-1536x2048.jpg 1536w, https:\/\/blogg.atl.nu\/gudhems-gamla-prastgard\/wp-content\/uploads\/sites\/44\/2025\/05\/20250531_101705-scaled.jpg 1920w\" sizes=\"(max-width: 450px) 100vw, 450px\" \/><\/p>\n<p>Jagar in kalvar.<\/p>\n<p><img loading=\"lazy\" class=\"alignnone size-medium wp-image-3311\" src=\"https:\/\/blogg.atl.nu\/gudhems-gamla-prastgard\/wp-content\/uploads\/sites\/44\/2025\/05\/20250531_101706-450x600.jpg\" alt=\"\" width=\"450\" height=\"600\" srcset=\"https:\/\/blogg.atl.nu\/gudhems-gamla-prastgard\/wp-content\/uploads\/sites\/44\/2025\/05\/20250531_101706-450x600.jpg 450w, https:\/\/blogg.atl.nu\/gudhems-gamla-prastgard\/wp-content\/uploads\/sites\/44\/2025\/05\/20250531_101706-768x1024.jpg 768w, https:\/\/blogg.atl.nu\/gudhems-gamla-prastgard\/wp-content\/uploads\/sites\/44\/2025\/05\/20250531_101706-1152x1536.jpg 1152w, https:\/\/blogg.atl.nu\/gudhems-gamla-prastgard\/wp-content\/uploads\/sites\/44\/2025\/05\/20250531_101706-1536x2048.jpg 1536w, https:\/\/blogg.atl.nu\/gudhems-gamla-prastgard\/wp-content\/uploads\/sites\/44\/2025\/05\/20250531_101706-scaled.jpg 1920w\" sizes=\"(max-width: 450px) 100vw, 450px\" \/><\/p>\n<p><img loading=\"lazy\" class=\"alignnone size-medium wp-image-3312\" src=\"https:\/\/blogg.atl.nu\/gudhems-gamla-prastgard\/wp-content\/uploads\/sites\/44\/2025\/05\/20250531_101711-450x600.jpg\" alt=\"\" width=\"450\" height=\"600\" srcset=\"https:\/\/blogg.atl.nu\/gudhems-gamla-prastgard\/wp-content\/uploads\/sites\/44\/2025\/05\/20250531_101711-450x600.jpg 450w, https:\/\/blogg.atl.nu\/gudhems-gamla-prastgard\/wp-content\/uploads\/sites\/44\/2025\/05\/20250531_101711-768x1024.jpg 768w, https:\/\/blogg.atl.nu\/gudhems-gamla-prastgard\/wp-content\/uploads\/sites\/44\/2025\/05\/20250531_101711-1152x1536.jpg 1152w, https:\/\/blogg.atl.nu\/gudhems-gamla-prastgard\/wp-content\/uploads\/sites\/44\/2025\/05\/20250531_101711-1536x2048.jpg 1536w, https:\/\/blogg.atl.nu\/gudhems-gamla-prastgard\/wp-content\/uploads\/sites\/44\/2025\/05\/20250531_101711-scaled.jpg 1920w\" sizes=\"(max-width: 450px) 100vw, 450px\" \/><\/p>\n<p>F\u00e5 upp tr\u00e5den igen och f\u00e5 in alla i hagen med betet. Det gick \u00e4nd\u00e5 r\u00e4tt smidigt.<\/p>\n<p><img loading=\"lazy\" class=\"alignnone size-medium wp-image-3313\" src=\"https:\/\/blogg.atl.nu\/gudhems-gamla-prastgard\/wp-content\/uploads\/sites\/44\/2025\/05\/20250531_103653-600x450.jpg\" alt=\"\" width=\"600\" height=\"450\" srcset=\"https:\/\/blogg.atl.nu\/gudhems-gamla-prastgard\/wp-content\/uploads\/sites\/44\/2025\/05\/20250531_103653-600x450.jpg 600w, https:\/\/blogg.atl.nu\/gudhems-gamla-prastgard\/wp-content\/uploads\/sites\/44\/2025\/05\/20250531_103653-1024x768.jpg 1024w, https:\/\/blogg.atl.nu\/gudhems-gamla-prastgard\/wp-content\/uploads\/sites\/44\/2025\/05\/20250531_103653-768x576.jpg 768w, https:\/\/blogg.atl.nu\/gudhems-gamla-prastgard\/wp-content\/uploads\/sites\/44\/2025\/05\/20250531_103653-1536x1152.jpg 1536w, https:\/\/blogg.atl.nu\/gudhems-gamla-prastgard\/wp-content\/uploads\/sites\/44\/2025\/05\/20250531_103653-2048x1536.jpg 2048w\" sizes=\"(max-width: 600px) 100vw, 600px\" \/><\/p>\n<p>Sen stod Asta och muade. S\u00e5 vi fick g\u00e5 in i hagen f\u00f6r att se om hennes kalv var d\u00e4r eller inte.<\/p>\n<p><img loading=\"lazy\" class=\"alignnone size-medium wp-image-3314\" src=\"https:\/\/blogg.atl.nu\/gudhems-gamla-prastgard\/wp-content\/uploads\/sites\/44\/2025\/05\/20250531_105137-450x600.jpg\" alt=\"\" width=\"450\" height=\"600\" srcset=\"https:\/\/blogg.atl.nu\/gudhems-gamla-prastgard\/wp-content\/uploads\/sites\/44\/2025\/05\/20250531_105137-450x600.jpg 450w, https:\/\/blogg.atl.nu\/gudhems-gamla-prastgard\/wp-content\/uploads\/sites\/44\/2025\/05\/20250531_105137-768x1024.jpg 768w, https:\/\/blogg.atl.nu\/gudhems-gamla-prastgard\/wp-content\/uploads\/sites\/44\/2025\/05\/20250531_105137-1152x1536.jpg 1152w, https:\/\/blogg.atl.nu\/gudhems-gamla-prastgard\/wp-content\/uploads\/sites\/44\/2025\/05\/20250531_105137-1536x2048.jpg 1536w, https:\/\/blogg.atl.nu\/gudhems-gamla-prastgard\/wp-content\/uploads\/sites\/44\/2025\/05\/20250531_105137-scaled.jpg 1920w\" sizes=\"(max-width: 450px) 100vw, 450px\" \/><\/p>\n<p>Men hon hade sprungit tillbaka till hagen d\u00e4r vi utfodrar kossorna. S\u00e5 henne fick vi sl\u00e4pa med till r\u00e4tt hage.<\/p>\n<p><img loading=\"lazy\" class=\"alignnone size-medium wp-image-3315\" src=\"https:\/\/blogg.atl.nu\/gudhems-gamla-prastgard\/wp-content\/uploads\/sites\/44\/2025\/05\/20250531_105152-450x600.jpg\" alt=\"\" width=\"450\" height=\"600\" srcset=\"https:\/\/blogg.atl.nu\/gudhems-gamla-prastgard\/wp-content\/uploads\/sites\/44\/2025\/05\/20250531_105152-450x600.jpg 450w, https:\/\/blogg.atl.nu\/gudhems-gamla-prastgard\/wp-content\/uploads\/sites\/44\/2025\/05\/20250531_105152-768x1024.jpg 768w, https:\/\/blogg.atl.nu\/gudhems-gamla-prastgard\/wp-content\/uploads\/sites\/44\/2025\/05\/20250531_105152-1152x1536.jpg 1152w, https:\/\/blogg.atl.nu\/gudhems-gamla-prastgard\/wp-content\/uploads\/sites\/44\/2025\/05\/20250531_105152-1536x2048.jpg 1536w, https:\/\/blogg.atl.nu\/gudhems-gamla-prastgard\/wp-content\/uploads\/sites\/44\/2025\/05\/20250531_105152-scaled.jpg 1920w\" sizes=\"(max-width: 450px) 100vw, 450px\" \/><\/p>\n<p>Phuu tillslut var allt kaos i sin ordning. Alla kossor med kalvar g\u00e5r p\u00e5 bete och de som inte f\u00e5tt kalvar \u00e4nnu har g\u00e5tt tillbaka till hagen d\u00e4r dom blir utfodrade.<\/p>\n<p><img loading=\"lazy\" class=\"alignnone size-medium wp-image-3309\" src=\"https:\/\/blogg.atl.nu\/gudhems-gamla-prastgard\/wp-content\/uploads\/sites\/44\/2025\/05\/20250531_101115-600x450.jpg\" alt=\"\" width=\"600\" height=\"450\" srcset=\"https:\/\/blogg.atl.nu\/gudhems-gamla-prastgard\/wp-content\/uploads\/sites\/44\/2025\/05\/20250531_101115-600x450.jpg 600w, https:\/\/blogg.atl.nu\/gudhems-gamla-prastgard\/wp-content\/uploads\/sites\/44\/2025\/05\/20250531_101115-1024x768.jpg 1024w, https:\/\/blogg.atl.nu\/gudhems-gamla-prastgard\/wp-content\/uploads\/sites\/44\/2025\/05\/20250531_101115-768x576.jpg 768w, https:\/\/blogg.atl.nu\/gudhems-gamla-prastgard\/wp-content\/uploads\/sites\/44\/2025\/05\/20250531_101115-1536x1152.jpg 1536w, https:\/\/blogg.atl.nu\/gudhems-gamla-prastgard\/wp-content\/uploads\/sites\/44\/2025\/05\/20250531_101115-2048x1536.jpg 2048w\" sizes=\"(max-width: 600px) 100vw, 600px\" \/><\/p>\n<p>Fast en kossa har inte kommit p\u00e5 plast \u00e4nnu. Det \u00e4r Nora. Henne f\u00e5r vi inte in i hagen. Hon \u00e4r v\u00e4ldigt skygg f\u00f6r oss. Vi vet inte varf\u00f6r hon \u00e4r s\u00e5h\u00e4r. Men idag konstaterade vi att henne kommer vi inte ha kvar n\u00e4r hennes kalv ska v\u00e4njas av. Hon funkar inte i utedriftprogrammet. Hon var en j\u00e4ttebra mamma men vi m\u00e5ste ha lugna kossor som vi kan g\u00e5 n\u00e4ra och hantera. Det \u00e4r inte f\u00f6rsta g\u00e5ngen vi inte f\u00e5r med henne.<\/p>\n<p>Men jag ska strax g\u00e5 ut och se vart hon befinner sig p\u00e5 g\u00e5rden nu. F\u00f6rhoppningsvis har hon hoppat in i hagen till sin kalv.<\/p>\n<div style=\"width: 2160px;\" class=\"wp-video\"><video class=\"wp-video-shortcode\" id=\"video-3296-2\" width=\"2160\" height=\"3840\" preload=\"metadata\" controls=\"controls\"><source type=\"video\/mp4\" src=\"https:\/\/blogg.atl.nu\/gudhems-gamla-prastgard\/wp-content\/uploads\/sites\/44\/2025\/05\/YouCut_20250530_173416002.mp4?_=2\" \/><a href=\"https:\/\/blogg.atl.nu\/gudhems-gamla-prastgard\/wp-content\/uploads\/sites\/44\/2025\/05\/YouCut_20250530_173416002.mp4\">https:\/\/blogg.atl.nu\/gudhems-gamla-prastgard\/wp-content\/uploads\/sites\/44\/2025\/05\/YouCut_20250530_173416002.mp4<\/a><\/video><\/div>\n<p>Livet som bonde under kalvnings\u00e4song&#8230;<\/p>\n<p>\/<strong>Bettina<\/strong><\/p>\n<p>&nbsp;<\/p>\n","protected":false},"excerpt":{"rendered":"<p>Hej svejs! H\u00e4r har det vankats b\u00e5de lite ledighet och mycket jobb i dagarna. John har haft mycket jobb med att spruta och g\u00f6dsla. Barnen har ledigt i fyra dagar nu s\u00e5 jag har mest tagit hand om ungar och kalvar. K\u00e4nner mig som en riktig hemmafru som tar hand om alla sm\u00e5 liven h\u00e4r&#8230;<\/p>\n","protected":false},"author":369,"featured_media":3314,"comment_status":"open","ping_status":"open","sticky":false,"template":"","format":"standard","meta":[],"categories":[1],"tags":[],"yoast_head":"<!-- This site is optimized with the Yoast SEO plugin v19.6 - https:\/\/yoast.com\/wordpress\/plugins\/seo\/ -->\n<title>Minutrarna innan kaos utbr\u00f6t! - Gudhems gamla pr\u00e4stg\u00e5rd<\/title>\n<meta name=\"robots\" content=\"index, follow, max-snippet:-1, max-image-preview:large, max-video-preview:-1\" \/>\n<link rel=\"canonical\" href=\"https:\/\/blogg.atl.nu\/gudhems-gamla-prastgard\/2025\/05\/31\/minutrarna-innan-kaos-utbrot\/\" \/>\n<meta property=\"og:locale\" content=\"sv_SE\" \/>\n<meta property=\"og:type\" content=\"article\" \/>\n<meta property=\"og:title\" content=\"Minutrarna innan kaos utbr\u00f6t! - Gudhems gamla pr\u00e4stg\u00e5rd\" \/>\n<meta property=\"og:description\" content=\"Hej svejs! H\u00e4r har det vankats b\u00e5de lite ledighet och mycket jobb i dagarna. John har haft mycket jobb med att spruta och g\u00f6dsla. Barnen har ledigt i fyra dagar nu s\u00e5 jag har mest tagit hand om ungar och kalvar. K\u00e4nner mig som en riktig hemmafru som tar hand om alla sm\u00e5 liven h\u00e4r...\" \/>\n<meta property=\"og:url\" content=\"https:\/\/blogg.atl.nu\/gudhems-gamla-prastgard\/2025\/05\/31\/minutrarna-innan-kaos-utbrot\/\" \/>\n<meta property=\"og:site_name\" content=\"Gudhems gamla pr\u00e4stg\u00e5rd\" \/>\n<meta property=\"article:published_time\" content=\"2025-05-31T10:42:50+00:00\" \/>\n<meta property=\"article:modified_time\" content=\"2025-05-31T10:46:37+00:00\" \/>\n<meta property=\"og:image\" content=\"https:\/\/blogg.atl.nu\/gudhems-gamla-prastgard\/wp-content\/uploads\/sites\/44\/2025\/05\/20250531_105137-scaled.jpg\" \/>\n\t<meta property=\"og:image:width\" content=\"1920\" \/>\n\t<meta property=\"og:image:height\" content=\"2560\" \/>\n\t<meta property=\"og:image:type\" content=\"image\/jpeg\" \/>\n<meta name=\"author\" content=\"Bettina Larsson\" \/>\n<meta name=\"twitter:card\" content=\"summary_large_image\" \/>\n<meta name=\"twitter:label1\" content=\"Skriven av\" \/>\n\t<meta name=\"twitter:data1\" content=\"Bettina Larsson\" \/>\n\t<meta name=\"twitter:label2\" content=\"Ber\u00e4knad l\u00e4stid\" \/>\n\t<meta name=\"twitter:data2\" content=\"10 minuter\" \/>\n<script type=\"application\/ld+json\" class=\"yoast-schema-graph\">{\"@context\":\"https:\/\/schema.org\",\"@graph\":[{\"@type\":\"WebPage\",\"@id\":\"https:\/\/blogg.atl.nu\/gudhems-gamla-prastgard\/2025\/05\/31\/minutrarna-innan-kaos-utbrot\/\",\"url\":\"https:\/\/blogg.atl.nu\/gudhems-gamla-prastgard\/2025\/05\/31\/minutrarna-innan-kaos-utbrot\/\",\"name\":\"Minutrarna innan kaos utbr\u00f6t! - Gudhems gamla pr\u00e4stg\u00e5rd\",\"isPartOf\":{\"@id\":\"https:\/\/blogg.atl.nu\/gudhems-gamla-prastgard\/#website\"},\"datePublished\":\"2025-05-31T10:42:50+00:00\",\"dateModified\":\"2025-05-31T10:46:37+00:00\",\"author\":{\"@id\":\"https:\/\/blogg.atl.nu\/gudhems-gamla-prastgard\/#\/schema\/person\/e7e2f38dced67d8685891b5c63d6eed3\"},\"breadcrumb\":{\"@id\":\"https:\/\/blogg.atl.nu\/gudhems-gamla-prastgard\/2025\/05\/31\/minutrarna-innan-kaos-utbrot\/#breadcrumb\"},\"inLanguage\":\"sv-SE\",\"potentialAction\":[{\"@type\":\"ReadAction\",\"target\":[\"https:\/\/blogg.atl.nu\/gudhems-gamla-prastgard\/2025\/05\/31\/minutrarna-innan-kaos-utbrot\/\"]}]},{\"@type\":\"BreadcrumbList\",\"@id\":\"https:\/\/blogg.atl.nu\/gudhems-gamla-prastgard\/2025\/05\/31\/minutrarna-innan-kaos-utbrot\/#breadcrumb\",\"itemListElement\":[{\"@type\":\"ListItem\",\"position\":1,\"name\":\"Home\",\"item\":\"https:\/\/blogg.atl.nu\/gudhems-gamla-prastgard\/\"},{\"@type\":\"ListItem\",\"position\":2,\"name\":\"Minutrarna innan kaos utbr\u00f6t!\"}]},{\"@type\":\"WebSite\",\"@id\":\"https:\/\/blogg.atl.nu\/gudhems-gamla-prastgard\/#website\",\"url\":\"https:\/\/blogg.atl.nu\/gudhems-gamla-prastgard\/\",\"name\":\"Gudhems gamla pr\u00e4stg\u00e5rd\",\"description\":\"Bettina Larsson\",\"potentialAction\":[{\"@type\":\"SearchAction\",\"target\":{\"@type\":\"EntryPoint\",\"urlTemplate\":\"https:\/\/blogg.atl.nu\/gudhems-gamla-prastgard\/?s={search_term_string}\"},\"query-input\":\"required name=search_term_string\"}],\"inLanguage\":\"sv-SE\"},{\"@type\":\"Person\",\"@id\":\"https:\/\/blogg.atl.nu\/gudhems-gamla-prastgard\/#\/schema\/person\/e7e2f38dced67d8685891b5c63d6eed3\",\"name\":\"Bettina Larsson\",\"image\":{\"@type\":\"ImageObject\",\"inLanguage\":\"sv-SE\",\"@id\":\"https:\/\/blogg.atl.nu\/gudhems-gamla-prastgard\/#\/schema\/person\/image\/\",\"url\":\"https:\/\/secure.gravatar.com\/avatar\/6869a306b4facfbd79cb2e14dcda8857?s=96&d=mm&r=g\",\"contentUrl\":\"https:\/\/secure.gravatar.com\/avatar\/6869a306b4facfbd79cb2e14dcda8857?s=96&d=mm&r=g\",\"caption\":\"Bettina Larsson\"},\"url\":\"https:\/\/blogg.atl.nu\/gudhems-gamla-prastgard\/author\/bettina\/\"}]}<\/script>\n<!-- \/ Yoast SEO plugin. -->","yoast_head_json":{"title":"Minutrarna innan kaos utbr\u00f6t! - Gudhems gamla pr\u00e4stg\u00e5rd","robots":{"index":"index","follow":"follow","max-snippet":"max-snippet:-1","max-image-preview":"max-image-preview:large","max-video-preview":"max-video-preview:-1"},"canonical":"https:\/\/blogg.atl.nu\/gudhems-gamla-prastgard\/2025\/05\/31\/minutrarna-innan-kaos-utbrot\/","og_locale":"sv_SE","og_type":"article","og_title":"Minutrarna innan kaos utbr\u00f6t! - Gudhems gamla pr\u00e4stg\u00e5rd","og_description":"Hej svejs! H\u00e4r har det vankats b\u00e5de lite ledighet och mycket jobb i dagarna. John har haft mycket jobb med att spruta och g\u00f6dsla. Barnen har ledigt i fyra dagar nu s\u00e5 jag har mest tagit hand om ungar och kalvar. K\u00e4nner mig som en riktig hemmafru som tar hand om alla sm\u00e5 liven h\u00e4r...","og_url":"https:\/\/blogg.atl.nu\/gudhems-gamla-prastgard\/2025\/05\/31\/minutrarna-innan-kaos-utbrot\/","og_site_name":"Gudhems gamla pr\u00e4stg\u00e5rd","article_published_time":"2025-05-31T10:42:50+00:00","article_modified_time":"2025-05-31T10:46:37+00:00","og_image":[{"width":1920,"height":2560,"url":"https:\/\/blogg.atl.nu\/gudhems-gamla-prastgard\/wp-content\/uploads\/sites\/44\/2025\/05\/20250531_105137-scaled.jpg","type":"image\/jpeg"}],"author":"Bettina Larsson","twitter_card":"summary_large_image","twitter_misc":{"Skriven av":"Bettina Larsson","Ber\u00e4knad l\u00e4stid":"10 minuter"},"schema":{"@context":"https:\/\/schema.org","@graph":[{"@type":"WebPage","@id":"https:\/\/blogg.atl.nu\/gudhems-gamla-prastgard\/2025\/05\/31\/minutrarna-innan-kaos-utbrot\/","url":"https:\/\/blogg.atl.nu\/gudhems-gamla-prastgard\/2025\/05\/31\/minutrarna-innan-kaos-utbrot\/","name":"Minutrarna innan kaos utbr\u00f6t! - Gudhems gamla pr\u00e4stg\u00e5rd","isPartOf":{"@id":"https:\/\/blogg.atl.nu\/gudhems-gamla-prastgard\/#website"},"datePublished":"2025-05-31T10:42:50+00:00","dateModified":"2025-05-31T10:46:37+00:00","author":{"@id":"https:\/\/blogg.atl.nu\/gudhems-gamla-prastgard\/#\/schema\/person\/e7e2f38dced67d8685891b5c63d6eed3"},"breadcrumb":{"@id":"https:\/\/blogg.atl.nu\/gudhems-gamla-prastgard\/2025\/05\/31\/minutrarna-innan-kaos-utbrot\/#breadcrumb"},"inLanguage":"sv-SE","potentialAction":[{"@type":"ReadAction","target":["https:\/\/blogg.atl.nu\/gudhems-gamla-prastgard\/2025\/05\/31\/minutrarna-innan-kaos-utbrot\/"]}]},{"@type":"BreadcrumbList","@id":"https:\/\/blogg.atl.nu\/gudhems-gamla-prastgard\/2025\/05\/31\/minutrarna-innan-kaos-utbrot\/#breadcrumb","itemListElement":[{"@type":"ListItem","position":1,"name":"Home","item":"https:\/\/blogg.atl.nu\/gudhems-gamla-prastgard\/"},{"@type":"ListItem","position":2,"name":"Minutrarna innan kaos utbr\u00f6t!"}]},{"@type":"WebSite","@id":"https:\/\/blogg.atl.nu\/gudhems-gamla-prastgard\/#website","url":"https:\/\/blogg.atl.nu\/gudhems-gamla-prastgard\/","name":"Gudhems gamla pr\u00e4stg\u00e5rd","description":"Bettina Larsson","potentialAction":[{"@type":"SearchAction","target":{"@type":"EntryPoint","urlTemplate":"https:\/\/blogg.atl.nu\/gudhems-gamla-prastgard\/?s={search_term_string}"},"query-input":"required name=search_term_string"}],"inLanguage":"sv-SE"},{"@type":"Person","@id":"https:\/\/blogg.atl.nu\/gudhems-gamla-prastgard\/#\/schema\/person\/e7e2f38dced67d8685891b5c63d6eed3","name":"Bettina Larsson","image":{"@type":"ImageObject","inLanguage":"sv-SE","@id":"https:\/\/blogg.atl.nu\/gudhems-gamla-prastgard\/#\/schema\/person\/image\/","url":"https:\/\/secure.gravatar.com\/avatar\/6869a306b4facfbd79cb2e14dcda8857?s=96&d=mm&r=g","contentUrl":"https:\/\/secure.gravatar.com\/avatar\/6869a306b4facfbd79cb2e14dcda8857?s=96&d=mm&r=g","caption":"Bettina Larsson"},"url":"https:\/\/blogg.atl.nu\/gudhems-gamla-prastgard\/author\/bettina\/"}]}},"_links":{"self":[{"href":"https:\/\/blogg.atl.nu\/gudhems-gamla-prastgard\/wp-json\/wp\/v2\/posts\/3296"}],"collection":[{"href":"https:\/\/blogg.atl.nu\/gudhems-gamla-prastgard\/wp-json\/wp\/v2\/posts"}],"about":[{"href":"https:\/\/blogg.atl.nu\/gudhems-gamla-prastgard\/wp-json\/wp\/v2\/types\/post"}],"author":[{"embeddable":true,"href":"https:\/\/blogg.atl.nu\/gudhems-gamla-prastgard\/wp-json\/wp\/v2\/users\/369"}],"replies":[{"embeddable":true,"href":"https:\/\/blogg.atl.nu\/gudhems-gamla-prastgard\/wp-json\/wp\/v2\/comments?post=3296"}],"version-history":[{"count":4,"href":"https:\/\/blogg.atl.nu\/gudhems-gamla-prastgard\/wp-json\/wp\/v2\/posts\/3296\/revisions"}],"predecessor-version":[{"id":3329,"href":"https:\/\/blogg.atl.nu\/gudhems-gamla-prastgard\/wp-json\/wp\/v2\/posts\/3296\/revisions\/3329"}],"wp:featuredmedia":[{"embeddable":true,"href":"https:\/\/blogg.atl.nu\/gudhems-gamla-prastgard\/wp-json\/wp\/v2\/media\/3314"}],"wp:attachment":[{"href":"https:\/\/blogg.atl.nu\/gudhems-gamla-prastgard\/wp-json\/wp\/v2\/media?parent=3296"}],"wp:term":[{"taxonomy":"category","embeddable":true,"href":"https:\/\/blogg.atl.nu\/gudhems-gamla-prastgard\/wp-json\/wp\/v2\/categories?post=3296"},{"taxonomy":"post_tag","embeddable":true,"href":"https:\/\/blogg.atl.nu\/gudhems-gamla-prastgard\/wp-json\/wp\/v2\/tags?post=3296"}],"curies":[{"name":"wp","href":"https:\/\/api.w.org\/{rel}","templated":true}]}}