{"id":4087,"date":"2025-08-01T22:32:02","date_gmt":"2025-08-01T20:32:02","guid":{"rendered":"https:\/\/blogg.atl.nu\/gudhems-gamla-prastgard\/?p=4087"},"modified":"2025-08-01T22:32:02","modified_gmt":"2025-08-01T20:32:02","slug":"jag-har-kort-troska-for-forsta-gangen-och-fatt-punktering","status":"publish","type":"post","link":"https:\/\/blogg.atl.nu\/gudhems-gamla-prastgard\/2025\/08\/01\/jag-har-kort-troska-for-forsta-gangen-och-fatt-punktering\/","title":{"rendered":"Jag har k\u00f6rt tr\u00f6ska f\u00f6r f\u00f6rsta g\u00e5ngen och f\u00e5tt punktering&#8230;"},"content":{"rendered":"<p><strong>Hej! H\u00e4r har det vart intensivt sen f\u00f6rra blogginl\u00e4gget! Vi har k\u00f6rt p\u00e5 f\u00f6r fullt med att tr\u00f6ska r\u00e5g.\u00a0<\/strong><\/p>\n<p><img loading=\"lazy\" class=\"alignnone size-medium wp-image-4112\" src=\"https:\/\/blogg.atl.nu\/gudhems-gamla-prastgard\/wp-content\/uploads\/sites\/44\/2025\/08\/20250731_144657-450x600.jpg\" alt=\"\" width=\"450\" height=\"600\" srcset=\"https:\/\/blogg.atl.nu\/gudhems-gamla-prastgard\/wp-content\/uploads\/sites\/44\/2025\/08\/20250731_144657-450x600.jpg 450w, https:\/\/blogg.atl.nu\/gudhems-gamla-prastgard\/wp-content\/uploads\/sites\/44\/2025\/08\/20250731_144657-768x1024.jpg 768w, https:\/\/blogg.atl.nu\/gudhems-gamla-prastgard\/wp-content\/uploads\/sites\/44\/2025\/08\/20250731_144657-1152x1536.jpg 1152w, https:\/\/blogg.atl.nu\/gudhems-gamla-prastgard\/wp-content\/uploads\/sites\/44\/2025\/08\/20250731_144657-1536x2048.jpg 1536w, https:\/\/blogg.atl.nu\/gudhems-gamla-prastgard\/wp-content\/uploads\/sites\/44\/2025\/08\/20250731_144657-scaled.jpg 1920w\" sizes=\"(max-width: 450px) 100vw, 450px\" \/><\/p>\n<p>John tr\u00f6skar p\u00e5 non stop och jag k\u00f6r vagnar non stop. M\u00e5let \u00e4r iallafall att tr\u00f6skan inte beh\u00f6ver stanna en enda g\u00e5ng under de timmar vi k\u00f6r. Vi har tr\u00f6skat under tre dagar och tr\u00f6skan har g\u00e5tt 8-11 h om dagen.<\/p>\n<p><img loading=\"lazy\" class=\"alignnone size-medium wp-image-4118\" src=\"https:\/\/blogg.atl.nu\/gudhems-gamla-prastgard\/wp-content\/uploads\/sites\/44\/2025\/08\/20250730_181956-450x600.jpg\" alt=\"\" width=\"450\" height=\"600\" srcset=\"https:\/\/blogg.atl.nu\/gudhems-gamla-prastgard\/wp-content\/uploads\/sites\/44\/2025\/08\/20250730_181956-450x600.jpg 450w, https:\/\/blogg.atl.nu\/gudhems-gamla-prastgard\/wp-content\/uploads\/sites\/44\/2025\/08\/20250730_181956-768x1024.jpg 768w, https:\/\/blogg.atl.nu\/gudhems-gamla-prastgard\/wp-content\/uploads\/sites\/44\/2025\/08\/20250730_181956-1152x1536.jpg 1152w, https:\/\/blogg.atl.nu\/gudhems-gamla-prastgard\/wp-content\/uploads\/sites\/44\/2025\/08\/20250730_181956-1536x2048.jpg 1536w, https:\/\/blogg.atl.nu\/gudhems-gamla-prastgard\/wp-content\/uploads\/sites\/44\/2025\/08\/20250730_181956-scaled.jpg 1920w\" sizes=\"(max-width: 450px) 100vw, 450px\" \/><\/p>\n<p>Men d\u00e5 och d\u00e5 f\u00e5r jag en paus innan tanken ska t\u00f6mmas och d\u00e5 passade jag p\u00e5 att tr\u00f6ska f\u00f6r f\u00f6rsta g\u00e5ngen i mitt liv. Det tog tre \u00e5r, men nu satte jag mig bakom ratten p\u00e5 tr\u00f6skan tillslut. Men tro inte att jag k\u00f6rde sj\u00e4lv och tro inte att jag k\u00f6rde i mer \u00e4n fem minuter!<\/p>\n<p><img loading=\"lazy\" class=\"alignnone size-medium wp-image-4119\" src=\"https:\/\/blogg.atl.nu\/gudhems-gamla-prastgard\/wp-content\/uploads\/sites\/44\/2025\/08\/20250730_181944-450x600.jpg\" alt=\"\" width=\"450\" height=\"600\" srcset=\"https:\/\/blogg.atl.nu\/gudhems-gamla-prastgard\/wp-content\/uploads\/sites\/44\/2025\/08\/20250730_181944-450x600.jpg 450w, https:\/\/blogg.atl.nu\/gudhems-gamla-prastgard\/wp-content\/uploads\/sites\/44\/2025\/08\/20250730_181944-768x1024.jpg 768w, https:\/\/blogg.atl.nu\/gudhems-gamla-prastgard\/wp-content\/uploads\/sites\/44\/2025\/08\/20250730_181944-1152x1536.jpg 1152w, https:\/\/blogg.atl.nu\/gudhems-gamla-prastgard\/wp-content\/uploads\/sites\/44\/2025\/08\/20250730_181944-1536x2048.jpg 1536w, https:\/\/blogg.atl.nu\/gudhems-gamla-prastgard\/wp-content\/uploads\/sites\/44\/2025\/08\/20250730_181944-scaled.jpg 1920w\" sizes=\"(max-width: 450px) 100vw, 450px\" \/><\/p>\n<p>I onsdags eftermiddag k\u00f6rde vi ig\u00e5ng och tr\u00f6skade r\u00e5g som sagt. Det \u00e4r 29 hektar som ska rivas av. N\u00e4r vi tog vattenprov d\u00e5 s\u00e5 l\u00e5g den p\u00e5 17 % och s\u00e5 har det fortsatt.<\/p>\n<div style=\"width: 3840px;\" class=\"wp-video\"><!--[if lt IE 9]><script>document.createElement('video');<\/script><![endif]-->\n<video class=\"wp-video-shortcode\" id=\"video-4087-1\" width=\"3840\" height=\"2160\" preload=\"metadata\" controls=\"controls\"><source type=\"video\/mp4\" src=\"https:\/\/blogg.atl.nu\/gudhems-gamla-prastgard\/wp-content\/uploads\/sites\/44\/2025\/08\/20250730_180654.mp4?_=1\" \/><a href=\"https:\/\/blogg.atl.nu\/gudhems-gamla-prastgard\/wp-content\/uploads\/sites\/44\/2025\/08\/20250730_180654.mp4\">https:\/\/blogg.atl.nu\/gudhems-gamla-prastgard\/wp-content\/uploads\/sites\/44\/2025\/08\/20250730_180654.mp4<\/a><\/video><\/div>\n<p>Alla tre dagar har vi kunnat tr\u00f6ska p\u00e5 fram till 22.00.<\/p>\n<p><img loading=\"lazy\" class=\"alignnone size-medium wp-image-4121\" src=\"https:\/\/blogg.atl.nu\/gudhems-gamla-prastgard\/wp-content\/uploads\/sites\/44\/2025\/08\/20250730_141955-450x600.jpg\" alt=\"\" width=\"450\" height=\"600\" srcset=\"https:\/\/blogg.atl.nu\/gudhems-gamla-prastgard\/wp-content\/uploads\/sites\/44\/2025\/08\/20250730_141955-450x600.jpg 450w, https:\/\/blogg.atl.nu\/gudhems-gamla-prastgard\/wp-content\/uploads\/sites\/44\/2025\/08\/20250730_141955-768x1024.jpg 768w, https:\/\/blogg.atl.nu\/gudhems-gamla-prastgard\/wp-content\/uploads\/sites\/44\/2025\/08\/20250730_141955-1152x1536.jpg 1152w, https:\/\/blogg.atl.nu\/gudhems-gamla-prastgard\/wp-content\/uploads\/sites\/44\/2025\/08\/20250730_141955-1536x2048.jpg 1536w, https:\/\/blogg.atl.nu\/gudhems-gamla-prastgard\/wp-content\/uploads\/sites\/44\/2025\/08\/20250730_141955-scaled.jpg 1920w\" sizes=\"(max-width: 450px) 100vw, 450px\" \/><\/p>\n<div style=\"width: 1080px;\" class=\"wp-video\"><video class=\"wp-video-shortcode\" id=\"video-4087-2\" width=\"1080\" height=\"1920\" preload=\"metadata\" controls=\"controls\"><source type=\"video\/mp4\" src=\"https:\/\/blogg.atl.nu\/gudhems-gamla-prastgard\/wp-content\/uploads\/sites\/44\/2025\/08\/YouCut_20250730_192354978.mp4?_=2\" \/><a href=\"https:\/\/blogg.atl.nu\/gudhems-gamla-prastgard\/wp-content\/uploads\/sites\/44\/2025\/08\/YouCut_20250730_192354978.mp4\">https:\/\/blogg.atl.nu\/gudhems-gamla-prastgard\/wp-content\/uploads\/sites\/44\/2025\/08\/YouCut_20250730_192354978.mp4<\/a><\/video><\/div>\n<p>P\u00e5 morgonen innan vi b\u00f6rjar tr\u00f6ska \u00e4r det massa fix som att fylla vatten till kossorna, ta ladug\u00e5rden, st\u00e4dar ur ett lager till s\u00e5 vi f\u00e5r plats med mer r\u00e5g, \u00f6sa upp i lagret vi tippat i, kollar r\u00f6rsvingeln och tar vattenprov samt s\u00e4tter p\u00e5 alla fl\u00e4ktar osv, mockar ut i ladug\u00e5rden framf\u00f6r foderborden osv. Mycket fix innan man kommer iv\u00e4g.<\/p>\n<p><img loading=\"lazy\" class=\"alignnone size-medium wp-image-4125\" src=\"https:\/\/blogg.atl.nu\/gudhems-gamla-prastgard\/wp-content\/uploads\/sites\/44\/2025\/08\/20250730_120138-450x600.jpg\" alt=\"\" width=\"450\" height=\"600\" srcset=\"https:\/\/blogg.atl.nu\/gudhems-gamla-prastgard\/wp-content\/uploads\/sites\/44\/2025\/08\/20250730_120138-450x600.jpg 450w, https:\/\/blogg.atl.nu\/gudhems-gamla-prastgard\/wp-content\/uploads\/sites\/44\/2025\/08\/20250730_120138-768x1024.jpg 768w, https:\/\/blogg.atl.nu\/gudhems-gamla-prastgard\/wp-content\/uploads\/sites\/44\/2025\/08\/20250730_120138-1152x1536.jpg 1152w, https:\/\/blogg.atl.nu\/gudhems-gamla-prastgard\/wp-content\/uploads\/sites\/44\/2025\/08\/20250730_120138-1536x2048.jpg 1536w, https:\/\/blogg.atl.nu\/gudhems-gamla-prastgard\/wp-content\/uploads\/sites\/44\/2025\/08\/20250730_120138-scaled.jpg 1920w\" sizes=\"(max-width: 450px) 100vw, 450px\" \/><\/p>\n<p><img loading=\"lazy\" class=\"alignnone size-medium wp-image-4123\" src=\"https:\/\/blogg.atl.nu\/gudhems-gamla-prastgard\/wp-content\/uploads\/sites\/44\/2025\/08\/20250730_130738-600x450.jpg\" alt=\"\" width=\"600\" height=\"450\" srcset=\"https:\/\/blogg.atl.nu\/gudhems-gamla-prastgard\/wp-content\/uploads\/sites\/44\/2025\/08\/20250730_130738-600x450.jpg 600w, https:\/\/blogg.atl.nu\/gudhems-gamla-prastgard\/wp-content\/uploads\/sites\/44\/2025\/08\/20250730_130738-1024x768.jpg 1024w, https:\/\/blogg.atl.nu\/gudhems-gamla-prastgard\/wp-content\/uploads\/sites\/44\/2025\/08\/20250730_130738-768x576.jpg 768w, https:\/\/blogg.atl.nu\/gudhems-gamla-prastgard\/wp-content\/uploads\/sites\/44\/2025\/08\/20250730_130738-1536x1152.jpg 1536w, https:\/\/blogg.atl.nu\/gudhems-gamla-prastgard\/wp-content\/uploads\/sites\/44\/2025\/08\/20250730_130738-2048x1536.jpg 2048w\" sizes=\"(max-width: 600px) 100vw, 600px\" \/><\/p>\n<p><img loading=\"lazy\" class=\"alignnone size-medium wp-image-4122\" src=\"https:\/\/blogg.atl.nu\/gudhems-gamla-prastgard\/wp-content\/uploads\/sites\/44\/2025\/08\/20250730_135607-450x600.jpg\" alt=\"\" width=\"450\" height=\"600\" srcset=\"https:\/\/blogg.atl.nu\/gudhems-gamla-prastgard\/wp-content\/uploads\/sites\/44\/2025\/08\/20250730_135607-450x600.jpg 450w, https:\/\/blogg.atl.nu\/gudhems-gamla-prastgard\/wp-content\/uploads\/sites\/44\/2025\/08\/20250730_135607-768x1024.jpg 768w, https:\/\/blogg.atl.nu\/gudhems-gamla-prastgard\/wp-content\/uploads\/sites\/44\/2025\/08\/20250730_135607-1152x1536.jpg 1152w, https:\/\/blogg.atl.nu\/gudhems-gamla-prastgard\/wp-content\/uploads\/sites\/44\/2025\/08\/20250730_135607-1536x2048.jpg 1536w, https:\/\/blogg.atl.nu\/gudhems-gamla-prastgard\/wp-content\/uploads\/sites\/44\/2025\/08\/20250730_135607-scaled.jpg 1920w\" sizes=\"(max-width: 450px) 100vw, 450px\" \/><\/p>\n<p><img loading=\"lazy\" class=\"alignnone size-medium wp-image-4114\" src=\"https:\/\/blogg.atl.nu\/gudhems-gamla-prastgard\/wp-content\/uploads\/sites\/44\/2025\/08\/20250731_095246-450x600.jpg\" alt=\"\" width=\"450\" height=\"600\" srcset=\"https:\/\/blogg.atl.nu\/gudhems-gamla-prastgard\/wp-content\/uploads\/sites\/44\/2025\/08\/20250731_095246-450x600.jpg 450w, https:\/\/blogg.atl.nu\/gudhems-gamla-prastgard\/wp-content\/uploads\/sites\/44\/2025\/08\/20250731_095246-768x1024.jpg 768w, https:\/\/blogg.atl.nu\/gudhems-gamla-prastgard\/wp-content\/uploads\/sites\/44\/2025\/08\/20250731_095246-1152x1536.jpg 1152w, https:\/\/blogg.atl.nu\/gudhems-gamla-prastgard\/wp-content\/uploads\/sites\/44\/2025\/08\/20250731_095246-1536x2048.jpg 1536w, https:\/\/blogg.atl.nu\/gudhems-gamla-prastgard\/wp-content\/uploads\/sites\/44\/2025\/08\/20250731_095246-scaled.jpg 1920w\" sizes=\"(max-width: 450px) 100vw, 450px\" \/><\/p>\n<p>Ig\u00e5r skulle barnen \u00e5ka med oss efter f\u00f6rskolan fram till ikv\u00e4llen, s\u00e5 vi h\u00f6ll verkligen tummarna att dom \u00e4r p\u00e5 hum\u00f6r f\u00f6r det. Det gick ocks\u00e5 bra!<\/p>\n<p><img loading=\"lazy\" class=\"alignnone size-medium wp-image-4088\" src=\"https:\/\/blogg.atl.nu\/gudhems-gamla-prastgard\/wp-content\/uploads\/sites\/44\/2025\/08\/Screenshot_20250801_214817_Gallery-350x600.jpg\" alt=\"\" width=\"350\" height=\"600\" srcset=\"https:\/\/blogg.atl.nu\/gudhems-gamla-prastgard\/wp-content\/uploads\/sites\/44\/2025\/08\/Screenshot_20250801_214817_Gallery-350x600.jpg 350w, https:\/\/blogg.atl.nu\/gudhems-gamla-prastgard\/wp-content\/uploads\/sites\/44\/2025\/08\/Screenshot_20250801_214817_Gallery-598x1024.jpg 598w, https:\/\/blogg.atl.nu\/gudhems-gamla-prastgard\/wp-content\/uploads\/sites\/44\/2025\/08\/Screenshot_20250801_214817_Gallery-768x1315.jpg 768w, https:\/\/blogg.atl.nu\/gudhems-gamla-prastgard\/wp-content\/uploads\/sites\/44\/2025\/08\/Screenshot_20250801_214817_Gallery-897x1536.jpg 897w, https:\/\/blogg.atl.nu\/gudhems-gamla-prastgard\/wp-content\/uploads\/sites\/44\/2025\/08\/Screenshot_20250801_214817_Gallery.jpg 1079w\" sizes=\"(max-width: 350px) 100vw, 350px\" \/><\/p>\n<p>Vilka k\u00e4mpar till barn vi hade ig\u00e5r.\ud83e\udd79\ud83e\udd70 Jag h\u00e4mtade dom med traktorn och vagn mellan en tippning hemma p\u00e5 g\u00e5rden p\u00e5 f\u00f6rskolan. Vid klockan 16.00 hoppade vi alla tre in i traktorn.<\/p>\n<p>P\u00e5 morgonen hade jag f\u00f6rberett med massa plockmat s\u00e5 dom skulle ha n\u00e5got att syssels\u00e4tta sig med under dagen ute i f\u00e4lt.<\/p>\n<p><img loading=\"lazy\" class=\"alignnone size-medium wp-image-4108\" src=\"https:\/\/blogg.atl.nu\/gudhems-gamla-prastgard\/wp-content\/uploads\/sites\/44\/2025\/08\/20250731_172925-450x600.jpg\" alt=\"\" width=\"450\" height=\"600\" srcset=\"https:\/\/blogg.atl.nu\/gudhems-gamla-prastgard\/wp-content\/uploads\/sites\/44\/2025\/08\/20250731_172925-450x600.jpg 450w, https:\/\/blogg.atl.nu\/gudhems-gamla-prastgard\/wp-content\/uploads\/sites\/44\/2025\/08\/20250731_172925-768x1024.jpg 768w, https:\/\/blogg.atl.nu\/gudhems-gamla-prastgard\/wp-content\/uploads\/sites\/44\/2025\/08\/20250731_172925-1152x1536.jpg 1152w, https:\/\/blogg.atl.nu\/gudhems-gamla-prastgard\/wp-content\/uploads\/sites\/44\/2025\/08\/20250731_172925-1536x2048.jpg 1536w, https:\/\/blogg.atl.nu\/gudhems-gamla-prastgard\/wp-content\/uploads\/sites\/44\/2025\/08\/20250731_172925-scaled.jpg 1920w\" sizes=\"(max-width: 450px) 100vw, 450px\" \/>Irma och jag har st\u00e4ngt av traktorn och v\u00e4ntar p\u00e5 n\u00e4sta t\u00f6mning.<\/p>\n<p><img loading=\"lazy\" class=\"alignnone size-medium wp-image-4110\" src=\"https:\/\/blogg.atl.nu\/gudhems-gamla-prastgard\/wp-content\/uploads\/sites\/44\/2025\/08\/20250731_161035-450x600.jpg\" alt=\"\" width=\"450\" height=\"600\" srcset=\"https:\/\/blogg.atl.nu\/gudhems-gamla-prastgard\/wp-content\/uploads\/sites\/44\/2025\/08\/20250731_161035-450x600.jpg 450w, https:\/\/blogg.atl.nu\/gudhems-gamla-prastgard\/wp-content\/uploads\/sites\/44\/2025\/08\/20250731_161035-768x1024.jpg 768w, https:\/\/blogg.atl.nu\/gudhems-gamla-prastgard\/wp-content\/uploads\/sites\/44\/2025\/08\/20250731_161035-1152x1536.jpg 1152w, https:\/\/blogg.atl.nu\/gudhems-gamla-prastgard\/wp-content\/uploads\/sites\/44\/2025\/08\/20250731_161035-1536x2048.jpg 1536w, https:\/\/blogg.atl.nu\/gudhems-gamla-prastgard\/wp-content\/uploads\/sites\/44\/2025\/08\/20250731_161035-scaled.jpg 1920w\" sizes=\"(max-width: 450px) 100vw, 450px\" \/><\/p>\n<p>Tr\u00f6ska och traktor st\u00e4ngs av och vi njuter av tystnaden en stund, eller inte&#8230;\ud83d\ude02<\/p>\n<p><img loading=\"lazy\" class=\"alignnone size-medium wp-image-4111\" src=\"https:\/\/blogg.atl.nu\/gudhems-gamla-prastgard\/wp-content\/uploads\/sites\/44\/2025\/08\/20250731_161031-450x600.jpg\" alt=\"\" width=\"450\" height=\"600\" srcset=\"https:\/\/blogg.atl.nu\/gudhems-gamla-prastgard\/wp-content\/uploads\/sites\/44\/2025\/08\/20250731_161031-450x600.jpg 450w, https:\/\/blogg.atl.nu\/gudhems-gamla-prastgard\/wp-content\/uploads\/sites\/44\/2025\/08\/20250731_161031-768x1024.jpg 768w, https:\/\/blogg.atl.nu\/gudhems-gamla-prastgard\/wp-content\/uploads\/sites\/44\/2025\/08\/20250731_161031-1152x1536.jpg 1152w, https:\/\/blogg.atl.nu\/gudhems-gamla-prastgard\/wp-content\/uploads\/sites\/44\/2025\/08\/20250731_161031-1536x2048.jpg 1536w, https:\/\/blogg.atl.nu\/gudhems-gamla-prastgard\/wp-content\/uploads\/sites\/44\/2025\/08\/20250731_161031-scaled.jpg 1920w\" sizes=\"(max-width: 450px) 100vw, 450px\" \/><\/p>\n<p>N\u00e4r vi kom fram till \u00e5kern ringde jag John och vi best\u00e4mde att st\u00e4nga av tr\u00f6skan i 10 minuter f\u00f6r en mysig fika stund. Men d\u00e5 fick Assar bryt och skrek och skrek.<\/p>\n<p>Irma in i tr\u00f6skan och Assar och jag \u00e5ker hem f\u00f6r att tippa. Herregud, detta kommer aldrig g\u00e5 idag t\u00e4nkte jag. Men han lugnade sig n\u00e4r vi kom hem och tog en sm\u00f6rg\u00e5s i traktorn. Sen v\u00e4nde hum\u00f6ret och han var som en solstr\u00e5le.<\/p>\n<p><img loading=\"lazy\" class=\"alignnone size-medium wp-image-4107\" src=\"https:\/\/blogg.atl.nu\/gudhems-gamla-prastgard\/wp-content\/uploads\/sites\/44\/2025\/08\/20250731_183924-600x450.jpg\" alt=\"\" width=\"600\" height=\"450\" srcset=\"https:\/\/blogg.atl.nu\/gudhems-gamla-prastgard\/wp-content\/uploads\/sites\/44\/2025\/08\/20250731_183924-600x450.jpg 600w, https:\/\/blogg.atl.nu\/gudhems-gamla-prastgard\/wp-content\/uploads\/sites\/44\/2025\/08\/20250731_183924-1024x768.jpg 1024w, https:\/\/blogg.atl.nu\/gudhems-gamla-prastgard\/wp-content\/uploads\/sites\/44\/2025\/08\/20250731_183924-768x576.jpg 768w, https:\/\/blogg.atl.nu\/gudhems-gamla-prastgard\/wp-content\/uploads\/sites\/44\/2025\/08\/20250731_183924-1536x1152.jpg 1536w, https:\/\/blogg.atl.nu\/gudhems-gamla-prastgard\/wp-content\/uploads\/sites\/44\/2025\/08\/20250731_183924-2048x1536.jpg 2048w\" sizes=\"(max-width: 600px) 100vw, 600px\" \/>Traktorn avst\u00e4ngd. Jag och Assar tar lite mat innan vi ska \u00e5ka och tippa n\u00e4sta lass.<\/p>\n<p>Barnen hade best\u00e4mt att dom skulle byta med varandra varje g\u00e5ng jag \u00e5ker hem och tippar. N\u00e4r Assar g\u00e5r \u00f6ver till tr\u00f6skan och Irma till mig s\u00e5 ber\u00e4ttar jag f\u00f6r henne att det vart lite jobbigt f\u00f6r Assar har haft bryt.<\/p>\n<p>D\u00e5 svarar Irma 7 \u00e5r: &#8221;S\u00e5 \u00e4r det med barn ibland&#8221;<\/p>\n<p><img loading=\"lazy\" class=\"alignnone size-medium wp-image-4115\" src=\"https:\/\/blogg.atl.nu\/gudhems-gamla-prastgard\/wp-content\/uploads\/sites\/44\/2025\/08\/20250730_204610-450x600.jpg\" alt=\"\" width=\"450\" height=\"600\" srcset=\"https:\/\/blogg.atl.nu\/gudhems-gamla-prastgard\/wp-content\/uploads\/sites\/44\/2025\/08\/20250730_204610-450x600.jpg 450w, https:\/\/blogg.atl.nu\/gudhems-gamla-prastgard\/wp-content\/uploads\/sites\/44\/2025\/08\/20250730_204610-768x1024.jpg 768w, https:\/\/blogg.atl.nu\/gudhems-gamla-prastgard\/wp-content\/uploads\/sites\/44\/2025\/08\/20250730_204610-1152x1536.jpg 1152w, https:\/\/blogg.atl.nu\/gudhems-gamla-prastgard\/wp-content\/uploads\/sites\/44\/2025\/08\/20250730_204610-1536x2048.jpg 1536w, https:\/\/blogg.atl.nu\/gudhems-gamla-prastgard\/wp-content\/uploads\/sites\/44\/2025\/08\/20250730_204610-scaled.jpg 1920w\" sizes=\"(max-width: 450px) 100vw, 450px\" \/><\/p>\n<p>Men oj vad duktiga dom var ig\u00e5r. Vi kunde tr\u00f6ska p\u00e5 utan att stanna tr\u00f6skan en enda g\u00e5ng. Klockan 22.00 t\u00f6mde vi sista lasset i vagnen och kom hem 22.30. Sen duscha och natta barnen.<\/p>\n<p><img loading=\"lazy\" class=\"alignnone size-medium wp-image-4106\" src=\"https:\/\/blogg.atl.nu\/gudhems-gamla-prastgard\/wp-content\/uploads\/sites\/44\/2025\/08\/20250731_190339-450x600.jpg\" alt=\"\" width=\"450\" height=\"600\" srcset=\"https:\/\/blogg.atl.nu\/gudhems-gamla-prastgard\/wp-content\/uploads\/sites\/44\/2025\/08\/20250731_190339-450x600.jpg 450w, https:\/\/blogg.atl.nu\/gudhems-gamla-prastgard\/wp-content\/uploads\/sites\/44\/2025\/08\/20250731_190339-768x1024.jpg 768w, https:\/\/blogg.atl.nu\/gudhems-gamla-prastgard\/wp-content\/uploads\/sites\/44\/2025\/08\/20250731_190339-1152x1536.jpg 1152w, https:\/\/blogg.atl.nu\/gudhems-gamla-prastgard\/wp-content\/uploads\/sites\/44\/2025\/08\/20250731_190339-1536x2048.jpg 1536w, https:\/\/blogg.atl.nu\/gudhems-gamla-prastgard\/wp-content\/uploads\/sites\/44\/2025\/08\/20250731_190339-scaled.jpg 1920w\" sizes=\"(max-width: 450px) 100vw, 450px\" \/><\/p>\n<p>Dom kom upp idag ocks\u00e5 trots den sena kv\u00e4llen och gick glatt till f\u00f6rskolan kl 8.00 igen.<\/p>\n<p>Detta \u00e4r en fin dag med hela familjen jag kommer minnas tillbaka p\u00e5 l\u00e4nge.\ud83e\udd70<\/p>\n<p>Men sen vill jag ocks\u00e5 rikta ett stort tack till v\u00e5ra familjer. Min mamma och pappa, farmor Lena, Gila och Janne som alltid st\u00e4ller upp n\u00e4r vi beh\u00f6ver ha barnvakt. Utan er hade vi aldrig kunnat driva ett familjejordbruk.<\/p>\n<p>Sen att maten sl\u00e4par efter och vi lever p\u00e5 sm\u00f6rg\u00e5sar de dagarna vi b\u00e5da jobbar mycket \u00e4r en annan sak. F\u00f6r jag hinner ju inte b\u00e5de laga mat och samtidigt jobba. Jag \u00f6nskar mig en kock under h\u00f6gs\u00e4song.\ud83d\ude02<\/p>\n<p><img loading=\"lazy\" class=\"alignnone size-medium wp-image-4117\" src=\"https:\/\/blogg.atl.nu\/gudhems-gamla-prastgard\/wp-content\/uploads\/sites\/44\/2025\/08\/20250730_190909-450x600.jpg\" alt=\"\" width=\"450\" height=\"600\" srcset=\"https:\/\/blogg.atl.nu\/gudhems-gamla-prastgard\/wp-content\/uploads\/sites\/44\/2025\/08\/20250730_190909-450x600.jpg 450w, https:\/\/blogg.atl.nu\/gudhems-gamla-prastgard\/wp-content\/uploads\/sites\/44\/2025\/08\/20250730_190909-768x1024.jpg 768w, https:\/\/blogg.atl.nu\/gudhems-gamla-prastgard\/wp-content\/uploads\/sites\/44\/2025\/08\/20250730_190909-1152x1536.jpg 1152w, https:\/\/blogg.atl.nu\/gudhems-gamla-prastgard\/wp-content\/uploads\/sites\/44\/2025\/08\/20250730_190909-1536x2048.jpg 1536w, https:\/\/blogg.atl.nu\/gudhems-gamla-prastgard\/wp-content\/uploads\/sites\/44\/2025\/08\/20250730_190909-scaled.jpg 1920w\" sizes=\"(max-width: 450px) 100vw, 450px\" \/>Vad vi \u00e4tit de senaste tre dagarna! Tur barnen f\u00e5tt riktig middag p\u00e5 f\u00f6rskolan.<\/p>\n<p>Som sagt, en dag att minnas ihop med Irma och Assar.\ud83e\udd70<\/p>\n<div style=\"width: 3840px;\" class=\"wp-video\"><video class=\"wp-video-shortcode\" id=\"video-4087-3\" width=\"3840\" height=\"2160\" preload=\"metadata\" controls=\"controls\"><source type=\"video\/mp4\" src=\"https:\/\/blogg.atl.nu\/gudhems-gamla-prastgard\/wp-content\/uploads\/sites\/44\/2025\/08\/20250731_214747.mp4?_=3\" \/><a href=\"https:\/\/blogg.atl.nu\/gudhems-gamla-prastgard\/wp-content\/uploads\/sites\/44\/2025\/08\/20250731_214747.mp4\">https:\/\/blogg.atl.nu\/gudhems-gamla-prastgard\/wp-content\/uploads\/sites\/44\/2025\/08\/20250731_214747.mp4<\/a><\/video><\/div>\n<p><img loading=\"lazy\" class=\"alignnone size-medium wp-image-4089\" src=\"https:\/\/blogg.atl.nu\/gudhems-gamla-prastgard\/wp-content\/uploads\/sites\/44\/2025\/08\/Screenshot_20250801_214752_Gallery-348x600.jpg\" alt=\"\" width=\"348\" height=\"600\" srcset=\"https:\/\/blogg.atl.nu\/gudhems-gamla-prastgard\/wp-content\/uploads\/sites\/44\/2025\/08\/Screenshot_20250801_214752_Gallery-348x600.jpg 348w, https:\/\/blogg.atl.nu\/gudhems-gamla-prastgard\/wp-content\/uploads\/sites\/44\/2025\/08\/Screenshot_20250801_214752_Gallery-593x1024.jpg 593w, https:\/\/blogg.atl.nu\/gudhems-gamla-prastgard\/wp-content\/uploads\/sites\/44\/2025\/08\/Screenshot_20250801_214752_Gallery-768x1326.jpg 768w, https:\/\/blogg.atl.nu\/gudhems-gamla-prastgard\/wp-content\/uploads\/sites\/44\/2025\/08\/Screenshot_20250801_214752_Gallery-890x1536.jpg 890w, https:\/\/blogg.atl.nu\/gudhems-gamla-prastgard\/wp-content\/uploads\/sites\/44\/2025\/08\/Screenshot_20250801_214752_Gallery.jpg 1079w\" sizes=\"(max-width: 348px) 100vw, 348px\" \/>Jag har t\u00e4ckt p\u00e5 och av s\u00e5 m\u00e5nga vagnar s\u00e5 att jag har tr\u00e4ningsv\u00e4rk!\ud83d\ude06<\/p>\n<div style=\"width: 3840px;\" class=\"wp-video\"><video class=\"wp-video-shortcode\" id=\"video-4087-4\" width=\"3840\" height=\"2160\" preload=\"metadata\" controls=\"controls\"><source type=\"video\/mp4\" src=\"https:\/\/blogg.atl.nu\/gudhems-gamla-prastgard\/wp-content\/uploads\/sites\/44\/2025\/07\/20250730_190719.mp4?_=4\" \/><a href=\"https:\/\/blogg.atl.nu\/gudhems-gamla-prastgard\/wp-content\/uploads\/sites\/44\/2025\/07\/20250730_190719.mp4\">https:\/\/blogg.atl.nu\/gudhems-gamla-prastgard\/wp-content\/uploads\/sites\/44\/2025\/07\/20250730_190719.mp4<\/a><\/video><\/div>\n<p><strong>Sen till dagens att g\u00f6ra och vad som h\u00e4nde d\u00e5&#8230;<\/strong><\/p>\n<p><img loading=\"lazy\" class=\"alignnone size-medium wp-image-4103\" src=\"https:\/\/blogg.atl.nu\/gudhems-gamla-prastgard\/wp-content\/uploads\/sites\/44\/2025\/08\/20250801_090306-450x600.jpg\" alt=\"\" width=\"450\" height=\"600\" srcset=\"https:\/\/blogg.atl.nu\/gudhems-gamla-prastgard\/wp-content\/uploads\/sites\/44\/2025\/08\/20250801_090306-450x600.jpg 450w, https:\/\/blogg.atl.nu\/gudhems-gamla-prastgard\/wp-content\/uploads\/sites\/44\/2025\/08\/20250801_090306-768x1024.jpg 768w, https:\/\/blogg.atl.nu\/gudhems-gamla-prastgard\/wp-content\/uploads\/sites\/44\/2025\/08\/20250801_090306-1152x1536.jpg 1152w, https:\/\/blogg.atl.nu\/gudhems-gamla-prastgard\/wp-content\/uploads\/sites\/44\/2025\/08\/20250801_090306-1536x2048.jpg 1536w, https:\/\/blogg.atl.nu\/gudhems-gamla-prastgard\/wp-content\/uploads\/sites\/44\/2025\/08\/20250801_090306-scaled.jpg 1920w\" sizes=\"(max-width: 450px) 100vw, 450px\" \/><\/p>\n<p>Idag har vi tr\u00f6skat p\u00e5 sedan 9.00. Vi startade med att tanka, putsa rutorna och sm\u00f6rja tr\u00f6skan.<\/p>\n<p><img loading=\"lazy\" class=\"alignnone size-medium wp-image-4104\" src=\"https:\/\/blogg.atl.nu\/gudhems-gamla-prastgard\/wp-content\/uploads\/sites\/44\/2025\/08\/20250801_084352-450x600.jpg\" alt=\"\" width=\"450\" height=\"600\" srcset=\"https:\/\/blogg.atl.nu\/gudhems-gamla-prastgard\/wp-content\/uploads\/sites\/44\/2025\/08\/20250801_084352-450x600.jpg 450w, https:\/\/blogg.atl.nu\/gudhems-gamla-prastgard\/wp-content\/uploads\/sites\/44\/2025\/08\/20250801_084352-768x1024.jpg 768w, https:\/\/blogg.atl.nu\/gudhems-gamla-prastgard\/wp-content\/uploads\/sites\/44\/2025\/08\/20250801_084352-1152x1536.jpg 1152w, https:\/\/blogg.atl.nu\/gudhems-gamla-prastgard\/wp-content\/uploads\/sites\/44\/2025\/08\/20250801_084352-1536x2048.jpg 1536w, https:\/\/blogg.atl.nu\/gudhems-gamla-prastgard\/wp-content\/uploads\/sites\/44\/2025\/08\/20250801_084352-scaled.jpg 1920w\" sizes=\"(max-width: 450px) 100vw, 450px\" \/>\u00a0<img loading=\"lazy\" class=\"alignnone size-medium wp-image-4127\" src=\"https:\/\/blogg.atl.nu\/gudhems-gamla-prastgard\/wp-content\/uploads\/sites\/44\/2025\/08\/Screenshot_20250801_215327_Gallery-353x600.jpg\" alt=\"\" width=\"353\" height=\"600\" srcset=\"https:\/\/blogg.atl.nu\/gudhems-gamla-prastgard\/wp-content\/uploads\/sites\/44\/2025\/08\/Screenshot_20250801_215327_Gallery-353x600.jpg 353w, https:\/\/blogg.atl.nu\/gudhems-gamla-prastgard\/wp-content\/uploads\/sites\/44\/2025\/08\/Screenshot_20250801_215327_Gallery-603x1024.jpg 603w, https:\/\/blogg.atl.nu\/gudhems-gamla-prastgard\/wp-content\/uploads\/sites\/44\/2025\/08\/Screenshot_20250801_215327_Gallery-768x1305.jpg 768w, https:\/\/blogg.atl.nu\/gudhems-gamla-prastgard\/wp-content\/uploads\/sites\/44\/2025\/08\/Screenshot_20250801_215327_Gallery-904x1536.jpg 904w, https:\/\/blogg.atl.nu\/gudhems-gamla-prastgard\/wp-content\/uploads\/sites\/44\/2025\/08\/Screenshot_20250801_215327_Gallery.jpg 1080w\" sizes=\"(max-width: 353px) 100vw, 353px\" \/><\/p>\n<p><img loading=\"lazy\" class=\"alignnone size-medium wp-image-4121\" src=\"https:\/\/blogg.atl.nu\/gudhems-gamla-prastgard\/wp-content\/uploads\/sites\/44\/2025\/08\/20250730_141955-450x600.jpg\" alt=\"\" width=\"450\" height=\"600\" srcset=\"https:\/\/blogg.atl.nu\/gudhems-gamla-prastgard\/wp-content\/uploads\/sites\/44\/2025\/08\/20250730_141955-450x600.jpg 450w, https:\/\/blogg.atl.nu\/gudhems-gamla-prastgard\/wp-content\/uploads\/sites\/44\/2025\/08\/20250730_141955-768x1024.jpg 768w, https:\/\/blogg.atl.nu\/gudhems-gamla-prastgard\/wp-content\/uploads\/sites\/44\/2025\/08\/20250730_141955-1152x1536.jpg 1152w, https:\/\/blogg.atl.nu\/gudhems-gamla-prastgard\/wp-content\/uploads\/sites\/44\/2025\/08\/20250730_141955-1536x2048.jpg 1536w, https:\/\/blogg.atl.nu\/gudhems-gamla-prastgard\/wp-content\/uploads\/sites\/44\/2025\/08\/20250730_141955-scaled.jpg 1920w\" sizes=\"(max-width: 450px) 100vw, 450px\" \/>Byte av \u00e5ker&#8230;<\/p>\n<p>N\u00e4r jag skulle k\u00f6ra ner en tom vagn (tack och lov) vid 11.45 skakade det till i hela traktorn. Jag tv\u00e4rbromsar snabbt f\u00f6r jag fattar att n\u00e5got \u00e4r fel. Jag g\u00e5r ut och kikar och uppt\u00e4cker en rej\u00e4l punktering. Jag \u00e4r v\u00e4ldigt glad att jag inte hade ett lass med flera ton r\u00e5g d\u00e4r bak n\u00e4r detta h\u00e4nde&#8230;<\/p>\n<div style=\"width: 3840px;\" class=\"wp-video\"><video class=\"wp-video-shortcode\" id=\"video-4087-5\" width=\"3840\" height=\"2160\" preload=\"metadata\" controls=\"controls\"><source type=\"video\/mp4\" src=\"https:\/\/blogg.atl.nu\/gudhems-gamla-prastgard\/wp-content\/uploads\/sites\/44\/2025\/08\/20250801_114243.mp4?_=5\" \/><a href=\"https:\/\/blogg.atl.nu\/gudhems-gamla-prastgard\/wp-content\/uploads\/sites\/44\/2025\/08\/20250801_114243.mp4\">https:\/\/blogg.atl.nu\/gudhems-gamla-prastgard\/wp-content\/uploads\/sites\/44\/2025\/08\/20250801_114243.mp4<\/a><\/video><\/div>\n<p><img loading=\"lazy\" class=\"alignnone size-medium wp-image-4126\" src=\"https:\/\/blogg.atl.nu\/gudhems-gamla-prastgard\/wp-content\/uploads\/sites\/44\/2025\/08\/Screenshot_20250801_215436_Gallery-357x600.jpg\" alt=\"\" width=\"357\" height=\"600\" srcset=\"https:\/\/blogg.atl.nu\/gudhems-gamla-prastgard\/wp-content\/uploads\/sites\/44\/2025\/08\/Screenshot_20250801_215436_Gallery-357x600.jpg 357w, https:\/\/blogg.atl.nu\/gudhems-gamla-prastgard\/wp-content\/uploads\/sites\/44\/2025\/08\/Screenshot_20250801_215436_Gallery-609x1024.jpg 609w, https:\/\/blogg.atl.nu\/gudhems-gamla-prastgard\/wp-content\/uploads\/sites\/44\/2025\/08\/Screenshot_20250801_215436_Gallery-768x1291.jpg 768w, https:\/\/blogg.atl.nu\/gudhems-gamla-prastgard\/wp-content\/uploads\/sites\/44\/2025\/08\/Screenshot_20250801_215436_Gallery-913x1536.jpg 913w, https:\/\/blogg.atl.nu\/gudhems-gamla-prastgard\/wp-content\/uploads\/sites\/44\/2025\/08\/Screenshot_20250801_215436_Gallery.jpg 1080w\" sizes=\"(max-width: 357px) 100vw, 357px\" \/><\/p>\n<p>Idag har vi jobbat mot v\u00e4dret. Som du ser p\u00e5 biderna s\u00e5 \u00e4r det skitm\u00f6rkt!!! Jag fick \u00e4ven update att det var skyfall i Skara, en kvart fr\u00e5n oss.<\/p>\n<p><img loading=\"lazy\" class=\"alignnone size-medium wp-image-4101\" src=\"https:\/\/blogg.atl.nu\/gudhems-gamla-prastgard\/wp-content\/uploads\/sites\/44\/2025\/08\/20250801_131910-450x600.jpg\" alt=\"\" width=\"450\" height=\"600\" srcset=\"https:\/\/blogg.atl.nu\/gudhems-gamla-prastgard\/wp-content\/uploads\/sites\/44\/2025\/08\/20250801_131910-450x600.jpg 450w, https:\/\/blogg.atl.nu\/gudhems-gamla-prastgard\/wp-content\/uploads\/sites\/44\/2025\/08\/20250801_131910-768x1024.jpg 768w, https:\/\/blogg.atl.nu\/gudhems-gamla-prastgard\/wp-content\/uploads\/sites\/44\/2025\/08\/20250801_131910-1152x1536.jpg 1152w, https:\/\/blogg.atl.nu\/gudhems-gamla-prastgard\/wp-content\/uploads\/sites\/44\/2025\/08\/20250801_131910-1536x2048.jpg 1536w, https:\/\/blogg.atl.nu\/gudhems-gamla-prastgard\/wp-content\/uploads\/sites\/44\/2025\/08\/20250801_131910-scaled.jpg 1920w\" sizes=\"(max-width: 450px) 100vw, 450px\" \/><\/p>\n<p>Stressen h\u00e4r att vi ska l\u00f6sa detta problem samtidigt som tr\u00f6skan inte f\u00e5r stoppa. Men s\u00e5klart var den ju tvungen att g\u00f6ra det.<\/p>\n<p>Jag ringer Gila som h\u00e4mtar John och sen h\u00e4mtar mig. Vi st\u00e4ller ut en varningsskylt som vi fick av en kompis som precis k\u00f6rde f\u00f6rbi. En skulle \u00e5ka f\u00f6rbi med traktor och balpress, men kom inte f\u00f6rbi p\u00e5 v\u00e4gen f\u00f6r det var f\u00f6r tr\u00e5ngt.<\/p>\n<p>Hem snabbt. John packar en bilk\u00e4rra med diverse saker, samt ett radodlingsjul s\u00e5 vi kan f\u00e5 bort traktorn snabbt fr\u00e5n v\u00e4gen.<\/p>\n<p>Samtidigt \u00e4r det andra grejer p\u00e5 g\u00e5ng uppe p\u00e5 g\u00e5rden som jag f\u00e5r l\u00f6sa, f\u00f6r f\u00f6rsta g\u00e5ngen i mitt liv&#8230; Kan s\u00e4ga att jag fick g\u00e5 in och nerv\u00f6s kissa innan.\ud83d\ude02\ud83d\ude02\ud83d\ude02<\/p>\n<p><img loading=\"lazy\" class=\"alignnone size-medium wp-image-4099\" src=\"https:\/\/blogg.atl.nu\/gudhems-gamla-prastgard\/wp-content\/uploads\/sites\/44\/2025\/08\/20250801_132222-450x600.jpg\" alt=\"\" width=\"450\" height=\"600\" srcset=\"https:\/\/blogg.atl.nu\/gudhems-gamla-prastgard\/wp-content\/uploads\/sites\/44\/2025\/08\/20250801_132222-450x600.jpg 450w, https:\/\/blogg.atl.nu\/gudhems-gamla-prastgard\/wp-content\/uploads\/sites\/44\/2025\/08\/20250801_132222-768x1024.jpg 768w, https:\/\/blogg.atl.nu\/gudhems-gamla-prastgard\/wp-content\/uploads\/sites\/44\/2025\/08\/20250801_132222-1152x1536.jpg 1152w, https:\/\/blogg.atl.nu\/gudhems-gamla-prastgard\/wp-content\/uploads\/sites\/44\/2025\/08\/20250801_132222-1536x2048.jpg 1536w, https:\/\/blogg.atl.nu\/gudhems-gamla-prastgard\/wp-content\/uploads\/sites\/44\/2025\/08\/20250801_132222-scaled.jpg 1920w\" sizes=\"(max-width: 450px) 100vw, 450px\" \/>Finn ett fel&#8230; Men detta fick bli l\u00f6sningen.<\/p>\n<p>John fick p\u00e5 de andra hjulet, k\u00f6r ner traktor och vagn till \u00e5kern. N\u00e4r jag \u00e4r klar med mitt, s\u00e5 kopplar jag av halmrivaren och k\u00f6r ner andra traktorn och s\u00e4tter f\u00f6r vagnen p\u00e5 den.<\/p>\n<p><img loading=\"lazy\" class=\"alignnone size-medium wp-image-4097\" src=\"https:\/\/blogg.atl.nu\/gudhems-gamla-prastgard\/wp-content\/uploads\/sites\/44\/2025\/08\/20250801_132302-450x600.jpg\" alt=\"\" width=\"450\" height=\"600\" srcset=\"https:\/\/blogg.atl.nu\/gudhems-gamla-prastgard\/wp-content\/uploads\/sites\/44\/2025\/08\/20250801_132302-450x600.jpg 450w, https:\/\/blogg.atl.nu\/gudhems-gamla-prastgard\/wp-content\/uploads\/sites\/44\/2025\/08\/20250801_132302-768x1024.jpg 768w, https:\/\/blogg.atl.nu\/gudhems-gamla-prastgard\/wp-content\/uploads\/sites\/44\/2025\/08\/20250801_132302-1152x1536.jpg 1152w, https:\/\/blogg.atl.nu\/gudhems-gamla-prastgard\/wp-content\/uploads\/sites\/44\/2025\/08\/20250801_132302-1536x2048.jpg 1536w, https:\/\/blogg.atl.nu\/gudhems-gamla-prastgard\/wp-content\/uploads\/sites\/44\/2025\/08\/20250801_132302-scaled.jpg 1920w\" sizes=\"(max-width: 450px) 100vw, 450px\" \/><\/p>\n<p><img loading=\"lazy\" class=\"alignnone size-medium wp-image-4098\" src=\"https:\/\/blogg.atl.nu\/gudhems-gamla-prastgard\/wp-content\/uploads\/sites\/44\/2025\/08\/20250801_132243-450x600.jpg\" alt=\"\" width=\"450\" height=\"600\" srcset=\"https:\/\/blogg.atl.nu\/gudhems-gamla-prastgard\/wp-content\/uploads\/sites\/44\/2025\/08\/20250801_132243-450x600.jpg 450w, https:\/\/blogg.atl.nu\/gudhems-gamla-prastgard\/wp-content\/uploads\/sites\/44\/2025\/08\/20250801_132243-768x1024.jpg 768w, https:\/\/blogg.atl.nu\/gudhems-gamla-prastgard\/wp-content\/uploads\/sites\/44\/2025\/08\/20250801_132243-1152x1536.jpg 1152w, https:\/\/blogg.atl.nu\/gudhems-gamla-prastgard\/wp-content\/uploads\/sites\/44\/2025\/08\/20250801_132243-1536x2048.jpg 1536w, https:\/\/blogg.atl.nu\/gudhems-gamla-prastgard\/wp-content\/uploads\/sites\/44\/2025\/08\/20250801_132243-scaled.jpg 1920w\" sizes=\"(max-width: 450px) 100vw, 450px\" \/><\/p>\n<p>P\u00e5 45 minuter hade vi l\u00f6st allt och tr\u00f6skan rullar igen. Men nu k\u00e4mpar vi mot regnet som kommer n\u00e4rsom.<\/p>\n<p><img loading=\"lazy\" class=\"alignnone size-medium wp-image-4095\" src=\"https:\/\/blogg.atl.nu\/gudhems-gamla-prastgard\/wp-content\/uploads\/sites\/44\/2025\/08\/20250801_132753-450x600.jpg\" alt=\"\" width=\"450\" height=\"600\" srcset=\"https:\/\/blogg.atl.nu\/gudhems-gamla-prastgard\/wp-content\/uploads\/sites\/44\/2025\/08\/20250801_132753-450x600.jpg 450w, https:\/\/blogg.atl.nu\/gudhems-gamla-prastgard\/wp-content\/uploads\/sites\/44\/2025\/08\/20250801_132753-768x1024.jpg 768w, https:\/\/blogg.atl.nu\/gudhems-gamla-prastgard\/wp-content\/uploads\/sites\/44\/2025\/08\/20250801_132753-1152x1536.jpg 1152w, https:\/\/blogg.atl.nu\/gudhems-gamla-prastgard\/wp-content\/uploads\/sites\/44\/2025\/08\/20250801_132753-1536x2048.jpg 1536w, https:\/\/blogg.atl.nu\/gudhems-gamla-prastgard\/wp-content\/uploads\/sites\/44\/2025\/08\/20250801_132753-scaled.jpg 1920w\" sizes=\"(max-width: 450px) 100vw, 450px\" \/><\/p>\n<p><img loading=\"lazy\" class=\"alignnone size-medium wp-image-4096\" src=\"https:\/\/blogg.atl.nu\/gudhems-gamla-prastgard\/wp-content\/uploads\/sites\/44\/2025\/08\/20250801_132530-450x600.jpg\" alt=\"\" width=\"450\" height=\"600\" srcset=\"https:\/\/blogg.atl.nu\/gudhems-gamla-prastgard\/wp-content\/uploads\/sites\/44\/2025\/08\/20250801_132530-450x600.jpg 450w, https:\/\/blogg.atl.nu\/gudhems-gamla-prastgard\/wp-content\/uploads\/sites\/44\/2025\/08\/20250801_132530-768x1024.jpg 768w, https:\/\/blogg.atl.nu\/gudhems-gamla-prastgard\/wp-content\/uploads\/sites\/44\/2025\/08\/20250801_132530-1152x1536.jpg 1152w, https:\/\/blogg.atl.nu\/gudhems-gamla-prastgard\/wp-content\/uploads\/sites\/44\/2025\/08\/20250801_132530-1536x2048.jpg 1536w, https:\/\/blogg.atl.nu\/gudhems-gamla-prastgard\/wp-content\/uploads\/sites\/44\/2025\/08\/20250801_132530-scaled.jpg 1920w\" sizes=\"(max-width: 450px) 100vw, 450px\" \/><\/p>\n<p>Hinner vi tr\u00f6ska klart den sista r\u00e5gen innan det blir skyfall?<\/p>\n<div style=\"width: 3840px;\" class=\"wp-video\"><video class=\"wp-video-shortcode\" id=\"video-4087-6\" width=\"3840\" height=\"2160\" preload=\"metadata\" controls=\"controls\"><source type=\"video\/mp4\" src=\"https:\/\/blogg.atl.nu\/gudhems-gamla-prastgard\/wp-content\/uploads\/sites\/44\/2025\/08\/20250801_132759.mp4?_=6\" \/><a href=\"https:\/\/blogg.atl.nu\/gudhems-gamla-prastgard\/wp-content\/uploads\/sites\/44\/2025\/08\/20250801_132759.mp4\">https:\/\/blogg.atl.nu\/gudhems-gamla-prastgard\/wp-content\/uploads\/sites\/44\/2025\/08\/20250801_132759.mp4<\/a><\/video><\/div>\n<p>JAAAAAAAA! VI HANN! F\u00f6r det kom inget regn utan gick precis runt om oss.\ud83d\ude02<\/p>\n<p><img loading=\"lazy\" class=\"alignnone size-medium wp-image-4093\" src=\"https:\/\/blogg.atl.nu\/gudhems-gamla-prastgard\/wp-content\/uploads\/sites\/44\/2025\/08\/20250801_145139-450x600.jpg\" alt=\"\" width=\"450\" height=\"600\" srcset=\"https:\/\/blogg.atl.nu\/gudhems-gamla-prastgard\/wp-content\/uploads\/sites\/44\/2025\/08\/20250801_145139-450x600.jpg 450w, https:\/\/blogg.atl.nu\/gudhems-gamla-prastgard\/wp-content\/uploads\/sites\/44\/2025\/08\/20250801_145139-768x1024.jpg 768w, https:\/\/blogg.atl.nu\/gudhems-gamla-prastgard\/wp-content\/uploads\/sites\/44\/2025\/08\/20250801_145139-1152x1536.jpg 1152w, https:\/\/blogg.atl.nu\/gudhems-gamla-prastgard\/wp-content\/uploads\/sites\/44\/2025\/08\/20250801_145139-1536x2048.jpg 1536w, https:\/\/blogg.atl.nu\/gudhems-gamla-prastgard\/wp-content\/uploads\/sites\/44\/2025\/08\/20250801_145139-scaled.jpg 1920w\" sizes=\"(max-width: 450px) 100vw, 450px\" \/>Sista draget. S\u00e5 nu checkar vi av r\u00e5gen! G\u00f6tt!\ud83c\udf3e<\/p>\n<p><img loading=\"lazy\" class=\"alignnone size-medium wp-image-4092\" src=\"https:\/\/blogg.atl.nu\/gudhems-gamla-prastgard\/wp-content\/uploads\/sites\/44\/2025\/08\/20250801_162657-450x600.jpg\" alt=\"\" width=\"450\" height=\"600\" srcset=\"https:\/\/blogg.atl.nu\/gudhems-gamla-prastgard\/wp-content\/uploads\/sites\/44\/2025\/08\/20250801_162657-450x600.jpg 450w, https:\/\/blogg.atl.nu\/gudhems-gamla-prastgard\/wp-content\/uploads\/sites\/44\/2025\/08\/20250801_162657-768x1024.jpg 768w, https:\/\/blogg.atl.nu\/gudhems-gamla-prastgard\/wp-content\/uploads\/sites\/44\/2025\/08\/20250801_162657-1152x1536.jpg 1152w, https:\/\/blogg.atl.nu\/gudhems-gamla-prastgard\/wp-content\/uploads\/sites\/44\/2025\/08\/20250801_162657-1536x2048.jpg 1536w, https:\/\/blogg.atl.nu\/gudhems-gamla-prastgard\/wp-content\/uploads\/sites\/44\/2025\/08\/20250801_162657-scaled.jpg 1920w\" sizes=\"(max-width: 450px) 100vw, 450px\" \/><\/p>\n<p>Barnen fick h\u00e4nga med och h\u00e4mta sista vagnen efter f\u00f6rskolan och nu \u00e4r allt hemma igen. John bl\u00e5ste \u00e4ven av tr\u00f6skan ute p\u00e5 \u00e5kern.<\/p>\n<p><img loading=\"lazy\" class=\"alignnone size-medium wp-image-4091\" src=\"https:\/\/blogg.atl.nu\/gudhems-gamla-prastgard\/wp-content\/uploads\/sites\/44\/2025\/08\/20250801_165253-450x600.jpg\" alt=\"\" width=\"450\" height=\"600\" srcset=\"https:\/\/blogg.atl.nu\/gudhems-gamla-prastgard\/wp-content\/uploads\/sites\/44\/2025\/08\/20250801_165253-450x600.jpg 450w, https:\/\/blogg.atl.nu\/gudhems-gamla-prastgard\/wp-content\/uploads\/sites\/44\/2025\/08\/20250801_165253-768x1024.jpg 768w, https:\/\/blogg.atl.nu\/gudhems-gamla-prastgard\/wp-content\/uploads\/sites\/44\/2025\/08\/20250801_165253-1152x1536.jpg 1152w, https:\/\/blogg.atl.nu\/gudhems-gamla-prastgard\/wp-content\/uploads\/sites\/44\/2025\/08\/20250801_165253-1536x2048.jpg 1536w, https:\/\/blogg.atl.nu\/gudhems-gamla-prastgard\/wp-content\/uploads\/sites\/44\/2025\/08\/20250801_165253-scaled.jpg 1920w\" sizes=\"(max-width: 450px) 100vw, 450px\" \/><\/p>\n<p>N\u00e4r jag st\u00e4ngt av traktorn, s\u00e5 checkade Assar ut kan man s\u00e4ga och st\u00e4llde sig s\u00e5h\u00e4r. Beh\u00f6ver jag ber\u00e4tta att det blev en kaos handling sen? Eftersom jag sk\u00f6ter allt i hemmet som tv\u00e4tt, matlagning och st\u00e4d s\u00e5 har det sl\u00e4pat efter nu n\u00e4r vi jobbat p\u00e5 s\u00e5 mycket b\u00e5da tv\u00e5. S\u00e5 handling var prio denna eftermiddag.<\/p>\n<p><img loading=\"lazy\" class=\"alignnone size-medium wp-image-4090\" src=\"https:\/\/blogg.atl.nu\/gudhems-gamla-prastgard\/wp-content\/uploads\/sites\/44\/2025\/08\/20250801_182836-450x600.jpg\" alt=\"\" width=\"450\" height=\"600\" srcset=\"https:\/\/blogg.atl.nu\/gudhems-gamla-prastgard\/wp-content\/uploads\/sites\/44\/2025\/08\/20250801_182836-450x600.jpg 450w, https:\/\/blogg.atl.nu\/gudhems-gamla-prastgard\/wp-content\/uploads\/sites\/44\/2025\/08\/20250801_182836-768x1024.jpg 768w, https:\/\/blogg.atl.nu\/gudhems-gamla-prastgard\/wp-content\/uploads\/sites\/44\/2025\/08\/20250801_182836-1152x1536.jpg 1152w, https:\/\/blogg.atl.nu\/gudhems-gamla-prastgard\/wp-content\/uploads\/sites\/44\/2025\/08\/20250801_182836-1536x2048.jpg 1536w, https:\/\/blogg.atl.nu\/gudhems-gamla-prastgard\/wp-content\/uploads\/sites\/44\/2025\/08\/20250801_182836-scaled.jpg 1920w\" sizes=\"(max-width: 450px) 100vw, 450px\" \/><\/p>\n<p>Innan vi skulle \u00e5ka till Ica fick jag en teckning Irma m\u00e5lat p\u00e5 fritids till mig&#8230;\ud83d\ude02\ud83d\ude02\ud83d\ude02\ud83d\ude02\ud83d\ude02\ud83d\ude02\ud83d\ude02\ud83d\ude02\ud83d\ude02\ud83d\ude02\ud83d\ude02\ud83d\ude02\ud83d\ude02<\/p>\n<p>Klockan 19.00 kom en lastbil kommer f\u00f6r att h\u00e4mta ett lass med r\u00e5g.<\/p>\n<div style=\"width: 2160px;\" class=\"wp-video\"><video class=\"wp-video-shortcode\" id=\"video-4087-7\" width=\"2160\" height=\"3840\" preload=\"metadata\" controls=\"controls\"><source type=\"video\/mp4\" src=\"https:\/\/blogg.atl.nu\/gudhems-gamla-prastgard\/wp-content\/uploads\/sites\/44\/2025\/08\/20250801_191004_1.mp4?_=7\" \/><a href=\"https:\/\/blogg.atl.nu\/gudhems-gamla-prastgard\/wp-content\/uploads\/sites\/44\/2025\/08\/20250801_191004_1.mp4\">https:\/\/blogg.atl.nu\/gudhems-gamla-prastgard\/wp-content\/uploads\/sites\/44\/2025\/08\/20250801_191004_1.mp4<\/a><\/video><\/div>\n<p>Sen ska vi fira med godis och grilla hamburgare!<\/p>\n<p>Tack och godnatt, vilken dag!\ud83d\ude05<\/p>\n<p>Ps; vad jag gjorde f\u00f6r f\u00f6rsta g\u00e5ngen innan, f\u00e5r du reda p\u00e5 i n\u00e4sta inl\u00e4gg.<\/p>\n<p>\/<strong>Bettina<\/strong><\/p>\n","protected":false},"excerpt":{"rendered":"<p>Hej! H\u00e4r har det vart intensivt sen f\u00f6rra blogginl\u00e4gget! Vi har k\u00f6rt p\u00e5 f\u00f6r fullt med att tr\u00f6ska r\u00e5g.\u00a0 John tr\u00f6skar p\u00e5 non stop och jag k\u00f6r vagnar non stop. M\u00e5let \u00e4r iallafall att tr\u00f6skan inte beh\u00f6ver stanna en enda g\u00e5ng under de timmar vi k\u00f6r. Vi har tr\u00f6skat under tre dagar och tr\u00f6skan har&#8230;<\/p>\n","protected":false},"author":369,"featured_media":4118,"comment_status":"open","ping_status":"open","sticky":false,"template":"","format":"standard","meta":[],"categories":[1],"tags":[],"yoast_head":"<!-- This site is optimized with the Yoast SEO plugin v19.6 - https:\/\/yoast.com\/wordpress\/plugins\/seo\/ -->\n<title>Jag har k\u00f6rt tr\u00f6ska f\u00f6r f\u00f6rsta g\u00e5ngen och f\u00e5tt punktering... - Gudhems gamla pr\u00e4stg\u00e5rd<\/title>\n<meta name=\"robots\" content=\"index, follow, max-snippet:-1, max-image-preview:large, max-video-preview:-1\" \/>\n<link rel=\"canonical\" href=\"https:\/\/blogg.atl.nu\/gudhems-gamla-prastgard\/2025\/08\/01\/jag-har-kort-troska-for-forsta-gangen-och-fatt-punktering\/\" \/>\n<meta property=\"og:locale\" content=\"sv_SE\" \/>\n<meta property=\"og:type\" content=\"article\" \/>\n<meta property=\"og:title\" content=\"Jag har k\u00f6rt tr\u00f6ska f\u00f6r f\u00f6rsta g\u00e5ngen och f\u00e5tt punktering... - Gudhems gamla pr\u00e4stg\u00e5rd\" \/>\n<meta property=\"og:description\" content=\"Hej! H\u00e4r har det vart intensivt sen f\u00f6rra blogginl\u00e4gget! Vi har k\u00f6rt p\u00e5 f\u00f6r fullt med att tr\u00f6ska r\u00e5g.\u00a0 John tr\u00f6skar p\u00e5 non stop och jag k\u00f6r vagnar non stop. M\u00e5let \u00e4r iallafall att tr\u00f6skan inte beh\u00f6ver stanna en enda g\u00e5ng under de timmar vi k\u00f6r. Vi har tr\u00f6skat under tre dagar och tr\u00f6skan har...\" \/>\n<meta property=\"og:url\" content=\"https:\/\/blogg.atl.nu\/gudhems-gamla-prastgard\/2025\/08\/01\/jag-har-kort-troska-for-forsta-gangen-och-fatt-punktering\/\" \/>\n<meta property=\"og:site_name\" content=\"Gudhems gamla pr\u00e4stg\u00e5rd\" \/>\n<meta property=\"article:published_time\" content=\"2025-08-01T20:32:02+00:00\" \/>\n<meta property=\"og:image\" content=\"https:\/\/blogg.atl.nu\/gudhems-gamla-prastgard\/wp-content\/uploads\/sites\/44\/2025\/08\/20250730_181956-scaled.jpg\" \/>\n\t<meta property=\"og:image:width\" content=\"1920\" \/>\n\t<meta property=\"og:image:height\" content=\"2560\" \/>\n\t<meta property=\"og:image:type\" content=\"image\/jpeg\" \/>\n<meta name=\"author\" content=\"Bettina Larsson\" \/>\n<meta name=\"twitter:card\" content=\"summary_large_image\" \/>\n<meta name=\"twitter:label1\" content=\"Skriven av\" \/>\n\t<meta name=\"twitter:data1\" content=\"Bettina Larsson\" \/>\n\t<meta name=\"twitter:label2\" content=\"Ber\u00e4knad l\u00e4stid\" \/>\n\t<meta name=\"twitter:data2\" content=\"13 minuter\" \/>\n<script type=\"application\/ld+json\" class=\"yoast-schema-graph\">{\"@context\":\"https:\/\/schema.org\",\"@graph\":[{\"@type\":\"WebPage\",\"@id\":\"https:\/\/blogg.atl.nu\/gudhems-gamla-prastgard\/2025\/08\/01\/jag-har-kort-troska-for-forsta-gangen-och-fatt-punktering\/\",\"url\":\"https:\/\/blogg.atl.nu\/gudhems-gamla-prastgard\/2025\/08\/01\/jag-har-kort-troska-for-forsta-gangen-och-fatt-punktering\/\",\"name\":\"Jag har k\u00f6rt tr\u00f6ska f\u00f6r f\u00f6rsta g\u00e5ngen och f\u00e5tt punktering... - Gudhems gamla pr\u00e4stg\u00e5rd\",\"isPartOf\":{\"@id\":\"https:\/\/blogg.atl.nu\/gudhems-gamla-prastgard\/#website\"},\"datePublished\":\"2025-08-01T20:32:02+00:00\",\"dateModified\":\"2025-08-01T20:32:02+00:00\",\"author\":{\"@id\":\"https:\/\/blogg.atl.nu\/gudhems-gamla-prastgard\/#\/schema\/person\/e7e2f38dced67d8685891b5c63d6eed3\"},\"breadcrumb\":{\"@id\":\"https:\/\/blogg.atl.nu\/gudhems-gamla-prastgard\/2025\/08\/01\/jag-har-kort-troska-for-forsta-gangen-och-fatt-punktering\/#breadcrumb\"},\"inLanguage\":\"sv-SE\",\"potentialAction\":[{\"@type\":\"ReadAction\",\"target\":[\"https:\/\/blogg.atl.nu\/gudhems-gamla-prastgard\/2025\/08\/01\/jag-har-kort-troska-for-forsta-gangen-och-fatt-punktering\/\"]}]},{\"@type\":\"BreadcrumbList\",\"@id\":\"https:\/\/blogg.atl.nu\/gudhems-gamla-prastgard\/2025\/08\/01\/jag-har-kort-troska-for-forsta-gangen-och-fatt-punktering\/#breadcrumb\",\"itemListElement\":[{\"@type\":\"ListItem\",\"position\":1,\"name\":\"Home\",\"item\":\"https:\/\/blogg.atl.nu\/gudhems-gamla-prastgard\/\"},{\"@type\":\"ListItem\",\"position\":2,\"name\":\"Jag har k\u00f6rt tr\u00f6ska f\u00f6r f\u00f6rsta g\u00e5ngen och f\u00e5tt punktering&#8230;\"}]},{\"@type\":\"WebSite\",\"@id\":\"https:\/\/blogg.atl.nu\/gudhems-gamla-prastgard\/#website\",\"url\":\"https:\/\/blogg.atl.nu\/gudhems-gamla-prastgard\/\",\"name\":\"Gudhems gamla pr\u00e4stg\u00e5rd\",\"description\":\"Bettina Larsson\",\"potentialAction\":[{\"@type\":\"SearchAction\",\"target\":{\"@type\":\"EntryPoint\",\"urlTemplate\":\"https:\/\/blogg.atl.nu\/gudhems-gamla-prastgard\/?s={search_term_string}\"},\"query-input\":\"required name=search_term_string\"}],\"inLanguage\":\"sv-SE\"},{\"@type\":\"Person\",\"@id\":\"https:\/\/blogg.atl.nu\/gudhems-gamla-prastgard\/#\/schema\/person\/e7e2f38dced67d8685891b5c63d6eed3\",\"name\":\"Bettina Larsson\",\"image\":{\"@type\":\"ImageObject\",\"inLanguage\":\"sv-SE\",\"@id\":\"https:\/\/blogg.atl.nu\/gudhems-gamla-prastgard\/#\/schema\/person\/image\/\",\"url\":\"https:\/\/secure.gravatar.com\/avatar\/6869a306b4facfbd79cb2e14dcda8857?s=96&d=mm&r=g\",\"contentUrl\":\"https:\/\/secure.gravatar.com\/avatar\/6869a306b4facfbd79cb2e14dcda8857?s=96&d=mm&r=g\",\"caption\":\"Bettina Larsson\"},\"url\":\"https:\/\/blogg.atl.nu\/gudhems-gamla-prastgard\/author\/bettina\/\"}]}<\/script>\n<!-- \/ Yoast SEO plugin. -->","yoast_head_json":{"title":"Jag har k\u00f6rt tr\u00f6ska f\u00f6r f\u00f6rsta g\u00e5ngen och f\u00e5tt punktering... - Gudhems gamla pr\u00e4stg\u00e5rd","robots":{"index":"index","follow":"follow","max-snippet":"max-snippet:-1","max-image-preview":"max-image-preview:large","max-video-preview":"max-video-preview:-1"},"canonical":"https:\/\/blogg.atl.nu\/gudhems-gamla-prastgard\/2025\/08\/01\/jag-har-kort-troska-for-forsta-gangen-och-fatt-punktering\/","og_locale":"sv_SE","og_type":"article","og_title":"Jag har k\u00f6rt tr\u00f6ska f\u00f6r f\u00f6rsta g\u00e5ngen och f\u00e5tt punktering... - Gudhems gamla pr\u00e4stg\u00e5rd","og_description":"Hej! H\u00e4r har det vart intensivt sen f\u00f6rra blogginl\u00e4gget! Vi har k\u00f6rt p\u00e5 f\u00f6r fullt med att tr\u00f6ska r\u00e5g.\u00a0 John tr\u00f6skar p\u00e5 non stop och jag k\u00f6r vagnar non stop. M\u00e5let \u00e4r iallafall att tr\u00f6skan inte beh\u00f6ver stanna en enda g\u00e5ng under de timmar vi k\u00f6r. Vi har tr\u00f6skat under tre dagar och tr\u00f6skan har...","og_url":"https:\/\/blogg.atl.nu\/gudhems-gamla-prastgard\/2025\/08\/01\/jag-har-kort-troska-for-forsta-gangen-och-fatt-punktering\/","og_site_name":"Gudhems gamla pr\u00e4stg\u00e5rd","article_published_time":"2025-08-01T20:32:02+00:00","og_image":[{"width":1920,"height":2560,"url":"https:\/\/blogg.atl.nu\/gudhems-gamla-prastgard\/wp-content\/uploads\/sites\/44\/2025\/08\/20250730_181956-scaled.jpg","type":"image\/jpeg"}],"author":"Bettina Larsson","twitter_card":"summary_large_image","twitter_misc":{"Skriven av":"Bettina Larsson","Ber\u00e4knad l\u00e4stid":"13 minuter"},"schema":{"@context":"https:\/\/schema.org","@graph":[{"@type":"WebPage","@id":"https:\/\/blogg.atl.nu\/gudhems-gamla-prastgard\/2025\/08\/01\/jag-har-kort-troska-for-forsta-gangen-och-fatt-punktering\/","url":"https:\/\/blogg.atl.nu\/gudhems-gamla-prastgard\/2025\/08\/01\/jag-har-kort-troska-for-forsta-gangen-och-fatt-punktering\/","name":"Jag har k\u00f6rt tr\u00f6ska f\u00f6r f\u00f6rsta g\u00e5ngen och f\u00e5tt punktering... - Gudhems gamla pr\u00e4stg\u00e5rd","isPartOf":{"@id":"https:\/\/blogg.atl.nu\/gudhems-gamla-prastgard\/#website"},"datePublished":"2025-08-01T20:32:02+00:00","dateModified":"2025-08-01T20:32:02+00:00","author":{"@id":"https:\/\/blogg.atl.nu\/gudhems-gamla-prastgard\/#\/schema\/person\/e7e2f38dced67d8685891b5c63d6eed3"},"breadcrumb":{"@id":"https:\/\/blogg.atl.nu\/gudhems-gamla-prastgard\/2025\/08\/01\/jag-har-kort-troska-for-forsta-gangen-och-fatt-punktering\/#breadcrumb"},"inLanguage":"sv-SE","potentialAction":[{"@type":"ReadAction","target":["https:\/\/blogg.atl.nu\/gudhems-gamla-prastgard\/2025\/08\/01\/jag-har-kort-troska-for-forsta-gangen-och-fatt-punktering\/"]}]},{"@type":"BreadcrumbList","@id":"https:\/\/blogg.atl.nu\/gudhems-gamla-prastgard\/2025\/08\/01\/jag-har-kort-troska-for-forsta-gangen-och-fatt-punktering\/#breadcrumb","itemListElement":[{"@type":"ListItem","position":1,"name":"Home","item":"https:\/\/blogg.atl.nu\/gudhems-gamla-prastgard\/"},{"@type":"ListItem","position":2,"name":"Jag har k\u00f6rt tr\u00f6ska f\u00f6r f\u00f6rsta g\u00e5ngen och f\u00e5tt punktering&#8230;"}]},{"@type":"WebSite","@id":"https:\/\/blogg.atl.nu\/gudhems-gamla-prastgard\/#website","url":"https:\/\/blogg.atl.nu\/gudhems-gamla-prastgard\/","name":"Gudhems gamla pr\u00e4stg\u00e5rd","description":"Bettina Larsson","potentialAction":[{"@type":"SearchAction","target":{"@type":"EntryPoint","urlTemplate":"https:\/\/blogg.atl.nu\/gudhems-gamla-prastgard\/?s={search_term_string}"},"query-input":"required name=search_term_string"}],"inLanguage":"sv-SE"},{"@type":"Person","@id":"https:\/\/blogg.atl.nu\/gudhems-gamla-prastgard\/#\/schema\/person\/e7e2f38dced67d8685891b5c63d6eed3","name":"Bettina Larsson","image":{"@type":"ImageObject","inLanguage":"sv-SE","@id":"https:\/\/blogg.atl.nu\/gudhems-gamla-prastgard\/#\/schema\/person\/image\/","url":"https:\/\/secure.gravatar.com\/avatar\/6869a306b4facfbd79cb2e14dcda8857?s=96&d=mm&r=g","contentUrl":"https:\/\/secure.gravatar.com\/avatar\/6869a306b4facfbd79cb2e14dcda8857?s=96&d=mm&r=g","caption":"Bettina Larsson"},"url":"https:\/\/blogg.atl.nu\/gudhems-gamla-prastgard\/author\/bettina\/"}]}},"_links":{"self":[{"href":"https:\/\/blogg.atl.nu\/gudhems-gamla-prastgard\/wp-json\/wp\/v2\/posts\/4087"}],"collection":[{"href":"https:\/\/blogg.atl.nu\/gudhems-gamla-prastgard\/wp-json\/wp\/v2\/posts"}],"about":[{"href":"https:\/\/blogg.atl.nu\/gudhems-gamla-prastgard\/wp-json\/wp\/v2\/types\/post"}],"author":[{"embeddable":true,"href":"https:\/\/blogg.atl.nu\/gudhems-gamla-prastgard\/wp-json\/wp\/v2\/users\/369"}],"replies":[{"embeddable":true,"href":"https:\/\/blogg.atl.nu\/gudhems-gamla-prastgard\/wp-json\/wp\/v2\/comments?post=4087"}],"version-history":[{"count":2,"href":"https:\/\/blogg.atl.nu\/gudhems-gamla-prastgard\/wp-json\/wp\/v2\/posts\/4087\/revisions"}],"predecessor-version":[{"id":4132,"href":"https:\/\/blogg.atl.nu\/gudhems-gamla-prastgard\/wp-json\/wp\/v2\/posts\/4087\/revisions\/4132"}],"wp:featuredmedia":[{"embeddable":true,"href":"https:\/\/blogg.atl.nu\/gudhems-gamla-prastgard\/wp-json\/wp\/v2\/media\/4118"}],"wp:attachment":[{"href":"https:\/\/blogg.atl.nu\/gudhems-gamla-prastgard\/wp-json\/wp\/v2\/media?parent=4087"}],"wp:term":[{"taxonomy":"category","embeddable":true,"href":"https:\/\/blogg.atl.nu\/gudhems-gamla-prastgard\/wp-json\/wp\/v2\/categories?post=4087"},{"taxonomy":"post_tag","embeddable":true,"href":"https:\/\/blogg.atl.nu\/gudhems-gamla-prastgard\/wp-json\/wp\/v2\/tags?post=4087"}],"curies":[{"name":"wp","href":"https:\/\/api.w.org\/{rel}","templated":true}]}}