{"id":4320,"date":"2025-08-12T20:56:59","date_gmt":"2025-08-12T18:56:59","guid":{"rendered":"https:\/\/blogg.atl.nu\/gudhems-gamla-prastgard\/?p=4320"},"modified":"2025-08-12T20:56:59","modified_gmt":"2025-08-12T18:56:59","slug":"stenplocket-har-betydelse-och-tjur-sparlost-forsvunnen","status":"publish","type":"post","link":"https:\/\/blogg.atl.nu\/gudhems-gamla-prastgard\/2025\/08\/12\/stenplocket-har-betydelse-och-tjur-sparlost-forsvunnen\/","title":{"rendered":"Stenplocket har betydelse och tjur sp\u00e5rl\u00f6st f\u00f6rsvunnen!"},"content":{"rendered":"<p><strong>Vi forts\u00e4tter p\u00e5 sp\u00e5ret r\u00e5g en sista g\u00e5ng f\u00f6r detta \u00e5r&#8230;\ud83c\udf3e\ud83e\udd56 I \u00e5r har vi haft r\u00e4tt mycket r\u00e5g som lagt sig, mer \u00e4n vad vi haft tidigare \u00e5r. Det \u00e4r lite konstigt sammantr\u00e4ffande \u00e4nd\u00e5, eftersom vi i \u00e5r f\u00f6ljde de nya rekommendationerna att l\u00e4gga mindre kv\u00e4ve. Det har inte vart s\u00e5 mycket h\u00e5rt regn heller under denna sommaren.\u00a0<\/strong><\/p>\n<p><img loading=\"lazy\" class=\"alignnone size-medium wp-image-4321\" src=\"https:\/\/blogg.atl.nu\/gudhems-gamla-prastgard\/wp-content\/uploads\/sites\/44\/2025\/08\/20250731_120650-450x600.jpg\" alt=\"\" width=\"450\" height=\"600\" srcset=\"https:\/\/blogg.atl.nu\/gudhems-gamla-prastgard\/wp-content\/uploads\/sites\/44\/2025\/08\/20250731_120650-450x600.jpg 450w, https:\/\/blogg.atl.nu\/gudhems-gamla-prastgard\/wp-content\/uploads\/sites\/44\/2025\/08\/20250731_120650-768x1024.jpg 768w, https:\/\/blogg.atl.nu\/gudhems-gamla-prastgard\/wp-content\/uploads\/sites\/44\/2025\/08\/20250731_120650-1152x1536.jpg 1152w, https:\/\/blogg.atl.nu\/gudhems-gamla-prastgard\/wp-content\/uploads\/sites\/44\/2025\/08\/20250731_120650-1536x2048.jpg 1536w, https:\/\/blogg.atl.nu\/gudhems-gamla-prastgard\/wp-content\/uploads\/sites\/44\/2025\/08\/20250731_120650-scaled.jpg 1920w\" sizes=\"(max-width: 450px) 100vw, 450px\" \/><\/p>\n<div style=\"width: 3840px;\" class=\"wp-video\"><!--[if lt IE 9]><script>document.createElement('video');<\/script><![endif]-->\n<video class=\"wp-video-shortcode\" id=\"video-4320-1\" width=\"3840\" height=\"2160\" preload=\"metadata\" controls=\"controls\"><source type=\"video\/mp4\" src=\"https:\/\/blogg.atl.nu\/gudhems-gamla-prastgard\/wp-content\/uploads\/sites\/44\/2025\/08\/20250730_191238.mp4?_=1\" \/><a href=\"https:\/\/blogg.atl.nu\/gudhems-gamla-prastgard\/wp-content\/uploads\/sites\/44\/2025\/08\/20250730_191238.mp4\">https:\/\/blogg.atl.nu\/gudhems-gamla-prastgard\/wp-content\/uploads\/sites\/44\/2025\/08\/20250730_191238.mp4<\/a><\/video><\/div>\n<p>Det \u00e4r r\u00e4tt besv\u00e4rligt att tr\u00f6ska n\u00e4r det ligger ner. Speciellt n\u00e4r det ligger ner kors och tv\u00e4rs.<\/p>\n<p><img loading=\"lazy\" class=\"alignnone size-medium wp-image-4323\" src=\"https:\/\/blogg.atl.nu\/gudhems-gamla-prastgard\/wp-content\/uploads\/sites\/44\/2025\/08\/20250730_191224-450x600.jpg\" alt=\"\" width=\"450\" height=\"600\" srcset=\"https:\/\/blogg.atl.nu\/gudhems-gamla-prastgard\/wp-content\/uploads\/sites\/44\/2025\/08\/20250730_191224-450x600.jpg 450w, https:\/\/blogg.atl.nu\/gudhems-gamla-prastgard\/wp-content\/uploads\/sites\/44\/2025\/08\/20250730_191224-768x1024.jpg 768w, https:\/\/blogg.atl.nu\/gudhems-gamla-prastgard\/wp-content\/uploads\/sites\/44\/2025\/08\/20250730_191224-1152x1536.jpg 1152w, https:\/\/blogg.atl.nu\/gudhems-gamla-prastgard\/wp-content\/uploads\/sites\/44\/2025\/08\/20250730_191224-1536x2048.jpg 1536w, https:\/\/blogg.atl.nu\/gudhems-gamla-prastgard\/wp-content\/uploads\/sites\/44\/2025\/08\/20250730_191224-scaled.jpg 1920w\" sizes=\"(max-width: 450px) 100vw, 450px\" \/><\/p>\n<p>Dessutom \u00e4r det lite med andan i halsen eftersom man f\u00e5r tr\u00f6ska s\u00e5 n\u00e4ra marken. Det \u00e4r d\u00e5 det \u00e4r s\u00e5 viktigt att man sk\u00f6tt stenplocket efter s\u00e5dd.<\/p>\n<div style=\"width: 3840px;\" class=\"wp-video\"><video class=\"wp-video-shortcode\" id=\"video-4320-2\" width=\"3840\" height=\"2160\" preload=\"metadata\" controls=\"controls\"><source type=\"video\/mp4\" src=\"https:\/\/blogg.atl.nu\/gudhems-gamla-prastgard\/wp-content\/uploads\/sites\/44\/2025\/08\/20250731_120722.mp4?_=2\" \/><a href=\"https:\/\/blogg.atl.nu\/gudhems-gamla-prastgard\/wp-content\/uploads\/sites\/44\/2025\/08\/20250731_120722.mp4\">https:\/\/blogg.atl.nu\/gudhems-gamla-prastgard\/wp-content\/uploads\/sites\/44\/2025\/08\/20250731_120722.mp4<\/a><\/video><\/div>\n<p>Vi har inte str\u00e5f\u00f6rkortat r\u00e5gen p\u00e5 grund av att vi har ett kontrakt. Fazer har best\u00e4mt att just tillv\u00e4xtreglering \u00e4r ett \u00e4mne som \u00e4r f\u00f6r sp\u00e5rbart, s\u00e5 dom vill inte baka med det.<\/p>\n<p><strong>S\u00e5 till g\u00e5rdagen. Det var en liten skitdag enligt mig. Jag hade satt upp ett m\u00e5l f\u00f6r dagen att ta tjurarna, samt mocka ur framf\u00f6r foderborden, kossorna och k\u00f6ra in ett lass med korn i torken och sen vara ig\u00e5ng att plocka hem halmbalar senast 13.00.\u00a0<\/strong><\/p>\n<p>Men dagen gick, allt tog s\u00e5dan tid. N\u00e4r jag skulle \u00e5ka upp till kossorna vid 14.00 tiden f\u00f6r att fylla vatten s\u00e5 hittar jag inte tjuren B2. Han var sp\u00e5rl\u00f6st f\u00f6rsvunnen. Hagen dom g\u00e5r i \u00e4r ca 5 hektar stor, s\u00e5 inte \u00f6verdrivet stor men d\u00e4remot \u00e4r det v\u00e5r hage som \u00e4r minst \u00f6ppen.<\/p>\n<p><img loading=\"lazy\" class=\"alignnone size-medium wp-image-4336\" src=\"https:\/\/blogg.atl.nu\/gudhems-gamla-prastgard\/wp-content\/uploads\/sites\/44\/2025\/08\/20250811_134001-450x600.jpg\" alt=\"\" width=\"450\" height=\"600\" srcset=\"https:\/\/blogg.atl.nu\/gudhems-gamla-prastgard\/wp-content\/uploads\/sites\/44\/2025\/08\/20250811_134001-450x600.jpg 450w, https:\/\/blogg.atl.nu\/gudhems-gamla-prastgard\/wp-content\/uploads\/sites\/44\/2025\/08\/20250811_134001-768x1024.jpg 768w, https:\/\/blogg.atl.nu\/gudhems-gamla-prastgard\/wp-content\/uploads\/sites\/44\/2025\/08\/20250811_134001-1152x1536.jpg 1152w, https:\/\/blogg.atl.nu\/gudhems-gamla-prastgard\/wp-content\/uploads\/sites\/44\/2025\/08\/20250811_134001-1536x2048.jpg 1536w, https:\/\/blogg.atl.nu\/gudhems-gamla-prastgard\/wp-content\/uploads\/sites\/44\/2025\/08\/20250811_134001-scaled.jpg 1920w\" sizes=\"(max-width: 450px) 100vw, 450px\" \/><\/p>\n<p>Jag gick och letade \u00f6verallt i 1,5 h. Tillslut fick jag ge upp f\u00f6r jag skulle hinna f\u00e5 in ett lass med korn i torken innan barnen skulle h\u00e4mtas p\u00e5 f\u00f6rskolan vid 16.00.<\/p>\n<p>John var iv\u00e4g p\u00e5 bortag\u00e5rden ig\u00e5r och tr\u00f6skade raps. S\u00e5 jag roddade allt p\u00e5 hemmaplan.<\/p>\n<p>Men jag hann bara k\u00f6ra ut de torkade kornet sen fick jag h\u00e4mta barnen. S\u00e5 dom fick vara med och f\u00e5 in ett nytt lass.<\/p>\n<p><img loading=\"lazy\" class=\"alignnone size-medium wp-image-4339\" src=\"https:\/\/blogg.atl.nu\/gudhems-gamla-prastgard\/wp-content\/uploads\/sites\/44\/2025\/08\/20250811_162410-450x600.jpg\" alt=\"\" width=\"450\" height=\"600\" srcset=\"https:\/\/blogg.atl.nu\/gudhems-gamla-prastgard\/wp-content\/uploads\/sites\/44\/2025\/08\/20250811_162410-450x600.jpg 450w, https:\/\/blogg.atl.nu\/gudhems-gamla-prastgard\/wp-content\/uploads\/sites\/44\/2025\/08\/20250811_162410-768x1024.jpg 768w, https:\/\/blogg.atl.nu\/gudhems-gamla-prastgard\/wp-content\/uploads\/sites\/44\/2025\/08\/20250811_162410-1152x1536.jpg 1152w, https:\/\/blogg.atl.nu\/gudhems-gamla-prastgard\/wp-content\/uploads\/sites\/44\/2025\/08\/20250811_162410-1536x2048.jpg 1536w, https:\/\/blogg.atl.nu\/gudhems-gamla-prastgard\/wp-content\/uploads\/sites\/44\/2025\/08\/20250811_162410-scaled.jpg 1920w\" sizes=\"(max-width: 450px) 100vw, 450px\" \/><\/p>\n<p>I b\u00f6rjan gick det fint f\u00f6r dom kollade p\u00e5 alla nyckelpigor. Men sen blev det krig om en spade och toalettbes\u00f6k mitt i allt. D\u00e5 blev jag distraherad och fickan blev full. S\u00e5 jag st\u00e4ngde av elivatorn innan den gick tom. Det var vad jag trodde skedde mitt i allt.<\/p>\n<p>Det var d\u00e4r och d\u00e5 jag p\u00e5mindes om varf\u00f6r vi brukar ha ett barn var n\u00e4r dom \u00e4r med oss i jobbet. Det \u00e4r faktiskt lite omst\u00e4ndigt n\u00e4r John \u00e4r iv\u00e4g och k\u00f6r n\u00e4r vi har mycket hemma ocks\u00e5.<\/p>\n<p>John kom hem vid 20.00 och jag ber\u00e4ttade om mitt misst\u00e4nkta fel i torken. Jag hade r\u00e4tt&#8230;<\/p>\n<p><img loading=\"lazy\" class=\"alignnone size-medium wp-image-4331\" src=\"https:\/\/blogg.atl.nu\/gudhems-gamla-prastgard\/wp-content\/uploads\/sites\/44\/2025\/08\/Screenshot_20250811_210126_Messages-600x496.jpg\" alt=\"\" width=\"600\" height=\"496\" srcset=\"https:\/\/blogg.atl.nu\/gudhems-gamla-prastgard\/wp-content\/uploads\/sites\/44\/2025\/08\/Screenshot_20250811_210126_Messages-600x496.jpg 600w, https:\/\/blogg.atl.nu\/gudhems-gamla-prastgard\/wp-content\/uploads\/sites\/44\/2025\/08\/Screenshot_20250811_210126_Messages-1024x847.jpg 1024w, https:\/\/blogg.atl.nu\/gudhems-gamla-prastgard\/wp-content\/uploads\/sites\/44\/2025\/08\/Screenshot_20250811_210126_Messages-768x635.jpg 768w, https:\/\/blogg.atl.nu\/gudhems-gamla-prastgard\/wp-content\/uploads\/sites\/44\/2025\/08\/Screenshot_20250811_210126_Messages.jpg 1080w\" sizes=\"(max-width: 600px) 100vw, 600px\" \/><\/p>\n<p>Men sen var det ju tjuren ocks\u00e5. Vilket ska vi prioritera denna kv\u00e4ll?<\/p>\n<p><img loading=\"lazy\" class=\"alignnone size-medium wp-image-4332\" src=\"https:\/\/blogg.atl.nu\/gudhems-gamla-prastgard\/wp-content\/uploads\/sites\/44\/2025\/08\/Screenshot_20250811_211518_Messages-577x600.jpg\" alt=\"\" width=\"577\" height=\"600\" srcset=\"https:\/\/blogg.atl.nu\/gudhems-gamla-prastgard\/wp-content\/uploads\/sites\/44\/2025\/08\/Screenshot_20250811_211518_Messages-577x600.jpg 577w, https:\/\/blogg.atl.nu\/gudhems-gamla-prastgard\/wp-content\/uploads\/sites\/44\/2025\/08\/Screenshot_20250811_211518_Messages-985x1024.jpg 985w, https:\/\/blogg.atl.nu\/gudhems-gamla-prastgard\/wp-content\/uploads\/sites\/44\/2025\/08\/Screenshot_20250811_211518_Messages-768x799.jpg 768w, https:\/\/blogg.atl.nu\/gudhems-gamla-prastgard\/wp-content\/uploads\/sites\/44\/2025\/08\/Screenshot_20250811_211518_Messages.jpg 1080w\" sizes=\"(max-width: 577px) 100vw, 577px\" \/><\/p>\n<p>Jag sitter inne med barnen som sover och vill bara ut och hj\u00e4lpa till egentligen. Iallafall att kolla efter tjuren. Men vi prioriterade tjuren. John drog dit och letade tills det blev m\u00f6rkt och jag satt inne och v\u00e4ntade p\u00e5 update.<\/p>\n<p><img loading=\"lazy\" class=\"alignnone size-medium wp-image-4333\" src=\"https:\/\/blogg.atl.nu\/gudhems-gamla-prastgard\/wp-content\/uploads\/sites\/44\/2025\/08\/Screenshot_20250811_220417_Messages-600x295.jpg\" alt=\"\" width=\"600\" height=\"295\" srcset=\"https:\/\/blogg.atl.nu\/gudhems-gamla-prastgard\/wp-content\/uploads\/sites\/44\/2025\/08\/Screenshot_20250811_220417_Messages-600x295.jpg 600w, https:\/\/blogg.atl.nu\/gudhems-gamla-prastgard\/wp-content\/uploads\/sites\/44\/2025\/08\/Screenshot_20250811_220417_Messages-1024x503.jpg 1024w, https:\/\/blogg.atl.nu\/gudhems-gamla-prastgard\/wp-content\/uploads\/sites\/44\/2025\/08\/Screenshot_20250811_220417_Messages-768x378.jpg 768w, https:\/\/blogg.atl.nu\/gudhems-gamla-prastgard\/wp-content\/uploads\/sites\/44\/2025\/08\/Screenshot_20250811_220417_Messages.jpg 1080w\" sizes=\"(max-width: 600px) 100vw, 600px\" \/><\/p>\n<p>Vad kan han vara?<\/p>\n<p>Idag p\u00e5 morgonen b\u00f6rjade jag vandringen igen. Jag s\u00f6kte av hagen fram och tillbaka med typ 15 meters mellanrum. N\u00e4r jag n\u00e4stan var klar utan resultat tittar jag ut p\u00e5 grannens \u00e5ker med korn. D\u00e4r st\u00e5r han och k\u00e4kar.\ud83e\udd26\u200d\u2640\ufe0f\ud83c\udf3e<\/p>\n<p><img loading=\"lazy\" class=\"alignnone size-medium wp-image-4341\" src=\"https:\/\/blogg.atl.nu\/gudhems-gamla-prastgard\/wp-content\/uploads\/sites\/44\/2025\/08\/20250812_091050-450x600.jpg\" alt=\"\" width=\"450\" height=\"600\" srcset=\"https:\/\/blogg.atl.nu\/gudhems-gamla-prastgard\/wp-content\/uploads\/sites\/44\/2025\/08\/20250812_091050-450x600.jpg 450w, https:\/\/blogg.atl.nu\/gudhems-gamla-prastgard\/wp-content\/uploads\/sites\/44\/2025\/08\/20250812_091050-768x1024.jpg 768w, https:\/\/blogg.atl.nu\/gudhems-gamla-prastgard\/wp-content\/uploads\/sites\/44\/2025\/08\/20250812_091050-1152x1536.jpg 1152w, https:\/\/blogg.atl.nu\/gudhems-gamla-prastgard\/wp-content\/uploads\/sites\/44\/2025\/08\/20250812_091050-1536x2048.jpg 1536w, https:\/\/blogg.atl.nu\/gudhems-gamla-prastgard\/wp-content\/uploads\/sites\/44\/2025\/08\/20250812_091050-scaled.jpg 1920w\" sizes=\"(max-width: 450px) 100vw, 450px\" \/><\/p>\n<p>Men s\u00e5 g\u00f6tt att hitta honom. Jag ringde grannen och ber\u00e4ttade att det kan blivit lite nedtrampat. Men som tur var blev det ingen st\u00f6rre skada skedd.<\/p>\n<p><img loading=\"lazy\" class=\"alignnone size-medium wp-image-4342\" src=\"https:\/\/blogg.atl.nu\/gudhems-gamla-prastgard\/wp-content\/uploads\/sites\/44\/2025\/08\/20250812_093910-450x600.jpg\" alt=\"\" width=\"450\" height=\"600\" srcset=\"https:\/\/blogg.atl.nu\/gudhems-gamla-prastgard\/wp-content\/uploads\/sites\/44\/2025\/08\/20250812_093910-450x600.jpg 450w, https:\/\/blogg.atl.nu\/gudhems-gamla-prastgard\/wp-content\/uploads\/sites\/44\/2025\/08\/20250812_093910-768x1024.jpg 768w, https:\/\/blogg.atl.nu\/gudhems-gamla-prastgard\/wp-content\/uploads\/sites\/44\/2025\/08\/20250812_093910-1152x1536.jpg 1152w, https:\/\/blogg.atl.nu\/gudhems-gamla-prastgard\/wp-content\/uploads\/sites\/44\/2025\/08\/20250812_093910-1536x2048.jpg 1536w, https:\/\/blogg.atl.nu\/gudhems-gamla-prastgard\/wp-content\/uploads\/sites\/44\/2025\/08\/20250812_093910-scaled.jpg 1920w\" sizes=\"(max-width: 450px) 100vw, 450px\" \/><\/p>\n<p>Jaha, hur ska jag f\u00e5 in tjuren nu d\u00e5? Inget gap i n\u00e4rheten. S\u00e5 jag ringer John som f\u00e5r komma med traktor, d\u00e5 vattnet \u00e4nd\u00e5 ska h\u00e4mtas och han f\u00e5r ta med sig en t\u00e5ng s\u00e5 vi kan klippa av tr\u00e5den och f\u00e5 in honom.<\/p>\n<p>Men n\u00e4r jag stod och v\u00e4ntade blev jag rastl\u00f6s. Jag och tjuren gick bort\u00e5t och sen t\u00e4nkte jag att ja testar att l\u00e4gga ner tr\u00e5den. Han traskar \u00f6ver och sen fick jag in han till kossorna igen.<\/p>\n<p><img loading=\"lazy\" class=\"alignnone size-medium wp-image-4343\" src=\"https:\/\/blogg.atl.nu\/gudhems-gamla-prastgard\/wp-content\/uploads\/sites\/44\/2025\/08\/20250812_094302-450x600.jpg\" alt=\"\" width=\"450\" height=\"600\" srcset=\"https:\/\/blogg.atl.nu\/gudhems-gamla-prastgard\/wp-content\/uploads\/sites\/44\/2025\/08\/20250812_094302-450x600.jpg 450w, https:\/\/blogg.atl.nu\/gudhems-gamla-prastgard\/wp-content\/uploads\/sites\/44\/2025\/08\/20250812_094302-768x1024.jpg 768w, https:\/\/blogg.atl.nu\/gudhems-gamla-prastgard\/wp-content\/uploads\/sites\/44\/2025\/08\/20250812_094302-1152x1536.jpg 1152w, https:\/\/blogg.atl.nu\/gudhems-gamla-prastgard\/wp-content\/uploads\/sites\/44\/2025\/08\/20250812_094302-1536x2048.jpg 1536w, https:\/\/blogg.atl.nu\/gudhems-gamla-prastgard\/wp-content\/uploads\/sites\/44\/2025\/08\/20250812_094302-scaled.jpg 1920w\" sizes=\"(max-width: 450px) 100vw, 450px\" \/><\/p>\n<p>Nu \u00e4r ordningen \u00e5terst\u00e4lld. Alla djur p\u00e5 r\u00e4tt sida staketet, ny hage och vattnet flyttat!\ud83d\ude03\ud83d\udc4d<\/p>\n<p><img loading=\"lazy\" class=\"alignnone size-medium wp-image-4344\" src=\"https:\/\/blogg.atl.nu\/gudhems-gamla-prastgard\/wp-content\/uploads\/sites\/44\/2025\/08\/20250812_103550-450x600.jpg\" alt=\"\" width=\"450\" height=\"600\" srcset=\"https:\/\/blogg.atl.nu\/gudhems-gamla-prastgard\/wp-content\/uploads\/sites\/44\/2025\/08\/20250812_103550-450x600.jpg 450w, https:\/\/blogg.atl.nu\/gudhems-gamla-prastgard\/wp-content\/uploads\/sites\/44\/2025\/08\/20250812_103550-768x1024.jpg 768w, https:\/\/blogg.atl.nu\/gudhems-gamla-prastgard\/wp-content\/uploads\/sites\/44\/2025\/08\/20250812_103550-1152x1536.jpg 1152w, https:\/\/blogg.atl.nu\/gudhems-gamla-prastgard\/wp-content\/uploads\/sites\/44\/2025\/08\/20250812_103550-1536x2048.jpg 1536w, https:\/\/blogg.atl.nu\/gudhems-gamla-prastgard\/wp-content\/uploads\/sites\/44\/2025\/08\/20250812_103550-scaled.jpg 1920w\" sizes=\"(max-width: 450px) 100vw, 450px\" \/><\/p>\n<p>Jag rullade in tr\u00e5den vi haft till drivg\u00e5ngen utmed rapsen till hagen. F\u00f6r nu blir det inget mer bes\u00f6k i den hagen.<\/p>\n<p>Idag har jag \u00e4ven b\u00f6rjat k\u00f6ra hem halmbalar och John pressar kornhalm f\u00f6r fullt. Han ska bli klar ikv\u00e4ll. F\u00f6r i morgon t\u00e4nker vi k\u00f6ra ig\u00e5ng och tr\u00f6ska igen f\u00f6rmodligen!\ud83c\udf3e<\/p>\n<p><img loading=\"lazy\" class=\"alignnone size-medium wp-image-4345\" src=\"https:\/\/blogg.atl.nu\/gudhems-gamla-prastgard\/wp-content\/uploads\/sites\/44\/2025\/08\/20250812_122230-450x600.jpg\" alt=\"\" width=\"450\" height=\"600\" srcset=\"https:\/\/blogg.atl.nu\/gudhems-gamla-prastgard\/wp-content\/uploads\/sites\/44\/2025\/08\/20250812_122230-450x600.jpg 450w, https:\/\/blogg.atl.nu\/gudhems-gamla-prastgard\/wp-content\/uploads\/sites\/44\/2025\/08\/20250812_122230-768x1024.jpg 768w, https:\/\/blogg.atl.nu\/gudhems-gamla-prastgard\/wp-content\/uploads\/sites\/44\/2025\/08\/20250812_122230-1152x1536.jpg 1152w, https:\/\/blogg.atl.nu\/gudhems-gamla-prastgard\/wp-content\/uploads\/sites\/44\/2025\/08\/20250812_122230-1536x2048.jpg 1536w, https:\/\/blogg.atl.nu\/gudhems-gamla-prastgard\/wp-content\/uploads\/sites\/44\/2025\/08\/20250812_122230-scaled.jpg 1920w\" sizes=\"(max-width: 450px) 100vw, 450px\" \/><\/p>\n<p>Jag sm\u00f6rjde lastaren innan det bar av mot halmen!<\/p>\n<p><img loading=\"lazy\" class=\"alignnone size-medium wp-image-4346\" src=\"https:\/\/blogg.atl.nu\/gudhems-gamla-prastgard\/wp-content\/uploads\/sites\/44\/2025\/08\/20250812_125922-450x600.jpg\" alt=\"\" width=\"450\" height=\"600\" srcset=\"https:\/\/blogg.atl.nu\/gudhems-gamla-prastgard\/wp-content\/uploads\/sites\/44\/2025\/08\/20250812_125922-450x600.jpg 450w, https:\/\/blogg.atl.nu\/gudhems-gamla-prastgard\/wp-content\/uploads\/sites\/44\/2025\/08\/20250812_125922-768x1024.jpg 768w, https:\/\/blogg.atl.nu\/gudhems-gamla-prastgard\/wp-content\/uploads\/sites\/44\/2025\/08\/20250812_125922-1152x1536.jpg 1152w, https:\/\/blogg.atl.nu\/gudhems-gamla-prastgard\/wp-content\/uploads\/sites\/44\/2025\/08\/20250812_125922-1536x2048.jpg 1536w, https:\/\/blogg.atl.nu\/gudhems-gamla-prastgard\/wp-content\/uploads\/sites\/44\/2025\/08\/20250812_125922-scaled.jpg 1920w\" sizes=\"(max-width: 450px) 100vw, 450px\" \/><\/p>\n<p>Woho, mitt m\u00e5l att b\u00f6rja plocka halmbalar blev bara ett dygn senare \u00e4n t\u00e4nkt.<\/p>\n<p><img loading=\"lazy\" class=\"alignnone size-medium wp-image-4347\" src=\"https:\/\/blogg.atl.nu\/gudhems-gamla-prastgard\/wp-content\/uploads\/sites\/44\/2025\/08\/20250812_133114-450x600.jpg\" alt=\"\" width=\"450\" height=\"600\" srcset=\"https:\/\/blogg.atl.nu\/gudhems-gamla-prastgard\/wp-content\/uploads\/sites\/44\/2025\/08\/20250812_133114-450x600.jpg 450w, https:\/\/blogg.atl.nu\/gudhems-gamla-prastgard\/wp-content\/uploads\/sites\/44\/2025\/08\/20250812_133114-768x1024.jpg 768w, https:\/\/blogg.atl.nu\/gudhems-gamla-prastgard\/wp-content\/uploads\/sites\/44\/2025\/08\/20250812_133114-1152x1536.jpg 1152w, https:\/\/blogg.atl.nu\/gudhems-gamla-prastgard\/wp-content\/uploads\/sites\/44\/2025\/08\/20250812_133114-1536x2048.jpg 1536w, https:\/\/blogg.atl.nu\/gudhems-gamla-prastgard\/wp-content\/uploads\/sites\/44\/2025\/08\/20250812_133114-scaled.jpg 1920w\" sizes=\"(max-width: 450px) 100vw, 450px\" \/><\/p>\n<p><img loading=\"lazy\" class=\"alignnone size-medium wp-image-4348\" src=\"https:\/\/blogg.atl.nu\/gudhems-gamla-prastgard\/wp-content\/uploads\/sites\/44\/2025\/08\/20250812_133206-450x600.jpg\" alt=\"\" width=\"450\" height=\"600\" srcset=\"https:\/\/blogg.atl.nu\/gudhems-gamla-prastgard\/wp-content\/uploads\/sites\/44\/2025\/08\/20250812_133206-450x600.jpg 450w, https:\/\/blogg.atl.nu\/gudhems-gamla-prastgard\/wp-content\/uploads\/sites\/44\/2025\/08\/20250812_133206-768x1024.jpg 768w, https:\/\/blogg.atl.nu\/gudhems-gamla-prastgard\/wp-content\/uploads\/sites\/44\/2025\/08\/20250812_133206-1152x1536.jpg 1152w, https:\/\/blogg.atl.nu\/gudhems-gamla-prastgard\/wp-content\/uploads\/sites\/44\/2025\/08\/20250812_133206-1536x2048.jpg 1536w, https:\/\/blogg.atl.nu\/gudhems-gamla-prastgard\/wp-content\/uploads\/sites\/44\/2025\/08\/20250812_133206-scaled.jpg 1920w\" sizes=\"(max-width: 450px) 100vw, 450px\" \/><\/p>\n<p>John pressar p\u00e5! Vi har fortfarande pressen p\u00e5 l\u00e5n!<\/p>\n<p><img loading=\"lazy\" class=\"alignnone size-medium wp-image-4349\" src=\"https:\/\/blogg.atl.nu\/gudhems-gamla-prastgard\/wp-content\/uploads\/sites\/44\/2025\/08\/20250812_145024-450x600.jpg\" alt=\"\" width=\"450\" height=\"600\" srcset=\"https:\/\/blogg.atl.nu\/gudhems-gamla-prastgard\/wp-content\/uploads\/sites\/44\/2025\/08\/20250812_145024-450x600.jpg 450w, https:\/\/blogg.atl.nu\/gudhems-gamla-prastgard\/wp-content\/uploads\/sites\/44\/2025\/08\/20250812_145024-768x1024.jpg 768w, https:\/\/blogg.atl.nu\/gudhems-gamla-prastgard\/wp-content\/uploads\/sites\/44\/2025\/08\/20250812_145024-1152x1536.jpg 1152w, https:\/\/blogg.atl.nu\/gudhems-gamla-prastgard\/wp-content\/uploads\/sites\/44\/2025\/08\/20250812_145024-1536x2048.jpg 1536w, https:\/\/blogg.atl.nu\/gudhems-gamla-prastgard\/wp-content\/uploads\/sites\/44\/2025\/08\/20250812_145024-scaled.jpg 1920w\" sizes=\"(max-width: 450px) 100vw, 450px\" \/><\/p>\n<p>Jag st\u00e4ller balarna i kanten p\u00e5 \u00e5kern. F\u00f6r vi har inte hunnit g\u00f6ra klart hela st\u00e4llytan bakom ladug\u00e5rden.<\/p>\n<p><img loading=\"lazy\" class=\"alignnone size-medium wp-image-4350\" src=\"https:\/\/blogg.atl.nu\/gudhems-gamla-prastgard\/wp-content\/uploads\/sites\/44\/2025\/08\/20250812_145044-450x600.jpg\" alt=\"\" width=\"450\" height=\"600\" srcset=\"https:\/\/blogg.atl.nu\/gudhems-gamla-prastgard\/wp-content\/uploads\/sites\/44\/2025\/08\/20250812_145044-450x600.jpg 450w, https:\/\/blogg.atl.nu\/gudhems-gamla-prastgard\/wp-content\/uploads\/sites\/44\/2025\/08\/20250812_145044-768x1024.jpg 768w, https:\/\/blogg.atl.nu\/gudhems-gamla-prastgard\/wp-content\/uploads\/sites\/44\/2025\/08\/20250812_145044-1152x1536.jpg 1152w, https:\/\/blogg.atl.nu\/gudhems-gamla-prastgard\/wp-content\/uploads\/sites\/44\/2025\/08\/20250812_145044-1536x2048.jpg 1536w, https:\/\/blogg.atl.nu\/gudhems-gamla-prastgard\/wp-content\/uploads\/sites\/44\/2025\/08\/20250812_145044-scaled.jpg 1920w\" sizes=\"(max-width: 450px) 100vw, 450px\" \/><\/p>\n<p>Det \u00e4r n\u00e4mligen h\u00e4r vi ska bygga nya ladug\u00e5rden sen.<\/p>\n<p><img loading=\"lazy\" class=\"alignnone size-medium wp-image-4351\" src=\"https:\/\/blogg.atl.nu\/gudhems-gamla-prastgard\/wp-content\/uploads\/sites\/44\/2025\/08\/20250812_153829-450x600.jpg\" alt=\"\" width=\"450\" height=\"600\" srcset=\"https:\/\/blogg.atl.nu\/gudhems-gamla-prastgard\/wp-content\/uploads\/sites\/44\/2025\/08\/20250812_153829-450x600.jpg 450w, https:\/\/blogg.atl.nu\/gudhems-gamla-prastgard\/wp-content\/uploads\/sites\/44\/2025\/08\/20250812_153829-768x1024.jpg 768w, https:\/\/blogg.atl.nu\/gudhems-gamla-prastgard\/wp-content\/uploads\/sites\/44\/2025\/08\/20250812_153829-1152x1536.jpg 1152w, https:\/\/blogg.atl.nu\/gudhems-gamla-prastgard\/wp-content\/uploads\/sites\/44\/2025\/08\/20250812_153829-1536x2048.jpg 1536w, https:\/\/blogg.atl.nu\/gudhems-gamla-prastgard\/wp-content\/uploads\/sites\/44\/2025\/08\/20250812_153829-scaled.jpg 1920w\" sizes=\"(max-width: 450px) 100vw, 450px\" \/><\/p>\n<p>S\u00e5 det g\u00f6r inget att det st\u00e5r halm h\u00e4r ett tag. V\u00e5ran f\u00f6rhoppning \u00e4r ju att vi b\u00f6rjar bygga i vinter.<\/p>\n<p>\/Bettina<\/p>\n<p>&nbsp;<\/p>\n<p>&nbsp;<\/p>\n<p>&nbsp;<\/p>\n","protected":false},"excerpt":{"rendered":"<p>Vi forts\u00e4tter p\u00e5 sp\u00e5ret r\u00e5g en sista g\u00e5ng f\u00f6r detta \u00e5r&#8230;\ud83c\udf3e\ud83e\udd56 I \u00e5r har vi haft r\u00e4tt mycket r\u00e5g som lagt sig, mer \u00e4n vad vi haft tidigare \u00e5r. Det \u00e4r lite konstigt sammantr\u00e4ffande \u00e4nd\u00e5, eftersom vi i \u00e5r f\u00f6ljde de nya rekommendationerna att l\u00e4gga mindre kv\u00e4ve. Det har inte vart s\u00e5 mycket h\u00e5rt regn&#8230;<\/p>\n","protected":false},"author":369,"featured_media":4321,"comment_status":"open","ping_status":"open","sticky":false,"template":"","format":"standard","meta":[],"categories":[1],"tags":[],"yoast_head":"<!-- This site is optimized with the Yoast SEO plugin v19.6 - https:\/\/yoast.com\/wordpress\/plugins\/seo\/ -->\n<title>Stenplocket har betydelse och tjur sp\u00e5rl\u00f6st f\u00f6rsvunnen! - Gudhems gamla pr\u00e4stg\u00e5rd<\/title>\n<meta name=\"robots\" content=\"index, follow, max-snippet:-1, max-image-preview:large, max-video-preview:-1\" \/>\n<link rel=\"canonical\" href=\"https:\/\/blogg.atl.nu\/gudhems-gamla-prastgard\/2025\/08\/12\/stenplocket-har-betydelse-och-tjur-sparlost-forsvunnen\/\" \/>\n<meta property=\"og:locale\" content=\"sv_SE\" \/>\n<meta property=\"og:type\" content=\"article\" \/>\n<meta property=\"og:title\" content=\"Stenplocket har betydelse och tjur sp\u00e5rl\u00f6st f\u00f6rsvunnen! - Gudhems gamla pr\u00e4stg\u00e5rd\" \/>\n<meta property=\"og:description\" content=\"Vi forts\u00e4tter p\u00e5 sp\u00e5ret r\u00e5g en sista g\u00e5ng f\u00f6r detta \u00e5r&#8230;\ud83c\udf3e\ud83e\udd56 I \u00e5r har vi haft r\u00e4tt mycket r\u00e5g som lagt sig, mer \u00e4n vad vi haft tidigare \u00e5r. Det \u00e4r lite konstigt sammantr\u00e4ffande \u00e4nd\u00e5, eftersom vi i \u00e5r f\u00f6ljde de nya rekommendationerna att l\u00e4gga mindre kv\u00e4ve. Det har inte vart s\u00e5 mycket h\u00e5rt regn...\" \/>\n<meta property=\"og:url\" content=\"https:\/\/blogg.atl.nu\/gudhems-gamla-prastgard\/2025\/08\/12\/stenplocket-har-betydelse-och-tjur-sparlost-forsvunnen\/\" \/>\n<meta property=\"og:site_name\" content=\"Gudhems gamla pr\u00e4stg\u00e5rd\" \/>\n<meta property=\"article:published_time\" content=\"2025-08-12T18:56:59+00:00\" \/>\n<meta property=\"og:image\" content=\"https:\/\/blogg.atl.nu\/gudhems-gamla-prastgard\/wp-content\/uploads\/sites\/44\/2025\/08\/20250731_120650-scaled.jpg\" \/>\n\t<meta property=\"og:image:width\" content=\"1920\" \/>\n\t<meta property=\"og:image:height\" content=\"2560\" \/>\n\t<meta property=\"og:image:type\" content=\"image\/jpeg\" \/>\n<meta name=\"author\" content=\"Bettina Larsson\" \/>\n<meta name=\"twitter:card\" content=\"summary_large_image\" \/>\n<meta name=\"twitter:label1\" content=\"Skriven av\" \/>\n\t<meta name=\"twitter:data1\" content=\"Bettina Larsson\" \/>\n\t<meta name=\"twitter:label2\" content=\"Ber\u00e4knad l\u00e4stid\" \/>\n\t<meta name=\"twitter:data2\" content=\"8 minuter\" \/>\n<script type=\"application\/ld+json\" class=\"yoast-schema-graph\">{\"@context\":\"https:\/\/schema.org\",\"@graph\":[{\"@type\":\"WebPage\",\"@id\":\"https:\/\/blogg.atl.nu\/gudhems-gamla-prastgard\/2025\/08\/12\/stenplocket-har-betydelse-och-tjur-sparlost-forsvunnen\/\",\"url\":\"https:\/\/blogg.atl.nu\/gudhems-gamla-prastgard\/2025\/08\/12\/stenplocket-har-betydelse-och-tjur-sparlost-forsvunnen\/\",\"name\":\"Stenplocket har betydelse och tjur sp\u00e5rl\u00f6st f\u00f6rsvunnen! - Gudhems gamla pr\u00e4stg\u00e5rd\",\"isPartOf\":{\"@id\":\"https:\/\/blogg.atl.nu\/gudhems-gamla-prastgard\/#website\"},\"datePublished\":\"2025-08-12T18:56:59+00:00\",\"dateModified\":\"2025-08-12T18:56:59+00:00\",\"author\":{\"@id\":\"https:\/\/blogg.atl.nu\/gudhems-gamla-prastgard\/#\/schema\/person\/e7e2f38dced67d8685891b5c63d6eed3\"},\"breadcrumb\":{\"@id\":\"https:\/\/blogg.atl.nu\/gudhems-gamla-prastgard\/2025\/08\/12\/stenplocket-har-betydelse-och-tjur-sparlost-forsvunnen\/#breadcrumb\"},\"inLanguage\":\"sv-SE\",\"potentialAction\":[{\"@type\":\"ReadAction\",\"target\":[\"https:\/\/blogg.atl.nu\/gudhems-gamla-prastgard\/2025\/08\/12\/stenplocket-har-betydelse-och-tjur-sparlost-forsvunnen\/\"]}]},{\"@type\":\"BreadcrumbList\",\"@id\":\"https:\/\/blogg.atl.nu\/gudhems-gamla-prastgard\/2025\/08\/12\/stenplocket-har-betydelse-och-tjur-sparlost-forsvunnen\/#breadcrumb\",\"itemListElement\":[{\"@type\":\"ListItem\",\"position\":1,\"name\":\"Home\",\"item\":\"https:\/\/blogg.atl.nu\/gudhems-gamla-prastgard\/\"},{\"@type\":\"ListItem\",\"position\":2,\"name\":\"Stenplocket har betydelse och tjur sp\u00e5rl\u00f6st f\u00f6rsvunnen!\"}]},{\"@type\":\"WebSite\",\"@id\":\"https:\/\/blogg.atl.nu\/gudhems-gamla-prastgard\/#website\",\"url\":\"https:\/\/blogg.atl.nu\/gudhems-gamla-prastgard\/\",\"name\":\"Gudhems gamla pr\u00e4stg\u00e5rd\",\"description\":\"Bettina Larsson\",\"potentialAction\":[{\"@type\":\"SearchAction\",\"target\":{\"@type\":\"EntryPoint\",\"urlTemplate\":\"https:\/\/blogg.atl.nu\/gudhems-gamla-prastgard\/?s={search_term_string}\"},\"query-input\":\"required name=search_term_string\"}],\"inLanguage\":\"sv-SE\"},{\"@type\":\"Person\",\"@id\":\"https:\/\/blogg.atl.nu\/gudhems-gamla-prastgard\/#\/schema\/person\/e7e2f38dced67d8685891b5c63d6eed3\",\"name\":\"Bettina Larsson\",\"image\":{\"@type\":\"ImageObject\",\"inLanguage\":\"sv-SE\",\"@id\":\"https:\/\/blogg.atl.nu\/gudhems-gamla-prastgard\/#\/schema\/person\/image\/\",\"url\":\"https:\/\/secure.gravatar.com\/avatar\/6869a306b4facfbd79cb2e14dcda8857?s=96&d=mm&r=g\",\"contentUrl\":\"https:\/\/secure.gravatar.com\/avatar\/6869a306b4facfbd79cb2e14dcda8857?s=96&d=mm&r=g\",\"caption\":\"Bettina Larsson\"},\"url\":\"https:\/\/blogg.atl.nu\/gudhems-gamla-prastgard\/author\/bettina\/\"}]}<\/script>\n<!-- \/ Yoast SEO plugin. -->","yoast_head_json":{"title":"Stenplocket har betydelse och tjur sp\u00e5rl\u00f6st f\u00f6rsvunnen! - Gudhems gamla pr\u00e4stg\u00e5rd","robots":{"index":"index","follow":"follow","max-snippet":"max-snippet:-1","max-image-preview":"max-image-preview:large","max-video-preview":"max-video-preview:-1"},"canonical":"https:\/\/blogg.atl.nu\/gudhems-gamla-prastgard\/2025\/08\/12\/stenplocket-har-betydelse-och-tjur-sparlost-forsvunnen\/","og_locale":"sv_SE","og_type":"article","og_title":"Stenplocket har betydelse och tjur sp\u00e5rl\u00f6st f\u00f6rsvunnen! - Gudhems gamla pr\u00e4stg\u00e5rd","og_description":"Vi forts\u00e4tter p\u00e5 sp\u00e5ret r\u00e5g en sista g\u00e5ng f\u00f6r detta \u00e5r&#8230;\ud83c\udf3e\ud83e\udd56 I \u00e5r har vi haft r\u00e4tt mycket r\u00e5g som lagt sig, mer \u00e4n vad vi haft tidigare \u00e5r. Det \u00e4r lite konstigt sammantr\u00e4ffande \u00e4nd\u00e5, eftersom vi i \u00e5r f\u00f6ljde de nya rekommendationerna att l\u00e4gga mindre kv\u00e4ve. Det har inte vart s\u00e5 mycket h\u00e5rt regn...","og_url":"https:\/\/blogg.atl.nu\/gudhems-gamla-prastgard\/2025\/08\/12\/stenplocket-har-betydelse-och-tjur-sparlost-forsvunnen\/","og_site_name":"Gudhems gamla pr\u00e4stg\u00e5rd","article_published_time":"2025-08-12T18:56:59+00:00","og_image":[{"width":1920,"height":2560,"url":"https:\/\/blogg.atl.nu\/gudhems-gamla-prastgard\/wp-content\/uploads\/sites\/44\/2025\/08\/20250731_120650-scaled.jpg","type":"image\/jpeg"}],"author":"Bettina Larsson","twitter_card":"summary_large_image","twitter_misc":{"Skriven av":"Bettina Larsson","Ber\u00e4knad l\u00e4stid":"8 minuter"},"schema":{"@context":"https:\/\/schema.org","@graph":[{"@type":"WebPage","@id":"https:\/\/blogg.atl.nu\/gudhems-gamla-prastgard\/2025\/08\/12\/stenplocket-har-betydelse-och-tjur-sparlost-forsvunnen\/","url":"https:\/\/blogg.atl.nu\/gudhems-gamla-prastgard\/2025\/08\/12\/stenplocket-har-betydelse-och-tjur-sparlost-forsvunnen\/","name":"Stenplocket har betydelse och tjur sp\u00e5rl\u00f6st f\u00f6rsvunnen! - Gudhems gamla pr\u00e4stg\u00e5rd","isPartOf":{"@id":"https:\/\/blogg.atl.nu\/gudhems-gamla-prastgard\/#website"},"datePublished":"2025-08-12T18:56:59+00:00","dateModified":"2025-08-12T18:56:59+00:00","author":{"@id":"https:\/\/blogg.atl.nu\/gudhems-gamla-prastgard\/#\/schema\/person\/e7e2f38dced67d8685891b5c63d6eed3"},"breadcrumb":{"@id":"https:\/\/blogg.atl.nu\/gudhems-gamla-prastgard\/2025\/08\/12\/stenplocket-har-betydelse-och-tjur-sparlost-forsvunnen\/#breadcrumb"},"inLanguage":"sv-SE","potentialAction":[{"@type":"ReadAction","target":["https:\/\/blogg.atl.nu\/gudhems-gamla-prastgard\/2025\/08\/12\/stenplocket-har-betydelse-och-tjur-sparlost-forsvunnen\/"]}]},{"@type":"BreadcrumbList","@id":"https:\/\/blogg.atl.nu\/gudhems-gamla-prastgard\/2025\/08\/12\/stenplocket-har-betydelse-och-tjur-sparlost-forsvunnen\/#breadcrumb","itemListElement":[{"@type":"ListItem","position":1,"name":"Home","item":"https:\/\/blogg.atl.nu\/gudhems-gamla-prastgard\/"},{"@type":"ListItem","position":2,"name":"Stenplocket har betydelse och tjur sp\u00e5rl\u00f6st f\u00f6rsvunnen!"}]},{"@type":"WebSite","@id":"https:\/\/blogg.atl.nu\/gudhems-gamla-prastgard\/#website","url":"https:\/\/blogg.atl.nu\/gudhems-gamla-prastgard\/","name":"Gudhems gamla pr\u00e4stg\u00e5rd","description":"Bettina Larsson","potentialAction":[{"@type":"SearchAction","target":{"@type":"EntryPoint","urlTemplate":"https:\/\/blogg.atl.nu\/gudhems-gamla-prastgard\/?s={search_term_string}"},"query-input":"required name=search_term_string"}],"inLanguage":"sv-SE"},{"@type":"Person","@id":"https:\/\/blogg.atl.nu\/gudhems-gamla-prastgard\/#\/schema\/person\/e7e2f38dced67d8685891b5c63d6eed3","name":"Bettina Larsson","image":{"@type":"ImageObject","inLanguage":"sv-SE","@id":"https:\/\/blogg.atl.nu\/gudhems-gamla-prastgard\/#\/schema\/person\/image\/","url":"https:\/\/secure.gravatar.com\/avatar\/6869a306b4facfbd79cb2e14dcda8857?s=96&d=mm&r=g","contentUrl":"https:\/\/secure.gravatar.com\/avatar\/6869a306b4facfbd79cb2e14dcda8857?s=96&d=mm&r=g","caption":"Bettina Larsson"},"url":"https:\/\/blogg.atl.nu\/gudhems-gamla-prastgard\/author\/bettina\/"}]}},"_links":{"self":[{"href":"https:\/\/blogg.atl.nu\/gudhems-gamla-prastgard\/wp-json\/wp\/v2\/posts\/4320"}],"collection":[{"href":"https:\/\/blogg.atl.nu\/gudhems-gamla-prastgard\/wp-json\/wp\/v2\/posts"}],"about":[{"href":"https:\/\/blogg.atl.nu\/gudhems-gamla-prastgard\/wp-json\/wp\/v2\/types\/post"}],"author":[{"embeddable":true,"href":"https:\/\/blogg.atl.nu\/gudhems-gamla-prastgard\/wp-json\/wp\/v2\/users\/369"}],"replies":[{"embeddable":true,"href":"https:\/\/blogg.atl.nu\/gudhems-gamla-prastgard\/wp-json\/wp\/v2\/comments?post=4320"}],"version-history":[{"count":3,"href":"https:\/\/blogg.atl.nu\/gudhems-gamla-prastgard\/wp-json\/wp\/v2\/posts\/4320\/revisions"}],"predecessor-version":[{"id":4353,"href":"https:\/\/blogg.atl.nu\/gudhems-gamla-prastgard\/wp-json\/wp\/v2\/posts\/4320\/revisions\/4353"}],"wp:featuredmedia":[{"embeddable":true,"href":"https:\/\/blogg.atl.nu\/gudhems-gamla-prastgard\/wp-json\/wp\/v2\/media\/4321"}],"wp:attachment":[{"href":"https:\/\/blogg.atl.nu\/gudhems-gamla-prastgard\/wp-json\/wp\/v2\/media?parent=4320"}],"wp:term":[{"taxonomy":"category","embeddable":true,"href":"https:\/\/blogg.atl.nu\/gudhems-gamla-prastgard\/wp-json\/wp\/v2\/categories?post=4320"},{"taxonomy":"post_tag","embeddable":true,"href":"https:\/\/blogg.atl.nu\/gudhems-gamla-prastgard\/wp-json\/wp\/v2\/tags?post=4320"}],"curies":[{"name":"wp","href":"https:\/\/api.w.org\/{rel}","templated":true}]}}