{"id":4523,"date":"2025-08-26T20:07:54","date_gmt":"2025-08-26T18:07:54","guid":{"rendered":"https:\/\/blogg.atl.nu\/gudhems-gamla-prastgard\/?p=4523"},"modified":"2025-08-26T21:03:40","modified_gmt":"2025-08-26T19:03:40","slug":"hur-gar-det-med-nya-ladugardsplanerna%f0%9f%a4%94","status":"publish","type":"post","link":"https:\/\/blogg.atl.nu\/gudhems-gamla-prastgard\/2025\/08\/26\/hur-gar-det-med-nya-ladugardsplanerna%f0%9f%a4%94\/","title":{"rendered":"Hur g\u00e5r det med nya ladug\u00e5rdsplanerna?\ud83e\udd14  \u00a0"},"content":{"rendered":"<p><strong>Vi v\u00e4ntar fortfarande p\u00e5 investeringsst\u00f6d p\u00e5 bygget. Det skulle vi f\u00e5 svar p\u00e5 efter semesterveckorna nu. S\u00e5 nu \u00e4r det v\u00e4l s\u00e5 dags. Vi har dock bokat snickare till januari ifall vi kan dra ig\u00e5ng och bygga en ny ladug\u00e5rd f\u00f6r 200 tjurar d\u00e5.\ud83d\udc02<\/strong><\/p>\n<p><img loading=\"lazy\" class=\"alignnone size-medium wp-image-4531\" src=\"https:\/\/blogg.atl.nu\/gudhems-gamla-prastgard\/wp-content\/uploads\/sites\/44\/2025\/08\/IMG_5766-600x400.jpg\" alt=\"\" width=\"600\" height=\"400\" srcset=\"https:\/\/blogg.atl.nu\/gudhems-gamla-prastgard\/wp-content\/uploads\/sites\/44\/2025\/08\/IMG_5766-600x400.jpg 600w, https:\/\/blogg.atl.nu\/gudhems-gamla-prastgard\/wp-content\/uploads\/sites\/44\/2025\/08\/IMG_5766-1024x683.jpg 1024w, https:\/\/blogg.atl.nu\/gudhems-gamla-prastgard\/wp-content\/uploads\/sites\/44\/2025\/08\/IMG_5766-768x512.jpg 768w, https:\/\/blogg.atl.nu\/gudhems-gamla-prastgard\/wp-content\/uploads\/sites\/44\/2025\/08\/IMG_5766-1536x1024.jpg 1536w, https:\/\/blogg.atl.nu\/gudhems-gamla-prastgard\/wp-content\/uploads\/sites\/44\/2025\/08\/IMG_5766-2048x1365.jpg 2048w\" sizes=\"(max-width: 600px) 100vw, 600px\" \/><em>Majli<\/em><\/p>\n<p>Det \u00e4r lite sv\u00e5rt med just planeringen av hur mycket vall vi ska ha. S\u00e5 nu i \u00e5r s\u00e5r vi ungef\u00e4r 16 hektar mer vall. S\u00e5 totalt 26 hektar vall blir det till n\u00e4sta \u00e5r.<\/p>\n<p><img loading=\"lazy\" class=\"alignnone size-medium wp-image-4528\" src=\"https:\/\/blogg.atl.nu\/gudhems-gamla-prastgard\/wp-content\/uploads\/sites\/44\/2025\/08\/IMG_4235-600x400.jpg\" alt=\"\" width=\"600\" height=\"400\" srcset=\"https:\/\/blogg.atl.nu\/gudhems-gamla-prastgard\/wp-content\/uploads\/sites\/44\/2025\/08\/IMG_4235-600x400.jpg 600w, https:\/\/blogg.atl.nu\/gudhems-gamla-prastgard\/wp-content\/uploads\/sites\/44\/2025\/08\/IMG_4235-1024x683.jpg 1024w, https:\/\/blogg.atl.nu\/gudhems-gamla-prastgard\/wp-content\/uploads\/sites\/44\/2025\/08\/IMG_4235-768x512.jpg 768w, https:\/\/blogg.atl.nu\/gudhems-gamla-prastgard\/wp-content\/uploads\/sites\/44\/2025\/08\/IMG_4235-1536x1024.jpg 1536w, https:\/\/blogg.atl.nu\/gudhems-gamla-prastgard\/wp-content\/uploads\/sites\/44\/2025\/08\/IMG_4235-2048x1365.jpg 2048w\" sizes=\"(max-width: 600px) 100vw, 600px\" \/><\/p>\n<p>Men det \u00e4r f\u00f6r lite f\u00f6r 200 tjurar. Men samtidigt v\u00e5gar vi inte chansa att st\u00e5 med f\u00f6r mycket vall n\u00e4sta \u00e5r om vi inte skulle f\u00e5 investeringsst\u00f6det denna omg\u00e5ngen. S\u00e5 vi f\u00f6rs\u00f6ker hitta n\u00e5gon slags balansg\u00e5ng p\u00e5 spannm\u00e5l och vall just nu och lever i lite ovisshet.\ud83d\ude05<\/p>\n<p><img loading=\"lazy\" class=\"alignnone size-medium wp-image-4526\" src=\"https:\/\/blogg.atl.nu\/gudhems-gamla-prastgard\/wp-content\/uploads\/sites\/44\/2025\/08\/Screenshot_20250826_192527_Instagram-511x600.jpg\" alt=\"\" width=\"511\" height=\"600\" srcset=\"https:\/\/blogg.atl.nu\/gudhems-gamla-prastgard\/wp-content\/uploads\/sites\/44\/2025\/08\/Screenshot_20250826_192527_Instagram-511x600.jpg 511w, https:\/\/blogg.atl.nu\/gudhems-gamla-prastgard\/wp-content\/uploads\/sites\/44\/2025\/08\/Screenshot_20250826_192527_Instagram-872x1024.jpg 872w, https:\/\/blogg.atl.nu\/gudhems-gamla-prastgard\/wp-content\/uploads\/sites\/44\/2025\/08\/Screenshot_20250826_192527_Instagram-768x902.jpg 768w, https:\/\/blogg.atl.nu\/gudhems-gamla-prastgard\/wp-content\/uploads\/sites\/44\/2025\/08\/Screenshot_20250826_192527_Instagram.jpg 1079w\" sizes=\"(max-width: 511px) 100vw, 511px\" \/><\/p>\n<p>Men vi har lite olika A,B och C planer!<\/p>\n<p><img loading=\"lazy\" class=\"alignnone size-medium wp-image-4525\" src=\"https:\/\/blogg.atl.nu\/gudhems-gamla-prastgard\/wp-content\/uploads\/sites\/44\/2025\/08\/Screenshot_20250826_192538_Instagram-600x426.jpg\" alt=\"\" width=\"600\" height=\"426\" srcset=\"https:\/\/blogg.atl.nu\/gudhems-gamla-prastgard\/wp-content\/uploads\/sites\/44\/2025\/08\/Screenshot_20250826_192538_Instagram-600x426.jpg 600w, https:\/\/blogg.atl.nu\/gudhems-gamla-prastgard\/wp-content\/uploads\/sites\/44\/2025\/08\/Screenshot_20250826_192538_Instagram-1024x726.jpg 1024w, https:\/\/blogg.atl.nu\/gudhems-gamla-prastgard\/wp-content\/uploads\/sites\/44\/2025\/08\/Screenshot_20250826_192538_Instagram-768x545.jpg 768w, https:\/\/blogg.atl.nu\/gudhems-gamla-prastgard\/wp-content\/uploads\/sites\/44\/2025\/08\/Screenshot_20250826_192538_Instagram.jpg 1080w\" sizes=\"(max-width: 600px) 100vw, 600px\" \/><\/p>\n<p>Vi har \u00e4ven bokat en ny person som ska g\u00f6ra ritning till oss d\u00e5 vi hunnit \u00e4ndra oss en del hur ladug\u00e5rdens design ska se ut. Men nu har vi landat i hur vi vill att den ska se ut.<\/p>\n<div style=\"width: 3840px;\" class=\"wp-video\"><!--[if lt IE 9]><script>document.createElement('video');<\/script><![endif]-->\n<video class=\"wp-video-shortcode\" id=\"video-4523-1\" width=\"3840\" height=\"2160\" preload=\"metadata\" controls=\"controls\"><source type=\"video\/mp4\" src=\"https:\/\/blogg.atl.nu\/gudhems-gamla-prastgard\/wp-content\/uploads\/sites\/44\/2025\/08\/20250816_115628.mp4?_=1\" \/><a href=\"https:\/\/blogg.atl.nu\/gudhems-gamla-prastgard\/wp-content\/uploads\/sites\/44\/2025\/08\/20250816_115628.mp4\">https:\/\/blogg.atl.nu\/gudhems-gamla-prastgard\/wp-content\/uploads\/sites\/44\/2025\/08\/20250816_115628.mp4<\/a><\/video><\/div>\n<p><em>Astra<\/em><\/p>\n<p>Men det f\u00e5r du f\u00f6lja med p\u00e5 mer fram\u00f6ver sen!\ud83d\udc4d\ud83d\ude03<\/p>\n<p>Ig\u00e5r s\u00e5dde John vall! S\u00e5 nu kan vi bocka av det. G\u00f6tt!<\/p>\n<p><img loading=\"lazy\" class=\"alignnone size-medium wp-image-4538\" src=\"https:\/\/blogg.atl.nu\/gudhems-gamla-prastgard\/wp-content\/uploads\/sites\/44\/2025\/08\/20250825_075629-450x600.jpg\" alt=\"\" width=\"450\" height=\"600\" srcset=\"https:\/\/blogg.atl.nu\/gudhems-gamla-prastgard\/wp-content\/uploads\/sites\/44\/2025\/08\/20250825_075629-450x600.jpg 450w, https:\/\/blogg.atl.nu\/gudhems-gamla-prastgard\/wp-content\/uploads\/sites\/44\/2025\/08\/20250825_075629-768x1024.jpg 768w, https:\/\/blogg.atl.nu\/gudhems-gamla-prastgard\/wp-content\/uploads\/sites\/44\/2025\/08\/20250825_075629-1152x1536.jpg 1152w, https:\/\/blogg.atl.nu\/gudhems-gamla-prastgard\/wp-content\/uploads\/sites\/44\/2025\/08\/20250825_075629-1536x2048.jpg 1536w, https:\/\/blogg.atl.nu\/gudhems-gamla-prastgard\/wp-content\/uploads\/sites\/44\/2025\/08\/20250825_075629-scaled.jpg 1920w\" sizes=\"(max-width: 450px) 100vw, 450px\" \/><\/p>\n<p><img loading=\"lazy\" class=\"alignnone size-medium wp-image-4537\" src=\"https:\/\/blogg.atl.nu\/gudhems-gamla-prastgard\/wp-content\/uploads\/sites\/44\/2025\/08\/20250825_140954-600x450.jpg\" alt=\"\" width=\"600\" height=\"450\" srcset=\"https:\/\/blogg.atl.nu\/gudhems-gamla-prastgard\/wp-content\/uploads\/sites\/44\/2025\/08\/20250825_140954-600x450.jpg 600w, https:\/\/blogg.atl.nu\/gudhems-gamla-prastgard\/wp-content\/uploads\/sites\/44\/2025\/08\/20250825_140954-1024x768.jpg 1024w, https:\/\/blogg.atl.nu\/gudhems-gamla-prastgard\/wp-content\/uploads\/sites\/44\/2025\/08\/20250825_140954-768x576.jpg 768w, https:\/\/blogg.atl.nu\/gudhems-gamla-prastgard\/wp-content\/uploads\/sites\/44\/2025\/08\/20250825_140954-1536x1152.jpg 1536w, https:\/\/blogg.atl.nu\/gudhems-gamla-prastgard\/wp-content\/uploads\/sites\/44\/2025\/08\/20250825_140954-2048x1536.jpg 2048w\" sizes=\"(max-width: 600px) 100vw, 600px\" \/><\/p>\n<div style=\"width: 1080px;\" class=\"wp-video\"><video class=\"wp-video-shortcode\" id=\"video-4523-2\" width=\"1080\" height=\"1920\" preload=\"metadata\" controls=\"controls\"><source type=\"video\/mp4\" src=\"https:\/\/blogg.atl.nu\/gudhems-gamla-prastgard\/wp-content\/uploads\/sites\/44\/2025\/08\/lv_0_20250825113614_1.mp4?_=2\" \/><a href=\"https:\/\/blogg.atl.nu\/gudhems-gamla-prastgard\/wp-content\/uploads\/sites\/44\/2025\/08\/lv_0_20250825113614_1.mp4\">https:\/\/blogg.atl.nu\/gudhems-gamla-prastgard\/wp-content\/uploads\/sites\/44\/2025\/08\/lv_0_20250825113614_1.mp4<\/a><\/video><\/div>\n<p>Jag virrar runt p\u00e5 g\u00e5rden i vanlig ordning. Fixar i torken, ladug\u00e5rden, kossorna, st\u00e4dar ur ett lager osv!<\/p>\n<p><img loading=\"lazy\" class=\"alignnone size-medium wp-image-4535\" src=\"https:\/\/blogg.atl.nu\/gudhems-gamla-prastgard\/wp-content\/uploads\/sites\/44\/2025\/08\/Screenshot_20250826_195022_Gallery-355x600.jpg\" alt=\"\" width=\"355\" height=\"600\" srcset=\"https:\/\/blogg.atl.nu\/gudhems-gamla-prastgard\/wp-content\/uploads\/sites\/44\/2025\/08\/Screenshot_20250826_195022_Gallery-355x600.jpg 355w, https:\/\/blogg.atl.nu\/gudhems-gamla-prastgard\/wp-content\/uploads\/sites\/44\/2025\/08\/Screenshot_20250826_195022_Gallery-606x1024.jpg 606w, https:\/\/blogg.atl.nu\/gudhems-gamla-prastgard\/wp-content\/uploads\/sites\/44\/2025\/08\/Screenshot_20250826_195022_Gallery-768x1298.jpg 768w, https:\/\/blogg.atl.nu\/gudhems-gamla-prastgard\/wp-content\/uploads\/sites\/44\/2025\/08\/Screenshot_20250826_195022_Gallery-909x1536.jpg 909w, https:\/\/blogg.atl.nu\/gudhems-gamla-prastgard\/wp-content\/uploads\/sites\/44\/2025\/08\/Screenshot_20250826_195022_Gallery.jpg 1079w\" sizes=\"(max-width: 355px) 100vw, 355px\" \/><\/p>\n<p>Sen b\u00f6rjade jag \u00e4ven t\u00e4cka halmen med duken vi hade hemma!<\/p>\n<p><img loading=\"lazy\" class=\"alignnone size-medium wp-image-4536\" src=\"https:\/\/blogg.atl.nu\/gudhems-gamla-prastgard\/wp-content\/uploads\/sites\/44\/2025\/08\/20250825_124129-600x450.jpg\" alt=\"\" width=\"600\" height=\"450\" srcset=\"https:\/\/blogg.atl.nu\/gudhems-gamla-prastgard\/wp-content\/uploads\/sites\/44\/2025\/08\/20250825_124129-600x450.jpg 600w, https:\/\/blogg.atl.nu\/gudhems-gamla-prastgard\/wp-content\/uploads\/sites\/44\/2025\/08\/20250825_124129-1024x768.jpg 1024w, https:\/\/blogg.atl.nu\/gudhems-gamla-prastgard\/wp-content\/uploads\/sites\/44\/2025\/08\/20250825_124129-768x576.jpg 768w, https:\/\/blogg.atl.nu\/gudhems-gamla-prastgard\/wp-content\/uploads\/sites\/44\/2025\/08\/20250825_124129-1536x1152.jpg 1536w, https:\/\/blogg.atl.nu\/gudhems-gamla-prastgard\/wp-content\/uploads\/sites\/44\/2025\/08\/20250825_124129-2048x1536.jpg 2048w\" sizes=\"(max-width: 600px) 100vw, 600px\" \/><\/p>\n<p><img loading=\"lazy\" class=\"alignnone size-medium wp-image-4534\" src=\"https:\/\/blogg.atl.nu\/gudhems-gamla-prastgard\/wp-content\/uploads\/sites\/44\/2025\/08\/Screenshot_20250826_195049_Gallery-350x600.jpg\" alt=\"\" width=\"350\" height=\"600\" srcset=\"https:\/\/blogg.atl.nu\/gudhems-gamla-prastgard\/wp-content\/uploads\/sites\/44\/2025\/08\/Screenshot_20250826_195049_Gallery-350x600.jpg 350w, https:\/\/blogg.atl.nu\/gudhems-gamla-prastgard\/wp-content\/uploads\/sites\/44\/2025\/08\/Screenshot_20250826_195049_Gallery-598x1024.jpg 598w, https:\/\/blogg.atl.nu\/gudhems-gamla-prastgard\/wp-content\/uploads\/sites\/44\/2025\/08\/Screenshot_20250826_195049_Gallery-768x1316.jpg 768w, https:\/\/blogg.atl.nu\/gudhems-gamla-prastgard\/wp-content\/uploads\/sites\/44\/2025\/08\/Screenshot_20250826_195049_Gallery-896x1536.jpg 896w, https:\/\/blogg.atl.nu\/gudhems-gamla-prastgard\/wp-content\/uploads\/sites\/44\/2025\/08\/Screenshot_20250826_195049_Gallery.jpg 1079w\" sizes=\"(max-width: 350px) 100vw, 350px\" \/><\/p>\n<p><img loading=\"lazy\" class=\"alignnone size-medium wp-image-4532\" src=\"https:\/\/blogg.atl.nu\/gudhems-gamla-prastgard\/wp-content\/uploads\/sites\/44\/2025\/08\/Screenshot_20250826_195125_Gallery-352x600.jpg\" alt=\"\" width=\"352\" height=\"600\" srcset=\"https:\/\/blogg.atl.nu\/gudhems-gamla-prastgard\/wp-content\/uploads\/sites\/44\/2025\/08\/Screenshot_20250826_195125_Gallery-352x600.jpg 352w, https:\/\/blogg.atl.nu\/gudhems-gamla-prastgard\/wp-content\/uploads\/sites\/44\/2025\/08\/Screenshot_20250826_195125_Gallery-600x1024.jpg 600w, https:\/\/blogg.atl.nu\/gudhems-gamla-prastgard\/wp-content\/uploads\/sites\/44\/2025\/08\/Screenshot_20250826_195125_Gallery-768x1310.jpg 768w, https:\/\/blogg.atl.nu\/gudhems-gamla-prastgard\/wp-content\/uploads\/sites\/44\/2025\/08\/Screenshot_20250826_195125_Gallery-900x1536.jpg 900w, https:\/\/blogg.atl.nu\/gudhems-gamla-prastgard\/wp-content\/uploads\/sites\/44\/2025\/08\/Screenshot_20250826_195125_Gallery.jpg 1079w\" sizes=\"(max-width: 352px) 100vw, 352px\" \/><\/p>\n<p><img loading=\"lazy\" class=\"alignnone size-medium wp-image-4533\" src=\"https:\/\/blogg.atl.nu\/gudhems-gamla-prastgard\/wp-content\/uploads\/sites\/44\/2025\/08\/Screenshot_20250826_195107_Gallery-344x600.jpg\" alt=\"\" width=\"344\" height=\"600\" srcset=\"https:\/\/blogg.atl.nu\/gudhems-gamla-prastgard\/wp-content\/uploads\/sites\/44\/2025\/08\/Screenshot_20250826_195107_Gallery-344x600.jpg 344w, https:\/\/blogg.atl.nu\/gudhems-gamla-prastgard\/wp-content\/uploads\/sites\/44\/2025\/08\/Screenshot_20250826_195107_Gallery-587x1024.jpg 587w, https:\/\/blogg.atl.nu\/gudhems-gamla-prastgard\/wp-content\/uploads\/sites\/44\/2025\/08\/Screenshot_20250826_195107_Gallery-768x1340.jpg 768w, https:\/\/blogg.atl.nu\/gudhems-gamla-prastgard\/wp-content\/uploads\/sites\/44\/2025\/08\/Screenshot_20250826_195107_Gallery-881x1536.jpg 881w, https:\/\/blogg.atl.nu\/gudhems-gamla-prastgard\/wp-content\/uploads\/sites\/44\/2025\/08\/Screenshot_20250826_195107_Gallery.jpg 1079w\" sizes=\"(max-width: 344px) 100vw, 344px\" \/><\/p>\n<p>Sen \u00e5kte jag k\u00f6pte en st\u00f6rre duk till resten av halmen.<\/p>\n<p><img loading=\"lazy\" class=\"alignnone size-medium wp-image-4539\" src=\"https:\/\/blogg.atl.nu\/gudhems-gamla-prastgard\/wp-content\/uploads\/sites\/44\/2025\/08\/20250825_152307-450x600.jpg\" alt=\"\" width=\"450\" height=\"600\" srcset=\"https:\/\/blogg.atl.nu\/gudhems-gamla-prastgard\/wp-content\/uploads\/sites\/44\/2025\/08\/20250825_152307-450x600.jpg 450w, https:\/\/blogg.atl.nu\/gudhems-gamla-prastgard\/wp-content\/uploads\/sites\/44\/2025\/08\/20250825_152307-768x1024.jpg 768w, https:\/\/blogg.atl.nu\/gudhems-gamla-prastgard\/wp-content\/uploads\/sites\/44\/2025\/08\/20250825_152307-1152x1536.jpg 1152w, https:\/\/blogg.atl.nu\/gudhems-gamla-prastgard\/wp-content\/uploads\/sites\/44\/2025\/08\/20250825_152307-1536x2048.jpg 1536w, https:\/\/blogg.atl.nu\/gudhems-gamla-prastgard\/wp-content\/uploads\/sites\/44\/2025\/08\/20250825_152307-scaled.jpg 1920w\" sizes=\"(max-width: 450px) 100vw, 450px\" \/><\/p>\n<p>Nu ska den upp p\u00e5 toppen!<\/p>\n<p><img loading=\"lazy\" class=\"alignnone size-medium wp-image-4540\" src=\"https:\/\/blogg.atl.nu\/gudhems-gamla-prastgard\/wp-content\/uploads\/sites\/44\/2025\/08\/20250825_152604-450x600.jpg\" alt=\"\" width=\"450\" height=\"600\" srcset=\"https:\/\/blogg.atl.nu\/gudhems-gamla-prastgard\/wp-content\/uploads\/sites\/44\/2025\/08\/20250825_152604-450x600.jpg 450w, https:\/\/blogg.atl.nu\/gudhems-gamla-prastgard\/wp-content\/uploads\/sites\/44\/2025\/08\/20250825_152604-768x1024.jpg 768w, https:\/\/blogg.atl.nu\/gudhems-gamla-prastgard\/wp-content\/uploads\/sites\/44\/2025\/08\/20250825_152604-1152x1536.jpg 1152w, https:\/\/blogg.atl.nu\/gudhems-gamla-prastgard\/wp-content\/uploads\/sites\/44\/2025\/08\/20250825_152604-1536x2048.jpg 1536w, https:\/\/blogg.atl.nu\/gudhems-gamla-prastgard\/wp-content\/uploads\/sites\/44\/2025\/08\/20250825_152604-scaled.jpg 1920w\" sizes=\"(max-width: 450px) 100vw, 450px\" \/><\/p>\n<p>Men att lyckas v\u00e4ckla ut den sj\u00e4lv ins\u00e5g jag var r\u00e4tt om\u00f6jligt. Stor, tung och bl\u00e5st&#8230;<\/p>\n<p>S\u00e5 idag fick John hj\u00e4lpa till efter han vart iv\u00e4g och putsat d\u00e4r vi hade liggs\u00e4d p\u00e5 r\u00e5gen.<\/p>\n<p><img loading=\"lazy\" class=\"alignnone size-medium wp-image-4542\" src=\"https:\/\/blogg.atl.nu\/gudhems-gamla-prastgard\/wp-content\/uploads\/sites\/44\/2025\/08\/20250826_115023-450x600.jpg\" alt=\"\" width=\"450\" height=\"600\" srcset=\"https:\/\/blogg.atl.nu\/gudhems-gamla-prastgard\/wp-content\/uploads\/sites\/44\/2025\/08\/20250826_115023-450x600.jpg 450w, https:\/\/blogg.atl.nu\/gudhems-gamla-prastgard\/wp-content\/uploads\/sites\/44\/2025\/08\/20250826_115023-768x1024.jpg 768w, https:\/\/blogg.atl.nu\/gudhems-gamla-prastgard\/wp-content\/uploads\/sites\/44\/2025\/08\/20250826_115023-1152x1536.jpg 1152w, https:\/\/blogg.atl.nu\/gudhems-gamla-prastgard\/wp-content\/uploads\/sites\/44\/2025\/08\/20250826_115023-1536x2048.jpg 1536w, https:\/\/blogg.atl.nu\/gudhems-gamla-prastgard\/wp-content\/uploads\/sites\/44\/2025\/08\/20250826_115023-scaled.jpg 1920w\" sizes=\"(max-width: 450px) 100vw, 450px\" \/><\/p>\n<p>Bra tr\u00e4ning att hoppa upp p\u00e5 alla halmbalar.\ud83d\ude06<\/p>\n<p>ldag \u00e4r det finpill i ladug\u00e5rden. Jag<br \/>\nmockade ut extra noga emellan grindarna.<br \/>\nF\u00f6r imorgon ska n\u00e5gra tjurar \u00e5ka. D\u00e5 ska<br \/>\nvi testa lasta p\u00e5 ett annat vis, d\u00e4r vi<br \/>\nslipper att uts\u00e4tta oss att bli kl\u00e4mda<br \/>\nmellan grindar och tjurar!<\/p>\n<p><img loading=\"lazy\" class=\"alignnone size-medium wp-image-4551\" src=\"https:\/\/blogg.atl.nu\/gudhems-gamla-prastgard\/wp-content\/uploads\/sites\/44\/2025\/08\/Screenshot_20250826_200010_Gallery-342x600.jpg\" alt=\"\" width=\"342\" height=\"600\" srcset=\"https:\/\/blogg.atl.nu\/gudhems-gamla-prastgard\/wp-content\/uploads\/sites\/44\/2025\/08\/Screenshot_20250826_200010_Gallery-342x600.jpg 342w, https:\/\/blogg.atl.nu\/gudhems-gamla-prastgard\/wp-content\/uploads\/sites\/44\/2025\/08\/Screenshot_20250826_200010_Gallery-584x1024.jpg 584w, https:\/\/blogg.atl.nu\/gudhems-gamla-prastgard\/wp-content\/uploads\/sites\/44\/2025\/08\/Screenshot_20250826_200010_Gallery-768x1347.jpg 768w, https:\/\/blogg.atl.nu\/gudhems-gamla-prastgard\/wp-content\/uploads\/sites\/44\/2025\/08\/Screenshot_20250826_200010_Gallery-876x1536.jpg 876w, https:\/\/blogg.atl.nu\/gudhems-gamla-prastgard\/wp-content\/uploads\/sites\/44\/2025\/08\/Screenshot_20250826_200010_Gallery.jpg 1080w\" sizes=\"(max-width: 342px) 100vw, 342px\" \/><\/p>\n<p>Vi s\u00e4tter upp grindar!<\/p>\n<p><img loading=\"lazy\" class=\"alignnone size-medium wp-image-4548\" src=\"https:\/\/blogg.atl.nu\/gudhems-gamla-prastgard\/wp-content\/uploads\/sites\/44\/2025\/08\/20250826_141000-600x450.jpg\" alt=\"\" width=\"600\" height=\"450\" srcset=\"https:\/\/blogg.atl.nu\/gudhems-gamla-prastgard\/wp-content\/uploads\/sites\/44\/2025\/08\/20250826_141000-600x450.jpg 600w, https:\/\/blogg.atl.nu\/gudhems-gamla-prastgard\/wp-content\/uploads\/sites\/44\/2025\/08\/20250826_141000-1024x768.jpg 1024w, https:\/\/blogg.atl.nu\/gudhems-gamla-prastgard\/wp-content\/uploads\/sites\/44\/2025\/08\/20250826_141000-768x576.jpg 768w, https:\/\/blogg.atl.nu\/gudhems-gamla-prastgard\/wp-content\/uploads\/sites\/44\/2025\/08\/20250826_141000-1536x1152.jpg 1536w, https:\/\/blogg.atl.nu\/gudhems-gamla-prastgard\/wp-content\/uploads\/sites\/44\/2025\/08\/20250826_141000-2048x1536.jpg 2048w\" sizes=\"(max-width: 600px) 100vw, 600px\" \/><\/p>\n<p>Sen stod John redo f\u00f6r att \u00e5ka iv\u00e4g och k\u00f6ra tallrik och jag skulle b\u00f6rja l\u00e4gga in ett lass med vete i torken. Men d\u00e5 ringde det&#8230;<\/p>\n<p><img loading=\"lazy\" class=\"alignnone size-medium wp-image-4547\" src=\"https:\/\/blogg.atl.nu\/gudhems-gamla-prastgard\/wp-content\/uploads\/sites\/44\/2025\/08\/20250826_141836-450x600.jpg\" alt=\"\" width=\"450\" height=\"600\" srcset=\"https:\/\/blogg.atl.nu\/gudhems-gamla-prastgard\/wp-content\/uploads\/sites\/44\/2025\/08\/20250826_141836-450x600.jpg 450w, https:\/\/blogg.atl.nu\/gudhems-gamla-prastgard\/wp-content\/uploads\/sites\/44\/2025\/08\/20250826_141836-768x1024.jpg 768w, https:\/\/blogg.atl.nu\/gudhems-gamla-prastgard\/wp-content\/uploads\/sites\/44\/2025\/08\/20250826_141836-1152x1536.jpg 1152w, https:\/\/blogg.atl.nu\/gudhems-gamla-prastgard\/wp-content\/uploads\/sites\/44\/2025\/08\/20250826_141836-1536x2048.jpg 1536w, https:\/\/blogg.atl.nu\/gudhems-gamla-prastgard\/wp-content\/uploads\/sites\/44\/2025\/08\/20250826_141836-scaled.jpg 1920w\" sizes=\"(max-width: 450px) 100vw, 450px\" \/><\/p>\n<p>V\u00e5rt n\u00e4sta projekt!<\/p>\n<p>Snickarna ringde! Dom kommer visst imorgon. S\u00e5 jag plockar i ordning dunkar och s\u00e4ckar. John river foderfickan! I ladan h\u00e4r st\u00e4dade jag ur i vintras och nu \u00e4ntligen blir det starten p\u00e5 ett nytt planlager! F\u00f6rst ska det \u00f6ppnas upp i stenv\u00e4ggen!<\/p>\n<p><img loading=\"lazy\" class=\"alignnone size-medium wp-image-4546\" src=\"https:\/\/blogg.atl.nu\/gudhems-gamla-prastgard\/wp-content\/uploads\/sites\/44\/2025\/08\/20250826_142034-450x600.jpg\" alt=\"\" width=\"450\" height=\"600\" srcset=\"https:\/\/blogg.atl.nu\/gudhems-gamla-prastgard\/wp-content\/uploads\/sites\/44\/2025\/08\/20250826_142034-450x600.jpg 450w, https:\/\/blogg.atl.nu\/gudhems-gamla-prastgard\/wp-content\/uploads\/sites\/44\/2025\/08\/20250826_142034-768x1024.jpg 768w, https:\/\/blogg.atl.nu\/gudhems-gamla-prastgard\/wp-content\/uploads\/sites\/44\/2025\/08\/20250826_142034-1152x1536.jpg 1152w, https:\/\/blogg.atl.nu\/gudhems-gamla-prastgard\/wp-content\/uploads\/sites\/44\/2025\/08\/20250826_142034-1536x2048.jpg 1536w, https:\/\/blogg.atl.nu\/gudhems-gamla-prastgard\/wp-content\/uploads\/sites\/44\/2025\/08\/20250826_142034-scaled.jpg 1920w\" sizes=\"(max-width: 450px) 100vw, 450px\" \/><\/p>\n<p><img loading=\"lazy\" class=\"alignnone size-medium wp-image-4552\" src=\"https:\/\/blogg.atl.nu\/gudhems-gamla-prastgard\/wp-content\/uploads\/sites\/44\/2025\/08\/Screenshot_20250826_195824_Gallery-1-357x600.jpg\" alt=\"\" width=\"357\" height=\"600\" srcset=\"https:\/\/blogg.atl.nu\/gudhems-gamla-prastgard\/wp-content\/uploads\/sites\/44\/2025\/08\/Screenshot_20250826_195824_Gallery-1-357x600.jpg 357w, https:\/\/blogg.atl.nu\/gudhems-gamla-prastgard\/wp-content\/uploads\/sites\/44\/2025\/08\/Screenshot_20250826_195824_Gallery-1-610x1024.jpg 610w, https:\/\/blogg.atl.nu\/gudhems-gamla-prastgard\/wp-content\/uploads\/sites\/44\/2025\/08\/Screenshot_20250826_195824_Gallery-1-768x1289.jpg 768w, https:\/\/blogg.atl.nu\/gudhems-gamla-prastgard\/wp-content\/uploads\/sites\/44\/2025\/08\/Screenshot_20250826_195824_Gallery-1-915x1536.jpg 915w, https:\/\/blogg.atl.nu\/gudhems-gamla-prastgard\/wp-content\/uploads\/sites\/44\/2025\/08\/Screenshot_20250826_195824_Gallery-1.jpg 1080w\" sizes=\"(max-width: 357px) 100vw, 357px\" \/><\/p>\n<p>Detta gjorde vi snabbt! Sen kunde vi \u00e5terg\u00e5 till v\u00e5ran plan!<\/p>\n<p><img loading=\"lazy\" class=\"alignnone size-medium wp-image-4550\" src=\"https:\/\/blogg.atl.nu\/gudhems-gamla-prastgard\/wp-content\/uploads\/sites\/44\/2025\/08\/20250826_153655-450x600.jpg\" alt=\"\" width=\"450\" height=\"600\" srcset=\"https:\/\/blogg.atl.nu\/gudhems-gamla-prastgard\/wp-content\/uploads\/sites\/44\/2025\/08\/20250826_153655-450x600.jpg 450w, https:\/\/blogg.atl.nu\/gudhems-gamla-prastgard\/wp-content\/uploads\/sites\/44\/2025\/08\/20250826_153655-768x1024.jpg 768w, https:\/\/blogg.atl.nu\/gudhems-gamla-prastgard\/wp-content\/uploads\/sites\/44\/2025\/08\/20250826_153655-1152x1536.jpg 1152w, https:\/\/blogg.atl.nu\/gudhems-gamla-prastgard\/wp-content\/uploads\/sites\/44\/2025\/08\/20250826_153655-1536x2048.jpg 1536w, https:\/\/blogg.atl.nu\/gudhems-gamla-prastgard\/wp-content\/uploads\/sites\/44\/2025\/08\/20250826_153655-scaled.jpg 1920w\" sizes=\"(max-width: 450px) 100vw, 450px\" \/><\/p>\n<p>N\u00e4r jag var klar h\u00e4mtade jag barnen och vi fick en liten ledig eftermiddag. D\u00e5 passade jag p\u00e5 att greja lite bakom magasinet! F\u00f6r allt som r\u00f6r magasinet kan man ju s\u00e4ga \u00e4r fritid.\ud83d\ude02<\/p>\n<p><img loading=\"lazy\" class=\"alignnone size-medium wp-image-4544\" src=\"https:\/\/blogg.atl.nu\/gudhems-gamla-prastgard\/wp-content\/uploads\/sites\/44\/2025\/08\/20250826_165246-450x600.jpg\" alt=\"\" width=\"450\" height=\"600\" srcset=\"https:\/\/blogg.atl.nu\/gudhems-gamla-prastgard\/wp-content\/uploads\/sites\/44\/2025\/08\/20250826_165246-450x600.jpg 450w, https:\/\/blogg.atl.nu\/gudhems-gamla-prastgard\/wp-content\/uploads\/sites\/44\/2025\/08\/20250826_165246-768x1024.jpg 768w, https:\/\/blogg.atl.nu\/gudhems-gamla-prastgard\/wp-content\/uploads\/sites\/44\/2025\/08\/20250826_165246-1152x1536.jpg 1152w, https:\/\/blogg.atl.nu\/gudhems-gamla-prastgard\/wp-content\/uploads\/sites\/44\/2025\/08\/20250826_165246-1536x2048.jpg 1536w, https:\/\/blogg.atl.nu\/gudhems-gamla-prastgard\/wp-content\/uploads\/sites\/44\/2025\/08\/20250826_165246-scaled.jpg 1920w\" sizes=\"(max-width: 450px) 100vw, 450px\" \/><\/p>\n<p>\/<strong>Bettina<\/strong><\/p>\n","protected":false},"excerpt":{"rendered":"<p>Vi v\u00e4ntar fortfarande p\u00e5 investeringsst\u00f6d p\u00e5 bygget. Det skulle vi f\u00e5 svar p\u00e5 efter semesterveckorna nu. S\u00e5 nu \u00e4r det v\u00e4l s\u00e5 dags. Vi har dock bokat snickare till januari ifall vi kan dra ig\u00e5ng och bygga en ny ladug\u00e5rd f\u00f6r 200 tjurar d\u00e5.\ud83d\udc02 Majli Det \u00e4r lite sv\u00e5rt med just planeringen av hur mycket&#8230;<\/p>\n","protected":false},"author":369,"featured_media":4529,"comment_status":"open","ping_status":"open","sticky":false,"template":"","format":"standard","meta":[],"categories":[1],"tags":[],"yoast_head":"<!-- This site is optimized with the Yoast SEO plugin v19.6 - https:\/\/yoast.com\/wordpress\/plugins\/seo\/ -->\n<title>Hur g\u00e5r det med nya ladug\u00e5rdsplanerna?\ud83e\udd14 \u00a0 - Gudhems gamla pr\u00e4stg\u00e5rd<\/title>\n<meta name=\"robots\" content=\"index, follow, max-snippet:-1, max-image-preview:large, max-video-preview:-1\" \/>\n<link rel=\"canonical\" href=\"https:\/\/blogg.atl.nu\/gudhems-gamla-prastgard\/2025\/08\/26\/hur-gar-det-med-nya-ladugardsplanerna\ud83e\udd14\/\" \/>\n<meta property=\"og:locale\" content=\"sv_SE\" \/>\n<meta property=\"og:type\" content=\"article\" \/>\n<meta property=\"og:title\" content=\"Hur g\u00e5r det med nya ladug\u00e5rdsplanerna?\ud83e\udd14 \u00a0 - Gudhems gamla pr\u00e4stg\u00e5rd\" \/>\n<meta property=\"og:description\" content=\"Vi v\u00e4ntar fortfarande p\u00e5 investeringsst\u00f6d p\u00e5 bygget. Det skulle vi f\u00e5 svar p\u00e5 efter semesterveckorna nu. S\u00e5 nu \u00e4r det v\u00e4l s\u00e5 dags. Vi har dock bokat snickare till januari ifall vi kan dra ig\u00e5ng och bygga en ny ladug\u00e5rd f\u00f6r 200 tjurar d\u00e5.\ud83d\udc02 Majli Det \u00e4r lite sv\u00e5rt med just planeringen av hur mycket...\" \/>\n<meta property=\"og:url\" content=\"https:\/\/blogg.atl.nu\/gudhems-gamla-prastgard\/2025\/08\/26\/hur-gar-det-med-nya-ladugardsplanerna\ud83e\udd14\/\" \/>\n<meta property=\"og:site_name\" content=\"Gudhems gamla pr\u00e4stg\u00e5rd\" \/>\n<meta property=\"article:published_time\" content=\"2025-08-26T18:07:54+00:00\" \/>\n<meta property=\"article:modified_time\" content=\"2025-08-26T19:03:40+00:00\" \/>\n<meta property=\"og:image\" content=\"https:\/\/blogg.atl.nu\/gudhems-gamla-prastgard\/wp-content\/uploads\/sites\/44\/2025\/08\/IMG_3653-scaled.jpg\" \/>\n\t<meta property=\"og:image:width\" content=\"2560\" \/>\n\t<meta property=\"og:image:height\" content=\"1706\" \/>\n\t<meta property=\"og:image:type\" content=\"image\/jpeg\" \/>\n<meta name=\"author\" content=\"Bettina Larsson\" \/>\n<meta name=\"twitter:card\" content=\"summary_large_image\" \/>\n<meta name=\"twitter:label1\" content=\"Skriven av\" \/>\n\t<meta name=\"twitter:data1\" content=\"Bettina Larsson\" \/>\n\t<meta name=\"twitter:label2\" content=\"Ber\u00e4knad l\u00e4stid\" \/>\n\t<meta name=\"twitter:data2\" content=\"7 minuter\" \/>\n<script type=\"application\/ld+json\" class=\"yoast-schema-graph\">{\"@context\":\"https:\/\/schema.org\",\"@graph\":[{\"@type\":\"WebPage\",\"@id\":\"https:\/\/blogg.atl.nu\/gudhems-gamla-prastgard\/2025\/08\/26\/hur-gar-det-med-nya-ladugardsplanerna%f0%9f%a4%94\/\",\"url\":\"https:\/\/blogg.atl.nu\/gudhems-gamla-prastgard\/2025\/08\/26\/hur-gar-det-med-nya-ladugardsplanerna%f0%9f%a4%94\/\",\"name\":\"Hur g\u00e5r det med nya ladug\u00e5rdsplanerna?\ud83e\udd14 \u00a0 - Gudhems gamla pr\u00e4stg\u00e5rd\",\"isPartOf\":{\"@id\":\"https:\/\/blogg.atl.nu\/gudhems-gamla-prastgard\/#website\"},\"datePublished\":\"2025-08-26T18:07:54+00:00\",\"dateModified\":\"2025-08-26T19:03:40+00:00\",\"author\":{\"@id\":\"https:\/\/blogg.atl.nu\/gudhems-gamla-prastgard\/#\/schema\/person\/e7e2f38dced67d8685891b5c63d6eed3\"},\"breadcrumb\":{\"@id\":\"https:\/\/blogg.atl.nu\/gudhems-gamla-prastgard\/2025\/08\/26\/hur-gar-det-med-nya-ladugardsplanerna%f0%9f%a4%94\/#breadcrumb\"},\"inLanguage\":\"sv-SE\",\"potentialAction\":[{\"@type\":\"ReadAction\",\"target\":[\"https:\/\/blogg.atl.nu\/gudhems-gamla-prastgard\/2025\/08\/26\/hur-gar-det-med-nya-ladugardsplanerna%f0%9f%a4%94\/\"]}]},{\"@type\":\"BreadcrumbList\",\"@id\":\"https:\/\/blogg.atl.nu\/gudhems-gamla-prastgard\/2025\/08\/26\/hur-gar-det-med-nya-ladugardsplanerna%f0%9f%a4%94\/#breadcrumb\",\"itemListElement\":[{\"@type\":\"ListItem\",\"position\":1,\"name\":\"Home\",\"item\":\"https:\/\/blogg.atl.nu\/gudhems-gamla-prastgard\/\"},{\"@type\":\"ListItem\",\"position\":2,\"name\":\"Hur g\u00e5r det med nya ladug\u00e5rdsplanerna?\ud83e\udd14 \u00a0\"}]},{\"@type\":\"WebSite\",\"@id\":\"https:\/\/blogg.atl.nu\/gudhems-gamla-prastgard\/#website\",\"url\":\"https:\/\/blogg.atl.nu\/gudhems-gamla-prastgard\/\",\"name\":\"Gudhems gamla pr\u00e4stg\u00e5rd\",\"description\":\"Bettina Larsson\",\"potentialAction\":[{\"@type\":\"SearchAction\",\"target\":{\"@type\":\"EntryPoint\",\"urlTemplate\":\"https:\/\/blogg.atl.nu\/gudhems-gamla-prastgard\/?s={search_term_string}\"},\"query-input\":\"required name=search_term_string\"}],\"inLanguage\":\"sv-SE\"},{\"@type\":\"Person\",\"@id\":\"https:\/\/blogg.atl.nu\/gudhems-gamla-prastgard\/#\/schema\/person\/e7e2f38dced67d8685891b5c63d6eed3\",\"name\":\"Bettina Larsson\",\"image\":{\"@type\":\"ImageObject\",\"inLanguage\":\"sv-SE\",\"@id\":\"https:\/\/blogg.atl.nu\/gudhems-gamla-prastgard\/#\/schema\/person\/image\/\",\"url\":\"https:\/\/secure.gravatar.com\/avatar\/6869a306b4facfbd79cb2e14dcda8857?s=96&d=mm&r=g\",\"contentUrl\":\"https:\/\/secure.gravatar.com\/avatar\/6869a306b4facfbd79cb2e14dcda8857?s=96&d=mm&r=g\",\"caption\":\"Bettina Larsson\"},\"url\":\"https:\/\/blogg.atl.nu\/gudhems-gamla-prastgard\/author\/bettina\/\"}]}<\/script>\n<!-- \/ Yoast SEO plugin. -->","yoast_head_json":{"title":"Hur g\u00e5r det med nya ladug\u00e5rdsplanerna?\ud83e\udd14 \u00a0 - Gudhems gamla pr\u00e4stg\u00e5rd","robots":{"index":"index","follow":"follow","max-snippet":"max-snippet:-1","max-image-preview":"max-image-preview:large","max-video-preview":"max-video-preview:-1"},"canonical":"https:\/\/blogg.atl.nu\/gudhems-gamla-prastgard\/2025\/08\/26\/hur-gar-det-med-nya-ladugardsplanerna\ud83e\udd14\/","og_locale":"sv_SE","og_type":"article","og_title":"Hur g\u00e5r det med nya ladug\u00e5rdsplanerna?\ud83e\udd14 \u00a0 - Gudhems gamla pr\u00e4stg\u00e5rd","og_description":"Vi v\u00e4ntar fortfarande p\u00e5 investeringsst\u00f6d p\u00e5 bygget. Det skulle vi f\u00e5 svar p\u00e5 efter semesterveckorna nu. S\u00e5 nu \u00e4r det v\u00e4l s\u00e5 dags. Vi har dock bokat snickare till januari ifall vi kan dra ig\u00e5ng och bygga en ny ladug\u00e5rd f\u00f6r 200 tjurar d\u00e5.\ud83d\udc02 Majli Det \u00e4r lite sv\u00e5rt med just planeringen av hur mycket...","og_url":"https:\/\/blogg.atl.nu\/gudhems-gamla-prastgard\/2025\/08\/26\/hur-gar-det-med-nya-ladugardsplanerna\ud83e\udd14\/","og_site_name":"Gudhems gamla pr\u00e4stg\u00e5rd","article_published_time":"2025-08-26T18:07:54+00:00","article_modified_time":"2025-08-26T19:03:40+00:00","og_image":[{"width":2560,"height":1706,"url":"https:\/\/blogg.atl.nu\/gudhems-gamla-prastgard\/wp-content\/uploads\/sites\/44\/2025\/08\/IMG_3653-scaled.jpg","type":"image\/jpeg"}],"author":"Bettina Larsson","twitter_card":"summary_large_image","twitter_misc":{"Skriven av":"Bettina Larsson","Ber\u00e4knad l\u00e4stid":"7 minuter"},"schema":{"@context":"https:\/\/schema.org","@graph":[{"@type":"WebPage","@id":"https:\/\/blogg.atl.nu\/gudhems-gamla-prastgard\/2025\/08\/26\/hur-gar-det-med-nya-ladugardsplanerna%f0%9f%a4%94\/","url":"https:\/\/blogg.atl.nu\/gudhems-gamla-prastgard\/2025\/08\/26\/hur-gar-det-med-nya-ladugardsplanerna%f0%9f%a4%94\/","name":"Hur g\u00e5r det med nya ladug\u00e5rdsplanerna?\ud83e\udd14 \u00a0 - Gudhems gamla pr\u00e4stg\u00e5rd","isPartOf":{"@id":"https:\/\/blogg.atl.nu\/gudhems-gamla-prastgard\/#website"},"datePublished":"2025-08-26T18:07:54+00:00","dateModified":"2025-08-26T19:03:40+00:00","author":{"@id":"https:\/\/blogg.atl.nu\/gudhems-gamla-prastgard\/#\/schema\/person\/e7e2f38dced67d8685891b5c63d6eed3"},"breadcrumb":{"@id":"https:\/\/blogg.atl.nu\/gudhems-gamla-prastgard\/2025\/08\/26\/hur-gar-det-med-nya-ladugardsplanerna%f0%9f%a4%94\/#breadcrumb"},"inLanguage":"sv-SE","potentialAction":[{"@type":"ReadAction","target":["https:\/\/blogg.atl.nu\/gudhems-gamla-prastgard\/2025\/08\/26\/hur-gar-det-med-nya-ladugardsplanerna%f0%9f%a4%94\/"]}]},{"@type":"BreadcrumbList","@id":"https:\/\/blogg.atl.nu\/gudhems-gamla-prastgard\/2025\/08\/26\/hur-gar-det-med-nya-ladugardsplanerna%f0%9f%a4%94\/#breadcrumb","itemListElement":[{"@type":"ListItem","position":1,"name":"Home","item":"https:\/\/blogg.atl.nu\/gudhems-gamla-prastgard\/"},{"@type":"ListItem","position":2,"name":"Hur g\u00e5r det med nya ladug\u00e5rdsplanerna?\ud83e\udd14 \u00a0"}]},{"@type":"WebSite","@id":"https:\/\/blogg.atl.nu\/gudhems-gamla-prastgard\/#website","url":"https:\/\/blogg.atl.nu\/gudhems-gamla-prastgard\/","name":"Gudhems gamla pr\u00e4stg\u00e5rd","description":"Bettina Larsson","potentialAction":[{"@type":"SearchAction","target":{"@type":"EntryPoint","urlTemplate":"https:\/\/blogg.atl.nu\/gudhems-gamla-prastgard\/?s={search_term_string}"},"query-input":"required name=search_term_string"}],"inLanguage":"sv-SE"},{"@type":"Person","@id":"https:\/\/blogg.atl.nu\/gudhems-gamla-prastgard\/#\/schema\/person\/e7e2f38dced67d8685891b5c63d6eed3","name":"Bettina Larsson","image":{"@type":"ImageObject","inLanguage":"sv-SE","@id":"https:\/\/blogg.atl.nu\/gudhems-gamla-prastgard\/#\/schema\/person\/image\/","url":"https:\/\/secure.gravatar.com\/avatar\/6869a306b4facfbd79cb2e14dcda8857?s=96&d=mm&r=g","contentUrl":"https:\/\/secure.gravatar.com\/avatar\/6869a306b4facfbd79cb2e14dcda8857?s=96&d=mm&r=g","caption":"Bettina Larsson"},"url":"https:\/\/blogg.atl.nu\/gudhems-gamla-prastgard\/author\/bettina\/"}]}},"_links":{"self":[{"href":"https:\/\/blogg.atl.nu\/gudhems-gamla-prastgard\/wp-json\/wp\/v2\/posts\/4523"}],"collection":[{"href":"https:\/\/blogg.atl.nu\/gudhems-gamla-prastgard\/wp-json\/wp\/v2\/posts"}],"about":[{"href":"https:\/\/blogg.atl.nu\/gudhems-gamla-prastgard\/wp-json\/wp\/v2\/types\/post"}],"author":[{"embeddable":true,"href":"https:\/\/blogg.atl.nu\/gudhems-gamla-prastgard\/wp-json\/wp\/v2\/users\/369"}],"replies":[{"embeddable":true,"href":"https:\/\/blogg.atl.nu\/gudhems-gamla-prastgard\/wp-json\/wp\/v2\/comments?post=4523"}],"version-history":[{"count":3,"href":"https:\/\/blogg.atl.nu\/gudhems-gamla-prastgard\/wp-json\/wp\/v2\/posts\/4523\/revisions"}],"predecessor-version":[{"id":4555,"href":"https:\/\/blogg.atl.nu\/gudhems-gamla-prastgard\/wp-json\/wp\/v2\/posts\/4523\/revisions\/4555"}],"wp:featuredmedia":[{"embeddable":true,"href":"https:\/\/blogg.atl.nu\/gudhems-gamla-prastgard\/wp-json\/wp\/v2\/media\/4529"}],"wp:attachment":[{"href":"https:\/\/blogg.atl.nu\/gudhems-gamla-prastgard\/wp-json\/wp\/v2\/media?parent=4523"}],"wp:term":[{"taxonomy":"category","embeddable":true,"href":"https:\/\/blogg.atl.nu\/gudhems-gamla-prastgard\/wp-json\/wp\/v2\/categories?post=4523"},{"taxonomy":"post_tag","embeddable":true,"href":"https:\/\/blogg.atl.nu\/gudhems-gamla-prastgard\/wp-json\/wp\/v2\/tags?post=4523"}],"curies":[{"name":"wp","href":"https:\/\/api.w.org\/{rel}","templated":true}]}}